{"id":27983,"date":"2023-10-13T17:35:29","date_gmt":"2023-10-13T20:35:29","guid":{"rendered":"https:\/\/juacontecimentos.com.br\/site\/?p=27983"},"modified":"2023-10-13T17:38:53","modified_gmt":"2023-10-13T20:38:53","slug":"o-terceiro-maior-erro-politico-cometido-por-marconi-desde-2018","status":"publish","type":"post","link":"https:\/\/juacontecimentos.com.br\/site\/o-terceiro-maior-erro-politico-cometido-por-marconi-desde-2018\/","title":{"rendered":"O terceiro maior erro pol\u00edtico cometido por Marconi desde 2018"},"content":{"rendered":"<div id=\"attachment_27984\" style=\"width: 976px\" class=\"wp-caption alignnone\"><img loading=\"lazy\" decoding=\"async\" aria-describedby=\"caption-attachment-27984\" class=\" wp-image-27984\" src=\"https:\/\/juacontecimentos.com.br\/site\/wp-content\/uploads\/2023\/10\/ggggggggggggggggg-1024x541.jpg\" alt=\"\" width=\"966\" height=\"510\" srcset=\"https:\/\/juacontecimentos.com.br\/site\/wp-content\/uploads\/2023\/10\/ggggggggggggggggg-1024x541.jpg 1024w, https:\/\/juacontecimentos.com.br\/site\/wp-content\/uploads\/2023\/10\/ggggggggggggggggg-300x159.jpg 300w, https:\/\/juacontecimentos.com.br\/site\/wp-content\/uploads\/2023\/10\/ggggggggggggggggg-768x406.jpg 768w, https:\/\/juacontecimentos.com.br\/site\/wp-content\/uploads\/2023\/10\/ggggggggggggggggg.jpg 1173w\" sizes=\"auto, (max-width: 966px) 100vw, 966px\" \/><p id=\"caption-attachment-27984\" class=\"wp-caption-text\">Marconi pode n\u00e3o sobreviver \u00e0 sua nova \u201cousadia\u201d: tentativa de impedir a constru\u00e7\u00e3o do CORA \u00e9 suic\u00eddio pol\u00edtico. (Foto: Reprodu\u00e7\u00e3o)<\/p><\/div>\n<p>Em 2018, ent\u00e3o como l\u00edder maior do PSDB, na \u00e9poca ainda um dos principais partidos de Goi\u00e1s, o ex-governador Marconi Perillo cometeu um erro fatal para si pr\u00f3prio e para o os tucanos em geral: lan\u00e7ou um candidato sem densidade eleitoral para o governo do Estado, no caso o ent\u00e3o governador em exerc\u00edcio Jos\u00e9 Eliton (que, antes, havia sido vice-governador de Marconi por dois mandatos).<\/p>\n<p>Gente gra\u00fada do sistema de poder da \u00e9poca, como o ex-deputado federal Vilmar Rocha, alertou em voz alta para a inconsist\u00eancia da chapa do PSDB, tendo na cabe\u00e7a uma n\u00e3o-lideran\u00e7a que acabaria perdendo e enterrando a sigla em uma cova bem funda. \u00c9liton ficou em 3\u00ba lugar, apesar da m\u00e1quina a seu favor, atr\u00e1s de Ronaldo Caiado, o grande vencedor, e do emedebista Daniel Vilela. Marconi, para o Senado, ficou em 5\u00ba\u05bb lugar.<\/p>\n<p>O segundo erro grave veio em 2022: Marconi avaliou mal o cen\u00e1rio e se lan\u00e7ou candidato ao Senado, quando tudo indicava que deveria concorrer a uma vaga 100% segura na C\u00e2mara Federal. O equ\u00edvoco custou um novo fiasco, empurrando o ex-governador para a margem da pol\u00edtica estadual, com o PSDB reduzido a p\u00f3 de traque e completamente ausente da mesa de decis\u00f5es sobre o poder em Goi\u00e1s.<\/p>\n<p>Agora, nessa sequ\u00eancia de escorreg\u00f5es, Marconi acaba de cair em mais um, o terceiro em ordem de import\u00e2ncia desde o come\u00e7o da sua derrocada, em 2018: faz de tudo, com a\u00e7\u00f5es no Tribunal de Contas e no Minist\u00e9rio P\u00fablico, para impedir a constru\u00e7\u00e3o do Hospital do C\u00e2ncer, cuja etapa inicial cuidar\u00e1 dotratamento de crian\u00e7as. Faz alega\u00e7\u00f5es diversas, como a de n\u00e3o concordar com o sistema legal que permitiu a Funda\u00e7\u00e3o Pio XII, gestora de um dos maiores hospitais do tipo no pa\u00eds, o de Barretos, no comando da implanta\u00e7\u00e3o do CORA. Mas o que fica \u00e9 que ele, Marconi, \u00e9 contra e se esfor\u00e7a para atrapalhar, prejudicando todos aqueles que futuramente poderiam receber atendimento na unidade caso consiga seu objetivo de liquidar o projeto. Est\u00e1, na verdade, \u00e9 liquidando em definitivo a sua carreira.<\/p>\n<p>Fonte: Poder \/ Jos\u00e9 Luiz Bittencourt<br \/>\n<\/p>\n","protected":false},"excerpt":{"rendered":"<p>Em 2018, ent\u00e3o como l\u00edder maior do PSDB, na \u00e9poca ainda um dos principais partidos de Goi\u00e1s, o ex-governador Marconi Perillo cometeu um erro fatal para si pr\u00f3prio e para o os tucanos em geral: lan\u00e7ou um candidato sem densidade eleitoral para o governo do Estado, no caso o ent\u00e3o governador em exerc\u00edcio Jos\u00e9 Eliton<\/p>\n","protected":false},"author":2,"featured_media":27984,"comment_status":"open","ping_status":"open","sticky":false,"template":"","format":"standard","meta":{"footnotes":""},"categories":[27,22,26,23],"tags":[],"class_list":["post-27983","post","type-post","status-publish","format-standard","has-post-thumbnail","hentry","category-brasil","category-catalao","category-destaque","category-goias"],"yoast_head":"<!-- This site is optimized with the Yoast SEO plugin v25.8 - https:\/\/yoast.com\/wordpress\/plugins\/seo\/ -->\n<title>O terceiro maior erro pol\u00edtico cometido por Marconi desde 2018 - Jornal Ultimos Acontecimentos<\/title>\n<meta name=\"robots\" content=\"index, follow, max-snippet:-1, max-image-preview:large, max-video-preview:-1\" \/>\n<link rel=\"canonical\" href=\"https:\/\/juacontecimentos.com.br\/site\/o-terceiro-maior-erro-politico-cometido-por-marconi-desde-2018\/\" \/>\n<meta property=\"og:locale\" content=\"pt_BR\" \/>\n<meta property=\"og:type\" content=\"article\" \/>\n<meta property=\"og:title\" content=\"O terceiro maior erro pol\u00edtico cometido por Marconi desde 2018 - Jornal Ultimos Acontecimentos\" \/>\n<meta property=\"og:description\" content=\"Em 2018, ent\u00e3o como l\u00edder maior do PSDB, na \u00e9poca ainda um dos principais partidos de Goi\u00e1s, o ex-governador Marconi Perillo cometeu um erro fatal para si pr\u00f3prio e para o os tucanos em geral: lan\u00e7ou um candidato sem densidade eleitoral para o governo do Estado, no caso o ent\u00e3o governador em exerc\u00edcio Jos\u00e9 Eliton\" \/>\n<meta property=\"og:url\" content=\"https:\/\/juacontecimentos.com.br\/site\/o-terceiro-maior-erro-politico-cometido-por-marconi-desde-2018\/\" \/>\n<meta property=\"og:site_name\" content=\"Jornal Ultimos Acontecimentos\" \/>\n<meta property=\"article:publisher\" content=\"https:\/\/www.facebook.com\/jultimosacontecimentos\/\" \/>\n<meta property=\"article:published_time\" content=\"2023-10-13T20:35:29+00:00\" \/>\n<meta property=\"article:modified_time\" content=\"2023-10-13T20:38:53+00:00\" \/>\n<meta property=\"og:image\" content=\"https:\/\/juacontecimentos.com.br\/site\/wp-content\/uploads\/2023\/10\/ggggggggggggggggg.jpg\" \/>\n\t<meta property=\"og:image:width\" content=\"1173\" \/>\n\t<meta property=\"og:image:height\" content=\"620\" \/>\n\t<meta property=\"og:image:type\" content=\"image\/jpeg\" \/>\n<meta name=\"author\" content=\"Reginaldo Ribeiro\" \/>\n<meta name=\"twitter:card\" content=\"summary_large_image\" \/>\n<meta name=\"twitter:label1\" content=\"Escrito por\" \/>\n\t<meta name=\"twitter:data1\" content=\"Reginaldo Ribeiro\" \/>\n\t<meta name=\"twitter:label2\" content=\"Est. tempo de leitura\" \/>\n\t<meta name=\"twitter:data2\" content=\"2 minutos\" \/>\n<script type=\"application\/ld+json\" class=\"yoast-schema-graph\">{\"@context\":\"https:\/\/schema.org\",\"@graph\":[{\"@type\":\"Article\",\"@id\":\"https:\/\/juacontecimentos.com.br\/site\/o-terceiro-maior-erro-politico-cometido-por-marconi-desde-2018\/#article\",\"isPartOf\":{\"@id\":\"https:\/\/juacontecimentos.com.br\/site\/o-terceiro-maior-erro-politico-cometido-por-marconi-desde-2018\/\"},\"author\":{\"name\":\"Reginaldo Ribeiro\",\"@id\":\"https:\/\/juacontecimentos.com.br\/site\/#\/schema\/person\/082a54e6d3fdd7a633291428521c9669\"},\"headline\":\"O terceiro maior erro pol\u00edtico cometido por Marconi desde 2018\",\"datePublished\":\"2023-10-13T20:35:29+00:00\",\"dateModified\":\"2023-10-13T20:38:53+00:00\",\"mainEntityOfPage\":{\"@id\":\"https:\/\/juacontecimentos.com.br\/site\/o-terceiro-maior-erro-politico-cometido-por-marconi-desde-2018\/\"},\"wordCount\":412,\"commentCount\":0,\"publisher\":{\"@id\":\"https:\/\/juacontecimentos.com.br\/site\/#organization\"},\"image\":{\"@id\":\"https:\/\/juacontecimentos.com.br\/site\/o-terceiro-maior-erro-politico-cometido-por-marconi-desde-2018\/#primaryimage\"},\"thumbnailUrl\":\"https:\/\/juacontecimentos.com.br\/site\/wp-content\/uploads\/2023\/10\/ggggggggggggggggg.jpg\",\"articleSection\":[\"Brasil\",\"Catal\u00e3o\",\"Destaque\",\"Goi\u00e1s\"],\"inLanguage\":\"pt-BR\"},{\"@type\":\"WebPage\",\"@id\":\"https:\/\/juacontecimentos.com.br\/site\/o-terceiro-maior-erro-politico-cometido-por-marconi-desde-2018\/\",\"url\":\"https:\/\/juacontecimentos.com.br\/site\/o-terceiro-maior-erro-politico-cometido-por-marconi-desde-2018\/\",\"name\":\"O terceiro maior erro pol\u00edtico cometido por Marconi desde 2018 - Jornal Ultimos Acontecimentos\",\"isPartOf\":{\"@id\":\"https:\/\/juacontecimentos.com.br\/site\/#website\"},\"primaryImageOfPage\":{\"@id\":\"https:\/\/juacontecimentos.com.br\/site\/o-terceiro-maior-erro-politico-cometido-por-marconi-desde-2018\/#primaryimage\"},\"image\":{\"@id\":\"https:\/\/juacontecimentos.com.br\/site\/o-terceiro-maior-erro-politico-cometido-por-marconi-desde-2018\/#primaryimage\"},\"thumbnailUrl\":\"https:\/\/juacontecimentos.com.br\/site\/wp-content\/uploads\/2023\/10\/ggggggggggggggggg.jpg\",\"datePublished\":\"2023-10-13T20:35:29+00:00\",\"dateModified\":\"2023-10-13T20:38:53+00:00\",\"breadcrumb\":{\"@id\":\"https:\/\/juacontecimentos.com.br\/site\/o-terceiro-maior-erro-politico-cometido-por-marconi-desde-2018\/#breadcrumb\"},\"inLanguage\":\"pt-BR\",\"potentialAction\":[{\"@type\":\"ReadAction\",\"target\":[\"https:\/\/juacontecimentos.com.br\/site\/o-terceiro-maior-erro-politico-cometido-por-marconi-desde-2018\/\"]}]},{\"@type\":\"ImageObject\",\"inLanguage\":\"pt-BR\",\"@id\":\"https:\/\/juacontecimentos.com.br\/site\/o-terceiro-maior-erro-politico-cometido-por-marconi-desde-2018\/#primaryimage\",\"url\":\"https:\/\/juacontecimentos.com.br\/site\/wp-content\/uploads\/2023\/10\/ggggggggggggggggg.jpg\",\"contentUrl\":\"https:\/\/juacontecimentos.com.br\/site\/wp-content\/uploads\/2023\/10\/ggggggggggggggggg.jpg\",\"width\":1173,\"height\":620,\"caption\":\"Marconi pode n\u00e3o sobreviver \u00e0 sua nova \u201cousadia\u201d: tentativa de impedir a constru\u00e7\u00e3o do CORA \u00e9 suic\u00eddio pol\u00edtico. (Foto: Reprodu\u00e7\u00e3o)\"},{\"@type\":\"BreadcrumbList\",\"@id\":\"https:\/\/juacontecimentos.com.br\/site\/o-terceiro-maior-erro-politico-cometido-por-marconi-desde-2018\/#breadcrumb\",\"itemListElement\":[{\"@type\":\"ListItem\",\"position\":1,\"name\":\"In\u00edcio\",\"item\":\"https:\/\/juacontecimentos.com.br\/site\/\"},{\"@type\":\"ListItem\",\"position\":2,\"name\":\"O terceiro maior erro pol\u00edtico cometido por Marconi desde 2018\"}]},{\"@type\":\"WebSite\",\"@id\":\"https:\/\/juacontecimentos.com.br\/site\/#website\",\"url\":\"https:\/\/juacontecimentos.com.br\/site\/\",\"name\":\"Jornal Ultimos Acontecimentos\",\"description\":\"Catal\u00e3o e regi\u00e3o\",\"publisher\":{\"@id\":\"https:\/\/juacontecimentos.com.br\/site\/#organization\"},\"potentialAction\":[{\"@type\":\"SearchAction\",\"target\":{\"@type\":\"EntryPoint\",\"urlTemplate\":\"https:\/\/juacontecimentos.com.br\/site\/?s={search_term_string}\"},\"query-input\":{\"@type\":\"PropertyValueSpecification\",\"valueRequired\":true,\"valueName\":\"search_term_string\"}}],\"inLanguage\":\"pt-BR\"},{\"@type\":\"Organization\",\"@id\":\"https:\/\/juacontecimentos.com.br\/site\/#organization\",\"name\":\"Jornal Ultimos Acontecimentos\",\"url\":\"https:\/\/juacontecimentos.com.br\/site\/\",\"logo\":{\"@type\":\"ImageObject\",\"inLanguage\":\"pt-BR\",\"@id\":\"https:\/\/juacontecimentos.com.br\/site\/#\/schema\/logo\/image\/\",\"url\":\"https:\/\/juacontecimentos.com.br\/site\/wp-content\/uploads\/2023\/04\/Logo_Site.png\",\"contentUrl\":\"https:\/\/juacontecimentos.com.br\/site\/wp-content\/uploads\/2023\/04\/Logo_Site.png\",\"width\":2476,\"height\":530,\"caption\":\"Jornal Ultimos Acontecimentos\"},\"image\":{\"@id\":\"https:\/\/juacontecimentos.com.br\/site\/#\/schema\/logo\/image\/\"},\"sameAs\":[\"https:\/\/www.facebook.com\/jultimosacontecimentos\/\"]},{\"@type\":\"Person\",\"@id\":\"https:\/\/juacontecimentos.com.br\/site\/#\/schema\/person\/082a54e6d3fdd7a633291428521c9669\",\"name\":\"Reginaldo Ribeiro\",\"image\":{\"@type\":\"ImageObject\",\"inLanguage\":\"pt-BR\",\"@id\":\"https:\/\/juacontecimentos.com.br\/site\/#\/schema\/person\/image\/\",\"url\":\"https:\/\/secure.gravatar.com\/avatar\/5c16c6837c3490270a74d888c2a845728f06bdde1f8761de1de1d1d1ef82d12f?s=96&d=mm&r=g\",\"contentUrl\":\"https:\/\/secure.gravatar.com\/avatar\/5c16c6837c3490270a74d888c2a845728f06bdde1f8761de1de1d1d1ef82d12f?s=96&d=mm&r=g\",\"caption\":\"Reginaldo Ribeiro\"}}]}<\/script>\n<!-- \/ Yoast SEO plugin. -->","yoast_head_json":{"title":"O terceiro maior erro pol\u00edtico cometido por Marconi desde 2018 - Jornal Ultimos Acontecimentos","robots":{"index":"index","follow":"follow","max-snippet":"max-snippet:-1","max-image-preview":"max-image-preview:large","max-video-preview":"max-video-preview:-1"},"canonical":"https:\/\/juacontecimentos.com.br\/site\/o-terceiro-maior-erro-politico-cometido-por-marconi-desde-2018\/","og_locale":"pt_BR","og_type":"article","og_title":"O terceiro maior erro pol\u00edtico cometido por Marconi desde 2018 - Jornal Ultimos Acontecimentos","og_description":"Em 2018, ent\u00e3o como l\u00edder maior do PSDB, na \u00e9poca ainda um dos principais partidos de Goi\u00e1s, o ex-governador Marconi Perillo cometeu um erro fatal para si pr\u00f3prio e para o os tucanos em geral: lan\u00e7ou um candidato sem densidade eleitoral para o governo do Estado, no caso o ent\u00e3o governador em exerc\u00edcio Jos\u00e9 Eliton","og_url":"https:\/\/juacontecimentos.com.br\/site\/o-terceiro-maior-erro-politico-cometido-por-marconi-desde-2018\/","og_site_name":"Jornal Ultimos Acontecimentos","article_publisher":"https:\/\/www.facebook.com\/jultimosacontecimentos\/","article_published_time":"2023-10-13T20:35:29+00:00","article_modified_time":"2023-10-13T20:38:53+00:00","og_image":[{"width":1173,"height":620,"url":"https:\/\/juacontecimentos.com.br\/site\/wp-content\/uploads\/2023\/10\/ggggggggggggggggg.jpg","type":"image\/jpeg"}],"author":"Reginaldo Ribeiro","twitter_card":"summary_large_image","twitter_misc":{"Escrito por":"Reginaldo Ribeiro","Est. tempo de leitura":"2 minutos"},"schema":{"@context":"https:\/\/schema.org","@graph":[{"@type":"Article","@id":"https:\/\/juacontecimentos.com.br\/site\/o-terceiro-maior-erro-politico-cometido-por-marconi-desde-2018\/#article","isPartOf":{"@id":"https:\/\/juacontecimentos.com.br\/site\/o-terceiro-maior-erro-politico-cometido-por-marconi-desde-2018\/"},"author":{"name":"Reginaldo Ribeiro","@id":"https:\/\/juacontecimentos.com.br\/site\/#\/schema\/person\/082a54e6d3fdd7a633291428521c9669"},"headline":"O terceiro maior erro pol\u00edtico cometido por Marconi desde 2018","datePublished":"2023-10-13T20:35:29+00:00","dateModified":"2023-10-13T20:38:53+00:00","mainEntityOfPage":{"@id":"https:\/\/juacontecimentos.com.br\/site\/o-terceiro-maior-erro-politico-cometido-por-marconi-desde-2018\/"},"wordCount":412,"commentCount":0,"publisher":{"@id":"https:\/\/juacontecimentos.com.br\/site\/#organization"},"image":{"@id":"https:\/\/juacontecimentos.com.br\/site\/o-terceiro-maior-erro-politico-cometido-por-marconi-desde-2018\/#primaryimage"},"thumbnailUrl":"https:\/\/juacontecimentos.com.br\/site\/wp-content\/uploads\/2023\/10\/ggggggggggggggggg.jpg","articleSection":["Brasil","Catal\u00e3o","Destaque","Goi\u00e1s"],"inLanguage":"pt-BR"},{"@type":"WebPage","@id":"https:\/\/juacontecimentos.com.br\/site\/o-terceiro-maior-erro-politico-cometido-por-marconi-desde-2018\/","url":"https:\/\/juacontecimentos.com.br\/site\/o-terceiro-maior-erro-politico-cometido-por-marconi-desde-2018\/","name":"O terceiro maior erro pol\u00edtico cometido por Marconi desde 2018 - Jornal Ultimos Acontecimentos","isPartOf":{"@id":"https:\/\/juacontecimentos.com.br\/site\/#website"},"primaryImageOfPage":{"@id":"https:\/\/juacontecimentos.com.br\/site\/o-terceiro-maior-erro-politico-cometido-por-marconi-desde-2018\/#primaryimage"},"image":{"@id":"https:\/\/juacontecimentos.com.br\/site\/o-terceiro-maior-erro-politico-cometido-por-marconi-desde-2018\/#primaryimage"},"thumbnailUrl":"https:\/\/juacontecimentos.com.br\/site\/wp-content\/uploads\/2023\/10\/ggggggggggggggggg.jpg","datePublished":"2023-10-13T20:35:29+00:00","dateModified":"2023-10-13T20:38:53+00:00","breadcrumb":{"@id":"https:\/\/juacontecimentos.com.br\/site\/o-terceiro-maior-erro-politico-cometido-por-marconi-desde-2018\/#breadcrumb"},"inLanguage":"pt-BR","potentialAction":[{"@type":"ReadAction","target":["https:\/\/juacontecimentos.com.br\/site\/o-terceiro-maior-erro-politico-cometido-por-marconi-desde-2018\/"]}]},{"@type":"ImageObject","inLanguage":"pt-BR","@id":"https:\/\/juacontecimentos.com.br\/site\/o-terceiro-maior-erro-politico-cometido-por-marconi-desde-2018\/#primaryimage","url":"https:\/\/juacontecimentos.com.br\/site\/wp-content\/uploads\/2023\/10\/ggggggggggggggggg.jpg","contentUrl":"https:\/\/juacontecimentos.com.br\/site\/wp-content\/uploads\/2023\/10\/ggggggggggggggggg.jpg","width":1173,"height":620,"caption":"Marconi pode n\u00e3o sobreviver \u00e0 sua nova \u201cousadia\u201d: tentativa de impedir a constru\u00e7\u00e3o do CORA \u00e9 suic\u00eddio pol\u00edtico. (Foto: Reprodu\u00e7\u00e3o)"},{"@type":"BreadcrumbList","@id":"https:\/\/juacontecimentos.com.br\/site\/o-terceiro-maior-erro-politico-cometido-por-marconi-desde-2018\/#breadcrumb","itemListElement":[{"@type":"ListItem","position":1,"name":"In\u00edcio","item":"https:\/\/juacontecimentos.com.br\/site\/"},{"@type":"ListItem","position":2,"name":"O terceiro maior erro pol\u00edtico cometido por Marconi desde 2018"}]},{"@type":"WebSite","@id":"https:\/\/juacontecimentos.com.br\/site\/#website","url":"https:\/\/juacontecimentos.com.br\/site\/","name":"Jornal Ultimos Acontecimentos","description":"Catal\u00e3o e regi\u00e3o","publisher":{"@id":"https:\/\/juacontecimentos.com.br\/site\/#organization"},"potentialAction":[{"@type":"SearchAction","target":{"@type":"EntryPoint","urlTemplate":"https:\/\/juacontecimentos.com.br\/site\/?s={search_term_string}"},"query-input":{"@type":"PropertyValueSpecification","valueRequired":true,"valueName":"search_term_string"}}],"inLanguage":"pt-BR"},{"@type":"Organization","@id":"https:\/\/juacontecimentos.com.br\/site\/#organization","name":"Jornal Ultimos Acontecimentos","url":"https:\/\/juacontecimentos.com.br\/site\/","logo":{"@type":"ImageObject","inLanguage":"pt-BR","@id":"https:\/\/juacontecimentos.com.br\/site\/#\/schema\/logo\/image\/","url":"https:\/\/juacontecimentos.com.br\/site\/wp-content\/uploads\/2023\/04\/Logo_Site.png","contentUrl":"https:\/\/juacontecimentos.com.br\/site\/wp-content\/uploads\/2023\/04\/Logo_Site.png","width":2476,"height":530,"caption":"Jornal Ultimos Acontecimentos"},"image":{"@id":"https:\/\/juacontecimentos.com.br\/site\/#\/schema\/logo\/image\/"},"sameAs":["https:\/\/www.facebook.com\/jultimosacontecimentos\/"]},{"@type":"Person","@id":"https:\/\/juacontecimentos.com.br\/site\/#\/schema\/person\/082a54e6d3fdd7a633291428521c9669","name":"Reginaldo Ribeiro","image":{"@type":"ImageObject","inLanguage":"pt-BR","@id":"https:\/\/juacontecimentos.com.br\/site\/#\/schema\/person\/image\/","url":"https:\/\/secure.gravatar.com\/avatar\/5c16c6837c3490270a74d888c2a845728f06bdde1f8761de1de1d1d1ef82d12f?s=96&d=mm&r=g","contentUrl":"https:\/\/secure.gravatar.com\/avatar\/5c16c6837c3490270a74d888c2a845728f06bdde1f8761de1de1d1d1ef82d12f?s=96&d=mm&r=g","caption":"Reginaldo Ribeiro"}}]}},"_links":{"self":[{"href":"https:\/\/juacontecimentos.com.br\/site\/wp-json\/wp\/v2\/posts\/27983","targetHints":{"allow":["GET"]}}],"collection":[{"href":"https:\/\/juacontecimentos.com.br\/site\/wp-json\/wp\/v2\/posts"}],"about":[{"href":"https:\/\/juacontecimentos.com.br\/site\/wp-json\/wp\/v2\/types\/post"}],"author":[{"embeddable":true,"href":"https:\/\/juacontecimentos.com.br\/site\/wp-json\/wp\/v2\/users\/2"}],"replies":[{"embeddable":true,"href":"https:\/\/juacontecimentos.com.br\/site\/wp-json\/wp\/v2\/comments?post=27983"}],"version-history":[{"count":3,"href":"https:\/\/juacontecimentos.com.br\/site\/wp-json\/wp\/v2\/posts\/27983\/revisions"}],"predecessor-version":[{"id":27987,"href":"https:\/\/juacontecimentos.com.br\/site\/wp-json\/wp\/v2\/posts\/27983\/revisions\/27987"}],"wp:featuredmedia":[{"embeddable":true,"href":"https:\/\/juacontecimentos.com.br\/site\/wp-json\/wp\/v2\/media\/27984"}],"wp:attachment":[{"href":"https:\/\/juacontecimentos.com.br\/site\/wp-json\/wp\/v2\/media?parent=27983"}],"wp:term":[{"taxonomy":"category","embeddable":true,"href":"https:\/\/juacontecimentos.com.br\/site\/wp-json\/wp\/v2\/categories?post=27983"},{"taxonomy":"post_tag","embeddable":true,"href":"https:\/\/juacontecimentos.com.br\/site\/wp-json\/wp\/v2\/tags?post=27983"}],"curies":[{"name":"wp","href":"https:\/\/api.w.org\/{rel}","templated":true}]}}