{"id":28006,"date":"2023-10-13T17:58:59","date_gmt":"2023-10-13T20:58:59","guid":{"rendered":"https:\/\/juacontecimentos.com.br\/site\/?p=28006"},"modified":"2023-10-13T18:02:11","modified_gmt":"2023-10-13T21:02:11","slug":"proposituras-de-gustavo-sebba-que-tratam-de-assuntos-sobre-educacao-e-empregabilidade-tramitam-na-casa-de-leis","status":"publish","type":"post","link":"https:\/\/juacontecimentos.com.br\/site\/proposituras-de-gustavo-sebba-que-tratam-de-assuntos-sobre-educacao-e-empregabilidade-tramitam-na-casa-de-leis\/","title":{"rendered":"Proposituras de Gustavo Sebba que tratam de assuntos sobre educa\u00e7\u00e3o e empregabilidade tramitam na Casa de Leis"},"content":{"rendered":"<div id=\"attachment_28008\" style=\"width: 1021px\" class=\"wp-caption alignnone\"><img loading=\"lazy\" decoding=\"async\" aria-describedby=\"caption-attachment-28008\" class=\" wp-image-28008\" src=\"https:\/\/juacontecimentos.com.br\/site\/wp-content\/uploads\/2023\/10\/oooooooo-1024x581.jpg\" alt=\"\" width=\"1011\" height=\"574\" srcset=\"https:\/\/juacontecimentos.com.br\/site\/wp-content\/uploads\/2023\/10\/oooooooo-1024x581.jpg 1024w, https:\/\/juacontecimentos.com.br\/site\/wp-content\/uploads\/2023\/10\/oooooooo-300x170.jpg 300w, https:\/\/juacontecimentos.com.br\/site\/wp-content\/uploads\/2023\/10\/oooooooo-768x436.jpg 768w\" sizes=\"auto, (max-width: 1011px) 100vw, 1011px\" \/><p id=\"caption-attachment-28008\" class=\"wp-caption-text\">Tr\u00eas projetos de lei de autoria do deputado Gustavo Sebba (PSDB) tramitam pela Comiss\u00e3o de Constitui\u00e7\u00e3o, Justi\u00e7a e Reda\u00e7\u00e3o (CCJ) da Assembleia Legislativa de Goi\u00e1s (Alego). Foto ivuulga\u00e7\u00e3o<\/p><\/div>\n\nTr\u00eas projetos de lei de autoria do deputado Gustavo Sebba (PSDB) tramitam pela Comiss\u00e3o de Constitui\u00e7\u00e3o, Justi\u00e7a e Reda\u00e7\u00e3o (CCJ) da Assembleia Legislativa de Goi\u00e1s (Alego). Uma das mat\u00e9rias destina educa\u00e7\u00e3o especial e inclusiva aos alunos neurodivergentes de Goi\u00e1s. Outra garante incentivo \u00e0 empregabilidade de mulheres acima de 50 anos. A terceira e \u00faltima proposta disp\u00f5e sobre a conscientiza\u00e7\u00e3o e combate ao relacionamento abusivo.A primeira das tr\u00eas propostas citadas tramita, na Casa, com\u00a0<strong>n\u00b0 2065\/23<\/strong>. A propositura abrange estabelecimentos de ensino p\u00fablicos e privados em Goi\u00e1s. A medida apresenta, como primeiro objetivo, oferecer oportunidades educacionais adequadas, por meio do provimento de aten\u00e7\u00e3o individualizada \u00e0s necessidades dos educandos em pauta.<\/p>\n<p>Nesse sentido, na justificativa do projeto, Sebba defende que o acesso \u00e0 educa\u00e7\u00e3o deve ser democratizado ao m\u00e1ximo, e, por esse motivo, toda a estrutura de ensino deve se preparar para acolher todos os alunos e suas individualidades em condi\u00e7\u00f5es de igualdade individualizada \u00e0s necessidades dos educandos.<\/p>\n<p>Os outros objetivos tratam das equipes multidisciplinares para esse atendimento. A mat\u00e9ria quer proporcionar a atua\u00e7\u00e3o interdisciplinar como ferramenta para o trabalho e forma\u00e7\u00e3o acad\u00eamica e cont\u00ednua dos profissionais envolvidos. Em justificativa, o parlamentar argumenta que a realiza\u00e7\u00e3o de um trabalho sistem\u00e1tico por equipes multidisciplinares \u00e9 fundamental para garantir a aten\u00e7\u00e3o individualizada \u00e0s necessidades dos educandos neurodivergentes, proporcionando a integra\u00e7\u00e3o e a otimiza\u00e7\u00e3o do aprendizado.<\/p>\n<p>As equipes multidisciplinares, conforme a mat\u00e9ria, ser\u00e3o compostas por profissionais das \u00e1reas de terapia ocupacional, psicologia, fonoaudiologia, fisioterapia e pedagogia, al\u00e9m da determina\u00e7\u00e3o de presen\u00e7a de um professor fixo especialista em educa\u00e7\u00e3o especial, em adi\u00e7\u00e3o ao professor da educa\u00e7\u00e3o regular, para efetivar o plano educacional individual.<\/p>\n<p>Outro ponto discutido \u00e9 que a educa\u00e7\u00e3o deve acontecer no mesmo ambiente dos demais alunos, em todos os n\u00edveis e modalidades, inclusive no ensino superior e profissionalizante. Para isso, a medida prev\u00ea que as escolas promover\u00e3o a devida adequa\u00e7\u00e3o ambiental, levando em considera\u00e7\u00e3o as necessidades motoras, neurossensoriais e comportamentais dos educandos.<\/p>\n<p>Em sua justificativa, o parlamentar afirma que o acesso \u00e0 educa\u00e7\u00e3o deve ser democratizado ao m\u00e1ximo, e, por esse motivo, toda a estrutura de ensino deve se preparar para acolher todos os alunos e suas individualidades em condi\u00e7\u00f5es de igualdade. A norma prop\u00f5e, ainda, que para a efetiva\u00e7\u00e3o do plano educacional individual, dever\u00e3o ser providenciados os recursos de tecnologia assistiva necess\u00e1rios.<\/p>\n<p>Por fim, destaca-se, tamb\u00e9m, veda\u00e7\u00e3o \u00e0s institui\u00e7\u00f5es privadas, de qualquer n\u00edvel e modalidade de ensino, em recusar a matr\u00edcula de alunos neurodivergentes e de cobrar valores adicionais de qualquer natureza. A proposta obriga, ainda, o poder p\u00fablico a garantir o acesso ao ensino voltado para jovens e adultos neurodivergentes que atingiram a idade adulta sem terem sido devidamente escolarizados.<\/p>\n<p><strong>Empregabilidade<\/strong><\/p>\n<p>Tamb\u00e9m tramita, na Comiss\u00e3o, a proposta que altera a Lei n\u00ba 21.995, de 6 de junho de 2023, que institui a Pol\u00edtica Estadual &#8220;Mulher Qualificada e Valorizada para o Mercado de Trabalho&#8221;, com a finalidade de aprimorar o texto no sentido de incentivar a qualifica\u00e7\u00e3o e empregabilidade de mulheres acima de 50 anos de idade. O projeto de lei, protocolado com o\u00a0<strong>n\u00ba 2055\/23<\/strong>, tamb\u00e9m vai passar pela an\u00e1lise da Comiss\u00e3o de Constitui\u00e7\u00e3o, Justi\u00e7a e Reda\u00e7\u00e3o (CCJ) nos pr\u00f3ximos dias. Se obtiver o selo de constitucionalidade, ser\u00e1 deliberada pela comiss\u00e3o de m\u00e9rito e pelo Plen\u00e1rio da Casa de Leis.<\/p>\n<p>Conforme o parlamentar na justificativa da mat\u00e9ria, \u201co cen\u00e1rio do mercado de trabalho para pessoas acima de 50 anos de idade \u00e9 desanimador, pois se presume que h\u00e1 dificuldades em qualifica\u00e7\u00e3o e atualiza\u00e7\u00e3o com inova\u00e7\u00f5es tecnol\u00f3gicas. E, quando se trata de mulheres nesta faixa et\u00e1ria, os resultados s\u00e3o ainda piores, pois elas costumam ter menos oportunidades de emprego do que os homens\u201d.<\/p>\n<p>Sebba observa que o envelhecimento atinge o sexo feminino de maneira mais severa com rela\u00e7\u00e3o \u00e0 carreira, j\u00e1 que, ao envelhecer, as mulheres podem ser vistas como um &#8220;problema&#8221;. \u201cPresume-se, equivocadamente, que elas perderam a agilidade ou possuem dificuldade para lidar com as novas tecnologias. Assim, levando-se em conta a expectativa de vida cada vez maior e as in\u00fameras responsabilidades que a mulher possui em rela\u00e7\u00e3o \u00e0 fam\u00edlia, inclusive os desafios que muitas enfrentam de viol\u00eancia dom\u00e9stica, \u00e9 fundamental que o poder p\u00fablico ofere\u00e7a uma aten\u00e7\u00e3o especial \u00e0s mesmas\u201d, arremata, ao justificar a iniciativa.<\/p>\n<p><strong>Relacionamento abusivo<\/strong><\/p>\n<p>Por fim, tramita pelo mesmo colegiado a proposta\u00a0<strong>n\u00b0 2067\/23<\/strong>, que busca instituir a Semana Estadual de Conscientiza\u00e7\u00e3o e Combate ao Relacionamento Abusivo no Calend\u00e1rio C\u00edvico e Cultural de Goi\u00e1s. Com a proposi\u00e7\u00e3o, a semana ser\u00e1 realizada anualmente, na \u00faltima semana de agosto, em refer\u00eancia \u00e0 Campanha &#8220;Agosto Lil\u00e1s&#8221;, de combate \u00e0 viol\u00eancia dom\u00e9stica contra as mulheres, escolhida por marcar a data em que a Lei Maria da Penha foi sancionada, em 2006.<\/p>\n<p>A medida prev\u00ea palestras, debates, audi\u00eancias p\u00fablicas e outras atividades para esclarecimento sobre a tem\u00e1tica do relacionamento abusivo. Na justificativa do projeto, o parlamentar utiliza a defini\u00e7\u00e3o de relacionamento abusivo como \u201cuma rela\u00e7\u00e3o na qual s\u00e3o praticados atos de agress\u00e3o para com a v\u00edtima, de modo a torn\u00e1-la submissa, prevalecendo uma conviv\u00eancia abusiva, n\u00e3o somente constatada pela viol\u00eancia f\u00edsica, como tamb\u00e9m psicol\u00f3gica, verbal e sexual\u201d. Com a defini\u00e7\u00e3o, o parlamentar chama a aten\u00e7\u00e3o para o fato de que, por sua natureza nem sempre vis\u00edvel, o abuso passa, muitas vezes, despercebido pela sociedade.<\/p>\n<p>O parlamentar tamb\u00e9m argumenta que o uso de materiais abordando o assunto pode colaborar para que as pessoas compreendam melhor o tema e identifiquem os sinais de um relacionamento abusivo. Ele cita o exemplo de discuss\u00f5es em salas de aula e materiais online disponibilizados para jovens estudantes, al\u00e9m da atua\u00e7\u00e3o de profissionais da psicologia, no incentivo a semin\u00e1rios e palestras sobre a pauta para contribuir na preven\u00e7\u00e3o dos relacionamentos abusivos.<\/p>\n<p>As tr\u00eas propostas, como citado, tramitam pela CCJ e n\u00e3o contam, ainda, com relatoria definida. Assim que definidos, os relatores avaliar\u00e3o os temas antes de manifestarem pela aprova\u00e7\u00e3o ou rejei\u00e7\u00e3o das iniciativas do tucano. Em caso de aprova\u00e7\u00e3o dos textos pelo colegiado, as propostas ser\u00e3o levadas ao Plen\u00e1rio para aprecia\u00e7\u00e3o em duas fases de discuss\u00e3o e vota\u00e7\u00e3o.<\/p>\n\n<span class=\"noticia__origem-label\">Fonte: Ag\u00eancia Assembleia de Not\u00edcias<\/span>\n<p><\/p>\n","protected":false},"excerpt":{"rendered":"<p>Tr\u00eas projetos de lei de autoria do deputado Gustavo Sebba (PSDB) tramitam pela Comiss\u00e3o de Constitui\u00e7\u00e3o, Justi\u00e7a e Reda\u00e7\u00e3o (CCJ) da Assembleia Legislativa de Goi\u00e1s (Alego). Uma das mat\u00e9rias destina educa\u00e7\u00e3o especial e inclusiva aos alunos neurodivergentes de Goi\u00e1s. Outra garante incentivo \u00e0 empregabilidade de mulheres acima de 50 anos. A terceira e \u00faltima proposta<\/p>\n","protected":false},"author":2,"featured_media":28008,"comment_status":"open","ping_status":"open","sticky":false,"template":"","format":"standard","meta":{"footnotes":""},"categories":[27,22,26,23],"tags":[],"class_list":["post-28006","post","type-post","status-publish","format-standard","has-post-thumbnail","hentry","category-brasil","category-catalao","category-destaque","category-goias"],"yoast_head":"<!-- This site is optimized with the Yoast SEO plugin v25.8 - https:\/\/yoast.com\/wordpress\/plugins\/seo\/ -->\n<title>Proposituras de Gustavo Sebba que tratam de assuntos sobre educa\u00e7\u00e3o e empregabilidade tramitam na Casa de Leis - Jornal Ultimos Acontecimentos<\/title>\n<meta name=\"robots\" content=\"index, follow, max-snippet:-1, max-image-preview:large, max-video-preview:-1\" \/>\n<link rel=\"canonical\" href=\"https:\/\/juacontecimentos.com.br\/site\/proposituras-de-gustavo-sebba-que-tratam-de-assuntos-sobre-educacao-e-empregabilidade-tramitam-na-casa-de-leis\/\" \/>\n<meta property=\"og:locale\" content=\"pt_BR\" \/>\n<meta property=\"og:type\" content=\"article\" \/>\n<meta property=\"og:title\" content=\"Proposituras de Gustavo Sebba que tratam de assuntos sobre educa\u00e7\u00e3o e empregabilidade tramitam na Casa de Leis - Jornal Ultimos Acontecimentos\" \/>\n<meta property=\"og:description\" content=\"Tr\u00eas projetos de lei de autoria do deputado Gustavo Sebba (PSDB) tramitam pela Comiss\u00e3o de Constitui\u00e7\u00e3o, Justi\u00e7a e Reda\u00e7\u00e3o (CCJ) da Assembleia Legislativa de Goi\u00e1s (Alego). Uma das mat\u00e9rias destina educa\u00e7\u00e3o especial e inclusiva aos alunos neurodivergentes de Goi\u00e1s. Outra garante incentivo \u00e0 empregabilidade de mulheres acima de 50 anos. A terceira e \u00faltima proposta\" \/>\n<meta property=\"og:url\" content=\"https:\/\/juacontecimentos.com.br\/site\/proposituras-de-gustavo-sebba-que-tratam-de-assuntos-sobre-educacao-e-empregabilidade-tramitam-na-casa-de-leis\/\" \/>\n<meta property=\"og:site_name\" content=\"Jornal Ultimos Acontecimentos\" \/>\n<meta property=\"article:publisher\" content=\"https:\/\/www.facebook.com\/jultimosacontecimentos\/\" \/>\n<meta property=\"article:published_time\" content=\"2023-10-13T20:58:59+00:00\" \/>\n<meta property=\"article:modified_time\" content=\"2023-10-13T21:02:11+00:00\" \/>\n<meta property=\"og:image\" content=\"https:\/\/juacontecimentos.com.br\/site\/wp-content\/uploads\/2023\/10\/oooooooo.jpg\" \/>\n\t<meta property=\"og:image:width\" content=\"2819\" \/>\n\t<meta property=\"og:image:height\" content=\"1599\" \/>\n\t<meta property=\"og:image:type\" content=\"image\/jpeg\" \/>\n<meta name=\"author\" content=\"Reginaldo Ribeiro\" \/>\n<meta name=\"twitter:card\" content=\"summary_large_image\" \/>\n<meta name=\"twitter:label1\" content=\"Escrito por\" \/>\n\t<meta name=\"twitter:data1\" content=\"Reginaldo Ribeiro\" \/>\n\t<meta name=\"twitter:label2\" content=\"Est. tempo de leitura\" \/>\n\t<meta name=\"twitter:data2\" content=\"6 minutos\" \/>\n<script type=\"application\/ld+json\" class=\"yoast-schema-graph\">{\"@context\":\"https:\/\/schema.org\",\"@graph\":[{\"@type\":\"Article\",\"@id\":\"https:\/\/juacontecimentos.com.br\/site\/proposituras-de-gustavo-sebba-que-tratam-de-assuntos-sobre-educacao-e-empregabilidade-tramitam-na-casa-de-leis\/#article\",\"isPartOf\":{\"@id\":\"https:\/\/juacontecimentos.com.br\/site\/proposituras-de-gustavo-sebba-que-tratam-de-assuntos-sobre-educacao-e-empregabilidade-tramitam-na-casa-de-leis\/\"},\"author\":{\"name\":\"Reginaldo Ribeiro\",\"@id\":\"https:\/\/juacontecimentos.com.br\/site\/#\/schema\/person\/082a54e6d3fdd7a633291428521c9669\"},\"headline\":\"Proposituras de Gustavo Sebba que tratam de assuntos sobre educa\u00e7\u00e3o e empregabilidade tramitam na Casa de Leis\",\"datePublished\":\"2023-10-13T20:58:59+00:00\",\"dateModified\":\"2023-10-13T21:02:11+00:00\",\"mainEntityOfPage\":{\"@id\":\"https:\/\/juacontecimentos.com.br\/site\/proposituras-de-gustavo-sebba-que-tratam-de-assuntos-sobre-educacao-e-empregabilidade-tramitam-na-casa-de-leis\/\"},\"wordCount\":1164,\"commentCount\":0,\"publisher\":{\"@id\":\"https:\/\/juacontecimentos.com.br\/site\/#organization\"},\"image\":{\"@id\":\"https:\/\/juacontecimentos.com.br\/site\/proposituras-de-gustavo-sebba-que-tratam-de-assuntos-sobre-educacao-e-empregabilidade-tramitam-na-casa-de-leis\/#primaryimage\"},\"thumbnailUrl\":\"https:\/\/juacontecimentos.com.br\/site\/wp-content\/uploads\/2023\/10\/oooooooo.jpg\",\"articleSection\":[\"Brasil\",\"Catal\u00e3o\",\"Destaque\",\"Goi\u00e1s\"],\"inLanguage\":\"pt-BR\"},{\"@type\":\"WebPage\",\"@id\":\"https:\/\/juacontecimentos.com.br\/site\/proposituras-de-gustavo-sebba-que-tratam-de-assuntos-sobre-educacao-e-empregabilidade-tramitam-na-casa-de-leis\/\",\"url\":\"https:\/\/juacontecimentos.com.br\/site\/proposituras-de-gustavo-sebba-que-tratam-de-assuntos-sobre-educacao-e-empregabilidade-tramitam-na-casa-de-leis\/\",\"name\":\"Proposituras de Gustavo Sebba que tratam de assuntos sobre educa\u00e7\u00e3o e empregabilidade tramitam na Casa de Leis - Jornal Ultimos Acontecimentos\",\"isPartOf\":{\"@id\":\"https:\/\/juacontecimentos.com.br\/site\/#website\"},\"primaryImageOfPage\":{\"@id\":\"https:\/\/juacontecimentos.com.br\/site\/proposituras-de-gustavo-sebba-que-tratam-de-assuntos-sobre-educacao-e-empregabilidade-tramitam-na-casa-de-leis\/#primaryimage\"},\"image\":{\"@id\":\"https:\/\/juacontecimentos.com.br\/site\/proposituras-de-gustavo-sebba-que-tratam-de-assuntos-sobre-educacao-e-empregabilidade-tramitam-na-casa-de-leis\/#primaryimage\"},\"thumbnailUrl\":\"https:\/\/juacontecimentos.com.br\/site\/wp-content\/uploads\/2023\/10\/oooooooo.jpg\",\"datePublished\":\"2023-10-13T20:58:59+00:00\",\"dateModified\":\"2023-10-13T21:02:11+00:00\",\"breadcrumb\":{\"@id\":\"https:\/\/juacontecimentos.com.br\/site\/proposituras-de-gustavo-sebba-que-tratam-de-assuntos-sobre-educacao-e-empregabilidade-tramitam-na-casa-de-leis\/#breadcrumb\"},\"inLanguage\":\"pt-BR\",\"potentialAction\":[{\"@type\":\"ReadAction\",\"target\":[\"https:\/\/juacontecimentos.com.br\/site\/proposituras-de-gustavo-sebba-que-tratam-de-assuntos-sobre-educacao-e-empregabilidade-tramitam-na-casa-de-leis\/\"]}]},{\"@type\":\"ImageObject\",\"inLanguage\":\"pt-BR\",\"@id\":\"https:\/\/juacontecimentos.com.br\/site\/proposituras-de-gustavo-sebba-que-tratam-de-assuntos-sobre-educacao-e-empregabilidade-tramitam-na-casa-de-leis\/#primaryimage\",\"url\":\"https:\/\/juacontecimentos.com.br\/site\/wp-content\/uploads\/2023\/10\/oooooooo.jpg\",\"contentUrl\":\"https:\/\/juacontecimentos.com.br\/site\/wp-content\/uploads\/2023\/10\/oooooooo.jpg\",\"width\":2819,\"height\":1599,\"caption\":\"Tr\u00eas projetos de lei de autoria do deputado Gustavo Sebba (PSDB) tramitam pela Comiss\u00e3o de Constitui\u00e7\u00e3o, Justi\u00e7a e Reda\u00e7\u00e3o (CCJ) da Assembleia Legislativa de Goi\u00e1s (Alego).\"},{\"@type\":\"BreadcrumbList\",\"@id\":\"https:\/\/juacontecimentos.com.br\/site\/proposituras-de-gustavo-sebba-que-tratam-de-assuntos-sobre-educacao-e-empregabilidade-tramitam-na-casa-de-leis\/#breadcrumb\",\"itemListElement\":[{\"@type\":\"ListItem\",\"position\":1,\"name\":\"In\u00edcio\",\"item\":\"https:\/\/juacontecimentos.com.br\/site\/\"},{\"@type\":\"ListItem\",\"position\":2,\"name\":\"Proposituras de Gustavo Sebba que tratam de assuntos sobre educa\u00e7\u00e3o e empregabilidade tramitam na Casa de Leis\"}]},{\"@type\":\"WebSite\",\"@id\":\"https:\/\/juacontecimentos.com.br\/site\/#website\",\"url\":\"https:\/\/juacontecimentos.com.br\/site\/\",\"name\":\"Jornal Ultimos Acontecimentos\",\"description\":\"Catal\u00e3o e regi\u00e3o\",\"publisher\":{\"@id\":\"https:\/\/juacontecimentos.com.br\/site\/#organization\"},\"potentialAction\":[{\"@type\":\"SearchAction\",\"target\":{\"@type\":\"EntryPoint\",\"urlTemplate\":\"https:\/\/juacontecimentos.com.br\/site\/?s={search_term_string}\"},\"query-input\":{\"@type\":\"PropertyValueSpecification\",\"valueRequired\":true,\"valueName\":\"search_term_string\"}}],\"inLanguage\":\"pt-BR\"},{\"@type\":\"Organization\",\"@id\":\"https:\/\/juacontecimentos.com.br\/site\/#organization\",\"name\":\"Jornal Ultimos Acontecimentos\",\"url\":\"https:\/\/juacontecimentos.com.br\/site\/\",\"logo\":{\"@type\":\"ImageObject\",\"inLanguage\":\"pt-BR\",\"@id\":\"https:\/\/juacontecimentos.com.br\/site\/#\/schema\/logo\/image\/\",\"url\":\"https:\/\/juacontecimentos.com.br\/site\/wp-content\/uploads\/2023\/04\/Logo_Site.png\",\"contentUrl\":\"https:\/\/juacontecimentos.com.br\/site\/wp-content\/uploads\/2023\/04\/Logo_Site.png\",\"width\":2476,\"height\":530,\"caption\":\"Jornal Ultimos Acontecimentos\"},\"image\":{\"@id\":\"https:\/\/juacontecimentos.com.br\/site\/#\/schema\/logo\/image\/\"},\"sameAs\":[\"https:\/\/www.facebook.com\/jultimosacontecimentos\/\"]},{\"@type\":\"Person\",\"@id\":\"https:\/\/juacontecimentos.com.br\/site\/#\/schema\/person\/082a54e6d3fdd7a633291428521c9669\",\"name\":\"Reginaldo Ribeiro\",\"image\":{\"@type\":\"ImageObject\",\"inLanguage\":\"pt-BR\",\"@id\":\"https:\/\/juacontecimentos.com.br\/site\/#\/schema\/person\/image\/\",\"url\":\"https:\/\/secure.gravatar.com\/avatar\/5c16c6837c3490270a74d888c2a845728f06bdde1f8761de1de1d1d1ef82d12f?s=96&d=mm&r=g\",\"contentUrl\":\"https:\/\/secure.gravatar.com\/avatar\/5c16c6837c3490270a74d888c2a845728f06bdde1f8761de1de1d1d1ef82d12f?s=96&d=mm&r=g\",\"caption\":\"Reginaldo Ribeiro\"}}]}<\/script>\n<!-- \/ Yoast SEO plugin. -->","yoast_head_json":{"title":"Proposituras de Gustavo Sebba que tratam de assuntos sobre educa\u00e7\u00e3o e empregabilidade tramitam na Casa de Leis - Jornal Ultimos Acontecimentos","robots":{"index":"index","follow":"follow","max-snippet":"max-snippet:-1","max-image-preview":"max-image-preview:large","max-video-preview":"max-video-preview:-1"},"canonical":"https:\/\/juacontecimentos.com.br\/site\/proposituras-de-gustavo-sebba-que-tratam-de-assuntos-sobre-educacao-e-empregabilidade-tramitam-na-casa-de-leis\/","og_locale":"pt_BR","og_type":"article","og_title":"Proposituras de Gustavo Sebba que tratam de assuntos sobre educa\u00e7\u00e3o e empregabilidade tramitam na Casa de Leis - Jornal Ultimos Acontecimentos","og_description":"Tr\u00eas projetos de lei de autoria do deputado Gustavo Sebba (PSDB) tramitam pela Comiss\u00e3o de Constitui\u00e7\u00e3o, Justi\u00e7a e Reda\u00e7\u00e3o (CCJ) da Assembleia Legislativa de Goi\u00e1s (Alego). Uma das mat\u00e9rias destina educa\u00e7\u00e3o especial e inclusiva aos alunos neurodivergentes de Goi\u00e1s. Outra garante incentivo \u00e0 empregabilidade de mulheres acima de 50 anos. A terceira e \u00faltima proposta","og_url":"https:\/\/juacontecimentos.com.br\/site\/proposituras-de-gustavo-sebba-que-tratam-de-assuntos-sobre-educacao-e-empregabilidade-tramitam-na-casa-de-leis\/","og_site_name":"Jornal Ultimos Acontecimentos","article_publisher":"https:\/\/www.facebook.com\/jultimosacontecimentos\/","article_published_time":"2023-10-13T20:58:59+00:00","article_modified_time":"2023-10-13T21:02:11+00:00","og_image":[{"width":2819,"height":1599,"url":"https:\/\/juacontecimentos.com.br\/site\/wp-content\/uploads\/2023\/10\/oooooooo.jpg","type":"image\/jpeg"}],"author":"Reginaldo Ribeiro","twitter_card":"summary_large_image","twitter_misc":{"Escrito por":"Reginaldo Ribeiro","Est. tempo de leitura":"6 minutos"},"schema":{"@context":"https:\/\/schema.org","@graph":[{"@type":"Article","@id":"https:\/\/juacontecimentos.com.br\/site\/proposituras-de-gustavo-sebba-que-tratam-de-assuntos-sobre-educacao-e-empregabilidade-tramitam-na-casa-de-leis\/#article","isPartOf":{"@id":"https:\/\/juacontecimentos.com.br\/site\/proposituras-de-gustavo-sebba-que-tratam-de-assuntos-sobre-educacao-e-empregabilidade-tramitam-na-casa-de-leis\/"},"author":{"name":"Reginaldo Ribeiro","@id":"https:\/\/juacontecimentos.com.br\/site\/#\/schema\/person\/082a54e6d3fdd7a633291428521c9669"},"headline":"Proposituras de Gustavo Sebba que tratam de assuntos sobre educa\u00e7\u00e3o e empregabilidade tramitam na Casa de Leis","datePublished":"2023-10-13T20:58:59+00:00","dateModified":"2023-10-13T21:02:11+00:00","mainEntityOfPage":{"@id":"https:\/\/juacontecimentos.com.br\/site\/proposituras-de-gustavo-sebba-que-tratam-de-assuntos-sobre-educacao-e-empregabilidade-tramitam-na-casa-de-leis\/"},"wordCount":1164,"commentCount":0,"publisher":{"@id":"https:\/\/juacontecimentos.com.br\/site\/#organization"},"image":{"@id":"https:\/\/juacontecimentos.com.br\/site\/proposituras-de-gustavo-sebba-que-tratam-de-assuntos-sobre-educacao-e-empregabilidade-tramitam-na-casa-de-leis\/#primaryimage"},"thumbnailUrl":"https:\/\/juacontecimentos.com.br\/site\/wp-content\/uploads\/2023\/10\/oooooooo.jpg","articleSection":["Brasil","Catal\u00e3o","Destaque","Goi\u00e1s"],"inLanguage":"pt-BR"},{"@type":"WebPage","@id":"https:\/\/juacontecimentos.com.br\/site\/proposituras-de-gustavo-sebba-que-tratam-de-assuntos-sobre-educacao-e-empregabilidade-tramitam-na-casa-de-leis\/","url":"https:\/\/juacontecimentos.com.br\/site\/proposituras-de-gustavo-sebba-que-tratam-de-assuntos-sobre-educacao-e-empregabilidade-tramitam-na-casa-de-leis\/","name":"Proposituras de Gustavo Sebba que tratam de assuntos sobre educa\u00e7\u00e3o e empregabilidade tramitam na Casa de Leis - Jornal Ultimos Acontecimentos","isPartOf":{"@id":"https:\/\/juacontecimentos.com.br\/site\/#website"},"primaryImageOfPage":{"@id":"https:\/\/juacontecimentos.com.br\/site\/proposituras-de-gustavo-sebba-que-tratam-de-assuntos-sobre-educacao-e-empregabilidade-tramitam-na-casa-de-leis\/#primaryimage"},"image":{"@id":"https:\/\/juacontecimentos.com.br\/site\/proposituras-de-gustavo-sebba-que-tratam-de-assuntos-sobre-educacao-e-empregabilidade-tramitam-na-casa-de-leis\/#primaryimage"},"thumbnailUrl":"https:\/\/juacontecimentos.com.br\/site\/wp-content\/uploads\/2023\/10\/oooooooo.jpg","datePublished":"2023-10-13T20:58:59+00:00","dateModified":"2023-10-13T21:02:11+00:00","breadcrumb":{"@id":"https:\/\/juacontecimentos.com.br\/site\/proposituras-de-gustavo-sebba-que-tratam-de-assuntos-sobre-educacao-e-empregabilidade-tramitam-na-casa-de-leis\/#breadcrumb"},"inLanguage":"pt-BR","potentialAction":[{"@type":"ReadAction","target":["https:\/\/juacontecimentos.com.br\/site\/proposituras-de-gustavo-sebba-que-tratam-de-assuntos-sobre-educacao-e-empregabilidade-tramitam-na-casa-de-leis\/"]}]},{"@type":"ImageObject","inLanguage":"pt-BR","@id":"https:\/\/juacontecimentos.com.br\/site\/proposituras-de-gustavo-sebba-que-tratam-de-assuntos-sobre-educacao-e-empregabilidade-tramitam-na-casa-de-leis\/#primaryimage","url":"https:\/\/juacontecimentos.com.br\/site\/wp-content\/uploads\/2023\/10\/oooooooo.jpg","contentUrl":"https:\/\/juacontecimentos.com.br\/site\/wp-content\/uploads\/2023\/10\/oooooooo.jpg","width":2819,"height":1599,"caption":"Tr\u00eas projetos de lei de autoria do deputado Gustavo Sebba (PSDB) tramitam pela Comiss\u00e3o de Constitui\u00e7\u00e3o, Justi\u00e7a e Reda\u00e7\u00e3o (CCJ) da Assembleia Legislativa de Goi\u00e1s (Alego)."},{"@type":"BreadcrumbList","@id":"https:\/\/juacontecimentos.com.br\/site\/proposituras-de-gustavo-sebba-que-tratam-de-assuntos-sobre-educacao-e-empregabilidade-tramitam-na-casa-de-leis\/#breadcrumb","itemListElement":[{"@type":"ListItem","position":1,"name":"In\u00edcio","item":"https:\/\/juacontecimentos.com.br\/site\/"},{"@type":"ListItem","position":2,"name":"Proposituras de Gustavo Sebba que tratam de assuntos sobre educa\u00e7\u00e3o e empregabilidade tramitam na Casa de Leis"}]},{"@type":"WebSite","@id":"https:\/\/juacontecimentos.com.br\/site\/#website","url":"https:\/\/juacontecimentos.com.br\/site\/","name":"Jornal Ultimos Acontecimentos","description":"Catal\u00e3o e regi\u00e3o","publisher":{"@id":"https:\/\/juacontecimentos.com.br\/site\/#organization"},"potentialAction":[{"@type":"SearchAction","target":{"@type":"EntryPoint","urlTemplate":"https:\/\/juacontecimentos.com.br\/site\/?s={search_term_string}"},"query-input":{"@type":"PropertyValueSpecification","valueRequired":true,"valueName":"search_term_string"}}],"inLanguage":"pt-BR"},{"@type":"Organization","@id":"https:\/\/juacontecimentos.com.br\/site\/#organization","name":"Jornal Ultimos Acontecimentos","url":"https:\/\/juacontecimentos.com.br\/site\/","logo":{"@type":"ImageObject","inLanguage":"pt-BR","@id":"https:\/\/juacontecimentos.com.br\/site\/#\/schema\/logo\/image\/","url":"https:\/\/juacontecimentos.com.br\/site\/wp-content\/uploads\/2023\/04\/Logo_Site.png","contentUrl":"https:\/\/juacontecimentos.com.br\/site\/wp-content\/uploads\/2023\/04\/Logo_Site.png","width":2476,"height":530,"caption":"Jornal Ultimos Acontecimentos"},"image":{"@id":"https:\/\/juacontecimentos.com.br\/site\/#\/schema\/logo\/image\/"},"sameAs":["https:\/\/www.facebook.com\/jultimosacontecimentos\/"]},{"@type":"Person","@id":"https:\/\/juacontecimentos.com.br\/site\/#\/schema\/person\/082a54e6d3fdd7a633291428521c9669","name":"Reginaldo Ribeiro","image":{"@type":"ImageObject","inLanguage":"pt-BR","@id":"https:\/\/juacontecimentos.com.br\/site\/#\/schema\/person\/image\/","url":"https:\/\/secure.gravatar.com\/avatar\/5c16c6837c3490270a74d888c2a845728f06bdde1f8761de1de1d1d1ef82d12f?s=96&d=mm&r=g","contentUrl":"https:\/\/secure.gravatar.com\/avatar\/5c16c6837c3490270a74d888c2a845728f06bdde1f8761de1de1d1d1ef82d12f?s=96&d=mm&r=g","caption":"Reginaldo Ribeiro"}}]}},"_links":{"self":[{"href":"https:\/\/juacontecimentos.com.br\/site\/wp-json\/wp\/v2\/posts\/28006","targetHints":{"allow":["GET"]}}],"collection":[{"href":"https:\/\/juacontecimentos.com.br\/site\/wp-json\/wp\/v2\/posts"}],"about":[{"href":"https:\/\/juacontecimentos.com.br\/site\/wp-json\/wp\/v2\/types\/post"}],"author":[{"embeddable":true,"href":"https:\/\/juacontecimentos.com.br\/site\/wp-json\/wp\/v2\/users\/2"}],"replies":[{"embeddable":true,"href":"https:\/\/juacontecimentos.com.br\/site\/wp-json\/wp\/v2\/comments?post=28006"}],"version-history":[{"count":3,"href":"https:\/\/juacontecimentos.com.br\/site\/wp-json\/wp\/v2\/posts\/28006\/revisions"}],"predecessor-version":[{"id":28010,"href":"https:\/\/juacontecimentos.com.br\/site\/wp-json\/wp\/v2\/posts\/28006\/revisions\/28010"}],"wp:featuredmedia":[{"embeddable":true,"href":"https:\/\/juacontecimentos.com.br\/site\/wp-json\/wp\/v2\/media\/28008"}],"wp:attachment":[{"href":"https:\/\/juacontecimentos.com.br\/site\/wp-json\/wp\/v2\/media?parent=28006"}],"wp:term":[{"taxonomy":"category","embeddable":true,"href":"https:\/\/juacontecimentos.com.br\/site\/wp-json\/wp\/v2\/categories?post=28006"},{"taxonomy":"post_tag","embeddable":true,"href":"https:\/\/juacontecimentos.com.br\/site\/wp-json\/wp\/v2\/tags?post=28006"}],"curies":[{"name":"wp","href":"https:\/\/api.w.org\/{rel}","templated":true}]}}