{"id":28611,"date":"2023-11-29T16:24:35","date_gmt":"2023-11-29T19:24:35","guid":{"rendered":"https:\/\/juacontecimentos.com.br\/site\/?p=28611"},"modified":"2023-11-29T16:24:35","modified_gmt":"2023-11-29T19:24:35","slug":"caiado-vistoria-obras-do-hospital-cora-ao-lado-de-maiara-maraisa-e-gusttavo-lima","status":"publish","type":"post","link":"https:\/\/juacontecimentos.com.br\/site\/caiado-vistoria-obras-do-hospital-cora-ao-lado-de-maiara-maraisa-e-gusttavo-lima\/","title":{"rendered":"Caiado vistoria obras do Hospital Cora ao lado de Maiara &#038; Maraisa e Gusttavo Lima"},"content":{"rendered":"<h2>Sertanejos comentaram sobre import\u00e2ncia da obra do primeiro hospital do c\u00e2ncer em Goi\u00e1s<\/h2>\n<div id=\"attachment_28612\" style=\"width: 910px\" class=\"wp-caption alignnone\"><img loading=\"lazy\" decoding=\"async\" aria-describedby=\"caption-attachment-28612\" class=\"size-large wp-image-28612\" src=\"https:\/\/juacontecimentos.com.br\/site\/wp-content\/uploads\/2023\/11\/Sem-t\u00edtulo-1-1024x590.jpg\" alt=\"\" width=\"900\" height=\"519\" srcset=\"https:\/\/juacontecimentos.com.br\/site\/wp-content\/uploads\/2023\/11\/Sem-t\u00edtulo-1-1024x590.jpg 1024w, https:\/\/juacontecimentos.com.br\/site\/wp-content\/uploads\/2023\/11\/Sem-t\u00edtulo-1-300x173.jpg 300w, https:\/\/juacontecimentos.com.br\/site\/wp-content\/uploads\/2023\/11\/Sem-t\u00edtulo-1-768x443.jpg 768w\" sizes=\"auto, (max-width: 900px) 100vw, 900px\" \/><p id=\"caption-attachment-28612\" class=\"wp-caption-text\">Governador Ronaldo Caiado ao lado da dupla sertaneja Maiara &amp; Maraisa durante visita ao Hospital CORA | Foto: Leoiran\/Jornal Op\u00e7\u00e3o<\/p><\/div>\n<p>Por: <a class=\"post-author\" href=\"https:\/\/www.jornalopcao.com.br\/author\/raphael\/\">Raphael Bezerra<\/a><\/p>\n<p>O governador Ronaldo Caiado (UB) visitou, na manh\u00e3 desta quinta-feira, 29, as obras do Complexo Oncol\u00f3gico de Refer\u00eancia do Estado de Goi\u00e1s (CORA). Alvo de a\u00e7\u00f5es de embargos por parte do PSDB, o Hospital est\u00e1 previsto para iniciar as atividades a partir do final do ano que vem. A visita contou ainda com a presen\u00e7a dos cantores sertanejos Gusttavo Lima e da dupla Maiara e Maraisa.<\/p>\n<img loading=\"lazy\" decoding=\"async\" class=\"wp-image-551805 ewww_webp_loaded\" src=\"https:\/\/www.jornalopcao.com.br\/wp-content\/uploads\/2023\/11\/WhatsApp-Image-2023-11-29-at-14.05.25-620x413.jpeg.webp\" srcset=\"https:\/\/www.jornalopcao.com.br\/wp-content\/uploads\/2023\/11\/WhatsApp-Image-2023-11-29-at-14.05.25-620x413.jpeg.webp 620w, https:\/\/www.jornalopcao.com.br\/wp-content\/uploads\/2023\/11\/WhatsApp-Image-2023-11-29-at-14.05.25-300x200.jpeg.webp 300w, https:\/\/www.jornalopcao.com.br\/wp-content\/uploads\/2023\/11\/WhatsApp-Image-2023-11-29-at-14.05.25-768x512.jpeg.webp 768w, https:\/\/www.jornalopcao.com.br\/wp-content\/uploads\/2023\/11\/WhatsApp-Image-2023-11-29-at-14.05.25-1536x1024.jpeg.webp 1536w, https:\/\/www.jornalopcao.com.br\/wp-content\/uploads\/2023\/11\/WhatsApp-Image-2023-11-29-at-14.05.25-940x627.jpeg.webp 940w, https:\/\/www.jornalopcao.com.br\/wp-content\/uploads\/2023\/11\/WhatsApp-Image-2023-11-29-at-14.05.25.jpeg.webp 1599w\" alt=\"\" width=\"620\" height=\"413\" \/>O cantor sertanejo Gustavo Lima apadrinhou o Hospital Cora e comemorou o andamento das obras | Foto: Leoiran\/Jornal Op\u00e7\u00e3o\n<p>O cantor Gustavo Lima comentou sobre a estrutura do Hospital e disse que o CORA ser\u00e1 respons\u00e1vel por salvar vidas. \u201cA gente sabe da seriedade disso e tamb\u00e9m gostaria de convidar pessoas que tem condi\u00e7\u00f5es de apoiar e a patrocinar uma obra t\u00e3o importante\u201d.<\/p>\n<p>Em coletiva \u00e0 imprensa, o governador apontou que as obras est\u00e3o com mais de 46% de execu\u00e7\u00e3o e destacou a import\u00e2ncia do hospital para o Estado. \u201cEu n\u00e3o posso imaginar o que move uma pessoa tentar embargar uma obra dessa. \u00c9 totalmente desumano, \u00e9 inimagin\u00e1vel algu\u00e9m tentar embargar uma obra que tem o menor pre\u00e7o do menor valor por metro quadrado com a planta mais sofisticada que existe no mundo\u201d, disse Caiado.<\/p>\n<p>\u201cGra\u00e7as \u00e0 economia e gest\u00e3o que o governador fez ao longo da gest\u00e3o, essa obra \u00e9 tocada sem a depend\u00eancia de nenhum investimento\u201d, disse o secret\u00e1rio de Sa\u00fade S\u00e9rgio Vencio.<\/p>\n<p>A dupla sertaneja Maiara &amp; Maraisa lembrou do hist\u00f3rico de c\u00e2ncer da fam\u00edlia e falou sobre a import\u00e2ncia das obras. \u201cTeremos o in\u00edcio da ala infantil muito em breve e Goi\u00e1s precisa desse apoio para ajudar as fam\u00edlias com c\u00e2ncer. N\u00f3s apoiamos o CORA\u201d, disse.<\/p>\n<h4 class=\"wp-block-heading\">CORA<\/h4>\n<p>A unidade de sa\u00fade ser\u00e1 o primeiro hospital p\u00fablico de Goi\u00e1s exclusivamente dedicado ao tratamento contra o c\u00e2ncer e possui projeto inspirado no Hospital do Amor \u2013 Hospital do C\u00e2ncer de Barretos, em S\u00e3o Paulo. Ter\u00e1 148 leitos de interna\u00e7\u00e3o, centro cir\u00fargico, farm\u00e1cia e centro de exames, al\u00e9m de uma proposta in\u00e9dita de alojamento para as fam\u00edlias de pacientes.<\/p>\n<p>Com investimento de R$ 424,71 milh\u00f5es, a unidade ter\u00e1 148 leitos de interna\u00e7\u00e3o, centro cir\u00fargico, farm\u00e1cia, centro de exames por imagem e de infus\u00e3o quimioter\u00e1pica.<\/p>\n<img loading=\"lazy\" decoding=\"async\" class=\"wp-image-551811 ewww_webp_loaded\" src=\"https:\/\/www.jornalopcao.com.br\/wp-content\/uploads\/2023\/11\/CORA-1215x731-1-620x373.jpeg.webp\" srcset=\"https:\/\/www.jornalopcao.com.br\/wp-content\/uploads\/2023\/11\/CORA-1215x731-1-620x373.jpeg.webp 620w, https:\/\/www.jornalopcao.com.br\/wp-content\/uploads\/2023\/11\/CORA-1215x731-1-300x180.jpeg.webp 300w, https:\/\/www.jornalopcao.com.br\/wp-content\/uploads\/2023\/11\/CORA-1215x731-1-768x462.jpeg.webp 768w, https:\/\/www.jornalopcao.com.br\/wp-content\/uploads\/2023\/11\/CORA-1215x731-1-940x566.jpeg.webp 940w, https:\/\/www.jornalopcao.com.br\/wp-content\/uploads\/2023\/11\/CORA-1215x731-1.jpeg.webp 1215w\" alt=\"\" width=\"620\" height=\"373\" \/>Complexo Oncol\u00f3gico de Refer\u00eancia de Goi\u00e1s \u2013 CORA ter\u00e1 44 mil metros de \u00e1rea constru\u00edda\n<p>O CORA comportar\u00e1 procedimentos de alta complexidade, como transplante de medula \u00f3ssea. O complexo contar\u00e1 ainda com leitos para interna\u00e7\u00e3o de adultos, ala de preven\u00e7\u00e3o e um alojamento para receber familiares de paciente.<\/p>\n<p>Este ser\u00e1 o primeiro hospital p\u00fablico de Goi\u00e1s exclusivamente dedicado ao tratamento contra o c\u00e2ncer, uma vez que a institui\u00e7\u00e3o que atualmente \u00e9 refer\u00eancia no estado, o Hospital Ara\u00fajo Jorge, \u00e9 mantida por entidade filantr\u00f3pica.<br \/>\n<\/p>\n","protected":false},"excerpt":{"rendered":"<p>Sertanejos comentaram sobre import\u00e2ncia da obra do primeiro hospital do c\u00e2ncer em Goi\u00e1s Por: Raphael Bezerra O governador Ronaldo Caiado (UB) visitou, na manh\u00e3 desta quinta-feira, 29, as obras do Complexo Oncol\u00f3gico de Refer\u00eancia do Estado de Goi\u00e1s (CORA). Alvo de a\u00e7\u00f5es de embargos por parte do PSDB, o Hospital est\u00e1 previsto para iniciar as<\/p>\n","protected":false},"author":2,"featured_media":28612,"comment_status":"open","ping_status":"open","sticky":false,"template":"","format":"standard","meta":{"footnotes":""},"categories":[27,22,26,23],"tags":[],"class_list":["post-28611","post","type-post","status-publish","format-standard","has-post-thumbnail","hentry","category-brasil","category-catalao","category-destaque","category-goias"],"yoast_head":"<!-- This site is optimized with the Yoast SEO plugin v25.8 - https:\/\/yoast.com\/wordpress\/plugins\/seo\/ -->\n<title>Caiado vistoria obras do Hospital Cora ao lado de Maiara &amp; Maraisa e Gusttavo Lima - Jornal Ultimos Acontecimentos<\/title>\n<meta name=\"robots\" content=\"index, follow, max-snippet:-1, max-image-preview:large, max-video-preview:-1\" \/>\n<link rel=\"canonical\" href=\"https:\/\/juacontecimentos.com.br\/site\/caiado-vistoria-obras-do-hospital-cora-ao-lado-de-maiara-maraisa-e-gusttavo-lima\/\" \/>\n<meta property=\"og:locale\" content=\"pt_BR\" \/>\n<meta property=\"og:type\" content=\"article\" \/>\n<meta property=\"og:title\" content=\"Caiado vistoria obras do Hospital Cora ao lado de Maiara &amp; Maraisa e Gusttavo Lima - Jornal Ultimos Acontecimentos\" \/>\n<meta property=\"og:description\" content=\"Sertanejos comentaram sobre import\u00e2ncia da obra do primeiro hospital do c\u00e2ncer em Goi\u00e1s Por: Raphael Bezerra O governador Ronaldo Caiado (UB) visitou, na manh\u00e3 desta quinta-feira, 29, as obras do Complexo Oncol\u00f3gico de Refer\u00eancia do Estado de Goi\u00e1s (CORA). Alvo de a\u00e7\u00f5es de embargos por parte do PSDB, o Hospital est\u00e1 previsto para iniciar as\" \/>\n<meta property=\"og:url\" content=\"https:\/\/juacontecimentos.com.br\/site\/caiado-vistoria-obras-do-hospital-cora-ao-lado-de-maiara-maraisa-e-gusttavo-lima\/\" \/>\n<meta property=\"og:site_name\" content=\"Jornal Ultimos Acontecimentos\" \/>\n<meta property=\"article:publisher\" content=\"https:\/\/www.facebook.com\/jultimosacontecimentos\/\" \/>\n<meta property=\"article:published_time\" content=\"2023-11-29T19:24:35+00:00\" \/>\n<meta property=\"og:image\" content=\"https:\/\/juacontecimentos.com.br\/site\/wp-content\/uploads\/2023\/11\/Sem-t\u00edtulo-1.jpg\" \/>\n\t<meta property=\"og:image:width\" content=\"3434\" \/>\n\t<meta property=\"og:image:height\" content=\"1980\" \/>\n\t<meta property=\"og:image:type\" content=\"image\/jpeg\" \/>\n<meta name=\"author\" content=\"Reginaldo Ribeiro\" \/>\n<meta name=\"twitter:card\" content=\"summary_large_image\" \/>\n<meta name=\"twitter:label1\" content=\"Escrito por\" \/>\n\t<meta name=\"twitter:data1\" content=\"Reginaldo Ribeiro\" \/>\n\t<meta name=\"twitter:label2\" content=\"Est. tempo de leitura\" \/>\n\t<meta name=\"twitter:data2\" content=\"3 minutos\" \/>\n<script type=\"application\/ld+json\" class=\"yoast-schema-graph\">{\"@context\":\"https:\/\/schema.org\",\"@graph\":[{\"@type\":\"Article\",\"@id\":\"https:\/\/juacontecimentos.com.br\/site\/caiado-vistoria-obras-do-hospital-cora-ao-lado-de-maiara-maraisa-e-gusttavo-lima\/#article\",\"isPartOf\":{\"@id\":\"https:\/\/juacontecimentos.com.br\/site\/caiado-vistoria-obras-do-hospital-cora-ao-lado-de-maiara-maraisa-e-gusttavo-lima\/\"},\"author\":{\"name\":\"Reginaldo Ribeiro\",\"@id\":\"https:\/\/juacontecimentos.com.br\/site\/#\/schema\/person\/082a54e6d3fdd7a633291428521c9669\"},\"headline\":\"Caiado vistoria obras do Hospital Cora ao lado de Maiara &#038; Maraisa e Gusttavo Lima\",\"datePublished\":\"2023-11-29T19:24:35+00:00\",\"mainEntityOfPage\":{\"@id\":\"https:\/\/juacontecimentos.com.br\/site\/caiado-vistoria-obras-do-hospital-cora-ao-lado-de-maiara-maraisa-e-gusttavo-lima\/\"},\"wordCount\":554,\"commentCount\":0,\"publisher\":{\"@id\":\"https:\/\/juacontecimentos.com.br\/site\/#organization\"},\"image\":{\"@id\":\"https:\/\/juacontecimentos.com.br\/site\/caiado-vistoria-obras-do-hospital-cora-ao-lado-de-maiara-maraisa-e-gusttavo-lima\/#primaryimage\"},\"thumbnailUrl\":\"https:\/\/juacontecimentos.com.br\/site\/wp-content\/uploads\/2023\/11\/Sem-t\u00edtulo-1.jpg\",\"articleSection\":[\"Brasil\",\"Catal\u00e3o\",\"Destaque\",\"Goi\u00e1s\"],\"inLanguage\":\"pt-BR\"},{\"@type\":\"WebPage\",\"@id\":\"https:\/\/juacontecimentos.com.br\/site\/caiado-vistoria-obras-do-hospital-cora-ao-lado-de-maiara-maraisa-e-gusttavo-lima\/\",\"url\":\"https:\/\/juacontecimentos.com.br\/site\/caiado-vistoria-obras-do-hospital-cora-ao-lado-de-maiara-maraisa-e-gusttavo-lima\/\",\"name\":\"Caiado vistoria obras do Hospital Cora ao lado de Maiara & Maraisa e Gusttavo Lima - Jornal Ultimos Acontecimentos\",\"isPartOf\":{\"@id\":\"https:\/\/juacontecimentos.com.br\/site\/#website\"},\"primaryImageOfPage\":{\"@id\":\"https:\/\/juacontecimentos.com.br\/site\/caiado-vistoria-obras-do-hospital-cora-ao-lado-de-maiara-maraisa-e-gusttavo-lima\/#primaryimage\"},\"image\":{\"@id\":\"https:\/\/juacontecimentos.com.br\/site\/caiado-vistoria-obras-do-hospital-cora-ao-lado-de-maiara-maraisa-e-gusttavo-lima\/#primaryimage\"},\"thumbnailUrl\":\"https:\/\/juacontecimentos.com.br\/site\/wp-content\/uploads\/2023\/11\/Sem-t\u00edtulo-1.jpg\",\"datePublished\":\"2023-11-29T19:24:35+00:00\",\"breadcrumb\":{\"@id\":\"https:\/\/juacontecimentos.com.br\/site\/caiado-vistoria-obras-do-hospital-cora-ao-lado-de-maiara-maraisa-e-gusttavo-lima\/#breadcrumb\"},\"inLanguage\":\"pt-BR\",\"potentialAction\":[{\"@type\":\"ReadAction\",\"target\":[\"https:\/\/juacontecimentos.com.br\/site\/caiado-vistoria-obras-do-hospital-cora-ao-lado-de-maiara-maraisa-e-gusttavo-lima\/\"]}]},{\"@type\":\"ImageObject\",\"inLanguage\":\"pt-BR\",\"@id\":\"https:\/\/juacontecimentos.com.br\/site\/caiado-vistoria-obras-do-hospital-cora-ao-lado-de-maiara-maraisa-e-gusttavo-lima\/#primaryimage\",\"url\":\"https:\/\/juacontecimentos.com.br\/site\/wp-content\/uploads\/2023\/11\/Sem-t\u00edtulo-1.jpg\",\"contentUrl\":\"https:\/\/juacontecimentos.com.br\/site\/wp-content\/uploads\/2023\/11\/Sem-t\u00edtulo-1.jpg\",\"width\":3434,\"height\":1980,\"caption\":\"Governador Ronaldo Caiado ao lado da dupla sertaneja Maiara & Maraisa durante visita ao Hospital CORA | Foto: Leoiran\/Jornal Op\u00e7\u00e3o\"},{\"@type\":\"BreadcrumbList\",\"@id\":\"https:\/\/juacontecimentos.com.br\/site\/caiado-vistoria-obras-do-hospital-cora-ao-lado-de-maiara-maraisa-e-gusttavo-lima\/#breadcrumb\",\"itemListElement\":[{\"@type\":\"ListItem\",\"position\":1,\"name\":\"In\u00edcio\",\"item\":\"https:\/\/juacontecimentos.com.br\/site\/\"},{\"@type\":\"ListItem\",\"position\":2,\"name\":\"Caiado vistoria obras do Hospital Cora ao lado de Maiara &#038; Maraisa e Gusttavo Lima\"}]},{\"@type\":\"WebSite\",\"@id\":\"https:\/\/juacontecimentos.com.br\/site\/#website\",\"url\":\"https:\/\/juacontecimentos.com.br\/site\/\",\"name\":\"Jornal Ultimos Acontecimentos\",\"description\":\"Catal\u00e3o e regi\u00e3o\",\"publisher\":{\"@id\":\"https:\/\/juacontecimentos.com.br\/site\/#organization\"},\"potentialAction\":[{\"@type\":\"SearchAction\",\"target\":{\"@type\":\"EntryPoint\",\"urlTemplate\":\"https:\/\/juacontecimentos.com.br\/site\/?s={search_term_string}\"},\"query-input\":{\"@type\":\"PropertyValueSpecification\",\"valueRequired\":true,\"valueName\":\"search_term_string\"}}],\"inLanguage\":\"pt-BR\"},{\"@type\":\"Organization\",\"@id\":\"https:\/\/juacontecimentos.com.br\/site\/#organization\",\"name\":\"Jornal Ultimos Acontecimentos\",\"url\":\"https:\/\/juacontecimentos.com.br\/site\/\",\"logo\":{\"@type\":\"ImageObject\",\"inLanguage\":\"pt-BR\",\"@id\":\"https:\/\/juacontecimentos.com.br\/site\/#\/schema\/logo\/image\/\",\"url\":\"https:\/\/juacontecimentos.com.br\/site\/wp-content\/uploads\/2023\/04\/Logo_Site.png\",\"contentUrl\":\"https:\/\/juacontecimentos.com.br\/site\/wp-content\/uploads\/2023\/04\/Logo_Site.png\",\"width\":2476,\"height\":530,\"caption\":\"Jornal Ultimos Acontecimentos\"},\"image\":{\"@id\":\"https:\/\/juacontecimentos.com.br\/site\/#\/schema\/logo\/image\/\"},\"sameAs\":[\"https:\/\/www.facebook.com\/jultimosacontecimentos\/\"]},{\"@type\":\"Person\",\"@id\":\"https:\/\/juacontecimentos.com.br\/site\/#\/schema\/person\/082a54e6d3fdd7a633291428521c9669\",\"name\":\"Reginaldo Ribeiro\",\"image\":{\"@type\":\"ImageObject\",\"inLanguage\":\"pt-BR\",\"@id\":\"https:\/\/juacontecimentos.com.br\/site\/#\/schema\/person\/image\/\",\"url\":\"https:\/\/secure.gravatar.com\/avatar\/5c16c6837c3490270a74d888c2a845728f06bdde1f8761de1de1d1d1ef82d12f?s=96&d=mm&r=g\",\"contentUrl\":\"https:\/\/secure.gravatar.com\/avatar\/5c16c6837c3490270a74d888c2a845728f06bdde1f8761de1de1d1d1ef82d12f?s=96&d=mm&r=g\",\"caption\":\"Reginaldo Ribeiro\"}}]}<\/script>\n<!-- \/ Yoast SEO plugin. -->","yoast_head_json":{"title":"Caiado vistoria obras do Hospital Cora ao lado de Maiara & Maraisa e Gusttavo Lima - Jornal Ultimos Acontecimentos","robots":{"index":"index","follow":"follow","max-snippet":"max-snippet:-1","max-image-preview":"max-image-preview:large","max-video-preview":"max-video-preview:-1"},"canonical":"https:\/\/juacontecimentos.com.br\/site\/caiado-vistoria-obras-do-hospital-cora-ao-lado-de-maiara-maraisa-e-gusttavo-lima\/","og_locale":"pt_BR","og_type":"article","og_title":"Caiado vistoria obras do Hospital Cora ao lado de Maiara & Maraisa e Gusttavo Lima - Jornal Ultimos Acontecimentos","og_description":"Sertanejos comentaram sobre import\u00e2ncia da obra do primeiro hospital do c\u00e2ncer em Goi\u00e1s Por: Raphael Bezerra O governador Ronaldo Caiado (UB) visitou, na manh\u00e3 desta quinta-feira, 29, as obras do Complexo Oncol\u00f3gico de Refer\u00eancia do Estado de Goi\u00e1s (CORA). Alvo de a\u00e7\u00f5es de embargos por parte do PSDB, o Hospital est\u00e1 previsto para iniciar as","og_url":"https:\/\/juacontecimentos.com.br\/site\/caiado-vistoria-obras-do-hospital-cora-ao-lado-de-maiara-maraisa-e-gusttavo-lima\/","og_site_name":"Jornal Ultimos Acontecimentos","article_publisher":"https:\/\/www.facebook.com\/jultimosacontecimentos\/","article_published_time":"2023-11-29T19:24:35+00:00","og_image":[{"width":3434,"height":1980,"url":"https:\/\/juacontecimentos.com.br\/site\/wp-content\/uploads\/2023\/11\/Sem-t\u00edtulo-1.jpg","type":"image\/jpeg"}],"author":"Reginaldo Ribeiro","twitter_card":"summary_large_image","twitter_misc":{"Escrito por":"Reginaldo Ribeiro","Est. tempo de leitura":"3 minutos"},"schema":{"@context":"https:\/\/schema.org","@graph":[{"@type":"Article","@id":"https:\/\/juacontecimentos.com.br\/site\/caiado-vistoria-obras-do-hospital-cora-ao-lado-de-maiara-maraisa-e-gusttavo-lima\/#article","isPartOf":{"@id":"https:\/\/juacontecimentos.com.br\/site\/caiado-vistoria-obras-do-hospital-cora-ao-lado-de-maiara-maraisa-e-gusttavo-lima\/"},"author":{"name":"Reginaldo Ribeiro","@id":"https:\/\/juacontecimentos.com.br\/site\/#\/schema\/person\/082a54e6d3fdd7a633291428521c9669"},"headline":"Caiado vistoria obras do Hospital Cora ao lado de Maiara &#038; Maraisa e Gusttavo Lima","datePublished":"2023-11-29T19:24:35+00:00","mainEntityOfPage":{"@id":"https:\/\/juacontecimentos.com.br\/site\/caiado-vistoria-obras-do-hospital-cora-ao-lado-de-maiara-maraisa-e-gusttavo-lima\/"},"wordCount":554,"commentCount":0,"publisher":{"@id":"https:\/\/juacontecimentos.com.br\/site\/#organization"},"image":{"@id":"https:\/\/juacontecimentos.com.br\/site\/caiado-vistoria-obras-do-hospital-cora-ao-lado-de-maiara-maraisa-e-gusttavo-lima\/#primaryimage"},"thumbnailUrl":"https:\/\/juacontecimentos.com.br\/site\/wp-content\/uploads\/2023\/11\/Sem-t\u00edtulo-1.jpg","articleSection":["Brasil","Catal\u00e3o","Destaque","Goi\u00e1s"],"inLanguage":"pt-BR"},{"@type":"WebPage","@id":"https:\/\/juacontecimentos.com.br\/site\/caiado-vistoria-obras-do-hospital-cora-ao-lado-de-maiara-maraisa-e-gusttavo-lima\/","url":"https:\/\/juacontecimentos.com.br\/site\/caiado-vistoria-obras-do-hospital-cora-ao-lado-de-maiara-maraisa-e-gusttavo-lima\/","name":"Caiado vistoria obras do Hospital Cora ao lado de Maiara & Maraisa e Gusttavo Lima - Jornal Ultimos Acontecimentos","isPartOf":{"@id":"https:\/\/juacontecimentos.com.br\/site\/#website"},"primaryImageOfPage":{"@id":"https:\/\/juacontecimentos.com.br\/site\/caiado-vistoria-obras-do-hospital-cora-ao-lado-de-maiara-maraisa-e-gusttavo-lima\/#primaryimage"},"image":{"@id":"https:\/\/juacontecimentos.com.br\/site\/caiado-vistoria-obras-do-hospital-cora-ao-lado-de-maiara-maraisa-e-gusttavo-lima\/#primaryimage"},"thumbnailUrl":"https:\/\/juacontecimentos.com.br\/site\/wp-content\/uploads\/2023\/11\/Sem-t\u00edtulo-1.jpg","datePublished":"2023-11-29T19:24:35+00:00","breadcrumb":{"@id":"https:\/\/juacontecimentos.com.br\/site\/caiado-vistoria-obras-do-hospital-cora-ao-lado-de-maiara-maraisa-e-gusttavo-lima\/#breadcrumb"},"inLanguage":"pt-BR","potentialAction":[{"@type":"ReadAction","target":["https:\/\/juacontecimentos.com.br\/site\/caiado-vistoria-obras-do-hospital-cora-ao-lado-de-maiara-maraisa-e-gusttavo-lima\/"]}]},{"@type":"ImageObject","inLanguage":"pt-BR","@id":"https:\/\/juacontecimentos.com.br\/site\/caiado-vistoria-obras-do-hospital-cora-ao-lado-de-maiara-maraisa-e-gusttavo-lima\/#primaryimage","url":"https:\/\/juacontecimentos.com.br\/site\/wp-content\/uploads\/2023\/11\/Sem-t\u00edtulo-1.jpg","contentUrl":"https:\/\/juacontecimentos.com.br\/site\/wp-content\/uploads\/2023\/11\/Sem-t\u00edtulo-1.jpg","width":3434,"height":1980,"caption":"Governador Ronaldo Caiado ao lado da dupla sertaneja Maiara & Maraisa durante visita ao Hospital CORA | Foto: Leoiran\/Jornal Op\u00e7\u00e3o"},{"@type":"BreadcrumbList","@id":"https:\/\/juacontecimentos.com.br\/site\/caiado-vistoria-obras-do-hospital-cora-ao-lado-de-maiara-maraisa-e-gusttavo-lima\/#breadcrumb","itemListElement":[{"@type":"ListItem","position":1,"name":"In\u00edcio","item":"https:\/\/juacontecimentos.com.br\/site\/"},{"@type":"ListItem","position":2,"name":"Caiado vistoria obras do Hospital Cora ao lado de Maiara &#038; Maraisa e Gusttavo Lima"}]},{"@type":"WebSite","@id":"https:\/\/juacontecimentos.com.br\/site\/#website","url":"https:\/\/juacontecimentos.com.br\/site\/","name":"Jornal Ultimos Acontecimentos","description":"Catal\u00e3o e regi\u00e3o","publisher":{"@id":"https:\/\/juacontecimentos.com.br\/site\/#organization"},"potentialAction":[{"@type":"SearchAction","target":{"@type":"EntryPoint","urlTemplate":"https:\/\/juacontecimentos.com.br\/site\/?s={search_term_string}"},"query-input":{"@type":"PropertyValueSpecification","valueRequired":true,"valueName":"search_term_string"}}],"inLanguage":"pt-BR"},{"@type":"Organization","@id":"https:\/\/juacontecimentos.com.br\/site\/#organization","name":"Jornal Ultimos Acontecimentos","url":"https:\/\/juacontecimentos.com.br\/site\/","logo":{"@type":"ImageObject","inLanguage":"pt-BR","@id":"https:\/\/juacontecimentos.com.br\/site\/#\/schema\/logo\/image\/","url":"https:\/\/juacontecimentos.com.br\/site\/wp-content\/uploads\/2023\/04\/Logo_Site.png","contentUrl":"https:\/\/juacontecimentos.com.br\/site\/wp-content\/uploads\/2023\/04\/Logo_Site.png","width":2476,"height":530,"caption":"Jornal Ultimos Acontecimentos"},"image":{"@id":"https:\/\/juacontecimentos.com.br\/site\/#\/schema\/logo\/image\/"},"sameAs":["https:\/\/www.facebook.com\/jultimosacontecimentos\/"]},{"@type":"Person","@id":"https:\/\/juacontecimentos.com.br\/site\/#\/schema\/person\/082a54e6d3fdd7a633291428521c9669","name":"Reginaldo Ribeiro","image":{"@type":"ImageObject","inLanguage":"pt-BR","@id":"https:\/\/juacontecimentos.com.br\/site\/#\/schema\/person\/image\/","url":"https:\/\/secure.gravatar.com\/avatar\/5c16c6837c3490270a74d888c2a845728f06bdde1f8761de1de1d1d1ef82d12f?s=96&d=mm&r=g","contentUrl":"https:\/\/secure.gravatar.com\/avatar\/5c16c6837c3490270a74d888c2a845728f06bdde1f8761de1de1d1d1ef82d12f?s=96&d=mm&r=g","caption":"Reginaldo Ribeiro"}}]}},"_links":{"self":[{"href":"https:\/\/juacontecimentos.com.br\/site\/wp-json\/wp\/v2\/posts\/28611","targetHints":{"allow":["GET"]}}],"collection":[{"href":"https:\/\/juacontecimentos.com.br\/site\/wp-json\/wp\/v2\/posts"}],"about":[{"href":"https:\/\/juacontecimentos.com.br\/site\/wp-json\/wp\/v2\/types\/post"}],"author":[{"embeddable":true,"href":"https:\/\/juacontecimentos.com.br\/site\/wp-json\/wp\/v2\/users\/2"}],"replies":[{"embeddable":true,"href":"https:\/\/juacontecimentos.com.br\/site\/wp-json\/wp\/v2\/comments?post=28611"}],"version-history":[{"count":1,"href":"https:\/\/juacontecimentos.com.br\/site\/wp-json\/wp\/v2\/posts\/28611\/revisions"}],"predecessor-version":[{"id":28613,"href":"https:\/\/juacontecimentos.com.br\/site\/wp-json\/wp\/v2\/posts\/28611\/revisions\/28613"}],"wp:featuredmedia":[{"embeddable":true,"href":"https:\/\/juacontecimentos.com.br\/site\/wp-json\/wp\/v2\/media\/28612"}],"wp:attachment":[{"href":"https:\/\/juacontecimentos.com.br\/site\/wp-json\/wp\/v2\/media?parent=28611"}],"wp:term":[{"taxonomy":"category","embeddable":true,"href":"https:\/\/juacontecimentos.com.br\/site\/wp-json\/wp\/v2\/categories?post=28611"},{"taxonomy":"post_tag","embeddable":true,"href":"https:\/\/juacontecimentos.com.br\/site\/wp-json\/wp\/v2\/tags?post=28611"}],"curies":[{"name":"wp","href":"https:\/\/api.w.org\/{rel}","templated":true}]}}