{"id":29295,"date":"2024-01-30T15:10:48","date_gmt":"2024-01-30T18:10:48","guid":{"rendered":"https:\/\/juacontecimentos.com.br\/site\/?p=29295"},"modified":"2024-01-30T15:13:55","modified_gmt":"2024-01-30T18:13:55","slug":"forte-nas-redes-alego-somou-65-mil-seguidores-ao-final-de-2023","status":"publish","type":"post","link":"https:\/\/juacontecimentos.com.br\/site\/forte-nas-redes-alego-somou-65-mil-seguidores-ao-final-de-2023\/","title":{"rendered":"Forte nas redes, Alego somou 65 mil seguidores ao final de 2023"},"content":{"rendered":"<div id=\"attachment_29297\" style=\"width: 910px\" class=\"wp-caption alignnone\"><img loading=\"lazy\" decoding=\"async\" aria-describedby=\"caption-attachment-29297\" class=\"size-large wp-image-29297\" src=\"https:\/\/juacontecimentos.com.br\/site\/wp-content\/uploads\/2024\/01\/ffffffffffff-1024x624.jpg\" alt=\"\" width=\"900\" height=\"548\" srcset=\"https:\/\/juacontecimentos.com.br\/site\/wp-content\/uploads\/2024\/01\/ffffffffffff-1024x624.jpg 1024w, https:\/\/juacontecimentos.com.br\/site\/wp-content\/uploads\/2024\/01\/ffffffffffff-300x183.jpg 300w, https:\/\/juacontecimentos.com.br\/site\/wp-content\/uploads\/2024\/01\/ffffffffffff-768x468.jpg 768w\" sizes=\"auto, (max-width: 900px) 100vw, 900px\" \/><p id=\"caption-attachment-29297\" class=\"wp-caption-text\">Alinhado \u00e0s tend\u00eancias e em busca de marcar presen\u00e7a onde o povo est\u00e1, o Parlamento goiano atualiza continuamente seus perfis no Facebook, Instagram e X (antigo Twitter). O esfor\u00e7o \u00e9 empreendido pela se\u00e7\u00e3o de Publicidade, Imagem e Identidade Corporativa (SPI), parte da Diretoria de Informa\u00e7\u00e3o e Marketing. Em 2023, foram produzidos 5.408 posts para as contas da Casa nas redes sociais. Ao final do ano, o Parlamento goiano somou 46.212 seguidores no Instagram, 8.720 no Facebook e, no X, 10.874. No total, foram 65.806 mil.<\/p><\/div>\n\nO acesso \u00e0 internet \u00e9 realidade para 84% dos brasileiros com 10 ou mais anos de idade, indica pesquisa do Centro Regional de Estudos para o Desenvolvimento da Sociedade da Informa\u00e7\u00e3o. E, nesse universo digital, as redes sociais s\u00e3o prefer\u00eancia nacional. Conforme levantamento da Comscore (empresa dos Estados Unidos de an\u00e1lise da internet que fornece informa\u00e7\u00f5es a grandes empresas, ag\u00eancias de publicidade e de m\u00eddia em todo o mundo)<em>,\u00a0<\/em>o Brasil \u00e9 o terceiro pa\u00eds em que mais se usa essas plataformas.Alinhada com as tend\u00eancias e em busca de marcar presen\u00e7a onde o povo estiver, a Assembleia Legislativa do Estado de Goi\u00e1s (Alego) mant\u00e9m atualizados diariamente seus\u00a0perfis no\u00a0<a href=\"https:\/\/www.facebook.com\/AssembleiaGO\">Facebook<\/a>,\u00a0<a href=\"https:\/\/www.instagram.com\/assembleiago\/\">Instagram<\/a>\u00a0e\u00a0<a href=\"https:\/\/twitter.com\/assembleiago\">X (antigo Twitter)<\/a>. O esfor\u00e7o \u00e9 empreendido pela se\u00e7\u00e3o de Publicidade, Imagem e Identidade Corporativa (SPI), parte da Diretoria de Informa\u00e7\u00e3o e Marketing.Em 2023, foram produzidos 5.408 posts para as contas da Casa de Leis nas redes sociais. Ao final do ano, o Parlamento goiano somou 46.212 seguidores no Instagram, 8.720 no Facebook e, no X, 10.874. No total, foram 65.806 mil.<\/p>\n<p>Na avalia\u00e7\u00e3o do diretor da SPI, Vin\u00edcius Vilela, o primeiro ano da 20\u00aa Legislatura foi produtivo e rendeu bons resultados para as redes oficiais. \u201cA troca do quadro de parlamentares e as campanhas institucionais desenvolvidas no decorrer dos meses foram fatores que colaboraram especialmente para os ganhos que pudemos conquistar\u201d, pondera.<\/p>\n<p>As redes da Alego oferecem, regularmente, um raio-x com conte\u00fados atualizados sobre o Legislativo goiano. O usu\u00e1rio pode encontrar informa\u00e7\u00f5es de credibilidade sobre a pol\u00edtica, a Casa e Goi\u00e1s.<\/p>\n<p>No Instagram, entre\u00a0<em>feed<\/em>,\u00a0<em>stories\u00a0<\/em>e\u00a0<em>reels<\/em>, foram produzidos 3.459 posts. O campe\u00e3o de alcance foi um\u00a0<em>reels\u00a0<\/em>sobre a aprova\u00e7\u00e3o do\u00a0<a href=\"https:\/\/www.instagram.com\/reel\/Cr0l_saM5Gh\/\">projeto Fam\u00edlia Acolhedora<\/a>. A p\u00e1gina registrou 100 mil acessos, 7.990.751 impress\u00f5es [quantas vezes um post foi visto, mesmo quando um \u00fanico usu\u00e1rio entrou em contato com ele mais de uma vez] e alcan\u00e7ou de 401.517 contas. Do total de seguidores, a maioria, 41,7%, \u00e9 de Goi\u00e2nia, tem entre 25 e 44 anos (63,6%) e \u00e9 mulher (52,2%).<\/p>\n<p>J\u00e1 no Facebook, rede em que s\u00e3o feitas postagens no<em>\u00a0feed<\/em>\u00a0e\u00a0<em>stories<\/em>, a quantidade de publica\u00e7\u00f5es foi de 1.650. Por fim, o perfil do X foi respons\u00e1vel por 299 conte\u00fados do conjunto total das redes da Alego.<\/p>\n\n<span class=\"noticia__origem-label\">Ag\u00eancia Assembleia de Not\u00edcias<\/span>\n<p><\/p>\n","protected":false},"excerpt":{"rendered":"<p>O acesso \u00e0 internet \u00e9 realidade para 84% dos brasileiros com 10 ou mais anos de idade, indica pesquisa do Centro Regional de Estudos para o Desenvolvimento da Sociedade da Informa\u00e7\u00e3o. E, nesse universo digital, as redes sociais s\u00e3o prefer\u00eancia nacional. Conforme levantamento da Comscore (empresa dos Estados Unidos de an\u00e1lise da internet que fornece<\/p>\n","protected":false},"author":2,"featured_media":29297,"comment_status":"open","ping_status":"open","sticky":false,"template":"","format":"standard","meta":{"footnotes":""},"categories":[27,22,26,23],"tags":[],"class_list":["post-29295","post","type-post","status-publish","format-standard","has-post-thumbnail","hentry","category-brasil","category-catalao","category-destaque","category-goias"],"yoast_head":"<!-- This site is optimized with the Yoast SEO plugin v25.8 - https:\/\/yoast.com\/wordpress\/plugins\/seo\/ -->\n<title>Forte nas redes, Alego somou 65 mil seguidores ao final de 2023 - Jornal Ultimos Acontecimentos<\/title>\n<meta name=\"robots\" content=\"index, follow, max-snippet:-1, max-image-preview:large, max-video-preview:-1\" \/>\n<link rel=\"canonical\" href=\"https:\/\/juacontecimentos.com.br\/site\/forte-nas-redes-alego-somou-65-mil-seguidores-ao-final-de-2023\/\" \/>\n<meta property=\"og:locale\" content=\"pt_BR\" \/>\n<meta property=\"og:type\" content=\"article\" \/>\n<meta property=\"og:title\" content=\"Forte nas redes, Alego somou 65 mil seguidores ao final de 2023 - Jornal Ultimos Acontecimentos\" \/>\n<meta property=\"og:description\" content=\"O acesso \u00e0 internet \u00e9 realidade para 84% dos brasileiros com 10 ou mais anos de idade, indica pesquisa do Centro Regional de Estudos para o Desenvolvimento da Sociedade da Informa\u00e7\u00e3o. E, nesse universo digital, as redes sociais s\u00e3o prefer\u00eancia nacional. Conforme levantamento da Comscore (empresa dos Estados Unidos de an\u00e1lise da internet que fornece\" \/>\n<meta property=\"og:url\" content=\"https:\/\/juacontecimentos.com.br\/site\/forte-nas-redes-alego-somou-65-mil-seguidores-ao-final-de-2023\/\" \/>\n<meta property=\"og:site_name\" content=\"Jornal Ultimos Acontecimentos\" \/>\n<meta property=\"article:publisher\" content=\"https:\/\/www.facebook.com\/jultimosacontecimentos\/\" \/>\n<meta property=\"article:published_time\" content=\"2024-01-30T18:10:48+00:00\" \/>\n<meta property=\"article:modified_time\" content=\"2024-01-30T18:13:55+00:00\" \/>\n<meta property=\"og:image\" content=\"https:\/\/juacontecimentos.com.br\/site\/wp-content\/uploads\/2024\/01\/ffffffffffff.jpg\" \/>\n\t<meta property=\"og:image:width\" content=\"2241\" \/>\n\t<meta property=\"og:image:height\" content=\"1365\" \/>\n\t<meta property=\"og:image:type\" content=\"image\/jpeg\" \/>\n<meta name=\"author\" content=\"Reginaldo Ribeiro\" \/>\n<meta name=\"twitter:card\" content=\"summary_large_image\" \/>\n<meta name=\"twitter:label1\" content=\"Escrito por\" \/>\n\t<meta name=\"twitter:data1\" content=\"Reginaldo Ribeiro\" \/>\n\t<meta name=\"twitter:label2\" content=\"Est. tempo de leitura\" \/>\n\t<meta name=\"twitter:data2\" content=\"2 minutos\" \/>\n<script type=\"application\/ld+json\" class=\"yoast-schema-graph\">{\"@context\":\"https:\/\/schema.org\",\"@graph\":[{\"@type\":\"Article\",\"@id\":\"https:\/\/juacontecimentos.com.br\/site\/forte-nas-redes-alego-somou-65-mil-seguidores-ao-final-de-2023\/#article\",\"isPartOf\":{\"@id\":\"https:\/\/juacontecimentos.com.br\/site\/forte-nas-redes-alego-somou-65-mil-seguidores-ao-final-de-2023\/\"},\"author\":{\"name\":\"Reginaldo Ribeiro\",\"@id\":\"https:\/\/juacontecimentos.com.br\/site\/#\/schema\/person\/082a54e6d3fdd7a633291428521c9669\"},\"headline\":\"Forte nas redes, Alego somou 65 mil seguidores ao final de 2023\",\"datePublished\":\"2024-01-30T18:10:48+00:00\",\"dateModified\":\"2024-01-30T18:13:55+00:00\",\"mainEntityOfPage\":{\"@id\":\"https:\/\/juacontecimentos.com.br\/site\/forte-nas-redes-alego-somou-65-mil-seguidores-ao-final-de-2023\/\"},\"wordCount\":487,\"commentCount\":0,\"publisher\":{\"@id\":\"https:\/\/juacontecimentos.com.br\/site\/#organization\"},\"image\":{\"@id\":\"https:\/\/juacontecimentos.com.br\/site\/forte-nas-redes-alego-somou-65-mil-seguidores-ao-final-de-2023\/#primaryimage\"},\"thumbnailUrl\":\"https:\/\/juacontecimentos.com.br\/site\/wp-content\/uploads\/2024\/01\/ffffffffffff.jpg\",\"articleSection\":[\"Brasil\",\"Catal\u00e3o\",\"Destaque\",\"Goi\u00e1s\"],\"inLanguage\":\"pt-BR\"},{\"@type\":\"WebPage\",\"@id\":\"https:\/\/juacontecimentos.com.br\/site\/forte-nas-redes-alego-somou-65-mil-seguidores-ao-final-de-2023\/\",\"url\":\"https:\/\/juacontecimentos.com.br\/site\/forte-nas-redes-alego-somou-65-mil-seguidores-ao-final-de-2023\/\",\"name\":\"Forte nas redes, Alego somou 65 mil seguidores ao final de 2023 - Jornal Ultimos Acontecimentos\",\"isPartOf\":{\"@id\":\"https:\/\/juacontecimentos.com.br\/site\/#website\"},\"primaryImageOfPage\":{\"@id\":\"https:\/\/juacontecimentos.com.br\/site\/forte-nas-redes-alego-somou-65-mil-seguidores-ao-final-de-2023\/#primaryimage\"},\"image\":{\"@id\":\"https:\/\/juacontecimentos.com.br\/site\/forte-nas-redes-alego-somou-65-mil-seguidores-ao-final-de-2023\/#primaryimage\"},\"thumbnailUrl\":\"https:\/\/juacontecimentos.com.br\/site\/wp-content\/uploads\/2024\/01\/ffffffffffff.jpg\",\"datePublished\":\"2024-01-30T18:10:48+00:00\",\"dateModified\":\"2024-01-30T18:13:55+00:00\",\"breadcrumb\":{\"@id\":\"https:\/\/juacontecimentos.com.br\/site\/forte-nas-redes-alego-somou-65-mil-seguidores-ao-final-de-2023\/#breadcrumb\"},\"inLanguage\":\"pt-BR\",\"potentialAction\":[{\"@type\":\"ReadAction\",\"target\":[\"https:\/\/juacontecimentos.com.br\/site\/forte-nas-redes-alego-somou-65-mil-seguidores-ao-final-de-2023\/\"]}]},{\"@type\":\"ImageObject\",\"inLanguage\":\"pt-BR\",\"@id\":\"https:\/\/juacontecimentos.com.br\/site\/forte-nas-redes-alego-somou-65-mil-seguidores-ao-final-de-2023\/#primaryimage\",\"url\":\"https:\/\/juacontecimentos.com.br\/site\/wp-content\/uploads\/2024\/01\/ffffffffffff.jpg\",\"contentUrl\":\"https:\/\/juacontecimentos.com.br\/site\/wp-content\/uploads\/2024\/01\/ffffffffffff.jpg\",\"width\":2241,\"height\":1365,\"caption\":\"Alinhado \u00e0s tend\u00eancias e em busca de marcar presen\u00e7a onde o povo est\u00e1, o Parlamento goiano atualiza continuamente seus perfis no Facebook, Instagram e X (antigo Twitter). O esfor\u00e7o \u00e9 empreendido pela se\u00e7\u00e3o de Publicidade, Imagem e Identidade Corporativa (SPI), parte da Diretoria de Informa\u00e7\u00e3o e Marketing. Em 2023, foram produzidos 5.408 posts para as contas da Casa nas redes sociais. Ao final do ano, o Parlamento goiano somou 46.212 seguidores no Instagram, 8.720 no Facebook e, no X, 10.874. No total, foram 65.806 mil.\"},{\"@type\":\"BreadcrumbList\",\"@id\":\"https:\/\/juacontecimentos.com.br\/site\/forte-nas-redes-alego-somou-65-mil-seguidores-ao-final-de-2023\/#breadcrumb\",\"itemListElement\":[{\"@type\":\"ListItem\",\"position\":1,\"name\":\"In\u00edcio\",\"item\":\"https:\/\/juacontecimentos.com.br\/site\/\"},{\"@type\":\"ListItem\",\"position\":2,\"name\":\"Forte nas redes, Alego somou 65 mil seguidores ao final de 2023\"}]},{\"@type\":\"WebSite\",\"@id\":\"https:\/\/juacontecimentos.com.br\/site\/#website\",\"url\":\"https:\/\/juacontecimentos.com.br\/site\/\",\"name\":\"Jornal Ultimos Acontecimentos\",\"description\":\"Catal\u00e3o e regi\u00e3o\",\"publisher\":{\"@id\":\"https:\/\/juacontecimentos.com.br\/site\/#organization\"},\"potentialAction\":[{\"@type\":\"SearchAction\",\"target\":{\"@type\":\"EntryPoint\",\"urlTemplate\":\"https:\/\/juacontecimentos.com.br\/site\/?s={search_term_string}\"},\"query-input\":{\"@type\":\"PropertyValueSpecification\",\"valueRequired\":true,\"valueName\":\"search_term_string\"}}],\"inLanguage\":\"pt-BR\"},{\"@type\":\"Organization\",\"@id\":\"https:\/\/juacontecimentos.com.br\/site\/#organization\",\"name\":\"Jornal Ultimos Acontecimentos\",\"url\":\"https:\/\/juacontecimentos.com.br\/site\/\",\"logo\":{\"@type\":\"ImageObject\",\"inLanguage\":\"pt-BR\",\"@id\":\"https:\/\/juacontecimentos.com.br\/site\/#\/schema\/logo\/image\/\",\"url\":\"https:\/\/juacontecimentos.com.br\/site\/wp-content\/uploads\/2023\/04\/Logo_Site.png\",\"contentUrl\":\"https:\/\/juacontecimentos.com.br\/site\/wp-content\/uploads\/2023\/04\/Logo_Site.png\",\"width\":2476,\"height\":530,\"caption\":\"Jornal Ultimos Acontecimentos\"},\"image\":{\"@id\":\"https:\/\/juacontecimentos.com.br\/site\/#\/schema\/logo\/image\/\"},\"sameAs\":[\"https:\/\/www.facebook.com\/jultimosacontecimentos\/\"]},{\"@type\":\"Person\",\"@id\":\"https:\/\/juacontecimentos.com.br\/site\/#\/schema\/person\/082a54e6d3fdd7a633291428521c9669\",\"name\":\"Reginaldo Ribeiro\",\"image\":{\"@type\":\"ImageObject\",\"inLanguage\":\"pt-BR\",\"@id\":\"https:\/\/juacontecimentos.com.br\/site\/#\/schema\/person\/image\/\",\"url\":\"https:\/\/secure.gravatar.com\/avatar\/5c16c6837c3490270a74d888c2a845728f06bdde1f8761de1de1d1d1ef82d12f?s=96&d=mm&r=g\",\"contentUrl\":\"https:\/\/secure.gravatar.com\/avatar\/5c16c6837c3490270a74d888c2a845728f06bdde1f8761de1de1d1d1ef82d12f?s=96&d=mm&r=g\",\"caption\":\"Reginaldo Ribeiro\"}}]}<\/script>\n<!-- \/ Yoast SEO plugin. -->","yoast_head_json":{"title":"Forte nas redes, Alego somou 65 mil seguidores ao final de 2023 - Jornal Ultimos Acontecimentos","robots":{"index":"index","follow":"follow","max-snippet":"max-snippet:-1","max-image-preview":"max-image-preview:large","max-video-preview":"max-video-preview:-1"},"canonical":"https:\/\/juacontecimentos.com.br\/site\/forte-nas-redes-alego-somou-65-mil-seguidores-ao-final-de-2023\/","og_locale":"pt_BR","og_type":"article","og_title":"Forte nas redes, Alego somou 65 mil seguidores ao final de 2023 - Jornal Ultimos Acontecimentos","og_description":"O acesso \u00e0 internet \u00e9 realidade para 84% dos brasileiros com 10 ou mais anos de idade, indica pesquisa do Centro Regional de Estudos para o Desenvolvimento da Sociedade da Informa\u00e7\u00e3o. E, nesse universo digital, as redes sociais s\u00e3o prefer\u00eancia nacional. Conforme levantamento da Comscore (empresa dos Estados Unidos de an\u00e1lise da internet que fornece","og_url":"https:\/\/juacontecimentos.com.br\/site\/forte-nas-redes-alego-somou-65-mil-seguidores-ao-final-de-2023\/","og_site_name":"Jornal Ultimos Acontecimentos","article_publisher":"https:\/\/www.facebook.com\/jultimosacontecimentos\/","article_published_time":"2024-01-30T18:10:48+00:00","article_modified_time":"2024-01-30T18:13:55+00:00","og_image":[{"width":2241,"height":1365,"url":"https:\/\/juacontecimentos.com.br\/site\/wp-content\/uploads\/2024\/01\/ffffffffffff.jpg","type":"image\/jpeg"}],"author":"Reginaldo Ribeiro","twitter_card":"summary_large_image","twitter_misc":{"Escrito por":"Reginaldo Ribeiro","Est. tempo de leitura":"2 minutos"},"schema":{"@context":"https:\/\/schema.org","@graph":[{"@type":"Article","@id":"https:\/\/juacontecimentos.com.br\/site\/forte-nas-redes-alego-somou-65-mil-seguidores-ao-final-de-2023\/#article","isPartOf":{"@id":"https:\/\/juacontecimentos.com.br\/site\/forte-nas-redes-alego-somou-65-mil-seguidores-ao-final-de-2023\/"},"author":{"name":"Reginaldo Ribeiro","@id":"https:\/\/juacontecimentos.com.br\/site\/#\/schema\/person\/082a54e6d3fdd7a633291428521c9669"},"headline":"Forte nas redes, Alego somou 65 mil seguidores ao final de 2023","datePublished":"2024-01-30T18:10:48+00:00","dateModified":"2024-01-30T18:13:55+00:00","mainEntityOfPage":{"@id":"https:\/\/juacontecimentos.com.br\/site\/forte-nas-redes-alego-somou-65-mil-seguidores-ao-final-de-2023\/"},"wordCount":487,"commentCount":0,"publisher":{"@id":"https:\/\/juacontecimentos.com.br\/site\/#organization"},"image":{"@id":"https:\/\/juacontecimentos.com.br\/site\/forte-nas-redes-alego-somou-65-mil-seguidores-ao-final-de-2023\/#primaryimage"},"thumbnailUrl":"https:\/\/juacontecimentos.com.br\/site\/wp-content\/uploads\/2024\/01\/ffffffffffff.jpg","articleSection":["Brasil","Catal\u00e3o","Destaque","Goi\u00e1s"],"inLanguage":"pt-BR"},{"@type":"WebPage","@id":"https:\/\/juacontecimentos.com.br\/site\/forte-nas-redes-alego-somou-65-mil-seguidores-ao-final-de-2023\/","url":"https:\/\/juacontecimentos.com.br\/site\/forte-nas-redes-alego-somou-65-mil-seguidores-ao-final-de-2023\/","name":"Forte nas redes, Alego somou 65 mil seguidores ao final de 2023 - Jornal Ultimos Acontecimentos","isPartOf":{"@id":"https:\/\/juacontecimentos.com.br\/site\/#website"},"primaryImageOfPage":{"@id":"https:\/\/juacontecimentos.com.br\/site\/forte-nas-redes-alego-somou-65-mil-seguidores-ao-final-de-2023\/#primaryimage"},"image":{"@id":"https:\/\/juacontecimentos.com.br\/site\/forte-nas-redes-alego-somou-65-mil-seguidores-ao-final-de-2023\/#primaryimage"},"thumbnailUrl":"https:\/\/juacontecimentos.com.br\/site\/wp-content\/uploads\/2024\/01\/ffffffffffff.jpg","datePublished":"2024-01-30T18:10:48+00:00","dateModified":"2024-01-30T18:13:55+00:00","breadcrumb":{"@id":"https:\/\/juacontecimentos.com.br\/site\/forte-nas-redes-alego-somou-65-mil-seguidores-ao-final-de-2023\/#breadcrumb"},"inLanguage":"pt-BR","potentialAction":[{"@type":"ReadAction","target":["https:\/\/juacontecimentos.com.br\/site\/forte-nas-redes-alego-somou-65-mil-seguidores-ao-final-de-2023\/"]}]},{"@type":"ImageObject","inLanguage":"pt-BR","@id":"https:\/\/juacontecimentos.com.br\/site\/forte-nas-redes-alego-somou-65-mil-seguidores-ao-final-de-2023\/#primaryimage","url":"https:\/\/juacontecimentos.com.br\/site\/wp-content\/uploads\/2024\/01\/ffffffffffff.jpg","contentUrl":"https:\/\/juacontecimentos.com.br\/site\/wp-content\/uploads\/2024\/01\/ffffffffffff.jpg","width":2241,"height":1365,"caption":"Alinhado \u00e0s tend\u00eancias e em busca de marcar presen\u00e7a onde o povo est\u00e1, o Parlamento goiano atualiza continuamente seus perfis no Facebook, Instagram e X (antigo Twitter). O esfor\u00e7o \u00e9 empreendido pela se\u00e7\u00e3o de Publicidade, Imagem e Identidade Corporativa (SPI), parte da Diretoria de Informa\u00e7\u00e3o e Marketing. Em 2023, foram produzidos 5.408 posts para as contas da Casa nas redes sociais. Ao final do ano, o Parlamento goiano somou 46.212 seguidores no Instagram, 8.720 no Facebook e, no X, 10.874. No total, foram 65.806 mil."},{"@type":"BreadcrumbList","@id":"https:\/\/juacontecimentos.com.br\/site\/forte-nas-redes-alego-somou-65-mil-seguidores-ao-final-de-2023\/#breadcrumb","itemListElement":[{"@type":"ListItem","position":1,"name":"In\u00edcio","item":"https:\/\/juacontecimentos.com.br\/site\/"},{"@type":"ListItem","position":2,"name":"Forte nas redes, Alego somou 65 mil seguidores ao final de 2023"}]},{"@type":"WebSite","@id":"https:\/\/juacontecimentos.com.br\/site\/#website","url":"https:\/\/juacontecimentos.com.br\/site\/","name":"Jornal Ultimos Acontecimentos","description":"Catal\u00e3o e regi\u00e3o","publisher":{"@id":"https:\/\/juacontecimentos.com.br\/site\/#organization"},"potentialAction":[{"@type":"SearchAction","target":{"@type":"EntryPoint","urlTemplate":"https:\/\/juacontecimentos.com.br\/site\/?s={search_term_string}"},"query-input":{"@type":"PropertyValueSpecification","valueRequired":true,"valueName":"search_term_string"}}],"inLanguage":"pt-BR"},{"@type":"Organization","@id":"https:\/\/juacontecimentos.com.br\/site\/#organization","name":"Jornal Ultimos Acontecimentos","url":"https:\/\/juacontecimentos.com.br\/site\/","logo":{"@type":"ImageObject","inLanguage":"pt-BR","@id":"https:\/\/juacontecimentos.com.br\/site\/#\/schema\/logo\/image\/","url":"https:\/\/juacontecimentos.com.br\/site\/wp-content\/uploads\/2023\/04\/Logo_Site.png","contentUrl":"https:\/\/juacontecimentos.com.br\/site\/wp-content\/uploads\/2023\/04\/Logo_Site.png","width":2476,"height":530,"caption":"Jornal Ultimos Acontecimentos"},"image":{"@id":"https:\/\/juacontecimentos.com.br\/site\/#\/schema\/logo\/image\/"},"sameAs":["https:\/\/www.facebook.com\/jultimosacontecimentos\/"]},{"@type":"Person","@id":"https:\/\/juacontecimentos.com.br\/site\/#\/schema\/person\/082a54e6d3fdd7a633291428521c9669","name":"Reginaldo Ribeiro","image":{"@type":"ImageObject","inLanguage":"pt-BR","@id":"https:\/\/juacontecimentos.com.br\/site\/#\/schema\/person\/image\/","url":"https:\/\/secure.gravatar.com\/avatar\/5c16c6837c3490270a74d888c2a845728f06bdde1f8761de1de1d1d1ef82d12f?s=96&d=mm&r=g","contentUrl":"https:\/\/secure.gravatar.com\/avatar\/5c16c6837c3490270a74d888c2a845728f06bdde1f8761de1de1d1d1ef82d12f?s=96&d=mm&r=g","caption":"Reginaldo Ribeiro"}}]}},"_links":{"self":[{"href":"https:\/\/juacontecimentos.com.br\/site\/wp-json\/wp\/v2\/posts\/29295","targetHints":{"allow":["GET"]}}],"collection":[{"href":"https:\/\/juacontecimentos.com.br\/site\/wp-json\/wp\/v2\/posts"}],"about":[{"href":"https:\/\/juacontecimentos.com.br\/site\/wp-json\/wp\/v2\/types\/post"}],"author":[{"embeddable":true,"href":"https:\/\/juacontecimentos.com.br\/site\/wp-json\/wp\/v2\/users\/2"}],"replies":[{"embeddable":true,"href":"https:\/\/juacontecimentos.com.br\/site\/wp-json\/wp\/v2\/comments?post=29295"}],"version-history":[{"count":3,"href":"https:\/\/juacontecimentos.com.br\/site\/wp-json\/wp\/v2\/posts\/29295\/revisions"}],"predecessor-version":[{"id":29299,"href":"https:\/\/juacontecimentos.com.br\/site\/wp-json\/wp\/v2\/posts\/29295\/revisions\/29299"}],"wp:featuredmedia":[{"embeddable":true,"href":"https:\/\/juacontecimentos.com.br\/site\/wp-json\/wp\/v2\/media\/29297"}],"wp:attachment":[{"href":"https:\/\/juacontecimentos.com.br\/site\/wp-json\/wp\/v2\/media?parent=29295"}],"wp:term":[{"taxonomy":"category","embeddable":true,"href":"https:\/\/juacontecimentos.com.br\/site\/wp-json\/wp\/v2\/categories?post=29295"},{"taxonomy":"post_tag","embeddable":true,"href":"https:\/\/juacontecimentos.com.br\/site\/wp-json\/wp\/v2\/tags?post=29295"}],"curies":[{"name":"wp","href":"https:\/\/api.w.org\/{rel}","templated":true}]}}