{"id":31935,"date":"2024-06-04T16:46:23","date_gmt":"2024-06-04T19:46:23","guid":{"rendered":"https:\/\/juacontecimentos.com.br\/site\/?p=31935"},"modified":"2024-06-04T16:47:57","modified_gmt":"2024-06-04T19:47:57","slug":"plano-de-acao-de-emergencia-seguranca-de-barragem-comunicado-sefac","status":"publish","type":"post","link":"https:\/\/juacontecimentos.com.br\/site\/plano-de-acao-de-emergencia-seguranca-de-barragem-comunicado-sefac\/","title":{"rendered":"Plano de A\u00e7\u00e3o de Emerg\u00eancia &#8211; seguran\u00e7a de barragem &#8211; comunicado SEFAC"},"content":{"rendered":"<p><img loading=\"lazy\" decoding=\"async\" class=\"alignnone  wp-image-31936\" src=\"https:\/\/juacontecimentos.com.br\/site\/wp-content\/uploads\/2024\/06\/ccccccccccccccc-1024x619.jpg\" alt=\"\" width=\"1022\" height=\"618\" srcset=\"https:\/\/juacontecimentos.com.br\/site\/wp-content\/uploads\/2024\/06\/ccccccccccccccc-1024x619.jpg 1024w, https:\/\/juacontecimentos.com.br\/site\/wp-content\/uploads\/2024\/06\/ccccccccccccccc-300x181.jpg 300w, https:\/\/juacontecimentos.com.br\/site\/wp-content\/uploads\/2024\/06\/ccccccccccccccc-768x464.jpg 768w\" sizes=\"auto, (max-width: 1022px) 100vw, 1022px\" \/><\/p>\n<p>No dia 7 de junho, \u00e0s 14 horas, a Sefac e agentes da Defesa Civil realizar\u00e3o simulado de evacua\u00e7\u00e3o definido no Plano de A\u00e7\u00e3o de Emerg\u00eancia de Seguran\u00e7a de Barragem para as pessoas da comunidade de Var\u00e3o que foram previamente cadastradas.<\/p>\n<p>Para a tranquilidade de todos, a Sefac reafirma que a barragem da Usina Serra do Fac\u00e3o \u00e9 constantemente monitorada, n\u00e3o corre qualquer risco de rompimento e est\u00e1 em condi\u00e7\u00e3o normal de opera\u00e7\u00e3o.<\/p>\n<p>A participa\u00e7\u00e3o da comunidade de Var\u00e3o \u00e9 muito importante para compreender como se d\u00e1 esse processo, que visa garantir deslocamentos organizados e com toda a seguran\u00e7a.<\/p>\n<p>A realiza\u00e7\u00e3o desse simulado \u00e9 uma a\u00e7\u00e3o preventiva, um compromisso da Serra do Fac\u00e3o Energia com a vida e a seguran\u00e7a dos moradores da \u00e1rea de influ\u00eancia da usina.<br \/>\n<\/p>\n","protected":false},"excerpt":{"rendered":"<p>No dia 7 de junho, \u00e0s 14 horas, a Sefac e agentes da Defesa Civil realizar\u00e3o simulado de evacua\u00e7\u00e3o definido no Plano de A\u00e7\u00e3o de Emerg\u00eancia de Seguran\u00e7a de Barragem para as pessoas da comunidade de Var\u00e3o que foram previamente cadastradas. Para a tranquilidade de todos, a Sefac reafirma que a barragem da Usina Serra<\/p>\n","protected":false},"author":2,"featured_media":31936,"comment_status":"open","ping_status":"open","sticky":false,"template":"","format":"standard","meta":{"footnotes":""},"categories":[27,22,26,23],"tags":[],"class_list":["post-31935","post","type-post","status-publish","format-standard","has-post-thumbnail","hentry","category-brasil","category-catalao","category-destaque","category-goias"],"yoast_head":"<!-- This site is optimized with the Yoast SEO plugin v25.8 - https:\/\/yoast.com\/wordpress\/plugins\/seo\/ -->\n<title>Plano de A\u00e7\u00e3o de Emerg\u00eancia - seguran\u00e7a de barragem - comunicado SEFAC - Jornal Ultimos Acontecimentos<\/title>\n<meta name=\"robots\" content=\"index, follow, max-snippet:-1, max-image-preview:large, max-video-preview:-1\" \/>\n<link rel=\"canonical\" href=\"https:\/\/juacontecimentos.com.br\/site\/plano-de-acao-de-emergencia-seguranca-de-barragem-comunicado-sefac\/\" \/>\n<meta property=\"og:locale\" content=\"pt_BR\" \/>\n<meta property=\"og:type\" content=\"article\" \/>\n<meta property=\"og:title\" content=\"Plano de A\u00e7\u00e3o de Emerg\u00eancia - seguran\u00e7a de barragem - comunicado SEFAC - Jornal Ultimos Acontecimentos\" \/>\n<meta property=\"og:description\" content=\"No dia 7 de junho, \u00e0s 14 horas, a Sefac e agentes da Defesa Civil realizar\u00e3o simulado de evacua\u00e7\u00e3o definido no Plano de A\u00e7\u00e3o de Emerg\u00eancia de Seguran\u00e7a de Barragem para as pessoas da comunidade de Var\u00e3o que foram previamente cadastradas. Para a tranquilidade de todos, a Sefac reafirma que a barragem da Usina Serra\" \/>\n<meta property=\"og:url\" content=\"https:\/\/juacontecimentos.com.br\/site\/plano-de-acao-de-emergencia-seguranca-de-barragem-comunicado-sefac\/\" \/>\n<meta property=\"og:site_name\" content=\"Jornal Ultimos Acontecimentos\" \/>\n<meta property=\"article:publisher\" content=\"https:\/\/www.facebook.com\/jultimosacontecimentos\/\" \/>\n<meta property=\"article:published_time\" content=\"2024-06-04T19:46:23+00:00\" \/>\n<meta property=\"article:modified_time\" content=\"2024-06-04T19:47:57+00:00\" \/>\n<meta property=\"og:image\" content=\"https:\/\/juacontecimentos.com.br\/site\/wp-content\/uploads\/2024\/06\/ccccccccccccccc.jpg\" \/>\n\t<meta property=\"og:image:width\" content=\"3522\" \/>\n\t<meta property=\"og:image:height\" content=\"2128\" \/>\n\t<meta property=\"og:image:type\" content=\"image\/jpeg\" \/>\n<meta name=\"author\" content=\"Reginaldo Ribeiro\" \/>\n<meta name=\"twitter:card\" content=\"summary_large_image\" \/>\n<meta name=\"twitter:label1\" content=\"Escrito por\" \/>\n\t<meta name=\"twitter:data1\" content=\"Reginaldo Ribeiro\" \/>\n\t<meta name=\"twitter:label2\" content=\"Est. tempo de leitura\" \/>\n\t<meta name=\"twitter:data2\" content=\"1 minuto\" \/>\n<script type=\"application\/ld+json\" class=\"yoast-schema-graph\">{\"@context\":\"https:\/\/schema.org\",\"@graph\":[{\"@type\":\"Article\",\"@id\":\"https:\/\/juacontecimentos.com.br\/site\/plano-de-acao-de-emergencia-seguranca-de-barragem-comunicado-sefac\/#article\",\"isPartOf\":{\"@id\":\"https:\/\/juacontecimentos.com.br\/site\/plano-de-acao-de-emergencia-seguranca-de-barragem-comunicado-sefac\/\"},\"author\":{\"name\":\"Reginaldo Ribeiro\",\"@id\":\"https:\/\/juacontecimentos.com.br\/site\/#\/schema\/person\/082a54e6d3fdd7a633291428521c9669\"},\"headline\":\"Plano de A\u00e7\u00e3o de Emerg\u00eancia &#8211; seguran\u00e7a de barragem &#8211; comunicado SEFAC\",\"datePublished\":\"2024-06-04T19:46:23+00:00\",\"dateModified\":\"2024-06-04T19:47:57+00:00\",\"mainEntityOfPage\":{\"@id\":\"https:\/\/juacontecimentos.com.br\/site\/plano-de-acao-de-emergencia-seguranca-de-barragem-comunicado-sefac\/\"},\"wordCount\":156,\"commentCount\":0,\"publisher\":{\"@id\":\"https:\/\/juacontecimentos.com.br\/site\/#organization\"},\"image\":{\"@id\":\"https:\/\/juacontecimentos.com.br\/site\/plano-de-acao-de-emergencia-seguranca-de-barragem-comunicado-sefac\/#primaryimage\"},\"thumbnailUrl\":\"https:\/\/juacontecimentos.com.br\/site\/wp-content\/uploads\/2024\/06\/ccccccccccccccc.jpg\",\"articleSection\":[\"Brasil\",\"Catal\u00e3o\",\"Destaque\",\"Goi\u00e1s\"],\"inLanguage\":\"pt-BR\"},{\"@type\":\"WebPage\",\"@id\":\"https:\/\/juacontecimentos.com.br\/site\/plano-de-acao-de-emergencia-seguranca-de-barragem-comunicado-sefac\/\",\"url\":\"https:\/\/juacontecimentos.com.br\/site\/plano-de-acao-de-emergencia-seguranca-de-barragem-comunicado-sefac\/\",\"name\":\"Plano de A\u00e7\u00e3o de Emerg\u00eancia - seguran\u00e7a de barragem - comunicado SEFAC - Jornal Ultimos Acontecimentos\",\"isPartOf\":{\"@id\":\"https:\/\/juacontecimentos.com.br\/site\/#website\"},\"primaryImageOfPage\":{\"@id\":\"https:\/\/juacontecimentos.com.br\/site\/plano-de-acao-de-emergencia-seguranca-de-barragem-comunicado-sefac\/#primaryimage\"},\"image\":{\"@id\":\"https:\/\/juacontecimentos.com.br\/site\/plano-de-acao-de-emergencia-seguranca-de-barragem-comunicado-sefac\/#primaryimage\"},\"thumbnailUrl\":\"https:\/\/juacontecimentos.com.br\/site\/wp-content\/uploads\/2024\/06\/ccccccccccccccc.jpg\",\"datePublished\":\"2024-06-04T19:46:23+00:00\",\"dateModified\":\"2024-06-04T19:47:57+00:00\",\"breadcrumb\":{\"@id\":\"https:\/\/juacontecimentos.com.br\/site\/plano-de-acao-de-emergencia-seguranca-de-barragem-comunicado-sefac\/#breadcrumb\"},\"inLanguage\":\"pt-BR\",\"potentialAction\":[{\"@type\":\"ReadAction\",\"target\":[\"https:\/\/juacontecimentos.com.br\/site\/plano-de-acao-de-emergencia-seguranca-de-barragem-comunicado-sefac\/\"]}]},{\"@type\":\"ImageObject\",\"inLanguage\":\"pt-BR\",\"@id\":\"https:\/\/juacontecimentos.com.br\/site\/plano-de-acao-de-emergencia-seguranca-de-barragem-comunicado-sefac\/#primaryimage\",\"url\":\"https:\/\/juacontecimentos.com.br\/site\/wp-content\/uploads\/2024\/06\/ccccccccccccccc.jpg\",\"contentUrl\":\"https:\/\/juacontecimentos.com.br\/site\/wp-content\/uploads\/2024\/06\/ccccccccccccccc.jpg\",\"width\":3522,\"height\":2128},{\"@type\":\"BreadcrumbList\",\"@id\":\"https:\/\/juacontecimentos.com.br\/site\/plano-de-acao-de-emergencia-seguranca-de-barragem-comunicado-sefac\/#breadcrumb\",\"itemListElement\":[{\"@type\":\"ListItem\",\"position\":1,\"name\":\"In\u00edcio\",\"item\":\"https:\/\/juacontecimentos.com.br\/site\/\"},{\"@type\":\"ListItem\",\"position\":2,\"name\":\"Plano de A\u00e7\u00e3o de Emerg\u00eancia &#8211; seguran\u00e7a de barragem &#8211; comunicado SEFAC\"}]},{\"@type\":\"WebSite\",\"@id\":\"https:\/\/juacontecimentos.com.br\/site\/#website\",\"url\":\"https:\/\/juacontecimentos.com.br\/site\/\",\"name\":\"Jornal Ultimos Acontecimentos\",\"description\":\"Catal\u00e3o e regi\u00e3o\",\"publisher\":{\"@id\":\"https:\/\/juacontecimentos.com.br\/site\/#organization\"},\"potentialAction\":[{\"@type\":\"SearchAction\",\"target\":{\"@type\":\"EntryPoint\",\"urlTemplate\":\"https:\/\/juacontecimentos.com.br\/site\/?s={search_term_string}\"},\"query-input\":{\"@type\":\"PropertyValueSpecification\",\"valueRequired\":true,\"valueName\":\"search_term_string\"}}],\"inLanguage\":\"pt-BR\"},{\"@type\":\"Organization\",\"@id\":\"https:\/\/juacontecimentos.com.br\/site\/#organization\",\"name\":\"Jornal Ultimos Acontecimentos\",\"url\":\"https:\/\/juacontecimentos.com.br\/site\/\",\"logo\":{\"@type\":\"ImageObject\",\"inLanguage\":\"pt-BR\",\"@id\":\"https:\/\/juacontecimentos.com.br\/site\/#\/schema\/logo\/image\/\",\"url\":\"https:\/\/juacontecimentos.com.br\/site\/wp-content\/uploads\/2023\/04\/Logo_Site.png\",\"contentUrl\":\"https:\/\/juacontecimentos.com.br\/site\/wp-content\/uploads\/2023\/04\/Logo_Site.png\",\"width\":2476,\"height\":530,\"caption\":\"Jornal Ultimos Acontecimentos\"},\"image\":{\"@id\":\"https:\/\/juacontecimentos.com.br\/site\/#\/schema\/logo\/image\/\"},\"sameAs\":[\"https:\/\/www.facebook.com\/jultimosacontecimentos\/\"]},{\"@type\":\"Person\",\"@id\":\"https:\/\/juacontecimentos.com.br\/site\/#\/schema\/person\/082a54e6d3fdd7a633291428521c9669\",\"name\":\"Reginaldo Ribeiro\",\"image\":{\"@type\":\"ImageObject\",\"inLanguage\":\"pt-BR\",\"@id\":\"https:\/\/juacontecimentos.com.br\/site\/#\/schema\/person\/image\/\",\"url\":\"https:\/\/secure.gravatar.com\/avatar\/5c16c6837c3490270a74d888c2a845728f06bdde1f8761de1de1d1d1ef82d12f?s=96&d=mm&r=g\",\"contentUrl\":\"https:\/\/secure.gravatar.com\/avatar\/5c16c6837c3490270a74d888c2a845728f06bdde1f8761de1de1d1d1ef82d12f?s=96&d=mm&r=g\",\"caption\":\"Reginaldo Ribeiro\"}}]}<\/script>\n<!-- \/ Yoast SEO plugin. -->","yoast_head_json":{"title":"Plano de A\u00e7\u00e3o de Emerg\u00eancia - seguran\u00e7a de barragem - comunicado SEFAC - Jornal Ultimos Acontecimentos","robots":{"index":"index","follow":"follow","max-snippet":"max-snippet:-1","max-image-preview":"max-image-preview:large","max-video-preview":"max-video-preview:-1"},"canonical":"https:\/\/juacontecimentos.com.br\/site\/plano-de-acao-de-emergencia-seguranca-de-barragem-comunicado-sefac\/","og_locale":"pt_BR","og_type":"article","og_title":"Plano de A\u00e7\u00e3o de Emerg\u00eancia - seguran\u00e7a de barragem - comunicado SEFAC - Jornal Ultimos Acontecimentos","og_description":"No dia 7 de junho, \u00e0s 14 horas, a Sefac e agentes da Defesa Civil realizar\u00e3o simulado de evacua\u00e7\u00e3o definido no Plano de A\u00e7\u00e3o de Emerg\u00eancia de Seguran\u00e7a de Barragem para as pessoas da comunidade de Var\u00e3o que foram previamente cadastradas. Para a tranquilidade de todos, a Sefac reafirma que a barragem da Usina Serra","og_url":"https:\/\/juacontecimentos.com.br\/site\/plano-de-acao-de-emergencia-seguranca-de-barragem-comunicado-sefac\/","og_site_name":"Jornal Ultimos Acontecimentos","article_publisher":"https:\/\/www.facebook.com\/jultimosacontecimentos\/","article_published_time":"2024-06-04T19:46:23+00:00","article_modified_time":"2024-06-04T19:47:57+00:00","og_image":[{"width":3522,"height":2128,"url":"https:\/\/juacontecimentos.com.br\/site\/wp-content\/uploads\/2024\/06\/ccccccccccccccc.jpg","type":"image\/jpeg"}],"author":"Reginaldo Ribeiro","twitter_card":"summary_large_image","twitter_misc":{"Escrito por":"Reginaldo Ribeiro","Est. tempo de leitura":"1 minuto"},"schema":{"@context":"https:\/\/schema.org","@graph":[{"@type":"Article","@id":"https:\/\/juacontecimentos.com.br\/site\/plano-de-acao-de-emergencia-seguranca-de-barragem-comunicado-sefac\/#article","isPartOf":{"@id":"https:\/\/juacontecimentos.com.br\/site\/plano-de-acao-de-emergencia-seguranca-de-barragem-comunicado-sefac\/"},"author":{"name":"Reginaldo Ribeiro","@id":"https:\/\/juacontecimentos.com.br\/site\/#\/schema\/person\/082a54e6d3fdd7a633291428521c9669"},"headline":"Plano de A\u00e7\u00e3o de Emerg\u00eancia &#8211; seguran\u00e7a de barragem &#8211; comunicado SEFAC","datePublished":"2024-06-04T19:46:23+00:00","dateModified":"2024-06-04T19:47:57+00:00","mainEntityOfPage":{"@id":"https:\/\/juacontecimentos.com.br\/site\/plano-de-acao-de-emergencia-seguranca-de-barragem-comunicado-sefac\/"},"wordCount":156,"commentCount":0,"publisher":{"@id":"https:\/\/juacontecimentos.com.br\/site\/#organization"},"image":{"@id":"https:\/\/juacontecimentos.com.br\/site\/plano-de-acao-de-emergencia-seguranca-de-barragem-comunicado-sefac\/#primaryimage"},"thumbnailUrl":"https:\/\/juacontecimentos.com.br\/site\/wp-content\/uploads\/2024\/06\/ccccccccccccccc.jpg","articleSection":["Brasil","Catal\u00e3o","Destaque","Goi\u00e1s"],"inLanguage":"pt-BR"},{"@type":"WebPage","@id":"https:\/\/juacontecimentos.com.br\/site\/plano-de-acao-de-emergencia-seguranca-de-barragem-comunicado-sefac\/","url":"https:\/\/juacontecimentos.com.br\/site\/plano-de-acao-de-emergencia-seguranca-de-barragem-comunicado-sefac\/","name":"Plano de A\u00e7\u00e3o de Emerg\u00eancia - seguran\u00e7a de barragem - comunicado SEFAC - Jornal Ultimos Acontecimentos","isPartOf":{"@id":"https:\/\/juacontecimentos.com.br\/site\/#website"},"primaryImageOfPage":{"@id":"https:\/\/juacontecimentos.com.br\/site\/plano-de-acao-de-emergencia-seguranca-de-barragem-comunicado-sefac\/#primaryimage"},"image":{"@id":"https:\/\/juacontecimentos.com.br\/site\/plano-de-acao-de-emergencia-seguranca-de-barragem-comunicado-sefac\/#primaryimage"},"thumbnailUrl":"https:\/\/juacontecimentos.com.br\/site\/wp-content\/uploads\/2024\/06\/ccccccccccccccc.jpg","datePublished":"2024-06-04T19:46:23+00:00","dateModified":"2024-06-04T19:47:57+00:00","breadcrumb":{"@id":"https:\/\/juacontecimentos.com.br\/site\/plano-de-acao-de-emergencia-seguranca-de-barragem-comunicado-sefac\/#breadcrumb"},"inLanguage":"pt-BR","potentialAction":[{"@type":"ReadAction","target":["https:\/\/juacontecimentos.com.br\/site\/plano-de-acao-de-emergencia-seguranca-de-barragem-comunicado-sefac\/"]}]},{"@type":"ImageObject","inLanguage":"pt-BR","@id":"https:\/\/juacontecimentos.com.br\/site\/plano-de-acao-de-emergencia-seguranca-de-barragem-comunicado-sefac\/#primaryimage","url":"https:\/\/juacontecimentos.com.br\/site\/wp-content\/uploads\/2024\/06\/ccccccccccccccc.jpg","contentUrl":"https:\/\/juacontecimentos.com.br\/site\/wp-content\/uploads\/2024\/06\/ccccccccccccccc.jpg","width":3522,"height":2128},{"@type":"BreadcrumbList","@id":"https:\/\/juacontecimentos.com.br\/site\/plano-de-acao-de-emergencia-seguranca-de-barragem-comunicado-sefac\/#breadcrumb","itemListElement":[{"@type":"ListItem","position":1,"name":"In\u00edcio","item":"https:\/\/juacontecimentos.com.br\/site\/"},{"@type":"ListItem","position":2,"name":"Plano de A\u00e7\u00e3o de Emerg\u00eancia &#8211; seguran\u00e7a de barragem &#8211; comunicado SEFAC"}]},{"@type":"WebSite","@id":"https:\/\/juacontecimentos.com.br\/site\/#website","url":"https:\/\/juacontecimentos.com.br\/site\/","name":"Jornal Ultimos Acontecimentos","description":"Catal\u00e3o e regi\u00e3o","publisher":{"@id":"https:\/\/juacontecimentos.com.br\/site\/#organization"},"potentialAction":[{"@type":"SearchAction","target":{"@type":"EntryPoint","urlTemplate":"https:\/\/juacontecimentos.com.br\/site\/?s={search_term_string}"},"query-input":{"@type":"PropertyValueSpecification","valueRequired":true,"valueName":"search_term_string"}}],"inLanguage":"pt-BR"},{"@type":"Organization","@id":"https:\/\/juacontecimentos.com.br\/site\/#organization","name":"Jornal Ultimos Acontecimentos","url":"https:\/\/juacontecimentos.com.br\/site\/","logo":{"@type":"ImageObject","inLanguage":"pt-BR","@id":"https:\/\/juacontecimentos.com.br\/site\/#\/schema\/logo\/image\/","url":"https:\/\/juacontecimentos.com.br\/site\/wp-content\/uploads\/2023\/04\/Logo_Site.png","contentUrl":"https:\/\/juacontecimentos.com.br\/site\/wp-content\/uploads\/2023\/04\/Logo_Site.png","width":2476,"height":530,"caption":"Jornal Ultimos Acontecimentos"},"image":{"@id":"https:\/\/juacontecimentos.com.br\/site\/#\/schema\/logo\/image\/"},"sameAs":["https:\/\/www.facebook.com\/jultimosacontecimentos\/"]},{"@type":"Person","@id":"https:\/\/juacontecimentos.com.br\/site\/#\/schema\/person\/082a54e6d3fdd7a633291428521c9669","name":"Reginaldo Ribeiro","image":{"@type":"ImageObject","inLanguage":"pt-BR","@id":"https:\/\/juacontecimentos.com.br\/site\/#\/schema\/person\/image\/","url":"https:\/\/secure.gravatar.com\/avatar\/5c16c6837c3490270a74d888c2a845728f06bdde1f8761de1de1d1d1ef82d12f?s=96&d=mm&r=g","contentUrl":"https:\/\/secure.gravatar.com\/avatar\/5c16c6837c3490270a74d888c2a845728f06bdde1f8761de1de1d1d1ef82d12f?s=96&d=mm&r=g","caption":"Reginaldo Ribeiro"}}]}},"_links":{"self":[{"href":"https:\/\/juacontecimentos.com.br\/site\/wp-json\/wp\/v2\/posts\/31935","targetHints":{"allow":["GET"]}}],"collection":[{"href":"https:\/\/juacontecimentos.com.br\/site\/wp-json\/wp\/v2\/posts"}],"about":[{"href":"https:\/\/juacontecimentos.com.br\/site\/wp-json\/wp\/v2\/types\/post"}],"author":[{"embeddable":true,"href":"https:\/\/juacontecimentos.com.br\/site\/wp-json\/wp\/v2\/users\/2"}],"replies":[{"embeddable":true,"href":"https:\/\/juacontecimentos.com.br\/site\/wp-json\/wp\/v2\/comments?post=31935"}],"version-history":[{"count":2,"href":"https:\/\/juacontecimentos.com.br\/site\/wp-json\/wp\/v2\/posts\/31935\/revisions"}],"predecessor-version":[{"id":31938,"href":"https:\/\/juacontecimentos.com.br\/site\/wp-json\/wp\/v2\/posts\/31935\/revisions\/31938"}],"wp:featuredmedia":[{"embeddable":true,"href":"https:\/\/juacontecimentos.com.br\/site\/wp-json\/wp\/v2\/media\/31936"}],"wp:attachment":[{"href":"https:\/\/juacontecimentos.com.br\/site\/wp-json\/wp\/v2\/media?parent=31935"}],"wp:term":[{"taxonomy":"category","embeddable":true,"href":"https:\/\/juacontecimentos.com.br\/site\/wp-json\/wp\/v2\/categories?post=31935"},{"taxonomy":"post_tag","embeddable":true,"href":"https:\/\/juacontecimentos.com.br\/site\/wp-json\/wp\/v2\/tags?post=31935"}],"curies":[{"name":"wp","href":"https:\/\/api.w.org\/{rel}","templated":true}]}}