{"id":32224,"date":"2024-06-18T13:40:08","date_gmt":"2024-06-18T16:40:08","guid":{"rendered":"https:\/\/juacontecimentos.com.br\/site\/?p=32224"},"modified":"2024-06-18T13:40:26","modified_gmt":"2024-06-18T16:40:26","slug":"sindicato-rural-de-catalao-abre-inscricoes-para-festival-de-receitas-do-campo-na-expocatalao","status":"publish","type":"post","link":"https:\/\/juacontecimentos.com.br\/site\/sindicato-rural-de-catalao-abre-inscricoes-para-festival-de-receitas-do-campo-na-expocatalao\/","title":{"rendered":"Sindicato Rural de Catal\u00e3o abre inscri\u00e7\u00f5es para Festival de Receitas do Campo na ExpoCatal\u00e3o"},"content":{"rendered":"<p><img loading=\"lazy\" decoding=\"async\" class=\"alignnone size-large wp-image-32225\" src=\"https:\/\/juacontecimentos.com.br\/site\/wp-content\/uploads\/2024\/06\/IMG-20240615-WA0031-1024x1024.jpg\" alt=\"\" width=\"900\" height=\"900\" srcset=\"https:\/\/juacontecimentos.com.br\/site\/wp-content\/uploads\/2024\/06\/IMG-20240615-WA0031-1024x1024.jpg 1024w, https:\/\/juacontecimentos.com.br\/site\/wp-content\/uploads\/2024\/06\/IMG-20240615-WA0031-150x150.jpg 150w, https:\/\/juacontecimentos.com.br\/site\/wp-content\/uploads\/2024\/06\/IMG-20240615-WA0031-300x300.jpg 300w, https:\/\/juacontecimentos.com.br\/site\/wp-content\/uploads\/2024\/06\/IMG-20240615-WA0031-768x768.jpg 768w, https:\/\/juacontecimentos.com.br\/site\/wp-content\/uploads\/2024\/06\/IMG-20240615-WA0031.jpg 1080w\" sizes=\"auto, (max-width: 900px) 100vw, 900px\" \/><\/p>\n<p>A ExpoCatal\u00e3o tem o prazer de anunciar mais uma edi\u00e7\u00e3o do j\u00e1 tradicional Festival de Receitas do Campo, que acontecer\u00e1 no primeiro domingo da festa, dia 28 de julho, \u00e0s 14h. Este evento promete celebrar os sabores das tradi\u00e7\u00f5es e as mem\u00f3rias afetivas atrav\u00e9s da gastronomia.<\/p>\n<p>O Festival de Receitas do Campo \u00e9 um momento especial onde cada prato conta uma hist\u00f3ria, trazendo \u00e0 mesa n\u00e3o s\u00f3 sabores incr\u00edveis, mas tamb\u00e9m lembran\u00e7as de momentos preciosos. Desde pratos que nos transportam para a casa da av\u00f3 at\u00e9 aqueles que marcaram as reuni\u00f5es em fam\u00edlia, o festival \u00e9 uma verdadeira viagem ao passado culin\u00e1rio.<\/p>\n<p>Os participantes podem inscrever suas receitas especiais para concorrer em uma das tr\u00eas categorias: Almo\u00e7o e Jantar, Sobremesa e Lanche. Com espa\u00e7o para 30 participantes, o evento \u00e9 limitado e as vagas s\u00e3o preenchidas rapidamente.<\/p>\n<p>Os pratos ser\u00e3o avaliados por um corpo de jurados no pr\u00f3prio dia do evento. Os vencedores de cada categoria ser\u00e3o agraciados com pr\u00eamios oferecidos pelo Senar e pelo Sindicato Rural de Catal\u00e3o, reconhecendo a excel\u00eancia e a dedica\u00e7\u00e3o na prepara\u00e7\u00e3o de suas receitas.<\/p>\n<p>Para participar, os interessados devem entrar em contato com as mobilizadoras Christiane (64-98167-6580) e Jaqueline (64-99961-7802) ou clicando aqui (anexar edital) para obter o edital e a ficha de inscri\u00e7\u00e3o. A ficha impressa contendo a receita deve ser entregue no Sindicato Rural at\u00e9 o dia 24 de julho para validar a participa\u00e7\u00e3o.<\/p>\n<p>Como forma de agradecimento, todos os inscritos receber\u00e3o um ingresso para o show da cantora Ana Castela, proporcionando uma experi\u00eancia ainda mais memor\u00e1vel para os participantes.<\/p>\n<p>O Festival de Receitas do Campo \u00e9 uma oportunidade \u00fanica de compartilhar sua paix\u00e3o pela culin\u00e1ria e suas hist\u00f3rias com a comunidade. Convidamos todos a se juntarem a n\u00f3s nesta celebra\u00e7\u00e3o, transformando ingredientes em mem\u00f3rias e sabores em hist\u00f3rias inesquec\u00edveis.<\/p>\n<p><strong>Servi\u00e7o:<\/strong><\/p>\n<ul>\n<li><strong>Evento:<\/strong> Festival de Receitas do Campo na ExpoCatal\u00e3o<\/li>\n<li><strong>Data:<\/strong> 28 de julho de 2024<\/li>\n<li><strong>Hor\u00e1rio:<\/strong> 14h<\/li>\n<li><strong>Local:<\/strong> ExpoCatal\u00e3o<\/li>\n<li><strong>Inscri\u00e7\u00f5es:<\/strong> At\u00e9 24 de julho de 2024<\/li>\n<\/ul>\n<p>Para mais informa\u00e7\u00f5es, entre em contato com:<\/p>\n<ul>\n<li>Christiane: 64-98167-6580<\/li>\n<li>Jaqueline: 64-99961-7802<\/li>\n<\/ul>\n<p>Venha participar e dividir conosco a hist\u00f3ria da sua vida ligada \u00e0 comida!<\/p>\n<p><strong>Contato para a imprensa para esse evento:<\/strong> Christiane Frezza \u2013 64-99921-1581<br \/>\n<\/p>\n","protected":false},"excerpt":{"rendered":"<p>A ExpoCatal\u00e3o tem o prazer de anunciar mais uma edi\u00e7\u00e3o do j\u00e1 tradicional Festival de Receitas do Campo, que acontecer\u00e1 no primeiro domingo da festa, dia 28 de julho, \u00e0s 14h. Este evento promete celebrar os sabores das tradi\u00e7\u00f5es e as mem\u00f3rias afetivas atrav\u00e9s da gastronomia. O Festival de Receitas do Campo \u00e9 um momento<\/p>\n","protected":false},"author":2,"featured_media":32225,"comment_status":"open","ping_status":"open","sticky":false,"template":"","format":"standard","meta":{"footnotes":""},"categories":[27,22,26,23],"tags":[],"class_list":["post-32224","post","type-post","status-publish","format-standard","has-post-thumbnail","hentry","category-brasil","category-catalao","category-destaque","category-goias"],"yoast_head":"<!-- This site is optimized with the Yoast SEO plugin v25.8 - https:\/\/yoast.com\/wordpress\/plugins\/seo\/ -->\n<title>Sindicato Rural de Catal\u00e3o abre inscri\u00e7\u00f5es para Festival de Receitas do Campo na ExpoCatal\u00e3o - Jornal Ultimos Acontecimentos<\/title>\n<meta name=\"robots\" content=\"index, follow, max-snippet:-1, max-image-preview:large, max-video-preview:-1\" \/>\n<link rel=\"canonical\" href=\"https:\/\/juacontecimentos.com.br\/site\/sindicato-rural-de-catalao-abre-inscricoes-para-festival-de-receitas-do-campo-na-expocatalao\/\" \/>\n<meta property=\"og:locale\" content=\"pt_BR\" \/>\n<meta property=\"og:type\" content=\"article\" \/>\n<meta property=\"og:title\" content=\"Sindicato Rural de Catal\u00e3o abre inscri\u00e7\u00f5es para Festival de Receitas do Campo na ExpoCatal\u00e3o - Jornal Ultimos Acontecimentos\" \/>\n<meta property=\"og:description\" content=\"A ExpoCatal\u00e3o tem o prazer de anunciar mais uma edi\u00e7\u00e3o do j\u00e1 tradicional Festival de Receitas do Campo, que acontecer\u00e1 no primeiro domingo da festa, dia 28 de julho, \u00e0s 14h. Este evento promete celebrar os sabores das tradi\u00e7\u00f5es e as mem\u00f3rias afetivas atrav\u00e9s da gastronomia. O Festival de Receitas do Campo \u00e9 um momento\" \/>\n<meta property=\"og:url\" content=\"https:\/\/juacontecimentos.com.br\/site\/sindicato-rural-de-catalao-abre-inscricoes-para-festival-de-receitas-do-campo-na-expocatalao\/\" \/>\n<meta property=\"og:site_name\" content=\"Jornal Ultimos Acontecimentos\" \/>\n<meta property=\"article:publisher\" content=\"https:\/\/www.facebook.com\/jultimosacontecimentos\/\" \/>\n<meta property=\"article:published_time\" content=\"2024-06-18T16:40:08+00:00\" \/>\n<meta property=\"article:modified_time\" content=\"2024-06-18T16:40:26+00:00\" \/>\n<meta property=\"og:image\" content=\"https:\/\/juacontecimentos.com.br\/site\/wp-content\/uploads\/2024\/06\/IMG-20240615-WA0031.jpg\" \/>\n\t<meta property=\"og:image:width\" content=\"1080\" \/>\n\t<meta property=\"og:image:height\" content=\"1080\" \/>\n\t<meta property=\"og:image:type\" content=\"image\/jpeg\" \/>\n<meta name=\"author\" content=\"Reginaldo Ribeiro\" \/>\n<meta name=\"twitter:card\" content=\"summary_large_image\" \/>\n<meta name=\"twitter:label1\" content=\"Escrito por\" \/>\n\t<meta name=\"twitter:data1\" content=\"Reginaldo Ribeiro\" \/>\n\t<meta name=\"twitter:label2\" content=\"Est. tempo de leitura\" \/>\n\t<meta name=\"twitter:data2\" content=\"2 minutos\" \/>\n<script type=\"application\/ld+json\" class=\"yoast-schema-graph\">{\"@context\":\"https:\/\/schema.org\",\"@graph\":[{\"@type\":\"Article\",\"@id\":\"https:\/\/juacontecimentos.com.br\/site\/sindicato-rural-de-catalao-abre-inscricoes-para-festival-de-receitas-do-campo-na-expocatalao\/#article\",\"isPartOf\":{\"@id\":\"https:\/\/juacontecimentos.com.br\/site\/sindicato-rural-de-catalao-abre-inscricoes-para-festival-de-receitas-do-campo-na-expocatalao\/\"},\"author\":{\"name\":\"Reginaldo Ribeiro\",\"@id\":\"https:\/\/juacontecimentos.com.br\/site\/#\/schema\/person\/082a54e6d3fdd7a633291428521c9669\"},\"headline\":\"Sindicato Rural de Catal\u00e3o abre inscri\u00e7\u00f5es para Festival de Receitas do Campo na ExpoCatal\u00e3o\",\"datePublished\":\"2024-06-18T16:40:08+00:00\",\"dateModified\":\"2024-06-18T16:40:26+00:00\",\"mainEntityOfPage\":{\"@id\":\"https:\/\/juacontecimentos.com.br\/site\/sindicato-rural-de-catalao-abre-inscricoes-para-festival-de-receitas-do-campo-na-expocatalao\/\"},\"wordCount\":412,\"commentCount\":0,\"publisher\":{\"@id\":\"https:\/\/juacontecimentos.com.br\/site\/#organization\"},\"image\":{\"@id\":\"https:\/\/juacontecimentos.com.br\/site\/sindicato-rural-de-catalao-abre-inscricoes-para-festival-de-receitas-do-campo-na-expocatalao\/#primaryimage\"},\"thumbnailUrl\":\"https:\/\/juacontecimentos.com.br\/site\/wp-content\/uploads\/2024\/06\/IMG-20240615-WA0031.jpg\",\"articleSection\":[\"Brasil\",\"Catal\u00e3o\",\"Destaque\",\"Goi\u00e1s\"],\"inLanguage\":\"pt-BR\"},{\"@type\":\"WebPage\",\"@id\":\"https:\/\/juacontecimentos.com.br\/site\/sindicato-rural-de-catalao-abre-inscricoes-para-festival-de-receitas-do-campo-na-expocatalao\/\",\"url\":\"https:\/\/juacontecimentos.com.br\/site\/sindicato-rural-de-catalao-abre-inscricoes-para-festival-de-receitas-do-campo-na-expocatalao\/\",\"name\":\"Sindicato Rural de Catal\u00e3o abre inscri\u00e7\u00f5es para Festival de Receitas do Campo na ExpoCatal\u00e3o - Jornal Ultimos Acontecimentos\",\"isPartOf\":{\"@id\":\"https:\/\/juacontecimentos.com.br\/site\/#website\"},\"primaryImageOfPage\":{\"@id\":\"https:\/\/juacontecimentos.com.br\/site\/sindicato-rural-de-catalao-abre-inscricoes-para-festival-de-receitas-do-campo-na-expocatalao\/#primaryimage\"},\"image\":{\"@id\":\"https:\/\/juacontecimentos.com.br\/site\/sindicato-rural-de-catalao-abre-inscricoes-para-festival-de-receitas-do-campo-na-expocatalao\/#primaryimage\"},\"thumbnailUrl\":\"https:\/\/juacontecimentos.com.br\/site\/wp-content\/uploads\/2024\/06\/IMG-20240615-WA0031.jpg\",\"datePublished\":\"2024-06-18T16:40:08+00:00\",\"dateModified\":\"2024-06-18T16:40:26+00:00\",\"breadcrumb\":{\"@id\":\"https:\/\/juacontecimentos.com.br\/site\/sindicato-rural-de-catalao-abre-inscricoes-para-festival-de-receitas-do-campo-na-expocatalao\/#breadcrumb\"},\"inLanguage\":\"pt-BR\",\"potentialAction\":[{\"@type\":\"ReadAction\",\"target\":[\"https:\/\/juacontecimentos.com.br\/site\/sindicato-rural-de-catalao-abre-inscricoes-para-festival-de-receitas-do-campo-na-expocatalao\/\"]}]},{\"@type\":\"ImageObject\",\"inLanguage\":\"pt-BR\",\"@id\":\"https:\/\/juacontecimentos.com.br\/site\/sindicato-rural-de-catalao-abre-inscricoes-para-festival-de-receitas-do-campo-na-expocatalao\/#primaryimage\",\"url\":\"https:\/\/juacontecimentos.com.br\/site\/wp-content\/uploads\/2024\/06\/IMG-20240615-WA0031.jpg\",\"contentUrl\":\"https:\/\/juacontecimentos.com.br\/site\/wp-content\/uploads\/2024\/06\/IMG-20240615-WA0031.jpg\",\"width\":1080,\"height\":1080},{\"@type\":\"BreadcrumbList\",\"@id\":\"https:\/\/juacontecimentos.com.br\/site\/sindicato-rural-de-catalao-abre-inscricoes-para-festival-de-receitas-do-campo-na-expocatalao\/#breadcrumb\",\"itemListElement\":[{\"@type\":\"ListItem\",\"position\":1,\"name\":\"In\u00edcio\",\"item\":\"https:\/\/juacontecimentos.com.br\/site\/\"},{\"@type\":\"ListItem\",\"position\":2,\"name\":\"Sindicato Rural de Catal\u00e3o abre inscri\u00e7\u00f5es para Festival de Receitas do Campo na ExpoCatal\u00e3o\"}]},{\"@type\":\"WebSite\",\"@id\":\"https:\/\/juacontecimentos.com.br\/site\/#website\",\"url\":\"https:\/\/juacontecimentos.com.br\/site\/\",\"name\":\"Jornal Ultimos Acontecimentos\",\"description\":\"Catal\u00e3o e regi\u00e3o\",\"publisher\":{\"@id\":\"https:\/\/juacontecimentos.com.br\/site\/#organization\"},\"potentialAction\":[{\"@type\":\"SearchAction\",\"target\":{\"@type\":\"EntryPoint\",\"urlTemplate\":\"https:\/\/juacontecimentos.com.br\/site\/?s={search_term_string}\"},\"query-input\":{\"@type\":\"PropertyValueSpecification\",\"valueRequired\":true,\"valueName\":\"search_term_string\"}}],\"inLanguage\":\"pt-BR\"},{\"@type\":\"Organization\",\"@id\":\"https:\/\/juacontecimentos.com.br\/site\/#organization\",\"name\":\"Jornal Ultimos Acontecimentos\",\"url\":\"https:\/\/juacontecimentos.com.br\/site\/\",\"logo\":{\"@type\":\"ImageObject\",\"inLanguage\":\"pt-BR\",\"@id\":\"https:\/\/juacontecimentos.com.br\/site\/#\/schema\/logo\/image\/\",\"url\":\"https:\/\/juacontecimentos.com.br\/site\/wp-content\/uploads\/2023\/04\/Logo_Site.png\",\"contentUrl\":\"https:\/\/juacontecimentos.com.br\/site\/wp-content\/uploads\/2023\/04\/Logo_Site.png\",\"width\":2476,\"height\":530,\"caption\":\"Jornal Ultimos Acontecimentos\"},\"image\":{\"@id\":\"https:\/\/juacontecimentos.com.br\/site\/#\/schema\/logo\/image\/\"},\"sameAs\":[\"https:\/\/www.facebook.com\/jultimosacontecimentos\/\"]},{\"@type\":\"Person\",\"@id\":\"https:\/\/juacontecimentos.com.br\/site\/#\/schema\/person\/082a54e6d3fdd7a633291428521c9669\",\"name\":\"Reginaldo Ribeiro\",\"image\":{\"@type\":\"ImageObject\",\"inLanguage\":\"pt-BR\",\"@id\":\"https:\/\/juacontecimentos.com.br\/site\/#\/schema\/person\/image\/\",\"url\":\"https:\/\/secure.gravatar.com\/avatar\/5c16c6837c3490270a74d888c2a845728f06bdde1f8761de1de1d1d1ef82d12f?s=96&d=mm&r=g\",\"contentUrl\":\"https:\/\/secure.gravatar.com\/avatar\/5c16c6837c3490270a74d888c2a845728f06bdde1f8761de1de1d1d1ef82d12f?s=96&d=mm&r=g\",\"caption\":\"Reginaldo Ribeiro\"}}]}<\/script>\n<!-- \/ Yoast SEO plugin. -->","yoast_head_json":{"title":"Sindicato Rural de Catal\u00e3o abre inscri\u00e7\u00f5es para Festival de Receitas do Campo na ExpoCatal\u00e3o - Jornal Ultimos Acontecimentos","robots":{"index":"index","follow":"follow","max-snippet":"max-snippet:-1","max-image-preview":"max-image-preview:large","max-video-preview":"max-video-preview:-1"},"canonical":"https:\/\/juacontecimentos.com.br\/site\/sindicato-rural-de-catalao-abre-inscricoes-para-festival-de-receitas-do-campo-na-expocatalao\/","og_locale":"pt_BR","og_type":"article","og_title":"Sindicato Rural de Catal\u00e3o abre inscri\u00e7\u00f5es para Festival de Receitas do Campo na ExpoCatal\u00e3o - Jornal Ultimos Acontecimentos","og_description":"A ExpoCatal\u00e3o tem o prazer de anunciar mais uma edi\u00e7\u00e3o do j\u00e1 tradicional Festival de Receitas do Campo, que acontecer\u00e1 no primeiro domingo da festa, dia 28 de julho, \u00e0s 14h. Este evento promete celebrar os sabores das tradi\u00e7\u00f5es e as mem\u00f3rias afetivas atrav\u00e9s da gastronomia. O Festival de Receitas do Campo \u00e9 um momento","og_url":"https:\/\/juacontecimentos.com.br\/site\/sindicato-rural-de-catalao-abre-inscricoes-para-festival-de-receitas-do-campo-na-expocatalao\/","og_site_name":"Jornal Ultimos Acontecimentos","article_publisher":"https:\/\/www.facebook.com\/jultimosacontecimentos\/","article_published_time":"2024-06-18T16:40:08+00:00","article_modified_time":"2024-06-18T16:40:26+00:00","og_image":[{"width":1080,"height":1080,"url":"https:\/\/juacontecimentos.com.br\/site\/wp-content\/uploads\/2024\/06\/IMG-20240615-WA0031.jpg","type":"image\/jpeg"}],"author":"Reginaldo Ribeiro","twitter_card":"summary_large_image","twitter_misc":{"Escrito por":"Reginaldo Ribeiro","Est. tempo de leitura":"2 minutos"},"schema":{"@context":"https:\/\/schema.org","@graph":[{"@type":"Article","@id":"https:\/\/juacontecimentos.com.br\/site\/sindicato-rural-de-catalao-abre-inscricoes-para-festival-de-receitas-do-campo-na-expocatalao\/#article","isPartOf":{"@id":"https:\/\/juacontecimentos.com.br\/site\/sindicato-rural-de-catalao-abre-inscricoes-para-festival-de-receitas-do-campo-na-expocatalao\/"},"author":{"name":"Reginaldo Ribeiro","@id":"https:\/\/juacontecimentos.com.br\/site\/#\/schema\/person\/082a54e6d3fdd7a633291428521c9669"},"headline":"Sindicato Rural de Catal\u00e3o abre inscri\u00e7\u00f5es para Festival de Receitas do Campo na ExpoCatal\u00e3o","datePublished":"2024-06-18T16:40:08+00:00","dateModified":"2024-06-18T16:40:26+00:00","mainEntityOfPage":{"@id":"https:\/\/juacontecimentos.com.br\/site\/sindicato-rural-de-catalao-abre-inscricoes-para-festival-de-receitas-do-campo-na-expocatalao\/"},"wordCount":412,"commentCount":0,"publisher":{"@id":"https:\/\/juacontecimentos.com.br\/site\/#organization"},"image":{"@id":"https:\/\/juacontecimentos.com.br\/site\/sindicato-rural-de-catalao-abre-inscricoes-para-festival-de-receitas-do-campo-na-expocatalao\/#primaryimage"},"thumbnailUrl":"https:\/\/juacontecimentos.com.br\/site\/wp-content\/uploads\/2024\/06\/IMG-20240615-WA0031.jpg","articleSection":["Brasil","Catal\u00e3o","Destaque","Goi\u00e1s"],"inLanguage":"pt-BR"},{"@type":"WebPage","@id":"https:\/\/juacontecimentos.com.br\/site\/sindicato-rural-de-catalao-abre-inscricoes-para-festival-de-receitas-do-campo-na-expocatalao\/","url":"https:\/\/juacontecimentos.com.br\/site\/sindicato-rural-de-catalao-abre-inscricoes-para-festival-de-receitas-do-campo-na-expocatalao\/","name":"Sindicato Rural de Catal\u00e3o abre inscri\u00e7\u00f5es para Festival de Receitas do Campo na ExpoCatal\u00e3o - Jornal Ultimos Acontecimentos","isPartOf":{"@id":"https:\/\/juacontecimentos.com.br\/site\/#website"},"primaryImageOfPage":{"@id":"https:\/\/juacontecimentos.com.br\/site\/sindicato-rural-de-catalao-abre-inscricoes-para-festival-de-receitas-do-campo-na-expocatalao\/#primaryimage"},"image":{"@id":"https:\/\/juacontecimentos.com.br\/site\/sindicato-rural-de-catalao-abre-inscricoes-para-festival-de-receitas-do-campo-na-expocatalao\/#primaryimage"},"thumbnailUrl":"https:\/\/juacontecimentos.com.br\/site\/wp-content\/uploads\/2024\/06\/IMG-20240615-WA0031.jpg","datePublished":"2024-06-18T16:40:08+00:00","dateModified":"2024-06-18T16:40:26+00:00","breadcrumb":{"@id":"https:\/\/juacontecimentos.com.br\/site\/sindicato-rural-de-catalao-abre-inscricoes-para-festival-de-receitas-do-campo-na-expocatalao\/#breadcrumb"},"inLanguage":"pt-BR","potentialAction":[{"@type":"ReadAction","target":["https:\/\/juacontecimentos.com.br\/site\/sindicato-rural-de-catalao-abre-inscricoes-para-festival-de-receitas-do-campo-na-expocatalao\/"]}]},{"@type":"ImageObject","inLanguage":"pt-BR","@id":"https:\/\/juacontecimentos.com.br\/site\/sindicato-rural-de-catalao-abre-inscricoes-para-festival-de-receitas-do-campo-na-expocatalao\/#primaryimage","url":"https:\/\/juacontecimentos.com.br\/site\/wp-content\/uploads\/2024\/06\/IMG-20240615-WA0031.jpg","contentUrl":"https:\/\/juacontecimentos.com.br\/site\/wp-content\/uploads\/2024\/06\/IMG-20240615-WA0031.jpg","width":1080,"height":1080},{"@type":"BreadcrumbList","@id":"https:\/\/juacontecimentos.com.br\/site\/sindicato-rural-de-catalao-abre-inscricoes-para-festival-de-receitas-do-campo-na-expocatalao\/#breadcrumb","itemListElement":[{"@type":"ListItem","position":1,"name":"In\u00edcio","item":"https:\/\/juacontecimentos.com.br\/site\/"},{"@type":"ListItem","position":2,"name":"Sindicato Rural de Catal\u00e3o abre inscri\u00e7\u00f5es para Festival de Receitas do Campo na ExpoCatal\u00e3o"}]},{"@type":"WebSite","@id":"https:\/\/juacontecimentos.com.br\/site\/#website","url":"https:\/\/juacontecimentos.com.br\/site\/","name":"Jornal Ultimos Acontecimentos","description":"Catal\u00e3o e regi\u00e3o","publisher":{"@id":"https:\/\/juacontecimentos.com.br\/site\/#organization"},"potentialAction":[{"@type":"SearchAction","target":{"@type":"EntryPoint","urlTemplate":"https:\/\/juacontecimentos.com.br\/site\/?s={search_term_string}"},"query-input":{"@type":"PropertyValueSpecification","valueRequired":true,"valueName":"search_term_string"}}],"inLanguage":"pt-BR"},{"@type":"Organization","@id":"https:\/\/juacontecimentos.com.br\/site\/#organization","name":"Jornal Ultimos Acontecimentos","url":"https:\/\/juacontecimentos.com.br\/site\/","logo":{"@type":"ImageObject","inLanguage":"pt-BR","@id":"https:\/\/juacontecimentos.com.br\/site\/#\/schema\/logo\/image\/","url":"https:\/\/juacontecimentos.com.br\/site\/wp-content\/uploads\/2023\/04\/Logo_Site.png","contentUrl":"https:\/\/juacontecimentos.com.br\/site\/wp-content\/uploads\/2023\/04\/Logo_Site.png","width":2476,"height":530,"caption":"Jornal Ultimos Acontecimentos"},"image":{"@id":"https:\/\/juacontecimentos.com.br\/site\/#\/schema\/logo\/image\/"},"sameAs":["https:\/\/www.facebook.com\/jultimosacontecimentos\/"]},{"@type":"Person","@id":"https:\/\/juacontecimentos.com.br\/site\/#\/schema\/person\/082a54e6d3fdd7a633291428521c9669","name":"Reginaldo Ribeiro","image":{"@type":"ImageObject","inLanguage":"pt-BR","@id":"https:\/\/juacontecimentos.com.br\/site\/#\/schema\/person\/image\/","url":"https:\/\/secure.gravatar.com\/avatar\/5c16c6837c3490270a74d888c2a845728f06bdde1f8761de1de1d1d1ef82d12f?s=96&d=mm&r=g","contentUrl":"https:\/\/secure.gravatar.com\/avatar\/5c16c6837c3490270a74d888c2a845728f06bdde1f8761de1de1d1d1ef82d12f?s=96&d=mm&r=g","caption":"Reginaldo Ribeiro"}}]}},"_links":{"self":[{"href":"https:\/\/juacontecimentos.com.br\/site\/wp-json\/wp\/v2\/posts\/32224","targetHints":{"allow":["GET"]}}],"collection":[{"href":"https:\/\/juacontecimentos.com.br\/site\/wp-json\/wp\/v2\/posts"}],"about":[{"href":"https:\/\/juacontecimentos.com.br\/site\/wp-json\/wp\/v2\/types\/post"}],"author":[{"embeddable":true,"href":"https:\/\/juacontecimentos.com.br\/site\/wp-json\/wp\/v2\/users\/2"}],"replies":[{"embeddable":true,"href":"https:\/\/juacontecimentos.com.br\/site\/wp-json\/wp\/v2\/comments?post=32224"}],"version-history":[{"count":1,"href":"https:\/\/juacontecimentos.com.br\/site\/wp-json\/wp\/v2\/posts\/32224\/revisions"}],"predecessor-version":[{"id":32226,"href":"https:\/\/juacontecimentos.com.br\/site\/wp-json\/wp\/v2\/posts\/32224\/revisions\/32226"}],"wp:featuredmedia":[{"embeddable":true,"href":"https:\/\/juacontecimentos.com.br\/site\/wp-json\/wp\/v2\/media\/32225"}],"wp:attachment":[{"href":"https:\/\/juacontecimentos.com.br\/site\/wp-json\/wp\/v2\/media?parent=32224"}],"wp:term":[{"taxonomy":"category","embeddable":true,"href":"https:\/\/juacontecimentos.com.br\/site\/wp-json\/wp\/v2\/categories?post=32224"},{"taxonomy":"post_tag","embeddable":true,"href":"https:\/\/juacontecimentos.com.br\/site\/wp-json\/wp\/v2\/tags?post=32224"}],"curies":[{"name":"wp","href":"https:\/\/api.w.org\/{rel}","templated":true}]}}