{"id":373,"date":"2017-05-24T12:49:42","date_gmt":"2017-05-24T15:49:42","guid":{"rendered":"http:\/\/juacontecimentos.com.br\/site\/?p=373"},"modified":"2017-05-24T12:49:42","modified_gmt":"2017-05-24T15:49:42","slug":"cesuc-promove-12a-edicao-do-passeio-ciclistico","status":"publish","type":"post","link":"https:\/\/juacontecimentos.com.br\/site\/cesuc-promove-12a-edicao-do-passeio-ciclistico\/","title":{"rendered":"Cesuc promove 12\u00aa edi\u00e7\u00e3o do passeio cicl\u00edstico"},"content":{"rendered":"<p class=\"m_4188451105135618909gmail-MsoNoSpacing\">Aconteceu no \u00faltimo dia 20, \u00a0o tradicional Passeio Cicl\u00edstico do CESUC. Em sua 12\u00aa edi\u00e7\u00e3o, este passeio contou com mais de mil participantes, o qual foi idealizado pelo coordenador do curso de Ci\u00eancias Cont\u00e1beis &#8211; Prof Eur\u00edpedes.<\/p>\n<p class=\"m_4188451105135618909gmail-MsoNoSpacing\">O trajeto foi cuidadosamente programado pela comiss\u00e3o organizadora, assim como uma parada t\u00e9cnica no in\u00edcio e final do evento.<\/p>\n<p class=\"m_4188451105135618909gmail-MsoNoSpacing\">Em todas as edi\u00e7\u00f5es foram registradas um excepcional aumento na participa\u00e7\u00e3o de alunos e professores, o que fez com que o Passeio Cicl\u00edstico fizesse parte do calend\u00e1rio oficial dos eventos do CESUC.<\/p>\n<p class=\"m_4188451105135618909gmail-MsoNoSpacing\">O maior objetivo desta a\u00e7\u00e3o era de promover uma a\u00e7\u00e3o esportiva e tamb\u00e9m de integra\u00e7\u00e3o dos alunos de diversos cursos.<\/p>\n<p class=\"m_4188451105135618909gmail-MsoNoSpacing\">A coordena\u00e7\u00e3o do evento considera que foi um sucesso e atingiu todas as expectativas dos organizadores.<\/p>\n<p><\/p>\n","protected":false},"excerpt":{"rendered":"<p>Aconteceu no \u00faltimo dia 20, \u00a0o tradicional Passeio Cicl\u00edstico do CESUC. Em sua 12\u00aa edi\u00e7\u00e3o, este passeio contou com mais de mil participantes, o qual foi idealizado pelo coordenador do curso de Ci\u00eancias Cont\u00e1beis &#8211; Prof Eur\u00edpedes. O trajeto foi cuidadosamente programado pela comiss\u00e3o organizadora, assim como uma parada t\u00e9cnica no in\u00edcio e final do<\/p>\n","protected":false},"author":2,"featured_media":375,"comment_status":"open","ping_status":"open","sticky":false,"template":"","format":"standard","meta":{"footnotes":""},"categories":[26,21],"tags":[],"class_list":["post-373","post","type-post","status-publish","format-standard","has-post-thumbnail","hentry","category-destaque","category-videos"],"yoast_head":"<!-- This site is optimized with the Yoast SEO plugin v25.8 - https:\/\/yoast.com\/wordpress\/plugins\/seo\/ -->\n<title>Cesuc promove 12\u00aa edi\u00e7\u00e3o do passeio cicl\u00edstico - Jornal Ultimos Acontecimentos<\/title>\n<meta name=\"robots\" content=\"index, follow, max-snippet:-1, max-image-preview:large, max-video-preview:-1\" \/>\n<link rel=\"canonical\" href=\"https:\/\/juacontecimentos.com.br\/site\/cesuc-promove-12a-edicao-do-passeio-ciclistico\/\" \/>\n<meta property=\"og:locale\" content=\"pt_BR\" \/>\n<meta property=\"og:type\" content=\"article\" \/>\n<meta property=\"og:title\" content=\"Cesuc promove 12\u00aa edi\u00e7\u00e3o do passeio cicl\u00edstico - Jornal Ultimos Acontecimentos\" \/>\n<meta property=\"og:description\" content=\"Aconteceu no \u00faltimo dia 20, \u00a0o tradicional Passeio Cicl\u00edstico do CESUC. Em sua 12\u00aa edi\u00e7\u00e3o, este passeio contou com mais de mil participantes, o qual foi idealizado pelo coordenador do curso de Ci\u00eancias Cont\u00e1beis &#8211; Prof Eur\u00edpedes. O trajeto foi cuidadosamente programado pela comiss\u00e3o organizadora, assim como uma parada t\u00e9cnica no in\u00edcio e final do\" \/>\n<meta property=\"og:url\" content=\"https:\/\/juacontecimentos.com.br\/site\/cesuc-promove-12a-edicao-do-passeio-ciclistico\/\" \/>\n<meta property=\"og:site_name\" content=\"Jornal Ultimos Acontecimentos\" \/>\n<meta property=\"article:publisher\" content=\"https:\/\/www.facebook.com\/jultimosacontecimentos\/\" \/>\n<meta property=\"article:published_time\" content=\"2017-05-24T15:49:42+00:00\" \/>\n<meta property=\"og:image\" content=\"https:\/\/juacontecimentos.com.br\/site\/wp-content\/uploads\/2017\/05\/0-1.jpg\" \/>\n\t<meta property=\"og:image:width\" content=\"480\" \/>\n\t<meta property=\"og:image:height\" content=\"360\" \/>\n\t<meta property=\"og:image:type\" content=\"image\/jpeg\" \/>\n<meta name=\"author\" content=\"Reginaldo Ribeiro\" \/>\n<meta name=\"twitter:card\" content=\"summary_large_image\" \/>\n<meta name=\"twitter:label1\" content=\"Escrito por\" \/>\n\t<meta name=\"twitter:data1\" content=\"Reginaldo Ribeiro\" \/>\n\t<meta name=\"twitter:label2\" content=\"Est. tempo de leitura\" \/>\n\t<meta name=\"twitter:data2\" content=\"1 minuto\" \/>\n<script type=\"application\/ld+json\" class=\"yoast-schema-graph\">{\"@context\":\"https:\/\/schema.org\",\"@graph\":[{\"@type\":\"Article\",\"@id\":\"https:\/\/juacontecimentos.com.br\/site\/cesuc-promove-12a-edicao-do-passeio-ciclistico\/#article\",\"isPartOf\":{\"@id\":\"https:\/\/juacontecimentos.com.br\/site\/cesuc-promove-12a-edicao-do-passeio-ciclistico\/\"},\"author\":{\"name\":\"Reginaldo Ribeiro\",\"@id\":\"https:\/\/juacontecimentos.com.br\/site\/#\/schema\/person\/082a54e6d3fdd7a633291428521c9669\"},\"headline\":\"Cesuc promove 12\u00aa edi\u00e7\u00e3o do passeio cicl\u00edstico\",\"datePublished\":\"2017-05-24T15:49:42+00:00\",\"mainEntityOfPage\":{\"@id\":\"https:\/\/juacontecimentos.com.br\/site\/cesuc-promove-12a-edicao-do-passeio-ciclistico\/\"},\"wordCount\":147,\"commentCount\":0,\"publisher\":{\"@id\":\"https:\/\/juacontecimentos.com.br\/site\/#organization\"},\"image\":{\"@id\":\"https:\/\/juacontecimentos.com.br\/site\/cesuc-promove-12a-edicao-do-passeio-ciclistico\/#primaryimage\"},\"thumbnailUrl\":\"https:\/\/juacontecimentos.com.br\/site\/wp-content\/uploads\/2017\/05\/0-1.jpg\",\"articleSection\":[\"Destaque\",\"V\u00eddeos\"],\"inLanguage\":\"pt-BR\"},{\"@type\":\"WebPage\",\"@id\":\"https:\/\/juacontecimentos.com.br\/site\/cesuc-promove-12a-edicao-do-passeio-ciclistico\/\",\"url\":\"https:\/\/juacontecimentos.com.br\/site\/cesuc-promove-12a-edicao-do-passeio-ciclistico\/\",\"name\":\"Cesuc promove 12\u00aa edi\u00e7\u00e3o do passeio cicl\u00edstico - Jornal Ultimos Acontecimentos\",\"isPartOf\":{\"@id\":\"https:\/\/juacontecimentos.com.br\/site\/#website\"},\"primaryImageOfPage\":{\"@id\":\"https:\/\/juacontecimentos.com.br\/site\/cesuc-promove-12a-edicao-do-passeio-ciclistico\/#primaryimage\"},\"image\":{\"@id\":\"https:\/\/juacontecimentos.com.br\/site\/cesuc-promove-12a-edicao-do-passeio-ciclistico\/#primaryimage\"},\"thumbnailUrl\":\"https:\/\/juacontecimentos.com.br\/site\/wp-content\/uploads\/2017\/05\/0-1.jpg\",\"datePublished\":\"2017-05-24T15:49:42+00:00\",\"breadcrumb\":{\"@id\":\"https:\/\/juacontecimentos.com.br\/site\/cesuc-promove-12a-edicao-do-passeio-ciclistico\/#breadcrumb\"},\"inLanguage\":\"pt-BR\",\"potentialAction\":[{\"@type\":\"ReadAction\",\"target\":[\"https:\/\/juacontecimentos.com.br\/site\/cesuc-promove-12a-edicao-do-passeio-ciclistico\/\"]}]},{\"@type\":\"ImageObject\",\"inLanguage\":\"pt-BR\",\"@id\":\"https:\/\/juacontecimentos.com.br\/site\/cesuc-promove-12a-edicao-do-passeio-ciclistico\/#primaryimage\",\"url\":\"https:\/\/juacontecimentos.com.br\/site\/wp-content\/uploads\/2017\/05\/0-1.jpg\",\"contentUrl\":\"https:\/\/juacontecimentos.com.br\/site\/wp-content\/uploads\/2017\/05\/0-1.jpg\",\"width\":480,\"height\":360},{\"@type\":\"BreadcrumbList\",\"@id\":\"https:\/\/juacontecimentos.com.br\/site\/cesuc-promove-12a-edicao-do-passeio-ciclistico\/#breadcrumb\",\"itemListElement\":[{\"@type\":\"ListItem\",\"position\":1,\"name\":\"In\u00edcio\",\"item\":\"https:\/\/juacontecimentos.com.br\/site\/\"},{\"@type\":\"ListItem\",\"position\":2,\"name\":\"Cesuc promove 12\u00aa edi\u00e7\u00e3o do passeio cicl\u00edstico\"}]},{\"@type\":\"WebSite\",\"@id\":\"https:\/\/juacontecimentos.com.br\/site\/#website\",\"url\":\"https:\/\/juacontecimentos.com.br\/site\/\",\"name\":\"Jornal Ultimos Acontecimentos\",\"description\":\"Catal\u00e3o e regi\u00e3o\",\"publisher\":{\"@id\":\"https:\/\/juacontecimentos.com.br\/site\/#organization\"},\"potentialAction\":[{\"@type\":\"SearchAction\",\"target\":{\"@type\":\"EntryPoint\",\"urlTemplate\":\"https:\/\/juacontecimentos.com.br\/site\/?s={search_term_string}\"},\"query-input\":{\"@type\":\"PropertyValueSpecification\",\"valueRequired\":true,\"valueName\":\"search_term_string\"}}],\"inLanguage\":\"pt-BR\"},{\"@type\":\"Organization\",\"@id\":\"https:\/\/juacontecimentos.com.br\/site\/#organization\",\"name\":\"Jornal Ultimos Acontecimentos\",\"url\":\"https:\/\/juacontecimentos.com.br\/site\/\",\"logo\":{\"@type\":\"ImageObject\",\"inLanguage\":\"pt-BR\",\"@id\":\"https:\/\/juacontecimentos.com.br\/site\/#\/schema\/logo\/image\/\",\"url\":\"https:\/\/juacontecimentos.com.br\/site\/wp-content\/uploads\/2023\/04\/Logo_Site.png\",\"contentUrl\":\"https:\/\/juacontecimentos.com.br\/site\/wp-content\/uploads\/2023\/04\/Logo_Site.png\",\"width\":2476,\"height\":530,\"caption\":\"Jornal Ultimos Acontecimentos\"},\"image\":{\"@id\":\"https:\/\/juacontecimentos.com.br\/site\/#\/schema\/logo\/image\/\"},\"sameAs\":[\"https:\/\/www.facebook.com\/jultimosacontecimentos\/\"]},{\"@type\":\"Person\",\"@id\":\"https:\/\/juacontecimentos.com.br\/site\/#\/schema\/person\/082a54e6d3fdd7a633291428521c9669\",\"name\":\"Reginaldo Ribeiro\",\"image\":{\"@type\":\"ImageObject\",\"inLanguage\":\"pt-BR\",\"@id\":\"https:\/\/juacontecimentos.com.br\/site\/#\/schema\/person\/image\/\",\"url\":\"https:\/\/secure.gravatar.com\/avatar\/5c16c6837c3490270a74d888c2a845728f06bdde1f8761de1de1d1d1ef82d12f?s=96&d=mm&r=g\",\"contentUrl\":\"https:\/\/secure.gravatar.com\/avatar\/5c16c6837c3490270a74d888c2a845728f06bdde1f8761de1de1d1d1ef82d12f?s=96&d=mm&r=g\",\"caption\":\"Reginaldo Ribeiro\"}}]}<\/script>\n<!-- \/ Yoast SEO plugin. -->","yoast_head_json":{"title":"Cesuc promove 12\u00aa edi\u00e7\u00e3o do passeio cicl\u00edstico - Jornal Ultimos Acontecimentos","robots":{"index":"index","follow":"follow","max-snippet":"max-snippet:-1","max-image-preview":"max-image-preview:large","max-video-preview":"max-video-preview:-1"},"canonical":"https:\/\/juacontecimentos.com.br\/site\/cesuc-promove-12a-edicao-do-passeio-ciclistico\/","og_locale":"pt_BR","og_type":"article","og_title":"Cesuc promove 12\u00aa edi\u00e7\u00e3o do passeio cicl\u00edstico - Jornal Ultimos Acontecimentos","og_description":"Aconteceu no \u00faltimo dia 20, \u00a0o tradicional Passeio Cicl\u00edstico do CESUC. Em sua 12\u00aa edi\u00e7\u00e3o, este passeio contou com mais de mil participantes, o qual foi idealizado pelo coordenador do curso de Ci\u00eancias Cont\u00e1beis &#8211; Prof Eur\u00edpedes. O trajeto foi cuidadosamente programado pela comiss\u00e3o organizadora, assim como uma parada t\u00e9cnica no in\u00edcio e final do","og_url":"https:\/\/juacontecimentos.com.br\/site\/cesuc-promove-12a-edicao-do-passeio-ciclistico\/","og_site_name":"Jornal Ultimos Acontecimentos","article_publisher":"https:\/\/www.facebook.com\/jultimosacontecimentos\/","article_published_time":"2017-05-24T15:49:42+00:00","og_image":[{"width":480,"height":360,"url":"https:\/\/juacontecimentos.com.br\/site\/wp-content\/uploads\/2017\/05\/0-1.jpg","type":"image\/jpeg"}],"author":"Reginaldo Ribeiro","twitter_card":"summary_large_image","twitter_misc":{"Escrito por":"Reginaldo Ribeiro","Est. tempo de leitura":"1 minuto"},"schema":{"@context":"https:\/\/schema.org","@graph":[{"@type":"Article","@id":"https:\/\/juacontecimentos.com.br\/site\/cesuc-promove-12a-edicao-do-passeio-ciclistico\/#article","isPartOf":{"@id":"https:\/\/juacontecimentos.com.br\/site\/cesuc-promove-12a-edicao-do-passeio-ciclistico\/"},"author":{"name":"Reginaldo Ribeiro","@id":"https:\/\/juacontecimentos.com.br\/site\/#\/schema\/person\/082a54e6d3fdd7a633291428521c9669"},"headline":"Cesuc promove 12\u00aa edi\u00e7\u00e3o do passeio cicl\u00edstico","datePublished":"2017-05-24T15:49:42+00:00","mainEntityOfPage":{"@id":"https:\/\/juacontecimentos.com.br\/site\/cesuc-promove-12a-edicao-do-passeio-ciclistico\/"},"wordCount":147,"commentCount":0,"publisher":{"@id":"https:\/\/juacontecimentos.com.br\/site\/#organization"},"image":{"@id":"https:\/\/juacontecimentos.com.br\/site\/cesuc-promove-12a-edicao-do-passeio-ciclistico\/#primaryimage"},"thumbnailUrl":"https:\/\/juacontecimentos.com.br\/site\/wp-content\/uploads\/2017\/05\/0-1.jpg","articleSection":["Destaque","V\u00eddeos"],"inLanguage":"pt-BR"},{"@type":"WebPage","@id":"https:\/\/juacontecimentos.com.br\/site\/cesuc-promove-12a-edicao-do-passeio-ciclistico\/","url":"https:\/\/juacontecimentos.com.br\/site\/cesuc-promove-12a-edicao-do-passeio-ciclistico\/","name":"Cesuc promove 12\u00aa edi\u00e7\u00e3o do passeio cicl\u00edstico - Jornal Ultimos Acontecimentos","isPartOf":{"@id":"https:\/\/juacontecimentos.com.br\/site\/#website"},"primaryImageOfPage":{"@id":"https:\/\/juacontecimentos.com.br\/site\/cesuc-promove-12a-edicao-do-passeio-ciclistico\/#primaryimage"},"image":{"@id":"https:\/\/juacontecimentos.com.br\/site\/cesuc-promove-12a-edicao-do-passeio-ciclistico\/#primaryimage"},"thumbnailUrl":"https:\/\/juacontecimentos.com.br\/site\/wp-content\/uploads\/2017\/05\/0-1.jpg","datePublished":"2017-05-24T15:49:42+00:00","breadcrumb":{"@id":"https:\/\/juacontecimentos.com.br\/site\/cesuc-promove-12a-edicao-do-passeio-ciclistico\/#breadcrumb"},"inLanguage":"pt-BR","potentialAction":[{"@type":"ReadAction","target":["https:\/\/juacontecimentos.com.br\/site\/cesuc-promove-12a-edicao-do-passeio-ciclistico\/"]}]},{"@type":"ImageObject","inLanguage":"pt-BR","@id":"https:\/\/juacontecimentos.com.br\/site\/cesuc-promove-12a-edicao-do-passeio-ciclistico\/#primaryimage","url":"https:\/\/juacontecimentos.com.br\/site\/wp-content\/uploads\/2017\/05\/0-1.jpg","contentUrl":"https:\/\/juacontecimentos.com.br\/site\/wp-content\/uploads\/2017\/05\/0-1.jpg","width":480,"height":360},{"@type":"BreadcrumbList","@id":"https:\/\/juacontecimentos.com.br\/site\/cesuc-promove-12a-edicao-do-passeio-ciclistico\/#breadcrumb","itemListElement":[{"@type":"ListItem","position":1,"name":"In\u00edcio","item":"https:\/\/juacontecimentos.com.br\/site\/"},{"@type":"ListItem","position":2,"name":"Cesuc promove 12\u00aa edi\u00e7\u00e3o do passeio cicl\u00edstico"}]},{"@type":"WebSite","@id":"https:\/\/juacontecimentos.com.br\/site\/#website","url":"https:\/\/juacontecimentos.com.br\/site\/","name":"Jornal Ultimos Acontecimentos","description":"Catal\u00e3o e regi\u00e3o","publisher":{"@id":"https:\/\/juacontecimentos.com.br\/site\/#organization"},"potentialAction":[{"@type":"SearchAction","target":{"@type":"EntryPoint","urlTemplate":"https:\/\/juacontecimentos.com.br\/site\/?s={search_term_string}"},"query-input":{"@type":"PropertyValueSpecification","valueRequired":true,"valueName":"search_term_string"}}],"inLanguage":"pt-BR"},{"@type":"Organization","@id":"https:\/\/juacontecimentos.com.br\/site\/#organization","name":"Jornal Ultimos Acontecimentos","url":"https:\/\/juacontecimentos.com.br\/site\/","logo":{"@type":"ImageObject","inLanguage":"pt-BR","@id":"https:\/\/juacontecimentos.com.br\/site\/#\/schema\/logo\/image\/","url":"https:\/\/juacontecimentos.com.br\/site\/wp-content\/uploads\/2023\/04\/Logo_Site.png","contentUrl":"https:\/\/juacontecimentos.com.br\/site\/wp-content\/uploads\/2023\/04\/Logo_Site.png","width":2476,"height":530,"caption":"Jornal Ultimos Acontecimentos"},"image":{"@id":"https:\/\/juacontecimentos.com.br\/site\/#\/schema\/logo\/image\/"},"sameAs":["https:\/\/www.facebook.com\/jultimosacontecimentos\/"]},{"@type":"Person","@id":"https:\/\/juacontecimentos.com.br\/site\/#\/schema\/person\/082a54e6d3fdd7a633291428521c9669","name":"Reginaldo Ribeiro","image":{"@type":"ImageObject","inLanguage":"pt-BR","@id":"https:\/\/juacontecimentos.com.br\/site\/#\/schema\/person\/image\/","url":"https:\/\/secure.gravatar.com\/avatar\/5c16c6837c3490270a74d888c2a845728f06bdde1f8761de1de1d1d1ef82d12f?s=96&d=mm&r=g","contentUrl":"https:\/\/secure.gravatar.com\/avatar\/5c16c6837c3490270a74d888c2a845728f06bdde1f8761de1de1d1d1ef82d12f?s=96&d=mm&r=g","caption":"Reginaldo Ribeiro"}}]}},"_links":{"self":[{"href":"https:\/\/juacontecimentos.com.br\/site\/wp-json\/wp\/v2\/posts\/373","targetHints":{"allow":["GET"]}}],"collection":[{"href":"https:\/\/juacontecimentos.com.br\/site\/wp-json\/wp\/v2\/posts"}],"about":[{"href":"https:\/\/juacontecimentos.com.br\/site\/wp-json\/wp\/v2\/types\/post"}],"author":[{"embeddable":true,"href":"https:\/\/juacontecimentos.com.br\/site\/wp-json\/wp\/v2\/users\/2"}],"replies":[{"embeddable":true,"href":"https:\/\/juacontecimentos.com.br\/site\/wp-json\/wp\/v2\/comments?post=373"}],"version-history":[{"count":1,"href":"https:\/\/juacontecimentos.com.br\/site\/wp-json\/wp\/v2\/posts\/373\/revisions"}],"predecessor-version":[{"id":374,"href":"https:\/\/juacontecimentos.com.br\/site\/wp-json\/wp\/v2\/posts\/373\/revisions\/374"}],"wp:featuredmedia":[{"embeddable":true,"href":"https:\/\/juacontecimentos.com.br\/site\/wp-json\/wp\/v2\/media\/375"}],"wp:attachment":[{"href":"https:\/\/juacontecimentos.com.br\/site\/wp-json\/wp\/v2\/media?parent=373"}],"wp:term":[{"taxonomy":"category","embeddable":true,"href":"https:\/\/juacontecimentos.com.br\/site\/wp-json\/wp\/v2\/categories?post=373"},{"taxonomy":"post_tag","embeddable":true,"href":"https:\/\/juacontecimentos.com.br\/site\/wp-json\/wp\/v2\/tags?post=373"}],"curies":[{"name":"wp","href":"https:\/\/api.w.org\/{rel}","templated":true}]}}