{"id":39288,"date":"2024-12-12T09:09:39","date_gmt":"2024-12-12T12:09:39","guid":{"rendered":"https:\/\/juacontecimentos.com.br\/site\/?p=39288"},"modified":"2024-12-12T16:06:02","modified_gmt":"2024-12-12T19:06:02","slug":"batalha-juridica-caiado-usa-casos-similares-para-se-defender-de-decisao-de-inelegibilidade","status":"publish","type":"post","link":"https:\/\/juacontecimentos.com.br\/site\/batalha-juridica-caiado-usa-casos-similares-para-se-defender-de-decisao-de-inelegibilidade\/","title":{"rendered":"BATALHA JUR\u00cdDICA: Caiado usa casos similares para se defender de decis\u00e3o de inelegibilidade"},"content":{"rendered":"<h2>Governador diz que respeita decis\u00e3o, mas cita situa\u00e7\u00f5es envolvendo Dilma, Bolsonaro, Marconi, Z\u00e9 Eliton e Lula que segundo ele, usaram resid\u00eancias oficiais em contexto eleitoral<\/h2>\n<div id=\"attachment_39303\" style=\"width: 810px\" class=\"wp-caption alignnone\"><img loading=\"lazy\" decoding=\"async\" aria-describedby=\"caption-attachment-39303\" class=\"size-full wp-image-39303\" src=\"https:\/\/juacontecimentos.com.br\/site\/wp-content\/uploads\/2024\/12\/Caiado-reuniu-a-imprensa-e-explicou-sua-posicao-sobre-a-sentenca-Foto-Altair-Tavares-DG-800x600-1.jpg\" alt=\"\" width=\"800\" height=\"600\" srcset=\"https:\/\/juacontecimentos.com.br\/site\/wp-content\/uploads\/2024\/12\/Caiado-reuniu-a-imprensa-e-explicou-sua-posicao-sobre-a-sentenca-Foto-Altair-Tavares-DG-800x600-1.jpg 800w, https:\/\/juacontecimentos.com.br\/site\/wp-content\/uploads\/2024\/12\/Caiado-reuniu-a-imprensa-e-explicou-sua-posicao-sobre-a-sentenca-Foto-Altair-Tavares-DG-800x600-1-300x225.jpg 300w, https:\/\/juacontecimentos.com.br\/site\/wp-content\/uploads\/2024\/12\/Caiado-reuniu-a-imprensa-e-explicou-sua-posicao-sobre-a-sentenca-Foto-Altair-Tavares-DG-800x600-1-768x576.jpg 768w\" sizes=\"auto, (max-width: 800px) 100vw, 800px\" \/><p id=\"caption-attachment-39303\" class=\"wp-caption-text\">Caiado-reuniu-a-imprensa-e-explicou-sua-posicao-sobre-a-sentenca-Foto-Altair-Tavares-DG<\/p><\/div>\n<p>Por: Mar\u00edlia Assun\u00e7\u00e3o<\/p>\n<p>O governador Ronaldo Caiado (UB) se defendeu da decis\u00e3o judicial pela sua inelegibilidade, fazendo compara\u00e7\u00f5es com situa\u00e7\u00f5es em que outros chefes de Executivo teriam pedido votos ou discutido contextos eleitorais abertamente, em sua vers\u00e3o, dentro de pal\u00e1cios de governo. Ele citou situa\u00e7\u00f5es no Pal\u00e1cio da Alvorada, sede do Governo Federal, em Bras\u00edlia, e tamb\u00e9m do Pal\u00e1cio das Esmeraldas, local que est\u00e1 no centro da den\u00fancia.<\/p>\n<div><\/div>\n<p>Caiado citou especialmente Dilma Roussef, Jair Bolsonaro e o atual presidente Lu\u00eds In\u00e1cio Lula da Silva, mas incluiu epis\u00f3dios que teriam ocorrido nas gest\u00f5es dos ex-governadores goianos Marconi Perillo e Jos\u00e9 Eliton, sem especificar os contextos.<\/p>\n<p>Com um tom mais ameno e mais pessoal sobre o assunto do que o inicial, quando a den\u00fancia foi oferecida pelo Minist\u00e9rio P\u00fablico Eleitoral, em entrevista coletiva nesta quarta-feira (11), Caiado rebateu a decis\u00e3o da ju\u00edza Maria Umbelina Zorzetti, da 1\u00aa Zona Eleitoral de Goi\u00e2nia, mas afirmou que vai respeitar.<\/p>\n<blockquote class=\"wp-block-quote is-layout-flow wp-block-quote-is-layout-flow\"><p>\u201cN\u00e3o cabe a mim [discutir]. Eu vou respeitar a Justi\u00e7a.\u00a0O Tribunal Regional e Eleitoral vai responder.\u00a0Agora, eu estou embasado na prerrogativa que tem\u201d, observou.<\/p><\/blockquote>\n<h3 id=\"h-governador-citou-episodios-que-considera-similares\" class=\"wp-block-heading\">Governador citou epis\u00f3dios que considera similares<\/h3>\n<p>Ele fazia refer\u00eancia aos epis\u00f3dios que diz ter presenciado em 2014 no Alvorada, em 2018 no Pal\u00e1cio das Esmeraldas (gest\u00f5es de Perillo e Eliton), em 2022 com Jair Bolsonaro [que reuniu no Alvorada embaixadores para mobilizar contra urnas eletr\u00f4nicas], e em 2024 com Lula [<a href=\"https:\/\/www.poder360.com.br\/poder-eleicoes\/lula-recebe-boulos-no-alvorada-e-grava-videos-para-a-campanha\/\">gravando v\u00eddeo para o candidato Guilherme Boulos (SP), nas depend\u00eancias do Alvorada<\/a>].<\/p>\n<p>\u201cPerguntaria a voc\u00eas: diante desse quadro que hoje n\u00f3s temos [na capital], com uma interven\u00e7\u00e3o na Sa\u00fade de \u00a0Goi\u00e2nia, valeria ou n\u00e3o o governador Ronaldo Caiado chamar aqui, em reuni\u00e3o fechada, os vereadores\u00a0para pedir apoio diante do colapso da sa\u00fade que finalizou com morte de v\u00e1rios goianos que n\u00e3o tiveram acesso \u00e0 UTI?\u201d, questionou Caiado aos jornalistas.<\/p>\n<h3 id=\"h-sem-magica\" class=\"wp-block-heading\">Sem \u201cm\u00e1gica\u201d<\/h3>\n<p>Quando foi citado trecho da decis\u00e3o em que a magistrada afirma que no evento promovido por Caiado no Pal\u00e1cio das Esmeraldas o governador fez \u201cuso de\u00a0palavras m\u00e1gicas para disfar\u00e7ar o pedido direto de votos\u201d, ele reagiu com certa irrita\u00e7\u00e3o. \u201cBom, em primeiro lugar, eu n\u00e3o tenho capacidade, eu nunca fiz curso de m\u00e1gico.\u00a0Sinto muito, \u00e9 uma coisa que eu n\u00e3o dou conta.\u00a0M\u00e1gica, eu n\u00e3o vou praticar.\u201d E, ironizando, chamou a pergunta de inconsistente: \u201cGostaria que as perguntas viessem com n\u00edvel de consist\u00eancia.\u00a0Porque n\u00e3o pode ser uma coisa m\u00e1gica.\u201d<\/p>\n<p>Em mais de um momento o governador citou que haver\u00e1 recursos em todas as inst\u00e2ncias, mas que vai respeitar a decis\u00e3o. \u201cN\u00e3o cabe a mim de maneira alguma.\u00a0Respeito a decis\u00e3o da ju\u00edza.\u00a0E a mat\u00e9ria vai ser julgada em inst\u00e2ncias superiores\u201d, enfatizou.<\/p>\n<h3 id=\"h-argumentos-de-caiado-ao-comentar-decisao-sobre-inelegibilidade\" class=\"wp-block-heading\">Argumentos de Caiado ao comentar decis\u00e3o sobre inelegibilidade<\/h3>\n<p>Al\u00e9m de focar na necessidade de abordar os problemas vividos pela capital com vereadores eleitos e seus suplentes, o argumento de Caiado se concentra no fato de que ele n\u00e3o disputou elei\u00e7\u00f5es em 2024, embora fosse o principal cabo eleitoral do seu partido, Sandro Mabel, que tinha passado para o segundo turno. Outro aspecto \u00e9 que o Pal\u00e1cio das Esmeraldas \u00e9 a resid\u00eancia oficial de todos os governadores em exerc\u00edcio em Goi\u00e1s.<\/p>\n<p>\u201cEu n\u00e3o fui candidato em 2024.\u00a0Aqui estava o governador, dentro da casa dele. E que trouxe aqui\u00a0os vereadores eleitos\u00a0numa reuni\u00e3o fechada. (\u2026) Ent\u00e3o, o que estou buscando [mostrar] \u00e9 o seguinte: tanto Bolsonaro, quanto \u00a0Dilma,\u00a0quanto Lula, quanto Z\u00e9 \u00c9liton,\u00a0quanto Marconi, todos fizeram\u00a0exatamente reuni\u00f5es\u00a0na resid\u00eancia oficial.\u201d<\/p>\n<p>Al\u00e9m disso, Caiado citou uma decis\u00e3o judicial do ministro Dias Toffoli que teve o entendimento de que \u201ca resid\u00eancia da autoridade [\u00e9] direito dele\u201d usar.<\/p>\n<p>Por outro lado, na coletiva o governador n\u00e3o abordou a acusa\u00e7\u00e3o de que pediu votos abertamente para Sandro Mabel e Leandro Vilela. Mas nesta quarta, circularam v\u00eddeos do dia em que ele diz aos presentes \u201cme ajudem\u201d com os dois candidatos e faz compara\u00e7\u00f5es entre a capacidade de Mabel e a do candidato do PL a prefeito de Goi\u00e2nia, Fred Rodrigues. Foi a coliga\u00e7\u00e3o de Fred que apresentou uma A\u00e7\u00e3o de Investiga\u00e7\u00e3o Judicial Eleitoral (AIJE) que<a href=\"https:\/\/diariodegoias.com.br\/nossos-advogados-vao-tomar-providencia-afirma-caiado-sobre-acao-do-mpe-que-busca-sua-inelegibilidade\/465960\/\">\u00a0levou \u00e0 decis\u00e3o sobre inelegibilidade do governador e cassa\u00e7\u00e3o de Mabel e da vice, Cl\u00e1udia Lira (Avante).<\/a><\/p>\n<p>O governador citou que sua candidatura a presidente da Rep\u00fablica em 2026 est\u00e1 com a programa\u00e7\u00e3o mantida. O lan\u00e7amento, segundo ele, ser\u00e1 depois do Carnaval. O local escolhido \u00e9 Salvador, na Bahia, reduto eleitoral de ACM Neto, vice-presidente nacional do Uni\u00e3o Brasil e defensor da candidatura de Caiado.<\/p>\n","protected":false},"excerpt":{"rendered":"<p>Governador diz que respeita decis\u00e3o, mas cita situa\u00e7\u00f5es envolvendo Dilma, Bolsonaro, Marconi, Z\u00e9 Eliton e Lula que segundo ele, usaram resid\u00eancias oficiais em contexto eleitoral Por: Mar\u00edlia Assun\u00e7\u00e3o O governador Ronaldo Caiado (UB) se defendeu da decis\u00e3o judicial pela sua inelegibilidade, fazendo compara\u00e7\u00f5es com situa\u00e7\u00f5es em que outros chefes de Executivo teriam pedido votos ou<\/p>\n","protected":false},"author":2,"featured_media":39303,"comment_status":"open","ping_status":"open","sticky":false,"template":"","format":"standard","meta":{"footnotes":""},"categories":[27,22,26,23],"tags":[],"class_list":["post-39288","post","type-post","status-publish","format-standard","has-post-thumbnail","hentry","category-brasil","category-catalao","category-destaque","category-goias"],"yoast_head":"<!-- This site is optimized with the Yoast SEO plugin v25.8 - https:\/\/yoast.com\/wordpress\/plugins\/seo\/ -->\n<title>BATALHA JUR\u00cdDICA: Caiado usa casos similares para se defender de decis\u00e3o de inelegibilidade - Jornal Ultimos Acontecimentos<\/title>\n<meta name=\"robots\" content=\"index, follow, max-snippet:-1, max-image-preview:large, max-video-preview:-1\" \/>\n<link rel=\"canonical\" href=\"https:\/\/juacontecimentos.com.br\/site\/batalha-juridica-caiado-usa-casos-similares-para-se-defender-de-decisao-de-inelegibilidade\/\" \/>\n<meta property=\"og:locale\" content=\"pt_BR\" \/>\n<meta property=\"og:type\" content=\"article\" \/>\n<meta property=\"og:title\" content=\"BATALHA JUR\u00cdDICA: Caiado usa casos similares para se defender de decis\u00e3o de inelegibilidade - Jornal Ultimos Acontecimentos\" \/>\n<meta property=\"og:description\" content=\"Governador diz que respeita decis\u00e3o, mas cita situa\u00e7\u00f5es envolvendo Dilma, Bolsonaro, Marconi, Z\u00e9 Eliton e Lula que segundo ele, usaram resid\u00eancias oficiais em contexto eleitoral Por: Mar\u00edlia Assun\u00e7\u00e3o O governador Ronaldo Caiado (UB) se defendeu da decis\u00e3o judicial pela sua inelegibilidade, fazendo compara\u00e7\u00f5es com situa\u00e7\u00f5es em que outros chefes de Executivo teriam pedido votos ou\" \/>\n<meta property=\"og:url\" content=\"https:\/\/juacontecimentos.com.br\/site\/batalha-juridica-caiado-usa-casos-similares-para-se-defender-de-decisao-de-inelegibilidade\/\" \/>\n<meta property=\"og:site_name\" content=\"Jornal Ultimos Acontecimentos\" \/>\n<meta property=\"article:publisher\" content=\"https:\/\/www.facebook.com\/jultimosacontecimentos\/\" \/>\n<meta property=\"article:published_time\" content=\"2024-12-12T12:09:39+00:00\" \/>\n<meta property=\"article:modified_time\" content=\"2024-12-12T19:06:02+00:00\" \/>\n<meta property=\"og:image\" content=\"https:\/\/juacontecimentos.com.br\/site\/wp-content\/uploads\/2024\/12\/Caiado-reuniu-a-imprensa-e-explicou-sua-posicao-sobre-a-sentenca-Foto-Altair-Tavares-DG-800x600-1.jpg\" \/>\n\t<meta property=\"og:image:width\" content=\"800\" \/>\n\t<meta property=\"og:image:height\" content=\"600\" \/>\n\t<meta property=\"og:image:type\" content=\"image\/jpeg\" \/>\n<meta name=\"author\" content=\"Reginaldo Ribeiro\" \/>\n<meta name=\"twitter:card\" content=\"summary_large_image\" \/>\n<meta name=\"twitter:label1\" content=\"Escrito por\" \/>\n\t<meta name=\"twitter:data1\" content=\"Reginaldo Ribeiro\" \/>\n\t<meta name=\"twitter:label2\" content=\"Est. tempo de leitura\" \/>\n\t<meta name=\"twitter:data2\" content=\"4 minutos\" \/>\n<script type=\"application\/ld+json\" class=\"yoast-schema-graph\">{\"@context\":\"https:\/\/schema.org\",\"@graph\":[{\"@type\":\"Article\",\"@id\":\"https:\/\/juacontecimentos.com.br\/site\/batalha-juridica-caiado-usa-casos-similares-para-se-defender-de-decisao-de-inelegibilidade\/#article\",\"isPartOf\":{\"@id\":\"https:\/\/juacontecimentos.com.br\/site\/batalha-juridica-caiado-usa-casos-similares-para-se-defender-de-decisao-de-inelegibilidade\/\"},\"author\":{\"name\":\"Reginaldo Ribeiro\",\"@id\":\"https:\/\/juacontecimentos.com.br\/site\/#\/schema\/person\/082a54e6d3fdd7a633291428521c9669\"},\"headline\":\"BATALHA JUR\u00cdDICA: Caiado usa casos similares para se defender de decis\u00e3o de inelegibilidade\",\"datePublished\":\"2024-12-12T12:09:39+00:00\",\"dateModified\":\"2024-12-12T19:06:02+00:00\",\"mainEntityOfPage\":{\"@id\":\"https:\/\/juacontecimentos.com.br\/site\/batalha-juridica-caiado-usa-casos-similares-para-se-defender-de-decisao-de-inelegibilidade\/\"},\"wordCount\":864,\"commentCount\":0,\"publisher\":{\"@id\":\"https:\/\/juacontecimentos.com.br\/site\/#organization\"},\"image\":{\"@id\":\"https:\/\/juacontecimentos.com.br\/site\/batalha-juridica-caiado-usa-casos-similares-para-se-defender-de-decisao-de-inelegibilidade\/#primaryimage\"},\"thumbnailUrl\":\"https:\/\/juacontecimentos.com.br\/site\/wp-content\/uploads\/2024\/12\/Caiado-reuniu-a-imprensa-e-explicou-sua-posicao-sobre-a-sentenca-Foto-Altair-Tavares-DG-800x600-1.jpg\",\"articleSection\":[\"Brasil\",\"Catal\u00e3o\",\"Destaque\",\"Goi\u00e1s\"],\"inLanguage\":\"pt-BR\"},{\"@type\":\"WebPage\",\"@id\":\"https:\/\/juacontecimentos.com.br\/site\/batalha-juridica-caiado-usa-casos-similares-para-se-defender-de-decisao-de-inelegibilidade\/\",\"url\":\"https:\/\/juacontecimentos.com.br\/site\/batalha-juridica-caiado-usa-casos-similares-para-se-defender-de-decisao-de-inelegibilidade\/\",\"name\":\"BATALHA JUR\u00cdDICA: Caiado usa casos similares para se defender de decis\u00e3o de inelegibilidade - Jornal Ultimos Acontecimentos\",\"isPartOf\":{\"@id\":\"https:\/\/juacontecimentos.com.br\/site\/#website\"},\"primaryImageOfPage\":{\"@id\":\"https:\/\/juacontecimentos.com.br\/site\/batalha-juridica-caiado-usa-casos-similares-para-se-defender-de-decisao-de-inelegibilidade\/#primaryimage\"},\"image\":{\"@id\":\"https:\/\/juacontecimentos.com.br\/site\/batalha-juridica-caiado-usa-casos-similares-para-se-defender-de-decisao-de-inelegibilidade\/#primaryimage\"},\"thumbnailUrl\":\"https:\/\/juacontecimentos.com.br\/site\/wp-content\/uploads\/2024\/12\/Caiado-reuniu-a-imprensa-e-explicou-sua-posicao-sobre-a-sentenca-Foto-Altair-Tavares-DG-800x600-1.jpg\",\"datePublished\":\"2024-12-12T12:09:39+00:00\",\"dateModified\":\"2024-12-12T19:06:02+00:00\",\"breadcrumb\":{\"@id\":\"https:\/\/juacontecimentos.com.br\/site\/batalha-juridica-caiado-usa-casos-similares-para-se-defender-de-decisao-de-inelegibilidade\/#breadcrumb\"},\"inLanguage\":\"pt-BR\",\"potentialAction\":[{\"@type\":\"ReadAction\",\"target\":[\"https:\/\/juacontecimentos.com.br\/site\/batalha-juridica-caiado-usa-casos-similares-para-se-defender-de-decisao-de-inelegibilidade\/\"]}]},{\"@type\":\"ImageObject\",\"inLanguage\":\"pt-BR\",\"@id\":\"https:\/\/juacontecimentos.com.br\/site\/batalha-juridica-caiado-usa-casos-similares-para-se-defender-de-decisao-de-inelegibilidade\/#primaryimage\",\"url\":\"https:\/\/juacontecimentos.com.br\/site\/wp-content\/uploads\/2024\/12\/Caiado-reuniu-a-imprensa-e-explicou-sua-posicao-sobre-a-sentenca-Foto-Altair-Tavares-DG-800x600-1.jpg\",\"contentUrl\":\"https:\/\/juacontecimentos.com.br\/site\/wp-content\/uploads\/2024\/12\/Caiado-reuniu-a-imprensa-e-explicou-sua-posicao-sobre-a-sentenca-Foto-Altair-Tavares-DG-800x600-1.jpg\",\"width\":800,\"height\":600,\"caption\":\"Caiado-reuniu-a-imprensa-e-explicou-sua-posicao-sobre-a-sentenca-Foto-Altair-Tavares-DG-800x600\"},{\"@type\":\"BreadcrumbList\",\"@id\":\"https:\/\/juacontecimentos.com.br\/site\/batalha-juridica-caiado-usa-casos-similares-para-se-defender-de-decisao-de-inelegibilidade\/#breadcrumb\",\"itemListElement\":[{\"@type\":\"ListItem\",\"position\":1,\"name\":\"In\u00edcio\",\"item\":\"https:\/\/juacontecimentos.com.br\/site\/\"},{\"@type\":\"ListItem\",\"position\":2,\"name\":\"BATALHA JUR\u00cdDICA: Caiado usa casos similares para se defender de decis\u00e3o de inelegibilidade\"}]},{\"@type\":\"WebSite\",\"@id\":\"https:\/\/juacontecimentos.com.br\/site\/#website\",\"url\":\"https:\/\/juacontecimentos.com.br\/site\/\",\"name\":\"Jornal Ultimos Acontecimentos\",\"description\":\"Catal\u00e3o e regi\u00e3o\",\"publisher\":{\"@id\":\"https:\/\/juacontecimentos.com.br\/site\/#organization\"},\"potentialAction\":[{\"@type\":\"SearchAction\",\"target\":{\"@type\":\"EntryPoint\",\"urlTemplate\":\"https:\/\/juacontecimentos.com.br\/site\/?s={search_term_string}\"},\"query-input\":{\"@type\":\"PropertyValueSpecification\",\"valueRequired\":true,\"valueName\":\"search_term_string\"}}],\"inLanguage\":\"pt-BR\"},{\"@type\":\"Organization\",\"@id\":\"https:\/\/juacontecimentos.com.br\/site\/#organization\",\"name\":\"Jornal Ultimos Acontecimentos\",\"url\":\"https:\/\/juacontecimentos.com.br\/site\/\",\"logo\":{\"@type\":\"ImageObject\",\"inLanguage\":\"pt-BR\",\"@id\":\"https:\/\/juacontecimentos.com.br\/site\/#\/schema\/logo\/image\/\",\"url\":\"https:\/\/juacontecimentos.com.br\/site\/wp-content\/uploads\/2023\/04\/Logo_Site.png\",\"contentUrl\":\"https:\/\/juacontecimentos.com.br\/site\/wp-content\/uploads\/2023\/04\/Logo_Site.png\",\"width\":2476,\"height\":530,\"caption\":\"Jornal Ultimos Acontecimentos\"},\"image\":{\"@id\":\"https:\/\/juacontecimentos.com.br\/site\/#\/schema\/logo\/image\/\"},\"sameAs\":[\"https:\/\/www.facebook.com\/jultimosacontecimentos\/\"]},{\"@type\":\"Person\",\"@id\":\"https:\/\/juacontecimentos.com.br\/site\/#\/schema\/person\/082a54e6d3fdd7a633291428521c9669\",\"name\":\"Reginaldo Ribeiro\",\"image\":{\"@type\":\"ImageObject\",\"inLanguage\":\"pt-BR\",\"@id\":\"https:\/\/juacontecimentos.com.br\/site\/#\/schema\/person\/image\/\",\"url\":\"https:\/\/secure.gravatar.com\/avatar\/5c16c6837c3490270a74d888c2a845728f06bdde1f8761de1de1d1d1ef82d12f?s=96&d=mm&r=g\",\"contentUrl\":\"https:\/\/secure.gravatar.com\/avatar\/5c16c6837c3490270a74d888c2a845728f06bdde1f8761de1de1d1d1ef82d12f?s=96&d=mm&r=g\",\"caption\":\"Reginaldo Ribeiro\"}}]}<\/script>\n<!-- \/ Yoast SEO plugin. -->","yoast_head_json":{"title":"BATALHA JUR\u00cdDICA: Caiado usa casos similares para se defender de decis\u00e3o de inelegibilidade - Jornal Ultimos Acontecimentos","robots":{"index":"index","follow":"follow","max-snippet":"max-snippet:-1","max-image-preview":"max-image-preview:large","max-video-preview":"max-video-preview:-1"},"canonical":"https:\/\/juacontecimentos.com.br\/site\/batalha-juridica-caiado-usa-casos-similares-para-se-defender-de-decisao-de-inelegibilidade\/","og_locale":"pt_BR","og_type":"article","og_title":"BATALHA JUR\u00cdDICA: Caiado usa casos similares para se defender de decis\u00e3o de inelegibilidade - Jornal Ultimos Acontecimentos","og_description":"Governador diz que respeita decis\u00e3o, mas cita situa\u00e7\u00f5es envolvendo Dilma, Bolsonaro, Marconi, Z\u00e9 Eliton e Lula que segundo ele, usaram resid\u00eancias oficiais em contexto eleitoral Por: Mar\u00edlia Assun\u00e7\u00e3o O governador Ronaldo Caiado (UB) se defendeu da decis\u00e3o judicial pela sua inelegibilidade, fazendo compara\u00e7\u00f5es com situa\u00e7\u00f5es em que outros chefes de Executivo teriam pedido votos ou","og_url":"https:\/\/juacontecimentos.com.br\/site\/batalha-juridica-caiado-usa-casos-similares-para-se-defender-de-decisao-de-inelegibilidade\/","og_site_name":"Jornal Ultimos Acontecimentos","article_publisher":"https:\/\/www.facebook.com\/jultimosacontecimentos\/","article_published_time":"2024-12-12T12:09:39+00:00","article_modified_time":"2024-12-12T19:06:02+00:00","og_image":[{"width":800,"height":600,"url":"https:\/\/juacontecimentos.com.br\/site\/wp-content\/uploads\/2024\/12\/Caiado-reuniu-a-imprensa-e-explicou-sua-posicao-sobre-a-sentenca-Foto-Altair-Tavares-DG-800x600-1.jpg","type":"image\/jpeg"}],"author":"Reginaldo Ribeiro","twitter_card":"summary_large_image","twitter_misc":{"Escrito por":"Reginaldo Ribeiro","Est. tempo de leitura":"4 minutos"},"schema":{"@context":"https:\/\/schema.org","@graph":[{"@type":"Article","@id":"https:\/\/juacontecimentos.com.br\/site\/batalha-juridica-caiado-usa-casos-similares-para-se-defender-de-decisao-de-inelegibilidade\/#article","isPartOf":{"@id":"https:\/\/juacontecimentos.com.br\/site\/batalha-juridica-caiado-usa-casos-similares-para-se-defender-de-decisao-de-inelegibilidade\/"},"author":{"name":"Reginaldo Ribeiro","@id":"https:\/\/juacontecimentos.com.br\/site\/#\/schema\/person\/082a54e6d3fdd7a633291428521c9669"},"headline":"BATALHA JUR\u00cdDICA: Caiado usa casos similares para se defender de decis\u00e3o de inelegibilidade","datePublished":"2024-12-12T12:09:39+00:00","dateModified":"2024-12-12T19:06:02+00:00","mainEntityOfPage":{"@id":"https:\/\/juacontecimentos.com.br\/site\/batalha-juridica-caiado-usa-casos-similares-para-se-defender-de-decisao-de-inelegibilidade\/"},"wordCount":864,"commentCount":0,"publisher":{"@id":"https:\/\/juacontecimentos.com.br\/site\/#organization"},"image":{"@id":"https:\/\/juacontecimentos.com.br\/site\/batalha-juridica-caiado-usa-casos-similares-para-se-defender-de-decisao-de-inelegibilidade\/#primaryimage"},"thumbnailUrl":"https:\/\/juacontecimentos.com.br\/site\/wp-content\/uploads\/2024\/12\/Caiado-reuniu-a-imprensa-e-explicou-sua-posicao-sobre-a-sentenca-Foto-Altair-Tavares-DG-800x600-1.jpg","articleSection":["Brasil","Catal\u00e3o","Destaque","Goi\u00e1s"],"inLanguage":"pt-BR"},{"@type":"WebPage","@id":"https:\/\/juacontecimentos.com.br\/site\/batalha-juridica-caiado-usa-casos-similares-para-se-defender-de-decisao-de-inelegibilidade\/","url":"https:\/\/juacontecimentos.com.br\/site\/batalha-juridica-caiado-usa-casos-similares-para-se-defender-de-decisao-de-inelegibilidade\/","name":"BATALHA JUR\u00cdDICA: Caiado usa casos similares para se defender de decis\u00e3o de inelegibilidade - Jornal Ultimos Acontecimentos","isPartOf":{"@id":"https:\/\/juacontecimentos.com.br\/site\/#website"},"primaryImageOfPage":{"@id":"https:\/\/juacontecimentos.com.br\/site\/batalha-juridica-caiado-usa-casos-similares-para-se-defender-de-decisao-de-inelegibilidade\/#primaryimage"},"image":{"@id":"https:\/\/juacontecimentos.com.br\/site\/batalha-juridica-caiado-usa-casos-similares-para-se-defender-de-decisao-de-inelegibilidade\/#primaryimage"},"thumbnailUrl":"https:\/\/juacontecimentos.com.br\/site\/wp-content\/uploads\/2024\/12\/Caiado-reuniu-a-imprensa-e-explicou-sua-posicao-sobre-a-sentenca-Foto-Altair-Tavares-DG-800x600-1.jpg","datePublished":"2024-12-12T12:09:39+00:00","dateModified":"2024-12-12T19:06:02+00:00","breadcrumb":{"@id":"https:\/\/juacontecimentos.com.br\/site\/batalha-juridica-caiado-usa-casos-similares-para-se-defender-de-decisao-de-inelegibilidade\/#breadcrumb"},"inLanguage":"pt-BR","potentialAction":[{"@type":"ReadAction","target":["https:\/\/juacontecimentos.com.br\/site\/batalha-juridica-caiado-usa-casos-similares-para-se-defender-de-decisao-de-inelegibilidade\/"]}]},{"@type":"ImageObject","inLanguage":"pt-BR","@id":"https:\/\/juacontecimentos.com.br\/site\/batalha-juridica-caiado-usa-casos-similares-para-se-defender-de-decisao-de-inelegibilidade\/#primaryimage","url":"https:\/\/juacontecimentos.com.br\/site\/wp-content\/uploads\/2024\/12\/Caiado-reuniu-a-imprensa-e-explicou-sua-posicao-sobre-a-sentenca-Foto-Altair-Tavares-DG-800x600-1.jpg","contentUrl":"https:\/\/juacontecimentos.com.br\/site\/wp-content\/uploads\/2024\/12\/Caiado-reuniu-a-imprensa-e-explicou-sua-posicao-sobre-a-sentenca-Foto-Altair-Tavares-DG-800x600-1.jpg","width":800,"height":600,"caption":"Caiado-reuniu-a-imprensa-e-explicou-sua-posicao-sobre-a-sentenca-Foto-Altair-Tavares-DG-800x600"},{"@type":"BreadcrumbList","@id":"https:\/\/juacontecimentos.com.br\/site\/batalha-juridica-caiado-usa-casos-similares-para-se-defender-de-decisao-de-inelegibilidade\/#breadcrumb","itemListElement":[{"@type":"ListItem","position":1,"name":"In\u00edcio","item":"https:\/\/juacontecimentos.com.br\/site\/"},{"@type":"ListItem","position":2,"name":"BATALHA JUR\u00cdDICA: Caiado usa casos similares para se defender de decis\u00e3o de inelegibilidade"}]},{"@type":"WebSite","@id":"https:\/\/juacontecimentos.com.br\/site\/#website","url":"https:\/\/juacontecimentos.com.br\/site\/","name":"Jornal Ultimos Acontecimentos","description":"Catal\u00e3o e regi\u00e3o","publisher":{"@id":"https:\/\/juacontecimentos.com.br\/site\/#organization"},"potentialAction":[{"@type":"SearchAction","target":{"@type":"EntryPoint","urlTemplate":"https:\/\/juacontecimentos.com.br\/site\/?s={search_term_string}"},"query-input":{"@type":"PropertyValueSpecification","valueRequired":true,"valueName":"search_term_string"}}],"inLanguage":"pt-BR"},{"@type":"Organization","@id":"https:\/\/juacontecimentos.com.br\/site\/#organization","name":"Jornal Ultimos Acontecimentos","url":"https:\/\/juacontecimentos.com.br\/site\/","logo":{"@type":"ImageObject","inLanguage":"pt-BR","@id":"https:\/\/juacontecimentos.com.br\/site\/#\/schema\/logo\/image\/","url":"https:\/\/juacontecimentos.com.br\/site\/wp-content\/uploads\/2023\/04\/Logo_Site.png","contentUrl":"https:\/\/juacontecimentos.com.br\/site\/wp-content\/uploads\/2023\/04\/Logo_Site.png","width":2476,"height":530,"caption":"Jornal Ultimos Acontecimentos"},"image":{"@id":"https:\/\/juacontecimentos.com.br\/site\/#\/schema\/logo\/image\/"},"sameAs":["https:\/\/www.facebook.com\/jultimosacontecimentos\/"]},{"@type":"Person","@id":"https:\/\/juacontecimentos.com.br\/site\/#\/schema\/person\/082a54e6d3fdd7a633291428521c9669","name":"Reginaldo Ribeiro","image":{"@type":"ImageObject","inLanguage":"pt-BR","@id":"https:\/\/juacontecimentos.com.br\/site\/#\/schema\/person\/image\/","url":"https:\/\/secure.gravatar.com\/avatar\/5c16c6837c3490270a74d888c2a845728f06bdde1f8761de1de1d1d1ef82d12f?s=96&d=mm&r=g","contentUrl":"https:\/\/secure.gravatar.com\/avatar\/5c16c6837c3490270a74d888c2a845728f06bdde1f8761de1de1d1d1ef82d12f?s=96&d=mm&r=g","caption":"Reginaldo Ribeiro"}}]}},"_links":{"self":[{"href":"https:\/\/juacontecimentos.com.br\/site\/wp-json\/wp\/v2\/posts\/39288","targetHints":{"allow":["GET"]}}],"collection":[{"href":"https:\/\/juacontecimentos.com.br\/site\/wp-json\/wp\/v2\/posts"}],"about":[{"href":"https:\/\/juacontecimentos.com.br\/site\/wp-json\/wp\/v2\/types\/post"}],"author":[{"embeddable":true,"href":"https:\/\/juacontecimentos.com.br\/site\/wp-json\/wp\/v2\/users\/2"}],"replies":[{"embeddable":true,"href":"https:\/\/juacontecimentos.com.br\/site\/wp-json\/wp\/v2\/comments?post=39288"}],"version-history":[{"count":4,"href":"https:\/\/juacontecimentos.com.br\/site\/wp-json\/wp\/v2\/posts\/39288\/revisions"}],"predecessor-version":[{"id":39305,"href":"https:\/\/juacontecimentos.com.br\/site\/wp-json\/wp\/v2\/posts\/39288\/revisions\/39305"}],"wp:featuredmedia":[{"embeddable":true,"href":"https:\/\/juacontecimentos.com.br\/site\/wp-json\/wp\/v2\/media\/39303"}],"wp:attachment":[{"href":"https:\/\/juacontecimentos.com.br\/site\/wp-json\/wp\/v2\/media?parent=39288"}],"wp:term":[{"taxonomy":"category","embeddable":true,"href":"https:\/\/juacontecimentos.com.br\/site\/wp-json\/wp\/v2\/categories?post=39288"},{"taxonomy":"post_tag","embeddable":true,"href":"https:\/\/juacontecimentos.com.br\/site\/wp-json\/wp\/v2\/tags?post=39288"}],"curies":[{"name":"wp","href":"https:\/\/api.w.org\/{rel}","templated":true}]}}