{"id":40170,"date":"2025-01-07T12:15:03","date_gmt":"2025-01-07T15:15:03","guid":{"rendered":"https:\/\/juacontecimentos.com.br\/site\/?p=40170"},"modified":"2025-01-07T12:19:53","modified_gmt":"2025-01-07T15:19:53","slug":"prefeito-e-vice-se-reunem-com-servidores-da-educacao-de-campo-alegre-de-goias","status":"publish","type":"post","link":"https:\/\/juacontecimentos.com.br\/site\/prefeito-e-vice-se-reunem-com-servidores-da-educacao-de-campo-alegre-de-goias\/","title":{"rendered":"Prefeito e vice se re\u00fanem com servidores da Educa\u00e7\u00e3o de Campo Alegre de Goi\u00e1s"},"content":{"rendered":"<p><img loading=\"lazy\" decoding=\"async\" class=\"alignnone size-full wp-image-40172\" src=\"https:\/\/juacontecimentos.com.br\/site\/wp-content\/uploads\/2025\/01\/b307c24c-d642-4312-9e01-791359118bc7-1.jpeg\" alt=\"\" width=\"1600\" height=\"1200\" srcset=\"https:\/\/juacontecimentos.com.br\/site\/wp-content\/uploads\/2025\/01\/b307c24c-d642-4312-9e01-791359118bc7-1.jpeg 1600w, https:\/\/juacontecimentos.com.br\/site\/wp-content\/uploads\/2025\/01\/b307c24c-d642-4312-9e01-791359118bc7-1-300x225.jpeg 300w, https:\/\/juacontecimentos.com.br\/site\/wp-content\/uploads\/2025\/01\/b307c24c-d642-4312-9e01-791359118bc7-1-1024x768.jpeg 1024w, https:\/\/juacontecimentos.com.br\/site\/wp-content\/uploads\/2025\/01\/b307c24c-d642-4312-9e01-791359118bc7-1-768x576.jpeg 768w, https:\/\/juacontecimentos.com.br\/site\/wp-content\/uploads\/2025\/01\/b307c24c-d642-4312-9e01-791359118bc7-1-1536x1152.jpeg 1536w\" sizes=\"auto, (max-width: 1600px) 100vw, 1600px\" \/><\/p>\n<p class=\"gmail-msonospacing\" style=\"margin: 0cm;text-align: justify;text-indent: 1.0cm\"><span style=\"font-family: 'Calibri',sans-serif;color: #222222\">Na manh\u00e3 desta ter\u00e7a-feira dia 06 de janeiro de 2025, no audit\u00f3rio da C\u00e2mara Municipal de Vereadores, o Prefeito Municipal de Campo Alegre de Goi\u00e1s &#8211; Douglas Sert\u00f3rio, o vice-prefeito &#8211; Bruno Saran e a secret\u00e1ria de Educa\u00e7\u00e3o &#8211; Tatiana Estrela, deram as boas-vindas aos colaboradores do setor educacional, ressaltando a import\u00e2ncia do trabalho em equipe e do papel de cada um dentro de suas unidades escolares.<\/span><\/p>\n<p class=\"gmail-msonospacing\" style=\"margin: 0cm;text-align: justify;text-indent: 1.0cm\"><span style=\"font-family: 'Calibri',sans-serif;color: #222222\">Douglas e o vice-prefeito Bruno Saran, agradeceram a presen\u00e7a de todos, dando as boas-vindas aos servidores e ressaltou que iriam trabalhar em equipe. \u201cVamos trabalhar unidos, sempre ouvindo os profissionais da educa\u00e7\u00e3o\u201d.\u00a0\u00a0<\/span><\/p>\n<p><img loading=\"lazy\" decoding=\"async\" class=\"alignnone size-full wp-image-40173\" src=\"https:\/\/juacontecimentos.com.br\/site\/wp-content\/uploads\/2025\/01\/fcd190fd-86d8-4ce9-8e90-8730c1437ccb.jpeg\" alt=\"\" width=\"1600\" height=\"1200\" srcset=\"https:\/\/juacontecimentos.com.br\/site\/wp-content\/uploads\/2025\/01\/fcd190fd-86d8-4ce9-8e90-8730c1437ccb.jpeg 1600w, https:\/\/juacontecimentos.com.br\/site\/wp-content\/uploads\/2025\/01\/fcd190fd-86d8-4ce9-8e90-8730c1437ccb-300x225.jpeg 300w, https:\/\/juacontecimentos.com.br\/site\/wp-content\/uploads\/2025\/01\/fcd190fd-86d8-4ce9-8e90-8730c1437ccb-1024x768.jpeg 1024w, https:\/\/juacontecimentos.com.br\/site\/wp-content\/uploads\/2025\/01\/fcd190fd-86d8-4ce9-8e90-8730c1437ccb-768x576.jpeg 768w, https:\/\/juacontecimentos.com.br\/site\/wp-content\/uploads\/2025\/01\/fcd190fd-86d8-4ce9-8e90-8730c1437ccb-1536x1152.jpeg 1536w\" sizes=\"auto, (max-width: 1600px) 100vw, 1600px\" \/><\/p>\n<p class=\"gmail-msonospacing\" style=\"margin: 0cm;text-align: justify;text-indent: 1.0cm\"><span style=\"font-family: 'Calibri',sans-serif;color: #222222\">O Prefeito enfatizou a import\u00e2ncia de escutar a comunidade e buscar solu\u00e7\u00f5es r\u00e1pidas e eficazes para os problemas locais. \u201cO primeiro passo \u00e9 entender as reais necessidades da nossa cidade. Esse time forte de secret\u00e1rios e assessores tem a miss\u00e3o de construir uma gest\u00e3o participativa que promova o desenvolvimento da nossa querida Campo Alegre\u201d, concluiu o Prefeito.<\/span><\/p>\n<p class=\"gmail-msonospacing\" style=\"margin: 0cm;text-align: justify;text-indent: 1.0cm\"><span style=\"font-family: 'Calibri',sans-serif;color: #222222\">Douglas Sert\u00f3rio acompanhado do vice-prefeito, salientou que em seu governo a educa\u00e7\u00e3o sempre ter\u00e1 uma aten\u00e7\u00e3o especial por ele e por sua equipe. Falou das a\u00e7\u00f5es a serem executadas. \u201cVamos inicialmente, proporcionando melhores condi\u00e7\u00f5es para receber os alunos que iniciam o ano letivo nos pr\u00f3ximos dias\u201d, enfatiza. <img loading=\"lazy\" decoding=\"async\" class=\"alignnone size-full wp-image-40175\" src=\"https:\/\/juacontecimentos.com.br\/site\/wp-content\/uploads\/2025\/01\/a6e55d9d-2825-4235-a034-06c9af12826f.jpeg\" alt=\"\" width=\"1600\" height=\"1200\" srcset=\"https:\/\/juacontecimentos.com.br\/site\/wp-content\/uploads\/2025\/01\/a6e55d9d-2825-4235-a034-06c9af12826f.jpeg 1600w, https:\/\/juacontecimentos.com.br\/site\/wp-content\/uploads\/2025\/01\/a6e55d9d-2825-4235-a034-06c9af12826f-300x225.jpeg 300w, https:\/\/juacontecimentos.com.br\/site\/wp-content\/uploads\/2025\/01\/a6e55d9d-2825-4235-a034-06c9af12826f-1024x768.jpeg 1024w, https:\/\/juacontecimentos.com.br\/site\/wp-content\/uploads\/2025\/01\/a6e55d9d-2825-4235-a034-06c9af12826f-768x576.jpeg 768w, https:\/\/juacontecimentos.com.br\/site\/wp-content\/uploads\/2025\/01\/a6e55d9d-2825-4235-a034-06c9af12826f-1536x1152.jpeg 1536w\" sizes=\"auto, (max-width: 1600px) 100vw, 1600px\" \/> <img loading=\"lazy\" decoding=\"async\" class=\"alignnone size-full wp-image-40177\" src=\"https:\/\/juacontecimentos.com.br\/site\/wp-content\/uploads\/2025\/01\/ed23ca70-358a-483f-bd17-c48958c001c6.jpeg\" alt=\"\" width=\"1600\" height=\"1200\" srcset=\"https:\/\/juacontecimentos.com.br\/site\/wp-content\/uploads\/2025\/01\/ed23ca70-358a-483f-bd17-c48958c001c6.jpeg 1600w, https:\/\/juacontecimentos.com.br\/site\/wp-content\/uploads\/2025\/01\/ed23ca70-358a-483f-bd17-c48958c001c6-300x225.jpeg 300w, https:\/\/juacontecimentos.com.br\/site\/wp-content\/uploads\/2025\/01\/ed23ca70-358a-483f-bd17-c48958c001c6-1024x768.jpeg 1024w, https:\/\/juacontecimentos.com.br\/site\/wp-content\/uploads\/2025\/01\/ed23ca70-358a-483f-bd17-c48958c001c6-768x576.jpeg 768w, https:\/\/juacontecimentos.com.br\/site\/wp-content\/uploads\/2025\/01\/ed23ca70-358a-483f-bd17-c48958c001c6-1536x1152.jpeg 1536w\" sizes=\"auto, (max-width: 1600px) 100vw, 1600px\" \/><\/span><\/p>\n","protected":false},"excerpt":{"rendered":"<p>Na manh\u00e3 desta ter\u00e7a-feira dia 06 de janeiro de 2025, no audit\u00f3rio da C\u00e2mara Municipal de Vereadores, o Prefeito Municipal de Campo Alegre de Goi\u00e1s &#8211; Douglas Sert\u00f3rio, o vice-prefeito &#8211; Bruno Saran e a secret\u00e1ria de Educa\u00e7\u00e3o &#8211; Tatiana Estrela, deram as boas-vindas aos colaboradores do setor educacional, ressaltando a import\u00e2ncia do trabalho em<\/p>\n","protected":false},"author":2,"featured_media":40175,"comment_status":"closed","ping_status":"closed","sticky":false,"template":"","format":"standard","meta":{"footnotes":""},"categories":[27,22,26,23],"tags":[],"class_list":["post-40170","post","type-post","status-publish","format-standard","has-post-thumbnail","hentry","category-brasil","category-catalao","category-destaque","category-goias"],"yoast_head":"<!-- This site is optimized with the Yoast SEO plugin v25.8 - https:\/\/yoast.com\/wordpress\/plugins\/seo\/ -->\n<title>Prefeito e vice se re\u00fanem com servidores da Educa\u00e7\u00e3o de Campo Alegre de Goi\u00e1s - Jornal Ultimos Acontecimentos<\/title>\n<meta name=\"robots\" content=\"index, follow, max-snippet:-1, max-image-preview:large, max-video-preview:-1\" \/>\n<link rel=\"canonical\" href=\"https:\/\/juacontecimentos.com.br\/site\/prefeito-e-vice-se-reunem-com-servidores-da-educacao-de-campo-alegre-de-goias\/\" \/>\n<meta property=\"og:locale\" content=\"pt_BR\" \/>\n<meta property=\"og:type\" content=\"article\" \/>\n<meta property=\"og:title\" content=\"Prefeito e vice se re\u00fanem com servidores da Educa\u00e7\u00e3o de Campo Alegre de Goi\u00e1s - Jornal Ultimos Acontecimentos\" \/>\n<meta property=\"og:description\" content=\"Na manh\u00e3 desta ter\u00e7a-feira dia 06 de janeiro de 2025, no audit\u00f3rio da C\u00e2mara Municipal de Vereadores, o Prefeito Municipal de Campo Alegre de Goi\u00e1s &#8211; Douglas Sert\u00f3rio, o vice-prefeito &#8211; Bruno Saran e a secret\u00e1ria de Educa\u00e7\u00e3o &#8211; Tatiana Estrela, deram as boas-vindas aos colaboradores do setor educacional, ressaltando a import\u00e2ncia do trabalho em\" \/>\n<meta property=\"og:url\" content=\"https:\/\/juacontecimentos.com.br\/site\/prefeito-e-vice-se-reunem-com-servidores-da-educacao-de-campo-alegre-de-goias\/\" \/>\n<meta property=\"og:site_name\" content=\"Jornal Ultimos Acontecimentos\" \/>\n<meta property=\"article:publisher\" content=\"https:\/\/www.facebook.com\/jultimosacontecimentos\/\" \/>\n<meta property=\"article:published_time\" content=\"2025-01-07T15:15:03+00:00\" \/>\n<meta property=\"article:modified_time\" content=\"2025-01-07T15:19:53+00:00\" \/>\n<meta property=\"og:image\" content=\"https:\/\/juacontecimentos.com.br\/site\/wp-content\/uploads\/2025\/01\/a6e55d9d-2825-4235-a034-06c9af12826f.jpeg\" \/>\n\t<meta property=\"og:image:width\" content=\"1600\" \/>\n\t<meta property=\"og:image:height\" content=\"1200\" \/>\n\t<meta property=\"og:image:type\" content=\"image\/jpeg\" \/>\n<meta name=\"author\" content=\"Reginaldo Ribeiro\" \/>\n<meta name=\"twitter:card\" content=\"summary_large_image\" \/>\n<meta name=\"twitter:label1\" content=\"Escrito por\" \/>\n\t<meta name=\"twitter:data1\" content=\"Reginaldo Ribeiro\" \/>\n\t<meta name=\"twitter:label2\" content=\"Est. tempo de leitura\" \/>\n\t<meta name=\"twitter:data2\" content=\"2 minutos\" \/>\n<script type=\"application\/ld+json\" class=\"yoast-schema-graph\">{\"@context\":\"https:\/\/schema.org\",\"@graph\":[{\"@type\":\"Article\",\"@id\":\"https:\/\/juacontecimentos.com.br\/site\/prefeito-e-vice-se-reunem-com-servidores-da-educacao-de-campo-alegre-de-goias\/#article\",\"isPartOf\":{\"@id\":\"https:\/\/juacontecimentos.com.br\/site\/prefeito-e-vice-se-reunem-com-servidores-da-educacao-de-campo-alegre-de-goias\/\"},\"author\":{\"name\":\"Reginaldo Ribeiro\",\"@id\":\"https:\/\/juacontecimentos.com.br\/site\/#\/schema\/person\/082a54e6d3fdd7a633291428521c9669\"},\"headline\":\"Prefeito e vice se re\u00fanem com servidores da Educa\u00e7\u00e3o de Campo Alegre de Goi\u00e1s\",\"datePublished\":\"2025-01-07T15:15:03+00:00\",\"dateModified\":\"2025-01-07T15:19:53+00:00\",\"mainEntityOfPage\":{\"@id\":\"https:\/\/juacontecimentos.com.br\/site\/prefeito-e-vice-se-reunem-com-servidores-da-educacao-de-campo-alegre-de-goias\/\"},\"wordCount\":239,\"publisher\":{\"@id\":\"https:\/\/juacontecimentos.com.br\/site\/#organization\"},\"image\":{\"@id\":\"https:\/\/juacontecimentos.com.br\/site\/prefeito-e-vice-se-reunem-com-servidores-da-educacao-de-campo-alegre-de-goias\/#primaryimage\"},\"thumbnailUrl\":\"https:\/\/juacontecimentos.com.br\/site\/wp-content\/uploads\/2025\/01\/a6e55d9d-2825-4235-a034-06c9af12826f.jpeg\",\"articleSection\":[\"Brasil\",\"Catal\u00e3o\",\"Destaque\",\"Goi\u00e1s\"],\"inLanguage\":\"pt-BR\"},{\"@type\":\"WebPage\",\"@id\":\"https:\/\/juacontecimentos.com.br\/site\/prefeito-e-vice-se-reunem-com-servidores-da-educacao-de-campo-alegre-de-goias\/\",\"url\":\"https:\/\/juacontecimentos.com.br\/site\/prefeito-e-vice-se-reunem-com-servidores-da-educacao-de-campo-alegre-de-goias\/\",\"name\":\"Prefeito e vice se re\u00fanem com servidores da Educa\u00e7\u00e3o de Campo Alegre de Goi\u00e1s - Jornal Ultimos Acontecimentos\",\"isPartOf\":{\"@id\":\"https:\/\/juacontecimentos.com.br\/site\/#website\"},\"primaryImageOfPage\":{\"@id\":\"https:\/\/juacontecimentos.com.br\/site\/prefeito-e-vice-se-reunem-com-servidores-da-educacao-de-campo-alegre-de-goias\/#primaryimage\"},\"image\":{\"@id\":\"https:\/\/juacontecimentos.com.br\/site\/prefeito-e-vice-se-reunem-com-servidores-da-educacao-de-campo-alegre-de-goias\/#primaryimage\"},\"thumbnailUrl\":\"https:\/\/juacontecimentos.com.br\/site\/wp-content\/uploads\/2025\/01\/a6e55d9d-2825-4235-a034-06c9af12826f.jpeg\",\"datePublished\":\"2025-01-07T15:15:03+00:00\",\"dateModified\":\"2025-01-07T15:19:53+00:00\",\"breadcrumb\":{\"@id\":\"https:\/\/juacontecimentos.com.br\/site\/prefeito-e-vice-se-reunem-com-servidores-da-educacao-de-campo-alegre-de-goias\/#breadcrumb\"},\"inLanguage\":\"pt-BR\",\"potentialAction\":[{\"@type\":\"ReadAction\",\"target\":[\"https:\/\/juacontecimentos.com.br\/site\/prefeito-e-vice-se-reunem-com-servidores-da-educacao-de-campo-alegre-de-goias\/\"]}]},{\"@type\":\"ImageObject\",\"inLanguage\":\"pt-BR\",\"@id\":\"https:\/\/juacontecimentos.com.br\/site\/prefeito-e-vice-se-reunem-com-servidores-da-educacao-de-campo-alegre-de-goias\/#primaryimage\",\"url\":\"https:\/\/juacontecimentos.com.br\/site\/wp-content\/uploads\/2025\/01\/a6e55d9d-2825-4235-a034-06c9af12826f.jpeg\",\"contentUrl\":\"https:\/\/juacontecimentos.com.br\/site\/wp-content\/uploads\/2025\/01\/a6e55d9d-2825-4235-a034-06c9af12826f.jpeg\",\"width\":1600,\"height\":1200},{\"@type\":\"BreadcrumbList\",\"@id\":\"https:\/\/juacontecimentos.com.br\/site\/prefeito-e-vice-se-reunem-com-servidores-da-educacao-de-campo-alegre-de-goias\/#breadcrumb\",\"itemListElement\":[{\"@type\":\"ListItem\",\"position\":1,\"name\":\"In\u00edcio\",\"item\":\"https:\/\/juacontecimentos.com.br\/site\/\"},{\"@type\":\"ListItem\",\"position\":2,\"name\":\"Prefeito e vice se re\u00fanem com servidores da Educa\u00e7\u00e3o de Campo Alegre de Goi\u00e1s\"}]},{\"@type\":\"WebSite\",\"@id\":\"https:\/\/juacontecimentos.com.br\/site\/#website\",\"url\":\"https:\/\/juacontecimentos.com.br\/site\/\",\"name\":\"Jornal Ultimos Acontecimentos\",\"description\":\"Catal\u00e3o e regi\u00e3o\",\"publisher\":{\"@id\":\"https:\/\/juacontecimentos.com.br\/site\/#organization\"},\"potentialAction\":[{\"@type\":\"SearchAction\",\"target\":{\"@type\":\"EntryPoint\",\"urlTemplate\":\"https:\/\/juacontecimentos.com.br\/site\/?s={search_term_string}\"},\"query-input\":{\"@type\":\"PropertyValueSpecification\",\"valueRequired\":true,\"valueName\":\"search_term_string\"}}],\"inLanguage\":\"pt-BR\"},{\"@type\":\"Organization\",\"@id\":\"https:\/\/juacontecimentos.com.br\/site\/#organization\",\"name\":\"Jornal Ultimos Acontecimentos\",\"url\":\"https:\/\/juacontecimentos.com.br\/site\/\",\"logo\":{\"@type\":\"ImageObject\",\"inLanguage\":\"pt-BR\",\"@id\":\"https:\/\/juacontecimentos.com.br\/site\/#\/schema\/logo\/image\/\",\"url\":\"https:\/\/juacontecimentos.com.br\/site\/wp-content\/uploads\/2023\/04\/Logo_Site.png\",\"contentUrl\":\"https:\/\/juacontecimentos.com.br\/site\/wp-content\/uploads\/2023\/04\/Logo_Site.png\",\"width\":2476,\"height\":530,\"caption\":\"Jornal Ultimos Acontecimentos\"},\"image\":{\"@id\":\"https:\/\/juacontecimentos.com.br\/site\/#\/schema\/logo\/image\/\"},\"sameAs\":[\"https:\/\/www.facebook.com\/jultimosacontecimentos\/\"]},{\"@type\":\"Person\",\"@id\":\"https:\/\/juacontecimentos.com.br\/site\/#\/schema\/person\/082a54e6d3fdd7a633291428521c9669\",\"name\":\"Reginaldo Ribeiro\",\"image\":{\"@type\":\"ImageObject\",\"inLanguage\":\"pt-BR\",\"@id\":\"https:\/\/juacontecimentos.com.br\/site\/#\/schema\/person\/image\/\",\"url\":\"https:\/\/secure.gravatar.com\/avatar\/5c16c6837c3490270a74d888c2a845728f06bdde1f8761de1de1d1d1ef82d12f?s=96&d=mm&r=g\",\"contentUrl\":\"https:\/\/secure.gravatar.com\/avatar\/5c16c6837c3490270a74d888c2a845728f06bdde1f8761de1de1d1d1ef82d12f?s=96&d=mm&r=g\",\"caption\":\"Reginaldo Ribeiro\"}}]}<\/script>\n<!-- \/ Yoast SEO plugin. -->","yoast_head_json":{"title":"Prefeito e vice se re\u00fanem com servidores da Educa\u00e7\u00e3o de Campo Alegre de Goi\u00e1s - Jornal Ultimos Acontecimentos","robots":{"index":"index","follow":"follow","max-snippet":"max-snippet:-1","max-image-preview":"max-image-preview:large","max-video-preview":"max-video-preview:-1"},"canonical":"https:\/\/juacontecimentos.com.br\/site\/prefeito-e-vice-se-reunem-com-servidores-da-educacao-de-campo-alegre-de-goias\/","og_locale":"pt_BR","og_type":"article","og_title":"Prefeito e vice se re\u00fanem com servidores da Educa\u00e7\u00e3o de Campo Alegre de Goi\u00e1s - Jornal Ultimos Acontecimentos","og_description":"Na manh\u00e3 desta ter\u00e7a-feira dia 06 de janeiro de 2025, no audit\u00f3rio da C\u00e2mara Municipal de Vereadores, o Prefeito Municipal de Campo Alegre de Goi\u00e1s &#8211; Douglas Sert\u00f3rio, o vice-prefeito &#8211; Bruno Saran e a secret\u00e1ria de Educa\u00e7\u00e3o &#8211; Tatiana Estrela, deram as boas-vindas aos colaboradores do setor educacional, ressaltando a import\u00e2ncia do trabalho em","og_url":"https:\/\/juacontecimentos.com.br\/site\/prefeito-e-vice-se-reunem-com-servidores-da-educacao-de-campo-alegre-de-goias\/","og_site_name":"Jornal Ultimos Acontecimentos","article_publisher":"https:\/\/www.facebook.com\/jultimosacontecimentos\/","article_published_time":"2025-01-07T15:15:03+00:00","article_modified_time":"2025-01-07T15:19:53+00:00","og_image":[{"width":1600,"height":1200,"url":"https:\/\/juacontecimentos.com.br\/site\/wp-content\/uploads\/2025\/01\/a6e55d9d-2825-4235-a034-06c9af12826f.jpeg","type":"image\/jpeg"}],"author":"Reginaldo Ribeiro","twitter_card":"summary_large_image","twitter_misc":{"Escrito por":"Reginaldo Ribeiro","Est. tempo de leitura":"2 minutos"},"schema":{"@context":"https:\/\/schema.org","@graph":[{"@type":"Article","@id":"https:\/\/juacontecimentos.com.br\/site\/prefeito-e-vice-se-reunem-com-servidores-da-educacao-de-campo-alegre-de-goias\/#article","isPartOf":{"@id":"https:\/\/juacontecimentos.com.br\/site\/prefeito-e-vice-se-reunem-com-servidores-da-educacao-de-campo-alegre-de-goias\/"},"author":{"name":"Reginaldo Ribeiro","@id":"https:\/\/juacontecimentos.com.br\/site\/#\/schema\/person\/082a54e6d3fdd7a633291428521c9669"},"headline":"Prefeito e vice se re\u00fanem com servidores da Educa\u00e7\u00e3o de Campo Alegre de Goi\u00e1s","datePublished":"2025-01-07T15:15:03+00:00","dateModified":"2025-01-07T15:19:53+00:00","mainEntityOfPage":{"@id":"https:\/\/juacontecimentos.com.br\/site\/prefeito-e-vice-se-reunem-com-servidores-da-educacao-de-campo-alegre-de-goias\/"},"wordCount":239,"publisher":{"@id":"https:\/\/juacontecimentos.com.br\/site\/#organization"},"image":{"@id":"https:\/\/juacontecimentos.com.br\/site\/prefeito-e-vice-se-reunem-com-servidores-da-educacao-de-campo-alegre-de-goias\/#primaryimage"},"thumbnailUrl":"https:\/\/juacontecimentos.com.br\/site\/wp-content\/uploads\/2025\/01\/a6e55d9d-2825-4235-a034-06c9af12826f.jpeg","articleSection":["Brasil","Catal\u00e3o","Destaque","Goi\u00e1s"],"inLanguage":"pt-BR"},{"@type":"WebPage","@id":"https:\/\/juacontecimentos.com.br\/site\/prefeito-e-vice-se-reunem-com-servidores-da-educacao-de-campo-alegre-de-goias\/","url":"https:\/\/juacontecimentos.com.br\/site\/prefeito-e-vice-se-reunem-com-servidores-da-educacao-de-campo-alegre-de-goias\/","name":"Prefeito e vice se re\u00fanem com servidores da Educa\u00e7\u00e3o de Campo Alegre de Goi\u00e1s - Jornal Ultimos Acontecimentos","isPartOf":{"@id":"https:\/\/juacontecimentos.com.br\/site\/#website"},"primaryImageOfPage":{"@id":"https:\/\/juacontecimentos.com.br\/site\/prefeito-e-vice-se-reunem-com-servidores-da-educacao-de-campo-alegre-de-goias\/#primaryimage"},"image":{"@id":"https:\/\/juacontecimentos.com.br\/site\/prefeito-e-vice-se-reunem-com-servidores-da-educacao-de-campo-alegre-de-goias\/#primaryimage"},"thumbnailUrl":"https:\/\/juacontecimentos.com.br\/site\/wp-content\/uploads\/2025\/01\/a6e55d9d-2825-4235-a034-06c9af12826f.jpeg","datePublished":"2025-01-07T15:15:03+00:00","dateModified":"2025-01-07T15:19:53+00:00","breadcrumb":{"@id":"https:\/\/juacontecimentos.com.br\/site\/prefeito-e-vice-se-reunem-com-servidores-da-educacao-de-campo-alegre-de-goias\/#breadcrumb"},"inLanguage":"pt-BR","potentialAction":[{"@type":"ReadAction","target":["https:\/\/juacontecimentos.com.br\/site\/prefeito-e-vice-se-reunem-com-servidores-da-educacao-de-campo-alegre-de-goias\/"]}]},{"@type":"ImageObject","inLanguage":"pt-BR","@id":"https:\/\/juacontecimentos.com.br\/site\/prefeito-e-vice-se-reunem-com-servidores-da-educacao-de-campo-alegre-de-goias\/#primaryimage","url":"https:\/\/juacontecimentos.com.br\/site\/wp-content\/uploads\/2025\/01\/a6e55d9d-2825-4235-a034-06c9af12826f.jpeg","contentUrl":"https:\/\/juacontecimentos.com.br\/site\/wp-content\/uploads\/2025\/01\/a6e55d9d-2825-4235-a034-06c9af12826f.jpeg","width":1600,"height":1200},{"@type":"BreadcrumbList","@id":"https:\/\/juacontecimentos.com.br\/site\/prefeito-e-vice-se-reunem-com-servidores-da-educacao-de-campo-alegre-de-goias\/#breadcrumb","itemListElement":[{"@type":"ListItem","position":1,"name":"In\u00edcio","item":"https:\/\/juacontecimentos.com.br\/site\/"},{"@type":"ListItem","position":2,"name":"Prefeito e vice se re\u00fanem com servidores da Educa\u00e7\u00e3o de Campo Alegre de Goi\u00e1s"}]},{"@type":"WebSite","@id":"https:\/\/juacontecimentos.com.br\/site\/#website","url":"https:\/\/juacontecimentos.com.br\/site\/","name":"Jornal Ultimos Acontecimentos","description":"Catal\u00e3o e regi\u00e3o","publisher":{"@id":"https:\/\/juacontecimentos.com.br\/site\/#organization"},"potentialAction":[{"@type":"SearchAction","target":{"@type":"EntryPoint","urlTemplate":"https:\/\/juacontecimentos.com.br\/site\/?s={search_term_string}"},"query-input":{"@type":"PropertyValueSpecification","valueRequired":true,"valueName":"search_term_string"}}],"inLanguage":"pt-BR"},{"@type":"Organization","@id":"https:\/\/juacontecimentos.com.br\/site\/#organization","name":"Jornal Ultimos Acontecimentos","url":"https:\/\/juacontecimentos.com.br\/site\/","logo":{"@type":"ImageObject","inLanguage":"pt-BR","@id":"https:\/\/juacontecimentos.com.br\/site\/#\/schema\/logo\/image\/","url":"https:\/\/juacontecimentos.com.br\/site\/wp-content\/uploads\/2023\/04\/Logo_Site.png","contentUrl":"https:\/\/juacontecimentos.com.br\/site\/wp-content\/uploads\/2023\/04\/Logo_Site.png","width":2476,"height":530,"caption":"Jornal Ultimos Acontecimentos"},"image":{"@id":"https:\/\/juacontecimentos.com.br\/site\/#\/schema\/logo\/image\/"},"sameAs":["https:\/\/www.facebook.com\/jultimosacontecimentos\/"]},{"@type":"Person","@id":"https:\/\/juacontecimentos.com.br\/site\/#\/schema\/person\/082a54e6d3fdd7a633291428521c9669","name":"Reginaldo Ribeiro","image":{"@type":"ImageObject","inLanguage":"pt-BR","@id":"https:\/\/juacontecimentos.com.br\/site\/#\/schema\/person\/image\/","url":"https:\/\/secure.gravatar.com\/avatar\/5c16c6837c3490270a74d888c2a845728f06bdde1f8761de1de1d1d1ef82d12f?s=96&d=mm&r=g","contentUrl":"https:\/\/secure.gravatar.com\/avatar\/5c16c6837c3490270a74d888c2a845728f06bdde1f8761de1de1d1d1ef82d12f?s=96&d=mm&r=g","caption":"Reginaldo Ribeiro"}}]}},"_links":{"self":[{"href":"https:\/\/juacontecimentos.com.br\/site\/wp-json\/wp\/v2\/posts\/40170","targetHints":{"allow":["GET"]}}],"collection":[{"href":"https:\/\/juacontecimentos.com.br\/site\/wp-json\/wp\/v2\/posts"}],"about":[{"href":"https:\/\/juacontecimentos.com.br\/site\/wp-json\/wp\/v2\/types\/post"}],"author":[{"embeddable":true,"href":"https:\/\/juacontecimentos.com.br\/site\/wp-json\/wp\/v2\/users\/2"}],"replies":[{"embeddable":true,"href":"https:\/\/juacontecimentos.com.br\/site\/wp-json\/wp\/v2\/comments?post=40170"}],"version-history":[{"count":3,"href":"https:\/\/juacontecimentos.com.br\/site\/wp-json\/wp\/v2\/posts\/40170\/revisions"}],"predecessor-version":[{"id":40178,"href":"https:\/\/juacontecimentos.com.br\/site\/wp-json\/wp\/v2\/posts\/40170\/revisions\/40178"}],"wp:featuredmedia":[{"embeddable":true,"href":"https:\/\/juacontecimentos.com.br\/site\/wp-json\/wp\/v2\/media\/40175"}],"wp:attachment":[{"href":"https:\/\/juacontecimentos.com.br\/site\/wp-json\/wp\/v2\/media?parent=40170"}],"wp:term":[{"taxonomy":"category","embeddable":true,"href":"https:\/\/juacontecimentos.com.br\/site\/wp-json\/wp\/v2\/categories?post=40170"},{"taxonomy":"post_tag","embeddable":true,"href":"https:\/\/juacontecimentos.com.br\/site\/wp-json\/wp\/v2\/tags?post=40170"}],"curies":[{"name":"wp","href":"https:\/\/api.w.org\/{rel}","templated":true}]}}