{"id":40450,"date":"2025-01-28T09:39:59","date_gmt":"2025-01-28T12:39:59","guid":{"rendered":"https:\/\/juacontecimentos.com.br\/site\/?p=40450"},"modified":"2025-01-28T09:44:29","modified_gmt":"2025-01-28T12:44:29","slug":"sindicato-rural-de-catalao-recebe-produtores-para-encontro-de-bovinocultura-de-corte","status":"publish","type":"post","link":"https:\/\/juacontecimentos.com.br\/site\/sindicato-rural-de-catalao-recebe-produtores-para-encontro-de-bovinocultura-de-corte\/","title":{"rendered":"Sindicato Rural de Catal\u00e3o recebe produtores para Encontro de Bovinocultura de Corte"},"content":{"rendered":"<h2><strong>A assist\u00eancia t\u00e9cnica ao produtor \u00e9 realizada pelo Sindicato por meio do Senar +<\/strong><\/h2>\n<p><strong> <img loading=\"lazy\" decoding=\"async\" class=\"alignnone size-full wp-image-40452\" src=\"https:\/\/juacontecimentos.com.br\/site\/wp-content\/uploads\/2025\/01\/11111-scaled.jpg\" alt=\"\" width=\"2560\" height=\"1313\" srcset=\"https:\/\/juacontecimentos.com.br\/site\/wp-content\/uploads\/2025\/01\/11111-scaled.jpg 2560w, https:\/\/juacontecimentos.com.br\/site\/wp-content\/uploads\/2025\/01\/11111-300x154.jpg 300w, https:\/\/juacontecimentos.com.br\/site\/wp-content\/uploads\/2025\/01\/11111-1024x525.jpg 1024w, https:\/\/juacontecimentos.com.br\/site\/wp-content\/uploads\/2025\/01\/11111-768x394.jpg 768w, https:\/\/juacontecimentos.com.br\/site\/wp-content\/uploads\/2025\/01\/11111-1536x788.jpg 1536w, https:\/\/juacontecimentos.com.br\/site\/wp-content\/uploads\/2025\/01\/11111-2048x1051.jpg 2048w\" sizes=\"auto, (max-width: 2560px) 100vw, 2560px\" \/><\/strong><\/p>\n<p>Para abrir a semana com chave de ouro, o Sindicato Rural de Catal\u00e3o recebeu nesta segunda-feira, 27 de janeiro, produtores da regi\u00e3o para o Encontro de Produtores da Cadeia de Bovinocultura de Corte.<\/p>\n<p>O encontro que dessa vez foi realizado pelo T\u00e9cnico Paulo Roberto, reuniu produtores, nossa diretoria, profissionais do agro, t\u00e9cnicos e muito mais, em uma noite que contou com a participa\u00e7\u00e3o de parceiros, que compartilharam conhecimento com os presentes, al\u00e9m da apresenta\u00e7\u00e3o dos resultados de um ano de assist\u00eancia da cadeia.<\/p>\n<p>Durante o encontro, foi apresentada a evolu\u00e7\u00e3o do per\u00edodo de um ano de assist\u00eancia t\u00e9cnica, do produtor Cl\u00e1udio Netto de Melo, da Fazenda\u00a0Matinha. Com a assist\u00eancia t\u00e9cnica, Cl\u00e1udio melhorou \u00e0s condi\u00e7\u00f5es para o seu gado e assim aumentou a qualidade e desempenho de sua atividade.<\/p>\n<p>\u201cEsse encontro nos traz o privil\u00e9gio de compartilhar experiencias e conviver com os produtores rurais de Catal\u00e3o e regi\u00e3o. Iniciamos o ano muito bem e esse j\u00e1 o segundo encontro de 2025 em menos de um m\u00eas. \u00a0Temos o muito orgulho de abrir as portas do sindicato para esse tipo de evento. Ver a evolu\u00e7\u00e3o que uma assist\u00eancia t\u00e9cnica leva para a vida do produtor \u00e9 muito gratificante. Ver um produtor crescendo com o nosso aux\u00edlio, nos faz querer avan\u00e7ar cada vez mais\u201d, ressalta o presidente do Sindicato Rural Renato Ribeiro.<\/p>\n<p>Ap\u00f3s as apresenta\u00e7\u00f5es, os presentes degustaram um jantar maravilhoso com direito a churrasco e distribui\u00e7\u00e3o de brindes.<\/p>\n<p>O Sindicato Rural atualmente disponibiliza assist\u00eancia t\u00e9cnica, atrav\u00e9s do Senar + nas cadeias de horticultura, bovinocultura de corte, Bovinocultura de leite, Avicultura, Gr\u00e3os e Apicultura.<\/p>\n<p>Fonte: Ascom \/ Sindicato Rural<\/p>\n<p><strong><img loading=\"lazy\" decoding=\"async\" class=\"alignnone size-full wp-image-40453\" src=\"https:\/\/juacontecimentos.com.br\/site\/wp-content\/uploads\/2025\/01\/33333-scaled.jpg\" alt=\"\" width=\"2560\" height=\"1574\" srcset=\"https:\/\/juacontecimentos.com.br\/site\/wp-content\/uploads\/2025\/01\/33333-scaled.jpg 2560w, https:\/\/juacontecimentos.com.br\/site\/wp-content\/uploads\/2025\/01\/33333-300x184.jpg 300w, https:\/\/juacontecimentos.com.br\/site\/wp-content\/uploads\/2025\/01\/33333-1024x630.jpg 1024w, https:\/\/juacontecimentos.com.br\/site\/wp-content\/uploads\/2025\/01\/33333-768x472.jpg 768w, https:\/\/juacontecimentos.com.br\/site\/wp-content\/uploads\/2025\/01\/33333-1536x944.jpg 1536w, https:\/\/juacontecimentos.com.br\/site\/wp-content\/uploads\/2025\/01\/33333-2048x1259.jpg 2048w\" sizes=\"auto, (max-width: 2560px) 100vw, 2560px\" \/> <img loading=\"lazy\" decoding=\"async\" class=\"alignnone size-full wp-image-40454\" src=\"https:\/\/juacontecimentos.com.br\/site\/wp-content\/uploads\/2025\/01\/222222222-scaled.jpg\" alt=\"\" width=\"2560\" height=\"1212\" srcset=\"https:\/\/juacontecimentos.com.br\/site\/wp-content\/uploads\/2025\/01\/222222222-scaled.jpg 2560w, https:\/\/juacontecimentos.com.br\/site\/wp-content\/uploads\/2025\/01\/222222222-300x142.jpg 300w, https:\/\/juacontecimentos.com.br\/site\/wp-content\/uploads\/2025\/01\/222222222-1024x485.jpg 1024w, https:\/\/juacontecimentos.com.br\/site\/wp-content\/uploads\/2025\/01\/222222222-768x364.jpg 768w, https:\/\/juacontecimentos.com.br\/site\/wp-content\/uploads\/2025\/01\/222222222-1536x727.jpg 1536w, https:\/\/juacontecimentos.com.br\/site\/wp-content\/uploads\/2025\/01\/222222222-2048x969.jpg 2048w\" sizes=\"auto, (max-width: 2560px) 100vw, 2560px\" \/><\/strong><\/p>\n<p>&nbsp;<\/p>\n","protected":false},"excerpt":{"rendered":"<p>A assist\u00eancia t\u00e9cnica ao produtor \u00e9 realizada pelo Sindicato por meio do Senar + Para abrir a semana com chave de ouro, o Sindicato Rural de Catal\u00e3o recebeu nesta segunda-feira, 27 de janeiro, produtores da regi\u00e3o para o Encontro de Produtores da Cadeia de Bovinocultura de Corte. O encontro que dessa vez foi realizado pelo<\/p>\n","protected":false},"author":2,"featured_media":40452,"comment_status":"closed","ping_status":"closed","sticky":false,"template":"","format":"standard","meta":{"footnotes":""},"categories":[27,22,26,23],"tags":[],"class_list":["post-40450","post","type-post","status-publish","format-standard","has-post-thumbnail","hentry","category-brasil","category-catalao","category-destaque","category-goias"],"yoast_head":"<!-- This site is optimized with the Yoast SEO plugin v25.8 - https:\/\/yoast.com\/wordpress\/plugins\/seo\/ -->\n<title>Sindicato Rural de Catal\u00e3o recebe produtores para Encontro de Bovinocultura de Corte - Jornal Ultimos Acontecimentos<\/title>\n<meta name=\"robots\" content=\"index, follow, max-snippet:-1, max-image-preview:large, max-video-preview:-1\" \/>\n<link rel=\"canonical\" href=\"https:\/\/juacontecimentos.com.br\/site\/sindicato-rural-de-catalao-recebe-produtores-para-encontro-de-bovinocultura-de-corte\/\" \/>\n<meta property=\"og:locale\" content=\"pt_BR\" \/>\n<meta property=\"og:type\" content=\"article\" \/>\n<meta property=\"og:title\" content=\"Sindicato Rural de Catal\u00e3o recebe produtores para Encontro de Bovinocultura de Corte - Jornal Ultimos Acontecimentos\" \/>\n<meta property=\"og:description\" content=\"A assist\u00eancia t\u00e9cnica ao produtor \u00e9 realizada pelo Sindicato por meio do Senar + Para abrir a semana com chave de ouro, o Sindicato Rural de Catal\u00e3o recebeu nesta segunda-feira, 27 de janeiro, produtores da regi\u00e3o para o Encontro de Produtores da Cadeia de Bovinocultura de Corte. O encontro que dessa vez foi realizado pelo\" \/>\n<meta property=\"og:url\" content=\"https:\/\/juacontecimentos.com.br\/site\/sindicato-rural-de-catalao-recebe-produtores-para-encontro-de-bovinocultura-de-corte\/\" \/>\n<meta property=\"og:site_name\" content=\"Jornal Ultimos Acontecimentos\" \/>\n<meta property=\"article:publisher\" content=\"https:\/\/www.facebook.com\/jultimosacontecimentos\/\" \/>\n<meta property=\"article:published_time\" content=\"2025-01-28T12:39:59+00:00\" \/>\n<meta property=\"article:modified_time\" content=\"2025-01-28T12:44:29+00:00\" \/>\n<meta property=\"og:image\" content=\"https:\/\/juacontecimentos.com.br\/site\/wp-content\/uploads\/2025\/01\/11111-scaled.jpg\" \/>\n\t<meta property=\"og:image:width\" content=\"2560\" \/>\n\t<meta property=\"og:image:height\" content=\"1313\" \/>\n\t<meta property=\"og:image:type\" content=\"image\/jpeg\" \/>\n<meta name=\"author\" content=\"Reginaldo Ribeiro\" \/>\n<meta name=\"twitter:card\" content=\"summary_large_image\" \/>\n<meta name=\"twitter:label1\" content=\"Escrito por\" \/>\n\t<meta name=\"twitter:data1\" content=\"Reginaldo Ribeiro\" \/>\n\t<meta name=\"twitter:label2\" content=\"Est. tempo de leitura\" \/>\n\t<meta name=\"twitter:data2\" content=\"3 minutos\" \/>\n<script type=\"application\/ld+json\" class=\"yoast-schema-graph\">{\"@context\":\"https:\/\/schema.org\",\"@graph\":[{\"@type\":\"Article\",\"@id\":\"https:\/\/juacontecimentos.com.br\/site\/sindicato-rural-de-catalao-recebe-produtores-para-encontro-de-bovinocultura-de-corte\/#article\",\"isPartOf\":{\"@id\":\"https:\/\/juacontecimentos.com.br\/site\/sindicato-rural-de-catalao-recebe-produtores-para-encontro-de-bovinocultura-de-corte\/\"},\"author\":{\"name\":\"Reginaldo Ribeiro\",\"@id\":\"https:\/\/juacontecimentos.com.br\/site\/#\/schema\/person\/082a54e6d3fdd7a633291428521c9669\"},\"headline\":\"Sindicato Rural de Catal\u00e3o recebe produtores para Encontro de Bovinocultura de Corte\",\"datePublished\":\"2025-01-28T12:39:59+00:00\",\"dateModified\":\"2025-01-28T12:44:29+00:00\",\"mainEntityOfPage\":{\"@id\":\"https:\/\/juacontecimentos.com.br\/site\/sindicato-rural-de-catalao-recebe-produtores-para-encontro-de-bovinocultura-de-corte\/\"},\"wordCount\":323,\"publisher\":{\"@id\":\"https:\/\/juacontecimentos.com.br\/site\/#organization\"},\"image\":{\"@id\":\"https:\/\/juacontecimentos.com.br\/site\/sindicato-rural-de-catalao-recebe-produtores-para-encontro-de-bovinocultura-de-corte\/#primaryimage\"},\"thumbnailUrl\":\"https:\/\/juacontecimentos.com.br\/site\/wp-content\/uploads\/2025\/01\/11111-scaled.jpg\",\"articleSection\":[\"Brasil\",\"Catal\u00e3o\",\"Destaque\",\"Goi\u00e1s\"],\"inLanguage\":\"pt-BR\"},{\"@type\":\"WebPage\",\"@id\":\"https:\/\/juacontecimentos.com.br\/site\/sindicato-rural-de-catalao-recebe-produtores-para-encontro-de-bovinocultura-de-corte\/\",\"url\":\"https:\/\/juacontecimentos.com.br\/site\/sindicato-rural-de-catalao-recebe-produtores-para-encontro-de-bovinocultura-de-corte\/\",\"name\":\"Sindicato Rural de Catal\u00e3o recebe produtores para Encontro de Bovinocultura de Corte - Jornal Ultimos Acontecimentos\",\"isPartOf\":{\"@id\":\"https:\/\/juacontecimentos.com.br\/site\/#website\"},\"primaryImageOfPage\":{\"@id\":\"https:\/\/juacontecimentos.com.br\/site\/sindicato-rural-de-catalao-recebe-produtores-para-encontro-de-bovinocultura-de-corte\/#primaryimage\"},\"image\":{\"@id\":\"https:\/\/juacontecimentos.com.br\/site\/sindicato-rural-de-catalao-recebe-produtores-para-encontro-de-bovinocultura-de-corte\/#primaryimage\"},\"thumbnailUrl\":\"https:\/\/juacontecimentos.com.br\/site\/wp-content\/uploads\/2025\/01\/11111-scaled.jpg\",\"datePublished\":\"2025-01-28T12:39:59+00:00\",\"dateModified\":\"2025-01-28T12:44:29+00:00\",\"breadcrumb\":{\"@id\":\"https:\/\/juacontecimentos.com.br\/site\/sindicato-rural-de-catalao-recebe-produtores-para-encontro-de-bovinocultura-de-corte\/#breadcrumb\"},\"inLanguage\":\"pt-BR\",\"potentialAction\":[{\"@type\":\"ReadAction\",\"target\":[\"https:\/\/juacontecimentos.com.br\/site\/sindicato-rural-de-catalao-recebe-produtores-para-encontro-de-bovinocultura-de-corte\/\"]}]},{\"@type\":\"ImageObject\",\"inLanguage\":\"pt-BR\",\"@id\":\"https:\/\/juacontecimentos.com.br\/site\/sindicato-rural-de-catalao-recebe-produtores-para-encontro-de-bovinocultura-de-corte\/#primaryimage\",\"url\":\"https:\/\/juacontecimentos.com.br\/site\/wp-content\/uploads\/2025\/01\/11111-scaled.jpg\",\"contentUrl\":\"https:\/\/juacontecimentos.com.br\/site\/wp-content\/uploads\/2025\/01\/11111-scaled.jpg\",\"width\":2560,\"height\":1313},{\"@type\":\"BreadcrumbList\",\"@id\":\"https:\/\/juacontecimentos.com.br\/site\/sindicato-rural-de-catalao-recebe-produtores-para-encontro-de-bovinocultura-de-corte\/#breadcrumb\",\"itemListElement\":[{\"@type\":\"ListItem\",\"position\":1,\"name\":\"In\u00edcio\",\"item\":\"https:\/\/juacontecimentos.com.br\/site\/\"},{\"@type\":\"ListItem\",\"position\":2,\"name\":\"Sindicato Rural de Catal\u00e3o recebe produtores para Encontro de Bovinocultura de Corte\"}]},{\"@type\":\"WebSite\",\"@id\":\"https:\/\/juacontecimentos.com.br\/site\/#website\",\"url\":\"https:\/\/juacontecimentos.com.br\/site\/\",\"name\":\"Jornal Ultimos Acontecimentos\",\"description\":\"Catal\u00e3o e regi\u00e3o\",\"publisher\":{\"@id\":\"https:\/\/juacontecimentos.com.br\/site\/#organization\"},\"potentialAction\":[{\"@type\":\"SearchAction\",\"target\":{\"@type\":\"EntryPoint\",\"urlTemplate\":\"https:\/\/juacontecimentos.com.br\/site\/?s={search_term_string}\"},\"query-input\":{\"@type\":\"PropertyValueSpecification\",\"valueRequired\":true,\"valueName\":\"search_term_string\"}}],\"inLanguage\":\"pt-BR\"},{\"@type\":\"Organization\",\"@id\":\"https:\/\/juacontecimentos.com.br\/site\/#organization\",\"name\":\"Jornal Ultimos Acontecimentos\",\"url\":\"https:\/\/juacontecimentos.com.br\/site\/\",\"logo\":{\"@type\":\"ImageObject\",\"inLanguage\":\"pt-BR\",\"@id\":\"https:\/\/juacontecimentos.com.br\/site\/#\/schema\/logo\/image\/\",\"url\":\"https:\/\/juacontecimentos.com.br\/site\/wp-content\/uploads\/2023\/04\/Logo_Site.png\",\"contentUrl\":\"https:\/\/juacontecimentos.com.br\/site\/wp-content\/uploads\/2023\/04\/Logo_Site.png\",\"width\":2476,\"height\":530,\"caption\":\"Jornal Ultimos Acontecimentos\"},\"image\":{\"@id\":\"https:\/\/juacontecimentos.com.br\/site\/#\/schema\/logo\/image\/\"},\"sameAs\":[\"https:\/\/www.facebook.com\/jultimosacontecimentos\/\"]},{\"@type\":\"Person\",\"@id\":\"https:\/\/juacontecimentos.com.br\/site\/#\/schema\/person\/082a54e6d3fdd7a633291428521c9669\",\"name\":\"Reginaldo Ribeiro\",\"image\":{\"@type\":\"ImageObject\",\"inLanguage\":\"pt-BR\",\"@id\":\"https:\/\/juacontecimentos.com.br\/site\/#\/schema\/person\/image\/\",\"url\":\"https:\/\/secure.gravatar.com\/avatar\/5c16c6837c3490270a74d888c2a845728f06bdde1f8761de1de1d1d1ef82d12f?s=96&d=mm&r=g\",\"contentUrl\":\"https:\/\/secure.gravatar.com\/avatar\/5c16c6837c3490270a74d888c2a845728f06bdde1f8761de1de1d1d1ef82d12f?s=96&d=mm&r=g\",\"caption\":\"Reginaldo Ribeiro\"}}]}<\/script>\n<!-- \/ Yoast SEO plugin. -->","yoast_head_json":{"title":"Sindicato Rural de Catal\u00e3o recebe produtores para Encontro de Bovinocultura de Corte - Jornal Ultimos Acontecimentos","robots":{"index":"index","follow":"follow","max-snippet":"max-snippet:-1","max-image-preview":"max-image-preview:large","max-video-preview":"max-video-preview:-1"},"canonical":"https:\/\/juacontecimentos.com.br\/site\/sindicato-rural-de-catalao-recebe-produtores-para-encontro-de-bovinocultura-de-corte\/","og_locale":"pt_BR","og_type":"article","og_title":"Sindicato Rural de Catal\u00e3o recebe produtores para Encontro de Bovinocultura de Corte - Jornal Ultimos Acontecimentos","og_description":"A assist\u00eancia t\u00e9cnica ao produtor \u00e9 realizada pelo Sindicato por meio do Senar + Para abrir a semana com chave de ouro, o Sindicato Rural de Catal\u00e3o recebeu nesta segunda-feira, 27 de janeiro, produtores da regi\u00e3o para o Encontro de Produtores da Cadeia de Bovinocultura de Corte. O encontro que dessa vez foi realizado pelo","og_url":"https:\/\/juacontecimentos.com.br\/site\/sindicato-rural-de-catalao-recebe-produtores-para-encontro-de-bovinocultura-de-corte\/","og_site_name":"Jornal Ultimos Acontecimentos","article_publisher":"https:\/\/www.facebook.com\/jultimosacontecimentos\/","article_published_time":"2025-01-28T12:39:59+00:00","article_modified_time":"2025-01-28T12:44:29+00:00","og_image":[{"width":2560,"height":1313,"url":"https:\/\/juacontecimentos.com.br\/site\/wp-content\/uploads\/2025\/01\/11111-scaled.jpg","type":"image\/jpeg"}],"author":"Reginaldo Ribeiro","twitter_card":"summary_large_image","twitter_misc":{"Escrito por":"Reginaldo Ribeiro","Est. tempo de leitura":"3 minutos"},"schema":{"@context":"https:\/\/schema.org","@graph":[{"@type":"Article","@id":"https:\/\/juacontecimentos.com.br\/site\/sindicato-rural-de-catalao-recebe-produtores-para-encontro-de-bovinocultura-de-corte\/#article","isPartOf":{"@id":"https:\/\/juacontecimentos.com.br\/site\/sindicato-rural-de-catalao-recebe-produtores-para-encontro-de-bovinocultura-de-corte\/"},"author":{"name":"Reginaldo Ribeiro","@id":"https:\/\/juacontecimentos.com.br\/site\/#\/schema\/person\/082a54e6d3fdd7a633291428521c9669"},"headline":"Sindicato Rural de Catal\u00e3o recebe produtores para Encontro de Bovinocultura de Corte","datePublished":"2025-01-28T12:39:59+00:00","dateModified":"2025-01-28T12:44:29+00:00","mainEntityOfPage":{"@id":"https:\/\/juacontecimentos.com.br\/site\/sindicato-rural-de-catalao-recebe-produtores-para-encontro-de-bovinocultura-de-corte\/"},"wordCount":323,"publisher":{"@id":"https:\/\/juacontecimentos.com.br\/site\/#organization"},"image":{"@id":"https:\/\/juacontecimentos.com.br\/site\/sindicato-rural-de-catalao-recebe-produtores-para-encontro-de-bovinocultura-de-corte\/#primaryimage"},"thumbnailUrl":"https:\/\/juacontecimentos.com.br\/site\/wp-content\/uploads\/2025\/01\/11111-scaled.jpg","articleSection":["Brasil","Catal\u00e3o","Destaque","Goi\u00e1s"],"inLanguage":"pt-BR"},{"@type":"WebPage","@id":"https:\/\/juacontecimentos.com.br\/site\/sindicato-rural-de-catalao-recebe-produtores-para-encontro-de-bovinocultura-de-corte\/","url":"https:\/\/juacontecimentos.com.br\/site\/sindicato-rural-de-catalao-recebe-produtores-para-encontro-de-bovinocultura-de-corte\/","name":"Sindicato Rural de Catal\u00e3o recebe produtores para Encontro de Bovinocultura de Corte - Jornal Ultimos Acontecimentos","isPartOf":{"@id":"https:\/\/juacontecimentos.com.br\/site\/#website"},"primaryImageOfPage":{"@id":"https:\/\/juacontecimentos.com.br\/site\/sindicato-rural-de-catalao-recebe-produtores-para-encontro-de-bovinocultura-de-corte\/#primaryimage"},"image":{"@id":"https:\/\/juacontecimentos.com.br\/site\/sindicato-rural-de-catalao-recebe-produtores-para-encontro-de-bovinocultura-de-corte\/#primaryimage"},"thumbnailUrl":"https:\/\/juacontecimentos.com.br\/site\/wp-content\/uploads\/2025\/01\/11111-scaled.jpg","datePublished":"2025-01-28T12:39:59+00:00","dateModified":"2025-01-28T12:44:29+00:00","breadcrumb":{"@id":"https:\/\/juacontecimentos.com.br\/site\/sindicato-rural-de-catalao-recebe-produtores-para-encontro-de-bovinocultura-de-corte\/#breadcrumb"},"inLanguage":"pt-BR","potentialAction":[{"@type":"ReadAction","target":["https:\/\/juacontecimentos.com.br\/site\/sindicato-rural-de-catalao-recebe-produtores-para-encontro-de-bovinocultura-de-corte\/"]}]},{"@type":"ImageObject","inLanguage":"pt-BR","@id":"https:\/\/juacontecimentos.com.br\/site\/sindicato-rural-de-catalao-recebe-produtores-para-encontro-de-bovinocultura-de-corte\/#primaryimage","url":"https:\/\/juacontecimentos.com.br\/site\/wp-content\/uploads\/2025\/01\/11111-scaled.jpg","contentUrl":"https:\/\/juacontecimentos.com.br\/site\/wp-content\/uploads\/2025\/01\/11111-scaled.jpg","width":2560,"height":1313},{"@type":"BreadcrumbList","@id":"https:\/\/juacontecimentos.com.br\/site\/sindicato-rural-de-catalao-recebe-produtores-para-encontro-de-bovinocultura-de-corte\/#breadcrumb","itemListElement":[{"@type":"ListItem","position":1,"name":"In\u00edcio","item":"https:\/\/juacontecimentos.com.br\/site\/"},{"@type":"ListItem","position":2,"name":"Sindicato Rural de Catal\u00e3o recebe produtores para Encontro de Bovinocultura de Corte"}]},{"@type":"WebSite","@id":"https:\/\/juacontecimentos.com.br\/site\/#website","url":"https:\/\/juacontecimentos.com.br\/site\/","name":"Jornal Ultimos Acontecimentos","description":"Catal\u00e3o e regi\u00e3o","publisher":{"@id":"https:\/\/juacontecimentos.com.br\/site\/#organization"},"potentialAction":[{"@type":"SearchAction","target":{"@type":"EntryPoint","urlTemplate":"https:\/\/juacontecimentos.com.br\/site\/?s={search_term_string}"},"query-input":{"@type":"PropertyValueSpecification","valueRequired":true,"valueName":"search_term_string"}}],"inLanguage":"pt-BR"},{"@type":"Organization","@id":"https:\/\/juacontecimentos.com.br\/site\/#organization","name":"Jornal Ultimos Acontecimentos","url":"https:\/\/juacontecimentos.com.br\/site\/","logo":{"@type":"ImageObject","inLanguage":"pt-BR","@id":"https:\/\/juacontecimentos.com.br\/site\/#\/schema\/logo\/image\/","url":"https:\/\/juacontecimentos.com.br\/site\/wp-content\/uploads\/2023\/04\/Logo_Site.png","contentUrl":"https:\/\/juacontecimentos.com.br\/site\/wp-content\/uploads\/2023\/04\/Logo_Site.png","width":2476,"height":530,"caption":"Jornal Ultimos Acontecimentos"},"image":{"@id":"https:\/\/juacontecimentos.com.br\/site\/#\/schema\/logo\/image\/"},"sameAs":["https:\/\/www.facebook.com\/jultimosacontecimentos\/"]},{"@type":"Person","@id":"https:\/\/juacontecimentos.com.br\/site\/#\/schema\/person\/082a54e6d3fdd7a633291428521c9669","name":"Reginaldo Ribeiro","image":{"@type":"ImageObject","inLanguage":"pt-BR","@id":"https:\/\/juacontecimentos.com.br\/site\/#\/schema\/person\/image\/","url":"https:\/\/secure.gravatar.com\/avatar\/5c16c6837c3490270a74d888c2a845728f06bdde1f8761de1de1d1d1ef82d12f?s=96&d=mm&r=g","contentUrl":"https:\/\/secure.gravatar.com\/avatar\/5c16c6837c3490270a74d888c2a845728f06bdde1f8761de1de1d1d1ef82d12f?s=96&d=mm&r=g","caption":"Reginaldo Ribeiro"}}]}},"_links":{"self":[{"href":"https:\/\/juacontecimentos.com.br\/site\/wp-json\/wp\/v2\/posts\/40450","targetHints":{"allow":["GET"]}}],"collection":[{"href":"https:\/\/juacontecimentos.com.br\/site\/wp-json\/wp\/v2\/posts"}],"about":[{"href":"https:\/\/juacontecimentos.com.br\/site\/wp-json\/wp\/v2\/types\/post"}],"author":[{"embeddable":true,"href":"https:\/\/juacontecimentos.com.br\/site\/wp-json\/wp\/v2\/users\/2"}],"replies":[{"embeddable":true,"href":"https:\/\/juacontecimentos.com.br\/site\/wp-json\/wp\/v2\/comments?post=40450"}],"version-history":[{"count":3,"href":"https:\/\/juacontecimentos.com.br\/site\/wp-json\/wp\/v2\/posts\/40450\/revisions"}],"predecessor-version":[{"id":40456,"href":"https:\/\/juacontecimentos.com.br\/site\/wp-json\/wp\/v2\/posts\/40450\/revisions\/40456"}],"wp:featuredmedia":[{"embeddable":true,"href":"https:\/\/juacontecimentos.com.br\/site\/wp-json\/wp\/v2\/media\/40452"}],"wp:attachment":[{"href":"https:\/\/juacontecimentos.com.br\/site\/wp-json\/wp\/v2\/media?parent=40450"}],"wp:term":[{"taxonomy":"category","embeddable":true,"href":"https:\/\/juacontecimentos.com.br\/site\/wp-json\/wp\/v2\/categories?post=40450"},{"taxonomy":"post_tag","embeddable":true,"href":"https:\/\/juacontecimentos.com.br\/site\/wp-json\/wp\/v2\/tags?post=40450"}],"curies":[{"name":"wp","href":"https:\/\/api.w.org\/{rel}","templated":true}]}}