{"id":4182,"date":"2018-05-15T10:16:28","date_gmt":"2018-05-15T13:16:28","guid":{"rendered":"http:\/\/juacontecimentos.com.br\/site\/?p=4182"},"modified":"2018-05-15T10:16:28","modified_gmt":"2018-05-15T13:16:28","slug":"policial-militar-e-dois-bandidos-morrem-durante-tentativa-de-assalto-um-onibus-em-luziania","status":"publish","type":"post","link":"https:\/\/juacontecimentos.com.br\/site\/policial-militar-e-dois-bandidos-morrem-durante-tentativa-de-assalto-um-onibus-em-luziania\/","title":{"rendered":"Policial Militar e dois bandidos morrem durante tentativa de assalto a um \u00f4nibus, em Luzi\u00e2nia"},"content":{"rendered":"<h3 class=\"subtitulo\" style=\"text-align: center\">O ve\u00edculo saiu de S\u00e3o Paulo e seguia para Bras\u00edlia quando foi rendido pelos criminosos na BR-040. Outros dois passageiros tamb\u00e9m ficaram feridos durante a troca de tiros<\/h3>\n<p>Por:\u00a0<b>Kayque Juliano<\/b><\/p>\n<p>Dois bandidos e um policial militar do\u00a0<a href=\"https:\/\/www.emaisgoias.com.br\/tag\/distrito-federal\/\" target=\"_blank\">Distrito Federal\u00a0<\/a>foram mortos durante uma tentativa de assalto a um \u00f4nibus da Real Expresso na madrugada desta ter\u00e7a-feira (15), na BR-040, em Luzi\u00e2nia, na regi\u00e3o do Entorno. De acordo com a Pol\u00edcia Rodovi\u00e1ria Federal (PRF-DF), o \u00f4nibus saiu de S\u00e3o Paulo e tinha como destino Bras\u00edlia. Outros dois passageiros tamb\u00e9m ficaram feridos e foram encaminhados para a Unidade de Pronto Atendimento (UPA) de Luzi\u00e2nia.<\/p>\n<p>Segundo a PRF, o \u00f4nibus saiu por volta de 13 horas da cidade de S\u00e3o Paulo e estava chegando em Bras\u00edlia quando foi abordado, por volta de 4h30 da madrugada, por dois criminosos fortemente armados. Eles estavam com uma arma calibre 12 e uma pistola ponto 40 e, no quil\u00f4metro 61 da rodovia, pr\u00f3ximo ao povoado de S\u00e3o Bartolomeu, come\u00e7aram a atirar v\u00e1rias vezes em dire\u00e7\u00e3o ao \u00f4nibus para que ele parasse. Em seguida, eles pediram para o motorista abrir a porta e ordenou que os passageiros fechassem as cortinas.<\/p>\n<p>Durante a abordagem dos assaltantes, um deles teria percebido que, entre os passageiros, havia um policial militar que estava fardado. Um dos comparsas teria mandado o outro atirar, momento em que o policial revidou. Um agente penitenci\u00e1rio, que tamb\u00e9m estava no \u00f4nibus, atirou contra os bandidos. Na troca de tiros, os dois indiv\u00edduos morreram e o policial militar, identificado como Hernandes Jos\u00e9 Rosa, 3\u00ba sargento no 25\u00ba Batalh\u00e3o, de Bras\u00edlia, foi alvejado com dois disparos no peito, ele foi socorrido, mas morreu ao chegar no hospital.<\/p>\n<p>Outros dois passageiros ficaram feridos. Um homem levou um tiro na m\u00e3o e n\u00e3o corre risco de morte. Uma mulher foi alvejada no peito e foi socorrida em estado grave. Como os nomes dos feridos n\u00e3o foi divulgado, n\u00e3o foi poss\u00edvel checar o estado de sa\u00fade das v\u00edtimas.<\/p>\n<p>Ap\u00f3s o ocorrido, o \u00f4nibus parou em um posto que fica nas proximidades onde acionou o socorro. Os demais passageiros foram transferidos para outro coletivo e foram levados para Bras\u00edlia. A equipe da Pol\u00edcia T\u00e9cnico Cient\u00edfica realiza neste momento a per\u00edcia no local e os corpos dos indiv\u00edduos ser\u00e3o encaminhados para o Instituto M\u00e9dico Legal (IML) de Formosa.<\/p>\n<p>Em nota, a Real Expresso informou que estar\u00e1 prestando assist\u00eancia imediata aos passageiros que necessitarem de atendimento e tamb\u00e9m ir\u00e1 oficializar um pedido junto \u00e0s autoridades estaduais e federais para a melhoria da seguran\u00e7a das empresas operadoras de transporte que atuam no trecho que aconteceu a tentativa de assalto.<\/p>\n<p>A reportagem\u00a0entrou em contato com a Pol\u00edcia Militar do Distrito Federal, mas at\u00e9 o fechamento desta mat\u00e9ria nenhuma nota foi divulgada sobre o falecimento do policial.<\/p>\n<p><img loading=\"lazy\" decoding=\"async\" class=\"alignnone size-medium wp-image-4184\" src=\"http:\/\/juacontecimentos.com.br\/site\/wp-content\/uploads\/2018\/05\/Onibus-300x169.jpeg\" alt=\"\" width=\"300\" height=\"169\" srcset=\"https:\/\/juacontecimentos.com.br\/site\/wp-content\/uploads\/2018\/05\/Onibus-300x169.jpeg 300w, https:\/\/juacontecimentos.com.br\/site\/wp-content\/uploads\/2018\/05\/Onibus-768x432.jpeg 768w, https:\/\/juacontecimentos.com.br\/site\/wp-content\/uploads\/2018\/05\/Onibus.jpeg 940w\" sizes=\"auto, (max-width: 300px) 100vw, 300px\" \/>\u00a0<img loading=\"lazy\" decoding=\"async\" class=\"alignnone size-medium wp-image-4185\" src=\"http:\/\/juacontecimentos.com.br\/site\/wp-content\/uploads\/2018\/05\/Bandidos-300x218.jpg\" alt=\"\" width=\"300\" height=\"218\" srcset=\"https:\/\/juacontecimentos.com.br\/site\/wp-content\/uploads\/2018\/05\/Bandidos-300x218.jpg 300w, https:\/\/juacontecimentos.com.br\/site\/wp-content\/uploads\/2018\/05\/Bandidos-768x559.jpg 768w, https:\/\/juacontecimentos.com.br\/site\/wp-content\/uploads\/2018\/05\/Bandidos-1024x745.jpg 1024w\" sizes=\"auto, (max-width: 300px) 100vw, 300px\" \/><br \/>\n<\/p>\n","protected":false},"excerpt":{"rendered":"<p>O ve\u00edculo saiu de S\u00e3o Paulo e seguia para Bras\u00edlia quando foi rendido pelos criminosos na BR-040. Outros dois passageiros tamb\u00e9m ficaram feridos durante a troca de tiros Por:\u00a0Kayque Juliano Dois bandidos e um policial militar do\u00a0Distrito Federal\u00a0foram mortos durante uma tentativa de assalto a um \u00f4nibus da Real Expresso na madrugada desta ter\u00e7a-feira (15),<\/p>\n","protected":false},"author":2,"featured_media":4183,"comment_status":"open","ping_status":"open","sticky":false,"template":"","format":"standard","meta":{"footnotes":""},"categories":[27,22,26,23],"tags":[],"class_list":["post-4182","post","type-post","status-publish","format-standard","has-post-thumbnail","hentry","category-brasil","category-catalao","category-destaque","category-goias"],"yoast_head":"<!-- This site is optimized with the Yoast SEO plugin v25.8 - https:\/\/yoast.com\/wordpress\/plugins\/seo\/ -->\n<title>Policial Militar e dois bandidos morrem durante tentativa de assalto a um \u00f4nibus, em Luzi\u00e2nia - Jornal Ultimos Acontecimentos<\/title>\n<meta name=\"robots\" content=\"index, follow, max-snippet:-1, max-image-preview:large, max-video-preview:-1\" \/>\n<link rel=\"canonical\" href=\"https:\/\/juacontecimentos.com.br\/site\/policial-militar-e-dois-bandidos-morrem-durante-tentativa-de-assalto-um-onibus-em-luziania\/\" \/>\n<meta property=\"og:locale\" content=\"pt_BR\" \/>\n<meta property=\"og:type\" content=\"article\" \/>\n<meta property=\"og:title\" content=\"Policial Militar e dois bandidos morrem durante tentativa de assalto a um \u00f4nibus, em Luzi\u00e2nia - Jornal Ultimos Acontecimentos\" \/>\n<meta property=\"og:description\" content=\"O ve\u00edculo saiu de S\u00e3o Paulo e seguia para Bras\u00edlia quando foi rendido pelos criminosos na BR-040. Outros dois passageiros tamb\u00e9m ficaram feridos durante a troca de tiros Por:\u00a0Kayque Juliano Dois bandidos e um policial militar do\u00a0Distrito Federal\u00a0foram mortos durante uma tentativa de assalto a um \u00f4nibus da Real Expresso na madrugada desta ter\u00e7a-feira (15),\" \/>\n<meta property=\"og:url\" content=\"https:\/\/juacontecimentos.com.br\/site\/policial-militar-e-dois-bandidos-morrem-durante-tentativa-de-assalto-um-onibus-em-luziania\/\" \/>\n<meta property=\"og:site_name\" content=\"Jornal Ultimos Acontecimentos\" \/>\n<meta property=\"article:publisher\" content=\"https:\/\/www.facebook.com\/jultimosacontecimentos\/\" \/>\n<meta property=\"article:published_time\" content=\"2018-05-15T13:16:28+00:00\" \/>\n<meta property=\"og:image\" content=\"https:\/\/juacontecimentos.com.br\/site\/wp-content\/uploads\/2018\/05\/Policial.jpg\" \/>\n\t<meta property=\"og:image:width\" content=\"2934\" \/>\n\t<meta property=\"og:image:height\" content=\"1770\" \/>\n\t<meta property=\"og:image:type\" content=\"image\/jpeg\" \/>\n<meta name=\"author\" content=\"Reginaldo Ribeiro\" \/>\n<meta name=\"twitter:card\" content=\"summary_large_image\" \/>\n<meta name=\"twitter:label1\" content=\"Escrito por\" \/>\n\t<meta name=\"twitter:data1\" content=\"Reginaldo Ribeiro\" \/>\n\t<meta name=\"twitter:label2\" content=\"Est. tempo de leitura\" \/>\n\t<meta name=\"twitter:data2\" content=\"3 minutos\" \/>\n<script type=\"application\/ld+json\" class=\"yoast-schema-graph\">{\"@context\":\"https:\/\/schema.org\",\"@graph\":[{\"@type\":\"Article\",\"@id\":\"https:\/\/juacontecimentos.com.br\/site\/policial-militar-e-dois-bandidos-morrem-durante-tentativa-de-assalto-um-onibus-em-luziania\/#article\",\"isPartOf\":{\"@id\":\"https:\/\/juacontecimentos.com.br\/site\/policial-militar-e-dois-bandidos-morrem-durante-tentativa-de-assalto-um-onibus-em-luziania\/\"},\"author\":{\"name\":\"Reginaldo Ribeiro\",\"@id\":\"https:\/\/juacontecimentos.com.br\/site\/#\/schema\/person\/082a54e6d3fdd7a633291428521c9669\"},\"headline\":\"Policial Militar e dois bandidos morrem durante tentativa de assalto a um \u00f4nibus, em Luzi\u00e2nia\",\"datePublished\":\"2018-05-15T13:16:28+00:00\",\"mainEntityOfPage\":{\"@id\":\"https:\/\/juacontecimentos.com.br\/site\/policial-militar-e-dois-bandidos-morrem-durante-tentativa-de-assalto-um-onibus-em-luziania\/\"},\"wordCount\":517,\"commentCount\":0,\"publisher\":{\"@id\":\"https:\/\/juacontecimentos.com.br\/site\/#organization\"},\"image\":{\"@id\":\"https:\/\/juacontecimentos.com.br\/site\/policial-militar-e-dois-bandidos-morrem-durante-tentativa-de-assalto-um-onibus-em-luziania\/#primaryimage\"},\"thumbnailUrl\":\"https:\/\/juacontecimentos.com.br\/site\/wp-content\/uploads\/2018\/05\/Policial.jpg\",\"articleSection\":[\"Brasil\",\"Catal\u00e3o\",\"Destaque\",\"Goi\u00e1s\"],\"inLanguage\":\"pt-BR\"},{\"@type\":\"WebPage\",\"@id\":\"https:\/\/juacontecimentos.com.br\/site\/policial-militar-e-dois-bandidos-morrem-durante-tentativa-de-assalto-um-onibus-em-luziania\/\",\"url\":\"https:\/\/juacontecimentos.com.br\/site\/policial-militar-e-dois-bandidos-morrem-durante-tentativa-de-assalto-um-onibus-em-luziania\/\",\"name\":\"Policial Militar e dois bandidos morrem durante tentativa de assalto a um \u00f4nibus, em Luzi\u00e2nia - Jornal Ultimos Acontecimentos\",\"isPartOf\":{\"@id\":\"https:\/\/juacontecimentos.com.br\/site\/#website\"},\"primaryImageOfPage\":{\"@id\":\"https:\/\/juacontecimentos.com.br\/site\/policial-militar-e-dois-bandidos-morrem-durante-tentativa-de-assalto-um-onibus-em-luziania\/#primaryimage\"},\"image\":{\"@id\":\"https:\/\/juacontecimentos.com.br\/site\/policial-militar-e-dois-bandidos-morrem-durante-tentativa-de-assalto-um-onibus-em-luziania\/#primaryimage\"},\"thumbnailUrl\":\"https:\/\/juacontecimentos.com.br\/site\/wp-content\/uploads\/2018\/05\/Policial.jpg\",\"datePublished\":\"2018-05-15T13:16:28+00:00\",\"breadcrumb\":{\"@id\":\"https:\/\/juacontecimentos.com.br\/site\/policial-militar-e-dois-bandidos-morrem-durante-tentativa-de-assalto-um-onibus-em-luziania\/#breadcrumb\"},\"inLanguage\":\"pt-BR\",\"potentialAction\":[{\"@type\":\"ReadAction\",\"target\":[\"https:\/\/juacontecimentos.com.br\/site\/policial-militar-e-dois-bandidos-morrem-durante-tentativa-de-assalto-um-onibus-em-luziania\/\"]}]},{\"@type\":\"ImageObject\",\"inLanguage\":\"pt-BR\",\"@id\":\"https:\/\/juacontecimentos.com.br\/site\/policial-militar-e-dois-bandidos-morrem-durante-tentativa-de-assalto-um-onibus-em-luziania\/#primaryimage\",\"url\":\"https:\/\/juacontecimentos.com.br\/site\/wp-content\/uploads\/2018\/05\/Policial.jpg\",\"contentUrl\":\"https:\/\/juacontecimentos.com.br\/site\/wp-content\/uploads\/2018\/05\/Policial.jpg\",\"width\":2934,\"height\":1770},{\"@type\":\"BreadcrumbList\",\"@id\":\"https:\/\/juacontecimentos.com.br\/site\/policial-militar-e-dois-bandidos-morrem-durante-tentativa-de-assalto-um-onibus-em-luziania\/#breadcrumb\",\"itemListElement\":[{\"@type\":\"ListItem\",\"position\":1,\"name\":\"In\u00edcio\",\"item\":\"https:\/\/juacontecimentos.com.br\/site\/\"},{\"@type\":\"ListItem\",\"position\":2,\"name\":\"Policial Militar e dois bandidos morrem durante tentativa de assalto a um \u00f4nibus, em Luzi\u00e2nia\"}]},{\"@type\":\"WebSite\",\"@id\":\"https:\/\/juacontecimentos.com.br\/site\/#website\",\"url\":\"https:\/\/juacontecimentos.com.br\/site\/\",\"name\":\"Jornal Ultimos Acontecimentos\",\"description\":\"Catal\u00e3o e regi\u00e3o\",\"publisher\":{\"@id\":\"https:\/\/juacontecimentos.com.br\/site\/#organization\"},\"potentialAction\":[{\"@type\":\"SearchAction\",\"target\":{\"@type\":\"EntryPoint\",\"urlTemplate\":\"https:\/\/juacontecimentos.com.br\/site\/?s={search_term_string}\"},\"query-input\":{\"@type\":\"PropertyValueSpecification\",\"valueRequired\":true,\"valueName\":\"search_term_string\"}}],\"inLanguage\":\"pt-BR\"},{\"@type\":\"Organization\",\"@id\":\"https:\/\/juacontecimentos.com.br\/site\/#organization\",\"name\":\"Jornal Ultimos Acontecimentos\",\"url\":\"https:\/\/juacontecimentos.com.br\/site\/\",\"logo\":{\"@type\":\"ImageObject\",\"inLanguage\":\"pt-BR\",\"@id\":\"https:\/\/juacontecimentos.com.br\/site\/#\/schema\/logo\/image\/\",\"url\":\"https:\/\/juacontecimentos.com.br\/site\/wp-content\/uploads\/2023\/04\/Logo_Site.png\",\"contentUrl\":\"https:\/\/juacontecimentos.com.br\/site\/wp-content\/uploads\/2023\/04\/Logo_Site.png\",\"width\":2476,\"height\":530,\"caption\":\"Jornal Ultimos Acontecimentos\"},\"image\":{\"@id\":\"https:\/\/juacontecimentos.com.br\/site\/#\/schema\/logo\/image\/\"},\"sameAs\":[\"https:\/\/www.facebook.com\/jultimosacontecimentos\/\"]},{\"@type\":\"Person\",\"@id\":\"https:\/\/juacontecimentos.com.br\/site\/#\/schema\/person\/082a54e6d3fdd7a633291428521c9669\",\"name\":\"Reginaldo Ribeiro\",\"image\":{\"@type\":\"ImageObject\",\"inLanguage\":\"pt-BR\",\"@id\":\"https:\/\/juacontecimentos.com.br\/site\/#\/schema\/person\/image\/\",\"url\":\"https:\/\/secure.gravatar.com\/avatar\/5c16c6837c3490270a74d888c2a845728f06bdde1f8761de1de1d1d1ef82d12f?s=96&d=mm&r=g\",\"contentUrl\":\"https:\/\/secure.gravatar.com\/avatar\/5c16c6837c3490270a74d888c2a845728f06bdde1f8761de1de1d1d1ef82d12f?s=96&d=mm&r=g\",\"caption\":\"Reginaldo Ribeiro\"}}]}<\/script>\n<!-- \/ Yoast SEO plugin. -->","yoast_head_json":{"title":"Policial Militar e dois bandidos morrem durante tentativa de assalto a um \u00f4nibus, em Luzi\u00e2nia - Jornal Ultimos Acontecimentos","robots":{"index":"index","follow":"follow","max-snippet":"max-snippet:-1","max-image-preview":"max-image-preview:large","max-video-preview":"max-video-preview:-1"},"canonical":"https:\/\/juacontecimentos.com.br\/site\/policial-militar-e-dois-bandidos-morrem-durante-tentativa-de-assalto-um-onibus-em-luziania\/","og_locale":"pt_BR","og_type":"article","og_title":"Policial Militar e dois bandidos morrem durante tentativa de assalto a um \u00f4nibus, em Luzi\u00e2nia - Jornal Ultimos Acontecimentos","og_description":"O ve\u00edculo saiu de S\u00e3o Paulo e seguia para Bras\u00edlia quando foi rendido pelos criminosos na BR-040. Outros dois passageiros tamb\u00e9m ficaram feridos durante a troca de tiros Por:\u00a0Kayque Juliano Dois bandidos e um policial militar do\u00a0Distrito Federal\u00a0foram mortos durante uma tentativa de assalto a um \u00f4nibus da Real Expresso na madrugada desta ter\u00e7a-feira (15),","og_url":"https:\/\/juacontecimentos.com.br\/site\/policial-militar-e-dois-bandidos-morrem-durante-tentativa-de-assalto-um-onibus-em-luziania\/","og_site_name":"Jornal Ultimos Acontecimentos","article_publisher":"https:\/\/www.facebook.com\/jultimosacontecimentos\/","article_published_time":"2018-05-15T13:16:28+00:00","og_image":[{"width":2934,"height":1770,"url":"https:\/\/juacontecimentos.com.br\/site\/wp-content\/uploads\/2018\/05\/Policial.jpg","type":"image\/jpeg"}],"author":"Reginaldo Ribeiro","twitter_card":"summary_large_image","twitter_misc":{"Escrito por":"Reginaldo Ribeiro","Est. tempo de leitura":"3 minutos"},"schema":{"@context":"https:\/\/schema.org","@graph":[{"@type":"Article","@id":"https:\/\/juacontecimentos.com.br\/site\/policial-militar-e-dois-bandidos-morrem-durante-tentativa-de-assalto-um-onibus-em-luziania\/#article","isPartOf":{"@id":"https:\/\/juacontecimentos.com.br\/site\/policial-militar-e-dois-bandidos-morrem-durante-tentativa-de-assalto-um-onibus-em-luziania\/"},"author":{"name":"Reginaldo Ribeiro","@id":"https:\/\/juacontecimentos.com.br\/site\/#\/schema\/person\/082a54e6d3fdd7a633291428521c9669"},"headline":"Policial Militar e dois bandidos morrem durante tentativa de assalto a um \u00f4nibus, em Luzi\u00e2nia","datePublished":"2018-05-15T13:16:28+00:00","mainEntityOfPage":{"@id":"https:\/\/juacontecimentos.com.br\/site\/policial-militar-e-dois-bandidos-morrem-durante-tentativa-de-assalto-um-onibus-em-luziania\/"},"wordCount":517,"commentCount":0,"publisher":{"@id":"https:\/\/juacontecimentos.com.br\/site\/#organization"},"image":{"@id":"https:\/\/juacontecimentos.com.br\/site\/policial-militar-e-dois-bandidos-morrem-durante-tentativa-de-assalto-um-onibus-em-luziania\/#primaryimage"},"thumbnailUrl":"https:\/\/juacontecimentos.com.br\/site\/wp-content\/uploads\/2018\/05\/Policial.jpg","articleSection":["Brasil","Catal\u00e3o","Destaque","Goi\u00e1s"],"inLanguage":"pt-BR"},{"@type":"WebPage","@id":"https:\/\/juacontecimentos.com.br\/site\/policial-militar-e-dois-bandidos-morrem-durante-tentativa-de-assalto-um-onibus-em-luziania\/","url":"https:\/\/juacontecimentos.com.br\/site\/policial-militar-e-dois-bandidos-morrem-durante-tentativa-de-assalto-um-onibus-em-luziania\/","name":"Policial Militar e dois bandidos morrem durante tentativa de assalto a um \u00f4nibus, em Luzi\u00e2nia - Jornal Ultimos Acontecimentos","isPartOf":{"@id":"https:\/\/juacontecimentos.com.br\/site\/#website"},"primaryImageOfPage":{"@id":"https:\/\/juacontecimentos.com.br\/site\/policial-militar-e-dois-bandidos-morrem-durante-tentativa-de-assalto-um-onibus-em-luziania\/#primaryimage"},"image":{"@id":"https:\/\/juacontecimentos.com.br\/site\/policial-militar-e-dois-bandidos-morrem-durante-tentativa-de-assalto-um-onibus-em-luziania\/#primaryimage"},"thumbnailUrl":"https:\/\/juacontecimentos.com.br\/site\/wp-content\/uploads\/2018\/05\/Policial.jpg","datePublished":"2018-05-15T13:16:28+00:00","breadcrumb":{"@id":"https:\/\/juacontecimentos.com.br\/site\/policial-militar-e-dois-bandidos-morrem-durante-tentativa-de-assalto-um-onibus-em-luziania\/#breadcrumb"},"inLanguage":"pt-BR","potentialAction":[{"@type":"ReadAction","target":["https:\/\/juacontecimentos.com.br\/site\/policial-militar-e-dois-bandidos-morrem-durante-tentativa-de-assalto-um-onibus-em-luziania\/"]}]},{"@type":"ImageObject","inLanguage":"pt-BR","@id":"https:\/\/juacontecimentos.com.br\/site\/policial-militar-e-dois-bandidos-morrem-durante-tentativa-de-assalto-um-onibus-em-luziania\/#primaryimage","url":"https:\/\/juacontecimentos.com.br\/site\/wp-content\/uploads\/2018\/05\/Policial.jpg","contentUrl":"https:\/\/juacontecimentos.com.br\/site\/wp-content\/uploads\/2018\/05\/Policial.jpg","width":2934,"height":1770},{"@type":"BreadcrumbList","@id":"https:\/\/juacontecimentos.com.br\/site\/policial-militar-e-dois-bandidos-morrem-durante-tentativa-de-assalto-um-onibus-em-luziania\/#breadcrumb","itemListElement":[{"@type":"ListItem","position":1,"name":"In\u00edcio","item":"https:\/\/juacontecimentos.com.br\/site\/"},{"@type":"ListItem","position":2,"name":"Policial Militar e dois bandidos morrem durante tentativa de assalto a um \u00f4nibus, em Luzi\u00e2nia"}]},{"@type":"WebSite","@id":"https:\/\/juacontecimentos.com.br\/site\/#website","url":"https:\/\/juacontecimentos.com.br\/site\/","name":"Jornal Ultimos Acontecimentos","description":"Catal\u00e3o e regi\u00e3o","publisher":{"@id":"https:\/\/juacontecimentos.com.br\/site\/#organization"},"potentialAction":[{"@type":"SearchAction","target":{"@type":"EntryPoint","urlTemplate":"https:\/\/juacontecimentos.com.br\/site\/?s={search_term_string}"},"query-input":{"@type":"PropertyValueSpecification","valueRequired":true,"valueName":"search_term_string"}}],"inLanguage":"pt-BR"},{"@type":"Organization","@id":"https:\/\/juacontecimentos.com.br\/site\/#organization","name":"Jornal Ultimos Acontecimentos","url":"https:\/\/juacontecimentos.com.br\/site\/","logo":{"@type":"ImageObject","inLanguage":"pt-BR","@id":"https:\/\/juacontecimentos.com.br\/site\/#\/schema\/logo\/image\/","url":"https:\/\/juacontecimentos.com.br\/site\/wp-content\/uploads\/2023\/04\/Logo_Site.png","contentUrl":"https:\/\/juacontecimentos.com.br\/site\/wp-content\/uploads\/2023\/04\/Logo_Site.png","width":2476,"height":530,"caption":"Jornal Ultimos Acontecimentos"},"image":{"@id":"https:\/\/juacontecimentos.com.br\/site\/#\/schema\/logo\/image\/"},"sameAs":["https:\/\/www.facebook.com\/jultimosacontecimentos\/"]},{"@type":"Person","@id":"https:\/\/juacontecimentos.com.br\/site\/#\/schema\/person\/082a54e6d3fdd7a633291428521c9669","name":"Reginaldo Ribeiro","image":{"@type":"ImageObject","inLanguage":"pt-BR","@id":"https:\/\/juacontecimentos.com.br\/site\/#\/schema\/person\/image\/","url":"https:\/\/secure.gravatar.com\/avatar\/5c16c6837c3490270a74d888c2a845728f06bdde1f8761de1de1d1d1ef82d12f?s=96&d=mm&r=g","contentUrl":"https:\/\/secure.gravatar.com\/avatar\/5c16c6837c3490270a74d888c2a845728f06bdde1f8761de1de1d1d1ef82d12f?s=96&d=mm&r=g","caption":"Reginaldo Ribeiro"}}]}},"_links":{"self":[{"href":"https:\/\/juacontecimentos.com.br\/site\/wp-json\/wp\/v2\/posts\/4182","targetHints":{"allow":["GET"]}}],"collection":[{"href":"https:\/\/juacontecimentos.com.br\/site\/wp-json\/wp\/v2\/posts"}],"about":[{"href":"https:\/\/juacontecimentos.com.br\/site\/wp-json\/wp\/v2\/types\/post"}],"author":[{"embeddable":true,"href":"https:\/\/juacontecimentos.com.br\/site\/wp-json\/wp\/v2\/users\/2"}],"replies":[{"embeddable":true,"href":"https:\/\/juacontecimentos.com.br\/site\/wp-json\/wp\/v2\/comments?post=4182"}],"version-history":[{"count":1,"href":"https:\/\/juacontecimentos.com.br\/site\/wp-json\/wp\/v2\/posts\/4182\/revisions"}],"predecessor-version":[{"id":4186,"href":"https:\/\/juacontecimentos.com.br\/site\/wp-json\/wp\/v2\/posts\/4182\/revisions\/4186"}],"wp:featuredmedia":[{"embeddable":true,"href":"https:\/\/juacontecimentos.com.br\/site\/wp-json\/wp\/v2\/media\/4183"}],"wp:attachment":[{"href":"https:\/\/juacontecimentos.com.br\/site\/wp-json\/wp\/v2\/media?parent=4182"}],"wp:term":[{"taxonomy":"category","embeddable":true,"href":"https:\/\/juacontecimentos.com.br\/site\/wp-json\/wp\/v2\/categories?post=4182"},{"taxonomy":"post_tag","embeddable":true,"href":"https:\/\/juacontecimentos.com.br\/site\/wp-json\/wp\/v2\/tags?post=4182"}],"curies":[{"name":"wp","href":"https:\/\/api.w.org\/{rel}","templated":true}]}}