{"id":42371,"date":"2025-04-25T13:01:13","date_gmt":"2025-04-25T16:01:13","guid":{"rendered":"https:\/\/juacontecimentos.com.br\/site\/?p=42371"},"modified":"2025-04-25T13:13:58","modified_gmt":"2025-04-25T16:13:58","slug":"prefeito-marcelo-paiva-toma-posse-como-vice-presidente-da-fgm-e-reforca-compromisso-com-o-municipalismo","status":"publish","type":"post","link":"https:\/\/juacontecimentos.com.br\/site\/prefeito-marcelo-paiva-toma-posse-como-vice-presidente-da-fgm-e-reforca-compromisso-com-o-municipalismo\/","title":{"rendered":"Prefeito Marcelo Paiva toma posse como vice-presidente da FGM e refor\u00e7a compromisso com o municipalismo"},"content":{"rendered":"<p>&nbsp;<\/p>\n<div id=\"attachment_42374\" style=\"width: 1090px\" class=\"wp-caption alignnone\"><img loading=\"lazy\" decoding=\"async\" aria-describedby=\"caption-attachment-42374\" class=\"size-full wp-image-42374\" src=\"https:\/\/juacontecimentos.com.br\/site\/wp-content\/uploads\/2025\/04\/Screenshot_2025-04-25-13-07-04-463_com.instagram.android.jpg\" alt=\"\" width=\"1080\" height=\"698\" srcset=\"https:\/\/juacontecimentos.com.br\/site\/wp-content\/uploads\/2025\/04\/Screenshot_2025-04-25-13-07-04-463_com.instagram.android.jpg 1080w, https:\/\/juacontecimentos.com.br\/site\/wp-content\/uploads\/2025\/04\/Screenshot_2025-04-25-13-07-04-463_com.instagram.android-300x194.jpg 300w, https:\/\/juacontecimentos.com.br\/site\/wp-content\/uploads\/2025\/04\/Screenshot_2025-04-25-13-07-04-463_com.instagram.android-1024x662.jpg 1024w, https:\/\/juacontecimentos.com.br\/site\/wp-content\/uploads\/2025\/04\/Screenshot_2025-04-25-13-07-04-463_com.instagram.android-768x496.jpg 768w\" sizes=\"auto, (max-width: 1080px) 100vw, 1080px\" \/><p id=\"caption-attachment-42374\" class=\"wp-caption-text\">Prefeito de Anhanguera Marcelo Paiva e o presidente da (FGM), prefeito de Jaragu\u00e1, Paulo Victor Avelar,<\/p><\/div>\n<p>A Prefeitura de Anhanguera tem a honra de anunciar que o prefeito Marcelo Paiva foi oficialmente empossado como vice-presidente da Federa\u00e7\u00e3o Goiana de Munic\u00edpios (FGM), durante cerim\u00f4nia realizada na Assembleia Legislativa do Estado de Goi\u00e1s. A nova gest\u00e3o da entidade, presidida pelo prefeito de Jaragu\u00e1, Paulo Victor Avelar, atuar\u00e1 no bi\u00eanio 2025-2027, com foco no fortalecimento do municipalismo goiano.<\/p>\n<p>A nomea\u00e7\u00e3o do prefeito Marcelo Paiva como vice-presidente da FGM representa um reconhecimento de sua atua\u00e7\u00e3o firme em defesa dos munic\u00edpios especialmente os do interior e amplia ainda mais a representatividade de Anhanguera em pautas importantes no cen\u00e1rio estadual.<\/p>\n<p>Durante o evento, foram anunciadas iniciativas de grande relev\u00e2ncia, como a cria\u00e7\u00e3o da Frente Parlamentar Municipalista e o lan\u00e7amento do projeto \u201cGoi\u00e1s \u2013 Cidades Eficientes\u201d, que busca apoiar os munic\u00edpios na moderniza\u00e7\u00e3o da gest\u00e3o p\u00fablica, por meio de solu\u00e7\u00f5es sustent\u00e1veis, parcerias p\u00fablico-privadas e maior efici\u00eancia administrativa.<\/p>\n<p>O prefeito Marcelo Paiva celebrou a conquista com entusiasmo:<br \/>\n\u201c\u00c9 com imensa alegria que assumo esse importante cargo. Essa \u00e9 uma grande responsabilidade e, ao mesmo tempo, uma oportunidade \u00fanica de contribuir ainda mais com o fortalecimento dos nossos munic\u00edpios. Levo o nome de Anhanguera com orgulho e renovado compromisso\u201d.<\/p>\n<p>A Prefeitura de Anhanguera parabeniza o prefeito Marcelo Paiva por mais essa importante conquista, reafirmando seu compromisso com uma gest\u00e3o p\u00fablica moderna, participativa e alinhada com as necessidades da popula\u00e7\u00e3o.<\/p>\n<p><img loading=\"lazy\" decoding=\"async\" class=\"alignnone size-full wp-image-42376\" src=\"https:\/\/juacontecimentos.com.br\/site\/wp-content\/uploads\/2025\/04\/Screenshot_2025-04-25-13-06-13-499_com.instagram.android.jpg\" alt=\"\" width=\"1080\" height=\"704\" srcset=\"https:\/\/juacontecimentos.com.br\/site\/wp-content\/uploads\/2025\/04\/Screenshot_2025-04-25-13-06-13-499_com.instagram.android.jpg 1080w, https:\/\/juacontecimentos.com.br\/site\/wp-content\/uploads\/2025\/04\/Screenshot_2025-04-25-13-06-13-499_com.instagram.android-300x196.jpg 300w, https:\/\/juacontecimentos.com.br\/site\/wp-content\/uploads\/2025\/04\/Screenshot_2025-04-25-13-06-13-499_com.instagram.android-1024x667.jpg 1024w, https:\/\/juacontecimentos.com.br\/site\/wp-content\/uploads\/2025\/04\/Screenshot_2025-04-25-13-06-13-499_com.instagram.android-768x501.jpg 768w\" sizes=\"auto, (max-width: 1080px) 100vw, 1080px\" \/> <img loading=\"lazy\" decoding=\"async\" class=\"alignnone size-full wp-image-42377\" src=\"https:\/\/juacontecimentos.com.br\/site\/wp-content\/uploads\/2025\/04\/Screenshot_2025-04-25-13-06-31-700_com.instagram.android.jpg\" alt=\"\" width=\"1080\" height=\"716\" srcset=\"https:\/\/juacontecimentos.com.br\/site\/wp-content\/uploads\/2025\/04\/Screenshot_2025-04-25-13-06-31-700_com.instagram.android.jpg 1080w, https:\/\/juacontecimentos.com.br\/site\/wp-content\/uploads\/2025\/04\/Screenshot_2025-04-25-13-06-31-700_com.instagram.android-300x199.jpg 300w, https:\/\/juacontecimentos.com.br\/site\/wp-content\/uploads\/2025\/04\/Screenshot_2025-04-25-13-06-31-700_com.instagram.android-1024x679.jpg 1024w, https:\/\/juacontecimentos.com.br\/site\/wp-content\/uploads\/2025\/04\/Screenshot_2025-04-25-13-06-31-700_com.instagram.android-768x509.jpg 768w\" sizes=\"auto, (max-width: 1080px) 100vw, 1080px\" \/> <img loading=\"lazy\" decoding=\"async\" class=\"alignnone size-full wp-image-42378\" src=\"https:\/\/juacontecimentos.com.br\/site\/wp-content\/uploads\/2025\/04\/Screenshot_2025-04-25-13-07-16-231_com.instagram.android.jpg\" alt=\"\" width=\"1080\" height=\"721\" srcset=\"https:\/\/juacontecimentos.com.br\/site\/wp-content\/uploads\/2025\/04\/Screenshot_2025-04-25-13-07-16-231_com.instagram.android.jpg 1080w, https:\/\/juacontecimentos.com.br\/site\/wp-content\/uploads\/2025\/04\/Screenshot_2025-04-25-13-07-16-231_com.instagram.android-300x200.jpg 300w, https:\/\/juacontecimentos.com.br\/site\/wp-content\/uploads\/2025\/04\/Screenshot_2025-04-25-13-07-16-231_com.instagram.android-1024x684.jpg 1024w, https:\/\/juacontecimentos.com.br\/site\/wp-content\/uploads\/2025\/04\/Screenshot_2025-04-25-13-07-16-231_com.instagram.android-768x513.jpg 768w\" sizes=\"auto, (max-width: 1080px) 100vw, 1080px\" \/><\/p>\n","protected":false},"excerpt":{"rendered":"<p>&nbsp; A Prefeitura de Anhanguera tem a honra de anunciar que o prefeito Marcelo Paiva foi oficialmente empossado como vice-presidente da Federa\u00e7\u00e3o Goiana de Munic\u00edpios (FGM), durante cerim\u00f4nia realizada na Assembleia Legislativa do Estado de Goi\u00e1s. A nova gest\u00e3o da entidade, presidida pelo prefeito de Jaragu\u00e1, Paulo Victor Avelar, atuar\u00e1 no bi\u00eanio 2025-2027, com foco<\/p>\n","protected":false},"author":2,"featured_media":42374,"comment_status":"closed","ping_status":"closed","sticky":false,"template":"","format":"standard","meta":{"footnotes":""},"categories":[27,22,26,23,1],"tags":[],"class_list":["post-42371","post","type-post","status-publish","format-standard","has-post-thumbnail","hentry","category-brasil","category-catalao","category-destaque","category-goias","category-sem-categoria"],"yoast_head":"<!-- This site is optimized with the Yoast SEO plugin v25.8 - https:\/\/yoast.com\/wordpress\/plugins\/seo\/ -->\n<title>Prefeito Marcelo Paiva toma posse como vice-presidente da FGM e refor\u00e7a compromisso com o municipalismo - Jornal Ultimos Acontecimentos<\/title>\n<meta name=\"robots\" content=\"index, follow, max-snippet:-1, max-image-preview:large, max-video-preview:-1\" \/>\n<link rel=\"canonical\" href=\"https:\/\/juacontecimentos.com.br\/site\/prefeito-marcelo-paiva-toma-posse-como-vice-presidente-da-fgm-e-reforca-compromisso-com-o-municipalismo\/\" \/>\n<meta property=\"og:locale\" content=\"pt_BR\" \/>\n<meta property=\"og:type\" content=\"article\" \/>\n<meta property=\"og:title\" content=\"Prefeito Marcelo Paiva toma posse como vice-presidente da FGM e refor\u00e7a compromisso com o municipalismo - Jornal Ultimos Acontecimentos\" \/>\n<meta property=\"og:description\" content=\"&nbsp; A Prefeitura de Anhanguera tem a honra de anunciar que o prefeito Marcelo Paiva foi oficialmente empossado como vice-presidente da Federa\u00e7\u00e3o Goiana de Munic\u00edpios (FGM), durante cerim\u00f4nia realizada na Assembleia Legislativa do Estado de Goi\u00e1s. A nova gest\u00e3o da entidade, presidida pelo prefeito de Jaragu\u00e1, Paulo Victor Avelar, atuar\u00e1 no bi\u00eanio 2025-2027, com foco\" \/>\n<meta property=\"og:url\" content=\"https:\/\/juacontecimentos.com.br\/site\/prefeito-marcelo-paiva-toma-posse-como-vice-presidente-da-fgm-e-reforca-compromisso-com-o-municipalismo\/\" \/>\n<meta property=\"og:site_name\" content=\"Jornal Ultimos Acontecimentos\" \/>\n<meta property=\"article:publisher\" content=\"https:\/\/www.facebook.com\/jultimosacontecimentos\/\" \/>\n<meta property=\"article:published_time\" content=\"2025-04-25T16:01:13+00:00\" \/>\n<meta property=\"article:modified_time\" content=\"2025-04-25T16:13:58+00:00\" \/>\n<meta property=\"og:image\" content=\"https:\/\/juacontecimentos.com.br\/site\/wp-content\/uploads\/2025\/04\/Screenshot_2025-04-25-13-07-04-463_com.instagram.android.jpg\" \/>\n\t<meta property=\"og:image:width\" content=\"1080\" \/>\n\t<meta property=\"og:image:height\" content=\"698\" \/>\n\t<meta property=\"og:image:type\" content=\"image\/jpeg\" \/>\n<meta name=\"author\" content=\"Reginaldo Ribeiro\" \/>\n<meta name=\"twitter:card\" content=\"summary_large_image\" \/>\n<meta name=\"twitter:label1\" content=\"Escrito por\" \/>\n\t<meta name=\"twitter:data1\" content=\"Reginaldo Ribeiro\" \/>\n\t<meta name=\"twitter:label2\" content=\"Est. tempo de leitura\" \/>\n\t<meta name=\"twitter:data2\" content=\"3 minutos\" \/>\n<script type=\"application\/ld+json\" class=\"yoast-schema-graph\">{\"@context\":\"https:\/\/schema.org\",\"@graph\":[{\"@type\":\"Article\",\"@id\":\"https:\/\/juacontecimentos.com.br\/site\/prefeito-marcelo-paiva-toma-posse-como-vice-presidente-da-fgm-e-reforca-compromisso-com-o-municipalismo\/#article\",\"isPartOf\":{\"@id\":\"https:\/\/juacontecimentos.com.br\/site\/prefeito-marcelo-paiva-toma-posse-como-vice-presidente-da-fgm-e-reforca-compromisso-com-o-municipalismo\/\"},\"author\":{\"name\":\"Reginaldo Ribeiro\",\"@id\":\"https:\/\/juacontecimentos.com.br\/site\/#\/schema\/person\/082a54e6d3fdd7a633291428521c9669\"},\"headline\":\"Prefeito Marcelo Paiva toma posse como vice-presidente da FGM e refor\u00e7a compromisso com o municipalismo\",\"datePublished\":\"2025-04-25T16:01:13+00:00\",\"dateModified\":\"2025-04-25T16:13:58+00:00\",\"mainEntityOfPage\":{\"@id\":\"https:\/\/juacontecimentos.com.br\/site\/prefeito-marcelo-paiva-toma-posse-como-vice-presidente-da-fgm-e-reforca-compromisso-com-o-municipalismo\/\"},\"wordCount\":287,\"publisher\":{\"@id\":\"https:\/\/juacontecimentos.com.br\/site\/#organization\"},\"image\":{\"@id\":\"https:\/\/juacontecimentos.com.br\/site\/prefeito-marcelo-paiva-toma-posse-como-vice-presidente-da-fgm-e-reforca-compromisso-com-o-municipalismo\/#primaryimage\"},\"thumbnailUrl\":\"https:\/\/juacontecimentos.com.br\/site\/wp-content\/uploads\/2025\/04\/Screenshot_2025-04-25-13-07-04-463_com.instagram.android.jpg\",\"articleSection\":[\"Brasil\",\"Catal\u00e3o\",\"Destaque\",\"Goi\u00e1s\"],\"inLanguage\":\"pt-BR\"},{\"@type\":\"WebPage\",\"@id\":\"https:\/\/juacontecimentos.com.br\/site\/prefeito-marcelo-paiva-toma-posse-como-vice-presidente-da-fgm-e-reforca-compromisso-com-o-municipalismo\/\",\"url\":\"https:\/\/juacontecimentos.com.br\/site\/prefeito-marcelo-paiva-toma-posse-como-vice-presidente-da-fgm-e-reforca-compromisso-com-o-municipalismo\/\",\"name\":\"Prefeito Marcelo Paiva toma posse como vice-presidente da FGM e refor\u00e7a compromisso com o municipalismo - Jornal Ultimos Acontecimentos\",\"isPartOf\":{\"@id\":\"https:\/\/juacontecimentos.com.br\/site\/#website\"},\"primaryImageOfPage\":{\"@id\":\"https:\/\/juacontecimentos.com.br\/site\/prefeito-marcelo-paiva-toma-posse-como-vice-presidente-da-fgm-e-reforca-compromisso-com-o-municipalismo\/#primaryimage\"},\"image\":{\"@id\":\"https:\/\/juacontecimentos.com.br\/site\/prefeito-marcelo-paiva-toma-posse-como-vice-presidente-da-fgm-e-reforca-compromisso-com-o-municipalismo\/#primaryimage\"},\"thumbnailUrl\":\"https:\/\/juacontecimentos.com.br\/site\/wp-content\/uploads\/2025\/04\/Screenshot_2025-04-25-13-07-04-463_com.instagram.android.jpg\",\"datePublished\":\"2025-04-25T16:01:13+00:00\",\"dateModified\":\"2025-04-25T16:13:58+00:00\",\"breadcrumb\":{\"@id\":\"https:\/\/juacontecimentos.com.br\/site\/prefeito-marcelo-paiva-toma-posse-como-vice-presidente-da-fgm-e-reforca-compromisso-com-o-municipalismo\/#breadcrumb\"},\"inLanguage\":\"pt-BR\",\"potentialAction\":[{\"@type\":\"ReadAction\",\"target\":[\"https:\/\/juacontecimentos.com.br\/site\/prefeito-marcelo-paiva-toma-posse-como-vice-presidente-da-fgm-e-reforca-compromisso-com-o-municipalismo\/\"]}]},{\"@type\":\"ImageObject\",\"inLanguage\":\"pt-BR\",\"@id\":\"https:\/\/juacontecimentos.com.br\/site\/prefeito-marcelo-paiva-toma-posse-como-vice-presidente-da-fgm-e-reforca-compromisso-com-o-municipalismo\/#primaryimage\",\"url\":\"https:\/\/juacontecimentos.com.br\/site\/wp-content\/uploads\/2025\/04\/Screenshot_2025-04-25-13-07-04-463_com.instagram.android.jpg\",\"contentUrl\":\"https:\/\/juacontecimentos.com.br\/site\/wp-content\/uploads\/2025\/04\/Screenshot_2025-04-25-13-07-04-463_com.instagram.android.jpg\",\"width\":1080,\"height\":698,\"caption\":\"Prefeito dMarcelo Paiva foi oficialmente empossado como vice-presidente da Federa\u00e7\u00e3o Goiana de Munic\u00edpios (FGM), dura, presidida pelo prefeito de Jaragu\u00e1, Paulo Victor Avelar,\"},{\"@type\":\"BreadcrumbList\",\"@id\":\"https:\/\/juacontecimentos.com.br\/site\/prefeito-marcelo-paiva-toma-posse-como-vice-presidente-da-fgm-e-reforca-compromisso-com-o-municipalismo\/#breadcrumb\",\"itemListElement\":[{\"@type\":\"ListItem\",\"position\":1,\"name\":\"In\u00edcio\",\"item\":\"https:\/\/juacontecimentos.com.br\/site\/\"},{\"@type\":\"ListItem\",\"position\":2,\"name\":\"Prefeito Marcelo Paiva toma posse como vice-presidente da FGM e refor\u00e7a compromisso com o municipalismo\"}]},{\"@type\":\"WebSite\",\"@id\":\"https:\/\/juacontecimentos.com.br\/site\/#website\",\"url\":\"https:\/\/juacontecimentos.com.br\/site\/\",\"name\":\"Jornal Ultimos Acontecimentos\",\"description\":\"Catal\u00e3o e regi\u00e3o\",\"publisher\":{\"@id\":\"https:\/\/juacontecimentos.com.br\/site\/#organization\"},\"potentialAction\":[{\"@type\":\"SearchAction\",\"target\":{\"@type\":\"EntryPoint\",\"urlTemplate\":\"https:\/\/juacontecimentos.com.br\/site\/?s={search_term_string}\"},\"query-input\":{\"@type\":\"PropertyValueSpecification\",\"valueRequired\":true,\"valueName\":\"search_term_string\"}}],\"inLanguage\":\"pt-BR\"},{\"@type\":\"Organization\",\"@id\":\"https:\/\/juacontecimentos.com.br\/site\/#organization\",\"name\":\"Jornal Ultimos Acontecimentos\",\"url\":\"https:\/\/juacontecimentos.com.br\/site\/\",\"logo\":{\"@type\":\"ImageObject\",\"inLanguage\":\"pt-BR\",\"@id\":\"https:\/\/juacontecimentos.com.br\/site\/#\/schema\/logo\/image\/\",\"url\":\"https:\/\/juacontecimentos.com.br\/site\/wp-content\/uploads\/2023\/04\/Logo_Site.png\",\"contentUrl\":\"https:\/\/juacontecimentos.com.br\/site\/wp-content\/uploads\/2023\/04\/Logo_Site.png\",\"width\":2476,\"height\":530,\"caption\":\"Jornal Ultimos Acontecimentos\"},\"image\":{\"@id\":\"https:\/\/juacontecimentos.com.br\/site\/#\/schema\/logo\/image\/\"},\"sameAs\":[\"https:\/\/www.facebook.com\/jultimosacontecimentos\/\"]},{\"@type\":\"Person\",\"@id\":\"https:\/\/juacontecimentos.com.br\/site\/#\/schema\/person\/082a54e6d3fdd7a633291428521c9669\",\"name\":\"Reginaldo Ribeiro\",\"image\":{\"@type\":\"ImageObject\",\"inLanguage\":\"pt-BR\",\"@id\":\"https:\/\/juacontecimentos.com.br\/site\/#\/schema\/person\/image\/\",\"url\":\"https:\/\/secure.gravatar.com\/avatar\/5c16c6837c3490270a74d888c2a845728f06bdde1f8761de1de1d1d1ef82d12f?s=96&d=mm&r=g\",\"contentUrl\":\"https:\/\/secure.gravatar.com\/avatar\/5c16c6837c3490270a74d888c2a845728f06bdde1f8761de1de1d1d1ef82d12f?s=96&d=mm&r=g\",\"caption\":\"Reginaldo Ribeiro\"}}]}<\/script>\n<!-- \/ Yoast SEO plugin. -->","yoast_head_json":{"title":"Prefeito Marcelo Paiva toma posse como vice-presidente da FGM e refor\u00e7a compromisso com o municipalismo - Jornal Ultimos Acontecimentos","robots":{"index":"index","follow":"follow","max-snippet":"max-snippet:-1","max-image-preview":"max-image-preview:large","max-video-preview":"max-video-preview:-1"},"canonical":"https:\/\/juacontecimentos.com.br\/site\/prefeito-marcelo-paiva-toma-posse-como-vice-presidente-da-fgm-e-reforca-compromisso-com-o-municipalismo\/","og_locale":"pt_BR","og_type":"article","og_title":"Prefeito Marcelo Paiva toma posse como vice-presidente da FGM e refor\u00e7a compromisso com o municipalismo - Jornal Ultimos Acontecimentos","og_description":"&nbsp; A Prefeitura de Anhanguera tem a honra de anunciar que o prefeito Marcelo Paiva foi oficialmente empossado como vice-presidente da Federa\u00e7\u00e3o Goiana de Munic\u00edpios (FGM), durante cerim\u00f4nia realizada na Assembleia Legislativa do Estado de Goi\u00e1s. A nova gest\u00e3o da entidade, presidida pelo prefeito de Jaragu\u00e1, Paulo Victor Avelar, atuar\u00e1 no bi\u00eanio 2025-2027, com foco","og_url":"https:\/\/juacontecimentos.com.br\/site\/prefeito-marcelo-paiva-toma-posse-como-vice-presidente-da-fgm-e-reforca-compromisso-com-o-municipalismo\/","og_site_name":"Jornal Ultimos Acontecimentos","article_publisher":"https:\/\/www.facebook.com\/jultimosacontecimentos\/","article_published_time":"2025-04-25T16:01:13+00:00","article_modified_time":"2025-04-25T16:13:58+00:00","og_image":[{"width":1080,"height":698,"url":"https:\/\/juacontecimentos.com.br\/site\/wp-content\/uploads\/2025\/04\/Screenshot_2025-04-25-13-07-04-463_com.instagram.android.jpg","type":"image\/jpeg"}],"author":"Reginaldo Ribeiro","twitter_card":"summary_large_image","twitter_misc":{"Escrito por":"Reginaldo Ribeiro","Est. tempo de leitura":"3 minutos"},"schema":{"@context":"https:\/\/schema.org","@graph":[{"@type":"Article","@id":"https:\/\/juacontecimentos.com.br\/site\/prefeito-marcelo-paiva-toma-posse-como-vice-presidente-da-fgm-e-reforca-compromisso-com-o-municipalismo\/#article","isPartOf":{"@id":"https:\/\/juacontecimentos.com.br\/site\/prefeito-marcelo-paiva-toma-posse-como-vice-presidente-da-fgm-e-reforca-compromisso-com-o-municipalismo\/"},"author":{"name":"Reginaldo Ribeiro","@id":"https:\/\/juacontecimentos.com.br\/site\/#\/schema\/person\/082a54e6d3fdd7a633291428521c9669"},"headline":"Prefeito Marcelo Paiva toma posse como vice-presidente da FGM e refor\u00e7a compromisso com o municipalismo","datePublished":"2025-04-25T16:01:13+00:00","dateModified":"2025-04-25T16:13:58+00:00","mainEntityOfPage":{"@id":"https:\/\/juacontecimentos.com.br\/site\/prefeito-marcelo-paiva-toma-posse-como-vice-presidente-da-fgm-e-reforca-compromisso-com-o-municipalismo\/"},"wordCount":287,"publisher":{"@id":"https:\/\/juacontecimentos.com.br\/site\/#organization"},"image":{"@id":"https:\/\/juacontecimentos.com.br\/site\/prefeito-marcelo-paiva-toma-posse-como-vice-presidente-da-fgm-e-reforca-compromisso-com-o-municipalismo\/#primaryimage"},"thumbnailUrl":"https:\/\/juacontecimentos.com.br\/site\/wp-content\/uploads\/2025\/04\/Screenshot_2025-04-25-13-07-04-463_com.instagram.android.jpg","articleSection":["Brasil","Catal\u00e3o","Destaque","Goi\u00e1s"],"inLanguage":"pt-BR"},{"@type":"WebPage","@id":"https:\/\/juacontecimentos.com.br\/site\/prefeito-marcelo-paiva-toma-posse-como-vice-presidente-da-fgm-e-reforca-compromisso-com-o-municipalismo\/","url":"https:\/\/juacontecimentos.com.br\/site\/prefeito-marcelo-paiva-toma-posse-como-vice-presidente-da-fgm-e-reforca-compromisso-com-o-municipalismo\/","name":"Prefeito Marcelo Paiva toma posse como vice-presidente da FGM e refor\u00e7a compromisso com o municipalismo - Jornal Ultimos Acontecimentos","isPartOf":{"@id":"https:\/\/juacontecimentos.com.br\/site\/#website"},"primaryImageOfPage":{"@id":"https:\/\/juacontecimentos.com.br\/site\/prefeito-marcelo-paiva-toma-posse-como-vice-presidente-da-fgm-e-reforca-compromisso-com-o-municipalismo\/#primaryimage"},"image":{"@id":"https:\/\/juacontecimentos.com.br\/site\/prefeito-marcelo-paiva-toma-posse-como-vice-presidente-da-fgm-e-reforca-compromisso-com-o-municipalismo\/#primaryimage"},"thumbnailUrl":"https:\/\/juacontecimentos.com.br\/site\/wp-content\/uploads\/2025\/04\/Screenshot_2025-04-25-13-07-04-463_com.instagram.android.jpg","datePublished":"2025-04-25T16:01:13+00:00","dateModified":"2025-04-25T16:13:58+00:00","breadcrumb":{"@id":"https:\/\/juacontecimentos.com.br\/site\/prefeito-marcelo-paiva-toma-posse-como-vice-presidente-da-fgm-e-reforca-compromisso-com-o-municipalismo\/#breadcrumb"},"inLanguage":"pt-BR","potentialAction":[{"@type":"ReadAction","target":["https:\/\/juacontecimentos.com.br\/site\/prefeito-marcelo-paiva-toma-posse-como-vice-presidente-da-fgm-e-reforca-compromisso-com-o-municipalismo\/"]}]},{"@type":"ImageObject","inLanguage":"pt-BR","@id":"https:\/\/juacontecimentos.com.br\/site\/prefeito-marcelo-paiva-toma-posse-como-vice-presidente-da-fgm-e-reforca-compromisso-com-o-municipalismo\/#primaryimage","url":"https:\/\/juacontecimentos.com.br\/site\/wp-content\/uploads\/2025\/04\/Screenshot_2025-04-25-13-07-04-463_com.instagram.android.jpg","contentUrl":"https:\/\/juacontecimentos.com.br\/site\/wp-content\/uploads\/2025\/04\/Screenshot_2025-04-25-13-07-04-463_com.instagram.android.jpg","width":1080,"height":698,"caption":"Prefeito dMarcelo Paiva foi oficialmente empossado como vice-presidente da Federa\u00e7\u00e3o Goiana de Munic\u00edpios (FGM), dura, presidida pelo prefeito de Jaragu\u00e1, Paulo Victor Avelar,"},{"@type":"BreadcrumbList","@id":"https:\/\/juacontecimentos.com.br\/site\/prefeito-marcelo-paiva-toma-posse-como-vice-presidente-da-fgm-e-reforca-compromisso-com-o-municipalismo\/#breadcrumb","itemListElement":[{"@type":"ListItem","position":1,"name":"In\u00edcio","item":"https:\/\/juacontecimentos.com.br\/site\/"},{"@type":"ListItem","position":2,"name":"Prefeito Marcelo Paiva toma posse como vice-presidente da FGM e refor\u00e7a compromisso com o municipalismo"}]},{"@type":"WebSite","@id":"https:\/\/juacontecimentos.com.br\/site\/#website","url":"https:\/\/juacontecimentos.com.br\/site\/","name":"Jornal Ultimos Acontecimentos","description":"Catal\u00e3o e regi\u00e3o","publisher":{"@id":"https:\/\/juacontecimentos.com.br\/site\/#organization"},"potentialAction":[{"@type":"SearchAction","target":{"@type":"EntryPoint","urlTemplate":"https:\/\/juacontecimentos.com.br\/site\/?s={search_term_string}"},"query-input":{"@type":"PropertyValueSpecification","valueRequired":true,"valueName":"search_term_string"}}],"inLanguage":"pt-BR"},{"@type":"Organization","@id":"https:\/\/juacontecimentos.com.br\/site\/#organization","name":"Jornal Ultimos Acontecimentos","url":"https:\/\/juacontecimentos.com.br\/site\/","logo":{"@type":"ImageObject","inLanguage":"pt-BR","@id":"https:\/\/juacontecimentos.com.br\/site\/#\/schema\/logo\/image\/","url":"https:\/\/juacontecimentos.com.br\/site\/wp-content\/uploads\/2023\/04\/Logo_Site.png","contentUrl":"https:\/\/juacontecimentos.com.br\/site\/wp-content\/uploads\/2023\/04\/Logo_Site.png","width":2476,"height":530,"caption":"Jornal Ultimos Acontecimentos"},"image":{"@id":"https:\/\/juacontecimentos.com.br\/site\/#\/schema\/logo\/image\/"},"sameAs":["https:\/\/www.facebook.com\/jultimosacontecimentos\/"]},{"@type":"Person","@id":"https:\/\/juacontecimentos.com.br\/site\/#\/schema\/person\/082a54e6d3fdd7a633291428521c9669","name":"Reginaldo Ribeiro","image":{"@type":"ImageObject","inLanguage":"pt-BR","@id":"https:\/\/juacontecimentos.com.br\/site\/#\/schema\/person\/image\/","url":"https:\/\/secure.gravatar.com\/avatar\/5c16c6837c3490270a74d888c2a845728f06bdde1f8761de1de1d1d1ef82d12f?s=96&d=mm&r=g","contentUrl":"https:\/\/secure.gravatar.com\/avatar\/5c16c6837c3490270a74d888c2a845728f06bdde1f8761de1de1d1d1ef82d12f?s=96&d=mm&r=g","caption":"Reginaldo Ribeiro"}}]}},"_links":{"self":[{"href":"https:\/\/juacontecimentos.com.br\/site\/wp-json\/wp\/v2\/posts\/42371","targetHints":{"allow":["GET"]}}],"collection":[{"href":"https:\/\/juacontecimentos.com.br\/site\/wp-json\/wp\/v2\/posts"}],"about":[{"href":"https:\/\/juacontecimentos.com.br\/site\/wp-json\/wp\/v2\/types\/post"}],"author":[{"embeddable":true,"href":"https:\/\/juacontecimentos.com.br\/site\/wp-json\/wp\/v2\/users\/2"}],"replies":[{"embeddable":true,"href":"https:\/\/juacontecimentos.com.br\/site\/wp-json\/wp\/v2\/comments?post=42371"}],"version-history":[{"count":3,"href":"https:\/\/juacontecimentos.com.br\/site\/wp-json\/wp\/v2\/posts\/42371\/revisions"}],"predecessor-version":[{"id":42379,"href":"https:\/\/juacontecimentos.com.br\/site\/wp-json\/wp\/v2\/posts\/42371\/revisions\/42379"}],"wp:featuredmedia":[{"embeddable":true,"href":"https:\/\/juacontecimentos.com.br\/site\/wp-json\/wp\/v2\/media\/42374"}],"wp:attachment":[{"href":"https:\/\/juacontecimentos.com.br\/site\/wp-json\/wp\/v2\/media?parent=42371"}],"wp:term":[{"taxonomy":"category","embeddable":true,"href":"https:\/\/juacontecimentos.com.br\/site\/wp-json\/wp\/v2\/categories?post=42371"},{"taxonomy":"post_tag","embeddable":true,"href":"https:\/\/juacontecimentos.com.br\/site\/wp-json\/wp\/v2\/tags?post=42371"}],"curies":[{"name":"wp","href":"https:\/\/api.w.org\/{rel}","templated":true}]}}