{"id":43841,"date":"2025-06-11T16:58:10","date_gmt":"2025-06-11T19:58:10","guid":{"rendered":"https:\/\/juacontecimentos.com.br\/site\/?p=43841"},"modified":"2025-06-11T17:01:37","modified_gmt":"2025-06-11T20:01:37","slug":"prefeito-de-tres-ranchos-anuncia-convenio-de-r-28-milhoes-para-reforma-do-aeroporto-e-aerodromo-da-cidade","status":"publish","type":"post","link":"https:\/\/juacontecimentos.com.br\/site\/prefeito-de-tres-ranchos-anuncia-convenio-de-r-28-milhoes-para-reforma-do-aeroporto-e-aerodromo-da-cidade\/","title":{"rendered":"Prefeito de Tr\u00eas Ranchos anuncia conv\u00eanio de R$ 2,8 milh\u00f5es para reforma do Aeroporto e Aer\u00f3dromo da cidade"},"content":{"rendered":"<p><img loading=\"lazy\" decoding=\"async\" class=\"alignnone size-full wp-image-43842\" src=\"https:\/\/juacontecimentos.com.br\/site\/wp-content\/uploads\/2025\/06\/Screenshot_2025-06-11-16-44-08-050_com.instagram.android.jpg\" alt=\"\" width=\"1080\" height=\"643\" srcset=\"https:\/\/juacontecimentos.com.br\/site\/wp-content\/uploads\/2025\/06\/Screenshot_2025-06-11-16-44-08-050_com.instagram.android.jpg 1080w, https:\/\/juacontecimentos.com.br\/site\/wp-content\/uploads\/2025\/06\/Screenshot_2025-06-11-16-44-08-050_com.instagram.android-300x179.jpg 300w, https:\/\/juacontecimentos.com.br\/site\/wp-content\/uploads\/2025\/06\/Screenshot_2025-06-11-16-44-08-050_com.instagram.android-1024x610.jpg 1024w, https:\/\/juacontecimentos.com.br\/site\/wp-content\/uploads\/2025\/06\/Screenshot_2025-06-11-16-44-08-050_com.instagram.android-768x457.jpg 768w\" sizes=\"auto, (max-width: 1080px) 100vw, 1080px\" \/><\/p>\n<p>Em uma reuni\u00e3o hist\u00f3rica, o prefeito de Tr\u00eas Ranchos, acompanhado do vice-prefeito Z\u00e9 Gaiola, vereadores Admilson Martins da Silva e Barcelana Salia de Melo e o ex-prefeito e procurador do munic\u00edpio Hugo Deleon, despachou com o secret\u00e1rio de Estado de Infraestrutura, Adib Elias, dando um passo importante para o desenvolvimento da cidade. Durante o encontro, foi oficializada a assinatura de um conv\u00eanio no valor de R$ 2,8 milh\u00f5es que destinar\u00e1 recursos para a reforma geral do Aeroporto e Aer\u00f3dromo de Tr\u00eas Ranchos.<\/p>\n<p>O momento marca um avan\u00e7o significativo nas a\u00e7\u00f5es de infraestrutura e no potencial de crescimento tur\u00edstico da cidade. Segundo o prefeito, essa iniciativa representa uma conquista que trar\u00e1 benef\u00edcios duradouros para a popula\u00e7\u00e3o local, impulsionando o turismo, fortalecendo a economia e fomentando o desenvolvimento socioecon\u00f4mico de Tr\u00eas Ranchos.<\/p>\n<p>&#8220;Hoje demos um passo hist\u00f3rico para o futuro de Tr\u00eas Ranchos!&#8221;, comemorou o gestor, ressaltando a import\u00e2ncia do investimento para a cidade. A assinatura do conv\u00eanio ocorreu na presen\u00e7a do secret\u00e1rio de Estado de Infraestrutura, Adib Elias, que destacou o compromisso do governo estadual em apoiar projetos que promovam o crescimento regional.<\/p>\n<p>O prefeito tamb\u00e9m fez quest\u00e3o de agradecer ao senador Wilder Morais, que desempenhou papel fundamental na viabiliza\u00e7\u00e3o do recurso. \u201cAgradecemos de forma especial ao senador Wilder Morais, cujo trabalho foi essencial para que esse recurso se tornasse realidade\u201d, afirmou.<\/p>\n<p>A iniciativa \u00e9 vista como um marco na trajet\u00f3ria de Tr\u00eas Ranchos, que busca consolidar seu potencial tur\u00edstico e econ\u00f4mico por meio de investimentos estrat\u00e9gicos em infraestrutura. Com a reforma do aer\u00f3dromo, a expectativa \u00e9 de que a cidade se destaque ainda mais como destino tur\u00edstico e de neg\u00f3cios, atraindo visitantes e investimentos que contribuir\u00e3o para o desenvolvimento sustent\u00e1vel da regi\u00e3o.<\/p>\n<p>A assinatura do conv\u00eanio refor\u00e7a o compromisso das lideran\u00e7as locais e estaduais em trabalhar de forma unida e dedicada para transformar Tr\u00eas Ranchos em uma cidade cada vez melhor para seus habitantes e visitantes. Com trabalho s\u00e9rio e uni\u00e3o de for\u00e7as, a cidade caminha para um futuro promissor.<\/p>\n","protected":false},"excerpt":{"rendered":"<p>Em uma reuni\u00e3o hist\u00f3rica, o prefeito de Tr\u00eas Ranchos, acompanhado do vice-prefeito Z\u00e9 Gaiola, vereadores Admilson Martins da Silva e Barcelana Salia de Melo e o ex-prefeito e procurador do munic\u00edpio Hugo Deleon, despachou com o secret\u00e1rio de Estado de Infraestrutura, Adib Elias, dando um passo importante para o desenvolvimento da cidade. Durante o encontro,<\/p>\n","protected":false},"author":2,"featured_media":43842,"comment_status":"closed","ping_status":"closed","sticky":false,"template":"","format":"standard","meta":{"footnotes":""},"categories":[27,22,26,23],"tags":[],"class_list":["post-43841","post","type-post","status-publish","format-standard","has-post-thumbnail","hentry","category-brasil","category-catalao","category-destaque","category-goias"],"yoast_head":"<!-- This site is optimized with the Yoast SEO plugin v25.8 - https:\/\/yoast.com\/wordpress\/plugins\/seo\/ -->\n<title>Prefeito de Tr\u00eas Ranchos anuncia conv\u00eanio de R$ 2,8 milh\u00f5es para reforma do Aeroporto e Aer\u00f3dromo da cidade - Jornal Ultimos Acontecimentos<\/title>\n<meta name=\"robots\" content=\"index, follow, max-snippet:-1, max-image-preview:large, max-video-preview:-1\" \/>\n<link rel=\"canonical\" href=\"https:\/\/juacontecimentos.com.br\/site\/prefeito-de-tres-ranchos-anuncia-convenio-de-r-28-milhoes-para-reforma-do-aeroporto-e-aerodromo-da-cidade\/\" \/>\n<meta property=\"og:locale\" content=\"pt_BR\" \/>\n<meta property=\"og:type\" content=\"article\" \/>\n<meta property=\"og:title\" content=\"Prefeito de Tr\u00eas Ranchos anuncia conv\u00eanio de R$ 2,8 milh\u00f5es para reforma do Aeroporto e Aer\u00f3dromo da cidade - Jornal Ultimos Acontecimentos\" \/>\n<meta property=\"og:description\" content=\"Em uma reuni\u00e3o hist\u00f3rica, o prefeito de Tr\u00eas Ranchos, acompanhado do vice-prefeito Z\u00e9 Gaiola, vereadores Admilson Martins da Silva e Barcelana Salia de Melo e o ex-prefeito e procurador do munic\u00edpio Hugo Deleon, despachou com o secret\u00e1rio de Estado de Infraestrutura, Adib Elias, dando um passo importante para o desenvolvimento da cidade. Durante o encontro,\" \/>\n<meta property=\"og:url\" content=\"https:\/\/juacontecimentos.com.br\/site\/prefeito-de-tres-ranchos-anuncia-convenio-de-r-28-milhoes-para-reforma-do-aeroporto-e-aerodromo-da-cidade\/\" \/>\n<meta property=\"og:site_name\" content=\"Jornal Ultimos Acontecimentos\" \/>\n<meta property=\"article:publisher\" content=\"https:\/\/www.facebook.com\/jultimosacontecimentos\/\" \/>\n<meta property=\"article:published_time\" content=\"2025-06-11T19:58:10+00:00\" \/>\n<meta property=\"article:modified_time\" content=\"2025-06-11T20:01:37+00:00\" \/>\n<meta property=\"og:image\" content=\"https:\/\/juacontecimentos.com.br\/site\/wp-content\/uploads\/2025\/06\/Screenshot_2025-06-11-16-44-08-050_com.instagram.android.jpg\" \/>\n\t<meta property=\"og:image:width\" content=\"1080\" \/>\n\t<meta property=\"og:image:height\" content=\"643\" \/>\n\t<meta property=\"og:image:type\" content=\"image\/jpeg\" \/>\n<meta name=\"author\" content=\"Reginaldo Ribeiro\" \/>\n<meta name=\"twitter:card\" content=\"summary_large_image\" \/>\n<meta name=\"twitter:label1\" content=\"Escrito por\" \/>\n\t<meta name=\"twitter:data1\" content=\"Reginaldo Ribeiro\" \/>\n\t<meta name=\"twitter:label2\" content=\"Est. tempo de leitura\" \/>\n\t<meta name=\"twitter:data2\" content=\"3 minutos\" \/>\n<script type=\"application\/ld+json\" class=\"yoast-schema-graph\">{\"@context\":\"https:\/\/schema.org\",\"@graph\":[{\"@type\":\"Article\",\"@id\":\"https:\/\/juacontecimentos.com.br\/site\/prefeito-de-tres-ranchos-anuncia-convenio-de-r-28-milhoes-para-reforma-do-aeroporto-e-aerodromo-da-cidade\/#article\",\"isPartOf\":{\"@id\":\"https:\/\/juacontecimentos.com.br\/site\/prefeito-de-tres-ranchos-anuncia-convenio-de-r-28-milhoes-para-reforma-do-aeroporto-e-aerodromo-da-cidade\/\"},\"author\":{\"name\":\"Reginaldo Ribeiro\",\"@id\":\"https:\/\/juacontecimentos.com.br\/site\/#\/schema\/person\/082a54e6d3fdd7a633291428521c9669\"},\"headline\":\"Prefeito de Tr\u00eas Ranchos anuncia conv\u00eanio de R$ 2,8 milh\u00f5es para reforma do Aeroporto e Aer\u00f3dromo da cidade\",\"datePublished\":\"2025-06-11T19:58:10+00:00\",\"dateModified\":\"2025-06-11T20:01:37+00:00\",\"mainEntityOfPage\":{\"@id\":\"https:\/\/juacontecimentos.com.br\/site\/prefeito-de-tres-ranchos-anuncia-convenio-de-r-28-milhoes-para-reforma-do-aeroporto-e-aerodromo-da-cidade\/\"},\"wordCount\":391,\"publisher\":{\"@id\":\"https:\/\/juacontecimentos.com.br\/site\/#organization\"},\"image\":{\"@id\":\"https:\/\/juacontecimentos.com.br\/site\/prefeito-de-tres-ranchos-anuncia-convenio-de-r-28-milhoes-para-reforma-do-aeroporto-e-aerodromo-da-cidade\/#primaryimage\"},\"thumbnailUrl\":\"https:\/\/juacontecimentos.com.br\/site\/wp-content\/uploads\/2025\/06\/Screenshot_2025-06-11-16-44-08-050_com.instagram.android.jpg\",\"articleSection\":[\"Brasil\",\"Catal\u00e3o\",\"Destaque\",\"Goi\u00e1s\"],\"inLanguage\":\"pt-BR\"},{\"@type\":\"WebPage\",\"@id\":\"https:\/\/juacontecimentos.com.br\/site\/prefeito-de-tres-ranchos-anuncia-convenio-de-r-28-milhoes-para-reforma-do-aeroporto-e-aerodromo-da-cidade\/\",\"url\":\"https:\/\/juacontecimentos.com.br\/site\/prefeito-de-tres-ranchos-anuncia-convenio-de-r-28-milhoes-para-reforma-do-aeroporto-e-aerodromo-da-cidade\/\",\"name\":\"Prefeito de Tr\u00eas Ranchos anuncia conv\u00eanio de R$ 2,8 milh\u00f5es para reforma do Aeroporto e Aer\u00f3dromo da cidade - Jornal Ultimos Acontecimentos\",\"isPartOf\":{\"@id\":\"https:\/\/juacontecimentos.com.br\/site\/#website\"},\"primaryImageOfPage\":{\"@id\":\"https:\/\/juacontecimentos.com.br\/site\/prefeito-de-tres-ranchos-anuncia-convenio-de-r-28-milhoes-para-reforma-do-aeroporto-e-aerodromo-da-cidade\/#primaryimage\"},\"image\":{\"@id\":\"https:\/\/juacontecimentos.com.br\/site\/prefeito-de-tres-ranchos-anuncia-convenio-de-r-28-milhoes-para-reforma-do-aeroporto-e-aerodromo-da-cidade\/#primaryimage\"},\"thumbnailUrl\":\"https:\/\/juacontecimentos.com.br\/site\/wp-content\/uploads\/2025\/06\/Screenshot_2025-06-11-16-44-08-050_com.instagram.android.jpg\",\"datePublished\":\"2025-06-11T19:58:10+00:00\",\"dateModified\":\"2025-06-11T20:01:37+00:00\",\"breadcrumb\":{\"@id\":\"https:\/\/juacontecimentos.com.br\/site\/prefeito-de-tres-ranchos-anuncia-convenio-de-r-28-milhoes-para-reforma-do-aeroporto-e-aerodromo-da-cidade\/#breadcrumb\"},\"inLanguage\":\"pt-BR\",\"potentialAction\":[{\"@type\":\"ReadAction\",\"target\":[\"https:\/\/juacontecimentos.com.br\/site\/prefeito-de-tres-ranchos-anuncia-convenio-de-r-28-milhoes-para-reforma-do-aeroporto-e-aerodromo-da-cidade\/\"]}]},{\"@type\":\"ImageObject\",\"inLanguage\":\"pt-BR\",\"@id\":\"https:\/\/juacontecimentos.com.br\/site\/prefeito-de-tres-ranchos-anuncia-convenio-de-r-28-milhoes-para-reforma-do-aeroporto-e-aerodromo-da-cidade\/#primaryimage\",\"url\":\"https:\/\/juacontecimentos.com.br\/site\/wp-content\/uploads\/2025\/06\/Screenshot_2025-06-11-16-44-08-050_com.instagram.android.jpg\",\"contentUrl\":\"https:\/\/juacontecimentos.com.br\/site\/wp-content\/uploads\/2025\/06\/Screenshot_2025-06-11-16-44-08-050_com.instagram.android.jpg\",\"width\":1080,\"height\":643},{\"@type\":\"BreadcrumbList\",\"@id\":\"https:\/\/juacontecimentos.com.br\/site\/prefeito-de-tres-ranchos-anuncia-convenio-de-r-28-milhoes-para-reforma-do-aeroporto-e-aerodromo-da-cidade\/#breadcrumb\",\"itemListElement\":[{\"@type\":\"ListItem\",\"position\":1,\"name\":\"In\u00edcio\",\"item\":\"https:\/\/juacontecimentos.com.br\/site\/\"},{\"@type\":\"ListItem\",\"position\":2,\"name\":\"Prefeito de Tr\u00eas Ranchos anuncia conv\u00eanio de R$ 2,8 milh\u00f5es para reforma do Aeroporto e Aer\u00f3dromo da cidade\"}]},{\"@type\":\"WebSite\",\"@id\":\"https:\/\/juacontecimentos.com.br\/site\/#website\",\"url\":\"https:\/\/juacontecimentos.com.br\/site\/\",\"name\":\"Jornal Ultimos Acontecimentos\",\"description\":\"Catal\u00e3o e regi\u00e3o\",\"publisher\":{\"@id\":\"https:\/\/juacontecimentos.com.br\/site\/#organization\"},\"potentialAction\":[{\"@type\":\"SearchAction\",\"target\":{\"@type\":\"EntryPoint\",\"urlTemplate\":\"https:\/\/juacontecimentos.com.br\/site\/?s={search_term_string}\"},\"query-input\":{\"@type\":\"PropertyValueSpecification\",\"valueRequired\":true,\"valueName\":\"search_term_string\"}}],\"inLanguage\":\"pt-BR\"},{\"@type\":\"Organization\",\"@id\":\"https:\/\/juacontecimentos.com.br\/site\/#organization\",\"name\":\"Jornal Ultimos Acontecimentos\",\"url\":\"https:\/\/juacontecimentos.com.br\/site\/\",\"logo\":{\"@type\":\"ImageObject\",\"inLanguage\":\"pt-BR\",\"@id\":\"https:\/\/juacontecimentos.com.br\/site\/#\/schema\/logo\/image\/\",\"url\":\"https:\/\/juacontecimentos.com.br\/site\/wp-content\/uploads\/2023\/04\/Logo_Site.png\",\"contentUrl\":\"https:\/\/juacontecimentos.com.br\/site\/wp-content\/uploads\/2023\/04\/Logo_Site.png\",\"width\":2476,\"height\":530,\"caption\":\"Jornal Ultimos Acontecimentos\"},\"image\":{\"@id\":\"https:\/\/juacontecimentos.com.br\/site\/#\/schema\/logo\/image\/\"},\"sameAs\":[\"https:\/\/www.facebook.com\/jultimosacontecimentos\/\"]},{\"@type\":\"Person\",\"@id\":\"https:\/\/juacontecimentos.com.br\/site\/#\/schema\/person\/082a54e6d3fdd7a633291428521c9669\",\"name\":\"Reginaldo Ribeiro\",\"image\":{\"@type\":\"ImageObject\",\"inLanguage\":\"pt-BR\",\"@id\":\"https:\/\/juacontecimentos.com.br\/site\/#\/schema\/person\/image\/\",\"url\":\"https:\/\/secure.gravatar.com\/avatar\/5c16c6837c3490270a74d888c2a845728f06bdde1f8761de1de1d1d1ef82d12f?s=96&d=mm&r=g\",\"contentUrl\":\"https:\/\/secure.gravatar.com\/avatar\/5c16c6837c3490270a74d888c2a845728f06bdde1f8761de1de1d1d1ef82d12f?s=96&d=mm&r=g\",\"caption\":\"Reginaldo Ribeiro\"}}]}<\/script>\n<!-- \/ Yoast SEO plugin. -->","yoast_head_json":{"title":"Prefeito de Tr\u00eas Ranchos anuncia conv\u00eanio de R$ 2,8 milh\u00f5es para reforma do Aeroporto e Aer\u00f3dromo da cidade - Jornal Ultimos Acontecimentos","robots":{"index":"index","follow":"follow","max-snippet":"max-snippet:-1","max-image-preview":"max-image-preview:large","max-video-preview":"max-video-preview:-1"},"canonical":"https:\/\/juacontecimentos.com.br\/site\/prefeito-de-tres-ranchos-anuncia-convenio-de-r-28-milhoes-para-reforma-do-aeroporto-e-aerodromo-da-cidade\/","og_locale":"pt_BR","og_type":"article","og_title":"Prefeito de Tr\u00eas Ranchos anuncia conv\u00eanio de R$ 2,8 milh\u00f5es para reforma do Aeroporto e Aer\u00f3dromo da cidade - Jornal Ultimos Acontecimentos","og_description":"Em uma reuni\u00e3o hist\u00f3rica, o prefeito de Tr\u00eas Ranchos, acompanhado do vice-prefeito Z\u00e9 Gaiola, vereadores Admilson Martins da Silva e Barcelana Salia de Melo e o ex-prefeito e procurador do munic\u00edpio Hugo Deleon, despachou com o secret\u00e1rio de Estado de Infraestrutura, Adib Elias, dando um passo importante para o desenvolvimento da cidade. Durante o encontro,","og_url":"https:\/\/juacontecimentos.com.br\/site\/prefeito-de-tres-ranchos-anuncia-convenio-de-r-28-milhoes-para-reforma-do-aeroporto-e-aerodromo-da-cidade\/","og_site_name":"Jornal Ultimos Acontecimentos","article_publisher":"https:\/\/www.facebook.com\/jultimosacontecimentos\/","article_published_time":"2025-06-11T19:58:10+00:00","article_modified_time":"2025-06-11T20:01:37+00:00","og_image":[{"width":1080,"height":643,"url":"https:\/\/juacontecimentos.com.br\/site\/wp-content\/uploads\/2025\/06\/Screenshot_2025-06-11-16-44-08-050_com.instagram.android.jpg","type":"image\/jpeg"}],"author":"Reginaldo Ribeiro","twitter_card":"summary_large_image","twitter_misc":{"Escrito por":"Reginaldo Ribeiro","Est. tempo de leitura":"3 minutos"},"schema":{"@context":"https:\/\/schema.org","@graph":[{"@type":"Article","@id":"https:\/\/juacontecimentos.com.br\/site\/prefeito-de-tres-ranchos-anuncia-convenio-de-r-28-milhoes-para-reforma-do-aeroporto-e-aerodromo-da-cidade\/#article","isPartOf":{"@id":"https:\/\/juacontecimentos.com.br\/site\/prefeito-de-tres-ranchos-anuncia-convenio-de-r-28-milhoes-para-reforma-do-aeroporto-e-aerodromo-da-cidade\/"},"author":{"name":"Reginaldo Ribeiro","@id":"https:\/\/juacontecimentos.com.br\/site\/#\/schema\/person\/082a54e6d3fdd7a633291428521c9669"},"headline":"Prefeito de Tr\u00eas Ranchos anuncia conv\u00eanio de R$ 2,8 milh\u00f5es para reforma do Aeroporto e Aer\u00f3dromo da cidade","datePublished":"2025-06-11T19:58:10+00:00","dateModified":"2025-06-11T20:01:37+00:00","mainEntityOfPage":{"@id":"https:\/\/juacontecimentos.com.br\/site\/prefeito-de-tres-ranchos-anuncia-convenio-de-r-28-milhoes-para-reforma-do-aeroporto-e-aerodromo-da-cidade\/"},"wordCount":391,"publisher":{"@id":"https:\/\/juacontecimentos.com.br\/site\/#organization"},"image":{"@id":"https:\/\/juacontecimentos.com.br\/site\/prefeito-de-tres-ranchos-anuncia-convenio-de-r-28-milhoes-para-reforma-do-aeroporto-e-aerodromo-da-cidade\/#primaryimage"},"thumbnailUrl":"https:\/\/juacontecimentos.com.br\/site\/wp-content\/uploads\/2025\/06\/Screenshot_2025-06-11-16-44-08-050_com.instagram.android.jpg","articleSection":["Brasil","Catal\u00e3o","Destaque","Goi\u00e1s"],"inLanguage":"pt-BR"},{"@type":"WebPage","@id":"https:\/\/juacontecimentos.com.br\/site\/prefeito-de-tres-ranchos-anuncia-convenio-de-r-28-milhoes-para-reforma-do-aeroporto-e-aerodromo-da-cidade\/","url":"https:\/\/juacontecimentos.com.br\/site\/prefeito-de-tres-ranchos-anuncia-convenio-de-r-28-milhoes-para-reforma-do-aeroporto-e-aerodromo-da-cidade\/","name":"Prefeito de Tr\u00eas Ranchos anuncia conv\u00eanio de R$ 2,8 milh\u00f5es para reforma do Aeroporto e Aer\u00f3dromo da cidade - Jornal Ultimos Acontecimentos","isPartOf":{"@id":"https:\/\/juacontecimentos.com.br\/site\/#website"},"primaryImageOfPage":{"@id":"https:\/\/juacontecimentos.com.br\/site\/prefeito-de-tres-ranchos-anuncia-convenio-de-r-28-milhoes-para-reforma-do-aeroporto-e-aerodromo-da-cidade\/#primaryimage"},"image":{"@id":"https:\/\/juacontecimentos.com.br\/site\/prefeito-de-tres-ranchos-anuncia-convenio-de-r-28-milhoes-para-reforma-do-aeroporto-e-aerodromo-da-cidade\/#primaryimage"},"thumbnailUrl":"https:\/\/juacontecimentos.com.br\/site\/wp-content\/uploads\/2025\/06\/Screenshot_2025-06-11-16-44-08-050_com.instagram.android.jpg","datePublished":"2025-06-11T19:58:10+00:00","dateModified":"2025-06-11T20:01:37+00:00","breadcrumb":{"@id":"https:\/\/juacontecimentos.com.br\/site\/prefeito-de-tres-ranchos-anuncia-convenio-de-r-28-milhoes-para-reforma-do-aeroporto-e-aerodromo-da-cidade\/#breadcrumb"},"inLanguage":"pt-BR","potentialAction":[{"@type":"ReadAction","target":["https:\/\/juacontecimentos.com.br\/site\/prefeito-de-tres-ranchos-anuncia-convenio-de-r-28-milhoes-para-reforma-do-aeroporto-e-aerodromo-da-cidade\/"]}]},{"@type":"ImageObject","inLanguage":"pt-BR","@id":"https:\/\/juacontecimentos.com.br\/site\/prefeito-de-tres-ranchos-anuncia-convenio-de-r-28-milhoes-para-reforma-do-aeroporto-e-aerodromo-da-cidade\/#primaryimage","url":"https:\/\/juacontecimentos.com.br\/site\/wp-content\/uploads\/2025\/06\/Screenshot_2025-06-11-16-44-08-050_com.instagram.android.jpg","contentUrl":"https:\/\/juacontecimentos.com.br\/site\/wp-content\/uploads\/2025\/06\/Screenshot_2025-06-11-16-44-08-050_com.instagram.android.jpg","width":1080,"height":643},{"@type":"BreadcrumbList","@id":"https:\/\/juacontecimentos.com.br\/site\/prefeito-de-tres-ranchos-anuncia-convenio-de-r-28-milhoes-para-reforma-do-aeroporto-e-aerodromo-da-cidade\/#breadcrumb","itemListElement":[{"@type":"ListItem","position":1,"name":"In\u00edcio","item":"https:\/\/juacontecimentos.com.br\/site\/"},{"@type":"ListItem","position":2,"name":"Prefeito de Tr\u00eas Ranchos anuncia conv\u00eanio de R$ 2,8 milh\u00f5es para reforma do Aeroporto e Aer\u00f3dromo da cidade"}]},{"@type":"WebSite","@id":"https:\/\/juacontecimentos.com.br\/site\/#website","url":"https:\/\/juacontecimentos.com.br\/site\/","name":"Jornal Ultimos Acontecimentos","description":"Catal\u00e3o e regi\u00e3o","publisher":{"@id":"https:\/\/juacontecimentos.com.br\/site\/#organization"},"potentialAction":[{"@type":"SearchAction","target":{"@type":"EntryPoint","urlTemplate":"https:\/\/juacontecimentos.com.br\/site\/?s={search_term_string}"},"query-input":{"@type":"PropertyValueSpecification","valueRequired":true,"valueName":"search_term_string"}}],"inLanguage":"pt-BR"},{"@type":"Organization","@id":"https:\/\/juacontecimentos.com.br\/site\/#organization","name":"Jornal Ultimos Acontecimentos","url":"https:\/\/juacontecimentos.com.br\/site\/","logo":{"@type":"ImageObject","inLanguage":"pt-BR","@id":"https:\/\/juacontecimentos.com.br\/site\/#\/schema\/logo\/image\/","url":"https:\/\/juacontecimentos.com.br\/site\/wp-content\/uploads\/2023\/04\/Logo_Site.png","contentUrl":"https:\/\/juacontecimentos.com.br\/site\/wp-content\/uploads\/2023\/04\/Logo_Site.png","width":2476,"height":530,"caption":"Jornal Ultimos Acontecimentos"},"image":{"@id":"https:\/\/juacontecimentos.com.br\/site\/#\/schema\/logo\/image\/"},"sameAs":["https:\/\/www.facebook.com\/jultimosacontecimentos\/"]},{"@type":"Person","@id":"https:\/\/juacontecimentos.com.br\/site\/#\/schema\/person\/082a54e6d3fdd7a633291428521c9669","name":"Reginaldo Ribeiro","image":{"@type":"ImageObject","inLanguage":"pt-BR","@id":"https:\/\/juacontecimentos.com.br\/site\/#\/schema\/person\/image\/","url":"https:\/\/secure.gravatar.com\/avatar\/5c16c6837c3490270a74d888c2a845728f06bdde1f8761de1de1d1d1ef82d12f?s=96&d=mm&r=g","contentUrl":"https:\/\/secure.gravatar.com\/avatar\/5c16c6837c3490270a74d888c2a845728f06bdde1f8761de1de1d1d1ef82d12f?s=96&d=mm&r=g","caption":"Reginaldo Ribeiro"}}]}},"_links":{"self":[{"href":"https:\/\/juacontecimentos.com.br\/site\/wp-json\/wp\/v2\/posts\/43841","targetHints":{"allow":["GET"]}}],"collection":[{"href":"https:\/\/juacontecimentos.com.br\/site\/wp-json\/wp\/v2\/posts"}],"about":[{"href":"https:\/\/juacontecimentos.com.br\/site\/wp-json\/wp\/v2\/types\/post"}],"author":[{"embeddable":true,"href":"https:\/\/juacontecimentos.com.br\/site\/wp-json\/wp\/v2\/users\/2"}],"replies":[{"embeddable":true,"href":"https:\/\/juacontecimentos.com.br\/site\/wp-json\/wp\/v2\/comments?post=43841"}],"version-history":[{"count":3,"href":"https:\/\/juacontecimentos.com.br\/site\/wp-json\/wp\/v2\/posts\/43841\/revisions"}],"predecessor-version":[{"id":43845,"href":"https:\/\/juacontecimentos.com.br\/site\/wp-json\/wp\/v2\/posts\/43841\/revisions\/43845"}],"wp:featuredmedia":[{"embeddable":true,"href":"https:\/\/juacontecimentos.com.br\/site\/wp-json\/wp\/v2\/media\/43842"}],"wp:attachment":[{"href":"https:\/\/juacontecimentos.com.br\/site\/wp-json\/wp\/v2\/media?parent=43841"}],"wp:term":[{"taxonomy":"category","embeddable":true,"href":"https:\/\/juacontecimentos.com.br\/site\/wp-json\/wp\/v2\/categories?post=43841"},{"taxonomy":"post_tag","embeddable":true,"href":"https:\/\/juacontecimentos.com.br\/site\/wp-json\/wp\/v2\/tags?post=43841"}],"curies":[{"name":"wp","href":"https:\/\/api.w.org\/{rel}","templated":true}]}}