{"id":4404,"date":"2018-06-05T12:27:32","date_gmt":"2018-06-05T15:27:32","guid":{"rendered":"http:\/\/juacontecimentos.com.br\/site\/?p=4404"},"modified":"2018-06-05T12:27:32","modified_gmt":"2018-06-05T15:27:32","slug":"vereadores-de-campo-alegre-aprovam-requerimentos-e-oficio-direcionados-ao-poder-executivo-municipal","status":"publish","type":"post","link":"https:\/\/juacontecimentos.com.br\/site\/vereadores-de-campo-alegre-aprovam-requerimentos-e-oficio-direcionados-ao-poder-executivo-municipal\/","title":{"rendered":"Vereadores de Campo Alegre aprovam requerimentos e of\u00edcio direcionados ao Poder Executivo Municipal"},"content":{"rendered":"<p>A mesa diretora da C\u00e2mara de Vereadores de Campo Alegre de Goi\u00e1s sobe a presid\u00eancia do vereador Mauricio da Silva Rodrigues J\u00fanior (PSD), aprovaram em plen\u00e1rio por unanimidade v\u00e1rios requerimentos e of\u00edcio de interesse da popula\u00e7\u00e3o.<\/p>\n<p>O parlamentar Reni R\u00fabio Braz Pires (PSDB), apresentou o requerimento n\u00ba 030\/2018, que solicita junto ao Poder Executivo Municipal, a constru\u00e7\u00e3o de redutor de velocidade na Rua Moacir Costa, no bairro C\u00e9u Azul. O requerimento n\u00ba 032\/2018 de autoria do vereador Ant\u00f4nio Carlos Zobrioli (MDB), solicita ao Poder Executivo Municipal, a aquisi\u00e7\u00e3o de brinquedos de parque infantil adaptados para crian\u00e7as portadoras de necessidades especiais.<\/p>\n<p>Atendendo uma justa solicita\u00e7\u00e3o do senhor Adeildo Tavares da Silva, que pede a provid\u00eancia urgente para solucionar o escoamento irregular de \u00e1gua na Av. Dr. Safort, oriunda do lavador de Carros, Caminh\u00f5es e M\u00e1quinas na Garagem Municipal, o vereador e presidente da C\u00e2mara, Mauricio da Silva Rodrigues J\u00fanior, colocou em vota\u00e7\u00e3o em plen\u00e1rio o of\u00edcio 056\/2018, que ser\u00e1 encaminhado ao chefe do Poder Executivo, para que as provid\u00eancias legais sejam tomadas.<\/p>\n<p>O referido of\u00edcio foi prontamente aprovado pelos parlamentares.<\/p>\n<p><img loading=\"lazy\" decoding=\"async\" class=\"alignnone size-medium wp-image-4410\" src=\"http:\/\/juacontecimentos.com.br\/site\/wp-content\/uploads\/2018\/06\/Cam-0404-225x300.jpg\" alt=\"\" width=\"225\" height=\"300\" srcset=\"https:\/\/juacontecimentos.com.br\/site\/wp-content\/uploads\/2018\/06\/Cam-0404-225x300.jpg 225w, https:\/\/juacontecimentos.com.br\/site\/wp-content\/uploads\/2018\/06\/Cam-0404-768x1024.jpg 768w\" sizes=\"auto, (max-width: 225px) 100vw, 225px\" \/> <img loading=\"lazy\" decoding=\"async\" class=\"alignnone size-medium wp-image-4405\" src=\"http:\/\/juacontecimentos.com.br\/site\/wp-content\/uploads\/2018\/06\/Campo-2-225x300.jpg\" alt=\"\" width=\"225\" height=\"300\" srcset=\"https:\/\/juacontecimentos.com.br\/site\/wp-content\/uploads\/2018\/06\/Campo-2-225x300.jpg 225w, https:\/\/juacontecimentos.com.br\/site\/wp-content\/uploads\/2018\/06\/Campo-2-768x1024.jpg 768w\" sizes=\"auto, (max-width: 225px) 100vw, 225px\" \/>\u00a0<img loading=\"lazy\" decoding=\"async\" class=\"alignnone size-medium wp-image-4408\" src=\"http:\/\/juacontecimentos.com.br\/site\/wp-content\/uploads\/2018\/06\/Cam-03-225x300.jpg\" alt=\"\" width=\"225\" height=\"300\" srcset=\"https:\/\/juacontecimentos.com.br\/site\/wp-content\/uploads\/2018\/06\/Cam-03-225x300.jpg 225w, https:\/\/juacontecimentos.com.br\/site\/wp-content\/uploads\/2018\/06\/Cam-03-768x1025.jpg 768w, https:\/\/juacontecimentos.com.br\/site\/wp-content\/uploads\/2018\/06\/Cam-03-767x1024.jpg 767w\" sizes=\"auto, (max-width: 225px) 100vw, 225px\" \/><\/p>\n<p><img loading=\"lazy\" decoding=\"async\" class=\"alignnone  wp-image-4407\" src=\"http:\/\/juacontecimentos.com.br\/site\/wp-content\/uploads\/2018\/06\/Cam-01-300x196.jpg\" alt=\"\" width=\"355\" height=\"232\" srcset=\"https:\/\/juacontecimentos.com.br\/site\/wp-content\/uploads\/2018\/06\/Cam-01-300x196.jpg 300w, https:\/\/juacontecimentos.com.br\/site\/wp-content\/uploads\/2018\/06\/Cam-01-768x502.jpg 768w, https:\/\/juacontecimentos.com.br\/site\/wp-content\/uploads\/2018\/06\/Cam-01-1024x669.jpg 1024w\" sizes=\"auto, (max-width: 355px) 100vw, 355px\" \/> <img loading=\"lazy\" decoding=\"async\" class=\"alignnone  wp-image-4406\" src=\"http:\/\/juacontecimentos.com.br\/site\/wp-content\/uploads\/2018\/06\/Campo-1-300x196.jpg\" alt=\"\" width=\"354\" height=\"231\" srcset=\"https:\/\/juacontecimentos.com.br\/site\/wp-content\/uploads\/2018\/06\/Campo-1-300x196.jpg 300w, https:\/\/juacontecimentos.com.br\/site\/wp-content\/uploads\/2018\/06\/Campo-1-768x502.jpg 768w, https:\/\/juacontecimentos.com.br\/site\/wp-content\/uploads\/2018\/06\/Campo-1-1024x669.jpg 1024w\" sizes=\"auto, (max-width: 354px) 100vw, 354px\" \/><br \/>\n<\/p>\n","protected":false},"excerpt":{"rendered":"<p>A mesa diretora da C\u00e2mara de Vereadores de Campo Alegre de Goi\u00e1s sobe a presid\u00eancia do vereador Mauricio da Silva Rodrigues J\u00fanior (PSD), aprovaram em plen\u00e1rio por unanimidade v\u00e1rios requerimentos e of\u00edcio de interesse da popula\u00e7\u00e3o. O parlamentar Reni R\u00fabio Braz Pires (PSDB), apresentou o requerimento n\u00ba 030\/2018, que solicita junto ao Poder Executivo Municipal,<\/p>\n","protected":false},"author":2,"featured_media":4406,"comment_status":"open","ping_status":"open","sticky":false,"template":"","format":"standard","meta":{"footnotes":""},"categories":[27,22,26,23],"tags":[],"class_list":["post-4404","post","type-post","status-publish","format-standard","has-post-thumbnail","hentry","category-brasil","category-catalao","category-destaque","category-goias"],"yoast_head":"<!-- This site is optimized with the Yoast SEO plugin v25.8 - https:\/\/yoast.com\/wordpress\/plugins\/seo\/ -->\n<title>Vereadores de Campo Alegre aprovam requerimentos e of\u00edcio direcionados ao Poder Executivo Municipal - Jornal Ultimos Acontecimentos<\/title>\n<meta name=\"robots\" content=\"index, follow, max-snippet:-1, max-image-preview:large, max-video-preview:-1\" \/>\n<link rel=\"canonical\" href=\"https:\/\/juacontecimentos.com.br\/site\/vereadores-de-campo-alegre-aprovam-requerimentos-e-oficio-direcionados-ao-poder-executivo-municipal\/\" \/>\n<meta property=\"og:locale\" content=\"pt_BR\" \/>\n<meta property=\"og:type\" content=\"article\" \/>\n<meta property=\"og:title\" content=\"Vereadores de Campo Alegre aprovam requerimentos e of\u00edcio direcionados ao Poder Executivo Municipal - Jornal Ultimos Acontecimentos\" \/>\n<meta property=\"og:description\" content=\"A mesa diretora da C\u00e2mara de Vereadores de Campo Alegre de Goi\u00e1s sobe a presid\u00eancia do vereador Mauricio da Silva Rodrigues J\u00fanior (PSD), aprovaram em plen\u00e1rio por unanimidade v\u00e1rios requerimentos e of\u00edcio de interesse da popula\u00e7\u00e3o. O parlamentar Reni R\u00fabio Braz Pires (PSDB), apresentou o requerimento n\u00ba 030\/2018, que solicita junto ao Poder Executivo Municipal,\" \/>\n<meta property=\"og:url\" content=\"https:\/\/juacontecimentos.com.br\/site\/vereadores-de-campo-alegre-aprovam-requerimentos-e-oficio-direcionados-ao-poder-executivo-municipal\/\" \/>\n<meta property=\"og:site_name\" content=\"Jornal Ultimos Acontecimentos\" \/>\n<meta property=\"article:publisher\" content=\"https:\/\/www.facebook.com\/jultimosacontecimentos\/\" \/>\n<meta property=\"article:published_time\" content=\"2018-06-05T15:27:32+00:00\" \/>\n<meta property=\"og:image\" content=\"https:\/\/juacontecimentos.com.br\/site\/wp-content\/uploads\/2018\/06\/Campo-1.jpg\" \/>\n\t<meta property=\"og:image:width\" content=\"3305\" \/>\n\t<meta property=\"og:image:height\" content=\"2159\" \/>\n\t<meta property=\"og:image:type\" content=\"image\/jpeg\" \/>\n<meta name=\"author\" content=\"Reginaldo Ribeiro\" \/>\n<meta name=\"twitter:card\" content=\"summary_large_image\" \/>\n<meta name=\"twitter:label1\" content=\"Escrito por\" \/>\n\t<meta name=\"twitter:data1\" content=\"Reginaldo Ribeiro\" \/>\n\t<meta name=\"twitter:label2\" content=\"Est. tempo de leitura\" \/>\n\t<meta name=\"twitter:data2\" content=\"1 minuto\" \/>\n<script type=\"application\/ld+json\" class=\"yoast-schema-graph\">{\"@context\":\"https:\/\/schema.org\",\"@graph\":[{\"@type\":\"Article\",\"@id\":\"https:\/\/juacontecimentos.com.br\/site\/vereadores-de-campo-alegre-aprovam-requerimentos-e-oficio-direcionados-ao-poder-executivo-municipal\/#article\",\"isPartOf\":{\"@id\":\"https:\/\/juacontecimentos.com.br\/site\/vereadores-de-campo-alegre-aprovam-requerimentos-e-oficio-direcionados-ao-poder-executivo-municipal\/\"},\"author\":{\"name\":\"Reginaldo Ribeiro\",\"@id\":\"https:\/\/juacontecimentos.com.br\/site\/#\/schema\/person\/082a54e6d3fdd7a633291428521c9669\"},\"headline\":\"Vereadores de Campo Alegre aprovam requerimentos e of\u00edcio direcionados ao Poder Executivo Municipal\",\"datePublished\":\"2018-06-05T15:27:32+00:00\",\"mainEntityOfPage\":{\"@id\":\"https:\/\/juacontecimentos.com.br\/site\/vereadores-de-campo-alegre-aprovam-requerimentos-e-oficio-direcionados-ao-poder-executivo-municipal\/\"},\"wordCount\":215,\"commentCount\":0,\"publisher\":{\"@id\":\"https:\/\/juacontecimentos.com.br\/site\/#organization\"},\"image\":{\"@id\":\"https:\/\/juacontecimentos.com.br\/site\/vereadores-de-campo-alegre-aprovam-requerimentos-e-oficio-direcionados-ao-poder-executivo-municipal\/#primaryimage\"},\"thumbnailUrl\":\"https:\/\/juacontecimentos.com.br\/site\/wp-content\/uploads\/2018\/06\/Campo-1.jpg\",\"articleSection\":[\"Brasil\",\"Catal\u00e3o\",\"Destaque\",\"Goi\u00e1s\"],\"inLanguage\":\"pt-BR\"},{\"@type\":\"WebPage\",\"@id\":\"https:\/\/juacontecimentos.com.br\/site\/vereadores-de-campo-alegre-aprovam-requerimentos-e-oficio-direcionados-ao-poder-executivo-municipal\/\",\"url\":\"https:\/\/juacontecimentos.com.br\/site\/vereadores-de-campo-alegre-aprovam-requerimentos-e-oficio-direcionados-ao-poder-executivo-municipal\/\",\"name\":\"Vereadores de Campo Alegre aprovam requerimentos e of\u00edcio direcionados ao Poder Executivo Municipal - Jornal Ultimos Acontecimentos\",\"isPartOf\":{\"@id\":\"https:\/\/juacontecimentos.com.br\/site\/#website\"},\"primaryImageOfPage\":{\"@id\":\"https:\/\/juacontecimentos.com.br\/site\/vereadores-de-campo-alegre-aprovam-requerimentos-e-oficio-direcionados-ao-poder-executivo-municipal\/#primaryimage\"},\"image\":{\"@id\":\"https:\/\/juacontecimentos.com.br\/site\/vereadores-de-campo-alegre-aprovam-requerimentos-e-oficio-direcionados-ao-poder-executivo-municipal\/#primaryimage\"},\"thumbnailUrl\":\"https:\/\/juacontecimentos.com.br\/site\/wp-content\/uploads\/2018\/06\/Campo-1.jpg\",\"datePublished\":\"2018-06-05T15:27:32+00:00\",\"breadcrumb\":{\"@id\":\"https:\/\/juacontecimentos.com.br\/site\/vereadores-de-campo-alegre-aprovam-requerimentos-e-oficio-direcionados-ao-poder-executivo-municipal\/#breadcrumb\"},\"inLanguage\":\"pt-BR\",\"potentialAction\":[{\"@type\":\"ReadAction\",\"target\":[\"https:\/\/juacontecimentos.com.br\/site\/vereadores-de-campo-alegre-aprovam-requerimentos-e-oficio-direcionados-ao-poder-executivo-municipal\/\"]}]},{\"@type\":\"ImageObject\",\"inLanguage\":\"pt-BR\",\"@id\":\"https:\/\/juacontecimentos.com.br\/site\/vereadores-de-campo-alegre-aprovam-requerimentos-e-oficio-direcionados-ao-poder-executivo-municipal\/#primaryimage\",\"url\":\"https:\/\/juacontecimentos.com.br\/site\/wp-content\/uploads\/2018\/06\/Campo-1.jpg\",\"contentUrl\":\"https:\/\/juacontecimentos.com.br\/site\/wp-content\/uploads\/2018\/06\/Campo-1.jpg\",\"width\":3305,\"height\":2159},{\"@type\":\"BreadcrumbList\",\"@id\":\"https:\/\/juacontecimentos.com.br\/site\/vereadores-de-campo-alegre-aprovam-requerimentos-e-oficio-direcionados-ao-poder-executivo-municipal\/#breadcrumb\",\"itemListElement\":[{\"@type\":\"ListItem\",\"position\":1,\"name\":\"In\u00edcio\",\"item\":\"https:\/\/juacontecimentos.com.br\/site\/\"},{\"@type\":\"ListItem\",\"position\":2,\"name\":\"Vereadores de Campo Alegre aprovam requerimentos e of\u00edcio direcionados ao Poder Executivo Municipal\"}]},{\"@type\":\"WebSite\",\"@id\":\"https:\/\/juacontecimentos.com.br\/site\/#website\",\"url\":\"https:\/\/juacontecimentos.com.br\/site\/\",\"name\":\"Jornal Ultimos Acontecimentos\",\"description\":\"Catal\u00e3o e regi\u00e3o\",\"publisher\":{\"@id\":\"https:\/\/juacontecimentos.com.br\/site\/#organization\"},\"potentialAction\":[{\"@type\":\"SearchAction\",\"target\":{\"@type\":\"EntryPoint\",\"urlTemplate\":\"https:\/\/juacontecimentos.com.br\/site\/?s={search_term_string}\"},\"query-input\":{\"@type\":\"PropertyValueSpecification\",\"valueRequired\":true,\"valueName\":\"search_term_string\"}}],\"inLanguage\":\"pt-BR\"},{\"@type\":\"Organization\",\"@id\":\"https:\/\/juacontecimentos.com.br\/site\/#organization\",\"name\":\"Jornal Ultimos Acontecimentos\",\"url\":\"https:\/\/juacontecimentos.com.br\/site\/\",\"logo\":{\"@type\":\"ImageObject\",\"inLanguage\":\"pt-BR\",\"@id\":\"https:\/\/juacontecimentos.com.br\/site\/#\/schema\/logo\/image\/\",\"url\":\"https:\/\/juacontecimentos.com.br\/site\/wp-content\/uploads\/2023\/04\/Logo_Site.png\",\"contentUrl\":\"https:\/\/juacontecimentos.com.br\/site\/wp-content\/uploads\/2023\/04\/Logo_Site.png\",\"width\":2476,\"height\":530,\"caption\":\"Jornal Ultimos Acontecimentos\"},\"image\":{\"@id\":\"https:\/\/juacontecimentos.com.br\/site\/#\/schema\/logo\/image\/\"},\"sameAs\":[\"https:\/\/www.facebook.com\/jultimosacontecimentos\/\"]},{\"@type\":\"Person\",\"@id\":\"https:\/\/juacontecimentos.com.br\/site\/#\/schema\/person\/082a54e6d3fdd7a633291428521c9669\",\"name\":\"Reginaldo Ribeiro\",\"image\":{\"@type\":\"ImageObject\",\"inLanguage\":\"pt-BR\",\"@id\":\"https:\/\/juacontecimentos.com.br\/site\/#\/schema\/person\/image\/\",\"url\":\"https:\/\/secure.gravatar.com\/avatar\/5c16c6837c3490270a74d888c2a845728f06bdde1f8761de1de1d1d1ef82d12f?s=96&d=mm&r=g\",\"contentUrl\":\"https:\/\/secure.gravatar.com\/avatar\/5c16c6837c3490270a74d888c2a845728f06bdde1f8761de1de1d1d1ef82d12f?s=96&d=mm&r=g\",\"caption\":\"Reginaldo Ribeiro\"}}]}<\/script>\n<!-- \/ Yoast SEO plugin. -->","yoast_head_json":{"title":"Vereadores de Campo Alegre aprovam requerimentos e of\u00edcio direcionados ao Poder Executivo Municipal - Jornal Ultimos Acontecimentos","robots":{"index":"index","follow":"follow","max-snippet":"max-snippet:-1","max-image-preview":"max-image-preview:large","max-video-preview":"max-video-preview:-1"},"canonical":"https:\/\/juacontecimentos.com.br\/site\/vereadores-de-campo-alegre-aprovam-requerimentos-e-oficio-direcionados-ao-poder-executivo-municipal\/","og_locale":"pt_BR","og_type":"article","og_title":"Vereadores de Campo Alegre aprovam requerimentos e of\u00edcio direcionados ao Poder Executivo Municipal - Jornal Ultimos Acontecimentos","og_description":"A mesa diretora da C\u00e2mara de Vereadores de Campo Alegre de Goi\u00e1s sobe a presid\u00eancia do vereador Mauricio da Silva Rodrigues J\u00fanior (PSD), aprovaram em plen\u00e1rio por unanimidade v\u00e1rios requerimentos e of\u00edcio de interesse da popula\u00e7\u00e3o. O parlamentar Reni R\u00fabio Braz Pires (PSDB), apresentou o requerimento n\u00ba 030\/2018, que solicita junto ao Poder Executivo Municipal,","og_url":"https:\/\/juacontecimentos.com.br\/site\/vereadores-de-campo-alegre-aprovam-requerimentos-e-oficio-direcionados-ao-poder-executivo-municipal\/","og_site_name":"Jornal Ultimos Acontecimentos","article_publisher":"https:\/\/www.facebook.com\/jultimosacontecimentos\/","article_published_time":"2018-06-05T15:27:32+00:00","og_image":[{"width":3305,"height":2159,"url":"https:\/\/juacontecimentos.com.br\/site\/wp-content\/uploads\/2018\/06\/Campo-1.jpg","type":"image\/jpeg"}],"author":"Reginaldo Ribeiro","twitter_card":"summary_large_image","twitter_misc":{"Escrito por":"Reginaldo Ribeiro","Est. tempo de leitura":"1 minuto"},"schema":{"@context":"https:\/\/schema.org","@graph":[{"@type":"Article","@id":"https:\/\/juacontecimentos.com.br\/site\/vereadores-de-campo-alegre-aprovam-requerimentos-e-oficio-direcionados-ao-poder-executivo-municipal\/#article","isPartOf":{"@id":"https:\/\/juacontecimentos.com.br\/site\/vereadores-de-campo-alegre-aprovam-requerimentos-e-oficio-direcionados-ao-poder-executivo-municipal\/"},"author":{"name":"Reginaldo Ribeiro","@id":"https:\/\/juacontecimentos.com.br\/site\/#\/schema\/person\/082a54e6d3fdd7a633291428521c9669"},"headline":"Vereadores de Campo Alegre aprovam requerimentos e of\u00edcio direcionados ao Poder Executivo Municipal","datePublished":"2018-06-05T15:27:32+00:00","mainEntityOfPage":{"@id":"https:\/\/juacontecimentos.com.br\/site\/vereadores-de-campo-alegre-aprovam-requerimentos-e-oficio-direcionados-ao-poder-executivo-municipal\/"},"wordCount":215,"commentCount":0,"publisher":{"@id":"https:\/\/juacontecimentos.com.br\/site\/#organization"},"image":{"@id":"https:\/\/juacontecimentos.com.br\/site\/vereadores-de-campo-alegre-aprovam-requerimentos-e-oficio-direcionados-ao-poder-executivo-municipal\/#primaryimage"},"thumbnailUrl":"https:\/\/juacontecimentos.com.br\/site\/wp-content\/uploads\/2018\/06\/Campo-1.jpg","articleSection":["Brasil","Catal\u00e3o","Destaque","Goi\u00e1s"],"inLanguage":"pt-BR"},{"@type":"WebPage","@id":"https:\/\/juacontecimentos.com.br\/site\/vereadores-de-campo-alegre-aprovam-requerimentos-e-oficio-direcionados-ao-poder-executivo-municipal\/","url":"https:\/\/juacontecimentos.com.br\/site\/vereadores-de-campo-alegre-aprovam-requerimentos-e-oficio-direcionados-ao-poder-executivo-municipal\/","name":"Vereadores de Campo Alegre aprovam requerimentos e of\u00edcio direcionados ao Poder Executivo Municipal - Jornal Ultimos Acontecimentos","isPartOf":{"@id":"https:\/\/juacontecimentos.com.br\/site\/#website"},"primaryImageOfPage":{"@id":"https:\/\/juacontecimentos.com.br\/site\/vereadores-de-campo-alegre-aprovam-requerimentos-e-oficio-direcionados-ao-poder-executivo-municipal\/#primaryimage"},"image":{"@id":"https:\/\/juacontecimentos.com.br\/site\/vereadores-de-campo-alegre-aprovam-requerimentos-e-oficio-direcionados-ao-poder-executivo-municipal\/#primaryimage"},"thumbnailUrl":"https:\/\/juacontecimentos.com.br\/site\/wp-content\/uploads\/2018\/06\/Campo-1.jpg","datePublished":"2018-06-05T15:27:32+00:00","breadcrumb":{"@id":"https:\/\/juacontecimentos.com.br\/site\/vereadores-de-campo-alegre-aprovam-requerimentos-e-oficio-direcionados-ao-poder-executivo-municipal\/#breadcrumb"},"inLanguage":"pt-BR","potentialAction":[{"@type":"ReadAction","target":["https:\/\/juacontecimentos.com.br\/site\/vereadores-de-campo-alegre-aprovam-requerimentos-e-oficio-direcionados-ao-poder-executivo-municipal\/"]}]},{"@type":"ImageObject","inLanguage":"pt-BR","@id":"https:\/\/juacontecimentos.com.br\/site\/vereadores-de-campo-alegre-aprovam-requerimentos-e-oficio-direcionados-ao-poder-executivo-municipal\/#primaryimage","url":"https:\/\/juacontecimentos.com.br\/site\/wp-content\/uploads\/2018\/06\/Campo-1.jpg","contentUrl":"https:\/\/juacontecimentos.com.br\/site\/wp-content\/uploads\/2018\/06\/Campo-1.jpg","width":3305,"height":2159},{"@type":"BreadcrumbList","@id":"https:\/\/juacontecimentos.com.br\/site\/vereadores-de-campo-alegre-aprovam-requerimentos-e-oficio-direcionados-ao-poder-executivo-municipal\/#breadcrumb","itemListElement":[{"@type":"ListItem","position":1,"name":"In\u00edcio","item":"https:\/\/juacontecimentos.com.br\/site\/"},{"@type":"ListItem","position":2,"name":"Vereadores de Campo Alegre aprovam requerimentos e of\u00edcio direcionados ao Poder Executivo Municipal"}]},{"@type":"WebSite","@id":"https:\/\/juacontecimentos.com.br\/site\/#website","url":"https:\/\/juacontecimentos.com.br\/site\/","name":"Jornal Ultimos Acontecimentos","description":"Catal\u00e3o e regi\u00e3o","publisher":{"@id":"https:\/\/juacontecimentos.com.br\/site\/#organization"},"potentialAction":[{"@type":"SearchAction","target":{"@type":"EntryPoint","urlTemplate":"https:\/\/juacontecimentos.com.br\/site\/?s={search_term_string}"},"query-input":{"@type":"PropertyValueSpecification","valueRequired":true,"valueName":"search_term_string"}}],"inLanguage":"pt-BR"},{"@type":"Organization","@id":"https:\/\/juacontecimentos.com.br\/site\/#organization","name":"Jornal Ultimos Acontecimentos","url":"https:\/\/juacontecimentos.com.br\/site\/","logo":{"@type":"ImageObject","inLanguage":"pt-BR","@id":"https:\/\/juacontecimentos.com.br\/site\/#\/schema\/logo\/image\/","url":"https:\/\/juacontecimentos.com.br\/site\/wp-content\/uploads\/2023\/04\/Logo_Site.png","contentUrl":"https:\/\/juacontecimentos.com.br\/site\/wp-content\/uploads\/2023\/04\/Logo_Site.png","width":2476,"height":530,"caption":"Jornal Ultimos Acontecimentos"},"image":{"@id":"https:\/\/juacontecimentos.com.br\/site\/#\/schema\/logo\/image\/"},"sameAs":["https:\/\/www.facebook.com\/jultimosacontecimentos\/"]},{"@type":"Person","@id":"https:\/\/juacontecimentos.com.br\/site\/#\/schema\/person\/082a54e6d3fdd7a633291428521c9669","name":"Reginaldo Ribeiro","image":{"@type":"ImageObject","inLanguage":"pt-BR","@id":"https:\/\/juacontecimentos.com.br\/site\/#\/schema\/person\/image\/","url":"https:\/\/secure.gravatar.com\/avatar\/5c16c6837c3490270a74d888c2a845728f06bdde1f8761de1de1d1d1ef82d12f?s=96&d=mm&r=g","contentUrl":"https:\/\/secure.gravatar.com\/avatar\/5c16c6837c3490270a74d888c2a845728f06bdde1f8761de1de1d1d1ef82d12f?s=96&d=mm&r=g","caption":"Reginaldo Ribeiro"}}]}},"_links":{"self":[{"href":"https:\/\/juacontecimentos.com.br\/site\/wp-json\/wp\/v2\/posts\/4404","targetHints":{"allow":["GET"]}}],"collection":[{"href":"https:\/\/juacontecimentos.com.br\/site\/wp-json\/wp\/v2\/posts"}],"about":[{"href":"https:\/\/juacontecimentos.com.br\/site\/wp-json\/wp\/v2\/types\/post"}],"author":[{"embeddable":true,"href":"https:\/\/juacontecimentos.com.br\/site\/wp-json\/wp\/v2\/users\/2"}],"replies":[{"embeddable":true,"href":"https:\/\/juacontecimentos.com.br\/site\/wp-json\/wp\/v2\/comments?post=4404"}],"version-history":[{"count":1,"href":"https:\/\/juacontecimentos.com.br\/site\/wp-json\/wp\/v2\/posts\/4404\/revisions"}],"predecessor-version":[{"id":4411,"href":"https:\/\/juacontecimentos.com.br\/site\/wp-json\/wp\/v2\/posts\/4404\/revisions\/4411"}],"wp:featuredmedia":[{"embeddable":true,"href":"https:\/\/juacontecimentos.com.br\/site\/wp-json\/wp\/v2\/media\/4406"}],"wp:attachment":[{"href":"https:\/\/juacontecimentos.com.br\/site\/wp-json\/wp\/v2\/media?parent=4404"}],"wp:term":[{"taxonomy":"category","embeddable":true,"href":"https:\/\/juacontecimentos.com.br\/site\/wp-json\/wp\/v2\/categories?post=4404"},{"taxonomy":"post_tag","embeddable":true,"href":"https:\/\/juacontecimentos.com.br\/site\/wp-json\/wp\/v2\/tags?post=4404"}],"curies":[{"name":"wp","href":"https:\/\/api.w.org\/{rel}","templated":true}]}}