{"id":45142,"date":"2025-08-08T23:52:58","date_gmt":"2025-08-09T02:52:58","guid":{"rendered":"https:\/\/juacontecimentos.com.br\/site\/?p=45142"},"modified":"2025-08-08T23:52:58","modified_gmt":"2025-08-09T02:52:58","slug":"vacinacao-antirrabica-chega-a-zona-rural-de-campo-alegre-e-mobiliza-equipes-da-saude","status":"publish","type":"post","link":"https:\/\/juacontecimentos.com.br\/site\/vacinacao-antirrabica-chega-a-zona-rural-de-campo-alegre-e-mobiliza-equipes-da-saude\/","title":{"rendered":"Vacina\u00e7\u00e3o antirr\u00e1bica chega \u00e0 zona rural de Campo Alegre e mobiliza equipes da sa\u00fade"},"content":{"rendered":"<p><img loading=\"lazy\" decoding=\"async\" class=\"alignnone size-full wp-image-45143\" src=\"https:\/\/juacontecimentos.com.br\/site\/wp-content\/uploads\/2025\/08\/kkkkkkkkkkkkkkkk-scaled.jpg\" alt=\"\" width=\"2560\" height=\"1505\" srcset=\"https:\/\/juacontecimentos.com.br\/site\/wp-content\/uploads\/2025\/08\/kkkkkkkkkkkkkkkk-scaled.jpg 2560w, https:\/\/juacontecimentos.com.br\/site\/wp-content\/uploads\/2025\/08\/kkkkkkkkkkkkkkkk-300x176.jpg 300w, https:\/\/juacontecimentos.com.br\/site\/wp-content\/uploads\/2025\/08\/kkkkkkkkkkkkkkkk-1024x602.jpg 1024w, https:\/\/juacontecimentos.com.br\/site\/wp-content\/uploads\/2025\/08\/kkkkkkkkkkkkkkkk-768x452.jpg 768w, https:\/\/juacontecimentos.com.br\/site\/wp-content\/uploads\/2025\/08\/kkkkkkkkkkkkkkkk-1536x903.jpg 1536w, https:\/\/juacontecimentos.com.br\/site\/wp-content\/uploads\/2025\/08\/kkkkkkkkkkkkkkkk-2048x1204.jpg 2048w\" sizes=\"auto, (max-width: 2560px) 100vw, 2560px\" \/> <img loading=\"lazy\" decoding=\"async\" class=\"alignnone size-full wp-image-45144\" src=\"https:\/\/juacontecimentos.com.br\/site\/wp-content\/uploads\/2025\/08\/nnnnnnnnnnnn-scaled.jpg\" alt=\"\" width=\"2560\" height=\"1505\" srcset=\"https:\/\/juacontecimentos.com.br\/site\/wp-content\/uploads\/2025\/08\/nnnnnnnnnnnn-scaled.jpg 2560w, https:\/\/juacontecimentos.com.br\/site\/wp-content\/uploads\/2025\/08\/nnnnnnnnnnnn-300x176.jpg 300w, https:\/\/juacontecimentos.com.br\/site\/wp-content\/uploads\/2025\/08\/nnnnnnnnnnnn-1024x602.jpg 1024w, https:\/\/juacontecimentos.com.br\/site\/wp-content\/uploads\/2025\/08\/nnnnnnnnnnnn-768x452.jpg 768w, https:\/\/juacontecimentos.com.br\/site\/wp-content\/uploads\/2025\/08\/nnnnnnnnnnnn-1536x903.jpg 1536w, https:\/\/juacontecimentos.com.br\/site\/wp-content\/uploads\/2025\/08\/nnnnnnnnnnnn-2048x1204.jpg 2048w\" sizes=\"auto, (max-width: 2560px) 100vw, 2560px\" \/><\/p>\n<p>A Secretaria Municipal de Sa\u00fade, com o apoio da prefeitura municipal de Campo Alegre, iniciou no dia 18 de julho a campanha de vacina\u00e7\u00e3o antirr\u00e1bica na zona rural do munic\u00edpio. A a\u00e7\u00e3o, realizada pela equipe de combate a endemias em parceria com os agentes comunit\u00e1rios de sa\u00fade (ACS), est\u00e1 percorrendo as resid\u00eancias rurais para aplicar a vacina diretamente nos animais em loco.<\/p>\n<p>A iniciativa tem por objetivo ampliar a cobertura vacinal e reduzir o risco de transmiss\u00e3o da raiva, uma doen\u00e7a grave que afeta c\u00e3es, gatos e pode representar risco para a sa\u00fade humana. Segundo a Secretaria de Sa\u00fade, a vacina\u00e7\u00e3o porta a porta facilita o acesso de tutores que moram em \u00e1reas afastadas e evita deslocamentos longos at\u00e9 os postos de vacina\u00e7\u00e3o.<\/p>\n<p>\u201cVacinar \u00e9 a principal ferramenta de prote\u00e7\u00e3o contra a raiva em animais e, consequentemente, na preven\u00e7\u00e3o de casos na popula\u00e7\u00e3o\u201d, afirmou a secret\u00e1ria de sa\u00fade &#8211; Meire L\u00facia. \u201cAo levar a vacina at\u00e9 as casas, ganhamos tempo e alcan\u00e7amos tutores que muitas vezes ficam \u00e0 dist\u00e2ncia dos postos. A ades\u00e3o tem sido boa e as equipes t\u00eam conseguido atender grande parte da zona rural\u201d, completou.<\/p>\n<p>As a\u00e7\u00f5es est\u00e3o sendo executadas por equipes de endemias, com a atua\u00e7\u00e3o direta dos ACS, que acompanham as fam\u00edlias, coletam informa\u00e7\u00f5es sobre os animais e orientam sobre os cuidados necess\u00e1rios. A log\u00edstica envolve apoio da prefeitura para deslocamento entre propriedades rurais, distribui\u00e7\u00e3o de materiais informativos e registro das vacinas aplicadas.<\/p>\n<p>Embora o foco inicial seja a zona rural, a campanha tamb\u00e9m prev\u00ea um Dia D da vacina do seu pet nos postos da cidade, para atender tutores que n\u00e3o conseguiram ser vacinados durante o atendimento nas resid\u00eancias. A prefeitura ainda n\u00e3o definiu a data exata do Dia D, mas informou que ele ocorrer\u00e1 em breve e mobilizar\u00e1 os postos municipais para atender c\u00e3es e gatos de toda a cidade.<\/p>\n<p>A comunidade rural tem reagido de maneira positiva \u00e0 iniciativa, segundo relatos da Secretaria de Sa\u00fade, que destaca a import\u00e2ncia da participa\u00e7\u00e3o dos moradores para ampliar a prote\u00e7\u00e3o de pets e da popula\u00e7\u00e3o. Moradores que encontrarem as equipes durante o roteiro de vacina\u00e7\u00e3o devem seguir as orienta\u00e7\u00f5es dos profissionais e manter os animais da maneira adequada para o atendimento.<\/p>\n<p>A campanha segue nos pr\u00f3ximos dias, com novas visitas programadas \u00e0s propriedades da zona rural. A Secretaria de Sa\u00fade refor\u00e7a a import\u00e2ncia de manter a vacina\u00e7\u00e3o em dia e de acompanhar as informa\u00e7\u00f5es oficiais sobre datas, hor\u00e1rios e locais do Dia D nos canais oficiais da prefeitura.<\/p>\n<p>Para mais informa\u00e7\u00f5es, os tutores podem ficar atentos aos comunicados oficiais da Secretaria de Sa\u00fade e da prefeitura de Campo Alegre, ou entrar em contato pelos canais de atendimento municipais.<\/p>\n","protected":false},"excerpt":{"rendered":"<p>A Secretaria Municipal de Sa\u00fade, com o apoio da prefeitura municipal de Campo Alegre, iniciou no dia 18 de julho a campanha de vacina\u00e7\u00e3o antirr\u00e1bica na zona rural do munic\u00edpio. A a\u00e7\u00e3o, realizada pela equipe de combate a endemias em parceria com os agentes comunit\u00e1rios de sa\u00fade (ACS), est\u00e1 percorrendo as resid\u00eancias rurais para aplicar<\/p>\n","protected":false},"author":2,"featured_media":45144,"comment_status":"closed","ping_status":"closed","sticky":false,"template":"","format":"standard","meta":{"footnotes":""},"categories":[27,22,26,23],"tags":[],"class_list":["post-45142","post","type-post","status-publish","format-standard","has-post-thumbnail","hentry","category-brasil","category-catalao","category-destaque","category-goias"],"yoast_head":"<!-- This site is optimized with the Yoast SEO plugin v25.8 - https:\/\/yoast.com\/wordpress\/plugins\/seo\/ -->\n<title>Vacina\u00e7\u00e3o antirr\u00e1bica chega \u00e0 zona rural de Campo Alegre e mobiliza equipes da sa\u00fade - Jornal Ultimos Acontecimentos<\/title>\n<meta name=\"robots\" content=\"index, follow, max-snippet:-1, max-image-preview:large, max-video-preview:-1\" \/>\n<link rel=\"canonical\" href=\"https:\/\/juacontecimentos.com.br\/site\/vacinacao-antirrabica-chega-a-zona-rural-de-campo-alegre-e-mobiliza-equipes-da-saude\/\" \/>\n<meta property=\"og:locale\" content=\"pt_BR\" \/>\n<meta property=\"og:type\" content=\"article\" \/>\n<meta property=\"og:title\" content=\"Vacina\u00e7\u00e3o antirr\u00e1bica chega \u00e0 zona rural de Campo Alegre e mobiliza equipes da sa\u00fade - Jornal Ultimos Acontecimentos\" \/>\n<meta property=\"og:description\" content=\"A Secretaria Municipal de Sa\u00fade, com o apoio da prefeitura municipal de Campo Alegre, iniciou no dia 18 de julho a campanha de vacina\u00e7\u00e3o antirr\u00e1bica na zona rural do munic\u00edpio. A a\u00e7\u00e3o, realizada pela equipe de combate a endemias em parceria com os agentes comunit\u00e1rios de sa\u00fade (ACS), est\u00e1 percorrendo as resid\u00eancias rurais para aplicar\" \/>\n<meta property=\"og:url\" content=\"https:\/\/juacontecimentos.com.br\/site\/vacinacao-antirrabica-chega-a-zona-rural-de-campo-alegre-e-mobiliza-equipes-da-saude\/\" \/>\n<meta property=\"og:site_name\" content=\"Jornal Ultimos Acontecimentos\" \/>\n<meta property=\"article:publisher\" content=\"https:\/\/www.facebook.com\/jultimosacontecimentos\/\" \/>\n<meta property=\"article:published_time\" content=\"2025-08-09T02:52:58+00:00\" \/>\n<meta property=\"og:image\" content=\"https:\/\/juacontecimentos.com.br\/site\/wp-content\/uploads\/2025\/08\/nnnnnnnnnnnn-scaled.jpg\" \/>\n\t<meta property=\"og:image:width\" content=\"2560\" \/>\n\t<meta property=\"og:image:height\" content=\"1505\" \/>\n\t<meta property=\"og:image:type\" content=\"image\/jpeg\" \/>\n<meta name=\"author\" content=\"Reginaldo Ribeiro\" \/>\n<meta name=\"twitter:card\" content=\"summary_large_image\" \/>\n<meta name=\"twitter:label1\" content=\"Escrito por\" \/>\n\t<meta name=\"twitter:data1\" content=\"Reginaldo Ribeiro\" \/>\n\t<meta name=\"twitter:label2\" content=\"Est. tempo de leitura\" \/>\n\t<meta name=\"twitter:data2\" content=\"3 minutos\" \/>\n<script type=\"application\/ld+json\" class=\"yoast-schema-graph\">{\"@context\":\"https:\/\/schema.org\",\"@graph\":[{\"@type\":\"Article\",\"@id\":\"https:\/\/juacontecimentos.com.br\/site\/vacinacao-antirrabica-chega-a-zona-rural-de-campo-alegre-e-mobiliza-equipes-da-saude\/#article\",\"isPartOf\":{\"@id\":\"https:\/\/juacontecimentos.com.br\/site\/vacinacao-antirrabica-chega-a-zona-rural-de-campo-alegre-e-mobiliza-equipes-da-saude\/\"},\"author\":{\"name\":\"Reginaldo Ribeiro\",\"@id\":\"https:\/\/juacontecimentos.com.br\/site\/#\/schema\/person\/082a54e6d3fdd7a633291428521c9669\"},\"headline\":\"Vacina\u00e7\u00e3o antirr\u00e1bica chega \u00e0 zona rural de Campo Alegre e mobiliza equipes da sa\u00fade\",\"datePublished\":\"2025-08-09T02:52:58+00:00\",\"mainEntityOfPage\":{\"@id\":\"https:\/\/juacontecimentos.com.br\/site\/vacinacao-antirrabica-chega-a-zona-rural-de-campo-alegre-e-mobiliza-equipes-da-saude\/\"},\"wordCount\":509,\"publisher\":{\"@id\":\"https:\/\/juacontecimentos.com.br\/site\/#organization\"},\"image\":{\"@id\":\"https:\/\/juacontecimentos.com.br\/site\/vacinacao-antirrabica-chega-a-zona-rural-de-campo-alegre-e-mobiliza-equipes-da-saude\/#primaryimage\"},\"thumbnailUrl\":\"https:\/\/juacontecimentos.com.br\/site\/wp-content\/uploads\/2025\/08\/nnnnnnnnnnnn-scaled.jpg\",\"articleSection\":[\"Brasil\",\"Catal\u00e3o\",\"Destaque\",\"Goi\u00e1s\"],\"inLanguage\":\"pt-BR\"},{\"@type\":\"WebPage\",\"@id\":\"https:\/\/juacontecimentos.com.br\/site\/vacinacao-antirrabica-chega-a-zona-rural-de-campo-alegre-e-mobiliza-equipes-da-saude\/\",\"url\":\"https:\/\/juacontecimentos.com.br\/site\/vacinacao-antirrabica-chega-a-zona-rural-de-campo-alegre-e-mobiliza-equipes-da-saude\/\",\"name\":\"Vacina\u00e7\u00e3o antirr\u00e1bica chega \u00e0 zona rural de Campo Alegre e mobiliza equipes da sa\u00fade - Jornal Ultimos Acontecimentos\",\"isPartOf\":{\"@id\":\"https:\/\/juacontecimentos.com.br\/site\/#website\"},\"primaryImageOfPage\":{\"@id\":\"https:\/\/juacontecimentos.com.br\/site\/vacinacao-antirrabica-chega-a-zona-rural-de-campo-alegre-e-mobiliza-equipes-da-saude\/#primaryimage\"},\"image\":{\"@id\":\"https:\/\/juacontecimentos.com.br\/site\/vacinacao-antirrabica-chega-a-zona-rural-de-campo-alegre-e-mobiliza-equipes-da-saude\/#primaryimage\"},\"thumbnailUrl\":\"https:\/\/juacontecimentos.com.br\/site\/wp-content\/uploads\/2025\/08\/nnnnnnnnnnnn-scaled.jpg\",\"datePublished\":\"2025-08-09T02:52:58+00:00\",\"breadcrumb\":{\"@id\":\"https:\/\/juacontecimentos.com.br\/site\/vacinacao-antirrabica-chega-a-zona-rural-de-campo-alegre-e-mobiliza-equipes-da-saude\/#breadcrumb\"},\"inLanguage\":\"pt-BR\",\"potentialAction\":[{\"@type\":\"ReadAction\",\"target\":[\"https:\/\/juacontecimentos.com.br\/site\/vacinacao-antirrabica-chega-a-zona-rural-de-campo-alegre-e-mobiliza-equipes-da-saude\/\"]}]},{\"@type\":\"ImageObject\",\"inLanguage\":\"pt-BR\",\"@id\":\"https:\/\/juacontecimentos.com.br\/site\/vacinacao-antirrabica-chega-a-zona-rural-de-campo-alegre-e-mobiliza-equipes-da-saude\/#primaryimage\",\"url\":\"https:\/\/juacontecimentos.com.br\/site\/wp-content\/uploads\/2025\/08\/nnnnnnnnnnnn-scaled.jpg\",\"contentUrl\":\"https:\/\/juacontecimentos.com.br\/site\/wp-content\/uploads\/2025\/08\/nnnnnnnnnnnn-scaled.jpg\",\"width\":2560,\"height\":1505},{\"@type\":\"BreadcrumbList\",\"@id\":\"https:\/\/juacontecimentos.com.br\/site\/vacinacao-antirrabica-chega-a-zona-rural-de-campo-alegre-e-mobiliza-equipes-da-saude\/#breadcrumb\",\"itemListElement\":[{\"@type\":\"ListItem\",\"position\":1,\"name\":\"In\u00edcio\",\"item\":\"https:\/\/juacontecimentos.com.br\/site\/\"},{\"@type\":\"ListItem\",\"position\":2,\"name\":\"Vacina\u00e7\u00e3o antirr\u00e1bica chega \u00e0 zona rural de Campo Alegre e mobiliza equipes da sa\u00fade\"}]},{\"@type\":\"WebSite\",\"@id\":\"https:\/\/juacontecimentos.com.br\/site\/#website\",\"url\":\"https:\/\/juacontecimentos.com.br\/site\/\",\"name\":\"Jornal Ultimos Acontecimentos\",\"description\":\"Catal\u00e3o e regi\u00e3o\",\"publisher\":{\"@id\":\"https:\/\/juacontecimentos.com.br\/site\/#organization\"},\"potentialAction\":[{\"@type\":\"SearchAction\",\"target\":{\"@type\":\"EntryPoint\",\"urlTemplate\":\"https:\/\/juacontecimentos.com.br\/site\/?s={search_term_string}\"},\"query-input\":{\"@type\":\"PropertyValueSpecification\",\"valueRequired\":true,\"valueName\":\"search_term_string\"}}],\"inLanguage\":\"pt-BR\"},{\"@type\":\"Organization\",\"@id\":\"https:\/\/juacontecimentos.com.br\/site\/#organization\",\"name\":\"Jornal Ultimos Acontecimentos\",\"url\":\"https:\/\/juacontecimentos.com.br\/site\/\",\"logo\":{\"@type\":\"ImageObject\",\"inLanguage\":\"pt-BR\",\"@id\":\"https:\/\/juacontecimentos.com.br\/site\/#\/schema\/logo\/image\/\",\"url\":\"https:\/\/juacontecimentos.com.br\/site\/wp-content\/uploads\/2023\/04\/Logo_Site.png\",\"contentUrl\":\"https:\/\/juacontecimentos.com.br\/site\/wp-content\/uploads\/2023\/04\/Logo_Site.png\",\"width\":2476,\"height\":530,\"caption\":\"Jornal Ultimos Acontecimentos\"},\"image\":{\"@id\":\"https:\/\/juacontecimentos.com.br\/site\/#\/schema\/logo\/image\/\"},\"sameAs\":[\"https:\/\/www.facebook.com\/jultimosacontecimentos\/\"]},{\"@type\":\"Person\",\"@id\":\"https:\/\/juacontecimentos.com.br\/site\/#\/schema\/person\/082a54e6d3fdd7a633291428521c9669\",\"name\":\"Reginaldo Ribeiro\",\"image\":{\"@type\":\"ImageObject\",\"inLanguage\":\"pt-BR\",\"@id\":\"https:\/\/juacontecimentos.com.br\/site\/#\/schema\/person\/image\/\",\"url\":\"https:\/\/secure.gravatar.com\/avatar\/5c16c6837c3490270a74d888c2a845728f06bdde1f8761de1de1d1d1ef82d12f?s=96&d=mm&r=g\",\"contentUrl\":\"https:\/\/secure.gravatar.com\/avatar\/5c16c6837c3490270a74d888c2a845728f06bdde1f8761de1de1d1d1ef82d12f?s=96&d=mm&r=g\",\"caption\":\"Reginaldo Ribeiro\"}}]}<\/script>\n<!-- \/ Yoast SEO plugin. -->","yoast_head_json":{"title":"Vacina\u00e7\u00e3o antirr\u00e1bica chega \u00e0 zona rural de Campo Alegre e mobiliza equipes da sa\u00fade - Jornal Ultimos Acontecimentos","robots":{"index":"index","follow":"follow","max-snippet":"max-snippet:-1","max-image-preview":"max-image-preview:large","max-video-preview":"max-video-preview:-1"},"canonical":"https:\/\/juacontecimentos.com.br\/site\/vacinacao-antirrabica-chega-a-zona-rural-de-campo-alegre-e-mobiliza-equipes-da-saude\/","og_locale":"pt_BR","og_type":"article","og_title":"Vacina\u00e7\u00e3o antirr\u00e1bica chega \u00e0 zona rural de Campo Alegre e mobiliza equipes da sa\u00fade - Jornal Ultimos Acontecimentos","og_description":"A Secretaria Municipal de Sa\u00fade, com o apoio da prefeitura municipal de Campo Alegre, iniciou no dia 18 de julho a campanha de vacina\u00e7\u00e3o antirr\u00e1bica na zona rural do munic\u00edpio. A a\u00e7\u00e3o, realizada pela equipe de combate a endemias em parceria com os agentes comunit\u00e1rios de sa\u00fade (ACS), est\u00e1 percorrendo as resid\u00eancias rurais para aplicar","og_url":"https:\/\/juacontecimentos.com.br\/site\/vacinacao-antirrabica-chega-a-zona-rural-de-campo-alegre-e-mobiliza-equipes-da-saude\/","og_site_name":"Jornal Ultimos Acontecimentos","article_publisher":"https:\/\/www.facebook.com\/jultimosacontecimentos\/","article_published_time":"2025-08-09T02:52:58+00:00","og_image":[{"width":2560,"height":1505,"url":"https:\/\/juacontecimentos.com.br\/site\/wp-content\/uploads\/2025\/08\/nnnnnnnnnnnn-scaled.jpg","type":"image\/jpeg"}],"author":"Reginaldo Ribeiro","twitter_card":"summary_large_image","twitter_misc":{"Escrito por":"Reginaldo Ribeiro","Est. tempo de leitura":"3 minutos"},"schema":{"@context":"https:\/\/schema.org","@graph":[{"@type":"Article","@id":"https:\/\/juacontecimentos.com.br\/site\/vacinacao-antirrabica-chega-a-zona-rural-de-campo-alegre-e-mobiliza-equipes-da-saude\/#article","isPartOf":{"@id":"https:\/\/juacontecimentos.com.br\/site\/vacinacao-antirrabica-chega-a-zona-rural-de-campo-alegre-e-mobiliza-equipes-da-saude\/"},"author":{"name":"Reginaldo Ribeiro","@id":"https:\/\/juacontecimentos.com.br\/site\/#\/schema\/person\/082a54e6d3fdd7a633291428521c9669"},"headline":"Vacina\u00e7\u00e3o antirr\u00e1bica chega \u00e0 zona rural de Campo Alegre e mobiliza equipes da sa\u00fade","datePublished":"2025-08-09T02:52:58+00:00","mainEntityOfPage":{"@id":"https:\/\/juacontecimentos.com.br\/site\/vacinacao-antirrabica-chega-a-zona-rural-de-campo-alegre-e-mobiliza-equipes-da-saude\/"},"wordCount":509,"publisher":{"@id":"https:\/\/juacontecimentos.com.br\/site\/#organization"},"image":{"@id":"https:\/\/juacontecimentos.com.br\/site\/vacinacao-antirrabica-chega-a-zona-rural-de-campo-alegre-e-mobiliza-equipes-da-saude\/#primaryimage"},"thumbnailUrl":"https:\/\/juacontecimentos.com.br\/site\/wp-content\/uploads\/2025\/08\/nnnnnnnnnnnn-scaled.jpg","articleSection":["Brasil","Catal\u00e3o","Destaque","Goi\u00e1s"],"inLanguage":"pt-BR"},{"@type":"WebPage","@id":"https:\/\/juacontecimentos.com.br\/site\/vacinacao-antirrabica-chega-a-zona-rural-de-campo-alegre-e-mobiliza-equipes-da-saude\/","url":"https:\/\/juacontecimentos.com.br\/site\/vacinacao-antirrabica-chega-a-zona-rural-de-campo-alegre-e-mobiliza-equipes-da-saude\/","name":"Vacina\u00e7\u00e3o antirr\u00e1bica chega \u00e0 zona rural de Campo Alegre e mobiliza equipes da sa\u00fade - Jornal Ultimos Acontecimentos","isPartOf":{"@id":"https:\/\/juacontecimentos.com.br\/site\/#website"},"primaryImageOfPage":{"@id":"https:\/\/juacontecimentos.com.br\/site\/vacinacao-antirrabica-chega-a-zona-rural-de-campo-alegre-e-mobiliza-equipes-da-saude\/#primaryimage"},"image":{"@id":"https:\/\/juacontecimentos.com.br\/site\/vacinacao-antirrabica-chega-a-zona-rural-de-campo-alegre-e-mobiliza-equipes-da-saude\/#primaryimage"},"thumbnailUrl":"https:\/\/juacontecimentos.com.br\/site\/wp-content\/uploads\/2025\/08\/nnnnnnnnnnnn-scaled.jpg","datePublished":"2025-08-09T02:52:58+00:00","breadcrumb":{"@id":"https:\/\/juacontecimentos.com.br\/site\/vacinacao-antirrabica-chega-a-zona-rural-de-campo-alegre-e-mobiliza-equipes-da-saude\/#breadcrumb"},"inLanguage":"pt-BR","potentialAction":[{"@type":"ReadAction","target":["https:\/\/juacontecimentos.com.br\/site\/vacinacao-antirrabica-chega-a-zona-rural-de-campo-alegre-e-mobiliza-equipes-da-saude\/"]}]},{"@type":"ImageObject","inLanguage":"pt-BR","@id":"https:\/\/juacontecimentos.com.br\/site\/vacinacao-antirrabica-chega-a-zona-rural-de-campo-alegre-e-mobiliza-equipes-da-saude\/#primaryimage","url":"https:\/\/juacontecimentos.com.br\/site\/wp-content\/uploads\/2025\/08\/nnnnnnnnnnnn-scaled.jpg","contentUrl":"https:\/\/juacontecimentos.com.br\/site\/wp-content\/uploads\/2025\/08\/nnnnnnnnnnnn-scaled.jpg","width":2560,"height":1505},{"@type":"BreadcrumbList","@id":"https:\/\/juacontecimentos.com.br\/site\/vacinacao-antirrabica-chega-a-zona-rural-de-campo-alegre-e-mobiliza-equipes-da-saude\/#breadcrumb","itemListElement":[{"@type":"ListItem","position":1,"name":"In\u00edcio","item":"https:\/\/juacontecimentos.com.br\/site\/"},{"@type":"ListItem","position":2,"name":"Vacina\u00e7\u00e3o antirr\u00e1bica chega \u00e0 zona rural de Campo Alegre e mobiliza equipes da sa\u00fade"}]},{"@type":"WebSite","@id":"https:\/\/juacontecimentos.com.br\/site\/#website","url":"https:\/\/juacontecimentos.com.br\/site\/","name":"Jornal Ultimos Acontecimentos","description":"Catal\u00e3o e regi\u00e3o","publisher":{"@id":"https:\/\/juacontecimentos.com.br\/site\/#organization"},"potentialAction":[{"@type":"SearchAction","target":{"@type":"EntryPoint","urlTemplate":"https:\/\/juacontecimentos.com.br\/site\/?s={search_term_string}"},"query-input":{"@type":"PropertyValueSpecification","valueRequired":true,"valueName":"search_term_string"}}],"inLanguage":"pt-BR"},{"@type":"Organization","@id":"https:\/\/juacontecimentos.com.br\/site\/#organization","name":"Jornal Ultimos Acontecimentos","url":"https:\/\/juacontecimentos.com.br\/site\/","logo":{"@type":"ImageObject","inLanguage":"pt-BR","@id":"https:\/\/juacontecimentos.com.br\/site\/#\/schema\/logo\/image\/","url":"https:\/\/juacontecimentos.com.br\/site\/wp-content\/uploads\/2023\/04\/Logo_Site.png","contentUrl":"https:\/\/juacontecimentos.com.br\/site\/wp-content\/uploads\/2023\/04\/Logo_Site.png","width":2476,"height":530,"caption":"Jornal Ultimos Acontecimentos"},"image":{"@id":"https:\/\/juacontecimentos.com.br\/site\/#\/schema\/logo\/image\/"},"sameAs":["https:\/\/www.facebook.com\/jultimosacontecimentos\/"]},{"@type":"Person","@id":"https:\/\/juacontecimentos.com.br\/site\/#\/schema\/person\/082a54e6d3fdd7a633291428521c9669","name":"Reginaldo Ribeiro","image":{"@type":"ImageObject","inLanguage":"pt-BR","@id":"https:\/\/juacontecimentos.com.br\/site\/#\/schema\/person\/image\/","url":"https:\/\/secure.gravatar.com\/avatar\/5c16c6837c3490270a74d888c2a845728f06bdde1f8761de1de1d1d1ef82d12f?s=96&d=mm&r=g","contentUrl":"https:\/\/secure.gravatar.com\/avatar\/5c16c6837c3490270a74d888c2a845728f06bdde1f8761de1de1d1d1ef82d12f?s=96&d=mm&r=g","caption":"Reginaldo Ribeiro"}}]}},"_links":{"self":[{"href":"https:\/\/juacontecimentos.com.br\/site\/wp-json\/wp\/v2\/posts\/45142","targetHints":{"allow":["GET"]}}],"collection":[{"href":"https:\/\/juacontecimentos.com.br\/site\/wp-json\/wp\/v2\/posts"}],"about":[{"href":"https:\/\/juacontecimentos.com.br\/site\/wp-json\/wp\/v2\/types\/post"}],"author":[{"embeddable":true,"href":"https:\/\/juacontecimentos.com.br\/site\/wp-json\/wp\/v2\/users\/2"}],"replies":[{"embeddable":true,"href":"https:\/\/juacontecimentos.com.br\/site\/wp-json\/wp\/v2\/comments?post=45142"}],"version-history":[{"count":1,"href":"https:\/\/juacontecimentos.com.br\/site\/wp-json\/wp\/v2\/posts\/45142\/revisions"}],"predecessor-version":[{"id":45145,"href":"https:\/\/juacontecimentos.com.br\/site\/wp-json\/wp\/v2\/posts\/45142\/revisions\/45145"}],"wp:featuredmedia":[{"embeddable":true,"href":"https:\/\/juacontecimentos.com.br\/site\/wp-json\/wp\/v2\/media\/45144"}],"wp:attachment":[{"href":"https:\/\/juacontecimentos.com.br\/site\/wp-json\/wp\/v2\/media?parent=45142"}],"wp:term":[{"taxonomy":"category","embeddable":true,"href":"https:\/\/juacontecimentos.com.br\/site\/wp-json\/wp\/v2\/categories?post=45142"},{"taxonomy":"post_tag","embeddable":true,"href":"https:\/\/juacontecimentos.com.br\/site\/wp-json\/wp\/v2\/tags?post=45142"}],"curies":[{"name":"wp","href":"https:\/\/api.w.org\/{rel}","templated":true}]}}