{"id":45181,"date":"2025-08-13T12:21:56","date_gmt":"2025-08-13T15:21:56","guid":{"rendered":"https:\/\/juacontecimentos.com.br\/site\/?p=45181"},"modified":"2025-08-13T12:21:56","modified_gmt":"2025-08-13T15:21:56","slug":"prefeito-cebinha-reforca-parcerias-pela-seguranca-publica-em-ouvidor-durante-rodeio","status":"publish","type":"post","link":"https:\/\/juacontecimentos.com.br\/site\/prefeito-cebinha-reforca-parcerias-pela-seguranca-publica-em-ouvidor-durante-rodeio\/","title":{"rendered":"Prefeito Cebinha refor\u00e7a parcerias pela seguran\u00e7a p\u00fablica em Ouvidor durante rodeio"},"content":{"rendered":"<p><img loading=\"lazy\" decoding=\"async\" class=\"alignnone size-full wp-image-45182\" src=\"https:\/\/juacontecimentos.com.br\/site\/wp-content\/uploads\/2025\/08\/1111111.jpg\" alt=\"\" width=\"2031\" height=\"1143\" srcset=\"https:\/\/juacontecimentos.com.br\/site\/wp-content\/uploads\/2025\/08\/1111111.jpg 2031w, https:\/\/juacontecimentos.com.br\/site\/wp-content\/uploads\/2025\/08\/1111111-300x169.jpg 300w, https:\/\/juacontecimentos.com.br\/site\/wp-content\/uploads\/2025\/08\/1111111-1024x576.jpg 1024w, https:\/\/juacontecimentos.com.br\/site\/wp-content\/uploads\/2025\/08\/1111111-768x432.jpg 768w, https:\/\/juacontecimentos.com.br\/site\/wp-content\/uploads\/2025\/08\/1111111-1536x864.jpg 1536w\" sizes=\"auto, (max-width: 2031px) 100vw, 2031px\" \/><\/p>\n<p>&nbsp;<\/p>\n<p>Nesta quarta-feira (13), o prefeito da cidade de Ouvidor &#8211; Cebinha Nascimento, acompanhado do secret\u00e1rio de Administra\u00e7\u00e3o, Jo\u00e3o Batista de Almeida Filho, recebeu a visita do comandante do 18\u00ba Batalh\u00e3o de Pol\u00edcia Militar (BPM), Tenente-Coronel J. J\u00fanior. A reuni\u00e3o ocorreu com foco na atua\u00e7\u00e3o da PM para garantir a tranquilidade de moradores e visitantes durante o parque do rodeio show de Ouvidor.<\/p>\n<p>&nbsp;<\/p>\n<p>Durante o encontro, o prefeito Cebinha\u00a0 destacou a import\u00e2ncia das parcerias entre o munic\u00edpio e o destacamento policial. \u201cA seguran\u00e7a p\u00fablica \u00e9 uma responsabilidade de todos, e as parcerias entre a prefeitura e a PM ampliam a prote\u00e7\u00e3o da nossa comunidade e de quem nos visita\u201d, afirmou Cebinha. Ele ainda parabenizou o comandante pelo trabalho desenvolvido e pelo servi\u00e7o de excel\u00eancia prestado \u00e0 sociedade.<\/p>\n<p>&nbsp;<\/p>\n<p>O Tenente-Coronel J. J\u00fanior, comandante do 18\u00ba BPM, detalhou como ser\u00e1 a atua\u00e7\u00e3o da Pol\u00edcia Militar para assegurar a tranquilidade tanto dentro quanto fora do parque onde ocorre o rodeio show de Ouvidor. Segundo ele, as a\u00e7\u00f5es visam monitoramento constante, policiamento refor\u00e7ado e a\u00e7\u00f5es integradas de seguran\u00e7a p\u00fablica, articuladas com os demais \u00f3rg\u00e3os do munic\u00edpio.<\/p>\n<p>&nbsp;<\/p>\n<p>Policiamento refor\u00e7ado, monitoramento constante e a\u00e7\u00f5es integradas foram apresentados como pilares da estrat\u00e9gia de seguran\u00e7a para o evento, com foco em prevenir incidentes, facilitar respostas r\u00e1pidas e garantir que fam\u00edlias e visitantes aproveitem o rodeio com tranquilidade.<\/p>\n<p>&nbsp;<\/p>\n<p>A agenda de coopera\u00e7\u00e3o entre prefeitura e PM envolve, entre outros pontos, o alinhamento de contingentes de policiamento, o uso de recursos de monitoramento e a integra\u00e7\u00e3o de equipes para atua\u00e7\u00e3o coordenada durante o parque de shows e \u00e1reas adjacentes. A expectativa \u00e9 ampliar a sensa\u00e7\u00e3o de seguran\u00e7a e reduzir qualquer risco \u00e0 ordem p\u00fablica durante o evento.<\/p>\n<p>&nbsp;<\/p>\n<p><img loading=\"lazy\" decoding=\"async\" class=\"alignnone size-full wp-image-45183\" src=\"https:\/\/juacontecimentos.com.br\/site\/wp-content\/uploads\/2025\/08\/333333333-scaled.jpg\" alt=\"\" width=\"2560\" height=\"1474\" srcset=\"https:\/\/juacontecimentos.com.br\/site\/wp-content\/uploads\/2025\/08\/333333333-scaled.jpg 2560w, https:\/\/juacontecimentos.com.br\/site\/wp-content\/uploads\/2025\/08\/333333333-300x173.jpg 300w, https:\/\/juacontecimentos.com.br\/site\/wp-content\/uploads\/2025\/08\/333333333-1024x590.jpg 1024w, https:\/\/juacontecimentos.com.br\/site\/wp-content\/uploads\/2025\/08\/333333333-768x442.jpg 768w, https:\/\/juacontecimentos.com.br\/site\/wp-content\/uploads\/2025\/08\/333333333-1536x885.jpg 1536w, https:\/\/juacontecimentos.com.br\/site\/wp-content\/uploads\/2025\/08\/333333333-2048x1180.jpg 2048w\" sizes=\"auto, (max-width: 2560px) 100vw, 2560px\" \/><\/p>\n","protected":false},"excerpt":{"rendered":"<p>&nbsp; Nesta quarta-feira (13), o prefeito da cidade de Ouvidor &#8211; Cebinha Nascimento, acompanhado do secret\u00e1rio de Administra\u00e7\u00e3o, Jo\u00e3o Batista de Almeida Filho, recebeu a visita do comandante do 18\u00ba Batalh\u00e3o de Pol\u00edcia Militar (BPM), Tenente-Coronel J. J\u00fanior. A reuni\u00e3o ocorreu com foco na atua\u00e7\u00e3o da PM para garantir a tranquilidade de moradores e visitantes<\/p>\n","protected":false},"author":2,"featured_media":45182,"comment_status":"closed","ping_status":"closed","sticky":false,"template":"","format":"standard","meta":{"footnotes":""},"categories":[27,22,26,23],"tags":[],"class_list":["post-45181","post","type-post","status-publish","format-standard","has-post-thumbnail","hentry","category-brasil","category-catalao","category-destaque","category-goias"],"yoast_head":"<!-- This site is optimized with the Yoast SEO plugin v25.8 - https:\/\/yoast.com\/wordpress\/plugins\/seo\/ -->\n<title>Prefeito Cebinha refor\u00e7a parcerias pela seguran\u00e7a p\u00fablica em Ouvidor durante rodeio - Jornal Ultimos Acontecimentos<\/title>\n<meta name=\"robots\" content=\"index, follow, max-snippet:-1, max-image-preview:large, max-video-preview:-1\" \/>\n<link rel=\"canonical\" href=\"https:\/\/juacontecimentos.com.br\/site\/prefeito-cebinha-reforca-parcerias-pela-seguranca-publica-em-ouvidor-durante-rodeio\/\" \/>\n<meta property=\"og:locale\" content=\"pt_BR\" \/>\n<meta property=\"og:type\" content=\"article\" \/>\n<meta property=\"og:title\" content=\"Prefeito Cebinha refor\u00e7a parcerias pela seguran\u00e7a p\u00fablica em Ouvidor durante rodeio - Jornal Ultimos Acontecimentos\" \/>\n<meta property=\"og:description\" content=\"&nbsp; Nesta quarta-feira (13), o prefeito da cidade de Ouvidor &#8211; Cebinha Nascimento, acompanhado do secret\u00e1rio de Administra\u00e7\u00e3o, Jo\u00e3o Batista de Almeida Filho, recebeu a visita do comandante do 18\u00ba Batalh\u00e3o de Pol\u00edcia Militar (BPM), Tenente-Coronel J. J\u00fanior. A reuni\u00e3o ocorreu com foco na atua\u00e7\u00e3o da PM para garantir a tranquilidade de moradores e visitantes\" \/>\n<meta property=\"og:url\" content=\"https:\/\/juacontecimentos.com.br\/site\/prefeito-cebinha-reforca-parcerias-pela-seguranca-publica-em-ouvidor-durante-rodeio\/\" \/>\n<meta property=\"og:site_name\" content=\"Jornal Ultimos Acontecimentos\" \/>\n<meta property=\"article:publisher\" content=\"https:\/\/www.facebook.com\/jultimosacontecimentos\/\" \/>\n<meta property=\"article:published_time\" content=\"2025-08-13T15:21:56+00:00\" \/>\n<meta property=\"og:image\" content=\"https:\/\/juacontecimentos.com.br\/site\/wp-content\/uploads\/2025\/08\/1111111.jpg\" \/>\n\t<meta property=\"og:image:width\" content=\"2031\" \/>\n\t<meta property=\"og:image:height\" content=\"1143\" \/>\n\t<meta property=\"og:image:type\" content=\"image\/jpeg\" \/>\n<meta name=\"author\" content=\"Reginaldo Ribeiro\" \/>\n<meta name=\"twitter:card\" content=\"summary_large_image\" \/>\n<meta name=\"twitter:label1\" content=\"Escrito por\" \/>\n\t<meta name=\"twitter:data1\" content=\"Reginaldo Ribeiro\" \/>\n\t<meta name=\"twitter:label2\" content=\"Est. tempo de leitura\" \/>\n\t<meta name=\"twitter:data2\" content=\"3 minutos\" \/>\n<script type=\"application\/ld+json\" class=\"yoast-schema-graph\">{\"@context\":\"https:\/\/schema.org\",\"@graph\":[{\"@type\":\"Article\",\"@id\":\"https:\/\/juacontecimentos.com.br\/site\/prefeito-cebinha-reforca-parcerias-pela-seguranca-publica-em-ouvidor-durante-rodeio\/#article\",\"isPartOf\":{\"@id\":\"https:\/\/juacontecimentos.com.br\/site\/prefeito-cebinha-reforca-parcerias-pela-seguranca-publica-em-ouvidor-durante-rodeio\/\"},\"author\":{\"name\":\"Reginaldo Ribeiro\",\"@id\":\"https:\/\/juacontecimentos.com.br\/site\/#\/schema\/person\/082a54e6d3fdd7a633291428521c9669\"},\"headline\":\"Prefeito Cebinha refor\u00e7a parcerias pela seguran\u00e7a p\u00fablica em Ouvidor durante rodeio\",\"datePublished\":\"2025-08-13T15:21:56+00:00\",\"mainEntityOfPage\":{\"@id\":\"https:\/\/juacontecimentos.com.br\/site\/prefeito-cebinha-reforca-parcerias-pela-seguranca-publica-em-ouvidor-durante-rodeio\/\"},\"wordCount\":326,\"publisher\":{\"@id\":\"https:\/\/juacontecimentos.com.br\/site\/#organization\"},\"image\":{\"@id\":\"https:\/\/juacontecimentos.com.br\/site\/prefeito-cebinha-reforca-parcerias-pela-seguranca-publica-em-ouvidor-durante-rodeio\/#primaryimage\"},\"thumbnailUrl\":\"https:\/\/juacontecimentos.com.br\/site\/wp-content\/uploads\/2025\/08\/1111111.jpg\",\"articleSection\":[\"Brasil\",\"Catal\u00e3o\",\"Destaque\",\"Goi\u00e1s\"],\"inLanguage\":\"pt-BR\"},{\"@type\":\"WebPage\",\"@id\":\"https:\/\/juacontecimentos.com.br\/site\/prefeito-cebinha-reforca-parcerias-pela-seguranca-publica-em-ouvidor-durante-rodeio\/\",\"url\":\"https:\/\/juacontecimentos.com.br\/site\/prefeito-cebinha-reforca-parcerias-pela-seguranca-publica-em-ouvidor-durante-rodeio\/\",\"name\":\"Prefeito Cebinha refor\u00e7a parcerias pela seguran\u00e7a p\u00fablica em Ouvidor durante rodeio - Jornal Ultimos Acontecimentos\",\"isPartOf\":{\"@id\":\"https:\/\/juacontecimentos.com.br\/site\/#website\"},\"primaryImageOfPage\":{\"@id\":\"https:\/\/juacontecimentos.com.br\/site\/prefeito-cebinha-reforca-parcerias-pela-seguranca-publica-em-ouvidor-durante-rodeio\/#primaryimage\"},\"image\":{\"@id\":\"https:\/\/juacontecimentos.com.br\/site\/prefeito-cebinha-reforca-parcerias-pela-seguranca-publica-em-ouvidor-durante-rodeio\/#primaryimage\"},\"thumbnailUrl\":\"https:\/\/juacontecimentos.com.br\/site\/wp-content\/uploads\/2025\/08\/1111111.jpg\",\"datePublished\":\"2025-08-13T15:21:56+00:00\",\"breadcrumb\":{\"@id\":\"https:\/\/juacontecimentos.com.br\/site\/prefeito-cebinha-reforca-parcerias-pela-seguranca-publica-em-ouvidor-durante-rodeio\/#breadcrumb\"},\"inLanguage\":\"pt-BR\",\"potentialAction\":[{\"@type\":\"ReadAction\",\"target\":[\"https:\/\/juacontecimentos.com.br\/site\/prefeito-cebinha-reforca-parcerias-pela-seguranca-publica-em-ouvidor-durante-rodeio\/\"]}]},{\"@type\":\"ImageObject\",\"inLanguage\":\"pt-BR\",\"@id\":\"https:\/\/juacontecimentos.com.br\/site\/prefeito-cebinha-reforca-parcerias-pela-seguranca-publica-em-ouvidor-durante-rodeio\/#primaryimage\",\"url\":\"https:\/\/juacontecimentos.com.br\/site\/wp-content\/uploads\/2025\/08\/1111111.jpg\",\"contentUrl\":\"https:\/\/juacontecimentos.com.br\/site\/wp-content\/uploads\/2025\/08\/1111111.jpg\",\"width\":2031,\"height\":1143},{\"@type\":\"BreadcrumbList\",\"@id\":\"https:\/\/juacontecimentos.com.br\/site\/prefeito-cebinha-reforca-parcerias-pela-seguranca-publica-em-ouvidor-durante-rodeio\/#breadcrumb\",\"itemListElement\":[{\"@type\":\"ListItem\",\"position\":1,\"name\":\"In\u00edcio\",\"item\":\"https:\/\/juacontecimentos.com.br\/site\/\"},{\"@type\":\"ListItem\",\"position\":2,\"name\":\"Prefeito Cebinha refor\u00e7a parcerias pela seguran\u00e7a p\u00fablica em Ouvidor durante rodeio\"}]},{\"@type\":\"WebSite\",\"@id\":\"https:\/\/juacontecimentos.com.br\/site\/#website\",\"url\":\"https:\/\/juacontecimentos.com.br\/site\/\",\"name\":\"Jornal Ultimos Acontecimentos\",\"description\":\"Catal\u00e3o e regi\u00e3o\",\"publisher\":{\"@id\":\"https:\/\/juacontecimentos.com.br\/site\/#organization\"},\"potentialAction\":[{\"@type\":\"SearchAction\",\"target\":{\"@type\":\"EntryPoint\",\"urlTemplate\":\"https:\/\/juacontecimentos.com.br\/site\/?s={search_term_string}\"},\"query-input\":{\"@type\":\"PropertyValueSpecification\",\"valueRequired\":true,\"valueName\":\"search_term_string\"}}],\"inLanguage\":\"pt-BR\"},{\"@type\":\"Organization\",\"@id\":\"https:\/\/juacontecimentos.com.br\/site\/#organization\",\"name\":\"Jornal Ultimos Acontecimentos\",\"url\":\"https:\/\/juacontecimentos.com.br\/site\/\",\"logo\":{\"@type\":\"ImageObject\",\"inLanguage\":\"pt-BR\",\"@id\":\"https:\/\/juacontecimentos.com.br\/site\/#\/schema\/logo\/image\/\",\"url\":\"https:\/\/juacontecimentos.com.br\/site\/wp-content\/uploads\/2023\/04\/Logo_Site.png\",\"contentUrl\":\"https:\/\/juacontecimentos.com.br\/site\/wp-content\/uploads\/2023\/04\/Logo_Site.png\",\"width\":2476,\"height\":530,\"caption\":\"Jornal Ultimos Acontecimentos\"},\"image\":{\"@id\":\"https:\/\/juacontecimentos.com.br\/site\/#\/schema\/logo\/image\/\"},\"sameAs\":[\"https:\/\/www.facebook.com\/jultimosacontecimentos\/\"]},{\"@type\":\"Person\",\"@id\":\"https:\/\/juacontecimentos.com.br\/site\/#\/schema\/person\/082a54e6d3fdd7a633291428521c9669\",\"name\":\"Reginaldo Ribeiro\",\"image\":{\"@type\":\"ImageObject\",\"inLanguage\":\"pt-BR\",\"@id\":\"https:\/\/juacontecimentos.com.br\/site\/#\/schema\/person\/image\/\",\"url\":\"https:\/\/secure.gravatar.com\/avatar\/5c16c6837c3490270a74d888c2a845728f06bdde1f8761de1de1d1d1ef82d12f?s=96&d=mm&r=g\",\"contentUrl\":\"https:\/\/secure.gravatar.com\/avatar\/5c16c6837c3490270a74d888c2a845728f06bdde1f8761de1de1d1d1ef82d12f?s=96&d=mm&r=g\",\"caption\":\"Reginaldo Ribeiro\"}}]}<\/script>\n<!-- \/ Yoast SEO plugin. -->","yoast_head_json":{"title":"Prefeito Cebinha refor\u00e7a parcerias pela seguran\u00e7a p\u00fablica em Ouvidor durante rodeio - Jornal Ultimos Acontecimentos","robots":{"index":"index","follow":"follow","max-snippet":"max-snippet:-1","max-image-preview":"max-image-preview:large","max-video-preview":"max-video-preview:-1"},"canonical":"https:\/\/juacontecimentos.com.br\/site\/prefeito-cebinha-reforca-parcerias-pela-seguranca-publica-em-ouvidor-durante-rodeio\/","og_locale":"pt_BR","og_type":"article","og_title":"Prefeito Cebinha refor\u00e7a parcerias pela seguran\u00e7a p\u00fablica em Ouvidor durante rodeio - Jornal Ultimos Acontecimentos","og_description":"&nbsp; Nesta quarta-feira (13), o prefeito da cidade de Ouvidor &#8211; Cebinha Nascimento, acompanhado do secret\u00e1rio de Administra\u00e7\u00e3o, Jo\u00e3o Batista de Almeida Filho, recebeu a visita do comandante do 18\u00ba Batalh\u00e3o de Pol\u00edcia Militar (BPM), Tenente-Coronel J. J\u00fanior. A reuni\u00e3o ocorreu com foco na atua\u00e7\u00e3o da PM para garantir a tranquilidade de moradores e visitantes","og_url":"https:\/\/juacontecimentos.com.br\/site\/prefeito-cebinha-reforca-parcerias-pela-seguranca-publica-em-ouvidor-durante-rodeio\/","og_site_name":"Jornal Ultimos Acontecimentos","article_publisher":"https:\/\/www.facebook.com\/jultimosacontecimentos\/","article_published_time":"2025-08-13T15:21:56+00:00","og_image":[{"width":2031,"height":1143,"url":"https:\/\/juacontecimentos.com.br\/site\/wp-content\/uploads\/2025\/08\/1111111.jpg","type":"image\/jpeg"}],"author":"Reginaldo Ribeiro","twitter_card":"summary_large_image","twitter_misc":{"Escrito por":"Reginaldo Ribeiro","Est. tempo de leitura":"3 minutos"},"schema":{"@context":"https:\/\/schema.org","@graph":[{"@type":"Article","@id":"https:\/\/juacontecimentos.com.br\/site\/prefeito-cebinha-reforca-parcerias-pela-seguranca-publica-em-ouvidor-durante-rodeio\/#article","isPartOf":{"@id":"https:\/\/juacontecimentos.com.br\/site\/prefeito-cebinha-reforca-parcerias-pela-seguranca-publica-em-ouvidor-durante-rodeio\/"},"author":{"name":"Reginaldo Ribeiro","@id":"https:\/\/juacontecimentos.com.br\/site\/#\/schema\/person\/082a54e6d3fdd7a633291428521c9669"},"headline":"Prefeito Cebinha refor\u00e7a parcerias pela seguran\u00e7a p\u00fablica em Ouvidor durante rodeio","datePublished":"2025-08-13T15:21:56+00:00","mainEntityOfPage":{"@id":"https:\/\/juacontecimentos.com.br\/site\/prefeito-cebinha-reforca-parcerias-pela-seguranca-publica-em-ouvidor-durante-rodeio\/"},"wordCount":326,"publisher":{"@id":"https:\/\/juacontecimentos.com.br\/site\/#organization"},"image":{"@id":"https:\/\/juacontecimentos.com.br\/site\/prefeito-cebinha-reforca-parcerias-pela-seguranca-publica-em-ouvidor-durante-rodeio\/#primaryimage"},"thumbnailUrl":"https:\/\/juacontecimentos.com.br\/site\/wp-content\/uploads\/2025\/08\/1111111.jpg","articleSection":["Brasil","Catal\u00e3o","Destaque","Goi\u00e1s"],"inLanguage":"pt-BR"},{"@type":"WebPage","@id":"https:\/\/juacontecimentos.com.br\/site\/prefeito-cebinha-reforca-parcerias-pela-seguranca-publica-em-ouvidor-durante-rodeio\/","url":"https:\/\/juacontecimentos.com.br\/site\/prefeito-cebinha-reforca-parcerias-pela-seguranca-publica-em-ouvidor-durante-rodeio\/","name":"Prefeito Cebinha refor\u00e7a parcerias pela seguran\u00e7a p\u00fablica em Ouvidor durante rodeio - Jornal Ultimos Acontecimentos","isPartOf":{"@id":"https:\/\/juacontecimentos.com.br\/site\/#website"},"primaryImageOfPage":{"@id":"https:\/\/juacontecimentos.com.br\/site\/prefeito-cebinha-reforca-parcerias-pela-seguranca-publica-em-ouvidor-durante-rodeio\/#primaryimage"},"image":{"@id":"https:\/\/juacontecimentos.com.br\/site\/prefeito-cebinha-reforca-parcerias-pela-seguranca-publica-em-ouvidor-durante-rodeio\/#primaryimage"},"thumbnailUrl":"https:\/\/juacontecimentos.com.br\/site\/wp-content\/uploads\/2025\/08\/1111111.jpg","datePublished":"2025-08-13T15:21:56+00:00","breadcrumb":{"@id":"https:\/\/juacontecimentos.com.br\/site\/prefeito-cebinha-reforca-parcerias-pela-seguranca-publica-em-ouvidor-durante-rodeio\/#breadcrumb"},"inLanguage":"pt-BR","potentialAction":[{"@type":"ReadAction","target":["https:\/\/juacontecimentos.com.br\/site\/prefeito-cebinha-reforca-parcerias-pela-seguranca-publica-em-ouvidor-durante-rodeio\/"]}]},{"@type":"ImageObject","inLanguage":"pt-BR","@id":"https:\/\/juacontecimentos.com.br\/site\/prefeito-cebinha-reforca-parcerias-pela-seguranca-publica-em-ouvidor-durante-rodeio\/#primaryimage","url":"https:\/\/juacontecimentos.com.br\/site\/wp-content\/uploads\/2025\/08\/1111111.jpg","contentUrl":"https:\/\/juacontecimentos.com.br\/site\/wp-content\/uploads\/2025\/08\/1111111.jpg","width":2031,"height":1143},{"@type":"BreadcrumbList","@id":"https:\/\/juacontecimentos.com.br\/site\/prefeito-cebinha-reforca-parcerias-pela-seguranca-publica-em-ouvidor-durante-rodeio\/#breadcrumb","itemListElement":[{"@type":"ListItem","position":1,"name":"In\u00edcio","item":"https:\/\/juacontecimentos.com.br\/site\/"},{"@type":"ListItem","position":2,"name":"Prefeito Cebinha refor\u00e7a parcerias pela seguran\u00e7a p\u00fablica em Ouvidor durante rodeio"}]},{"@type":"WebSite","@id":"https:\/\/juacontecimentos.com.br\/site\/#website","url":"https:\/\/juacontecimentos.com.br\/site\/","name":"Jornal Ultimos Acontecimentos","description":"Catal\u00e3o e regi\u00e3o","publisher":{"@id":"https:\/\/juacontecimentos.com.br\/site\/#organization"},"potentialAction":[{"@type":"SearchAction","target":{"@type":"EntryPoint","urlTemplate":"https:\/\/juacontecimentos.com.br\/site\/?s={search_term_string}"},"query-input":{"@type":"PropertyValueSpecification","valueRequired":true,"valueName":"search_term_string"}}],"inLanguage":"pt-BR"},{"@type":"Organization","@id":"https:\/\/juacontecimentos.com.br\/site\/#organization","name":"Jornal Ultimos Acontecimentos","url":"https:\/\/juacontecimentos.com.br\/site\/","logo":{"@type":"ImageObject","inLanguage":"pt-BR","@id":"https:\/\/juacontecimentos.com.br\/site\/#\/schema\/logo\/image\/","url":"https:\/\/juacontecimentos.com.br\/site\/wp-content\/uploads\/2023\/04\/Logo_Site.png","contentUrl":"https:\/\/juacontecimentos.com.br\/site\/wp-content\/uploads\/2023\/04\/Logo_Site.png","width":2476,"height":530,"caption":"Jornal Ultimos Acontecimentos"},"image":{"@id":"https:\/\/juacontecimentos.com.br\/site\/#\/schema\/logo\/image\/"},"sameAs":["https:\/\/www.facebook.com\/jultimosacontecimentos\/"]},{"@type":"Person","@id":"https:\/\/juacontecimentos.com.br\/site\/#\/schema\/person\/082a54e6d3fdd7a633291428521c9669","name":"Reginaldo Ribeiro","image":{"@type":"ImageObject","inLanguage":"pt-BR","@id":"https:\/\/juacontecimentos.com.br\/site\/#\/schema\/person\/image\/","url":"https:\/\/secure.gravatar.com\/avatar\/5c16c6837c3490270a74d888c2a845728f06bdde1f8761de1de1d1d1ef82d12f?s=96&d=mm&r=g","contentUrl":"https:\/\/secure.gravatar.com\/avatar\/5c16c6837c3490270a74d888c2a845728f06bdde1f8761de1de1d1d1ef82d12f?s=96&d=mm&r=g","caption":"Reginaldo Ribeiro"}}]}},"_links":{"self":[{"href":"https:\/\/juacontecimentos.com.br\/site\/wp-json\/wp\/v2\/posts\/45181","targetHints":{"allow":["GET"]}}],"collection":[{"href":"https:\/\/juacontecimentos.com.br\/site\/wp-json\/wp\/v2\/posts"}],"about":[{"href":"https:\/\/juacontecimentos.com.br\/site\/wp-json\/wp\/v2\/types\/post"}],"author":[{"embeddable":true,"href":"https:\/\/juacontecimentos.com.br\/site\/wp-json\/wp\/v2\/users\/2"}],"replies":[{"embeddable":true,"href":"https:\/\/juacontecimentos.com.br\/site\/wp-json\/wp\/v2\/comments?post=45181"}],"version-history":[{"count":1,"href":"https:\/\/juacontecimentos.com.br\/site\/wp-json\/wp\/v2\/posts\/45181\/revisions"}],"predecessor-version":[{"id":45184,"href":"https:\/\/juacontecimentos.com.br\/site\/wp-json\/wp\/v2\/posts\/45181\/revisions\/45184"}],"wp:featuredmedia":[{"embeddable":true,"href":"https:\/\/juacontecimentos.com.br\/site\/wp-json\/wp\/v2\/media\/45182"}],"wp:attachment":[{"href":"https:\/\/juacontecimentos.com.br\/site\/wp-json\/wp\/v2\/media?parent=45181"}],"wp:term":[{"taxonomy":"category","embeddable":true,"href":"https:\/\/juacontecimentos.com.br\/site\/wp-json\/wp\/v2\/categories?post=45181"},{"taxonomy":"post_tag","embeddable":true,"href":"https:\/\/juacontecimentos.com.br\/site\/wp-json\/wp\/v2\/tags?post=45181"}],"curies":[{"name":"wp","href":"https:\/\/api.w.org\/{rel}","templated":true}]}}