{"id":45638,"date":"2025-09-06T13:52:19","date_gmt":"2025-09-06T16:52:19","guid":{"rendered":"https:\/\/juacontecimentos.com.br\/site\/?p=45638"},"modified":"2025-09-06T14:09:19","modified_gmt":"2025-09-06T17:09:19","slug":"campo-alegre-de-goias-leva-parceria-e-beneficios-a-catalao-durante-18a-edicao-do-deputados-aqui","status":"publish","type":"post","link":"https:\/\/juacontecimentos.com.br\/site\/campo-alegre-de-goias-leva-parceria-e-beneficios-a-catalao-durante-18a-edicao-do-deputados-aqui\/","title":{"rendered":"Campo Alegre de Goi\u00e1s leva parceria e benef\u00edcios a Catal\u00e3o durante 18\u00aa edi\u00e7\u00e3o do &#8220;Deputados Aqui&#8221;"},"content":{"rendered":"<div><img loading=\"lazy\" decoding=\"async\" class=\"alignnone size-full wp-image-45640\" src=\"https:\/\/juacontecimentos.com.br\/site\/wp-content\/uploads\/2025\/09\/IMG_20250906_084316_1-scaled.jpg\" alt=\"\" width=\"2560\" height=\"1444\" srcset=\"https:\/\/juacontecimentos.com.br\/site\/wp-content\/uploads\/2025\/09\/IMG_20250906_084316_1-scaled.jpg 2560w, https:\/\/juacontecimentos.com.br\/site\/wp-content\/uploads\/2025\/09\/IMG_20250906_084316_1-300x169.jpg 300w, https:\/\/juacontecimentos.com.br\/site\/wp-content\/uploads\/2025\/09\/IMG_20250906_084316_1-1024x578.jpg 1024w, https:\/\/juacontecimentos.com.br\/site\/wp-content\/uploads\/2025\/09\/IMG_20250906_084316_1-768x433.jpg 768w, https:\/\/juacontecimentos.com.br\/site\/wp-content\/uploads\/2025\/09\/IMG_20250906_084316_1-1536x866.jpg 1536w, https:\/\/juacontecimentos.com.br\/site\/wp-content\/uploads\/2025\/09\/IMG_20250906_084316_1-2048x1155.jpg 2048w\" sizes=\"auto, (max-width: 2560px) 100vw, 2560px\" \/><img loading=\"lazy\" decoding=\"async\" class=\"alignnone size-full wp-image-45642\" src=\"https:\/\/juacontecimentos.com.br\/site\/wp-content\/uploads\/2025\/09\/IMG_20250906_083345-scaled.jpg\" alt=\"\" width=\"2560\" height=\"1444\" srcset=\"https:\/\/juacontecimentos.com.br\/site\/wp-content\/uploads\/2025\/09\/IMG_20250906_083345-scaled.jpg 2560w, https:\/\/juacontecimentos.com.br\/site\/wp-content\/uploads\/2025\/09\/IMG_20250906_083345-300x169.jpg 300w, https:\/\/juacontecimentos.com.br\/site\/wp-content\/uploads\/2025\/09\/IMG_20250906_083345-1024x578.jpg 1024w, https:\/\/juacontecimentos.com.br\/site\/wp-content\/uploads\/2025\/09\/IMG_20250906_083345-768x433.jpg 768w, https:\/\/juacontecimentos.com.br\/site\/wp-content\/uploads\/2025\/09\/IMG_20250906_083345-1536x866.jpg 1536w, https:\/\/juacontecimentos.com.br\/site\/wp-content\/uploads\/2025\/09\/IMG_20250906_083345-2048x1155.jpg 2048w\" sizes=\"auto, (max-width: 2560px) 100vw, 2560px\" \/><\/div>\n<div><\/div>\n<div>O prefeito de Campo Alegre de Goi\u00e1s, Douglas Sert\u00f3rio, acompanhado do vice-prefeito Bruno Saran, vereador Ney, secret\u00e1rios e assessores, esteve presente na manh\u00e3 deste s\u00e1bado, 6 de setembro, na 18\u00aa edi\u00e7\u00e3o do programa Deputados Aqui, realizado na cidade de Catal\u00e3o. O encontro reuniu autoridades, lideran\u00e7as e a popula\u00e7\u00e3o em um evento marcado pela participa\u00e7\u00e3o popular e pela busca de melhorias para as cidades da regi\u00e3o.<\/div>\n<div><\/div>\n<div>Em entrevista realizada durante a transmiss\u00e3o, o prefeito Douglas Sert\u00f3rio apontou a import\u00e2ncia de uma iniciativa desse porte para as comunidades. \u201c\u00c9 uma festa da democracia. Hoje aqui vejo casa cheia; para mim \u00e9 uma grande satisfa\u00e7\u00e3o que Campo Alegre esteja representada nesse evento. Sabemos dos benef\u00edcios que ele traz, e convidamos a popula\u00e7\u00e3o a participar\u201d, afirmou.<\/div>\n<div><\/div>\n<div><img loading=\"lazy\" decoding=\"async\" class=\"alignnone size-full wp-image-45671\" src=\"https:\/\/juacontecimentos.com.br\/site\/wp-content\/uploads\/2025\/09\/IMG_20250906_080934-scaled.jpg\" alt=\"\" width=\"2560\" height=\"1444\" srcset=\"https:\/\/juacontecimentos.com.br\/site\/wp-content\/uploads\/2025\/09\/IMG_20250906_080934-scaled.jpg 2560w, https:\/\/juacontecimentos.com.br\/site\/wp-content\/uploads\/2025\/09\/IMG_20250906_080934-300x169.jpg 300w, https:\/\/juacontecimentos.com.br\/site\/wp-content\/uploads\/2025\/09\/IMG_20250906_080934-1024x578.jpg 1024w, https:\/\/juacontecimentos.com.br\/site\/wp-content\/uploads\/2025\/09\/IMG_20250906_080934-768x433.jpg 768w, https:\/\/juacontecimentos.com.br\/site\/wp-content\/uploads\/2025\/09\/IMG_20250906_080934-1536x866.jpg 1536w, https:\/\/juacontecimentos.com.br\/site\/wp-content\/uploads\/2025\/09\/IMG_20250906_080934-2048x1155.jpg 2048w\" sizes=\"auto, (max-width: 2560px) 100vw, 2560px\" \/><\/div>\n<div><\/div>\n<div><img loading=\"lazy\" decoding=\"async\" class=\"alignnone size-full wp-image-45665\" src=\"https:\/\/juacontecimentos.com.br\/site\/wp-content\/uploads\/2025\/09\/IMG_20250906_090624-1-scaled.jpg\" alt=\"\" width=\"2560\" height=\"1444\" srcset=\"https:\/\/juacontecimentos.com.br\/site\/wp-content\/uploads\/2025\/09\/IMG_20250906_090624-1-scaled.jpg 2560w, https:\/\/juacontecimentos.com.br\/site\/wp-content\/uploads\/2025\/09\/IMG_20250906_090624-1-300x169.jpg 300w, https:\/\/juacontecimentos.com.br\/site\/wp-content\/uploads\/2025\/09\/IMG_20250906_090624-1-1024x578.jpg 1024w, https:\/\/juacontecimentos.com.br\/site\/wp-content\/uploads\/2025\/09\/IMG_20250906_090624-1-768x433.jpg 768w, https:\/\/juacontecimentos.com.br\/site\/wp-content\/uploads\/2025\/09\/IMG_20250906_090624-1-1536x866.jpg 1536w, https:\/\/juacontecimentos.com.br\/site\/wp-content\/uploads\/2025\/09\/IMG_20250906_090624-1-2048x1155.jpg 2048w\" sizes=\"auto, (max-width: 2560px) 100vw, 2560px\" \/><img loading=\"lazy\" decoding=\"async\" class=\"alignnone size-full wp-image-45661\" src=\"https:\/\/juacontecimentos.com.br\/site\/wp-content\/uploads\/2025\/09\/IMG_20250906_084451-scaled.jpg\" alt=\"\" width=\"2560\" height=\"1443\" srcset=\"https:\/\/juacontecimentos.com.br\/site\/wp-content\/uploads\/2025\/09\/IMG_20250906_084451-scaled.jpg 2560w, https:\/\/juacontecimentos.com.br\/site\/wp-content\/uploads\/2025\/09\/IMG_20250906_084451-300x169.jpg 300w, https:\/\/juacontecimentos.com.br\/site\/wp-content\/uploads\/2025\/09\/IMG_20250906_084451-1024x577.jpg 1024w, https:\/\/juacontecimentos.com.br\/site\/wp-content\/uploads\/2025\/09\/IMG_20250906_084451-768x433.jpg 768w, https:\/\/juacontecimentos.com.br\/site\/wp-content\/uploads\/2025\/09\/IMG_20250906_084451-1536x866.jpg 1536w, https:\/\/juacontecimentos.com.br\/site\/wp-content\/uploads\/2025\/09\/IMG_20250906_084451-2048x1155.jpg 2048w\" sizes=\"auto, (max-width: 2560px) 100vw, 2560px\" \/><\/div>\n<div><\/div>\n<div>Sert\u00f3rio mencionou a continuidade do trabalho e a amplia\u00e7\u00e3o dos benef\u00edcios para Campo Alegre, Catal\u00e3o e o Estado. \u201cVamos entregar 15 escrituras que foram feitas. Quando falaram em levar para Catal\u00e3o, foi um prazer, porque esse \u00e9 um trabalho que continua. Da nossa edi\u00e7\u00e3o anterior fizemos 11, nesta edi\u00e7\u00e3o s\u00e3o 15. Ainda disseram que v\u00e3o continuar, e pretendemos chegar a 100 escrituras para beneficiar Campo Alegre, Para mim \u00e9 uma honra e um prazer\u201d, completou.<\/div>\n<div><\/div>\n<div>O prefeito Douglas finalizou destacando a presen\u00e7a de toda a comitiva: \u201cN\u00e3o vim sozinho, vim com o vice-prefeito, vereador, secretariado e a popula\u00e7\u00e3o. Isso demonstra a for\u00e7a do evento que fomos prestigiar.\u201d Ele ainda ressaltou a participa\u00e7\u00e3o do cart\u00f3rio e o empenho da cidade em apoiar a iniciativa.<\/div>\n<div><\/div>\n<div>O programa Deputados Aqui \u00e9 promovido pela Assembleia Legislativa do Estado de Goi\u00e1s, com atividades diversas como atendimentos na \u00e1rea de sa\u00fade, castra\u00e7\u00e3o de animais, corte de cabelo, apresenta\u00e7\u00f5es culturais e op\u00e7\u00f5es de recrea\u00e7\u00e3o para crian\u00e7as, al\u00e9m de orienta\u00e7\u00f5es e servi\u00e7os para a popula\u00e7\u00e3o. O local de realiza\u00e7\u00e3o foi o espa\u00e7o ao lado da Igreja Nova Matriz, no Bairro M\u00e3e de Deus, em Catal\u00e3o.<\/div>\n<div><\/div>\n<div>Observa\u00e7\u00e3o: A estrita veracidade de nomes, cargos e n\u00fameros de escrituras pode depender de fontes oficiais.<\/div>\n<div><\/div>\n<div><img loading=\"lazy\" decoding=\"async\" class=\"alignnone size-full wp-image-45644\" src=\"https:\/\/juacontecimentos.com.br\/site\/wp-content\/uploads\/2025\/09\/IMG-20250906-WA0098.jpg\" alt=\"\" width=\"1280\" height=\"960\" srcset=\"https:\/\/juacontecimentos.com.br\/site\/wp-content\/uploads\/2025\/09\/IMG-20250906-WA0098.jpg 1280w, https:\/\/juacontecimentos.com.br\/site\/wp-content\/uploads\/2025\/09\/IMG-20250906-WA0098-300x225.jpg 300w, https:\/\/juacontecimentos.com.br\/site\/wp-content\/uploads\/2025\/09\/IMG-20250906-WA0098-1024x768.jpg 1024w, https:\/\/juacontecimentos.com.br\/site\/wp-content\/uploads\/2025\/09\/IMG-20250906-WA0098-768x576.jpg 768w\" sizes=\"auto, (max-width: 1280px) 100vw, 1280px\" \/><\/div>\n<div><img loading=\"lazy\" decoding=\"async\" class=\"alignnone size-full wp-image-45656\" src=\"https:\/\/juacontecimentos.com.br\/site\/wp-content\/uploads\/2025\/09\/IMG_20250906_084134-scaled.jpg\" alt=\"\" width=\"2560\" height=\"1444\" srcset=\"https:\/\/juacontecimentos.com.br\/site\/wp-content\/uploads\/2025\/09\/IMG_20250906_084134-scaled.jpg 2560w, https:\/\/juacontecimentos.com.br\/site\/wp-content\/uploads\/2025\/09\/IMG_20250906_084134-300x169.jpg 300w, https:\/\/juacontecimentos.com.br\/site\/wp-content\/uploads\/2025\/09\/IMG_20250906_084134-1024x578.jpg 1024w, https:\/\/juacontecimentos.com.br\/site\/wp-content\/uploads\/2025\/09\/IMG_20250906_084134-768x433.jpg 768w, https:\/\/juacontecimentos.com.br\/site\/wp-content\/uploads\/2025\/09\/IMG_20250906_084134-1536x866.jpg 1536w, https:\/\/juacontecimentos.com.br\/site\/wp-content\/uploads\/2025\/09\/IMG_20250906_084134-2048x1155.jpg 2048w\" sizes=\"auto, (max-width: 2560px) 100vw, 2560px\" \/><img loading=\"lazy\" decoding=\"async\" class=\"alignnone size-full wp-image-45657\" src=\"https:\/\/juacontecimentos.com.br\/site\/wp-content\/uploads\/2025\/09\/IMG_20250906_083811-scaled.jpg\" alt=\"\" width=\"2560\" height=\"1444\" srcset=\"https:\/\/juacontecimentos.com.br\/site\/wp-content\/uploads\/2025\/09\/IMG_20250906_083811-scaled.jpg 2560w, https:\/\/juacontecimentos.com.br\/site\/wp-content\/uploads\/2025\/09\/IMG_20250906_083811-300x169.jpg 300w, https:\/\/juacontecimentos.com.br\/site\/wp-content\/uploads\/2025\/09\/IMG_20250906_083811-1024x578.jpg 1024w, https:\/\/juacontecimentos.com.br\/site\/wp-content\/uploads\/2025\/09\/IMG_20250906_083811-768x433.jpg 768w, https:\/\/juacontecimentos.com.br\/site\/wp-content\/uploads\/2025\/09\/IMG_20250906_083811-1536x866.jpg 1536w, https:\/\/juacontecimentos.com.br\/site\/wp-content\/uploads\/2025\/09\/IMG_20250906_083811-2048x1155.jpg 2048w\" sizes=\"auto, (max-width: 2560px) 100vw, 2560px\" \/><img loading=\"lazy\" decoding=\"async\" class=\"alignnone size-full wp-image-45652\" src=\"https:\/\/juacontecimentos.com.br\/site\/wp-content\/uploads\/2025\/09\/IMG_20250906_084233-scaled.jpg\" alt=\"\" width=\"2560\" height=\"1444\" srcset=\"https:\/\/juacontecimentos.com.br\/site\/wp-content\/uploads\/2025\/09\/IMG_20250906_084233-scaled.jpg 2560w, https:\/\/juacontecimentos.com.br\/site\/wp-content\/uploads\/2025\/09\/IMG_20250906_084233-300x169.jpg 300w, https:\/\/juacontecimentos.com.br\/site\/wp-content\/uploads\/2025\/09\/IMG_20250906_084233-1024x578.jpg 1024w, https:\/\/juacontecimentos.com.br\/site\/wp-content\/uploads\/2025\/09\/IMG_20250906_084233-768x433.jpg 768w, https:\/\/juacontecimentos.com.br\/site\/wp-content\/uploads\/2025\/09\/IMG_20250906_084233-1536x866.jpg 1536w, https:\/\/juacontecimentos.com.br\/site\/wp-content\/uploads\/2025\/09\/IMG_20250906_084233-2048x1155.jpg 2048w\" sizes=\"auto, (max-width: 2560px) 100vw, 2560px\" \/><img loading=\"lazy\" decoding=\"async\" class=\"alignnone size-full wp-image-45654\" src=\"https:\/\/juacontecimentos.com.br\/site\/wp-content\/uploads\/2025\/09\/IMG_20250906_083733-scaled.jpg\" alt=\"\" width=\"2560\" height=\"1444\" srcset=\"https:\/\/juacontecimentos.com.br\/site\/wp-content\/uploads\/2025\/09\/IMG_20250906_083733-scaled.jpg 2560w, https:\/\/juacontecimentos.com.br\/site\/wp-content\/uploads\/2025\/09\/IMG_20250906_083733-300x169.jpg 300w, https:\/\/juacontecimentos.com.br\/site\/wp-content\/uploads\/2025\/09\/IMG_20250906_083733-1024x578.jpg 1024w, https:\/\/juacontecimentos.com.br\/site\/wp-content\/uploads\/2025\/09\/IMG_20250906_083733-768x433.jpg 768w, https:\/\/juacontecimentos.com.br\/site\/wp-content\/uploads\/2025\/09\/IMG_20250906_083733-1536x866.jpg 1536w, https:\/\/juacontecimentos.com.br\/site\/wp-content\/uploads\/2025\/09\/IMG_20250906_083733-2048x1155.jpg 2048w\" sizes=\"auto, (max-width: 2560px) 100vw, 2560px\" \/><img loading=\"lazy\" decoding=\"async\" class=\"alignnone size-full wp-image-45645\" src=\"https:\/\/juacontecimentos.com.br\/site\/wp-content\/uploads\/2025\/09\/IMG_20250906_083952-scaled.jpg\" alt=\"\" width=\"2560\" height=\"1444\" srcset=\"https:\/\/juacontecimentos.com.br\/site\/wp-content\/uploads\/2025\/09\/IMG_20250906_083952-scaled.jpg 2560w, https:\/\/juacontecimentos.com.br\/site\/wp-content\/uploads\/2025\/09\/IMG_20250906_083952-300x169.jpg 300w, https:\/\/juacontecimentos.com.br\/site\/wp-content\/uploads\/2025\/09\/IMG_20250906_083952-1024x578.jpg 1024w, https:\/\/juacontecimentos.com.br\/site\/wp-content\/uploads\/2025\/09\/IMG_20250906_083952-768x433.jpg 768w, https:\/\/juacontecimentos.com.br\/site\/wp-content\/uploads\/2025\/09\/IMG_20250906_083952-1536x866.jpg 1536w, https:\/\/juacontecimentos.com.br\/site\/wp-content\/uploads\/2025\/09\/IMG_20250906_083952-2048x1155.jpg 2048w\" sizes=\"auto, (max-width: 2560px) 100vw, 2560px\" \/><img loading=\"lazy\" decoding=\"async\" class=\"alignnone size-full wp-image-45647\" src=\"https:\/\/juacontecimentos.com.br\/site\/wp-content\/uploads\/2025\/09\/IMG_20250906_084024-scaled.jpg\" alt=\"\" width=\"2560\" height=\"1444\" srcset=\"https:\/\/juacontecimentos.com.br\/site\/wp-content\/uploads\/2025\/09\/IMG_20250906_084024-scaled.jpg 2560w, https:\/\/juacontecimentos.com.br\/site\/wp-content\/uploads\/2025\/09\/IMG_20250906_084024-300x169.jpg 300w, https:\/\/juacontecimentos.com.br\/site\/wp-content\/uploads\/2025\/09\/IMG_20250906_084024-1024x578.jpg 1024w, https:\/\/juacontecimentos.com.br\/site\/wp-content\/uploads\/2025\/09\/IMG_20250906_084024-768x433.jpg 768w, https:\/\/juacontecimentos.com.br\/site\/wp-content\/uploads\/2025\/09\/IMG_20250906_084024-1536x866.jpg 1536w, https:\/\/juacontecimentos.com.br\/site\/wp-content\/uploads\/2025\/09\/IMG_20250906_084024-2048x1155.jpg 2048w\" sizes=\"auto, (max-width: 2560px) 100vw, 2560px\" \/><img loading=\"lazy\" decoding=\"async\" class=\"alignnone size-full wp-image-45650\" src=\"https:\/\/juacontecimentos.com.br\/site\/wp-content\/uploads\/2025\/09\/IMG_20250906_083838-scaled.jpg\" alt=\"\" width=\"2560\" height=\"1444\" srcset=\"https:\/\/juacontecimentos.com.br\/site\/wp-content\/uploads\/2025\/09\/IMG_20250906_083838-scaled.jpg 2560w, https:\/\/juacontecimentos.com.br\/site\/wp-content\/uploads\/2025\/09\/IMG_20250906_083838-300x169.jpg 300w, https:\/\/juacontecimentos.com.br\/site\/wp-content\/uploads\/2025\/09\/IMG_20250906_083838-1024x578.jpg 1024w, https:\/\/juacontecimentos.com.br\/site\/wp-content\/uploads\/2025\/09\/IMG_20250906_083838-768x433.jpg 768w, https:\/\/juacontecimentos.com.br\/site\/wp-content\/uploads\/2025\/09\/IMG_20250906_083838-1536x866.jpg 1536w, https:\/\/juacontecimentos.com.br\/site\/wp-content\/uploads\/2025\/09\/IMG_20250906_083838-2048x1155.jpg 2048w\" sizes=\"auto, (max-width: 2560px) 100vw, 2560px\" \/><\/div>\n","protected":false},"excerpt":{"rendered":"<p>O prefeito de Campo Alegre de Goi\u00e1s, Douglas Sert\u00f3rio, acompanhado do vice-prefeito Bruno Saran, vereador Ney, secret\u00e1rios e assessores, esteve presente na manh\u00e3 deste s\u00e1bado, 6 de setembro, na 18\u00aa edi\u00e7\u00e3o do programa Deputados Aqui, realizado na cidade de Catal\u00e3o. O encontro reuniu autoridades, lideran\u00e7as e a popula\u00e7\u00e3o em um evento marcado pela participa\u00e7\u00e3o popular<\/p>\n","protected":false},"author":2,"featured_media":45640,"comment_status":"closed","ping_status":"closed","sticky":false,"template":"","format":"standard","meta":{"footnotes":""},"categories":[27,22,26,23],"tags":[],"class_list":["post-45638","post","type-post","status-publish","format-standard","has-post-thumbnail","hentry","category-brasil","category-catalao","category-destaque","category-goias"],"yoast_head":"<!-- This site is optimized with the Yoast SEO plugin v25.8 - https:\/\/yoast.com\/wordpress\/plugins\/seo\/ -->\n<title>Campo Alegre de Goi\u00e1s leva parceria e benef\u00edcios a Catal\u00e3o durante 18\u00aa edi\u00e7\u00e3o do &quot;Deputados Aqui&quot; - Jornal Ultimos Acontecimentos<\/title>\n<meta name=\"robots\" content=\"index, follow, max-snippet:-1, max-image-preview:large, max-video-preview:-1\" \/>\n<link rel=\"canonical\" href=\"https:\/\/juacontecimentos.com.br\/site\/campo-alegre-de-goias-leva-parceria-e-beneficios-a-catalao-durante-18a-edicao-do-deputados-aqui\/\" \/>\n<meta property=\"og:locale\" content=\"pt_BR\" \/>\n<meta property=\"og:type\" content=\"article\" \/>\n<meta property=\"og:title\" content=\"Campo Alegre de Goi\u00e1s leva parceria e benef\u00edcios a Catal\u00e3o durante 18\u00aa edi\u00e7\u00e3o do &quot;Deputados Aqui&quot; - Jornal Ultimos Acontecimentos\" \/>\n<meta property=\"og:description\" content=\"O prefeito de Campo Alegre de Goi\u00e1s, Douglas Sert\u00f3rio, acompanhado do vice-prefeito Bruno Saran, vereador Ney, secret\u00e1rios e assessores, esteve presente na manh\u00e3 deste s\u00e1bado, 6 de setembro, na 18\u00aa edi\u00e7\u00e3o do programa Deputados Aqui, realizado na cidade de Catal\u00e3o. O encontro reuniu autoridades, lideran\u00e7as e a popula\u00e7\u00e3o em um evento marcado pela participa\u00e7\u00e3o popular\" \/>\n<meta property=\"og:url\" content=\"https:\/\/juacontecimentos.com.br\/site\/campo-alegre-de-goias-leva-parceria-e-beneficios-a-catalao-durante-18a-edicao-do-deputados-aqui\/\" \/>\n<meta property=\"og:site_name\" content=\"Jornal Ultimos Acontecimentos\" \/>\n<meta property=\"article:publisher\" content=\"https:\/\/www.facebook.com\/jultimosacontecimentos\/\" \/>\n<meta property=\"article:published_time\" content=\"2025-09-06T16:52:19+00:00\" \/>\n<meta property=\"article:modified_time\" content=\"2025-09-06T17:09:19+00:00\" \/>\n<meta property=\"og:image\" content=\"https:\/\/juacontecimentos.com.br\/site\/wp-content\/uploads\/2025\/09\/IMG_20250906_084316_1-scaled.jpg\" \/>\n\t<meta property=\"og:image:width\" content=\"2560\" \/>\n\t<meta property=\"og:image:height\" content=\"1444\" \/>\n\t<meta property=\"og:image:type\" content=\"image\/jpeg\" \/>\n<meta name=\"author\" content=\"Reginaldo Ribeiro\" \/>\n<meta name=\"twitter:card\" content=\"summary_large_image\" \/>\n<meta name=\"twitter:label1\" content=\"Escrito por\" \/>\n\t<meta name=\"twitter:data1\" content=\"Reginaldo Ribeiro\" \/>\n\t<meta name=\"twitter:label2\" content=\"Est. tempo de leitura\" \/>\n\t<meta name=\"twitter:data2\" content=\"5 minutos\" \/>\n<script type=\"application\/ld+json\" class=\"yoast-schema-graph\">{\"@context\":\"https:\/\/schema.org\",\"@graph\":[{\"@type\":\"Article\",\"@id\":\"https:\/\/juacontecimentos.com.br\/site\/campo-alegre-de-goias-leva-parceria-e-beneficios-a-catalao-durante-18a-edicao-do-deputados-aqui\/#article\",\"isPartOf\":{\"@id\":\"https:\/\/juacontecimentos.com.br\/site\/campo-alegre-de-goias-leva-parceria-e-beneficios-a-catalao-durante-18a-edicao-do-deputados-aqui\/\"},\"author\":{\"name\":\"Reginaldo Ribeiro\",\"@id\":\"https:\/\/juacontecimentos.com.br\/site\/#\/schema\/person\/082a54e6d3fdd7a633291428521c9669\"},\"headline\":\"Campo Alegre de Goi\u00e1s leva parceria e benef\u00edcios a Catal\u00e3o durante 18\u00aa edi\u00e7\u00e3o do &#8220;Deputados Aqui&#8221;\",\"datePublished\":\"2025-09-06T16:52:19+00:00\",\"dateModified\":\"2025-09-06T17:09:19+00:00\",\"mainEntityOfPage\":{\"@id\":\"https:\/\/juacontecimentos.com.br\/site\/campo-alegre-de-goias-leva-parceria-e-beneficios-a-catalao-durante-18a-edicao-do-deputados-aqui\/\"},\"wordCount\":381,\"publisher\":{\"@id\":\"https:\/\/juacontecimentos.com.br\/site\/#organization\"},\"image\":{\"@id\":\"https:\/\/juacontecimentos.com.br\/site\/campo-alegre-de-goias-leva-parceria-e-beneficios-a-catalao-durante-18a-edicao-do-deputados-aqui\/#primaryimage\"},\"thumbnailUrl\":\"https:\/\/juacontecimentos.com.br\/site\/wp-content\/uploads\/2025\/09\/IMG_20250906_084316_1-scaled.jpg\",\"articleSection\":[\"Brasil\",\"Catal\u00e3o\",\"Destaque\",\"Goi\u00e1s\"],\"inLanguage\":\"pt-BR\"},{\"@type\":\"WebPage\",\"@id\":\"https:\/\/juacontecimentos.com.br\/site\/campo-alegre-de-goias-leva-parceria-e-beneficios-a-catalao-durante-18a-edicao-do-deputados-aqui\/\",\"url\":\"https:\/\/juacontecimentos.com.br\/site\/campo-alegre-de-goias-leva-parceria-e-beneficios-a-catalao-durante-18a-edicao-do-deputados-aqui\/\",\"name\":\"Campo Alegre de Goi\u00e1s leva parceria e benef\u00edcios a Catal\u00e3o durante 18\u00aa edi\u00e7\u00e3o do \\\"Deputados Aqui\\\" - Jornal Ultimos Acontecimentos\",\"isPartOf\":{\"@id\":\"https:\/\/juacontecimentos.com.br\/site\/#website\"},\"primaryImageOfPage\":{\"@id\":\"https:\/\/juacontecimentos.com.br\/site\/campo-alegre-de-goias-leva-parceria-e-beneficios-a-catalao-durante-18a-edicao-do-deputados-aqui\/#primaryimage\"},\"image\":{\"@id\":\"https:\/\/juacontecimentos.com.br\/site\/campo-alegre-de-goias-leva-parceria-e-beneficios-a-catalao-durante-18a-edicao-do-deputados-aqui\/#primaryimage\"},\"thumbnailUrl\":\"https:\/\/juacontecimentos.com.br\/site\/wp-content\/uploads\/2025\/09\/IMG_20250906_084316_1-scaled.jpg\",\"datePublished\":\"2025-09-06T16:52:19+00:00\",\"dateModified\":\"2025-09-06T17:09:19+00:00\",\"breadcrumb\":{\"@id\":\"https:\/\/juacontecimentos.com.br\/site\/campo-alegre-de-goias-leva-parceria-e-beneficios-a-catalao-durante-18a-edicao-do-deputados-aqui\/#breadcrumb\"},\"inLanguage\":\"pt-BR\",\"potentialAction\":[{\"@type\":\"ReadAction\",\"target\":[\"https:\/\/juacontecimentos.com.br\/site\/campo-alegre-de-goias-leva-parceria-e-beneficios-a-catalao-durante-18a-edicao-do-deputados-aqui\/\"]}]},{\"@type\":\"ImageObject\",\"inLanguage\":\"pt-BR\",\"@id\":\"https:\/\/juacontecimentos.com.br\/site\/campo-alegre-de-goias-leva-parceria-e-beneficios-a-catalao-durante-18a-edicao-do-deputados-aqui\/#primaryimage\",\"url\":\"https:\/\/juacontecimentos.com.br\/site\/wp-content\/uploads\/2025\/09\/IMG_20250906_084316_1-scaled.jpg\",\"contentUrl\":\"https:\/\/juacontecimentos.com.br\/site\/wp-content\/uploads\/2025\/09\/IMG_20250906_084316_1-scaled.jpg\",\"width\":2560,\"height\":1444},{\"@type\":\"BreadcrumbList\",\"@id\":\"https:\/\/juacontecimentos.com.br\/site\/campo-alegre-de-goias-leva-parceria-e-beneficios-a-catalao-durante-18a-edicao-do-deputados-aqui\/#breadcrumb\",\"itemListElement\":[{\"@type\":\"ListItem\",\"position\":1,\"name\":\"In\u00edcio\",\"item\":\"https:\/\/juacontecimentos.com.br\/site\/\"},{\"@type\":\"ListItem\",\"position\":2,\"name\":\"Campo Alegre de Goi\u00e1s leva parceria e benef\u00edcios a Catal\u00e3o durante 18\u00aa edi\u00e7\u00e3o do &#8220;Deputados Aqui&#8221;\"}]},{\"@type\":\"WebSite\",\"@id\":\"https:\/\/juacontecimentos.com.br\/site\/#website\",\"url\":\"https:\/\/juacontecimentos.com.br\/site\/\",\"name\":\"Jornal Ultimos Acontecimentos\",\"description\":\"Catal\u00e3o e regi\u00e3o\",\"publisher\":{\"@id\":\"https:\/\/juacontecimentos.com.br\/site\/#organization\"},\"potentialAction\":[{\"@type\":\"SearchAction\",\"target\":{\"@type\":\"EntryPoint\",\"urlTemplate\":\"https:\/\/juacontecimentos.com.br\/site\/?s={search_term_string}\"},\"query-input\":{\"@type\":\"PropertyValueSpecification\",\"valueRequired\":true,\"valueName\":\"search_term_string\"}}],\"inLanguage\":\"pt-BR\"},{\"@type\":\"Organization\",\"@id\":\"https:\/\/juacontecimentos.com.br\/site\/#organization\",\"name\":\"Jornal Ultimos Acontecimentos\",\"url\":\"https:\/\/juacontecimentos.com.br\/site\/\",\"logo\":{\"@type\":\"ImageObject\",\"inLanguage\":\"pt-BR\",\"@id\":\"https:\/\/juacontecimentos.com.br\/site\/#\/schema\/logo\/image\/\",\"url\":\"https:\/\/juacontecimentos.com.br\/site\/wp-content\/uploads\/2023\/04\/Logo_Site.png\",\"contentUrl\":\"https:\/\/juacontecimentos.com.br\/site\/wp-content\/uploads\/2023\/04\/Logo_Site.png\",\"width\":2476,\"height\":530,\"caption\":\"Jornal Ultimos Acontecimentos\"},\"image\":{\"@id\":\"https:\/\/juacontecimentos.com.br\/site\/#\/schema\/logo\/image\/\"},\"sameAs\":[\"https:\/\/www.facebook.com\/jultimosacontecimentos\/\"]},{\"@type\":\"Person\",\"@id\":\"https:\/\/juacontecimentos.com.br\/site\/#\/schema\/person\/082a54e6d3fdd7a633291428521c9669\",\"name\":\"Reginaldo Ribeiro\",\"image\":{\"@type\":\"ImageObject\",\"inLanguage\":\"pt-BR\",\"@id\":\"https:\/\/juacontecimentos.com.br\/site\/#\/schema\/person\/image\/\",\"url\":\"https:\/\/secure.gravatar.com\/avatar\/5c16c6837c3490270a74d888c2a845728f06bdde1f8761de1de1d1d1ef82d12f?s=96&d=mm&r=g\",\"contentUrl\":\"https:\/\/secure.gravatar.com\/avatar\/5c16c6837c3490270a74d888c2a845728f06bdde1f8761de1de1d1d1ef82d12f?s=96&d=mm&r=g\",\"caption\":\"Reginaldo Ribeiro\"}}]}<\/script>\n<!-- \/ Yoast SEO plugin. -->","yoast_head_json":{"title":"Campo Alegre de Goi\u00e1s leva parceria e benef\u00edcios a Catal\u00e3o durante 18\u00aa edi\u00e7\u00e3o do \"Deputados Aqui\" - Jornal Ultimos Acontecimentos","robots":{"index":"index","follow":"follow","max-snippet":"max-snippet:-1","max-image-preview":"max-image-preview:large","max-video-preview":"max-video-preview:-1"},"canonical":"https:\/\/juacontecimentos.com.br\/site\/campo-alegre-de-goias-leva-parceria-e-beneficios-a-catalao-durante-18a-edicao-do-deputados-aqui\/","og_locale":"pt_BR","og_type":"article","og_title":"Campo Alegre de Goi\u00e1s leva parceria e benef\u00edcios a Catal\u00e3o durante 18\u00aa edi\u00e7\u00e3o do \"Deputados Aqui\" - Jornal Ultimos Acontecimentos","og_description":"O prefeito de Campo Alegre de Goi\u00e1s, Douglas Sert\u00f3rio, acompanhado do vice-prefeito Bruno Saran, vereador Ney, secret\u00e1rios e assessores, esteve presente na manh\u00e3 deste s\u00e1bado, 6 de setembro, na 18\u00aa edi\u00e7\u00e3o do programa Deputados Aqui, realizado na cidade de Catal\u00e3o. O encontro reuniu autoridades, lideran\u00e7as e a popula\u00e7\u00e3o em um evento marcado pela participa\u00e7\u00e3o popular","og_url":"https:\/\/juacontecimentos.com.br\/site\/campo-alegre-de-goias-leva-parceria-e-beneficios-a-catalao-durante-18a-edicao-do-deputados-aqui\/","og_site_name":"Jornal Ultimos Acontecimentos","article_publisher":"https:\/\/www.facebook.com\/jultimosacontecimentos\/","article_published_time":"2025-09-06T16:52:19+00:00","article_modified_time":"2025-09-06T17:09:19+00:00","og_image":[{"width":2560,"height":1444,"url":"https:\/\/juacontecimentos.com.br\/site\/wp-content\/uploads\/2025\/09\/IMG_20250906_084316_1-scaled.jpg","type":"image\/jpeg"}],"author":"Reginaldo Ribeiro","twitter_card":"summary_large_image","twitter_misc":{"Escrito por":"Reginaldo Ribeiro","Est. tempo de leitura":"5 minutos"},"schema":{"@context":"https:\/\/schema.org","@graph":[{"@type":"Article","@id":"https:\/\/juacontecimentos.com.br\/site\/campo-alegre-de-goias-leva-parceria-e-beneficios-a-catalao-durante-18a-edicao-do-deputados-aqui\/#article","isPartOf":{"@id":"https:\/\/juacontecimentos.com.br\/site\/campo-alegre-de-goias-leva-parceria-e-beneficios-a-catalao-durante-18a-edicao-do-deputados-aqui\/"},"author":{"name":"Reginaldo Ribeiro","@id":"https:\/\/juacontecimentos.com.br\/site\/#\/schema\/person\/082a54e6d3fdd7a633291428521c9669"},"headline":"Campo Alegre de Goi\u00e1s leva parceria e benef\u00edcios a Catal\u00e3o durante 18\u00aa edi\u00e7\u00e3o do &#8220;Deputados Aqui&#8221;","datePublished":"2025-09-06T16:52:19+00:00","dateModified":"2025-09-06T17:09:19+00:00","mainEntityOfPage":{"@id":"https:\/\/juacontecimentos.com.br\/site\/campo-alegre-de-goias-leva-parceria-e-beneficios-a-catalao-durante-18a-edicao-do-deputados-aqui\/"},"wordCount":381,"publisher":{"@id":"https:\/\/juacontecimentos.com.br\/site\/#organization"},"image":{"@id":"https:\/\/juacontecimentos.com.br\/site\/campo-alegre-de-goias-leva-parceria-e-beneficios-a-catalao-durante-18a-edicao-do-deputados-aqui\/#primaryimage"},"thumbnailUrl":"https:\/\/juacontecimentos.com.br\/site\/wp-content\/uploads\/2025\/09\/IMG_20250906_084316_1-scaled.jpg","articleSection":["Brasil","Catal\u00e3o","Destaque","Goi\u00e1s"],"inLanguage":"pt-BR"},{"@type":"WebPage","@id":"https:\/\/juacontecimentos.com.br\/site\/campo-alegre-de-goias-leva-parceria-e-beneficios-a-catalao-durante-18a-edicao-do-deputados-aqui\/","url":"https:\/\/juacontecimentos.com.br\/site\/campo-alegre-de-goias-leva-parceria-e-beneficios-a-catalao-durante-18a-edicao-do-deputados-aqui\/","name":"Campo Alegre de Goi\u00e1s leva parceria e benef\u00edcios a Catal\u00e3o durante 18\u00aa edi\u00e7\u00e3o do \"Deputados Aqui\" - Jornal Ultimos Acontecimentos","isPartOf":{"@id":"https:\/\/juacontecimentos.com.br\/site\/#website"},"primaryImageOfPage":{"@id":"https:\/\/juacontecimentos.com.br\/site\/campo-alegre-de-goias-leva-parceria-e-beneficios-a-catalao-durante-18a-edicao-do-deputados-aqui\/#primaryimage"},"image":{"@id":"https:\/\/juacontecimentos.com.br\/site\/campo-alegre-de-goias-leva-parceria-e-beneficios-a-catalao-durante-18a-edicao-do-deputados-aqui\/#primaryimage"},"thumbnailUrl":"https:\/\/juacontecimentos.com.br\/site\/wp-content\/uploads\/2025\/09\/IMG_20250906_084316_1-scaled.jpg","datePublished":"2025-09-06T16:52:19+00:00","dateModified":"2025-09-06T17:09:19+00:00","breadcrumb":{"@id":"https:\/\/juacontecimentos.com.br\/site\/campo-alegre-de-goias-leva-parceria-e-beneficios-a-catalao-durante-18a-edicao-do-deputados-aqui\/#breadcrumb"},"inLanguage":"pt-BR","potentialAction":[{"@type":"ReadAction","target":["https:\/\/juacontecimentos.com.br\/site\/campo-alegre-de-goias-leva-parceria-e-beneficios-a-catalao-durante-18a-edicao-do-deputados-aqui\/"]}]},{"@type":"ImageObject","inLanguage":"pt-BR","@id":"https:\/\/juacontecimentos.com.br\/site\/campo-alegre-de-goias-leva-parceria-e-beneficios-a-catalao-durante-18a-edicao-do-deputados-aqui\/#primaryimage","url":"https:\/\/juacontecimentos.com.br\/site\/wp-content\/uploads\/2025\/09\/IMG_20250906_084316_1-scaled.jpg","contentUrl":"https:\/\/juacontecimentos.com.br\/site\/wp-content\/uploads\/2025\/09\/IMG_20250906_084316_1-scaled.jpg","width":2560,"height":1444},{"@type":"BreadcrumbList","@id":"https:\/\/juacontecimentos.com.br\/site\/campo-alegre-de-goias-leva-parceria-e-beneficios-a-catalao-durante-18a-edicao-do-deputados-aqui\/#breadcrumb","itemListElement":[{"@type":"ListItem","position":1,"name":"In\u00edcio","item":"https:\/\/juacontecimentos.com.br\/site\/"},{"@type":"ListItem","position":2,"name":"Campo Alegre de Goi\u00e1s leva parceria e benef\u00edcios a Catal\u00e3o durante 18\u00aa edi\u00e7\u00e3o do &#8220;Deputados Aqui&#8221;"}]},{"@type":"WebSite","@id":"https:\/\/juacontecimentos.com.br\/site\/#website","url":"https:\/\/juacontecimentos.com.br\/site\/","name":"Jornal Ultimos Acontecimentos","description":"Catal\u00e3o e regi\u00e3o","publisher":{"@id":"https:\/\/juacontecimentos.com.br\/site\/#organization"},"potentialAction":[{"@type":"SearchAction","target":{"@type":"EntryPoint","urlTemplate":"https:\/\/juacontecimentos.com.br\/site\/?s={search_term_string}"},"query-input":{"@type":"PropertyValueSpecification","valueRequired":true,"valueName":"search_term_string"}}],"inLanguage":"pt-BR"},{"@type":"Organization","@id":"https:\/\/juacontecimentos.com.br\/site\/#organization","name":"Jornal Ultimos Acontecimentos","url":"https:\/\/juacontecimentos.com.br\/site\/","logo":{"@type":"ImageObject","inLanguage":"pt-BR","@id":"https:\/\/juacontecimentos.com.br\/site\/#\/schema\/logo\/image\/","url":"https:\/\/juacontecimentos.com.br\/site\/wp-content\/uploads\/2023\/04\/Logo_Site.png","contentUrl":"https:\/\/juacontecimentos.com.br\/site\/wp-content\/uploads\/2023\/04\/Logo_Site.png","width":2476,"height":530,"caption":"Jornal Ultimos Acontecimentos"},"image":{"@id":"https:\/\/juacontecimentos.com.br\/site\/#\/schema\/logo\/image\/"},"sameAs":["https:\/\/www.facebook.com\/jultimosacontecimentos\/"]},{"@type":"Person","@id":"https:\/\/juacontecimentos.com.br\/site\/#\/schema\/person\/082a54e6d3fdd7a633291428521c9669","name":"Reginaldo Ribeiro","image":{"@type":"ImageObject","inLanguage":"pt-BR","@id":"https:\/\/juacontecimentos.com.br\/site\/#\/schema\/person\/image\/","url":"https:\/\/secure.gravatar.com\/avatar\/5c16c6837c3490270a74d888c2a845728f06bdde1f8761de1de1d1d1ef82d12f?s=96&d=mm&r=g","contentUrl":"https:\/\/secure.gravatar.com\/avatar\/5c16c6837c3490270a74d888c2a845728f06bdde1f8761de1de1d1d1ef82d12f?s=96&d=mm&r=g","caption":"Reginaldo Ribeiro"}}]}},"_links":{"self":[{"href":"https:\/\/juacontecimentos.com.br\/site\/wp-json\/wp\/v2\/posts\/45638","targetHints":{"allow":["GET"]}}],"collection":[{"href":"https:\/\/juacontecimentos.com.br\/site\/wp-json\/wp\/v2\/posts"}],"about":[{"href":"https:\/\/juacontecimentos.com.br\/site\/wp-json\/wp\/v2\/types\/post"}],"author":[{"embeddable":true,"href":"https:\/\/juacontecimentos.com.br\/site\/wp-json\/wp\/v2\/users\/2"}],"replies":[{"embeddable":true,"href":"https:\/\/juacontecimentos.com.br\/site\/wp-json\/wp\/v2\/comments?post=45638"}],"version-history":[{"count":4,"href":"https:\/\/juacontecimentos.com.br\/site\/wp-json\/wp\/v2\/posts\/45638\/revisions"}],"predecessor-version":[{"id":45672,"href":"https:\/\/juacontecimentos.com.br\/site\/wp-json\/wp\/v2\/posts\/45638\/revisions\/45672"}],"wp:featuredmedia":[{"embeddable":true,"href":"https:\/\/juacontecimentos.com.br\/site\/wp-json\/wp\/v2\/media\/45640"}],"wp:attachment":[{"href":"https:\/\/juacontecimentos.com.br\/site\/wp-json\/wp\/v2\/media?parent=45638"}],"wp:term":[{"taxonomy":"category","embeddable":true,"href":"https:\/\/juacontecimentos.com.br\/site\/wp-json\/wp\/v2\/categories?post=45638"},{"taxonomy":"post_tag","embeddable":true,"href":"https:\/\/juacontecimentos.com.br\/site\/wp-json\/wp\/v2\/tags?post=45638"}],"curies":[{"name":"wp","href":"https:\/\/api.w.org\/{rel}","templated":true}]}}