{"id":45960,"date":"2025-09-29T19:45:32","date_gmt":"2025-09-29T22:45:32","guid":{"rendered":"https:\/\/juacontecimentos.com.br\/site\/?p=45960"},"modified":"2025-09-29T19:48:57","modified_gmt":"2025-09-29T22:48:57","slug":"lula-sanciona-lei-que-muda-clt-e-prorroga-licenca-e-salario-maternidade-apos-internacao-prolongada","status":"publish","type":"post","link":"https:\/\/juacontecimentos.com.br\/site\/lula-sanciona-lei-que-muda-clt-e-prorroga-licenca-e-salario-maternidade-apos-internacao-prolongada\/","title":{"rendered":"Lula sanciona lei que muda CLT e prorroga licen\u00e7a e sal\u00e1rio-maternidade ap\u00f3s interna\u00e7\u00e3o prolongada"},"content":{"rendered":"<div class=\"container py-4\">\n<div class=\"row\">\n<h2 class=\"col-md-12\"><span class=\"linha-fina\">Ato ocorreu na abertura da 5\u00aa Confer\u00eancia Nacional de Pol\u00edticas para Mulheres, que voltou a ser realizada ap\u00f3s dez anos, com presen\u00e7a de ministras e 4 mil mulheres<\/span><\/h2>\n<\/div>\n<div id=\"attachment_45962\" style=\"width: 2570px\" class=\"wp-caption alignnone\"><img loading=\"lazy\" decoding=\"async\" aria-describedby=\"caption-attachment-45962\" class=\"size-full wp-image-45962\" src=\"https:\/\/juacontecimentos.com.br\/site\/wp-content\/uploads\/2025\/09\/rrrrrr-scaled.jpg\" alt=\"\" width=\"2560\" height=\"1611\" srcset=\"https:\/\/juacontecimentos.com.br\/site\/wp-content\/uploads\/2025\/09\/rrrrrr-scaled.jpg 2560w, https:\/\/juacontecimentos.com.br\/site\/wp-content\/uploads\/2025\/09\/rrrrrr-300x189.jpg 300w, https:\/\/juacontecimentos.com.br\/site\/wp-content\/uploads\/2025\/09\/rrrrrr-1024x644.jpg 1024w, https:\/\/juacontecimentos.com.br\/site\/wp-content\/uploads\/2025\/09\/rrrrrr-768x483.jpg 768w, https:\/\/juacontecimentos.com.br\/site\/wp-content\/uploads\/2025\/09\/rrrrrr-1536x967.jpg 1536w, https:\/\/juacontecimentos.com.br\/site\/wp-content\/uploads\/2025\/09\/rrrrrr-2048x1289.jpg 2048w\" sizes=\"auto, (max-width: 2560px) 100vw, 2560px\" \/><p id=\"caption-attachment-45962\" class=\"wp-caption-text\">Lula e Janja na abertura da Confer\u00eancia Nacional de Pol\u00edticas para Mulheres &#8211; Foto Ricardo Stuckert PR<\/p><\/div>\n<p>O presidente Luiz In\u00e1cio Lula da Silva (PT) sancionou, nesta segunda-feira (29), lei que altera a Consolida\u00e7\u00e3o das Leis do Trabalho (CLT) e amplia a licen\u00e7a-maternidade em situa\u00e7\u00f5es de interna\u00e7\u00e3o prolongada de rec\u00e9m-nascidos ou m\u00e3es. O ato ocorreu durante a abertura da 5\u00aa Confer\u00eancia Nacional de Pol\u00edticas para Mulheres (CNPM), em Bras\u00edlia, evento que n\u00e3o acontecia h\u00e1 dez anos.<\/p>\n<p>O texto garante a extens\u00e3o da licen\u00e7a-maternidade e pagamento do sal\u00e1rio-maternidade quando m\u00e3e ou rec\u00e9m-nascido ficarem internados por mais de duas semanas por complica\u00e7\u00f5es ap\u00f3s o parto. Assim, o afastamento se estender\u00e1 por 120 dias ap\u00f3s a alta, descontando-se o tempo de repouso anterior ao parto, caso haja.<\/p>\n<p>Al\u00e9m da CLT e o texto tamb\u00e9m muda a Lei de Benef\u00edcios da Previd\u00eancia Social para que o sal\u00e1rio-maternidade seja pago durante o per\u00edodo de interna\u00e7\u00e3o e por mais 120 dias ap\u00f3s a alta, descontando-se ainda o tempo de recebimento do benef\u00edcio anterior ao parto, se for o caso.<\/p>\n<p>Atualmente a prorroga\u00e7\u00e3o de ambos os benef\u00edcios \u00e9 amparada por jurisprud\u00eancia do Supremo Tribunal Federal (STF), mas agora fica definida na legisla\u00e7\u00e3o brasileira.<\/p>\n<h3 id=\"h-conferencia-com-4-mil-mulheres\" class=\"wp-block-heading\">Confer\u00eancia com 4 mil mulheres<\/h3>\n<p>O ato do presidente marcou a abertura da 5\u00aa Confer\u00eancia Nacional de Pol\u00edticas para as Mulheres, que ocorre at\u00e9 quarta-feira (1\u00ba), em Bras\u00edlia, com o tema \u201cMais Democracia, Mais Igualdade, Mais Conquistas para Todas\u201d.<\/p>\n<p>A Confer\u00eancia re\u00fane cerca de 4 mil participantes de todas as regi\u00f5es do pa\u00eds e teve a presen\u00e7a de todas as ministras do governo e da Primeira-Dama, Janja. Lula disse no evento que Janja dever\u00e1 acompanh\u00e1-lo em eventual encontro com o presidente dos Estados Unidos, Donald Trump.<\/p>\n<h3 id=\"h-ultima-conferencia-foi-em-2016\" class=\"wp-block-heading\">\u00daltima confer\u00eancia foi em 2016<\/h3>\n<p>De acordo com o governo, a confer\u00eancia marca a retomada da \u201cprincipal inst\u00e2ncia de participa\u00e7\u00e3o social voltada \u00e0 promo\u00e7\u00e3o da igualdade de g\u00eanero no Brasil\u201d. A \u00faltima edi\u00e7\u00e3o do evento ocorreu em 2016, no governo da presidenta Dilma Rousseff.<\/p>\n<p>Para Lula, n\u00e3o existe democracia sem ouvir as mulheres, e a\u00e7\u00f5es cont\u00ednuas s\u00e3o necess\u00e1rias para que seus direitos n\u00e3o retrocedam.<\/p>\n<blockquote class=\"wp-block-quote is-layout-flow wp-block-quote-is-layout-flow\"><p>Essa confer\u00eancia \u00e9 tamb\u00e9m um grito contra o sil\u00eancio. Um grito pela liberdade das mulheres falarem o que quiserem, quando quiserem e onde quiserem. N\u00e3o h\u00e1 democracia plena sem a voz das mulheres. De todas as mulheres, pretas, brancas, ind\u00edgenas, do campo e da cidade, trabalhadoras, dom\u00e9sticas, empres\u00e1rias, profissionais liberais, que trabalham fora ou se dedicam a cuidar da fam\u00edlia \u2013 Luiz In\u00e1cio Lula da Silva<\/p><\/blockquote>\n<p>Ele seguiu chamando de golpe o impeachment da ex-presidente Dilma, primeira mulher a governar o Brasil: \u201c(\u2026) Foi tamb\u00e9m a tentativa de calar milh\u00f5es de vozes femininas, porque o autoritarismo n\u00e3o apenas odeia, ele tamb\u00e9m teme as mulheres. Estruturas de prote\u00e7\u00e3o foram desmontadas, discursos preconceituosos, \u00a0violentos e carregados de \u00f3dio ecoaram do mais alto escal\u00e3o da Rep\u00fablica e fizeram das mulheres um dos seus alvos preferidos\u201d.<\/p>\n<h3 id=\"h-igualdade-salarial\" class=\"wp-block-heading\">Igualdade salarial<\/h3>\n<p>O presidente destacou algumas a\u00e7\u00f5es desenvolvidas ao longo dos \u00faltimos anos, entre elas o plano de igualdade salarial, que, segundo Lula, \u201c\u00e9 briga antiga\u201d dos movimentos femininos organizados. De acordo com ele, ainda h\u00e1 muita luta pela frente para que a lei seja efetivamente implementada.<\/p>\n<p>\u201cEntre a gente aprovar uma lei, entre a gente regulamentar, e as mulheres come\u00e7arem a receber o sal\u00e1rio igual, ainda vai ter muita briga, vai ter muito processo, vai ter muita Justi\u00e7a, porque \u00e9 dif\u00edcil voc\u00ea fazer as pessoas mudarem de h\u00e1bito quando se trata de colocar um pouquinho de dindin na m\u00e3o do povo trabalhador\u201d, disse Lula.<\/p>\n<h3 id=\"h-semana-da-gestante\" class=\"wp-block-heading\">Semana da Gestante<\/h3>\n<p>Durante o evento, o presidente ainda sancionou a lei que institui a Semana Nacional de Conscientiza\u00e7\u00e3o sobre os Cuidados com as Gestantes e com M\u00e3es, na semana de 15 de agosto, data em que se comemora o Dia da Gestante. O objetivo \u00e9 divulgar informa\u00e7\u00f5es e direitos relacionados \u00e0 sa\u00fade da mulher com \u00eanfase nos primeiros mil dias \u2013 da gesta\u00e7\u00e3o at\u00e9 o segundo ano de vida da crian\u00e7a \u2013 de forma a estimular o desenvolvimento integral da primeira inf\u00e2ncia.<\/p>\n<h3 id=\"h-novo-plano-nacional-de-politicas-para-mulheres\" class=\"wp-block-heading\">Novo Plano Nacional de Pol\u00edticas para Mulheres<\/h3>\n<p>A ministra das Mulheres, M\u00e1rcia Lopes, destacou que as propostas constru\u00eddas durante o encontro, que foi precedido de etapas preparat\u00f3rias, servir\u00e3o de base para a atualiza\u00e7\u00e3o do novo Plano Nacional de Pol\u00edticas para as Mulheres.<\/p>\n<p>\u201cO futuro \u00e9 uma semente que j\u00e1 germina nas nossas m\u00e3os. Cada palavra, cada proposta e cada gesto vivido nesta confer\u00eancia regar\u00e3o esta semente. O que construiremos juntas nestes dias ser\u00e1 raiz firme e tronco vigoroso para garantir dignidade, direitos e igualdade para todas n\u00f3s. Ser\u00e3o tamb\u00e9m asas abertas e fortes que nos conduzir\u00e3o \u00e0 esperan\u00e7a da manh\u00e3 t\u00e3o desejada, liberdade, justi\u00e7a e de plenitude para todas as mulheres, sem nenhuma viol\u00eancia\u201d, disse ela.<\/p>\n<p>Os debates centrais abordar\u00e3o o enfrentamento \u00e0s desigualdades sociais, econ\u00f4micas e raciais; fortalecimento da participa\u00e7\u00e3o pol\u00edtica das mulheres; enfrentamento \u00e0 viol\u00eancia de g\u00eanero; as pol\u00edticas de cuidado e autonomia econ\u00f4mica; e a articula\u00e7\u00e3o intersetorial entre governo e sociedade civil.<\/p>\n<\/div>\n<div class=\"container pb-4 p-relative\">\n<div class=\"row\">\n<div class=\"col-md-12\">\n<div class=\"post-meta\">\n<div class=\"row align-items-center\">\n<div class=\"col-6 d-flex align-items-center\"><\/div>\n<\/div>\n<\/div>\n<\/div>\n<\/div>\n<\/div>\n","protected":false},"excerpt":{"rendered":"<p>Ato ocorreu na abertura da 5\u00aa Confer\u00eancia Nacional de Pol\u00edticas para Mulheres, que voltou a ser realizada ap\u00f3s dez anos, com presen\u00e7a de ministras e 4 mil mulheres O presidente Luiz In\u00e1cio Lula da Silva (PT) sancionou, nesta segunda-feira (29), lei que altera a Consolida\u00e7\u00e3o das Leis do Trabalho (CLT) e amplia a licen\u00e7a-maternidade em<\/p>\n","protected":false},"author":2,"featured_media":45962,"comment_status":"closed","ping_status":"closed","sticky":false,"template":"","format":"standard","meta":{"footnotes":""},"categories":[27,22,26,23],"tags":[],"class_list":["post-45960","post","type-post","status-publish","format-standard","has-post-thumbnail","hentry","category-brasil","category-catalao","category-destaque","category-goias"],"yoast_head":"<!-- This site is optimized with the Yoast SEO plugin v25.8 - https:\/\/yoast.com\/wordpress\/plugins\/seo\/ -->\n<title>Lula sanciona lei que muda CLT e prorroga licen\u00e7a e sal\u00e1rio-maternidade ap\u00f3s interna\u00e7\u00e3o prolongada - Jornal Ultimos Acontecimentos<\/title>\n<meta name=\"robots\" content=\"index, follow, max-snippet:-1, max-image-preview:large, max-video-preview:-1\" \/>\n<link rel=\"canonical\" href=\"https:\/\/juacontecimentos.com.br\/site\/lula-sanciona-lei-que-muda-clt-e-prorroga-licenca-e-salario-maternidade-apos-internacao-prolongada\/\" \/>\n<meta property=\"og:locale\" content=\"pt_BR\" \/>\n<meta property=\"og:type\" content=\"article\" \/>\n<meta property=\"og:title\" content=\"Lula sanciona lei que muda CLT e prorroga licen\u00e7a e sal\u00e1rio-maternidade ap\u00f3s interna\u00e7\u00e3o prolongada - Jornal Ultimos Acontecimentos\" \/>\n<meta property=\"og:description\" content=\"Ato ocorreu na abertura da 5\u00aa Confer\u00eancia Nacional de Pol\u00edticas para Mulheres, que voltou a ser realizada ap\u00f3s dez anos, com presen\u00e7a de ministras e 4 mil mulheres O presidente Luiz In\u00e1cio Lula da Silva (PT) sancionou, nesta segunda-feira (29), lei que altera a Consolida\u00e7\u00e3o das Leis do Trabalho (CLT) e amplia a licen\u00e7a-maternidade em\" \/>\n<meta property=\"og:url\" content=\"https:\/\/juacontecimentos.com.br\/site\/lula-sanciona-lei-que-muda-clt-e-prorroga-licenca-e-salario-maternidade-apos-internacao-prolongada\/\" \/>\n<meta property=\"og:site_name\" content=\"Jornal Ultimos Acontecimentos\" \/>\n<meta property=\"article:publisher\" content=\"https:\/\/www.facebook.com\/jultimosacontecimentos\/\" \/>\n<meta property=\"article:published_time\" content=\"2025-09-29T22:45:32+00:00\" \/>\n<meta property=\"article:modified_time\" content=\"2025-09-29T22:48:57+00:00\" \/>\n<meta property=\"og:image\" content=\"https:\/\/juacontecimentos.com.br\/site\/wp-content\/uploads\/2025\/09\/rrrrrr-scaled.jpg\" \/>\n\t<meta property=\"og:image:width\" content=\"2560\" \/>\n\t<meta property=\"og:image:height\" content=\"1611\" \/>\n\t<meta property=\"og:image:type\" content=\"image\/jpeg\" \/>\n<meta name=\"author\" content=\"Reginaldo Ribeiro\" \/>\n<meta name=\"twitter:card\" content=\"summary_large_image\" \/>\n<meta name=\"twitter:label1\" content=\"Escrito por\" \/>\n\t<meta name=\"twitter:data1\" content=\"Reginaldo Ribeiro\" \/>\n\t<meta name=\"twitter:label2\" content=\"Est. tempo de leitura\" \/>\n\t<meta name=\"twitter:data2\" content=\"5 minutos\" \/>\n<script type=\"application\/ld+json\" class=\"yoast-schema-graph\">{\"@context\":\"https:\/\/schema.org\",\"@graph\":[{\"@type\":\"Article\",\"@id\":\"https:\/\/juacontecimentos.com.br\/site\/lula-sanciona-lei-que-muda-clt-e-prorroga-licenca-e-salario-maternidade-apos-internacao-prolongada\/#article\",\"isPartOf\":{\"@id\":\"https:\/\/juacontecimentos.com.br\/site\/lula-sanciona-lei-que-muda-clt-e-prorroga-licenca-e-salario-maternidade-apos-internacao-prolongada\/\"},\"author\":{\"name\":\"Reginaldo Ribeiro\",\"@id\":\"https:\/\/juacontecimentos.com.br\/site\/#\/schema\/person\/082a54e6d3fdd7a633291428521c9669\"},\"headline\":\"Lula sanciona lei que muda CLT e prorroga licen\u00e7a e sal\u00e1rio-maternidade ap\u00f3s interna\u00e7\u00e3o prolongada\",\"datePublished\":\"2025-09-29T22:45:32+00:00\",\"dateModified\":\"2025-09-29T22:48:57+00:00\",\"mainEntityOfPage\":{\"@id\":\"https:\/\/juacontecimentos.com.br\/site\/lula-sanciona-lei-que-muda-clt-e-prorroga-licenca-e-salario-maternidade-apos-internacao-prolongada\/\"},\"wordCount\":965,\"publisher\":{\"@id\":\"https:\/\/juacontecimentos.com.br\/site\/#organization\"},\"image\":{\"@id\":\"https:\/\/juacontecimentos.com.br\/site\/lula-sanciona-lei-que-muda-clt-e-prorroga-licenca-e-salario-maternidade-apos-internacao-prolongada\/#primaryimage\"},\"thumbnailUrl\":\"https:\/\/juacontecimentos.com.br\/site\/wp-content\/uploads\/2025\/09\/rrrrrr-scaled.jpg\",\"articleSection\":[\"Brasil\",\"Catal\u00e3o\",\"Destaque\",\"Goi\u00e1s\"],\"inLanguage\":\"pt-BR\"},{\"@type\":\"WebPage\",\"@id\":\"https:\/\/juacontecimentos.com.br\/site\/lula-sanciona-lei-que-muda-clt-e-prorroga-licenca-e-salario-maternidade-apos-internacao-prolongada\/\",\"url\":\"https:\/\/juacontecimentos.com.br\/site\/lula-sanciona-lei-que-muda-clt-e-prorroga-licenca-e-salario-maternidade-apos-internacao-prolongada\/\",\"name\":\"Lula sanciona lei que muda CLT e prorroga licen\u00e7a e sal\u00e1rio-maternidade ap\u00f3s interna\u00e7\u00e3o prolongada - Jornal Ultimos Acontecimentos\",\"isPartOf\":{\"@id\":\"https:\/\/juacontecimentos.com.br\/site\/#website\"},\"primaryImageOfPage\":{\"@id\":\"https:\/\/juacontecimentos.com.br\/site\/lula-sanciona-lei-que-muda-clt-e-prorroga-licenca-e-salario-maternidade-apos-internacao-prolongada\/#primaryimage\"},\"image\":{\"@id\":\"https:\/\/juacontecimentos.com.br\/site\/lula-sanciona-lei-que-muda-clt-e-prorroga-licenca-e-salario-maternidade-apos-internacao-prolongada\/#primaryimage\"},\"thumbnailUrl\":\"https:\/\/juacontecimentos.com.br\/site\/wp-content\/uploads\/2025\/09\/rrrrrr-scaled.jpg\",\"datePublished\":\"2025-09-29T22:45:32+00:00\",\"dateModified\":\"2025-09-29T22:48:57+00:00\",\"breadcrumb\":{\"@id\":\"https:\/\/juacontecimentos.com.br\/site\/lula-sanciona-lei-que-muda-clt-e-prorroga-licenca-e-salario-maternidade-apos-internacao-prolongada\/#breadcrumb\"},\"inLanguage\":\"pt-BR\",\"potentialAction\":[{\"@type\":\"ReadAction\",\"target\":[\"https:\/\/juacontecimentos.com.br\/site\/lula-sanciona-lei-que-muda-clt-e-prorroga-licenca-e-salario-maternidade-apos-internacao-prolongada\/\"]}]},{\"@type\":\"ImageObject\",\"inLanguage\":\"pt-BR\",\"@id\":\"https:\/\/juacontecimentos.com.br\/site\/lula-sanciona-lei-que-muda-clt-e-prorroga-licenca-e-salario-maternidade-apos-internacao-prolongada\/#primaryimage\",\"url\":\"https:\/\/juacontecimentos.com.br\/site\/wp-content\/uploads\/2025\/09\/rrrrrr-scaled.jpg\",\"contentUrl\":\"https:\/\/juacontecimentos.com.br\/site\/wp-content\/uploads\/2025\/09\/rrrrrr-scaled.jpg\",\"width\":2560,\"height\":1611,\"caption\":\"Lula e Janja na abertura da Confer\u00eancia Nacional de Pol\u00edticas para Mulheres - Foto Ricardo Stuckert PR\"},{\"@type\":\"BreadcrumbList\",\"@id\":\"https:\/\/juacontecimentos.com.br\/site\/lula-sanciona-lei-que-muda-clt-e-prorroga-licenca-e-salario-maternidade-apos-internacao-prolongada\/#breadcrumb\",\"itemListElement\":[{\"@type\":\"ListItem\",\"position\":1,\"name\":\"In\u00edcio\",\"item\":\"https:\/\/juacontecimentos.com.br\/site\/\"},{\"@type\":\"ListItem\",\"position\":2,\"name\":\"Lula sanciona lei que muda CLT e prorroga licen\u00e7a e sal\u00e1rio-maternidade ap\u00f3s interna\u00e7\u00e3o prolongada\"}]},{\"@type\":\"WebSite\",\"@id\":\"https:\/\/juacontecimentos.com.br\/site\/#website\",\"url\":\"https:\/\/juacontecimentos.com.br\/site\/\",\"name\":\"Jornal Ultimos Acontecimentos\",\"description\":\"Catal\u00e3o e regi\u00e3o\",\"publisher\":{\"@id\":\"https:\/\/juacontecimentos.com.br\/site\/#organization\"},\"potentialAction\":[{\"@type\":\"SearchAction\",\"target\":{\"@type\":\"EntryPoint\",\"urlTemplate\":\"https:\/\/juacontecimentos.com.br\/site\/?s={search_term_string}\"},\"query-input\":{\"@type\":\"PropertyValueSpecification\",\"valueRequired\":true,\"valueName\":\"search_term_string\"}}],\"inLanguage\":\"pt-BR\"},{\"@type\":\"Organization\",\"@id\":\"https:\/\/juacontecimentos.com.br\/site\/#organization\",\"name\":\"Jornal Ultimos Acontecimentos\",\"url\":\"https:\/\/juacontecimentos.com.br\/site\/\",\"logo\":{\"@type\":\"ImageObject\",\"inLanguage\":\"pt-BR\",\"@id\":\"https:\/\/juacontecimentos.com.br\/site\/#\/schema\/logo\/image\/\",\"url\":\"https:\/\/juacontecimentos.com.br\/site\/wp-content\/uploads\/2023\/04\/Logo_Site.png\",\"contentUrl\":\"https:\/\/juacontecimentos.com.br\/site\/wp-content\/uploads\/2023\/04\/Logo_Site.png\",\"width\":2476,\"height\":530,\"caption\":\"Jornal Ultimos Acontecimentos\"},\"image\":{\"@id\":\"https:\/\/juacontecimentos.com.br\/site\/#\/schema\/logo\/image\/\"},\"sameAs\":[\"https:\/\/www.facebook.com\/jultimosacontecimentos\/\"]},{\"@type\":\"Person\",\"@id\":\"https:\/\/juacontecimentos.com.br\/site\/#\/schema\/person\/082a54e6d3fdd7a633291428521c9669\",\"name\":\"Reginaldo Ribeiro\",\"image\":{\"@type\":\"ImageObject\",\"inLanguage\":\"pt-BR\",\"@id\":\"https:\/\/juacontecimentos.com.br\/site\/#\/schema\/person\/image\/\",\"url\":\"https:\/\/secure.gravatar.com\/avatar\/5c16c6837c3490270a74d888c2a845728f06bdde1f8761de1de1d1d1ef82d12f?s=96&d=mm&r=g\",\"contentUrl\":\"https:\/\/secure.gravatar.com\/avatar\/5c16c6837c3490270a74d888c2a845728f06bdde1f8761de1de1d1d1ef82d12f?s=96&d=mm&r=g\",\"caption\":\"Reginaldo Ribeiro\"}}]}<\/script>\n<!-- \/ Yoast SEO plugin. -->","yoast_head_json":{"title":"Lula sanciona lei que muda CLT e prorroga licen\u00e7a e sal\u00e1rio-maternidade ap\u00f3s interna\u00e7\u00e3o prolongada - Jornal Ultimos Acontecimentos","robots":{"index":"index","follow":"follow","max-snippet":"max-snippet:-1","max-image-preview":"max-image-preview:large","max-video-preview":"max-video-preview:-1"},"canonical":"https:\/\/juacontecimentos.com.br\/site\/lula-sanciona-lei-que-muda-clt-e-prorroga-licenca-e-salario-maternidade-apos-internacao-prolongada\/","og_locale":"pt_BR","og_type":"article","og_title":"Lula sanciona lei que muda CLT e prorroga licen\u00e7a e sal\u00e1rio-maternidade ap\u00f3s interna\u00e7\u00e3o prolongada - Jornal Ultimos Acontecimentos","og_description":"Ato ocorreu na abertura da 5\u00aa Confer\u00eancia Nacional de Pol\u00edticas para Mulheres, que voltou a ser realizada ap\u00f3s dez anos, com presen\u00e7a de ministras e 4 mil mulheres O presidente Luiz In\u00e1cio Lula da Silva (PT) sancionou, nesta segunda-feira (29), lei que altera a Consolida\u00e7\u00e3o das Leis do Trabalho (CLT) e amplia a licen\u00e7a-maternidade em","og_url":"https:\/\/juacontecimentos.com.br\/site\/lula-sanciona-lei-que-muda-clt-e-prorroga-licenca-e-salario-maternidade-apos-internacao-prolongada\/","og_site_name":"Jornal Ultimos Acontecimentos","article_publisher":"https:\/\/www.facebook.com\/jultimosacontecimentos\/","article_published_time":"2025-09-29T22:45:32+00:00","article_modified_time":"2025-09-29T22:48:57+00:00","og_image":[{"width":2560,"height":1611,"url":"https:\/\/juacontecimentos.com.br\/site\/wp-content\/uploads\/2025\/09\/rrrrrr-scaled.jpg","type":"image\/jpeg"}],"author":"Reginaldo Ribeiro","twitter_card":"summary_large_image","twitter_misc":{"Escrito por":"Reginaldo Ribeiro","Est. tempo de leitura":"5 minutos"},"schema":{"@context":"https:\/\/schema.org","@graph":[{"@type":"Article","@id":"https:\/\/juacontecimentos.com.br\/site\/lula-sanciona-lei-que-muda-clt-e-prorroga-licenca-e-salario-maternidade-apos-internacao-prolongada\/#article","isPartOf":{"@id":"https:\/\/juacontecimentos.com.br\/site\/lula-sanciona-lei-que-muda-clt-e-prorroga-licenca-e-salario-maternidade-apos-internacao-prolongada\/"},"author":{"name":"Reginaldo Ribeiro","@id":"https:\/\/juacontecimentos.com.br\/site\/#\/schema\/person\/082a54e6d3fdd7a633291428521c9669"},"headline":"Lula sanciona lei que muda CLT e prorroga licen\u00e7a e sal\u00e1rio-maternidade ap\u00f3s interna\u00e7\u00e3o prolongada","datePublished":"2025-09-29T22:45:32+00:00","dateModified":"2025-09-29T22:48:57+00:00","mainEntityOfPage":{"@id":"https:\/\/juacontecimentos.com.br\/site\/lula-sanciona-lei-que-muda-clt-e-prorroga-licenca-e-salario-maternidade-apos-internacao-prolongada\/"},"wordCount":965,"publisher":{"@id":"https:\/\/juacontecimentos.com.br\/site\/#organization"},"image":{"@id":"https:\/\/juacontecimentos.com.br\/site\/lula-sanciona-lei-que-muda-clt-e-prorroga-licenca-e-salario-maternidade-apos-internacao-prolongada\/#primaryimage"},"thumbnailUrl":"https:\/\/juacontecimentos.com.br\/site\/wp-content\/uploads\/2025\/09\/rrrrrr-scaled.jpg","articleSection":["Brasil","Catal\u00e3o","Destaque","Goi\u00e1s"],"inLanguage":"pt-BR"},{"@type":"WebPage","@id":"https:\/\/juacontecimentos.com.br\/site\/lula-sanciona-lei-que-muda-clt-e-prorroga-licenca-e-salario-maternidade-apos-internacao-prolongada\/","url":"https:\/\/juacontecimentos.com.br\/site\/lula-sanciona-lei-que-muda-clt-e-prorroga-licenca-e-salario-maternidade-apos-internacao-prolongada\/","name":"Lula sanciona lei que muda CLT e prorroga licen\u00e7a e sal\u00e1rio-maternidade ap\u00f3s interna\u00e7\u00e3o prolongada - Jornal Ultimos Acontecimentos","isPartOf":{"@id":"https:\/\/juacontecimentos.com.br\/site\/#website"},"primaryImageOfPage":{"@id":"https:\/\/juacontecimentos.com.br\/site\/lula-sanciona-lei-que-muda-clt-e-prorroga-licenca-e-salario-maternidade-apos-internacao-prolongada\/#primaryimage"},"image":{"@id":"https:\/\/juacontecimentos.com.br\/site\/lula-sanciona-lei-que-muda-clt-e-prorroga-licenca-e-salario-maternidade-apos-internacao-prolongada\/#primaryimage"},"thumbnailUrl":"https:\/\/juacontecimentos.com.br\/site\/wp-content\/uploads\/2025\/09\/rrrrrr-scaled.jpg","datePublished":"2025-09-29T22:45:32+00:00","dateModified":"2025-09-29T22:48:57+00:00","breadcrumb":{"@id":"https:\/\/juacontecimentos.com.br\/site\/lula-sanciona-lei-que-muda-clt-e-prorroga-licenca-e-salario-maternidade-apos-internacao-prolongada\/#breadcrumb"},"inLanguage":"pt-BR","potentialAction":[{"@type":"ReadAction","target":["https:\/\/juacontecimentos.com.br\/site\/lula-sanciona-lei-que-muda-clt-e-prorroga-licenca-e-salario-maternidade-apos-internacao-prolongada\/"]}]},{"@type":"ImageObject","inLanguage":"pt-BR","@id":"https:\/\/juacontecimentos.com.br\/site\/lula-sanciona-lei-que-muda-clt-e-prorroga-licenca-e-salario-maternidade-apos-internacao-prolongada\/#primaryimage","url":"https:\/\/juacontecimentos.com.br\/site\/wp-content\/uploads\/2025\/09\/rrrrrr-scaled.jpg","contentUrl":"https:\/\/juacontecimentos.com.br\/site\/wp-content\/uploads\/2025\/09\/rrrrrr-scaled.jpg","width":2560,"height":1611,"caption":"Lula e Janja na abertura da Confer\u00eancia Nacional de Pol\u00edticas para Mulheres - Foto Ricardo Stuckert PR"},{"@type":"BreadcrumbList","@id":"https:\/\/juacontecimentos.com.br\/site\/lula-sanciona-lei-que-muda-clt-e-prorroga-licenca-e-salario-maternidade-apos-internacao-prolongada\/#breadcrumb","itemListElement":[{"@type":"ListItem","position":1,"name":"In\u00edcio","item":"https:\/\/juacontecimentos.com.br\/site\/"},{"@type":"ListItem","position":2,"name":"Lula sanciona lei que muda CLT e prorroga licen\u00e7a e sal\u00e1rio-maternidade ap\u00f3s interna\u00e7\u00e3o prolongada"}]},{"@type":"WebSite","@id":"https:\/\/juacontecimentos.com.br\/site\/#website","url":"https:\/\/juacontecimentos.com.br\/site\/","name":"Jornal Ultimos Acontecimentos","description":"Catal\u00e3o e regi\u00e3o","publisher":{"@id":"https:\/\/juacontecimentos.com.br\/site\/#organization"},"potentialAction":[{"@type":"SearchAction","target":{"@type":"EntryPoint","urlTemplate":"https:\/\/juacontecimentos.com.br\/site\/?s={search_term_string}"},"query-input":{"@type":"PropertyValueSpecification","valueRequired":true,"valueName":"search_term_string"}}],"inLanguage":"pt-BR"},{"@type":"Organization","@id":"https:\/\/juacontecimentos.com.br\/site\/#organization","name":"Jornal Ultimos Acontecimentos","url":"https:\/\/juacontecimentos.com.br\/site\/","logo":{"@type":"ImageObject","inLanguage":"pt-BR","@id":"https:\/\/juacontecimentos.com.br\/site\/#\/schema\/logo\/image\/","url":"https:\/\/juacontecimentos.com.br\/site\/wp-content\/uploads\/2023\/04\/Logo_Site.png","contentUrl":"https:\/\/juacontecimentos.com.br\/site\/wp-content\/uploads\/2023\/04\/Logo_Site.png","width":2476,"height":530,"caption":"Jornal Ultimos Acontecimentos"},"image":{"@id":"https:\/\/juacontecimentos.com.br\/site\/#\/schema\/logo\/image\/"},"sameAs":["https:\/\/www.facebook.com\/jultimosacontecimentos\/"]},{"@type":"Person","@id":"https:\/\/juacontecimentos.com.br\/site\/#\/schema\/person\/082a54e6d3fdd7a633291428521c9669","name":"Reginaldo Ribeiro","image":{"@type":"ImageObject","inLanguage":"pt-BR","@id":"https:\/\/juacontecimentos.com.br\/site\/#\/schema\/person\/image\/","url":"https:\/\/secure.gravatar.com\/avatar\/5c16c6837c3490270a74d888c2a845728f06bdde1f8761de1de1d1d1ef82d12f?s=96&d=mm&r=g","contentUrl":"https:\/\/secure.gravatar.com\/avatar\/5c16c6837c3490270a74d888c2a845728f06bdde1f8761de1de1d1d1ef82d12f?s=96&d=mm&r=g","caption":"Reginaldo Ribeiro"}}]}},"_links":{"self":[{"href":"https:\/\/juacontecimentos.com.br\/site\/wp-json\/wp\/v2\/posts\/45960","targetHints":{"allow":["GET"]}}],"collection":[{"href":"https:\/\/juacontecimentos.com.br\/site\/wp-json\/wp\/v2\/posts"}],"about":[{"href":"https:\/\/juacontecimentos.com.br\/site\/wp-json\/wp\/v2\/types\/post"}],"author":[{"embeddable":true,"href":"https:\/\/juacontecimentos.com.br\/site\/wp-json\/wp\/v2\/users\/2"}],"replies":[{"embeddable":true,"href":"https:\/\/juacontecimentos.com.br\/site\/wp-json\/wp\/v2\/comments?post=45960"}],"version-history":[{"count":3,"href":"https:\/\/juacontecimentos.com.br\/site\/wp-json\/wp\/v2\/posts\/45960\/revisions"}],"predecessor-version":[{"id":45964,"href":"https:\/\/juacontecimentos.com.br\/site\/wp-json\/wp\/v2\/posts\/45960\/revisions\/45964"}],"wp:featuredmedia":[{"embeddable":true,"href":"https:\/\/juacontecimentos.com.br\/site\/wp-json\/wp\/v2\/media\/45962"}],"wp:attachment":[{"href":"https:\/\/juacontecimentos.com.br\/site\/wp-json\/wp\/v2\/media?parent=45960"}],"wp:term":[{"taxonomy":"category","embeddable":true,"href":"https:\/\/juacontecimentos.com.br\/site\/wp-json\/wp\/v2\/categories?post=45960"},{"taxonomy":"post_tag","embeddable":true,"href":"https:\/\/juacontecimentos.com.br\/site\/wp-json\/wp\/v2\/tags?post=45960"}],"curies":[{"name":"wp","href":"https:\/\/api.w.org\/{rel}","templated":true}]}}