{"id":45971,"date":"2025-09-30T21:13:38","date_gmt":"2025-10-01T00:13:38","guid":{"rendered":"https:\/\/juacontecimentos.com.br\/site\/?p=45971"},"modified":"2025-09-30T21:49:42","modified_gmt":"2025-10-01T00:49:42","slug":"sessao-ordinaria-da-camara-de-cumari-apresenta-novo-sistema-de-transparencia-e-debate-sobre-infraestrutura","status":"publish","type":"post","link":"https:\/\/juacontecimentos.com.br\/site\/sessao-ordinaria-da-camara-de-cumari-apresenta-novo-sistema-de-transparencia-e-debate-sobre-infraestrutura\/","title":{"rendered":"Sess\u00e3o Ordin\u00e1ria da C\u00e2mara de Cumari apresenta novo sistema de transpar\u00eancia e debate sobre infraestrutura"},"content":{"rendered":"<p><img loading=\"lazy\" decoding=\"async\" class=\"alignnone size-full wp-image-45979\" src=\"https:\/\/juacontecimentos.com.br\/site\/wp-content\/uploads\/2025\/09\/IMG_20250930_191146-scaled.jpg\" alt=\"\" width=\"2560\" height=\"1444\" srcset=\"https:\/\/juacontecimentos.com.br\/site\/wp-content\/uploads\/2025\/09\/IMG_20250930_191146-scaled.jpg 2560w, https:\/\/juacontecimentos.com.br\/site\/wp-content\/uploads\/2025\/09\/IMG_20250930_191146-300x169.jpg 300w, https:\/\/juacontecimentos.com.br\/site\/wp-content\/uploads\/2025\/09\/IMG_20250930_191146-1024x578.jpg 1024w, https:\/\/juacontecimentos.com.br\/site\/wp-content\/uploads\/2025\/09\/IMG_20250930_191146-768x433.jpg 768w, https:\/\/juacontecimentos.com.br\/site\/wp-content\/uploads\/2025\/09\/IMG_20250930_191146-1536x866.jpg 1536w, https:\/\/juacontecimentos.com.br\/site\/wp-content\/uploads\/2025\/09\/IMG_20250930_191146-2048x1155.jpg 2048w\" sizes=\"auto, (max-width: 2560px) 100vw, 2560px\" \/> <img loading=\"lazy\" decoding=\"async\" class=\"alignnone size-full wp-image-45980\" src=\"https:\/\/juacontecimentos.com.br\/site\/wp-content\/uploads\/2025\/09\/IMG_20250930_193309-scaled.jpg\" alt=\"\" width=\"2560\" height=\"1444\" srcset=\"https:\/\/juacontecimentos.com.br\/site\/wp-content\/uploads\/2025\/09\/IMG_20250930_193309-scaled.jpg 2560w, https:\/\/juacontecimentos.com.br\/site\/wp-content\/uploads\/2025\/09\/IMG_20250930_193309-300x169.jpg 300w, https:\/\/juacontecimentos.com.br\/site\/wp-content\/uploads\/2025\/09\/IMG_20250930_193309-1024x578.jpg 1024w, https:\/\/juacontecimentos.com.br\/site\/wp-content\/uploads\/2025\/09\/IMG_20250930_193309-768x433.jpg 768w, https:\/\/juacontecimentos.com.br\/site\/wp-content\/uploads\/2025\/09\/IMG_20250930_193309-1536x866.jpg 1536w, https:\/\/juacontecimentos.com.br\/site\/wp-content\/uploads\/2025\/09\/IMG_20250930_193309-2048x1155.jpg 2048w\" sizes=\"auto, (max-width: 2560px) 100vw, 2560px\" \/><\/p>\n<p>Na noite desta ter\u00e7a-feira, 30 de setembro de 2025, a C\u00e2mara Municipal de Cumari realizou a 26\u00aa Sess\u00e3o Ordin\u00e1ria. O encontro foi conduzido pela presidente da mesa diretora, vereadora Fab\u00edola Rios, e contou com a leitura e aprova\u00e7\u00e3o da ata da sess\u00e3o anterior pelos parlamentares presentes. A aus\u00eancia registrada foi do vereador Weder da Silva Makhoul, popular\u00a0Eder Do Hanna, por motivo particular.<\/p>\n<p>Entre os itens da pauta, estavam a leitura do Projeto de Lei 026\/2025, mantido \u00e0 disposi\u00e7\u00e3o dos vereadores para estudo, e o Projeto de Lei 027\/2025, igualmente mantido na casa para aprecia\u00e7\u00e3o. Os projetos, de autoria do Executivo, ficaram dispon\u00edveis para leitura, estudo e parecer nas comiss\u00f5es, com previs\u00e3o de vota\u00e7\u00e3o para a pr\u00f3xima sess\u00e3o, ap\u00f3s eventuais ajustes no regimento interno para prever reuni\u00f5es pr\u00e9vias das comiss\u00f5es.<\/p>\n<p>Em entrevista direta com a presidenta Fab\u00edola Rios, a vereadora destacou a implementa\u00e7\u00e3o de um novo sistema informativo que promete ampliar a transpar\u00eancia das a\u00e7\u00f5es da C\u00e2mara. \u201c\u00c9 novidade. Acredito que ainda vamos passar por d\u00favidas e aprendizados, mas \u00e9 um sistema que nos conecta diretamente com o Tribunal de Contas dos Munic\u00edpios (TCM). Nosso trabalho ficar\u00e1 mais transparente e acess\u00edvel \u00e0 popula\u00e7\u00e3o para acompanhar e fiscalizar\u201d, informou Fab\u00edola, ressaltando que o objetivo \u00e9 que o TCM possa acompanhar as atividades em tempo real a partir do in\u00edcio das reuni\u00f5es.<\/p>\n<p>Quanto \u00e0 operacionaliza\u00e7\u00e3o do sistema, Fab\u00edola explicou que, por ora, os vereadores utilizar\u00e3o seus celulares para acessar o aplicativo, com a expectativa de futuramente adquirir tablets para cada membro, de modo a manter exclusivo para as sess\u00f5es. \u201cA nossa inten\u00e7\u00e3o \u00e9 adquirir os tablets para cada um; por enquanto ficaremos com celulares por quest\u00f5es financeiras, mas a meta \u00e9 ter um tablet por vereador\u201d, explicou a presidente.<\/p>\n<p>A sess\u00e3o tamb\u00e9m contemplou a leitura dos pareceres sobre projetos e requerimentos, com destaque para dois projetos de autoria do Executivo, que permaneceram dispon\u00edveis para avalia\u00e7\u00e3o das comiss\u00f5es. Al\u00e9m disso, o requerimento da vereadora Rosilene foi aprovado pela casa; ele visa aprimorar a estrutura da Secretaria de Sa\u00fade, sugerindo a transfer\u00eancia para um pr\u00e9dio reformado, atualmente utilizado pelo antigo Minist\u00e9rio P\u00fablico, que estaria apto a atender as necessidades da pasta.<\/p>\n<p>Durante o encontro, chamou a aten\u00e7\u00e3o a presen\u00e7a do ex-vereador Ad\u00e3o Rios, que visitou os colegas parlamentares e foi pantomado pela receptividade dos presentes. Fab\u00edola descreveu a visita como positiva, ressaltando a trajet\u00f3ria do ex-vereador como secret\u00e1rio na gest\u00e3o anterior e o cont\u00ednuo empenho dele em atender a popula\u00e7\u00e3o local.<\/p>\n<p>Em entrevista gravada para a reportagem, Gustavo Herm\u00f3genes Fernandes da Silva, representante da empresa respons\u00e1vel pela implanta\u00e7\u00e3o do novo sistema, explicou que a prefeitura j\u00e1 recebeu a visita de diversas c\u00e2maras que adotaram a solu\u00e7\u00e3o. Ele apresentou o sistema Nex Legis (Nex Legis &#8211; Processo Legislativo Digital), utilizado em mais de 40 c\u00e2maras, incluindo munic\u00edpios pr\u00f3ximos como Senador Canedo, Goiatuba, \u00c1gua Limpa, Buriti Alegre e Pontalina. Segundo Gustavo, o objetivo \u00e9 ampliar a transpar\u00eancia: \u201cTudo o que os vereadores fizerem vai ficar acess\u00edvel, desde requerimentos at\u00e9 projetos, fortalecendo a transpar\u00eancia da C\u00e2mara e tamb\u00e9m a rela\u00e7\u00e3o com o TCM.\u201d<\/p>\n<p>A implanta\u00e7\u00e3o buscada pela mesa diretora C\u00e2mara Municipal de Cumari segue linha semelhante \u00e0 de outras casas legislativas que j\u00e1 adotaram a solu\u00e7\u00e3o, com a perspectiva de elevar a efici\u00eancia da gest\u00e3o p\u00fablica, facilitar o controle social e aprimorar o acesso da popula\u00e7\u00e3o \u00e0s informa\u00e7\u00f5es.<\/p>\n<p>&nbsp;<\/p>\n","protected":false},"excerpt":{"rendered":"<p>Na noite desta ter\u00e7a-feira, 30 de setembro de 2025, a C\u00e2mara Municipal de Cumari realizou a 26\u00aa Sess\u00e3o Ordin\u00e1ria. O encontro foi conduzido pela presidente da mesa diretora, vereadora Fab\u00edola Rios, e contou com a leitura e aprova\u00e7\u00e3o da ata da sess\u00e3o anterior pelos parlamentares presentes. A aus\u00eancia registrada foi do vereador Weder da Silva<\/p>\n","protected":false},"author":2,"featured_media":45980,"comment_status":"closed","ping_status":"closed","sticky":false,"template":"","format":"standard","meta":{"footnotes":""},"categories":[27,22,26,23],"tags":[],"class_list":["post-45971","post","type-post","status-publish","format-standard","has-post-thumbnail","hentry","category-brasil","category-catalao","category-destaque","category-goias"],"yoast_head":"<!-- This site is optimized with the Yoast SEO plugin v25.8 - https:\/\/yoast.com\/wordpress\/plugins\/seo\/ -->\n<title>Sess\u00e3o Ordin\u00e1ria da C\u00e2mara de Cumari apresenta novo sistema de transpar\u00eancia e debate sobre infraestrutura - Jornal Ultimos Acontecimentos<\/title>\n<meta name=\"robots\" content=\"index, follow, max-snippet:-1, max-image-preview:large, max-video-preview:-1\" \/>\n<link rel=\"canonical\" href=\"https:\/\/juacontecimentos.com.br\/site\/sessao-ordinaria-da-camara-de-cumari-apresenta-novo-sistema-de-transparencia-e-debate-sobre-infraestrutura\/\" \/>\n<meta property=\"og:locale\" content=\"pt_BR\" \/>\n<meta property=\"og:type\" content=\"article\" \/>\n<meta property=\"og:title\" content=\"Sess\u00e3o Ordin\u00e1ria da C\u00e2mara de Cumari apresenta novo sistema de transpar\u00eancia e debate sobre infraestrutura - Jornal Ultimos Acontecimentos\" \/>\n<meta property=\"og:description\" content=\"Na noite desta ter\u00e7a-feira, 30 de setembro de 2025, a C\u00e2mara Municipal de Cumari realizou a 26\u00aa Sess\u00e3o Ordin\u00e1ria. O encontro foi conduzido pela presidente da mesa diretora, vereadora Fab\u00edola Rios, e contou com a leitura e aprova\u00e7\u00e3o da ata da sess\u00e3o anterior pelos parlamentares presentes. A aus\u00eancia registrada foi do vereador Weder da Silva\" \/>\n<meta property=\"og:url\" content=\"https:\/\/juacontecimentos.com.br\/site\/sessao-ordinaria-da-camara-de-cumari-apresenta-novo-sistema-de-transparencia-e-debate-sobre-infraestrutura\/\" \/>\n<meta property=\"og:site_name\" content=\"Jornal Ultimos Acontecimentos\" \/>\n<meta property=\"article:publisher\" content=\"https:\/\/www.facebook.com\/jultimosacontecimentos\/\" \/>\n<meta property=\"article:published_time\" content=\"2025-10-01T00:13:38+00:00\" \/>\n<meta property=\"article:modified_time\" content=\"2025-10-01T00:49:42+00:00\" \/>\n<meta property=\"og:image\" content=\"https:\/\/juacontecimentos.com.br\/site\/wp-content\/uploads\/2025\/09\/IMG_20250930_193309-scaled.jpg\" \/>\n\t<meta property=\"og:image:width\" content=\"2560\" \/>\n\t<meta property=\"og:image:height\" content=\"1444\" \/>\n\t<meta property=\"og:image:type\" content=\"image\/jpeg\" \/>\n<meta name=\"author\" content=\"Reginaldo Ribeiro\" \/>\n<meta name=\"twitter:card\" content=\"summary_large_image\" \/>\n<meta name=\"twitter:label1\" content=\"Escrito por\" \/>\n\t<meta name=\"twitter:data1\" content=\"Reginaldo Ribeiro\" \/>\n\t<meta name=\"twitter:label2\" content=\"Est. tempo de leitura\" \/>\n\t<meta name=\"twitter:data2\" content=\"4 minutos\" \/>\n<script type=\"application\/ld+json\" class=\"yoast-schema-graph\">{\"@context\":\"https:\/\/schema.org\",\"@graph\":[{\"@type\":\"Article\",\"@id\":\"https:\/\/juacontecimentos.com.br\/site\/sessao-ordinaria-da-camara-de-cumari-apresenta-novo-sistema-de-transparencia-e-debate-sobre-infraestrutura\/#article\",\"isPartOf\":{\"@id\":\"https:\/\/juacontecimentos.com.br\/site\/sessao-ordinaria-da-camara-de-cumari-apresenta-novo-sistema-de-transparencia-e-debate-sobre-infraestrutura\/\"},\"author\":{\"name\":\"Reginaldo Ribeiro\",\"@id\":\"https:\/\/juacontecimentos.com.br\/site\/#\/schema\/person\/082a54e6d3fdd7a633291428521c9669\"},\"headline\":\"Sess\u00e3o Ordin\u00e1ria da C\u00e2mara de Cumari apresenta novo sistema de transpar\u00eancia e debate sobre infraestrutura\",\"datePublished\":\"2025-10-01T00:13:38+00:00\",\"dateModified\":\"2025-10-01T00:49:42+00:00\",\"mainEntityOfPage\":{\"@id\":\"https:\/\/juacontecimentos.com.br\/site\/sessao-ordinaria-da-camara-de-cumari-apresenta-novo-sistema-de-transparencia-e-debate-sobre-infraestrutura\/\"},\"wordCount\":635,\"publisher\":{\"@id\":\"https:\/\/juacontecimentos.com.br\/site\/#organization\"},\"image\":{\"@id\":\"https:\/\/juacontecimentos.com.br\/site\/sessao-ordinaria-da-camara-de-cumari-apresenta-novo-sistema-de-transparencia-e-debate-sobre-infraestrutura\/#primaryimage\"},\"thumbnailUrl\":\"https:\/\/juacontecimentos.com.br\/site\/wp-content\/uploads\/2025\/09\/IMG_20250930_193309-scaled.jpg\",\"articleSection\":[\"Brasil\",\"Catal\u00e3o\",\"Destaque\",\"Goi\u00e1s\"],\"inLanguage\":\"pt-BR\"},{\"@type\":\"WebPage\",\"@id\":\"https:\/\/juacontecimentos.com.br\/site\/sessao-ordinaria-da-camara-de-cumari-apresenta-novo-sistema-de-transparencia-e-debate-sobre-infraestrutura\/\",\"url\":\"https:\/\/juacontecimentos.com.br\/site\/sessao-ordinaria-da-camara-de-cumari-apresenta-novo-sistema-de-transparencia-e-debate-sobre-infraestrutura\/\",\"name\":\"Sess\u00e3o Ordin\u00e1ria da C\u00e2mara de Cumari apresenta novo sistema de transpar\u00eancia e debate sobre infraestrutura - Jornal Ultimos Acontecimentos\",\"isPartOf\":{\"@id\":\"https:\/\/juacontecimentos.com.br\/site\/#website\"},\"primaryImageOfPage\":{\"@id\":\"https:\/\/juacontecimentos.com.br\/site\/sessao-ordinaria-da-camara-de-cumari-apresenta-novo-sistema-de-transparencia-e-debate-sobre-infraestrutura\/#primaryimage\"},\"image\":{\"@id\":\"https:\/\/juacontecimentos.com.br\/site\/sessao-ordinaria-da-camara-de-cumari-apresenta-novo-sistema-de-transparencia-e-debate-sobre-infraestrutura\/#primaryimage\"},\"thumbnailUrl\":\"https:\/\/juacontecimentos.com.br\/site\/wp-content\/uploads\/2025\/09\/IMG_20250930_193309-scaled.jpg\",\"datePublished\":\"2025-10-01T00:13:38+00:00\",\"dateModified\":\"2025-10-01T00:49:42+00:00\",\"breadcrumb\":{\"@id\":\"https:\/\/juacontecimentos.com.br\/site\/sessao-ordinaria-da-camara-de-cumari-apresenta-novo-sistema-de-transparencia-e-debate-sobre-infraestrutura\/#breadcrumb\"},\"inLanguage\":\"pt-BR\",\"potentialAction\":[{\"@type\":\"ReadAction\",\"target\":[\"https:\/\/juacontecimentos.com.br\/site\/sessao-ordinaria-da-camara-de-cumari-apresenta-novo-sistema-de-transparencia-e-debate-sobre-infraestrutura\/\"]}]},{\"@type\":\"ImageObject\",\"inLanguage\":\"pt-BR\",\"@id\":\"https:\/\/juacontecimentos.com.br\/site\/sessao-ordinaria-da-camara-de-cumari-apresenta-novo-sistema-de-transparencia-e-debate-sobre-infraestrutura\/#primaryimage\",\"url\":\"https:\/\/juacontecimentos.com.br\/site\/wp-content\/uploads\/2025\/09\/IMG_20250930_193309-scaled.jpg\",\"contentUrl\":\"https:\/\/juacontecimentos.com.br\/site\/wp-content\/uploads\/2025\/09\/IMG_20250930_193309-scaled.jpg\",\"width\":2560,\"height\":1444},{\"@type\":\"BreadcrumbList\",\"@id\":\"https:\/\/juacontecimentos.com.br\/site\/sessao-ordinaria-da-camara-de-cumari-apresenta-novo-sistema-de-transparencia-e-debate-sobre-infraestrutura\/#breadcrumb\",\"itemListElement\":[{\"@type\":\"ListItem\",\"position\":1,\"name\":\"In\u00edcio\",\"item\":\"https:\/\/juacontecimentos.com.br\/site\/\"},{\"@type\":\"ListItem\",\"position\":2,\"name\":\"Sess\u00e3o Ordin\u00e1ria da C\u00e2mara de Cumari apresenta novo sistema de transpar\u00eancia e debate sobre infraestrutura\"}]},{\"@type\":\"WebSite\",\"@id\":\"https:\/\/juacontecimentos.com.br\/site\/#website\",\"url\":\"https:\/\/juacontecimentos.com.br\/site\/\",\"name\":\"Jornal Ultimos Acontecimentos\",\"description\":\"Catal\u00e3o e regi\u00e3o\",\"publisher\":{\"@id\":\"https:\/\/juacontecimentos.com.br\/site\/#organization\"},\"potentialAction\":[{\"@type\":\"SearchAction\",\"target\":{\"@type\":\"EntryPoint\",\"urlTemplate\":\"https:\/\/juacontecimentos.com.br\/site\/?s={search_term_string}\"},\"query-input\":{\"@type\":\"PropertyValueSpecification\",\"valueRequired\":true,\"valueName\":\"search_term_string\"}}],\"inLanguage\":\"pt-BR\"},{\"@type\":\"Organization\",\"@id\":\"https:\/\/juacontecimentos.com.br\/site\/#organization\",\"name\":\"Jornal Ultimos Acontecimentos\",\"url\":\"https:\/\/juacontecimentos.com.br\/site\/\",\"logo\":{\"@type\":\"ImageObject\",\"inLanguage\":\"pt-BR\",\"@id\":\"https:\/\/juacontecimentos.com.br\/site\/#\/schema\/logo\/image\/\",\"url\":\"https:\/\/juacontecimentos.com.br\/site\/wp-content\/uploads\/2023\/04\/Logo_Site.png\",\"contentUrl\":\"https:\/\/juacontecimentos.com.br\/site\/wp-content\/uploads\/2023\/04\/Logo_Site.png\",\"width\":2476,\"height\":530,\"caption\":\"Jornal Ultimos Acontecimentos\"},\"image\":{\"@id\":\"https:\/\/juacontecimentos.com.br\/site\/#\/schema\/logo\/image\/\"},\"sameAs\":[\"https:\/\/www.facebook.com\/jultimosacontecimentos\/\"]},{\"@type\":\"Person\",\"@id\":\"https:\/\/juacontecimentos.com.br\/site\/#\/schema\/person\/082a54e6d3fdd7a633291428521c9669\",\"name\":\"Reginaldo Ribeiro\",\"image\":{\"@type\":\"ImageObject\",\"inLanguage\":\"pt-BR\",\"@id\":\"https:\/\/juacontecimentos.com.br\/site\/#\/schema\/person\/image\/\",\"url\":\"https:\/\/secure.gravatar.com\/avatar\/5c16c6837c3490270a74d888c2a845728f06bdde1f8761de1de1d1d1ef82d12f?s=96&d=mm&r=g\",\"contentUrl\":\"https:\/\/secure.gravatar.com\/avatar\/5c16c6837c3490270a74d888c2a845728f06bdde1f8761de1de1d1d1ef82d12f?s=96&d=mm&r=g\",\"caption\":\"Reginaldo Ribeiro\"}}]}<\/script>\n<!-- \/ Yoast SEO plugin. -->","yoast_head_json":{"title":"Sess\u00e3o Ordin\u00e1ria da C\u00e2mara de Cumari apresenta novo sistema de transpar\u00eancia e debate sobre infraestrutura - Jornal Ultimos Acontecimentos","robots":{"index":"index","follow":"follow","max-snippet":"max-snippet:-1","max-image-preview":"max-image-preview:large","max-video-preview":"max-video-preview:-1"},"canonical":"https:\/\/juacontecimentos.com.br\/site\/sessao-ordinaria-da-camara-de-cumari-apresenta-novo-sistema-de-transparencia-e-debate-sobre-infraestrutura\/","og_locale":"pt_BR","og_type":"article","og_title":"Sess\u00e3o Ordin\u00e1ria da C\u00e2mara de Cumari apresenta novo sistema de transpar\u00eancia e debate sobre infraestrutura - Jornal Ultimos Acontecimentos","og_description":"Na noite desta ter\u00e7a-feira, 30 de setembro de 2025, a C\u00e2mara Municipal de Cumari realizou a 26\u00aa Sess\u00e3o Ordin\u00e1ria. O encontro foi conduzido pela presidente da mesa diretora, vereadora Fab\u00edola Rios, e contou com a leitura e aprova\u00e7\u00e3o da ata da sess\u00e3o anterior pelos parlamentares presentes. A aus\u00eancia registrada foi do vereador Weder da Silva","og_url":"https:\/\/juacontecimentos.com.br\/site\/sessao-ordinaria-da-camara-de-cumari-apresenta-novo-sistema-de-transparencia-e-debate-sobre-infraestrutura\/","og_site_name":"Jornal Ultimos Acontecimentos","article_publisher":"https:\/\/www.facebook.com\/jultimosacontecimentos\/","article_published_time":"2025-10-01T00:13:38+00:00","article_modified_time":"2025-10-01T00:49:42+00:00","og_image":[{"width":2560,"height":1444,"url":"https:\/\/juacontecimentos.com.br\/site\/wp-content\/uploads\/2025\/09\/IMG_20250930_193309-scaled.jpg","type":"image\/jpeg"}],"author":"Reginaldo Ribeiro","twitter_card":"summary_large_image","twitter_misc":{"Escrito por":"Reginaldo Ribeiro","Est. tempo de leitura":"4 minutos"},"schema":{"@context":"https:\/\/schema.org","@graph":[{"@type":"Article","@id":"https:\/\/juacontecimentos.com.br\/site\/sessao-ordinaria-da-camara-de-cumari-apresenta-novo-sistema-de-transparencia-e-debate-sobre-infraestrutura\/#article","isPartOf":{"@id":"https:\/\/juacontecimentos.com.br\/site\/sessao-ordinaria-da-camara-de-cumari-apresenta-novo-sistema-de-transparencia-e-debate-sobre-infraestrutura\/"},"author":{"name":"Reginaldo Ribeiro","@id":"https:\/\/juacontecimentos.com.br\/site\/#\/schema\/person\/082a54e6d3fdd7a633291428521c9669"},"headline":"Sess\u00e3o Ordin\u00e1ria da C\u00e2mara de Cumari apresenta novo sistema de transpar\u00eancia e debate sobre infraestrutura","datePublished":"2025-10-01T00:13:38+00:00","dateModified":"2025-10-01T00:49:42+00:00","mainEntityOfPage":{"@id":"https:\/\/juacontecimentos.com.br\/site\/sessao-ordinaria-da-camara-de-cumari-apresenta-novo-sistema-de-transparencia-e-debate-sobre-infraestrutura\/"},"wordCount":635,"publisher":{"@id":"https:\/\/juacontecimentos.com.br\/site\/#organization"},"image":{"@id":"https:\/\/juacontecimentos.com.br\/site\/sessao-ordinaria-da-camara-de-cumari-apresenta-novo-sistema-de-transparencia-e-debate-sobre-infraestrutura\/#primaryimage"},"thumbnailUrl":"https:\/\/juacontecimentos.com.br\/site\/wp-content\/uploads\/2025\/09\/IMG_20250930_193309-scaled.jpg","articleSection":["Brasil","Catal\u00e3o","Destaque","Goi\u00e1s"],"inLanguage":"pt-BR"},{"@type":"WebPage","@id":"https:\/\/juacontecimentos.com.br\/site\/sessao-ordinaria-da-camara-de-cumari-apresenta-novo-sistema-de-transparencia-e-debate-sobre-infraestrutura\/","url":"https:\/\/juacontecimentos.com.br\/site\/sessao-ordinaria-da-camara-de-cumari-apresenta-novo-sistema-de-transparencia-e-debate-sobre-infraestrutura\/","name":"Sess\u00e3o Ordin\u00e1ria da C\u00e2mara de Cumari apresenta novo sistema de transpar\u00eancia e debate sobre infraestrutura - Jornal Ultimos Acontecimentos","isPartOf":{"@id":"https:\/\/juacontecimentos.com.br\/site\/#website"},"primaryImageOfPage":{"@id":"https:\/\/juacontecimentos.com.br\/site\/sessao-ordinaria-da-camara-de-cumari-apresenta-novo-sistema-de-transparencia-e-debate-sobre-infraestrutura\/#primaryimage"},"image":{"@id":"https:\/\/juacontecimentos.com.br\/site\/sessao-ordinaria-da-camara-de-cumari-apresenta-novo-sistema-de-transparencia-e-debate-sobre-infraestrutura\/#primaryimage"},"thumbnailUrl":"https:\/\/juacontecimentos.com.br\/site\/wp-content\/uploads\/2025\/09\/IMG_20250930_193309-scaled.jpg","datePublished":"2025-10-01T00:13:38+00:00","dateModified":"2025-10-01T00:49:42+00:00","breadcrumb":{"@id":"https:\/\/juacontecimentos.com.br\/site\/sessao-ordinaria-da-camara-de-cumari-apresenta-novo-sistema-de-transparencia-e-debate-sobre-infraestrutura\/#breadcrumb"},"inLanguage":"pt-BR","potentialAction":[{"@type":"ReadAction","target":["https:\/\/juacontecimentos.com.br\/site\/sessao-ordinaria-da-camara-de-cumari-apresenta-novo-sistema-de-transparencia-e-debate-sobre-infraestrutura\/"]}]},{"@type":"ImageObject","inLanguage":"pt-BR","@id":"https:\/\/juacontecimentos.com.br\/site\/sessao-ordinaria-da-camara-de-cumari-apresenta-novo-sistema-de-transparencia-e-debate-sobre-infraestrutura\/#primaryimage","url":"https:\/\/juacontecimentos.com.br\/site\/wp-content\/uploads\/2025\/09\/IMG_20250930_193309-scaled.jpg","contentUrl":"https:\/\/juacontecimentos.com.br\/site\/wp-content\/uploads\/2025\/09\/IMG_20250930_193309-scaled.jpg","width":2560,"height":1444},{"@type":"BreadcrumbList","@id":"https:\/\/juacontecimentos.com.br\/site\/sessao-ordinaria-da-camara-de-cumari-apresenta-novo-sistema-de-transparencia-e-debate-sobre-infraestrutura\/#breadcrumb","itemListElement":[{"@type":"ListItem","position":1,"name":"In\u00edcio","item":"https:\/\/juacontecimentos.com.br\/site\/"},{"@type":"ListItem","position":2,"name":"Sess\u00e3o Ordin\u00e1ria da C\u00e2mara de Cumari apresenta novo sistema de transpar\u00eancia e debate sobre infraestrutura"}]},{"@type":"WebSite","@id":"https:\/\/juacontecimentos.com.br\/site\/#website","url":"https:\/\/juacontecimentos.com.br\/site\/","name":"Jornal Ultimos Acontecimentos","description":"Catal\u00e3o e regi\u00e3o","publisher":{"@id":"https:\/\/juacontecimentos.com.br\/site\/#organization"},"potentialAction":[{"@type":"SearchAction","target":{"@type":"EntryPoint","urlTemplate":"https:\/\/juacontecimentos.com.br\/site\/?s={search_term_string}"},"query-input":{"@type":"PropertyValueSpecification","valueRequired":true,"valueName":"search_term_string"}}],"inLanguage":"pt-BR"},{"@type":"Organization","@id":"https:\/\/juacontecimentos.com.br\/site\/#organization","name":"Jornal Ultimos Acontecimentos","url":"https:\/\/juacontecimentos.com.br\/site\/","logo":{"@type":"ImageObject","inLanguage":"pt-BR","@id":"https:\/\/juacontecimentos.com.br\/site\/#\/schema\/logo\/image\/","url":"https:\/\/juacontecimentos.com.br\/site\/wp-content\/uploads\/2023\/04\/Logo_Site.png","contentUrl":"https:\/\/juacontecimentos.com.br\/site\/wp-content\/uploads\/2023\/04\/Logo_Site.png","width":2476,"height":530,"caption":"Jornal Ultimos Acontecimentos"},"image":{"@id":"https:\/\/juacontecimentos.com.br\/site\/#\/schema\/logo\/image\/"},"sameAs":["https:\/\/www.facebook.com\/jultimosacontecimentos\/"]},{"@type":"Person","@id":"https:\/\/juacontecimentos.com.br\/site\/#\/schema\/person\/082a54e6d3fdd7a633291428521c9669","name":"Reginaldo Ribeiro","image":{"@type":"ImageObject","inLanguage":"pt-BR","@id":"https:\/\/juacontecimentos.com.br\/site\/#\/schema\/person\/image\/","url":"https:\/\/secure.gravatar.com\/avatar\/5c16c6837c3490270a74d888c2a845728f06bdde1f8761de1de1d1d1ef82d12f?s=96&d=mm&r=g","contentUrl":"https:\/\/secure.gravatar.com\/avatar\/5c16c6837c3490270a74d888c2a845728f06bdde1f8761de1de1d1d1ef82d12f?s=96&d=mm&r=g","caption":"Reginaldo Ribeiro"}}]}},"_links":{"self":[{"href":"https:\/\/juacontecimentos.com.br\/site\/wp-json\/wp\/v2\/posts\/45971","targetHints":{"allow":["GET"]}}],"collection":[{"href":"https:\/\/juacontecimentos.com.br\/site\/wp-json\/wp\/v2\/posts"}],"about":[{"href":"https:\/\/juacontecimentos.com.br\/site\/wp-json\/wp\/v2\/types\/post"}],"author":[{"embeddable":true,"href":"https:\/\/juacontecimentos.com.br\/site\/wp-json\/wp\/v2\/users\/2"}],"replies":[{"embeddable":true,"href":"https:\/\/juacontecimentos.com.br\/site\/wp-json\/wp\/v2\/comments?post=45971"}],"version-history":[{"count":7,"href":"https:\/\/juacontecimentos.com.br\/site\/wp-json\/wp\/v2\/posts\/45971\/revisions"}],"predecessor-version":[{"id":45982,"href":"https:\/\/juacontecimentos.com.br\/site\/wp-json\/wp\/v2\/posts\/45971\/revisions\/45982"}],"wp:featuredmedia":[{"embeddable":true,"href":"https:\/\/juacontecimentos.com.br\/site\/wp-json\/wp\/v2\/media\/45980"}],"wp:attachment":[{"href":"https:\/\/juacontecimentos.com.br\/site\/wp-json\/wp\/v2\/media?parent=45971"}],"wp:term":[{"taxonomy":"category","embeddable":true,"href":"https:\/\/juacontecimentos.com.br\/site\/wp-json\/wp\/v2\/categories?post=45971"},{"taxonomy":"post_tag","embeddable":true,"href":"https:\/\/juacontecimentos.com.br\/site\/wp-json\/wp\/v2\/tags?post=45971"}],"curies":[{"name":"wp","href":"https:\/\/api.w.org\/{rel}","templated":true}]}}