{"id":46201,"date":"2025-10-14T21:38:37","date_gmt":"2025-10-15T00:38:37","guid":{"rendered":"https:\/\/juacontecimentos.com.br\/site\/?p=46201"},"modified":"2025-10-14T21:38:37","modified_gmt":"2025-10-15T00:38:37","slug":"camara-de-cumari-aprova-lei-de-manejo-de-residuos-e-emendas-ao-projeto-023-2025-debates-sobre-refis-e-infraestrutura-marcam-sessao","status":"publish","type":"post","link":"https:\/\/juacontecimentos.com.br\/site\/camara-de-cumari-aprova-lei-de-manejo-de-residuos-e-emendas-ao-projeto-023-2025-debates-sobre-refis-e-infraestrutura-marcam-sessao\/","title":{"rendered":"C\u00e2mara de Cumari aprova Lei de Manejo de Res\u00edduos e emendas ao Projeto 023\/2025; debates sobre Refis e infraestrutura marcam sess\u00e3o"},"content":{"rendered":"<p><img loading=\"lazy\" decoding=\"async\" class=\"alignnone size-full wp-image-46202\" src=\"https:\/\/juacontecimentos.com.br\/site\/wp-content\/uploads\/2025\/10\/IMG_20251014_191711-scaled.jpg\" alt=\"\" width=\"2560\" height=\"1444\" srcset=\"https:\/\/juacontecimentos.com.br\/site\/wp-content\/uploads\/2025\/10\/IMG_20251014_191711-scaled.jpg 2560w, https:\/\/juacontecimentos.com.br\/site\/wp-content\/uploads\/2025\/10\/IMG_20251014_191711-300x169.jpg 300w, https:\/\/juacontecimentos.com.br\/site\/wp-content\/uploads\/2025\/10\/IMG_20251014_191711-1024x578.jpg 1024w, https:\/\/juacontecimentos.com.br\/site\/wp-content\/uploads\/2025\/10\/IMG_20251014_191711-768x433.jpg 768w, https:\/\/juacontecimentos.com.br\/site\/wp-content\/uploads\/2025\/10\/IMG_20251014_191711-1536x866.jpg 1536w, https:\/\/juacontecimentos.com.br\/site\/wp-content\/uploads\/2025\/10\/IMG_20251014_191711-2048x1155.jpg 2048w\" sizes=\"auto, (max-width: 2560px) 100vw, 2560px\" \/><\/p>\n<p>Na 28\u00aa sess\u00e3o ordin\u00e1ria da C\u00e2mara Municipal de Cumari, realizada nesta ter\u00e7a-feira 14, foi lida a ata da sess\u00e3o anterior e aprovada pelos presentes, com a aus\u00eancia do vereador Adelino Florisbelo da Silva Junior. Em sess\u00e3o marcada pela tem\u00e1tica de inova\u00e7\u00e3o, o pleno votou, em primeira vota\u00e7\u00e3o, o Projeto de Lei 023\/2025, que institui a taxa de manejo de res\u00edduos s\u00f3lidos urbanos (TMRSU) e trata de outras provid\u00eancias correlatas.<\/p>\n<p>A vota\u00e7\u00e3o das emendas modificativas n\u00ba 002\/2025, apresentada pela vereadora Fab\u00edola Rios, ao Projeto de Lei 023\/2025, foi aprovada pelos parlamentares presentes. Em seguida, a emenda modificativa n\u00ba 003\/2025, apresentada pelo vereador Edilson Agapito, tamb\u00e9m foi aprovada pelos membros da casa. Com isso, o projeto 023\/2025 avan\u00e7a para a fase de segunda vota\u00e7\u00e3o, consolidando ajustes necess\u00e1rios para o funcionamento do sistema de manejo de res\u00edduos.<\/p>\n<p>Outra decis\u00e3o importante da noite foi a aprova\u00e7\u00e3o, em segunda vota\u00e7\u00e3o, do Projeto de Lei 026\/2025, cuja leitura e debate tamb\u00e9m ocuparam parte dos trabalhos. Ao final, a presidente Fab\u00edola Rios conduziu a explana\u00e7\u00e3o sobre o equil\u00edbrio entre discuss\u00f5es e converg\u00eancia de ideias, destacando a necessidade de adapta\u00e7\u00e3o gradual de um sistema j\u00e1 utilizado em outros munic\u00edpios, mas ainda novo para Cumari.<\/p>\n<p>Durante o exame das mat\u00e9rias, Fab\u00edola Rios avaliou o panorama financeiro da casa de Leis, ressaltando a proximidade dos dois \u00faltimos meses do ano de 2025. Ela destacou que o Refis, considerado uma medida para reduzir juros e multas de impostos, pode favorecer a popula\u00e7\u00e3o ao permitir o pagamento com valores mais acess\u00edveis, ao mesmo tempo em que aumenta a arrecada\u00e7\u00e3o municipal no fim do ano. A presidente enfatizou que as a\u00e7\u00f5es da C\u00e2mara devem refletir as necessidades do munic\u00edpio dentro das limita\u00e7\u00f5es or\u00e7ament\u00e1rias atuais.<\/p>\n<p>A administra\u00e7\u00e3o da Casa tamb\u00e9m aproveitou o momento para refor\u00e7ar investimentos j\u00e1 feitos: a constru\u00e7\u00e3o de uma sala de reuni\u00f5es maior e mais adequada, capaz de receber reuni\u00f5es com maior conforto, al\u00e9m da melhoria ambiental com a instala\u00e7\u00e3o de energia solar, que dever\u00e1 gerar economia expressiva na fatura de energia. A expectativa \u00e9 de economia de pouco mais de mil reais na conta de energia a partir do pr\u00f3ximo m\u00eas, ap\u00f3s a retirada de um padr\u00e3o que n\u00e3o era utilizado.<\/p>\n<p>Outra pauta que recebeu aten\u00e7\u00e3o foi a poss\u00edvel aquisi\u00e7\u00e3o de tablets para os parlamentares, visando facilitar o acesso \u00e0s sess\u00f5es. Segundo Fab\u00edola Rios, a ideia \u00e9 de que cada vereador disponha de um tablet, ainda que a vota\u00e7\u00e3o seja realizada por meio de link, n\u00e3o de aplicativo. A aquisi\u00e7\u00e3o est\u00e1 prevista para o pr\u00f3ximo ano, j\u00e1 em janeiro, conforme discutido com o futuro presidente da Casa, que se mostrou favor\u00e1vel \u00e0 medida.<\/p>\n<p>A sess\u00e3o contou com a participa\u00e7\u00e3o dos vereadores presentes, com a anima\u00e7\u00e3o t\u00edpica de quem acompanha o andamento dos trabalhos legislativos, ao mesmo tempo em que reconhece os desafios de implementar um sistema de gest\u00e3o de res\u00edduos s\u00f3lido urbano moderno e compat\u00edvel com as finan\u00e7as municipais. As vota\u00e7\u00f5es, inclusive, sinalizam uma tend\u00eancia de consenso para projetos relevantes, ainda que com escrut\u00ednio e ajustes necess\u00e1rios para atender \u00e0s demandas da popula\u00e7\u00e3o e \u00e0s exig\u00eancias legais.<\/p>\n","protected":false},"excerpt":{"rendered":"<p>Na 28\u00aa sess\u00e3o ordin\u00e1ria da C\u00e2mara Municipal de Cumari, realizada nesta ter\u00e7a-feira 14, foi lida a ata da sess\u00e3o anterior e aprovada pelos presentes, com a aus\u00eancia do vereador Adelino Florisbelo da Silva Junior. Em sess\u00e3o marcada pela tem\u00e1tica de inova\u00e7\u00e3o, o pleno votou, em primeira vota\u00e7\u00e3o, o Projeto de Lei 023\/2025, que institui a<\/p>\n","protected":false},"author":2,"featured_media":46203,"comment_status":"closed","ping_status":"closed","sticky":false,"template":"","format":"standard","meta":{"footnotes":""},"categories":[27,22,26,23],"tags":[],"class_list":["post-46201","post","type-post","status-publish","format-standard","has-post-thumbnail","hentry","category-brasil","category-catalao","category-destaque","category-goias"],"yoast_head":"<!-- This site is optimized with the Yoast SEO plugin v25.8 - https:\/\/yoast.com\/wordpress\/plugins\/seo\/ -->\n<title>C\u00e2mara de Cumari aprova Lei de Manejo de Res\u00edduos e emendas ao Projeto 023\/2025; debates sobre Refis e infraestrutura marcam sess\u00e3o - Jornal Ultimos Acontecimentos<\/title>\n<meta name=\"robots\" content=\"index, follow, max-snippet:-1, max-image-preview:large, max-video-preview:-1\" \/>\n<link rel=\"canonical\" href=\"https:\/\/juacontecimentos.com.br\/site\/camara-de-cumari-aprova-lei-de-manejo-de-residuos-e-emendas-ao-projeto-023-2025-debates-sobre-refis-e-infraestrutura-marcam-sessao\/\" \/>\n<meta property=\"og:locale\" content=\"pt_BR\" \/>\n<meta property=\"og:type\" content=\"article\" \/>\n<meta property=\"og:title\" content=\"C\u00e2mara de Cumari aprova Lei de Manejo de Res\u00edduos e emendas ao Projeto 023\/2025; debates sobre Refis e infraestrutura marcam sess\u00e3o - Jornal Ultimos Acontecimentos\" \/>\n<meta property=\"og:description\" content=\"Na 28\u00aa sess\u00e3o ordin\u00e1ria da C\u00e2mara Municipal de Cumari, realizada nesta ter\u00e7a-feira 14, foi lida a ata da sess\u00e3o anterior e aprovada pelos presentes, com a aus\u00eancia do vereador Adelino Florisbelo da Silva Junior. Em sess\u00e3o marcada pela tem\u00e1tica de inova\u00e7\u00e3o, o pleno votou, em primeira vota\u00e7\u00e3o, o Projeto de Lei 023\/2025, que institui a\" \/>\n<meta property=\"og:url\" content=\"https:\/\/juacontecimentos.com.br\/site\/camara-de-cumari-aprova-lei-de-manejo-de-residuos-e-emendas-ao-projeto-023-2025-debates-sobre-refis-e-infraestrutura-marcam-sessao\/\" \/>\n<meta property=\"og:site_name\" content=\"Jornal Ultimos Acontecimentos\" \/>\n<meta property=\"article:publisher\" content=\"https:\/\/www.facebook.com\/jultimosacontecimentos\/\" \/>\n<meta property=\"article:published_time\" content=\"2025-10-15T00:38:37+00:00\" \/>\n<meta property=\"og:image\" content=\"https:\/\/juacontecimentos.com.br\/site\/wp-content\/uploads\/2025\/10\/IMG_20251014_191713-scaled.jpg\" \/>\n\t<meta property=\"og:image:width\" content=\"2560\" \/>\n\t<meta property=\"og:image:height\" content=\"1444\" \/>\n\t<meta property=\"og:image:type\" content=\"image\/jpeg\" \/>\n<meta name=\"author\" content=\"Reginaldo Ribeiro\" \/>\n<meta name=\"twitter:card\" content=\"summary_large_image\" \/>\n<meta name=\"twitter:label1\" content=\"Escrito por\" \/>\n\t<meta name=\"twitter:data1\" content=\"Reginaldo Ribeiro\" \/>\n\t<meta name=\"twitter:label2\" content=\"Est. tempo de leitura\" \/>\n\t<meta name=\"twitter:data2\" content=\"4 minutos\" \/>\n<script type=\"application\/ld+json\" class=\"yoast-schema-graph\">{\"@context\":\"https:\/\/schema.org\",\"@graph\":[{\"@type\":\"Article\",\"@id\":\"https:\/\/juacontecimentos.com.br\/site\/camara-de-cumari-aprova-lei-de-manejo-de-residuos-e-emendas-ao-projeto-023-2025-debates-sobre-refis-e-infraestrutura-marcam-sessao\/#article\",\"isPartOf\":{\"@id\":\"https:\/\/juacontecimentos.com.br\/site\/camara-de-cumari-aprova-lei-de-manejo-de-residuos-e-emendas-ao-projeto-023-2025-debates-sobre-refis-e-infraestrutura-marcam-sessao\/\"},\"author\":{\"name\":\"Reginaldo Ribeiro\",\"@id\":\"https:\/\/juacontecimentos.com.br\/site\/#\/schema\/person\/082a54e6d3fdd7a633291428521c9669\"},\"headline\":\"C\u00e2mara de Cumari aprova Lei de Manejo de Res\u00edduos e emendas ao Projeto 023\/2025; debates sobre Refis e infraestrutura marcam sess\u00e3o\",\"datePublished\":\"2025-10-15T00:38:37+00:00\",\"mainEntityOfPage\":{\"@id\":\"https:\/\/juacontecimentos.com.br\/site\/camara-de-cumari-aprova-lei-de-manejo-de-residuos-e-emendas-ao-projeto-023-2025-debates-sobre-refis-e-infraestrutura-marcam-sessao\/\"},\"wordCount\":598,\"publisher\":{\"@id\":\"https:\/\/juacontecimentos.com.br\/site\/#organization\"},\"image\":{\"@id\":\"https:\/\/juacontecimentos.com.br\/site\/camara-de-cumari-aprova-lei-de-manejo-de-residuos-e-emendas-ao-projeto-023-2025-debates-sobre-refis-e-infraestrutura-marcam-sessao\/#primaryimage\"},\"thumbnailUrl\":\"https:\/\/juacontecimentos.com.br\/site\/wp-content\/uploads\/2025\/10\/IMG_20251014_191713-scaled.jpg\",\"articleSection\":[\"Brasil\",\"Catal\u00e3o\",\"Destaque\",\"Goi\u00e1s\"],\"inLanguage\":\"pt-BR\"},{\"@type\":\"WebPage\",\"@id\":\"https:\/\/juacontecimentos.com.br\/site\/camara-de-cumari-aprova-lei-de-manejo-de-residuos-e-emendas-ao-projeto-023-2025-debates-sobre-refis-e-infraestrutura-marcam-sessao\/\",\"url\":\"https:\/\/juacontecimentos.com.br\/site\/camara-de-cumari-aprova-lei-de-manejo-de-residuos-e-emendas-ao-projeto-023-2025-debates-sobre-refis-e-infraestrutura-marcam-sessao\/\",\"name\":\"C\u00e2mara de Cumari aprova Lei de Manejo de Res\u00edduos e emendas ao Projeto 023\/2025; debates sobre Refis e infraestrutura marcam sess\u00e3o - Jornal Ultimos Acontecimentos\",\"isPartOf\":{\"@id\":\"https:\/\/juacontecimentos.com.br\/site\/#website\"},\"primaryImageOfPage\":{\"@id\":\"https:\/\/juacontecimentos.com.br\/site\/camara-de-cumari-aprova-lei-de-manejo-de-residuos-e-emendas-ao-projeto-023-2025-debates-sobre-refis-e-infraestrutura-marcam-sessao\/#primaryimage\"},\"image\":{\"@id\":\"https:\/\/juacontecimentos.com.br\/site\/camara-de-cumari-aprova-lei-de-manejo-de-residuos-e-emendas-ao-projeto-023-2025-debates-sobre-refis-e-infraestrutura-marcam-sessao\/#primaryimage\"},\"thumbnailUrl\":\"https:\/\/juacontecimentos.com.br\/site\/wp-content\/uploads\/2025\/10\/IMG_20251014_191713-scaled.jpg\",\"datePublished\":\"2025-10-15T00:38:37+00:00\",\"breadcrumb\":{\"@id\":\"https:\/\/juacontecimentos.com.br\/site\/camara-de-cumari-aprova-lei-de-manejo-de-residuos-e-emendas-ao-projeto-023-2025-debates-sobre-refis-e-infraestrutura-marcam-sessao\/#breadcrumb\"},\"inLanguage\":\"pt-BR\",\"potentialAction\":[{\"@type\":\"ReadAction\",\"target\":[\"https:\/\/juacontecimentos.com.br\/site\/camara-de-cumari-aprova-lei-de-manejo-de-residuos-e-emendas-ao-projeto-023-2025-debates-sobre-refis-e-infraestrutura-marcam-sessao\/\"]}]},{\"@type\":\"ImageObject\",\"inLanguage\":\"pt-BR\",\"@id\":\"https:\/\/juacontecimentos.com.br\/site\/camara-de-cumari-aprova-lei-de-manejo-de-residuos-e-emendas-ao-projeto-023-2025-debates-sobre-refis-e-infraestrutura-marcam-sessao\/#primaryimage\",\"url\":\"https:\/\/juacontecimentos.com.br\/site\/wp-content\/uploads\/2025\/10\/IMG_20251014_191713-scaled.jpg\",\"contentUrl\":\"https:\/\/juacontecimentos.com.br\/site\/wp-content\/uploads\/2025\/10\/IMG_20251014_191713-scaled.jpg\",\"width\":2560,\"height\":1444},{\"@type\":\"BreadcrumbList\",\"@id\":\"https:\/\/juacontecimentos.com.br\/site\/camara-de-cumari-aprova-lei-de-manejo-de-residuos-e-emendas-ao-projeto-023-2025-debates-sobre-refis-e-infraestrutura-marcam-sessao\/#breadcrumb\",\"itemListElement\":[{\"@type\":\"ListItem\",\"position\":1,\"name\":\"In\u00edcio\",\"item\":\"https:\/\/juacontecimentos.com.br\/site\/\"},{\"@type\":\"ListItem\",\"position\":2,\"name\":\"C\u00e2mara de Cumari aprova Lei de Manejo de Res\u00edduos e emendas ao Projeto 023\/2025; debates sobre Refis e infraestrutura marcam sess\u00e3o\"}]},{\"@type\":\"WebSite\",\"@id\":\"https:\/\/juacontecimentos.com.br\/site\/#website\",\"url\":\"https:\/\/juacontecimentos.com.br\/site\/\",\"name\":\"Jornal Ultimos Acontecimentos\",\"description\":\"Catal\u00e3o e regi\u00e3o\",\"publisher\":{\"@id\":\"https:\/\/juacontecimentos.com.br\/site\/#organization\"},\"potentialAction\":[{\"@type\":\"SearchAction\",\"target\":{\"@type\":\"EntryPoint\",\"urlTemplate\":\"https:\/\/juacontecimentos.com.br\/site\/?s={search_term_string}\"},\"query-input\":{\"@type\":\"PropertyValueSpecification\",\"valueRequired\":true,\"valueName\":\"search_term_string\"}}],\"inLanguage\":\"pt-BR\"},{\"@type\":\"Organization\",\"@id\":\"https:\/\/juacontecimentos.com.br\/site\/#organization\",\"name\":\"Jornal Ultimos Acontecimentos\",\"url\":\"https:\/\/juacontecimentos.com.br\/site\/\",\"logo\":{\"@type\":\"ImageObject\",\"inLanguage\":\"pt-BR\",\"@id\":\"https:\/\/juacontecimentos.com.br\/site\/#\/schema\/logo\/image\/\",\"url\":\"https:\/\/juacontecimentos.com.br\/site\/wp-content\/uploads\/2023\/04\/Logo_Site.png\",\"contentUrl\":\"https:\/\/juacontecimentos.com.br\/site\/wp-content\/uploads\/2023\/04\/Logo_Site.png\",\"width\":2476,\"height\":530,\"caption\":\"Jornal Ultimos Acontecimentos\"},\"image\":{\"@id\":\"https:\/\/juacontecimentos.com.br\/site\/#\/schema\/logo\/image\/\"},\"sameAs\":[\"https:\/\/www.facebook.com\/jultimosacontecimentos\/\"]},{\"@type\":\"Person\",\"@id\":\"https:\/\/juacontecimentos.com.br\/site\/#\/schema\/person\/082a54e6d3fdd7a633291428521c9669\",\"name\":\"Reginaldo Ribeiro\",\"image\":{\"@type\":\"ImageObject\",\"inLanguage\":\"pt-BR\",\"@id\":\"https:\/\/juacontecimentos.com.br\/site\/#\/schema\/person\/image\/\",\"url\":\"https:\/\/secure.gravatar.com\/avatar\/5c16c6837c3490270a74d888c2a845728f06bdde1f8761de1de1d1d1ef82d12f?s=96&d=mm&r=g\",\"contentUrl\":\"https:\/\/secure.gravatar.com\/avatar\/5c16c6837c3490270a74d888c2a845728f06bdde1f8761de1de1d1d1ef82d12f?s=96&d=mm&r=g\",\"caption\":\"Reginaldo Ribeiro\"}}]}<\/script>\n<!-- \/ Yoast SEO plugin. -->","yoast_head_json":{"title":"C\u00e2mara de Cumari aprova Lei de Manejo de Res\u00edduos e emendas ao Projeto 023\/2025; debates sobre Refis e infraestrutura marcam sess\u00e3o - Jornal Ultimos Acontecimentos","robots":{"index":"index","follow":"follow","max-snippet":"max-snippet:-1","max-image-preview":"max-image-preview:large","max-video-preview":"max-video-preview:-1"},"canonical":"https:\/\/juacontecimentos.com.br\/site\/camara-de-cumari-aprova-lei-de-manejo-de-residuos-e-emendas-ao-projeto-023-2025-debates-sobre-refis-e-infraestrutura-marcam-sessao\/","og_locale":"pt_BR","og_type":"article","og_title":"C\u00e2mara de Cumari aprova Lei de Manejo de Res\u00edduos e emendas ao Projeto 023\/2025; debates sobre Refis e infraestrutura marcam sess\u00e3o - Jornal Ultimos Acontecimentos","og_description":"Na 28\u00aa sess\u00e3o ordin\u00e1ria da C\u00e2mara Municipal de Cumari, realizada nesta ter\u00e7a-feira 14, foi lida a ata da sess\u00e3o anterior e aprovada pelos presentes, com a aus\u00eancia do vereador Adelino Florisbelo da Silva Junior. Em sess\u00e3o marcada pela tem\u00e1tica de inova\u00e7\u00e3o, o pleno votou, em primeira vota\u00e7\u00e3o, o Projeto de Lei 023\/2025, que institui a","og_url":"https:\/\/juacontecimentos.com.br\/site\/camara-de-cumari-aprova-lei-de-manejo-de-residuos-e-emendas-ao-projeto-023-2025-debates-sobre-refis-e-infraestrutura-marcam-sessao\/","og_site_name":"Jornal Ultimos Acontecimentos","article_publisher":"https:\/\/www.facebook.com\/jultimosacontecimentos\/","article_published_time":"2025-10-15T00:38:37+00:00","og_image":[{"width":2560,"height":1444,"url":"https:\/\/juacontecimentos.com.br\/site\/wp-content\/uploads\/2025\/10\/IMG_20251014_191713-scaled.jpg","type":"image\/jpeg"}],"author":"Reginaldo Ribeiro","twitter_card":"summary_large_image","twitter_misc":{"Escrito por":"Reginaldo Ribeiro","Est. tempo de leitura":"4 minutos"},"schema":{"@context":"https:\/\/schema.org","@graph":[{"@type":"Article","@id":"https:\/\/juacontecimentos.com.br\/site\/camara-de-cumari-aprova-lei-de-manejo-de-residuos-e-emendas-ao-projeto-023-2025-debates-sobre-refis-e-infraestrutura-marcam-sessao\/#article","isPartOf":{"@id":"https:\/\/juacontecimentos.com.br\/site\/camara-de-cumari-aprova-lei-de-manejo-de-residuos-e-emendas-ao-projeto-023-2025-debates-sobre-refis-e-infraestrutura-marcam-sessao\/"},"author":{"name":"Reginaldo Ribeiro","@id":"https:\/\/juacontecimentos.com.br\/site\/#\/schema\/person\/082a54e6d3fdd7a633291428521c9669"},"headline":"C\u00e2mara de Cumari aprova Lei de Manejo de Res\u00edduos e emendas ao Projeto 023\/2025; debates sobre Refis e infraestrutura marcam sess\u00e3o","datePublished":"2025-10-15T00:38:37+00:00","mainEntityOfPage":{"@id":"https:\/\/juacontecimentos.com.br\/site\/camara-de-cumari-aprova-lei-de-manejo-de-residuos-e-emendas-ao-projeto-023-2025-debates-sobre-refis-e-infraestrutura-marcam-sessao\/"},"wordCount":598,"publisher":{"@id":"https:\/\/juacontecimentos.com.br\/site\/#organization"},"image":{"@id":"https:\/\/juacontecimentos.com.br\/site\/camara-de-cumari-aprova-lei-de-manejo-de-residuos-e-emendas-ao-projeto-023-2025-debates-sobre-refis-e-infraestrutura-marcam-sessao\/#primaryimage"},"thumbnailUrl":"https:\/\/juacontecimentos.com.br\/site\/wp-content\/uploads\/2025\/10\/IMG_20251014_191713-scaled.jpg","articleSection":["Brasil","Catal\u00e3o","Destaque","Goi\u00e1s"],"inLanguage":"pt-BR"},{"@type":"WebPage","@id":"https:\/\/juacontecimentos.com.br\/site\/camara-de-cumari-aprova-lei-de-manejo-de-residuos-e-emendas-ao-projeto-023-2025-debates-sobre-refis-e-infraestrutura-marcam-sessao\/","url":"https:\/\/juacontecimentos.com.br\/site\/camara-de-cumari-aprova-lei-de-manejo-de-residuos-e-emendas-ao-projeto-023-2025-debates-sobre-refis-e-infraestrutura-marcam-sessao\/","name":"C\u00e2mara de Cumari aprova Lei de Manejo de Res\u00edduos e emendas ao Projeto 023\/2025; debates sobre Refis e infraestrutura marcam sess\u00e3o - Jornal Ultimos Acontecimentos","isPartOf":{"@id":"https:\/\/juacontecimentos.com.br\/site\/#website"},"primaryImageOfPage":{"@id":"https:\/\/juacontecimentos.com.br\/site\/camara-de-cumari-aprova-lei-de-manejo-de-residuos-e-emendas-ao-projeto-023-2025-debates-sobre-refis-e-infraestrutura-marcam-sessao\/#primaryimage"},"image":{"@id":"https:\/\/juacontecimentos.com.br\/site\/camara-de-cumari-aprova-lei-de-manejo-de-residuos-e-emendas-ao-projeto-023-2025-debates-sobre-refis-e-infraestrutura-marcam-sessao\/#primaryimage"},"thumbnailUrl":"https:\/\/juacontecimentos.com.br\/site\/wp-content\/uploads\/2025\/10\/IMG_20251014_191713-scaled.jpg","datePublished":"2025-10-15T00:38:37+00:00","breadcrumb":{"@id":"https:\/\/juacontecimentos.com.br\/site\/camara-de-cumari-aprova-lei-de-manejo-de-residuos-e-emendas-ao-projeto-023-2025-debates-sobre-refis-e-infraestrutura-marcam-sessao\/#breadcrumb"},"inLanguage":"pt-BR","potentialAction":[{"@type":"ReadAction","target":["https:\/\/juacontecimentos.com.br\/site\/camara-de-cumari-aprova-lei-de-manejo-de-residuos-e-emendas-ao-projeto-023-2025-debates-sobre-refis-e-infraestrutura-marcam-sessao\/"]}]},{"@type":"ImageObject","inLanguage":"pt-BR","@id":"https:\/\/juacontecimentos.com.br\/site\/camara-de-cumari-aprova-lei-de-manejo-de-residuos-e-emendas-ao-projeto-023-2025-debates-sobre-refis-e-infraestrutura-marcam-sessao\/#primaryimage","url":"https:\/\/juacontecimentos.com.br\/site\/wp-content\/uploads\/2025\/10\/IMG_20251014_191713-scaled.jpg","contentUrl":"https:\/\/juacontecimentos.com.br\/site\/wp-content\/uploads\/2025\/10\/IMG_20251014_191713-scaled.jpg","width":2560,"height":1444},{"@type":"BreadcrumbList","@id":"https:\/\/juacontecimentos.com.br\/site\/camara-de-cumari-aprova-lei-de-manejo-de-residuos-e-emendas-ao-projeto-023-2025-debates-sobre-refis-e-infraestrutura-marcam-sessao\/#breadcrumb","itemListElement":[{"@type":"ListItem","position":1,"name":"In\u00edcio","item":"https:\/\/juacontecimentos.com.br\/site\/"},{"@type":"ListItem","position":2,"name":"C\u00e2mara de Cumari aprova Lei de Manejo de Res\u00edduos e emendas ao Projeto 023\/2025; debates sobre Refis e infraestrutura marcam sess\u00e3o"}]},{"@type":"WebSite","@id":"https:\/\/juacontecimentos.com.br\/site\/#website","url":"https:\/\/juacontecimentos.com.br\/site\/","name":"Jornal Ultimos Acontecimentos","description":"Catal\u00e3o e regi\u00e3o","publisher":{"@id":"https:\/\/juacontecimentos.com.br\/site\/#organization"},"potentialAction":[{"@type":"SearchAction","target":{"@type":"EntryPoint","urlTemplate":"https:\/\/juacontecimentos.com.br\/site\/?s={search_term_string}"},"query-input":{"@type":"PropertyValueSpecification","valueRequired":true,"valueName":"search_term_string"}}],"inLanguage":"pt-BR"},{"@type":"Organization","@id":"https:\/\/juacontecimentos.com.br\/site\/#organization","name":"Jornal Ultimos Acontecimentos","url":"https:\/\/juacontecimentos.com.br\/site\/","logo":{"@type":"ImageObject","inLanguage":"pt-BR","@id":"https:\/\/juacontecimentos.com.br\/site\/#\/schema\/logo\/image\/","url":"https:\/\/juacontecimentos.com.br\/site\/wp-content\/uploads\/2023\/04\/Logo_Site.png","contentUrl":"https:\/\/juacontecimentos.com.br\/site\/wp-content\/uploads\/2023\/04\/Logo_Site.png","width":2476,"height":530,"caption":"Jornal Ultimos Acontecimentos"},"image":{"@id":"https:\/\/juacontecimentos.com.br\/site\/#\/schema\/logo\/image\/"},"sameAs":["https:\/\/www.facebook.com\/jultimosacontecimentos\/"]},{"@type":"Person","@id":"https:\/\/juacontecimentos.com.br\/site\/#\/schema\/person\/082a54e6d3fdd7a633291428521c9669","name":"Reginaldo Ribeiro","image":{"@type":"ImageObject","inLanguage":"pt-BR","@id":"https:\/\/juacontecimentos.com.br\/site\/#\/schema\/person\/image\/","url":"https:\/\/secure.gravatar.com\/avatar\/5c16c6837c3490270a74d888c2a845728f06bdde1f8761de1de1d1d1ef82d12f?s=96&d=mm&r=g","contentUrl":"https:\/\/secure.gravatar.com\/avatar\/5c16c6837c3490270a74d888c2a845728f06bdde1f8761de1de1d1d1ef82d12f?s=96&d=mm&r=g","caption":"Reginaldo Ribeiro"}}]}},"_links":{"self":[{"href":"https:\/\/juacontecimentos.com.br\/site\/wp-json\/wp\/v2\/posts\/46201","targetHints":{"allow":["GET"]}}],"collection":[{"href":"https:\/\/juacontecimentos.com.br\/site\/wp-json\/wp\/v2\/posts"}],"about":[{"href":"https:\/\/juacontecimentos.com.br\/site\/wp-json\/wp\/v2\/types\/post"}],"author":[{"embeddable":true,"href":"https:\/\/juacontecimentos.com.br\/site\/wp-json\/wp\/v2\/users\/2"}],"replies":[{"embeddable":true,"href":"https:\/\/juacontecimentos.com.br\/site\/wp-json\/wp\/v2\/comments?post=46201"}],"version-history":[{"count":1,"href":"https:\/\/juacontecimentos.com.br\/site\/wp-json\/wp\/v2\/posts\/46201\/revisions"}],"predecessor-version":[{"id":46204,"href":"https:\/\/juacontecimentos.com.br\/site\/wp-json\/wp\/v2\/posts\/46201\/revisions\/46204"}],"wp:featuredmedia":[{"embeddable":true,"href":"https:\/\/juacontecimentos.com.br\/site\/wp-json\/wp\/v2\/media\/46203"}],"wp:attachment":[{"href":"https:\/\/juacontecimentos.com.br\/site\/wp-json\/wp\/v2\/media?parent=46201"}],"wp:term":[{"taxonomy":"category","embeddable":true,"href":"https:\/\/juacontecimentos.com.br\/site\/wp-json\/wp\/v2\/categories?post=46201"},{"taxonomy":"post_tag","embeddable":true,"href":"https:\/\/juacontecimentos.com.br\/site\/wp-json\/wp\/v2\/tags?post=46201"}],"curies":[{"name":"wp","href":"https:\/\/api.w.org\/{rel}","templated":true}]}}