{"id":4662,"date":"2018-06-27T03:31:24","date_gmt":"2018-06-27T06:31:24","guid":{"rendered":"http:\/\/juacontecimentos.com.br\/site\/?p=4662"},"modified":"2018-06-27T08:24:07","modified_gmt":"2018-06-27T11:24:07","slug":"prefeito-de-corumbaiba-firma-carta-de-compromisso-em-apoio-ao-projeto-ser-natureza","status":"publish","type":"post","link":"https:\/\/juacontecimentos.com.br\/site\/prefeito-de-corumbaiba-firma-carta-de-compromisso-em-apoio-ao-projeto-ser-natureza\/","title":{"rendered":"Prefeito de Corumba\u00edba firma carta de compromisso em apoio ao Projeto Ser Natureza"},"content":{"rendered":"<blockquote><p>Corumba\u00edba &#8211; Em reuni\u00e3o realizada nesta segunda-feira (26\/6) no sal\u00e3o paroquial Lino Dal&#8217;la Pozza, em Corumba\u00edba, o prefeito do munic\u00edpio, Wisner Ara\u00fajo de Almeida, firmou carta de compromisso com o Minist\u00e9rio P\u00fablico de Goi\u00e1s em ades\u00e3o ao Projeto Ser Natureza. A iniciativa, que conta com o apoio da Coordena\u00e7\u00e3o de Assessoramento \u00e0 Autocomposi\u00e7\u00e3o Extrajudicial (Caej) do MP-GO, visa \u00e0 recupera\u00e7\u00e3o de nascentes do C\u00f3rrego Cerrado, manancial de abastecimento p\u00fablico municipal.<\/p>\n<p>A proposta de resolu\u00e7\u00e3o extrajudicial para a crise h\u00eddrica, que atingiu a cidade no \u00faltimo ano, foi sugerida pela promotora Gabriela Rezende da Silva, titular da Promotoria de Justi\u00e7a de Corumba\u00edba. Segundo esclarecido por ela no in\u00edcio do evento, a falta de \u00e1gua \u00e9 uma realidade n\u00e3o somente em Corumba\u00edba, mas em v\u00e1rios munic\u00edpios do Estado e que precisa ser encarada emergencialmente e com solu\u00e7\u00f5es pr\u00e1ticas e efetivas para a quest\u00e3o do abastecimento. Segundo relatou, no \u00faltimo per\u00edodo de seca, algumas casas chegaram a ficar at\u00e9 7 dias sem \u00e1gua.<\/p>\n<p>Conforme destacou, seria poss\u00edvel a atua\u00e7\u00e3o do Minist\u00e9rio P\u00fablico somente na esfera judicial, exigindo-se que os produtores rurais recuperassem as nascentes degradadas, mas, segundo observou, \u201cisso n\u00e3o traria, necessariamente, a resolutividade da quest\u00e3o. Por isso, \u00e9 fundamental este apoio manifestado pelo munic\u00edpio, das institui\u00e7\u00f5es parcerias, como Emater, Saneago, a Secretaria Estadual de Meio Ambiente (Secima), e tamb\u00e9m dos propriet\u00e1rios rurais, pois \u00e9 por meio destas parcerias que poderemos mudar esta realidade\u201d, afirmou Gabriela Rezende.<\/p>\n<p>Ao assinar o documento, o prefeito reiterou os percal\u00e7os ocorridos no munic\u00edpio em raz\u00e3o da falta de \u00e1gua, acrescentando que a atua\u00e7\u00e3o da promotoria tem sido primordial tamb\u00e9m em cobrar da concession\u00e1ria de \u00e1gua solu\u00e7\u00f5es para a quest\u00e3o do abastecimento p\u00fablico. De forma paliativa, j\u00e1 foi autorizada a perfura\u00e7\u00e3o de po\u00e7os artesianos em algumas propriedades rurais. \u201cO munic\u00edpio inaugurou um viveiro municipal, cujo objetivo \u00e9 o cultivo de mudas de vegeta\u00e7\u00e3o do Cerrado, as quais ser\u00e3o distribu\u00eddas aos propriet\u00e1rios rurais\u201d, acrescentou.<\/p>\n<p><strong>Apresenta\u00e7\u00e3o do projeto e da bacia<\/strong><br \/>\nA analista da Caej, Maria Jos\u00e9 Soares, esclareceu a din\u00e2mica de trabalho do Projeto Ser Natureza, que passa inicialmente pela forma\u00e7\u00e3o do grupo de trabalho, o qual dever\u00e1 ser integrado por representantes do MP, das institui\u00e7\u00f5es parceiras, dos produtores rurais e da comunidade local. Desse modo, o grupo delibera consensualmente as a\u00e7\u00f5es priorit\u00e1rias a serem executadas.<\/p>\n<p>De forma geral, o projeto realiza o cercamento das nascentes; faz a recomposi\u00e7\u00e3o de flora das \u00e1reas de preserva\u00e7\u00e3o permanente (APP), por meio do replantio de mudas e, por fim, a implementa\u00e7\u00e3o das pr\u00e1ticas de conserva\u00e7\u00e3o de solo, como a constru\u00e7\u00e3o de curvas de n\u00edvel, de cacimbas de conten\u00e7\u00e3o de \u00e1gua da chuva e terraceamento. Conforme esclareceu, o Minist\u00e9rio P\u00fablico n\u00e3o \u00e9 o gestor da pol\u00edtica p\u00fablica ambiental, mas, neste caso, o fomentador para a melhoria dos recursos h\u00eddricos.<\/p>\n<p>Em seguida, o engenheiro florestal da Emater L\u00e9o Lince do Carmo apresentou os dados t\u00e9cnicos da bacia, levantados com apoio do supervisor da Emater local, Marcelo Cocota. Segundo detalhado, o trabalho desenvolvido pelo projeto \u00e9 fundamental para a recupera\u00e7\u00e3o da mata ciliar, especialmente na microbacia do C\u00f3rrego Cerrado, que possui apenas 7% de cobertura vegetal, quando a preserva\u00e7\u00e3o m\u00ednima, de acordo com a legisla\u00e7\u00e3o ambiental, deveria ser de ao menos 20%.<\/p>\n<p>Conforme ponderou, a microbacia, pertencente \u00e0 Bacia do Rio Parana\u00edba, possui 1.740 hectares de \u00e1rea, onde foram constatadas a exist\u00eancia de 19 propriedades rurais. Inicialmente, ser\u00e3o recuperadas cinco nascentes, localizadas em tr\u00eas propriedades rurais. \u201cEste projeto, na realidade, pertence aos produtores rurais, pois eles s\u00e3o fundamentais neste processo de mudan\u00e7a de consci\u00eancia e desenvolvimento de uma produ\u00e7\u00e3o rural sustent\u00e1vel\u201d, afirmou.<\/p>\n<p>Assim, integrar\u00e3o esta fase inicial do projeto os produtores rurais Agnaldo Carneiro (1 nascente), Juventina Vieira (1 nascente), Leonardo Teixeira (3 nascentes). Apesar de apenas o produtor Agnaldo Carneiro ter comparecido \u00e0 reuni\u00e3o, os demais informaram \u00e0 promotoria que concordam com a ades\u00e3o ao projeto. L\u00e9o Lince apresentou ainda a proje\u00e7\u00e3o de custos do projeto para as cinco nascentes e a sugest\u00e3o do cronograma de execu\u00e7\u00e3o das a\u00e7\u00f5es.<\/p>\n<p>Em seguida, foi aberta, pela analista da Caej Adriane Chagas, a escuta dos presentes e o encaminhamento para a composi\u00e7\u00e3o do grupo de trabalho. De in\u00edcio, professoras da rede municipal de ensino questionaram a participa\u00e7\u00e3o da Educa\u00e7\u00e3o no projeto, tendo sido esclarecido que o Ser Natureza trabalha, paralelamente \u00e0s a\u00e7\u00f5es do grupo de trabalho, iniciativas de educa\u00e7\u00e3o ambiental, tendo em vista que a proposta do projeto \u00e9 a mudan\u00e7a de postura em rela\u00e7\u00e3o \u00e0 preserva\u00e7\u00e3o ambiental, assim como o envolvimento de toda a comunidade. Desse modo, as professoras j\u00e1 se dispuseram a ser representantes de suas escolas nas iniciativas que dever\u00e3o envolver todas as unidades da rede municipal de ensino.<\/p>\n<p>Representantes da empresa Italac, que possui uma f\u00e1brica no munic\u00edpio, tamb\u00e9m mostraram interesse em contribuir com o projeto, assim como os representantes de uma organiza\u00e7\u00e3o n\u00e3o governamental de defesa ambiental instalada em Corumba\u00edba. Por fim, o representante da Saneago Gide\u00e3o Cardoso de Oliveira afirmou que a concession\u00e1ria investir\u00e1 e custear\u00e1 o cercamento de 10 nascentes, fornecendo ainda mudas na quantidade que for necess\u00e1ria. Desse modo, o projeto dever\u00e1 abranger mais nascentes em uma segunda etapa.<\/p>\n<p>Ao final, foram definidos os integrantes do grupo de trabalho e agendado que o pr\u00f3ximo encontro acontecer\u00e1 em agosto para a defini\u00e7\u00e3o das a\u00e7\u00f5es priorit\u00e1rias. No encerramento dos trabalhos, a promotora Gabriela agradeceu a todos pela participa\u00e7\u00e3o e empenho na resolu\u00e7\u00e3o conjunta da quest\u00e3o, e reiterou que o MP est\u00e1 \u00e0 disposi\u00e7\u00e3o para o esclarecimento de quaisquer d\u00favidas sobre o projeto.<\/p>\n<p>Pelo munic\u00edpio participaram ainda da reuni\u00e3o os secret\u00e1rios de Meio Ambiente, Elis Carlos Pimenta; de Finan\u00e7as, Carlos Jos\u00e9 de Oliveira; al\u00e9m da engenheira agr\u00f4noma da Emater Luciene Ribeiro da Silva e do gerente industrial da Italac, Carlos Fernando do Sena.<\/p>\n<p><em>Fonte: (Texto e foto: Cristina Rosa \/ Assessoria de Comunica\u00e7\u00e3o Social do MP-GO)<\/em><\/p><\/blockquote>\n<p><\/p>\n","protected":false},"excerpt":{"rendered":"<p>Corumba\u00edba &#8211; Em reuni\u00e3o realizada nesta segunda-feira (26\/6) no sal\u00e3o paroquial Lino Dal&#8217;la Pozza, em Corumba\u00edba, o prefeito do munic\u00edpio, Wisner Ara\u00fajo de Almeida, firmou carta de compromisso com o Minist\u00e9rio P\u00fablico de Goi\u00e1s em ades\u00e3o ao Projeto Ser Natureza. A iniciativa, que conta com o apoio da Coordena\u00e7\u00e3o de Assessoramento \u00e0 Autocomposi\u00e7\u00e3o Extrajudicial (Caej)<\/p>\n","protected":false},"author":2,"featured_media":4663,"comment_status":"open","ping_status":"open","sticky":false,"template":"","format":"standard","meta":{"footnotes":""},"categories":[27,22,26,23],"tags":[],"class_list":["post-4662","post","type-post","status-publish","format-standard","has-post-thumbnail","hentry","category-brasil","category-catalao","category-destaque","category-goias"],"yoast_head":"<!-- This site is optimized with the Yoast SEO plugin v25.8 - https:\/\/yoast.com\/wordpress\/plugins\/seo\/ -->\n<title>Prefeito de Corumba\u00edba firma carta de compromisso em apoio ao Projeto Ser Natureza - Jornal Ultimos Acontecimentos<\/title>\n<meta name=\"robots\" content=\"index, follow, max-snippet:-1, max-image-preview:large, max-video-preview:-1\" \/>\n<link rel=\"canonical\" href=\"https:\/\/juacontecimentos.com.br\/site\/prefeito-de-corumbaiba-firma-carta-de-compromisso-em-apoio-ao-projeto-ser-natureza\/\" \/>\n<meta property=\"og:locale\" content=\"pt_BR\" \/>\n<meta property=\"og:type\" content=\"article\" \/>\n<meta property=\"og:title\" content=\"Prefeito de Corumba\u00edba firma carta de compromisso em apoio ao Projeto Ser Natureza - Jornal Ultimos Acontecimentos\" \/>\n<meta property=\"og:description\" content=\"Corumba\u00edba &#8211; Em reuni\u00e3o realizada nesta segunda-feira (26\/6) no sal\u00e3o paroquial Lino Dal&#8217;la Pozza, em Corumba\u00edba, o prefeito do munic\u00edpio, Wisner Ara\u00fajo de Almeida, firmou carta de compromisso com o Minist\u00e9rio P\u00fablico de Goi\u00e1s em ades\u00e3o ao Projeto Ser Natureza. A iniciativa, que conta com o apoio da Coordena\u00e7\u00e3o de Assessoramento \u00e0 Autocomposi\u00e7\u00e3o Extrajudicial (Caej)\" \/>\n<meta property=\"og:url\" content=\"https:\/\/juacontecimentos.com.br\/site\/prefeito-de-corumbaiba-firma-carta-de-compromisso-em-apoio-ao-projeto-ser-natureza\/\" \/>\n<meta property=\"og:site_name\" content=\"Jornal Ultimos Acontecimentos\" \/>\n<meta property=\"article:publisher\" content=\"https:\/\/www.facebook.com\/jultimosacontecimentos\/\" \/>\n<meta property=\"article:published_time\" content=\"2018-06-27T06:31:24+00:00\" \/>\n<meta property=\"article:modified_time\" content=\"2018-06-27T11:24:07+00:00\" \/>\n<meta property=\"og:image\" content=\"https:\/\/juacontecimentos.com.br\/site\/wp-content\/uploads\/2018\/06\/Prefeito-Assina-Termo.jpeg\" \/>\n\t<meta property=\"og:image:width\" content=\"307\" \/>\n\t<meta property=\"og:image:height\" content=\"204\" \/>\n\t<meta property=\"og:image:type\" content=\"image\/jpeg\" \/>\n<meta name=\"author\" content=\"Reginaldo Ribeiro\" \/>\n<meta name=\"twitter:card\" content=\"summary_large_image\" \/>\n<meta name=\"twitter:label1\" content=\"Escrito por\" \/>\n\t<meta name=\"twitter:data1\" content=\"Reginaldo Ribeiro\" \/>\n\t<meta name=\"twitter:label2\" content=\"Est. tempo de leitura\" \/>\n\t<meta name=\"twitter:data2\" content=\"5 minutos\" \/>\n<script type=\"application\/ld+json\" class=\"yoast-schema-graph\">{\"@context\":\"https:\/\/schema.org\",\"@graph\":[{\"@type\":\"Article\",\"@id\":\"https:\/\/juacontecimentos.com.br\/site\/prefeito-de-corumbaiba-firma-carta-de-compromisso-em-apoio-ao-projeto-ser-natureza\/#article\",\"isPartOf\":{\"@id\":\"https:\/\/juacontecimentos.com.br\/site\/prefeito-de-corumbaiba-firma-carta-de-compromisso-em-apoio-ao-projeto-ser-natureza\/\"},\"author\":{\"name\":\"Reginaldo Ribeiro\",\"@id\":\"https:\/\/juacontecimentos.com.br\/site\/#\/schema\/person\/082a54e6d3fdd7a633291428521c9669\"},\"headline\":\"Prefeito de Corumba\u00edba firma carta de compromisso em apoio ao Projeto Ser Natureza\",\"datePublished\":\"2018-06-27T06:31:24+00:00\",\"dateModified\":\"2018-06-27T11:24:07+00:00\",\"mainEntityOfPage\":{\"@id\":\"https:\/\/juacontecimentos.com.br\/site\/prefeito-de-corumbaiba-firma-carta-de-compromisso-em-apoio-ao-projeto-ser-natureza\/\"},\"wordCount\":1076,\"commentCount\":0,\"publisher\":{\"@id\":\"https:\/\/juacontecimentos.com.br\/site\/#organization\"},\"image\":{\"@id\":\"https:\/\/juacontecimentos.com.br\/site\/prefeito-de-corumbaiba-firma-carta-de-compromisso-em-apoio-ao-projeto-ser-natureza\/#primaryimage\"},\"thumbnailUrl\":\"https:\/\/juacontecimentos.com.br\/site\/wp-content\/uploads\/2018\/06\/Prefeito-Assina-Termo.jpeg\",\"articleSection\":[\"Brasil\",\"Catal\u00e3o\",\"Destaque\",\"Goi\u00e1s\"],\"inLanguage\":\"pt-BR\"},{\"@type\":\"WebPage\",\"@id\":\"https:\/\/juacontecimentos.com.br\/site\/prefeito-de-corumbaiba-firma-carta-de-compromisso-em-apoio-ao-projeto-ser-natureza\/\",\"url\":\"https:\/\/juacontecimentos.com.br\/site\/prefeito-de-corumbaiba-firma-carta-de-compromisso-em-apoio-ao-projeto-ser-natureza\/\",\"name\":\"Prefeito de Corumba\u00edba firma carta de compromisso em apoio ao Projeto Ser Natureza - Jornal Ultimos Acontecimentos\",\"isPartOf\":{\"@id\":\"https:\/\/juacontecimentos.com.br\/site\/#website\"},\"primaryImageOfPage\":{\"@id\":\"https:\/\/juacontecimentos.com.br\/site\/prefeito-de-corumbaiba-firma-carta-de-compromisso-em-apoio-ao-projeto-ser-natureza\/#primaryimage\"},\"image\":{\"@id\":\"https:\/\/juacontecimentos.com.br\/site\/prefeito-de-corumbaiba-firma-carta-de-compromisso-em-apoio-ao-projeto-ser-natureza\/#primaryimage\"},\"thumbnailUrl\":\"https:\/\/juacontecimentos.com.br\/site\/wp-content\/uploads\/2018\/06\/Prefeito-Assina-Termo.jpeg\",\"datePublished\":\"2018-06-27T06:31:24+00:00\",\"dateModified\":\"2018-06-27T11:24:07+00:00\",\"breadcrumb\":{\"@id\":\"https:\/\/juacontecimentos.com.br\/site\/prefeito-de-corumbaiba-firma-carta-de-compromisso-em-apoio-ao-projeto-ser-natureza\/#breadcrumb\"},\"inLanguage\":\"pt-BR\",\"potentialAction\":[{\"@type\":\"ReadAction\",\"target\":[\"https:\/\/juacontecimentos.com.br\/site\/prefeito-de-corumbaiba-firma-carta-de-compromisso-em-apoio-ao-projeto-ser-natureza\/\"]}]},{\"@type\":\"ImageObject\",\"inLanguage\":\"pt-BR\",\"@id\":\"https:\/\/juacontecimentos.com.br\/site\/prefeito-de-corumbaiba-firma-carta-de-compromisso-em-apoio-ao-projeto-ser-natureza\/#primaryimage\",\"url\":\"https:\/\/juacontecimentos.com.br\/site\/wp-content\/uploads\/2018\/06\/Prefeito-Assina-Termo.jpeg\",\"contentUrl\":\"https:\/\/juacontecimentos.com.br\/site\/wp-content\/uploads\/2018\/06\/Prefeito-Assina-Termo.jpeg\",\"width\":307,\"height\":204},{\"@type\":\"BreadcrumbList\",\"@id\":\"https:\/\/juacontecimentos.com.br\/site\/prefeito-de-corumbaiba-firma-carta-de-compromisso-em-apoio-ao-projeto-ser-natureza\/#breadcrumb\",\"itemListElement\":[{\"@type\":\"ListItem\",\"position\":1,\"name\":\"In\u00edcio\",\"item\":\"https:\/\/juacontecimentos.com.br\/site\/\"},{\"@type\":\"ListItem\",\"position\":2,\"name\":\"Prefeito de Corumba\u00edba firma carta de compromisso em apoio ao Projeto Ser Natureza\"}]},{\"@type\":\"WebSite\",\"@id\":\"https:\/\/juacontecimentos.com.br\/site\/#website\",\"url\":\"https:\/\/juacontecimentos.com.br\/site\/\",\"name\":\"Jornal Ultimos Acontecimentos\",\"description\":\"Catal\u00e3o e regi\u00e3o\",\"publisher\":{\"@id\":\"https:\/\/juacontecimentos.com.br\/site\/#organization\"},\"potentialAction\":[{\"@type\":\"SearchAction\",\"target\":{\"@type\":\"EntryPoint\",\"urlTemplate\":\"https:\/\/juacontecimentos.com.br\/site\/?s={search_term_string}\"},\"query-input\":{\"@type\":\"PropertyValueSpecification\",\"valueRequired\":true,\"valueName\":\"search_term_string\"}}],\"inLanguage\":\"pt-BR\"},{\"@type\":\"Organization\",\"@id\":\"https:\/\/juacontecimentos.com.br\/site\/#organization\",\"name\":\"Jornal Ultimos Acontecimentos\",\"url\":\"https:\/\/juacontecimentos.com.br\/site\/\",\"logo\":{\"@type\":\"ImageObject\",\"inLanguage\":\"pt-BR\",\"@id\":\"https:\/\/juacontecimentos.com.br\/site\/#\/schema\/logo\/image\/\",\"url\":\"https:\/\/juacontecimentos.com.br\/site\/wp-content\/uploads\/2023\/04\/Logo_Site.png\",\"contentUrl\":\"https:\/\/juacontecimentos.com.br\/site\/wp-content\/uploads\/2023\/04\/Logo_Site.png\",\"width\":2476,\"height\":530,\"caption\":\"Jornal Ultimos Acontecimentos\"},\"image\":{\"@id\":\"https:\/\/juacontecimentos.com.br\/site\/#\/schema\/logo\/image\/\"},\"sameAs\":[\"https:\/\/www.facebook.com\/jultimosacontecimentos\/\"]},{\"@type\":\"Person\",\"@id\":\"https:\/\/juacontecimentos.com.br\/site\/#\/schema\/person\/082a54e6d3fdd7a633291428521c9669\",\"name\":\"Reginaldo Ribeiro\",\"image\":{\"@type\":\"ImageObject\",\"inLanguage\":\"pt-BR\",\"@id\":\"https:\/\/juacontecimentos.com.br\/site\/#\/schema\/person\/image\/\",\"url\":\"https:\/\/secure.gravatar.com\/avatar\/5c16c6837c3490270a74d888c2a845728f06bdde1f8761de1de1d1d1ef82d12f?s=96&d=mm&r=g\",\"contentUrl\":\"https:\/\/secure.gravatar.com\/avatar\/5c16c6837c3490270a74d888c2a845728f06bdde1f8761de1de1d1d1ef82d12f?s=96&d=mm&r=g\",\"caption\":\"Reginaldo Ribeiro\"}}]}<\/script>\n<!-- \/ Yoast SEO plugin. -->","yoast_head_json":{"title":"Prefeito de Corumba\u00edba firma carta de compromisso em apoio ao Projeto Ser Natureza - Jornal Ultimos Acontecimentos","robots":{"index":"index","follow":"follow","max-snippet":"max-snippet:-1","max-image-preview":"max-image-preview:large","max-video-preview":"max-video-preview:-1"},"canonical":"https:\/\/juacontecimentos.com.br\/site\/prefeito-de-corumbaiba-firma-carta-de-compromisso-em-apoio-ao-projeto-ser-natureza\/","og_locale":"pt_BR","og_type":"article","og_title":"Prefeito de Corumba\u00edba firma carta de compromisso em apoio ao Projeto Ser Natureza - Jornal Ultimos Acontecimentos","og_description":"Corumba\u00edba &#8211; Em reuni\u00e3o realizada nesta segunda-feira (26\/6) no sal\u00e3o paroquial Lino Dal&#8217;la Pozza, em Corumba\u00edba, o prefeito do munic\u00edpio, Wisner Ara\u00fajo de Almeida, firmou carta de compromisso com o Minist\u00e9rio P\u00fablico de Goi\u00e1s em ades\u00e3o ao Projeto Ser Natureza. A iniciativa, que conta com o apoio da Coordena\u00e7\u00e3o de Assessoramento \u00e0 Autocomposi\u00e7\u00e3o Extrajudicial (Caej)","og_url":"https:\/\/juacontecimentos.com.br\/site\/prefeito-de-corumbaiba-firma-carta-de-compromisso-em-apoio-ao-projeto-ser-natureza\/","og_site_name":"Jornal Ultimos Acontecimentos","article_publisher":"https:\/\/www.facebook.com\/jultimosacontecimentos\/","article_published_time":"2018-06-27T06:31:24+00:00","article_modified_time":"2018-06-27T11:24:07+00:00","og_image":[{"width":307,"height":204,"url":"https:\/\/juacontecimentos.com.br\/site\/wp-content\/uploads\/2018\/06\/Prefeito-Assina-Termo.jpeg","type":"image\/jpeg"}],"author":"Reginaldo Ribeiro","twitter_card":"summary_large_image","twitter_misc":{"Escrito por":"Reginaldo Ribeiro","Est. tempo de leitura":"5 minutos"},"schema":{"@context":"https:\/\/schema.org","@graph":[{"@type":"Article","@id":"https:\/\/juacontecimentos.com.br\/site\/prefeito-de-corumbaiba-firma-carta-de-compromisso-em-apoio-ao-projeto-ser-natureza\/#article","isPartOf":{"@id":"https:\/\/juacontecimentos.com.br\/site\/prefeito-de-corumbaiba-firma-carta-de-compromisso-em-apoio-ao-projeto-ser-natureza\/"},"author":{"name":"Reginaldo Ribeiro","@id":"https:\/\/juacontecimentos.com.br\/site\/#\/schema\/person\/082a54e6d3fdd7a633291428521c9669"},"headline":"Prefeito de Corumba\u00edba firma carta de compromisso em apoio ao Projeto Ser Natureza","datePublished":"2018-06-27T06:31:24+00:00","dateModified":"2018-06-27T11:24:07+00:00","mainEntityOfPage":{"@id":"https:\/\/juacontecimentos.com.br\/site\/prefeito-de-corumbaiba-firma-carta-de-compromisso-em-apoio-ao-projeto-ser-natureza\/"},"wordCount":1076,"commentCount":0,"publisher":{"@id":"https:\/\/juacontecimentos.com.br\/site\/#organization"},"image":{"@id":"https:\/\/juacontecimentos.com.br\/site\/prefeito-de-corumbaiba-firma-carta-de-compromisso-em-apoio-ao-projeto-ser-natureza\/#primaryimage"},"thumbnailUrl":"https:\/\/juacontecimentos.com.br\/site\/wp-content\/uploads\/2018\/06\/Prefeito-Assina-Termo.jpeg","articleSection":["Brasil","Catal\u00e3o","Destaque","Goi\u00e1s"],"inLanguage":"pt-BR"},{"@type":"WebPage","@id":"https:\/\/juacontecimentos.com.br\/site\/prefeito-de-corumbaiba-firma-carta-de-compromisso-em-apoio-ao-projeto-ser-natureza\/","url":"https:\/\/juacontecimentos.com.br\/site\/prefeito-de-corumbaiba-firma-carta-de-compromisso-em-apoio-ao-projeto-ser-natureza\/","name":"Prefeito de Corumba\u00edba firma carta de compromisso em apoio ao Projeto Ser Natureza - Jornal Ultimos Acontecimentos","isPartOf":{"@id":"https:\/\/juacontecimentos.com.br\/site\/#website"},"primaryImageOfPage":{"@id":"https:\/\/juacontecimentos.com.br\/site\/prefeito-de-corumbaiba-firma-carta-de-compromisso-em-apoio-ao-projeto-ser-natureza\/#primaryimage"},"image":{"@id":"https:\/\/juacontecimentos.com.br\/site\/prefeito-de-corumbaiba-firma-carta-de-compromisso-em-apoio-ao-projeto-ser-natureza\/#primaryimage"},"thumbnailUrl":"https:\/\/juacontecimentos.com.br\/site\/wp-content\/uploads\/2018\/06\/Prefeito-Assina-Termo.jpeg","datePublished":"2018-06-27T06:31:24+00:00","dateModified":"2018-06-27T11:24:07+00:00","breadcrumb":{"@id":"https:\/\/juacontecimentos.com.br\/site\/prefeito-de-corumbaiba-firma-carta-de-compromisso-em-apoio-ao-projeto-ser-natureza\/#breadcrumb"},"inLanguage":"pt-BR","potentialAction":[{"@type":"ReadAction","target":["https:\/\/juacontecimentos.com.br\/site\/prefeito-de-corumbaiba-firma-carta-de-compromisso-em-apoio-ao-projeto-ser-natureza\/"]}]},{"@type":"ImageObject","inLanguage":"pt-BR","@id":"https:\/\/juacontecimentos.com.br\/site\/prefeito-de-corumbaiba-firma-carta-de-compromisso-em-apoio-ao-projeto-ser-natureza\/#primaryimage","url":"https:\/\/juacontecimentos.com.br\/site\/wp-content\/uploads\/2018\/06\/Prefeito-Assina-Termo.jpeg","contentUrl":"https:\/\/juacontecimentos.com.br\/site\/wp-content\/uploads\/2018\/06\/Prefeito-Assina-Termo.jpeg","width":307,"height":204},{"@type":"BreadcrumbList","@id":"https:\/\/juacontecimentos.com.br\/site\/prefeito-de-corumbaiba-firma-carta-de-compromisso-em-apoio-ao-projeto-ser-natureza\/#breadcrumb","itemListElement":[{"@type":"ListItem","position":1,"name":"In\u00edcio","item":"https:\/\/juacontecimentos.com.br\/site\/"},{"@type":"ListItem","position":2,"name":"Prefeito de Corumba\u00edba firma carta de compromisso em apoio ao Projeto Ser Natureza"}]},{"@type":"WebSite","@id":"https:\/\/juacontecimentos.com.br\/site\/#website","url":"https:\/\/juacontecimentos.com.br\/site\/","name":"Jornal Ultimos Acontecimentos","description":"Catal\u00e3o e regi\u00e3o","publisher":{"@id":"https:\/\/juacontecimentos.com.br\/site\/#organization"},"potentialAction":[{"@type":"SearchAction","target":{"@type":"EntryPoint","urlTemplate":"https:\/\/juacontecimentos.com.br\/site\/?s={search_term_string}"},"query-input":{"@type":"PropertyValueSpecification","valueRequired":true,"valueName":"search_term_string"}}],"inLanguage":"pt-BR"},{"@type":"Organization","@id":"https:\/\/juacontecimentos.com.br\/site\/#organization","name":"Jornal Ultimos Acontecimentos","url":"https:\/\/juacontecimentos.com.br\/site\/","logo":{"@type":"ImageObject","inLanguage":"pt-BR","@id":"https:\/\/juacontecimentos.com.br\/site\/#\/schema\/logo\/image\/","url":"https:\/\/juacontecimentos.com.br\/site\/wp-content\/uploads\/2023\/04\/Logo_Site.png","contentUrl":"https:\/\/juacontecimentos.com.br\/site\/wp-content\/uploads\/2023\/04\/Logo_Site.png","width":2476,"height":530,"caption":"Jornal Ultimos Acontecimentos"},"image":{"@id":"https:\/\/juacontecimentos.com.br\/site\/#\/schema\/logo\/image\/"},"sameAs":["https:\/\/www.facebook.com\/jultimosacontecimentos\/"]},{"@type":"Person","@id":"https:\/\/juacontecimentos.com.br\/site\/#\/schema\/person\/082a54e6d3fdd7a633291428521c9669","name":"Reginaldo Ribeiro","image":{"@type":"ImageObject","inLanguage":"pt-BR","@id":"https:\/\/juacontecimentos.com.br\/site\/#\/schema\/person\/image\/","url":"https:\/\/secure.gravatar.com\/avatar\/5c16c6837c3490270a74d888c2a845728f06bdde1f8761de1de1d1d1ef82d12f?s=96&d=mm&r=g","contentUrl":"https:\/\/secure.gravatar.com\/avatar\/5c16c6837c3490270a74d888c2a845728f06bdde1f8761de1de1d1d1ef82d12f?s=96&d=mm&r=g","caption":"Reginaldo Ribeiro"}}]}},"_links":{"self":[{"href":"https:\/\/juacontecimentos.com.br\/site\/wp-json\/wp\/v2\/posts\/4662","targetHints":{"allow":["GET"]}}],"collection":[{"href":"https:\/\/juacontecimentos.com.br\/site\/wp-json\/wp\/v2\/posts"}],"about":[{"href":"https:\/\/juacontecimentos.com.br\/site\/wp-json\/wp\/v2\/types\/post"}],"author":[{"embeddable":true,"href":"https:\/\/juacontecimentos.com.br\/site\/wp-json\/wp\/v2\/users\/2"}],"replies":[{"embeddable":true,"href":"https:\/\/juacontecimentos.com.br\/site\/wp-json\/wp\/v2\/comments?post=4662"}],"version-history":[{"count":1,"href":"https:\/\/juacontecimentos.com.br\/site\/wp-json\/wp\/v2\/posts\/4662\/revisions"}],"predecessor-version":[{"id":4664,"href":"https:\/\/juacontecimentos.com.br\/site\/wp-json\/wp\/v2\/posts\/4662\/revisions\/4664"}],"wp:featuredmedia":[{"embeddable":true,"href":"https:\/\/juacontecimentos.com.br\/site\/wp-json\/wp\/v2\/media\/4663"}],"wp:attachment":[{"href":"https:\/\/juacontecimentos.com.br\/site\/wp-json\/wp\/v2\/media?parent=4662"}],"wp:term":[{"taxonomy":"category","embeddable":true,"href":"https:\/\/juacontecimentos.com.br\/site\/wp-json\/wp\/v2\/categories?post=4662"},{"taxonomy":"post_tag","embeddable":true,"href":"https:\/\/juacontecimentos.com.br\/site\/wp-json\/wp\/v2\/tags?post=4662"}],"curies":[{"name":"wp","href":"https:\/\/api.w.org\/{rel}","templated":true}]}}