{"id":4698,"date":"2018-06-28T18:18:57","date_gmt":"2018-06-28T21:18:57","guid":{"rendered":"http:\/\/juacontecimentos.com.br\/site\/?p=4698"},"modified":"2018-06-28T18:18:57","modified_gmt":"2018-06-28T21:18:57","slug":"fachin-libera-para-julgamento-recurso-que-pede-suspensao-da-prisao-de-lula","status":"publish","type":"post","link":"https:\/\/juacontecimentos.com.br\/site\/fachin-libera-para-julgamento-recurso-que-pede-suspensao-da-prisao-de-lula\/","title":{"rendered":"Fachin libera para julgamento recurso que pede suspens\u00e3o da pris\u00e3o de Lula"},"content":{"rendered":"<h2 style=\"text-align: center\">Ministro do STF desistiu de esperar manifesta\u00e7\u00e3o da PGR e, agora, caber\u00e1 \u00e0 presidente da Corte, C\u00e1rmen L\u00facia, decidir quando o caso do ex-presidente ser\u00e1 analisado<\/h2>\n<p>Por: Estad\u00e3o Conte\u00fado<\/p>\n<p>O ministro\u00a0Edson Fachin, relator da Opera\u00e7\u00e3o Lava Jato no\u00a0Supremo Tribunal Federal (STF), decidiu liberar para julgamento o recurso do\u00a0ex-presidente Luiz In\u00e1cio Lula da Silva\u00a0(PT) para suspender os efeitos de sua condena\u00e7\u00e3o. Lula est\u00e1 preso na Superintend\u00eancia da Pol\u00edcia Federal em Curitiba desde 7 de abril\u00a0ap\u00f3s ter sido condenado e preso pela\u00a0Opera\u00e7\u00e3o Lava Jato\u00a0pelos crimes de corrup\u00e7\u00e3o passiva e lavagem de dinheiro. O caso seria inicialmente liberado para julgamento somente ap\u00f3s o recebimento de uma manifesta\u00e7\u00e3o da Procuradoria-Geral da Rep\u00fablica (PGR).<\/p>\n<p>A previs\u00e3o inicial era que a PGR s\u00f3 se manifestaria sobre o caso ap\u00f3s o recesso judici\u00e1rio. O relator havia dado o prazo de 15 dias para a Procuradoria se manifestar sobre o caso. Agora, com a decis\u00e3o, caber\u00e1 agora \u00e0 presidente da Corte, ministra C\u00e1rmen L\u00facia, definir a data do julgamento. A \u00faltima sess\u00e3o plen\u00e1ria do Supremo deste semestre, antes do recesso, ocorrer\u00e1 nesta sexta-feira (29).<\/p>\n<p>Na segunda-feira, 25,\u00a0Fachin decidiu submeter ao plen\u00e1rio da Corte um recurso da defesa\u00a0do ex-presidente Luiz In\u00e1cio Lula da Silva (PT) para que o pedido de liberdade do petista seja analisado pelo tribunal.<\/p>\n<p>A defesa de Lula havia solicitado a Fachin \u201cimediata reconsidera\u00e7\u00e3o\u201d da decis\u00e3o do pr\u00f3prio ministro para que o pedido de liberdade do ex-presidente seja analisado pela Segunda Turma nesta ter\u00e7a-feira (26). Na sexta-feira (22), Fachin decidiu arquivar o pedido, ap\u00f3s o Tribunal Regional Federal da 4.\u00aa Regi\u00e3o (TRF-4) negar um recurso de Lula ao STF contra os efeitos da condena\u00e7\u00e3o.<br \/>\n<\/p>\n","protected":false},"excerpt":{"rendered":"<p>Ministro do STF desistiu de esperar manifesta\u00e7\u00e3o da PGR e, agora, caber\u00e1 \u00e0 presidente da Corte, C\u00e1rmen L\u00facia, decidir quando o caso do ex-presidente ser\u00e1 analisado Por: Estad\u00e3o Conte\u00fado O ministro\u00a0Edson Fachin, relator da Opera\u00e7\u00e3o Lava Jato no\u00a0Supremo Tribunal Federal (STF), decidiu liberar para julgamento o recurso do\u00a0ex-presidente Luiz In\u00e1cio Lula da Silva\u00a0(PT) para suspender<\/p>\n","protected":false},"author":2,"featured_media":4699,"comment_status":"open","ping_status":"open","sticky":false,"template":"","format":"standard","meta":{"footnotes":""},"categories":[27,22,26,23],"tags":[],"class_list":["post-4698","post","type-post","status-publish","format-standard","has-post-thumbnail","hentry","category-brasil","category-catalao","category-destaque","category-goias"],"yoast_head":"<!-- This site is optimized with the Yoast SEO plugin v25.8 - https:\/\/yoast.com\/wordpress\/plugins\/seo\/ -->\n<title>Fachin libera para julgamento recurso que pede suspens\u00e3o da pris\u00e3o de Lula - Jornal Ultimos Acontecimentos<\/title>\n<meta name=\"robots\" content=\"index, follow, max-snippet:-1, max-image-preview:large, max-video-preview:-1\" \/>\n<link rel=\"canonical\" href=\"https:\/\/juacontecimentos.com.br\/site\/fachin-libera-para-julgamento-recurso-que-pede-suspensao-da-prisao-de-lula\/\" \/>\n<meta property=\"og:locale\" content=\"pt_BR\" \/>\n<meta property=\"og:type\" content=\"article\" \/>\n<meta property=\"og:title\" content=\"Fachin libera para julgamento recurso que pede suspens\u00e3o da pris\u00e3o de Lula - Jornal Ultimos Acontecimentos\" \/>\n<meta property=\"og:description\" content=\"Ministro do STF desistiu de esperar manifesta\u00e7\u00e3o da PGR e, agora, caber\u00e1 \u00e0 presidente da Corte, C\u00e1rmen L\u00facia, decidir quando o caso do ex-presidente ser\u00e1 analisado Por: Estad\u00e3o Conte\u00fado O ministro\u00a0Edson Fachin, relator da Opera\u00e7\u00e3o Lava Jato no\u00a0Supremo Tribunal Federal (STF), decidiu liberar para julgamento o recurso do\u00a0ex-presidente Luiz In\u00e1cio Lula da Silva\u00a0(PT) para suspender\" \/>\n<meta property=\"og:url\" content=\"https:\/\/juacontecimentos.com.br\/site\/fachin-libera-para-julgamento-recurso-que-pede-suspensao-da-prisao-de-lula\/\" \/>\n<meta property=\"og:site_name\" content=\"Jornal Ultimos Acontecimentos\" \/>\n<meta property=\"article:publisher\" content=\"https:\/\/www.facebook.com\/jultimosacontecimentos\/\" \/>\n<meta property=\"article:published_time\" content=\"2018-06-28T21:18:57+00:00\" \/>\n<meta property=\"og:image\" content=\"https:\/\/juacontecimentos.com.br\/site\/wp-content\/uploads\/2018\/06\/Lula.jpg\" \/>\n\t<meta property=\"og:image:width\" content=\"800\" \/>\n\t<meta property=\"og:image:height\" content=\"527\" \/>\n\t<meta property=\"og:image:type\" content=\"image\/jpeg\" \/>\n<meta name=\"author\" content=\"Reginaldo Ribeiro\" \/>\n<meta name=\"twitter:card\" content=\"summary_large_image\" \/>\n<meta name=\"twitter:label1\" content=\"Escrito por\" \/>\n\t<meta name=\"twitter:data1\" content=\"Reginaldo Ribeiro\" \/>\n\t<meta name=\"twitter:label2\" content=\"Est. tempo de leitura\" \/>\n\t<meta name=\"twitter:data2\" content=\"2 minutos\" \/>\n<script type=\"application\/ld+json\" class=\"yoast-schema-graph\">{\"@context\":\"https:\/\/schema.org\",\"@graph\":[{\"@type\":\"Article\",\"@id\":\"https:\/\/juacontecimentos.com.br\/site\/fachin-libera-para-julgamento-recurso-que-pede-suspensao-da-prisao-de-lula\/#article\",\"isPartOf\":{\"@id\":\"https:\/\/juacontecimentos.com.br\/site\/fachin-libera-para-julgamento-recurso-que-pede-suspensao-da-prisao-de-lula\/\"},\"author\":{\"name\":\"Reginaldo Ribeiro\",\"@id\":\"https:\/\/juacontecimentos.com.br\/site\/#\/schema\/person\/082a54e6d3fdd7a633291428521c9669\"},\"headline\":\"Fachin libera para julgamento recurso que pede suspens\u00e3o da pris\u00e3o de Lula\",\"datePublished\":\"2018-06-28T21:18:57+00:00\",\"mainEntityOfPage\":{\"@id\":\"https:\/\/juacontecimentos.com.br\/site\/fachin-libera-para-julgamento-recurso-que-pede-suspensao-da-prisao-de-lula\/\"},\"wordCount\":315,\"commentCount\":0,\"publisher\":{\"@id\":\"https:\/\/juacontecimentos.com.br\/site\/#organization\"},\"image\":{\"@id\":\"https:\/\/juacontecimentos.com.br\/site\/fachin-libera-para-julgamento-recurso-que-pede-suspensao-da-prisao-de-lula\/#primaryimage\"},\"thumbnailUrl\":\"https:\/\/juacontecimentos.com.br\/site\/wp-content\/uploads\/2018\/06\/Lula.jpg\",\"articleSection\":[\"Brasil\",\"Catal\u00e3o\",\"Destaque\",\"Goi\u00e1s\"],\"inLanguage\":\"pt-BR\"},{\"@type\":\"WebPage\",\"@id\":\"https:\/\/juacontecimentos.com.br\/site\/fachin-libera-para-julgamento-recurso-que-pede-suspensao-da-prisao-de-lula\/\",\"url\":\"https:\/\/juacontecimentos.com.br\/site\/fachin-libera-para-julgamento-recurso-que-pede-suspensao-da-prisao-de-lula\/\",\"name\":\"Fachin libera para julgamento recurso que pede suspens\u00e3o da pris\u00e3o de Lula - Jornal Ultimos Acontecimentos\",\"isPartOf\":{\"@id\":\"https:\/\/juacontecimentos.com.br\/site\/#website\"},\"primaryImageOfPage\":{\"@id\":\"https:\/\/juacontecimentos.com.br\/site\/fachin-libera-para-julgamento-recurso-que-pede-suspensao-da-prisao-de-lula\/#primaryimage\"},\"image\":{\"@id\":\"https:\/\/juacontecimentos.com.br\/site\/fachin-libera-para-julgamento-recurso-que-pede-suspensao-da-prisao-de-lula\/#primaryimage\"},\"thumbnailUrl\":\"https:\/\/juacontecimentos.com.br\/site\/wp-content\/uploads\/2018\/06\/Lula.jpg\",\"datePublished\":\"2018-06-28T21:18:57+00:00\",\"breadcrumb\":{\"@id\":\"https:\/\/juacontecimentos.com.br\/site\/fachin-libera-para-julgamento-recurso-que-pede-suspensao-da-prisao-de-lula\/#breadcrumb\"},\"inLanguage\":\"pt-BR\",\"potentialAction\":[{\"@type\":\"ReadAction\",\"target\":[\"https:\/\/juacontecimentos.com.br\/site\/fachin-libera-para-julgamento-recurso-que-pede-suspensao-da-prisao-de-lula\/\"]}]},{\"@type\":\"ImageObject\",\"inLanguage\":\"pt-BR\",\"@id\":\"https:\/\/juacontecimentos.com.br\/site\/fachin-libera-para-julgamento-recurso-que-pede-suspensao-da-prisao-de-lula\/#primaryimage\",\"url\":\"https:\/\/juacontecimentos.com.br\/site\/wp-content\/uploads\/2018\/06\/Lula.jpg\",\"contentUrl\":\"https:\/\/juacontecimentos.com.br\/site\/wp-content\/uploads\/2018\/06\/Lula.jpg\",\"width\":800,\"height\":527},{\"@type\":\"BreadcrumbList\",\"@id\":\"https:\/\/juacontecimentos.com.br\/site\/fachin-libera-para-julgamento-recurso-que-pede-suspensao-da-prisao-de-lula\/#breadcrumb\",\"itemListElement\":[{\"@type\":\"ListItem\",\"position\":1,\"name\":\"In\u00edcio\",\"item\":\"https:\/\/juacontecimentos.com.br\/site\/\"},{\"@type\":\"ListItem\",\"position\":2,\"name\":\"Fachin libera para julgamento recurso que pede suspens\u00e3o da pris\u00e3o de Lula\"}]},{\"@type\":\"WebSite\",\"@id\":\"https:\/\/juacontecimentos.com.br\/site\/#website\",\"url\":\"https:\/\/juacontecimentos.com.br\/site\/\",\"name\":\"Jornal Ultimos Acontecimentos\",\"description\":\"Catal\u00e3o e regi\u00e3o\",\"publisher\":{\"@id\":\"https:\/\/juacontecimentos.com.br\/site\/#organization\"},\"potentialAction\":[{\"@type\":\"SearchAction\",\"target\":{\"@type\":\"EntryPoint\",\"urlTemplate\":\"https:\/\/juacontecimentos.com.br\/site\/?s={search_term_string}\"},\"query-input\":{\"@type\":\"PropertyValueSpecification\",\"valueRequired\":true,\"valueName\":\"search_term_string\"}}],\"inLanguage\":\"pt-BR\"},{\"@type\":\"Organization\",\"@id\":\"https:\/\/juacontecimentos.com.br\/site\/#organization\",\"name\":\"Jornal Ultimos Acontecimentos\",\"url\":\"https:\/\/juacontecimentos.com.br\/site\/\",\"logo\":{\"@type\":\"ImageObject\",\"inLanguage\":\"pt-BR\",\"@id\":\"https:\/\/juacontecimentos.com.br\/site\/#\/schema\/logo\/image\/\",\"url\":\"https:\/\/juacontecimentos.com.br\/site\/wp-content\/uploads\/2023\/04\/Logo_Site.png\",\"contentUrl\":\"https:\/\/juacontecimentos.com.br\/site\/wp-content\/uploads\/2023\/04\/Logo_Site.png\",\"width\":2476,\"height\":530,\"caption\":\"Jornal Ultimos Acontecimentos\"},\"image\":{\"@id\":\"https:\/\/juacontecimentos.com.br\/site\/#\/schema\/logo\/image\/\"},\"sameAs\":[\"https:\/\/www.facebook.com\/jultimosacontecimentos\/\"]},{\"@type\":\"Person\",\"@id\":\"https:\/\/juacontecimentos.com.br\/site\/#\/schema\/person\/082a54e6d3fdd7a633291428521c9669\",\"name\":\"Reginaldo Ribeiro\",\"image\":{\"@type\":\"ImageObject\",\"inLanguage\":\"pt-BR\",\"@id\":\"https:\/\/juacontecimentos.com.br\/site\/#\/schema\/person\/image\/\",\"url\":\"https:\/\/secure.gravatar.com\/avatar\/5c16c6837c3490270a74d888c2a845728f06bdde1f8761de1de1d1d1ef82d12f?s=96&d=mm&r=g\",\"contentUrl\":\"https:\/\/secure.gravatar.com\/avatar\/5c16c6837c3490270a74d888c2a845728f06bdde1f8761de1de1d1d1ef82d12f?s=96&d=mm&r=g\",\"caption\":\"Reginaldo Ribeiro\"}}]}<\/script>\n<!-- \/ Yoast SEO plugin. -->","yoast_head_json":{"title":"Fachin libera para julgamento recurso que pede suspens\u00e3o da pris\u00e3o de Lula - Jornal Ultimos Acontecimentos","robots":{"index":"index","follow":"follow","max-snippet":"max-snippet:-1","max-image-preview":"max-image-preview:large","max-video-preview":"max-video-preview:-1"},"canonical":"https:\/\/juacontecimentos.com.br\/site\/fachin-libera-para-julgamento-recurso-que-pede-suspensao-da-prisao-de-lula\/","og_locale":"pt_BR","og_type":"article","og_title":"Fachin libera para julgamento recurso que pede suspens\u00e3o da pris\u00e3o de Lula - Jornal Ultimos Acontecimentos","og_description":"Ministro do STF desistiu de esperar manifesta\u00e7\u00e3o da PGR e, agora, caber\u00e1 \u00e0 presidente da Corte, C\u00e1rmen L\u00facia, decidir quando o caso do ex-presidente ser\u00e1 analisado Por: Estad\u00e3o Conte\u00fado O ministro\u00a0Edson Fachin, relator da Opera\u00e7\u00e3o Lava Jato no\u00a0Supremo Tribunal Federal (STF), decidiu liberar para julgamento o recurso do\u00a0ex-presidente Luiz In\u00e1cio Lula da Silva\u00a0(PT) para suspender","og_url":"https:\/\/juacontecimentos.com.br\/site\/fachin-libera-para-julgamento-recurso-que-pede-suspensao-da-prisao-de-lula\/","og_site_name":"Jornal Ultimos Acontecimentos","article_publisher":"https:\/\/www.facebook.com\/jultimosacontecimentos\/","article_published_time":"2018-06-28T21:18:57+00:00","og_image":[{"width":800,"height":527,"url":"https:\/\/juacontecimentos.com.br\/site\/wp-content\/uploads\/2018\/06\/Lula.jpg","type":"image\/jpeg"}],"author":"Reginaldo Ribeiro","twitter_card":"summary_large_image","twitter_misc":{"Escrito por":"Reginaldo Ribeiro","Est. tempo de leitura":"2 minutos"},"schema":{"@context":"https:\/\/schema.org","@graph":[{"@type":"Article","@id":"https:\/\/juacontecimentos.com.br\/site\/fachin-libera-para-julgamento-recurso-que-pede-suspensao-da-prisao-de-lula\/#article","isPartOf":{"@id":"https:\/\/juacontecimentos.com.br\/site\/fachin-libera-para-julgamento-recurso-que-pede-suspensao-da-prisao-de-lula\/"},"author":{"name":"Reginaldo Ribeiro","@id":"https:\/\/juacontecimentos.com.br\/site\/#\/schema\/person\/082a54e6d3fdd7a633291428521c9669"},"headline":"Fachin libera para julgamento recurso que pede suspens\u00e3o da pris\u00e3o de Lula","datePublished":"2018-06-28T21:18:57+00:00","mainEntityOfPage":{"@id":"https:\/\/juacontecimentos.com.br\/site\/fachin-libera-para-julgamento-recurso-que-pede-suspensao-da-prisao-de-lula\/"},"wordCount":315,"commentCount":0,"publisher":{"@id":"https:\/\/juacontecimentos.com.br\/site\/#organization"},"image":{"@id":"https:\/\/juacontecimentos.com.br\/site\/fachin-libera-para-julgamento-recurso-que-pede-suspensao-da-prisao-de-lula\/#primaryimage"},"thumbnailUrl":"https:\/\/juacontecimentos.com.br\/site\/wp-content\/uploads\/2018\/06\/Lula.jpg","articleSection":["Brasil","Catal\u00e3o","Destaque","Goi\u00e1s"],"inLanguage":"pt-BR"},{"@type":"WebPage","@id":"https:\/\/juacontecimentos.com.br\/site\/fachin-libera-para-julgamento-recurso-que-pede-suspensao-da-prisao-de-lula\/","url":"https:\/\/juacontecimentos.com.br\/site\/fachin-libera-para-julgamento-recurso-que-pede-suspensao-da-prisao-de-lula\/","name":"Fachin libera para julgamento recurso que pede suspens\u00e3o da pris\u00e3o de Lula - Jornal Ultimos Acontecimentos","isPartOf":{"@id":"https:\/\/juacontecimentos.com.br\/site\/#website"},"primaryImageOfPage":{"@id":"https:\/\/juacontecimentos.com.br\/site\/fachin-libera-para-julgamento-recurso-que-pede-suspensao-da-prisao-de-lula\/#primaryimage"},"image":{"@id":"https:\/\/juacontecimentos.com.br\/site\/fachin-libera-para-julgamento-recurso-que-pede-suspensao-da-prisao-de-lula\/#primaryimage"},"thumbnailUrl":"https:\/\/juacontecimentos.com.br\/site\/wp-content\/uploads\/2018\/06\/Lula.jpg","datePublished":"2018-06-28T21:18:57+00:00","breadcrumb":{"@id":"https:\/\/juacontecimentos.com.br\/site\/fachin-libera-para-julgamento-recurso-que-pede-suspensao-da-prisao-de-lula\/#breadcrumb"},"inLanguage":"pt-BR","potentialAction":[{"@type":"ReadAction","target":["https:\/\/juacontecimentos.com.br\/site\/fachin-libera-para-julgamento-recurso-que-pede-suspensao-da-prisao-de-lula\/"]}]},{"@type":"ImageObject","inLanguage":"pt-BR","@id":"https:\/\/juacontecimentos.com.br\/site\/fachin-libera-para-julgamento-recurso-que-pede-suspensao-da-prisao-de-lula\/#primaryimage","url":"https:\/\/juacontecimentos.com.br\/site\/wp-content\/uploads\/2018\/06\/Lula.jpg","contentUrl":"https:\/\/juacontecimentos.com.br\/site\/wp-content\/uploads\/2018\/06\/Lula.jpg","width":800,"height":527},{"@type":"BreadcrumbList","@id":"https:\/\/juacontecimentos.com.br\/site\/fachin-libera-para-julgamento-recurso-que-pede-suspensao-da-prisao-de-lula\/#breadcrumb","itemListElement":[{"@type":"ListItem","position":1,"name":"In\u00edcio","item":"https:\/\/juacontecimentos.com.br\/site\/"},{"@type":"ListItem","position":2,"name":"Fachin libera para julgamento recurso que pede suspens\u00e3o da pris\u00e3o de Lula"}]},{"@type":"WebSite","@id":"https:\/\/juacontecimentos.com.br\/site\/#website","url":"https:\/\/juacontecimentos.com.br\/site\/","name":"Jornal Ultimos Acontecimentos","description":"Catal\u00e3o e regi\u00e3o","publisher":{"@id":"https:\/\/juacontecimentos.com.br\/site\/#organization"},"potentialAction":[{"@type":"SearchAction","target":{"@type":"EntryPoint","urlTemplate":"https:\/\/juacontecimentos.com.br\/site\/?s={search_term_string}"},"query-input":{"@type":"PropertyValueSpecification","valueRequired":true,"valueName":"search_term_string"}}],"inLanguage":"pt-BR"},{"@type":"Organization","@id":"https:\/\/juacontecimentos.com.br\/site\/#organization","name":"Jornal Ultimos Acontecimentos","url":"https:\/\/juacontecimentos.com.br\/site\/","logo":{"@type":"ImageObject","inLanguage":"pt-BR","@id":"https:\/\/juacontecimentos.com.br\/site\/#\/schema\/logo\/image\/","url":"https:\/\/juacontecimentos.com.br\/site\/wp-content\/uploads\/2023\/04\/Logo_Site.png","contentUrl":"https:\/\/juacontecimentos.com.br\/site\/wp-content\/uploads\/2023\/04\/Logo_Site.png","width":2476,"height":530,"caption":"Jornal Ultimos Acontecimentos"},"image":{"@id":"https:\/\/juacontecimentos.com.br\/site\/#\/schema\/logo\/image\/"},"sameAs":["https:\/\/www.facebook.com\/jultimosacontecimentos\/"]},{"@type":"Person","@id":"https:\/\/juacontecimentos.com.br\/site\/#\/schema\/person\/082a54e6d3fdd7a633291428521c9669","name":"Reginaldo Ribeiro","image":{"@type":"ImageObject","inLanguage":"pt-BR","@id":"https:\/\/juacontecimentos.com.br\/site\/#\/schema\/person\/image\/","url":"https:\/\/secure.gravatar.com\/avatar\/5c16c6837c3490270a74d888c2a845728f06bdde1f8761de1de1d1d1ef82d12f?s=96&d=mm&r=g","contentUrl":"https:\/\/secure.gravatar.com\/avatar\/5c16c6837c3490270a74d888c2a845728f06bdde1f8761de1de1d1d1ef82d12f?s=96&d=mm&r=g","caption":"Reginaldo Ribeiro"}}]}},"_links":{"self":[{"href":"https:\/\/juacontecimentos.com.br\/site\/wp-json\/wp\/v2\/posts\/4698","targetHints":{"allow":["GET"]}}],"collection":[{"href":"https:\/\/juacontecimentos.com.br\/site\/wp-json\/wp\/v2\/posts"}],"about":[{"href":"https:\/\/juacontecimentos.com.br\/site\/wp-json\/wp\/v2\/types\/post"}],"author":[{"embeddable":true,"href":"https:\/\/juacontecimentos.com.br\/site\/wp-json\/wp\/v2\/users\/2"}],"replies":[{"embeddable":true,"href":"https:\/\/juacontecimentos.com.br\/site\/wp-json\/wp\/v2\/comments?post=4698"}],"version-history":[{"count":1,"href":"https:\/\/juacontecimentos.com.br\/site\/wp-json\/wp\/v2\/posts\/4698\/revisions"}],"predecessor-version":[{"id":4700,"href":"https:\/\/juacontecimentos.com.br\/site\/wp-json\/wp\/v2\/posts\/4698\/revisions\/4700"}],"wp:featuredmedia":[{"embeddable":true,"href":"https:\/\/juacontecimentos.com.br\/site\/wp-json\/wp\/v2\/media\/4699"}],"wp:attachment":[{"href":"https:\/\/juacontecimentos.com.br\/site\/wp-json\/wp\/v2\/media?parent=4698"}],"wp:term":[{"taxonomy":"category","embeddable":true,"href":"https:\/\/juacontecimentos.com.br\/site\/wp-json\/wp\/v2\/categories?post=4698"},{"taxonomy":"post_tag","embeddable":true,"href":"https:\/\/juacontecimentos.com.br\/site\/wp-json\/wp\/v2\/tags?post=4698"}],"curies":[{"name":"wp","href":"https:\/\/api.w.org\/{rel}","templated":true}]}}