{"id":47257,"date":"2025-11-26T09:55:37","date_gmt":"2025-11-26T12:55:37","guid":{"rendered":"https:\/\/juacontecimentos.com.br\/site\/?p=47257"},"modified":"2025-11-26T10:07:09","modified_gmt":"2025-11-26T13:07:09","slug":"prefeitura-de-campo-alegre-recebe-trator-e-equipamentos-agricolas-para-fortalecer-a-producao-rural","status":"publish","type":"post","link":"https:\/\/juacontecimentos.com.br\/site\/prefeitura-de-campo-alegre-recebe-trator-e-equipamentos-agricolas-para-fortalecer-a-producao-rural\/","title":{"rendered":"Prefeitura de Campo Alegre recebe trator e equipamentos agr\u00edcolas para fortalecer a produ\u00e7\u00e3o rural"},"content":{"rendered":"<p><img loading=\"lazy\" decoding=\"async\" class=\"alignnone size-full wp-image-47258\" src=\"https:\/\/juacontecimentos.com.br\/site\/wp-content\/uploads\/2025\/11\/1e06944f-d597-4a5a-8720-8d7622cef7d9.jpeg\" alt=\"\" width=\"1600\" height=\"1200\" srcset=\"https:\/\/juacontecimentos.com.br\/site\/wp-content\/uploads\/2025\/11\/1e06944f-d597-4a5a-8720-8d7622cef7d9.jpeg 1600w, https:\/\/juacontecimentos.com.br\/site\/wp-content\/uploads\/2025\/11\/1e06944f-d597-4a5a-8720-8d7622cef7d9-300x225.jpeg 300w, https:\/\/juacontecimentos.com.br\/site\/wp-content\/uploads\/2025\/11\/1e06944f-d597-4a5a-8720-8d7622cef7d9-1024x768.jpeg 1024w, https:\/\/juacontecimentos.com.br\/site\/wp-content\/uploads\/2025\/11\/1e06944f-d597-4a5a-8720-8d7622cef7d9-768x576.jpeg 768w, https:\/\/juacontecimentos.com.br\/site\/wp-content\/uploads\/2025\/11\/1e06944f-d597-4a5a-8720-8d7622cef7d9-1536x1152.jpeg 1536w\" sizes=\"auto, (max-width: 1600px) 100vw, 1600px\" \/><\/p>\n<p>A Prefeitura de Campo Alegre de Goi\u00e1s recebeu, nesta ter\u00e7a-feira (25), um refor\u00e7o importante para o desenvolvimento da agricultura familiar no munic\u00edpio. Por meio da secretaria de Agricultura, Pecu\u00e1ria e Desenvolvimento Rural, foram entregues novos equipamentos agr\u00edcolas adquiridos a partir de um conv\u00eanio celebrado em 2022 entre o munic\u00edpio e o Minist\u00e9rio da Agricultura e Pecu\u00e1ria (Mapa). O maquin\u00e1rio passa a integrar a frota da administra\u00e7\u00e3o e ser\u00e1 destinado diretamente ao atendimento de pequenos produtores rurais.<\/p>\n<p>Entre os equipamentos entregues est\u00e3o um trator 75cv, uma grade aradora, uma grade niveladora e uma carreta agr\u00edcola, que ir\u00e3o compor a Patrulha Agr\u00edcola respons\u00e1vel por auxiliar agricultores que n\u00e3o possuem maquin\u00e1rio pr\u00f3prio para execu\u00e7\u00e3o de tarefas essenciais no campo. A entrega das chaves ao munic\u00edpio foi feita ao prefeito Douglas Sert\u00f3rio, durante cerim\u00f4nia realizada na sede da Prefeitura Municipal.<\/p>\n<p>\u201cEsse \u00e9 um momento de felicidade para todos os agricultores familiares do nosso munic\u00edpio, porque esse trator e demais equipamentos chegam para somar, para modernizar o trabalho no campo e garantir mais produtividade. Com certeza faremos bom uso dessa m\u00e1quina\u201d, destacou o prefeito Douglas Sert\u00f3rio. O gestor tamb\u00e9m refor\u00e7ou que o investimento representa mais efici\u00eancia e agilidade no atendimento \u00e0s demandas da produ\u00e7\u00e3o rural. \u201cMais um refor\u00e7o para a Patrulha Agr\u00edcola que serve a agricultura familiar com entrega desses benef\u00edcios. Ent\u00e3o d\u00e1 uma efici\u00eancia muito maior no servi\u00e7o de atendimento aos pequenos produtores da agricultura familiar aqui do nosso munic\u00edpio.\u201d<\/p>\n<p>O secret\u00e1rio de Agricultura, Pecu\u00e1ria e Desenvolvimento Rural, Rom\u00e1rio Silveira Peixoto, refor\u00e7ou que o benef\u00edcio chega em momento oportuno para o setor produtivo local. \u201cPara o nosso munic\u00edpio \u00e9 um grande presente, at\u00e9 porque os agricultores precisam do apoio da Prefeitura. Estamos trabalhando muito, fomentando a agricultura e ajudando nossos produtores rurais. Esse trator e os demais equipamentos chegam em boa hora. Esse servi\u00e7o da Patrulha Agr\u00edcola garante uma enorme ajuda ao pequeno agricultor, principalmente aquele que est\u00e1 come\u00e7ando e ainda n\u00e3o tem o maquin\u00e1rio pr\u00f3prio. Esse apoio \u00e9 fundamental para que esse agricultor possa prosperar e se desenvolver cada vez mais\u201d, declarou.<\/p>\n<p>O objetivo principal \u00e9 ampliar o atendimento aos pequenos e m\u00e9dios produtores de Campo Alegre de Goi\u00e1s, garantindo condi\u00e7\u00f5es para aumento de produtividade, redu\u00e7\u00e3o de custos e incentivo \u00e0 perman\u00eancia do homem no campo, valorizando a economia rural e promovendo desenvolvimento sustent\u00e1vel.<\/p>\n<p>Participaram do ato de recebimento dos equipamentos o prefeito Douglas Sert\u00f3rio, o secret\u00e1rio de Agricultura, Pecu\u00e1ria e Desenvolvimento Rural, Rom\u00e1rio Silveira Peixoto, o supervisor da Secretaria de Manuten\u00e7\u00e3o e Apoio ao Meio Ambiente, Denilson Jos\u00e9 de Assun\u00e7\u00e3o, e o supervisor de Manuten\u00e7\u00e3o e Apoio de Equipamentos P\u00fablicos, Elias de Oliveira Marcelino.<\/p>\n<p><img loading=\"lazy\" decoding=\"async\" class=\"alignnone size-full wp-image-47259\" src=\"https:\/\/juacontecimentos.com.br\/site\/wp-content\/uploads\/2025\/11\/3cde5cd4-a0e9-44d1-9e9b-b9d96a706b59.jpeg\" alt=\"\" width=\"1600\" height=\"900\" srcset=\"https:\/\/juacontecimentos.com.br\/site\/wp-content\/uploads\/2025\/11\/3cde5cd4-a0e9-44d1-9e9b-b9d96a706b59.jpeg 1600w, https:\/\/juacontecimentos.com.br\/site\/wp-content\/uploads\/2025\/11\/3cde5cd4-a0e9-44d1-9e9b-b9d96a706b59-300x169.jpeg 300w, https:\/\/juacontecimentos.com.br\/site\/wp-content\/uploads\/2025\/11\/3cde5cd4-a0e9-44d1-9e9b-b9d96a706b59-1024x576.jpeg 1024w, https:\/\/juacontecimentos.com.br\/site\/wp-content\/uploads\/2025\/11\/3cde5cd4-a0e9-44d1-9e9b-b9d96a706b59-768x432.jpeg 768w, https:\/\/juacontecimentos.com.br\/site\/wp-content\/uploads\/2025\/11\/3cde5cd4-a0e9-44d1-9e9b-b9d96a706b59-1536x864.jpeg 1536w\" sizes=\"auto, (max-width: 1600px) 100vw, 1600px\" \/> <img loading=\"lazy\" decoding=\"async\" class=\"alignnone size-full wp-image-47260\" src=\"https:\/\/juacontecimentos.com.br\/site\/wp-content\/uploads\/2025\/11\/784b3063-6a40-4192-9f85-dba82dc68837.jpeg\" alt=\"\" width=\"1600\" height=\"1200\" srcset=\"https:\/\/juacontecimentos.com.br\/site\/wp-content\/uploads\/2025\/11\/784b3063-6a40-4192-9f85-dba82dc68837.jpeg 1600w, https:\/\/juacontecimentos.com.br\/site\/wp-content\/uploads\/2025\/11\/784b3063-6a40-4192-9f85-dba82dc68837-300x225.jpeg 300w, https:\/\/juacontecimentos.com.br\/site\/wp-content\/uploads\/2025\/11\/784b3063-6a40-4192-9f85-dba82dc68837-1024x768.jpeg 1024w, https:\/\/juacontecimentos.com.br\/site\/wp-content\/uploads\/2025\/11\/784b3063-6a40-4192-9f85-dba82dc68837-768x576.jpeg 768w, https:\/\/juacontecimentos.com.br\/site\/wp-content\/uploads\/2025\/11\/784b3063-6a40-4192-9f85-dba82dc68837-1536x1152.jpeg 1536w\" sizes=\"auto, (max-width: 1600px) 100vw, 1600px\" \/> <img loading=\"lazy\" decoding=\"async\" class=\"alignnone wp-image-47261 size-full\" src=\"https:\/\/juacontecimentos.com.br\/site\/wp-content\/uploads\/2025\/11\/8047b6b2-3ccb-429b-bbb1-cf88bbe73db1-e1764161726185.jpeg\" alt=\"\" width=\"1024\" height=\"732\" srcset=\"https:\/\/juacontecimentos.com.br\/site\/wp-content\/uploads\/2025\/11\/8047b6b2-3ccb-429b-bbb1-cf88bbe73db1-e1764161726185.jpeg 1024w, https:\/\/juacontecimentos.com.br\/site\/wp-content\/uploads\/2025\/11\/8047b6b2-3ccb-429b-bbb1-cf88bbe73db1-e1764161726185-300x214.jpeg 300w, https:\/\/juacontecimentos.com.br\/site\/wp-content\/uploads\/2025\/11\/8047b6b2-3ccb-429b-bbb1-cf88bbe73db1-e1764161726185-768x549.jpeg 768w\" sizes=\"auto, (max-width: 1024px) 100vw, 1024px\" \/><\/p>\n<p>&nbsp;<\/p>\n","protected":false},"excerpt":{"rendered":"<p>A Prefeitura de Campo Alegre de Goi\u00e1s recebeu, nesta ter\u00e7a-feira (25), um refor\u00e7o importante para o desenvolvimento da agricultura familiar no munic\u00edpio. Por meio da secretaria de Agricultura, Pecu\u00e1ria e Desenvolvimento Rural, foram entregues novos equipamentos agr\u00edcolas adquiridos a partir de um conv\u00eanio celebrado em 2022 entre o munic\u00edpio e o Minist\u00e9rio da Agricultura e<\/p>\n","protected":false},"author":2,"featured_media":47258,"comment_status":"closed","ping_status":"closed","sticky":false,"template":"","format":"standard","meta":{"footnotes":""},"categories":[27,22,26,23,1],"tags":[],"class_list":["post-47257","post","type-post","status-publish","format-standard","has-post-thumbnail","hentry","category-brasil","category-catalao","category-destaque","category-goias","category-sem-categoria"],"yoast_head":"<!-- This site is optimized with the Yoast SEO plugin v25.8 - https:\/\/yoast.com\/wordpress\/plugins\/seo\/ -->\n<title>Prefeitura de Campo Alegre recebe trator e equipamentos agr\u00edcolas para fortalecer a produ\u00e7\u00e3o rural - Jornal Ultimos Acontecimentos<\/title>\n<meta name=\"robots\" content=\"index, follow, max-snippet:-1, max-image-preview:large, max-video-preview:-1\" \/>\n<link rel=\"canonical\" href=\"https:\/\/juacontecimentos.com.br\/site\/prefeitura-de-campo-alegre-recebe-trator-e-equipamentos-agricolas-para-fortalecer-a-producao-rural\/\" \/>\n<meta property=\"og:locale\" content=\"pt_BR\" \/>\n<meta property=\"og:type\" content=\"article\" \/>\n<meta property=\"og:title\" content=\"Prefeitura de Campo Alegre recebe trator e equipamentos agr\u00edcolas para fortalecer a produ\u00e7\u00e3o rural - Jornal Ultimos Acontecimentos\" \/>\n<meta property=\"og:description\" content=\"A Prefeitura de Campo Alegre de Goi\u00e1s recebeu, nesta ter\u00e7a-feira (25), um refor\u00e7o importante para o desenvolvimento da agricultura familiar no munic\u00edpio. Por meio da secretaria de Agricultura, Pecu\u00e1ria e Desenvolvimento Rural, foram entregues novos equipamentos agr\u00edcolas adquiridos a partir de um conv\u00eanio celebrado em 2022 entre o munic\u00edpio e o Minist\u00e9rio da Agricultura e\" \/>\n<meta property=\"og:url\" content=\"https:\/\/juacontecimentos.com.br\/site\/prefeitura-de-campo-alegre-recebe-trator-e-equipamentos-agricolas-para-fortalecer-a-producao-rural\/\" \/>\n<meta property=\"og:site_name\" content=\"Jornal Ultimos Acontecimentos\" \/>\n<meta property=\"article:publisher\" content=\"https:\/\/www.facebook.com\/jultimosacontecimentos\/\" \/>\n<meta property=\"article:published_time\" content=\"2025-11-26T12:55:37+00:00\" \/>\n<meta property=\"article:modified_time\" content=\"2025-11-26T13:07:09+00:00\" \/>\n<meta property=\"og:image\" content=\"https:\/\/juacontecimentos.com.br\/site\/wp-content\/uploads\/2025\/11\/1e06944f-d597-4a5a-8720-8d7622cef7d9.jpeg\" \/>\n\t<meta property=\"og:image:width\" content=\"1600\" \/>\n\t<meta property=\"og:image:height\" content=\"1200\" \/>\n\t<meta property=\"og:image:type\" content=\"image\/jpeg\" \/>\n<meta name=\"author\" content=\"Reginaldo Ribeiro\" \/>\n<meta name=\"twitter:card\" content=\"summary_large_image\" \/>\n<meta name=\"twitter:label1\" content=\"Escrito por\" \/>\n\t<meta name=\"twitter:data1\" content=\"Reginaldo Ribeiro\" \/>\n\t<meta name=\"twitter:label2\" content=\"Est. tempo de leitura\" \/>\n\t<meta name=\"twitter:data2\" content=\"4 minutos\" \/>\n<script type=\"application\/ld+json\" class=\"yoast-schema-graph\">{\"@context\":\"https:\/\/schema.org\",\"@graph\":[{\"@type\":\"Article\",\"@id\":\"https:\/\/juacontecimentos.com.br\/site\/prefeitura-de-campo-alegre-recebe-trator-e-equipamentos-agricolas-para-fortalecer-a-producao-rural\/#article\",\"isPartOf\":{\"@id\":\"https:\/\/juacontecimentos.com.br\/site\/prefeitura-de-campo-alegre-recebe-trator-e-equipamentos-agricolas-para-fortalecer-a-producao-rural\/\"},\"author\":{\"name\":\"Reginaldo Ribeiro\",\"@id\":\"https:\/\/juacontecimentos.com.br\/site\/#\/schema\/person\/082a54e6d3fdd7a633291428521c9669\"},\"headline\":\"Prefeitura de Campo Alegre recebe trator e equipamentos agr\u00edcolas para fortalecer a produ\u00e7\u00e3o rural\",\"datePublished\":\"2025-11-26T12:55:37+00:00\",\"dateModified\":\"2025-11-26T13:07:09+00:00\",\"mainEntityOfPage\":{\"@id\":\"https:\/\/juacontecimentos.com.br\/site\/prefeitura-de-campo-alegre-recebe-trator-e-equipamentos-agricolas-para-fortalecer-a-producao-rural\/\"},\"wordCount\":506,\"publisher\":{\"@id\":\"https:\/\/juacontecimentos.com.br\/site\/#organization\"},\"image\":{\"@id\":\"https:\/\/juacontecimentos.com.br\/site\/prefeitura-de-campo-alegre-recebe-trator-e-equipamentos-agricolas-para-fortalecer-a-producao-rural\/#primaryimage\"},\"thumbnailUrl\":\"https:\/\/juacontecimentos.com.br\/site\/wp-content\/uploads\/2025\/11\/1e06944f-d597-4a5a-8720-8d7622cef7d9.jpeg\",\"articleSection\":[\"Brasil\",\"Catal\u00e3o\",\"Destaque\",\"Goi\u00e1s\"],\"inLanguage\":\"pt-BR\"},{\"@type\":\"WebPage\",\"@id\":\"https:\/\/juacontecimentos.com.br\/site\/prefeitura-de-campo-alegre-recebe-trator-e-equipamentos-agricolas-para-fortalecer-a-producao-rural\/\",\"url\":\"https:\/\/juacontecimentos.com.br\/site\/prefeitura-de-campo-alegre-recebe-trator-e-equipamentos-agricolas-para-fortalecer-a-producao-rural\/\",\"name\":\"Prefeitura de Campo Alegre recebe trator e equipamentos agr\u00edcolas para fortalecer a produ\u00e7\u00e3o rural - Jornal Ultimos Acontecimentos\",\"isPartOf\":{\"@id\":\"https:\/\/juacontecimentos.com.br\/site\/#website\"},\"primaryImageOfPage\":{\"@id\":\"https:\/\/juacontecimentos.com.br\/site\/prefeitura-de-campo-alegre-recebe-trator-e-equipamentos-agricolas-para-fortalecer-a-producao-rural\/#primaryimage\"},\"image\":{\"@id\":\"https:\/\/juacontecimentos.com.br\/site\/prefeitura-de-campo-alegre-recebe-trator-e-equipamentos-agricolas-para-fortalecer-a-producao-rural\/#primaryimage\"},\"thumbnailUrl\":\"https:\/\/juacontecimentos.com.br\/site\/wp-content\/uploads\/2025\/11\/1e06944f-d597-4a5a-8720-8d7622cef7d9.jpeg\",\"datePublished\":\"2025-11-26T12:55:37+00:00\",\"dateModified\":\"2025-11-26T13:07:09+00:00\",\"breadcrumb\":{\"@id\":\"https:\/\/juacontecimentos.com.br\/site\/prefeitura-de-campo-alegre-recebe-trator-e-equipamentos-agricolas-para-fortalecer-a-producao-rural\/#breadcrumb\"},\"inLanguage\":\"pt-BR\",\"potentialAction\":[{\"@type\":\"ReadAction\",\"target\":[\"https:\/\/juacontecimentos.com.br\/site\/prefeitura-de-campo-alegre-recebe-trator-e-equipamentos-agricolas-para-fortalecer-a-producao-rural\/\"]}]},{\"@type\":\"ImageObject\",\"inLanguage\":\"pt-BR\",\"@id\":\"https:\/\/juacontecimentos.com.br\/site\/prefeitura-de-campo-alegre-recebe-trator-e-equipamentos-agricolas-para-fortalecer-a-producao-rural\/#primaryimage\",\"url\":\"https:\/\/juacontecimentos.com.br\/site\/wp-content\/uploads\/2025\/11\/1e06944f-d597-4a5a-8720-8d7622cef7d9.jpeg\",\"contentUrl\":\"https:\/\/juacontecimentos.com.br\/site\/wp-content\/uploads\/2025\/11\/1e06944f-d597-4a5a-8720-8d7622cef7d9.jpeg\",\"width\":1600,\"height\":1200},{\"@type\":\"BreadcrumbList\",\"@id\":\"https:\/\/juacontecimentos.com.br\/site\/prefeitura-de-campo-alegre-recebe-trator-e-equipamentos-agricolas-para-fortalecer-a-producao-rural\/#breadcrumb\",\"itemListElement\":[{\"@type\":\"ListItem\",\"position\":1,\"name\":\"In\u00edcio\",\"item\":\"https:\/\/juacontecimentos.com.br\/site\/\"},{\"@type\":\"ListItem\",\"position\":2,\"name\":\"Prefeitura de Campo Alegre recebe trator e equipamentos agr\u00edcolas para fortalecer a produ\u00e7\u00e3o rural\"}]},{\"@type\":\"WebSite\",\"@id\":\"https:\/\/juacontecimentos.com.br\/site\/#website\",\"url\":\"https:\/\/juacontecimentos.com.br\/site\/\",\"name\":\"Jornal Ultimos Acontecimentos\",\"description\":\"Catal\u00e3o e regi\u00e3o\",\"publisher\":{\"@id\":\"https:\/\/juacontecimentos.com.br\/site\/#organization\"},\"potentialAction\":[{\"@type\":\"SearchAction\",\"target\":{\"@type\":\"EntryPoint\",\"urlTemplate\":\"https:\/\/juacontecimentos.com.br\/site\/?s={search_term_string}\"},\"query-input\":{\"@type\":\"PropertyValueSpecification\",\"valueRequired\":true,\"valueName\":\"search_term_string\"}}],\"inLanguage\":\"pt-BR\"},{\"@type\":\"Organization\",\"@id\":\"https:\/\/juacontecimentos.com.br\/site\/#organization\",\"name\":\"Jornal Ultimos Acontecimentos\",\"url\":\"https:\/\/juacontecimentos.com.br\/site\/\",\"logo\":{\"@type\":\"ImageObject\",\"inLanguage\":\"pt-BR\",\"@id\":\"https:\/\/juacontecimentos.com.br\/site\/#\/schema\/logo\/image\/\",\"url\":\"https:\/\/juacontecimentos.com.br\/site\/wp-content\/uploads\/2023\/04\/Logo_Site.png\",\"contentUrl\":\"https:\/\/juacontecimentos.com.br\/site\/wp-content\/uploads\/2023\/04\/Logo_Site.png\",\"width\":2476,\"height\":530,\"caption\":\"Jornal Ultimos Acontecimentos\"},\"image\":{\"@id\":\"https:\/\/juacontecimentos.com.br\/site\/#\/schema\/logo\/image\/\"},\"sameAs\":[\"https:\/\/www.facebook.com\/jultimosacontecimentos\/\"]},{\"@type\":\"Person\",\"@id\":\"https:\/\/juacontecimentos.com.br\/site\/#\/schema\/person\/082a54e6d3fdd7a633291428521c9669\",\"name\":\"Reginaldo Ribeiro\",\"image\":{\"@type\":\"ImageObject\",\"inLanguage\":\"pt-BR\",\"@id\":\"https:\/\/juacontecimentos.com.br\/site\/#\/schema\/person\/image\/\",\"url\":\"https:\/\/secure.gravatar.com\/avatar\/5c16c6837c3490270a74d888c2a845728f06bdde1f8761de1de1d1d1ef82d12f?s=96&d=mm&r=g\",\"contentUrl\":\"https:\/\/secure.gravatar.com\/avatar\/5c16c6837c3490270a74d888c2a845728f06bdde1f8761de1de1d1d1ef82d12f?s=96&d=mm&r=g\",\"caption\":\"Reginaldo Ribeiro\"}}]}<\/script>\n<!-- \/ Yoast SEO plugin. -->","yoast_head_json":{"title":"Prefeitura de Campo Alegre recebe trator e equipamentos agr\u00edcolas para fortalecer a produ\u00e7\u00e3o rural - Jornal Ultimos Acontecimentos","robots":{"index":"index","follow":"follow","max-snippet":"max-snippet:-1","max-image-preview":"max-image-preview:large","max-video-preview":"max-video-preview:-1"},"canonical":"https:\/\/juacontecimentos.com.br\/site\/prefeitura-de-campo-alegre-recebe-trator-e-equipamentos-agricolas-para-fortalecer-a-producao-rural\/","og_locale":"pt_BR","og_type":"article","og_title":"Prefeitura de Campo Alegre recebe trator e equipamentos agr\u00edcolas para fortalecer a produ\u00e7\u00e3o rural - Jornal Ultimos Acontecimentos","og_description":"A Prefeitura de Campo Alegre de Goi\u00e1s recebeu, nesta ter\u00e7a-feira (25), um refor\u00e7o importante para o desenvolvimento da agricultura familiar no munic\u00edpio. Por meio da secretaria de Agricultura, Pecu\u00e1ria e Desenvolvimento Rural, foram entregues novos equipamentos agr\u00edcolas adquiridos a partir de um conv\u00eanio celebrado em 2022 entre o munic\u00edpio e o Minist\u00e9rio da Agricultura e","og_url":"https:\/\/juacontecimentos.com.br\/site\/prefeitura-de-campo-alegre-recebe-trator-e-equipamentos-agricolas-para-fortalecer-a-producao-rural\/","og_site_name":"Jornal Ultimos Acontecimentos","article_publisher":"https:\/\/www.facebook.com\/jultimosacontecimentos\/","article_published_time":"2025-11-26T12:55:37+00:00","article_modified_time":"2025-11-26T13:07:09+00:00","og_image":[{"width":1600,"height":1200,"url":"https:\/\/juacontecimentos.com.br\/site\/wp-content\/uploads\/2025\/11\/1e06944f-d597-4a5a-8720-8d7622cef7d9.jpeg","type":"image\/jpeg"}],"author":"Reginaldo Ribeiro","twitter_card":"summary_large_image","twitter_misc":{"Escrito por":"Reginaldo Ribeiro","Est. tempo de leitura":"4 minutos"},"schema":{"@context":"https:\/\/schema.org","@graph":[{"@type":"Article","@id":"https:\/\/juacontecimentos.com.br\/site\/prefeitura-de-campo-alegre-recebe-trator-e-equipamentos-agricolas-para-fortalecer-a-producao-rural\/#article","isPartOf":{"@id":"https:\/\/juacontecimentos.com.br\/site\/prefeitura-de-campo-alegre-recebe-trator-e-equipamentos-agricolas-para-fortalecer-a-producao-rural\/"},"author":{"name":"Reginaldo Ribeiro","@id":"https:\/\/juacontecimentos.com.br\/site\/#\/schema\/person\/082a54e6d3fdd7a633291428521c9669"},"headline":"Prefeitura de Campo Alegre recebe trator e equipamentos agr\u00edcolas para fortalecer a produ\u00e7\u00e3o rural","datePublished":"2025-11-26T12:55:37+00:00","dateModified":"2025-11-26T13:07:09+00:00","mainEntityOfPage":{"@id":"https:\/\/juacontecimentos.com.br\/site\/prefeitura-de-campo-alegre-recebe-trator-e-equipamentos-agricolas-para-fortalecer-a-producao-rural\/"},"wordCount":506,"publisher":{"@id":"https:\/\/juacontecimentos.com.br\/site\/#organization"},"image":{"@id":"https:\/\/juacontecimentos.com.br\/site\/prefeitura-de-campo-alegre-recebe-trator-e-equipamentos-agricolas-para-fortalecer-a-producao-rural\/#primaryimage"},"thumbnailUrl":"https:\/\/juacontecimentos.com.br\/site\/wp-content\/uploads\/2025\/11\/1e06944f-d597-4a5a-8720-8d7622cef7d9.jpeg","articleSection":["Brasil","Catal\u00e3o","Destaque","Goi\u00e1s"],"inLanguage":"pt-BR"},{"@type":"WebPage","@id":"https:\/\/juacontecimentos.com.br\/site\/prefeitura-de-campo-alegre-recebe-trator-e-equipamentos-agricolas-para-fortalecer-a-producao-rural\/","url":"https:\/\/juacontecimentos.com.br\/site\/prefeitura-de-campo-alegre-recebe-trator-e-equipamentos-agricolas-para-fortalecer-a-producao-rural\/","name":"Prefeitura de Campo Alegre recebe trator e equipamentos agr\u00edcolas para fortalecer a produ\u00e7\u00e3o rural - Jornal Ultimos Acontecimentos","isPartOf":{"@id":"https:\/\/juacontecimentos.com.br\/site\/#website"},"primaryImageOfPage":{"@id":"https:\/\/juacontecimentos.com.br\/site\/prefeitura-de-campo-alegre-recebe-trator-e-equipamentos-agricolas-para-fortalecer-a-producao-rural\/#primaryimage"},"image":{"@id":"https:\/\/juacontecimentos.com.br\/site\/prefeitura-de-campo-alegre-recebe-trator-e-equipamentos-agricolas-para-fortalecer-a-producao-rural\/#primaryimage"},"thumbnailUrl":"https:\/\/juacontecimentos.com.br\/site\/wp-content\/uploads\/2025\/11\/1e06944f-d597-4a5a-8720-8d7622cef7d9.jpeg","datePublished":"2025-11-26T12:55:37+00:00","dateModified":"2025-11-26T13:07:09+00:00","breadcrumb":{"@id":"https:\/\/juacontecimentos.com.br\/site\/prefeitura-de-campo-alegre-recebe-trator-e-equipamentos-agricolas-para-fortalecer-a-producao-rural\/#breadcrumb"},"inLanguage":"pt-BR","potentialAction":[{"@type":"ReadAction","target":["https:\/\/juacontecimentos.com.br\/site\/prefeitura-de-campo-alegre-recebe-trator-e-equipamentos-agricolas-para-fortalecer-a-producao-rural\/"]}]},{"@type":"ImageObject","inLanguage":"pt-BR","@id":"https:\/\/juacontecimentos.com.br\/site\/prefeitura-de-campo-alegre-recebe-trator-e-equipamentos-agricolas-para-fortalecer-a-producao-rural\/#primaryimage","url":"https:\/\/juacontecimentos.com.br\/site\/wp-content\/uploads\/2025\/11\/1e06944f-d597-4a5a-8720-8d7622cef7d9.jpeg","contentUrl":"https:\/\/juacontecimentos.com.br\/site\/wp-content\/uploads\/2025\/11\/1e06944f-d597-4a5a-8720-8d7622cef7d9.jpeg","width":1600,"height":1200},{"@type":"BreadcrumbList","@id":"https:\/\/juacontecimentos.com.br\/site\/prefeitura-de-campo-alegre-recebe-trator-e-equipamentos-agricolas-para-fortalecer-a-producao-rural\/#breadcrumb","itemListElement":[{"@type":"ListItem","position":1,"name":"In\u00edcio","item":"https:\/\/juacontecimentos.com.br\/site\/"},{"@type":"ListItem","position":2,"name":"Prefeitura de Campo Alegre recebe trator e equipamentos agr\u00edcolas para fortalecer a produ\u00e7\u00e3o rural"}]},{"@type":"WebSite","@id":"https:\/\/juacontecimentos.com.br\/site\/#website","url":"https:\/\/juacontecimentos.com.br\/site\/","name":"Jornal Ultimos Acontecimentos","description":"Catal\u00e3o e regi\u00e3o","publisher":{"@id":"https:\/\/juacontecimentos.com.br\/site\/#organization"},"potentialAction":[{"@type":"SearchAction","target":{"@type":"EntryPoint","urlTemplate":"https:\/\/juacontecimentos.com.br\/site\/?s={search_term_string}"},"query-input":{"@type":"PropertyValueSpecification","valueRequired":true,"valueName":"search_term_string"}}],"inLanguage":"pt-BR"},{"@type":"Organization","@id":"https:\/\/juacontecimentos.com.br\/site\/#organization","name":"Jornal Ultimos Acontecimentos","url":"https:\/\/juacontecimentos.com.br\/site\/","logo":{"@type":"ImageObject","inLanguage":"pt-BR","@id":"https:\/\/juacontecimentos.com.br\/site\/#\/schema\/logo\/image\/","url":"https:\/\/juacontecimentos.com.br\/site\/wp-content\/uploads\/2023\/04\/Logo_Site.png","contentUrl":"https:\/\/juacontecimentos.com.br\/site\/wp-content\/uploads\/2023\/04\/Logo_Site.png","width":2476,"height":530,"caption":"Jornal Ultimos Acontecimentos"},"image":{"@id":"https:\/\/juacontecimentos.com.br\/site\/#\/schema\/logo\/image\/"},"sameAs":["https:\/\/www.facebook.com\/jultimosacontecimentos\/"]},{"@type":"Person","@id":"https:\/\/juacontecimentos.com.br\/site\/#\/schema\/person\/082a54e6d3fdd7a633291428521c9669","name":"Reginaldo Ribeiro","image":{"@type":"ImageObject","inLanguage":"pt-BR","@id":"https:\/\/juacontecimentos.com.br\/site\/#\/schema\/person\/image\/","url":"https:\/\/secure.gravatar.com\/avatar\/5c16c6837c3490270a74d888c2a845728f06bdde1f8761de1de1d1d1ef82d12f?s=96&d=mm&r=g","contentUrl":"https:\/\/secure.gravatar.com\/avatar\/5c16c6837c3490270a74d888c2a845728f06bdde1f8761de1de1d1d1ef82d12f?s=96&d=mm&r=g","caption":"Reginaldo Ribeiro"}}]}},"_links":{"self":[{"href":"https:\/\/juacontecimentos.com.br\/site\/wp-json\/wp\/v2\/posts\/47257","targetHints":{"allow":["GET"]}}],"collection":[{"href":"https:\/\/juacontecimentos.com.br\/site\/wp-json\/wp\/v2\/posts"}],"about":[{"href":"https:\/\/juacontecimentos.com.br\/site\/wp-json\/wp\/v2\/types\/post"}],"author":[{"embeddable":true,"href":"https:\/\/juacontecimentos.com.br\/site\/wp-json\/wp\/v2\/users\/2"}],"replies":[{"embeddable":true,"href":"https:\/\/juacontecimentos.com.br\/site\/wp-json\/wp\/v2\/comments?post=47257"}],"version-history":[{"count":3,"href":"https:\/\/juacontecimentos.com.br\/site\/wp-json\/wp\/v2\/posts\/47257\/revisions"}],"predecessor-version":[{"id":47264,"href":"https:\/\/juacontecimentos.com.br\/site\/wp-json\/wp\/v2\/posts\/47257\/revisions\/47264"}],"wp:featuredmedia":[{"embeddable":true,"href":"https:\/\/juacontecimentos.com.br\/site\/wp-json\/wp\/v2\/media\/47258"}],"wp:attachment":[{"href":"https:\/\/juacontecimentos.com.br\/site\/wp-json\/wp\/v2\/media?parent=47257"}],"wp:term":[{"taxonomy":"category","embeddable":true,"href":"https:\/\/juacontecimentos.com.br\/site\/wp-json\/wp\/v2\/categories?post=47257"},{"taxonomy":"post_tag","embeddable":true,"href":"https:\/\/juacontecimentos.com.br\/site\/wp-json\/wp\/v2\/tags?post=47257"}],"curies":[{"name":"wp","href":"https:\/\/api.w.org\/{rel}","templated":true}]}}