{"id":47284,"date":"2025-11-26T12:55:42","date_gmt":"2025-11-26T15:55:42","guid":{"rendered":"https:\/\/juacontecimentos.com.br\/site\/?p=47284"},"modified":"2025-11-26T12:57:19","modified_gmt":"2025-11-26T15:57:19","slug":"operacao-tapa-buraco-reforca-infraestrutura-viaria-em-ouvidor-e-conta-com-acompanhamento-de-perto-do-vice-prefeito-nelci-candido","status":"publish","type":"post","link":"https:\/\/juacontecimentos.com.br\/site\/operacao-tapa-buraco-reforca-infraestrutura-viaria-em-ouvidor-e-conta-com-acompanhamento-de-perto-do-vice-prefeito-nelci-candido\/","title":{"rendered":"Opera\u00e7\u00e3o Tapa-Buraco refor\u00e7a infraestrutura vi\u00e1ria em Ouvidor e conta com acompanhamento de perto do vice-prefeito Nelci C\u00e2ndido"},"content":{"rendered":"<p><img loading=\"lazy\" decoding=\"async\" class=\"alignnone wp-image-47285 size-full\" src=\"https:\/\/juacontecimentos.com.br\/site\/wp-content\/uploads\/2025\/11\/590771521_1285723080256129_8523938137164509738_n-e1764172456136.jpg\" alt=\"\" width=\"1200\" height=\"803\" srcset=\"https:\/\/juacontecimentos.com.br\/site\/wp-content\/uploads\/2025\/11\/590771521_1285723080256129_8523938137164509738_n-e1764172456136.jpg 1200w, https:\/\/juacontecimentos.com.br\/site\/wp-content\/uploads\/2025\/11\/590771521_1285723080256129_8523938137164509738_n-e1764172456136-300x201.jpg 300w, https:\/\/juacontecimentos.com.br\/site\/wp-content\/uploads\/2025\/11\/590771521_1285723080256129_8523938137164509738_n-e1764172456136-1024x685.jpg 1024w, https:\/\/juacontecimentos.com.br\/site\/wp-content\/uploads\/2025\/11\/590771521_1285723080256129_8523938137164509738_n-e1764172456136-768x514.jpg 768w\" sizes=\"auto, (max-width: 1200px) 100vw, 1200px\" \/><\/p>\n<p>A Prefeitura de Ouvidor deu in\u00edcio a uma nova etapa da opera\u00e7\u00e3o <em>Tapa-Buraco<\/em>, a\u00e7\u00e3o realizada pela Secretaria Municipal de Obras, Servi\u00e7os P\u00fablicos, Habita\u00e7\u00e3o e Urbanismo com o objetivo de recuperar trechos danificados do asfalto e melhorar as condi\u00e7\u00f5es de circula\u00e7\u00e3o pela cidade. O vice-prefeito e tamb\u00e9m secret\u00e1rio de obras, Nelci C\u00e2ndido Ribeiro, acompanhou de perto o in\u00edcio dos servi\u00e7os, refor\u00e7ando o compromisso da administra\u00e7\u00e3o municipal com a seguran\u00e7a e o bem-estar dos moradores.<\/p>\n<p>Segundo a gest\u00e3o, o trabalho surge como resposta aos danos provocados pelas chuvas recentes e pelo desgaste natural das vias, fatores que comprometem a fluidez do tr\u00e1fego e aumentam riscos para condutores e pedestres. Ao supervisionar os trabalhos, Nelci C\u00e2ndido destacou a import\u00e2ncia da manuten\u00e7\u00e3o cont\u00ednua da malha vi\u00e1ria, afirmando que a a\u00e7\u00e3o integra um plano de melhorias estruturais em toda a \u00e1rea urbana.<\/p>\n<p>\u201cSabemos que a malha vi\u00e1ria da nossa cidade sofre com o passar do tempo e, principalmente, com as intemp\u00e9ries clim\u00e1ticas. Por isso, a determina\u00e7\u00e3o do prefeito Cebinha Nascimento \u00e9 que a nossa equipe esteja nas ruas, com uma for\u00e7a-tarefa de imediato, para recuperar o asfalto e garantir a seguran\u00e7a de todos. Disponibilizamos de uma equipe que est\u00e1 trabalhando firme para recuperar nossas vias p\u00fablicas, e que em curto prazo de tempo, tenhamos \u00eaxito na conclus\u00e3o das tarefas. Nosso plano \u00e9 ampliar a opera\u00e7\u00e3o at\u00e9 que toda a malha urbana esteja em melhores condi\u00e7\u00f5es,\u201d declarou o vice-prefeito.<\/p>\n<p>O cronograma da opera\u00e7\u00e3o prioriza os trechos mais cr\u00edticos mapeados pela Secretaria de Obras, buscando assegurar respostas r\u00e1pidas e eficazes \u00e0s demandas da comunidade. A a\u00e7\u00e3o reflete o empenho da gest\u00e3o em manter a cidade funcional, trafeg\u00e1vel e estruturada, contribuindo diretamente para a qualidade de vida e para a mobilidade urbana em Ouvidor.<\/p>\n<p><img loading=\"lazy\" decoding=\"async\" class=\"alignnone wp-image-47286 size-full\" src=\"https:\/\/juacontecimentos.com.br\/site\/wp-content\/uploads\/2025\/11\/590819326_1285723260256111_3057847966687216337_n-e1764172496859.jpg\" alt=\"\" width=\"1200\" height=\"877\" srcset=\"https:\/\/juacontecimentos.com.br\/site\/wp-content\/uploads\/2025\/11\/590819326_1285723260256111_3057847966687216337_n-e1764172496859.jpg 1200w, https:\/\/juacontecimentos.com.br\/site\/wp-content\/uploads\/2025\/11\/590819326_1285723260256111_3057847966687216337_n-e1764172496859-300x219.jpg 300w, https:\/\/juacontecimentos.com.br\/site\/wp-content\/uploads\/2025\/11\/590819326_1285723260256111_3057847966687216337_n-e1764172496859-1024x748.jpg 1024w, https:\/\/juacontecimentos.com.br\/site\/wp-content\/uploads\/2025\/11\/590819326_1285723260256111_3057847966687216337_n-e1764172496859-768x561.jpg 768w\" sizes=\"auto, (max-width: 1200px) 100vw, 1200px\" \/> <img loading=\"lazy\" decoding=\"async\" class=\"alignnone wp-image-47287 size-full\" src=\"https:\/\/juacontecimentos.com.br\/site\/wp-content\/uploads\/2025\/11\/590846477_1285723226922781_4789165636034362422_n-e1764172539565.jpg\" alt=\"\" width=\"1200\" height=\"995\" srcset=\"https:\/\/juacontecimentos.com.br\/site\/wp-content\/uploads\/2025\/11\/590846477_1285723226922781_4789165636034362422_n-e1764172539565.jpg 1200w, https:\/\/juacontecimentos.com.br\/site\/wp-content\/uploads\/2025\/11\/590846477_1285723226922781_4789165636034362422_n-e1764172539565-300x249.jpg 300w, https:\/\/juacontecimentos.com.br\/site\/wp-content\/uploads\/2025\/11\/590846477_1285723226922781_4789165636034362422_n-e1764172539565-1024x849.jpg 1024w, https:\/\/juacontecimentos.com.br\/site\/wp-content\/uploads\/2025\/11\/590846477_1285723226922781_4789165636034362422_n-e1764172539565-768x637.jpg 768w\" sizes=\"auto, (max-width: 1200px) 100vw, 1200px\" \/> <img loading=\"lazy\" decoding=\"async\" class=\"alignnone wp-image-47288 size-full\" src=\"https:\/\/juacontecimentos.com.br\/site\/wp-content\/uploads\/2025\/11\/591067451_1285723316922772_4322940748772568631_n-e1764172573237.jpg\" alt=\"\" width=\"1200\" height=\"795\" srcset=\"https:\/\/juacontecimentos.com.br\/site\/wp-content\/uploads\/2025\/11\/591067451_1285723316922772_4322940748772568631_n-e1764172573237.jpg 1200w, https:\/\/juacontecimentos.com.br\/site\/wp-content\/uploads\/2025\/11\/591067451_1285723316922772_4322940748772568631_n-e1764172573237-300x199.jpg 300w, https:\/\/juacontecimentos.com.br\/site\/wp-content\/uploads\/2025\/11\/591067451_1285723316922772_4322940748772568631_n-e1764172573237-1024x678.jpg 1024w, https:\/\/juacontecimentos.com.br\/site\/wp-content\/uploads\/2025\/11\/591067451_1285723316922772_4322940748772568631_n-e1764172573237-768x509.jpg 768w\" sizes=\"auto, (max-width: 1200px) 100vw, 1200px\" \/><\/p>\n","protected":false},"excerpt":{"rendered":"<p>A Prefeitura de Ouvidor deu in\u00edcio a uma nova etapa da opera\u00e7\u00e3o Tapa-Buraco, a\u00e7\u00e3o realizada pela Secretaria Municipal de Obras, Servi\u00e7os P\u00fablicos, Habita\u00e7\u00e3o e Urbanismo com o objetivo de recuperar trechos danificados do asfalto e melhorar as condi\u00e7\u00f5es de circula\u00e7\u00e3o pela cidade. O vice-prefeito e tamb\u00e9m secret\u00e1rio de obras, Nelci C\u00e2ndido Ribeiro, acompanhou de perto<\/p>\n","protected":false},"author":2,"featured_media":47291,"comment_status":"closed","ping_status":"closed","sticky":false,"template":"","format":"standard","meta":{"footnotes":""},"categories":[27,22,26,23,1],"tags":[],"class_list":["post-47284","post","type-post","status-publish","format-standard","has-post-thumbnail","hentry","category-brasil","category-catalao","category-destaque","category-goias","category-sem-categoria"],"yoast_head":"<!-- This site is optimized with the Yoast SEO plugin v25.8 - https:\/\/yoast.com\/wordpress\/plugins\/seo\/ -->\n<title>Opera\u00e7\u00e3o Tapa-Buraco refor\u00e7a infraestrutura vi\u00e1ria em Ouvidor e conta com acompanhamento de perto do vice-prefeito Nelci C\u00e2ndido - Jornal Ultimos Acontecimentos<\/title>\n<meta name=\"robots\" content=\"index, follow, max-snippet:-1, max-image-preview:large, max-video-preview:-1\" \/>\n<link rel=\"canonical\" href=\"https:\/\/juacontecimentos.com.br\/site\/operacao-tapa-buraco-reforca-infraestrutura-viaria-em-ouvidor-e-conta-com-acompanhamento-de-perto-do-vice-prefeito-nelci-candido\/\" \/>\n<meta property=\"og:locale\" content=\"pt_BR\" \/>\n<meta property=\"og:type\" content=\"article\" \/>\n<meta property=\"og:title\" content=\"Opera\u00e7\u00e3o Tapa-Buraco refor\u00e7a infraestrutura vi\u00e1ria em Ouvidor e conta com acompanhamento de perto do vice-prefeito Nelci C\u00e2ndido - Jornal Ultimos Acontecimentos\" \/>\n<meta property=\"og:description\" content=\"A Prefeitura de Ouvidor deu in\u00edcio a uma nova etapa da opera\u00e7\u00e3o Tapa-Buraco, a\u00e7\u00e3o realizada pela Secretaria Municipal de Obras, Servi\u00e7os P\u00fablicos, Habita\u00e7\u00e3o e Urbanismo com o objetivo de recuperar trechos danificados do asfalto e melhorar as condi\u00e7\u00f5es de circula\u00e7\u00e3o pela cidade. O vice-prefeito e tamb\u00e9m secret\u00e1rio de obras, Nelci C\u00e2ndido Ribeiro, acompanhou de perto\" \/>\n<meta property=\"og:url\" content=\"https:\/\/juacontecimentos.com.br\/site\/operacao-tapa-buraco-reforca-infraestrutura-viaria-em-ouvidor-e-conta-com-acompanhamento-de-perto-do-vice-prefeito-nelci-candido\/\" \/>\n<meta property=\"og:site_name\" content=\"Jornal Ultimos Acontecimentos\" \/>\n<meta property=\"article:publisher\" content=\"https:\/\/www.facebook.com\/jultimosacontecimentos\/\" \/>\n<meta property=\"article:published_time\" content=\"2025-11-26T15:55:42+00:00\" \/>\n<meta property=\"article:modified_time\" content=\"2025-11-26T15:57:19+00:00\" \/>\n<meta property=\"og:image\" content=\"https:\/\/juacontecimentos.com.br\/site\/wp-content\/uploads\/2025\/11\/tttttttttttttttt.jpg\" \/>\n\t<meta property=\"og:image:width\" content=\"1200\" \/>\n\t<meta property=\"og:image:height\" content=\"877\" \/>\n\t<meta property=\"og:image:type\" content=\"image\/jpeg\" \/>\n<meta name=\"author\" content=\"Reginaldo Ribeiro\" \/>\n<meta name=\"twitter:card\" content=\"summary_large_image\" \/>\n<meta name=\"twitter:label1\" content=\"Escrito por\" \/>\n\t<meta name=\"twitter:data1\" content=\"Reginaldo Ribeiro\" \/>\n\t<meta name=\"twitter:label2\" content=\"Est. tempo de leitura\" \/>\n\t<meta name=\"twitter:data2\" content=\"3 minutos\" \/>\n<script type=\"application\/ld+json\" class=\"yoast-schema-graph\">{\"@context\":\"https:\/\/schema.org\",\"@graph\":[{\"@type\":\"Article\",\"@id\":\"https:\/\/juacontecimentos.com.br\/site\/operacao-tapa-buraco-reforca-infraestrutura-viaria-em-ouvidor-e-conta-com-acompanhamento-de-perto-do-vice-prefeito-nelci-candido\/#article\",\"isPartOf\":{\"@id\":\"https:\/\/juacontecimentos.com.br\/site\/operacao-tapa-buraco-reforca-infraestrutura-viaria-em-ouvidor-e-conta-com-acompanhamento-de-perto-do-vice-prefeito-nelci-candido\/\"},\"author\":{\"name\":\"Reginaldo Ribeiro\",\"@id\":\"https:\/\/juacontecimentos.com.br\/site\/#\/schema\/person\/082a54e6d3fdd7a633291428521c9669\"},\"headline\":\"Opera\u00e7\u00e3o Tapa-Buraco refor\u00e7a infraestrutura vi\u00e1ria em Ouvidor e conta com acompanhamento de perto do vice-prefeito Nelci C\u00e2ndido\",\"datePublished\":\"2025-11-26T15:55:42+00:00\",\"dateModified\":\"2025-11-26T15:57:19+00:00\",\"mainEntityOfPage\":{\"@id\":\"https:\/\/juacontecimentos.com.br\/site\/operacao-tapa-buraco-reforca-infraestrutura-viaria-em-ouvidor-e-conta-com-acompanhamento-de-perto-do-vice-prefeito-nelci-candido\/\"},\"wordCount\":345,\"publisher\":{\"@id\":\"https:\/\/juacontecimentos.com.br\/site\/#organization\"},\"image\":{\"@id\":\"https:\/\/juacontecimentos.com.br\/site\/operacao-tapa-buraco-reforca-infraestrutura-viaria-em-ouvidor-e-conta-com-acompanhamento-de-perto-do-vice-prefeito-nelci-candido\/#primaryimage\"},\"thumbnailUrl\":\"https:\/\/juacontecimentos.com.br\/site\/wp-content\/uploads\/2025\/11\/tttttttttttttttt.jpg\",\"articleSection\":[\"Brasil\",\"Catal\u00e3o\",\"Destaque\",\"Goi\u00e1s\"],\"inLanguage\":\"pt-BR\"},{\"@type\":\"WebPage\",\"@id\":\"https:\/\/juacontecimentos.com.br\/site\/operacao-tapa-buraco-reforca-infraestrutura-viaria-em-ouvidor-e-conta-com-acompanhamento-de-perto-do-vice-prefeito-nelci-candido\/\",\"url\":\"https:\/\/juacontecimentos.com.br\/site\/operacao-tapa-buraco-reforca-infraestrutura-viaria-em-ouvidor-e-conta-com-acompanhamento-de-perto-do-vice-prefeito-nelci-candido\/\",\"name\":\"Opera\u00e7\u00e3o Tapa-Buraco refor\u00e7a infraestrutura vi\u00e1ria em Ouvidor e conta com acompanhamento de perto do vice-prefeito Nelci C\u00e2ndido - Jornal Ultimos Acontecimentos\",\"isPartOf\":{\"@id\":\"https:\/\/juacontecimentos.com.br\/site\/#website\"},\"primaryImageOfPage\":{\"@id\":\"https:\/\/juacontecimentos.com.br\/site\/operacao-tapa-buraco-reforca-infraestrutura-viaria-em-ouvidor-e-conta-com-acompanhamento-de-perto-do-vice-prefeito-nelci-candido\/#primaryimage\"},\"image\":{\"@id\":\"https:\/\/juacontecimentos.com.br\/site\/operacao-tapa-buraco-reforca-infraestrutura-viaria-em-ouvidor-e-conta-com-acompanhamento-de-perto-do-vice-prefeito-nelci-candido\/#primaryimage\"},\"thumbnailUrl\":\"https:\/\/juacontecimentos.com.br\/site\/wp-content\/uploads\/2025\/11\/tttttttttttttttt.jpg\",\"datePublished\":\"2025-11-26T15:55:42+00:00\",\"dateModified\":\"2025-11-26T15:57:19+00:00\",\"breadcrumb\":{\"@id\":\"https:\/\/juacontecimentos.com.br\/site\/operacao-tapa-buraco-reforca-infraestrutura-viaria-em-ouvidor-e-conta-com-acompanhamento-de-perto-do-vice-prefeito-nelci-candido\/#breadcrumb\"},\"inLanguage\":\"pt-BR\",\"potentialAction\":[{\"@type\":\"ReadAction\",\"target\":[\"https:\/\/juacontecimentos.com.br\/site\/operacao-tapa-buraco-reforca-infraestrutura-viaria-em-ouvidor-e-conta-com-acompanhamento-de-perto-do-vice-prefeito-nelci-candido\/\"]}]},{\"@type\":\"ImageObject\",\"inLanguage\":\"pt-BR\",\"@id\":\"https:\/\/juacontecimentos.com.br\/site\/operacao-tapa-buraco-reforca-infraestrutura-viaria-em-ouvidor-e-conta-com-acompanhamento-de-perto-do-vice-prefeito-nelci-candido\/#primaryimage\",\"url\":\"https:\/\/juacontecimentos.com.br\/site\/wp-content\/uploads\/2025\/11\/tttttttttttttttt.jpg\",\"contentUrl\":\"https:\/\/juacontecimentos.com.br\/site\/wp-content\/uploads\/2025\/11\/tttttttttttttttt.jpg\",\"width\":1200,\"height\":877},{\"@type\":\"BreadcrumbList\",\"@id\":\"https:\/\/juacontecimentos.com.br\/site\/operacao-tapa-buraco-reforca-infraestrutura-viaria-em-ouvidor-e-conta-com-acompanhamento-de-perto-do-vice-prefeito-nelci-candido\/#breadcrumb\",\"itemListElement\":[{\"@type\":\"ListItem\",\"position\":1,\"name\":\"In\u00edcio\",\"item\":\"https:\/\/juacontecimentos.com.br\/site\/\"},{\"@type\":\"ListItem\",\"position\":2,\"name\":\"Opera\u00e7\u00e3o Tapa-Buraco refor\u00e7a infraestrutura vi\u00e1ria em Ouvidor e conta com acompanhamento de perto do vice-prefeito Nelci C\u00e2ndido\"}]},{\"@type\":\"WebSite\",\"@id\":\"https:\/\/juacontecimentos.com.br\/site\/#website\",\"url\":\"https:\/\/juacontecimentos.com.br\/site\/\",\"name\":\"Jornal Ultimos Acontecimentos\",\"description\":\"Catal\u00e3o e regi\u00e3o\",\"publisher\":{\"@id\":\"https:\/\/juacontecimentos.com.br\/site\/#organization\"},\"potentialAction\":[{\"@type\":\"SearchAction\",\"target\":{\"@type\":\"EntryPoint\",\"urlTemplate\":\"https:\/\/juacontecimentos.com.br\/site\/?s={search_term_string}\"},\"query-input\":{\"@type\":\"PropertyValueSpecification\",\"valueRequired\":true,\"valueName\":\"search_term_string\"}}],\"inLanguage\":\"pt-BR\"},{\"@type\":\"Organization\",\"@id\":\"https:\/\/juacontecimentos.com.br\/site\/#organization\",\"name\":\"Jornal Ultimos Acontecimentos\",\"url\":\"https:\/\/juacontecimentos.com.br\/site\/\",\"logo\":{\"@type\":\"ImageObject\",\"inLanguage\":\"pt-BR\",\"@id\":\"https:\/\/juacontecimentos.com.br\/site\/#\/schema\/logo\/image\/\",\"url\":\"https:\/\/juacontecimentos.com.br\/site\/wp-content\/uploads\/2023\/04\/Logo_Site.png\",\"contentUrl\":\"https:\/\/juacontecimentos.com.br\/site\/wp-content\/uploads\/2023\/04\/Logo_Site.png\",\"width\":2476,\"height\":530,\"caption\":\"Jornal Ultimos Acontecimentos\"},\"image\":{\"@id\":\"https:\/\/juacontecimentos.com.br\/site\/#\/schema\/logo\/image\/\"},\"sameAs\":[\"https:\/\/www.facebook.com\/jultimosacontecimentos\/\"]},{\"@type\":\"Person\",\"@id\":\"https:\/\/juacontecimentos.com.br\/site\/#\/schema\/person\/082a54e6d3fdd7a633291428521c9669\",\"name\":\"Reginaldo Ribeiro\",\"image\":{\"@type\":\"ImageObject\",\"inLanguage\":\"pt-BR\",\"@id\":\"https:\/\/juacontecimentos.com.br\/site\/#\/schema\/person\/image\/\",\"url\":\"https:\/\/secure.gravatar.com\/avatar\/5c16c6837c3490270a74d888c2a845728f06bdde1f8761de1de1d1d1ef82d12f?s=96&d=mm&r=g\",\"contentUrl\":\"https:\/\/secure.gravatar.com\/avatar\/5c16c6837c3490270a74d888c2a845728f06bdde1f8761de1de1d1d1ef82d12f?s=96&d=mm&r=g\",\"caption\":\"Reginaldo Ribeiro\"}}]}<\/script>\n<!-- \/ Yoast SEO plugin. -->","yoast_head_json":{"title":"Opera\u00e7\u00e3o Tapa-Buraco refor\u00e7a infraestrutura vi\u00e1ria em Ouvidor e conta com acompanhamento de perto do vice-prefeito Nelci C\u00e2ndido - Jornal Ultimos Acontecimentos","robots":{"index":"index","follow":"follow","max-snippet":"max-snippet:-1","max-image-preview":"max-image-preview:large","max-video-preview":"max-video-preview:-1"},"canonical":"https:\/\/juacontecimentos.com.br\/site\/operacao-tapa-buraco-reforca-infraestrutura-viaria-em-ouvidor-e-conta-com-acompanhamento-de-perto-do-vice-prefeito-nelci-candido\/","og_locale":"pt_BR","og_type":"article","og_title":"Opera\u00e7\u00e3o Tapa-Buraco refor\u00e7a infraestrutura vi\u00e1ria em Ouvidor e conta com acompanhamento de perto do vice-prefeito Nelci C\u00e2ndido - Jornal Ultimos Acontecimentos","og_description":"A Prefeitura de Ouvidor deu in\u00edcio a uma nova etapa da opera\u00e7\u00e3o Tapa-Buraco, a\u00e7\u00e3o realizada pela Secretaria Municipal de Obras, Servi\u00e7os P\u00fablicos, Habita\u00e7\u00e3o e Urbanismo com o objetivo de recuperar trechos danificados do asfalto e melhorar as condi\u00e7\u00f5es de circula\u00e7\u00e3o pela cidade. O vice-prefeito e tamb\u00e9m secret\u00e1rio de obras, Nelci C\u00e2ndido Ribeiro, acompanhou de perto","og_url":"https:\/\/juacontecimentos.com.br\/site\/operacao-tapa-buraco-reforca-infraestrutura-viaria-em-ouvidor-e-conta-com-acompanhamento-de-perto-do-vice-prefeito-nelci-candido\/","og_site_name":"Jornal Ultimos Acontecimentos","article_publisher":"https:\/\/www.facebook.com\/jultimosacontecimentos\/","article_published_time":"2025-11-26T15:55:42+00:00","article_modified_time":"2025-11-26T15:57:19+00:00","og_image":[{"width":1200,"height":877,"url":"https:\/\/juacontecimentos.com.br\/site\/wp-content\/uploads\/2025\/11\/tttttttttttttttt.jpg","type":"image\/jpeg"}],"author":"Reginaldo Ribeiro","twitter_card":"summary_large_image","twitter_misc":{"Escrito por":"Reginaldo Ribeiro","Est. tempo de leitura":"3 minutos"},"schema":{"@context":"https:\/\/schema.org","@graph":[{"@type":"Article","@id":"https:\/\/juacontecimentos.com.br\/site\/operacao-tapa-buraco-reforca-infraestrutura-viaria-em-ouvidor-e-conta-com-acompanhamento-de-perto-do-vice-prefeito-nelci-candido\/#article","isPartOf":{"@id":"https:\/\/juacontecimentos.com.br\/site\/operacao-tapa-buraco-reforca-infraestrutura-viaria-em-ouvidor-e-conta-com-acompanhamento-de-perto-do-vice-prefeito-nelci-candido\/"},"author":{"name":"Reginaldo Ribeiro","@id":"https:\/\/juacontecimentos.com.br\/site\/#\/schema\/person\/082a54e6d3fdd7a633291428521c9669"},"headline":"Opera\u00e7\u00e3o Tapa-Buraco refor\u00e7a infraestrutura vi\u00e1ria em Ouvidor e conta com acompanhamento de perto do vice-prefeito Nelci C\u00e2ndido","datePublished":"2025-11-26T15:55:42+00:00","dateModified":"2025-11-26T15:57:19+00:00","mainEntityOfPage":{"@id":"https:\/\/juacontecimentos.com.br\/site\/operacao-tapa-buraco-reforca-infraestrutura-viaria-em-ouvidor-e-conta-com-acompanhamento-de-perto-do-vice-prefeito-nelci-candido\/"},"wordCount":345,"publisher":{"@id":"https:\/\/juacontecimentos.com.br\/site\/#organization"},"image":{"@id":"https:\/\/juacontecimentos.com.br\/site\/operacao-tapa-buraco-reforca-infraestrutura-viaria-em-ouvidor-e-conta-com-acompanhamento-de-perto-do-vice-prefeito-nelci-candido\/#primaryimage"},"thumbnailUrl":"https:\/\/juacontecimentos.com.br\/site\/wp-content\/uploads\/2025\/11\/tttttttttttttttt.jpg","articleSection":["Brasil","Catal\u00e3o","Destaque","Goi\u00e1s"],"inLanguage":"pt-BR"},{"@type":"WebPage","@id":"https:\/\/juacontecimentos.com.br\/site\/operacao-tapa-buraco-reforca-infraestrutura-viaria-em-ouvidor-e-conta-com-acompanhamento-de-perto-do-vice-prefeito-nelci-candido\/","url":"https:\/\/juacontecimentos.com.br\/site\/operacao-tapa-buraco-reforca-infraestrutura-viaria-em-ouvidor-e-conta-com-acompanhamento-de-perto-do-vice-prefeito-nelci-candido\/","name":"Opera\u00e7\u00e3o Tapa-Buraco refor\u00e7a infraestrutura vi\u00e1ria em Ouvidor e conta com acompanhamento de perto do vice-prefeito Nelci C\u00e2ndido - Jornal Ultimos Acontecimentos","isPartOf":{"@id":"https:\/\/juacontecimentos.com.br\/site\/#website"},"primaryImageOfPage":{"@id":"https:\/\/juacontecimentos.com.br\/site\/operacao-tapa-buraco-reforca-infraestrutura-viaria-em-ouvidor-e-conta-com-acompanhamento-de-perto-do-vice-prefeito-nelci-candido\/#primaryimage"},"image":{"@id":"https:\/\/juacontecimentos.com.br\/site\/operacao-tapa-buraco-reforca-infraestrutura-viaria-em-ouvidor-e-conta-com-acompanhamento-de-perto-do-vice-prefeito-nelci-candido\/#primaryimage"},"thumbnailUrl":"https:\/\/juacontecimentos.com.br\/site\/wp-content\/uploads\/2025\/11\/tttttttttttttttt.jpg","datePublished":"2025-11-26T15:55:42+00:00","dateModified":"2025-11-26T15:57:19+00:00","breadcrumb":{"@id":"https:\/\/juacontecimentos.com.br\/site\/operacao-tapa-buraco-reforca-infraestrutura-viaria-em-ouvidor-e-conta-com-acompanhamento-de-perto-do-vice-prefeito-nelci-candido\/#breadcrumb"},"inLanguage":"pt-BR","potentialAction":[{"@type":"ReadAction","target":["https:\/\/juacontecimentos.com.br\/site\/operacao-tapa-buraco-reforca-infraestrutura-viaria-em-ouvidor-e-conta-com-acompanhamento-de-perto-do-vice-prefeito-nelci-candido\/"]}]},{"@type":"ImageObject","inLanguage":"pt-BR","@id":"https:\/\/juacontecimentos.com.br\/site\/operacao-tapa-buraco-reforca-infraestrutura-viaria-em-ouvidor-e-conta-com-acompanhamento-de-perto-do-vice-prefeito-nelci-candido\/#primaryimage","url":"https:\/\/juacontecimentos.com.br\/site\/wp-content\/uploads\/2025\/11\/tttttttttttttttt.jpg","contentUrl":"https:\/\/juacontecimentos.com.br\/site\/wp-content\/uploads\/2025\/11\/tttttttttttttttt.jpg","width":1200,"height":877},{"@type":"BreadcrumbList","@id":"https:\/\/juacontecimentos.com.br\/site\/operacao-tapa-buraco-reforca-infraestrutura-viaria-em-ouvidor-e-conta-com-acompanhamento-de-perto-do-vice-prefeito-nelci-candido\/#breadcrumb","itemListElement":[{"@type":"ListItem","position":1,"name":"In\u00edcio","item":"https:\/\/juacontecimentos.com.br\/site\/"},{"@type":"ListItem","position":2,"name":"Opera\u00e7\u00e3o Tapa-Buraco refor\u00e7a infraestrutura vi\u00e1ria em Ouvidor e conta com acompanhamento de perto do vice-prefeito Nelci C\u00e2ndido"}]},{"@type":"WebSite","@id":"https:\/\/juacontecimentos.com.br\/site\/#website","url":"https:\/\/juacontecimentos.com.br\/site\/","name":"Jornal Ultimos Acontecimentos","description":"Catal\u00e3o e regi\u00e3o","publisher":{"@id":"https:\/\/juacontecimentos.com.br\/site\/#organization"},"potentialAction":[{"@type":"SearchAction","target":{"@type":"EntryPoint","urlTemplate":"https:\/\/juacontecimentos.com.br\/site\/?s={search_term_string}"},"query-input":{"@type":"PropertyValueSpecification","valueRequired":true,"valueName":"search_term_string"}}],"inLanguage":"pt-BR"},{"@type":"Organization","@id":"https:\/\/juacontecimentos.com.br\/site\/#organization","name":"Jornal Ultimos Acontecimentos","url":"https:\/\/juacontecimentos.com.br\/site\/","logo":{"@type":"ImageObject","inLanguage":"pt-BR","@id":"https:\/\/juacontecimentos.com.br\/site\/#\/schema\/logo\/image\/","url":"https:\/\/juacontecimentos.com.br\/site\/wp-content\/uploads\/2023\/04\/Logo_Site.png","contentUrl":"https:\/\/juacontecimentos.com.br\/site\/wp-content\/uploads\/2023\/04\/Logo_Site.png","width":2476,"height":530,"caption":"Jornal Ultimos Acontecimentos"},"image":{"@id":"https:\/\/juacontecimentos.com.br\/site\/#\/schema\/logo\/image\/"},"sameAs":["https:\/\/www.facebook.com\/jultimosacontecimentos\/"]},{"@type":"Person","@id":"https:\/\/juacontecimentos.com.br\/site\/#\/schema\/person\/082a54e6d3fdd7a633291428521c9669","name":"Reginaldo Ribeiro","image":{"@type":"ImageObject","inLanguage":"pt-BR","@id":"https:\/\/juacontecimentos.com.br\/site\/#\/schema\/person\/image\/","url":"https:\/\/secure.gravatar.com\/avatar\/5c16c6837c3490270a74d888c2a845728f06bdde1f8761de1de1d1d1ef82d12f?s=96&d=mm&r=g","contentUrl":"https:\/\/secure.gravatar.com\/avatar\/5c16c6837c3490270a74d888c2a845728f06bdde1f8761de1de1d1d1ef82d12f?s=96&d=mm&r=g","caption":"Reginaldo Ribeiro"}}]}},"_links":{"self":[{"href":"https:\/\/juacontecimentos.com.br\/site\/wp-json\/wp\/v2\/posts\/47284","targetHints":{"allow":["GET"]}}],"collection":[{"href":"https:\/\/juacontecimentos.com.br\/site\/wp-json\/wp\/v2\/posts"}],"about":[{"href":"https:\/\/juacontecimentos.com.br\/site\/wp-json\/wp\/v2\/types\/post"}],"author":[{"embeddable":true,"href":"https:\/\/juacontecimentos.com.br\/site\/wp-json\/wp\/v2\/users\/2"}],"replies":[{"embeddable":true,"href":"https:\/\/juacontecimentos.com.br\/site\/wp-json\/wp\/v2\/comments?post=47284"}],"version-history":[{"count":2,"href":"https:\/\/juacontecimentos.com.br\/site\/wp-json\/wp\/v2\/posts\/47284\/revisions"}],"predecessor-version":[{"id":47290,"href":"https:\/\/juacontecimentos.com.br\/site\/wp-json\/wp\/v2\/posts\/47284\/revisions\/47290"}],"wp:featuredmedia":[{"embeddable":true,"href":"https:\/\/juacontecimentos.com.br\/site\/wp-json\/wp\/v2\/media\/47291"}],"wp:attachment":[{"href":"https:\/\/juacontecimentos.com.br\/site\/wp-json\/wp\/v2\/media?parent=47284"}],"wp:term":[{"taxonomy":"category","embeddable":true,"href":"https:\/\/juacontecimentos.com.br\/site\/wp-json\/wp\/v2\/categories?post=47284"},{"taxonomy":"post_tag","embeddable":true,"href":"https:\/\/juacontecimentos.com.br\/site\/wp-json\/wp\/v2\/tags?post=47284"}],"curies":[{"name":"wp","href":"https:\/\/api.w.org\/{rel}","templated":true}]}}