{"id":47297,"date":"2025-11-27T05:50:20","date_gmt":"2025-11-27T08:50:20","guid":{"rendered":"https:\/\/juacontecimentos.com.br\/site\/?p=47297"},"modified":"2025-11-27T05:51:11","modified_gmt":"2025-11-27T08:51:11","slug":"ouvidor-curso-de-gestantes-capacita-56-futuras-maes-e-reforca-compromisso-com-a-vida","status":"publish","type":"post","link":"https:\/\/juacontecimentos.com.br\/site\/ouvidor-curso-de-gestantes-capacita-56-futuras-maes-e-reforca-compromisso-com-a-vida\/","title":{"rendered":"Ouvidor: Curso de gestantes capacita 56 futuras m\u00e3es e refor\u00e7a compromisso com a vida"},"content":{"rendered":"<p><img loading=\"lazy\" decoding=\"async\" class=\"alignnone size-full wp-image-47300\" src=\"https:\/\/juacontecimentos.com.br\/site\/wp-content\/uploads\/2025\/11\/FB_IMG_1764232289336.jpg\" alt=\"\" width=\"1066\" height=\"715\" srcset=\"https:\/\/juacontecimentos.com.br\/site\/wp-content\/uploads\/2025\/11\/FB_IMG_1764232289336.jpg 1066w, https:\/\/juacontecimentos.com.br\/site\/wp-content\/uploads\/2025\/11\/FB_IMG_1764232289336-300x201.jpg 300w, https:\/\/juacontecimentos.com.br\/site\/wp-content\/uploads\/2025\/11\/FB_IMG_1764232289336-1024x687.jpg 1024w, https:\/\/juacontecimentos.com.br\/site\/wp-content\/uploads\/2025\/11\/FB_IMG_1764232289336-768x515.jpg 768w\" sizes=\"auto, (max-width: 1066px) 100vw, 1066px\" \/><img loading=\"lazy\" decoding=\"async\" class=\"alignnone size-full wp-image-47298\" src=\"https:\/\/juacontecimentos.com.br\/site\/wp-content\/uploads\/2025\/11\/FB_IMG_1764232379318.jpg\" alt=\"\" width=\"1600\" height=\"1066\" srcset=\"https:\/\/juacontecimentos.com.br\/site\/wp-content\/uploads\/2025\/11\/FB_IMG_1764232379318.jpg 1600w, https:\/\/juacontecimentos.com.br\/site\/wp-content\/uploads\/2025\/11\/FB_IMG_1764232379318-300x200.jpg 300w, https:\/\/juacontecimentos.com.br\/site\/wp-content\/uploads\/2025\/11\/FB_IMG_1764232379318-1024x682.jpg 1024w, https:\/\/juacontecimentos.com.br\/site\/wp-content\/uploads\/2025\/11\/FB_IMG_1764232379318-768x512.jpg 768w, https:\/\/juacontecimentos.com.br\/site\/wp-content\/uploads\/2025\/11\/FB_IMG_1764232379318-1536x1023.jpg 1536w\" sizes=\"auto, (max-width: 1600px) 100vw, 1600px\" \/><\/p>\n<div>Ouvidor viveu mais uma edi\u00e7\u00e3o do tradicional Curso de Gestantes, promovido pela Prefeitura, por meio das secretarias de Sa\u00fade e Assist\u00eancia Social, com participa\u00e7\u00e3o do Centro de Refer\u00eancia de Assist\u00eancia Social (CRAS). Nos dias 24 e 25 de novembro de 2025, 56 gestantes lotaram as atividades do curso, que j\u00e1 completa 15 anos de exist\u00eancia no munic\u00edpio, buscando conhecimento, seguran\u00e7a e acolhimento para a etapa que antecede a chegada dos beb\u00eas.<\/div>\n<div><\/div>\n<div>A programa\u00e7\u00e3o, multidisciplinar e intensa, percorreu desde o pr\u00e9-natal at\u00e9 os cuidados com o rec\u00e9n-nascido, passando por temas como amamenta\u00e7\u00e3o, nutri\u00e7\u00e3o, sa\u00fade bucal e preparo emocional para o parto. O objetivo, constantemente refor\u00e7ado pela organiza\u00e7\u00e3o, \u00e9 garantir que nenhuma m\u00e3e se sinta desamparada, fortalecendo a rede de apoio local e promovendo um cuidado integral \u00e0 fam\u00edlia.<\/div>\n<div><img loading=\"lazy\" decoding=\"async\" class=\"alignnone size-full wp-image-47306\" src=\"https:\/\/juacontecimentos.com.br\/site\/wp-content\/uploads\/2025\/11\/FB_IMG_1764232309996.jpg\" alt=\"\" width=\"1600\" height=\"1066\" srcset=\"https:\/\/juacontecimentos.com.br\/site\/wp-content\/uploads\/2025\/11\/FB_IMG_1764232309996.jpg 1600w, https:\/\/juacontecimentos.com.br\/site\/wp-content\/uploads\/2025\/11\/FB_IMG_1764232309996-300x200.jpg 300w, https:\/\/juacontecimentos.com.br\/site\/wp-content\/uploads\/2025\/11\/FB_IMG_1764232309996-1024x682.jpg 1024w, https:\/\/juacontecimentos.com.br\/site\/wp-content\/uploads\/2025\/11\/FB_IMG_1764232309996-768x512.jpg 768w, https:\/\/juacontecimentos.com.br\/site\/wp-content\/uploads\/2025\/11\/FB_IMG_1764232309996-1536x1023.jpg 1536w\" sizes=\"auto, (max-width: 1600px) 100vw, 1600px\" \/><img loading=\"lazy\" decoding=\"async\" class=\"alignnone size-full wp-image-47305\" src=\"https:\/\/juacontecimentos.com.br\/site\/wp-content\/uploads\/2025\/11\/FB_IMG_1764232365297.jpg\" alt=\"\" width=\"1600\" height=\"1066\" srcset=\"https:\/\/juacontecimentos.com.br\/site\/wp-content\/uploads\/2025\/11\/FB_IMG_1764232365297.jpg 1600w, https:\/\/juacontecimentos.com.br\/site\/wp-content\/uploads\/2025\/11\/FB_IMG_1764232365297-300x200.jpg 300w, https:\/\/juacontecimentos.com.br\/site\/wp-content\/uploads\/2025\/11\/FB_IMG_1764232365297-1024x682.jpg 1024w, https:\/\/juacontecimentos.com.br\/site\/wp-content\/uploads\/2025\/11\/FB_IMG_1764232365297-768x512.jpg 768w, https:\/\/juacontecimentos.com.br\/site\/wp-content\/uploads\/2025\/11\/FB_IMG_1764232365297-1536x1023.jpg 1536w\" sizes=\"auto, (max-width: 1600px) 100vw, 1600px\" \/><\/div>\n<div><\/div>\n<div>Durante as duas manh\u00e3s de atividades, equipes das unidades de sa\u00fade de Ouvidor marcaram presen\u00e7a de modo expressivo. Destaque para o trabalho das enfermeiras Waldilene Freitas e Priscila Vieira Machado (UBSF Nelo Eg\u00eddio Balestra) e de Jordana Ribeiro Franco (UBSF Jos\u00e9 Eliseu da Silva), cuja atua\u00e7\u00e3o evidenciou a integra\u00e7\u00e3o entre os profissionais e o comprometimento com o acompanhamento cont\u00ednuo das gestantes.<\/div>\n<div><\/div>\n<div>O encerramento contou com a participa\u00e7\u00e3o de autoridades municipais. Estiveram presentes a secret\u00e1ria de Sa\u00fade, Grayce Am\u00e9lia; o vice-prefeito, Nelci C\u00e2ndido; a primeira-dama e secret\u00e1ria de Assist\u00eancia Social, Ana L\u00facia; al\u00e9m da vereadora Juliana Alves. Todos valorizaram o sucesso da a\u00e7\u00e3o e o investimento p\u00fablico na primeira inf\u00e2ncia.<\/div>\n<div><\/div>\n<div>\u201cEste curso \u00e9 um pilar do nosso compromisso com a vida em Ouvidor. Ver o brilho nos olhos de cada gestante e saber que elas sair\u00e3o daqui mais seguras e preparadas para receber seus filhos \u00e9 a maior recompensa. A parceria entre Sa\u00fade e Assist\u00eancia Social demonstra que, juntos, podemos oferecer um suporte verdadeiramente integral e humano\u201d, afirmou Nelci C\u00e2ndido, vice-prefeito.<\/div>\n<div><\/div>\n<div>\u201cAcolhimento e informa\u00e7\u00e3o s\u00e3o as chaves para uma maternidade saud\u00e1vel e feliz. Atrav\u00e9s do CRAS e da Assist\u00eancia Social, garantimos que o apoio v\u00e1 al\u00e9m das palestras, criando v\u00ednculos e uma rede de suporte que acompanhar\u00e1 essas m\u00e3es e suas fam\u00edlias. Cuidar das gestantes \u00e9 cuidar do futuro da nossa cidade\u201d, ressaltou Ana L\u00facia, primeira-dama e secret\u00e1ria de Assist\u00eancia Social.<\/div>\n<div><\/div>\n<div>A secret\u00e1ria de Sa\u00fade, Grayce Am\u00e9lia, refor\u00e7ou a import\u00e2ncia da iniciativa para fortalecer a rede de apoio \u00e0s gestantes e assegurar acolhimento e prepara\u00e7\u00e3o adequada para a chegada dos beb\u00eas. A Prefeitura destacou o compromisso com a sa\u00fade e o bem-estar materno-infantil, reafirmando a\u00e7\u00f5es que impactam diretamente a vida das fam\u00edlias ouvidorenses.<\/div>\n<div><\/div>\n<div>Em s\u00edntese, o Curso de Gestantes de Ouvidor consolida-se como uma etapa essencial na promo\u00e7\u00e3o da sa\u00fade, do acolhimento e da participa\u00e7\u00e3o comunit\u00e1ria, reafirmando o valor da primeira inf\u00e2ncia como base para o desenvolvimento sustent\u00e1vel do munic\u00edpio.<\/div>\n<div><\/div>\n<div><img loading=\"lazy\" decoding=\"async\" class=\"alignnone size-full wp-image-47312\" src=\"https:\/\/juacontecimentos.com.br\/site\/wp-content\/uploads\/2025\/11\/FB_IMG_17642322528542.jpg\" alt=\"\" width=\"1066\" height=\"693\" srcset=\"https:\/\/juacontecimentos.com.br\/site\/wp-content\/uploads\/2025\/11\/FB_IMG_17642322528542.jpg 1066w, https:\/\/juacontecimentos.com.br\/site\/wp-content\/uploads\/2025\/11\/FB_IMG_17642322528542-300x195.jpg 300w, https:\/\/juacontecimentos.com.br\/site\/wp-content\/uploads\/2025\/11\/FB_IMG_17642322528542-1024x666.jpg 1024w, https:\/\/juacontecimentos.com.br\/site\/wp-content\/uploads\/2025\/11\/FB_IMG_17642322528542-768x499.jpg 768w\" sizes=\"auto, (max-width: 1066px) 100vw, 1066px\" \/><img loading=\"lazy\" decoding=\"async\" class=\"alignnone size-full wp-image-47310\" src=\"https:\/\/juacontecimentos.com.br\/site\/wp-content\/uploads\/2025\/11\/FB_IMG_1764232299385.jpg\" alt=\"\" width=\"1066\" height=\"825\" srcset=\"https:\/\/juacontecimentos.com.br\/site\/wp-content\/uploads\/2025\/11\/FB_IMG_1764232299385.jpg 1066w, https:\/\/juacontecimentos.com.br\/site\/wp-content\/uploads\/2025\/11\/FB_IMG_1764232299385-300x232.jpg 300w, https:\/\/juacontecimentos.com.br\/site\/wp-content\/uploads\/2025\/11\/FB_IMG_1764232299385-1024x792.jpg 1024w, https:\/\/juacontecimentos.com.br\/site\/wp-content\/uploads\/2025\/11\/FB_IMG_1764232299385-768x594.jpg 768w\" sizes=\"auto, (max-width: 1066px) 100vw, 1066px\" \/><img loading=\"lazy\" decoding=\"async\" class=\"alignnone size-full wp-image-47304\" src=\"https:\/\/juacontecimentos.com.br\/site\/wp-content\/uploads\/2025\/11\/FB_IMG_1764232369493.jpg\" alt=\"\" width=\"1600\" height=\"1066\" srcset=\"https:\/\/juacontecimentos.com.br\/site\/wp-content\/uploads\/2025\/11\/FB_IMG_1764232369493.jpg 1600w, https:\/\/juacontecimentos.com.br\/site\/wp-content\/uploads\/2025\/11\/FB_IMG_1764232369493-300x200.jpg 300w, https:\/\/juacontecimentos.com.br\/site\/wp-content\/uploads\/2025\/11\/FB_IMG_1764232369493-1024x682.jpg 1024w, https:\/\/juacontecimentos.com.br\/site\/wp-content\/uploads\/2025\/11\/FB_IMG_1764232369493-768x512.jpg 768w, https:\/\/juacontecimentos.com.br\/site\/wp-content\/uploads\/2025\/11\/FB_IMG_1764232369493-1536x1023.jpg 1536w\" sizes=\"auto, (max-width: 1600px) 100vw, 1600px\" \/><img loading=\"lazy\" decoding=\"async\" class=\"alignnone size-full wp-image-47302\" src=\"https:\/\/juacontecimentos.com.br\/site\/wp-content\/uploads\/2025\/11\/FB_IMG_17642322426082.jpg\" alt=\"\" width=\"1066\" height=\"604\" srcset=\"https:\/\/juacontecimentos.com.br\/site\/wp-content\/uploads\/2025\/11\/FB_IMG_17642322426082.jpg 1066w, https:\/\/juacontecimentos.com.br\/site\/wp-content\/uploads\/2025\/11\/FB_IMG_17642322426082-300x170.jpg 300w, https:\/\/juacontecimentos.com.br\/site\/wp-content\/uploads\/2025\/11\/FB_IMG_17642322426082-1024x580.jpg 1024w, https:\/\/juacontecimentos.com.br\/site\/wp-content\/uploads\/2025\/11\/FB_IMG_17642322426082-768x435.jpg 768w\" sizes=\"auto, (max-width: 1066px) 100vw, 1066px\" \/><img loading=\"lazy\" decoding=\"async\" class=\"alignnone size-full wp-image-47301\" src=\"https:\/\/juacontecimentos.com.br\/site\/wp-content\/uploads\/2025\/11\/FB_IMG_17642322555922.jpg\" alt=\"\" width=\"1066\" height=\"720\" srcset=\"https:\/\/juacontecimentos.com.br\/site\/wp-content\/uploads\/2025\/11\/FB_IMG_17642322555922.jpg 1066w, https:\/\/juacontecimentos.com.br\/site\/wp-content\/uploads\/2025\/11\/FB_IMG_17642322555922-300x203.jpg 300w, https:\/\/juacontecimentos.com.br\/site\/wp-content\/uploads\/2025\/11\/FB_IMG_17642322555922-1024x692.jpg 1024w, https:\/\/juacontecimentos.com.br\/site\/wp-content\/uploads\/2025\/11\/FB_IMG_17642322555922-768x519.jpg 768w\" sizes=\"auto, (max-width: 1066px) 100vw, 1066px\" \/><img loading=\"lazy\" decoding=\"async\" class=\"alignnone size-full wp-image-47303\" src=\"https:\/\/juacontecimentos.com.br\/site\/wp-content\/uploads\/2025\/11\/FB_IMG_1764232326523.jpg\" alt=\"\" width=\"1600\" height=\"1066\" srcset=\"https:\/\/juacontecimentos.com.br\/site\/wp-content\/uploads\/2025\/11\/FB_IMG_1764232326523.jpg 1600w, https:\/\/juacontecimentos.com.br\/site\/wp-content\/uploads\/2025\/11\/FB_IMG_1764232326523-300x200.jpg 300w, https:\/\/juacontecimentos.com.br\/site\/wp-content\/uploads\/2025\/11\/FB_IMG_1764232326523-1024x682.jpg 1024w, https:\/\/juacontecimentos.com.br\/site\/wp-content\/uploads\/2025\/11\/FB_IMG_1764232326523-768x512.jpg 768w, https:\/\/juacontecimentos.com.br\/site\/wp-content\/uploads\/2025\/11\/FB_IMG_1764232326523-1536x1023.jpg 1536w\" sizes=\"auto, (max-width: 1600px) 100vw, 1600px\" \/><img loading=\"lazy\" decoding=\"async\" class=\"alignnone size-full wp-image-47309\" src=\"https:\/\/juacontecimentos.com.br\/site\/wp-content\/uploads\/2025\/11\/FB_IMG_1764232321960.jpg\" alt=\"\" width=\"1600\" height=\"1066\" srcset=\"https:\/\/juacontecimentos.com.br\/site\/wp-content\/uploads\/2025\/11\/FB_IMG_1764232321960.jpg 1600w, https:\/\/juacontecimentos.com.br\/site\/wp-content\/uploads\/2025\/11\/FB_IMG_1764232321960-300x200.jpg 300w, https:\/\/juacontecimentos.com.br\/site\/wp-content\/uploads\/2025\/11\/FB_IMG_1764232321960-1024x682.jpg 1024w, https:\/\/juacontecimentos.com.br\/site\/wp-content\/uploads\/2025\/11\/FB_IMG_1764232321960-768x512.jpg 768w, https:\/\/juacontecimentos.com.br\/site\/wp-content\/uploads\/2025\/11\/FB_IMG_1764232321960-1536x1023.jpg 1536w\" sizes=\"auto, (max-width: 1600px) 100vw, 1600px\" \/><img loading=\"lazy\" decoding=\"async\" class=\"alignnone size-full wp-image-47311\" src=\"https:\/\/juacontecimentos.com.br\/site\/wp-content\/uploads\/2025\/11\/FB_IMG_1764232285317.jpg\" alt=\"\" width=\"1066\" height=\"809\" srcset=\"https:\/\/juacontecimentos.com.br\/site\/wp-content\/uploads\/2025\/11\/FB_IMG_1764232285317.jpg 1066w, https:\/\/juacontecimentos.com.br\/site\/wp-content\/uploads\/2025\/11\/FB_IMG_1764232285317-300x228.jpg 300w, https:\/\/juacontecimentos.com.br\/site\/wp-content\/uploads\/2025\/11\/FB_IMG_1764232285317-1024x777.jpg 1024w, https:\/\/juacontecimentos.com.br\/site\/wp-content\/uploads\/2025\/11\/FB_IMG_1764232285317-768x583.jpg 768w\" sizes=\"auto, (max-width: 1066px) 100vw, 1066px\" \/><img loading=\"lazy\" decoding=\"async\" class=\"alignnone size-full wp-image-47317\" src=\"https:\/\/juacontecimentos.com.br\/site\/wp-content\/uploads\/2025\/11\/FB_IMG_1764232224989.jpg\" alt=\"\" width=\"1600\" height=\"1066\" srcset=\"https:\/\/juacontecimentos.com.br\/site\/wp-content\/uploads\/2025\/11\/FB_IMG_1764232224989.jpg 1600w, https:\/\/juacontecimentos.com.br\/site\/wp-content\/uploads\/2025\/11\/FB_IMG_1764232224989-300x200.jpg 300w, https:\/\/juacontecimentos.com.br\/site\/wp-content\/uploads\/2025\/11\/FB_IMG_1764232224989-1024x682.jpg 1024w, https:\/\/juacontecimentos.com.br\/site\/wp-content\/uploads\/2025\/11\/FB_IMG_1764232224989-768x512.jpg 768w, https:\/\/juacontecimentos.com.br\/site\/wp-content\/uploads\/2025\/11\/FB_IMG_1764232224989-1536x1023.jpg 1536w\" sizes=\"auto, (max-width: 1600px) 100vw, 1600px\" \/><img loading=\"lazy\" decoding=\"async\" class=\"alignnone size-full wp-image-47314\" src=\"https:\/\/juacontecimentos.com.br\/site\/wp-content\/uploads\/2025\/11\/FB_IMG_1764232220489.jpg\" alt=\"\" width=\"1600\" height=\"1066\" srcset=\"https:\/\/juacontecimentos.com.br\/site\/wp-content\/uploads\/2025\/11\/FB_IMG_1764232220489.jpg 1600w, https:\/\/juacontecimentos.com.br\/site\/wp-content\/uploads\/2025\/11\/FB_IMG_1764232220489-300x200.jpg 300w, https:\/\/juacontecimentos.com.br\/site\/wp-content\/uploads\/2025\/11\/FB_IMG_1764232220489-1024x682.jpg 1024w, https:\/\/juacontecimentos.com.br\/site\/wp-content\/uploads\/2025\/11\/FB_IMG_1764232220489-768x512.jpg 768w, https:\/\/juacontecimentos.com.br\/site\/wp-content\/uploads\/2025\/11\/FB_IMG_1764232220489-1536x1023.jpg 1536w\" sizes=\"auto, (max-width: 1600px) 100vw, 1600px\" \/><img loading=\"lazy\" decoding=\"async\" class=\"alignnone size-full wp-image-47316\" src=\"https:\/\/juacontecimentos.com.br\/site\/wp-content\/uploads\/2025\/11\/FB_IMG_1764232264858.jpg\" alt=\"\" width=\"1600\" height=\"1066\" srcset=\"https:\/\/juacontecimentos.com.br\/site\/wp-content\/uploads\/2025\/11\/FB_IMG_1764232264858.jpg 1600w, https:\/\/juacontecimentos.com.br\/site\/wp-content\/uploads\/2025\/11\/FB_IMG_1764232264858-300x200.jpg 300w, https:\/\/juacontecimentos.com.br\/site\/wp-content\/uploads\/2025\/11\/FB_IMG_1764232264858-1024x682.jpg 1024w, https:\/\/juacontecimentos.com.br\/site\/wp-content\/uploads\/2025\/11\/FB_IMG_1764232264858-768x512.jpg 768w, https:\/\/juacontecimentos.com.br\/site\/wp-content\/uploads\/2025\/11\/FB_IMG_1764232264858-1536x1023.jpg 1536w\" sizes=\"auto, (max-width: 1600px) 100vw, 1600px\" \/><img loading=\"lazy\" decoding=\"async\" class=\"alignnone size-full wp-image-47307\" src=\"https:\/\/juacontecimentos.com.br\/site\/wp-content\/uploads\/2025\/11\/FB_IMG_1764232295305.jpg\" alt=\"\" width=\"1600\" height=\"1066\" srcset=\"https:\/\/juacontecimentos.com.br\/site\/wp-content\/uploads\/2025\/11\/FB_IMG_1764232295305.jpg 1600w, https:\/\/juacontecimentos.com.br\/site\/wp-content\/uploads\/2025\/11\/FB_IMG_1764232295305-300x200.jpg 300w, https:\/\/juacontecimentos.com.br\/site\/wp-content\/uploads\/2025\/11\/FB_IMG_1764232295305-1024x682.jpg 1024w, https:\/\/juacontecimentos.com.br\/site\/wp-content\/uploads\/2025\/11\/FB_IMG_1764232295305-768x512.jpg 768w, https:\/\/juacontecimentos.com.br\/site\/wp-content\/uploads\/2025\/11\/FB_IMG_1764232295305-1536x1023.jpg 1536w\" sizes=\"auto, (max-width: 1600px) 100vw, 1600px\" \/><\/div>\n<p>&nbsp;<\/p>\n","protected":false},"excerpt":{"rendered":"<p>Ouvidor viveu mais uma edi\u00e7\u00e3o do tradicional Curso de Gestantes, promovido pela Prefeitura, por meio das secretarias de Sa\u00fade e Assist\u00eancia Social, com participa\u00e7\u00e3o do Centro de Refer\u00eancia de Assist\u00eancia Social (CRAS). Nos dias 24 e 25 de novembro de 2025, 56 gestantes lotaram as atividades do curso, que j\u00e1 completa 15 anos de exist\u00eancia<\/p>\n","protected":false},"author":2,"featured_media":47305,"comment_status":"closed","ping_status":"closed","sticky":false,"template":"","format":"standard","meta":{"footnotes":""},"categories":[27,22,26,23],"tags":[],"class_list":["post-47297","post","type-post","status-publish","format-standard","has-post-thumbnail","hentry","category-brasil","category-catalao","category-destaque","category-goias"],"yoast_head":"<!-- This site is optimized with the Yoast SEO plugin v25.8 - https:\/\/yoast.com\/wordpress\/plugins\/seo\/ -->\n<title>Ouvidor: Curso de gestantes capacita 56 futuras m\u00e3es e refor\u00e7a compromisso com a vida - Jornal Ultimos Acontecimentos<\/title>\n<meta name=\"robots\" content=\"index, follow, max-snippet:-1, max-image-preview:large, max-video-preview:-1\" \/>\n<link rel=\"canonical\" href=\"https:\/\/juacontecimentos.com.br\/site\/ouvidor-curso-de-gestantes-capacita-56-futuras-maes-e-reforca-compromisso-com-a-vida\/\" \/>\n<meta property=\"og:locale\" content=\"pt_BR\" \/>\n<meta property=\"og:type\" content=\"article\" \/>\n<meta property=\"og:title\" content=\"Ouvidor: Curso de gestantes capacita 56 futuras m\u00e3es e refor\u00e7a compromisso com a vida - Jornal Ultimos Acontecimentos\" \/>\n<meta property=\"og:description\" content=\"Ouvidor viveu mais uma edi\u00e7\u00e3o do tradicional Curso de Gestantes, promovido pela Prefeitura, por meio das secretarias de Sa\u00fade e Assist\u00eancia Social, com participa\u00e7\u00e3o do Centro de Refer\u00eancia de Assist\u00eancia Social (CRAS). Nos dias 24 e 25 de novembro de 2025, 56 gestantes lotaram as atividades do curso, que j\u00e1 completa 15 anos de exist\u00eancia\" \/>\n<meta property=\"og:url\" content=\"https:\/\/juacontecimentos.com.br\/site\/ouvidor-curso-de-gestantes-capacita-56-futuras-maes-e-reforca-compromisso-com-a-vida\/\" \/>\n<meta property=\"og:site_name\" content=\"Jornal Ultimos Acontecimentos\" \/>\n<meta property=\"article:publisher\" content=\"https:\/\/www.facebook.com\/jultimosacontecimentos\/\" \/>\n<meta property=\"article:published_time\" content=\"2025-11-27T08:50:20+00:00\" \/>\n<meta property=\"article:modified_time\" content=\"2025-11-27T08:51:11+00:00\" \/>\n<meta property=\"og:image\" content=\"https:\/\/juacontecimentos.com.br\/site\/wp-content\/uploads\/2025\/11\/FB_IMG_1764232365297.jpg\" \/>\n\t<meta property=\"og:image:width\" content=\"1600\" \/>\n\t<meta property=\"og:image:height\" content=\"1066\" \/>\n\t<meta property=\"og:image:type\" content=\"image\/jpeg\" \/>\n<meta name=\"author\" content=\"Reginaldo Ribeiro\" \/>\n<meta name=\"twitter:card\" content=\"summary_large_image\" \/>\n<meta name=\"twitter:label1\" content=\"Escrito por\" \/>\n\t<meta name=\"twitter:data1\" content=\"Reginaldo Ribeiro\" \/>\n\t<meta name=\"twitter:label2\" content=\"Est. tempo de leitura\" \/>\n\t<meta name=\"twitter:data2\" content=\"6 minutos\" \/>\n<script type=\"application\/ld+json\" class=\"yoast-schema-graph\">{\"@context\":\"https:\/\/schema.org\",\"@graph\":[{\"@type\":\"Article\",\"@id\":\"https:\/\/juacontecimentos.com.br\/site\/ouvidor-curso-de-gestantes-capacita-56-futuras-maes-e-reforca-compromisso-com-a-vida\/#article\",\"isPartOf\":{\"@id\":\"https:\/\/juacontecimentos.com.br\/site\/ouvidor-curso-de-gestantes-capacita-56-futuras-maes-e-reforca-compromisso-com-a-vida\/\"},\"author\":{\"name\":\"Reginaldo Ribeiro\",\"@id\":\"https:\/\/juacontecimentos.com.br\/site\/#\/schema\/person\/082a54e6d3fdd7a633291428521c9669\"},\"headline\":\"Ouvidor: Curso de gestantes capacita 56 futuras m\u00e3es e refor\u00e7a compromisso com a vida\",\"datePublished\":\"2025-11-27T08:50:20+00:00\",\"dateModified\":\"2025-11-27T08:51:11+00:00\",\"mainEntityOfPage\":{\"@id\":\"https:\/\/juacontecimentos.com.br\/site\/ouvidor-curso-de-gestantes-capacita-56-futuras-maes-e-reforca-compromisso-com-a-vida\/\"},\"wordCount\":525,\"publisher\":{\"@id\":\"https:\/\/juacontecimentos.com.br\/site\/#organization\"},\"image\":{\"@id\":\"https:\/\/juacontecimentos.com.br\/site\/ouvidor-curso-de-gestantes-capacita-56-futuras-maes-e-reforca-compromisso-com-a-vida\/#primaryimage\"},\"thumbnailUrl\":\"https:\/\/juacontecimentos.com.br\/site\/wp-content\/uploads\/2025\/11\/FB_IMG_1764232365297.jpg\",\"articleSection\":[\"Brasil\",\"Catal\u00e3o\",\"Destaque\",\"Goi\u00e1s\"],\"inLanguage\":\"pt-BR\"},{\"@type\":\"WebPage\",\"@id\":\"https:\/\/juacontecimentos.com.br\/site\/ouvidor-curso-de-gestantes-capacita-56-futuras-maes-e-reforca-compromisso-com-a-vida\/\",\"url\":\"https:\/\/juacontecimentos.com.br\/site\/ouvidor-curso-de-gestantes-capacita-56-futuras-maes-e-reforca-compromisso-com-a-vida\/\",\"name\":\"Ouvidor: Curso de gestantes capacita 56 futuras m\u00e3es e refor\u00e7a compromisso com a vida - Jornal Ultimos Acontecimentos\",\"isPartOf\":{\"@id\":\"https:\/\/juacontecimentos.com.br\/site\/#website\"},\"primaryImageOfPage\":{\"@id\":\"https:\/\/juacontecimentos.com.br\/site\/ouvidor-curso-de-gestantes-capacita-56-futuras-maes-e-reforca-compromisso-com-a-vida\/#primaryimage\"},\"image\":{\"@id\":\"https:\/\/juacontecimentos.com.br\/site\/ouvidor-curso-de-gestantes-capacita-56-futuras-maes-e-reforca-compromisso-com-a-vida\/#primaryimage\"},\"thumbnailUrl\":\"https:\/\/juacontecimentos.com.br\/site\/wp-content\/uploads\/2025\/11\/FB_IMG_1764232365297.jpg\",\"datePublished\":\"2025-11-27T08:50:20+00:00\",\"dateModified\":\"2025-11-27T08:51:11+00:00\",\"breadcrumb\":{\"@id\":\"https:\/\/juacontecimentos.com.br\/site\/ouvidor-curso-de-gestantes-capacita-56-futuras-maes-e-reforca-compromisso-com-a-vida\/#breadcrumb\"},\"inLanguage\":\"pt-BR\",\"potentialAction\":[{\"@type\":\"ReadAction\",\"target\":[\"https:\/\/juacontecimentos.com.br\/site\/ouvidor-curso-de-gestantes-capacita-56-futuras-maes-e-reforca-compromisso-com-a-vida\/\"]}]},{\"@type\":\"ImageObject\",\"inLanguage\":\"pt-BR\",\"@id\":\"https:\/\/juacontecimentos.com.br\/site\/ouvidor-curso-de-gestantes-capacita-56-futuras-maes-e-reforca-compromisso-com-a-vida\/#primaryimage\",\"url\":\"https:\/\/juacontecimentos.com.br\/site\/wp-content\/uploads\/2025\/11\/FB_IMG_1764232365297.jpg\",\"contentUrl\":\"https:\/\/juacontecimentos.com.br\/site\/wp-content\/uploads\/2025\/11\/FB_IMG_1764232365297.jpg\",\"width\":1600,\"height\":1066},{\"@type\":\"BreadcrumbList\",\"@id\":\"https:\/\/juacontecimentos.com.br\/site\/ouvidor-curso-de-gestantes-capacita-56-futuras-maes-e-reforca-compromisso-com-a-vida\/#breadcrumb\",\"itemListElement\":[{\"@type\":\"ListItem\",\"position\":1,\"name\":\"In\u00edcio\",\"item\":\"https:\/\/juacontecimentos.com.br\/site\/\"},{\"@type\":\"ListItem\",\"position\":2,\"name\":\"Ouvidor: Curso de gestantes capacita 56 futuras m\u00e3es e refor\u00e7a compromisso com a vida\"}]},{\"@type\":\"WebSite\",\"@id\":\"https:\/\/juacontecimentos.com.br\/site\/#website\",\"url\":\"https:\/\/juacontecimentos.com.br\/site\/\",\"name\":\"Jornal Ultimos Acontecimentos\",\"description\":\"Catal\u00e3o e regi\u00e3o\",\"publisher\":{\"@id\":\"https:\/\/juacontecimentos.com.br\/site\/#organization\"},\"potentialAction\":[{\"@type\":\"SearchAction\",\"target\":{\"@type\":\"EntryPoint\",\"urlTemplate\":\"https:\/\/juacontecimentos.com.br\/site\/?s={search_term_string}\"},\"query-input\":{\"@type\":\"PropertyValueSpecification\",\"valueRequired\":true,\"valueName\":\"search_term_string\"}}],\"inLanguage\":\"pt-BR\"},{\"@type\":\"Organization\",\"@id\":\"https:\/\/juacontecimentos.com.br\/site\/#organization\",\"name\":\"Jornal Ultimos Acontecimentos\",\"url\":\"https:\/\/juacontecimentos.com.br\/site\/\",\"logo\":{\"@type\":\"ImageObject\",\"inLanguage\":\"pt-BR\",\"@id\":\"https:\/\/juacontecimentos.com.br\/site\/#\/schema\/logo\/image\/\",\"url\":\"https:\/\/juacontecimentos.com.br\/site\/wp-content\/uploads\/2023\/04\/Logo_Site.png\",\"contentUrl\":\"https:\/\/juacontecimentos.com.br\/site\/wp-content\/uploads\/2023\/04\/Logo_Site.png\",\"width\":2476,\"height\":530,\"caption\":\"Jornal Ultimos Acontecimentos\"},\"image\":{\"@id\":\"https:\/\/juacontecimentos.com.br\/site\/#\/schema\/logo\/image\/\"},\"sameAs\":[\"https:\/\/www.facebook.com\/jultimosacontecimentos\/\"]},{\"@type\":\"Person\",\"@id\":\"https:\/\/juacontecimentos.com.br\/site\/#\/schema\/person\/082a54e6d3fdd7a633291428521c9669\",\"name\":\"Reginaldo Ribeiro\",\"image\":{\"@type\":\"ImageObject\",\"inLanguage\":\"pt-BR\",\"@id\":\"https:\/\/juacontecimentos.com.br\/site\/#\/schema\/person\/image\/\",\"url\":\"https:\/\/secure.gravatar.com\/avatar\/5c16c6837c3490270a74d888c2a845728f06bdde1f8761de1de1d1d1ef82d12f?s=96&d=mm&r=g\",\"contentUrl\":\"https:\/\/secure.gravatar.com\/avatar\/5c16c6837c3490270a74d888c2a845728f06bdde1f8761de1de1d1d1ef82d12f?s=96&d=mm&r=g\",\"caption\":\"Reginaldo Ribeiro\"}}]}<\/script>\n<!-- \/ Yoast SEO plugin. -->","yoast_head_json":{"title":"Ouvidor: Curso de gestantes capacita 56 futuras m\u00e3es e refor\u00e7a compromisso com a vida - Jornal Ultimos Acontecimentos","robots":{"index":"index","follow":"follow","max-snippet":"max-snippet:-1","max-image-preview":"max-image-preview:large","max-video-preview":"max-video-preview:-1"},"canonical":"https:\/\/juacontecimentos.com.br\/site\/ouvidor-curso-de-gestantes-capacita-56-futuras-maes-e-reforca-compromisso-com-a-vida\/","og_locale":"pt_BR","og_type":"article","og_title":"Ouvidor: Curso de gestantes capacita 56 futuras m\u00e3es e refor\u00e7a compromisso com a vida - Jornal Ultimos Acontecimentos","og_description":"Ouvidor viveu mais uma edi\u00e7\u00e3o do tradicional Curso de Gestantes, promovido pela Prefeitura, por meio das secretarias de Sa\u00fade e Assist\u00eancia Social, com participa\u00e7\u00e3o do Centro de Refer\u00eancia de Assist\u00eancia Social (CRAS). Nos dias 24 e 25 de novembro de 2025, 56 gestantes lotaram as atividades do curso, que j\u00e1 completa 15 anos de exist\u00eancia","og_url":"https:\/\/juacontecimentos.com.br\/site\/ouvidor-curso-de-gestantes-capacita-56-futuras-maes-e-reforca-compromisso-com-a-vida\/","og_site_name":"Jornal Ultimos Acontecimentos","article_publisher":"https:\/\/www.facebook.com\/jultimosacontecimentos\/","article_published_time":"2025-11-27T08:50:20+00:00","article_modified_time":"2025-11-27T08:51:11+00:00","og_image":[{"width":1600,"height":1066,"url":"https:\/\/juacontecimentos.com.br\/site\/wp-content\/uploads\/2025\/11\/FB_IMG_1764232365297.jpg","type":"image\/jpeg"}],"author":"Reginaldo Ribeiro","twitter_card":"summary_large_image","twitter_misc":{"Escrito por":"Reginaldo Ribeiro","Est. tempo de leitura":"6 minutos"},"schema":{"@context":"https:\/\/schema.org","@graph":[{"@type":"Article","@id":"https:\/\/juacontecimentos.com.br\/site\/ouvidor-curso-de-gestantes-capacita-56-futuras-maes-e-reforca-compromisso-com-a-vida\/#article","isPartOf":{"@id":"https:\/\/juacontecimentos.com.br\/site\/ouvidor-curso-de-gestantes-capacita-56-futuras-maes-e-reforca-compromisso-com-a-vida\/"},"author":{"name":"Reginaldo Ribeiro","@id":"https:\/\/juacontecimentos.com.br\/site\/#\/schema\/person\/082a54e6d3fdd7a633291428521c9669"},"headline":"Ouvidor: Curso de gestantes capacita 56 futuras m\u00e3es e refor\u00e7a compromisso com a vida","datePublished":"2025-11-27T08:50:20+00:00","dateModified":"2025-11-27T08:51:11+00:00","mainEntityOfPage":{"@id":"https:\/\/juacontecimentos.com.br\/site\/ouvidor-curso-de-gestantes-capacita-56-futuras-maes-e-reforca-compromisso-com-a-vida\/"},"wordCount":525,"publisher":{"@id":"https:\/\/juacontecimentos.com.br\/site\/#organization"},"image":{"@id":"https:\/\/juacontecimentos.com.br\/site\/ouvidor-curso-de-gestantes-capacita-56-futuras-maes-e-reforca-compromisso-com-a-vida\/#primaryimage"},"thumbnailUrl":"https:\/\/juacontecimentos.com.br\/site\/wp-content\/uploads\/2025\/11\/FB_IMG_1764232365297.jpg","articleSection":["Brasil","Catal\u00e3o","Destaque","Goi\u00e1s"],"inLanguage":"pt-BR"},{"@type":"WebPage","@id":"https:\/\/juacontecimentos.com.br\/site\/ouvidor-curso-de-gestantes-capacita-56-futuras-maes-e-reforca-compromisso-com-a-vida\/","url":"https:\/\/juacontecimentos.com.br\/site\/ouvidor-curso-de-gestantes-capacita-56-futuras-maes-e-reforca-compromisso-com-a-vida\/","name":"Ouvidor: Curso de gestantes capacita 56 futuras m\u00e3es e refor\u00e7a compromisso com a vida - Jornal Ultimos Acontecimentos","isPartOf":{"@id":"https:\/\/juacontecimentos.com.br\/site\/#website"},"primaryImageOfPage":{"@id":"https:\/\/juacontecimentos.com.br\/site\/ouvidor-curso-de-gestantes-capacita-56-futuras-maes-e-reforca-compromisso-com-a-vida\/#primaryimage"},"image":{"@id":"https:\/\/juacontecimentos.com.br\/site\/ouvidor-curso-de-gestantes-capacita-56-futuras-maes-e-reforca-compromisso-com-a-vida\/#primaryimage"},"thumbnailUrl":"https:\/\/juacontecimentos.com.br\/site\/wp-content\/uploads\/2025\/11\/FB_IMG_1764232365297.jpg","datePublished":"2025-11-27T08:50:20+00:00","dateModified":"2025-11-27T08:51:11+00:00","breadcrumb":{"@id":"https:\/\/juacontecimentos.com.br\/site\/ouvidor-curso-de-gestantes-capacita-56-futuras-maes-e-reforca-compromisso-com-a-vida\/#breadcrumb"},"inLanguage":"pt-BR","potentialAction":[{"@type":"ReadAction","target":["https:\/\/juacontecimentos.com.br\/site\/ouvidor-curso-de-gestantes-capacita-56-futuras-maes-e-reforca-compromisso-com-a-vida\/"]}]},{"@type":"ImageObject","inLanguage":"pt-BR","@id":"https:\/\/juacontecimentos.com.br\/site\/ouvidor-curso-de-gestantes-capacita-56-futuras-maes-e-reforca-compromisso-com-a-vida\/#primaryimage","url":"https:\/\/juacontecimentos.com.br\/site\/wp-content\/uploads\/2025\/11\/FB_IMG_1764232365297.jpg","contentUrl":"https:\/\/juacontecimentos.com.br\/site\/wp-content\/uploads\/2025\/11\/FB_IMG_1764232365297.jpg","width":1600,"height":1066},{"@type":"BreadcrumbList","@id":"https:\/\/juacontecimentos.com.br\/site\/ouvidor-curso-de-gestantes-capacita-56-futuras-maes-e-reforca-compromisso-com-a-vida\/#breadcrumb","itemListElement":[{"@type":"ListItem","position":1,"name":"In\u00edcio","item":"https:\/\/juacontecimentos.com.br\/site\/"},{"@type":"ListItem","position":2,"name":"Ouvidor: Curso de gestantes capacita 56 futuras m\u00e3es e refor\u00e7a compromisso com a vida"}]},{"@type":"WebSite","@id":"https:\/\/juacontecimentos.com.br\/site\/#website","url":"https:\/\/juacontecimentos.com.br\/site\/","name":"Jornal Ultimos Acontecimentos","description":"Catal\u00e3o e regi\u00e3o","publisher":{"@id":"https:\/\/juacontecimentos.com.br\/site\/#organization"},"potentialAction":[{"@type":"SearchAction","target":{"@type":"EntryPoint","urlTemplate":"https:\/\/juacontecimentos.com.br\/site\/?s={search_term_string}"},"query-input":{"@type":"PropertyValueSpecification","valueRequired":true,"valueName":"search_term_string"}}],"inLanguage":"pt-BR"},{"@type":"Organization","@id":"https:\/\/juacontecimentos.com.br\/site\/#organization","name":"Jornal Ultimos Acontecimentos","url":"https:\/\/juacontecimentos.com.br\/site\/","logo":{"@type":"ImageObject","inLanguage":"pt-BR","@id":"https:\/\/juacontecimentos.com.br\/site\/#\/schema\/logo\/image\/","url":"https:\/\/juacontecimentos.com.br\/site\/wp-content\/uploads\/2023\/04\/Logo_Site.png","contentUrl":"https:\/\/juacontecimentos.com.br\/site\/wp-content\/uploads\/2023\/04\/Logo_Site.png","width":2476,"height":530,"caption":"Jornal Ultimos Acontecimentos"},"image":{"@id":"https:\/\/juacontecimentos.com.br\/site\/#\/schema\/logo\/image\/"},"sameAs":["https:\/\/www.facebook.com\/jultimosacontecimentos\/"]},{"@type":"Person","@id":"https:\/\/juacontecimentos.com.br\/site\/#\/schema\/person\/082a54e6d3fdd7a633291428521c9669","name":"Reginaldo Ribeiro","image":{"@type":"ImageObject","inLanguage":"pt-BR","@id":"https:\/\/juacontecimentos.com.br\/site\/#\/schema\/person\/image\/","url":"https:\/\/secure.gravatar.com\/avatar\/5c16c6837c3490270a74d888c2a845728f06bdde1f8761de1de1d1d1ef82d12f?s=96&d=mm&r=g","contentUrl":"https:\/\/secure.gravatar.com\/avatar\/5c16c6837c3490270a74d888c2a845728f06bdde1f8761de1de1d1d1ef82d12f?s=96&d=mm&r=g","caption":"Reginaldo Ribeiro"}}]}},"_links":{"self":[{"href":"https:\/\/juacontecimentos.com.br\/site\/wp-json\/wp\/v2\/posts\/47297","targetHints":{"allow":["GET"]}}],"collection":[{"href":"https:\/\/juacontecimentos.com.br\/site\/wp-json\/wp\/v2\/posts"}],"about":[{"href":"https:\/\/juacontecimentos.com.br\/site\/wp-json\/wp\/v2\/types\/post"}],"author":[{"embeddable":true,"href":"https:\/\/juacontecimentos.com.br\/site\/wp-json\/wp\/v2\/users\/2"}],"replies":[{"embeddable":true,"href":"https:\/\/juacontecimentos.com.br\/site\/wp-json\/wp\/v2\/comments?post=47297"}],"version-history":[{"count":1,"href":"https:\/\/juacontecimentos.com.br\/site\/wp-json\/wp\/v2\/posts\/47297\/revisions"}],"predecessor-version":[{"id":47322,"href":"https:\/\/juacontecimentos.com.br\/site\/wp-json\/wp\/v2\/posts\/47297\/revisions\/47322"}],"wp:featuredmedia":[{"embeddable":true,"href":"https:\/\/juacontecimentos.com.br\/site\/wp-json\/wp\/v2\/media\/47305"}],"wp:attachment":[{"href":"https:\/\/juacontecimentos.com.br\/site\/wp-json\/wp\/v2\/media?parent=47297"}],"wp:term":[{"taxonomy":"category","embeddable":true,"href":"https:\/\/juacontecimentos.com.br\/site\/wp-json\/wp\/v2\/categories?post=47297"},{"taxonomy":"post_tag","embeddable":true,"href":"https:\/\/juacontecimentos.com.br\/site\/wp-json\/wp\/v2\/tags?post=47297"}],"curies":[{"name":"wp","href":"https:\/\/api.w.org\/{rel}","templated":true}]}}