{"id":47346,"date":"2025-11-29T06:00:40","date_gmt":"2025-11-29T09:00:40","guid":{"rendered":"https:\/\/juacontecimentos.com.br\/site\/?p=47346"},"modified":"2025-11-29T06:00:40","modified_gmt":"2025-11-29T09:00:40","slug":"exposicao-de-telas-do-scfv-de-ouvidor-celebra-talento-e-fortalecimento-de-vinculos","status":"publish","type":"post","link":"https:\/\/juacontecimentos.com.br\/site\/exposicao-de-telas-do-scfv-de-ouvidor-celebra-talento-e-fortalecimento-de-vinculos\/","title":{"rendered":"Exposi\u00e7\u00e3o de Telas do SCFV de Ouvidor celebra talento e fortalecimento de v\u00ednculos"},"content":{"rendered":"<p><img loading=\"lazy\" decoding=\"async\" class=\"alignnone size-full wp-image-47347\" src=\"https:\/\/juacontecimentos.com.br\/site\/wp-content\/uploads\/2025\/11\/FB_IMG_1764406095187.jpg\" alt=\"\" width=\"1600\" height=\"1066\" srcset=\"https:\/\/juacontecimentos.com.br\/site\/wp-content\/uploads\/2025\/11\/FB_IMG_1764406095187.jpg 1600w, https:\/\/juacontecimentos.com.br\/site\/wp-content\/uploads\/2025\/11\/FB_IMG_1764406095187-300x200.jpg 300w, https:\/\/juacontecimentos.com.br\/site\/wp-content\/uploads\/2025\/11\/FB_IMG_1764406095187-1024x682.jpg 1024w, https:\/\/juacontecimentos.com.br\/site\/wp-content\/uploads\/2025\/11\/FB_IMG_1764406095187-768x512.jpg 768w, https:\/\/juacontecimentos.com.br\/site\/wp-content\/uploads\/2025\/11\/FB_IMG_1764406095187-1536x1023.jpg 1536w\" sizes=\"auto, (max-width: 1600px) 100vw, 1600px\" \/> <img loading=\"lazy\" decoding=\"async\" class=\"alignnone size-full wp-image-47348\" src=\"https:\/\/juacontecimentos.com.br\/site\/wp-content\/uploads\/2025\/11\/FB_IMG_1764406057199.jpg\" alt=\"\" width=\"1600\" height=\"1066\" srcset=\"https:\/\/juacontecimentos.com.br\/site\/wp-content\/uploads\/2025\/11\/FB_IMG_1764406057199.jpg 1600w, https:\/\/juacontecimentos.com.br\/site\/wp-content\/uploads\/2025\/11\/FB_IMG_1764406057199-300x200.jpg 300w, https:\/\/juacontecimentos.com.br\/site\/wp-content\/uploads\/2025\/11\/FB_IMG_1764406057199-1024x682.jpg 1024w, https:\/\/juacontecimentos.com.br\/site\/wp-content\/uploads\/2025\/11\/FB_IMG_1764406057199-768x512.jpg 768w, https:\/\/juacontecimentos.com.br\/site\/wp-content\/uploads\/2025\/11\/FB_IMG_1764406057199-1536x1023.jpg 1536w\" sizes=\"auto, (max-width: 1600px) 100vw, 1600px\" \/><\/p>\n<p>Nesta sexta-feira (28), conforme planejado, o Servi\u00e7o de Conviv\u00eancia e Fortalecimento de V\u00ednculos (SCFV) de Ouvidor abriu as portas da Pra\u00e7a da Esta\u00e7\u00e3o, em frente \u00e0 Biblioteca Municipal, para a emocionante exposi\u00e7\u00e3o de telas que encerra as atividades art\u00edsticas dos participantes. O evento marcou um momento de orgulho para a comunidade e refor\u00e7ou o compromisso da gest\u00e3o municipal com o bem-estar e o desenvolvimento social do munic\u00edpio.<\/p>\n<p><img loading=\"lazy\" decoding=\"async\" class=\"alignnone size-full wp-image-47349\" src=\"https:\/\/juacontecimentos.com.br\/site\/wp-content\/uploads\/2025\/11\/FB_IMG_1764406070229.jpg\" alt=\"\" width=\"1600\" height=\"1066\" srcset=\"https:\/\/juacontecimentos.com.br\/site\/wp-content\/uploads\/2025\/11\/FB_IMG_1764406070229.jpg 1600w, https:\/\/juacontecimentos.com.br\/site\/wp-content\/uploads\/2025\/11\/FB_IMG_1764406070229-300x200.jpg 300w, https:\/\/juacontecimentos.com.br\/site\/wp-content\/uploads\/2025\/11\/FB_IMG_1764406070229-1024x682.jpg 1024w, https:\/\/juacontecimentos.com.br\/site\/wp-content\/uploads\/2025\/11\/FB_IMG_1764406070229-768x512.jpg 768w, https:\/\/juacontecimentos.com.br\/site\/wp-content\/uploads\/2025\/11\/FB_IMG_1764406070229-1536x1023.jpg 1536w\" sizes=\"auto, (max-width: 1600px) 100vw, 1600px\" \/> <img loading=\"lazy\" decoding=\"async\" class=\"alignnone size-full wp-image-47350\" src=\"https:\/\/juacontecimentos.com.br\/site\/wp-content\/uploads\/2025\/11\/FB_IMG_1764406079994.jpg\" alt=\"\" width=\"1600\" height=\"1066\" srcset=\"https:\/\/juacontecimentos.com.br\/site\/wp-content\/uploads\/2025\/11\/FB_IMG_1764406079994.jpg 1600w, https:\/\/juacontecimentos.com.br\/site\/wp-content\/uploads\/2025\/11\/FB_IMG_1764406079994-300x200.jpg 300w, https:\/\/juacontecimentos.com.br\/site\/wp-content\/uploads\/2025\/11\/FB_IMG_1764406079994-1024x682.jpg 1024w, https:\/\/juacontecimentos.com.br\/site\/wp-content\/uploads\/2025\/11\/FB_IMG_1764406079994-768x512.jpg 768w, https:\/\/juacontecimentos.com.br\/site\/wp-content\/uploads\/2025\/11\/FB_IMG_1764406079994-1536x1023.jpg 1536w\" sizes=\"auto, (max-width: 1600px) 100vw, 1600px\" \/> <img loading=\"lazy\" decoding=\"async\" class=\"alignnone size-full wp-image-47351\" src=\"https:\/\/juacontecimentos.com.br\/site\/wp-content\/uploads\/2025\/11\/FB_IMG_1764406143671.jpg\" alt=\"\" width=\"1600\" height=\"1066\" srcset=\"https:\/\/juacontecimentos.com.br\/site\/wp-content\/uploads\/2025\/11\/FB_IMG_1764406143671.jpg 1600w, https:\/\/juacontecimentos.com.br\/site\/wp-content\/uploads\/2025\/11\/FB_IMG_1764406143671-300x200.jpg 300w, https:\/\/juacontecimentos.com.br\/site\/wp-content\/uploads\/2025\/11\/FB_IMG_1764406143671-1024x682.jpg 1024w, https:\/\/juacontecimentos.com.br\/site\/wp-content\/uploads\/2025\/11\/FB_IMG_1764406143671-768x512.jpg 768w, https:\/\/juacontecimentos.com.br\/site\/wp-content\/uploads\/2025\/11\/FB_IMG_1764406143671-1536x1023.jpg 1536w\" sizes=\"auto, (max-width: 1600px) 100vw, 1600px\" \/><\/p>\n<p>A mostra reuniu trabalhos de crian\u00e7as, adolescentes e idosos atendidos pelo SCFV, evidenciando o potencial criativo e a dedica\u00e7\u00e3o dos alunos. Cada tela contou uma hist\u00f3ria de ritmo, cor e express\u00e3o, refletindo o esfor\u00e7o de quem participa do programa e a qualidade do trabalho desenvolvido ao longo do ano. O encerramento das atividades art\u00edsticas ganhou contornos de celebra\u00e7\u00e3o, com a presen\u00e7a de familiares, alunos e t\u00e9cnicos envolvidos, al\u00e9m de representantes da administra\u00e7\u00e3o p\u00fablica.<\/p>\n<p>Diversas autoridades locais prestigiaram a ocasi\u00e3o, incluindo o vice-prefeito Nelci C\u00e2ndido e v\u00e1rios secret\u00e1rios municipais, que destacaram o engajamento do poder p\u00fablico com iniciativas voltadas \u00e0 inclus\u00e3o social e \u00e0 melhoria da qualidade de vida da popula\u00e7\u00e3o. A presen\u00e7a de representantes da gest\u00e3o refor\u00e7ou o compromisso com a\u00e7\u00f5es que valorizam a cultura e fortalecem v\u00ednculos comunit\u00e1rios, pilares centrais das pol\u00edticas municipais para Ouvidor.<\/p>\n<p>A coordenadora do SCFV, Adriana Augusto, manifestou profunda gratid\u00e3o pelo apoio recebido: &#8220;\u00c9 com imensa alegria que vemos o resultado do trabalho dos nossos participantes exposto para toda a comunidade. Agrade\u00e7o, em nome de toda a equipe e dos alunos, \u00e0 gest\u00e3o municipal pelo suporte e pela confian\u00e7a cont\u00ednua em nosso programa. Sem esse respaldo, a realiza\u00e7\u00e3o de eventos como este n\u00e3o seria poss\u00edvel, e o sorriso no rosto de cada um dos nossos assistidos \u00e9 a maior recompensa.&#8221;<\/p>\n<p>Tamb\u00e9m comentou o vice-prefeitoNelci C\u00e2ndido, que acumula a fun\u00e7\u00e3o de Secret\u00e1rio Municipal de Obras, Servi\u00e7os P\u00fablicos e Habita\u00e7\u00e3o: &#8220;A arte e a cultura s\u00e3o ferramentas poderosas de transforma\u00e7\u00e3o social. Ver o talento da nossa gente em cada tela exposta refor\u00e7a o compromisso da nossa administra\u00e7\u00e3o em investir em programas que cuidam da nossa popula\u00e7\u00e3o, desde as crian\u00e7as at\u00e9 os idosos. Estamos juntos nesta miss\u00e3o de construir um futuro com mais oportunidades e qualidade de vida para todos os ouvidorenses.&#8221;<\/p>\n<p>A prefeitura de Ouvidor segue investindo em infraestrutura urbana e em programas sociais, com informa\u00e7\u00f5es detalhadas dispon\u00edveis em seus canais oficiais e redes sociais, incluindo o perfil no Instagram, a p\u00e1gina no Facebook e o site oficial. A exposi\u00e7\u00e3o, que chegou ao fim, deixa um legado de participa\u00e7\u00e3o comunit\u00e1ria, valoriza\u00e7\u00e3o da arte local e o fortalecimento de v\u00ednculos que prometem continuar rendendo frutos para a cidade.<\/p>\n<p><img loading=\"lazy\" decoding=\"async\" class=\"alignnone size-full wp-image-47352\" src=\"https:\/\/juacontecimentos.com.br\/site\/wp-content\/uploads\/2025\/11\/FB_IMG_1764406047359.jpg\" alt=\"\" width=\"1600\" height=\"1066\" srcset=\"https:\/\/juacontecimentos.com.br\/site\/wp-content\/uploads\/2025\/11\/FB_IMG_1764406047359.jpg 1600w, https:\/\/juacontecimentos.com.br\/site\/wp-content\/uploads\/2025\/11\/FB_IMG_1764406047359-300x200.jpg 300w, https:\/\/juacontecimentos.com.br\/site\/wp-content\/uploads\/2025\/11\/FB_IMG_1764406047359-1024x682.jpg 1024w, https:\/\/juacontecimentos.com.br\/site\/wp-content\/uploads\/2025\/11\/FB_IMG_1764406047359-768x512.jpg 768w, https:\/\/juacontecimentos.com.br\/site\/wp-content\/uploads\/2025\/11\/FB_IMG_1764406047359-1536x1023.jpg 1536w\" sizes=\"auto, (max-width: 1600px) 100vw, 1600px\" \/> <img loading=\"lazy\" decoding=\"async\" class=\"alignnone size-full wp-image-47353\" src=\"https:\/\/juacontecimentos.com.br\/site\/wp-content\/uploads\/2025\/11\/FB_IMG_1764406042892.jpg\" alt=\"\" width=\"1600\" height=\"1066\" srcset=\"https:\/\/juacontecimentos.com.br\/site\/wp-content\/uploads\/2025\/11\/FB_IMG_1764406042892.jpg 1600w, https:\/\/juacontecimentos.com.br\/site\/wp-content\/uploads\/2025\/11\/FB_IMG_1764406042892-300x200.jpg 300w, https:\/\/juacontecimentos.com.br\/site\/wp-content\/uploads\/2025\/11\/FB_IMG_1764406042892-1024x682.jpg 1024w, https:\/\/juacontecimentos.com.br\/site\/wp-content\/uploads\/2025\/11\/FB_IMG_1764406042892-768x512.jpg 768w, https:\/\/juacontecimentos.com.br\/site\/wp-content\/uploads\/2025\/11\/FB_IMG_1764406042892-1536x1023.jpg 1536w\" sizes=\"auto, (max-width: 1600px) 100vw, 1600px\" \/> <img loading=\"lazy\" decoding=\"async\" class=\"alignnone size-full wp-image-47354\" src=\"https:\/\/juacontecimentos.com.br\/site\/wp-content\/uploads\/2025\/11\/FB_IMG_1764406051996.jpg\" alt=\"\" width=\"1600\" height=\"1066\" srcset=\"https:\/\/juacontecimentos.com.br\/site\/wp-content\/uploads\/2025\/11\/FB_IMG_1764406051996.jpg 1600w, https:\/\/juacontecimentos.com.br\/site\/wp-content\/uploads\/2025\/11\/FB_IMG_1764406051996-300x200.jpg 300w, https:\/\/juacontecimentos.com.br\/site\/wp-content\/uploads\/2025\/11\/FB_IMG_1764406051996-1024x682.jpg 1024w, https:\/\/juacontecimentos.com.br\/site\/wp-content\/uploads\/2025\/11\/FB_IMG_1764406051996-768x512.jpg 768w, https:\/\/juacontecimentos.com.br\/site\/wp-content\/uploads\/2025\/11\/FB_IMG_1764406051996-1536x1023.jpg 1536w\" sizes=\"auto, (max-width: 1600px) 100vw, 1600px\" \/> <img loading=\"lazy\" decoding=\"async\" class=\"alignnone size-full wp-image-47355\" src=\"https:\/\/juacontecimentos.com.br\/site\/wp-content\/uploads\/2025\/11\/FB_IMG_1764406091572.jpg\" alt=\"\" width=\"1600\" height=\"1066\" srcset=\"https:\/\/juacontecimentos.com.br\/site\/wp-content\/uploads\/2025\/11\/FB_IMG_1764406091572.jpg 1600w, https:\/\/juacontecimentos.com.br\/site\/wp-content\/uploads\/2025\/11\/FB_IMG_1764406091572-300x200.jpg 300w, https:\/\/juacontecimentos.com.br\/site\/wp-content\/uploads\/2025\/11\/FB_IMG_1764406091572-1024x682.jpg 1024w, https:\/\/juacontecimentos.com.br\/site\/wp-content\/uploads\/2025\/11\/FB_IMG_1764406091572-768x512.jpg 768w, https:\/\/juacontecimentos.com.br\/site\/wp-content\/uploads\/2025\/11\/FB_IMG_1764406091572-1536x1023.jpg 1536w\" sizes=\"auto, (max-width: 1600px) 100vw, 1600px\" \/> <img loading=\"lazy\" decoding=\"async\" class=\"alignnone size-full wp-image-47357\" src=\"https:\/\/juacontecimentos.com.br\/site\/wp-content\/uploads\/2025\/11\/FB_IMG_1764406117189.jpg\" alt=\"\" width=\"1066\" height=\"743\" srcset=\"https:\/\/juacontecimentos.com.br\/site\/wp-content\/uploads\/2025\/11\/FB_IMG_1764406117189.jpg 1066w, https:\/\/juacontecimentos.com.br\/site\/wp-content\/uploads\/2025\/11\/FB_IMG_1764406117189-300x209.jpg 300w, https:\/\/juacontecimentos.com.br\/site\/wp-content\/uploads\/2025\/11\/FB_IMG_1764406117189-1024x714.jpg 1024w, https:\/\/juacontecimentos.com.br\/site\/wp-content\/uploads\/2025\/11\/FB_IMG_1764406117189-768x535.jpg 768w\" sizes=\"auto, (max-width: 1066px) 100vw, 1066px\" \/> <img loading=\"lazy\" decoding=\"async\" class=\"alignnone size-full wp-image-47359\" src=\"https:\/\/juacontecimentos.com.br\/site\/wp-content\/uploads\/2025\/11\/FB_IMG_1764406064998.jpg\" alt=\"\" width=\"1600\" height=\"1066\" srcset=\"https:\/\/juacontecimentos.com.br\/site\/wp-content\/uploads\/2025\/11\/FB_IMG_1764406064998.jpg 1600w, https:\/\/juacontecimentos.com.br\/site\/wp-content\/uploads\/2025\/11\/FB_IMG_1764406064998-300x200.jpg 300w, https:\/\/juacontecimentos.com.br\/site\/wp-content\/uploads\/2025\/11\/FB_IMG_1764406064998-1024x682.jpg 1024w, https:\/\/juacontecimentos.com.br\/site\/wp-content\/uploads\/2025\/11\/FB_IMG_1764406064998-768x512.jpg 768w, https:\/\/juacontecimentos.com.br\/site\/wp-content\/uploads\/2025\/11\/FB_IMG_1764406064998-1536x1023.jpg 1536w\" sizes=\"auto, (max-width: 1600px) 100vw, 1600px\" \/> <img loading=\"lazy\" decoding=\"async\" class=\"alignnone size-full wp-image-47361\" src=\"https:\/\/juacontecimentos.com.br\/site\/wp-content\/uploads\/2025\/11\/FB_IMG_1764406150199.jpg\" alt=\"\" width=\"1600\" height=\"1066\" srcset=\"https:\/\/juacontecimentos.com.br\/site\/wp-content\/uploads\/2025\/11\/FB_IMG_1764406150199.jpg 1600w, https:\/\/juacontecimentos.com.br\/site\/wp-content\/uploads\/2025\/11\/FB_IMG_1764406150199-300x200.jpg 300w, https:\/\/juacontecimentos.com.br\/site\/wp-content\/uploads\/2025\/11\/FB_IMG_1764406150199-1024x682.jpg 1024w, https:\/\/juacontecimentos.com.br\/site\/wp-content\/uploads\/2025\/11\/FB_IMG_1764406150199-768x512.jpg 768w, https:\/\/juacontecimentos.com.br\/site\/wp-content\/uploads\/2025\/11\/FB_IMG_1764406150199-1536x1023.jpg 1536w\" sizes=\"auto, (max-width: 1600px) 100vw, 1600px\" \/> <img loading=\"lazy\" decoding=\"async\" class=\"alignnone size-full wp-image-47362\" src=\"https:\/\/juacontecimentos.com.br\/site\/wp-content\/uploads\/2025\/11\/FB_IMG_1764406122135.jpg\" alt=\"\" width=\"1600\" height=\"1066\" srcset=\"https:\/\/juacontecimentos.com.br\/site\/wp-content\/uploads\/2025\/11\/FB_IMG_1764406122135.jpg 1600w, https:\/\/juacontecimentos.com.br\/site\/wp-content\/uploads\/2025\/11\/FB_IMG_1764406122135-300x200.jpg 300w, https:\/\/juacontecimentos.com.br\/site\/wp-content\/uploads\/2025\/11\/FB_IMG_1764406122135-1024x682.jpg 1024w, https:\/\/juacontecimentos.com.br\/site\/wp-content\/uploads\/2025\/11\/FB_IMG_1764406122135-768x512.jpg 768w, https:\/\/juacontecimentos.com.br\/site\/wp-content\/uploads\/2025\/11\/FB_IMG_1764406122135-1536x1023.jpg 1536w\" sizes=\"auto, (max-width: 1600px) 100vw, 1600px\" \/> <img loading=\"lazy\" decoding=\"async\" class=\"alignnone size-full wp-image-47363\" src=\"https:\/\/juacontecimentos.com.br\/site\/wp-content\/uploads\/2025\/11\/FB_IMG_1764406127211.jpg\" alt=\"\" width=\"1600\" height=\"1066\" srcset=\"https:\/\/juacontecimentos.com.br\/site\/wp-content\/uploads\/2025\/11\/FB_IMG_1764406127211.jpg 1600w, https:\/\/juacontecimentos.com.br\/site\/wp-content\/uploads\/2025\/11\/FB_IMG_1764406127211-300x200.jpg 300w, https:\/\/juacontecimentos.com.br\/site\/wp-content\/uploads\/2025\/11\/FB_IMG_1764406127211-1024x682.jpg 1024w, https:\/\/juacontecimentos.com.br\/site\/wp-content\/uploads\/2025\/11\/FB_IMG_1764406127211-768x512.jpg 768w, https:\/\/juacontecimentos.com.br\/site\/wp-content\/uploads\/2025\/11\/FB_IMG_1764406127211-1536x1023.jpg 1536w\" sizes=\"auto, (max-width: 1600px) 100vw, 1600px\" \/> <img loading=\"lazy\" decoding=\"async\" class=\"alignnone size-full wp-image-47364\" src=\"https:\/\/juacontecimentos.com.br\/site\/wp-content\/uploads\/2025\/11\/FB_IMG_1764406135327.jpg\" alt=\"\" width=\"1066\" height=\"855\" srcset=\"https:\/\/juacontecimentos.com.br\/site\/wp-content\/uploads\/2025\/11\/FB_IMG_1764406135327.jpg 1066w, https:\/\/juacontecimentos.com.br\/site\/wp-content\/uploads\/2025\/11\/FB_IMG_1764406135327-300x241.jpg 300w, https:\/\/juacontecimentos.com.br\/site\/wp-content\/uploads\/2025\/11\/FB_IMG_1764406135327-1024x821.jpg 1024w, https:\/\/juacontecimentos.com.br\/site\/wp-content\/uploads\/2025\/11\/FB_IMG_1764406135327-768x616.jpg 768w\" sizes=\"auto, (max-width: 1066px) 100vw, 1066px\" \/> <img loading=\"lazy\" decoding=\"async\" class=\"alignnone size-full wp-image-47365\" src=\"https:\/\/juacontecimentos.com.br\/site\/wp-content\/uploads\/2025\/11\/FB_IMG_1764406140000.jpg\" alt=\"\" width=\"1600\" height=\"1066\" srcset=\"https:\/\/juacontecimentos.com.br\/site\/wp-content\/uploads\/2025\/11\/FB_IMG_1764406140000.jpg 1600w, https:\/\/juacontecimentos.com.br\/site\/wp-content\/uploads\/2025\/11\/FB_IMG_1764406140000-300x200.jpg 300w, https:\/\/juacontecimentos.com.br\/site\/wp-content\/uploads\/2025\/11\/FB_IMG_1764406140000-1024x682.jpg 1024w, https:\/\/juacontecimentos.com.br\/site\/wp-content\/uploads\/2025\/11\/FB_IMG_1764406140000-768x512.jpg 768w, https:\/\/juacontecimentos.com.br\/site\/wp-content\/uploads\/2025\/11\/FB_IMG_1764406140000-1536x1023.jpg 1536w\" sizes=\"auto, (max-width: 1600px) 100vw, 1600px\" \/> <img loading=\"lazy\" decoding=\"async\" class=\"alignnone size-full wp-image-47366\" src=\"https:\/\/juacontecimentos.com.br\/site\/wp-content\/uploads\/2025\/11\/FB_IMG_1764406085417.jpg\" alt=\"\" width=\"1600\" height=\"1066\" srcset=\"https:\/\/juacontecimentos.com.br\/site\/wp-content\/uploads\/2025\/11\/FB_IMG_1764406085417.jpg 1600w, https:\/\/juacontecimentos.com.br\/site\/wp-content\/uploads\/2025\/11\/FB_IMG_1764406085417-300x200.jpg 300w, https:\/\/juacontecimentos.com.br\/site\/wp-content\/uploads\/2025\/11\/FB_IMG_1764406085417-1024x682.jpg 1024w, https:\/\/juacontecimentos.com.br\/site\/wp-content\/uploads\/2025\/11\/FB_IMG_1764406085417-768x512.jpg 768w, https:\/\/juacontecimentos.com.br\/site\/wp-content\/uploads\/2025\/11\/FB_IMG_1764406085417-1536x1023.jpg 1536w\" sizes=\"auto, (max-width: 1600px) 100vw, 1600px\" \/><\/p>\n","protected":false},"excerpt":{"rendered":"<p>Nesta sexta-feira (28), conforme planejado, o Servi\u00e7o de Conviv\u00eancia e Fortalecimento de V\u00ednculos (SCFV) de Ouvidor abriu as portas da Pra\u00e7a da Esta\u00e7\u00e3o, em frente \u00e0 Biblioteca Municipal, para a emocionante exposi\u00e7\u00e3o de telas que encerra as atividades art\u00edsticas dos participantes. O evento marcou um momento de orgulho para a comunidade e refor\u00e7ou o compromisso<\/p>\n","protected":false},"author":2,"featured_media":47347,"comment_status":"closed","ping_status":"closed","sticky":false,"template":"","format":"standard","meta":{"footnotes":""},"categories":[27,22,26,23],"tags":[],"class_list":["post-47346","post","type-post","status-publish","format-standard","has-post-thumbnail","hentry","category-brasil","category-catalao","category-destaque","category-goias"],"yoast_head":"<!-- This site is optimized with the Yoast SEO plugin v25.8 - https:\/\/yoast.com\/wordpress\/plugins\/seo\/ -->\n<title>Exposi\u00e7\u00e3o de Telas do SCFV de Ouvidor celebra talento e fortalecimento de v\u00ednculos - Jornal Ultimos Acontecimentos<\/title>\n<meta name=\"robots\" content=\"index, follow, max-snippet:-1, max-image-preview:large, max-video-preview:-1\" \/>\n<link rel=\"canonical\" href=\"https:\/\/juacontecimentos.com.br\/site\/exposicao-de-telas-do-scfv-de-ouvidor-celebra-talento-e-fortalecimento-de-vinculos\/\" \/>\n<meta property=\"og:locale\" content=\"pt_BR\" \/>\n<meta property=\"og:type\" content=\"article\" \/>\n<meta property=\"og:title\" content=\"Exposi\u00e7\u00e3o de Telas do SCFV de Ouvidor celebra talento e fortalecimento de v\u00ednculos - Jornal Ultimos Acontecimentos\" \/>\n<meta property=\"og:description\" content=\"Nesta sexta-feira (28), conforme planejado, o Servi\u00e7o de Conviv\u00eancia e Fortalecimento de V\u00ednculos (SCFV) de Ouvidor abriu as portas da Pra\u00e7a da Esta\u00e7\u00e3o, em frente \u00e0 Biblioteca Municipal, para a emocionante exposi\u00e7\u00e3o de telas que encerra as atividades art\u00edsticas dos participantes. O evento marcou um momento de orgulho para a comunidade e refor\u00e7ou o compromisso\" \/>\n<meta property=\"og:url\" content=\"https:\/\/juacontecimentos.com.br\/site\/exposicao-de-telas-do-scfv-de-ouvidor-celebra-talento-e-fortalecimento-de-vinculos\/\" \/>\n<meta property=\"og:site_name\" content=\"Jornal Ultimos Acontecimentos\" \/>\n<meta property=\"article:publisher\" content=\"https:\/\/www.facebook.com\/jultimosacontecimentos\/\" \/>\n<meta property=\"article:published_time\" content=\"2025-11-29T09:00:40+00:00\" \/>\n<meta property=\"og:image\" content=\"https:\/\/juacontecimentos.com.br\/site\/wp-content\/uploads\/2025\/11\/FB_IMG_1764406095187.jpg\" \/>\n\t<meta property=\"og:image:width\" content=\"1600\" \/>\n\t<meta property=\"og:image:height\" content=\"1066\" \/>\n\t<meta property=\"og:image:type\" content=\"image\/jpeg\" \/>\n<meta name=\"author\" content=\"Reginaldo Ribeiro\" \/>\n<meta name=\"twitter:card\" content=\"summary_large_image\" \/>\n<meta name=\"twitter:label1\" content=\"Escrito por\" \/>\n\t<meta name=\"twitter:data1\" content=\"Reginaldo Ribeiro\" \/>\n\t<meta name=\"twitter:label2\" content=\"Est. tempo de leitura\" \/>\n\t<meta name=\"twitter:data2\" content=\"6 minutos\" \/>\n<script type=\"application\/ld+json\" class=\"yoast-schema-graph\">{\"@context\":\"https:\/\/schema.org\",\"@graph\":[{\"@type\":\"Article\",\"@id\":\"https:\/\/juacontecimentos.com.br\/site\/exposicao-de-telas-do-scfv-de-ouvidor-celebra-talento-e-fortalecimento-de-vinculos\/#article\",\"isPartOf\":{\"@id\":\"https:\/\/juacontecimentos.com.br\/site\/exposicao-de-telas-do-scfv-de-ouvidor-celebra-talento-e-fortalecimento-de-vinculos\/\"},\"author\":{\"name\":\"Reginaldo Ribeiro\",\"@id\":\"https:\/\/juacontecimentos.com.br\/site\/#\/schema\/person\/082a54e6d3fdd7a633291428521c9669\"},\"headline\":\"Exposi\u00e7\u00e3o de Telas do SCFV de Ouvidor celebra talento e fortalecimento de v\u00ednculos\",\"datePublished\":\"2025-11-29T09:00:40+00:00\",\"mainEntityOfPage\":{\"@id\":\"https:\/\/juacontecimentos.com.br\/site\/exposicao-de-telas-do-scfv-de-ouvidor-celebra-talento-e-fortalecimento-de-vinculos\/\"},\"wordCount\":501,\"publisher\":{\"@id\":\"https:\/\/juacontecimentos.com.br\/site\/#organization\"},\"image\":{\"@id\":\"https:\/\/juacontecimentos.com.br\/site\/exposicao-de-telas-do-scfv-de-ouvidor-celebra-talento-e-fortalecimento-de-vinculos\/#primaryimage\"},\"thumbnailUrl\":\"https:\/\/juacontecimentos.com.br\/site\/wp-content\/uploads\/2025\/11\/FB_IMG_1764406095187.jpg\",\"articleSection\":[\"Brasil\",\"Catal\u00e3o\",\"Destaque\",\"Goi\u00e1s\"],\"inLanguage\":\"pt-BR\"},{\"@type\":\"WebPage\",\"@id\":\"https:\/\/juacontecimentos.com.br\/site\/exposicao-de-telas-do-scfv-de-ouvidor-celebra-talento-e-fortalecimento-de-vinculos\/\",\"url\":\"https:\/\/juacontecimentos.com.br\/site\/exposicao-de-telas-do-scfv-de-ouvidor-celebra-talento-e-fortalecimento-de-vinculos\/\",\"name\":\"Exposi\u00e7\u00e3o de Telas do SCFV de Ouvidor celebra talento e fortalecimento de v\u00ednculos - Jornal Ultimos Acontecimentos\",\"isPartOf\":{\"@id\":\"https:\/\/juacontecimentos.com.br\/site\/#website\"},\"primaryImageOfPage\":{\"@id\":\"https:\/\/juacontecimentos.com.br\/site\/exposicao-de-telas-do-scfv-de-ouvidor-celebra-talento-e-fortalecimento-de-vinculos\/#primaryimage\"},\"image\":{\"@id\":\"https:\/\/juacontecimentos.com.br\/site\/exposicao-de-telas-do-scfv-de-ouvidor-celebra-talento-e-fortalecimento-de-vinculos\/#primaryimage\"},\"thumbnailUrl\":\"https:\/\/juacontecimentos.com.br\/site\/wp-content\/uploads\/2025\/11\/FB_IMG_1764406095187.jpg\",\"datePublished\":\"2025-11-29T09:00:40+00:00\",\"breadcrumb\":{\"@id\":\"https:\/\/juacontecimentos.com.br\/site\/exposicao-de-telas-do-scfv-de-ouvidor-celebra-talento-e-fortalecimento-de-vinculos\/#breadcrumb\"},\"inLanguage\":\"pt-BR\",\"potentialAction\":[{\"@type\":\"ReadAction\",\"target\":[\"https:\/\/juacontecimentos.com.br\/site\/exposicao-de-telas-do-scfv-de-ouvidor-celebra-talento-e-fortalecimento-de-vinculos\/\"]}]},{\"@type\":\"ImageObject\",\"inLanguage\":\"pt-BR\",\"@id\":\"https:\/\/juacontecimentos.com.br\/site\/exposicao-de-telas-do-scfv-de-ouvidor-celebra-talento-e-fortalecimento-de-vinculos\/#primaryimage\",\"url\":\"https:\/\/juacontecimentos.com.br\/site\/wp-content\/uploads\/2025\/11\/FB_IMG_1764406095187.jpg\",\"contentUrl\":\"https:\/\/juacontecimentos.com.br\/site\/wp-content\/uploads\/2025\/11\/FB_IMG_1764406095187.jpg\",\"width\":1600,\"height\":1066},{\"@type\":\"BreadcrumbList\",\"@id\":\"https:\/\/juacontecimentos.com.br\/site\/exposicao-de-telas-do-scfv-de-ouvidor-celebra-talento-e-fortalecimento-de-vinculos\/#breadcrumb\",\"itemListElement\":[{\"@type\":\"ListItem\",\"position\":1,\"name\":\"In\u00edcio\",\"item\":\"https:\/\/juacontecimentos.com.br\/site\/\"},{\"@type\":\"ListItem\",\"position\":2,\"name\":\"Exposi\u00e7\u00e3o de Telas do SCFV de Ouvidor celebra talento e fortalecimento de v\u00ednculos\"}]},{\"@type\":\"WebSite\",\"@id\":\"https:\/\/juacontecimentos.com.br\/site\/#website\",\"url\":\"https:\/\/juacontecimentos.com.br\/site\/\",\"name\":\"Jornal Ultimos Acontecimentos\",\"description\":\"Catal\u00e3o e regi\u00e3o\",\"publisher\":{\"@id\":\"https:\/\/juacontecimentos.com.br\/site\/#organization\"},\"potentialAction\":[{\"@type\":\"SearchAction\",\"target\":{\"@type\":\"EntryPoint\",\"urlTemplate\":\"https:\/\/juacontecimentos.com.br\/site\/?s={search_term_string}\"},\"query-input\":{\"@type\":\"PropertyValueSpecification\",\"valueRequired\":true,\"valueName\":\"search_term_string\"}}],\"inLanguage\":\"pt-BR\"},{\"@type\":\"Organization\",\"@id\":\"https:\/\/juacontecimentos.com.br\/site\/#organization\",\"name\":\"Jornal Ultimos Acontecimentos\",\"url\":\"https:\/\/juacontecimentos.com.br\/site\/\",\"logo\":{\"@type\":\"ImageObject\",\"inLanguage\":\"pt-BR\",\"@id\":\"https:\/\/juacontecimentos.com.br\/site\/#\/schema\/logo\/image\/\",\"url\":\"https:\/\/juacontecimentos.com.br\/site\/wp-content\/uploads\/2023\/04\/Logo_Site.png\",\"contentUrl\":\"https:\/\/juacontecimentos.com.br\/site\/wp-content\/uploads\/2023\/04\/Logo_Site.png\",\"width\":2476,\"height\":530,\"caption\":\"Jornal Ultimos Acontecimentos\"},\"image\":{\"@id\":\"https:\/\/juacontecimentos.com.br\/site\/#\/schema\/logo\/image\/\"},\"sameAs\":[\"https:\/\/www.facebook.com\/jultimosacontecimentos\/\"]},{\"@type\":\"Person\",\"@id\":\"https:\/\/juacontecimentos.com.br\/site\/#\/schema\/person\/082a54e6d3fdd7a633291428521c9669\",\"name\":\"Reginaldo Ribeiro\",\"image\":{\"@type\":\"ImageObject\",\"inLanguage\":\"pt-BR\",\"@id\":\"https:\/\/juacontecimentos.com.br\/site\/#\/schema\/person\/image\/\",\"url\":\"https:\/\/secure.gravatar.com\/avatar\/5c16c6837c3490270a74d888c2a845728f06bdde1f8761de1de1d1d1ef82d12f?s=96&d=mm&r=g\",\"contentUrl\":\"https:\/\/secure.gravatar.com\/avatar\/5c16c6837c3490270a74d888c2a845728f06bdde1f8761de1de1d1d1ef82d12f?s=96&d=mm&r=g\",\"caption\":\"Reginaldo Ribeiro\"}}]}<\/script>\n<!-- \/ Yoast SEO plugin. -->","yoast_head_json":{"title":"Exposi\u00e7\u00e3o de Telas do SCFV de Ouvidor celebra talento e fortalecimento de v\u00ednculos - Jornal Ultimos Acontecimentos","robots":{"index":"index","follow":"follow","max-snippet":"max-snippet:-1","max-image-preview":"max-image-preview:large","max-video-preview":"max-video-preview:-1"},"canonical":"https:\/\/juacontecimentos.com.br\/site\/exposicao-de-telas-do-scfv-de-ouvidor-celebra-talento-e-fortalecimento-de-vinculos\/","og_locale":"pt_BR","og_type":"article","og_title":"Exposi\u00e7\u00e3o de Telas do SCFV de Ouvidor celebra talento e fortalecimento de v\u00ednculos - Jornal Ultimos Acontecimentos","og_description":"Nesta sexta-feira (28), conforme planejado, o Servi\u00e7o de Conviv\u00eancia e Fortalecimento de V\u00ednculos (SCFV) de Ouvidor abriu as portas da Pra\u00e7a da Esta\u00e7\u00e3o, em frente \u00e0 Biblioteca Municipal, para a emocionante exposi\u00e7\u00e3o de telas que encerra as atividades art\u00edsticas dos participantes. O evento marcou um momento de orgulho para a comunidade e refor\u00e7ou o compromisso","og_url":"https:\/\/juacontecimentos.com.br\/site\/exposicao-de-telas-do-scfv-de-ouvidor-celebra-talento-e-fortalecimento-de-vinculos\/","og_site_name":"Jornal Ultimos Acontecimentos","article_publisher":"https:\/\/www.facebook.com\/jultimosacontecimentos\/","article_published_time":"2025-11-29T09:00:40+00:00","og_image":[{"width":1600,"height":1066,"url":"https:\/\/juacontecimentos.com.br\/site\/wp-content\/uploads\/2025\/11\/FB_IMG_1764406095187.jpg","type":"image\/jpeg"}],"author":"Reginaldo Ribeiro","twitter_card":"summary_large_image","twitter_misc":{"Escrito por":"Reginaldo Ribeiro","Est. tempo de leitura":"6 minutos"},"schema":{"@context":"https:\/\/schema.org","@graph":[{"@type":"Article","@id":"https:\/\/juacontecimentos.com.br\/site\/exposicao-de-telas-do-scfv-de-ouvidor-celebra-talento-e-fortalecimento-de-vinculos\/#article","isPartOf":{"@id":"https:\/\/juacontecimentos.com.br\/site\/exposicao-de-telas-do-scfv-de-ouvidor-celebra-talento-e-fortalecimento-de-vinculos\/"},"author":{"name":"Reginaldo Ribeiro","@id":"https:\/\/juacontecimentos.com.br\/site\/#\/schema\/person\/082a54e6d3fdd7a633291428521c9669"},"headline":"Exposi\u00e7\u00e3o de Telas do SCFV de Ouvidor celebra talento e fortalecimento de v\u00ednculos","datePublished":"2025-11-29T09:00:40+00:00","mainEntityOfPage":{"@id":"https:\/\/juacontecimentos.com.br\/site\/exposicao-de-telas-do-scfv-de-ouvidor-celebra-talento-e-fortalecimento-de-vinculos\/"},"wordCount":501,"publisher":{"@id":"https:\/\/juacontecimentos.com.br\/site\/#organization"},"image":{"@id":"https:\/\/juacontecimentos.com.br\/site\/exposicao-de-telas-do-scfv-de-ouvidor-celebra-talento-e-fortalecimento-de-vinculos\/#primaryimage"},"thumbnailUrl":"https:\/\/juacontecimentos.com.br\/site\/wp-content\/uploads\/2025\/11\/FB_IMG_1764406095187.jpg","articleSection":["Brasil","Catal\u00e3o","Destaque","Goi\u00e1s"],"inLanguage":"pt-BR"},{"@type":"WebPage","@id":"https:\/\/juacontecimentos.com.br\/site\/exposicao-de-telas-do-scfv-de-ouvidor-celebra-talento-e-fortalecimento-de-vinculos\/","url":"https:\/\/juacontecimentos.com.br\/site\/exposicao-de-telas-do-scfv-de-ouvidor-celebra-talento-e-fortalecimento-de-vinculos\/","name":"Exposi\u00e7\u00e3o de Telas do SCFV de Ouvidor celebra talento e fortalecimento de v\u00ednculos - Jornal Ultimos Acontecimentos","isPartOf":{"@id":"https:\/\/juacontecimentos.com.br\/site\/#website"},"primaryImageOfPage":{"@id":"https:\/\/juacontecimentos.com.br\/site\/exposicao-de-telas-do-scfv-de-ouvidor-celebra-talento-e-fortalecimento-de-vinculos\/#primaryimage"},"image":{"@id":"https:\/\/juacontecimentos.com.br\/site\/exposicao-de-telas-do-scfv-de-ouvidor-celebra-talento-e-fortalecimento-de-vinculos\/#primaryimage"},"thumbnailUrl":"https:\/\/juacontecimentos.com.br\/site\/wp-content\/uploads\/2025\/11\/FB_IMG_1764406095187.jpg","datePublished":"2025-11-29T09:00:40+00:00","breadcrumb":{"@id":"https:\/\/juacontecimentos.com.br\/site\/exposicao-de-telas-do-scfv-de-ouvidor-celebra-talento-e-fortalecimento-de-vinculos\/#breadcrumb"},"inLanguage":"pt-BR","potentialAction":[{"@type":"ReadAction","target":["https:\/\/juacontecimentos.com.br\/site\/exposicao-de-telas-do-scfv-de-ouvidor-celebra-talento-e-fortalecimento-de-vinculos\/"]}]},{"@type":"ImageObject","inLanguage":"pt-BR","@id":"https:\/\/juacontecimentos.com.br\/site\/exposicao-de-telas-do-scfv-de-ouvidor-celebra-talento-e-fortalecimento-de-vinculos\/#primaryimage","url":"https:\/\/juacontecimentos.com.br\/site\/wp-content\/uploads\/2025\/11\/FB_IMG_1764406095187.jpg","contentUrl":"https:\/\/juacontecimentos.com.br\/site\/wp-content\/uploads\/2025\/11\/FB_IMG_1764406095187.jpg","width":1600,"height":1066},{"@type":"BreadcrumbList","@id":"https:\/\/juacontecimentos.com.br\/site\/exposicao-de-telas-do-scfv-de-ouvidor-celebra-talento-e-fortalecimento-de-vinculos\/#breadcrumb","itemListElement":[{"@type":"ListItem","position":1,"name":"In\u00edcio","item":"https:\/\/juacontecimentos.com.br\/site\/"},{"@type":"ListItem","position":2,"name":"Exposi\u00e7\u00e3o de Telas do SCFV de Ouvidor celebra talento e fortalecimento de v\u00ednculos"}]},{"@type":"WebSite","@id":"https:\/\/juacontecimentos.com.br\/site\/#website","url":"https:\/\/juacontecimentos.com.br\/site\/","name":"Jornal Ultimos Acontecimentos","description":"Catal\u00e3o e regi\u00e3o","publisher":{"@id":"https:\/\/juacontecimentos.com.br\/site\/#organization"},"potentialAction":[{"@type":"SearchAction","target":{"@type":"EntryPoint","urlTemplate":"https:\/\/juacontecimentos.com.br\/site\/?s={search_term_string}"},"query-input":{"@type":"PropertyValueSpecification","valueRequired":true,"valueName":"search_term_string"}}],"inLanguage":"pt-BR"},{"@type":"Organization","@id":"https:\/\/juacontecimentos.com.br\/site\/#organization","name":"Jornal Ultimos Acontecimentos","url":"https:\/\/juacontecimentos.com.br\/site\/","logo":{"@type":"ImageObject","inLanguage":"pt-BR","@id":"https:\/\/juacontecimentos.com.br\/site\/#\/schema\/logo\/image\/","url":"https:\/\/juacontecimentos.com.br\/site\/wp-content\/uploads\/2023\/04\/Logo_Site.png","contentUrl":"https:\/\/juacontecimentos.com.br\/site\/wp-content\/uploads\/2023\/04\/Logo_Site.png","width":2476,"height":530,"caption":"Jornal Ultimos Acontecimentos"},"image":{"@id":"https:\/\/juacontecimentos.com.br\/site\/#\/schema\/logo\/image\/"},"sameAs":["https:\/\/www.facebook.com\/jultimosacontecimentos\/"]},{"@type":"Person","@id":"https:\/\/juacontecimentos.com.br\/site\/#\/schema\/person\/082a54e6d3fdd7a633291428521c9669","name":"Reginaldo Ribeiro","image":{"@type":"ImageObject","inLanguage":"pt-BR","@id":"https:\/\/juacontecimentos.com.br\/site\/#\/schema\/person\/image\/","url":"https:\/\/secure.gravatar.com\/avatar\/5c16c6837c3490270a74d888c2a845728f06bdde1f8761de1de1d1d1ef82d12f?s=96&d=mm&r=g","contentUrl":"https:\/\/secure.gravatar.com\/avatar\/5c16c6837c3490270a74d888c2a845728f06bdde1f8761de1de1d1d1ef82d12f?s=96&d=mm&r=g","caption":"Reginaldo Ribeiro"}}]}},"_links":{"self":[{"href":"https:\/\/juacontecimentos.com.br\/site\/wp-json\/wp\/v2\/posts\/47346","targetHints":{"allow":["GET"]}}],"collection":[{"href":"https:\/\/juacontecimentos.com.br\/site\/wp-json\/wp\/v2\/posts"}],"about":[{"href":"https:\/\/juacontecimentos.com.br\/site\/wp-json\/wp\/v2\/types\/post"}],"author":[{"embeddable":true,"href":"https:\/\/juacontecimentos.com.br\/site\/wp-json\/wp\/v2\/users\/2"}],"replies":[{"embeddable":true,"href":"https:\/\/juacontecimentos.com.br\/site\/wp-json\/wp\/v2\/comments?post=47346"}],"version-history":[{"count":1,"href":"https:\/\/juacontecimentos.com.br\/site\/wp-json\/wp\/v2\/posts\/47346\/revisions"}],"predecessor-version":[{"id":47367,"href":"https:\/\/juacontecimentos.com.br\/site\/wp-json\/wp\/v2\/posts\/47346\/revisions\/47367"}],"wp:featuredmedia":[{"embeddable":true,"href":"https:\/\/juacontecimentos.com.br\/site\/wp-json\/wp\/v2\/media\/47347"}],"wp:attachment":[{"href":"https:\/\/juacontecimentos.com.br\/site\/wp-json\/wp\/v2\/media?parent=47346"}],"wp:term":[{"taxonomy":"category","embeddable":true,"href":"https:\/\/juacontecimentos.com.br\/site\/wp-json\/wp\/v2\/categories?post=47346"},{"taxonomy":"post_tag","embeddable":true,"href":"https:\/\/juacontecimentos.com.br\/site\/wp-json\/wp\/v2\/tags?post=47346"}],"curies":[{"name":"wp","href":"https:\/\/api.w.org\/{rel}","templated":true}]}}