{"id":47369,"date":"2025-11-29T16:43:27","date_gmt":"2025-11-29T19:43:27","guid":{"rendered":"https:\/\/juacontecimentos.com.br\/site\/?p=47369"},"modified":"2025-11-29T17:16:30","modified_gmt":"2025-11-29T20:16:30","slug":"sabado-de-natal-em-catalao-governo-de-goias-e-ovg-distribuem-brinquedos-em-acao-solidaria","status":"publish","type":"post","link":"https:\/\/juacontecimentos.com.br\/site\/sabado-de-natal-em-catalao-governo-de-goias-e-ovg-distribuem-brinquedos-em-acao-solidaria\/","title":{"rendered":"S\u00e1bado de Natal em Catal\u00e3o: Governo de Goi\u00e1s e OVG distribuem brinquedos em a\u00e7\u00e3o solid\u00e1ria"},"content":{"rendered":"<p><img loading=\"lazy\" decoding=\"async\" class=\"alignnone size-full wp-image-47370\" src=\"https:\/\/juacontecimentos.com.br\/site\/wp-content\/uploads\/2025\/11\/IMG_20251129_150149-scaled.jpg\" alt=\"\" width=\"2560\" height=\"1444\" srcset=\"https:\/\/juacontecimentos.com.br\/site\/wp-content\/uploads\/2025\/11\/IMG_20251129_150149-scaled.jpg 2560w, https:\/\/juacontecimentos.com.br\/site\/wp-content\/uploads\/2025\/11\/IMG_20251129_150149-300x169.jpg 300w, https:\/\/juacontecimentos.com.br\/site\/wp-content\/uploads\/2025\/11\/IMG_20251129_150149-1024x578.jpg 1024w, https:\/\/juacontecimentos.com.br\/site\/wp-content\/uploads\/2025\/11\/IMG_20251129_150149-768x433.jpg 768w, https:\/\/juacontecimentos.com.br\/site\/wp-content\/uploads\/2025\/11\/IMG_20251129_150149-1536x866.jpg 1536w, https:\/\/juacontecimentos.com.br\/site\/wp-content\/uploads\/2025\/11\/IMG_20251129_150149-2048x1155.jpg 2048w\" sizes=\"auto, (max-width: 2560px) 100vw, 2560px\" \/><\/p>\n<p>Catal\u00e3o viveu neste s\u00e1bado, 29 de novembro, uma tarde marcada pela solidariedade e o esp\u00edrito natalino. Em parceria com a Organiza\u00e7\u00e3o das Volunt\u00e1rias de Goi\u00e1s (OVG) e o Governo de Goi\u00e1s, a iniciativa \u201cSonhos de Natal\u201d movimentou cidade com a distribui\u00e7\u00e3o de brinquedos para milhares de crian\u00e7as e atividades que prometem elevar o astral da popula\u00e7\u00e3o neste per\u00edodo festivo.<\/p>\n<p>Em entrevista concedida durante o evento, o prefeito Velomar Rios e a primeira-dama Neuza Rios destacaram o papel da parceria com o governo estadual e as entidades envolvidas. \u201cHoje, em parceria com a OVG, o Governo de Goi\u00e1s, n\u00f3s estamos fazendo esse evento. N\u00f3s estamos em paz com a vida, a distribui\u00e7\u00e3o dos brinquedos, dando a\u00ed tamb\u00e9m a largada do nosso\u2026\u201d, afirmou Velomar, sinalizando o in\u00edcio da entrega que movimenta a cidade.<\/p>\n<p><img loading=\"lazy\" decoding=\"async\" class=\"alignnone size-full wp-image-47376\" src=\"https:\/\/juacontecimentos.com.br\/site\/wp-content\/uploads\/2025\/11\/IMG-20251129-WA0414.jpg\" alt=\"\" width=\"1600\" height=\"1200\" srcset=\"https:\/\/juacontecimentos.com.br\/site\/wp-content\/uploads\/2025\/11\/IMG-20251129-WA0414.jpg 1600w, https:\/\/juacontecimentos.com.br\/site\/wp-content\/uploads\/2025\/11\/IMG-20251129-WA0414-300x225.jpg 300w, https:\/\/juacontecimentos.com.br\/site\/wp-content\/uploads\/2025\/11\/IMG-20251129-WA0414-1024x768.jpg 1024w, https:\/\/juacontecimentos.com.br\/site\/wp-content\/uploads\/2025\/11\/IMG-20251129-WA0414-768x576.jpg 768w, https:\/\/juacontecimentos.com.br\/site\/wp-content\/uploads\/2025\/11\/IMG-20251129-WA0414-1536x1152.jpg 1536w\" sizes=\"auto, (max-width: 1600px) 100vw, 1600px\" \/><\/p>\n<p>A decora\u00e7\u00e3o de Catal\u00e3o ganhou ainda mais vida com a mobiliza\u00e7\u00e3o para decorar as ruas e levar alegria a toda a popula\u00e7\u00e3o. Participaram representantes do governo estadual, o governador Ronaldo Caiado e o vice-governador Daniel, al\u00e9m de Rog\u00e9rio Troncoso, representante do deputado estadual Bruno Peixoto, senhora Luciana Borges que atuou em nome da estrutura de governo. Alem dos representantes da presidente da OVG Graciela Caiado, e de membros da administra\u00e7\u00e3o local refor\u00e7ou o clima de celebra\u00e7\u00e3o.<\/p>\n<p><img loading=\"lazy\" decoding=\"async\" class=\"alignnone size-full wp-image-47372\" src=\"https:\/\/juacontecimentos.com.br\/site\/wp-content\/uploads\/2025\/11\/IMG_20251129_140232-scaled.jpg\" alt=\"\" width=\"2560\" height=\"1444\" srcset=\"https:\/\/juacontecimentos.com.br\/site\/wp-content\/uploads\/2025\/11\/IMG_20251129_140232-scaled.jpg 2560w, https:\/\/juacontecimentos.com.br\/site\/wp-content\/uploads\/2025\/11\/IMG_20251129_140232-300x169.jpg 300w, https:\/\/juacontecimentos.com.br\/site\/wp-content\/uploads\/2025\/11\/IMG_20251129_140232-1024x578.jpg 1024w, https:\/\/juacontecimentos.com.br\/site\/wp-content\/uploads\/2025\/11\/IMG_20251129_140232-768x433.jpg 768w, https:\/\/juacontecimentos.com.br\/site\/wp-content\/uploads\/2025\/11\/IMG_20251129_140232-1536x866.jpg 1536w, https:\/\/juacontecimentos.com.br\/site\/wp-content\/uploads\/2025\/11\/IMG_20251129_140232-2048x1155.jpg 2048w\" sizes=\"auto, (max-width: 2560px) 100vw, 2560px\" \/> <img loading=\"lazy\" decoding=\"async\" class=\"alignnone wp-image-47373 size-full\" src=\"https:\/\/juacontecimentos.com.br\/site\/wp-content\/uploads\/2025\/11\/IMG_20251129_145354-scaled-e1764445556438.jpg\" alt=\"\" width=\"1353\" height=\"1254\" srcset=\"https:\/\/juacontecimentos.com.br\/site\/wp-content\/uploads\/2025\/11\/IMG_20251129_145354-scaled-e1764445556438.jpg 1353w, https:\/\/juacontecimentos.com.br\/site\/wp-content\/uploads\/2025\/11\/IMG_20251129_145354-scaled-e1764445556438-300x278.jpg 300w, https:\/\/juacontecimentos.com.br\/site\/wp-content\/uploads\/2025\/11\/IMG_20251129_145354-scaled-e1764445556438-1024x949.jpg 1024w, https:\/\/juacontecimentos.com.br\/site\/wp-content\/uploads\/2025\/11\/IMG_20251129_145354-scaled-e1764445556438-768x712.jpg 768w\" sizes=\"auto, (max-width: 1353px) 100vw, 1353px\" \/><\/p>\n<p>\u201cPara n\u00f3s \u00e9 sempre uma honra receber um amigo como o Rog\u00e9rio aqui em Catal\u00e3o\u201d, destacou o grupo presente, repetindo o sentimento de hospitalidade que marcou o encontro. Ao longo da tarde, crian\u00e7as e fam\u00edlias acompanharam a distribui\u00e7\u00e3o dos presentes, em um momento descrito como de emo\u00e7\u00e3o e alegria pelas autoridades presentes.<\/p>\n<p>A organiza\u00e7\u00e3o estimou a entrega de cerca de 6 mil brinquedos, n\u00famero apontado para atender \u00e0 demanda de crian\u00e7as presentes e daquelas que ainda ser\u00e3o alcan\u00e7adas pelas a\u00e7\u00f5es do programa. Dona Neuza, ao falar sobre o volume de itens, explicou que a log\u00edstica est\u00e1 preparada para atender ao volume projetado, com mensagens de gratid\u00e3o ao governador e \u00e0 fam\u00edlia Caiado.<\/p>\n<p>\u201cA gente fez um c\u00e1lculo de que teria 6 mil crian\u00e7as aqui, mas temos brinquedos para tudos, se Deus quiser\u201d, afirmou Dona Neuza, em meio aos aplausos. O evento ainda contou com a participa\u00e7\u00e3o de vereadores, autoridades locais e integrantes da comunidade, que acompanharam de perto a iniciativa.<\/p>\n<p>No encerramento, as falas ressaltaram o alcance social da a\u00e7\u00e3o e o desejo de que o esp\u00edrito do Natal permane\u00e7a na cidade. Em meio a sauda\u00e7\u00f5es de agradecimento, os organizadores ressaltaram que este \u00e9 apenas o come\u00e7o de uma agenda de a\u00e7\u00f5es solid\u00e1rias que pretendem manter Catal\u00e3o entre as cidades mais ativas e participativas do estado.<\/p>\n","protected":false},"excerpt":{"rendered":"<p>Catal\u00e3o viveu neste s\u00e1bado, 29 de novembro, uma tarde marcada pela solidariedade e o esp\u00edrito natalino. Em parceria com a Organiza\u00e7\u00e3o das Volunt\u00e1rias de Goi\u00e1s (OVG) e o Governo de Goi\u00e1s, a iniciativa \u201cSonhos de Natal\u201d movimentou cidade com a distribui\u00e7\u00e3o de brinquedos para milhares de crian\u00e7as e atividades que prometem elevar o astral da<\/p>\n","protected":false},"author":2,"featured_media":47380,"comment_status":"closed","ping_status":"closed","sticky":false,"template":"","format":"standard","meta":{"footnotes":""},"categories":[27,22,26,23],"tags":[],"class_list":["post-47369","post","type-post","status-publish","format-standard","has-post-thumbnail","hentry","category-brasil","category-catalao","category-destaque","category-goias"],"yoast_head":"<!-- This site is optimized with the Yoast SEO plugin v25.8 - https:\/\/yoast.com\/wordpress\/plugins\/seo\/ -->\n<title>S\u00e1bado de Natal em Catal\u00e3o: Governo de Goi\u00e1s e OVG distribuem brinquedos em a\u00e7\u00e3o solid\u00e1ria - Jornal Ultimos Acontecimentos<\/title>\n<meta name=\"robots\" content=\"index, follow, max-snippet:-1, max-image-preview:large, max-video-preview:-1\" \/>\n<link rel=\"canonical\" href=\"https:\/\/juacontecimentos.com.br\/site\/sabado-de-natal-em-catalao-governo-de-goias-e-ovg-distribuem-brinquedos-em-acao-solidaria\/\" \/>\n<meta property=\"og:locale\" content=\"pt_BR\" \/>\n<meta property=\"og:type\" content=\"article\" \/>\n<meta property=\"og:title\" content=\"S\u00e1bado de Natal em Catal\u00e3o: Governo de Goi\u00e1s e OVG distribuem brinquedos em a\u00e7\u00e3o solid\u00e1ria - Jornal Ultimos Acontecimentos\" \/>\n<meta property=\"og:description\" content=\"Catal\u00e3o viveu neste s\u00e1bado, 29 de novembro, uma tarde marcada pela solidariedade e o esp\u00edrito natalino. Em parceria com a Organiza\u00e7\u00e3o das Volunt\u00e1rias de Goi\u00e1s (OVG) e o Governo de Goi\u00e1s, a iniciativa \u201cSonhos de Natal\u201d movimentou cidade com a distribui\u00e7\u00e3o de brinquedos para milhares de crian\u00e7as e atividades que prometem elevar o astral da\" \/>\n<meta property=\"og:url\" content=\"https:\/\/juacontecimentos.com.br\/site\/sabado-de-natal-em-catalao-governo-de-goias-e-ovg-distribuem-brinquedos-em-acao-solidaria\/\" \/>\n<meta property=\"og:site_name\" content=\"Jornal Ultimos Acontecimentos\" \/>\n<meta property=\"article:publisher\" content=\"https:\/\/www.facebook.com\/jultimosacontecimentos\/\" \/>\n<meta property=\"article:published_time\" content=\"2025-11-29T19:43:27+00:00\" \/>\n<meta property=\"article:modified_time\" content=\"2025-11-29T20:16:30+00:00\" \/>\n<meta property=\"og:image\" content=\"https:\/\/juacontecimentos.com.br\/site\/wp-content\/uploads\/2025\/11\/ggggggggg.jpg\" \/>\n\t<meta property=\"og:image:width\" content=\"2035\" \/>\n\t<meta property=\"og:image:height\" content=\"1054\" \/>\n\t<meta property=\"og:image:type\" content=\"image\/jpeg\" \/>\n<meta name=\"author\" content=\"Reginaldo Ribeiro\" \/>\n<meta name=\"twitter:card\" content=\"summary_large_image\" \/>\n<meta name=\"twitter:label1\" content=\"Escrito por\" \/>\n\t<meta name=\"twitter:data1\" content=\"Reginaldo Ribeiro\" \/>\n\t<meta name=\"twitter:label2\" content=\"Est. tempo de leitura\" \/>\n\t<meta name=\"twitter:data2\" content=\"4 minutos\" \/>\n<script type=\"application\/ld+json\" class=\"yoast-schema-graph\">{\"@context\":\"https:\/\/schema.org\",\"@graph\":[{\"@type\":\"Article\",\"@id\":\"https:\/\/juacontecimentos.com.br\/site\/sabado-de-natal-em-catalao-governo-de-goias-e-ovg-distribuem-brinquedos-em-acao-solidaria\/#article\",\"isPartOf\":{\"@id\":\"https:\/\/juacontecimentos.com.br\/site\/sabado-de-natal-em-catalao-governo-de-goias-e-ovg-distribuem-brinquedos-em-acao-solidaria\/\"},\"author\":{\"name\":\"Reginaldo Ribeiro\",\"@id\":\"https:\/\/juacontecimentos.com.br\/site\/#\/schema\/person\/082a54e6d3fdd7a633291428521c9669\"},\"headline\":\"S\u00e1bado de Natal em Catal\u00e3o: Governo de Goi\u00e1s e OVG distribuem brinquedos em a\u00e7\u00e3o solid\u00e1ria\",\"datePublished\":\"2025-11-29T19:43:27+00:00\",\"dateModified\":\"2025-11-29T20:16:30+00:00\",\"mainEntityOfPage\":{\"@id\":\"https:\/\/juacontecimentos.com.br\/site\/sabado-de-natal-em-catalao-governo-de-goias-e-ovg-distribuem-brinquedos-em-acao-solidaria\/\"},\"wordCount\":489,\"publisher\":{\"@id\":\"https:\/\/juacontecimentos.com.br\/site\/#organization\"},\"image\":{\"@id\":\"https:\/\/juacontecimentos.com.br\/site\/sabado-de-natal-em-catalao-governo-de-goias-e-ovg-distribuem-brinquedos-em-acao-solidaria\/#primaryimage\"},\"thumbnailUrl\":\"https:\/\/juacontecimentos.com.br\/site\/wp-content\/uploads\/2025\/11\/ggggggggg.jpg\",\"articleSection\":[\"Brasil\",\"Catal\u00e3o\",\"Destaque\",\"Goi\u00e1s\"],\"inLanguage\":\"pt-BR\"},{\"@type\":\"WebPage\",\"@id\":\"https:\/\/juacontecimentos.com.br\/site\/sabado-de-natal-em-catalao-governo-de-goias-e-ovg-distribuem-brinquedos-em-acao-solidaria\/\",\"url\":\"https:\/\/juacontecimentos.com.br\/site\/sabado-de-natal-em-catalao-governo-de-goias-e-ovg-distribuem-brinquedos-em-acao-solidaria\/\",\"name\":\"S\u00e1bado de Natal em Catal\u00e3o: Governo de Goi\u00e1s e OVG distribuem brinquedos em a\u00e7\u00e3o solid\u00e1ria - Jornal Ultimos Acontecimentos\",\"isPartOf\":{\"@id\":\"https:\/\/juacontecimentos.com.br\/site\/#website\"},\"primaryImageOfPage\":{\"@id\":\"https:\/\/juacontecimentos.com.br\/site\/sabado-de-natal-em-catalao-governo-de-goias-e-ovg-distribuem-brinquedos-em-acao-solidaria\/#primaryimage\"},\"image\":{\"@id\":\"https:\/\/juacontecimentos.com.br\/site\/sabado-de-natal-em-catalao-governo-de-goias-e-ovg-distribuem-brinquedos-em-acao-solidaria\/#primaryimage\"},\"thumbnailUrl\":\"https:\/\/juacontecimentos.com.br\/site\/wp-content\/uploads\/2025\/11\/ggggggggg.jpg\",\"datePublished\":\"2025-11-29T19:43:27+00:00\",\"dateModified\":\"2025-11-29T20:16:30+00:00\",\"breadcrumb\":{\"@id\":\"https:\/\/juacontecimentos.com.br\/site\/sabado-de-natal-em-catalao-governo-de-goias-e-ovg-distribuem-brinquedos-em-acao-solidaria\/#breadcrumb\"},\"inLanguage\":\"pt-BR\",\"potentialAction\":[{\"@type\":\"ReadAction\",\"target\":[\"https:\/\/juacontecimentos.com.br\/site\/sabado-de-natal-em-catalao-governo-de-goias-e-ovg-distribuem-brinquedos-em-acao-solidaria\/\"]}]},{\"@type\":\"ImageObject\",\"inLanguage\":\"pt-BR\",\"@id\":\"https:\/\/juacontecimentos.com.br\/site\/sabado-de-natal-em-catalao-governo-de-goias-e-ovg-distribuem-brinquedos-em-acao-solidaria\/#primaryimage\",\"url\":\"https:\/\/juacontecimentos.com.br\/site\/wp-content\/uploads\/2025\/11\/ggggggggg.jpg\",\"contentUrl\":\"https:\/\/juacontecimentos.com.br\/site\/wp-content\/uploads\/2025\/11\/ggggggggg.jpg\",\"width\":2035,\"height\":1054},{\"@type\":\"BreadcrumbList\",\"@id\":\"https:\/\/juacontecimentos.com.br\/site\/sabado-de-natal-em-catalao-governo-de-goias-e-ovg-distribuem-brinquedos-em-acao-solidaria\/#breadcrumb\",\"itemListElement\":[{\"@type\":\"ListItem\",\"position\":1,\"name\":\"In\u00edcio\",\"item\":\"https:\/\/juacontecimentos.com.br\/site\/\"},{\"@type\":\"ListItem\",\"position\":2,\"name\":\"S\u00e1bado de Natal em Catal\u00e3o: Governo de Goi\u00e1s e OVG distribuem brinquedos em a\u00e7\u00e3o solid\u00e1ria\"}]},{\"@type\":\"WebSite\",\"@id\":\"https:\/\/juacontecimentos.com.br\/site\/#website\",\"url\":\"https:\/\/juacontecimentos.com.br\/site\/\",\"name\":\"Jornal Ultimos Acontecimentos\",\"description\":\"Catal\u00e3o e regi\u00e3o\",\"publisher\":{\"@id\":\"https:\/\/juacontecimentos.com.br\/site\/#organization\"},\"potentialAction\":[{\"@type\":\"SearchAction\",\"target\":{\"@type\":\"EntryPoint\",\"urlTemplate\":\"https:\/\/juacontecimentos.com.br\/site\/?s={search_term_string}\"},\"query-input\":{\"@type\":\"PropertyValueSpecification\",\"valueRequired\":true,\"valueName\":\"search_term_string\"}}],\"inLanguage\":\"pt-BR\"},{\"@type\":\"Organization\",\"@id\":\"https:\/\/juacontecimentos.com.br\/site\/#organization\",\"name\":\"Jornal Ultimos Acontecimentos\",\"url\":\"https:\/\/juacontecimentos.com.br\/site\/\",\"logo\":{\"@type\":\"ImageObject\",\"inLanguage\":\"pt-BR\",\"@id\":\"https:\/\/juacontecimentos.com.br\/site\/#\/schema\/logo\/image\/\",\"url\":\"https:\/\/juacontecimentos.com.br\/site\/wp-content\/uploads\/2023\/04\/Logo_Site.png\",\"contentUrl\":\"https:\/\/juacontecimentos.com.br\/site\/wp-content\/uploads\/2023\/04\/Logo_Site.png\",\"width\":2476,\"height\":530,\"caption\":\"Jornal Ultimos Acontecimentos\"},\"image\":{\"@id\":\"https:\/\/juacontecimentos.com.br\/site\/#\/schema\/logo\/image\/\"},\"sameAs\":[\"https:\/\/www.facebook.com\/jultimosacontecimentos\/\"]},{\"@type\":\"Person\",\"@id\":\"https:\/\/juacontecimentos.com.br\/site\/#\/schema\/person\/082a54e6d3fdd7a633291428521c9669\",\"name\":\"Reginaldo Ribeiro\",\"image\":{\"@type\":\"ImageObject\",\"inLanguage\":\"pt-BR\",\"@id\":\"https:\/\/juacontecimentos.com.br\/site\/#\/schema\/person\/image\/\",\"url\":\"https:\/\/secure.gravatar.com\/avatar\/5c16c6837c3490270a74d888c2a845728f06bdde1f8761de1de1d1d1ef82d12f?s=96&d=mm&r=g\",\"contentUrl\":\"https:\/\/secure.gravatar.com\/avatar\/5c16c6837c3490270a74d888c2a845728f06bdde1f8761de1de1d1d1ef82d12f?s=96&d=mm&r=g\",\"caption\":\"Reginaldo Ribeiro\"}}]}<\/script>\n<!-- \/ Yoast SEO plugin. -->","yoast_head_json":{"title":"S\u00e1bado de Natal em Catal\u00e3o: Governo de Goi\u00e1s e OVG distribuem brinquedos em a\u00e7\u00e3o solid\u00e1ria - Jornal Ultimos Acontecimentos","robots":{"index":"index","follow":"follow","max-snippet":"max-snippet:-1","max-image-preview":"max-image-preview:large","max-video-preview":"max-video-preview:-1"},"canonical":"https:\/\/juacontecimentos.com.br\/site\/sabado-de-natal-em-catalao-governo-de-goias-e-ovg-distribuem-brinquedos-em-acao-solidaria\/","og_locale":"pt_BR","og_type":"article","og_title":"S\u00e1bado de Natal em Catal\u00e3o: Governo de Goi\u00e1s e OVG distribuem brinquedos em a\u00e7\u00e3o solid\u00e1ria - Jornal Ultimos Acontecimentos","og_description":"Catal\u00e3o viveu neste s\u00e1bado, 29 de novembro, uma tarde marcada pela solidariedade e o esp\u00edrito natalino. Em parceria com a Organiza\u00e7\u00e3o das Volunt\u00e1rias de Goi\u00e1s (OVG) e o Governo de Goi\u00e1s, a iniciativa \u201cSonhos de Natal\u201d movimentou cidade com a distribui\u00e7\u00e3o de brinquedos para milhares de crian\u00e7as e atividades que prometem elevar o astral da","og_url":"https:\/\/juacontecimentos.com.br\/site\/sabado-de-natal-em-catalao-governo-de-goias-e-ovg-distribuem-brinquedos-em-acao-solidaria\/","og_site_name":"Jornal Ultimos Acontecimentos","article_publisher":"https:\/\/www.facebook.com\/jultimosacontecimentos\/","article_published_time":"2025-11-29T19:43:27+00:00","article_modified_time":"2025-11-29T20:16:30+00:00","og_image":[{"width":2035,"height":1054,"url":"https:\/\/juacontecimentos.com.br\/site\/wp-content\/uploads\/2025\/11\/ggggggggg.jpg","type":"image\/jpeg"}],"author":"Reginaldo Ribeiro","twitter_card":"summary_large_image","twitter_misc":{"Escrito por":"Reginaldo Ribeiro","Est. tempo de leitura":"4 minutos"},"schema":{"@context":"https:\/\/schema.org","@graph":[{"@type":"Article","@id":"https:\/\/juacontecimentos.com.br\/site\/sabado-de-natal-em-catalao-governo-de-goias-e-ovg-distribuem-brinquedos-em-acao-solidaria\/#article","isPartOf":{"@id":"https:\/\/juacontecimentos.com.br\/site\/sabado-de-natal-em-catalao-governo-de-goias-e-ovg-distribuem-brinquedos-em-acao-solidaria\/"},"author":{"name":"Reginaldo Ribeiro","@id":"https:\/\/juacontecimentos.com.br\/site\/#\/schema\/person\/082a54e6d3fdd7a633291428521c9669"},"headline":"S\u00e1bado de Natal em Catal\u00e3o: Governo de Goi\u00e1s e OVG distribuem brinquedos em a\u00e7\u00e3o solid\u00e1ria","datePublished":"2025-11-29T19:43:27+00:00","dateModified":"2025-11-29T20:16:30+00:00","mainEntityOfPage":{"@id":"https:\/\/juacontecimentos.com.br\/site\/sabado-de-natal-em-catalao-governo-de-goias-e-ovg-distribuem-brinquedos-em-acao-solidaria\/"},"wordCount":489,"publisher":{"@id":"https:\/\/juacontecimentos.com.br\/site\/#organization"},"image":{"@id":"https:\/\/juacontecimentos.com.br\/site\/sabado-de-natal-em-catalao-governo-de-goias-e-ovg-distribuem-brinquedos-em-acao-solidaria\/#primaryimage"},"thumbnailUrl":"https:\/\/juacontecimentos.com.br\/site\/wp-content\/uploads\/2025\/11\/ggggggggg.jpg","articleSection":["Brasil","Catal\u00e3o","Destaque","Goi\u00e1s"],"inLanguage":"pt-BR"},{"@type":"WebPage","@id":"https:\/\/juacontecimentos.com.br\/site\/sabado-de-natal-em-catalao-governo-de-goias-e-ovg-distribuem-brinquedos-em-acao-solidaria\/","url":"https:\/\/juacontecimentos.com.br\/site\/sabado-de-natal-em-catalao-governo-de-goias-e-ovg-distribuem-brinquedos-em-acao-solidaria\/","name":"S\u00e1bado de Natal em Catal\u00e3o: Governo de Goi\u00e1s e OVG distribuem brinquedos em a\u00e7\u00e3o solid\u00e1ria - Jornal Ultimos Acontecimentos","isPartOf":{"@id":"https:\/\/juacontecimentos.com.br\/site\/#website"},"primaryImageOfPage":{"@id":"https:\/\/juacontecimentos.com.br\/site\/sabado-de-natal-em-catalao-governo-de-goias-e-ovg-distribuem-brinquedos-em-acao-solidaria\/#primaryimage"},"image":{"@id":"https:\/\/juacontecimentos.com.br\/site\/sabado-de-natal-em-catalao-governo-de-goias-e-ovg-distribuem-brinquedos-em-acao-solidaria\/#primaryimage"},"thumbnailUrl":"https:\/\/juacontecimentos.com.br\/site\/wp-content\/uploads\/2025\/11\/ggggggggg.jpg","datePublished":"2025-11-29T19:43:27+00:00","dateModified":"2025-11-29T20:16:30+00:00","breadcrumb":{"@id":"https:\/\/juacontecimentos.com.br\/site\/sabado-de-natal-em-catalao-governo-de-goias-e-ovg-distribuem-brinquedos-em-acao-solidaria\/#breadcrumb"},"inLanguage":"pt-BR","potentialAction":[{"@type":"ReadAction","target":["https:\/\/juacontecimentos.com.br\/site\/sabado-de-natal-em-catalao-governo-de-goias-e-ovg-distribuem-brinquedos-em-acao-solidaria\/"]}]},{"@type":"ImageObject","inLanguage":"pt-BR","@id":"https:\/\/juacontecimentos.com.br\/site\/sabado-de-natal-em-catalao-governo-de-goias-e-ovg-distribuem-brinquedos-em-acao-solidaria\/#primaryimage","url":"https:\/\/juacontecimentos.com.br\/site\/wp-content\/uploads\/2025\/11\/ggggggggg.jpg","contentUrl":"https:\/\/juacontecimentos.com.br\/site\/wp-content\/uploads\/2025\/11\/ggggggggg.jpg","width":2035,"height":1054},{"@type":"BreadcrumbList","@id":"https:\/\/juacontecimentos.com.br\/site\/sabado-de-natal-em-catalao-governo-de-goias-e-ovg-distribuem-brinquedos-em-acao-solidaria\/#breadcrumb","itemListElement":[{"@type":"ListItem","position":1,"name":"In\u00edcio","item":"https:\/\/juacontecimentos.com.br\/site\/"},{"@type":"ListItem","position":2,"name":"S\u00e1bado de Natal em Catal\u00e3o: Governo de Goi\u00e1s e OVG distribuem brinquedos em a\u00e7\u00e3o solid\u00e1ria"}]},{"@type":"WebSite","@id":"https:\/\/juacontecimentos.com.br\/site\/#website","url":"https:\/\/juacontecimentos.com.br\/site\/","name":"Jornal Ultimos Acontecimentos","description":"Catal\u00e3o e regi\u00e3o","publisher":{"@id":"https:\/\/juacontecimentos.com.br\/site\/#organization"},"potentialAction":[{"@type":"SearchAction","target":{"@type":"EntryPoint","urlTemplate":"https:\/\/juacontecimentos.com.br\/site\/?s={search_term_string}"},"query-input":{"@type":"PropertyValueSpecification","valueRequired":true,"valueName":"search_term_string"}}],"inLanguage":"pt-BR"},{"@type":"Organization","@id":"https:\/\/juacontecimentos.com.br\/site\/#organization","name":"Jornal Ultimos Acontecimentos","url":"https:\/\/juacontecimentos.com.br\/site\/","logo":{"@type":"ImageObject","inLanguage":"pt-BR","@id":"https:\/\/juacontecimentos.com.br\/site\/#\/schema\/logo\/image\/","url":"https:\/\/juacontecimentos.com.br\/site\/wp-content\/uploads\/2023\/04\/Logo_Site.png","contentUrl":"https:\/\/juacontecimentos.com.br\/site\/wp-content\/uploads\/2023\/04\/Logo_Site.png","width":2476,"height":530,"caption":"Jornal Ultimos Acontecimentos"},"image":{"@id":"https:\/\/juacontecimentos.com.br\/site\/#\/schema\/logo\/image\/"},"sameAs":["https:\/\/www.facebook.com\/jultimosacontecimentos\/"]},{"@type":"Person","@id":"https:\/\/juacontecimentos.com.br\/site\/#\/schema\/person\/082a54e6d3fdd7a633291428521c9669","name":"Reginaldo Ribeiro","image":{"@type":"ImageObject","inLanguage":"pt-BR","@id":"https:\/\/juacontecimentos.com.br\/site\/#\/schema\/person\/image\/","url":"https:\/\/secure.gravatar.com\/avatar\/5c16c6837c3490270a74d888c2a845728f06bdde1f8761de1de1d1d1ef82d12f?s=96&d=mm&r=g","contentUrl":"https:\/\/secure.gravatar.com\/avatar\/5c16c6837c3490270a74d888c2a845728f06bdde1f8761de1de1d1d1ef82d12f?s=96&d=mm&r=g","caption":"Reginaldo Ribeiro"}}]}},"_links":{"self":[{"href":"https:\/\/juacontecimentos.com.br\/site\/wp-json\/wp\/v2\/posts\/47369","targetHints":{"allow":["GET"]}}],"collection":[{"href":"https:\/\/juacontecimentos.com.br\/site\/wp-json\/wp\/v2\/posts"}],"about":[{"href":"https:\/\/juacontecimentos.com.br\/site\/wp-json\/wp\/v2\/types\/post"}],"author":[{"embeddable":true,"href":"https:\/\/juacontecimentos.com.br\/site\/wp-json\/wp\/v2\/users\/2"}],"replies":[{"embeddable":true,"href":"https:\/\/juacontecimentos.com.br\/site\/wp-json\/wp\/v2\/comments?post=47369"}],"version-history":[{"count":4,"href":"https:\/\/juacontecimentos.com.br\/site\/wp-json\/wp\/v2\/posts\/47369\/revisions"}],"predecessor-version":[{"id":47377,"href":"https:\/\/juacontecimentos.com.br\/site\/wp-json\/wp\/v2\/posts\/47369\/revisions\/47377"}],"wp:featuredmedia":[{"embeddable":true,"href":"https:\/\/juacontecimentos.com.br\/site\/wp-json\/wp\/v2\/media\/47380"}],"wp:attachment":[{"href":"https:\/\/juacontecimentos.com.br\/site\/wp-json\/wp\/v2\/media?parent=47369"}],"wp:term":[{"taxonomy":"category","embeddable":true,"href":"https:\/\/juacontecimentos.com.br\/site\/wp-json\/wp\/v2\/categories?post=47369"},{"taxonomy":"post_tag","embeddable":true,"href":"https:\/\/juacontecimentos.com.br\/site\/wp-json\/wp\/v2\/tags?post=47369"}],"curies":[{"name":"wp","href":"https:\/\/api.w.org\/{rel}","templated":true}]}}