{"id":47381,"date":"2025-12-01T11:34:59","date_gmt":"2025-12-01T14:34:59","guid":{"rendered":"https:\/\/juacontecimentos.com.br\/site\/?p=47381"},"modified":"2025-12-01T11:46:03","modified_gmt":"2025-12-01T14:46:03","slug":"prefeitura-de-ouvidor-inicia-amplo-manejo-ambiental-pelo-residencial-cecilia","status":"publish","type":"post","link":"https:\/\/juacontecimentos.com.br\/site\/prefeitura-de-ouvidor-inicia-amplo-manejo-ambiental-pelo-residencial-cecilia\/","title":{"rendered":"Prefeitura de Ouvidor Inicia Amplo Manejo Ambiental pelo Residencial Cec\u00edlia"},"content":{"rendered":"<p><img loading=\"lazy\" decoding=\"async\" class=\"alignnone size-full wp-image-47387\" src=\"https:\/\/juacontecimentos.com.br\/site\/wp-content\/uploads\/2025\/12\/da5ce892-d367-4906-99a8-1817f1c19ca2.jpeg\" alt=\"\" width=\"1600\" height=\"1066\" srcset=\"https:\/\/juacontecimentos.com.br\/site\/wp-content\/uploads\/2025\/12\/da5ce892-d367-4906-99a8-1817f1c19ca2.jpeg 1600w, https:\/\/juacontecimentos.com.br\/site\/wp-content\/uploads\/2025\/12\/da5ce892-d367-4906-99a8-1817f1c19ca2-300x200.jpeg 300w, https:\/\/juacontecimentos.com.br\/site\/wp-content\/uploads\/2025\/12\/da5ce892-d367-4906-99a8-1817f1c19ca2-1024x682.jpeg 1024w, https:\/\/juacontecimentos.com.br\/site\/wp-content\/uploads\/2025\/12\/da5ce892-d367-4906-99a8-1817f1c19ca2-768x512.jpeg 768w, https:\/\/juacontecimentos.com.br\/site\/wp-content\/uploads\/2025\/12\/da5ce892-d367-4906-99a8-1817f1c19ca2-1536x1023.jpeg 1536w\" sizes=\"auto, (max-width: 1600px) 100vw, 1600px\" \/><\/p>\n<p>A Prefeitura de Ouvidor deu in\u00edcio nesta segunda-feira (1\u00ba) a uma a\u00e7\u00e3o de grande import\u00e2ncia para a sa\u00fade p\u00fablica do munic\u00edpio: o Manejo Ambiental. A mobiliza\u00e7\u00e3o, realizada pela Secretaria Municipal de Sa\u00fade com apoio direto dos agentes de sa\u00fade, come\u00e7ou no Residencial Cec\u00edlia e seguir\u00e1 por todos os bairros da cidade, com o objetivo principal de combater o mosquito <em>Aedes aegypti<\/em>, transmissor da dengue, zika e chikungunya.<\/p>\n<p>A iniciativa prev\u00ea a elimina\u00e7\u00e3o de criadouros do mosquito, a limpeza de \u00e1reas p\u00fablicas e privadas, al\u00e9m da orienta\u00e7\u00e3o constante \u00e0 popula\u00e7\u00e3o sobre pr\u00e1ticas preventivas. Os profissionais envolvidos est\u00e3o realizando vistorias, recolhendo materiais que possam acumular \u00e1gua e conscientizando moradores sobre a import\u00e2ncia de manter quintais e terrenos livres de entulhos.<\/p>\n<p>Para a gest\u00e3o municipal, o trabalho integrado entre as equipes e a participa\u00e7\u00e3o dos moradores \u00e9 fundamental para o sucesso da a\u00e7\u00e3o. O vice-prefeito e secret\u00e1rio de Obras, Nelci C\u00e2ndido, destacou o compromisso da administra\u00e7\u00e3o com a sa\u00fade da popula\u00e7\u00e3o e refor\u00e7ou que a preven\u00e7\u00e3o come\u00e7a pela manuten\u00e7\u00e3o da limpeza urbana.<\/p>\n<p><img loading=\"lazy\" decoding=\"async\" class=\"alignnone size-full wp-image-47388\" src=\"https:\/\/juacontecimentos.com.br\/site\/wp-content\/uploads\/2025\/12\/ebcf0a8f-032f-42fe-9a7f-3d3a573eddaa.jpeg\" alt=\"\" width=\"1600\" height=\"1066\" srcset=\"https:\/\/juacontecimentos.com.br\/site\/wp-content\/uploads\/2025\/12\/ebcf0a8f-032f-42fe-9a7f-3d3a573eddaa.jpeg 1600w, https:\/\/juacontecimentos.com.br\/site\/wp-content\/uploads\/2025\/12\/ebcf0a8f-032f-42fe-9a7f-3d3a573eddaa-300x200.jpeg 300w, https:\/\/juacontecimentos.com.br\/site\/wp-content\/uploads\/2025\/12\/ebcf0a8f-032f-42fe-9a7f-3d3a573eddaa-1024x682.jpeg 1024w, https:\/\/juacontecimentos.com.br\/site\/wp-content\/uploads\/2025\/12\/ebcf0a8f-032f-42fe-9a7f-3d3a573eddaa-768x512.jpeg 768w, https:\/\/juacontecimentos.com.br\/site\/wp-content\/uploads\/2025\/12\/ebcf0a8f-032f-42fe-9a7f-3d3a573eddaa-1536x1023.jpeg 1536w\" sizes=\"auto, (max-width: 1600px) 100vw, 1600px\" \/><\/p>\n<p>\u201cNossa gest\u00e3o entende que a sa\u00fade p\u00fablica passa diretamente pela manuten\u00e7\u00e3o e limpeza da cidade. A Secretaria de Obras est\u00e1 empenhada em dar todo o suporte necess\u00e1rio, trabalhando lado a lado com a Sa\u00fade e os agentes para garantir que as a\u00e7\u00f5es de manejo ambiental sejam eficazes. Estamos nas ruas, cuidando dos espa\u00e7os p\u00fablicos e privados, pois uma cidade limpa \u00e9 uma cidade mais segura e saud\u00e1vel para todos. Contamos com a colabora\u00e7\u00e3o da popula\u00e7\u00e3o para que juntos possamos vencer a dengue\u201d, afirmou.<\/p>\n<p>A secret\u00e1ria de Sa\u00fade, Grayce Am\u00e9lia, tamb\u00e9m ressaltou a import\u00e2ncia do engajamento comunit\u00e1rio durante o trabalho preventivo. Segundo ela, o manejo ambiental \u00e9 uma das estrat\u00e9gias mais eficientes para combater o <em>Aedes aegypti<\/em>, mas o resultado depende diretamente da contribui\u00e7\u00e3o de cada morador na elimina\u00e7\u00e3o de recipientes que possam acumular \u00e1gua.<\/p>\n<p>O cronograma de atividades seguir\u00e1 avan\u00e7ando para os demais bairros ao longo das pr\u00f3ximas semanas, refor\u00e7ando o compromisso do munic\u00edpio com a prote\u00e7\u00e3o da sa\u00fade p\u00fablica e com o enfrentamento \u00e0s doen\u00e7as transmitidas pelo mosquito. A Prefeitura refor\u00e7a ainda o apelo para que a popula\u00e7\u00e3o receba os agentes, siga as orienta\u00e7\u00f5es repassadas e mantenha seus espa\u00e7os limpos e sem res\u00edduos que favore\u00e7am o desenvolvimento do vetor.<\/p>\n<p>A a\u00e7\u00e3o no Residencial Cec\u00edlia marca o in\u00edcio de uma mobiliza\u00e7\u00e3o que pretende alcan\u00e7ar toda a cidade, unindo poder p\u00fablico e comunidade em uma luta cont\u00ednua pela preven\u00e7\u00e3o e bem-estar dos ouvidorenses.<\/p>\n<p>\n<p><span class=\"selectable-text copyable-text xkrh14z\">Fotos: Wilson <\/span><\/p>\n<p><img loading=\"lazy\" decoding=\"async\" class=\"alignnone wp-image-47383 size-full\" src=\"https:\/\/juacontecimentos.com.br\/site\/wp-content\/uploads\/2025\/12\/08c2598f-14fa-4c4a-9db5-a56bb3a33b1e-e1764599923226.jpeg\" alt=\"\" width=\"1066\" height=\"973\" srcset=\"https:\/\/juacontecimentos.com.br\/site\/wp-content\/uploads\/2025\/12\/08c2598f-14fa-4c4a-9db5-a56bb3a33b1e-e1764599923226.jpeg 1066w, https:\/\/juacontecimentos.com.br\/site\/wp-content\/uploads\/2025\/12\/08c2598f-14fa-4c4a-9db5-a56bb3a33b1e-e1764599923226-300x274.jpeg 300w, https:\/\/juacontecimentos.com.br\/site\/wp-content\/uploads\/2025\/12\/08c2598f-14fa-4c4a-9db5-a56bb3a33b1e-e1764599923226-1024x935.jpeg 1024w, https:\/\/juacontecimentos.com.br\/site\/wp-content\/uploads\/2025\/12\/08c2598f-14fa-4c4a-9db5-a56bb3a33b1e-e1764599923226-768x701.jpeg 768w\" sizes=\"auto, (max-width: 1066px) 100vw, 1066px\" \/> <img loading=\"lazy\" decoding=\"async\" class=\"alignnone wp-image-47384 size-full\" src=\"https:\/\/juacontecimentos.com.br\/site\/wp-content\/uploads\/2025\/12\/41cb0f46-e899-4490-8940-e7f4254a3aa0-e1764599961471.jpeg\" alt=\"\" width=\"1066\" height=\"837\" srcset=\"https:\/\/juacontecimentos.com.br\/site\/wp-content\/uploads\/2025\/12\/41cb0f46-e899-4490-8940-e7f4254a3aa0-e1764599961471.jpeg 1066w, https:\/\/juacontecimentos.com.br\/site\/wp-content\/uploads\/2025\/12\/41cb0f46-e899-4490-8940-e7f4254a3aa0-e1764599961471-300x236.jpeg 300w, https:\/\/juacontecimentos.com.br\/site\/wp-content\/uploads\/2025\/12\/41cb0f46-e899-4490-8940-e7f4254a3aa0-e1764599961471-1024x804.jpeg 1024w, https:\/\/juacontecimentos.com.br\/site\/wp-content\/uploads\/2025\/12\/41cb0f46-e899-4490-8940-e7f4254a3aa0-e1764599961471-768x603.jpeg 768w\" sizes=\"auto, (max-width: 1066px) 100vw, 1066px\" \/> <img loading=\"lazy\" decoding=\"async\" class=\"alignnone size-full wp-image-47385\" src=\"https:\/\/juacontecimentos.com.br\/site\/wp-content\/uploads\/2025\/12\/064bc11f-5200-497a-9aff-95b5e13c4c20.jpeg\" alt=\"\" width=\"1599\" height=\"899\" srcset=\"https:\/\/juacontecimentos.com.br\/site\/wp-content\/uploads\/2025\/12\/064bc11f-5200-497a-9aff-95b5e13c4c20.jpeg 1599w, https:\/\/juacontecimentos.com.br\/site\/wp-content\/uploads\/2025\/12\/064bc11f-5200-497a-9aff-95b5e13c4c20-300x169.jpeg 300w, https:\/\/juacontecimentos.com.br\/site\/wp-content\/uploads\/2025\/12\/064bc11f-5200-497a-9aff-95b5e13c4c20-1024x576.jpeg 1024w, https:\/\/juacontecimentos.com.br\/site\/wp-content\/uploads\/2025\/12\/064bc11f-5200-497a-9aff-95b5e13c4c20-768x432.jpeg 768w, https:\/\/juacontecimentos.com.br\/site\/wp-content\/uploads\/2025\/12\/064bc11f-5200-497a-9aff-95b5e13c4c20-1536x864.jpeg 1536w\" sizes=\"auto, (max-width: 1599px) 100vw, 1599px\" \/> <img loading=\"lazy\" decoding=\"async\" class=\"alignnone size-full wp-image-47386\" src=\"https:\/\/juacontecimentos.com.br\/site\/wp-content\/uploads\/2025\/12\/b40aacbd-54fe-4fd6-acaa-44001e06659d.jpeg\" alt=\"\" width=\"1600\" height=\"1066\" srcset=\"https:\/\/juacontecimentos.com.br\/site\/wp-content\/uploads\/2025\/12\/b40aacbd-54fe-4fd6-acaa-44001e06659d.jpeg 1600w, https:\/\/juacontecimentos.com.br\/site\/wp-content\/uploads\/2025\/12\/b40aacbd-54fe-4fd6-acaa-44001e06659d-300x200.jpeg 300w, https:\/\/juacontecimentos.com.br\/site\/wp-content\/uploads\/2025\/12\/b40aacbd-54fe-4fd6-acaa-44001e06659d-1024x682.jpeg 1024w, https:\/\/juacontecimentos.com.br\/site\/wp-content\/uploads\/2025\/12\/b40aacbd-54fe-4fd6-acaa-44001e06659d-768x512.jpeg 768w, https:\/\/juacontecimentos.com.br\/site\/wp-content\/uploads\/2025\/12\/b40aacbd-54fe-4fd6-acaa-44001e06659d-1536x1023.jpeg 1536w\" sizes=\"auto, (max-width: 1600px) 100vw, 1600px\" \/> <img loading=\"lazy\" decoding=\"async\" class=\"alignnone size-full wp-image-47387\" src=\"https:\/\/juacontecimentos.com.br\/site\/wp-content\/uploads\/2025\/12\/da5ce892-d367-4906-99a8-1817f1c19ca2.jpeg\" alt=\"\" width=\"1600\" height=\"1066\" srcset=\"https:\/\/juacontecimentos.com.br\/site\/wp-content\/uploads\/2025\/12\/da5ce892-d367-4906-99a8-1817f1c19ca2.jpeg 1600w, https:\/\/juacontecimentos.com.br\/site\/wp-content\/uploads\/2025\/12\/da5ce892-d367-4906-99a8-1817f1c19ca2-300x200.jpeg 300w, https:\/\/juacontecimentos.com.br\/site\/wp-content\/uploads\/2025\/12\/da5ce892-d367-4906-99a8-1817f1c19ca2-1024x682.jpeg 1024w, https:\/\/juacontecimentos.com.br\/site\/wp-content\/uploads\/2025\/12\/da5ce892-d367-4906-99a8-1817f1c19ca2-768x512.jpeg 768w, https:\/\/juacontecimentos.com.br\/site\/wp-content\/uploads\/2025\/12\/da5ce892-d367-4906-99a8-1817f1c19ca2-1536x1023.jpeg 1536w\" sizes=\"auto, (max-width: 1600px) 100vw, 1600px\" \/> <img loading=\"lazy\" decoding=\"async\" class=\"alignnone size-full wp-image-47388\" src=\"https:\/\/juacontecimentos.com.br\/site\/wp-content\/uploads\/2025\/12\/ebcf0a8f-032f-42fe-9a7f-3d3a573eddaa.jpeg\" alt=\"\" width=\"1600\" height=\"1066\" srcset=\"https:\/\/juacontecimentos.com.br\/site\/wp-content\/uploads\/2025\/12\/ebcf0a8f-032f-42fe-9a7f-3d3a573eddaa.jpeg 1600w, https:\/\/juacontecimentos.com.br\/site\/wp-content\/uploads\/2025\/12\/ebcf0a8f-032f-42fe-9a7f-3d3a573eddaa-300x200.jpeg 300w, https:\/\/juacontecimentos.com.br\/site\/wp-content\/uploads\/2025\/12\/ebcf0a8f-032f-42fe-9a7f-3d3a573eddaa-1024x682.jpeg 1024w, https:\/\/juacontecimentos.com.br\/site\/wp-content\/uploads\/2025\/12\/ebcf0a8f-032f-42fe-9a7f-3d3a573eddaa-768x512.jpeg 768w, https:\/\/juacontecimentos.com.br\/site\/wp-content\/uploads\/2025\/12\/ebcf0a8f-032f-42fe-9a7f-3d3a573eddaa-1536x1023.jpeg 1536w\" sizes=\"auto, (max-width: 1600px) 100vw, 1600px\" \/><\/p>\n","protected":false},"excerpt":{"rendered":"<p>A Prefeitura de Ouvidor deu in\u00edcio nesta segunda-feira (1\u00ba) a uma a\u00e7\u00e3o de grande import\u00e2ncia para a sa\u00fade p\u00fablica do munic\u00edpio: o Manejo Ambiental. A mobiliza\u00e7\u00e3o, realizada pela Secretaria Municipal de Sa\u00fade com apoio direto dos agentes de sa\u00fade, come\u00e7ou no Residencial Cec\u00edlia e seguir\u00e1 por todos os bairros da cidade, com o objetivo principal<\/p>\n","protected":false},"author":2,"featured_media":47387,"comment_status":"closed","ping_status":"closed","sticky":false,"template":"","format":"standard","meta":{"footnotes":""},"categories":[27,22,26,23],"tags":[],"class_list":["post-47381","post","type-post","status-publish","format-standard","has-post-thumbnail","hentry","category-brasil","category-catalao","category-destaque","category-goias"],"yoast_head":"<!-- This site is optimized with the Yoast SEO plugin v25.8 - https:\/\/yoast.com\/wordpress\/plugins\/seo\/ -->\n<title>Prefeitura de Ouvidor Inicia Amplo Manejo Ambiental pelo Residencial Cec\u00edlia - Jornal Ultimos Acontecimentos<\/title>\n<meta name=\"robots\" content=\"index, follow, max-snippet:-1, max-image-preview:large, max-video-preview:-1\" \/>\n<link rel=\"canonical\" href=\"https:\/\/juacontecimentos.com.br\/site\/prefeitura-de-ouvidor-inicia-amplo-manejo-ambiental-pelo-residencial-cecilia\/\" \/>\n<meta property=\"og:locale\" content=\"pt_BR\" \/>\n<meta property=\"og:type\" content=\"article\" \/>\n<meta property=\"og:title\" content=\"Prefeitura de Ouvidor Inicia Amplo Manejo Ambiental pelo Residencial Cec\u00edlia - Jornal Ultimos Acontecimentos\" \/>\n<meta property=\"og:description\" content=\"A Prefeitura de Ouvidor deu in\u00edcio nesta segunda-feira (1\u00ba) a uma a\u00e7\u00e3o de grande import\u00e2ncia para a sa\u00fade p\u00fablica do munic\u00edpio: o Manejo Ambiental. A mobiliza\u00e7\u00e3o, realizada pela Secretaria Municipal de Sa\u00fade com apoio direto dos agentes de sa\u00fade, come\u00e7ou no Residencial Cec\u00edlia e seguir\u00e1 por todos os bairros da cidade, com o objetivo principal\" \/>\n<meta property=\"og:url\" content=\"https:\/\/juacontecimentos.com.br\/site\/prefeitura-de-ouvidor-inicia-amplo-manejo-ambiental-pelo-residencial-cecilia\/\" \/>\n<meta property=\"og:site_name\" content=\"Jornal Ultimos Acontecimentos\" \/>\n<meta property=\"article:publisher\" content=\"https:\/\/www.facebook.com\/jultimosacontecimentos\/\" \/>\n<meta property=\"article:published_time\" content=\"2025-12-01T14:34:59+00:00\" \/>\n<meta property=\"article:modified_time\" content=\"2025-12-01T14:46:03+00:00\" \/>\n<meta property=\"og:image\" content=\"https:\/\/juacontecimentos.com.br\/site\/wp-content\/uploads\/2025\/12\/da5ce892-d367-4906-99a8-1817f1c19ca2.jpeg\" \/>\n\t<meta property=\"og:image:width\" content=\"1600\" \/>\n\t<meta property=\"og:image:height\" content=\"1066\" \/>\n\t<meta property=\"og:image:type\" content=\"image\/jpeg\" \/>\n<meta name=\"author\" content=\"Reginaldo Ribeiro\" \/>\n<meta name=\"twitter:card\" content=\"summary_large_image\" \/>\n<meta name=\"twitter:label1\" content=\"Escrito por\" \/>\n\t<meta name=\"twitter:data1\" content=\"Reginaldo Ribeiro\" \/>\n\t<meta name=\"twitter:label2\" content=\"Est. tempo de leitura\" \/>\n\t<meta name=\"twitter:data2\" content=\"4 minutos\" \/>\n<script type=\"application\/ld+json\" class=\"yoast-schema-graph\">{\"@context\":\"https:\/\/schema.org\",\"@graph\":[{\"@type\":\"Article\",\"@id\":\"https:\/\/juacontecimentos.com.br\/site\/prefeitura-de-ouvidor-inicia-amplo-manejo-ambiental-pelo-residencial-cecilia\/#article\",\"isPartOf\":{\"@id\":\"https:\/\/juacontecimentos.com.br\/site\/prefeitura-de-ouvidor-inicia-amplo-manejo-ambiental-pelo-residencial-cecilia\/\"},\"author\":{\"name\":\"Reginaldo Ribeiro\",\"@id\":\"https:\/\/juacontecimentos.com.br\/site\/#\/schema\/person\/082a54e6d3fdd7a633291428521c9669\"},\"headline\":\"Prefeitura de Ouvidor Inicia Amplo Manejo Ambiental pelo Residencial Cec\u00edlia\",\"datePublished\":\"2025-12-01T14:34:59+00:00\",\"dateModified\":\"2025-12-01T14:46:03+00:00\",\"mainEntityOfPage\":{\"@id\":\"https:\/\/juacontecimentos.com.br\/site\/prefeitura-de-ouvidor-inicia-amplo-manejo-ambiental-pelo-residencial-cecilia\/\"},\"wordCount\":483,\"publisher\":{\"@id\":\"https:\/\/juacontecimentos.com.br\/site\/#organization\"},\"image\":{\"@id\":\"https:\/\/juacontecimentos.com.br\/site\/prefeitura-de-ouvidor-inicia-amplo-manejo-ambiental-pelo-residencial-cecilia\/#primaryimage\"},\"thumbnailUrl\":\"https:\/\/juacontecimentos.com.br\/site\/wp-content\/uploads\/2025\/12\/da5ce892-d367-4906-99a8-1817f1c19ca2.jpeg\",\"articleSection\":[\"Brasil\",\"Catal\u00e3o\",\"Destaque\",\"Goi\u00e1s\"],\"inLanguage\":\"pt-BR\"},{\"@type\":\"WebPage\",\"@id\":\"https:\/\/juacontecimentos.com.br\/site\/prefeitura-de-ouvidor-inicia-amplo-manejo-ambiental-pelo-residencial-cecilia\/\",\"url\":\"https:\/\/juacontecimentos.com.br\/site\/prefeitura-de-ouvidor-inicia-amplo-manejo-ambiental-pelo-residencial-cecilia\/\",\"name\":\"Prefeitura de Ouvidor Inicia Amplo Manejo Ambiental pelo Residencial Cec\u00edlia - Jornal Ultimos Acontecimentos\",\"isPartOf\":{\"@id\":\"https:\/\/juacontecimentos.com.br\/site\/#website\"},\"primaryImageOfPage\":{\"@id\":\"https:\/\/juacontecimentos.com.br\/site\/prefeitura-de-ouvidor-inicia-amplo-manejo-ambiental-pelo-residencial-cecilia\/#primaryimage\"},\"image\":{\"@id\":\"https:\/\/juacontecimentos.com.br\/site\/prefeitura-de-ouvidor-inicia-amplo-manejo-ambiental-pelo-residencial-cecilia\/#primaryimage\"},\"thumbnailUrl\":\"https:\/\/juacontecimentos.com.br\/site\/wp-content\/uploads\/2025\/12\/da5ce892-d367-4906-99a8-1817f1c19ca2.jpeg\",\"datePublished\":\"2025-12-01T14:34:59+00:00\",\"dateModified\":\"2025-12-01T14:46:03+00:00\",\"breadcrumb\":{\"@id\":\"https:\/\/juacontecimentos.com.br\/site\/prefeitura-de-ouvidor-inicia-amplo-manejo-ambiental-pelo-residencial-cecilia\/#breadcrumb\"},\"inLanguage\":\"pt-BR\",\"potentialAction\":[{\"@type\":\"ReadAction\",\"target\":[\"https:\/\/juacontecimentos.com.br\/site\/prefeitura-de-ouvidor-inicia-amplo-manejo-ambiental-pelo-residencial-cecilia\/\"]}]},{\"@type\":\"ImageObject\",\"inLanguage\":\"pt-BR\",\"@id\":\"https:\/\/juacontecimentos.com.br\/site\/prefeitura-de-ouvidor-inicia-amplo-manejo-ambiental-pelo-residencial-cecilia\/#primaryimage\",\"url\":\"https:\/\/juacontecimentos.com.br\/site\/wp-content\/uploads\/2025\/12\/da5ce892-d367-4906-99a8-1817f1c19ca2.jpeg\",\"contentUrl\":\"https:\/\/juacontecimentos.com.br\/site\/wp-content\/uploads\/2025\/12\/da5ce892-d367-4906-99a8-1817f1c19ca2.jpeg\",\"width\":1600,\"height\":1066},{\"@type\":\"BreadcrumbList\",\"@id\":\"https:\/\/juacontecimentos.com.br\/site\/prefeitura-de-ouvidor-inicia-amplo-manejo-ambiental-pelo-residencial-cecilia\/#breadcrumb\",\"itemListElement\":[{\"@type\":\"ListItem\",\"position\":1,\"name\":\"In\u00edcio\",\"item\":\"https:\/\/juacontecimentos.com.br\/site\/\"},{\"@type\":\"ListItem\",\"position\":2,\"name\":\"Prefeitura de Ouvidor Inicia Amplo Manejo Ambiental pelo Residencial Cec\u00edlia\"}]},{\"@type\":\"WebSite\",\"@id\":\"https:\/\/juacontecimentos.com.br\/site\/#website\",\"url\":\"https:\/\/juacontecimentos.com.br\/site\/\",\"name\":\"Jornal Ultimos Acontecimentos\",\"description\":\"Catal\u00e3o e regi\u00e3o\",\"publisher\":{\"@id\":\"https:\/\/juacontecimentos.com.br\/site\/#organization\"},\"potentialAction\":[{\"@type\":\"SearchAction\",\"target\":{\"@type\":\"EntryPoint\",\"urlTemplate\":\"https:\/\/juacontecimentos.com.br\/site\/?s={search_term_string}\"},\"query-input\":{\"@type\":\"PropertyValueSpecification\",\"valueRequired\":true,\"valueName\":\"search_term_string\"}}],\"inLanguage\":\"pt-BR\"},{\"@type\":\"Organization\",\"@id\":\"https:\/\/juacontecimentos.com.br\/site\/#organization\",\"name\":\"Jornal Ultimos Acontecimentos\",\"url\":\"https:\/\/juacontecimentos.com.br\/site\/\",\"logo\":{\"@type\":\"ImageObject\",\"inLanguage\":\"pt-BR\",\"@id\":\"https:\/\/juacontecimentos.com.br\/site\/#\/schema\/logo\/image\/\",\"url\":\"https:\/\/juacontecimentos.com.br\/site\/wp-content\/uploads\/2023\/04\/Logo_Site.png\",\"contentUrl\":\"https:\/\/juacontecimentos.com.br\/site\/wp-content\/uploads\/2023\/04\/Logo_Site.png\",\"width\":2476,\"height\":530,\"caption\":\"Jornal Ultimos Acontecimentos\"},\"image\":{\"@id\":\"https:\/\/juacontecimentos.com.br\/site\/#\/schema\/logo\/image\/\"},\"sameAs\":[\"https:\/\/www.facebook.com\/jultimosacontecimentos\/\"]},{\"@type\":\"Person\",\"@id\":\"https:\/\/juacontecimentos.com.br\/site\/#\/schema\/person\/082a54e6d3fdd7a633291428521c9669\",\"name\":\"Reginaldo Ribeiro\",\"image\":{\"@type\":\"ImageObject\",\"inLanguage\":\"pt-BR\",\"@id\":\"https:\/\/juacontecimentos.com.br\/site\/#\/schema\/person\/image\/\",\"url\":\"https:\/\/secure.gravatar.com\/avatar\/5c16c6837c3490270a74d888c2a845728f06bdde1f8761de1de1d1d1ef82d12f?s=96&d=mm&r=g\",\"contentUrl\":\"https:\/\/secure.gravatar.com\/avatar\/5c16c6837c3490270a74d888c2a845728f06bdde1f8761de1de1d1d1ef82d12f?s=96&d=mm&r=g\",\"caption\":\"Reginaldo Ribeiro\"}}]}<\/script>\n<!-- \/ Yoast SEO plugin. -->","yoast_head_json":{"title":"Prefeitura de Ouvidor Inicia Amplo Manejo Ambiental pelo Residencial Cec\u00edlia - Jornal Ultimos Acontecimentos","robots":{"index":"index","follow":"follow","max-snippet":"max-snippet:-1","max-image-preview":"max-image-preview:large","max-video-preview":"max-video-preview:-1"},"canonical":"https:\/\/juacontecimentos.com.br\/site\/prefeitura-de-ouvidor-inicia-amplo-manejo-ambiental-pelo-residencial-cecilia\/","og_locale":"pt_BR","og_type":"article","og_title":"Prefeitura de Ouvidor Inicia Amplo Manejo Ambiental pelo Residencial Cec\u00edlia - Jornal Ultimos Acontecimentos","og_description":"A Prefeitura de Ouvidor deu in\u00edcio nesta segunda-feira (1\u00ba) a uma a\u00e7\u00e3o de grande import\u00e2ncia para a sa\u00fade p\u00fablica do munic\u00edpio: o Manejo Ambiental. A mobiliza\u00e7\u00e3o, realizada pela Secretaria Municipal de Sa\u00fade com apoio direto dos agentes de sa\u00fade, come\u00e7ou no Residencial Cec\u00edlia e seguir\u00e1 por todos os bairros da cidade, com o objetivo principal","og_url":"https:\/\/juacontecimentos.com.br\/site\/prefeitura-de-ouvidor-inicia-amplo-manejo-ambiental-pelo-residencial-cecilia\/","og_site_name":"Jornal Ultimos Acontecimentos","article_publisher":"https:\/\/www.facebook.com\/jultimosacontecimentos\/","article_published_time":"2025-12-01T14:34:59+00:00","article_modified_time":"2025-12-01T14:46:03+00:00","og_image":[{"width":1600,"height":1066,"url":"https:\/\/juacontecimentos.com.br\/site\/wp-content\/uploads\/2025\/12\/da5ce892-d367-4906-99a8-1817f1c19ca2.jpeg","type":"image\/jpeg"}],"author":"Reginaldo Ribeiro","twitter_card":"summary_large_image","twitter_misc":{"Escrito por":"Reginaldo Ribeiro","Est. tempo de leitura":"4 minutos"},"schema":{"@context":"https:\/\/schema.org","@graph":[{"@type":"Article","@id":"https:\/\/juacontecimentos.com.br\/site\/prefeitura-de-ouvidor-inicia-amplo-manejo-ambiental-pelo-residencial-cecilia\/#article","isPartOf":{"@id":"https:\/\/juacontecimentos.com.br\/site\/prefeitura-de-ouvidor-inicia-amplo-manejo-ambiental-pelo-residencial-cecilia\/"},"author":{"name":"Reginaldo Ribeiro","@id":"https:\/\/juacontecimentos.com.br\/site\/#\/schema\/person\/082a54e6d3fdd7a633291428521c9669"},"headline":"Prefeitura de Ouvidor Inicia Amplo Manejo Ambiental pelo Residencial Cec\u00edlia","datePublished":"2025-12-01T14:34:59+00:00","dateModified":"2025-12-01T14:46:03+00:00","mainEntityOfPage":{"@id":"https:\/\/juacontecimentos.com.br\/site\/prefeitura-de-ouvidor-inicia-amplo-manejo-ambiental-pelo-residencial-cecilia\/"},"wordCount":483,"publisher":{"@id":"https:\/\/juacontecimentos.com.br\/site\/#organization"},"image":{"@id":"https:\/\/juacontecimentos.com.br\/site\/prefeitura-de-ouvidor-inicia-amplo-manejo-ambiental-pelo-residencial-cecilia\/#primaryimage"},"thumbnailUrl":"https:\/\/juacontecimentos.com.br\/site\/wp-content\/uploads\/2025\/12\/da5ce892-d367-4906-99a8-1817f1c19ca2.jpeg","articleSection":["Brasil","Catal\u00e3o","Destaque","Goi\u00e1s"],"inLanguage":"pt-BR"},{"@type":"WebPage","@id":"https:\/\/juacontecimentos.com.br\/site\/prefeitura-de-ouvidor-inicia-amplo-manejo-ambiental-pelo-residencial-cecilia\/","url":"https:\/\/juacontecimentos.com.br\/site\/prefeitura-de-ouvidor-inicia-amplo-manejo-ambiental-pelo-residencial-cecilia\/","name":"Prefeitura de Ouvidor Inicia Amplo Manejo Ambiental pelo Residencial Cec\u00edlia - Jornal Ultimos Acontecimentos","isPartOf":{"@id":"https:\/\/juacontecimentos.com.br\/site\/#website"},"primaryImageOfPage":{"@id":"https:\/\/juacontecimentos.com.br\/site\/prefeitura-de-ouvidor-inicia-amplo-manejo-ambiental-pelo-residencial-cecilia\/#primaryimage"},"image":{"@id":"https:\/\/juacontecimentos.com.br\/site\/prefeitura-de-ouvidor-inicia-amplo-manejo-ambiental-pelo-residencial-cecilia\/#primaryimage"},"thumbnailUrl":"https:\/\/juacontecimentos.com.br\/site\/wp-content\/uploads\/2025\/12\/da5ce892-d367-4906-99a8-1817f1c19ca2.jpeg","datePublished":"2025-12-01T14:34:59+00:00","dateModified":"2025-12-01T14:46:03+00:00","breadcrumb":{"@id":"https:\/\/juacontecimentos.com.br\/site\/prefeitura-de-ouvidor-inicia-amplo-manejo-ambiental-pelo-residencial-cecilia\/#breadcrumb"},"inLanguage":"pt-BR","potentialAction":[{"@type":"ReadAction","target":["https:\/\/juacontecimentos.com.br\/site\/prefeitura-de-ouvidor-inicia-amplo-manejo-ambiental-pelo-residencial-cecilia\/"]}]},{"@type":"ImageObject","inLanguage":"pt-BR","@id":"https:\/\/juacontecimentos.com.br\/site\/prefeitura-de-ouvidor-inicia-amplo-manejo-ambiental-pelo-residencial-cecilia\/#primaryimage","url":"https:\/\/juacontecimentos.com.br\/site\/wp-content\/uploads\/2025\/12\/da5ce892-d367-4906-99a8-1817f1c19ca2.jpeg","contentUrl":"https:\/\/juacontecimentos.com.br\/site\/wp-content\/uploads\/2025\/12\/da5ce892-d367-4906-99a8-1817f1c19ca2.jpeg","width":1600,"height":1066},{"@type":"BreadcrumbList","@id":"https:\/\/juacontecimentos.com.br\/site\/prefeitura-de-ouvidor-inicia-amplo-manejo-ambiental-pelo-residencial-cecilia\/#breadcrumb","itemListElement":[{"@type":"ListItem","position":1,"name":"In\u00edcio","item":"https:\/\/juacontecimentos.com.br\/site\/"},{"@type":"ListItem","position":2,"name":"Prefeitura de Ouvidor Inicia Amplo Manejo Ambiental pelo Residencial Cec\u00edlia"}]},{"@type":"WebSite","@id":"https:\/\/juacontecimentos.com.br\/site\/#website","url":"https:\/\/juacontecimentos.com.br\/site\/","name":"Jornal Ultimos Acontecimentos","description":"Catal\u00e3o e regi\u00e3o","publisher":{"@id":"https:\/\/juacontecimentos.com.br\/site\/#organization"},"potentialAction":[{"@type":"SearchAction","target":{"@type":"EntryPoint","urlTemplate":"https:\/\/juacontecimentos.com.br\/site\/?s={search_term_string}"},"query-input":{"@type":"PropertyValueSpecification","valueRequired":true,"valueName":"search_term_string"}}],"inLanguage":"pt-BR"},{"@type":"Organization","@id":"https:\/\/juacontecimentos.com.br\/site\/#organization","name":"Jornal Ultimos Acontecimentos","url":"https:\/\/juacontecimentos.com.br\/site\/","logo":{"@type":"ImageObject","inLanguage":"pt-BR","@id":"https:\/\/juacontecimentos.com.br\/site\/#\/schema\/logo\/image\/","url":"https:\/\/juacontecimentos.com.br\/site\/wp-content\/uploads\/2023\/04\/Logo_Site.png","contentUrl":"https:\/\/juacontecimentos.com.br\/site\/wp-content\/uploads\/2023\/04\/Logo_Site.png","width":2476,"height":530,"caption":"Jornal Ultimos Acontecimentos"},"image":{"@id":"https:\/\/juacontecimentos.com.br\/site\/#\/schema\/logo\/image\/"},"sameAs":["https:\/\/www.facebook.com\/jultimosacontecimentos\/"]},{"@type":"Person","@id":"https:\/\/juacontecimentos.com.br\/site\/#\/schema\/person\/082a54e6d3fdd7a633291428521c9669","name":"Reginaldo Ribeiro","image":{"@type":"ImageObject","inLanguage":"pt-BR","@id":"https:\/\/juacontecimentos.com.br\/site\/#\/schema\/person\/image\/","url":"https:\/\/secure.gravatar.com\/avatar\/5c16c6837c3490270a74d888c2a845728f06bdde1f8761de1de1d1d1ef82d12f?s=96&d=mm&r=g","contentUrl":"https:\/\/secure.gravatar.com\/avatar\/5c16c6837c3490270a74d888c2a845728f06bdde1f8761de1de1d1d1ef82d12f?s=96&d=mm&r=g","caption":"Reginaldo Ribeiro"}}]}},"_links":{"self":[{"href":"https:\/\/juacontecimentos.com.br\/site\/wp-json\/wp\/v2\/posts\/47381","targetHints":{"allow":["GET"]}}],"collection":[{"href":"https:\/\/juacontecimentos.com.br\/site\/wp-json\/wp\/v2\/posts"}],"about":[{"href":"https:\/\/juacontecimentos.com.br\/site\/wp-json\/wp\/v2\/types\/post"}],"author":[{"embeddable":true,"href":"https:\/\/juacontecimentos.com.br\/site\/wp-json\/wp\/v2\/users\/2"}],"replies":[{"embeddable":true,"href":"https:\/\/juacontecimentos.com.br\/site\/wp-json\/wp\/v2\/comments?post=47381"}],"version-history":[{"count":5,"href":"https:\/\/juacontecimentos.com.br\/site\/wp-json\/wp\/v2\/posts\/47381\/revisions"}],"predecessor-version":[{"id":47392,"href":"https:\/\/juacontecimentos.com.br\/site\/wp-json\/wp\/v2\/posts\/47381\/revisions\/47392"}],"wp:featuredmedia":[{"embeddable":true,"href":"https:\/\/juacontecimentos.com.br\/site\/wp-json\/wp\/v2\/media\/47387"}],"wp:attachment":[{"href":"https:\/\/juacontecimentos.com.br\/site\/wp-json\/wp\/v2\/media?parent=47381"}],"wp:term":[{"taxonomy":"category","embeddable":true,"href":"https:\/\/juacontecimentos.com.br\/site\/wp-json\/wp\/v2\/categories?post=47381"},{"taxonomy":"post_tag","embeddable":true,"href":"https:\/\/juacontecimentos.com.br\/site\/wp-json\/wp\/v2\/tags?post=47381"}],"curies":[{"name":"wp","href":"https:\/\/api.w.org\/{rel}","templated":true}]}}