{"id":47910,"date":"2026-01-14T10:37:17","date_gmt":"2026-01-14T13:37:17","guid":{"rendered":"https:\/\/juacontecimentos.com.br\/site\/?p=47910"},"modified":"2026-01-14T10:51:48","modified_gmt":"2026-01-14T13:51:48","slug":"prefeito-marcelo-paiva-assina-ordem-de-servico-para-construcao-da-quadra-de-areia-em-anhanguera","status":"publish","type":"post","link":"https:\/\/juacontecimentos.com.br\/site\/prefeito-marcelo-paiva-assina-ordem-de-servico-para-construcao-da-quadra-de-areia-em-anhanguera\/","title":{"rendered":"Prefeito Marcelo Paiva assina Ordem de Servi\u00e7o para constru\u00e7\u00e3o da Quadra de Areia em Anhanguera"},"content":{"rendered":"<p><img loading=\"lazy\" decoding=\"async\" class=\"alignnone size-full wp-image-47912\" src=\"https:\/\/juacontecimentos.com.br\/site\/wp-content\/uploads\/2026\/01\/IMG_20260114_082239-scaled.jpg\" alt=\"\" width=\"2560\" height=\"1443\" srcset=\"https:\/\/juacontecimentos.com.br\/site\/wp-content\/uploads\/2026\/01\/IMG_20260114_082239-scaled.jpg 2560w, https:\/\/juacontecimentos.com.br\/site\/wp-content\/uploads\/2026\/01\/IMG_20260114_082239-300x169.jpg 300w, https:\/\/juacontecimentos.com.br\/site\/wp-content\/uploads\/2026\/01\/IMG_20260114_082239-1024x577.jpg 1024w, https:\/\/juacontecimentos.com.br\/site\/wp-content\/uploads\/2026\/01\/IMG_20260114_082239-768x433.jpg 768w, https:\/\/juacontecimentos.com.br\/site\/wp-content\/uploads\/2026\/01\/IMG_20260114_082239-1536x866.jpg 1536w, https:\/\/juacontecimentos.com.br\/site\/wp-content\/uploads\/2026\/01\/IMG_20260114_082239-2048x1155.jpg 2048w\" sizes=\"auto, (max-width: 2560px) 100vw, 2560px\" \/> <img loading=\"lazy\" decoding=\"async\" class=\"alignnone size-full wp-image-47913\" src=\"https:\/\/juacontecimentos.com.br\/site\/wp-content\/uploads\/2026\/01\/IMG_20260114_082244-scaled.jpg\" alt=\"\" width=\"2560\" height=\"1443\" srcset=\"https:\/\/juacontecimentos.com.br\/site\/wp-content\/uploads\/2026\/01\/IMG_20260114_082244-scaled.jpg 2560w, https:\/\/juacontecimentos.com.br\/site\/wp-content\/uploads\/2026\/01\/IMG_20260114_082244-300x169.jpg 300w, https:\/\/juacontecimentos.com.br\/site\/wp-content\/uploads\/2026\/01\/IMG_20260114_082244-1024x577.jpg 1024w, https:\/\/juacontecimentos.com.br\/site\/wp-content\/uploads\/2026\/01\/IMG_20260114_082244-768x433.jpg 768w, https:\/\/juacontecimentos.com.br\/site\/wp-content\/uploads\/2026\/01\/IMG_20260114_082244-1536x866.jpg 1536w, https:\/\/juacontecimentos.com.br\/site\/wp-content\/uploads\/2026\/01\/IMG_20260114_082244-2048x1155.jpg 2048w\" sizes=\"auto, (max-width: 2560px) 100vw, 2560px\" \/> <img loading=\"lazy\" decoding=\"async\" class=\"alignnone size-full wp-image-47914\" src=\"https:\/\/juacontecimentos.com.br\/site\/wp-content\/uploads\/2026\/01\/IMG_20260114_082302-scaled.jpg\" alt=\"\" width=\"2560\" height=\"1443\" srcset=\"https:\/\/juacontecimentos.com.br\/site\/wp-content\/uploads\/2026\/01\/IMG_20260114_082302-scaled.jpg 2560w, https:\/\/juacontecimentos.com.br\/site\/wp-content\/uploads\/2026\/01\/IMG_20260114_082302-300x169.jpg 300w, https:\/\/juacontecimentos.com.br\/site\/wp-content\/uploads\/2026\/01\/IMG_20260114_082302-1024x577.jpg 1024w, https:\/\/juacontecimentos.com.br\/site\/wp-content\/uploads\/2026\/01\/IMG_20260114_082302-768x433.jpg 768w, https:\/\/juacontecimentos.com.br\/site\/wp-content\/uploads\/2026\/01\/IMG_20260114_082302-1536x866.jpg 1536w, https:\/\/juacontecimentos.com.br\/site\/wp-content\/uploads\/2026\/01\/IMG_20260114_082302-2048x1155.jpg 2048w\" sizes=\"auto, (max-width: 2560px) 100vw, 2560px\" \/><\/p>\n<p>Na manh\u00e3 desta quarta-feira, 14 de janeiro de 2026, a Prefeitura de Anhanguera deu mais um importante passo no fortalecimento do esporte, do lazer e da qualidade de vida da popula\u00e7\u00e3o. Durante um caf\u00e9 da manh\u00e3 realizado na Pra\u00e7a Humberto Ferreira de Carvalho Alves, ao lado da antiga Esta\u00e7\u00e3o Ferrovi\u00e1ria, o prefeito Marcelo Paiva assinou oficialmente a Ordem de Servi\u00e7o para a constru\u00e7\u00e3o de uma Quadra de Areia no munic\u00edpio.<\/p>\n<p>A obra representa um investimento de R$ 95.293,10, com recursos oriundos do cofre p\u00fablico municipal, demonstrando o compromisso da gest\u00e3o com a responsabilidade fiscal e a aplica\u00e7\u00e3o planejada do dinheiro p\u00fablico. A execu\u00e7\u00e3o dos servi\u00e7os ficar\u00e1 a cargo da empresa Kabel Construtora e Servi\u00e7os Ltda, vencedora do processo licitat\u00f3rio, sob a supervis\u00e3o t\u00e9cnica da engenheira fiscal Elisn\u00e1dia Marques da Silva. O prazo previsto para conclus\u00e3o da obra \u00e9 de at\u00e9 60 dias.<\/p>\n<p>A nova quadra ser\u00e1 um espa\u00e7o vers\u00e1til, projetado para atender diversas modalidades esportivas e recreativas, como v\u00f4lei de areia, beach tennis, futev\u00f4lei, futebol de areia, handebol de praia, peteca, entre outras atividades. O objetivo \u00e9 incentivar h\u00e1bitos saud\u00e1veis, promover o lazer e ampliar as op\u00e7\u00f5es de conviv\u00eancia social para crian\u00e7as, jovens e adultos da comunidade.<\/p>\n<p>Durante o evento, o prefeito Marcelo Paiva destacou que a obra \u00e9 resultado de planejamento estrat\u00e9gico e organiza\u00e7\u00e3o administrativa, ressaltando que todo o processo licitat\u00f3rio e documental j\u00e1 estava pronto desde o in\u00edcio do ano. Segundo ele, a quadra de areia ser\u00e1 uma \u201cobra viva\u201d, que al\u00e9m da estrutura f\u00edsica contar\u00e1 com a futura contrata\u00e7\u00e3o de profissional habilitado para orientar e desenvolver as pr\u00e1ticas esportivas, garantindo o uso cont\u00ednuo e eficiente do espa\u00e7o p\u00fablico.<\/p>\n<p><img loading=\"lazy\" decoding=\"async\" class=\"alignnone size-full wp-image-47915\" src=\"https:\/\/juacontecimentos.com.br\/site\/wp-content\/uploads\/2026\/01\/IMG_20260114_082535-scaled.jpg\" alt=\"\" width=\"2560\" height=\"1444\" srcset=\"https:\/\/juacontecimentos.com.br\/site\/wp-content\/uploads\/2026\/01\/IMG_20260114_082535-scaled.jpg 2560w, https:\/\/juacontecimentos.com.br\/site\/wp-content\/uploads\/2026\/01\/IMG_20260114_082535-300x169.jpg 300w, https:\/\/juacontecimentos.com.br\/site\/wp-content\/uploads\/2026\/01\/IMG_20260114_082535-1024x578.jpg 1024w, https:\/\/juacontecimentos.com.br\/site\/wp-content\/uploads\/2026\/01\/IMG_20260114_082535-768x433.jpg 768w, https:\/\/juacontecimentos.com.br\/site\/wp-content\/uploads\/2026\/01\/IMG_20260114_082535-1536x866.jpg 1536w, https:\/\/juacontecimentos.com.br\/site\/wp-content\/uploads\/2026\/01\/IMG_20260114_082535-2048x1155.jpg 2048w\" sizes=\"auto, (max-width: 2560px) 100vw, 2560px\" \/><\/p>\n<p>Em seu pronunciamento, Paiva tamb\u00e9m relembrou a import\u00e2ncia hist\u00f3rica do local, marcado pela antiga ferrovia que contribuiu para o desenvolvimento de Anhanguera e de toda a regi\u00e3o, refor\u00e7ando que investir naquele espa\u00e7o \u00e9 tamb\u00e9m valorizar a mem\u00f3ria e a identidade do munic\u00edpio.<\/p>\n<p>O vice-prefeito Fl\u00e1vio Pereira ressaltou a grande expectativa em torno da obra, lembrando que em outros munic\u00edpios a implanta\u00e7\u00e3o de quadras semelhantes tem registrado alta ades\u00e3o da popula\u00e7\u00e3o. Segundo ele, a quadra multifuncional tende a ser amplamente utilizada pelos moradores e faz parte de um projeto maior de revitaliza\u00e7\u00e3o da pra\u00e7a, com novos investimentos que j\u00e1 est\u00e3o sendo buscados junto a diferentes esferas de governo.<\/p>\n<p>Na mesma oportunidade, a secret\u00e1ria municipal de Meio Ambiente de Anhanguera-GO, Adelaine Meira da Costa, realizou a doa\u00e7\u00e3o de equipamentos de limpeza e manuten\u00e7\u00e3o p\u00fablica para a Secretaria Municipal de Obras. Os equipamentos foram adquiridos por meio de emenda parlamentar do deputado estadual Amauri Ribeiro, no valor de R$ 50 mil, fortalecendo a estrutura de trabalho do munic\u00edpio e contribuindo para a melhoria dos servi\u00e7os de limpeza urbana e manuten\u00e7\u00e3o dos espa\u00e7os p\u00fablicos..<\/p>\n<p>A assinatura da Ordem de Servi\u00e7o marca mais um investimento da atual gest\u00e3o no esporte, na sa\u00fade e no bem-estar da popula\u00e7\u00e3o, reafirmando Anhanguera como refer\u00eancia em planejamento, inova\u00e7\u00e3o e cuidado com o espa\u00e7o p\u00fablico. A Prefeitura refor\u00e7a o convite para que toda a comunidade acompanhe e participe desse novo momento, que simboliza desenvolvimento, lazer e qualidade de vida para todos.<\/p>\n<p><img loading=\"lazy\" decoding=\"async\" class=\"alignnone size-full wp-image-47916\" src=\"https:\/\/juacontecimentos.com.br\/site\/wp-content\/uploads\/2026\/01\/IMG_20260114_070622-scaled.jpg\" alt=\"\" width=\"2560\" height=\"1444\" srcset=\"https:\/\/juacontecimentos.com.br\/site\/wp-content\/uploads\/2026\/01\/IMG_20260114_070622-scaled.jpg 2560w, https:\/\/juacontecimentos.com.br\/site\/wp-content\/uploads\/2026\/01\/IMG_20260114_070622-300x169.jpg 300w, https:\/\/juacontecimentos.com.br\/site\/wp-content\/uploads\/2026\/01\/IMG_20260114_070622-1024x578.jpg 1024w, https:\/\/juacontecimentos.com.br\/site\/wp-content\/uploads\/2026\/01\/IMG_20260114_070622-768x433.jpg 768w, https:\/\/juacontecimentos.com.br\/site\/wp-content\/uploads\/2026\/01\/IMG_20260114_070622-1536x866.jpg 1536w, https:\/\/juacontecimentos.com.br\/site\/wp-content\/uploads\/2026\/01\/IMG_20260114_070622-2048x1155.jpg 2048w\" sizes=\"auto, (max-width: 2560px) 100vw, 2560px\" \/><img loading=\"lazy\" decoding=\"async\" class=\"alignnone size-full wp-image-47918\" src=\"https:\/\/juacontecimentos.com.br\/site\/wp-content\/uploads\/2026\/01\/IMG_20260114_070838-scaled.jpg\" alt=\"\" width=\"2560\" height=\"1444\" srcset=\"https:\/\/juacontecimentos.com.br\/site\/wp-content\/uploads\/2026\/01\/IMG_20260114_070838-scaled.jpg 2560w, https:\/\/juacontecimentos.com.br\/site\/wp-content\/uploads\/2026\/01\/IMG_20260114_070838-300x169.jpg 300w, https:\/\/juacontecimentos.com.br\/site\/wp-content\/uploads\/2026\/01\/IMG_20260114_070838-1024x578.jpg 1024w, https:\/\/juacontecimentos.com.br\/site\/wp-content\/uploads\/2026\/01\/IMG_20260114_070838-768x433.jpg 768w, https:\/\/juacontecimentos.com.br\/site\/wp-content\/uploads\/2026\/01\/IMG_20260114_070838-1536x866.jpg 1536w, https:\/\/juacontecimentos.com.br\/site\/wp-content\/uploads\/2026\/01\/IMG_20260114_070838-2048x1155.jpg 2048w\" sizes=\"auto, (max-width: 2560px) 100vw, 2560px\" \/><img loading=\"lazy\" decoding=\"async\" class=\"alignnone size-full wp-image-47924\" src=\"https:\/\/juacontecimentos.com.br\/site\/wp-content\/uploads\/2026\/01\/IMG_20260114_081915-scaled.jpg\" alt=\"\" width=\"2560\" height=\"1444\" srcset=\"https:\/\/juacontecimentos.com.br\/site\/wp-content\/uploads\/2026\/01\/IMG_20260114_081915-scaled.jpg 2560w, https:\/\/juacontecimentos.com.br\/site\/wp-content\/uploads\/2026\/01\/IMG_20260114_081915-300x169.jpg 300w, https:\/\/juacontecimentos.com.br\/site\/wp-content\/uploads\/2026\/01\/IMG_20260114_081915-1024x578.jpg 1024w, https:\/\/juacontecimentos.com.br\/site\/wp-content\/uploads\/2026\/01\/IMG_20260114_081915-768x433.jpg 768w, https:\/\/juacontecimentos.com.br\/site\/wp-content\/uploads\/2026\/01\/IMG_20260114_081915-1536x866.jpg 1536w, https:\/\/juacontecimentos.com.br\/site\/wp-content\/uploads\/2026\/01\/IMG_20260114_081915-2048x1155.jpg 2048w\" sizes=\"auto, (max-width: 2560px) 100vw, 2560px\" \/> <img loading=\"lazy\" decoding=\"async\" class=\"alignnone size-full wp-image-47919\" src=\"https:\/\/juacontecimentos.com.br\/site\/wp-content\/uploads\/2026\/01\/IMG_20260114_073417-scaled.jpg\" alt=\"\" width=\"2560\" height=\"1444\" srcset=\"https:\/\/juacontecimentos.com.br\/site\/wp-content\/uploads\/2026\/01\/IMG_20260114_073417-scaled.jpg 2560w, https:\/\/juacontecimentos.com.br\/site\/wp-content\/uploads\/2026\/01\/IMG_20260114_073417-300x169.jpg 300w, https:\/\/juacontecimentos.com.br\/site\/wp-content\/uploads\/2026\/01\/IMG_20260114_073417-1024x578.jpg 1024w, https:\/\/juacontecimentos.com.br\/site\/wp-content\/uploads\/2026\/01\/IMG_20260114_073417-768x433.jpg 768w, https:\/\/juacontecimentos.com.br\/site\/wp-content\/uploads\/2026\/01\/IMG_20260114_073417-1536x866.jpg 1536w, https:\/\/juacontecimentos.com.br\/site\/wp-content\/uploads\/2026\/01\/IMG_20260114_073417-2048x1155.jpg 2048w\" sizes=\"auto, (max-width: 2560px) 100vw, 2560px\" \/><\/p>\n","protected":false},"excerpt":{"rendered":"<p>Na manh\u00e3 desta quarta-feira, 14 de janeiro de 2026, a Prefeitura de Anhanguera deu mais um importante passo no fortalecimento do esporte, do lazer e da qualidade de vida da popula\u00e7\u00e3o. Durante um caf\u00e9 da manh\u00e3 realizado na Pra\u00e7a Humberto Ferreira de Carvalho Alves, ao lado da antiga Esta\u00e7\u00e3o Ferrovi\u00e1ria, o prefeito Marcelo Paiva assinou<\/p>\n","protected":false},"author":2,"featured_media":47912,"comment_status":"closed","ping_status":"closed","sticky":false,"template":"","format":"standard","meta":{"footnotes":""},"categories":[27,22,26,23],"tags":[],"class_list":["post-47910","post","type-post","status-publish","format-standard","has-post-thumbnail","hentry","category-brasil","category-catalao","category-destaque","category-goias"],"yoast_head":"<!-- This site is optimized with the Yoast SEO plugin v25.8 - https:\/\/yoast.com\/wordpress\/plugins\/seo\/ -->\n<title>Prefeito Marcelo Paiva assina Ordem de Servi\u00e7o para constru\u00e7\u00e3o da Quadra de Areia em Anhanguera - Jornal Ultimos Acontecimentos<\/title>\n<meta name=\"robots\" content=\"index, follow, max-snippet:-1, max-image-preview:large, max-video-preview:-1\" \/>\n<link rel=\"canonical\" href=\"https:\/\/juacontecimentos.com.br\/site\/prefeito-marcelo-paiva-assina-ordem-de-servico-para-construcao-da-quadra-de-areia-em-anhanguera\/\" \/>\n<meta property=\"og:locale\" content=\"pt_BR\" \/>\n<meta property=\"og:type\" content=\"article\" \/>\n<meta property=\"og:title\" content=\"Prefeito Marcelo Paiva assina Ordem de Servi\u00e7o para constru\u00e7\u00e3o da Quadra de Areia em Anhanguera - Jornal Ultimos Acontecimentos\" \/>\n<meta property=\"og:description\" content=\"Na manh\u00e3 desta quarta-feira, 14 de janeiro de 2026, a Prefeitura de Anhanguera deu mais um importante passo no fortalecimento do esporte, do lazer e da qualidade de vida da popula\u00e7\u00e3o. Durante um caf\u00e9 da manh\u00e3 realizado na Pra\u00e7a Humberto Ferreira de Carvalho Alves, ao lado da antiga Esta\u00e7\u00e3o Ferrovi\u00e1ria, o prefeito Marcelo Paiva assinou\" \/>\n<meta property=\"og:url\" content=\"https:\/\/juacontecimentos.com.br\/site\/prefeito-marcelo-paiva-assina-ordem-de-servico-para-construcao-da-quadra-de-areia-em-anhanguera\/\" \/>\n<meta property=\"og:site_name\" content=\"Jornal Ultimos Acontecimentos\" \/>\n<meta property=\"article:publisher\" content=\"https:\/\/www.facebook.com\/jultimosacontecimentos\/\" \/>\n<meta property=\"article:published_time\" content=\"2026-01-14T13:37:17+00:00\" \/>\n<meta property=\"article:modified_time\" content=\"2026-01-14T13:51:48+00:00\" \/>\n<meta property=\"og:image\" content=\"https:\/\/juacontecimentos.com.br\/site\/wp-content\/uploads\/2026\/01\/IMG_20260114_082239-scaled.jpg\" \/>\n\t<meta property=\"og:image:width\" content=\"2560\" \/>\n\t<meta property=\"og:image:height\" content=\"1443\" \/>\n\t<meta property=\"og:image:type\" content=\"image\/jpeg\" \/>\n<meta name=\"author\" content=\"Reginaldo Ribeiro\" \/>\n<meta name=\"twitter:card\" content=\"summary_large_image\" \/>\n<meta name=\"twitter:label1\" content=\"Escrito por\" \/>\n\t<meta name=\"twitter:data1\" content=\"Reginaldo Ribeiro\" \/>\n\t<meta name=\"twitter:label2\" content=\"Est. tempo de leitura\" \/>\n\t<meta name=\"twitter:data2\" content=\"5 minutos\" \/>\n<script type=\"application\/ld+json\" class=\"yoast-schema-graph\">{\"@context\":\"https:\/\/schema.org\",\"@graph\":[{\"@type\":\"Article\",\"@id\":\"https:\/\/juacontecimentos.com.br\/site\/prefeito-marcelo-paiva-assina-ordem-de-servico-para-construcao-da-quadra-de-areia-em-anhanguera\/#article\",\"isPartOf\":{\"@id\":\"https:\/\/juacontecimentos.com.br\/site\/prefeito-marcelo-paiva-assina-ordem-de-servico-para-construcao-da-quadra-de-areia-em-anhanguera\/\"},\"author\":{\"name\":\"Reginaldo Ribeiro\",\"@id\":\"https:\/\/juacontecimentos.com.br\/site\/#\/schema\/person\/082a54e6d3fdd7a633291428521c9669\"},\"headline\":\"Prefeito Marcelo Paiva assina Ordem de Servi\u00e7o para constru\u00e7\u00e3o da Quadra de Areia em Anhanguera\",\"datePublished\":\"2026-01-14T13:37:17+00:00\",\"dateModified\":\"2026-01-14T13:51:48+00:00\",\"mainEntityOfPage\":{\"@id\":\"https:\/\/juacontecimentos.com.br\/site\/prefeito-marcelo-paiva-assina-ordem-de-servico-para-construcao-da-quadra-de-areia-em-anhanguera\/\"},\"wordCount\":594,\"publisher\":{\"@id\":\"https:\/\/juacontecimentos.com.br\/site\/#organization\"},\"image\":{\"@id\":\"https:\/\/juacontecimentos.com.br\/site\/prefeito-marcelo-paiva-assina-ordem-de-servico-para-construcao-da-quadra-de-areia-em-anhanguera\/#primaryimage\"},\"thumbnailUrl\":\"https:\/\/juacontecimentos.com.br\/site\/wp-content\/uploads\/2026\/01\/IMG_20260114_082239-scaled.jpg\",\"articleSection\":[\"Brasil\",\"Catal\u00e3o\",\"Destaque\",\"Goi\u00e1s\"],\"inLanguage\":\"pt-BR\"},{\"@type\":\"WebPage\",\"@id\":\"https:\/\/juacontecimentos.com.br\/site\/prefeito-marcelo-paiva-assina-ordem-de-servico-para-construcao-da-quadra-de-areia-em-anhanguera\/\",\"url\":\"https:\/\/juacontecimentos.com.br\/site\/prefeito-marcelo-paiva-assina-ordem-de-servico-para-construcao-da-quadra-de-areia-em-anhanguera\/\",\"name\":\"Prefeito Marcelo Paiva assina Ordem de Servi\u00e7o para constru\u00e7\u00e3o da Quadra de Areia em Anhanguera - Jornal Ultimos Acontecimentos\",\"isPartOf\":{\"@id\":\"https:\/\/juacontecimentos.com.br\/site\/#website\"},\"primaryImageOfPage\":{\"@id\":\"https:\/\/juacontecimentos.com.br\/site\/prefeito-marcelo-paiva-assina-ordem-de-servico-para-construcao-da-quadra-de-areia-em-anhanguera\/#primaryimage\"},\"image\":{\"@id\":\"https:\/\/juacontecimentos.com.br\/site\/prefeito-marcelo-paiva-assina-ordem-de-servico-para-construcao-da-quadra-de-areia-em-anhanguera\/#primaryimage\"},\"thumbnailUrl\":\"https:\/\/juacontecimentos.com.br\/site\/wp-content\/uploads\/2026\/01\/IMG_20260114_082239-scaled.jpg\",\"datePublished\":\"2026-01-14T13:37:17+00:00\",\"dateModified\":\"2026-01-14T13:51:48+00:00\",\"breadcrumb\":{\"@id\":\"https:\/\/juacontecimentos.com.br\/site\/prefeito-marcelo-paiva-assina-ordem-de-servico-para-construcao-da-quadra-de-areia-em-anhanguera\/#breadcrumb\"},\"inLanguage\":\"pt-BR\",\"potentialAction\":[{\"@type\":\"ReadAction\",\"target\":[\"https:\/\/juacontecimentos.com.br\/site\/prefeito-marcelo-paiva-assina-ordem-de-servico-para-construcao-da-quadra-de-areia-em-anhanguera\/\"]}]},{\"@type\":\"ImageObject\",\"inLanguage\":\"pt-BR\",\"@id\":\"https:\/\/juacontecimentos.com.br\/site\/prefeito-marcelo-paiva-assina-ordem-de-servico-para-construcao-da-quadra-de-areia-em-anhanguera\/#primaryimage\",\"url\":\"https:\/\/juacontecimentos.com.br\/site\/wp-content\/uploads\/2026\/01\/IMG_20260114_082239-scaled.jpg\",\"contentUrl\":\"https:\/\/juacontecimentos.com.br\/site\/wp-content\/uploads\/2026\/01\/IMG_20260114_082239-scaled.jpg\",\"width\":2560,\"height\":1443},{\"@type\":\"BreadcrumbList\",\"@id\":\"https:\/\/juacontecimentos.com.br\/site\/prefeito-marcelo-paiva-assina-ordem-de-servico-para-construcao-da-quadra-de-areia-em-anhanguera\/#breadcrumb\",\"itemListElement\":[{\"@type\":\"ListItem\",\"position\":1,\"name\":\"In\u00edcio\",\"item\":\"https:\/\/juacontecimentos.com.br\/site\/\"},{\"@type\":\"ListItem\",\"position\":2,\"name\":\"Prefeito Marcelo Paiva assina Ordem de Servi\u00e7o para constru\u00e7\u00e3o da Quadra de Areia em Anhanguera\"}]},{\"@type\":\"WebSite\",\"@id\":\"https:\/\/juacontecimentos.com.br\/site\/#website\",\"url\":\"https:\/\/juacontecimentos.com.br\/site\/\",\"name\":\"Jornal Ultimos Acontecimentos\",\"description\":\"Catal\u00e3o e regi\u00e3o\",\"publisher\":{\"@id\":\"https:\/\/juacontecimentos.com.br\/site\/#organization\"},\"potentialAction\":[{\"@type\":\"SearchAction\",\"target\":{\"@type\":\"EntryPoint\",\"urlTemplate\":\"https:\/\/juacontecimentos.com.br\/site\/?s={search_term_string}\"},\"query-input\":{\"@type\":\"PropertyValueSpecification\",\"valueRequired\":true,\"valueName\":\"search_term_string\"}}],\"inLanguage\":\"pt-BR\"},{\"@type\":\"Organization\",\"@id\":\"https:\/\/juacontecimentos.com.br\/site\/#organization\",\"name\":\"Jornal Ultimos Acontecimentos\",\"url\":\"https:\/\/juacontecimentos.com.br\/site\/\",\"logo\":{\"@type\":\"ImageObject\",\"inLanguage\":\"pt-BR\",\"@id\":\"https:\/\/juacontecimentos.com.br\/site\/#\/schema\/logo\/image\/\",\"url\":\"https:\/\/juacontecimentos.com.br\/site\/wp-content\/uploads\/2023\/04\/Logo_Site.png\",\"contentUrl\":\"https:\/\/juacontecimentos.com.br\/site\/wp-content\/uploads\/2023\/04\/Logo_Site.png\",\"width\":2476,\"height\":530,\"caption\":\"Jornal Ultimos Acontecimentos\"},\"image\":{\"@id\":\"https:\/\/juacontecimentos.com.br\/site\/#\/schema\/logo\/image\/\"},\"sameAs\":[\"https:\/\/www.facebook.com\/jultimosacontecimentos\/\"]},{\"@type\":\"Person\",\"@id\":\"https:\/\/juacontecimentos.com.br\/site\/#\/schema\/person\/082a54e6d3fdd7a633291428521c9669\",\"name\":\"Reginaldo Ribeiro\",\"image\":{\"@type\":\"ImageObject\",\"inLanguage\":\"pt-BR\",\"@id\":\"https:\/\/juacontecimentos.com.br\/site\/#\/schema\/person\/image\/\",\"url\":\"https:\/\/secure.gravatar.com\/avatar\/5c16c6837c3490270a74d888c2a845728f06bdde1f8761de1de1d1d1ef82d12f?s=96&d=mm&r=g\",\"contentUrl\":\"https:\/\/secure.gravatar.com\/avatar\/5c16c6837c3490270a74d888c2a845728f06bdde1f8761de1de1d1d1ef82d12f?s=96&d=mm&r=g\",\"caption\":\"Reginaldo Ribeiro\"}}]}<\/script>\n<!-- \/ Yoast SEO plugin. -->","yoast_head_json":{"title":"Prefeito Marcelo Paiva assina Ordem de Servi\u00e7o para constru\u00e7\u00e3o da Quadra de Areia em Anhanguera - Jornal Ultimos Acontecimentos","robots":{"index":"index","follow":"follow","max-snippet":"max-snippet:-1","max-image-preview":"max-image-preview:large","max-video-preview":"max-video-preview:-1"},"canonical":"https:\/\/juacontecimentos.com.br\/site\/prefeito-marcelo-paiva-assina-ordem-de-servico-para-construcao-da-quadra-de-areia-em-anhanguera\/","og_locale":"pt_BR","og_type":"article","og_title":"Prefeito Marcelo Paiva assina Ordem de Servi\u00e7o para constru\u00e7\u00e3o da Quadra de Areia em Anhanguera - Jornal Ultimos Acontecimentos","og_description":"Na manh\u00e3 desta quarta-feira, 14 de janeiro de 2026, a Prefeitura de Anhanguera deu mais um importante passo no fortalecimento do esporte, do lazer e da qualidade de vida da popula\u00e7\u00e3o. Durante um caf\u00e9 da manh\u00e3 realizado na Pra\u00e7a Humberto Ferreira de Carvalho Alves, ao lado da antiga Esta\u00e7\u00e3o Ferrovi\u00e1ria, o prefeito Marcelo Paiva assinou","og_url":"https:\/\/juacontecimentos.com.br\/site\/prefeito-marcelo-paiva-assina-ordem-de-servico-para-construcao-da-quadra-de-areia-em-anhanguera\/","og_site_name":"Jornal Ultimos Acontecimentos","article_publisher":"https:\/\/www.facebook.com\/jultimosacontecimentos\/","article_published_time":"2026-01-14T13:37:17+00:00","article_modified_time":"2026-01-14T13:51:48+00:00","og_image":[{"width":2560,"height":1443,"url":"https:\/\/juacontecimentos.com.br\/site\/wp-content\/uploads\/2026\/01\/IMG_20260114_082239-scaled.jpg","type":"image\/jpeg"}],"author":"Reginaldo Ribeiro","twitter_card":"summary_large_image","twitter_misc":{"Escrito por":"Reginaldo Ribeiro","Est. tempo de leitura":"5 minutos"},"schema":{"@context":"https:\/\/schema.org","@graph":[{"@type":"Article","@id":"https:\/\/juacontecimentos.com.br\/site\/prefeito-marcelo-paiva-assina-ordem-de-servico-para-construcao-da-quadra-de-areia-em-anhanguera\/#article","isPartOf":{"@id":"https:\/\/juacontecimentos.com.br\/site\/prefeito-marcelo-paiva-assina-ordem-de-servico-para-construcao-da-quadra-de-areia-em-anhanguera\/"},"author":{"name":"Reginaldo Ribeiro","@id":"https:\/\/juacontecimentos.com.br\/site\/#\/schema\/person\/082a54e6d3fdd7a633291428521c9669"},"headline":"Prefeito Marcelo Paiva assina Ordem de Servi\u00e7o para constru\u00e7\u00e3o da Quadra de Areia em Anhanguera","datePublished":"2026-01-14T13:37:17+00:00","dateModified":"2026-01-14T13:51:48+00:00","mainEntityOfPage":{"@id":"https:\/\/juacontecimentos.com.br\/site\/prefeito-marcelo-paiva-assina-ordem-de-servico-para-construcao-da-quadra-de-areia-em-anhanguera\/"},"wordCount":594,"publisher":{"@id":"https:\/\/juacontecimentos.com.br\/site\/#organization"},"image":{"@id":"https:\/\/juacontecimentos.com.br\/site\/prefeito-marcelo-paiva-assina-ordem-de-servico-para-construcao-da-quadra-de-areia-em-anhanguera\/#primaryimage"},"thumbnailUrl":"https:\/\/juacontecimentos.com.br\/site\/wp-content\/uploads\/2026\/01\/IMG_20260114_082239-scaled.jpg","articleSection":["Brasil","Catal\u00e3o","Destaque","Goi\u00e1s"],"inLanguage":"pt-BR"},{"@type":"WebPage","@id":"https:\/\/juacontecimentos.com.br\/site\/prefeito-marcelo-paiva-assina-ordem-de-servico-para-construcao-da-quadra-de-areia-em-anhanguera\/","url":"https:\/\/juacontecimentos.com.br\/site\/prefeito-marcelo-paiva-assina-ordem-de-servico-para-construcao-da-quadra-de-areia-em-anhanguera\/","name":"Prefeito Marcelo Paiva assina Ordem de Servi\u00e7o para constru\u00e7\u00e3o da Quadra de Areia em Anhanguera - Jornal Ultimos Acontecimentos","isPartOf":{"@id":"https:\/\/juacontecimentos.com.br\/site\/#website"},"primaryImageOfPage":{"@id":"https:\/\/juacontecimentos.com.br\/site\/prefeito-marcelo-paiva-assina-ordem-de-servico-para-construcao-da-quadra-de-areia-em-anhanguera\/#primaryimage"},"image":{"@id":"https:\/\/juacontecimentos.com.br\/site\/prefeito-marcelo-paiva-assina-ordem-de-servico-para-construcao-da-quadra-de-areia-em-anhanguera\/#primaryimage"},"thumbnailUrl":"https:\/\/juacontecimentos.com.br\/site\/wp-content\/uploads\/2026\/01\/IMG_20260114_082239-scaled.jpg","datePublished":"2026-01-14T13:37:17+00:00","dateModified":"2026-01-14T13:51:48+00:00","breadcrumb":{"@id":"https:\/\/juacontecimentos.com.br\/site\/prefeito-marcelo-paiva-assina-ordem-de-servico-para-construcao-da-quadra-de-areia-em-anhanguera\/#breadcrumb"},"inLanguage":"pt-BR","potentialAction":[{"@type":"ReadAction","target":["https:\/\/juacontecimentos.com.br\/site\/prefeito-marcelo-paiva-assina-ordem-de-servico-para-construcao-da-quadra-de-areia-em-anhanguera\/"]}]},{"@type":"ImageObject","inLanguage":"pt-BR","@id":"https:\/\/juacontecimentos.com.br\/site\/prefeito-marcelo-paiva-assina-ordem-de-servico-para-construcao-da-quadra-de-areia-em-anhanguera\/#primaryimage","url":"https:\/\/juacontecimentos.com.br\/site\/wp-content\/uploads\/2026\/01\/IMG_20260114_082239-scaled.jpg","contentUrl":"https:\/\/juacontecimentos.com.br\/site\/wp-content\/uploads\/2026\/01\/IMG_20260114_082239-scaled.jpg","width":2560,"height":1443},{"@type":"BreadcrumbList","@id":"https:\/\/juacontecimentos.com.br\/site\/prefeito-marcelo-paiva-assina-ordem-de-servico-para-construcao-da-quadra-de-areia-em-anhanguera\/#breadcrumb","itemListElement":[{"@type":"ListItem","position":1,"name":"In\u00edcio","item":"https:\/\/juacontecimentos.com.br\/site\/"},{"@type":"ListItem","position":2,"name":"Prefeito Marcelo Paiva assina Ordem de Servi\u00e7o para constru\u00e7\u00e3o da Quadra de Areia em Anhanguera"}]},{"@type":"WebSite","@id":"https:\/\/juacontecimentos.com.br\/site\/#website","url":"https:\/\/juacontecimentos.com.br\/site\/","name":"Jornal Ultimos Acontecimentos","description":"Catal\u00e3o e regi\u00e3o","publisher":{"@id":"https:\/\/juacontecimentos.com.br\/site\/#organization"},"potentialAction":[{"@type":"SearchAction","target":{"@type":"EntryPoint","urlTemplate":"https:\/\/juacontecimentos.com.br\/site\/?s={search_term_string}"},"query-input":{"@type":"PropertyValueSpecification","valueRequired":true,"valueName":"search_term_string"}}],"inLanguage":"pt-BR"},{"@type":"Organization","@id":"https:\/\/juacontecimentos.com.br\/site\/#organization","name":"Jornal Ultimos Acontecimentos","url":"https:\/\/juacontecimentos.com.br\/site\/","logo":{"@type":"ImageObject","inLanguage":"pt-BR","@id":"https:\/\/juacontecimentos.com.br\/site\/#\/schema\/logo\/image\/","url":"https:\/\/juacontecimentos.com.br\/site\/wp-content\/uploads\/2023\/04\/Logo_Site.png","contentUrl":"https:\/\/juacontecimentos.com.br\/site\/wp-content\/uploads\/2023\/04\/Logo_Site.png","width":2476,"height":530,"caption":"Jornal Ultimos Acontecimentos"},"image":{"@id":"https:\/\/juacontecimentos.com.br\/site\/#\/schema\/logo\/image\/"},"sameAs":["https:\/\/www.facebook.com\/jultimosacontecimentos\/"]},{"@type":"Person","@id":"https:\/\/juacontecimentos.com.br\/site\/#\/schema\/person\/082a54e6d3fdd7a633291428521c9669","name":"Reginaldo Ribeiro","image":{"@type":"ImageObject","inLanguage":"pt-BR","@id":"https:\/\/juacontecimentos.com.br\/site\/#\/schema\/person\/image\/","url":"https:\/\/secure.gravatar.com\/avatar\/5c16c6837c3490270a74d888c2a845728f06bdde1f8761de1de1d1d1ef82d12f?s=96&d=mm&r=g","contentUrl":"https:\/\/secure.gravatar.com\/avatar\/5c16c6837c3490270a74d888c2a845728f06bdde1f8761de1de1d1d1ef82d12f?s=96&d=mm&r=g","caption":"Reginaldo Ribeiro"}}]}},"_links":{"self":[{"href":"https:\/\/juacontecimentos.com.br\/site\/wp-json\/wp\/v2\/posts\/47910","targetHints":{"allow":["GET"]}}],"collection":[{"href":"https:\/\/juacontecimentos.com.br\/site\/wp-json\/wp\/v2\/posts"}],"about":[{"href":"https:\/\/juacontecimentos.com.br\/site\/wp-json\/wp\/v2\/types\/post"}],"author":[{"embeddable":true,"href":"https:\/\/juacontecimentos.com.br\/site\/wp-json\/wp\/v2\/users\/2"}],"replies":[{"embeddable":true,"href":"https:\/\/juacontecimentos.com.br\/site\/wp-json\/wp\/v2\/comments?post=47910"}],"version-history":[{"count":5,"href":"https:\/\/juacontecimentos.com.br\/site\/wp-json\/wp\/v2\/posts\/47910\/revisions"}],"predecessor-version":[{"id":47925,"href":"https:\/\/juacontecimentos.com.br\/site\/wp-json\/wp\/v2\/posts\/47910\/revisions\/47925"}],"wp:featuredmedia":[{"embeddable":true,"href":"https:\/\/juacontecimentos.com.br\/site\/wp-json\/wp\/v2\/media\/47912"}],"wp:attachment":[{"href":"https:\/\/juacontecimentos.com.br\/site\/wp-json\/wp\/v2\/media?parent=47910"}],"wp:term":[{"taxonomy":"category","embeddable":true,"href":"https:\/\/juacontecimentos.com.br\/site\/wp-json\/wp\/v2\/categories?post=47910"},{"taxonomy":"post_tag","embeddable":true,"href":"https:\/\/juacontecimentos.com.br\/site\/wp-json\/wp\/v2\/tags?post=47910"}],"curies":[{"name":"wp","href":"https:\/\/api.w.org\/{rel}","templated":true}]}}