{"id":49019,"date":"2026-03-10T06:23:06","date_gmt":"2026-03-10T09:23:06","guid":{"rendered":"https:\/\/juacontecimentos.com.br\/site\/?p=49019"},"modified":"2026-03-10T06:26:25","modified_gmt":"2026-03-10T09:26:25","slug":"vereadora-juliana-alves-abre-a-segunda-sessao-ordinaria-em-ouvidor-com-cobrancas-por-melhorias","status":"publish","type":"post","link":"https:\/\/juacontecimentos.com.br\/site\/vereadora-juliana-alves-abre-a-segunda-sessao-ordinaria-em-ouvidor-com-cobrancas-por-melhorias\/","title":{"rendered":"Vereadora Juliana Alves abre a segunda Sess\u00e3o Ordin\u00e1ria em Ouvidor com cobran\u00e7as por melhorias"},"content":{"rendered":"<p><img loading=\"lazy\" decoding=\"async\" class=\"alignnone size-full wp-image-49020\" src=\"https:\/\/juacontecimentos.com.br\/site\/wp-content\/uploads\/2026\/03\/FB_IMG_1773134052191.jpg\" alt=\"\" width=\"2048\" height=\"1365\" srcset=\"https:\/\/juacontecimentos.com.br\/site\/wp-content\/uploads\/2026\/03\/FB_IMG_1773134052191.jpg 2048w, https:\/\/juacontecimentos.com.br\/site\/wp-content\/uploads\/2026\/03\/FB_IMG_1773134052191-300x200.jpg 300w, https:\/\/juacontecimentos.com.br\/site\/wp-content\/uploads\/2026\/03\/FB_IMG_1773134052191-1024x683.jpg 1024w, https:\/\/juacontecimentos.com.br\/site\/wp-content\/uploads\/2026\/03\/FB_IMG_1773134052191-768x512.jpg 768w, https:\/\/juacontecimentos.com.br\/site\/wp-content\/uploads\/2026\/03\/FB_IMG_1773134052191-1536x1024.jpg 1536w\" sizes=\"auto, (max-width: 2048px) 100vw, 2048px\" \/><\/p>\n<p>Na noite desta segunda-feira, 9 de mar\u00e7o, a vereadora Juliana Alves, presidente da mesa diretora da C\u00e2mara Municipal de Vereadores de Ouvidor, deu in\u00edcio \u00e0 segunda Sess\u00e3o Ordin\u00e1ria da legislatura em exerc\u00edcio. A sess\u00e3o teve in\u00edcio com a leitura de um trecho do evangelho, seguida pela leitura da Ata da sess\u00e3o anterior, que foi aprovada por unanimidade pelos parlamentares. Sob a lideran\u00e7a de Juliana Alves, os vereadores se reuniram para discutir demandas da popula\u00e7\u00e3o, com destaques para medidas de seguran\u00e7a, infraestrutura e pol\u00edticas p\u00fablicas voltadas \u00e0s pessoas com defici\u00eancia.<\/p>\n<p><img loading=\"lazy\" decoding=\"async\" class=\"alignnone size-full wp-image-49023\" src=\"https:\/\/juacontecimentos.com.br\/site\/wp-content\/uploads\/2026\/03\/FB_IMG_1773134073882.jpg\" alt=\"\" width=\"2048\" height=\"1365\" srcset=\"https:\/\/juacontecimentos.com.br\/site\/wp-content\/uploads\/2026\/03\/FB_IMG_1773134073882.jpg 2048w, https:\/\/juacontecimentos.com.br\/site\/wp-content\/uploads\/2026\/03\/FB_IMG_1773134073882-300x200.jpg 300w, https:\/\/juacontecimentos.com.br\/site\/wp-content\/uploads\/2026\/03\/FB_IMG_1773134073882-1024x683.jpg 1024w, https:\/\/juacontecimentos.com.br\/site\/wp-content\/uploads\/2026\/03\/FB_IMG_1773134073882-768x512.jpg 768w, https:\/\/juacontecimentos.com.br\/site\/wp-content\/uploads\/2026\/03\/FB_IMG_1773134073882-1536x1024.jpg 1536w\" sizes=\"auto, (max-width: 2048px) 100vw, 2048px\" \/><\/p>\n<p>Entre os principais encaminhamentos, Juliana Alves protocolou um requerimento para a instala\u00e7\u00e3o de uma tela de prote\u00e7\u00e3o na quadra de areia do Bosque Municipal, visando ampliar a seguran\u00e7a de atletas, moradores e pedestres que frequentam o espa\u00e7o. J\u00e1 os vereadores Jorginho e Cleitinho do Oribaldo encaminharam um pedido \u00e0 Goinfra solicitando provid\u00eancias urgentes na ponte da GO-330, que liga Catal\u00e3o a Tr\u00eas Ranchos e se encontra em estado prec\u00e1rio de estrutura. Na \u00e1rea da sa\u00fade, Suzana apresentou requerimentos para pavimenta\u00e7\u00e3o asf\u00e1ltica da Rua 5, que faz a liga\u00e7\u00e3o entre Jardim Am\u00e9rica e Vila Nova, al\u00e9m de trechos das Ruas 01 e 02 da Vila Nova, e para a melhoria da ilumina\u00e7\u00e3o da Pra\u00e7a Alexandre Ferreira Neres, na Vila Nova.<\/p>\n<p>Um momento especialmente comovente ocorreu quando a C\u00e2mara recebeu m\u00e3es at\u00edpicas e a Associa\u00e7\u00e3o ASPEDEO, representadas por Marilena de Ara\u00fajo. Elas ressaltaram a necessidade de respeito ao transporte priorit\u00e1rio para pessoas com defici\u00eancia, a presen\u00e7a de profissionais capacitados no Centro Chico Milota e nas escolas, bem como o fim da lista de espera no Centro de Reabilita\u00e7\u00e3o. \u201cA inclus\u00e3o come\u00e7a quando a sociedade escuta, respeita e age\u201d, disse Marilena durante a ocasi\u00e3o.<\/p>\n<p><img loading=\"lazy\" decoding=\"async\" class=\"alignnone size-full wp-image-49021\" src=\"https:\/\/juacontecimentos.com.br\/site\/wp-content\/uploads\/2026\/03\/FB_IMG_1773134090861.jpg\" alt=\"\" width=\"2047\" height=\"1365\" srcset=\"https:\/\/juacontecimentos.com.br\/site\/wp-content\/uploads\/2026\/03\/FB_IMG_1773134090861.jpg 2047w, https:\/\/juacontecimentos.com.br\/site\/wp-content\/uploads\/2026\/03\/FB_IMG_1773134090861-300x200.jpg 300w, https:\/\/juacontecimentos.com.br\/site\/wp-content\/uploads\/2026\/03\/FB_IMG_1773134090861-1024x683.jpg 1024w, https:\/\/juacontecimentos.com.br\/site\/wp-content\/uploads\/2026\/03\/FB_IMG_1773134090861-768x512.jpg 768w, https:\/\/juacontecimentos.com.br\/site\/wp-content\/uploads\/2026\/03\/FB_IMG_1773134090861-1536x1024.jpg 1536w\" sizes=\"auto, (max-width: 2047px) 100vw, 2047px\" \/><\/p>\n<p>Em depoimento realizado no plen\u00e1rio, Marilene de Ara\u00fajo, presidente da Associa\u00e7\u00e3o Aspedel (Ouvidor), destacou as dificuldades enfrentadas pelas pessoas com defici\u00eancia no munic\u00edpio e a crescente demanda por atendimento no Centro Chico Milota, que abriga o centro de reabilita\u00e7\u00e3o. Ela descreveu a atual realidade: a C\u00e2mara funciona como \u00f3rg\u00e3o fiscalizador essencial para assegurar direitos \u00e0 vida, \u00e0 igualdade, \u00e0 sa\u00fade e \u00e0 educa\u00e7\u00e3o. Segundo ela, o munic\u00edpio atende hoje entre 60 e 70 crian\u00e7as no centro, enquanto a fila de espera soma 82 pessoas apenas na \u00e1rea de fonoaudiologia, com n\u00fameros ainda maiores quando somadas as \u00e1reas de terapia ocupacional, psicologia e psicopedagogia. A representante enfatizou que a demanda cresce dia ap\u00f3s dia e refor\u00e7ou a import\u00e2ncia da cobran\u00e7a dos vereadores para que haja resposta eficaz da gest\u00e3o p\u00fablica.<\/p>\n<p>\u201cEu preciso acreditar que aqui \u00e9 justamente onde a fiscaliza\u00e7\u00e3o acontece. O que trazemos hoje \u00e9 que isso n\u00e3o est\u00e1 sendo feito, mas esperamos que, com uni\u00e3o entre fam\u00edlias e poder p\u00fablico, possamos avan\u00e7ar\u201d, concluiu uma das representantes, expressando a expectativa de melhorias concretas para as pessoas atendidas pelo Centro Chico Milota e pelos servi\u00e7os de reabilita\u00e7\u00e3o no munic\u00edpio.<\/p>\n<p>Fotos: ASCOM \/ C\u00e2mara.<\/p>\n","protected":false},"excerpt":{"rendered":"<p>Na noite desta segunda-feira, 9 de mar\u00e7o, a vereadora Juliana Alves, presidente da mesa diretora da C\u00e2mara Municipal de Vereadores de Ouvidor, deu in\u00edcio \u00e0 segunda Sess\u00e3o Ordin\u00e1ria da legislatura em exerc\u00edcio. A sess\u00e3o teve in\u00edcio com a leitura de um trecho do evangelho, seguida pela leitura da Ata da sess\u00e3o anterior, que foi aprovada<\/p>\n","protected":false},"author":2,"featured_media":49025,"comment_status":"closed","ping_status":"closed","sticky":false,"template":"","format":"standard","meta":{"footnotes":""},"categories":[27,22,26,23],"tags":[],"class_list":["post-49019","post","type-post","status-publish","format-standard","has-post-thumbnail","hentry","category-brasil","category-catalao","category-destaque","category-goias"],"yoast_head":"<!-- This site is optimized with the Yoast SEO plugin v25.8 - https:\/\/yoast.com\/wordpress\/plugins\/seo\/ -->\n<title>Vereadora Juliana Alves abre a segunda Sess\u00e3o Ordin\u00e1ria em Ouvidor com cobran\u00e7as por melhorias - Jornal Ultimos Acontecimentos<\/title>\n<meta name=\"robots\" content=\"index, follow, max-snippet:-1, max-image-preview:large, max-video-preview:-1\" \/>\n<link rel=\"canonical\" href=\"https:\/\/juacontecimentos.com.br\/site\/vereadora-juliana-alves-abre-a-segunda-sessao-ordinaria-em-ouvidor-com-cobrancas-por-melhorias\/\" \/>\n<meta property=\"og:locale\" content=\"pt_BR\" \/>\n<meta property=\"og:type\" content=\"article\" \/>\n<meta property=\"og:title\" content=\"Vereadora Juliana Alves abre a segunda Sess\u00e3o Ordin\u00e1ria em Ouvidor com cobran\u00e7as por melhorias - Jornal Ultimos Acontecimentos\" \/>\n<meta property=\"og:description\" content=\"Na noite desta segunda-feira, 9 de mar\u00e7o, a vereadora Juliana Alves, presidente da mesa diretora da C\u00e2mara Municipal de Vereadores de Ouvidor, deu in\u00edcio \u00e0 segunda Sess\u00e3o Ordin\u00e1ria da legislatura em exerc\u00edcio. A sess\u00e3o teve in\u00edcio com a leitura de um trecho do evangelho, seguida pela leitura da Ata da sess\u00e3o anterior, que foi aprovada\" \/>\n<meta property=\"og:url\" content=\"https:\/\/juacontecimentos.com.br\/site\/vereadora-juliana-alves-abre-a-segunda-sessao-ordinaria-em-ouvidor-com-cobrancas-por-melhorias\/\" \/>\n<meta property=\"og:site_name\" content=\"Jornal Ultimos Acontecimentos\" \/>\n<meta property=\"article:publisher\" content=\"https:\/\/www.facebook.com\/jultimosacontecimentos\/\" \/>\n<meta property=\"article:published_time\" content=\"2026-03-10T09:23:06+00:00\" \/>\n<meta property=\"article:modified_time\" content=\"2026-03-10T09:26:25+00:00\" \/>\n<meta property=\"og:image\" content=\"https:\/\/juacontecimentos.com.br\/site\/wp-content\/uploads\/2026\/03\/FB_IMG_1773134052191-1.jpg\" \/>\n\t<meta property=\"og:image:width\" content=\"1682\" \/>\n\t<meta property=\"og:image:height\" content=\"866\" \/>\n\t<meta property=\"og:image:type\" content=\"image\/jpeg\" \/>\n<meta name=\"author\" content=\"Reginaldo Ribeiro\" \/>\n<meta name=\"twitter:card\" content=\"summary_large_image\" \/>\n<meta name=\"twitter:label1\" content=\"Escrito por\" \/>\n\t<meta name=\"twitter:data1\" content=\"Reginaldo Ribeiro\" \/>\n\t<meta name=\"twitter:label2\" content=\"Est. tempo de leitura\" \/>\n\t<meta name=\"twitter:data2\" content=\"4 minutos\" \/>\n<script type=\"application\/ld+json\" class=\"yoast-schema-graph\">{\"@context\":\"https:\/\/schema.org\",\"@graph\":[{\"@type\":\"Article\",\"@id\":\"https:\/\/juacontecimentos.com.br\/site\/vereadora-juliana-alves-abre-a-segunda-sessao-ordinaria-em-ouvidor-com-cobrancas-por-melhorias\/#article\",\"isPartOf\":{\"@id\":\"https:\/\/juacontecimentos.com.br\/site\/vereadora-juliana-alves-abre-a-segunda-sessao-ordinaria-em-ouvidor-com-cobrancas-por-melhorias\/\"},\"author\":{\"name\":\"Reginaldo Ribeiro\",\"@id\":\"https:\/\/juacontecimentos.com.br\/site\/#\/schema\/person\/082a54e6d3fdd7a633291428521c9669\"},\"headline\":\"Vereadora Juliana Alves abre a segunda Sess\u00e3o Ordin\u00e1ria em Ouvidor com cobran\u00e7as por melhorias\",\"datePublished\":\"2026-03-10T09:23:06+00:00\",\"dateModified\":\"2026-03-10T09:26:25+00:00\",\"mainEntityOfPage\":{\"@id\":\"https:\/\/juacontecimentos.com.br\/site\/vereadora-juliana-alves-abre-a-segunda-sessao-ordinaria-em-ouvidor-com-cobrancas-por-melhorias\/\"},\"wordCount\":545,\"publisher\":{\"@id\":\"https:\/\/juacontecimentos.com.br\/site\/#organization\"},\"image\":{\"@id\":\"https:\/\/juacontecimentos.com.br\/site\/vereadora-juliana-alves-abre-a-segunda-sessao-ordinaria-em-ouvidor-com-cobrancas-por-melhorias\/#primaryimage\"},\"thumbnailUrl\":\"https:\/\/juacontecimentos.com.br\/site\/wp-content\/uploads\/2026\/03\/FB_IMG_1773134052191-1.jpg\",\"articleSection\":[\"Brasil\",\"Catal\u00e3o\",\"Destaque\",\"Goi\u00e1s\"],\"inLanguage\":\"pt-BR\"},{\"@type\":\"WebPage\",\"@id\":\"https:\/\/juacontecimentos.com.br\/site\/vereadora-juliana-alves-abre-a-segunda-sessao-ordinaria-em-ouvidor-com-cobrancas-por-melhorias\/\",\"url\":\"https:\/\/juacontecimentos.com.br\/site\/vereadora-juliana-alves-abre-a-segunda-sessao-ordinaria-em-ouvidor-com-cobrancas-por-melhorias\/\",\"name\":\"Vereadora Juliana Alves abre a segunda Sess\u00e3o Ordin\u00e1ria em Ouvidor com cobran\u00e7as por melhorias - Jornal Ultimos Acontecimentos\",\"isPartOf\":{\"@id\":\"https:\/\/juacontecimentos.com.br\/site\/#website\"},\"primaryImageOfPage\":{\"@id\":\"https:\/\/juacontecimentos.com.br\/site\/vereadora-juliana-alves-abre-a-segunda-sessao-ordinaria-em-ouvidor-com-cobrancas-por-melhorias\/#primaryimage\"},\"image\":{\"@id\":\"https:\/\/juacontecimentos.com.br\/site\/vereadora-juliana-alves-abre-a-segunda-sessao-ordinaria-em-ouvidor-com-cobrancas-por-melhorias\/#primaryimage\"},\"thumbnailUrl\":\"https:\/\/juacontecimentos.com.br\/site\/wp-content\/uploads\/2026\/03\/FB_IMG_1773134052191-1.jpg\",\"datePublished\":\"2026-03-10T09:23:06+00:00\",\"dateModified\":\"2026-03-10T09:26:25+00:00\",\"breadcrumb\":{\"@id\":\"https:\/\/juacontecimentos.com.br\/site\/vereadora-juliana-alves-abre-a-segunda-sessao-ordinaria-em-ouvidor-com-cobrancas-por-melhorias\/#breadcrumb\"},\"inLanguage\":\"pt-BR\",\"potentialAction\":[{\"@type\":\"ReadAction\",\"target\":[\"https:\/\/juacontecimentos.com.br\/site\/vereadora-juliana-alves-abre-a-segunda-sessao-ordinaria-em-ouvidor-com-cobrancas-por-melhorias\/\"]}]},{\"@type\":\"ImageObject\",\"inLanguage\":\"pt-BR\",\"@id\":\"https:\/\/juacontecimentos.com.br\/site\/vereadora-juliana-alves-abre-a-segunda-sessao-ordinaria-em-ouvidor-com-cobrancas-por-melhorias\/#primaryimage\",\"url\":\"https:\/\/juacontecimentos.com.br\/site\/wp-content\/uploads\/2026\/03\/FB_IMG_1773134052191-1.jpg\",\"contentUrl\":\"https:\/\/juacontecimentos.com.br\/site\/wp-content\/uploads\/2026\/03\/FB_IMG_1773134052191-1.jpg\",\"width\":1682,\"height\":866},{\"@type\":\"BreadcrumbList\",\"@id\":\"https:\/\/juacontecimentos.com.br\/site\/vereadora-juliana-alves-abre-a-segunda-sessao-ordinaria-em-ouvidor-com-cobrancas-por-melhorias\/#breadcrumb\",\"itemListElement\":[{\"@type\":\"ListItem\",\"position\":1,\"name\":\"In\u00edcio\",\"item\":\"https:\/\/juacontecimentos.com.br\/site\/\"},{\"@type\":\"ListItem\",\"position\":2,\"name\":\"Vereadora Juliana Alves abre a segunda Sess\u00e3o Ordin\u00e1ria em Ouvidor com cobran\u00e7as por melhorias\"}]},{\"@type\":\"WebSite\",\"@id\":\"https:\/\/juacontecimentos.com.br\/site\/#website\",\"url\":\"https:\/\/juacontecimentos.com.br\/site\/\",\"name\":\"Jornal Ultimos Acontecimentos\",\"description\":\"Catal\u00e3o e regi\u00e3o\",\"publisher\":{\"@id\":\"https:\/\/juacontecimentos.com.br\/site\/#organization\"},\"potentialAction\":[{\"@type\":\"SearchAction\",\"target\":{\"@type\":\"EntryPoint\",\"urlTemplate\":\"https:\/\/juacontecimentos.com.br\/site\/?s={search_term_string}\"},\"query-input\":{\"@type\":\"PropertyValueSpecification\",\"valueRequired\":true,\"valueName\":\"search_term_string\"}}],\"inLanguage\":\"pt-BR\"},{\"@type\":\"Organization\",\"@id\":\"https:\/\/juacontecimentos.com.br\/site\/#organization\",\"name\":\"Jornal Ultimos Acontecimentos\",\"url\":\"https:\/\/juacontecimentos.com.br\/site\/\",\"logo\":{\"@type\":\"ImageObject\",\"inLanguage\":\"pt-BR\",\"@id\":\"https:\/\/juacontecimentos.com.br\/site\/#\/schema\/logo\/image\/\",\"url\":\"https:\/\/juacontecimentos.com.br\/site\/wp-content\/uploads\/2023\/04\/Logo_Site.png\",\"contentUrl\":\"https:\/\/juacontecimentos.com.br\/site\/wp-content\/uploads\/2023\/04\/Logo_Site.png\",\"width\":2476,\"height\":530,\"caption\":\"Jornal Ultimos Acontecimentos\"},\"image\":{\"@id\":\"https:\/\/juacontecimentos.com.br\/site\/#\/schema\/logo\/image\/\"},\"sameAs\":[\"https:\/\/www.facebook.com\/jultimosacontecimentos\/\"]},{\"@type\":\"Person\",\"@id\":\"https:\/\/juacontecimentos.com.br\/site\/#\/schema\/person\/082a54e6d3fdd7a633291428521c9669\",\"name\":\"Reginaldo Ribeiro\",\"image\":{\"@type\":\"ImageObject\",\"inLanguage\":\"pt-BR\",\"@id\":\"https:\/\/juacontecimentos.com.br\/site\/#\/schema\/person\/image\/\",\"url\":\"https:\/\/secure.gravatar.com\/avatar\/5c16c6837c3490270a74d888c2a845728f06bdde1f8761de1de1d1d1ef82d12f?s=96&d=mm&r=g\",\"contentUrl\":\"https:\/\/secure.gravatar.com\/avatar\/5c16c6837c3490270a74d888c2a845728f06bdde1f8761de1de1d1d1ef82d12f?s=96&d=mm&r=g\",\"caption\":\"Reginaldo Ribeiro\"}}]}<\/script>\n<!-- \/ Yoast SEO plugin. -->","yoast_head_json":{"title":"Vereadora Juliana Alves abre a segunda Sess\u00e3o Ordin\u00e1ria em Ouvidor com cobran\u00e7as por melhorias - Jornal Ultimos Acontecimentos","robots":{"index":"index","follow":"follow","max-snippet":"max-snippet:-1","max-image-preview":"max-image-preview:large","max-video-preview":"max-video-preview:-1"},"canonical":"https:\/\/juacontecimentos.com.br\/site\/vereadora-juliana-alves-abre-a-segunda-sessao-ordinaria-em-ouvidor-com-cobrancas-por-melhorias\/","og_locale":"pt_BR","og_type":"article","og_title":"Vereadora Juliana Alves abre a segunda Sess\u00e3o Ordin\u00e1ria em Ouvidor com cobran\u00e7as por melhorias - Jornal Ultimos Acontecimentos","og_description":"Na noite desta segunda-feira, 9 de mar\u00e7o, a vereadora Juliana Alves, presidente da mesa diretora da C\u00e2mara Municipal de Vereadores de Ouvidor, deu in\u00edcio \u00e0 segunda Sess\u00e3o Ordin\u00e1ria da legislatura em exerc\u00edcio. A sess\u00e3o teve in\u00edcio com a leitura de um trecho do evangelho, seguida pela leitura da Ata da sess\u00e3o anterior, que foi aprovada","og_url":"https:\/\/juacontecimentos.com.br\/site\/vereadora-juliana-alves-abre-a-segunda-sessao-ordinaria-em-ouvidor-com-cobrancas-por-melhorias\/","og_site_name":"Jornal Ultimos Acontecimentos","article_publisher":"https:\/\/www.facebook.com\/jultimosacontecimentos\/","article_published_time":"2026-03-10T09:23:06+00:00","article_modified_time":"2026-03-10T09:26:25+00:00","og_image":[{"width":1682,"height":866,"url":"https:\/\/juacontecimentos.com.br\/site\/wp-content\/uploads\/2026\/03\/FB_IMG_1773134052191-1.jpg","type":"image\/jpeg"}],"author":"Reginaldo Ribeiro","twitter_card":"summary_large_image","twitter_misc":{"Escrito por":"Reginaldo Ribeiro","Est. tempo de leitura":"4 minutos"},"schema":{"@context":"https:\/\/schema.org","@graph":[{"@type":"Article","@id":"https:\/\/juacontecimentos.com.br\/site\/vereadora-juliana-alves-abre-a-segunda-sessao-ordinaria-em-ouvidor-com-cobrancas-por-melhorias\/#article","isPartOf":{"@id":"https:\/\/juacontecimentos.com.br\/site\/vereadora-juliana-alves-abre-a-segunda-sessao-ordinaria-em-ouvidor-com-cobrancas-por-melhorias\/"},"author":{"name":"Reginaldo Ribeiro","@id":"https:\/\/juacontecimentos.com.br\/site\/#\/schema\/person\/082a54e6d3fdd7a633291428521c9669"},"headline":"Vereadora Juliana Alves abre a segunda Sess\u00e3o Ordin\u00e1ria em Ouvidor com cobran\u00e7as por melhorias","datePublished":"2026-03-10T09:23:06+00:00","dateModified":"2026-03-10T09:26:25+00:00","mainEntityOfPage":{"@id":"https:\/\/juacontecimentos.com.br\/site\/vereadora-juliana-alves-abre-a-segunda-sessao-ordinaria-em-ouvidor-com-cobrancas-por-melhorias\/"},"wordCount":545,"publisher":{"@id":"https:\/\/juacontecimentos.com.br\/site\/#organization"},"image":{"@id":"https:\/\/juacontecimentos.com.br\/site\/vereadora-juliana-alves-abre-a-segunda-sessao-ordinaria-em-ouvidor-com-cobrancas-por-melhorias\/#primaryimage"},"thumbnailUrl":"https:\/\/juacontecimentos.com.br\/site\/wp-content\/uploads\/2026\/03\/FB_IMG_1773134052191-1.jpg","articleSection":["Brasil","Catal\u00e3o","Destaque","Goi\u00e1s"],"inLanguage":"pt-BR"},{"@type":"WebPage","@id":"https:\/\/juacontecimentos.com.br\/site\/vereadora-juliana-alves-abre-a-segunda-sessao-ordinaria-em-ouvidor-com-cobrancas-por-melhorias\/","url":"https:\/\/juacontecimentos.com.br\/site\/vereadora-juliana-alves-abre-a-segunda-sessao-ordinaria-em-ouvidor-com-cobrancas-por-melhorias\/","name":"Vereadora Juliana Alves abre a segunda Sess\u00e3o Ordin\u00e1ria em Ouvidor com cobran\u00e7as por melhorias - Jornal Ultimos Acontecimentos","isPartOf":{"@id":"https:\/\/juacontecimentos.com.br\/site\/#website"},"primaryImageOfPage":{"@id":"https:\/\/juacontecimentos.com.br\/site\/vereadora-juliana-alves-abre-a-segunda-sessao-ordinaria-em-ouvidor-com-cobrancas-por-melhorias\/#primaryimage"},"image":{"@id":"https:\/\/juacontecimentos.com.br\/site\/vereadora-juliana-alves-abre-a-segunda-sessao-ordinaria-em-ouvidor-com-cobrancas-por-melhorias\/#primaryimage"},"thumbnailUrl":"https:\/\/juacontecimentos.com.br\/site\/wp-content\/uploads\/2026\/03\/FB_IMG_1773134052191-1.jpg","datePublished":"2026-03-10T09:23:06+00:00","dateModified":"2026-03-10T09:26:25+00:00","breadcrumb":{"@id":"https:\/\/juacontecimentos.com.br\/site\/vereadora-juliana-alves-abre-a-segunda-sessao-ordinaria-em-ouvidor-com-cobrancas-por-melhorias\/#breadcrumb"},"inLanguage":"pt-BR","potentialAction":[{"@type":"ReadAction","target":["https:\/\/juacontecimentos.com.br\/site\/vereadora-juliana-alves-abre-a-segunda-sessao-ordinaria-em-ouvidor-com-cobrancas-por-melhorias\/"]}]},{"@type":"ImageObject","inLanguage":"pt-BR","@id":"https:\/\/juacontecimentos.com.br\/site\/vereadora-juliana-alves-abre-a-segunda-sessao-ordinaria-em-ouvidor-com-cobrancas-por-melhorias\/#primaryimage","url":"https:\/\/juacontecimentos.com.br\/site\/wp-content\/uploads\/2026\/03\/FB_IMG_1773134052191-1.jpg","contentUrl":"https:\/\/juacontecimentos.com.br\/site\/wp-content\/uploads\/2026\/03\/FB_IMG_1773134052191-1.jpg","width":1682,"height":866},{"@type":"BreadcrumbList","@id":"https:\/\/juacontecimentos.com.br\/site\/vereadora-juliana-alves-abre-a-segunda-sessao-ordinaria-em-ouvidor-com-cobrancas-por-melhorias\/#breadcrumb","itemListElement":[{"@type":"ListItem","position":1,"name":"In\u00edcio","item":"https:\/\/juacontecimentos.com.br\/site\/"},{"@type":"ListItem","position":2,"name":"Vereadora Juliana Alves abre a segunda Sess\u00e3o Ordin\u00e1ria em Ouvidor com cobran\u00e7as por melhorias"}]},{"@type":"WebSite","@id":"https:\/\/juacontecimentos.com.br\/site\/#website","url":"https:\/\/juacontecimentos.com.br\/site\/","name":"Jornal Ultimos Acontecimentos","description":"Catal\u00e3o e regi\u00e3o","publisher":{"@id":"https:\/\/juacontecimentos.com.br\/site\/#organization"},"potentialAction":[{"@type":"SearchAction","target":{"@type":"EntryPoint","urlTemplate":"https:\/\/juacontecimentos.com.br\/site\/?s={search_term_string}"},"query-input":{"@type":"PropertyValueSpecification","valueRequired":true,"valueName":"search_term_string"}}],"inLanguage":"pt-BR"},{"@type":"Organization","@id":"https:\/\/juacontecimentos.com.br\/site\/#organization","name":"Jornal Ultimos Acontecimentos","url":"https:\/\/juacontecimentos.com.br\/site\/","logo":{"@type":"ImageObject","inLanguage":"pt-BR","@id":"https:\/\/juacontecimentos.com.br\/site\/#\/schema\/logo\/image\/","url":"https:\/\/juacontecimentos.com.br\/site\/wp-content\/uploads\/2023\/04\/Logo_Site.png","contentUrl":"https:\/\/juacontecimentos.com.br\/site\/wp-content\/uploads\/2023\/04\/Logo_Site.png","width":2476,"height":530,"caption":"Jornal Ultimos Acontecimentos"},"image":{"@id":"https:\/\/juacontecimentos.com.br\/site\/#\/schema\/logo\/image\/"},"sameAs":["https:\/\/www.facebook.com\/jultimosacontecimentos\/"]},{"@type":"Person","@id":"https:\/\/juacontecimentos.com.br\/site\/#\/schema\/person\/082a54e6d3fdd7a633291428521c9669","name":"Reginaldo Ribeiro","image":{"@type":"ImageObject","inLanguage":"pt-BR","@id":"https:\/\/juacontecimentos.com.br\/site\/#\/schema\/person\/image\/","url":"https:\/\/secure.gravatar.com\/avatar\/5c16c6837c3490270a74d888c2a845728f06bdde1f8761de1de1d1d1ef82d12f?s=96&d=mm&r=g","contentUrl":"https:\/\/secure.gravatar.com\/avatar\/5c16c6837c3490270a74d888c2a845728f06bdde1f8761de1de1d1d1ef82d12f?s=96&d=mm&r=g","caption":"Reginaldo Ribeiro"}}]}},"_links":{"self":[{"href":"https:\/\/juacontecimentos.com.br\/site\/wp-json\/wp\/v2\/posts\/49019","targetHints":{"allow":["GET"]}}],"collection":[{"href":"https:\/\/juacontecimentos.com.br\/site\/wp-json\/wp\/v2\/posts"}],"about":[{"href":"https:\/\/juacontecimentos.com.br\/site\/wp-json\/wp\/v2\/types\/post"}],"author":[{"embeddable":true,"href":"https:\/\/juacontecimentos.com.br\/site\/wp-json\/wp\/v2\/users\/2"}],"replies":[{"embeddable":true,"href":"https:\/\/juacontecimentos.com.br\/site\/wp-json\/wp\/v2\/comments?post=49019"}],"version-history":[{"count":3,"href":"https:\/\/juacontecimentos.com.br\/site\/wp-json\/wp\/v2\/posts\/49019\/revisions"}],"predecessor-version":[{"id":49026,"href":"https:\/\/juacontecimentos.com.br\/site\/wp-json\/wp\/v2\/posts\/49019\/revisions\/49026"}],"wp:featuredmedia":[{"embeddable":true,"href":"https:\/\/juacontecimentos.com.br\/site\/wp-json\/wp\/v2\/media\/49025"}],"wp:attachment":[{"href":"https:\/\/juacontecimentos.com.br\/site\/wp-json\/wp\/v2\/media?parent=49019"}],"wp:term":[{"taxonomy":"category","embeddable":true,"href":"https:\/\/juacontecimentos.com.br\/site\/wp-json\/wp\/v2\/categories?post=49019"},{"taxonomy":"post_tag","embeddable":true,"href":"https:\/\/juacontecimentos.com.br\/site\/wp-json\/wp\/v2\/tags?post=49019"}],"curies":[{"name":"wp","href":"https:\/\/api.w.org\/{rel}","templated":true}]}}