{"id":49027,"date":"2026-03-10T08:50:41","date_gmt":"2026-03-10T11:50:41","guid":{"rendered":"https:\/\/juacontecimentos.com.br\/site\/?p=49027"},"modified":"2026-03-10T09:07:04","modified_gmt":"2026-03-10T12:07:04","slug":"missao-tecnica-na-argentina-foco-em-inovacao-e-fortalecimento-do-agronegocio","status":"publish","type":"post","link":"https:\/\/juacontecimentos.com.br\/site\/missao-tecnica-na-argentina-foco-em-inovacao-e-fortalecimento-do-agronegocio\/","title":{"rendered":"Miss\u00e3o T\u00e9cnica na Argentina: Foco em inova\u00e7\u00e3o e fortalecimento do agroneg\u00f3cio"},"content":{"rendered":"<p><img loading=\"lazy\" decoding=\"async\" class=\"alignnone wp-image-49028 size-full\" src=\"https:\/\/juacontecimentos.com.br\/site\/wp-content\/uploads\/2026\/03\/IMG-20260310-WA0053-e1773143873167.jpg\" alt=\"\" width=\"1496\" height=\"797\" srcset=\"https:\/\/juacontecimentos.com.br\/site\/wp-content\/uploads\/2026\/03\/IMG-20260310-WA0053-e1773143873167.jpg 1496w, https:\/\/juacontecimentos.com.br\/site\/wp-content\/uploads\/2026\/03\/IMG-20260310-WA0053-e1773143873167-300x160.jpg 300w, https:\/\/juacontecimentos.com.br\/site\/wp-content\/uploads\/2026\/03\/IMG-20260310-WA0053-e1773143873167-1024x546.jpg 1024w, https:\/\/juacontecimentos.com.br\/site\/wp-content\/uploads\/2026\/03\/IMG-20260310-WA0053-e1773143873167-768x409.jpg 768w\" sizes=\"auto, (max-width: 1496px) 100vw, 1496px\" \/><\/p>\n<div>A Miss\u00e3o T\u00e9cnica na Argentina, iniciada em 9 de mar\u00e7o, representa um marco importante para o agroneg\u00f3cio goiano e brasileiro. Liderada pelo presidente do Sistema Faeg\/Senar, Jos\u00e9 M\u00e1rio Schreiner, e contando com a participa\u00e7\u00e3o do presidente do Sindicato Rural de Campo Alegre de Goi\u00e1s, Rogivaldo Jos\u00e9 da Silva, a comitiva tem como principal objetivo aprofundar o conhecimento sobre as inova\u00e7\u00f5es do setor e fortalecer as rela\u00e7\u00f5es comerciais.<\/div>\n<div><\/div>\n<div>A agenda da miss\u00e3o \u00e9 intensa e diversificada. O grupo visitar\u00e1 a Expoagro, a maior feira a c\u00e9u aberto da Argentina, refer\u00eancia em m\u00e1quinas, equipamentos e tecnologia para o agro. Al\u00e9m disso, est\u00e3o programadas visitas aos portos do Rio da Prata e \u00e0 bolsa de valores argentina, proporcionando uma vis\u00e3o abrangente do cen\u00e1rio econ\u00f4mico e log\u00edstico. A miss\u00e3o tamb\u00e9m se estender\u00e1 ao Uruguai, ampliando as oportunidades de aprendizado e troca de experi\u00eancias.<\/div>\n<div><\/div>\n<div>O foco da miss\u00e3o \u00e9 claro: conhecer de perto as novidades do setor, comparar custos e entender as diferen\u00e7as entre a realidade brasileira e a dos pa\u00edses vizinhos. A iniciativa visa impulsionar o desenvolvimento do agroneg\u00f3cio, buscando solu\u00e7\u00f5es que fortale\u00e7am o produtor rural e promovam o crescimento econ\u00f4mico do estado de Goi\u00e1s e do Brasil. Ao longo da semana, ser\u00e3o compartilhadas mais novidades sobre os desdobramentos desta importante miss\u00e3o internacional.<\/div>\n<div><\/div>\n<div><img loading=\"lazy\" decoding=\"async\" class=\"alignnone wp-image-49029 size-full\" src=\"https:\/\/juacontecimentos.com.br\/site\/wp-content\/uploads\/2026\/03\/IMG-20260310-WA0055-e1773144414707.jpg\" alt=\"\" width=\"1090\" height=\"646\" srcset=\"https:\/\/juacontecimentos.com.br\/site\/wp-content\/uploads\/2026\/03\/IMG-20260310-WA0055-e1773144414707.jpg 1090w, https:\/\/juacontecimentos.com.br\/site\/wp-content\/uploads\/2026\/03\/IMG-20260310-WA0055-e1773144414707-300x178.jpg 300w, https:\/\/juacontecimentos.com.br\/site\/wp-content\/uploads\/2026\/03\/IMG-20260310-WA0055-e1773144414707-1024x607.jpg 1024w, https:\/\/juacontecimentos.com.br\/site\/wp-content\/uploads\/2026\/03\/IMG-20260310-WA0055-e1773144414707-768x455.jpg 768w\" sizes=\"auto, (max-width: 1090px) 100vw, 1090px\" \/><\/div>\n","protected":false},"excerpt":{"rendered":"<p>A Miss\u00e3o T\u00e9cnica na Argentina, iniciada em 9 de mar\u00e7o, representa um marco importante para o agroneg\u00f3cio goiano e brasileiro. Liderada pelo presidente do Sistema Faeg\/Senar, Jos\u00e9 M\u00e1rio Schreiner, e contando com a participa\u00e7\u00e3o do presidente do Sindicato Rural de Campo Alegre de Goi\u00e1s, Rogivaldo Jos\u00e9 da Silva, a comitiva tem como principal objetivo aprofundar<\/p>\n","protected":false},"author":2,"featured_media":49032,"comment_status":"closed","ping_status":"closed","sticky":false,"template":"","format":"standard","meta":{"footnotes":""},"categories":[27,22,26,23],"tags":[],"class_list":["post-49027","post","type-post","status-publish","format-standard","has-post-thumbnail","hentry","category-brasil","category-catalao","category-destaque","category-goias"],"yoast_head":"<!-- This site is optimized with the Yoast SEO plugin v25.8 - https:\/\/yoast.com\/wordpress\/plugins\/seo\/ -->\n<title>Miss\u00e3o T\u00e9cnica na Argentina: Foco em inova\u00e7\u00e3o e fortalecimento do agroneg\u00f3cio - Jornal Ultimos Acontecimentos<\/title>\n<meta name=\"robots\" content=\"index, follow, max-snippet:-1, max-image-preview:large, max-video-preview:-1\" \/>\n<link rel=\"canonical\" href=\"https:\/\/juacontecimentos.com.br\/site\/missao-tecnica-na-argentina-foco-em-inovacao-e-fortalecimento-do-agronegocio\/\" \/>\n<meta property=\"og:locale\" content=\"pt_BR\" \/>\n<meta property=\"og:type\" content=\"article\" \/>\n<meta property=\"og:title\" content=\"Miss\u00e3o T\u00e9cnica na Argentina: Foco em inova\u00e7\u00e3o e fortalecimento do agroneg\u00f3cio - Jornal Ultimos Acontecimentos\" \/>\n<meta property=\"og:description\" content=\"A Miss\u00e3o T\u00e9cnica na Argentina, iniciada em 9 de mar\u00e7o, representa um marco importante para o agroneg\u00f3cio goiano e brasileiro. Liderada pelo presidente do Sistema Faeg\/Senar, Jos\u00e9 M\u00e1rio Schreiner, e contando com a participa\u00e7\u00e3o do presidente do Sindicato Rural de Campo Alegre de Goi\u00e1s, Rogivaldo Jos\u00e9 da Silva, a comitiva tem como principal objetivo aprofundar\" \/>\n<meta property=\"og:url\" content=\"https:\/\/juacontecimentos.com.br\/site\/missao-tecnica-na-argentina-foco-em-inovacao-e-fortalecimento-do-agronegocio\/\" \/>\n<meta property=\"og:site_name\" content=\"Jornal Ultimos Acontecimentos\" \/>\n<meta property=\"article:publisher\" content=\"https:\/\/www.facebook.com\/jultimosacontecimentos\/\" \/>\n<meta property=\"article:published_time\" content=\"2026-03-10T11:50:41+00:00\" \/>\n<meta property=\"article:modified_time\" content=\"2026-03-10T12:07:04+00:00\" \/>\n<meta property=\"og:image\" content=\"https:\/\/juacontecimentos.com.br\/site\/wp-content\/uploads\/2026\/03\/Missao.jpg\" \/>\n\t<meta property=\"og:image:width\" content=\"1710\" \/>\n\t<meta property=\"og:image:height\" content=\"863\" \/>\n\t<meta property=\"og:image:type\" content=\"image\/jpeg\" \/>\n<meta name=\"author\" content=\"Reginaldo Ribeiro\" \/>\n<meta name=\"twitter:card\" content=\"summary_large_image\" \/>\n<meta name=\"twitter:label1\" content=\"Escrito por\" \/>\n\t<meta name=\"twitter:data1\" content=\"Reginaldo Ribeiro\" \/>\n\t<meta name=\"twitter:label2\" content=\"Est. tempo de leitura\" \/>\n\t<meta name=\"twitter:data2\" content=\"2 minutos\" \/>\n<script type=\"application\/ld+json\" class=\"yoast-schema-graph\">{\"@context\":\"https:\/\/schema.org\",\"@graph\":[{\"@type\":\"Article\",\"@id\":\"https:\/\/juacontecimentos.com.br\/site\/missao-tecnica-na-argentina-foco-em-inovacao-e-fortalecimento-do-agronegocio\/#article\",\"isPartOf\":{\"@id\":\"https:\/\/juacontecimentos.com.br\/site\/missao-tecnica-na-argentina-foco-em-inovacao-e-fortalecimento-do-agronegocio\/\"},\"author\":{\"name\":\"Reginaldo Ribeiro\",\"@id\":\"https:\/\/juacontecimentos.com.br\/site\/#\/schema\/person\/082a54e6d3fdd7a633291428521c9669\"},\"headline\":\"Miss\u00e3o T\u00e9cnica na Argentina: Foco em inova\u00e7\u00e3o e fortalecimento do agroneg\u00f3cio\",\"datePublished\":\"2026-03-10T11:50:41+00:00\",\"dateModified\":\"2026-03-10T12:07:04+00:00\",\"mainEntityOfPage\":{\"@id\":\"https:\/\/juacontecimentos.com.br\/site\/missao-tecnica-na-argentina-foco-em-inovacao-e-fortalecimento-do-agronegocio\/\"},\"wordCount\":253,\"publisher\":{\"@id\":\"https:\/\/juacontecimentos.com.br\/site\/#organization\"},\"image\":{\"@id\":\"https:\/\/juacontecimentos.com.br\/site\/missao-tecnica-na-argentina-foco-em-inovacao-e-fortalecimento-do-agronegocio\/#primaryimage\"},\"thumbnailUrl\":\"https:\/\/juacontecimentos.com.br\/site\/wp-content\/uploads\/2026\/03\/Missao.jpg\",\"articleSection\":[\"Brasil\",\"Catal\u00e3o\",\"Destaque\",\"Goi\u00e1s\"],\"inLanguage\":\"pt-BR\"},{\"@type\":\"WebPage\",\"@id\":\"https:\/\/juacontecimentos.com.br\/site\/missao-tecnica-na-argentina-foco-em-inovacao-e-fortalecimento-do-agronegocio\/\",\"url\":\"https:\/\/juacontecimentos.com.br\/site\/missao-tecnica-na-argentina-foco-em-inovacao-e-fortalecimento-do-agronegocio\/\",\"name\":\"Miss\u00e3o T\u00e9cnica na Argentina: Foco em inova\u00e7\u00e3o e fortalecimento do agroneg\u00f3cio - Jornal Ultimos Acontecimentos\",\"isPartOf\":{\"@id\":\"https:\/\/juacontecimentos.com.br\/site\/#website\"},\"primaryImageOfPage\":{\"@id\":\"https:\/\/juacontecimentos.com.br\/site\/missao-tecnica-na-argentina-foco-em-inovacao-e-fortalecimento-do-agronegocio\/#primaryimage\"},\"image\":{\"@id\":\"https:\/\/juacontecimentos.com.br\/site\/missao-tecnica-na-argentina-foco-em-inovacao-e-fortalecimento-do-agronegocio\/#primaryimage\"},\"thumbnailUrl\":\"https:\/\/juacontecimentos.com.br\/site\/wp-content\/uploads\/2026\/03\/Missao.jpg\",\"datePublished\":\"2026-03-10T11:50:41+00:00\",\"dateModified\":\"2026-03-10T12:07:04+00:00\",\"breadcrumb\":{\"@id\":\"https:\/\/juacontecimentos.com.br\/site\/missao-tecnica-na-argentina-foco-em-inovacao-e-fortalecimento-do-agronegocio\/#breadcrumb\"},\"inLanguage\":\"pt-BR\",\"potentialAction\":[{\"@type\":\"ReadAction\",\"target\":[\"https:\/\/juacontecimentos.com.br\/site\/missao-tecnica-na-argentina-foco-em-inovacao-e-fortalecimento-do-agronegocio\/\"]}]},{\"@type\":\"ImageObject\",\"inLanguage\":\"pt-BR\",\"@id\":\"https:\/\/juacontecimentos.com.br\/site\/missao-tecnica-na-argentina-foco-em-inovacao-e-fortalecimento-do-agronegocio\/#primaryimage\",\"url\":\"https:\/\/juacontecimentos.com.br\/site\/wp-content\/uploads\/2026\/03\/Missao.jpg\",\"contentUrl\":\"https:\/\/juacontecimentos.com.br\/site\/wp-content\/uploads\/2026\/03\/Missao.jpg\",\"width\":1710,\"height\":863},{\"@type\":\"BreadcrumbList\",\"@id\":\"https:\/\/juacontecimentos.com.br\/site\/missao-tecnica-na-argentina-foco-em-inovacao-e-fortalecimento-do-agronegocio\/#breadcrumb\",\"itemListElement\":[{\"@type\":\"ListItem\",\"position\":1,\"name\":\"In\u00edcio\",\"item\":\"https:\/\/juacontecimentos.com.br\/site\/\"},{\"@type\":\"ListItem\",\"position\":2,\"name\":\"Miss\u00e3o T\u00e9cnica na Argentina: Foco em inova\u00e7\u00e3o e fortalecimento do agroneg\u00f3cio\"}]},{\"@type\":\"WebSite\",\"@id\":\"https:\/\/juacontecimentos.com.br\/site\/#website\",\"url\":\"https:\/\/juacontecimentos.com.br\/site\/\",\"name\":\"Jornal Ultimos Acontecimentos\",\"description\":\"Catal\u00e3o e regi\u00e3o\",\"publisher\":{\"@id\":\"https:\/\/juacontecimentos.com.br\/site\/#organization\"},\"potentialAction\":[{\"@type\":\"SearchAction\",\"target\":{\"@type\":\"EntryPoint\",\"urlTemplate\":\"https:\/\/juacontecimentos.com.br\/site\/?s={search_term_string}\"},\"query-input\":{\"@type\":\"PropertyValueSpecification\",\"valueRequired\":true,\"valueName\":\"search_term_string\"}}],\"inLanguage\":\"pt-BR\"},{\"@type\":\"Organization\",\"@id\":\"https:\/\/juacontecimentos.com.br\/site\/#organization\",\"name\":\"Jornal Ultimos Acontecimentos\",\"url\":\"https:\/\/juacontecimentos.com.br\/site\/\",\"logo\":{\"@type\":\"ImageObject\",\"inLanguage\":\"pt-BR\",\"@id\":\"https:\/\/juacontecimentos.com.br\/site\/#\/schema\/logo\/image\/\",\"url\":\"https:\/\/juacontecimentos.com.br\/site\/wp-content\/uploads\/2023\/04\/Logo_Site.png\",\"contentUrl\":\"https:\/\/juacontecimentos.com.br\/site\/wp-content\/uploads\/2023\/04\/Logo_Site.png\",\"width\":2476,\"height\":530,\"caption\":\"Jornal Ultimos Acontecimentos\"},\"image\":{\"@id\":\"https:\/\/juacontecimentos.com.br\/site\/#\/schema\/logo\/image\/\"},\"sameAs\":[\"https:\/\/www.facebook.com\/jultimosacontecimentos\/\"]},{\"@type\":\"Person\",\"@id\":\"https:\/\/juacontecimentos.com.br\/site\/#\/schema\/person\/082a54e6d3fdd7a633291428521c9669\",\"name\":\"Reginaldo Ribeiro\",\"image\":{\"@type\":\"ImageObject\",\"inLanguage\":\"pt-BR\",\"@id\":\"https:\/\/juacontecimentos.com.br\/site\/#\/schema\/person\/image\/\",\"url\":\"https:\/\/secure.gravatar.com\/avatar\/5c16c6837c3490270a74d888c2a845728f06bdde1f8761de1de1d1d1ef82d12f?s=96&d=mm&r=g\",\"contentUrl\":\"https:\/\/secure.gravatar.com\/avatar\/5c16c6837c3490270a74d888c2a845728f06bdde1f8761de1de1d1d1ef82d12f?s=96&d=mm&r=g\",\"caption\":\"Reginaldo Ribeiro\"}}]}<\/script>\n<!-- \/ Yoast SEO plugin. -->","yoast_head_json":{"title":"Miss\u00e3o T\u00e9cnica na Argentina: Foco em inova\u00e7\u00e3o e fortalecimento do agroneg\u00f3cio - Jornal Ultimos Acontecimentos","robots":{"index":"index","follow":"follow","max-snippet":"max-snippet:-1","max-image-preview":"max-image-preview:large","max-video-preview":"max-video-preview:-1"},"canonical":"https:\/\/juacontecimentos.com.br\/site\/missao-tecnica-na-argentina-foco-em-inovacao-e-fortalecimento-do-agronegocio\/","og_locale":"pt_BR","og_type":"article","og_title":"Miss\u00e3o T\u00e9cnica na Argentina: Foco em inova\u00e7\u00e3o e fortalecimento do agroneg\u00f3cio - Jornal Ultimos Acontecimentos","og_description":"A Miss\u00e3o T\u00e9cnica na Argentina, iniciada em 9 de mar\u00e7o, representa um marco importante para o agroneg\u00f3cio goiano e brasileiro. Liderada pelo presidente do Sistema Faeg\/Senar, Jos\u00e9 M\u00e1rio Schreiner, e contando com a participa\u00e7\u00e3o do presidente do Sindicato Rural de Campo Alegre de Goi\u00e1s, Rogivaldo Jos\u00e9 da Silva, a comitiva tem como principal objetivo aprofundar","og_url":"https:\/\/juacontecimentos.com.br\/site\/missao-tecnica-na-argentina-foco-em-inovacao-e-fortalecimento-do-agronegocio\/","og_site_name":"Jornal Ultimos Acontecimentos","article_publisher":"https:\/\/www.facebook.com\/jultimosacontecimentos\/","article_published_time":"2026-03-10T11:50:41+00:00","article_modified_time":"2026-03-10T12:07:04+00:00","og_image":[{"width":1710,"height":863,"url":"https:\/\/juacontecimentos.com.br\/site\/wp-content\/uploads\/2026\/03\/Missao.jpg","type":"image\/jpeg"}],"author":"Reginaldo Ribeiro","twitter_card":"summary_large_image","twitter_misc":{"Escrito por":"Reginaldo Ribeiro","Est. tempo de leitura":"2 minutos"},"schema":{"@context":"https:\/\/schema.org","@graph":[{"@type":"Article","@id":"https:\/\/juacontecimentos.com.br\/site\/missao-tecnica-na-argentina-foco-em-inovacao-e-fortalecimento-do-agronegocio\/#article","isPartOf":{"@id":"https:\/\/juacontecimentos.com.br\/site\/missao-tecnica-na-argentina-foco-em-inovacao-e-fortalecimento-do-agronegocio\/"},"author":{"name":"Reginaldo Ribeiro","@id":"https:\/\/juacontecimentos.com.br\/site\/#\/schema\/person\/082a54e6d3fdd7a633291428521c9669"},"headline":"Miss\u00e3o T\u00e9cnica na Argentina: Foco em inova\u00e7\u00e3o e fortalecimento do agroneg\u00f3cio","datePublished":"2026-03-10T11:50:41+00:00","dateModified":"2026-03-10T12:07:04+00:00","mainEntityOfPage":{"@id":"https:\/\/juacontecimentos.com.br\/site\/missao-tecnica-na-argentina-foco-em-inovacao-e-fortalecimento-do-agronegocio\/"},"wordCount":253,"publisher":{"@id":"https:\/\/juacontecimentos.com.br\/site\/#organization"},"image":{"@id":"https:\/\/juacontecimentos.com.br\/site\/missao-tecnica-na-argentina-foco-em-inovacao-e-fortalecimento-do-agronegocio\/#primaryimage"},"thumbnailUrl":"https:\/\/juacontecimentos.com.br\/site\/wp-content\/uploads\/2026\/03\/Missao.jpg","articleSection":["Brasil","Catal\u00e3o","Destaque","Goi\u00e1s"],"inLanguage":"pt-BR"},{"@type":"WebPage","@id":"https:\/\/juacontecimentos.com.br\/site\/missao-tecnica-na-argentina-foco-em-inovacao-e-fortalecimento-do-agronegocio\/","url":"https:\/\/juacontecimentos.com.br\/site\/missao-tecnica-na-argentina-foco-em-inovacao-e-fortalecimento-do-agronegocio\/","name":"Miss\u00e3o T\u00e9cnica na Argentina: Foco em inova\u00e7\u00e3o e fortalecimento do agroneg\u00f3cio - Jornal Ultimos Acontecimentos","isPartOf":{"@id":"https:\/\/juacontecimentos.com.br\/site\/#website"},"primaryImageOfPage":{"@id":"https:\/\/juacontecimentos.com.br\/site\/missao-tecnica-na-argentina-foco-em-inovacao-e-fortalecimento-do-agronegocio\/#primaryimage"},"image":{"@id":"https:\/\/juacontecimentos.com.br\/site\/missao-tecnica-na-argentina-foco-em-inovacao-e-fortalecimento-do-agronegocio\/#primaryimage"},"thumbnailUrl":"https:\/\/juacontecimentos.com.br\/site\/wp-content\/uploads\/2026\/03\/Missao.jpg","datePublished":"2026-03-10T11:50:41+00:00","dateModified":"2026-03-10T12:07:04+00:00","breadcrumb":{"@id":"https:\/\/juacontecimentos.com.br\/site\/missao-tecnica-na-argentina-foco-em-inovacao-e-fortalecimento-do-agronegocio\/#breadcrumb"},"inLanguage":"pt-BR","potentialAction":[{"@type":"ReadAction","target":["https:\/\/juacontecimentos.com.br\/site\/missao-tecnica-na-argentina-foco-em-inovacao-e-fortalecimento-do-agronegocio\/"]}]},{"@type":"ImageObject","inLanguage":"pt-BR","@id":"https:\/\/juacontecimentos.com.br\/site\/missao-tecnica-na-argentina-foco-em-inovacao-e-fortalecimento-do-agronegocio\/#primaryimage","url":"https:\/\/juacontecimentos.com.br\/site\/wp-content\/uploads\/2026\/03\/Missao.jpg","contentUrl":"https:\/\/juacontecimentos.com.br\/site\/wp-content\/uploads\/2026\/03\/Missao.jpg","width":1710,"height":863},{"@type":"BreadcrumbList","@id":"https:\/\/juacontecimentos.com.br\/site\/missao-tecnica-na-argentina-foco-em-inovacao-e-fortalecimento-do-agronegocio\/#breadcrumb","itemListElement":[{"@type":"ListItem","position":1,"name":"In\u00edcio","item":"https:\/\/juacontecimentos.com.br\/site\/"},{"@type":"ListItem","position":2,"name":"Miss\u00e3o T\u00e9cnica na Argentina: Foco em inova\u00e7\u00e3o e fortalecimento do agroneg\u00f3cio"}]},{"@type":"WebSite","@id":"https:\/\/juacontecimentos.com.br\/site\/#website","url":"https:\/\/juacontecimentos.com.br\/site\/","name":"Jornal Ultimos Acontecimentos","description":"Catal\u00e3o e regi\u00e3o","publisher":{"@id":"https:\/\/juacontecimentos.com.br\/site\/#organization"},"potentialAction":[{"@type":"SearchAction","target":{"@type":"EntryPoint","urlTemplate":"https:\/\/juacontecimentos.com.br\/site\/?s={search_term_string}"},"query-input":{"@type":"PropertyValueSpecification","valueRequired":true,"valueName":"search_term_string"}}],"inLanguage":"pt-BR"},{"@type":"Organization","@id":"https:\/\/juacontecimentos.com.br\/site\/#organization","name":"Jornal Ultimos Acontecimentos","url":"https:\/\/juacontecimentos.com.br\/site\/","logo":{"@type":"ImageObject","inLanguage":"pt-BR","@id":"https:\/\/juacontecimentos.com.br\/site\/#\/schema\/logo\/image\/","url":"https:\/\/juacontecimentos.com.br\/site\/wp-content\/uploads\/2023\/04\/Logo_Site.png","contentUrl":"https:\/\/juacontecimentos.com.br\/site\/wp-content\/uploads\/2023\/04\/Logo_Site.png","width":2476,"height":530,"caption":"Jornal Ultimos Acontecimentos"},"image":{"@id":"https:\/\/juacontecimentos.com.br\/site\/#\/schema\/logo\/image\/"},"sameAs":["https:\/\/www.facebook.com\/jultimosacontecimentos\/"]},{"@type":"Person","@id":"https:\/\/juacontecimentos.com.br\/site\/#\/schema\/person\/082a54e6d3fdd7a633291428521c9669","name":"Reginaldo Ribeiro","image":{"@type":"ImageObject","inLanguage":"pt-BR","@id":"https:\/\/juacontecimentos.com.br\/site\/#\/schema\/person\/image\/","url":"https:\/\/secure.gravatar.com\/avatar\/5c16c6837c3490270a74d888c2a845728f06bdde1f8761de1de1d1d1ef82d12f?s=96&d=mm&r=g","contentUrl":"https:\/\/secure.gravatar.com\/avatar\/5c16c6837c3490270a74d888c2a845728f06bdde1f8761de1de1d1d1ef82d12f?s=96&d=mm&r=g","caption":"Reginaldo Ribeiro"}}]}},"_links":{"self":[{"href":"https:\/\/juacontecimentos.com.br\/site\/wp-json\/wp\/v2\/posts\/49027","targetHints":{"allow":["GET"]}}],"collection":[{"href":"https:\/\/juacontecimentos.com.br\/site\/wp-json\/wp\/v2\/posts"}],"about":[{"href":"https:\/\/juacontecimentos.com.br\/site\/wp-json\/wp\/v2\/types\/post"}],"author":[{"embeddable":true,"href":"https:\/\/juacontecimentos.com.br\/site\/wp-json\/wp\/v2\/users\/2"}],"replies":[{"embeddable":true,"href":"https:\/\/juacontecimentos.com.br\/site\/wp-json\/wp\/v2\/comments?post=49027"}],"version-history":[{"count":3,"href":"https:\/\/juacontecimentos.com.br\/site\/wp-json\/wp\/v2\/posts\/49027\/revisions"}],"predecessor-version":[{"id":49033,"href":"https:\/\/juacontecimentos.com.br\/site\/wp-json\/wp\/v2\/posts\/49027\/revisions\/49033"}],"wp:featuredmedia":[{"embeddable":true,"href":"https:\/\/juacontecimentos.com.br\/site\/wp-json\/wp\/v2\/media\/49032"}],"wp:attachment":[{"href":"https:\/\/juacontecimentos.com.br\/site\/wp-json\/wp\/v2\/media?parent=49027"}],"wp:term":[{"taxonomy":"category","embeddable":true,"href":"https:\/\/juacontecimentos.com.br\/site\/wp-json\/wp\/v2\/categories?post=49027"},{"taxonomy":"post_tag","embeddable":true,"href":"https:\/\/juacontecimentos.com.br\/site\/wp-json\/wp\/v2\/tags?post=49027"}],"curies":[{"name":"wp","href":"https:\/\/api.w.org\/{rel}","templated":true}]}}