{"id":49074,"date":"2026-03-11T07:59:01","date_gmt":"2026-03-11T10:59:01","guid":{"rendered":"https:\/\/juacontecimentos.com.br\/site\/?p=49074"},"modified":"2026-03-11T08:01:22","modified_gmt":"2026-03-11T11:01:22","slug":"ouvidor-tres-causas-um-objetivo-diagnostico-precoce-e-qualidade-de-vida-em-marco","status":"publish","type":"post","link":"https:\/\/juacontecimentos.com.br\/site\/ouvidor-tres-causas-um-objetivo-diagnostico-precoce-e-qualidade-de-vida-em-marco\/","title":{"rendered":"Ouvidor: Tr\u00eas causas, um objetivo: diagn\u00f3stico precoce e qualidade de vida em mar\u00e7o"},"content":{"rendered":"<p><img loading=\"lazy\" decoding=\"async\" class=\"alignnone size-full wp-image-49077\" src=\"https:\/\/juacontecimentos.com.br\/site\/wp-content\/uploads\/2026\/03\/IMG-20260311-WA0052.jpg\" alt=\"\" width=\"1080\" height=\"1350\" srcset=\"https:\/\/juacontecimentos.com.br\/site\/wp-content\/uploads\/2026\/03\/IMG-20260311-WA0052.jpg 1080w, https:\/\/juacontecimentos.com.br\/site\/wp-content\/uploads\/2026\/03\/IMG-20260311-WA0052-240x300.jpg 240w, https:\/\/juacontecimentos.com.br\/site\/wp-content\/uploads\/2026\/03\/IMG-20260311-WA0052-819x1024.jpg 819w, https:\/\/juacontecimentos.com.br\/site\/wp-content\/uploads\/2026\/03\/IMG-20260311-WA0052-768x960.jpg 768w\" sizes=\"auto, (max-width: 1080px) 100vw, 1080px\" \/><\/p>\n<p>Mar\u00e7o chega com um importante chamado \u00e0 popula\u00e7\u00e3o: cuidar da sa\u00fade por meio da informa\u00e7\u00e3o e da preven\u00e7\u00e3o. Durante todo o m\u00eas, a Prefeitura de Ouvidor, por meio da Secretaria Municipal de Sa\u00fade, apoia a campanha \u201cMar\u00e7o: 1 m\u00eas, 3 causas!\u201d, que re\u00fane tr\u00eas movimentos fundamentais para a sa\u00fade p\u00fablica: o Mar\u00e7o Amarelo, o Mar\u00e7o Azul-Marinho e o Mar\u00e7o Lil\u00e1s. Este esfor\u00e7o busca ampliar o conhecimento, incentivar o diagn\u00f3stico precoce e promover a qualidade de vida, especialmente quando se trata de condi\u00e7\u00f5es que exigem aten\u00e7\u00e3o cont\u00ednua.<\/p>\n<p><strong>Mar\u00e7o Amarelo \u2013 Conscientiza\u00e7\u00e3o sobre a Endometriose<\/strong><br \/>\nA endometriose \u00e9 uma condi\u00e7\u00e3o que afeta cerca de 176 milh\u00f5es de mulheres no mundo, de acordo com a Organiza\u00e7\u00e3o Mundial da Sa\u00fade (OMS). Caracterizada pelo crescimento de tecido semelhante ao endom\u00e9trio fora do \u00fatero, a doen\u00e7a pode provocar dores intensas, c\u00f3licas constantes e dificuldades para engravidar. O Mar\u00e7o Amarelo busca ampliar a compreens\u00e3o sobre os sintomas, estimular o diagn\u00f3stico precoce e reduzir o preconceito em torno do tema, incentivando as mulheres a buscar orienta\u00e7\u00e3o m\u00e9dica diante de sinais persistentes.<\/p>\n<p><strong>Mar\u00e7o Azul-Marinho \u2013 Preven\u00e7\u00e3o ao C\u00e2ncer Colorretal<\/strong><br \/>\nO c\u00e2ncer colorretal ocupa a posi\u00e7\u00e3o de um dos tipos mais comuns no Brasil, por\u00e9m \u00e9 amplamente evit\u00e1vel quando h\u00e1 vigil\u00e2ncia e exames preventivos. A campanha enfatiza a import\u00e2ncia da colonoscopia e de outros screening, especialmente para pessoas acima dos 50 anos ou com hist\u00f3rico familiar da doen\u00e7a. Al\u00e9m dos exames, h\u00e1bitos saud\u00e1veis alimenta\u00e7\u00e3o equilibrada, pr\u00e1tica regular de atividades f\u00edsicas e controle de fatores de risco ajudam a reduzir as chances de desenvolvimento da doen\u00e7a.<\/p>\n<p><strong>Mar\u00e7o Lil\u00e1s \u2013 Combate ao C\u00e2ncer de Colo do \u00datero<\/strong><br \/>\nO Mar\u00e7o Lil\u00e1s direciona a aten\u00e7\u00e3o ao c\u00e2ncer de colo do \u00fatero, doen\u00e7a que pode ser prevenida com a vacina\u00e7\u00e3o contra o HPV e com a periodicidade do exame preventivo (Papanicolau). Quando detectado precocemente, as chances de cura s\u00e3o altas. A campanha refor\u00e7a a import\u00e2ncia de as mulheres manterem seus exames em dia e de buscar atendimento nas unidades b\u00e1sicas de sa\u00fade para orienta\u00e7\u00e3o e exames.<\/p>\n<p>A Prefeitura de Ouvidor refor\u00e7a o compromisso com a sa\u00fade da popula\u00e7\u00e3o. Durante o m\u00eas de mar\u00e7o, as unidades de sa\u00fade estar\u00e3o mobilizadas com a\u00e7\u00f5es educativas, orienta\u00e7\u00f5es sobre preven\u00e7\u00e3o e incentivo \u00e0 realiza\u00e7\u00e3o de exames. \u201cCuidar da sa\u00fade \u00e9 um ato de cidadania e amor \u00e0 vida\u201d, destaca a administra\u00e7\u00e3o, que incentiva a popula\u00e7\u00e3o a ficar atenta aos sinais do corpo, a estimular familiares e amigos a cuidarem de si mesmos e a aproveitar o m\u00eas para colocar a sa\u00fade em dia.<\/p>\n","protected":false},"excerpt":{"rendered":"<p>Mar\u00e7o chega com um importante chamado \u00e0 popula\u00e7\u00e3o: cuidar da sa\u00fade por meio da informa\u00e7\u00e3o e da preven\u00e7\u00e3o. Durante todo o m\u00eas, a Prefeitura de Ouvidor, por meio da Secretaria Municipal de Sa\u00fade, apoia a campanha \u201cMar\u00e7o: 1 m\u00eas, 3 causas!\u201d, que re\u00fane tr\u00eas movimentos fundamentais para a sa\u00fade p\u00fablica: o Mar\u00e7o Amarelo, o Mar\u00e7o<\/p>\n","protected":false},"author":2,"featured_media":49076,"comment_status":"closed","ping_status":"closed","sticky":false,"template":"","format":"standard","meta":{"footnotes":""},"categories":[27,22,26,23],"tags":[],"class_list":["post-49074","post","type-post","status-publish","format-standard","has-post-thumbnail","hentry","category-brasil","category-catalao","category-destaque","category-goias"],"yoast_head":"<!-- This site is optimized with the Yoast SEO plugin v25.8 - https:\/\/yoast.com\/wordpress\/plugins\/seo\/ -->\n<title>Ouvidor: Tr\u00eas causas, um objetivo: diagn\u00f3stico precoce e qualidade de vida em mar\u00e7o - Jornal Ultimos Acontecimentos<\/title>\n<meta name=\"robots\" content=\"index, follow, max-snippet:-1, max-image-preview:large, max-video-preview:-1\" \/>\n<link rel=\"canonical\" href=\"https:\/\/juacontecimentos.com.br\/site\/ouvidor-tres-causas-um-objetivo-diagnostico-precoce-e-qualidade-de-vida-em-marco\/\" \/>\n<meta property=\"og:locale\" content=\"pt_BR\" \/>\n<meta property=\"og:type\" content=\"article\" \/>\n<meta property=\"og:title\" content=\"Ouvidor: Tr\u00eas causas, um objetivo: diagn\u00f3stico precoce e qualidade de vida em mar\u00e7o - Jornal Ultimos Acontecimentos\" \/>\n<meta property=\"og:description\" content=\"Mar\u00e7o chega com um importante chamado \u00e0 popula\u00e7\u00e3o: cuidar da sa\u00fade por meio da informa\u00e7\u00e3o e da preven\u00e7\u00e3o. Durante todo o m\u00eas, a Prefeitura de Ouvidor, por meio da Secretaria Municipal de Sa\u00fade, apoia a campanha \u201cMar\u00e7o: 1 m\u00eas, 3 causas!\u201d, que re\u00fane tr\u00eas movimentos fundamentais para a sa\u00fade p\u00fablica: o Mar\u00e7o Amarelo, o Mar\u00e7o\" \/>\n<meta property=\"og:url\" content=\"https:\/\/juacontecimentos.com.br\/site\/ouvidor-tres-causas-um-objetivo-diagnostico-precoce-e-qualidade-de-vida-em-marco\/\" \/>\n<meta property=\"og:site_name\" content=\"Jornal Ultimos Acontecimentos\" \/>\n<meta property=\"article:publisher\" content=\"https:\/\/www.facebook.com\/jultimosacontecimentos\/\" \/>\n<meta property=\"article:published_time\" content=\"2026-03-11T10:59:01+00:00\" \/>\n<meta property=\"article:modified_time\" content=\"2026-03-11T11:01:22+00:00\" \/>\n<meta property=\"og:image\" content=\"https:\/\/juacontecimentos.com.br\/site\/wp-content\/uploads\/2026\/03\/IMG-20260311-WA0054.jpg\" \/>\n\t<meta property=\"og:image:width\" content=\"1366\" \/>\n\t<meta property=\"og:image:height\" content=\"768\" \/>\n\t<meta property=\"og:image:type\" content=\"image\/jpeg\" \/>\n<meta name=\"author\" content=\"Reginaldo Ribeiro\" \/>\n<meta name=\"twitter:card\" content=\"summary_large_image\" \/>\n<meta name=\"twitter:label1\" content=\"Escrito por\" \/>\n\t<meta name=\"twitter:data1\" content=\"Reginaldo Ribeiro\" \/>\n\t<meta name=\"twitter:label2\" content=\"Est. tempo de leitura\" \/>\n\t<meta name=\"twitter:data2\" content=\"3 minutos\" \/>\n<script type=\"application\/ld+json\" class=\"yoast-schema-graph\">{\"@context\":\"https:\/\/schema.org\",\"@graph\":[{\"@type\":\"Article\",\"@id\":\"https:\/\/juacontecimentos.com.br\/site\/ouvidor-tres-causas-um-objetivo-diagnostico-precoce-e-qualidade-de-vida-em-marco\/#article\",\"isPartOf\":{\"@id\":\"https:\/\/juacontecimentos.com.br\/site\/ouvidor-tres-causas-um-objetivo-diagnostico-precoce-e-qualidade-de-vida-em-marco\/\"},\"author\":{\"name\":\"Reginaldo Ribeiro\",\"@id\":\"https:\/\/juacontecimentos.com.br\/site\/#\/schema\/person\/082a54e6d3fdd7a633291428521c9669\"},\"headline\":\"Ouvidor: Tr\u00eas causas, um objetivo: diagn\u00f3stico precoce e qualidade de vida em mar\u00e7o\",\"datePublished\":\"2026-03-11T10:59:01+00:00\",\"dateModified\":\"2026-03-11T11:01:22+00:00\",\"mainEntityOfPage\":{\"@id\":\"https:\/\/juacontecimentos.com.br\/site\/ouvidor-tres-causas-um-objetivo-diagnostico-precoce-e-qualidade-de-vida-em-marco\/\"},\"wordCount\":501,\"publisher\":{\"@id\":\"https:\/\/juacontecimentos.com.br\/site\/#organization\"},\"image\":{\"@id\":\"https:\/\/juacontecimentos.com.br\/site\/ouvidor-tres-causas-um-objetivo-diagnostico-precoce-e-qualidade-de-vida-em-marco\/#primaryimage\"},\"thumbnailUrl\":\"https:\/\/juacontecimentos.com.br\/site\/wp-content\/uploads\/2026\/03\/IMG-20260311-WA0054.jpg\",\"articleSection\":[\"Brasil\",\"Catal\u00e3o\",\"Destaque\",\"Goi\u00e1s\"],\"inLanguage\":\"pt-BR\"},{\"@type\":\"WebPage\",\"@id\":\"https:\/\/juacontecimentos.com.br\/site\/ouvidor-tres-causas-um-objetivo-diagnostico-precoce-e-qualidade-de-vida-em-marco\/\",\"url\":\"https:\/\/juacontecimentos.com.br\/site\/ouvidor-tres-causas-um-objetivo-diagnostico-precoce-e-qualidade-de-vida-em-marco\/\",\"name\":\"Ouvidor: Tr\u00eas causas, um objetivo: diagn\u00f3stico precoce e qualidade de vida em mar\u00e7o - Jornal Ultimos Acontecimentos\",\"isPartOf\":{\"@id\":\"https:\/\/juacontecimentos.com.br\/site\/#website\"},\"primaryImageOfPage\":{\"@id\":\"https:\/\/juacontecimentos.com.br\/site\/ouvidor-tres-causas-um-objetivo-diagnostico-precoce-e-qualidade-de-vida-em-marco\/#primaryimage\"},\"image\":{\"@id\":\"https:\/\/juacontecimentos.com.br\/site\/ouvidor-tres-causas-um-objetivo-diagnostico-precoce-e-qualidade-de-vida-em-marco\/#primaryimage\"},\"thumbnailUrl\":\"https:\/\/juacontecimentos.com.br\/site\/wp-content\/uploads\/2026\/03\/IMG-20260311-WA0054.jpg\",\"datePublished\":\"2026-03-11T10:59:01+00:00\",\"dateModified\":\"2026-03-11T11:01:22+00:00\",\"breadcrumb\":{\"@id\":\"https:\/\/juacontecimentos.com.br\/site\/ouvidor-tres-causas-um-objetivo-diagnostico-precoce-e-qualidade-de-vida-em-marco\/#breadcrumb\"},\"inLanguage\":\"pt-BR\",\"potentialAction\":[{\"@type\":\"ReadAction\",\"target\":[\"https:\/\/juacontecimentos.com.br\/site\/ouvidor-tres-causas-um-objetivo-diagnostico-precoce-e-qualidade-de-vida-em-marco\/\"]}]},{\"@type\":\"ImageObject\",\"inLanguage\":\"pt-BR\",\"@id\":\"https:\/\/juacontecimentos.com.br\/site\/ouvidor-tres-causas-um-objetivo-diagnostico-precoce-e-qualidade-de-vida-em-marco\/#primaryimage\",\"url\":\"https:\/\/juacontecimentos.com.br\/site\/wp-content\/uploads\/2026\/03\/IMG-20260311-WA0054.jpg\",\"contentUrl\":\"https:\/\/juacontecimentos.com.br\/site\/wp-content\/uploads\/2026\/03\/IMG-20260311-WA0054.jpg\",\"width\":1366,\"height\":768},{\"@type\":\"BreadcrumbList\",\"@id\":\"https:\/\/juacontecimentos.com.br\/site\/ouvidor-tres-causas-um-objetivo-diagnostico-precoce-e-qualidade-de-vida-em-marco\/#breadcrumb\",\"itemListElement\":[{\"@type\":\"ListItem\",\"position\":1,\"name\":\"In\u00edcio\",\"item\":\"https:\/\/juacontecimentos.com.br\/site\/\"},{\"@type\":\"ListItem\",\"position\":2,\"name\":\"Ouvidor: Tr\u00eas causas, um objetivo: diagn\u00f3stico precoce e qualidade de vida em mar\u00e7o\"}]},{\"@type\":\"WebSite\",\"@id\":\"https:\/\/juacontecimentos.com.br\/site\/#website\",\"url\":\"https:\/\/juacontecimentos.com.br\/site\/\",\"name\":\"Jornal Ultimos Acontecimentos\",\"description\":\"Catal\u00e3o e regi\u00e3o\",\"publisher\":{\"@id\":\"https:\/\/juacontecimentos.com.br\/site\/#organization\"},\"potentialAction\":[{\"@type\":\"SearchAction\",\"target\":{\"@type\":\"EntryPoint\",\"urlTemplate\":\"https:\/\/juacontecimentos.com.br\/site\/?s={search_term_string}\"},\"query-input\":{\"@type\":\"PropertyValueSpecification\",\"valueRequired\":true,\"valueName\":\"search_term_string\"}}],\"inLanguage\":\"pt-BR\"},{\"@type\":\"Organization\",\"@id\":\"https:\/\/juacontecimentos.com.br\/site\/#organization\",\"name\":\"Jornal Ultimos Acontecimentos\",\"url\":\"https:\/\/juacontecimentos.com.br\/site\/\",\"logo\":{\"@type\":\"ImageObject\",\"inLanguage\":\"pt-BR\",\"@id\":\"https:\/\/juacontecimentos.com.br\/site\/#\/schema\/logo\/image\/\",\"url\":\"https:\/\/juacontecimentos.com.br\/site\/wp-content\/uploads\/2023\/04\/Logo_Site.png\",\"contentUrl\":\"https:\/\/juacontecimentos.com.br\/site\/wp-content\/uploads\/2023\/04\/Logo_Site.png\",\"width\":2476,\"height\":530,\"caption\":\"Jornal Ultimos Acontecimentos\"},\"image\":{\"@id\":\"https:\/\/juacontecimentos.com.br\/site\/#\/schema\/logo\/image\/\"},\"sameAs\":[\"https:\/\/www.facebook.com\/jultimosacontecimentos\/\"]},{\"@type\":\"Person\",\"@id\":\"https:\/\/juacontecimentos.com.br\/site\/#\/schema\/person\/082a54e6d3fdd7a633291428521c9669\",\"name\":\"Reginaldo Ribeiro\",\"image\":{\"@type\":\"ImageObject\",\"inLanguage\":\"pt-BR\",\"@id\":\"https:\/\/juacontecimentos.com.br\/site\/#\/schema\/person\/image\/\",\"url\":\"https:\/\/secure.gravatar.com\/avatar\/5c16c6837c3490270a74d888c2a845728f06bdde1f8761de1de1d1d1ef82d12f?s=96&d=mm&r=g\",\"contentUrl\":\"https:\/\/secure.gravatar.com\/avatar\/5c16c6837c3490270a74d888c2a845728f06bdde1f8761de1de1d1d1ef82d12f?s=96&d=mm&r=g\",\"caption\":\"Reginaldo Ribeiro\"}}]}<\/script>\n<!-- \/ Yoast SEO plugin. -->","yoast_head_json":{"title":"Ouvidor: Tr\u00eas causas, um objetivo: diagn\u00f3stico precoce e qualidade de vida em mar\u00e7o - Jornal Ultimos Acontecimentos","robots":{"index":"index","follow":"follow","max-snippet":"max-snippet:-1","max-image-preview":"max-image-preview:large","max-video-preview":"max-video-preview:-1"},"canonical":"https:\/\/juacontecimentos.com.br\/site\/ouvidor-tres-causas-um-objetivo-diagnostico-precoce-e-qualidade-de-vida-em-marco\/","og_locale":"pt_BR","og_type":"article","og_title":"Ouvidor: Tr\u00eas causas, um objetivo: diagn\u00f3stico precoce e qualidade de vida em mar\u00e7o - Jornal Ultimos Acontecimentos","og_description":"Mar\u00e7o chega com um importante chamado \u00e0 popula\u00e7\u00e3o: cuidar da sa\u00fade por meio da informa\u00e7\u00e3o e da preven\u00e7\u00e3o. Durante todo o m\u00eas, a Prefeitura de Ouvidor, por meio da Secretaria Municipal de Sa\u00fade, apoia a campanha \u201cMar\u00e7o: 1 m\u00eas, 3 causas!\u201d, que re\u00fane tr\u00eas movimentos fundamentais para a sa\u00fade p\u00fablica: o Mar\u00e7o Amarelo, o Mar\u00e7o","og_url":"https:\/\/juacontecimentos.com.br\/site\/ouvidor-tres-causas-um-objetivo-diagnostico-precoce-e-qualidade-de-vida-em-marco\/","og_site_name":"Jornal Ultimos Acontecimentos","article_publisher":"https:\/\/www.facebook.com\/jultimosacontecimentos\/","article_published_time":"2026-03-11T10:59:01+00:00","article_modified_time":"2026-03-11T11:01:22+00:00","og_image":[{"width":1366,"height":768,"url":"https:\/\/juacontecimentos.com.br\/site\/wp-content\/uploads\/2026\/03\/IMG-20260311-WA0054.jpg","type":"image\/jpeg"}],"author":"Reginaldo Ribeiro","twitter_card":"summary_large_image","twitter_misc":{"Escrito por":"Reginaldo Ribeiro","Est. tempo de leitura":"3 minutos"},"schema":{"@context":"https:\/\/schema.org","@graph":[{"@type":"Article","@id":"https:\/\/juacontecimentos.com.br\/site\/ouvidor-tres-causas-um-objetivo-diagnostico-precoce-e-qualidade-de-vida-em-marco\/#article","isPartOf":{"@id":"https:\/\/juacontecimentos.com.br\/site\/ouvidor-tres-causas-um-objetivo-diagnostico-precoce-e-qualidade-de-vida-em-marco\/"},"author":{"name":"Reginaldo Ribeiro","@id":"https:\/\/juacontecimentos.com.br\/site\/#\/schema\/person\/082a54e6d3fdd7a633291428521c9669"},"headline":"Ouvidor: Tr\u00eas causas, um objetivo: diagn\u00f3stico precoce e qualidade de vida em mar\u00e7o","datePublished":"2026-03-11T10:59:01+00:00","dateModified":"2026-03-11T11:01:22+00:00","mainEntityOfPage":{"@id":"https:\/\/juacontecimentos.com.br\/site\/ouvidor-tres-causas-um-objetivo-diagnostico-precoce-e-qualidade-de-vida-em-marco\/"},"wordCount":501,"publisher":{"@id":"https:\/\/juacontecimentos.com.br\/site\/#organization"},"image":{"@id":"https:\/\/juacontecimentos.com.br\/site\/ouvidor-tres-causas-um-objetivo-diagnostico-precoce-e-qualidade-de-vida-em-marco\/#primaryimage"},"thumbnailUrl":"https:\/\/juacontecimentos.com.br\/site\/wp-content\/uploads\/2026\/03\/IMG-20260311-WA0054.jpg","articleSection":["Brasil","Catal\u00e3o","Destaque","Goi\u00e1s"],"inLanguage":"pt-BR"},{"@type":"WebPage","@id":"https:\/\/juacontecimentos.com.br\/site\/ouvidor-tres-causas-um-objetivo-diagnostico-precoce-e-qualidade-de-vida-em-marco\/","url":"https:\/\/juacontecimentos.com.br\/site\/ouvidor-tres-causas-um-objetivo-diagnostico-precoce-e-qualidade-de-vida-em-marco\/","name":"Ouvidor: Tr\u00eas causas, um objetivo: diagn\u00f3stico precoce e qualidade de vida em mar\u00e7o - Jornal Ultimos Acontecimentos","isPartOf":{"@id":"https:\/\/juacontecimentos.com.br\/site\/#website"},"primaryImageOfPage":{"@id":"https:\/\/juacontecimentos.com.br\/site\/ouvidor-tres-causas-um-objetivo-diagnostico-precoce-e-qualidade-de-vida-em-marco\/#primaryimage"},"image":{"@id":"https:\/\/juacontecimentos.com.br\/site\/ouvidor-tres-causas-um-objetivo-diagnostico-precoce-e-qualidade-de-vida-em-marco\/#primaryimage"},"thumbnailUrl":"https:\/\/juacontecimentos.com.br\/site\/wp-content\/uploads\/2026\/03\/IMG-20260311-WA0054.jpg","datePublished":"2026-03-11T10:59:01+00:00","dateModified":"2026-03-11T11:01:22+00:00","breadcrumb":{"@id":"https:\/\/juacontecimentos.com.br\/site\/ouvidor-tres-causas-um-objetivo-diagnostico-precoce-e-qualidade-de-vida-em-marco\/#breadcrumb"},"inLanguage":"pt-BR","potentialAction":[{"@type":"ReadAction","target":["https:\/\/juacontecimentos.com.br\/site\/ouvidor-tres-causas-um-objetivo-diagnostico-precoce-e-qualidade-de-vida-em-marco\/"]}]},{"@type":"ImageObject","inLanguage":"pt-BR","@id":"https:\/\/juacontecimentos.com.br\/site\/ouvidor-tres-causas-um-objetivo-diagnostico-precoce-e-qualidade-de-vida-em-marco\/#primaryimage","url":"https:\/\/juacontecimentos.com.br\/site\/wp-content\/uploads\/2026\/03\/IMG-20260311-WA0054.jpg","contentUrl":"https:\/\/juacontecimentos.com.br\/site\/wp-content\/uploads\/2026\/03\/IMG-20260311-WA0054.jpg","width":1366,"height":768},{"@type":"BreadcrumbList","@id":"https:\/\/juacontecimentos.com.br\/site\/ouvidor-tres-causas-um-objetivo-diagnostico-precoce-e-qualidade-de-vida-em-marco\/#breadcrumb","itemListElement":[{"@type":"ListItem","position":1,"name":"In\u00edcio","item":"https:\/\/juacontecimentos.com.br\/site\/"},{"@type":"ListItem","position":2,"name":"Ouvidor: Tr\u00eas causas, um objetivo: diagn\u00f3stico precoce e qualidade de vida em mar\u00e7o"}]},{"@type":"WebSite","@id":"https:\/\/juacontecimentos.com.br\/site\/#website","url":"https:\/\/juacontecimentos.com.br\/site\/","name":"Jornal Ultimos Acontecimentos","description":"Catal\u00e3o e regi\u00e3o","publisher":{"@id":"https:\/\/juacontecimentos.com.br\/site\/#organization"},"potentialAction":[{"@type":"SearchAction","target":{"@type":"EntryPoint","urlTemplate":"https:\/\/juacontecimentos.com.br\/site\/?s={search_term_string}"},"query-input":{"@type":"PropertyValueSpecification","valueRequired":true,"valueName":"search_term_string"}}],"inLanguage":"pt-BR"},{"@type":"Organization","@id":"https:\/\/juacontecimentos.com.br\/site\/#organization","name":"Jornal Ultimos Acontecimentos","url":"https:\/\/juacontecimentos.com.br\/site\/","logo":{"@type":"ImageObject","inLanguage":"pt-BR","@id":"https:\/\/juacontecimentos.com.br\/site\/#\/schema\/logo\/image\/","url":"https:\/\/juacontecimentos.com.br\/site\/wp-content\/uploads\/2023\/04\/Logo_Site.png","contentUrl":"https:\/\/juacontecimentos.com.br\/site\/wp-content\/uploads\/2023\/04\/Logo_Site.png","width":2476,"height":530,"caption":"Jornal Ultimos Acontecimentos"},"image":{"@id":"https:\/\/juacontecimentos.com.br\/site\/#\/schema\/logo\/image\/"},"sameAs":["https:\/\/www.facebook.com\/jultimosacontecimentos\/"]},{"@type":"Person","@id":"https:\/\/juacontecimentos.com.br\/site\/#\/schema\/person\/082a54e6d3fdd7a633291428521c9669","name":"Reginaldo Ribeiro","image":{"@type":"ImageObject","inLanguage":"pt-BR","@id":"https:\/\/juacontecimentos.com.br\/site\/#\/schema\/person\/image\/","url":"https:\/\/secure.gravatar.com\/avatar\/5c16c6837c3490270a74d888c2a845728f06bdde1f8761de1de1d1d1ef82d12f?s=96&d=mm&r=g","contentUrl":"https:\/\/secure.gravatar.com\/avatar\/5c16c6837c3490270a74d888c2a845728f06bdde1f8761de1de1d1d1ef82d12f?s=96&d=mm&r=g","caption":"Reginaldo Ribeiro"}}]}},"_links":{"self":[{"href":"https:\/\/juacontecimentos.com.br\/site\/wp-json\/wp\/v2\/posts\/49074","targetHints":{"allow":["GET"]}}],"collection":[{"href":"https:\/\/juacontecimentos.com.br\/site\/wp-json\/wp\/v2\/posts"}],"about":[{"href":"https:\/\/juacontecimentos.com.br\/site\/wp-json\/wp\/v2\/types\/post"}],"author":[{"embeddable":true,"href":"https:\/\/juacontecimentos.com.br\/site\/wp-json\/wp\/v2\/users\/2"}],"replies":[{"embeddable":true,"href":"https:\/\/juacontecimentos.com.br\/site\/wp-json\/wp\/v2\/comments?post=49074"}],"version-history":[{"count":2,"href":"https:\/\/juacontecimentos.com.br\/site\/wp-json\/wp\/v2\/posts\/49074\/revisions"}],"predecessor-version":[{"id":49079,"href":"https:\/\/juacontecimentos.com.br\/site\/wp-json\/wp\/v2\/posts\/49074\/revisions\/49079"}],"wp:featuredmedia":[{"embeddable":true,"href":"https:\/\/juacontecimentos.com.br\/site\/wp-json\/wp\/v2\/media\/49076"}],"wp:attachment":[{"href":"https:\/\/juacontecimentos.com.br\/site\/wp-json\/wp\/v2\/media?parent=49074"}],"wp:term":[{"taxonomy":"category","embeddable":true,"href":"https:\/\/juacontecimentos.com.br\/site\/wp-json\/wp\/v2\/categories?post=49074"},{"taxonomy":"post_tag","embeddable":true,"href":"https:\/\/juacontecimentos.com.br\/site\/wp-json\/wp\/v2\/tags?post=49074"}],"curies":[{"name":"wp","href":"https:\/\/api.w.org\/{rel}","templated":true}]}}