{"id":49096,"date":"2026-03-11T18:10:05","date_gmt":"2026-03-11T21:10:05","guid":{"rendered":"https:\/\/juacontecimentos.com.br\/site\/?p=49096"},"modified":"2026-03-11T19:05:54","modified_gmt":"2026-03-11T22:05:54","slug":"campo-alegre-de-goias-recebe-retroescavadeira-via-emenda-de-r-495-mil","status":"publish","type":"post","link":"https:\/\/juacontecimentos.com.br\/site\/campo-alegre-de-goias-recebe-retroescavadeira-via-emenda-de-r-495-mil\/","title":{"rendered":"Campo Alegre de Goi\u00e1s recebe retroescavadeira via emenda de R$ 495 mil"},"content":{"rendered":"<p><img loading=\"lazy\" decoding=\"async\" class=\"alignnone size-full wp-image-49097\" src=\"https:\/\/juacontecimentos.com.br\/site\/wp-content\/uploads\/2026\/03\/IMG_20260311_165112-scaled.jpg\" alt=\"\" width=\"2560\" height=\"1444\" srcset=\"https:\/\/juacontecimentos.com.br\/site\/wp-content\/uploads\/2026\/03\/IMG_20260311_165112-scaled.jpg 2560w, https:\/\/juacontecimentos.com.br\/site\/wp-content\/uploads\/2026\/03\/IMG_20260311_165112-300x169.jpg 300w, https:\/\/juacontecimentos.com.br\/site\/wp-content\/uploads\/2026\/03\/IMG_20260311_165112-1024x578.jpg 1024w, https:\/\/juacontecimentos.com.br\/site\/wp-content\/uploads\/2026\/03\/IMG_20260311_165112-768x433.jpg 768w, https:\/\/juacontecimentos.com.br\/site\/wp-content\/uploads\/2026\/03\/IMG_20260311_165112-1536x866.jpg 1536w, https:\/\/juacontecimentos.com.br\/site\/wp-content\/uploads\/2026\/03\/IMG_20260311_165112-2048x1155.jpg 2048w\" sizes=\"auto, (max-width: 2560px) 100vw, 2560px\" \/><img loading=\"lazy\" decoding=\"async\" class=\"alignnone size-full wp-image-49102\" src=\"https:\/\/juacontecimentos.com.br\/site\/wp-content\/uploads\/2026\/03\/IMG_20260311_152834-scaled.jpg\" alt=\"\" width=\"2560\" height=\"1444\" srcset=\"https:\/\/juacontecimentos.com.br\/site\/wp-content\/uploads\/2026\/03\/IMG_20260311_152834-scaled.jpg 2560w, https:\/\/juacontecimentos.com.br\/site\/wp-content\/uploads\/2026\/03\/IMG_20260311_152834-300x169.jpg 300w, https:\/\/juacontecimentos.com.br\/site\/wp-content\/uploads\/2026\/03\/IMG_20260311_152834-1024x578.jpg 1024w, https:\/\/juacontecimentos.com.br\/site\/wp-content\/uploads\/2026\/03\/IMG_20260311_152834-768x433.jpg 768w, https:\/\/juacontecimentos.com.br\/site\/wp-content\/uploads\/2026\/03\/IMG_20260311_152834-1536x866.jpg 1536w, https:\/\/juacontecimentos.com.br\/site\/wp-content\/uploads\/2026\/03\/IMG_20260311_152834-2048x1155.jpg 2048w\" sizes=\"auto, (max-width: 2560px) 100vw, 2560px\" \/><\/p>\n<p>Campo Alegre de Goi\u00e1s viveu, na tarde desta quarta-feira, 11 de mar\u00e7o, um marco significativo para o desenvolvimento do munic\u00edpio. Em entrevista concedida ao jornal local, o prefeito Douglas Sert\u00f3rio anunciou a chegada de uma nova retroescavadeira. O equipamento, fruto de uma emenda parlamentar no valor de R$ 495.000,00, destinada pelo deputado federal Adriano do Baldy, promete ampliar a efici\u00eancia dos servi\u00e7os municipais e trazer benef\u00edcios diretos \u00e0 popula\u00e7\u00e3o.<\/p>\n<p>Sert\u00f3rio ressaltou que a m\u00e1quina adquirida \u00e9 de uma marca reconhecida e de f\u00e1cil acesso a pe\u00e7as de reposi\u00e7\u00e3o, caracter\u00edstica considerada crucial para garantir a durabilidade e a operacionalidade do equipamento. Ele destacou ainda que a nova retroescavadeira atender\u00e1 \u00e0s necessidades da prefeitura e da comunidade, fortalecendo o compromisso da gest\u00e3o com a qualidade dos servi\u00e7os p\u00fablicos e o bem-estar dos cidad\u00e3os. Segundo o chefe do Executivo, a aquisi\u00e7\u00e3o deve otimizar as opera\u00e7\u00f5es de obras e servi\u00e7os, contribuindo para o progresso local.<\/p>\n<p><img decoding=\"async\" src=\"https:\/\/juacontecimentos.com.br\/site\/wp-content\/uploads\/2026\/03\/IMG_20260311_165038-scaled.jpg\" \/><\/p>\n<p><img loading=\"lazy\" decoding=\"async\" class=\"alignnone size-full wp-image-49106\" src=\"https:\/\/juacontecimentos.com.br\/site\/wp-content\/uploads\/2026\/03\/IMG_20260311_164338-scaled.jpg\" alt=\"\" width=\"2560\" height=\"1443\" srcset=\"https:\/\/juacontecimentos.com.br\/site\/wp-content\/uploads\/2026\/03\/IMG_20260311_164338-scaled.jpg 2560w, https:\/\/juacontecimentos.com.br\/site\/wp-content\/uploads\/2026\/03\/IMG_20260311_164338-300x169.jpg 300w, https:\/\/juacontecimentos.com.br\/site\/wp-content\/uploads\/2026\/03\/IMG_20260311_164338-1024x577.jpg 1024w, https:\/\/juacontecimentos.com.br\/site\/wp-content\/uploads\/2026\/03\/IMG_20260311_164338-768x433.jpg 768w, https:\/\/juacontecimentos.com.br\/site\/wp-content\/uploads\/2026\/03\/IMG_20260311_164338-1536x866.jpg 1536w, https:\/\/juacontecimentos.com.br\/site\/wp-content\/uploads\/2026\/03\/IMG_20260311_164338-2048x1155.jpg 2048w\" sizes=\"auto, (max-width: 2560px) 100vw, 2560px\" \/><\/p>\n<p><img decoding=\"async\" src=\"https:\/\/juacontecimentos.com.br\/site\/wp-content\/uploads\/2026\/03\/IMG_20260311_165038-scaled.jpg\" \/><\/p>\n<p>A presen\u00e7a da m\u00e1quina refor\u00e7a o compromisso da administra\u00e7\u00e3o com o desenvolvimento cont\u00ednuo e a melhoria da qualidade de vida em Campo Alegre de Goi\u00e1s. Com o investimento, a prefeitura se prepara para um futuro ainda mais promissor, marcado pela moderniza\u00e7\u00e3o da infraestrutura e pela amplia\u00e7\u00e3o da capacidade de atendimento \u00e0 popula\u00e7\u00e3o.<\/p>\n<p>Durante o evento, o prefeito destacou a import\u00e2ncia da parceria com o deputado Adriano Baldy, lembrando que a articula\u00e7\u00e3o envolve n\u00e3o apenas a entrega da retroescavadeira, mas tamb\u00e9m a\u00e7\u00f5es futuras para fortalecer o setor agropecu\u00e1rio, a zona rural e os servi\u00e7os urbanos. O tom da cerim\u00f4nia enfatizou a continuidade de um trabalho conjunto entre o Legislativo municipal, o Executivo e o Legislativo federal, com a participa\u00e7\u00e3o do vice-prefeito, Bruno, e dos vereadores.<\/p>\n<p>Em discurso, o deputado Adriano Baldy refor\u00e7ou a ideia de uma parceria j\u00e1 consolidada com Campo Alegre, destacando a fun\u00e7\u00e3o da C\u00e2mara de Vereadores no processo de implementa\u00e7\u00e3o da emenda e na fiscaliza\u00e7\u00e3o. Ele lembrou que a gest\u00e3o municipal n\u00e3o avan\u00e7a sem o fortalecimento da C\u00e2mara e agradeceu o apoio de todos os colegas pelo comprometimento com o munic\u00edpio. Baldy tamb\u00e9m mencionou a perspectiva de amarcar novos investimentos no decorrer do ano, incluindo a divulga\u00e7\u00e3o de planos para ampliar o custeio na sa\u00fade e a chegada de mais m\u00e1quinas \u00e0 cidade, al\u00e9m da disponibiliza\u00e7\u00e3o de servi\u00e7os de transporte m\u00e9dico de urg\u00eancia, como uma ambul\u00e2ncia tipo van.<\/p>\n<p>O presidente da C\u00e2mara de Campo Alegre, Cleyton Santos agradeceu a parceria, ressaltou que a uni\u00e3o entre vereadores, prefeito e vice \u00e9 essencial para promover o desenvolvimento local. Em nome da popula\u00e7\u00e3o, ele externou gratid\u00e3o ao deputado municipalista pela emenda destinada e destacou o esp\u00edrito de colabora\u00e7\u00e3o que envolve a administra\u00e7\u00e3o municipal, a C\u00e2mara e o Legislativo federal.<\/p>\n<p>Por fim, a fala de agradecimento conjunta sinalizou o desejo de seguir trabalhando em prol de Campo Alegre de Goi\u00e1s, com o prop\u00f3sito de manter a cidade em ritmo de crescimento e melhoria cont\u00ednua. A expectativa \u00e9 de que novas aquisi\u00e7\u00f5es e melhorias na infraestrutura cheguem ao munic\u00edpio ainda neste ano, consolidando a confian\u00e7a da popula\u00e7\u00e3o no compromisso p\u00fablico com o bem-estar coletiva.<\/p>\n<p><img loading=\"lazy\" decoding=\"async\" class=\"alignnone size-full wp-image-49098\" src=\"https:\/\/juacontecimentos.com.br\/site\/wp-content\/uploads\/2026\/03\/IMG_20260311_165038-scaled.jpg\" alt=\"\" width=\"2560\" height=\"1444\" srcset=\"https:\/\/juacontecimentos.com.br\/site\/wp-content\/uploads\/2026\/03\/IMG_20260311_165038-scaled.jpg 2560w, https:\/\/juacontecimentos.com.br\/site\/wp-content\/uploads\/2026\/03\/IMG_20260311_165038-300x169.jpg 300w, https:\/\/juacontecimentos.com.br\/site\/wp-content\/uploads\/2026\/03\/IMG_20260311_165038-1024x578.jpg 1024w, https:\/\/juacontecimentos.com.br\/site\/wp-content\/uploads\/2026\/03\/IMG_20260311_165038-768x433.jpg 768w, https:\/\/juacontecimentos.com.br\/site\/wp-content\/uploads\/2026\/03\/IMG_20260311_165038-1536x866.jpg 1536w, https:\/\/juacontecimentos.com.br\/site\/wp-content\/uploads\/2026\/03\/IMG_20260311_165038-2048x1155.jpg 2048w\" sizes=\"auto, (max-width: 2560px) 100vw, 2560px\" \/><img loading=\"lazy\" decoding=\"async\" class=\"alignnone size-full wp-image-49107\" src=\"https:\/\/juacontecimentos.com.br\/site\/wp-content\/uploads\/2026\/03\/IMG_20260311_164756-scaled.jpg\" alt=\"\" width=\"2560\" height=\"1444\" srcset=\"https:\/\/juacontecimentos.com.br\/site\/wp-content\/uploads\/2026\/03\/IMG_20260311_164756-scaled.jpg 2560w, https:\/\/juacontecimentos.com.br\/site\/wp-content\/uploads\/2026\/03\/IMG_20260311_164756-300x169.jpg 300w, https:\/\/juacontecimentos.com.br\/site\/wp-content\/uploads\/2026\/03\/IMG_20260311_164756-1024x578.jpg 1024w, https:\/\/juacontecimentos.com.br\/site\/wp-content\/uploads\/2026\/03\/IMG_20260311_164756-768x433.jpg 768w, https:\/\/juacontecimentos.com.br\/site\/wp-content\/uploads\/2026\/03\/IMG_20260311_164756-1536x866.jpg 1536w, https:\/\/juacontecimentos.com.br\/site\/wp-content\/uploads\/2026\/03\/IMG_20260311_164756-2048x1155.jpg 2048w\" sizes=\"auto, (max-width: 2560px) 100vw, 2560px\" \/> <img loading=\"lazy\" decoding=\"async\" class=\"alignnone size-full wp-image-49108\" src=\"https:\/\/juacontecimentos.com.br\/site\/wp-content\/uploads\/2026\/03\/IMG_20260311_163137-scaled.jpg\" alt=\"\" width=\"2560\" height=\"1444\" srcset=\"https:\/\/juacontecimentos.com.br\/site\/wp-content\/uploads\/2026\/03\/IMG_20260311_163137-scaled.jpg 2560w, https:\/\/juacontecimentos.com.br\/site\/wp-content\/uploads\/2026\/03\/IMG_20260311_163137-300x169.jpg 300w, https:\/\/juacontecimentos.com.br\/site\/wp-content\/uploads\/2026\/03\/IMG_20260311_163137-1024x578.jpg 1024w, https:\/\/juacontecimentos.com.br\/site\/wp-content\/uploads\/2026\/03\/IMG_20260311_163137-768x433.jpg 768w, https:\/\/juacontecimentos.com.br\/site\/wp-content\/uploads\/2026\/03\/IMG_20260311_163137-1536x866.jpg 1536w, https:\/\/juacontecimentos.com.br\/site\/wp-content\/uploads\/2026\/03\/IMG_20260311_163137-2048x1155.jpg 2048w\" sizes=\"auto, (max-width: 2560px) 100vw, 2560px\" \/> <img loading=\"lazy\" decoding=\"async\" class=\"alignnone size-full wp-image-49109\" src=\"https:\/\/juacontecimentos.com.br\/site\/wp-content\/uploads\/2026\/03\/IMG_20260311_165145-scaled.jpg\" alt=\"\" width=\"2560\" height=\"1444\" srcset=\"https:\/\/juacontecimentos.com.br\/site\/wp-content\/uploads\/2026\/03\/IMG_20260311_165145-scaled.jpg 2560w, https:\/\/juacontecimentos.com.br\/site\/wp-content\/uploads\/2026\/03\/IMG_20260311_165145-300x169.jpg 300w, https:\/\/juacontecimentos.com.br\/site\/wp-content\/uploads\/2026\/03\/IMG_20260311_165145-1024x578.jpg 1024w, https:\/\/juacontecimentos.com.br\/site\/wp-content\/uploads\/2026\/03\/IMG_20260311_165145-768x433.jpg 768w, https:\/\/juacontecimentos.com.br\/site\/wp-content\/uploads\/2026\/03\/IMG_20260311_165145-1536x866.jpg 1536w, https:\/\/juacontecimentos.com.br\/site\/wp-content\/uploads\/2026\/03\/IMG_20260311_165145-2048x1155.jpg 2048w\" sizes=\"auto, (max-width: 2560px) 100vw, 2560px\" \/><\/p>\n","protected":false},"excerpt":{"rendered":"<p>Campo Alegre de Goi\u00e1s viveu, na tarde desta quarta-feira, 11 de mar\u00e7o, um marco significativo para o desenvolvimento do munic\u00edpio. Em entrevista concedida ao jornal local, o prefeito Douglas Sert\u00f3rio anunciou a chegada de uma nova retroescavadeira. O equipamento, fruto de uma emenda parlamentar no valor de R$ 495.000,00, destinada pelo deputado federal Adriano do<\/p>\n","protected":false},"author":2,"featured_media":49113,"comment_status":"closed","ping_status":"closed","sticky":false,"template":"","format":"standard","meta":{"footnotes":""},"categories":[27,22,26,23],"tags":[],"class_list":["post-49096","post","type-post","status-publish","format-standard","has-post-thumbnail","hentry","category-brasil","category-catalao","category-destaque","category-goias"],"yoast_head":"<!-- This site is optimized with the Yoast SEO plugin v25.8 - https:\/\/yoast.com\/wordpress\/plugins\/seo\/ -->\n<title>Campo Alegre de Goi\u00e1s recebe retroescavadeira via emenda de R$ 495 mil - Jornal Ultimos Acontecimentos<\/title>\n<meta name=\"robots\" content=\"index, follow, max-snippet:-1, max-image-preview:large, max-video-preview:-1\" \/>\n<link rel=\"canonical\" href=\"https:\/\/juacontecimentos.com.br\/site\/campo-alegre-de-goias-recebe-retroescavadeira-via-emenda-de-r-495-mil\/\" \/>\n<meta property=\"og:locale\" content=\"pt_BR\" \/>\n<meta property=\"og:type\" content=\"article\" \/>\n<meta property=\"og:title\" content=\"Campo Alegre de Goi\u00e1s recebe retroescavadeira via emenda de R$ 495 mil - Jornal Ultimos Acontecimentos\" \/>\n<meta property=\"og:description\" content=\"Campo Alegre de Goi\u00e1s viveu, na tarde desta quarta-feira, 11 de mar\u00e7o, um marco significativo para o desenvolvimento do munic\u00edpio. Em entrevista concedida ao jornal local, o prefeito Douglas Sert\u00f3rio anunciou a chegada de uma nova retroescavadeira. O equipamento, fruto de uma emenda parlamentar no valor de R$ 495.000,00, destinada pelo deputado federal Adriano do\" \/>\n<meta property=\"og:url\" content=\"https:\/\/juacontecimentos.com.br\/site\/campo-alegre-de-goias-recebe-retroescavadeira-via-emenda-de-r-495-mil\/\" \/>\n<meta property=\"og:site_name\" content=\"Jornal Ultimos Acontecimentos\" \/>\n<meta property=\"article:publisher\" content=\"https:\/\/www.facebook.com\/jultimosacontecimentos\/\" \/>\n<meta property=\"article:published_time\" content=\"2026-03-11T21:10:05+00:00\" \/>\n<meta property=\"article:modified_time\" content=\"2026-03-11T22:05:54+00:00\" \/>\n<meta property=\"og:image\" content=\"https:\/\/juacontecimentos.com.br\/site\/wp-content\/uploads\/2026\/03\/qqqqq.jpg\" \/>\n\t<meta property=\"og:image:width\" content=\"1583\" \/>\n\t<meta property=\"og:image:height\" content=\"802\" \/>\n\t<meta property=\"og:image:type\" content=\"image\/jpeg\" \/>\n<meta name=\"author\" content=\"Reginaldo Ribeiro\" \/>\n<meta name=\"twitter:card\" content=\"summary_large_image\" \/>\n<meta name=\"twitter:label1\" content=\"Escrito por\" \/>\n\t<meta name=\"twitter:data1\" content=\"Reginaldo Ribeiro\" \/>\n\t<meta name=\"twitter:label2\" content=\"Est. tempo de leitura\" \/>\n\t<meta name=\"twitter:data2\" content=\"5 minutos\" \/>\n<script type=\"application\/ld+json\" class=\"yoast-schema-graph\">{\"@context\":\"https:\/\/schema.org\",\"@graph\":[{\"@type\":\"Article\",\"@id\":\"https:\/\/juacontecimentos.com.br\/site\/campo-alegre-de-goias-recebe-retroescavadeira-via-emenda-de-r-495-mil\/#article\",\"isPartOf\":{\"@id\":\"https:\/\/juacontecimentos.com.br\/site\/campo-alegre-de-goias-recebe-retroescavadeira-via-emenda-de-r-495-mil\/\"},\"author\":{\"name\":\"Reginaldo Ribeiro\",\"@id\":\"https:\/\/juacontecimentos.com.br\/site\/#\/schema\/person\/082a54e6d3fdd7a633291428521c9669\"},\"headline\":\"Campo Alegre de Goi\u00e1s recebe retroescavadeira via emenda de R$ 495 mil\",\"datePublished\":\"2026-03-11T21:10:05+00:00\",\"dateModified\":\"2026-03-11T22:05:54+00:00\",\"mainEntityOfPage\":{\"@id\":\"https:\/\/juacontecimentos.com.br\/site\/campo-alegre-de-goias-recebe-retroescavadeira-via-emenda-de-r-495-mil\/\"},\"wordCount\":581,\"publisher\":{\"@id\":\"https:\/\/juacontecimentos.com.br\/site\/#organization\"},\"image\":{\"@id\":\"https:\/\/juacontecimentos.com.br\/site\/campo-alegre-de-goias-recebe-retroescavadeira-via-emenda-de-r-495-mil\/#primaryimage\"},\"thumbnailUrl\":\"https:\/\/juacontecimentos.com.br\/site\/wp-content\/uploads\/2026\/03\/qqqqq.jpg\",\"articleSection\":[\"Brasil\",\"Catal\u00e3o\",\"Destaque\",\"Goi\u00e1s\"],\"inLanguage\":\"pt-BR\"},{\"@type\":\"WebPage\",\"@id\":\"https:\/\/juacontecimentos.com.br\/site\/campo-alegre-de-goias-recebe-retroescavadeira-via-emenda-de-r-495-mil\/\",\"url\":\"https:\/\/juacontecimentos.com.br\/site\/campo-alegre-de-goias-recebe-retroescavadeira-via-emenda-de-r-495-mil\/\",\"name\":\"Campo Alegre de Goi\u00e1s recebe retroescavadeira via emenda de R$ 495 mil - Jornal Ultimos Acontecimentos\",\"isPartOf\":{\"@id\":\"https:\/\/juacontecimentos.com.br\/site\/#website\"},\"primaryImageOfPage\":{\"@id\":\"https:\/\/juacontecimentos.com.br\/site\/campo-alegre-de-goias-recebe-retroescavadeira-via-emenda-de-r-495-mil\/#primaryimage\"},\"image\":{\"@id\":\"https:\/\/juacontecimentos.com.br\/site\/campo-alegre-de-goias-recebe-retroescavadeira-via-emenda-de-r-495-mil\/#primaryimage\"},\"thumbnailUrl\":\"https:\/\/juacontecimentos.com.br\/site\/wp-content\/uploads\/2026\/03\/qqqqq.jpg\",\"datePublished\":\"2026-03-11T21:10:05+00:00\",\"dateModified\":\"2026-03-11T22:05:54+00:00\",\"breadcrumb\":{\"@id\":\"https:\/\/juacontecimentos.com.br\/site\/campo-alegre-de-goias-recebe-retroescavadeira-via-emenda-de-r-495-mil\/#breadcrumb\"},\"inLanguage\":\"pt-BR\",\"potentialAction\":[{\"@type\":\"ReadAction\",\"target\":[\"https:\/\/juacontecimentos.com.br\/site\/campo-alegre-de-goias-recebe-retroescavadeira-via-emenda-de-r-495-mil\/\"]}]},{\"@type\":\"ImageObject\",\"inLanguage\":\"pt-BR\",\"@id\":\"https:\/\/juacontecimentos.com.br\/site\/campo-alegre-de-goias-recebe-retroescavadeira-via-emenda-de-r-495-mil\/#primaryimage\",\"url\":\"https:\/\/juacontecimentos.com.br\/site\/wp-content\/uploads\/2026\/03\/qqqqq.jpg\",\"contentUrl\":\"https:\/\/juacontecimentos.com.br\/site\/wp-content\/uploads\/2026\/03\/qqqqq.jpg\",\"width\":1583,\"height\":802},{\"@type\":\"BreadcrumbList\",\"@id\":\"https:\/\/juacontecimentos.com.br\/site\/campo-alegre-de-goias-recebe-retroescavadeira-via-emenda-de-r-495-mil\/#breadcrumb\",\"itemListElement\":[{\"@type\":\"ListItem\",\"position\":1,\"name\":\"In\u00edcio\",\"item\":\"https:\/\/juacontecimentos.com.br\/site\/\"},{\"@type\":\"ListItem\",\"position\":2,\"name\":\"Campo Alegre de Goi\u00e1s recebe retroescavadeira via emenda de R$ 495 mil\"}]},{\"@type\":\"WebSite\",\"@id\":\"https:\/\/juacontecimentos.com.br\/site\/#website\",\"url\":\"https:\/\/juacontecimentos.com.br\/site\/\",\"name\":\"Jornal Ultimos Acontecimentos\",\"description\":\"Catal\u00e3o e regi\u00e3o\",\"publisher\":{\"@id\":\"https:\/\/juacontecimentos.com.br\/site\/#organization\"},\"potentialAction\":[{\"@type\":\"SearchAction\",\"target\":{\"@type\":\"EntryPoint\",\"urlTemplate\":\"https:\/\/juacontecimentos.com.br\/site\/?s={search_term_string}\"},\"query-input\":{\"@type\":\"PropertyValueSpecification\",\"valueRequired\":true,\"valueName\":\"search_term_string\"}}],\"inLanguage\":\"pt-BR\"},{\"@type\":\"Organization\",\"@id\":\"https:\/\/juacontecimentos.com.br\/site\/#organization\",\"name\":\"Jornal Ultimos Acontecimentos\",\"url\":\"https:\/\/juacontecimentos.com.br\/site\/\",\"logo\":{\"@type\":\"ImageObject\",\"inLanguage\":\"pt-BR\",\"@id\":\"https:\/\/juacontecimentos.com.br\/site\/#\/schema\/logo\/image\/\",\"url\":\"https:\/\/juacontecimentos.com.br\/site\/wp-content\/uploads\/2023\/04\/Logo_Site.png\",\"contentUrl\":\"https:\/\/juacontecimentos.com.br\/site\/wp-content\/uploads\/2023\/04\/Logo_Site.png\",\"width\":2476,\"height\":530,\"caption\":\"Jornal Ultimos Acontecimentos\"},\"image\":{\"@id\":\"https:\/\/juacontecimentos.com.br\/site\/#\/schema\/logo\/image\/\"},\"sameAs\":[\"https:\/\/www.facebook.com\/jultimosacontecimentos\/\"]},{\"@type\":\"Person\",\"@id\":\"https:\/\/juacontecimentos.com.br\/site\/#\/schema\/person\/082a54e6d3fdd7a633291428521c9669\",\"name\":\"Reginaldo Ribeiro\",\"image\":{\"@type\":\"ImageObject\",\"inLanguage\":\"pt-BR\",\"@id\":\"https:\/\/juacontecimentos.com.br\/site\/#\/schema\/person\/image\/\",\"url\":\"https:\/\/secure.gravatar.com\/avatar\/5c16c6837c3490270a74d888c2a845728f06bdde1f8761de1de1d1d1ef82d12f?s=96&d=mm&r=g\",\"contentUrl\":\"https:\/\/secure.gravatar.com\/avatar\/5c16c6837c3490270a74d888c2a845728f06bdde1f8761de1de1d1d1ef82d12f?s=96&d=mm&r=g\",\"caption\":\"Reginaldo Ribeiro\"}}]}<\/script>\n<!-- \/ Yoast SEO plugin. -->","yoast_head_json":{"title":"Campo Alegre de Goi\u00e1s recebe retroescavadeira via emenda de R$ 495 mil - Jornal Ultimos Acontecimentos","robots":{"index":"index","follow":"follow","max-snippet":"max-snippet:-1","max-image-preview":"max-image-preview:large","max-video-preview":"max-video-preview:-1"},"canonical":"https:\/\/juacontecimentos.com.br\/site\/campo-alegre-de-goias-recebe-retroescavadeira-via-emenda-de-r-495-mil\/","og_locale":"pt_BR","og_type":"article","og_title":"Campo Alegre de Goi\u00e1s recebe retroescavadeira via emenda de R$ 495 mil - Jornal Ultimos Acontecimentos","og_description":"Campo Alegre de Goi\u00e1s viveu, na tarde desta quarta-feira, 11 de mar\u00e7o, um marco significativo para o desenvolvimento do munic\u00edpio. Em entrevista concedida ao jornal local, o prefeito Douglas Sert\u00f3rio anunciou a chegada de uma nova retroescavadeira. O equipamento, fruto de uma emenda parlamentar no valor de R$ 495.000,00, destinada pelo deputado federal Adriano do","og_url":"https:\/\/juacontecimentos.com.br\/site\/campo-alegre-de-goias-recebe-retroescavadeira-via-emenda-de-r-495-mil\/","og_site_name":"Jornal Ultimos Acontecimentos","article_publisher":"https:\/\/www.facebook.com\/jultimosacontecimentos\/","article_published_time":"2026-03-11T21:10:05+00:00","article_modified_time":"2026-03-11T22:05:54+00:00","og_image":[{"width":1583,"height":802,"url":"https:\/\/juacontecimentos.com.br\/site\/wp-content\/uploads\/2026\/03\/qqqqq.jpg","type":"image\/jpeg"}],"author":"Reginaldo Ribeiro","twitter_card":"summary_large_image","twitter_misc":{"Escrito por":"Reginaldo Ribeiro","Est. tempo de leitura":"5 minutos"},"schema":{"@context":"https:\/\/schema.org","@graph":[{"@type":"Article","@id":"https:\/\/juacontecimentos.com.br\/site\/campo-alegre-de-goias-recebe-retroescavadeira-via-emenda-de-r-495-mil\/#article","isPartOf":{"@id":"https:\/\/juacontecimentos.com.br\/site\/campo-alegre-de-goias-recebe-retroescavadeira-via-emenda-de-r-495-mil\/"},"author":{"name":"Reginaldo Ribeiro","@id":"https:\/\/juacontecimentos.com.br\/site\/#\/schema\/person\/082a54e6d3fdd7a633291428521c9669"},"headline":"Campo Alegre de Goi\u00e1s recebe retroescavadeira via emenda de R$ 495 mil","datePublished":"2026-03-11T21:10:05+00:00","dateModified":"2026-03-11T22:05:54+00:00","mainEntityOfPage":{"@id":"https:\/\/juacontecimentos.com.br\/site\/campo-alegre-de-goias-recebe-retroescavadeira-via-emenda-de-r-495-mil\/"},"wordCount":581,"publisher":{"@id":"https:\/\/juacontecimentos.com.br\/site\/#organization"},"image":{"@id":"https:\/\/juacontecimentos.com.br\/site\/campo-alegre-de-goias-recebe-retroescavadeira-via-emenda-de-r-495-mil\/#primaryimage"},"thumbnailUrl":"https:\/\/juacontecimentos.com.br\/site\/wp-content\/uploads\/2026\/03\/qqqqq.jpg","articleSection":["Brasil","Catal\u00e3o","Destaque","Goi\u00e1s"],"inLanguage":"pt-BR"},{"@type":"WebPage","@id":"https:\/\/juacontecimentos.com.br\/site\/campo-alegre-de-goias-recebe-retroescavadeira-via-emenda-de-r-495-mil\/","url":"https:\/\/juacontecimentos.com.br\/site\/campo-alegre-de-goias-recebe-retroescavadeira-via-emenda-de-r-495-mil\/","name":"Campo Alegre de Goi\u00e1s recebe retroescavadeira via emenda de R$ 495 mil - Jornal Ultimos Acontecimentos","isPartOf":{"@id":"https:\/\/juacontecimentos.com.br\/site\/#website"},"primaryImageOfPage":{"@id":"https:\/\/juacontecimentos.com.br\/site\/campo-alegre-de-goias-recebe-retroescavadeira-via-emenda-de-r-495-mil\/#primaryimage"},"image":{"@id":"https:\/\/juacontecimentos.com.br\/site\/campo-alegre-de-goias-recebe-retroescavadeira-via-emenda-de-r-495-mil\/#primaryimage"},"thumbnailUrl":"https:\/\/juacontecimentos.com.br\/site\/wp-content\/uploads\/2026\/03\/qqqqq.jpg","datePublished":"2026-03-11T21:10:05+00:00","dateModified":"2026-03-11T22:05:54+00:00","breadcrumb":{"@id":"https:\/\/juacontecimentos.com.br\/site\/campo-alegre-de-goias-recebe-retroescavadeira-via-emenda-de-r-495-mil\/#breadcrumb"},"inLanguage":"pt-BR","potentialAction":[{"@type":"ReadAction","target":["https:\/\/juacontecimentos.com.br\/site\/campo-alegre-de-goias-recebe-retroescavadeira-via-emenda-de-r-495-mil\/"]}]},{"@type":"ImageObject","inLanguage":"pt-BR","@id":"https:\/\/juacontecimentos.com.br\/site\/campo-alegre-de-goias-recebe-retroescavadeira-via-emenda-de-r-495-mil\/#primaryimage","url":"https:\/\/juacontecimentos.com.br\/site\/wp-content\/uploads\/2026\/03\/qqqqq.jpg","contentUrl":"https:\/\/juacontecimentos.com.br\/site\/wp-content\/uploads\/2026\/03\/qqqqq.jpg","width":1583,"height":802},{"@type":"BreadcrumbList","@id":"https:\/\/juacontecimentos.com.br\/site\/campo-alegre-de-goias-recebe-retroescavadeira-via-emenda-de-r-495-mil\/#breadcrumb","itemListElement":[{"@type":"ListItem","position":1,"name":"In\u00edcio","item":"https:\/\/juacontecimentos.com.br\/site\/"},{"@type":"ListItem","position":2,"name":"Campo Alegre de Goi\u00e1s recebe retroescavadeira via emenda de R$ 495 mil"}]},{"@type":"WebSite","@id":"https:\/\/juacontecimentos.com.br\/site\/#website","url":"https:\/\/juacontecimentos.com.br\/site\/","name":"Jornal Ultimos Acontecimentos","description":"Catal\u00e3o e regi\u00e3o","publisher":{"@id":"https:\/\/juacontecimentos.com.br\/site\/#organization"},"potentialAction":[{"@type":"SearchAction","target":{"@type":"EntryPoint","urlTemplate":"https:\/\/juacontecimentos.com.br\/site\/?s={search_term_string}"},"query-input":{"@type":"PropertyValueSpecification","valueRequired":true,"valueName":"search_term_string"}}],"inLanguage":"pt-BR"},{"@type":"Organization","@id":"https:\/\/juacontecimentos.com.br\/site\/#organization","name":"Jornal Ultimos Acontecimentos","url":"https:\/\/juacontecimentos.com.br\/site\/","logo":{"@type":"ImageObject","inLanguage":"pt-BR","@id":"https:\/\/juacontecimentos.com.br\/site\/#\/schema\/logo\/image\/","url":"https:\/\/juacontecimentos.com.br\/site\/wp-content\/uploads\/2023\/04\/Logo_Site.png","contentUrl":"https:\/\/juacontecimentos.com.br\/site\/wp-content\/uploads\/2023\/04\/Logo_Site.png","width":2476,"height":530,"caption":"Jornal Ultimos Acontecimentos"},"image":{"@id":"https:\/\/juacontecimentos.com.br\/site\/#\/schema\/logo\/image\/"},"sameAs":["https:\/\/www.facebook.com\/jultimosacontecimentos\/"]},{"@type":"Person","@id":"https:\/\/juacontecimentos.com.br\/site\/#\/schema\/person\/082a54e6d3fdd7a633291428521c9669","name":"Reginaldo Ribeiro","image":{"@type":"ImageObject","inLanguage":"pt-BR","@id":"https:\/\/juacontecimentos.com.br\/site\/#\/schema\/person\/image\/","url":"https:\/\/secure.gravatar.com\/avatar\/5c16c6837c3490270a74d888c2a845728f06bdde1f8761de1de1d1d1ef82d12f?s=96&d=mm&r=g","contentUrl":"https:\/\/secure.gravatar.com\/avatar\/5c16c6837c3490270a74d888c2a845728f06bdde1f8761de1de1d1d1ef82d12f?s=96&d=mm&r=g","caption":"Reginaldo Ribeiro"}}]}},"_links":{"self":[{"href":"https:\/\/juacontecimentos.com.br\/site\/wp-json\/wp\/v2\/posts\/49096","targetHints":{"allow":["GET"]}}],"collection":[{"href":"https:\/\/juacontecimentos.com.br\/site\/wp-json\/wp\/v2\/posts"}],"about":[{"href":"https:\/\/juacontecimentos.com.br\/site\/wp-json\/wp\/v2\/types\/post"}],"author":[{"embeddable":true,"href":"https:\/\/juacontecimentos.com.br\/site\/wp-json\/wp\/v2\/users\/2"}],"replies":[{"embeddable":true,"href":"https:\/\/juacontecimentos.com.br\/site\/wp-json\/wp\/v2\/comments?post=49096"}],"version-history":[{"count":4,"href":"https:\/\/juacontecimentos.com.br\/site\/wp-json\/wp\/v2\/posts\/49096\/revisions"}],"predecessor-version":[{"id":49114,"href":"https:\/\/juacontecimentos.com.br\/site\/wp-json\/wp\/v2\/posts\/49096\/revisions\/49114"}],"wp:featuredmedia":[{"embeddable":true,"href":"https:\/\/juacontecimentos.com.br\/site\/wp-json\/wp\/v2\/media\/49113"}],"wp:attachment":[{"href":"https:\/\/juacontecimentos.com.br\/site\/wp-json\/wp\/v2\/media?parent=49096"}],"wp:term":[{"taxonomy":"category","embeddable":true,"href":"https:\/\/juacontecimentos.com.br\/site\/wp-json\/wp\/v2\/categories?post=49096"},{"taxonomy":"post_tag","embeddable":true,"href":"https:\/\/juacontecimentos.com.br\/site\/wp-json\/wp\/v2\/tags?post=49096"}],"curies":[{"name":"wp","href":"https:\/\/api.w.org\/{rel}","templated":true}]}}