{"id":49115,"date":"2026-03-12T13:28:47","date_gmt":"2026-03-12T16:28:47","guid":{"rendered":"https:\/\/juacontecimentos.com.br\/site\/?p=49115"},"modified":"2026-03-12T13:32:02","modified_gmt":"2026-03-12T16:32:02","slug":"bruno-peixoto-defende-debate-sobre-impactos-da-reforma-tributaria-para-preservar-competitividade-de-goias","status":"publish","type":"post","link":"https:\/\/juacontecimentos.com.br\/site\/bruno-peixoto-defende-debate-sobre-impactos-da-reforma-tributaria-para-preservar-competitividade-de-goias\/","title":{"rendered":"Bruno Peixoto defende debate sobre impactos da reforma tribut\u00e1ria para preservar competitividade de Goi\u00e1s"},"content":{"rendered":"<p><strong>Fala aconteceu na abertura do Congresso de Direito Econ\u00f4mico, Tribut\u00e1rio e Financeiro realizado na Assembleia de Goi\u00e1s<\/strong><\/p>\n<div id=\"attachment_49121\" style=\"width: 1290px\" class=\"wp-caption alignnone\"><img loading=\"lazy\" decoding=\"async\" aria-describedby=\"caption-attachment-49121\" class=\"size-full wp-image-49121\" src=\"https:\/\/juacontecimentos.com.br\/site\/wp-content\/uploads\/2026\/03\/1773330573-whatsapp-image-2026-03-12-at-12-48-13.webp\" alt=\"\" width=\"1280\" height=\"724\" srcset=\"https:\/\/juacontecimentos.com.br\/site\/wp-content\/uploads\/2026\/03\/1773330573-whatsapp-image-2026-03-12-at-12-48-13.webp 1280w, https:\/\/juacontecimentos.com.br\/site\/wp-content\/uploads\/2026\/03\/1773330573-whatsapp-image-2026-03-12-at-12-48-13-300x170.webp 300w, https:\/\/juacontecimentos.com.br\/site\/wp-content\/uploads\/2026\/03\/1773330573-whatsapp-image-2026-03-12-at-12-48-13-1024x579.webp 1024w, https:\/\/juacontecimentos.com.br\/site\/wp-content\/uploads\/2026\/03\/1773330573-whatsapp-image-2026-03-12-at-12-48-13-768x434.webp 768w\" sizes=\"auto, (max-width: 1280px) 100vw, 1280px\" \/><p id=\"caption-attachment-49121\" class=\"wp-caption-text\">Foto: Whidiney Corado<\/p><\/div>\n<p>O presidente da Assembleia Legislativa do Estado de Goi\u00e1s (Alego), Bruno Peixoto, destacou a import\u00e2ncia de discutir os impactos da reforma tribut\u00e1ria durante a abertura do Congresso de Direito Econ\u00f4mico, Tribut\u00e1rio e Financeiro realizado na Casa. O evento re\u00fane especialistas, autoridades e representantes do poder p\u00fablico para debater as mudan\u00e7as no sistema de arrecada\u00e7\u00e3o do pa\u00eds.<\/p>\n<p>Segundo o deputado, o objetivo do congresso \u00e9 aproximar o debate t\u00e9cnico da popula\u00e7\u00e3o e explicar de forma clara como as mudan\u00e7as podem afetar a economia e o cotidiano das pessoas.<\/p>\n<p>\u201cO Congresso traz palestrantes renomados e profissionais com alta capacidade de transmitir conhecimento, levando ao cidad\u00e3o e \u00e0 cidad\u00e3 os impactos em rela\u00e7\u00e3o \u00e0 reforma tribut\u00e1ria\u201d, afirmou.<\/p>\n<p>O evento contou com a presen\u00e7a do vice-presidente da Rep\u00fablica e ministro da Ind\u00fastria e Com\u00e9rcio, Geraldo Alckmin, al\u00e9m de autoridades do Judici\u00e1rio, professores universit\u00e1rios e especialistas em direito tribut\u00e1rio e econ\u00f4mico. Tamb\u00e9m participam ministros como Ribeiro Dantas, do Superior Tribunal de Justi\u00e7a, e Gilmar Mendes, do Supremo Tribunal Federal.<\/p>\n<p>Bruno Peixoto ressaltou que o evento tem inscri\u00e7\u00f5es gratuitas, audit\u00f3rio lotado e participa\u00e7\u00e3o de universidades como a Universidade Federal de Goi\u00e1s, a Universidade Estadual de Goi\u00e1s e a Universidade de S\u00e3o Paulo. Segundo ele, o objetivo \u00e9 ampliar o acesso ao conhecimento e promover um debate qualificado sobre a reforma.<\/p>\n<p>\u201cO cidad\u00e3o precisa entender no seu dia a dia os impactos da economia, da reforma tribut\u00e1ria e das decis\u00f5es do poder p\u00fablico\u201d, disse.<\/p>\n<p>Durante o evento, Bruno Peixoto tamb\u00e9m ressaltou a necessidade de uni\u00e3o entre os poderes para garantir que as mudan\u00e7as no sistema tribut\u00e1rio n\u00e3o prejudiquem o desenvolvimento econ\u00f4mico de Goi\u00e1s.<\/p>\n<p>\u201cN\u00f3s precisamos garantir incentivos fiscais, porque Goi\u00e1s n\u00e3o tem o mesmo poder de consumo de estados como S\u00e3o Paulo, Rio de Janeiro e Minas Gerais. Precisamos de incentivos para atrair ind\u00fastrias e gerar emprego\u201d, afirmou.<\/p>\n<p>Ao falar sobre a reforma tribut\u00e1ria, o vice-presidente Geraldo Alckmin destacou que a mudan\u00e7a no sistema de impostos pode simplificar o ambiente econ\u00f4mico e impulsionar o crescimento do pa\u00eds.<\/p>\n<p>Segundo ele, o Brasil possui atualmente um sistema tribut\u00e1rio complexo, que dificulta investimentos e gera custos adicionais para empresas.<\/p>\n<p>\u201cO Brasil tem um sistema tribut\u00e1rio muito complicado. A reforma vai simplificar tributos, reduzir burocracia e aumentar a efici\u00eancia econ\u00f4mica\u201d, afirmou.<\/p>\n<p>Alckmin tamb\u00e9m destacou estudos que apontam que a reforma pode aumentar o Produto Interno Bruto e estimular investimentos e exporta\u00e7\u00f5es ao longo dos pr\u00f3ximos anos.<\/p>\n<p>Para Bruno Peixoto, no entanto, o debate precisa considerar as particularidades de cada estado. Ele defende que, apesar dos benef\u00edcios da reforma para o pa\u00eds, \u00e9 fundamental preservar mecanismos que mantenham a competitividade regional.<\/p>\n<p>\u201cA reforma \u00e9 importante para o Brasil e vai facilitar a vida do cidad\u00e3o. Mas precisamos garantir que Goi\u00e1s n\u00e3o perca competitividade e continue atraindo empresas e gerando emprego\u201d, concluiu.<\/p>\n<p>Fonte: J. Op\u00e7\u00e3o<\/p>\n","protected":false},"excerpt":{"rendered":"<p>Fala aconteceu na abertura do Congresso de Direito Econ\u00f4mico, Tribut\u00e1rio e Financeiro realizado na Assembleia de Goi\u00e1s O presidente da Assembleia Legislativa do Estado de Goi\u00e1s (Alego), Bruno Peixoto, destacou a import\u00e2ncia de discutir os impactos da reforma tribut\u00e1ria durante a abertura do Congresso de Direito Econ\u00f4mico, Tribut\u00e1rio e Financeiro realizado na Casa. O evento<\/p>\n","protected":false},"author":2,"featured_media":49121,"comment_status":"closed","ping_status":"closed","sticky":false,"template":"","format":"standard","meta":{"footnotes":""},"categories":[27,22,26,23],"tags":[],"class_list":["post-49115","post","type-post","status-publish","format-standard","has-post-thumbnail","hentry","category-brasil","category-catalao","category-destaque","category-goias"],"yoast_head":"<!-- This site is optimized with the Yoast SEO plugin v25.8 - https:\/\/yoast.com\/wordpress\/plugins\/seo\/ -->\n<title>Bruno Peixoto defende debate sobre impactos da reforma tribut\u00e1ria para preservar competitividade de Goi\u00e1s - Jornal Ultimos Acontecimentos<\/title>\n<meta name=\"robots\" content=\"index, follow, max-snippet:-1, max-image-preview:large, max-video-preview:-1\" \/>\n<link rel=\"canonical\" href=\"https:\/\/juacontecimentos.com.br\/site\/bruno-peixoto-defende-debate-sobre-impactos-da-reforma-tributaria-para-preservar-competitividade-de-goias\/\" \/>\n<meta property=\"og:locale\" content=\"pt_BR\" \/>\n<meta property=\"og:type\" content=\"article\" \/>\n<meta property=\"og:title\" content=\"Bruno Peixoto defende debate sobre impactos da reforma tribut\u00e1ria para preservar competitividade de Goi\u00e1s - Jornal Ultimos Acontecimentos\" \/>\n<meta property=\"og:description\" content=\"Fala aconteceu na abertura do Congresso de Direito Econ\u00f4mico, Tribut\u00e1rio e Financeiro realizado na Assembleia de Goi\u00e1s O presidente da Assembleia Legislativa do Estado de Goi\u00e1s (Alego), Bruno Peixoto, destacou a import\u00e2ncia de discutir os impactos da reforma tribut\u00e1ria durante a abertura do Congresso de Direito Econ\u00f4mico, Tribut\u00e1rio e Financeiro realizado na Casa. O evento\" \/>\n<meta property=\"og:url\" content=\"https:\/\/juacontecimentos.com.br\/site\/bruno-peixoto-defende-debate-sobre-impactos-da-reforma-tributaria-para-preservar-competitividade-de-goias\/\" \/>\n<meta property=\"og:site_name\" content=\"Jornal Ultimos Acontecimentos\" \/>\n<meta property=\"article:publisher\" content=\"https:\/\/www.facebook.com\/jultimosacontecimentos\/\" \/>\n<meta property=\"article:published_time\" content=\"2026-03-12T16:28:47+00:00\" \/>\n<meta property=\"article:modified_time\" content=\"2026-03-12T16:32:02+00:00\" \/>\n<meta property=\"og:image\" content=\"https:\/\/juacontecimentos.com.br\/site\/wp-content\/uploads\/2026\/03\/1773330573-whatsapp-image-2026-03-12-at-12-48-13.webp\" \/>\n\t<meta property=\"og:image:width\" content=\"1280\" \/>\n\t<meta property=\"og:image:height\" content=\"724\" \/>\n\t<meta property=\"og:image:type\" content=\"image\/webp\" \/>\n<meta name=\"author\" content=\"Reginaldo Ribeiro\" \/>\n<meta name=\"twitter:card\" content=\"summary_large_image\" \/>\n<meta name=\"twitter:label1\" content=\"Escrito por\" \/>\n\t<meta name=\"twitter:data1\" content=\"Reginaldo Ribeiro\" \/>\n\t<meta name=\"twitter:label2\" content=\"Est. tempo de leitura\" \/>\n\t<meta name=\"twitter:data2\" content=\"3 minutos\" \/>\n<script type=\"application\/ld+json\" class=\"yoast-schema-graph\">{\"@context\":\"https:\/\/schema.org\",\"@graph\":[{\"@type\":\"Article\",\"@id\":\"https:\/\/juacontecimentos.com.br\/site\/bruno-peixoto-defende-debate-sobre-impactos-da-reforma-tributaria-para-preservar-competitividade-de-goias\/#article\",\"isPartOf\":{\"@id\":\"https:\/\/juacontecimentos.com.br\/site\/bruno-peixoto-defende-debate-sobre-impactos-da-reforma-tributaria-para-preservar-competitividade-de-goias\/\"},\"author\":{\"name\":\"Reginaldo Ribeiro\",\"@id\":\"https:\/\/juacontecimentos.com.br\/site\/#\/schema\/person\/082a54e6d3fdd7a633291428521c9669\"},\"headline\":\"Bruno Peixoto defende debate sobre impactos da reforma tribut\u00e1ria para preservar competitividade de Goi\u00e1s\",\"datePublished\":\"2026-03-12T16:28:47+00:00\",\"dateModified\":\"2026-03-12T16:32:02+00:00\",\"mainEntityOfPage\":{\"@id\":\"https:\/\/juacontecimentos.com.br\/site\/bruno-peixoto-defende-debate-sobre-impactos-da-reforma-tributaria-para-preservar-competitividade-de-goias\/\"},\"wordCount\":568,\"publisher\":{\"@id\":\"https:\/\/juacontecimentos.com.br\/site\/#organization\"},\"image\":{\"@id\":\"https:\/\/juacontecimentos.com.br\/site\/bruno-peixoto-defende-debate-sobre-impactos-da-reforma-tributaria-para-preservar-competitividade-de-goias\/#primaryimage\"},\"thumbnailUrl\":\"https:\/\/juacontecimentos.com.br\/site\/wp-content\/uploads\/2026\/03\/1773330573-whatsapp-image-2026-03-12-at-12-48-13.webp\",\"articleSection\":[\"Brasil\",\"Catal\u00e3o\",\"Destaque\",\"Goi\u00e1s\"],\"inLanguage\":\"pt-BR\"},{\"@type\":\"WebPage\",\"@id\":\"https:\/\/juacontecimentos.com.br\/site\/bruno-peixoto-defende-debate-sobre-impactos-da-reforma-tributaria-para-preservar-competitividade-de-goias\/\",\"url\":\"https:\/\/juacontecimentos.com.br\/site\/bruno-peixoto-defende-debate-sobre-impactos-da-reforma-tributaria-para-preservar-competitividade-de-goias\/\",\"name\":\"Bruno Peixoto defende debate sobre impactos da reforma tribut\u00e1ria para preservar competitividade de Goi\u00e1s - Jornal Ultimos Acontecimentos\",\"isPartOf\":{\"@id\":\"https:\/\/juacontecimentos.com.br\/site\/#website\"},\"primaryImageOfPage\":{\"@id\":\"https:\/\/juacontecimentos.com.br\/site\/bruno-peixoto-defende-debate-sobre-impactos-da-reforma-tributaria-para-preservar-competitividade-de-goias\/#primaryimage\"},\"image\":{\"@id\":\"https:\/\/juacontecimentos.com.br\/site\/bruno-peixoto-defende-debate-sobre-impactos-da-reforma-tributaria-para-preservar-competitividade-de-goias\/#primaryimage\"},\"thumbnailUrl\":\"https:\/\/juacontecimentos.com.br\/site\/wp-content\/uploads\/2026\/03\/1773330573-whatsapp-image-2026-03-12-at-12-48-13.webp\",\"datePublished\":\"2026-03-12T16:28:47+00:00\",\"dateModified\":\"2026-03-12T16:32:02+00:00\",\"breadcrumb\":{\"@id\":\"https:\/\/juacontecimentos.com.br\/site\/bruno-peixoto-defende-debate-sobre-impactos-da-reforma-tributaria-para-preservar-competitividade-de-goias\/#breadcrumb\"},\"inLanguage\":\"pt-BR\",\"potentialAction\":[{\"@type\":\"ReadAction\",\"target\":[\"https:\/\/juacontecimentos.com.br\/site\/bruno-peixoto-defende-debate-sobre-impactos-da-reforma-tributaria-para-preservar-competitividade-de-goias\/\"]}]},{\"@type\":\"ImageObject\",\"inLanguage\":\"pt-BR\",\"@id\":\"https:\/\/juacontecimentos.com.br\/site\/bruno-peixoto-defende-debate-sobre-impactos-da-reforma-tributaria-para-preservar-competitividade-de-goias\/#primaryimage\",\"url\":\"https:\/\/juacontecimentos.com.br\/site\/wp-content\/uploads\/2026\/03\/1773330573-whatsapp-image-2026-03-12-at-12-48-13.webp\",\"contentUrl\":\"https:\/\/juacontecimentos.com.br\/site\/wp-content\/uploads\/2026\/03\/1773330573-whatsapp-image-2026-03-12-at-12-48-13.webp\",\"width\":1280,\"height\":724,\"caption\":\"Foto: Whidiney Corado\"},{\"@type\":\"BreadcrumbList\",\"@id\":\"https:\/\/juacontecimentos.com.br\/site\/bruno-peixoto-defende-debate-sobre-impactos-da-reforma-tributaria-para-preservar-competitividade-de-goias\/#breadcrumb\",\"itemListElement\":[{\"@type\":\"ListItem\",\"position\":1,\"name\":\"In\u00edcio\",\"item\":\"https:\/\/juacontecimentos.com.br\/site\/\"},{\"@type\":\"ListItem\",\"position\":2,\"name\":\"Bruno Peixoto defende debate sobre impactos da reforma tribut\u00e1ria para preservar competitividade de Goi\u00e1s\"}]},{\"@type\":\"WebSite\",\"@id\":\"https:\/\/juacontecimentos.com.br\/site\/#website\",\"url\":\"https:\/\/juacontecimentos.com.br\/site\/\",\"name\":\"Jornal Ultimos Acontecimentos\",\"description\":\"Catal\u00e3o e regi\u00e3o\",\"publisher\":{\"@id\":\"https:\/\/juacontecimentos.com.br\/site\/#organization\"},\"potentialAction\":[{\"@type\":\"SearchAction\",\"target\":{\"@type\":\"EntryPoint\",\"urlTemplate\":\"https:\/\/juacontecimentos.com.br\/site\/?s={search_term_string}\"},\"query-input\":{\"@type\":\"PropertyValueSpecification\",\"valueRequired\":true,\"valueName\":\"search_term_string\"}}],\"inLanguage\":\"pt-BR\"},{\"@type\":\"Organization\",\"@id\":\"https:\/\/juacontecimentos.com.br\/site\/#organization\",\"name\":\"Jornal Ultimos Acontecimentos\",\"url\":\"https:\/\/juacontecimentos.com.br\/site\/\",\"logo\":{\"@type\":\"ImageObject\",\"inLanguage\":\"pt-BR\",\"@id\":\"https:\/\/juacontecimentos.com.br\/site\/#\/schema\/logo\/image\/\",\"url\":\"https:\/\/juacontecimentos.com.br\/site\/wp-content\/uploads\/2023\/04\/Logo_Site.png\",\"contentUrl\":\"https:\/\/juacontecimentos.com.br\/site\/wp-content\/uploads\/2023\/04\/Logo_Site.png\",\"width\":2476,\"height\":530,\"caption\":\"Jornal Ultimos Acontecimentos\"},\"image\":{\"@id\":\"https:\/\/juacontecimentos.com.br\/site\/#\/schema\/logo\/image\/\"},\"sameAs\":[\"https:\/\/www.facebook.com\/jultimosacontecimentos\/\"]},{\"@type\":\"Person\",\"@id\":\"https:\/\/juacontecimentos.com.br\/site\/#\/schema\/person\/082a54e6d3fdd7a633291428521c9669\",\"name\":\"Reginaldo Ribeiro\",\"image\":{\"@type\":\"ImageObject\",\"inLanguage\":\"pt-BR\",\"@id\":\"https:\/\/juacontecimentos.com.br\/site\/#\/schema\/person\/image\/\",\"url\":\"https:\/\/secure.gravatar.com\/avatar\/5c16c6837c3490270a74d888c2a845728f06bdde1f8761de1de1d1d1ef82d12f?s=96&d=mm&r=g\",\"contentUrl\":\"https:\/\/secure.gravatar.com\/avatar\/5c16c6837c3490270a74d888c2a845728f06bdde1f8761de1de1d1d1ef82d12f?s=96&d=mm&r=g\",\"caption\":\"Reginaldo Ribeiro\"}}]}<\/script>\n<!-- \/ Yoast SEO plugin. -->","yoast_head_json":{"title":"Bruno Peixoto defende debate sobre impactos da reforma tribut\u00e1ria para preservar competitividade de Goi\u00e1s - Jornal Ultimos Acontecimentos","robots":{"index":"index","follow":"follow","max-snippet":"max-snippet:-1","max-image-preview":"max-image-preview:large","max-video-preview":"max-video-preview:-1"},"canonical":"https:\/\/juacontecimentos.com.br\/site\/bruno-peixoto-defende-debate-sobre-impactos-da-reforma-tributaria-para-preservar-competitividade-de-goias\/","og_locale":"pt_BR","og_type":"article","og_title":"Bruno Peixoto defende debate sobre impactos da reforma tribut\u00e1ria para preservar competitividade de Goi\u00e1s - Jornal Ultimos Acontecimentos","og_description":"Fala aconteceu na abertura do Congresso de Direito Econ\u00f4mico, Tribut\u00e1rio e Financeiro realizado na Assembleia de Goi\u00e1s O presidente da Assembleia Legislativa do Estado de Goi\u00e1s (Alego), Bruno Peixoto, destacou a import\u00e2ncia de discutir os impactos da reforma tribut\u00e1ria durante a abertura do Congresso de Direito Econ\u00f4mico, Tribut\u00e1rio e Financeiro realizado na Casa. O evento","og_url":"https:\/\/juacontecimentos.com.br\/site\/bruno-peixoto-defende-debate-sobre-impactos-da-reforma-tributaria-para-preservar-competitividade-de-goias\/","og_site_name":"Jornal Ultimos Acontecimentos","article_publisher":"https:\/\/www.facebook.com\/jultimosacontecimentos\/","article_published_time":"2026-03-12T16:28:47+00:00","article_modified_time":"2026-03-12T16:32:02+00:00","og_image":[{"width":1280,"height":724,"url":"https:\/\/juacontecimentos.com.br\/site\/wp-content\/uploads\/2026\/03\/1773330573-whatsapp-image-2026-03-12-at-12-48-13.webp","type":"image\/webp"}],"author":"Reginaldo Ribeiro","twitter_card":"summary_large_image","twitter_misc":{"Escrito por":"Reginaldo Ribeiro","Est. tempo de leitura":"3 minutos"},"schema":{"@context":"https:\/\/schema.org","@graph":[{"@type":"Article","@id":"https:\/\/juacontecimentos.com.br\/site\/bruno-peixoto-defende-debate-sobre-impactos-da-reforma-tributaria-para-preservar-competitividade-de-goias\/#article","isPartOf":{"@id":"https:\/\/juacontecimentos.com.br\/site\/bruno-peixoto-defende-debate-sobre-impactos-da-reforma-tributaria-para-preservar-competitividade-de-goias\/"},"author":{"name":"Reginaldo Ribeiro","@id":"https:\/\/juacontecimentos.com.br\/site\/#\/schema\/person\/082a54e6d3fdd7a633291428521c9669"},"headline":"Bruno Peixoto defende debate sobre impactos da reforma tribut\u00e1ria para preservar competitividade de Goi\u00e1s","datePublished":"2026-03-12T16:28:47+00:00","dateModified":"2026-03-12T16:32:02+00:00","mainEntityOfPage":{"@id":"https:\/\/juacontecimentos.com.br\/site\/bruno-peixoto-defende-debate-sobre-impactos-da-reforma-tributaria-para-preservar-competitividade-de-goias\/"},"wordCount":568,"publisher":{"@id":"https:\/\/juacontecimentos.com.br\/site\/#organization"},"image":{"@id":"https:\/\/juacontecimentos.com.br\/site\/bruno-peixoto-defende-debate-sobre-impactos-da-reforma-tributaria-para-preservar-competitividade-de-goias\/#primaryimage"},"thumbnailUrl":"https:\/\/juacontecimentos.com.br\/site\/wp-content\/uploads\/2026\/03\/1773330573-whatsapp-image-2026-03-12-at-12-48-13.webp","articleSection":["Brasil","Catal\u00e3o","Destaque","Goi\u00e1s"],"inLanguage":"pt-BR"},{"@type":"WebPage","@id":"https:\/\/juacontecimentos.com.br\/site\/bruno-peixoto-defende-debate-sobre-impactos-da-reforma-tributaria-para-preservar-competitividade-de-goias\/","url":"https:\/\/juacontecimentos.com.br\/site\/bruno-peixoto-defende-debate-sobre-impactos-da-reforma-tributaria-para-preservar-competitividade-de-goias\/","name":"Bruno Peixoto defende debate sobre impactos da reforma tribut\u00e1ria para preservar competitividade de Goi\u00e1s - Jornal Ultimos Acontecimentos","isPartOf":{"@id":"https:\/\/juacontecimentos.com.br\/site\/#website"},"primaryImageOfPage":{"@id":"https:\/\/juacontecimentos.com.br\/site\/bruno-peixoto-defende-debate-sobre-impactos-da-reforma-tributaria-para-preservar-competitividade-de-goias\/#primaryimage"},"image":{"@id":"https:\/\/juacontecimentos.com.br\/site\/bruno-peixoto-defende-debate-sobre-impactos-da-reforma-tributaria-para-preservar-competitividade-de-goias\/#primaryimage"},"thumbnailUrl":"https:\/\/juacontecimentos.com.br\/site\/wp-content\/uploads\/2026\/03\/1773330573-whatsapp-image-2026-03-12-at-12-48-13.webp","datePublished":"2026-03-12T16:28:47+00:00","dateModified":"2026-03-12T16:32:02+00:00","breadcrumb":{"@id":"https:\/\/juacontecimentos.com.br\/site\/bruno-peixoto-defende-debate-sobre-impactos-da-reforma-tributaria-para-preservar-competitividade-de-goias\/#breadcrumb"},"inLanguage":"pt-BR","potentialAction":[{"@type":"ReadAction","target":["https:\/\/juacontecimentos.com.br\/site\/bruno-peixoto-defende-debate-sobre-impactos-da-reforma-tributaria-para-preservar-competitividade-de-goias\/"]}]},{"@type":"ImageObject","inLanguage":"pt-BR","@id":"https:\/\/juacontecimentos.com.br\/site\/bruno-peixoto-defende-debate-sobre-impactos-da-reforma-tributaria-para-preservar-competitividade-de-goias\/#primaryimage","url":"https:\/\/juacontecimentos.com.br\/site\/wp-content\/uploads\/2026\/03\/1773330573-whatsapp-image-2026-03-12-at-12-48-13.webp","contentUrl":"https:\/\/juacontecimentos.com.br\/site\/wp-content\/uploads\/2026\/03\/1773330573-whatsapp-image-2026-03-12-at-12-48-13.webp","width":1280,"height":724,"caption":"Foto: Whidiney Corado"},{"@type":"BreadcrumbList","@id":"https:\/\/juacontecimentos.com.br\/site\/bruno-peixoto-defende-debate-sobre-impactos-da-reforma-tributaria-para-preservar-competitividade-de-goias\/#breadcrumb","itemListElement":[{"@type":"ListItem","position":1,"name":"In\u00edcio","item":"https:\/\/juacontecimentos.com.br\/site\/"},{"@type":"ListItem","position":2,"name":"Bruno Peixoto defende debate sobre impactos da reforma tribut\u00e1ria para preservar competitividade de Goi\u00e1s"}]},{"@type":"WebSite","@id":"https:\/\/juacontecimentos.com.br\/site\/#website","url":"https:\/\/juacontecimentos.com.br\/site\/","name":"Jornal Ultimos Acontecimentos","description":"Catal\u00e3o e regi\u00e3o","publisher":{"@id":"https:\/\/juacontecimentos.com.br\/site\/#organization"},"potentialAction":[{"@type":"SearchAction","target":{"@type":"EntryPoint","urlTemplate":"https:\/\/juacontecimentos.com.br\/site\/?s={search_term_string}"},"query-input":{"@type":"PropertyValueSpecification","valueRequired":true,"valueName":"search_term_string"}}],"inLanguage":"pt-BR"},{"@type":"Organization","@id":"https:\/\/juacontecimentos.com.br\/site\/#organization","name":"Jornal Ultimos Acontecimentos","url":"https:\/\/juacontecimentos.com.br\/site\/","logo":{"@type":"ImageObject","inLanguage":"pt-BR","@id":"https:\/\/juacontecimentos.com.br\/site\/#\/schema\/logo\/image\/","url":"https:\/\/juacontecimentos.com.br\/site\/wp-content\/uploads\/2023\/04\/Logo_Site.png","contentUrl":"https:\/\/juacontecimentos.com.br\/site\/wp-content\/uploads\/2023\/04\/Logo_Site.png","width":2476,"height":530,"caption":"Jornal Ultimos Acontecimentos"},"image":{"@id":"https:\/\/juacontecimentos.com.br\/site\/#\/schema\/logo\/image\/"},"sameAs":["https:\/\/www.facebook.com\/jultimosacontecimentos\/"]},{"@type":"Person","@id":"https:\/\/juacontecimentos.com.br\/site\/#\/schema\/person\/082a54e6d3fdd7a633291428521c9669","name":"Reginaldo Ribeiro","image":{"@type":"ImageObject","inLanguage":"pt-BR","@id":"https:\/\/juacontecimentos.com.br\/site\/#\/schema\/person\/image\/","url":"https:\/\/secure.gravatar.com\/avatar\/5c16c6837c3490270a74d888c2a845728f06bdde1f8761de1de1d1d1ef82d12f?s=96&d=mm&r=g","contentUrl":"https:\/\/secure.gravatar.com\/avatar\/5c16c6837c3490270a74d888c2a845728f06bdde1f8761de1de1d1d1ef82d12f?s=96&d=mm&r=g","caption":"Reginaldo Ribeiro"}}]}},"_links":{"self":[{"href":"https:\/\/juacontecimentos.com.br\/site\/wp-json\/wp\/v2\/posts\/49115","targetHints":{"allow":["GET"]}}],"collection":[{"href":"https:\/\/juacontecimentos.com.br\/site\/wp-json\/wp\/v2\/posts"}],"about":[{"href":"https:\/\/juacontecimentos.com.br\/site\/wp-json\/wp\/v2\/types\/post"}],"author":[{"embeddable":true,"href":"https:\/\/juacontecimentos.com.br\/site\/wp-json\/wp\/v2\/users\/2"}],"replies":[{"embeddable":true,"href":"https:\/\/juacontecimentos.com.br\/site\/wp-json\/wp\/v2\/comments?post=49115"}],"version-history":[{"count":4,"href":"https:\/\/juacontecimentos.com.br\/site\/wp-json\/wp\/v2\/posts\/49115\/revisions"}],"predecessor-version":[{"id":49122,"href":"https:\/\/juacontecimentos.com.br\/site\/wp-json\/wp\/v2\/posts\/49115\/revisions\/49122"}],"wp:featuredmedia":[{"embeddable":true,"href":"https:\/\/juacontecimentos.com.br\/site\/wp-json\/wp\/v2\/media\/49121"}],"wp:attachment":[{"href":"https:\/\/juacontecimentos.com.br\/site\/wp-json\/wp\/v2\/media?parent=49115"}],"wp:term":[{"taxonomy":"category","embeddable":true,"href":"https:\/\/juacontecimentos.com.br\/site\/wp-json\/wp\/v2\/categories?post=49115"},{"taxonomy":"post_tag","embeddable":true,"href":"https:\/\/juacontecimentos.com.br\/site\/wp-json\/wp\/v2\/tags?post=49115"}],"curies":[{"name":"wp","href":"https:\/\/api.w.org\/{rel}","templated":true}]}}