{"id":49124,"date":"2026-03-12T16:19:22","date_gmt":"2026-03-12T19:19:22","guid":{"rendered":"https:\/\/juacontecimentos.com.br\/site\/?p=49124"},"modified":"2026-03-12T16:21:35","modified_gmt":"2026-03-12T19:21:35","slug":"prefeitura-renova-convenio-com-sebrae-para-fortalecer-o-empreendedorismo-local","status":"publish","type":"post","link":"https:\/\/juacontecimentos.com.br\/site\/prefeitura-renova-convenio-com-sebrae-para-fortalecer-o-empreendedorismo-local\/","title":{"rendered":"Prefeitura renova conv\u00eanio com SEBRAE para fortalecer o empreendedorismo local"},"content":{"rendered":"<p><img loading=\"lazy\" decoding=\"async\" class=\"alignnone size-full wp-image-49127\" src=\"https:\/\/juacontecimentos.com.br\/site\/wp-content\/uploads\/2026\/03\/IMG-20260312-WA0421.jpg\" alt=\"\" width=\"1600\" height=\"1200\" srcset=\"https:\/\/juacontecimentos.com.br\/site\/wp-content\/uploads\/2026\/03\/IMG-20260312-WA0421.jpg 1600w, https:\/\/juacontecimentos.com.br\/site\/wp-content\/uploads\/2026\/03\/IMG-20260312-WA0421-300x225.jpg 300w, https:\/\/juacontecimentos.com.br\/site\/wp-content\/uploads\/2026\/03\/IMG-20260312-WA0421-1024x768.jpg 1024w, https:\/\/juacontecimentos.com.br\/site\/wp-content\/uploads\/2026\/03\/IMG-20260312-WA0421-768x576.jpg 768w, https:\/\/juacontecimentos.com.br\/site\/wp-content\/uploads\/2026\/03\/IMG-20260312-WA0421-1536x1152.jpg 1536w\" sizes=\"auto, (max-width: 1600px) 100vw, 1600px\" \/><\/p>\n<p>Na manh\u00e3 desta quinta-feira (12), o munic\u00edpio deu um passo importante para fortalecer o empreendedorismo local ao renovar o conv\u00eanio com o SEBRAE Goi\u00e1s. A cerim\u00f4nia contou com a presen\u00e7a do prefeito Cebinha Nascimento e do secret\u00e1rio de Ind\u00fastria e Com\u00e9rcio, Gedean Ribeiro, que receberam os representantes do SEBRAE Goi\u00e1s: Vitor Hugo, Gerente Regional Sul, al\u00e9m de J\u00e9ssica e Danillo Dunck, ambos analistas da institui\u00e7\u00e3o.<\/p>\n<p>O principal foco do encontro foi a renova\u00e7\u00e3o do conv\u00eanio, uma parceria consolidada que j\u00e1 vem trazendo excelentes resultados para a cidade e que continuar\u00e1 aberta a novas oportunidades. Durante a reuni\u00e3o, tamb\u00e9m foram alinhadas novas a\u00e7\u00f5es para o futuro, como a implementa\u00e7\u00e3o de cursos de capacita\u00e7\u00e3o e o fortalecimento da Sala do Microempreendedor, um espa\u00e7o fundamental para apoiar quem deseja abrir ou expandir seu neg\u00f3cio.<\/p>\n<p><img loading=\"lazy\" decoding=\"async\" class=\"alignnone size-full wp-image-49126\" src=\"https:\/\/juacontecimentos.com.br\/site\/wp-content\/uploads\/2026\/03\/IMG-20260312-WA0423.jpg\" alt=\"\" width=\"1600\" height=\"1066\" srcset=\"https:\/\/juacontecimentos.com.br\/site\/wp-content\/uploads\/2026\/03\/IMG-20260312-WA0423.jpg 1600w, https:\/\/juacontecimentos.com.br\/site\/wp-content\/uploads\/2026\/03\/IMG-20260312-WA0423-300x200.jpg 300w, https:\/\/juacontecimentos.com.br\/site\/wp-content\/uploads\/2026\/03\/IMG-20260312-WA0423-1024x682.jpg 1024w, https:\/\/juacontecimentos.com.br\/site\/wp-content\/uploads\/2026\/03\/IMG-20260312-WA0423-768x512.jpg 768w, https:\/\/juacontecimentos.com.br\/site\/wp-content\/uploads\/2026\/03\/IMG-20260312-WA0423-1536x1023.jpg 1536w\" sizes=\"auto, (max-width: 1600px) 100vw, 1600px\" \/><\/p>\n<p>Voc\u00ea sabia? A Sala do Empreendedor do SEBRAE oferece uma variedade de servi\u00e7os essenciais para quem deseja empreender ou melhorar a gest\u00e3o de seu neg\u00f3cio, incluindo abertura de empresa e registro de MEI, emiss\u00e3o de nota fiscal, Declara\u00e7\u00e3o Anual (DASN), al\u00e9m de cursos de gest\u00e3o, marketing e planejamento. Tamb\u00e9m disponibiliza consultorias para tirar aquele plano de neg\u00f3cios do papel, parcelamento de d\u00e9bitos e outros benef\u00edcios. E tem mais: o programa Cidade Empreendedora capacita a equipe da prefeitura para atender cada vez melhor os empres\u00e1rios locais.<\/p>\n<p>Com essa parceria renovada, o munic\u00edpio reafirma seu compromisso de criar um ambiente de neg\u00f3cios mais favor\u00e1vel, promovendo o crescimento econ\u00f4mico e gerando novas oportunidades para toda a comunidade. Seguimos trabalhando juntos para fortalecer o empreendedorismo e fazer da nossa cidade um exemplo de desenvolvimento sustent\u00e1vel.<\/p>\n<p>&nbsp;<\/p>\n<p><img loading=\"lazy\" decoding=\"async\" class=\"alignnone size-full wp-image-49128\" src=\"https:\/\/juacontecimentos.com.br\/site\/wp-content\/uploads\/2026\/03\/IMG-20260312-WA0422.jpg\" alt=\"\" width=\"1600\" height=\"1066\" srcset=\"https:\/\/juacontecimentos.com.br\/site\/wp-content\/uploads\/2026\/03\/IMG-20260312-WA0422.jpg 1600w, https:\/\/juacontecimentos.com.br\/site\/wp-content\/uploads\/2026\/03\/IMG-20260312-WA0422-300x200.jpg 300w, https:\/\/juacontecimentos.com.br\/site\/wp-content\/uploads\/2026\/03\/IMG-20260312-WA0422-1024x682.jpg 1024w, https:\/\/juacontecimentos.com.br\/site\/wp-content\/uploads\/2026\/03\/IMG-20260312-WA0422-768x512.jpg 768w, https:\/\/juacontecimentos.com.br\/site\/wp-content\/uploads\/2026\/03\/IMG-20260312-WA0422-1536x1023.jpg 1536w\" sizes=\"auto, (max-width: 1600px) 100vw, 1600px\" \/> <img loading=\"lazy\" decoding=\"async\" class=\"alignnone size-full wp-image-49129\" src=\"https:\/\/juacontecimentos.com.br\/site\/wp-content\/uploads\/2026\/03\/IMG-20260312-WA0424.jpg\" alt=\"\" width=\"1066\" height=\"1600\" srcset=\"https:\/\/juacontecimentos.com.br\/site\/wp-content\/uploads\/2026\/03\/IMG-20260312-WA0424.jpg 1066w, https:\/\/juacontecimentos.com.br\/site\/wp-content\/uploads\/2026\/03\/IMG-20260312-WA0424-200x300.jpg 200w, https:\/\/juacontecimentos.com.br\/site\/wp-content\/uploads\/2026\/03\/IMG-20260312-WA0424-682x1024.jpg 682w, https:\/\/juacontecimentos.com.br\/site\/wp-content\/uploads\/2026\/03\/IMG-20260312-WA0424-768x1153.jpg 768w, https:\/\/juacontecimentos.com.br\/site\/wp-content\/uploads\/2026\/03\/IMG-20260312-WA0424-1023x1536.jpg 1023w\" sizes=\"auto, (max-width: 1066px) 100vw, 1066px\" \/><\/p>\n","protected":false},"excerpt":{"rendered":"<p>Na manh\u00e3 desta quinta-feira (12), o munic\u00edpio deu um passo importante para fortalecer o empreendedorismo local ao renovar o conv\u00eanio com o SEBRAE Goi\u00e1s. A cerim\u00f4nia contou com a presen\u00e7a do prefeito Cebinha Nascimento e do secret\u00e1rio de Ind\u00fastria e Com\u00e9rcio, Gedean Ribeiro, que receberam os representantes do SEBRAE Goi\u00e1s: Vitor Hugo, Gerente Regional Sul,<\/p>\n","protected":false},"author":2,"featured_media":49127,"comment_status":"closed","ping_status":"closed","sticky":false,"template":"","format":"standard","meta":{"footnotes":""},"categories":[27,22,26,23],"tags":[],"class_list":["post-49124","post","type-post","status-publish","format-standard","has-post-thumbnail","hentry","category-brasil","category-catalao","category-destaque","category-goias"],"yoast_head":"<!-- This site is optimized with the Yoast SEO plugin v25.8 - https:\/\/yoast.com\/wordpress\/plugins\/seo\/ -->\n<title>Prefeitura renova conv\u00eanio com SEBRAE para fortalecer o empreendedorismo local - Jornal Ultimos Acontecimentos<\/title>\n<meta name=\"robots\" content=\"index, follow, max-snippet:-1, max-image-preview:large, max-video-preview:-1\" \/>\n<link rel=\"canonical\" href=\"https:\/\/juacontecimentos.com.br\/site\/prefeitura-renova-convenio-com-sebrae-para-fortalecer-o-empreendedorismo-local\/\" \/>\n<meta property=\"og:locale\" content=\"pt_BR\" \/>\n<meta property=\"og:type\" content=\"article\" \/>\n<meta property=\"og:title\" content=\"Prefeitura renova conv\u00eanio com SEBRAE para fortalecer o empreendedorismo local - Jornal Ultimos Acontecimentos\" \/>\n<meta property=\"og:description\" content=\"Na manh\u00e3 desta quinta-feira (12), o munic\u00edpio deu um passo importante para fortalecer o empreendedorismo local ao renovar o conv\u00eanio com o SEBRAE Goi\u00e1s. A cerim\u00f4nia contou com a presen\u00e7a do prefeito Cebinha Nascimento e do secret\u00e1rio de Ind\u00fastria e Com\u00e9rcio, Gedean Ribeiro, que receberam os representantes do SEBRAE Goi\u00e1s: Vitor Hugo, Gerente Regional Sul,\" \/>\n<meta property=\"og:url\" content=\"https:\/\/juacontecimentos.com.br\/site\/prefeitura-renova-convenio-com-sebrae-para-fortalecer-o-empreendedorismo-local\/\" \/>\n<meta property=\"og:site_name\" content=\"Jornal Ultimos Acontecimentos\" \/>\n<meta property=\"article:publisher\" content=\"https:\/\/www.facebook.com\/jultimosacontecimentos\/\" \/>\n<meta property=\"article:published_time\" content=\"2026-03-12T19:19:22+00:00\" \/>\n<meta property=\"article:modified_time\" content=\"2026-03-12T19:21:35+00:00\" \/>\n<meta property=\"og:image\" content=\"https:\/\/juacontecimentos.com.br\/site\/wp-content\/uploads\/2026\/03\/IMG-20260312-WA0421.jpg\" \/>\n\t<meta property=\"og:image:width\" content=\"1600\" \/>\n\t<meta property=\"og:image:height\" content=\"1200\" \/>\n\t<meta property=\"og:image:type\" content=\"image\/jpeg\" \/>\n<meta name=\"author\" content=\"Reginaldo Ribeiro\" \/>\n<meta name=\"twitter:card\" content=\"summary_large_image\" \/>\n<meta name=\"twitter:label1\" content=\"Escrito por\" \/>\n\t<meta name=\"twitter:data1\" content=\"Reginaldo Ribeiro\" \/>\n\t<meta name=\"twitter:label2\" content=\"Est. tempo de leitura\" \/>\n\t<meta name=\"twitter:data2\" content=\"3 minutos\" \/>\n<script type=\"application\/ld+json\" class=\"yoast-schema-graph\">{\"@context\":\"https:\/\/schema.org\",\"@graph\":[{\"@type\":\"Article\",\"@id\":\"https:\/\/juacontecimentos.com.br\/site\/prefeitura-renova-convenio-com-sebrae-para-fortalecer-o-empreendedorismo-local\/#article\",\"isPartOf\":{\"@id\":\"https:\/\/juacontecimentos.com.br\/site\/prefeitura-renova-convenio-com-sebrae-para-fortalecer-o-empreendedorismo-local\/\"},\"author\":{\"name\":\"Reginaldo Ribeiro\",\"@id\":\"https:\/\/juacontecimentos.com.br\/site\/#\/schema\/person\/082a54e6d3fdd7a633291428521c9669\"},\"headline\":\"Prefeitura renova conv\u00eanio com SEBRAE para fortalecer o empreendedorismo local\",\"datePublished\":\"2026-03-12T19:19:22+00:00\",\"dateModified\":\"2026-03-12T19:21:35+00:00\",\"mainEntityOfPage\":{\"@id\":\"https:\/\/juacontecimentos.com.br\/site\/prefeitura-renova-convenio-com-sebrae-para-fortalecer-o-empreendedorismo-local\/\"},\"wordCount\":311,\"publisher\":{\"@id\":\"https:\/\/juacontecimentos.com.br\/site\/#organization\"},\"image\":{\"@id\":\"https:\/\/juacontecimentos.com.br\/site\/prefeitura-renova-convenio-com-sebrae-para-fortalecer-o-empreendedorismo-local\/#primaryimage\"},\"thumbnailUrl\":\"https:\/\/juacontecimentos.com.br\/site\/wp-content\/uploads\/2026\/03\/IMG-20260312-WA0421.jpg\",\"articleSection\":[\"Brasil\",\"Catal\u00e3o\",\"Destaque\",\"Goi\u00e1s\"],\"inLanguage\":\"pt-BR\"},{\"@type\":\"WebPage\",\"@id\":\"https:\/\/juacontecimentos.com.br\/site\/prefeitura-renova-convenio-com-sebrae-para-fortalecer-o-empreendedorismo-local\/\",\"url\":\"https:\/\/juacontecimentos.com.br\/site\/prefeitura-renova-convenio-com-sebrae-para-fortalecer-o-empreendedorismo-local\/\",\"name\":\"Prefeitura renova conv\u00eanio com SEBRAE para fortalecer o empreendedorismo local - Jornal Ultimos Acontecimentos\",\"isPartOf\":{\"@id\":\"https:\/\/juacontecimentos.com.br\/site\/#website\"},\"primaryImageOfPage\":{\"@id\":\"https:\/\/juacontecimentos.com.br\/site\/prefeitura-renova-convenio-com-sebrae-para-fortalecer-o-empreendedorismo-local\/#primaryimage\"},\"image\":{\"@id\":\"https:\/\/juacontecimentos.com.br\/site\/prefeitura-renova-convenio-com-sebrae-para-fortalecer-o-empreendedorismo-local\/#primaryimage\"},\"thumbnailUrl\":\"https:\/\/juacontecimentos.com.br\/site\/wp-content\/uploads\/2026\/03\/IMG-20260312-WA0421.jpg\",\"datePublished\":\"2026-03-12T19:19:22+00:00\",\"dateModified\":\"2026-03-12T19:21:35+00:00\",\"breadcrumb\":{\"@id\":\"https:\/\/juacontecimentos.com.br\/site\/prefeitura-renova-convenio-com-sebrae-para-fortalecer-o-empreendedorismo-local\/#breadcrumb\"},\"inLanguage\":\"pt-BR\",\"potentialAction\":[{\"@type\":\"ReadAction\",\"target\":[\"https:\/\/juacontecimentos.com.br\/site\/prefeitura-renova-convenio-com-sebrae-para-fortalecer-o-empreendedorismo-local\/\"]}]},{\"@type\":\"ImageObject\",\"inLanguage\":\"pt-BR\",\"@id\":\"https:\/\/juacontecimentos.com.br\/site\/prefeitura-renova-convenio-com-sebrae-para-fortalecer-o-empreendedorismo-local\/#primaryimage\",\"url\":\"https:\/\/juacontecimentos.com.br\/site\/wp-content\/uploads\/2026\/03\/IMG-20260312-WA0421.jpg\",\"contentUrl\":\"https:\/\/juacontecimentos.com.br\/site\/wp-content\/uploads\/2026\/03\/IMG-20260312-WA0421.jpg\",\"width\":1600,\"height\":1200},{\"@type\":\"BreadcrumbList\",\"@id\":\"https:\/\/juacontecimentos.com.br\/site\/prefeitura-renova-convenio-com-sebrae-para-fortalecer-o-empreendedorismo-local\/#breadcrumb\",\"itemListElement\":[{\"@type\":\"ListItem\",\"position\":1,\"name\":\"In\u00edcio\",\"item\":\"https:\/\/juacontecimentos.com.br\/site\/\"},{\"@type\":\"ListItem\",\"position\":2,\"name\":\"Prefeitura renova conv\u00eanio com SEBRAE para fortalecer o empreendedorismo local\"}]},{\"@type\":\"WebSite\",\"@id\":\"https:\/\/juacontecimentos.com.br\/site\/#website\",\"url\":\"https:\/\/juacontecimentos.com.br\/site\/\",\"name\":\"Jornal Ultimos Acontecimentos\",\"description\":\"Catal\u00e3o e regi\u00e3o\",\"publisher\":{\"@id\":\"https:\/\/juacontecimentos.com.br\/site\/#organization\"},\"potentialAction\":[{\"@type\":\"SearchAction\",\"target\":{\"@type\":\"EntryPoint\",\"urlTemplate\":\"https:\/\/juacontecimentos.com.br\/site\/?s={search_term_string}\"},\"query-input\":{\"@type\":\"PropertyValueSpecification\",\"valueRequired\":true,\"valueName\":\"search_term_string\"}}],\"inLanguage\":\"pt-BR\"},{\"@type\":\"Organization\",\"@id\":\"https:\/\/juacontecimentos.com.br\/site\/#organization\",\"name\":\"Jornal Ultimos Acontecimentos\",\"url\":\"https:\/\/juacontecimentos.com.br\/site\/\",\"logo\":{\"@type\":\"ImageObject\",\"inLanguage\":\"pt-BR\",\"@id\":\"https:\/\/juacontecimentos.com.br\/site\/#\/schema\/logo\/image\/\",\"url\":\"https:\/\/juacontecimentos.com.br\/site\/wp-content\/uploads\/2023\/04\/Logo_Site.png\",\"contentUrl\":\"https:\/\/juacontecimentos.com.br\/site\/wp-content\/uploads\/2023\/04\/Logo_Site.png\",\"width\":2476,\"height\":530,\"caption\":\"Jornal Ultimos Acontecimentos\"},\"image\":{\"@id\":\"https:\/\/juacontecimentos.com.br\/site\/#\/schema\/logo\/image\/\"},\"sameAs\":[\"https:\/\/www.facebook.com\/jultimosacontecimentos\/\"]},{\"@type\":\"Person\",\"@id\":\"https:\/\/juacontecimentos.com.br\/site\/#\/schema\/person\/082a54e6d3fdd7a633291428521c9669\",\"name\":\"Reginaldo Ribeiro\",\"image\":{\"@type\":\"ImageObject\",\"inLanguage\":\"pt-BR\",\"@id\":\"https:\/\/juacontecimentos.com.br\/site\/#\/schema\/person\/image\/\",\"url\":\"https:\/\/secure.gravatar.com\/avatar\/5c16c6837c3490270a74d888c2a845728f06bdde1f8761de1de1d1d1ef82d12f?s=96&d=mm&r=g\",\"contentUrl\":\"https:\/\/secure.gravatar.com\/avatar\/5c16c6837c3490270a74d888c2a845728f06bdde1f8761de1de1d1d1ef82d12f?s=96&d=mm&r=g\",\"caption\":\"Reginaldo Ribeiro\"}}]}<\/script>\n<!-- \/ Yoast SEO plugin. -->","yoast_head_json":{"title":"Prefeitura renova conv\u00eanio com SEBRAE para fortalecer o empreendedorismo local - Jornal Ultimos Acontecimentos","robots":{"index":"index","follow":"follow","max-snippet":"max-snippet:-1","max-image-preview":"max-image-preview:large","max-video-preview":"max-video-preview:-1"},"canonical":"https:\/\/juacontecimentos.com.br\/site\/prefeitura-renova-convenio-com-sebrae-para-fortalecer-o-empreendedorismo-local\/","og_locale":"pt_BR","og_type":"article","og_title":"Prefeitura renova conv\u00eanio com SEBRAE para fortalecer o empreendedorismo local - Jornal Ultimos Acontecimentos","og_description":"Na manh\u00e3 desta quinta-feira (12), o munic\u00edpio deu um passo importante para fortalecer o empreendedorismo local ao renovar o conv\u00eanio com o SEBRAE Goi\u00e1s. A cerim\u00f4nia contou com a presen\u00e7a do prefeito Cebinha Nascimento e do secret\u00e1rio de Ind\u00fastria e Com\u00e9rcio, Gedean Ribeiro, que receberam os representantes do SEBRAE Goi\u00e1s: Vitor Hugo, Gerente Regional Sul,","og_url":"https:\/\/juacontecimentos.com.br\/site\/prefeitura-renova-convenio-com-sebrae-para-fortalecer-o-empreendedorismo-local\/","og_site_name":"Jornal Ultimos Acontecimentos","article_publisher":"https:\/\/www.facebook.com\/jultimosacontecimentos\/","article_published_time":"2026-03-12T19:19:22+00:00","article_modified_time":"2026-03-12T19:21:35+00:00","og_image":[{"width":1600,"height":1200,"url":"https:\/\/juacontecimentos.com.br\/site\/wp-content\/uploads\/2026\/03\/IMG-20260312-WA0421.jpg","type":"image\/jpeg"}],"author":"Reginaldo Ribeiro","twitter_card":"summary_large_image","twitter_misc":{"Escrito por":"Reginaldo Ribeiro","Est. tempo de leitura":"3 minutos"},"schema":{"@context":"https:\/\/schema.org","@graph":[{"@type":"Article","@id":"https:\/\/juacontecimentos.com.br\/site\/prefeitura-renova-convenio-com-sebrae-para-fortalecer-o-empreendedorismo-local\/#article","isPartOf":{"@id":"https:\/\/juacontecimentos.com.br\/site\/prefeitura-renova-convenio-com-sebrae-para-fortalecer-o-empreendedorismo-local\/"},"author":{"name":"Reginaldo Ribeiro","@id":"https:\/\/juacontecimentos.com.br\/site\/#\/schema\/person\/082a54e6d3fdd7a633291428521c9669"},"headline":"Prefeitura renova conv\u00eanio com SEBRAE para fortalecer o empreendedorismo local","datePublished":"2026-03-12T19:19:22+00:00","dateModified":"2026-03-12T19:21:35+00:00","mainEntityOfPage":{"@id":"https:\/\/juacontecimentos.com.br\/site\/prefeitura-renova-convenio-com-sebrae-para-fortalecer-o-empreendedorismo-local\/"},"wordCount":311,"publisher":{"@id":"https:\/\/juacontecimentos.com.br\/site\/#organization"},"image":{"@id":"https:\/\/juacontecimentos.com.br\/site\/prefeitura-renova-convenio-com-sebrae-para-fortalecer-o-empreendedorismo-local\/#primaryimage"},"thumbnailUrl":"https:\/\/juacontecimentos.com.br\/site\/wp-content\/uploads\/2026\/03\/IMG-20260312-WA0421.jpg","articleSection":["Brasil","Catal\u00e3o","Destaque","Goi\u00e1s"],"inLanguage":"pt-BR"},{"@type":"WebPage","@id":"https:\/\/juacontecimentos.com.br\/site\/prefeitura-renova-convenio-com-sebrae-para-fortalecer-o-empreendedorismo-local\/","url":"https:\/\/juacontecimentos.com.br\/site\/prefeitura-renova-convenio-com-sebrae-para-fortalecer-o-empreendedorismo-local\/","name":"Prefeitura renova conv\u00eanio com SEBRAE para fortalecer o empreendedorismo local - Jornal Ultimos Acontecimentos","isPartOf":{"@id":"https:\/\/juacontecimentos.com.br\/site\/#website"},"primaryImageOfPage":{"@id":"https:\/\/juacontecimentos.com.br\/site\/prefeitura-renova-convenio-com-sebrae-para-fortalecer-o-empreendedorismo-local\/#primaryimage"},"image":{"@id":"https:\/\/juacontecimentos.com.br\/site\/prefeitura-renova-convenio-com-sebrae-para-fortalecer-o-empreendedorismo-local\/#primaryimage"},"thumbnailUrl":"https:\/\/juacontecimentos.com.br\/site\/wp-content\/uploads\/2026\/03\/IMG-20260312-WA0421.jpg","datePublished":"2026-03-12T19:19:22+00:00","dateModified":"2026-03-12T19:21:35+00:00","breadcrumb":{"@id":"https:\/\/juacontecimentos.com.br\/site\/prefeitura-renova-convenio-com-sebrae-para-fortalecer-o-empreendedorismo-local\/#breadcrumb"},"inLanguage":"pt-BR","potentialAction":[{"@type":"ReadAction","target":["https:\/\/juacontecimentos.com.br\/site\/prefeitura-renova-convenio-com-sebrae-para-fortalecer-o-empreendedorismo-local\/"]}]},{"@type":"ImageObject","inLanguage":"pt-BR","@id":"https:\/\/juacontecimentos.com.br\/site\/prefeitura-renova-convenio-com-sebrae-para-fortalecer-o-empreendedorismo-local\/#primaryimage","url":"https:\/\/juacontecimentos.com.br\/site\/wp-content\/uploads\/2026\/03\/IMG-20260312-WA0421.jpg","contentUrl":"https:\/\/juacontecimentos.com.br\/site\/wp-content\/uploads\/2026\/03\/IMG-20260312-WA0421.jpg","width":1600,"height":1200},{"@type":"BreadcrumbList","@id":"https:\/\/juacontecimentos.com.br\/site\/prefeitura-renova-convenio-com-sebrae-para-fortalecer-o-empreendedorismo-local\/#breadcrumb","itemListElement":[{"@type":"ListItem","position":1,"name":"In\u00edcio","item":"https:\/\/juacontecimentos.com.br\/site\/"},{"@type":"ListItem","position":2,"name":"Prefeitura renova conv\u00eanio com SEBRAE para fortalecer o empreendedorismo local"}]},{"@type":"WebSite","@id":"https:\/\/juacontecimentos.com.br\/site\/#website","url":"https:\/\/juacontecimentos.com.br\/site\/","name":"Jornal Ultimos Acontecimentos","description":"Catal\u00e3o e regi\u00e3o","publisher":{"@id":"https:\/\/juacontecimentos.com.br\/site\/#organization"},"potentialAction":[{"@type":"SearchAction","target":{"@type":"EntryPoint","urlTemplate":"https:\/\/juacontecimentos.com.br\/site\/?s={search_term_string}"},"query-input":{"@type":"PropertyValueSpecification","valueRequired":true,"valueName":"search_term_string"}}],"inLanguage":"pt-BR"},{"@type":"Organization","@id":"https:\/\/juacontecimentos.com.br\/site\/#organization","name":"Jornal Ultimos Acontecimentos","url":"https:\/\/juacontecimentos.com.br\/site\/","logo":{"@type":"ImageObject","inLanguage":"pt-BR","@id":"https:\/\/juacontecimentos.com.br\/site\/#\/schema\/logo\/image\/","url":"https:\/\/juacontecimentos.com.br\/site\/wp-content\/uploads\/2023\/04\/Logo_Site.png","contentUrl":"https:\/\/juacontecimentos.com.br\/site\/wp-content\/uploads\/2023\/04\/Logo_Site.png","width":2476,"height":530,"caption":"Jornal Ultimos Acontecimentos"},"image":{"@id":"https:\/\/juacontecimentos.com.br\/site\/#\/schema\/logo\/image\/"},"sameAs":["https:\/\/www.facebook.com\/jultimosacontecimentos\/"]},{"@type":"Person","@id":"https:\/\/juacontecimentos.com.br\/site\/#\/schema\/person\/082a54e6d3fdd7a633291428521c9669","name":"Reginaldo Ribeiro","image":{"@type":"ImageObject","inLanguage":"pt-BR","@id":"https:\/\/juacontecimentos.com.br\/site\/#\/schema\/person\/image\/","url":"https:\/\/secure.gravatar.com\/avatar\/5c16c6837c3490270a74d888c2a845728f06bdde1f8761de1de1d1d1ef82d12f?s=96&d=mm&r=g","contentUrl":"https:\/\/secure.gravatar.com\/avatar\/5c16c6837c3490270a74d888c2a845728f06bdde1f8761de1de1d1d1ef82d12f?s=96&d=mm&r=g","caption":"Reginaldo Ribeiro"}}]}},"_links":{"self":[{"href":"https:\/\/juacontecimentos.com.br\/site\/wp-json\/wp\/v2\/posts\/49124","targetHints":{"allow":["GET"]}}],"collection":[{"href":"https:\/\/juacontecimentos.com.br\/site\/wp-json\/wp\/v2\/posts"}],"about":[{"href":"https:\/\/juacontecimentos.com.br\/site\/wp-json\/wp\/v2\/types\/post"}],"author":[{"embeddable":true,"href":"https:\/\/juacontecimentos.com.br\/site\/wp-json\/wp\/v2\/users\/2"}],"replies":[{"embeddable":true,"href":"https:\/\/juacontecimentos.com.br\/site\/wp-json\/wp\/v2\/comments?post=49124"}],"version-history":[{"count":3,"href":"https:\/\/juacontecimentos.com.br\/site\/wp-json\/wp\/v2\/posts\/49124\/revisions"}],"predecessor-version":[{"id":49131,"href":"https:\/\/juacontecimentos.com.br\/site\/wp-json\/wp\/v2\/posts\/49124\/revisions\/49131"}],"wp:featuredmedia":[{"embeddable":true,"href":"https:\/\/juacontecimentos.com.br\/site\/wp-json\/wp\/v2\/media\/49127"}],"wp:attachment":[{"href":"https:\/\/juacontecimentos.com.br\/site\/wp-json\/wp\/v2\/media?parent=49124"}],"wp:term":[{"taxonomy":"category","embeddable":true,"href":"https:\/\/juacontecimentos.com.br\/site\/wp-json\/wp\/v2\/categories?post=49124"},{"taxonomy":"post_tag","embeddable":true,"href":"https:\/\/juacontecimentos.com.br\/site\/wp-json\/wp\/v2\/tags?post=49124"}],"curies":[{"name":"wp","href":"https:\/\/api.w.org\/{rel}","templated":true}]}}