{"id":49140,"date":"2026-03-12T18:51:12","date_gmt":"2026-03-12T21:51:12","guid":{"rendered":"https:\/\/juacontecimentos.com.br\/site\/?p=49140"},"modified":"2026-03-12T18:54:35","modified_gmt":"2026-03-12T21:54:35","slug":"nota-oficial-sae-catalao-caminhao-hidro-jato-sofre-falha-de-freios-e-e-contido-por-motorista-em-avenida-jk-sem-feridos","status":"publish","type":"post","link":"https:\/\/juacontecimentos.com.br\/site\/nota-oficial-sae-catalao-caminhao-hidro-jato-sofre-falha-de-freios-e-e-contido-por-motorista-em-avenida-jk-sem-feridos\/","title":{"rendered":"NOTA OFICIAL SAE CATAL\u00c3O: Caminh\u00e3o hidro jato sofre falha de freios e \u00e9 contido por motorista em Avenida JK, sem feridos"},"content":{"rendered":"<p><img loading=\"lazy\" decoding=\"async\" class=\"alignnone size-full wp-image-49143\" src=\"https:\/\/juacontecimentos.com.br\/site\/wp-content\/uploads\/2026\/03\/Screenshot_2026-03-12-18-52-55-976_com.android.chrome.jpg\" alt=\"\" width=\"749\" height=\"357\" srcset=\"https:\/\/juacontecimentos.com.br\/site\/wp-content\/uploads\/2026\/03\/Screenshot_2026-03-12-18-52-55-976_com.android.chrome.jpg 749w, https:\/\/juacontecimentos.com.br\/site\/wp-content\/uploads\/2026\/03\/Screenshot_2026-03-12-18-52-55-976_com.android.chrome-300x143.jpg 300w\" sizes=\"auto, (max-width: 749px) 100vw, 749px\" \/><\/p>\n<p>A Superintend\u00eancia Municipal de \u00c1gua e Esgoto de Catal\u00e3o (SAE) informa que, no dia 12 de mar\u00e7o de 2026, por volta das 16h45, ocorreu um incidente na Avenida JK, no bairro S\u00e3o Jo\u00e3o, envolvendo um caminh\u00e3o hidro jato de uma empresa terceirizada que presta servi\u00e7os para a SAE.<\/p>\n<p>De acordo com as informa\u00e7\u00f5es apuradas, o ve\u00edculo apresentou falha mec\u00e2nica no sistema de freios enquanto descia a avenida no sentido Centro da cidade. Diante da situa\u00e7\u00e3o, o motorista utilizou t\u00e9cnicas de dire\u00e7\u00e3o defensiva, realizando manobras de redu\u00e7\u00e3o de marchas e direcionando o caminh\u00e3o para um dos coqueiros localizados no canteiro da avenida, com o objetivo de conter o ve\u00edculo.<\/p>\n<p>Com o impacto, o caminh\u00e3o foi imobilizado. Os passageiros conseguiram saltar do ve\u00edculo antes da colis\u00e3o e n\u00e3o sofreram ferimentos. N\u00e3o houve registro de feridos nem de outros ve\u00edculos atingidos. O \u00fanico preju\u00edzo registrado foi material, relacionado ao caminh\u00e3o hidro jato envolvido na ocorr\u00eancia.<\/p>\n<p>A SAE refor\u00e7a que acompanha a situa\u00e7\u00e3o e permanece \u00e0 disposi\u00e7\u00e3o para prestar quaisquer esclarecimentos necess\u00e1rios.<\/p>\n<p>Departamento de Comunica\u00e7\u00e3o<br \/>\nSuperintend\u00eancia Municipal de \u00c1gua e Esgoto \u2013 SAE Catal\u00e3o<br \/>\nA SAE N\u00c3O PODE PARAR!<\/p>\n","protected":false},"excerpt":{"rendered":"<p>A Superintend\u00eancia Municipal de \u00c1gua e Esgoto de Catal\u00e3o (SAE) informa que, no dia 12 de mar\u00e7o de 2026, por volta das 16h45, ocorreu um incidente na Avenida JK, no bairro S\u00e3o Jo\u00e3o, envolvendo um caminh\u00e3o hidro jato de uma empresa terceirizada que presta servi\u00e7os para a SAE. De acordo com as informa\u00e7\u00f5es apuradas, o<\/p>\n","protected":false},"author":2,"featured_media":49143,"comment_status":"closed","ping_status":"closed","sticky":false,"template":"","format":"standard","meta":{"footnotes":""},"categories":[27,22,26,23],"tags":[],"class_list":["post-49140","post","type-post","status-publish","format-standard","has-post-thumbnail","hentry","category-brasil","category-catalao","category-destaque","category-goias"],"yoast_head":"<!-- This site is optimized with the Yoast SEO plugin v25.8 - https:\/\/yoast.com\/wordpress\/plugins\/seo\/ -->\n<title>NOTA OFICIAL SAE CATAL\u00c3O: Caminh\u00e3o hidro jato sofre falha de freios e \u00e9 contido por motorista em Avenida JK, sem feridos - Jornal Ultimos Acontecimentos<\/title>\n<meta name=\"robots\" content=\"index, follow, max-snippet:-1, max-image-preview:large, max-video-preview:-1\" \/>\n<link rel=\"canonical\" href=\"https:\/\/juacontecimentos.com.br\/site\/nota-oficial-sae-catalao-caminhao-hidro-jato-sofre-falha-de-freios-e-e-contido-por-motorista-em-avenida-jk-sem-feridos\/\" \/>\n<meta property=\"og:locale\" content=\"pt_BR\" \/>\n<meta property=\"og:type\" content=\"article\" \/>\n<meta property=\"og:title\" content=\"NOTA OFICIAL SAE CATAL\u00c3O: Caminh\u00e3o hidro jato sofre falha de freios e \u00e9 contido por motorista em Avenida JK, sem feridos - Jornal Ultimos Acontecimentos\" \/>\n<meta property=\"og:description\" content=\"A Superintend\u00eancia Municipal de \u00c1gua e Esgoto de Catal\u00e3o (SAE) informa que, no dia 12 de mar\u00e7o de 2026, por volta das 16h45, ocorreu um incidente na Avenida JK, no bairro S\u00e3o Jo\u00e3o, envolvendo um caminh\u00e3o hidro jato de uma empresa terceirizada que presta servi\u00e7os para a SAE. De acordo com as informa\u00e7\u00f5es apuradas, o\" \/>\n<meta property=\"og:url\" content=\"https:\/\/juacontecimentos.com.br\/site\/nota-oficial-sae-catalao-caminhao-hidro-jato-sofre-falha-de-freios-e-e-contido-por-motorista-em-avenida-jk-sem-feridos\/\" \/>\n<meta property=\"og:site_name\" content=\"Jornal Ultimos Acontecimentos\" \/>\n<meta property=\"article:publisher\" content=\"https:\/\/www.facebook.com\/jultimosacontecimentos\/\" \/>\n<meta property=\"article:published_time\" content=\"2026-03-12T21:51:12+00:00\" \/>\n<meta property=\"article:modified_time\" content=\"2026-03-12T21:54:35+00:00\" \/>\n<meta property=\"og:image\" content=\"https:\/\/juacontecimentos.com.br\/site\/wp-content\/uploads\/2026\/03\/Screenshot_2026-03-12-18-52-55-976_com.android.chrome.jpg\" \/>\n\t<meta property=\"og:image:width\" content=\"749\" \/>\n\t<meta property=\"og:image:height\" content=\"357\" \/>\n\t<meta property=\"og:image:type\" content=\"image\/jpeg\" \/>\n<meta name=\"author\" content=\"Reginaldo Ribeiro\" \/>\n<meta name=\"twitter:card\" content=\"summary_large_image\" \/>\n<meta name=\"twitter:label1\" content=\"Escrito por\" \/>\n\t<meta name=\"twitter:data1\" content=\"Reginaldo Ribeiro\" \/>\n\t<meta name=\"twitter:label2\" content=\"Est. tempo de leitura\" \/>\n\t<meta name=\"twitter:data2\" content=\"2 minutos\" \/>\n<script type=\"application\/ld+json\" class=\"yoast-schema-graph\">{\"@context\":\"https:\/\/schema.org\",\"@graph\":[{\"@type\":\"Article\",\"@id\":\"https:\/\/juacontecimentos.com.br\/site\/nota-oficial-sae-catalao-caminhao-hidro-jato-sofre-falha-de-freios-e-e-contido-por-motorista-em-avenida-jk-sem-feridos\/#article\",\"isPartOf\":{\"@id\":\"https:\/\/juacontecimentos.com.br\/site\/nota-oficial-sae-catalao-caminhao-hidro-jato-sofre-falha-de-freios-e-e-contido-por-motorista-em-avenida-jk-sem-feridos\/\"},\"author\":{\"name\":\"Reginaldo Ribeiro\",\"@id\":\"https:\/\/juacontecimentos.com.br\/site\/#\/schema\/person\/082a54e6d3fdd7a633291428521c9669\"},\"headline\":\"NOTA OFICIAL SAE CATAL\u00c3O: Caminh\u00e3o hidro jato sofre falha de freios e \u00e9 contido por motorista em Avenida JK, sem feridos\",\"datePublished\":\"2026-03-12T21:51:12+00:00\",\"dateModified\":\"2026-03-12T21:54:35+00:00\",\"mainEntityOfPage\":{\"@id\":\"https:\/\/juacontecimentos.com.br\/site\/nota-oficial-sae-catalao-caminhao-hidro-jato-sofre-falha-de-freios-e-e-contido-por-motorista-em-avenida-jk-sem-feridos\/\"},\"wordCount\":236,\"publisher\":{\"@id\":\"https:\/\/juacontecimentos.com.br\/site\/#organization\"},\"image\":{\"@id\":\"https:\/\/juacontecimentos.com.br\/site\/nota-oficial-sae-catalao-caminhao-hidro-jato-sofre-falha-de-freios-e-e-contido-por-motorista-em-avenida-jk-sem-feridos\/#primaryimage\"},\"thumbnailUrl\":\"https:\/\/juacontecimentos.com.br\/site\/wp-content\/uploads\/2026\/03\/Screenshot_2026-03-12-18-52-55-976_com.android.chrome.jpg\",\"articleSection\":[\"Brasil\",\"Catal\u00e3o\",\"Destaque\",\"Goi\u00e1s\"],\"inLanguage\":\"pt-BR\"},{\"@type\":\"WebPage\",\"@id\":\"https:\/\/juacontecimentos.com.br\/site\/nota-oficial-sae-catalao-caminhao-hidro-jato-sofre-falha-de-freios-e-e-contido-por-motorista-em-avenida-jk-sem-feridos\/\",\"url\":\"https:\/\/juacontecimentos.com.br\/site\/nota-oficial-sae-catalao-caminhao-hidro-jato-sofre-falha-de-freios-e-e-contido-por-motorista-em-avenida-jk-sem-feridos\/\",\"name\":\"NOTA OFICIAL SAE CATAL\u00c3O: Caminh\u00e3o hidro jato sofre falha de freios e \u00e9 contido por motorista em Avenida JK, sem feridos - Jornal Ultimos Acontecimentos\",\"isPartOf\":{\"@id\":\"https:\/\/juacontecimentos.com.br\/site\/#website\"},\"primaryImageOfPage\":{\"@id\":\"https:\/\/juacontecimentos.com.br\/site\/nota-oficial-sae-catalao-caminhao-hidro-jato-sofre-falha-de-freios-e-e-contido-por-motorista-em-avenida-jk-sem-feridos\/#primaryimage\"},\"image\":{\"@id\":\"https:\/\/juacontecimentos.com.br\/site\/nota-oficial-sae-catalao-caminhao-hidro-jato-sofre-falha-de-freios-e-e-contido-por-motorista-em-avenida-jk-sem-feridos\/#primaryimage\"},\"thumbnailUrl\":\"https:\/\/juacontecimentos.com.br\/site\/wp-content\/uploads\/2026\/03\/Screenshot_2026-03-12-18-52-55-976_com.android.chrome.jpg\",\"datePublished\":\"2026-03-12T21:51:12+00:00\",\"dateModified\":\"2026-03-12T21:54:35+00:00\",\"breadcrumb\":{\"@id\":\"https:\/\/juacontecimentos.com.br\/site\/nota-oficial-sae-catalao-caminhao-hidro-jato-sofre-falha-de-freios-e-e-contido-por-motorista-em-avenida-jk-sem-feridos\/#breadcrumb\"},\"inLanguage\":\"pt-BR\",\"potentialAction\":[{\"@type\":\"ReadAction\",\"target\":[\"https:\/\/juacontecimentos.com.br\/site\/nota-oficial-sae-catalao-caminhao-hidro-jato-sofre-falha-de-freios-e-e-contido-por-motorista-em-avenida-jk-sem-feridos\/\"]}]},{\"@type\":\"ImageObject\",\"inLanguage\":\"pt-BR\",\"@id\":\"https:\/\/juacontecimentos.com.br\/site\/nota-oficial-sae-catalao-caminhao-hidro-jato-sofre-falha-de-freios-e-e-contido-por-motorista-em-avenida-jk-sem-feridos\/#primaryimage\",\"url\":\"https:\/\/juacontecimentos.com.br\/site\/wp-content\/uploads\/2026\/03\/Screenshot_2026-03-12-18-52-55-976_com.android.chrome.jpg\",\"contentUrl\":\"https:\/\/juacontecimentos.com.br\/site\/wp-content\/uploads\/2026\/03\/Screenshot_2026-03-12-18-52-55-976_com.android.chrome.jpg\",\"width\":749,\"height\":357},{\"@type\":\"BreadcrumbList\",\"@id\":\"https:\/\/juacontecimentos.com.br\/site\/nota-oficial-sae-catalao-caminhao-hidro-jato-sofre-falha-de-freios-e-e-contido-por-motorista-em-avenida-jk-sem-feridos\/#breadcrumb\",\"itemListElement\":[{\"@type\":\"ListItem\",\"position\":1,\"name\":\"In\u00edcio\",\"item\":\"https:\/\/juacontecimentos.com.br\/site\/\"},{\"@type\":\"ListItem\",\"position\":2,\"name\":\"NOTA OFICIAL SAE CATAL\u00c3O: Caminh\u00e3o hidro jato sofre falha de freios e \u00e9 contido por motorista em Avenida JK, sem feridos\"}]},{\"@type\":\"WebSite\",\"@id\":\"https:\/\/juacontecimentos.com.br\/site\/#website\",\"url\":\"https:\/\/juacontecimentos.com.br\/site\/\",\"name\":\"Jornal Ultimos Acontecimentos\",\"description\":\"Catal\u00e3o e regi\u00e3o\",\"publisher\":{\"@id\":\"https:\/\/juacontecimentos.com.br\/site\/#organization\"},\"potentialAction\":[{\"@type\":\"SearchAction\",\"target\":{\"@type\":\"EntryPoint\",\"urlTemplate\":\"https:\/\/juacontecimentos.com.br\/site\/?s={search_term_string}\"},\"query-input\":{\"@type\":\"PropertyValueSpecification\",\"valueRequired\":true,\"valueName\":\"search_term_string\"}}],\"inLanguage\":\"pt-BR\"},{\"@type\":\"Organization\",\"@id\":\"https:\/\/juacontecimentos.com.br\/site\/#organization\",\"name\":\"Jornal Ultimos Acontecimentos\",\"url\":\"https:\/\/juacontecimentos.com.br\/site\/\",\"logo\":{\"@type\":\"ImageObject\",\"inLanguage\":\"pt-BR\",\"@id\":\"https:\/\/juacontecimentos.com.br\/site\/#\/schema\/logo\/image\/\",\"url\":\"https:\/\/juacontecimentos.com.br\/site\/wp-content\/uploads\/2023\/04\/Logo_Site.png\",\"contentUrl\":\"https:\/\/juacontecimentos.com.br\/site\/wp-content\/uploads\/2023\/04\/Logo_Site.png\",\"width\":2476,\"height\":530,\"caption\":\"Jornal Ultimos Acontecimentos\"},\"image\":{\"@id\":\"https:\/\/juacontecimentos.com.br\/site\/#\/schema\/logo\/image\/\"},\"sameAs\":[\"https:\/\/www.facebook.com\/jultimosacontecimentos\/\"]},{\"@type\":\"Person\",\"@id\":\"https:\/\/juacontecimentos.com.br\/site\/#\/schema\/person\/082a54e6d3fdd7a633291428521c9669\",\"name\":\"Reginaldo Ribeiro\",\"image\":{\"@type\":\"ImageObject\",\"inLanguage\":\"pt-BR\",\"@id\":\"https:\/\/juacontecimentos.com.br\/site\/#\/schema\/person\/image\/\",\"url\":\"https:\/\/secure.gravatar.com\/avatar\/5c16c6837c3490270a74d888c2a845728f06bdde1f8761de1de1d1d1ef82d12f?s=96&d=mm&r=g\",\"contentUrl\":\"https:\/\/secure.gravatar.com\/avatar\/5c16c6837c3490270a74d888c2a845728f06bdde1f8761de1de1d1d1ef82d12f?s=96&d=mm&r=g\",\"caption\":\"Reginaldo Ribeiro\"}}]}<\/script>\n<!-- \/ Yoast SEO plugin. -->","yoast_head_json":{"title":"NOTA OFICIAL SAE CATAL\u00c3O: Caminh\u00e3o hidro jato sofre falha de freios e \u00e9 contido por motorista em Avenida JK, sem feridos - Jornal Ultimos Acontecimentos","robots":{"index":"index","follow":"follow","max-snippet":"max-snippet:-1","max-image-preview":"max-image-preview:large","max-video-preview":"max-video-preview:-1"},"canonical":"https:\/\/juacontecimentos.com.br\/site\/nota-oficial-sae-catalao-caminhao-hidro-jato-sofre-falha-de-freios-e-e-contido-por-motorista-em-avenida-jk-sem-feridos\/","og_locale":"pt_BR","og_type":"article","og_title":"NOTA OFICIAL SAE CATAL\u00c3O: Caminh\u00e3o hidro jato sofre falha de freios e \u00e9 contido por motorista em Avenida JK, sem feridos - Jornal Ultimos Acontecimentos","og_description":"A Superintend\u00eancia Municipal de \u00c1gua e Esgoto de Catal\u00e3o (SAE) informa que, no dia 12 de mar\u00e7o de 2026, por volta das 16h45, ocorreu um incidente na Avenida JK, no bairro S\u00e3o Jo\u00e3o, envolvendo um caminh\u00e3o hidro jato de uma empresa terceirizada que presta servi\u00e7os para a SAE. De acordo com as informa\u00e7\u00f5es apuradas, o","og_url":"https:\/\/juacontecimentos.com.br\/site\/nota-oficial-sae-catalao-caminhao-hidro-jato-sofre-falha-de-freios-e-e-contido-por-motorista-em-avenida-jk-sem-feridos\/","og_site_name":"Jornal Ultimos Acontecimentos","article_publisher":"https:\/\/www.facebook.com\/jultimosacontecimentos\/","article_published_time":"2026-03-12T21:51:12+00:00","article_modified_time":"2026-03-12T21:54:35+00:00","og_image":[{"width":749,"height":357,"url":"https:\/\/juacontecimentos.com.br\/site\/wp-content\/uploads\/2026\/03\/Screenshot_2026-03-12-18-52-55-976_com.android.chrome.jpg","type":"image\/jpeg"}],"author":"Reginaldo Ribeiro","twitter_card":"summary_large_image","twitter_misc":{"Escrito por":"Reginaldo Ribeiro","Est. tempo de leitura":"2 minutos"},"schema":{"@context":"https:\/\/schema.org","@graph":[{"@type":"Article","@id":"https:\/\/juacontecimentos.com.br\/site\/nota-oficial-sae-catalao-caminhao-hidro-jato-sofre-falha-de-freios-e-e-contido-por-motorista-em-avenida-jk-sem-feridos\/#article","isPartOf":{"@id":"https:\/\/juacontecimentos.com.br\/site\/nota-oficial-sae-catalao-caminhao-hidro-jato-sofre-falha-de-freios-e-e-contido-por-motorista-em-avenida-jk-sem-feridos\/"},"author":{"name":"Reginaldo Ribeiro","@id":"https:\/\/juacontecimentos.com.br\/site\/#\/schema\/person\/082a54e6d3fdd7a633291428521c9669"},"headline":"NOTA OFICIAL SAE CATAL\u00c3O: Caminh\u00e3o hidro jato sofre falha de freios e \u00e9 contido por motorista em Avenida JK, sem feridos","datePublished":"2026-03-12T21:51:12+00:00","dateModified":"2026-03-12T21:54:35+00:00","mainEntityOfPage":{"@id":"https:\/\/juacontecimentos.com.br\/site\/nota-oficial-sae-catalao-caminhao-hidro-jato-sofre-falha-de-freios-e-e-contido-por-motorista-em-avenida-jk-sem-feridos\/"},"wordCount":236,"publisher":{"@id":"https:\/\/juacontecimentos.com.br\/site\/#organization"},"image":{"@id":"https:\/\/juacontecimentos.com.br\/site\/nota-oficial-sae-catalao-caminhao-hidro-jato-sofre-falha-de-freios-e-e-contido-por-motorista-em-avenida-jk-sem-feridos\/#primaryimage"},"thumbnailUrl":"https:\/\/juacontecimentos.com.br\/site\/wp-content\/uploads\/2026\/03\/Screenshot_2026-03-12-18-52-55-976_com.android.chrome.jpg","articleSection":["Brasil","Catal\u00e3o","Destaque","Goi\u00e1s"],"inLanguage":"pt-BR"},{"@type":"WebPage","@id":"https:\/\/juacontecimentos.com.br\/site\/nota-oficial-sae-catalao-caminhao-hidro-jato-sofre-falha-de-freios-e-e-contido-por-motorista-em-avenida-jk-sem-feridos\/","url":"https:\/\/juacontecimentos.com.br\/site\/nota-oficial-sae-catalao-caminhao-hidro-jato-sofre-falha-de-freios-e-e-contido-por-motorista-em-avenida-jk-sem-feridos\/","name":"NOTA OFICIAL SAE CATAL\u00c3O: Caminh\u00e3o hidro jato sofre falha de freios e \u00e9 contido por motorista em Avenida JK, sem feridos - Jornal Ultimos Acontecimentos","isPartOf":{"@id":"https:\/\/juacontecimentos.com.br\/site\/#website"},"primaryImageOfPage":{"@id":"https:\/\/juacontecimentos.com.br\/site\/nota-oficial-sae-catalao-caminhao-hidro-jato-sofre-falha-de-freios-e-e-contido-por-motorista-em-avenida-jk-sem-feridos\/#primaryimage"},"image":{"@id":"https:\/\/juacontecimentos.com.br\/site\/nota-oficial-sae-catalao-caminhao-hidro-jato-sofre-falha-de-freios-e-e-contido-por-motorista-em-avenida-jk-sem-feridos\/#primaryimage"},"thumbnailUrl":"https:\/\/juacontecimentos.com.br\/site\/wp-content\/uploads\/2026\/03\/Screenshot_2026-03-12-18-52-55-976_com.android.chrome.jpg","datePublished":"2026-03-12T21:51:12+00:00","dateModified":"2026-03-12T21:54:35+00:00","breadcrumb":{"@id":"https:\/\/juacontecimentos.com.br\/site\/nota-oficial-sae-catalao-caminhao-hidro-jato-sofre-falha-de-freios-e-e-contido-por-motorista-em-avenida-jk-sem-feridos\/#breadcrumb"},"inLanguage":"pt-BR","potentialAction":[{"@type":"ReadAction","target":["https:\/\/juacontecimentos.com.br\/site\/nota-oficial-sae-catalao-caminhao-hidro-jato-sofre-falha-de-freios-e-e-contido-por-motorista-em-avenida-jk-sem-feridos\/"]}]},{"@type":"ImageObject","inLanguage":"pt-BR","@id":"https:\/\/juacontecimentos.com.br\/site\/nota-oficial-sae-catalao-caminhao-hidro-jato-sofre-falha-de-freios-e-e-contido-por-motorista-em-avenida-jk-sem-feridos\/#primaryimage","url":"https:\/\/juacontecimentos.com.br\/site\/wp-content\/uploads\/2026\/03\/Screenshot_2026-03-12-18-52-55-976_com.android.chrome.jpg","contentUrl":"https:\/\/juacontecimentos.com.br\/site\/wp-content\/uploads\/2026\/03\/Screenshot_2026-03-12-18-52-55-976_com.android.chrome.jpg","width":749,"height":357},{"@type":"BreadcrumbList","@id":"https:\/\/juacontecimentos.com.br\/site\/nota-oficial-sae-catalao-caminhao-hidro-jato-sofre-falha-de-freios-e-e-contido-por-motorista-em-avenida-jk-sem-feridos\/#breadcrumb","itemListElement":[{"@type":"ListItem","position":1,"name":"In\u00edcio","item":"https:\/\/juacontecimentos.com.br\/site\/"},{"@type":"ListItem","position":2,"name":"NOTA OFICIAL SAE CATAL\u00c3O: Caminh\u00e3o hidro jato sofre falha de freios e \u00e9 contido por motorista em Avenida JK, sem feridos"}]},{"@type":"WebSite","@id":"https:\/\/juacontecimentos.com.br\/site\/#website","url":"https:\/\/juacontecimentos.com.br\/site\/","name":"Jornal Ultimos Acontecimentos","description":"Catal\u00e3o e regi\u00e3o","publisher":{"@id":"https:\/\/juacontecimentos.com.br\/site\/#organization"},"potentialAction":[{"@type":"SearchAction","target":{"@type":"EntryPoint","urlTemplate":"https:\/\/juacontecimentos.com.br\/site\/?s={search_term_string}"},"query-input":{"@type":"PropertyValueSpecification","valueRequired":true,"valueName":"search_term_string"}}],"inLanguage":"pt-BR"},{"@type":"Organization","@id":"https:\/\/juacontecimentos.com.br\/site\/#organization","name":"Jornal Ultimos Acontecimentos","url":"https:\/\/juacontecimentos.com.br\/site\/","logo":{"@type":"ImageObject","inLanguage":"pt-BR","@id":"https:\/\/juacontecimentos.com.br\/site\/#\/schema\/logo\/image\/","url":"https:\/\/juacontecimentos.com.br\/site\/wp-content\/uploads\/2023\/04\/Logo_Site.png","contentUrl":"https:\/\/juacontecimentos.com.br\/site\/wp-content\/uploads\/2023\/04\/Logo_Site.png","width":2476,"height":530,"caption":"Jornal Ultimos Acontecimentos"},"image":{"@id":"https:\/\/juacontecimentos.com.br\/site\/#\/schema\/logo\/image\/"},"sameAs":["https:\/\/www.facebook.com\/jultimosacontecimentos\/"]},{"@type":"Person","@id":"https:\/\/juacontecimentos.com.br\/site\/#\/schema\/person\/082a54e6d3fdd7a633291428521c9669","name":"Reginaldo Ribeiro","image":{"@type":"ImageObject","inLanguage":"pt-BR","@id":"https:\/\/juacontecimentos.com.br\/site\/#\/schema\/person\/image\/","url":"https:\/\/secure.gravatar.com\/avatar\/5c16c6837c3490270a74d888c2a845728f06bdde1f8761de1de1d1d1ef82d12f?s=96&d=mm&r=g","contentUrl":"https:\/\/secure.gravatar.com\/avatar\/5c16c6837c3490270a74d888c2a845728f06bdde1f8761de1de1d1d1ef82d12f?s=96&d=mm&r=g","caption":"Reginaldo Ribeiro"}}]}},"_links":{"self":[{"href":"https:\/\/juacontecimentos.com.br\/site\/wp-json\/wp\/v2\/posts\/49140","targetHints":{"allow":["GET"]}}],"collection":[{"href":"https:\/\/juacontecimentos.com.br\/site\/wp-json\/wp\/v2\/posts"}],"about":[{"href":"https:\/\/juacontecimentos.com.br\/site\/wp-json\/wp\/v2\/types\/post"}],"author":[{"embeddable":true,"href":"https:\/\/juacontecimentos.com.br\/site\/wp-json\/wp\/v2\/users\/2"}],"replies":[{"embeddable":true,"href":"https:\/\/juacontecimentos.com.br\/site\/wp-json\/wp\/v2\/comments?post=49140"}],"version-history":[{"count":4,"href":"https:\/\/juacontecimentos.com.br\/site\/wp-json\/wp\/v2\/posts\/49140\/revisions"}],"predecessor-version":[{"id":49145,"href":"https:\/\/juacontecimentos.com.br\/site\/wp-json\/wp\/v2\/posts\/49140\/revisions\/49145"}],"wp:featuredmedia":[{"embeddable":true,"href":"https:\/\/juacontecimentos.com.br\/site\/wp-json\/wp\/v2\/media\/49143"}],"wp:attachment":[{"href":"https:\/\/juacontecimentos.com.br\/site\/wp-json\/wp\/v2\/media?parent=49140"}],"wp:term":[{"taxonomy":"category","embeddable":true,"href":"https:\/\/juacontecimentos.com.br\/site\/wp-json\/wp\/v2\/categories?post=49140"},{"taxonomy":"post_tag","embeddable":true,"href":"https:\/\/juacontecimentos.com.br\/site\/wp-json\/wp\/v2\/tags?post=49140"}],"curies":[{"name":"wp","href":"https:\/\/api.w.org\/{rel}","templated":true}]}}