{"id":49911,"date":"2026-04-27T12:30:33","date_gmt":"2026-04-27T15:30:33","guid":{"rendered":"https:\/\/juacontecimentos.com.br\/site\/?p=49911"},"modified":"2026-04-27T12:56:22","modified_gmt":"2026-04-27T15:56:22","slug":"inauguracao-da-emissao-de-carteira-de-identidade-nacional-em-campo-alegre-de-goias-aproxima-servico-publico-da-populacao","status":"publish","type":"post","link":"https:\/\/juacontecimentos.com.br\/site\/inauguracao-da-emissao-de-carteira-de-identidade-nacional-em-campo-alegre-de-goias-aproxima-servico-publico-da-populacao\/","title":{"rendered":"Inaugura\u00e7\u00e3o da emiss\u00e3o de Carteira de Identidade Nacional em Campo Alegre de Goi\u00e1s aproxima servi\u00e7o p\u00fablico da popula\u00e7\u00e3o"},"content":{"rendered":"<p><img loading=\"lazy\" decoding=\"async\" class=\"alignnone size-full wp-image-49913\" src=\"https:\/\/juacontecimentos.com.br\/site\/wp-content\/uploads\/2026\/04\/IMG_20260427_104637-scaled.jpg\" alt=\"\" width=\"2560\" height=\"1444\" srcset=\"https:\/\/juacontecimentos.com.br\/site\/wp-content\/uploads\/2026\/04\/IMG_20260427_104637-scaled.jpg 2560w, https:\/\/juacontecimentos.com.br\/site\/wp-content\/uploads\/2026\/04\/IMG_20260427_104637-300x169.jpg 300w, https:\/\/juacontecimentos.com.br\/site\/wp-content\/uploads\/2026\/04\/IMG_20260427_104637-1024x578.jpg 1024w, https:\/\/juacontecimentos.com.br\/site\/wp-content\/uploads\/2026\/04\/IMG_20260427_104637-768x433.jpg 768w, https:\/\/juacontecimentos.com.br\/site\/wp-content\/uploads\/2026\/04\/IMG_20260427_104637-1536x866.jpg 1536w, https:\/\/juacontecimentos.com.br\/site\/wp-content\/uploads\/2026\/04\/IMG_20260427_104637-2048x1155.jpg 2048w\" sizes=\"auto, (max-width: 2560px) 100vw, 2560px\" \/><\/p>\n<p>Em Campo Alegre de Goi\u00e1s, o prefeito Douglas Sert\u00f3rio confirmou a mais recente etapa de um projeto que aproxima o cidad\u00e3o dos servi\u00e7os essenciais: a sala de coleta e emiss\u00e3o de Carteiras de Identidade (CID) passa a funcionar na subdelegacia da Pol\u00edcia Civil do munic\u00edpio. A iniciativa \u00e9 resultado de uma parceria entre a Prefeitura Municipal e a Pol\u00edcia Civil, com apoio direto da Procuradoria Municipal, e tem como objetivo ampliar o acesso \u00e0 identidade, documento hoje vigente em todo o pa\u00eds.<\/p>\n<p>Segundo o prefeito, a novidade evita deslocamentos at\u00e9 cidades vizinhas como Ipameri ou Catal\u00e3o, proporcionando atendimento mais \u00e1gil e adequado \u00e0 demanda local. \u201cEssa \u00e9 uma conquista que vem para beneficiar nossa gente, aumentando a efici\u00eancia do atendimento e gerando economia para o munic\u00edpio\u201d, afirmou Sert\u00f3rio, ao lado do Dr. Jean e do Dr. Diogo, representantes da Pol\u00edcia Civil, e do procurador municipal Dr. Claudio Cir\u00edaco. O vice-prefeito Bruno Saran tamb\u00e9m destacou a coopera\u00e7\u00e3o entre as for\u00e7as de seguran\u00e7a e a prefeitura como marco para uma cidade mais segura e organizada.<\/p>\n<p><img loading=\"lazy\" decoding=\"async\" class=\"alignnone size-full wp-image-49917\" src=\"https:\/\/juacontecimentos.com.br\/site\/wp-content\/uploads\/2026\/04\/IMG_20260427_100311-scaled.jpg\" alt=\"\" width=\"2560\" height=\"1444\" srcset=\"https:\/\/juacontecimentos.com.br\/site\/wp-content\/uploads\/2026\/04\/IMG_20260427_100311-scaled.jpg 2560w, https:\/\/juacontecimentos.com.br\/site\/wp-content\/uploads\/2026\/04\/IMG_20260427_100311-300x169.jpg 300w, https:\/\/juacontecimentos.com.br\/site\/wp-content\/uploads\/2026\/04\/IMG_20260427_100311-1024x578.jpg 1024w, https:\/\/juacontecimentos.com.br\/site\/wp-content\/uploads\/2026\/04\/IMG_20260427_100311-768x433.jpg 768w, https:\/\/juacontecimentos.com.br\/site\/wp-content\/uploads\/2026\/04\/IMG_20260427_100311-1536x866.jpg 1536w, https:\/\/juacontecimentos.com.br\/site\/wp-content\/uploads\/2026\/04\/IMG_20260427_100311-2048x1155.jpg 2048w\" sizes=\"auto, (max-width: 2560px) 100vw, 2560px\" \/><\/p>\n<p>A gest\u00e3o municipal tem demonstrado preocupa\u00e7\u00e3o com a seguran\u00e7a p\u00fablica, enfatizando a integra\u00e7\u00e3o entre a Pol\u00edcia Civil, a Pol\u00edcia Militar e a Companhia de Policiamento Especial (CPE). \u201cCampo Alegre vive dias melhores com c\u00e2meras funcionando e uma pol\u00edcia cada vez mais atuante\u201d, afirmou o prefeito, ressaltando a continuidade de investimentos no setor para assegurar liberdade de ir e vir \u00e0s fam\u00edlias em seguran\u00e7a.<\/p>\n<p>A CID, documento nacional de identidade, passa a ser emitida em Campo Alegre com agendamento pr\u00e9vio realizado na pr\u00f3pria subdelegacia. O delegado Gustavo Edson Pereira de Paulo, respons\u00e1vel pela regional, explicou que o sistema utiliza a rede estadual integrada \u00e0 base de dados nacional, o que permite que o cidad\u00e3o obtenha a identidade de forma mais r\u00e1pida e com validade em todo o territ\u00f3rio nacional. O titular da delegacia regional destacou que, para quem ainda possui a antiga carteira, n\u00e3o h\u00e1 necessidade de mudan\u00e7a imediata, mas que a nova vers\u00e3o j\u00e1 est\u00e1 em opera\u00e7\u00e3o e pode exigir atualiza\u00e7\u00e3o futura.<\/p>\n<p><img loading=\"lazy\" decoding=\"async\" class=\"alignnone size-full wp-image-49918\" src=\"https:\/\/juacontecimentos.com.br\/site\/wp-content\/uploads\/2026\/04\/IMG_20260427_101505-scaled.jpg\" alt=\"\" width=\"2560\" height=\"1444\" srcset=\"https:\/\/juacontecimentos.com.br\/site\/wp-content\/uploads\/2026\/04\/IMG_20260427_101505-scaled.jpg 2560w, https:\/\/juacontecimentos.com.br\/site\/wp-content\/uploads\/2026\/04\/IMG_20260427_101505-300x169.jpg 300w, https:\/\/juacontecimentos.com.br\/site\/wp-content\/uploads\/2026\/04\/IMG_20260427_101505-1024x578.jpg 1024w, https:\/\/juacontecimentos.com.br\/site\/wp-content\/uploads\/2026\/04\/IMG_20260427_101505-768x433.jpg 768w, https:\/\/juacontecimentos.com.br\/site\/wp-content\/uploads\/2026\/04\/IMG_20260427_101505-1536x866.jpg 1536w, https:\/\/juacontecimentos.com.br\/site\/wp-content\/uploads\/2026\/04\/IMG_20260427_101505-2048x1155.jpg 2048w\" sizes=\"auto, (max-width: 2560px) 100vw, 2560px\" \/> <img loading=\"lazy\" decoding=\"async\" class=\"alignnone size-full wp-image-49919\" src=\"https:\/\/juacontecimentos.com.br\/site\/wp-content\/uploads\/2026\/04\/IMG_20260427_100220-scaled.jpg\" alt=\"\" width=\"2560\" height=\"1444\" srcset=\"https:\/\/juacontecimentos.com.br\/site\/wp-content\/uploads\/2026\/04\/IMG_20260427_100220-scaled.jpg 2560w, https:\/\/juacontecimentos.com.br\/site\/wp-content\/uploads\/2026\/04\/IMG_20260427_100220-300x169.jpg 300w, https:\/\/juacontecimentos.com.br\/site\/wp-content\/uploads\/2026\/04\/IMG_20260427_100220-1024x578.jpg 1024w, https:\/\/juacontecimentos.com.br\/site\/wp-content\/uploads\/2026\/04\/IMG_20260427_100220-768x433.jpg 768w, https:\/\/juacontecimentos.com.br\/site\/wp-content\/uploads\/2026\/04\/IMG_20260427_100220-1536x866.jpg 1536w, https:\/\/juacontecimentos.com.br\/site\/wp-content\/uploads\/2026\/04\/IMG_20260427_100220-2048x1155.jpg 2048w\" sizes=\"auto, (max-width: 2560px) 100vw, 2560px\" \/><\/p>\n<p>Dr. Jean Carlos Arruda, delegado titular da 9\u00aa DRPC, enfatizou que o projeto foi viabilizado com o apoio da prefeitura e que a ag\u00eancia local funciona de segunda a sexta, pela manh\u00e3, com atendimentos agendados e entrega do conjunto de documentos necess\u00e1rios para cada dia de atendimento. A previs\u00e3o \u00e9 que, ap\u00f3s o agendamento, o cidad\u00e3o retorne no dia marcado para concluir a emiss\u00e3o da nova Carteira de Identidade Nacional, com envio dos dados para Goi\u00e2nia e retorno do documento j\u00e1 emitido em formato f\u00edsico.<\/p>\n<p>Dentre os documentos necess\u00e1rios, destacam-se certid\u00e3o de nascimento, casamento ou div\u00f3rcio (original), comprovante de endere\u00e7o atualizado, CPF (quando possuir) e n\u00famero de telefone. O servi\u00e7o, apresentado como \u201cnacional\u201d pela Pol\u00edcia Civil, tem o objetivo de simplificar a identifica\u00e7\u00e3o do cidad\u00e3o e facilitar matr\u00edculas escolares, acesso a bancos, INSS e servi\u00e7os de sa\u00fade, entre outras situa\u00e7\u00f5es onde a identidade \u00e9 exigida.<\/p>\n<p>A comunidade local recebeu a not\u00edcia com expectativa, especialmente pela comodidade de resolver quest\u00f5es de identifica\u00e7\u00e3o sem longas viagens e com menor tempo de espera. Em meio a declara\u00e7\u00f5es de apoio, demostram-se tamb\u00e9m as expectativas de que a parceria entre Prefeitura e Pol\u00edcia Civil se consolide como modelo para outros munic\u00edpios da regi\u00e3o, fortalecendo a gest\u00e3o p\u00fablica e elevando o padr\u00e3o de servi\u00e7os \u00e0 popula\u00e7\u00e3o.<\/p>\n","protected":false},"excerpt":{"rendered":"<p>Em Campo Alegre de Goi\u00e1s, o prefeito Douglas Sert\u00f3rio confirmou a mais recente etapa de um projeto que aproxima o cidad\u00e3o dos servi\u00e7os essenciais: a sala de coleta e emiss\u00e3o de Carteiras de Identidade (CID) passa a funcionar na subdelegacia da Pol\u00edcia Civil do munic\u00edpio. A iniciativa \u00e9 resultado de uma parceria entre a Prefeitura<\/p>\n","protected":false},"author":2,"featured_media":49922,"comment_status":"closed","ping_status":"closed","sticky":false,"template":"","format":"standard","meta":{"footnotes":""},"categories":[27,22,26,23],"tags":[],"class_list":["post-49911","post","type-post","status-publish","format-standard","has-post-thumbnail","hentry","category-brasil","category-catalao","category-destaque","category-goias"],"yoast_head":"<!-- This site is optimized with the Yoast SEO plugin v25.8 - https:\/\/yoast.com\/wordpress\/plugins\/seo\/ -->\n<title>Inaugura\u00e7\u00e3o da emiss\u00e3o de Carteira de Identidade Nacional em Campo Alegre de Goi\u00e1s aproxima servi\u00e7o p\u00fablico da popula\u00e7\u00e3o - Jornal Ultimos Acontecimentos<\/title>\n<meta name=\"robots\" content=\"index, follow, max-snippet:-1, max-image-preview:large, max-video-preview:-1\" \/>\n<link rel=\"canonical\" href=\"https:\/\/juacontecimentos.com.br\/site\/inauguracao-da-emissao-de-carteira-de-identidade-nacional-em-campo-alegre-de-goias-aproxima-servico-publico-da-populacao\/\" \/>\n<meta property=\"og:locale\" content=\"pt_BR\" \/>\n<meta property=\"og:type\" content=\"article\" \/>\n<meta property=\"og:title\" content=\"Inaugura\u00e7\u00e3o da emiss\u00e3o de Carteira de Identidade Nacional em Campo Alegre de Goi\u00e1s aproxima servi\u00e7o p\u00fablico da popula\u00e7\u00e3o - Jornal Ultimos Acontecimentos\" \/>\n<meta property=\"og:description\" content=\"Em Campo Alegre de Goi\u00e1s, o prefeito Douglas Sert\u00f3rio confirmou a mais recente etapa de um projeto que aproxima o cidad\u00e3o dos servi\u00e7os essenciais: a sala de coleta e emiss\u00e3o de Carteiras de Identidade (CID) passa a funcionar na subdelegacia da Pol\u00edcia Civil do munic\u00edpio. A iniciativa \u00e9 resultado de uma parceria entre a Prefeitura\" \/>\n<meta property=\"og:url\" content=\"https:\/\/juacontecimentos.com.br\/site\/inauguracao-da-emissao-de-carteira-de-identidade-nacional-em-campo-alegre-de-goias-aproxima-servico-publico-da-populacao\/\" \/>\n<meta property=\"og:site_name\" content=\"Jornal Ultimos Acontecimentos\" \/>\n<meta property=\"article:publisher\" content=\"https:\/\/www.facebook.com\/jultimosacontecimentos\/\" \/>\n<meta property=\"article:published_time\" content=\"2026-04-27T15:30:33+00:00\" \/>\n<meta property=\"article:modified_time\" content=\"2026-04-27T15:56:22+00:00\" \/>\n<meta property=\"og:image\" content=\"https:\/\/juacontecimentos.com.br\/site\/wp-content\/uploads\/2026\/04\/hhh-scaled.jpg\" \/>\n\t<meta property=\"og:image:width\" content=\"2560\" \/>\n\t<meta property=\"og:image:height\" content=\"1300\" \/>\n\t<meta property=\"og:image:type\" content=\"image\/jpeg\" \/>\n<meta name=\"author\" content=\"Reginaldo Ribeiro\" \/>\n<meta name=\"twitter:card\" content=\"summary_large_image\" \/>\n<meta name=\"twitter:label1\" content=\"Escrito por\" \/>\n\t<meta name=\"twitter:data1\" content=\"Reginaldo Ribeiro\" \/>\n\t<meta name=\"twitter:label2\" content=\"Est. tempo de leitura\" \/>\n\t<meta name=\"twitter:data2\" content=\"4 minutos\" \/>\n<script type=\"application\/ld+json\" class=\"yoast-schema-graph\">{\"@context\":\"https:\/\/schema.org\",\"@graph\":[{\"@type\":\"Article\",\"@id\":\"https:\/\/juacontecimentos.com.br\/site\/inauguracao-da-emissao-de-carteira-de-identidade-nacional-em-campo-alegre-de-goias-aproxima-servico-publico-da-populacao\/#article\",\"isPartOf\":{\"@id\":\"https:\/\/juacontecimentos.com.br\/site\/inauguracao-da-emissao-de-carteira-de-identidade-nacional-em-campo-alegre-de-goias-aproxima-servico-publico-da-populacao\/\"},\"author\":{\"name\":\"Reginaldo Ribeiro\",\"@id\":\"https:\/\/juacontecimentos.com.br\/site\/#\/schema\/person\/082a54e6d3fdd7a633291428521c9669\"},\"headline\":\"Inaugura\u00e7\u00e3o da emiss\u00e3o de Carteira de Identidade Nacional em Campo Alegre de Goi\u00e1s aproxima servi\u00e7o p\u00fablico da popula\u00e7\u00e3o\",\"datePublished\":\"2026-04-27T15:30:33+00:00\",\"dateModified\":\"2026-04-27T15:56:22+00:00\",\"mainEntityOfPage\":{\"@id\":\"https:\/\/juacontecimentos.com.br\/site\/inauguracao-da-emissao-de-carteira-de-identidade-nacional-em-campo-alegre-de-goias-aproxima-servico-publico-da-populacao\/\"},\"wordCount\":635,\"publisher\":{\"@id\":\"https:\/\/juacontecimentos.com.br\/site\/#organization\"},\"image\":{\"@id\":\"https:\/\/juacontecimentos.com.br\/site\/inauguracao-da-emissao-de-carteira-de-identidade-nacional-em-campo-alegre-de-goias-aproxima-servico-publico-da-populacao\/#primaryimage\"},\"thumbnailUrl\":\"https:\/\/juacontecimentos.com.br\/site\/wp-content\/uploads\/2026\/04\/hhh-scaled.jpg\",\"articleSection\":[\"Brasil\",\"Catal\u00e3o\",\"Destaque\",\"Goi\u00e1s\"],\"inLanguage\":\"pt-BR\"},{\"@type\":\"WebPage\",\"@id\":\"https:\/\/juacontecimentos.com.br\/site\/inauguracao-da-emissao-de-carteira-de-identidade-nacional-em-campo-alegre-de-goias-aproxima-servico-publico-da-populacao\/\",\"url\":\"https:\/\/juacontecimentos.com.br\/site\/inauguracao-da-emissao-de-carteira-de-identidade-nacional-em-campo-alegre-de-goias-aproxima-servico-publico-da-populacao\/\",\"name\":\"Inaugura\u00e7\u00e3o da emiss\u00e3o de Carteira de Identidade Nacional em Campo Alegre de Goi\u00e1s aproxima servi\u00e7o p\u00fablico da popula\u00e7\u00e3o - Jornal Ultimos Acontecimentos\",\"isPartOf\":{\"@id\":\"https:\/\/juacontecimentos.com.br\/site\/#website\"},\"primaryImageOfPage\":{\"@id\":\"https:\/\/juacontecimentos.com.br\/site\/inauguracao-da-emissao-de-carteira-de-identidade-nacional-em-campo-alegre-de-goias-aproxima-servico-publico-da-populacao\/#primaryimage\"},\"image\":{\"@id\":\"https:\/\/juacontecimentos.com.br\/site\/inauguracao-da-emissao-de-carteira-de-identidade-nacional-em-campo-alegre-de-goias-aproxima-servico-publico-da-populacao\/#primaryimage\"},\"thumbnailUrl\":\"https:\/\/juacontecimentos.com.br\/site\/wp-content\/uploads\/2026\/04\/hhh-scaled.jpg\",\"datePublished\":\"2026-04-27T15:30:33+00:00\",\"dateModified\":\"2026-04-27T15:56:22+00:00\",\"breadcrumb\":{\"@id\":\"https:\/\/juacontecimentos.com.br\/site\/inauguracao-da-emissao-de-carteira-de-identidade-nacional-em-campo-alegre-de-goias-aproxima-servico-publico-da-populacao\/#breadcrumb\"},\"inLanguage\":\"pt-BR\",\"potentialAction\":[{\"@type\":\"ReadAction\",\"target\":[\"https:\/\/juacontecimentos.com.br\/site\/inauguracao-da-emissao-de-carteira-de-identidade-nacional-em-campo-alegre-de-goias-aproxima-servico-publico-da-populacao\/\"]}]},{\"@type\":\"ImageObject\",\"inLanguage\":\"pt-BR\",\"@id\":\"https:\/\/juacontecimentos.com.br\/site\/inauguracao-da-emissao-de-carteira-de-identidade-nacional-em-campo-alegre-de-goias-aproxima-servico-publico-da-populacao\/#primaryimage\",\"url\":\"https:\/\/juacontecimentos.com.br\/site\/wp-content\/uploads\/2026\/04\/hhh-scaled.jpg\",\"contentUrl\":\"https:\/\/juacontecimentos.com.br\/site\/wp-content\/uploads\/2026\/04\/hhh-scaled.jpg\",\"width\":2560,\"height\":1300},{\"@type\":\"BreadcrumbList\",\"@id\":\"https:\/\/juacontecimentos.com.br\/site\/inauguracao-da-emissao-de-carteira-de-identidade-nacional-em-campo-alegre-de-goias-aproxima-servico-publico-da-populacao\/#breadcrumb\",\"itemListElement\":[{\"@type\":\"ListItem\",\"position\":1,\"name\":\"In\u00edcio\",\"item\":\"https:\/\/juacontecimentos.com.br\/site\/\"},{\"@type\":\"ListItem\",\"position\":2,\"name\":\"Inaugura\u00e7\u00e3o da emiss\u00e3o de Carteira de Identidade Nacional em Campo Alegre de Goi\u00e1s aproxima servi\u00e7o p\u00fablico da popula\u00e7\u00e3o\"}]},{\"@type\":\"WebSite\",\"@id\":\"https:\/\/juacontecimentos.com.br\/site\/#website\",\"url\":\"https:\/\/juacontecimentos.com.br\/site\/\",\"name\":\"Jornal Ultimos Acontecimentos\",\"description\":\"Catal\u00e3o e regi\u00e3o\",\"publisher\":{\"@id\":\"https:\/\/juacontecimentos.com.br\/site\/#organization\"},\"potentialAction\":[{\"@type\":\"SearchAction\",\"target\":{\"@type\":\"EntryPoint\",\"urlTemplate\":\"https:\/\/juacontecimentos.com.br\/site\/?s={search_term_string}\"},\"query-input\":{\"@type\":\"PropertyValueSpecification\",\"valueRequired\":true,\"valueName\":\"search_term_string\"}}],\"inLanguage\":\"pt-BR\"},{\"@type\":\"Organization\",\"@id\":\"https:\/\/juacontecimentos.com.br\/site\/#organization\",\"name\":\"Jornal Ultimos Acontecimentos\",\"url\":\"https:\/\/juacontecimentos.com.br\/site\/\",\"logo\":{\"@type\":\"ImageObject\",\"inLanguage\":\"pt-BR\",\"@id\":\"https:\/\/juacontecimentos.com.br\/site\/#\/schema\/logo\/image\/\",\"url\":\"https:\/\/juacontecimentos.com.br\/site\/wp-content\/uploads\/2023\/04\/Logo_Site.png\",\"contentUrl\":\"https:\/\/juacontecimentos.com.br\/site\/wp-content\/uploads\/2023\/04\/Logo_Site.png\",\"width\":2476,\"height\":530,\"caption\":\"Jornal Ultimos Acontecimentos\"},\"image\":{\"@id\":\"https:\/\/juacontecimentos.com.br\/site\/#\/schema\/logo\/image\/\"},\"sameAs\":[\"https:\/\/www.facebook.com\/jultimosacontecimentos\/\"]},{\"@type\":\"Person\",\"@id\":\"https:\/\/juacontecimentos.com.br\/site\/#\/schema\/person\/082a54e6d3fdd7a633291428521c9669\",\"name\":\"Reginaldo Ribeiro\",\"image\":{\"@type\":\"ImageObject\",\"inLanguage\":\"pt-BR\",\"@id\":\"https:\/\/juacontecimentos.com.br\/site\/#\/schema\/person\/image\/\",\"url\":\"https:\/\/secure.gravatar.com\/avatar\/5c16c6837c3490270a74d888c2a845728f06bdde1f8761de1de1d1d1ef82d12f?s=96&d=mm&r=g\",\"contentUrl\":\"https:\/\/secure.gravatar.com\/avatar\/5c16c6837c3490270a74d888c2a845728f06bdde1f8761de1de1d1d1ef82d12f?s=96&d=mm&r=g\",\"caption\":\"Reginaldo Ribeiro\"}}]}<\/script>\n<!-- \/ Yoast SEO plugin. -->","yoast_head_json":{"title":"Inaugura\u00e7\u00e3o da emiss\u00e3o de Carteira de Identidade Nacional em Campo Alegre de Goi\u00e1s aproxima servi\u00e7o p\u00fablico da popula\u00e7\u00e3o - Jornal Ultimos Acontecimentos","robots":{"index":"index","follow":"follow","max-snippet":"max-snippet:-1","max-image-preview":"max-image-preview:large","max-video-preview":"max-video-preview:-1"},"canonical":"https:\/\/juacontecimentos.com.br\/site\/inauguracao-da-emissao-de-carteira-de-identidade-nacional-em-campo-alegre-de-goias-aproxima-servico-publico-da-populacao\/","og_locale":"pt_BR","og_type":"article","og_title":"Inaugura\u00e7\u00e3o da emiss\u00e3o de Carteira de Identidade Nacional em Campo Alegre de Goi\u00e1s aproxima servi\u00e7o p\u00fablico da popula\u00e7\u00e3o - Jornal Ultimos Acontecimentos","og_description":"Em Campo Alegre de Goi\u00e1s, o prefeito Douglas Sert\u00f3rio confirmou a mais recente etapa de um projeto que aproxima o cidad\u00e3o dos servi\u00e7os essenciais: a sala de coleta e emiss\u00e3o de Carteiras de Identidade (CID) passa a funcionar na subdelegacia da Pol\u00edcia Civil do munic\u00edpio. A iniciativa \u00e9 resultado de uma parceria entre a Prefeitura","og_url":"https:\/\/juacontecimentos.com.br\/site\/inauguracao-da-emissao-de-carteira-de-identidade-nacional-em-campo-alegre-de-goias-aproxima-servico-publico-da-populacao\/","og_site_name":"Jornal Ultimos Acontecimentos","article_publisher":"https:\/\/www.facebook.com\/jultimosacontecimentos\/","article_published_time":"2026-04-27T15:30:33+00:00","article_modified_time":"2026-04-27T15:56:22+00:00","og_image":[{"width":2560,"height":1300,"url":"https:\/\/juacontecimentos.com.br\/site\/wp-content\/uploads\/2026\/04\/hhh-scaled.jpg","type":"image\/jpeg"}],"author":"Reginaldo Ribeiro","twitter_card":"summary_large_image","twitter_misc":{"Escrito por":"Reginaldo Ribeiro","Est. tempo de leitura":"4 minutos"},"schema":{"@context":"https:\/\/schema.org","@graph":[{"@type":"Article","@id":"https:\/\/juacontecimentos.com.br\/site\/inauguracao-da-emissao-de-carteira-de-identidade-nacional-em-campo-alegre-de-goias-aproxima-servico-publico-da-populacao\/#article","isPartOf":{"@id":"https:\/\/juacontecimentos.com.br\/site\/inauguracao-da-emissao-de-carteira-de-identidade-nacional-em-campo-alegre-de-goias-aproxima-servico-publico-da-populacao\/"},"author":{"name":"Reginaldo Ribeiro","@id":"https:\/\/juacontecimentos.com.br\/site\/#\/schema\/person\/082a54e6d3fdd7a633291428521c9669"},"headline":"Inaugura\u00e7\u00e3o da emiss\u00e3o de Carteira de Identidade Nacional em Campo Alegre de Goi\u00e1s aproxima servi\u00e7o p\u00fablico da popula\u00e7\u00e3o","datePublished":"2026-04-27T15:30:33+00:00","dateModified":"2026-04-27T15:56:22+00:00","mainEntityOfPage":{"@id":"https:\/\/juacontecimentos.com.br\/site\/inauguracao-da-emissao-de-carteira-de-identidade-nacional-em-campo-alegre-de-goias-aproxima-servico-publico-da-populacao\/"},"wordCount":635,"publisher":{"@id":"https:\/\/juacontecimentos.com.br\/site\/#organization"},"image":{"@id":"https:\/\/juacontecimentos.com.br\/site\/inauguracao-da-emissao-de-carteira-de-identidade-nacional-em-campo-alegre-de-goias-aproxima-servico-publico-da-populacao\/#primaryimage"},"thumbnailUrl":"https:\/\/juacontecimentos.com.br\/site\/wp-content\/uploads\/2026\/04\/hhh-scaled.jpg","articleSection":["Brasil","Catal\u00e3o","Destaque","Goi\u00e1s"],"inLanguage":"pt-BR"},{"@type":"WebPage","@id":"https:\/\/juacontecimentos.com.br\/site\/inauguracao-da-emissao-de-carteira-de-identidade-nacional-em-campo-alegre-de-goias-aproxima-servico-publico-da-populacao\/","url":"https:\/\/juacontecimentos.com.br\/site\/inauguracao-da-emissao-de-carteira-de-identidade-nacional-em-campo-alegre-de-goias-aproxima-servico-publico-da-populacao\/","name":"Inaugura\u00e7\u00e3o da emiss\u00e3o de Carteira de Identidade Nacional em Campo Alegre de Goi\u00e1s aproxima servi\u00e7o p\u00fablico da popula\u00e7\u00e3o - Jornal Ultimos Acontecimentos","isPartOf":{"@id":"https:\/\/juacontecimentos.com.br\/site\/#website"},"primaryImageOfPage":{"@id":"https:\/\/juacontecimentos.com.br\/site\/inauguracao-da-emissao-de-carteira-de-identidade-nacional-em-campo-alegre-de-goias-aproxima-servico-publico-da-populacao\/#primaryimage"},"image":{"@id":"https:\/\/juacontecimentos.com.br\/site\/inauguracao-da-emissao-de-carteira-de-identidade-nacional-em-campo-alegre-de-goias-aproxima-servico-publico-da-populacao\/#primaryimage"},"thumbnailUrl":"https:\/\/juacontecimentos.com.br\/site\/wp-content\/uploads\/2026\/04\/hhh-scaled.jpg","datePublished":"2026-04-27T15:30:33+00:00","dateModified":"2026-04-27T15:56:22+00:00","breadcrumb":{"@id":"https:\/\/juacontecimentos.com.br\/site\/inauguracao-da-emissao-de-carteira-de-identidade-nacional-em-campo-alegre-de-goias-aproxima-servico-publico-da-populacao\/#breadcrumb"},"inLanguage":"pt-BR","potentialAction":[{"@type":"ReadAction","target":["https:\/\/juacontecimentos.com.br\/site\/inauguracao-da-emissao-de-carteira-de-identidade-nacional-em-campo-alegre-de-goias-aproxima-servico-publico-da-populacao\/"]}]},{"@type":"ImageObject","inLanguage":"pt-BR","@id":"https:\/\/juacontecimentos.com.br\/site\/inauguracao-da-emissao-de-carteira-de-identidade-nacional-em-campo-alegre-de-goias-aproxima-servico-publico-da-populacao\/#primaryimage","url":"https:\/\/juacontecimentos.com.br\/site\/wp-content\/uploads\/2026\/04\/hhh-scaled.jpg","contentUrl":"https:\/\/juacontecimentos.com.br\/site\/wp-content\/uploads\/2026\/04\/hhh-scaled.jpg","width":2560,"height":1300},{"@type":"BreadcrumbList","@id":"https:\/\/juacontecimentos.com.br\/site\/inauguracao-da-emissao-de-carteira-de-identidade-nacional-em-campo-alegre-de-goias-aproxima-servico-publico-da-populacao\/#breadcrumb","itemListElement":[{"@type":"ListItem","position":1,"name":"In\u00edcio","item":"https:\/\/juacontecimentos.com.br\/site\/"},{"@type":"ListItem","position":2,"name":"Inaugura\u00e7\u00e3o da emiss\u00e3o de Carteira de Identidade Nacional em Campo Alegre de Goi\u00e1s aproxima servi\u00e7o p\u00fablico da popula\u00e7\u00e3o"}]},{"@type":"WebSite","@id":"https:\/\/juacontecimentos.com.br\/site\/#website","url":"https:\/\/juacontecimentos.com.br\/site\/","name":"Jornal Ultimos Acontecimentos","description":"Catal\u00e3o e regi\u00e3o","publisher":{"@id":"https:\/\/juacontecimentos.com.br\/site\/#organization"},"potentialAction":[{"@type":"SearchAction","target":{"@type":"EntryPoint","urlTemplate":"https:\/\/juacontecimentos.com.br\/site\/?s={search_term_string}"},"query-input":{"@type":"PropertyValueSpecification","valueRequired":true,"valueName":"search_term_string"}}],"inLanguage":"pt-BR"},{"@type":"Organization","@id":"https:\/\/juacontecimentos.com.br\/site\/#organization","name":"Jornal Ultimos Acontecimentos","url":"https:\/\/juacontecimentos.com.br\/site\/","logo":{"@type":"ImageObject","inLanguage":"pt-BR","@id":"https:\/\/juacontecimentos.com.br\/site\/#\/schema\/logo\/image\/","url":"https:\/\/juacontecimentos.com.br\/site\/wp-content\/uploads\/2023\/04\/Logo_Site.png","contentUrl":"https:\/\/juacontecimentos.com.br\/site\/wp-content\/uploads\/2023\/04\/Logo_Site.png","width":2476,"height":530,"caption":"Jornal Ultimos Acontecimentos"},"image":{"@id":"https:\/\/juacontecimentos.com.br\/site\/#\/schema\/logo\/image\/"},"sameAs":["https:\/\/www.facebook.com\/jultimosacontecimentos\/"]},{"@type":"Person","@id":"https:\/\/juacontecimentos.com.br\/site\/#\/schema\/person\/082a54e6d3fdd7a633291428521c9669","name":"Reginaldo Ribeiro","image":{"@type":"ImageObject","inLanguage":"pt-BR","@id":"https:\/\/juacontecimentos.com.br\/site\/#\/schema\/person\/image\/","url":"https:\/\/secure.gravatar.com\/avatar\/5c16c6837c3490270a74d888c2a845728f06bdde1f8761de1de1d1d1ef82d12f?s=96&d=mm&r=g","contentUrl":"https:\/\/secure.gravatar.com\/avatar\/5c16c6837c3490270a74d888c2a845728f06bdde1f8761de1de1d1d1ef82d12f?s=96&d=mm&r=g","caption":"Reginaldo Ribeiro"}}]}},"_links":{"self":[{"href":"https:\/\/juacontecimentos.com.br\/site\/wp-json\/wp\/v2\/posts\/49911","targetHints":{"allow":["GET"]}}],"collection":[{"href":"https:\/\/juacontecimentos.com.br\/site\/wp-json\/wp\/v2\/posts"}],"about":[{"href":"https:\/\/juacontecimentos.com.br\/site\/wp-json\/wp\/v2\/types\/post"}],"author":[{"embeddable":true,"href":"https:\/\/juacontecimentos.com.br\/site\/wp-json\/wp\/v2\/users\/2"}],"replies":[{"embeddable":true,"href":"https:\/\/juacontecimentos.com.br\/site\/wp-json\/wp\/v2\/comments?post=49911"}],"version-history":[{"count":3,"href":"https:\/\/juacontecimentos.com.br\/site\/wp-json\/wp\/v2\/posts\/49911\/revisions"}],"predecessor-version":[{"id":49920,"href":"https:\/\/juacontecimentos.com.br\/site\/wp-json\/wp\/v2\/posts\/49911\/revisions\/49920"}],"wp:featuredmedia":[{"embeddable":true,"href":"https:\/\/juacontecimentos.com.br\/site\/wp-json\/wp\/v2\/media\/49922"}],"wp:attachment":[{"href":"https:\/\/juacontecimentos.com.br\/site\/wp-json\/wp\/v2\/media?parent=49911"}],"wp:term":[{"taxonomy":"category","embeddable":true,"href":"https:\/\/juacontecimentos.com.br\/site\/wp-json\/wp\/v2\/categories?post=49911"},{"taxonomy":"post_tag","embeddable":true,"href":"https:\/\/juacontecimentos.com.br\/site\/wp-json\/wp\/v2\/tags?post=49911"}],"curies":[{"name":"wp","href":"https:\/\/api.w.org\/{rel}","templated":true}]}}