{"id":49945,"date":"2026-04-27T21:45:18","date_gmt":"2026-04-28T00:45:18","guid":{"rendered":"https:\/\/juacontecimentos.com.br\/site\/?p=49945"},"modified":"2026-04-27T21:51:09","modified_gmt":"2026-04-28T00:51:09","slug":"camara-municipal-de-ouvidor-realiza-9a-sessao-ordinaria-da-legislatura","status":"publish","type":"post","link":"https:\/\/juacontecimentos.com.br\/site\/camara-municipal-de-ouvidor-realiza-9a-sessao-ordinaria-da-legislatura\/","title":{"rendered":"C\u00e2mara Municipal de Ouvidor realiza 9\u00aa Sess\u00e3o Ordin\u00e1ria da Legislatura"},"content":{"rendered":"<p><img loading=\"lazy\" decoding=\"async\" class=\"alignnone size-full wp-image-49946\" src=\"https:\/\/juacontecimentos.com.br\/site\/wp-content\/uploads\/2026\/04\/IMG-20260427-WA0466.jpg\" alt=\"\" width=\"1280\" height=\"960\" srcset=\"https:\/\/juacontecimentos.com.br\/site\/wp-content\/uploads\/2026\/04\/IMG-20260427-WA0466.jpg 1280w, https:\/\/juacontecimentos.com.br\/site\/wp-content\/uploads\/2026\/04\/IMG-20260427-WA0466-300x225.jpg 300w, https:\/\/juacontecimentos.com.br\/site\/wp-content\/uploads\/2026\/04\/IMG-20260427-WA0466-1024x768.jpg 1024w, https:\/\/juacontecimentos.com.br\/site\/wp-content\/uploads\/2026\/04\/IMG-20260427-WA0466-768x576.jpg 768w\" sizes=\"auto, (max-width: 1280px) 100vw, 1280px\" \/> <img loading=\"lazy\" decoding=\"async\" class=\"alignnone size-full wp-image-49947\" src=\"https:\/\/juacontecimentos.com.br\/site\/wp-content\/uploads\/2026\/04\/IMG_20260427_202737-scaled.jpg\" alt=\"\" width=\"2560\" height=\"1444\" srcset=\"https:\/\/juacontecimentos.com.br\/site\/wp-content\/uploads\/2026\/04\/IMG_20260427_202737-scaled.jpg 2560w, https:\/\/juacontecimentos.com.br\/site\/wp-content\/uploads\/2026\/04\/IMG_20260427_202737-300x169.jpg 300w, https:\/\/juacontecimentos.com.br\/site\/wp-content\/uploads\/2026\/04\/IMG_20260427_202737-1024x578.jpg 1024w, https:\/\/juacontecimentos.com.br\/site\/wp-content\/uploads\/2026\/04\/IMG_20260427_202737-768x433.jpg 768w, https:\/\/juacontecimentos.com.br\/site\/wp-content\/uploads\/2026\/04\/IMG_20260427_202737-1536x866.jpg 1536w, https:\/\/juacontecimentos.com.br\/site\/wp-content\/uploads\/2026\/04\/IMG_20260427_202737-2048x1155.jpg 2048w\" sizes=\"auto, (max-width: 2560px) 100vw, 2560px\" \/><\/p>\n<p>Na noite desta ter\u00e7a-feira, 27 de abril, o plen\u00e1rio da C\u00e2mara Municipal de Vereadores de Ouvidor recebeu a 9\u00aa sess\u00e3o ordin\u00e1ria da atual legislatura. Sob a presid\u00eancia da mesa diretora, a vereadora Juliana Alves abriu os trabalhos em plen\u00e1ria, anunciando a aus\u00eancia do vereador Cleitinho do Oribaldo, que justificou a falta por motivos particulares.<\/p>\n<p>Logo em seguida, ocorreu a leitura da Ata da sess\u00e3o anterior, aprovada por unanimidade pelos vereadores presentes, com a aus\u00eancia do vereador Cleiton.<\/p>\n<p>A sess\u00e3o contou com a presen\u00e7a de diversas autoridades pol\u00edticas, entre elas o prefeito de Ouvidor, Cebinha Nascimento; o vice-prefeito, Nelci C\u00e2ndido; a primeira-dama, Ana L\u00facia; al\u00e9m de secret\u00e1rios municipais. Durante os trabalhos, foram apresentados requerimentos e propostas para atender \u00e0s demandas da comunidade, com destaque para medidas de assist\u00eancia social, seguran\u00e7a alimentar e suporte a fam\u00edlias em situa\u00e7\u00e3o de vulnerabilidade. Os parlamentares tamb\u00e9m discutiram temas administrativos e or\u00e7ament\u00e1rios, alinhados \u00e0s metas da gest\u00e3o municipal.<\/p>\n<p>Segundo os documentos encaminhados ao gabinete do vereador Vin\u00edcius Ant\u00f4nio da Silva, as solicita\u00e7\u00f5es destacam a necessidade de disponibilizar duas seguran\u00e7as para o Centro de Refer\u00eancia de Assist\u00eancia Social (CRAS) e de revisar procedimentos para custeio de a\u00e7\u00f5es de assist\u00eancia funer\u00e1ria, minimizando vulnerabilidades enfrentadas por fam\u00edlias em situa\u00e7\u00f5es de risco social. Os textos defendem que a presen\u00e7a de profissionais de seguran\u00e7a possa contribuir para a preven\u00e7\u00e3o de conflitos, a preserva\u00e7\u00e3o da ordem no ambiente p\u00fablico e a melhoria na qualidade do atendimento \u00e0 popula\u00e7\u00e3o.<\/p>\n<p>Outra pauta relevante \u00e9 a atualiza\u00e7\u00e3o de leis municipais que tratam de benef\u00edcios eventuais, como aux\u00edlio funeral, conforme propostas de altera\u00e7\u00f5es a serem sancionadas pelo prefeito municipal. Entre as mudan\u00e7as propostas, est\u00e3o a defini\u00e7\u00e3o de crit\u00e9rios para a concess\u00e3o de aux\u00edlios funer\u00e1rios, o estabelecimento de valores de custeio e a modalidade de procedimentos licitat\u00f3rios para contrata\u00e7\u00e3o de servi\u00e7os funer\u00e1rios, com exce\u00e7\u00e3o de dispensa quando as condi\u00e7\u00f5es excepcionais assim o exigirem.<\/p>\n<p>Paralelamente, o texto que tramita na C\u00e2mara Municipal de Ouvidor trata de ajustes nas al\u00edneas de contribui\u00e7\u00e3o previdenci\u00e1ria, detalhando percentuais aplic\u00e1veis sobre a base de c\u00e1lculo para diferentes categorias de contribuintes, incluindo servidores ativos, aposentados e pensionistas. As propostas indicam, entre outros itens, a cria\u00e7\u00e3o de disponibilidades para custeio de d\u00e9ficits atuariais e a defini\u00e7\u00e3o de percentuais de contribui\u00e7\u00e3o patronal e de segurados conforme as normas vigentes da Lei Municipal n\u00ba 392, de 1\u00ba de novembro de 2007, com as respectivas altera\u00e7\u00f5es legislativas.<\/p>\n<p>Em rela\u00e7\u00e3o ao prazo de vig\u00eancia, as altera\u00e7\u00f5es previstas entram em vigor a partir da data de publica\u00e7\u00e3o, com revoga\u00e7\u00f5es de dispositivos anteriores que possam conflitar com as novas regras. As proposi\u00e7\u00f5es tamb\u00e9m destacam a necessidade de adequa\u00e7\u00e3o or\u00e7ament\u00e1ria para o per\u00edodo 2026-2028, apontando custos suplementares estimados em 37% para o pr\u00f3ximo bi\u00eanio e 68,82% para o per\u00edodo de 2029 a 2045, segundo tabelas apresentadas nos texts oficiais.<\/p>\n<p>A sequ\u00eancia de documentos vem acompanhada de instrumentos oficiais, com carimbo e assinatura do vereador representante, e est\u00e1 sujeita a tramita\u00e7\u00e3o nas comiss\u00f5es permanentes da C\u00e2mara Municipal, bem como \u00e0 aprecia\u00e7\u00e3o do Executivo municipal. A expectativa \u00e9 de que o pleito possa favorecer uma gest\u00e3o mais respons\u00e1vel, com maior previsibilidade de gastos, al\u00e9m de assegurar a continuidade de programas sociais e de prote\u00e7\u00e3o aos trabalhadores da administra\u00e7\u00e3o p\u00fablica.<\/p>\n<p>Entre as datas registradas, o material aponta orienta\u00e7\u00f5es para a aprova\u00e7\u00e3o de medidas j\u00e1 anunciadas no Plen\u00e1rio, com base no que afirma o respectivo relat\u00f3rio legislativo, e refor\u00e7a a necessidade de encaminhamento dos projetos ao Munic\u00edpio para provid\u00eancias cab\u00edveis.<\/p>\n<p>Este \u00e9 mais um cap\u00edtulo das tentativas da gest\u00e3o municipal de Ouvidor de alinhar a\u00e7\u00f5es administrativas \u00e0 realidade or\u00e7ament\u00e1ria, sem comprometer servi\u00e7os essenciais \u00e0 popula\u00e7\u00e3o. A vereadora Juliana Alves Moises, presidente da C\u00e2mara Municipal de Ouvidor, ressaltou a import\u00e2ncia do di\u00e1logo entre Executivo e Legislativo para a viabilidade de novas estruturas de seguran\u00e7a e de apoio social, bem como para o aperfei\u00e7oamento das normas que regem a contribui\u00e7\u00e3o previdenci\u00e1ria dos servidores.<\/p>\n","protected":false},"excerpt":{"rendered":"<p>Na noite desta ter\u00e7a-feira, 27 de abril, o plen\u00e1rio da C\u00e2mara Municipal de Vereadores de Ouvidor recebeu a 9\u00aa sess\u00e3o ordin\u00e1ria da atual legislatura. Sob a presid\u00eancia da mesa diretora, a vereadora Juliana Alves abriu os trabalhos em plen\u00e1ria, anunciando a aus\u00eancia do vereador Cleitinho do Oribaldo, que justificou a falta por motivos particulares. Logo<\/p>\n","protected":false},"author":2,"featured_media":49947,"comment_status":"closed","ping_status":"closed","sticky":false,"template":"","format":"standard","meta":{"footnotes":""},"categories":[27,22,26,23],"tags":[],"class_list":["post-49945","post","type-post","status-publish","format-standard","has-post-thumbnail","hentry","category-brasil","category-catalao","category-destaque","category-goias"],"yoast_head":"<!-- This site is optimized with the Yoast SEO plugin v25.8 - https:\/\/yoast.com\/wordpress\/plugins\/seo\/ -->\n<title>C\u00e2mara Municipal de Ouvidor realiza 9\u00aa Sess\u00e3o Ordin\u00e1ria da Legislatura - Jornal Ultimos Acontecimentos<\/title>\n<meta name=\"robots\" content=\"index, follow, max-snippet:-1, max-image-preview:large, max-video-preview:-1\" \/>\n<link rel=\"canonical\" href=\"https:\/\/juacontecimentos.com.br\/site\/camara-municipal-de-ouvidor-realiza-9a-sessao-ordinaria-da-legislatura\/\" \/>\n<meta property=\"og:locale\" content=\"pt_BR\" \/>\n<meta property=\"og:type\" content=\"article\" \/>\n<meta property=\"og:title\" content=\"C\u00e2mara Municipal de Ouvidor realiza 9\u00aa Sess\u00e3o Ordin\u00e1ria da Legislatura - Jornal Ultimos Acontecimentos\" \/>\n<meta property=\"og:description\" content=\"Na noite desta ter\u00e7a-feira, 27 de abril, o plen\u00e1rio da C\u00e2mara Municipal de Vereadores de Ouvidor recebeu a 9\u00aa sess\u00e3o ordin\u00e1ria da atual legislatura. Sob a presid\u00eancia da mesa diretora, a vereadora Juliana Alves abriu os trabalhos em plen\u00e1ria, anunciando a aus\u00eancia do vereador Cleitinho do Oribaldo, que justificou a falta por motivos particulares. Logo\" \/>\n<meta property=\"og:url\" content=\"https:\/\/juacontecimentos.com.br\/site\/camara-municipal-de-ouvidor-realiza-9a-sessao-ordinaria-da-legislatura\/\" \/>\n<meta property=\"og:site_name\" content=\"Jornal Ultimos Acontecimentos\" \/>\n<meta property=\"article:publisher\" content=\"https:\/\/www.facebook.com\/jultimosacontecimentos\/\" \/>\n<meta property=\"article:published_time\" content=\"2026-04-28T00:45:18+00:00\" \/>\n<meta property=\"article:modified_time\" content=\"2026-04-28T00:51:09+00:00\" \/>\n<meta property=\"og:image\" content=\"https:\/\/juacontecimentos.com.br\/site\/wp-content\/uploads\/2026\/04\/IMG_20260427_202737-scaled.jpg\" \/>\n\t<meta property=\"og:image:width\" content=\"2560\" \/>\n\t<meta property=\"og:image:height\" content=\"1444\" \/>\n\t<meta property=\"og:image:type\" content=\"image\/jpeg\" \/>\n<meta name=\"author\" content=\"Reginaldo Ribeiro\" \/>\n<meta name=\"twitter:card\" content=\"summary_large_image\" \/>\n<meta name=\"twitter:label1\" content=\"Escrito por\" \/>\n\t<meta name=\"twitter:data1\" content=\"Reginaldo Ribeiro\" \/>\n\t<meta name=\"twitter:label2\" content=\"Est. tempo de leitura\" \/>\n\t<meta name=\"twitter:data2\" content=\"5 minutos\" \/>\n<script type=\"application\/ld+json\" class=\"yoast-schema-graph\">{\"@context\":\"https:\/\/schema.org\",\"@graph\":[{\"@type\":\"Article\",\"@id\":\"https:\/\/juacontecimentos.com.br\/site\/camara-municipal-de-ouvidor-realiza-9a-sessao-ordinaria-da-legislatura\/#article\",\"isPartOf\":{\"@id\":\"https:\/\/juacontecimentos.com.br\/site\/camara-municipal-de-ouvidor-realiza-9a-sessao-ordinaria-da-legislatura\/\"},\"author\":{\"name\":\"Reginaldo Ribeiro\",\"@id\":\"https:\/\/juacontecimentos.com.br\/site\/#\/schema\/person\/082a54e6d3fdd7a633291428521c9669\"},\"headline\":\"C\u00e2mara Municipal de Ouvidor realiza 9\u00aa Sess\u00e3o Ordin\u00e1ria da Legislatura\",\"datePublished\":\"2026-04-28T00:45:18+00:00\",\"dateModified\":\"2026-04-28T00:51:09+00:00\",\"mainEntityOfPage\":{\"@id\":\"https:\/\/juacontecimentos.com.br\/site\/camara-municipal-de-ouvidor-realiza-9a-sessao-ordinaria-da-legislatura\/\"},\"wordCount\":748,\"publisher\":{\"@id\":\"https:\/\/juacontecimentos.com.br\/site\/#organization\"},\"image\":{\"@id\":\"https:\/\/juacontecimentos.com.br\/site\/camara-municipal-de-ouvidor-realiza-9a-sessao-ordinaria-da-legislatura\/#primaryimage\"},\"thumbnailUrl\":\"https:\/\/juacontecimentos.com.br\/site\/wp-content\/uploads\/2026\/04\/IMG_20260427_202737-scaled.jpg\",\"articleSection\":[\"Brasil\",\"Catal\u00e3o\",\"Destaque\",\"Goi\u00e1s\"],\"inLanguage\":\"pt-BR\"},{\"@type\":\"WebPage\",\"@id\":\"https:\/\/juacontecimentos.com.br\/site\/camara-municipal-de-ouvidor-realiza-9a-sessao-ordinaria-da-legislatura\/\",\"url\":\"https:\/\/juacontecimentos.com.br\/site\/camara-municipal-de-ouvidor-realiza-9a-sessao-ordinaria-da-legislatura\/\",\"name\":\"C\u00e2mara Municipal de Ouvidor realiza 9\u00aa Sess\u00e3o Ordin\u00e1ria da Legislatura - Jornal Ultimos Acontecimentos\",\"isPartOf\":{\"@id\":\"https:\/\/juacontecimentos.com.br\/site\/#website\"},\"primaryImageOfPage\":{\"@id\":\"https:\/\/juacontecimentos.com.br\/site\/camara-municipal-de-ouvidor-realiza-9a-sessao-ordinaria-da-legislatura\/#primaryimage\"},\"image\":{\"@id\":\"https:\/\/juacontecimentos.com.br\/site\/camara-municipal-de-ouvidor-realiza-9a-sessao-ordinaria-da-legislatura\/#primaryimage\"},\"thumbnailUrl\":\"https:\/\/juacontecimentos.com.br\/site\/wp-content\/uploads\/2026\/04\/IMG_20260427_202737-scaled.jpg\",\"datePublished\":\"2026-04-28T00:45:18+00:00\",\"dateModified\":\"2026-04-28T00:51:09+00:00\",\"breadcrumb\":{\"@id\":\"https:\/\/juacontecimentos.com.br\/site\/camara-municipal-de-ouvidor-realiza-9a-sessao-ordinaria-da-legislatura\/#breadcrumb\"},\"inLanguage\":\"pt-BR\",\"potentialAction\":[{\"@type\":\"ReadAction\",\"target\":[\"https:\/\/juacontecimentos.com.br\/site\/camara-municipal-de-ouvidor-realiza-9a-sessao-ordinaria-da-legislatura\/\"]}]},{\"@type\":\"ImageObject\",\"inLanguage\":\"pt-BR\",\"@id\":\"https:\/\/juacontecimentos.com.br\/site\/camara-municipal-de-ouvidor-realiza-9a-sessao-ordinaria-da-legislatura\/#primaryimage\",\"url\":\"https:\/\/juacontecimentos.com.br\/site\/wp-content\/uploads\/2026\/04\/IMG_20260427_202737-scaled.jpg\",\"contentUrl\":\"https:\/\/juacontecimentos.com.br\/site\/wp-content\/uploads\/2026\/04\/IMG_20260427_202737-scaled.jpg\",\"width\":2560,\"height\":1444},{\"@type\":\"BreadcrumbList\",\"@id\":\"https:\/\/juacontecimentos.com.br\/site\/camara-municipal-de-ouvidor-realiza-9a-sessao-ordinaria-da-legislatura\/#breadcrumb\",\"itemListElement\":[{\"@type\":\"ListItem\",\"position\":1,\"name\":\"In\u00edcio\",\"item\":\"https:\/\/juacontecimentos.com.br\/site\/\"},{\"@type\":\"ListItem\",\"position\":2,\"name\":\"C\u00e2mara Municipal de Ouvidor realiza 9\u00aa Sess\u00e3o Ordin\u00e1ria da Legislatura\"}]},{\"@type\":\"WebSite\",\"@id\":\"https:\/\/juacontecimentos.com.br\/site\/#website\",\"url\":\"https:\/\/juacontecimentos.com.br\/site\/\",\"name\":\"Jornal Ultimos Acontecimentos\",\"description\":\"Catal\u00e3o e regi\u00e3o\",\"publisher\":{\"@id\":\"https:\/\/juacontecimentos.com.br\/site\/#organization\"},\"potentialAction\":[{\"@type\":\"SearchAction\",\"target\":{\"@type\":\"EntryPoint\",\"urlTemplate\":\"https:\/\/juacontecimentos.com.br\/site\/?s={search_term_string}\"},\"query-input\":{\"@type\":\"PropertyValueSpecification\",\"valueRequired\":true,\"valueName\":\"search_term_string\"}}],\"inLanguage\":\"pt-BR\"},{\"@type\":\"Organization\",\"@id\":\"https:\/\/juacontecimentos.com.br\/site\/#organization\",\"name\":\"Jornal Ultimos Acontecimentos\",\"url\":\"https:\/\/juacontecimentos.com.br\/site\/\",\"logo\":{\"@type\":\"ImageObject\",\"inLanguage\":\"pt-BR\",\"@id\":\"https:\/\/juacontecimentos.com.br\/site\/#\/schema\/logo\/image\/\",\"url\":\"https:\/\/juacontecimentos.com.br\/site\/wp-content\/uploads\/2023\/04\/Logo_Site.png\",\"contentUrl\":\"https:\/\/juacontecimentos.com.br\/site\/wp-content\/uploads\/2023\/04\/Logo_Site.png\",\"width\":2476,\"height\":530,\"caption\":\"Jornal Ultimos Acontecimentos\"},\"image\":{\"@id\":\"https:\/\/juacontecimentos.com.br\/site\/#\/schema\/logo\/image\/\"},\"sameAs\":[\"https:\/\/www.facebook.com\/jultimosacontecimentos\/\"]},{\"@type\":\"Person\",\"@id\":\"https:\/\/juacontecimentos.com.br\/site\/#\/schema\/person\/082a54e6d3fdd7a633291428521c9669\",\"name\":\"Reginaldo Ribeiro\",\"image\":{\"@type\":\"ImageObject\",\"inLanguage\":\"pt-BR\",\"@id\":\"https:\/\/juacontecimentos.com.br\/site\/#\/schema\/person\/image\/\",\"url\":\"https:\/\/secure.gravatar.com\/avatar\/5c16c6837c3490270a74d888c2a845728f06bdde1f8761de1de1d1d1ef82d12f?s=96&d=mm&r=g\",\"contentUrl\":\"https:\/\/secure.gravatar.com\/avatar\/5c16c6837c3490270a74d888c2a845728f06bdde1f8761de1de1d1d1ef82d12f?s=96&d=mm&r=g\",\"caption\":\"Reginaldo Ribeiro\"}}]}<\/script>\n<!-- \/ Yoast SEO plugin. -->","yoast_head_json":{"title":"C\u00e2mara Municipal de Ouvidor realiza 9\u00aa Sess\u00e3o Ordin\u00e1ria da Legislatura - Jornal Ultimos Acontecimentos","robots":{"index":"index","follow":"follow","max-snippet":"max-snippet:-1","max-image-preview":"max-image-preview:large","max-video-preview":"max-video-preview:-1"},"canonical":"https:\/\/juacontecimentos.com.br\/site\/camara-municipal-de-ouvidor-realiza-9a-sessao-ordinaria-da-legislatura\/","og_locale":"pt_BR","og_type":"article","og_title":"C\u00e2mara Municipal de Ouvidor realiza 9\u00aa Sess\u00e3o Ordin\u00e1ria da Legislatura - Jornal Ultimos Acontecimentos","og_description":"Na noite desta ter\u00e7a-feira, 27 de abril, o plen\u00e1rio da C\u00e2mara Municipal de Vereadores de Ouvidor recebeu a 9\u00aa sess\u00e3o ordin\u00e1ria da atual legislatura. Sob a presid\u00eancia da mesa diretora, a vereadora Juliana Alves abriu os trabalhos em plen\u00e1ria, anunciando a aus\u00eancia do vereador Cleitinho do Oribaldo, que justificou a falta por motivos particulares. Logo","og_url":"https:\/\/juacontecimentos.com.br\/site\/camara-municipal-de-ouvidor-realiza-9a-sessao-ordinaria-da-legislatura\/","og_site_name":"Jornal Ultimos Acontecimentos","article_publisher":"https:\/\/www.facebook.com\/jultimosacontecimentos\/","article_published_time":"2026-04-28T00:45:18+00:00","article_modified_time":"2026-04-28T00:51:09+00:00","og_image":[{"width":2560,"height":1444,"url":"https:\/\/juacontecimentos.com.br\/site\/wp-content\/uploads\/2026\/04\/IMG_20260427_202737-scaled.jpg","type":"image\/jpeg"}],"author":"Reginaldo Ribeiro","twitter_card":"summary_large_image","twitter_misc":{"Escrito por":"Reginaldo Ribeiro","Est. tempo de leitura":"5 minutos"},"schema":{"@context":"https:\/\/schema.org","@graph":[{"@type":"Article","@id":"https:\/\/juacontecimentos.com.br\/site\/camara-municipal-de-ouvidor-realiza-9a-sessao-ordinaria-da-legislatura\/#article","isPartOf":{"@id":"https:\/\/juacontecimentos.com.br\/site\/camara-municipal-de-ouvidor-realiza-9a-sessao-ordinaria-da-legislatura\/"},"author":{"name":"Reginaldo Ribeiro","@id":"https:\/\/juacontecimentos.com.br\/site\/#\/schema\/person\/082a54e6d3fdd7a633291428521c9669"},"headline":"C\u00e2mara Municipal de Ouvidor realiza 9\u00aa Sess\u00e3o Ordin\u00e1ria da Legislatura","datePublished":"2026-04-28T00:45:18+00:00","dateModified":"2026-04-28T00:51:09+00:00","mainEntityOfPage":{"@id":"https:\/\/juacontecimentos.com.br\/site\/camara-municipal-de-ouvidor-realiza-9a-sessao-ordinaria-da-legislatura\/"},"wordCount":748,"publisher":{"@id":"https:\/\/juacontecimentos.com.br\/site\/#organization"},"image":{"@id":"https:\/\/juacontecimentos.com.br\/site\/camara-municipal-de-ouvidor-realiza-9a-sessao-ordinaria-da-legislatura\/#primaryimage"},"thumbnailUrl":"https:\/\/juacontecimentos.com.br\/site\/wp-content\/uploads\/2026\/04\/IMG_20260427_202737-scaled.jpg","articleSection":["Brasil","Catal\u00e3o","Destaque","Goi\u00e1s"],"inLanguage":"pt-BR"},{"@type":"WebPage","@id":"https:\/\/juacontecimentos.com.br\/site\/camara-municipal-de-ouvidor-realiza-9a-sessao-ordinaria-da-legislatura\/","url":"https:\/\/juacontecimentos.com.br\/site\/camara-municipal-de-ouvidor-realiza-9a-sessao-ordinaria-da-legislatura\/","name":"C\u00e2mara Municipal de Ouvidor realiza 9\u00aa Sess\u00e3o Ordin\u00e1ria da Legislatura - Jornal Ultimos Acontecimentos","isPartOf":{"@id":"https:\/\/juacontecimentos.com.br\/site\/#website"},"primaryImageOfPage":{"@id":"https:\/\/juacontecimentos.com.br\/site\/camara-municipal-de-ouvidor-realiza-9a-sessao-ordinaria-da-legislatura\/#primaryimage"},"image":{"@id":"https:\/\/juacontecimentos.com.br\/site\/camara-municipal-de-ouvidor-realiza-9a-sessao-ordinaria-da-legislatura\/#primaryimage"},"thumbnailUrl":"https:\/\/juacontecimentos.com.br\/site\/wp-content\/uploads\/2026\/04\/IMG_20260427_202737-scaled.jpg","datePublished":"2026-04-28T00:45:18+00:00","dateModified":"2026-04-28T00:51:09+00:00","breadcrumb":{"@id":"https:\/\/juacontecimentos.com.br\/site\/camara-municipal-de-ouvidor-realiza-9a-sessao-ordinaria-da-legislatura\/#breadcrumb"},"inLanguage":"pt-BR","potentialAction":[{"@type":"ReadAction","target":["https:\/\/juacontecimentos.com.br\/site\/camara-municipal-de-ouvidor-realiza-9a-sessao-ordinaria-da-legislatura\/"]}]},{"@type":"ImageObject","inLanguage":"pt-BR","@id":"https:\/\/juacontecimentos.com.br\/site\/camara-municipal-de-ouvidor-realiza-9a-sessao-ordinaria-da-legislatura\/#primaryimage","url":"https:\/\/juacontecimentos.com.br\/site\/wp-content\/uploads\/2026\/04\/IMG_20260427_202737-scaled.jpg","contentUrl":"https:\/\/juacontecimentos.com.br\/site\/wp-content\/uploads\/2026\/04\/IMG_20260427_202737-scaled.jpg","width":2560,"height":1444},{"@type":"BreadcrumbList","@id":"https:\/\/juacontecimentos.com.br\/site\/camara-municipal-de-ouvidor-realiza-9a-sessao-ordinaria-da-legislatura\/#breadcrumb","itemListElement":[{"@type":"ListItem","position":1,"name":"In\u00edcio","item":"https:\/\/juacontecimentos.com.br\/site\/"},{"@type":"ListItem","position":2,"name":"C\u00e2mara Municipal de Ouvidor realiza 9\u00aa Sess\u00e3o Ordin\u00e1ria da Legislatura"}]},{"@type":"WebSite","@id":"https:\/\/juacontecimentos.com.br\/site\/#website","url":"https:\/\/juacontecimentos.com.br\/site\/","name":"Jornal Ultimos Acontecimentos","description":"Catal\u00e3o e regi\u00e3o","publisher":{"@id":"https:\/\/juacontecimentos.com.br\/site\/#organization"},"potentialAction":[{"@type":"SearchAction","target":{"@type":"EntryPoint","urlTemplate":"https:\/\/juacontecimentos.com.br\/site\/?s={search_term_string}"},"query-input":{"@type":"PropertyValueSpecification","valueRequired":true,"valueName":"search_term_string"}}],"inLanguage":"pt-BR"},{"@type":"Organization","@id":"https:\/\/juacontecimentos.com.br\/site\/#organization","name":"Jornal Ultimos Acontecimentos","url":"https:\/\/juacontecimentos.com.br\/site\/","logo":{"@type":"ImageObject","inLanguage":"pt-BR","@id":"https:\/\/juacontecimentos.com.br\/site\/#\/schema\/logo\/image\/","url":"https:\/\/juacontecimentos.com.br\/site\/wp-content\/uploads\/2023\/04\/Logo_Site.png","contentUrl":"https:\/\/juacontecimentos.com.br\/site\/wp-content\/uploads\/2023\/04\/Logo_Site.png","width":2476,"height":530,"caption":"Jornal Ultimos Acontecimentos"},"image":{"@id":"https:\/\/juacontecimentos.com.br\/site\/#\/schema\/logo\/image\/"},"sameAs":["https:\/\/www.facebook.com\/jultimosacontecimentos\/"]},{"@type":"Person","@id":"https:\/\/juacontecimentos.com.br\/site\/#\/schema\/person\/082a54e6d3fdd7a633291428521c9669","name":"Reginaldo Ribeiro","image":{"@type":"ImageObject","inLanguage":"pt-BR","@id":"https:\/\/juacontecimentos.com.br\/site\/#\/schema\/person\/image\/","url":"https:\/\/secure.gravatar.com\/avatar\/5c16c6837c3490270a74d888c2a845728f06bdde1f8761de1de1d1d1ef82d12f?s=96&d=mm&r=g","contentUrl":"https:\/\/secure.gravatar.com\/avatar\/5c16c6837c3490270a74d888c2a845728f06bdde1f8761de1de1d1d1ef82d12f?s=96&d=mm&r=g","caption":"Reginaldo Ribeiro"}}]}},"_links":{"self":[{"href":"https:\/\/juacontecimentos.com.br\/site\/wp-json\/wp\/v2\/posts\/49945","targetHints":{"allow":["GET"]}}],"collection":[{"href":"https:\/\/juacontecimentos.com.br\/site\/wp-json\/wp\/v2\/posts"}],"about":[{"href":"https:\/\/juacontecimentos.com.br\/site\/wp-json\/wp\/v2\/types\/post"}],"author":[{"embeddable":true,"href":"https:\/\/juacontecimentos.com.br\/site\/wp-json\/wp\/v2\/users\/2"}],"replies":[{"embeddable":true,"href":"https:\/\/juacontecimentos.com.br\/site\/wp-json\/wp\/v2\/comments?post=49945"}],"version-history":[{"count":2,"href":"https:\/\/juacontecimentos.com.br\/site\/wp-json\/wp\/v2\/posts\/49945\/revisions"}],"predecessor-version":[{"id":49949,"href":"https:\/\/juacontecimentos.com.br\/site\/wp-json\/wp\/v2\/posts\/49945\/revisions\/49949"}],"wp:featuredmedia":[{"embeddable":true,"href":"https:\/\/juacontecimentos.com.br\/site\/wp-json\/wp\/v2\/media\/49947"}],"wp:attachment":[{"href":"https:\/\/juacontecimentos.com.br\/site\/wp-json\/wp\/v2\/media?parent=49945"}],"wp:term":[{"taxonomy":"category","embeddable":true,"href":"https:\/\/juacontecimentos.com.br\/site\/wp-json\/wp\/v2\/categories?post=49945"},{"taxonomy":"post_tag","embeddable":true,"href":"https:\/\/juacontecimentos.com.br\/site\/wp-json\/wp\/v2\/tags?post=49945"}],"curies":[{"name":"wp","href":"https:\/\/api.w.org\/{rel}","templated":true}]}}