{"id":49956,"date":"2026-04-29T10:50:55","date_gmt":"2026-04-29T13:50:55","guid":{"rendered":"https:\/\/juacontecimentos.com.br\/site\/?p=49956"},"modified":"2026-04-29T11:10:32","modified_gmt":"2026-04-29T14:10:32","slug":"prefeito-marcelo-paiva-assina-duas-ordens-de-servico-e-destaca-avancos-estruturais-e-sociais-em-anhanguera","status":"publish","type":"post","link":"https:\/\/juacontecimentos.com.br\/site\/prefeito-marcelo-paiva-assina-duas-ordens-de-servico-e-destaca-avancos-estruturais-e-sociais-em-anhanguera\/","title":{"rendered":"Prefeito Marcelo Paiva assina ordens de servi\u00e7o e impulsiona avan\u00e7os estruturais e sociais em Anhanguera"},"content":{"rendered":"<p><img loading=\"lazy\" decoding=\"async\" class=\"alignnone size-full wp-image-49964\" src=\"https:\/\/juacontecimentos.com.br\/site\/wp-content\/uploads\/2026\/04\/IMG_20260429_075854-scaled.jpg\" alt=\"\" width=\"2560\" height=\"1444\" srcset=\"https:\/\/juacontecimentos.com.br\/site\/wp-content\/uploads\/2026\/04\/IMG_20260429_075854-scaled.jpg 2560w, https:\/\/juacontecimentos.com.br\/site\/wp-content\/uploads\/2026\/04\/IMG_20260429_075854-300x169.jpg 300w, https:\/\/juacontecimentos.com.br\/site\/wp-content\/uploads\/2026\/04\/IMG_20260429_075854-1024x578.jpg 1024w, https:\/\/juacontecimentos.com.br\/site\/wp-content\/uploads\/2026\/04\/IMG_20260429_075854-768x433.jpg 768w, https:\/\/juacontecimentos.com.br\/site\/wp-content\/uploads\/2026\/04\/IMG_20260429_075854-1536x866.jpg 1536w, https:\/\/juacontecimentos.com.br\/site\/wp-content\/uploads\/2026\/04\/IMG_20260429_075854-2048x1155.jpg 2048w\" sizes=\"auto, (max-width: 2560px) 100vw, 2560px\" \/> <img loading=\"lazy\" decoding=\"async\" class=\"alignnone wp-image-49968 size-full\" src=\"https:\/\/juacontecimentos.com.br\/site\/wp-content\/uploads\/2026\/04\/IMG_20260429_075640-scaled-e1777471804393.jpg\" alt=\"\" width=\"2560\" height=\"1250\" srcset=\"https:\/\/juacontecimentos.com.br\/site\/wp-content\/uploads\/2026\/04\/IMG_20260429_075640-scaled-e1777471804393.jpg 2560w, https:\/\/juacontecimentos.com.br\/site\/wp-content\/uploads\/2026\/04\/IMG_20260429_075640-scaled-e1777471804393-300x146.jpg 300w, https:\/\/juacontecimentos.com.br\/site\/wp-content\/uploads\/2026\/04\/IMG_20260429_075640-scaled-e1777471804393-1024x500.jpg 1024w, https:\/\/juacontecimentos.com.br\/site\/wp-content\/uploads\/2026\/04\/IMG_20260429_075640-scaled-e1777471804393-768x375.jpg 768w, https:\/\/juacontecimentos.com.br\/site\/wp-content\/uploads\/2026\/04\/IMG_20260429_075640-scaled-e1777471804393-1536x750.jpg 1536w, https:\/\/juacontecimentos.com.br\/site\/wp-content\/uploads\/2026\/04\/IMG_20260429_075640-scaled-e1777471804393-2048x1000.jpg 2048w\" sizes=\"auto, (max-width: 2560px) 100vw, 2560px\" \/><\/p>\n<p>A Prefeitura de Anhanguera realizou, na manh\u00e3 desta quarta-feira, 29 de abril, a cerim\u00f4nia de assinatura de duas ordens de servi\u00e7o que marcam o in\u00edcio de importantes obras no munic\u00edpio, com destaque para a reforma e amplia\u00e7\u00e3o do Espa\u00e7o de Servi\u00e7o de Conviv\u00eancia e Fortalecimento de V\u00ednculos, localizado no Centro de Refer\u00eancia de Assist\u00eancia Social (CRAS), al\u00e9m de interven\u00e7\u00f5es no cemit\u00e9rio municipal. O evento, aberto ao p\u00fablico e realizado na pr\u00f3pria unidade do CRAS, reuniu autoridades, servidores e moradores, simbolizando mais um passo da gest\u00e3o municipal na amplia\u00e7\u00e3o de pol\u00edticas p\u00fablicas voltadas ao bem-estar da popula\u00e7\u00e3o.<\/p>\n<p>A reforma do espa\u00e7o do CRAS tem como objetivo melhorar o atendimento e ampliar as condi\u00e7\u00f5es de acolhimento \u00e0s fam\u00edlias em situa\u00e7\u00e3o de vulnerabilidade social, fortalecendo a\u00e7\u00f5es de conviv\u00eancia comunit\u00e1ria e oferecendo um ambiente mais adequado para o desenvolvimento de atividades socioassistenciais. Com o investimento, a expectativa \u00e9 garantir mais conforto, acessibilidade e efici\u00eancia nos servi\u00e7os prestados, contribuindo diretamente para o fortalecimento dos v\u00ednculos familiares e comunit\u00e1rios.<\/p>\n<p>Durante a solenidade, o prefeito Marcelo Paiva destacou o car\u00e1ter in\u00e9dito da realiza\u00e7\u00e3o de duas ordens de servi\u00e7o no mesmo local, algo que classificou como incomum no cen\u00e1rio estadual. Em seu discurso, marcado por agradecimentos e an\u00fancios, o gestor enfatizou o trabalho conjunto entre a equipe administrativa, vereadores e parceiros para viabilizar os investimentos. Ele tamb\u00e9m fez quest\u00e3o de cumprimentar autoridades, servidores, imprensa e a comunidade, com men\u00e7\u00e3o especial \u00e0s mulheres, ressaltando sua import\u00e2ncia na sociedade, al\u00e9m de agradecer aos profissionais da comunica\u00e7\u00e3o pela divulga\u00e7\u00e3o das a\u00e7\u00f5es do munic\u00edpio em todo o estado de Goi\u00e1s.<\/p>\n<p>Entre as a\u00e7\u00f5es anunciadas, al\u00e9m das melhorias no CRAS, o prefeito destacou a constru\u00e7\u00e3o de 15 novas sepulturas no cemit\u00e9rio municipal, seguindo padr\u00f5es t\u00e9cnicos adequados e com preocupa\u00e7\u00e3o ambiental, incluindo laje de prote\u00e7\u00e3o para evitar contamina\u00e7\u00e3o do solo e do len\u00e7ol fre\u00e1tico, corrigindo pr\u00e1ticas antigas consideradas inadequadas. Marcelo Paiva tamb\u00e9m citou avan\u00e7os em outras \u00e1reas, como o incentivo ao esporte, com amplia\u00e7\u00e3o de atividades como v\u00f4lei e beach tennis, a oferta de aulas gratuitas j\u00e1 com grande procura, al\u00e9m da abertura da Unidade B\u00e1sica de Sa\u00fade aos s\u00e1bados, ampliando o acesso da popula\u00e7\u00e3o aos servi\u00e7os de sa\u00fade.<\/p>\n<p>No campo administrativo, o gestor mencionou melhorias no controle interno da Prefeitura, com reorganiza\u00e7\u00e3o de espa\u00e7os e processos, al\u00e9m do andamento de outras obras no munic\u00edpio. Ele ainda destacou a import\u00e2ncia do apoio do Legislativo para aprova\u00e7\u00e3o de projetos relevantes, como a implanta\u00e7\u00e3o da Casa Lar regional, que atender\u00e1 crian\u00e7as em situa\u00e7\u00e3o de vulnerabilidade de Anhanguera e cidades vizinhas, evitando o deslocamento para munic\u00edpios distantes.<\/p>\n<p>Ao abordar a reforma do CRAS, o prefeito ressaltou a corre\u00e7\u00e3o de problemas estruturais antigos e refor\u00e7ou que a nova obra seguir\u00e1 padr\u00f5es de qualidade e acessibilidade. Ao final, prop\u00f4s uma homenagem \u00e0s mulheres que contribu\u00edram para a hist\u00f3ria do munic\u00edpio, sugerindo que o espa\u00e7o receba o nome de figuras como Dona Am\u00e1lia e Dona D\u00e1lia, reconhecidas por suas a\u00e7\u00f5es solid\u00e1rias, al\u00e9m de destacar o papel das ex-primeiras-damas na constru\u00e7\u00e3o social da cidade. Ele encerrou reafirmando o compromisso da gest\u00e3o com o desenvolvimento local e agradecendo o apoio da comunidade, vereadores, parceiros e do Governo de Goi\u00e1s.<\/p>\n<p>A amplia\u00e7\u00e3o e adequa\u00e7\u00e3o do CRAS tamb\u00e9m foram destacadas pelo chefe de gabinete, Gilson Paiva, que ressaltou o esfor\u00e7o coletivo da administra\u00e7\u00e3o para viabilizar o projeto, desde o planejamento at\u00e9 a execu\u00e7\u00e3o. Segundo ele, os recursos j\u00e1 est\u00e3o garantidos, assegurando tranquilidade para o andamento das obras dentro do cronograma. Em tom descontra\u00eddo, destacou o ritmo acelerado de inaugura\u00e7\u00f5es e novos projetos no munic\u00edpio, evidenciando a continuidade das a\u00e7\u00f5es ao longo do ano.<\/p>\n<p>A secret\u00e1ria de Assist\u00eancia e Promo\u00e7\u00e3o Social, Dayelle Ara\u00fajo, enfatizou que o novo espa\u00e7o proporcionar\u00e1 um atendimento mais humanizado, com melhorias na acessibilidade, incluindo banheiros adaptados, e melhores condi\u00e7\u00f5es de acolhimento \u00e0s fam\u00edlias. Ela tamb\u00e9m destacou o empenho das equipes e a import\u00e2ncia das parcerias dentro da gest\u00e3o e com o Legislativo, agradecendo o apoio dos secret\u00e1rios, vereadores e do prefeito, a quem atribuiu sensibilidade no atendimento \u00e0s demandas sociais.<\/p>\n<p>Representando o Legislativo, o vereador Derc\u00edlio Rodrigues Dias Neto ressaltou a relev\u00e2ncia da assist\u00eancia social e elogiou o trabalho da equipe, afirmando que o espa\u00e7o ampliado trar\u00e1 mais conforto e dignidade \u00e0 popula\u00e7\u00e3o. J\u00e1 o presidente da C\u00e2mara, Welton Jos\u00e9 da Silva, o \u201cLatinha\u201d, destacou a import\u00e2ncia da harmonia entre os poderes e o compromisso dos parlamentares em apoiar iniciativas que beneficiem a cidade, refor\u00e7ando que o Legislativo atua tanto no apoio quanto na cobran\u00e7a por melhorias.<\/p>\n<p>A primeira-dama e ex-secret\u00e1ria de Assist\u00eancia Social, Suzana Franco, destacou o sentimento de gratid\u00e3o e classificou a obra como a realiza\u00e7\u00e3o de um sonho coletivo, ressaltando que os investimentos trar\u00e3o benef\u00edcios diretos \u00e0s fam\u00edlias e contribuir\u00e3o para a melhoria da qualidade de vida da popula\u00e7\u00e3o. O vice-prefeito Fl\u00e1vio Pereira tamb\u00e9m enfatizou o esp\u00edrito de uni\u00e3o e o momento de crescimento vivido pelo munic\u00edpio, com obras em andamento em diversos setores, al\u00e9m da import\u00e2ncia da capta\u00e7\u00e3o de recursos externos para fortalecer \u00e1reas essenciais.<\/p>\n<p>Durante entrevista, o chefe de gabinete Gilson Paiva refor\u00e7ou que os recursos destinados \u00e0s obras anunciadas pelo munic\u00edpio j\u00e1 est\u00e3o dispon\u00edveis em conta, garantindo seguran\u00e7a para o in\u00edcio e a execu\u00e7\u00e3o dos servi\u00e7os. Segundo ele, mesmo sendo uma cidade de pequeno porte, Anhanguera tem se destacado pela efici\u00eancia administrativa, mantendo um ritmo constante de investimentos em infraestrutura, como a constru\u00e7\u00e3o de cal\u00e7adas, melhorias urbanas e a moderniza\u00e7\u00e3o da gest\u00e3o p\u00fablica.<\/p>\n<p>Entre as principais iniciativas em andamento, Gilson destacou a implanta\u00e7\u00e3o do programa de Regulariza\u00e7\u00e3o Fundi\u00e1ria Urbana (REURB), uma demanda hist\u00f3rica aguardada h\u00e1 d\u00e9cadas pela popula\u00e7\u00e3o. Ele tamb\u00e9m citou a reformula\u00e7\u00e3o do C\u00f3digo Tribut\u00e1rio Municipal e a ado\u00e7\u00e3o de novas tecnologias, medidas que visam tornar os servi\u00e7os p\u00fablicos mais \u00e1geis, eficientes e acess\u00edveis aos cidad\u00e3os.<\/p>\n<p>Ao abordar a situa\u00e7\u00e3o financeira do munic\u00edpio, o chefe de gabinete foi enf\u00e1tico ao afirmar que a administra\u00e7\u00e3o mant\u00e9m as contas em dia. A folha de pagamento dos servidores foi quitada no dia 24 de abril e, at\u00e9 o encerramento do m\u00eas, todos os fornecedores estavam sendo pagos regularmente. \u201cHoje, a Prefeitura est\u00e1 com zero d\u00edvidas a serem quitadas referentes ao m\u00eas de abril\u201d, garantiu.<\/p>\n<p>As a\u00e7\u00f5es, de acordo com Gilson Paiva, refor\u00e7am o compromisso da gest\u00e3o com o equil\u00edbrio fiscal e o desenvolvimento urbano, consolidando um cen\u00e1rio de organiza\u00e7\u00e3o financeira aliado \u00e0 execu\u00e7\u00e3o de obras e projetos estruturantes.<\/p>\n<p>A cerim\u00f4nia tamb\u00e9m evidenciou o alinhamento entre os poderes Executivo e Legislativo, demonstrando a uni\u00e3o institucional em torno de investimentos estruturais e sociais que buscam melhorar a qualidade de vida da popula\u00e7\u00e3o e fortalecer as pol\u00edticas p\u00fablicas no munic\u00edpio de Anhanguera.<\/p>\n<p><img loading=\"lazy\" decoding=\"async\" class=\"alignnone size-full wp-image-49963\" src=\"https:\/\/juacontecimentos.com.br\/site\/wp-content\/uploads\/2026\/04\/IMG_20260429_080217-scaled.jpg\" alt=\"\" width=\"2560\" height=\"1444\" srcset=\"https:\/\/juacontecimentos.com.br\/site\/wp-content\/uploads\/2026\/04\/IMG_20260429_080217-scaled.jpg 2560w, https:\/\/juacontecimentos.com.br\/site\/wp-content\/uploads\/2026\/04\/IMG_20260429_080217-300x169.jpg 300w, https:\/\/juacontecimentos.com.br\/site\/wp-content\/uploads\/2026\/04\/IMG_20260429_080217-1024x578.jpg 1024w, https:\/\/juacontecimentos.com.br\/site\/wp-content\/uploads\/2026\/04\/IMG_20260429_080217-768x433.jpg 768w, https:\/\/juacontecimentos.com.br\/site\/wp-content\/uploads\/2026\/04\/IMG_20260429_080217-1536x866.jpg 1536w, https:\/\/juacontecimentos.com.br\/site\/wp-content\/uploads\/2026\/04\/IMG_20260429_080217-2048x1155.jpg 2048w\" sizes=\"auto, (max-width: 2560px) 100vw, 2560px\" \/><img loading=\"lazy\" decoding=\"async\" class=\"alignnone size-full wp-image-49961\" src=\"https:\/\/juacontecimentos.com.br\/site\/wp-content\/uploads\/2026\/04\/IMG_20260429_080253_1-scaled.jpg\" alt=\"\" width=\"2560\" height=\"1444\" srcset=\"https:\/\/juacontecimentos.com.br\/site\/wp-content\/uploads\/2026\/04\/IMG_20260429_080253_1-scaled.jpg 2560w, https:\/\/juacontecimentos.com.br\/site\/wp-content\/uploads\/2026\/04\/IMG_20260429_080253_1-300x169.jpg 300w, https:\/\/juacontecimentos.com.br\/site\/wp-content\/uploads\/2026\/04\/IMG_20260429_080253_1-1024x578.jpg 1024w, https:\/\/juacontecimentos.com.br\/site\/wp-content\/uploads\/2026\/04\/IMG_20260429_080253_1-768x433.jpg 768w, https:\/\/juacontecimentos.com.br\/site\/wp-content\/uploads\/2026\/04\/IMG_20260429_080253_1-1536x866.jpg 1536w, https:\/\/juacontecimentos.com.br\/site\/wp-content\/uploads\/2026\/04\/IMG_20260429_080253_1-2048x1155.jpg 2048w\" sizes=\"auto, (max-width: 2560px) 100vw, 2560px\" \/><img loading=\"lazy\" decoding=\"async\" class=\"alignnone size-full wp-image-49960\" src=\"https:\/\/juacontecimentos.com.br\/site\/wp-content\/uploads\/2026\/04\/IMG_20260429_080309-scaled.jpg\" alt=\"\" width=\"2560\" height=\"1444\" srcset=\"https:\/\/juacontecimentos.com.br\/site\/wp-content\/uploads\/2026\/04\/IMG_20260429_080309-scaled.jpg 2560w, https:\/\/juacontecimentos.com.br\/site\/wp-content\/uploads\/2026\/04\/IMG_20260429_080309-300x169.jpg 300w, https:\/\/juacontecimentos.com.br\/site\/wp-content\/uploads\/2026\/04\/IMG_20260429_080309-1024x578.jpg 1024w, https:\/\/juacontecimentos.com.br\/site\/wp-content\/uploads\/2026\/04\/IMG_20260429_080309-768x433.jpg 768w, https:\/\/juacontecimentos.com.br\/site\/wp-content\/uploads\/2026\/04\/IMG_20260429_080309-1536x866.jpg 1536w, https:\/\/juacontecimentos.com.br\/site\/wp-content\/uploads\/2026\/04\/IMG_20260429_080309-2048x1155.jpg 2048w\" sizes=\"auto, (max-width: 2560px) 100vw, 2560px\" \/> <img loading=\"lazy\" decoding=\"async\" class=\"alignnone size-full wp-image-49964\" src=\"https:\/\/juacontecimentos.com.br\/site\/wp-content\/uploads\/2026\/04\/IMG_20260429_075854-scaled.jpg\" alt=\"\" width=\"2560\" height=\"1444\" srcset=\"https:\/\/juacontecimentos.com.br\/site\/wp-content\/uploads\/2026\/04\/IMG_20260429_075854-scaled.jpg 2560w, https:\/\/juacontecimentos.com.br\/site\/wp-content\/uploads\/2026\/04\/IMG_20260429_075854-300x169.jpg 300w, https:\/\/juacontecimentos.com.br\/site\/wp-content\/uploads\/2026\/04\/IMG_20260429_075854-1024x578.jpg 1024w, https:\/\/juacontecimentos.com.br\/site\/wp-content\/uploads\/2026\/04\/IMG_20260429_075854-768x433.jpg 768w, https:\/\/juacontecimentos.com.br\/site\/wp-content\/uploads\/2026\/04\/IMG_20260429_075854-1536x866.jpg 1536w, https:\/\/juacontecimentos.com.br\/site\/wp-content\/uploads\/2026\/04\/IMG_20260429_075854-2048x1155.jpg 2048w\" sizes=\"auto, (max-width: 2560px) 100vw, 2560px\" \/> <img loading=\"lazy\" decoding=\"async\" class=\"alignnone size-full wp-image-49965\" src=\"https:\/\/juacontecimentos.com.br\/site\/wp-content\/uploads\/2026\/04\/IMG_20260429_075712-scaled.jpg\" alt=\"\" width=\"2560\" height=\"1444\" srcset=\"https:\/\/juacontecimentos.com.br\/site\/wp-content\/uploads\/2026\/04\/IMG_20260429_075712-scaled.jpg 2560w, https:\/\/juacontecimentos.com.br\/site\/wp-content\/uploads\/2026\/04\/IMG_20260429_075712-300x169.jpg 300w, https:\/\/juacontecimentos.com.br\/site\/wp-content\/uploads\/2026\/04\/IMG_20260429_075712-1024x578.jpg 1024w, https:\/\/juacontecimentos.com.br\/site\/wp-content\/uploads\/2026\/04\/IMG_20260429_075712-768x433.jpg 768w, https:\/\/juacontecimentos.com.br\/site\/wp-content\/uploads\/2026\/04\/IMG_20260429_075712-1536x866.jpg 1536w, https:\/\/juacontecimentos.com.br\/site\/wp-content\/uploads\/2026\/04\/IMG_20260429_075712-2048x1155.jpg 2048w\" sizes=\"auto, (max-width: 2560px) 100vw, 2560px\" \/> <img loading=\"lazy\" decoding=\"async\" class=\"alignnone size-full wp-image-49967\" src=\"https:\/\/juacontecimentos.com.br\/site\/wp-content\/uploads\/2026\/04\/IMG_20260429_075634-scaled.jpg\" alt=\"\" width=\"2560\" height=\"1444\" srcset=\"https:\/\/juacontecimentos.com.br\/site\/wp-content\/uploads\/2026\/04\/IMG_20260429_075634-scaled.jpg 2560w, https:\/\/juacontecimentos.com.br\/site\/wp-content\/uploads\/2026\/04\/IMG_20260429_075634-300x169.jpg 300w, https:\/\/juacontecimentos.com.br\/site\/wp-content\/uploads\/2026\/04\/IMG_20260429_075634-1024x578.jpg 1024w, https:\/\/juacontecimentos.com.br\/site\/wp-content\/uploads\/2026\/04\/IMG_20260429_075634-768x433.jpg 768w, https:\/\/juacontecimentos.com.br\/site\/wp-content\/uploads\/2026\/04\/IMG_20260429_075634-1536x866.jpg 1536w, https:\/\/juacontecimentos.com.br\/site\/wp-content\/uploads\/2026\/04\/IMG_20260429_075634-2048x1155.jpg 2048w\" sizes=\"auto, (max-width: 2560px) 100vw, 2560px\" \/> <img loading=\"lazy\" decoding=\"async\" class=\"alignnone wp-image-49969 size-full\" src=\"https:\/\/juacontecimentos.com.br\/site\/wp-content\/uploads\/2026\/04\/IMG_20260429_075337-scaled-e1777471098182.jpg\" alt=\"\" width=\"2415\" height=\"1344\" srcset=\"https:\/\/juacontecimentos.com.br\/site\/wp-content\/uploads\/2026\/04\/IMG_20260429_075337-scaled-e1777471098182.jpg 2415w, https:\/\/juacontecimentos.com.br\/site\/wp-content\/uploads\/2026\/04\/IMG_20260429_075337-scaled-e1777471098182-300x167.jpg 300w, https:\/\/juacontecimentos.com.br\/site\/wp-content\/uploads\/2026\/04\/IMG_20260429_075337-scaled-e1777471098182-1024x570.jpg 1024w, https:\/\/juacontecimentos.com.br\/site\/wp-content\/uploads\/2026\/04\/IMG_20260429_075337-scaled-e1777471098182-768x427.jpg 768w, https:\/\/juacontecimentos.com.br\/site\/wp-content\/uploads\/2026\/04\/IMG_20260429_075337-scaled-e1777471098182-1536x855.jpg 1536w, https:\/\/juacontecimentos.com.br\/site\/wp-content\/uploads\/2026\/04\/IMG_20260429_075337-scaled-e1777471098182-2048x1140.jpg 2048w\" sizes=\"auto, (max-width: 2415px) 100vw, 2415px\" \/><\/p>\n<p>&nbsp;<\/p>\n","protected":false},"excerpt":{"rendered":"<p>A Prefeitura de Anhanguera realizou, na manh\u00e3 desta quarta-feira, 29 de abril, a cerim\u00f4nia de assinatura de duas ordens de servi\u00e7o que marcam o in\u00edcio de importantes obras no munic\u00edpio, com destaque para a reforma e amplia\u00e7\u00e3o do Espa\u00e7o de Servi\u00e7o de Conviv\u00eancia e Fortalecimento de V\u00ednculos, localizado no Centro de Refer\u00eancia de Assist\u00eancia Social<\/p>\n","protected":false},"author":2,"featured_media":49977,"comment_status":"closed","ping_status":"closed","sticky":false,"template":"","format":"standard","meta":{"footnotes":""},"categories":[27,22,26,23],"tags":[],"class_list":["post-49956","post","type-post","status-publish","format-standard","has-post-thumbnail","hentry","category-brasil","category-catalao","category-destaque","category-goias"],"yoast_head":"<!-- This site is optimized with the Yoast SEO plugin v25.8 - https:\/\/yoast.com\/wordpress\/plugins\/seo\/ -->\n<title>Prefeito Marcelo Paiva assina ordens de servi\u00e7o e impulsiona avan\u00e7os estruturais e sociais em Anhanguera - Jornal Ultimos Acontecimentos<\/title>\n<meta name=\"robots\" content=\"index, follow, max-snippet:-1, max-image-preview:large, max-video-preview:-1\" \/>\n<link rel=\"canonical\" href=\"https:\/\/juacontecimentos.com.br\/site\/prefeito-marcelo-paiva-assina-duas-ordens-de-servico-e-destaca-avancos-estruturais-e-sociais-em-anhanguera\/\" \/>\n<meta property=\"og:locale\" content=\"pt_BR\" \/>\n<meta property=\"og:type\" content=\"article\" \/>\n<meta property=\"og:title\" content=\"Prefeito Marcelo Paiva assina ordens de servi\u00e7o e impulsiona avan\u00e7os estruturais e sociais em Anhanguera - Jornal Ultimos Acontecimentos\" \/>\n<meta property=\"og:description\" content=\"A Prefeitura de Anhanguera realizou, na manh\u00e3 desta quarta-feira, 29 de abril, a cerim\u00f4nia de assinatura de duas ordens de servi\u00e7o que marcam o in\u00edcio de importantes obras no munic\u00edpio, com destaque para a reforma e amplia\u00e7\u00e3o do Espa\u00e7o de Servi\u00e7o de Conviv\u00eancia e Fortalecimento de V\u00ednculos, localizado no Centro de Refer\u00eancia de Assist\u00eancia Social\" \/>\n<meta property=\"og:url\" content=\"https:\/\/juacontecimentos.com.br\/site\/prefeito-marcelo-paiva-assina-duas-ordens-de-servico-e-destaca-avancos-estruturais-e-sociais-em-anhanguera\/\" \/>\n<meta property=\"og:site_name\" content=\"Jornal Ultimos Acontecimentos\" \/>\n<meta property=\"article:publisher\" content=\"https:\/\/www.facebook.com\/jultimosacontecimentos\/\" \/>\n<meta property=\"article:published_time\" content=\"2026-04-29T13:50:55+00:00\" \/>\n<meta property=\"article:modified_time\" content=\"2026-04-29T14:10:32+00:00\" \/>\n<meta property=\"og:image\" content=\"https:\/\/juacontecimentos.com.br\/site\/wp-content\/uploads\/2026\/04\/mm-scaled.jpg\" \/>\n\t<meta property=\"og:image:width\" content=\"2560\" \/>\n\t<meta property=\"og:image:height\" content=\"1469\" \/>\n\t<meta property=\"og:image:type\" content=\"image\/jpeg\" \/>\n<meta name=\"author\" content=\"Reginaldo Ribeiro\" \/>\n<meta name=\"twitter:card\" content=\"summary_large_image\" \/>\n<meta name=\"twitter:label1\" content=\"Escrito por\" \/>\n\t<meta name=\"twitter:data1\" content=\"Reginaldo Ribeiro\" \/>\n\t<meta name=\"twitter:label2\" content=\"Est. tempo de leitura\" \/>\n\t<meta name=\"twitter:data2\" content=\"8 minutos\" \/>\n<script type=\"application\/ld+json\" class=\"yoast-schema-graph\">{\"@context\":\"https:\/\/schema.org\",\"@graph\":[{\"@type\":\"Article\",\"@id\":\"https:\/\/juacontecimentos.com.br\/site\/prefeito-marcelo-paiva-assina-duas-ordens-de-servico-e-destaca-avancos-estruturais-e-sociais-em-anhanguera\/#article\",\"isPartOf\":{\"@id\":\"https:\/\/juacontecimentos.com.br\/site\/prefeito-marcelo-paiva-assina-duas-ordens-de-servico-e-destaca-avancos-estruturais-e-sociais-em-anhanguera\/\"},\"author\":{\"name\":\"Reginaldo Ribeiro\",\"@id\":\"https:\/\/juacontecimentos.com.br\/site\/#\/schema\/person\/082a54e6d3fdd7a633291428521c9669\"},\"headline\":\"Prefeito Marcelo Paiva assina ordens de servi\u00e7o e impulsiona avan\u00e7os estruturais e sociais em Anhanguera\",\"datePublished\":\"2026-04-29T13:50:55+00:00\",\"dateModified\":\"2026-04-29T14:10:32+00:00\",\"mainEntityOfPage\":{\"@id\":\"https:\/\/juacontecimentos.com.br\/site\/prefeito-marcelo-paiva-assina-duas-ordens-de-servico-e-destaca-avancos-estruturais-e-sociais-em-anhanguera\/\"},\"wordCount\":1290,\"publisher\":{\"@id\":\"https:\/\/juacontecimentos.com.br\/site\/#organization\"},\"image\":{\"@id\":\"https:\/\/juacontecimentos.com.br\/site\/prefeito-marcelo-paiva-assina-duas-ordens-de-servico-e-destaca-avancos-estruturais-e-sociais-em-anhanguera\/#primaryimage\"},\"thumbnailUrl\":\"https:\/\/juacontecimentos.com.br\/site\/wp-content\/uploads\/2026\/04\/mm-scaled.jpg\",\"articleSection\":[\"Brasil\",\"Catal\u00e3o\",\"Destaque\",\"Goi\u00e1s\"],\"inLanguage\":\"pt-BR\"},{\"@type\":\"WebPage\",\"@id\":\"https:\/\/juacontecimentos.com.br\/site\/prefeito-marcelo-paiva-assina-duas-ordens-de-servico-e-destaca-avancos-estruturais-e-sociais-em-anhanguera\/\",\"url\":\"https:\/\/juacontecimentos.com.br\/site\/prefeito-marcelo-paiva-assina-duas-ordens-de-servico-e-destaca-avancos-estruturais-e-sociais-em-anhanguera\/\",\"name\":\"Prefeito Marcelo Paiva assina ordens de servi\u00e7o e impulsiona avan\u00e7os estruturais e sociais em Anhanguera - Jornal Ultimos Acontecimentos\",\"isPartOf\":{\"@id\":\"https:\/\/juacontecimentos.com.br\/site\/#website\"},\"primaryImageOfPage\":{\"@id\":\"https:\/\/juacontecimentos.com.br\/site\/prefeito-marcelo-paiva-assina-duas-ordens-de-servico-e-destaca-avancos-estruturais-e-sociais-em-anhanguera\/#primaryimage\"},\"image\":{\"@id\":\"https:\/\/juacontecimentos.com.br\/site\/prefeito-marcelo-paiva-assina-duas-ordens-de-servico-e-destaca-avancos-estruturais-e-sociais-em-anhanguera\/#primaryimage\"},\"thumbnailUrl\":\"https:\/\/juacontecimentos.com.br\/site\/wp-content\/uploads\/2026\/04\/mm-scaled.jpg\",\"datePublished\":\"2026-04-29T13:50:55+00:00\",\"dateModified\":\"2026-04-29T14:10:32+00:00\",\"breadcrumb\":{\"@id\":\"https:\/\/juacontecimentos.com.br\/site\/prefeito-marcelo-paiva-assina-duas-ordens-de-servico-e-destaca-avancos-estruturais-e-sociais-em-anhanguera\/#breadcrumb\"},\"inLanguage\":\"pt-BR\",\"potentialAction\":[{\"@type\":\"ReadAction\",\"target\":[\"https:\/\/juacontecimentos.com.br\/site\/prefeito-marcelo-paiva-assina-duas-ordens-de-servico-e-destaca-avancos-estruturais-e-sociais-em-anhanguera\/\"]}]},{\"@type\":\"ImageObject\",\"inLanguage\":\"pt-BR\",\"@id\":\"https:\/\/juacontecimentos.com.br\/site\/prefeito-marcelo-paiva-assina-duas-ordens-de-servico-e-destaca-avancos-estruturais-e-sociais-em-anhanguera\/#primaryimage\",\"url\":\"https:\/\/juacontecimentos.com.br\/site\/wp-content\/uploads\/2026\/04\/mm-scaled.jpg\",\"contentUrl\":\"https:\/\/juacontecimentos.com.br\/site\/wp-content\/uploads\/2026\/04\/mm-scaled.jpg\",\"width\":2560,\"height\":1469},{\"@type\":\"BreadcrumbList\",\"@id\":\"https:\/\/juacontecimentos.com.br\/site\/prefeito-marcelo-paiva-assina-duas-ordens-de-servico-e-destaca-avancos-estruturais-e-sociais-em-anhanguera\/#breadcrumb\",\"itemListElement\":[{\"@type\":\"ListItem\",\"position\":1,\"name\":\"In\u00edcio\",\"item\":\"https:\/\/juacontecimentos.com.br\/site\/\"},{\"@type\":\"ListItem\",\"position\":2,\"name\":\"Prefeito Marcelo Paiva assina ordens de servi\u00e7o e impulsiona avan\u00e7os estruturais e sociais em Anhanguera\"}]},{\"@type\":\"WebSite\",\"@id\":\"https:\/\/juacontecimentos.com.br\/site\/#website\",\"url\":\"https:\/\/juacontecimentos.com.br\/site\/\",\"name\":\"Jornal Ultimos Acontecimentos\",\"description\":\"Catal\u00e3o e regi\u00e3o\",\"publisher\":{\"@id\":\"https:\/\/juacontecimentos.com.br\/site\/#organization\"},\"potentialAction\":[{\"@type\":\"SearchAction\",\"target\":{\"@type\":\"EntryPoint\",\"urlTemplate\":\"https:\/\/juacontecimentos.com.br\/site\/?s={search_term_string}\"},\"query-input\":{\"@type\":\"PropertyValueSpecification\",\"valueRequired\":true,\"valueName\":\"search_term_string\"}}],\"inLanguage\":\"pt-BR\"},{\"@type\":\"Organization\",\"@id\":\"https:\/\/juacontecimentos.com.br\/site\/#organization\",\"name\":\"Jornal Ultimos Acontecimentos\",\"url\":\"https:\/\/juacontecimentos.com.br\/site\/\",\"logo\":{\"@type\":\"ImageObject\",\"inLanguage\":\"pt-BR\",\"@id\":\"https:\/\/juacontecimentos.com.br\/site\/#\/schema\/logo\/image\/\",\"url\":\"https:\/\/juacontecimentos.com.br\/site\/wp-content\/uploads\/2023\/04\/Logo_Site.png\",\"contentUrl\":\"https:\/\/juacontecimentos.com.br\/site\/wp-content\/uploads\/2023\/04\/Logo_Site.png\",\"width\":2476,\"height\":530,\"caption\":\"Jornal Ultimos Acontecimentos\"},\"image\":{\"@id\":\"https:\/\/juacontecimentos.com.br\/site\/#\/schema\/logo\/image\/\"},\"sameAs\":[\"https:\/\/www.facebook.com\/jultimosacontecimentos\/\"]},{\"@type\":\"Person\",\"@id\":\"https:\/\/juacontecimentos.com.br\/site\/#\/schema\/person\/082a54e6d3fdd7a633291428521c9669\",\"name\":\"Reginaldo Ribeiro\",\"image\":{\"@type\":\"ImageObject\",\"inLanguage\":\"pt-BR\",\"@id\":\"https:\/\/juacontecimentos.com.br\/site\/#\/schema\/person\/image\/\",\"url\":\"https:\/\/secure.gravatar.com\/avatar\/5c16c6837c3490270a74d888c2a845728f06bdde1f8761de1de1d1d1ef82d12f?s=96&d=mm&r=g\",\"contentUrl\":\"https:\/\/secure.gravatar.com\/avatar\/5c16c6837c3490270a74d888c2a845728f06bdde1f8761de1de1d1d1ef82d12f?s=96&d=mm&r=g\",\"caption\":\"Reginaldo Ribeiro\"}}]}<\/script>\n<!-- \/ Yoast SEO plugin. -->","yoast_head_json":{"title":"Prefeito Marcelo Paiva assina ordens de servi\u00e7o e impulsiona avan\u00e7os estruturais e sociais em Anhanguera - Jornal Ultimos Acontecimentos","robots":{"index":"index","follow":"follow","max-snippet":"max-snippet:-1","max-image-preview":"max-image-preview:large","max-video-preview":"max-video-preview:-1"},"canonical":"https:\/\/juacontecimentos.com.br\/site\/prefeito-marcelo-paiva-assina-duas-ordens-de-servico-e-destaca-avancos-estruturais-e-sociais-em-anhanguera\/","og_locale":"pt_BR","og_type":"article","og_title":"Prefeito Marcelo Paiva assina ordens de servi\u00e7o e impulsiona avan\u00e7os estruturais e sociais em Anhanguera - Jornal Ultimos Acontecimentos","og_description":"A Prefeitura de Anhanguera realizou, na manh\u00e3 desta quarta-feira, 29 de abril, a cerim\u00f4nia de assinatura de duas ordens de servi\u00e7o que marcam o in\u00edcio de importantes obras no munic\u00edpio, com destaque para a reforma e amplia\u00e7\u00e3o do Espa\u00e7o de Servi\u00e7o de Conviv\u00eancia e Fortalecimento de V\u00ednculos, localizado no Centro de Refer\u00eancia de Assist\u00eancia Social","og_url":"https:\/\/juacontecimentos.com.br\/site\/prefeito-marcelo-paiva-assina-duas-ordens-de-servico-e-destaca-avancos-estruturais-e-sociais-em-anhanguera\/","og_site_name":"Jornal Ultimos Acontecimentos","article_publisher":"https:\/\/www.facebook.com\/jultimosacontecimentos\/","article_published_time":"2026-04-29T13:50:55+00:00","article_modified_time":"2026-04-29T14:10:32+00:00","og_image":[{"width":2560,"height":1469,"url":"https:\/\/juacontecimentos.com.br\/site\/wp-content\/uploads\/2026\/04\/mm-scaled.jpg","type":"image\/jpeg"}],"author":"Reginaldo Ribeiro","twitter_card":"summary_large_image","twitter_misc":{"Escrito por":"Reginaldo Ribeiro","Est. tempo de leitura":"8 minutos"},"schema":{"@context":"https:\/\/schema.org","@graph":[{"@type":"Article","@id":"https:\/\/juacontecimentos.com.br\/site\/prefeito-marcelo-paiva-assina-duas-ordens-de-servico-e-destaca-avancos-estruturais-e-sociais-em-anhanguera\/#article","isPartOf":{"@id":"https:\/\/juacontecimentos.com.br\/site\/prefeito-marcelo-paiva-assina-duas-ordens-de-servico-e-destaca-avancos-estruturais-e-sociais-em-anhanguera\/"},"author":{"name":"Reginaldo Ribeiro","@id":"https:\/\/juacontecimentos.com.br\/site\/#\/schema\/person\/082a54e6d3fdd7a633291428521c9669"},"headline":"Prefeito Marcelo Paiva assina ordens de servi\u00e7o e impulsiona avan\u00e7os estruturais e sociais em Anhanguera","datePublished":"2026-04-29T13:50:55+00:00","dateModified":"2026-04-29T14:10:32+00:00","mainEntityOfPage":{"@id":"https:\/\/juacontecimentos.com.br\/site\/prefeito-marcelo-paiva-assina-duas-ordens-de-servico-e-destaca-avancos-estruturais-e-sociais-em-anhanguera\/"},"wordCount":1290,"publisher":{"@id":"https:\/\/juacontecimentos.com.br\/site\/#organization"},"image":{"@id":"https:\/\/juacontecimentos.com.br\/site\/prefeito-marcelo-paiva-assina-duas-ordens-de-servico-e-destaca-avancos-estruturais-e-sociais-em-anhanguera\/#primaryimage"},"thumbnailUrl":"https:\/\/juacontecimentos.com.br\/site\/wp-content\/uploads\/2026\/04\/mm-scaled.jpg","articleSection":["Brasil","Catal\u00e3o","Destaque","Goi\u00e1s"],"inLanguage":"pt-BR"},{"@type":"WebPage","@id":"https:\/\/juacontecimentos.com.br\/site\/prefeito-marcelo-paiva-assina-duas-ordens-de-servico-e-destaca-avancos-estruturais-e-sociais-em-anhanguera\/","url":"https:\/\/juacontecimentos.com.br\/site\/prefeito-marcelo-paiva-assina-duas-ordens-de-servico-e-destaca-avancos-estruturais-e-sociais-em-anhanguera\/","name":"Prefeito Marcelo Paiva assina ordens de servi\u00e7o e impulsiona avan\u00e7os estruturais e sociais em Anhanguera - Jornal Ultimos Acontecimentos","isPartOf":{"@id":"https:\/\/juacontecimentos.com.br\/site\/#website"},"primaryImageOfPage":{"@id":"https:\/\/juacontecimentos.com.br\/site\/prefeito-marcelo-paiva-assina-duas-ordens-de-servico-e-destaca-avancos-estruturais-e-sociais-em-anhanguera\/#primaryimage"},"image":{"@id":"https:\/\/juacontecimentos.com.br\/site\/prefeito-marcelo-paiva-assina-duas-ordens-de-servico-e-destaca-avancos-estruturais-e-sociais-em-anhanguera\/#primaryimage"},"thumbnailUrl":"https:\/\/juacontecimentos.com.br\/site\/wp-content\/uploads\/2026\/04\/mm-scaled.jpg","datePublished":"2026-04-29T13:50:55+00:00","dateModified":"2026-04-29T14:10:32+00:00","breadcrumb":{"@id":"https:\/\/juacontecimentos.com.br\/site\/prefeito-marcelo-paiva-assina-duas-ordens-de-servico-e-destaca-avancos-estruturais-e-sociais-em-anhanguera\/#breadcrumb"},"inLanguage":"pt-BR","potentialAction":[{"@type":"ReadAction","target":["https:\/\/juacontecimentos.com.br\/site\/prefeito-marcelo-paiva-assina-duas-ordens-de-servico-e-destaca-avancos-estruturais-e-sociais-em-anhanguera\/"]}]},{"@type":"ImageObject","inLanguage":"pt-BR","@id":"https:\/\/juacontecimentos.com.br\/site\/prefeito-marcelo-paiva-assina-duas-ordens-de-servico-e-destaca-avancos-estruturais-e-sociais-em-anhanguera\/#primaryimage","url":"https:\/\/juacontecimentos.com.br\/site\/wp-content\/uploads\/2026\/04\/mm-scaled.jpg","contentUrl":"https:\/\/juacontecimentos.com.br\/site\/wp-content\/uploads\/2026\/04\/mm-scaled.jpg","width":2560,"height":1469},{"@type":"BreadcrumbList","@id":"https:\/\/juacontecimentos.com.br\/site\/prefeito-marcelo-paiva-assina-duas-ordens-de-servico-e-destaca-avancos-estruturais-e-sociais-em-anhanguera\/#breadcrumb","itemListElement":[{"@type":"ListItem","position":1,"name":"In\u00edcio","item":"https:\/\/juacontecimentos.com.br\/site\/"},{"@type":"ListItem","position":2,"name":"Prefeito Marcelo Paiva assina ordens de servi\u00e7o e impulsiona avan\u00e7os estruturais e sociais em Anhanguera"}]},{"@type":"WebSite","@id":"https:\/\/juacontecimentos.com.br\/site\/#website","url":"https:\/\/juacontecimentos.com.br\/site\/","name":"Jornal Ultimos Acontecimentos","description":"Catal\u00e3o e regi\u00e3o","publisher":{"@id":"https:\/\/juacontecimentos.com.br\/site\/#organization"},"potentialAction":[{"@type":"SearchAction","target":{"@type":"EntryPoint","urlTemplate":"https:\/\/juacontecimentos.com.br\/site\/?s={search_term_string}"},"query-input":{"@type":"PropertyValueSpecification","valueRequired":true,"valueName":"search_term_string"}}],"inLanguage":"pt-BR"},{"@type":"Organization","@id":"https:\/\/juacontecimentos.com.br\/site\/#organization","name":"Jornal Ultimos Acontecimentos","url":"https:\/\/juacontecimentos.com.br\/site\/","logo":{"@type":"ImageObject","inLanguage":"pt-BR","@id":"https:\/\/juacontecimentos.com.br\/site\/#\/schema\/logo\/image\/","url":"https:\/\/juacontecimentos.com.br\/site\/wp-content\/uploads\/2023\/04\/Logo_Site.png","contentUrl":"https:\/\/juacontecimentos.com.br\/site\/wp-content\/uploads\/2023\/04\/Logo_Site.png","width":2476,"height":530,"caption":"Jornal Ultimos Acontecimentos"},"image":{"@id":"https:\/\/juacontecimentos.com.br\/site\/#\/schema\/logo\/image\/"},"sameAs":["https:\/\/www.facebook.com\/jultimosacontecimentos\/"]},{"@type":"Person","@id":"https:\/\/juacontecimentos.com.br\/site\/#\/schema\/person\/082a54e6d3fdd7a633291428521c9669","name":"Reginaldo Ribeiro","image":{"@type":"ImageObject","inLanguage":"pt-BR","@id":"https:\/\/juacontecimentos.com.br\/site\/#\/schema\/person\/image\/","url":"https:\/\/secure.gravatar.com\/avatar\/5c16c6837c3490270a74d888c2a845728f06bdde1f8761de1de1d1d1ef82d12f?s=96&d=mm&r=g","contentUrl":"https:\/\/secure.gravatar.com\/avatar\/5c16c6837c3490270a74d888c2a845728f06bdde1f8761de1de1d1d1ef82d12f?s=96&d=mm&r=g","caption":"Reginaldo Ribeiro"}}]}},"_links":{"self":[{"href":"https:\/\/juacontecimentos.com.br\/site\/wp-json\/wp\/v2\/posts\/49956","targetHints":{"allow":["GET"]}}],"collection":[{"href":"https:\/\/juacontecimentos.com.br\/site\/wp-json\/wp\/v2\/posts"}],"about":[{"href":"https:\/\/juacontecimentos.com.br\/site\/wp-json\/wp\/v2\/types\/post"}],"author":[{"embeddable":true,"href":"https:\/\/juacontecimentos.com.br\/site\/wp-json\/wp\/v2\/users\/2"}],"replies":[{"embeddable":true,"href":"https:\/\/juacontecimentos.com.br\/site\/wp-json\/wp\/v2\/comments?post=49956"}],"version-history":[{"count":8,"href":"https:\/\/juacontecimentos.com.br\/site\/wp-json\/wp\/v2\/posts\/49956\/revisions"}],"predecessor-version":[{"id":49978,"href":"https:\/\/juacontecimentos.com.br\/site\/wp-json\/wp\/v2\/posts\/49956\/revisions\/49978"}],"wp:featuredmedia":[{"embeddable":true,"href":"https:\/\/juacontecimentos.com.br\/site\/wp-json\/wp\/v2\/media\/49977"}],"wp:attachment":[{"href":"https:\/\/juacontecimentos.com.br\/site\/wp-json\/wp\/v2\/media?parent=49956"}],"wp:term":[{"taxonomy":"category","embeddable":true,"href":"https:\/\/juacontecimentos.com.br\/site\/wp-json\/wp\/v2\/categories?post=49956"},{"taxonomy":"post_tag","embeddable":true,"href":"https:\/\/juacontecimentos.com.br\/site\/wp-json\/wp\/v2\/tags?post=49956"}],"curies":[{"name":"wp","href":"https:\/\/api.w.org\/{rel}","templated":true}]}}