{"id":49979,"date":"2026-04-29T19:14:13","date_gmt":"2026-04-29T22:14:13","guid":{"rendered":"https:\/\/juacontecimentos.com.br\/site\/?p=49979"},"modified":"2026-04-29T22:55:44","modified_gmt":"2026-04-30T01:55:44","slug":"inauguracao-da-creche-cmei-manuela-rosa-da-silva-marca-novo-capitulo-educativo-em-campo-alegre-de-goias","status":"publish","type":"post","link":"https:\/\/juacontecimentos.com.br\/site\/inauguracao-da-creche-cmei-manuela-rosa-da-silva-marca-novo-capitulo-educativo-em-campo-alegre-de-goias\/","title":{"rendered":"Inaugura\u00e7\u00e3o da creche CMEI Manuela Rosa da Silva marca novo cap\u00edtulo educativo em Campo Alegre de Goi\u00e1s"},"content":{"rendered":"<p><img loading=\"lazy\" decoding=\"async\" class=\"alignnone size-full wp-image-49981 alignleft\" src=\"https:\/\/juacontecimentos.com.br\/site\/wp-content\/uploads\/2026\/04\/IMG_20260429_161801-scaled.jpg\" alt=\"\" width=\"2560\" height=\"1444\" srcset=\"https:\/\/juacontecimentos.com.br\/site\/wp-content\/uploads\/2026\/04\/IMG_20260429_161801-scaled.jpg 2560w, https:\/\/juacontecimentos.com.br\/site\/wp-content\/uploads\/2026\/04\/IMG_20260429_161801-300x169.jpg 300w, https:\/\/juacontecimentos.com.br\/site\/wp-content\/uploads\/2026\/04\/IMG_20260429_161801-1024x578.jpg 1024w, https:\/\/juacontecimentos.com.br\/site\/wp-content\/uploads\/2026\/04\/IMG_20260429_161801-768x433.jpg 768w, https:\/\/juacontecimentos.com.br\/site\/wp-content\/uploads\/2026\/04\/IMG_20260429_161801-1536x866.jpg 1536w, https:\/\/juacontecimentos.com.br\/site\/wp-content\/uploads\/2026\/04\/IMG_20260429_161801-2048x1155.jpg 2048w\" sizes=\"auto, (max-width: 2560px) 100vw, 2560px\" \/><\/p>\n<p>Em uma cerim\u00f4nia que reuniu autoridades, familiares e a comunidade da Vila Aurora, foi oficialmente aberta a CMEI Manuela Rosa da Silva, uma creche que surge como marco de investimento em educa\u00e7\u00e3o e assist\u00eancia social no munic\u00edpio de Campo Alegre de Goi\u00e1s. O ato ocorreu na tarde desta quarta-feira (29), na Rua Senador Teot\u00f4nio Vilela, em meio a mensagens de f\u00e9, gratid\u00e3o e reconhecimento pela trajet\u00f3ria da moradora homenageada.<\/p>\n<p><img loading=\"lazy\" decoding=\"async\" class=\"alignnone size-full wp-image-49992\" src=\"https:\/\/juacontecimentos.com.br\/site\/wp-content\/uploads\/2026\/04\/IMG_20260429_165037-scaled.jpg\" alt=\"\" width=\"2560\" height=\"1444\" srcset=\"https:\/\/juacontecimentos.com.br\/site\/wp-content\/uploads\/2026\/04\/IMG_20260429_165037-scaled.jpg 2560w, https:\/\/juacontecimentos.com.br\/site\/wp-content\/uploads\/2026\/04\/IMG_20260429_165037-300x169.jpg 300w, https:\/\/juacontecimentos.com.br\/site\/wp-content\/uploads\/2026\/04\/IMG_20260429_165037-1024x578.jpg 1024w, https:\/\/juacontecimentos.com.br\/site\/wp-content\/uploads\/2026\/04\/IMG_20260429_165037-768x433.jpg 768w, https:\/\/juacontecimentos.com.br\/site\/wp-content\/uploads\/2026\/04\/IMG_20260429_165037-1536x866.jpg 1536w, https:\/\/juacontecimentos.com.br\/site\/wp-content\/uploads\/2026\/04\/IMG_20260429_165037-2048x1155.jpg 2048w\" sizes=\"auto, (max-width: 2560px) 100vw, 2560px\" \/> <img loading=\"lazy\" decoding=\"async\" class=\"alignnone size-full wp-image-49987\" src=\"https:\/\/juacontecimentos.com.br\/site\/wp-content\/uploads\/2026\/04\/IMG_20260429_170155-scaled.jpg\" alt=\"\" width=\"2560\" height=\"1444\" srcset=\"https:\/\/juacontecimentos.com.br\/site\/wp-content\/uploads\/2026\/04\/IMG_20260429_170155-scaled.jpg 2560w, https:\/\/juacontecimentos.com.br\/site\/wp-content\/uploads\/2026\/04\/IMG_20260429_170155-300x169.jpg 300w, https:\/\/juacontecimentos.com.br\/site\/wp-content\/uploads\/2026\/04\/IMG_20260429_170155-1024x578.jpg 1024w, https:\/\/juacontecimentos.com.br\/site\/wp-content\/uploads\/2026\/04\/IMG_20260429_170155-768x433.jpg 768w, https:\/\/juacontecimentos.com.br\/site\/wp-content\/uploads\/2026\/04\/IMG_20260429_170155-1536x866.jpg 1536w, https:\/\/juacontecimentos.com.br\/site\/wp-content\/uploads\/2026\/04\/IMG_20260429_170155-2048x1155.jpg 2048w\" sizes=\"auto, (max-width: 2560px) 100vw, 2560px\" \/><\/p>\n<p>A cerim\u00f4nia contou com a presen\u00e7a do padre Herm\u00ednio, que aben\u00e7oou o novo espa\u00e7o educativo, enfatizando a gra\u00e7a de cidades que investem na forma\u00e7\u00e3o de crian\u00e7as e jovens. Em suas palavras, o religioso destacou a import\u00e2ncia de que a institui\u00e7\u00e3o seja um local de encontro entre ci\u00eancia, f\u00e9 e conviv\u00eancia humana, afirmando que as disciplinas devem visar \u00e0 busca da verdade e ao encontro com Deus.<\/p>\n<p>A programa\u00e7\u00e3o contou ainda com a participa\u00e7\u00e3o de autoridades municipais, incluindo o prefeito Douglas Sert\u00f3rio, a primeira-dama Adrieth de Sert\u00f3rio, o presidente da C\u00e2mara Cleiton Santos e diversos vereadores. Em tom de reconhecimento, o prefeito lembrou o papel estrat\u00e9gico da creche na comunidade local, destacando a devolu\u00e7\u00e3o de recursos \u00e0 obra, destinada pela C\u00e2mara, que viabilizou parte do custeio da constru\u00e7\u00e3o. O gesto \u00e9 descrito como exemplo de parceria entre Executivo, Legislativo e comunidade para o progresso do bairro Vila Aurora.<\/p>\n<p><img loading=\"lazy\" decoding=\"async\" class=\"alignnone size-full wp-image-50002\" src=\"https:\/\/juacontecimentos.com.br\/site\/wp-content\/uploads\/2026\/04\/IMG_20260429_165052-1-scaled.jpg\" alt=\"\" width=\"2560\" height=\"1463\" srcset=\"https:\/\/juacontecimentos.com.br\/site\/wp-content\/uploads\/2026\/04\/IMG_20260429_165052-1-scaled.jpg 2560w, https:\/\/juacontecimentos.com.br\/site\/wp-content\/uploads\/2026\/04\/IMG_20260429_165052-1-300x172.jpg 300w, https:\/\/juacontecimentos.com.br\/site\/wp-content\/uploads\/2026\/04\/IMG_20260429_165052-1-1024x585.jpg 1024w, https:\/\/juacontecimentos.com.br\/site\/wp-content\/uploads\/2026\/04\/IMG_20260429_165052-1-768x439.jpg 768w, https:\/\/juacontecimentos.com.br\/site\/wp-content\/uploads\/2026\/04\/IMG_20260429_165052-1-1536x878.jpg 1536w, https:\/\/juacontecimentos.com.br\/site\/wp-content\/uploads\/2026\/04\/IMG_20260429_165052-1-2048x1171.jpg 2048w\" sizes=\"auto, (max-width: 2560px) 100vw, 2560px\" \/><\/p>\n<p>Durante as falas, foi destacada a trajet\u00f3ria de Dona Manoela, moradora homenageada com a inaugura\u00e7\u00e3o da creche. Familiares agradeceram o apoio \u00e0 constru\u00e7\u00e3o e ressaltaram o legado de luta por educa\u00e7\u00e3o, sa\u00fade e cidadania. Em especial, Val\u00e9ria de F\u00e1tima e Silva contou a hist\u00f3ria da fam\u00edlia e a import\u00e2ncia de manter a mem\u00f3ria da comunidade viva por meio de iniciativas que promovam conhecimento e respeito \u00e0s tradi\u00e7\u00f5es locais.<\/p>\n<p>O ex-prefeito Z\u00e9 Ant\u00f4nio refor\u00e7ou a ideia de que a creche representa n\u00e3o apenas uma estrutura f\u00edsica, mas um s\u00edmbolo de continuidade de pol\u00edticas p\u00fablicas de moradia, educa\u00e7\u00e3o e inclus\u00e3o. Ele mencionou tamb\u00e9m que a obra foi resultado de esfor\u00e7o conjunto: reconhecimento da lideran\u00e7a comunit\u00e1ria, apoio legislativo e colabora\u00e7\u00e3o institucional, com foco no benef\u00edcio direto \u00e0s m\u00e3es e \u00e0s crian\u00e7as da Vila Aurora.<\/p>\n<p>Entre as homenagens, a cerim\u00f4nia prestou tributo aos esfor\u00e7os da comunidade, lembrando que a creche nasceu a partir de sonhos antigos de moradores como Z\u00e9 Ant\u00f4nio e a ex-prefeita Cidinha, reafirmando que o local servir\u00e1 como espa\u00e7o de forma\u00e7\u00e3o humana, integra\u00e7\u00e3o social e desenvolvimento educacional. O evento contou com a presen\u00e7a de representantes da Pol\u00edcia Militar, bem como figuras pol\u00edticas que destacaram a relev\u00e2ncia de investir no futuro das crian\u00e7as para o crescimento sustent\u00e1vel da cidade.<\/p>\n<p>A inaugura\u00e7\u00e3o do CMEI Manuela Rosa da Silva \u00e9 vista pelos organizadores como o come\u00e7o de uma nova fase para a educa\u00e7\u00e3o no munic\u00edpio, com a esperan\u00e7a de que educandos encontrem nos educadores n\u00e3o apenas conhecimento, mas a presen\u00e7a do Mestre Jesus Cristo, de modo a fortalecer pr\u00e1ticas de conviv\u00eancia, \u00e9tica e f\u00e9 em conson\u00e2ncia com os valores da comunidade. A cerim\u00f4nia encerrou com votos de b\u00ean\u00e7\u00e3os divinas para que o espa\u00e7o seja sempre lugar de aprendizado, encontro e servi\u00e7o \u00e0 coletividade.<\/p>\n<p>O prefeito Douglas Sert\u00f3rio agradeceu a participa\u00e7\u00e3o do padre pela ora\u00e7\u00e3o, da Pol\u00edcia Militar, dos vereadores que enviaram representantes da C\u00e2mara, bem como de todos os rep\u00f3rteres presentes e da popula\u00e7\u00e3o de Campo Alegre que lotou o espa\u00e7o.<\/p>\n<p>\u201cPara n\u00f3s \u00e9 muita satisfa\u00e7\u00e3o, \u00e9 uma honra estar podendo entregar essa obra,\u201d disse Douglas Sert\u00f3rio. Em tom de reconhecimento, destacou a reciprocidade entre governo e comunidade, citando a colabora\u00e7\u00e3o entre ele, o vice-prefeito Bruno Saran e a secret\u00e1ria Tatiana. \u201cEssa parceria, entre a gest\u00e3o, vereadores e comunidade \u00e9 o que nos permite corrigir erros, acertos e seguir em frente.\u201d<\/p>\n<p>O momento foi marcado por lembran\u00e7as de um trabalho que, segundo o chefe do executivo, nasceu da necessidade de suprir demandas locais. \u201cComo disse o ex-prefeito Z\u00e9, \u00e9 uma obra, e o Cleiton, o presidente, \u00e9 uma obra que foi pensada naquele momento, foi feito, foi cumprido.\u201d E acrescentou que a entrega desta obra traz \u201cmuita alegria\u201d, especialmente por beneficiar as m\u00e3es e as crian\u00e7as da cidade.<\/p>\n<p>O prefeito ressaltou ainda a import\u00e2ncia da educa\u00e7\u00e3o na agenda da prefeitura, enfatizando a dedica\u00e7\u00e3o de Douglas e Bruno nesse setor e a parceria com a secret\u00e1ria Tatiana. \u201cA educa\u00e7\u00e3o cresce com propostas de ampliar o acesso a servi\u00e7os essenciais, com mais creches e escolas no futuro.\u201d Em sua fala, ele tamb\u00e9m citou a perspectiva de amplia\u00e7\u00e3o do bairro, com estudo em curso para ampliar o n\u00famero de moradias e infraestrutura, incluindo asfaltamento e a expans\u00e3o de \u00e1reas para fam\u00edlias.<\/p>\n<p><img loading=\"lazy\" decoding=\"async\" class=\"alignnone size-full wp-image-50005\" src=\"https:\/\/juacontecimentos.com.br\/site\/wp-content\/uploads\/2026\/04\/IMG_20260429_160107-scaled.jpg\" alt=\"\" width=\"2560\" height=\"1444\" srcset=\"https:\/\/juacontecimentos.com.br\/site\/wp-content\/uploads\/2026\/04\/IMG_20260429_160107-scaled.jpg 2560w, https:\/\/juacontecimentos.com.br\/site\/wp-content\/uploads\/2026\/04\/IMG_20260429_160107-300x169.jpg 300w, https:\/\/juacontecimentos.com.br\/site\/wp-content\/uploads\/2026\/04\/IMG_20260429_160107-1024x578.jpg 1024w, https:\/\/juacontecimentos.com.br\/site\/wp-content\/uploads\/2026\/04\/IMG_20260429_160107-768x433.jpg 768w, https:\/\/juacontecimentos.com.br\/site\/wp-content\/uploads\/2026\/04\/IMG_20260429_160107-1536x866.jpg 1536w, https:\/\/juacontecimentos.com.br\/site\/wp-content\/uploads\/2026\/04\/IMG_20260429_160107-2048x1155.jpg 2048w\" sizes=\"auto, (max-width: 2560px) 100vw, 2560px\" \/> <img loading=\"lazy\" decoding=\"async\" class=\"alignnone size-full wp-image-50008\" src=\"https:\/\/juacontecimentos.com.br\/site\/wp-content\/uploads\/2026\/04\/IMG_20260429_160149-scaled.jpg\" alt=\"\" width=\"2560\" height=\"1443\" srcset=\"https:\/\/juacontecimentos.com.br\/site\/wp-content\/uploads\/2026\/04\/IMG_20260429_160149-scaled.jpg 2560w, https:\/\/juacontecimentos.com.br\/site\/wp-content\/uploads\/2026\/04\/IMG_20260429_160149-300x169.jpg 300w, https:\/\/juacontecimentos.com.br\/site\/wp-content\/uploads\/2026\/04\/IMG_20260429_160149-1024x577.jpg 1024w, https:\/\/juacontecimentos.com.br\/site\/wp-content\/uploads\/2026\/04\/IMG_20260429_160149-768x433.jpg 768w, https:\/\/juacontecimentos.com.br\/site\/wp-content\/uploads\/2026\/04\/IMG_20260429_160149-1536x866.jpg 1536w, https:\/\/juacontecimentos.com.br\/site\/wp-content\/uploads\/2026\/04\/IMG_20260429_160149-2048x1155.jpg 2048w\" sizes=\"auto, (max-width: 2560px) 100vw, 2560px\" \/><\/p>\n<p>&#8220;O bairro est\u00e1 crescendo; vamos manter o foco na organiza\u00e7\u00e3o e na melhoria cont\u00ednua,\u201d disse o prefeito, ao comentar sobre a futura expans\u00e3o do loteamento do agricultor Juninho e o planejamento de novas creches, bem como a escola de tempo integral.<\/p>\n<p>Durante a fala, Douglas Sert\u00f3rio tamb\u00e9m destacou a constru\u00e7\u00e3o de outras frentes educacionais, e a relev\u00e2ncia de manter a qualidade do atendimento \u00e0s crian\u00e7as. \u201cA educa\u00e7\u00e3o \u00e9 o nosso norte: crescer com responsabilidade e oferecer cuidado \u00e0s crian\u00e7as e \u00e0s m\u00e3es,\u201d afirmou.<\/p>\n<p>A cerim\u00f4nia concluiu com agradecimentos aos profissionais de educa\u00e7\u00e3o que atuam na rede municipal, incluindo as cozinheiras do CMEI, lembradas pelo prefeito ao saborear o almo\u00e7o preparado para as crian\u00e7as. \u201cQuero parabenizar as cozinheiras e todos que cuidam das nossas crian\u00e7as. O almo\u00e7o de hoje foi excelente e, para Campo Alegre, \u00e9 motivo de orgulho,\u201d destacou.<\/p>\n<p>Ao encerrar, o prefeito refor\u00e7ou a ideia de continuidade de investimentos: \u201cTemos ainda a obra do CMEI, com o post, com o estudo de ampliar unidades. Campo Alegre vem crescendo e, com ele, a nossa responsabilidade de entregar educa\u00e7\u00e3o de qualidade.&#8221; E finalizou: \u201c\u00c9 entregar o que a prefeitura quer: o estudo para as crian\u00e7as, o carinho com nossos menores.\u201d<\/p>\n<p>Acompanhando a agenda, o p\u00fablico p\u00f4de perceber que a gest\u00e3o est\u00e1 atenta \u00e0s necessidades locais, reconhecendo que educa\u00e7\u00e3o e infraestrutura caminham juntas para transformar a vida da popula\u00e7\u00e3o. Com o olhar voltado para o futuro, a administra\u00e7\u00e3o municipal promete seguir investindo em educa\u00e7\u00e3o, servi\u00e7os p\u00fablicos e na melhoria da qualidade de vida de Campo Alegre.<\/p>\n<p><img loading=\"lazy\" decoding=\"async\" class=\"alignnone size-full wp-image-49989\" src=\"https:\/\/juacontecimentos.com.br\/site\/wp-content\/uploads\/2026\/04\/IMG_20260429_170349-scaled.jpg\" alt=\"\" width=\"2560\" height=\"1444\" srcset=\"https:\/\/juacontecimentos.com.br\/site\/wp-content\/uploads\/2026\/04\/IMG_20260429_170349-scaled.jpg 2560w, https:\/\/juacontecimentos.com.br\/site\/wp-content\/uploads\/2026\/04\/IMG_20260429_170349-300x169.jpg 300w, https:\/\/juacontecimentos.com.br\/site\/wp-content\/uploads\/2026\/04\/IMG_20260429_170349-1024x578.jpg 1024w, https:\/\/juacontecimentos.com.br\/site\/wp-content\/uploads\/2026\/04\/IMG_20260429_170349-768x433.jpg 768w, https:\/\/juacontecimentos.com.br\/site\/wp-content\/uploads\/2026\/04\/IMG_20260429_170349-1536x866.jpg 1536w, https:\/\/juacontecimentos.com.br\/site\/wp-content\/uploads\/2026\/04\/IMG_20260429_170349-2048x1155.jpg 2048w\" sizes=\"auto, (max-width: 2560px) 100vw, 2560px\" \/> <img loading=\"lazy\" decoding=\"async\" class=\"alignnone size-full wp-image-49990\" src=\"https:\/\/juacontecimentos.com.br\/site\/wp-content\/uploads\/2026\/04\/IMG_20260429_165126-scaled.jpg\" alt=\"\" width=\"2560\" height=\"1444\" srcset=\"https:\/\/juacontecimentos.com.br\/site\/wp-content\/uploads\/2026\/04\/IMG_20260429_165126-scaled.jpg 2560w, https:\/\/juacontecimentos.com.br\/site\/wp-content\/uploads\/2026\/04\/IMG_20260429_165126-300x169.jpg 300w, https:\/\/juacontecimentos.com.br\/site\/wp-content\/uploads\/2026\/04\/IMG_20260429_165126-1024x578.jpg 1024w, https:\/\/juacontecimentos.com.br\/site\/wp-content\/uploads\/2026\/04\/IMG_20260429_165126-768x433.jpg 768w, https:\/\/juacontecimentos.com.br\/site\/wp-content\/uploads\/2026\/04\/IMG_20260429_165126-1536x866.jpg 1536w, https:\/\/juacontecimentos.com.br\/site\/wp-content\/uploads\/2026\/04\/IMG_20260429_165126-2048x1155.jpg 2048w\" sizes=\"auto, (max-width: 2560px) 100vw, 2560px\" \/><img loading=\"lazy\" decoding=\"async\" class=\"alignnone size-full wp-image-50006\" src=\"https:\/\/juacontecimentos.com.br\/site\/wp-content\/uploads\/2026\/04\/IMG_20260429_160246-scaled.jpg\" alt=\"\" width=\"2560\" height=\"1443\" srcset=\"https:\/\/juacontecimentos.com.br\/site\/wp-content\/uploads\/2026\/04\/IMG_20260429_160246-scaled.jpg 2560w, https:\/\/juacontecimentos.com.br\/site\/wp-content\/uploads\/2026\/04\/IMG_20260429_160246-300x169.jpg 300w, https:\/\/juacontecimentos.com.br\/site\/wp-content\/uploads\/2026\/04\/IMG_20260429_160246-1024x577.jpg 1024w, https:\/\/juacontecimentos.com.br\/site\/wp-content\/uploads\/2026\/04\/IMG_20260429_160246-768x433.jpg 768w, https:\/\/juacontecimentos.com.br\/site\/wp-content\/uploads\/2026\/04\/IMG_20260429_160246-1536x866.jpg 1536w, https:\/\/juacontecimentos.com.br\/site\/wp-content\/uploads\/2026\/04\/IMG_20260429_160246-2048x1155.jpg 2048w\" sizes=\"auto, (max-width: 2560px) 100vw, 2560px\" \/> <img loading=\"lazy\" decoding=\"async\" class=\"alignnone size-full wp-image-49991\" src=\"https:\/\/juacontecimentos.com.br\/site\/wp-content\/uploads\/2026\/04\/IMG_20260429_165052-scaled.jpg\" alt=\"\" width=\"2560\" height=\"1444\" srcset=\"https:\/\/juacontecimentos.com.br\/site\/wp-content\/uploads\/2026\/04\/IMG_20260429_165052-scaled.jpg 2560w, https:\/\/juacontecimentos.com.br\/site\/wp-content\/uploads\/2026\/04\/IMG_20260429_165052-300x169.jpg 300w, https:\/\/juacontecimentos.com.br\/site\/wp-content\/uploads\/2026\/04\/IMG_20260429_165052-1024x578.jpg 1024w, https:\/\/juacontecimentos.com.br\/site\/wp-content\/uploads\/2026\/04\/IMG_20260429_165052-768x433.jpg 768w, https:\/\/juacontecimentos.com.br\/site\/wp-content\/uploads\/2026\/04\/IMG_20260429_165052-1536x866.jpg 1536w, https:\/\/juacontecimentos.com.br\/site\/wp-content\/uploads\/2026\/04\/IMG_20260429_165052-2048x1155.jpg 2048w\" sizes=\"auto, (max-width: 2560px) 100vw, 2560px\" \/> <img loading=\"lazy\" decoding=\"async\" class=\"alignnone size-full wp-image-49992\" src=\"https:\/\/juacontecimentos.com.br\/site\/wp-content\/uploads\/2026\/04\/IMG_20260429_165037-scaled.jpg\" alt=\"\" width=\"2560\" height=\"1444\" srcset=\"https:\/\/juacontecimentos.com.br\/site\/wp-content\/uploads\/2026\/04\/IMG_20260429_165037-scaled.jpg 2560w, https:\/\/juacontecimentos.com.br\/site\/wp-content\/uploads\/2026\/04\/IMG_20260429_165037-300x169.jpg 300w, https:\/\/juacontecimentos.com.br\/site\/wp-content\/uploads\/2026\/04\/IMG_20260429_165037-1024x578.jpg 1024w, https:\/\/juacontecimentos.com.br\/site\/wp-content\/uploads\/2026\/04\/IMG_20260429_165037-768x433.jpg 768w, https:\/\/juacontecimentos.com.br\/site\/wp-content\/uploads\/2026\/04\/IMG_20260429_165037-1536x866.jpg 1536w, https:\/\/juacontecimentos.com.br\/site\/wp-content\/uploads\/2026\/04\/IMG_20260429_165037-2048x1155.jpg 2048w\" sizes=\"auto, (max-width: 2560px) 100vw, 2560px\" \/> <img loading=\"lazy\" decoding=\"async\" class=\"alignnone size-full wp-image-49993\" src=\"https:\/\/juacontecimentos.com.br\/site\/wp-content\/uploads\/2026\/04\/IMG_20260429_161740-scaled.jpg\" alt=\"\" width=\"2560\" height=\"1444\" srcset=\"https:\/\/juacontecimentos.com.br\/site\/wp-content\/uploads\/2026\/04\/IMG_20260429_161740-scaled.jpg 2560w, https:\/\/juacontecimentos.com.br\/site\/wp-content\/uploads\/2026\/04\/IMG_20260429_161740-300x169.jpg 300w, https:\/\/juacontecimentos.com.br\/site\/wp-content\/uploads\/2026\/04\/IMG_20260429_161740-1024x578.jpg 1024w, https:\/\/juacontecimentos.com.br\/site\/wp-content\/uploads\/2026\/04\/IMG_20260429_161740-768x433.jpg 768w, https:\/\/juacontecimentos.com.br\/site\/wp-content\/uploads\/2026\/04\/IMG_20260429_161740-1536x866.jpg 1536w, https:\/\/juacontecimentos.com.br\/site\/wp-content\/uploads\/2026\/04\/IMG_20260429_161740-2048x1155.jpg 2048w\" sizes=\"auto, (max-width: 2560px) 100vw, 2560px\" \/> <img loading=\"lazy\" decoding=\"async\" class=\"alignnone size-full wp-image-49994\" src=\"https:\/\/juacontecimentos.com.br\/site\/wp-content\/uploads\/2026\/04\/IMG_20260429_161715-scaled.jpg\" alt=\"\" width=\"2560\" height=\"1444\" srcset=\"https:\/\/juacontecimentos.com.br\/site\/wp-content\/uploads\/2026\/04\/IMG_20260429_161715-scaled.jpg 2560w, https:\/\/juacontecimentos.com.br\/site\/wp-content\/uploads\/2026\/04\/IMG_20260429_161715-300x169.jpg 300w, https:\/\/juacontecimentos.com.br\/site\/wp-content\/uploads\/2026\/04\/IMG_20260429_161715-1024x578.jpg 1024w, https:\/\/juacontecimentos.com.br\/site\/wp-content\/uploads\/2026\/04\/IMG_20260429_161715-768x433.jpg 768w, https:\/\/juacontecimentos.com.br\/site\/wp-content\/uploads\/2026\/04\/IMG_20260429_161715-1536x866.jpg 1536w, https:\/\/juacontecimentos.com.br\/site\/wp-content\/uploads\/2026\/04\/IMG_20260429_161715-2048x1155.jpg 2048w\" sizes=\"auto, (max-width: 2560px) 100vw, 2560px\" \/> <img loading=\"lazy\" decoding=\"async\" class=\"alignnone size-full wp-image-49996\" src=\"https:\/\/juacontecimentos.com.br\/site\/wp-content\/uploads\/2026\/04\/IMG_20260429_161731-scaled.jpg\" alt=\"\" width=\"2560\" height=\"1444\" srcset=\"https:\/\/juacontecimentos.com.br\/site\/wp-content\/uploads\/2026\/04\/IMG_20260429_161731-scaled.jpg 2560w, https:\/\/juacontecimentos.com.br\/site\/wp-content\/uploads\/2026\/04\/IMG_20260429_161731-300x169.jpg 300w, https:\/\/juacontecimentos.com.br\/site\/wp-content\/uploads\/2026\/04\/IMG_20260429_161731-1024x578.jpg 1024w, https:\/\/juacontecimentos.com.br\/site\/wp-content\/uploads\/2026\/04\/IMG_20260429_161731-768x433.jpg 768w, https:\/\/juacontecimentos.com.br\/site\/wp-content\/uploads\/2026\/04\/IMG_20260429_161731-1536x866.jpg 1536w, https:\/\/juacontecimentos.com.br\/site\/wp-content\/uploads\/2026\/04\/IMG_20260429_161731-2048x1155.jpg 2048w\" sizes=\"auto, (max-width: 2560px) 100vw, 2560px\" \/> <img loading=\"lazy\" decoding=\"async\" class=\"alignnone size-full wp-image-49997\" src=\"https:\/\/juacontecimentos.com.br\/site\/wp-content\/uploads\/2026\/04\/IMG_20260429_162026-scaled.jpg\" alt=\"\" width=\"2560\" height=\"1444\" srcset=\"https:\/\/juacontecimentos.com.br\/site\/wp-content\/uploads\/2026\/04\/IMG_20260429_162026-scaled.jpg 2560w, https:\/\/juacontecimentos.com.br\/site\/wp-content\/uploads\/2026\/04\/IMG_20260429_162026-300x169.jpg 300w, https:\/\/juacontecimentos.com.br\/site\/wp-content\/uploads\/2026\/04\/IMG_20260429_162026-1024x578.jpg 1024w, https:\/\/juacontecimentos.com.br\/site\/wp-content\/uploads\/2026\/04\/IMG_20260429_162026-768x433.jpg 768w, https:\/\/juacontecimentos.com.br\/site\/wp-content\/uploads\/2026\/04\/IMG_20260429_162026-1536x866.jpg 1536w, https:\/\/juacontecimentos.com.br\/site\/wp-content\/uploads\/2026\/04\/IMG_20260429_162026-2048x1155.jpg 2048w\" sizes=\"auto, (max-width: 2560px) 100vw, 2560px\" \/> <img loading=\"lazy\" decoding=\"async\" class=\"alignnone size-full wp-image-49998\" src=\"https:\/\/juacontecimentos.com.br\/site\/wp-content\/uploads\/2026\/04\/IMG_20260429_162625-scaled.jpg\" alt=\"\" width=\"2560\" height=\"1444\" srcset=\"https:\/\/juacontecimentos.com.br\/site\/wp-content\/uploads\/2026\/04\/IMG_20260429_162625-scaled.jpg 2560w, https:\/\/juacontecimentos.com.br\/site\/wp-content\/uploads\/2026\/04\/IMG_20260429_162625-300x169.jpg 300w, https:\/\/juacontecimentos.com.br\/site\/wp-content\/uploads\/2026\/04\/IMG_20260429_162625-1024x578.jpg 1024w, https:\/\/juacontecimentos.com.br\/site\/wp-content\/uploads\/2026\/04\/IMG_20260429_162625-768x433.jpg 768w, https:\/\/juacontecimentos.com.br\/site\/wp-content\/uploads\/2026\/04\/IMG_20260429_162625-1536x866.jpg 1536w, https:\/\/juacontecimentos.com.br\/site\/wp-content\/uploads\/2026\/04\/IMG_20260429_162625-2048x1155.jpg 2048w\" sizes=\"auto, (max-width: 2560px) 100vw, 2560px\" \/><img loading=\"lazy\" decoding=\"async\" class=\"alignnone size-full wp-image-50009\" src=\"https:\/\/juacontecimentos.com.br\/site\/wp-content\/uploads\/2026\/04\/IMG_20260429_160159-scaled.jpg\" alt=\"\" width=\"2560\" height=\"1443\" srcset=\"https:\/\/juacontecimentos.com.br\/site\/wp-content\/uploads\/2026\/04\/IMG_20260429_160159-scaled.jpg 2560w, https:\/\/juacontecimentos.com.br\/site\/wp-content\/uploads\/2026\/04\/IMG_20260429_160159-300x169.jpg 300w, https:\/\/juacontecimentos.com.br\/site\/wp-content\/uploads\/2026\/04\/IMG_20260429_160159-1024x577.jpg 1024w, https:\/\/juacontecimentos.com.br\/site\/wp-content\/uploads\/2026\/04\/IMG_20260429_160159-768x433.jpg 768w, https:\/\/juacontecimentos.com.br\/site\/wp-content\/uploads\/2026\/04\/IMG_20260429_160159-1536x866.jpg 1536w, https:\/\/juacontecimentos.com.br\/site\/wp-content\/uploads\/2026\/04\/IMG_20260429_160159-2048x1155.jpg 2048w\" sizes=\"auto, (max-width: 2560px) 100vw, 2560px\" \/><img loading=\"lazy\" decoding=\"async\" class=\"alignnone size-full wp-image-50006\" src=\"https:\/\/juacontecimentos.com.br\/site\/wp-content\/uploads\/2026\/04\/IMG_20260429_160246-scaled.jpg\" alt=\"\" width=\"2560\" height=\"1443\" srcset=\"https:\/\/juacontecimentos.com.br\/site\/wp-content\/uploads\/2026\/04\/IMG_20260429_160246-scaled.jpg 2560w, https:\/\/juacontecimentos.com.br\/site\/wp-content\/uploads\/2026\/04\/IMG_20260429_160246-300x169.jpg 300w, https:\/\/juacontecimentos.com.br\/site\/wp-content\/uploads\/2026\/04\/IMG_20260429_160246-1024x577.jpg 1024w, https:\/\/juacontecimentos.com.br\/site\/wp-content\/uploads\/2026\/04\/IMG_20260429_160246-768x433.jpg 768w, https:\/\/juacontecimentos.com.br\/site\/wp-content\/uploads\/2026\/04\/IMG_20260429_160246-1536x866.jpg 1536w, https:\/\/juacontecimentos.com.br\/site\/wp-content\/uploads\/2026\/04\/IMG_20260429_160246-2048x1155.jpg 2048w\" sizes=\"auto, (max-width: 2560px) 100vw, 2560px\" \/><img loading=\"lazy\" decoding=\"async\" class=\"alignnone size-full wp-image-50005\" src=\"https:\/\/juacontecimentos.com.br\/site\/wp-content\/uploads\/2026\/04\/IMG_20260429_160107-scaled.jpg\" alt=\"\" width=\"2560\" height=\"1444\" srcset=\"https:\/\/juacontecimentos.com.br\/site\/wp-content\/uploads\/2026\/04\/IMG_20260429_160107-scaled.jpg 2560w, https:\/\/juacontecimentos.com.br\/site\/wp-content\/uploads\/2026\/04\/IMG_20260429_160107-300x169.jpg 300w, https:\/\/juacontecimentos.com.br\/site\/wp-content\/uploads\/2026\/04\/IMG_20260429_160107-1024x578.jpg 1024w, https:\/\/juacontecimentos.com.br\/site\/wp-content\/uploads\/2026\/04\/IMG_20260429_160107-768x433.jpg 768w, https:\/\/juacontecimentos.com.br\/site\/wp-content\/uploads\/2026\/04\/IMG_20260429_160107-1536x866.jpg 1536w, https:\/\/juacontecimentos.com.br\/site\/wp-content\/uploads\/2026\/04\/IMG_20260429_160107-2048x1155.jpg 2048w\" sizes=\"auto, (max-width: 2560px) 100vw, 2560px\" \/><\/p>\n","protected":false},"excerpt":{"rendered":"<p>Em uma cerim\u00f4nia que reuniu autoridades, familiares e a comunidade da Vila Aurora, foi oficialmente aberta a CMEI Manuela Rosa da Silva, uma creche que surge como marco de investimento em educa\u00e7\u00e3o e assist\u00eancia social no munic\u00edpio de Campo Alegre de Goi\u00e1s. O ato ocorreu na tarde desta quarta-feira (29), na Rua Senador Teot\u00f4nio Vilela,<\/p>\n","protected":false},"author":2,"featured_media":50015,"comment_status":"closed","ping_status":"closed","sticky":false,"template":"","format":"standard","meta":{"footnotes":""},"categories":[27,22,26,23],"tags":[],"class_list":["post-49979","post","type-post","status-publish","format-standard","has-post-thumbnail","hentry","category-brasil","category-catalao","category-destaque","category-goias"],"yoast_head":"<!-- This site is optimized with the Yoast SEO plugin v25.8 - https:\/\/yoast.com\/wordpress\/plugins\/seo\/ -->\n<title>Inaugura\u00e7\u00e3o da creche CMEI Manuela Rosa da Silva marca novo cap\u00edtulo educativo em Campo Alegre de Goi\u00e1s - Jornal Ultimos Acontecimentos<\/title>\n<meta name=\"robots\" content=\"index, follow, max-snippet:-1, max-image-preview:large, max-video-preview:-1\" \/>\n<link rel=\"canonical\" href=\"https:\/\/juacontecimentos.com.br\/site\/inauguracao-da-creche-cmei-manuela-rosa-da-silva-marca-novo-capitulo-educativo-em-campo-alegre-de-goias\/\" \/>\n<meta property=\"og:locale\" content=\"pt_BR\" \/>\n<meta property=\"og:type\" content=\"article\" \/>\n<meta property=\"og:title\" content=\"Inaugura\u00e7\u00e3o da creche CMEI Manuela Rosa da Silva marca novo cap\u00edtulo educativo em Campo Alegre de Goi\u00e1s - Jornal Ultimos Acontecimentos\" \/>\n<meta property=\"og:description\" content=\"Em uma cerim\u00f4nia que reuniu autoridades, familiares e a comunidade da Vila Aurora, foi oficialmente aberta a CMEI Manuela Rosa da Silva, uma creche que surge como marco de investimento em educa\u00e7\u00e3o e assist\u00eancia social no munic\u00edpio de Campo Alegre de Goi\u00e1s. O ato ocorreu na tarde desta quarta-feira (29), na Rua Senador Teot\u00f4nio Vilela,\" \/>\n<meta property=\"og:url\" content=\"https:\/\/juacontecimentos.com.br\/site\/inauguracao-da-creche-cmei-manuela-rosa-da-silva-marca-novo-capitulo-educativo-em-campo-alegre-de-goias\/\" \/>\n<meta property=\"og:site_name\" content=\"Jornal Ultimos Acontecimentos\" \/>\n<meta property=\"article:publisher\" content=\"https:\/\/www.facebook.com\/jultimosacontecimentos\/\" \/>\n<meta property=\"article:published_time\" content=\"2026-04-29T22:14:13+00:00\" \/>\n<meta property=\"article:modified_time\" content=\"2026-04-30T01:55:44+00:00\" \/>\n<meta property=\"og:image\" content=\"https:\/\/juacontecimentos.com.br\/site\/wp-content\/uploads\/2026\/04\/cccc-scaled.jpg\" \/>\n\t<meta property=\"og:image:width\" content=\"2560\" \/>\n\t<meta property=\"og:image:height\" content=\"1326\" \/>\n\t<meta property=\"og:image:type\" content=\"image\/jpeg\" \/>\n<meta name=\"author\" content=\"Reginaldo Ribeiro\" \/>\n<meta name=\"twitter:card\" content=\"summary_large_image\" \/>\n<meta name=\"twitter:label1\" content=\"Escrito por\" \/>\n\t<meta name=\"twitter:data1\" content=\"Reginaldo Ribeiro\" \/>\n\t<meta name=\"twitter:label2\" content=\"Est. tempo de leitura\" \/>\n\t<meta name=\"twitter:data2\" content=\"10 minutos\" \/>\n<script type=\"application\/ld+json\" class=\"yoast-schema-graph\">{\"@context\":\"https:\/\/schema.org\",\"@graph\":[{\"@type\":\"Article\",\"@id\":\"https:\/\/juacontecimentos.com.br\/site\/inauguracao-da-creche-cmei-manuela-rosa-da-silva-marca-novo-capitulo-educativo-em-campo-alegre-de-goias\/#article\",\"isPartOf\":{\"@id\":\"https:\/\/juacontecimentos.com.br\/site\/inauguracao-da-creche-cmei-manuela-rosa-da-silva-marca-novo-capitulo-educativo-em-campo-alegre-de-goias\/\"},\"author\":{\"name\":\"Reginaldo Ribeiro\",\"@id\":\"https:\/\/juacontecimentos.com.br\/site\/#\/schema\/person\/082a54e6d3fdd7a633291428521c9669\"},\"headline\":\"Inaugura\u00e7\u00e3o da creche CMEI Manuela Rosa da Silva marca novo cap\u00edtulo educativo em Campo Alegre de Goi\u00e1s\",\"datePublished\":\"2026-04-29T22:14:13+00:00\",\"dateModified\":\"2026-04-30T01:55:44+00:00\",\"mainEntityOfPage\":{\"@id\":\"https:\/\/juacontecimentos.com.br\/site\/inauguracao-da-creche-cmei-manuela-rosa-da-silva-marca-novo-capitulo-educativo-em-campo-alegre-de-goias\/\"},\"wordCount\":1151,\"publisher\":{\"@id\":\"https:\/\/juacontecimentos.com.br\/site\/#organization\"},\"image\":{\"@id\":\"https:\/\/juacontecimentos.com.br\/site\/inauguracao-da-creche-cmei-manuela-rosa-da-silva-marca-novo-capitulo-educativo-em-campo-alegre-de-goias\/#primaryimage\"},\"thumbnailUrl\":\"https:\/\/juacontecimentos.com.br\/site\/wp-content\/uploads\/2026\/04\/cccc-scaled.jpg\",\"articleSection\":[\"Brasil\",\"Catal\u00e3o\",\"Destaque\",\"Goi\u00e1s\"],\"inLanguage\":\"pt-BR\"},{\"@type\":\"WebPage\",\"@id\":\"https:\/\/juacontecimentos.com.br\/site\/inauguracao-da-creche-cmei-manuela-rosa-da-silva-marca-novo-capitulo-educativo-em-campo-alegre-de-goias\/\",\"url\":\"https:\/\/juacontecimentos.com.br\/site\/inauguracao-da-creche-cmei-manuela-rosa-da-silva-marca-novo-capitulo-educativo-em-campo-alegre-de-goias\/\",\"name\":\"Inaugura\u00e7\u00e3o da creche CMEI Manuela Rosa da Silva marca novo cap\u00edtulo educativo em Campo Alegre de Goi\u00e1s - Jornal Ultimos Acontecimentos\",\"isPartOf\":{\"@id\":\"https:\/\/juacontecimentos.com.br\/site\/#website\"},\"primaryImageOfPage\":{\"@id\":\"https:\/\/juacontecimentos.com.br\/site\/inauguracao-da-creche-cmei-manuela-rosa-da-silva-marca-novo-capitulo-educativo-em-campo-alegre-de-goias\/#primaryimage\"},\"image\":{\"@id\":\"https:\/\/juacontecimentos.com.br\/site\/inauguracao-da-creche-cmei-manuela-rosa-da-silva-marca-novo-capitulo-educativo-em-campo-alegre-de-goias\/#primaryimage\"},\"thumbnailUrl\":\"https:\/\/juacontecimentos.com.br\/site\/wp-content\/uploads\/2026\/04\/cccc-scaled.jpg\",\"datePublished\":\"2026-04-29T22:14:13+00:00\",\"dateModified\":\"2026-04-30T01:55:44+00:00\",\"breadcrumb\":{\"@id\":\"https:\/\/juacontecimentos.com.br\/site\/inauguracao-da-creche-cmei-manuela-rosa-da-silva-marca-novo-capitulo-educativo-em-campo-alegre-de-goias\/#breadcrumb\"},\"inLanguage\":\"pt-BR\",\"potentialAction\":[{\"@type\":\"ReadAction\",\"target\":[\"https:\/\/juacontecimentos.com.br\/site\/inauguracao-da-creche-cmei-manuela-rosa-da-silva-marca-novo-capitulo-educativo-em-campo-alegre-de-goias\/\"]}]},{\"@type\":\"ImageObject\",\"inLanguage\":\"pt-BR\",\"@id\":\"https:\/\/juacontecimentos.com.br\/site\/inauguracao-da-creche-cmei-manuela-rosa-da-silva-marca-novo-capitulo-educativo-em-campo-alegre-de-goias\/#primaryimage\",\"url\":\"https:\/\/juacontecimentos.com.br\/site\/wp-content\/uploads\/2026\/04\/cccc-scaled.jpg\",\"contentUrl\":\"https:\/\/juacontecimentos.com.br\/site\/wp-content\/uploads\/2026\/04\/cccc-scaled.jpg\",\"width\":2560,\"height\":1326},{\"@type\":\"BreadcrumbList\",\"@id\":\"https:\/\/juacontecimentos.com.br\/site\/inauguracao-da-creche-cmei-manuela-rosa-da-silva-marca-novo-capitulo-educativo-em-campo-alegre-de-goias\/#breadcrumb\",\"itemListElement\":[{\"@type\":\"ListItem\",\"position\":1,\"name\":\"In\u00edcio\",\"item\":\"https:\/\/juacontecimentos.com.br\/site\/\"},{\"@type\":\"ListItem\",\"position\":2,\"name\":\"Inaugura\u00e7\u00e3o da creche CMEI Manuela Rosa da Silva marca novo cap\u00edtulo educativo em Campo Alegre de Goi\u00e1s\"}]},{\"@type\":\"WebSite\",\"@id\":\"https:\/\/juacontecimentos.com.br\/site\/#website\",\"url\":\"https:\/\/juacontecimentos.com.br\/site\/\",\"name\":\"Jornal Ultimos Acontecimentos\",\"description\":\"Catal\u00e3o e regi\u00e3o\",\"publisher\":{\"@id\":\"https:\/\/juacontecimentos.com.br\/site\/#organization\"},\"potentialAction\":[{\"@type\":\"SearchAction\",\"target\":{\"@type\":\"EntryPoint\",\"urlTemplate\":\"https:\/\/juacontecimentos.com.br\/site\/?s={search_term_string}\"},\"query-input\":{\"@type\":\"PropertyValueSpecification\",\"valueRequired\":true,\"valueName\":\"search_term_string\"}}],\"inLanguage\":\"pt-BR\"},{\"@type\":\"Organization\",\"@id\":\"https:\/\/juacontecimentos.com.br\/site\/#organization\",\"name\":\"Jornal Ultimos Acontecimentos\",\"url\":\"https:\/\/juacontecimentos.com.br\/site\/\",\"logo\":{\"@type\":\"ImageObject\",\"inLanguage\":\"pt-BR\",\"@id\":\"https:\/\/juacontecimentos.com.br\/site\/#\/schema\/logo\/image\/\",\"url\":\"https:\/\/juacontecimentos.com.br\/site\/wp-content\/uploads\/2023\/04\/Logo_Site.png\",\"contentUrl\":\"https:\/\/juacontecimentos.com.br\/site\/wp-content\/uploads\/2023\/04\/Logo_Site.png\",\"width\":2476,\"height\":530,\"caption\":\"Jornal Ultimos Acontecimentos\"},\"image\":{\"@id\":\"https:\/\/juacontecimentos.com.br\/site\/#\/schema\/logo\/image\/\"},\"sameAs\":[\"https:\/\/www.facebook.com\/jultimosacontecimentos\/\"]},{\"@type\":\"Person\",\"@id\":\"https:\/\/juacontecimentos.com.br\/site\/#\/schema\/person\/082a54e6d3fdd7a633291428521c9669\",\"name\":\"Reginaldo Ribeiro\",\"image\":{\"@type\":\"ImageObject\",\"inLanguage\":\"pt-BR\",\"@id\":\"https:\/\/juacontecimentos.com.br\/site\/#\/schema\/person\/image\/\",\"url\":\"https:\/\/secure.gravatar.com\/avatar\/5c16c6837c3490270a74d888c2a845728f06bdde1f8761de1de1d1d1ef82d12f?s=96&d=mm&r=g\",\"contentUrl\":\"https:\/\/secure.gravatar.com\/avatar\/5c16c6837c3490270a74d888c2a845728f06bdde1f8761de1de1d1d1ef82d12f?s=96&d=mm&r=g\",\"caption\":\"Reginaldo Ribeiro\"}}]}<\/script>\n<!-- \/ Yoast SEO plugin. -->","yoast_head_json":{"title":"Inaugura\u00e7\u00e3o da creche CMEI Manuela Rosa da Silva marca novo cap\u00edtulo educativo em Campo Alegre de Goi\u00e1s - Jornal Ultimos Acontecimentos","robots":{"index":"index","follow":"follow","max-snippet":"max-snippet:-1","max-image-preview":"max-image-preview:large","max-video-preview":"max-video-preview:-1"},"canonical":"https:\/\/juacontecimentos.com.br\/site\/inauguracao-da-creche-cmei-manuela-rosa-da-silva-marca-novo-capitulo-educativo-em-campo-alegre-de-goias\/","og_locale":"pt_BR","og_type":"article","og_title":"Inaugura\u00e7\u00e3o da creche CMEI Manuela Rosa da Silva marca novo cap\u00edtulo educativo em Campo Alegre de Goi\u00e1s - Jornal Ultimos Acontecimentos","og_description":"Em uma cerim\u00f4nia que reuniu autoridades, familiares e a comunidade da Vila Aurora, foi oficialmente aberta a CMEI Manuela Rosa da Silva, uma creche que surge como marco de investimento em educa\u00e7\u00e3o e assist\u00eancia social no munic\u00edpio de Campo Alegre de Goi\u00e1s. O ato ocorreu na tarde desta quarta-feira (29), na Rua Senador Teot\u00f4nio Vilela,","og_url":"https:\/\/juacontecimentos.com.br\/site\/inauguracao-da-creche-cmei-manuela-rosa-da-silva-marca-novo-capitulo-educativo-em-campo-alegre-de-goias\/","og_site_name":"Jornal Ultimos Acontecimentos","article_publisher":"https:\/\/www.facebook.com\/jultimosacontecimentos\/","article_published_time":"2026-04-29T22:14:13+00:00","article_modified_time":"2026-04-30T01:55:44+00:00","og_image":[{"width":2560,"height":1326,"url":"https:\/\/juacontecimentos.com.br\/site\/wp-content\/uploads\/2026\/04\/cccc-scaled.jpg","type":"image\/jpeg"}],"author":"Reginaldo Ribeiro","twitter_card":"summary_large_image","twitter_misc":{"Escrito por":"Reginaldo Ribeiro","Est. tempo de leitura":"10 minutos"},"schema":{"@context":"https:\/\/schema.org","@graph":[{"@type":"Article","@id":"https:\/\/juacontecimentos.com.br\/site\/inauguracao-da-creche-cmei-manuela-rosa-da-silva-marca-novo-capitulo-educativo-em-campo-alegre-de-goias\/#article","isPartOf":{"@id":"https:\/\/juacontecimentos.com.br\/site\/inauguracao-da-creche-cmei-manuela-rosa-da-silva-marca-novo-capitulo-educativo-em-campo-alegre-de-goias\/"},"author":{"name":"Reginaldo Ribeiro","@id":"https:\/\/juacontecimentos.com.br\/site\/#\/schema\/person\/082a54e6d3fdd7a633291428521c9669"},"headline":"Inaugura\u00e7\u00e3o da creche CMEI Manuela Rosa da Silva marca novo cap\u00edtulo educativo em Campo Alegre de Goi\u00e1s","datePublished":"2026-04-29T22:14:13+00:00","dateModified":"2026-04-30T01:55:44+00:00","mainEntityOfPage":{"@id":"https:\/\/juacontecimentos.com.br\/site\/inauguracao-da-creche-cmei-manuela-rosa-da-silva-marca-novo-capitulo-educativo-em-campo-alegre-de-goias\/"},"wordCount":1151,"publisher":{"@id":"https:\/\/juacontecimentos.com.br\/site\/#organization"},"image":{"@id":"https:\/\/juacontecimentos.com.br\/site\/inauguracao-da-creche-cmei-manuela-rosa-da-silva-marca-novo-capitulo-educativo-em-campo-alegre-de-goias\/#primaryimage"},"thumbnailUrl":"https:\/\/juacontecimentos.com.br\/site\/wp-content\/uploads\/2026\/04\/cccc-scaled.jpg","articleSection":["Brasil","Catal\u00e3o","Destaque","Goi\u00e1s"],"inLanguage":"pt-BR"},{"@type":"WebPage","@id":"https:\/\/juacontecimentos.com.br\/site\/inauguracao-da-creche-cmei-manuela-rosa-da-silva-marca-novo-capitulo-educativo-em-campo-alegre-de-goias\/","url":"https:\/\/juacontecimentos.com.br\/site\/inauguracao-da-creche-cmei-manuela-rosa-da-silva-marca-novo-capitulo-educativo-em-campo-alegre-de-goias\/","name":"Inaugura\u00e7\u00e3o da creche CMEI Manuela Rosa da Silva marca novo cap\u00edtulo educativo em Campo Alegre de Goi\u00e1s - Jornal Ultimos Acontecimentos","isPartOf":{"@id":"https:\/\/juacontecimentos.com.br\/site\/#website"},"primaryImageOfPage":{"@id":"https:\/\/juacontecimentos.com.br\/site\/inauguracao-da-creche-cmei-manuela-rosa-da-silva-marca-novo-capitulo-educativo-em-campo-alegre-de-goias\/#primaryimage"},"image":{"@id":"https:\/\/juacontecimentos.com.br\/site\/inauguracao-da-creche-cmei-manuela-rosa-da-silva-marca-novo-capitulo-educativo-em-campo-alegre-de-goias\/#primaryimage"},"thumbnailUrl":"https:\/\/juacontecimentos.com.br\/site\/wp-content\/uploads\/2026\/04\/cccc-scaled.jpg","datePublished":"2026-04-29T22:14:13+00:00","dateModified":"2026-04-30T01:55:44+00:00","breadcrumb":{"@id":"https:\/\/juacontecimentos.com.br\/site\/inauguracao-da-creche-cmei-manuela-rosa-da-silva-marca-novo-capitulo-educativo-em-campo-alegre-de-goias\/#breadcrumb"},"inLanguage":"pt-BR","potentialAction":[{"@type":"ReadAction","target":["https:\/\/juacontecimentos.com.br\/site\/inauguracao-da-creche-cmei-manuela-rosa-da-silva-marca-novo-capitulo-educativo-em-campo-alegre-de-goias\/"]}]},{"@type":"ImageObject","inLanguage":"pt-BR","@id":"https:\/\/juacontecimentos.com.br\/site\/inauguracao-da-creche-cmei-manuela-rosa-da-silva-marca-novo-capitulo-educativo-em-campo-alegre-de-goias\/#primaryimage","url":"https:\/\/juacontecimentos.com.br\/site\/wp-content\/uploads\/2026\/04\/cccc-scaled.jpg","contentUrl":"https:\/\/juacontecimentos.com.br\/site\/wp-content\/uploads\/2026\/04\/cccc-scaled.jpg","width":2560,"height":1326},{"@type":"BreadcrumbList","@id":"https:\/\/juacontecimentos.com.br\/site\/inauguracao-da-creche-cmei-manuela-rosa-da-silva-marca-novo-capitulo-educativo-em-campo-alegre-de-goias\/#breadcrumb","itemListElement":[{"@type":"ListItem","position":1,"name":"In\u00edcio","item":"https:\/\/juacontecimentos.com.br\/site\/"},{"@type":"ListItem","position":2,"name":"Inaugura\u00e7\u00e3o da creche CMEI Manuela Rosa da Silva marca novo cap\u00edtulo educativo em Campo Alegre de Goi\u00e1s"}]},{"@type":"WebSite","@id":"https:\/\/juacontecimentos.com.br\/site\/#website","url":"https:\/\/juacontecimentos.com.br\/site\/","name":"Jornal Ultimos Acontecimentos","description":"Catal\u00e3o e regi\u00e3o","publisher":{"@id":"https:\/\/juacontecimentos.com.br\/site\/#organization"},"potentialAction":[{"@type":"SearchAction","target":{"@type":"EntryPoint","urlTemplate":"https:\/\/juacontecimentos.com.br\/site\/?s={search_term_string}"},"query-input":{"@type":"PropertyValueSpecification","valueRequired":true,"valueName":"search_term_string"}}],"inLanguage":"pt-BR"},{"@type":"Organization","@id":"https:\/\/juacontecimentos.com.br\/site\/#organization","name":"Jornal Ultimos Acontecimentos","url":"https:\/\/juacontecimentos.com.br\/site\/","logo":{"@type":"ImageObject","inLanguage":"pt-BR","@id":"https:\/\/juacontecimentos.com.br\/site\/#\/schema\/logo\/image\/","url":"https:\/\/juacontecimentos.com.br\/site\/wp-content\/uploads\/2023\/04\/Logo_Site.png","contentUrl":"https:\/\/juacontecimentos.com.br\/site\/wp-content\/uploads\/2023\/04\/Logo_Site.png","width":2476,"height":530,"caption":"Jornal Ultimos Acontecimentos"},"image":{"@id":"https:\/\/juacontecimentos.com.br\/site\/#\/schema\/logo\/image\/"},"sameAs":["https:\/\/www.facebook.com\/jultimosacontecimentos\/"]},{"@type":"Person","@id":"https:\/\/juacontecimentos.com.br\/site\/#\/schema\/person\/082a54e6d3fdd7a633291428521c9669","name":"Reginaldo Ribeiro","image":{"@type":"ImageObject","inLanguage":"pt-BR","@id":"https:\/\/juacontecimentos.com.br\/site\/#\/schema\/person\/image\/","url":"https:\/\/secure.gravatar.com\/avatar\/5c16c6837c3490270a74d888c2a845728f06bdde1f8761de1de1d1d1ef82d12f?s=96&d=mm&r=g","contentUrl":"https:\/\/secure.gravatar.com\/avatar\/5c16c6837c3490270a74d888c2a845728f06bdde1f8761de1de1d1d1ef82d12f?s=96&d=mm&r=g","caption":"Reginaldo Ribeiro"}}]}},"_links":{"self":[{"href":"https:\/\/juacontecimentos.com.br\/site\/wp-json\/wp\/v2\/posts\/49979","targetHints":{"allow":["GET"]}}],"collection":[{"href":"https:\/\/juacontecimentos.com.br\/site\/wp-json\/wp\/v2\/posts"}],"about":[{"href":"https:\/\/juacontecimentos.com.br\/site\/wp-json\/wp\/v2\/types\/post"}],"author":[{"embeddable":true,"href":"https:\/\/juacontecimentos.com.br\/site\/wp-json\/wp\/v2\/users\/2"}],"replies":[{"embeddable":true,"href":"https:\/\/juacontecimentos.com.br\/site\/wp-json\/wp\/v2\/comments?post=49979"}],"version-history":[{"count":9,"href":"https:\/\/juacontecimentos.com.br\/site\/wp-json\/wp\/v2\/posts\/49979\/revisions"}],"predecessor-version":[{"id":50016,"href":"https:\/\/juacontecimentos.com.br\/site\/wp-json\/wp\/v2\/posts\/49979\/revisions\/50016"}],"wp:featuredmedia":[{"embeddable":true,"href":"https:\/\/juacontecimentos.com.br\/site\/wp-json\/wp\/v2\/media\/50015"}],"wp:attachment":[{"href":"https:\/\/juacontecimentos.com.br\/site\/wp-json\/wp\/v2\/media?parent=49979"}],"wp:term":[{"taxonomy":"category","embeddable":true,"href":"https:\/\/juacontecimentos.com.br\/site\/wp-json\/wp\/v2\/categories?post=49979"},{"taxonomy":"post_tag","embeddable":true,"href":"https:\/\/juacontecimentos.com.br\/site\/wp-json\/wp\/v2\/tags?post=49979"}],"curies":[{"name":"wp","href":"https:\/\/api.w.org\/{rel}","templated":true}]}}