{"id":50017,"date":"2026-04-29T23:11:38","date_gmt":"2026-04-30T02:11:38","guid":{"rendered":"https:\/\/juacontecimentos.com.br\/site\/?p=50017"},"modified":"2026-04-29T23:15:14","modified_gmt":"2026-04-30T02:15:14","slug":"ouvidor-celebra-dia-do-trabalhador-com-show-de-felipe-rodrigo-e-entrega-de-veiculos-a-populacao","status":"publish","type":"post","link":"https:\/\/juacontecimentos.com.br\/site\/ouvidor-celebra-dia-do-trabalhador-com-show-de-felipe-rodrigo-e-entrega-de-veiculos-a-populacao\/","title":{"rendered":"Ouvidor celebra Dia do Trabalhador com show de Felipe &#038; Rodrigo e entrega de ve\u00edculos \u00e0 popula\u00e7\u00e3o"},"content":{"rendered":"<p>&nbsp;<\/p>\n<p>O munic\u00edpio de Ouvidor promoveu, na noite desta quarta-feira (29), uma grande celebra\u00e7\u00e3o em homenagem ao Dia do Trabalhador, reunindo moradores na Pra\u00e7a da Rodovi\u00e1ria em um evento marcado por atra\u00e7\u00f5es culturais, sorteio de pr\u00eamios e a entrega de novos ve\u00edculos para refor\u00e7ar os servi\u00e7os p\u00fablicos. Com o tema \u201cO dia \u00e9 seu, a festa \u00e9 para voc\u00ea\u201d, a programa\u00e7\u00e3o destacou a valoriza\u00e7\u00e3o dos trabalhadores e os investimentos realizados pela gest\u00e3o municipal.<\/p>\n<p>A noite teve in\u00edcio \u00e0s 19h30 com uma apresenta\u00e7\u00e3o especial protagonizada por alunos do projeto Esporte, Cultura e Lazer, evidenciando talentos locais e incentivando a participa\u00e7\u00e3o da juventude em atividades culturais. Em seguida, foi realizada a entrega de cinco ve\u00edculos destinados \u00e0s \u00e1reas de sa\u00fade, educa\u00e7\u00e3o e assist\u00eancia social, incluindo duas ambul\u00e2ncias viabilizadas por emendas parlamentares, um autom\u00f3vel modelo \u00d4nix, al\u00e9m de uma van e uma caminhonete.<\/p>\n<p>Durante o evento, o prefeito Cebinho Nascimento destacou a import\u00e2ncia das parcerias para a concretiza\u00e7\u00e3o das a\u00e7\u00f5es. Em entrevista, afirmou que a festa representa um momento especial de reconhecimento aos trabalhadores e ressaltou o esfor\u00e7o cont\u00ednuo da administra\u00e7\u00e3o para ampliar investimentos no munic\u00edpio. Segundo ele, os ve\u00edculos entregues ir\u00e3o garantir melhores condi\u00e7\u00f5es de trabalho aos servidores e mais conforto \u00e0 popula\u00e7\u00e3o, especialmente nas \u00e1reas essenciais.<\/p>\n<p>O prefeito tamb\u00e9m anunciou que a van destinada inicialmente \u00e0 assist\u00eancia social ser\u00e1 adaptada para atender a educa\u00e7\u00e3o, com o objetivo de melhorar o transporte de estudantes da zona rural, substituindo ve\u00edculos antigos por op\u00e7\u00f5es mais seguras e confort\u00e1veis. Ele ainda enfatizou a import\u00e2ncia das emendas parlamentares recebidas e da uni\u00e3o entre Executivo, Legislativo e demais parceiros para o desenvolvimento da cidade.<\/p>\n<p>Outro destaque da programa\u00e7\u00e3o foi o sorteio de mais de 60 pr\u00eamios, incluindo eletrodom\u00e9sticos e duas motocicletas, distribu\u00eddos entre trabalhadores do servi\u00e7o p\u00fablico e da iniciativa privada. A a\u00e7\u00e3o contou com o apoio do com\u00e9rcio local e refor\u00e7ou o car\u00e1ter festivo e de valoriza\u00e7\u00e3o dos profissionais ouvidorenses.<\/p>\n<p>A primeira-dama e secret\u00e1ria de Assist\u00eancia Social, Ana L\u00facia, tamb\u00e9m comemorou a conquista dos novos ve\u00edculos para sua pasta, destacando a chegada de uma van zero quil\u00f4metro e de uma caminhonete, que ir\u00e3o ampliar a capacidade de atendimento \u00e0s fam\u00edlias do munic\u00edpio. Ela aproveitou a ocasi\u00e3o para anunciar a realiza\u00e7\u00e3o de um caf\u00e9 da manh\u00e3 especial em homenagem ao Dia das M\u00e3es, previsto para o pr\u00f3ximo dia 9.<\/p>\n<p>Encerrando a noite, o p\u00fablico acompanhou o show da dupla Felipe &amp; Rodrigo, uma das atra\u00e7\u00f5es mais aguardadas, que animou a pra\u00e7a com sucessos do sertanejo. O evento contou ainda com o apoio do vice-governador Daniel Vilela, respons\u00e1vel por contribuir com a realiza\u00e7\u00e3o do espet\u00e1culo.<\/p>\n<p>Promovida pela Prefeitura de Ouvidor em parceria com a C\u00e2mara Municipal, a festa reuniu grande p\u00fablico e refor\u00e7ou o compromisso da gest\u00e3o com a valoriza\u00e7\u00e3o dos trabalhadores, aliando celebra\u00e7\u00e3o, reconhecimento e avan\u00e7os nas \u00e1reas de sa\u00fade, educa\u00e7\u00e3o e assist\u00eancia social.<\/p>\n","protected":false},"excerpt":{"rendered":"<p>&nbsp; O munic\u00edpio de Ouvidor promoveu, na noite desta quarta-feira (29), uma grande celebra\u00e7\u00e3o em homenagem ao Dia do Trabalhador, reunindo moradores na Pra\u00e7a da Rodovi\u00e1ria em um evento marcado por atra\u00e7\u00f5es culturais, sorteio de pr\u00eamios e a entrega de novos ve\u00edculos para refor\u00e7ar os servi\u00e7os p\u00fablicos. Com o tema \u201cO dia \u00e9 seu, a<\/p>\n","protected":false},"author":2,"featured_media":0,"comment_status":"closed","ping_status":"closed","sticky":false,"template":"","format":"standard","meta":{"footnotes":""},"categories":[27,22,26,23],"tags":[],"class_list":["post-50017","post","type-post","status-publish","format-standard","hentry","category-brasil","category-catalao","category-destaque","category-goias"],"yoast_head":"<!-- This site is optimized with the Yoast SEO plugin v25.8 - https:\/\/yoast.com\/wordpress\/plugins\/seo\/ -->\n<title>Ouvidor celebra Dia do Trabalhador com show de Felipe &amp; Rodrigo e entrega de ve\u00edculos \u00e0 popula\u00e7\u00e3o - Jornal Ultimos Acontecimentos<\/title>\n<meta name=\"robots\" content=\"index, follow, max-snippet:-1, max-image-preview:large, max-video-preview:-1\" \/>\n<link rel=\"canonical\" href=\"https:\/\/juacontecimentos.com.br\/site\/ouvidor-celebra-dia-do-trabalhador-com-show-de-felipe-rodrigo-e-entrega-de-veiculos-a-populacao\/\" \/>\n<meta property=\"og:locale\" content=\"pt_BR\" \/>\n<meta property=\"og:type\" content=\"article\" \/>\n<meta property=\"og:title\" content=\"Ouvidor celebra Dia do Trabalhador com show de Felipe &amp; Rodrigo e entrega de ve\u00edculos \u00e0 popula\u00e7\u00e3o - Jornal Ultimos Acontecimentos\" \/>\n<meta property=\"og:description\" content=\"&nbsp; O munic\u00edpio de Ouvidor promoveu, na noite desta quarta-feira (29), uma grande celebra\u00e7\u00e3o em homenagem ao Dia do Trabalhador, reunindo moradores na Pra\u00e7a da Rodovi\u00e1ria em um evento marcado por atra\u00e7\u00f5es culturais, sorteio de pr\u00eamios e a entrega de novos ve\u00edculos para refor\u00e7ar os servi\u00e7os p\u00fablicos. Com o tema \u201cO dia \u00e9 seu, a\" \/>\n<meta property=\"og:url\" content=\"https:\/\/juacontecimentos.com.br\/site\/ouvidor-celebra-dia-do-trabalhador-com-show-de-felipe-rodrigo-e-entrega-de-veiculos-a-populacao\/\" \/>\n<meta property=\"og:site_name\" content=\"Jornal Ultimos Acontecimentos\" \/>\n<meta property=\"article:publisher\" content=\"https:\/\/www.facebook.com\/jultimosacontecimentos\/\" \/>\n<meta property=\"article:published_time\" content=\"2026-04-30T02:11:38+00:00\" \/>\n<meta property=\"article:modified_time\" content=\"2026-04-30T02:15:14+00:00\" \/>\n<meta name=\"author\" content=\"Reginaldo Ribeiro\" \/>\n<meta name=\"twitter:card\" content=\"summary_large_image\" \/>\n<meta name=\"twitter:label1\" content=\"Escrito por\" \/>\n\t<meta name=\"twitter:data1\" content=\"Reginaldo Ribeiro\" \/>\n\t<meta name=\"twitter:label2\" content=\"Est. tempo de leitura\" \/>\n\t<meta name=\"twitter:data2\" content=\"3 minutos\" \/>\n<script type=\"application\/ld+json\" class=\"yoast-schema-graph\">{\"@context\":\"https:\/\/schema.org\",\"@graph\":[{\"@type\":\"Article\",\"@id\":\"https:\/\/juacontecimentos.com.br\/site\/ouvidor-celebra-dia-do-trabalhador-com-show-de-felipe-rodrigo-e-entrega-de-veiculos-a-populacao\/#article\",\"isPartOf\":{\"@id\":\"https:\/\/juacontecimentos.com.br\/site\/ouvidor-celebra-dia-do-trabalhador-com-show-de-felipe-rodrigo-e-entrega-de-veiculos-a-populacao\/\"},\"author\":{\"name\":\"Reginaldo Ribeiro\",\"@id\":\"https:\/\/juacontecimentos.com.br\/site\/#\/schema\/person\/082a54e6d3fdd7a633291428521c9669\"},\"headline\":\"Ouvidor celebra Dia do Trabalhador com show de Felipe &#038; Rodrigo e entrega de ve\u00edculos \u00e0 popula\u00e7\u00e3o\",\"datePublished\":\"2026-04-30T02:11:38+00:00\",\"dateModified\":\"2026-04-30T02:15:14+00:00\",\"mainEntityOfPage\":{\"@id\":\"https:\/\/juacontecimentos.com.br\/site\/ouvidor-celebra-dia-do-trabalhador-com-show-de-felipe-rodrigo-e-entrega-de-veiculos-a-populacao\/\"},\"wordCount\":559,\"publisher\":{\"@id\":\"https:\/\/juacontecimentos.com.br\/site\/#organization\"},\"articleSection\":[\"Brasil\",\"Catal\u00e3o\",\"Destaque\",\"Goi\u00e1s\"],\"inLanguage\":\"pt-BR\"},{\"@type\":\"WebPage\",\"@id\":\"https:\/\/juacontecimentos.com.br\/site\/ouvidor-celebra-dia-do-trabalhador-com-show-de-felipe-rodrigo-e-entrega-de-veiculos-a-populacao\/\",\"url\":\"https:\/\/juacontecimentos.com.br\/site\/ouvidor-celebra-dia-do-trabalhador-com-show-de-felipe-rodrigo-e-entrega-de-veiculos-a-populacao\/\",\"name\":\"Ouvidor celebra Dia do Trabalhador com show de Felipe & Rodrigo e entrega de ve\u00edculos \u00e0 popula\u00e7\u00e3o - Jornal Ultimos Acontecimentos\",\"isPartOf\":{\"@id\":\"https:\/\/juacontecimentos.com.br\/site\/#website\"},\"datePublished\":\"2026-04-30T02:11:38+00:00\",\"dateModified\":\"2026-04-30T02:15:14+00:00\",\"breadcrumb\":{\"@id\":\"https:\/\/juacontecimentos.com.br\/site\/ouvidor-celebra-dia-do-trabalhador-com-show-de-felipe-rodrigo-e-entrega-de-veiculos-a-populacao\/#breadcrumb\"},\"inLanguage\":\"pt-BR\",\"potentialAction\":[{\"@type\":\"ReadAction\",\"target\":[\"https:\/\/juacontecimentos.com.br\/site\/ouvidor-celebra-dia-do-trabalhador-com-show-de-felipe-rodrigo-e-entrega-de-veiculos-a-populacao\/\"]}]},{\"@type\":\"BreadcrumbList\",\"@id\":\"https:\/\/juacontecimentos.com.br\/site\/ouvidor-celebra-dia-do-trabalhador-com-show-de-felipe-rodrigo-e-entrega-de-veiculos-a-populacao\/#breadcrumb\",\"itemListElement\":[{\"@type\":\"ListItem\",\"position\":1,\"name\":\"In\u00edcio\",\"item\":\"https:\/\/juacontecimentos.com.br\/site\/\"},{\"@type\":\"ListItem\",\"position\":2,\"name\":\"Ouvidor celebra Dia do Trabalhador com show de Felipe &#038; Rodrigo e entrega de ve\u00edculos \u00e0 popula\u00e7\u00e3o\"}]},{\"@type\":\"WebSite\",\"@id\":\"https:\/\/juacontecimentos.com.br\/site\/#website\",\"url\":\"https:\/\/juacontecimentos.com.br\/site\/\",\"name\":\"Jornal Ultimos Acontecimentos\",\"description\":\"Catal\u00e3o e regi\u00e3o\",\"publisher\":{\"@id\":\"https:\/\/juacontecimentos.com.br\/site\/#organization\"},\"potentialAction\":[{\"@type\":\"SearchAction\",\"target\":{\"@type\":\"EntryPoint\",\"urlTemplate\":\"https:\/\/juacontecimentos.com.br\/site\/?s={search_term_string}\"},\"query-input\":{\"@type\":\"PropertyValueSpecification\",\"valueRequired\":true,\"valueName\":\"search_term_string\"}}],\"inLanguage\":\"pt-BR\"},{\"@type\":\"Organization\",\"@id\":\"https:\/\/juacontecimentos.com.br\/site\/#organization\",\"name\":\"Jornal Ultimos Acontecimentos\",\"url\":\"https:\/\/juacontecimentos.com.br\/site\/\",\"logo\":{\"@type\":\"ImageObject\",\"inLanguage\":\"pt-BR\",\"@id\":\"https:\/\/juacontecimentos.com.br\/site\/#\/schema\/logo\/image\/\",\"url\":\"https:\/\/juacontecimentos.com.br\/site\/wp-content\/uploads\/2023\/04\/Logo_Site.png\",\"contentUrl\":\"https:\/\/juacontecimentos.com.br\/site\/wp-content\/uploads\/2023\/04\/Logo_Site.png\",\"width\":2476,\"height\":530,\"caption\":\"Jornal Ultimos Acontecimentos\"},\"image\":{\"@id\":\"https:\/\/juacontecimentos.com.br\/site\/#\/schema\/logo\/image\/\"},\"sameAs\":[\"https:\/\/www.facebook.com\/jultimosacontecimentos\/\"]},{\"@type\":\"Person\",\"@id\":\"https:\/\/juacontecimentos.com.br\/site\/#\/schema\/person\/082a54e6d3fdd7a633291428521c9669\",\"name\":\"Reginaldo Ribeiro\",\"image\":{\"@type\":\"ImageObject\",\"inLanguage\":\"pt-BR\",\"@id\":\"https:\/\/juacontecimentos.com.br\/site\/#\/schema\/person\/image\/\",\"url\":\"https:\/\/secure.gravatar.com\/avatar\/5c16c6837c3490270a74d888c2a845728f06bdde1f8761de1de1d1d1ef82d12f?s=96&d=mm&r=g\",\"contentUrl\":\"https:\/\/secure.gravatar.com\/avatar\/5c16c6837c3490270a74d888c2a845728f06bdde1f8761de1de1d1d1ef82d12f?s=96&d=mm&r=g\",\"caption\":\"Reginaldo Ribeiro\"}}]}<\/script>\n<!-- \/ Yoast SEO plugin. -->","yoast_head_json":{"title":"Ouvidor celebra Dia do Trabalhador com show de Felipe & Rodrigo e entrega de ve\u00edculos \u00e0 popula\u00e7\u00e3o - Jornal Ultimos Acontecimentos","robots":{"index":"index","follow":"follow","max-snippet":"max-snippet:-1","max-image-preview":"max-image-preview:large","max-video-preview":"max-video-preview:-1"},"canonical":"https:\/\/juacontecimentos.com.br\/site\/ouvidor-celebra-dia-do-trabalhador-com-show-de-felipe-rodrigo-e-entrega-de-veiculos-a-populacao\/","og_locale":"pt_BR","og_type":"article","og_title":"Ouvidor celebra Dia do Trabalhador com show de Felipe & Rodrigo e entrega de ve\u00edculos \u00e0 popula\u00e7\u00e3o - Jornal Ultimos Acontecimentos","og_description":"&nbsp; O munic\u00edpio de Ouvidor promoveu, na noite desta quarta-feira (29), uma grande celebra\u00e7\u00e3o em homenagem ao Dia do Trabalhador, reunindo moradores na Pra\u00e7a da Rodovi\u00e1ria em um evento marcado por atra\u00e7\u00f5es culturais, sorteio de pr\u00eamios e a entrega de novos ve\u00edculos para refor\u00e7ar os servi\u00e7os p\u00fablicos. Com o tema \u201cO dia \u00e9 seu, a","og_url":"https:\/\/juacontecimentos.com.br\/site\/ouvidor-celebra-dia-do-trabalhador-com-show-de-felipe-rodrigo-e-entrega-de-veiculos-a-populacao\/","og_site_name":"Jornal Ultimos Acontecimentos","article_publisher":"https:\/\/www.facebook.com\/jultimosacontecimentos\/","article_published_time":"2026-04-30T02:11:38+00:00","article_modified_time":"2026-04-30T02:15:14+00:00","author":"Reginaldo Ribeiro","twitter_card":"summary_large_image","twitter_misc":{"Escrito por":"Reginaldo Ribeiro","Est. tempo de leitura":"3 minutos"},"schema":{"@context":"https:\/\/schema.org","@graph":[{"@type":"Article","@id":"https:\/\/juacontecimentos.com.br\/site\/ouvidor-celebra-dia-do-trabalhador-com-show-de-felipe-rodrigo-e-entrega-de-veiculos-a-populacao\/#article","isPartOf":{"@id":"https:\/\/juacontecimentos.com.br\/site\/ouvidor-celebra-dia-do-trabalhador-com-show-de-felipe-rodrigo-e-entrega-de-veiculos-a-populacao\/"},"author":{"name":"Reginaldo Ribeiro","@id":"https:\/\/juacontecimentos.com.br\/site\/#\/schema\/person\/082a54e6d3fdd7a633291428521c9669"},"headline":"Ouvidor celebra Dia do Trabalhador com show de Felipe &#038; Rodrigo e entrega de ve\u00edculos \u00e0 popula\u00e7\u00e3o","datePublished":"2026-04-30T02:11:38+00:00","dateModified":"2026-04-30T02:15:14+00:00","mainEntityOfPage":{"@id":"https:\/\/juacontecimentos.com.br\/site\/ouvidor-celebra-dia-do-trabalhador-com-show-de-felipe-rodrigo-e-entrega-de-veiculos-a-populacao\/"},"wordCount":559,"publisher":{"@id":"https:\/\/juacontecimentos.com.br\/site\/#organization"},"articleSection":["Brasil","Catal\u00e3o","Destaque","Goi\u00e1s"],"inLanguage":"pt-BR"},{"@type":"WebPage","@id":"https:\/\/juacontecimentos.com.br\/site\/ouvidor-celebra-dia-do-trabalhador-com-show-de-felipe-rodrigo-e-entrega-de-veiculos-a-populacao\/","url":"https:\/\/juacontecimentos.com.br\/site\/ouvidor-celebra-dia-do-trabalhador-com-show-de-felipe-rodrigo-e-entrega-de-veiculos-a-populacao\/","name":"Ouvidor celebra Dia do Trabalhador com show de Felipe & Rodrigo e entrega de ve\u00edculos \u00e0 popula\u00e7\u00e3o - Jornal Ultimos Acontecimentos","isPartOf":{"@id":"https:\/\/juacontecimentos.com.br\/site\/#website"},"datePublished":"2026-04-30T02:11:38+00:00","dateModified":"2026-04-30T02:15:14+00:00","breadcrumb":{"@id":"https:\/\/juacontecimentos.com.br\/site\/ouvidor-celebra-dia-do-trabalhador-com-show-de-felipe-rodrigo-e-entrega-de-veiculos-a-populacao\/#breadcrumb"},"inLanguage":"pt-BR","potentialAction":[{"@type":"ReadAction","target":["https:\/\/juacontecimentos.com.br\/site\/ouvidor-celebra-dia-do-trabalhador-com-show-de-felipe-rodrigo-e-entrega-de-veiculos-a-populacao\/"]}]},{"@type":"BreadcrumbList","@id":"https:\/\/juacontecimentos.com.br\/site\/ouvidor-celebra-dia-do-trabalhador-com-show-de-felipe-rodrigo-e-entrega-de-veiculos-a-populacao\/#breadcrumb","itemListElement":[{"@type":"ListItem","position":1,"name":"In\u00edcio","item":"https:\/\/juacontecimentos.com.br\/site\/"},{"@type":"ListItem","position":2,"name":"Ouvidor celebra Dia do Trabalhador com show de Felipe &#038; Rodrigo e entrega de ve\u00edculos \u00e0 popula\u00e7\u00e3o"}]},{"@type":"WebSite","@id":"https:\/\/juacontecimentos.com.br\/site\/#website","url":"https:\/\/juacontecimentos.com.br\/site\/","name":"Jornal Ultimos Acontecimentos","description":"Catal\u00e3o e regi\u00e3o","publisher":{"@id":"https:\/\/juacontecimentos.com.br\/site\/#organization"},"potentialAction":[{"@type":"SearchAction","target":{"@type":"EntryPoint","urlTemplate":"https:\/\/juacontecimentos.com.br\/site\/?s={search_term_string}"},"query-input":{"@type":"PropertyValueSpecification","valueRequired":true,"valueName":"search_term_string"}}],"inLanguage":"pt-BR"},{"@type":"Organization","@id":"https:\/\/juacontecimentos.com.br\/site\/#organization","name":"Jornal Ultimos Acontecimentos","url":"https:\/\/juacontecimentos.com.br\/site\/","logo":{"@type":"ImageObject","inLanguage":"pt-BR","@id":"https:\/\/juacontecimentos.com.br\/site\/#\/schema\/logo\/image\/","url":"https:\/\/juacontecimentos.com.br\/site\/wp-content\/uploads\/2023\/04\/Logo_Site.png","contentUrl":"https:\/\/juacontecimentos.com.br\/site\/wp-content\/uploads\/2023\/04\/Logo_Site.png","width":2476,"height":530,"caption":"Jornal Ultimos Acontecimentos"},"image":{"@id":"https:\/\/juacontecimentos.com.br\/site\/#\/schema\/logo\/image\/"},"sameAs":["https:\/\/www.facebook.com\/jultimosacontecimentos\/"]},{"@type":"Person","@id":"https:\/\/juacontecimentos.com.br\/site\/#\/schema\/person\/082a54e6d3fdd7a633291428521c9669","name":"Reginaldo Ribeiro","image":{"@type":"ImageObject","inLanguage":"pt-BR","@id":"https:\/\/juacontecimentos.com.br\/site\/#\/schema\/person\/image\/","url":"https:\/\/secure.gravatar.com\/avatar\/5c16c6837c3490270a74d888c2a845728f06bdde1f8761de1de1d1d1ef82d12f?s=96&d=mm&r=g","contentUrl":"https:\/\/secure.gravatar.com\/avatar\/5c16c6837c3490270a74d888c2a845728f06bdde1f8761de1de1d1d1ef82d12f?s=96&d=mm&r=g","caption":"Reginaldo Ribeiro"}}]}},"_links":{"self":[{"href":"https:\/\/juacontecimentos.com.br\/site\/wp-json\/wp\/v2\/posts\/50017","targetHints":{"allow":["GET"]}}],"collection":[{"href":"https:\/\/juacontecimentos.com.br\/site\/wp-json\/wp\/v2\/posts"}],"about":[{"href":"https:\/\/juacontecimentos.com.br\/site\/wp-json\/wp\/v2\/types\/post"}],"author":[{"embeddable":true,"href":"https:\/\/juacontecimentos.com.br\/site\/wp-json\/wp\/v2\/users\/2"}],"replies":[{"embeddable":true,"href":"https:\/\/juacontecimentos.com.br\/site\/wp-json\/wp\/v2\/comments?post=50017"}],"version-history":[{"count":3,"href":"https:\/\/juacontecimentos.com.br\/site\/wp-json\/wp\/v2\/posts\/50017\/revisions"}],"predecessor-version":[{"id":50020,"href":"https:\/\/juacontecimentos.com.br\/site\/wp-json\/wp\/v2\/posts\/50017\/revisions\/50020"}],"wp:attachment":[{"href":"https:\/\/juacontecimentos.com.br\/site\/wp-json\/wp\/v2\/media?parent=50017"}],"wp:term":[{"taxonomy":"category","embeddable":true,"href":"https:\/\/juacontecimentos.com.br\/site\/wp-json\/wp\/v2\/categories?post=50017"},{"taxonomy":"post_tag","embeddable":true,"href":"https:\/\/juacontecimentos.com.br\/site\/wp-json\/wp\/v2\/tags?post=50017"}],"curies":[{"name":"wp","href":"https:\/\/api.w.org\/{rel}","templated":true}]}}