{"id":5047,"date":"2018-12-20T09:23:16","date_gmt":"2018-12-20T11:23:16","guid":{"rendered":"http:\/\/juacontecimentos.com.br\/site\/?p=5047"},"modified":"2018-12-20T09:23:16","modified_gmt":"2018-12-20T11:23:16","slug":"advogado-thadeu-aguiar-e-empossado-presidente-da-oab-subsecaocatalao","status":"publish","type":"post","link":"https:\/\/juacontecimentos.com.br\/site\/advogado-thadeu-aguiar-e-empossado-presidente-da-oab-subsecaocatalao\/","title":{"rendered":"Advogado Thadeu Aguiar \u00e9 empossado presidente da OAB subse\u00e7\u00e3o\/Catal\u00e3o"},"content":{"rendered":"<p class=\"m_-8987665354228830592gmail-MsoNoSpacing\"><i>\u201c<\/i><i>Sempre existe um amanhecer, onde Deus renova nossas for\u00e7as para prosseguir\u201d.<\/i><i><\/i><\/p>\n<p class=\"m_-8987665354228830592gmail-MsoNoSpacing\">O atual presidente da Ordem dos Advogados do Brasil (OAB) Subse\u00e7\u00e3o Catal\u00e3o, doutor Jos\u00e9 Roberto Ferreira Campos, empossou na noite do dia 19 de dezembro, no audit\u00f3rio da Ordem, na presen\u00e7a de advogados, autoridades e familiares a nova mesa diretora para o tri\u00eanio 2019-2021, tendo a frente o presidente eleito no \u00faltimo dia 30\/11, o doutor Thadeu Bot\u00eaga Aguiar.<\/p>\n<p class=\"m_-8987665354228830592gmail-MsoNoSpacing\">Al\u00e9m do novo presidente, a nova diretoria \u00e9 composta pelo Vice-presidente \u2013 Dr. Marco Ant\u00f4nio Jorge Dahas, Dr. Rubens Pena (Secret\u00e1rio-geral), Dra. Anna Paula Silva Mantana (Secret\u00e1ria-geral adjunta) e Dr. Marco T\u00falio Lacerda e Silva (Diretor &#8211; tesoureiro).<\/p>\n<p class=\"m_-8987665354228830592gmail-MsoNoSpacing\">A subse\u00e7\u00e3o atende os profissionais de advocacia das cidades de Goiandira, Cumari, Tr\u00eas Ranchos, Ouvidor, Davin\u00f3polis, Nova Aurora e Anhanguera.<\/p>\n<p class=\"m_-8987665354228830592gmail-MsoNoSpacing\">Thadeu destacou que o trabalho da nova diretoria ter\u00e1 como foco a valoriza\u00e7\u00e3o da advocacia e da OAB, a luta pela dignidade, independ\u00eancia e prerrogativas profissionais. \u201cDiariamente renovamos nossas for\u00e7as para os embates que enfrentamos, quando um advogado \u00e9 desrespeitado no exerc\u00edcio da advocacia, quando os honor\u00e1rios s\u00e3o aviltados, quando os princ\u00edpios e finalidades da OAB n\u00e3o s\u00e3o observados\u201d, afirmou.<\/p>\n<p class=\"m_-8987665354228830592gmail-MsoNoSpacing\">O ent\u00e3o presidente da OAB subse\u00e7\u00e3o Catal\u00e3o at\u00e9 31\/12, doutor Jos\u00e9 Roberto Ferreira Campos ressaltou que a \u201ca atua\u00e7\u00e3o da OAB, sempre foi pautada pelo aprimoramento de nossas institui\u00e7\u00f5es democr\u00e1ticas e pela defesa do Estado de Direito. A diretoria da atual gest\u00e3o, como voz constitucional do cidad\u00e3o, n\u00e3o agiu em nome de partidos pol\u00edticos ou agentes, buscou sim, o melhor para a sociedade, num geral&#8221;.<\/p>\n<p class=\"m_-8987665354228830592gmail-MsoNoSpacing\">Thadeu Aguiar j\u00e1 ocupava o cargo de vice-presidente da subse\u00e7\u00e3o desde o ano de 2016 e foi eleito em 31 de novembro de 2018, para um\u00a0novo\u00a0mandato de tr\u00eas anos.<\/p>\n<p><\/p>\n","protected":false},"excerpt":{"rendered":"<p>\u201cSempre existe um amanhecer, onde Deus renova nossas for\u00e7as para prosseguir\u201d. O atual presidente da Ordem dos Advogados do Brasil (OAB) Subse\u00e7\u00e3o Catal\u00e3o, doutor Jos\u00e9 Roberto Ferreira Campos, empossou na noite do dia 19 de dezembro, no audit\u00f3rio da Ordem, na presen\u00e7a de advogados, autoridades e familiares a nova mesa diretora para o tri\u00eanio 2019-2021,<\/p>\n","protected":false},"author":2,"featured_media":5051,"comment_status":"open","ping_status":"open","sticky":false,"template":"","format":"standard","meta":{"footnotes":""},"categories":[27,22,26,23],"tags":[],"class_list":["post-5047","post","type-post","status-publish","format-standard","has-post-thumbnail","hentry","category-brasil","category-catalao","category-destaque","category-goias"],"yoast_head":"<!-- This site is optimized with the Yoast SEO plugin v25.8 - https:\/\/yoast.com\/wordpress\/plugins\/seo\/ -->\n<title>Advogado Thadeu Aguiar \u00e9 empossado presidente da OAB subse\u00e7\u00e3o\/Catal\u00e3o - Jornal Ultimos Acontecimentos<\/title>\n<meta name=\"robots\" content=\"index, follow, max-snippet:-1, max-image-preview:large, max-video-preview:-1\" \/>\n<link rel=\"canonical\" href=\"https:\/\/juacontecimentos.com.br\/site\/advogado-thadeu-aguiar-e-empossado-presidente-da-oab-subsecaocatalao\/\" \/>\n<meta property=\"og:locale\" content=\"pt_BR\" \/>\n<meta property=\"og:type\" content=\"article\" \/>\n<meta property=\"og:title\" content=\"Advogado Thadeu Aguiar \u00e9 empossado presidente da OAB subse\u00e7\u00e3o\/Catal\u00e3o - Jornal Ultimos Acontecimentos\" \/>\n<meta property=\"og:description\" content=\"\u201cSempre existe um amanhecer, onde Deus renova nossas for\u00e7as para prosseguir\u201d. O atual presidente da Ordem dos Advogados do Brasil (OAB) Subse\u00e7\u00e3o Catal\u00e3o, doutor Jos\u00e9 Roberto Ferreira Campos, empossou na noite do dia 19 de dezembro, no audit\u00f3rio da Ordem, na presen\u00e7a de advogados, autoridades e familiares a nova mesa diretora para o tri\u00eanio 2019-2021,\" \/>\n<meta property=\"og:url\" content=\"https:\/\/juacontecimentos.com.br\/site\/advogado-thadeu-aguiar-e-empossado-presidente-da-oab-subsecaocatalao\/\" \/>\n<meta property=\"og:site_name\" content=\"Jornal Ultimos Acontecimentos\" \/>\n<meta property=\"article:publisher\" content=\"https:\/\/www.facebook.com\/jultimosacontecimentos\/\" \/>\n<meta property=\"article:published_time\" content=\"2018-12-20T11:23:16+00:00\" \/>\n<meta property=\"og:image\" content=\"https:\/\/juacontecimentos.com.br\/site\/wp-content\/uploads\/2018\/12\/IMG_20181219_2003340955.jpg\" \/>\n\t<meta property=\"og:image:width\" content=\"4033\" \/>\n\t<meta property=\"og:image:height\" content=\"1716\" \/>\n\t<meta property=\"og:image:type\" content=\"image\/jpeg\" \/>\n<meta name=\"author\" content=\"Reginaldo Ribeiro\" \/>\n<meta name=\"twitter:card\" content=\"summary_large_image\" \/>\n<meta name=\"twitter:label1\" content=\"Escrito por\" \/>\n\t<meta name=\"twitter:data1\" content=\"Reginaldo Ribeiro\" \/>\n\t<meta name=\"twitter:label2\" content=\"Est. tempo de leitura\" \/>\n\t<meta name=\"twitter:data2\" content=\"2 minutos\" \/>\n<script type=\"application\/ld+json\" class=\"yoast-schema-graph\">{\"@context\":\"https:\/\/schema.org\",\"@graph\":[{\"@type\":\"Article\",\"@id\":\"https:\/\/juacontecimentos.com.br\/site\/advogado-thadeu-aguiar-e-empossado-presidente-da-oab-subsecaocatalao\/#article\",\"isPartOf\":{\"@id\":\"https:\/\/juacontecimentos.com.br\/site\/advogado-thadeu-aguiar-e-empossado-presidente-da-oab-subsecaocatalao\/\"},\"author\":{\"name\":\"Reginaldo Ribeiro\",\"@id\":\"https:\/\/juacontecimentos.com.br\/site\/#\/schema\/person\/082a54e6d3fdd7a633291428521c9669\"},\"headline\":\"Advogado Thadeu Aguiar \u00e9 empossado presidente da OAB subse\u00e7\u00e3o\/Catal\u00e3o\",\"datePublished\":\"2018-12-20T11:23:16+00:00\",\"mainEntityOfPage\":{\"@id\":\"https:\/\/juacontecimentos.com.br\/site\/advogado-thadeu-aguiar-e-empossado-presidente-da-oab-subsecaocatalao\/\"},\"wordCount\":322,\"commentCount\":0,\"publisher\":{\"@id\":\"https:\/\/juacontecimentos.com.br\/site\/#organization\"},\"image\":{\"@id\":\"https:\/\/juacontecimentos.com.br\/site\/advogado-thadeu-aguiar-e-empossado-presidente-da-oab-subsecaocatalao\/#primaryimage\"},\"thumbnailUrl\":\"https:\/\/juacontecimentos.com.br\/site\/wp-content\/uploads\/2018\/12\/IMG_20181219_2003340955.jpg\",\"articleSection\":[\"Brasil\",\"Catal\u00e3o\",\"Destaque\",\"Goi\u00e1s\"],\"inLanguage\":\"pt-BR\"},{\"@type\":\"WebPage\",\"@id\":\"https:\/\/juacontecimentos.com.br\/site\/advogado-thadeu-aguiar-e-empossado-presidente-da-oab-subsecaocatalao\/\",\"url\":\"https:\/\/juacontecimentos.com.br\/site\/advogado-thadeu-aguiar-e-empossado-presidente-da-oab-subsecaocatalao\/\",\"name\":\"Advogado Thadeu Aguiar \u00e9 empossado presidente da OAB subse\u00e7\u00e3o\/Catal\u00e3o - Jornal Ultimos Acontecimentos\",\"isPartOf\":{\"@id\":\"https:\/\/juacontecimentos.com.br\/site\/#website\"},\"primaryImageOfPage\":{\"@id\":\"https:\/\/juacontecimentos.com.br\/site\/advogado-thadeu-aguiar-e-empossado-presidente-da-oab-subsecaocatalao\/#primaryimage\"},\"image\":{\"@id\":\"https:\/\/juacontecimentos.com.br\/site\/advogado-thadeu-aguiar-e-empossado-presidente-da-oab-subsecaocatalao\/#primaryimage\"},\"thumbnailUrl\":\"https:\/\/juacontecimentos.com.br\/site\/wp-content\/uploads\/2018\/12\/IMG_20181219_2003340955.jpg\",\"datePublished\":\"2018-12-20T11:23:16+00:00\",\"breadcrumb\":{\"@id\":\"https:\/\/juacontecimentos.com.br\/site\/advogado-thadeu-aguiar-e-empossado-presidente-da-oab-subsecaocatalao\/#breadcrumb\"},\"inLanguage\":\"pt-BR\",\"potentialAction\":[{\"@type\":\"ReadAction\",\"target\":[\"https:\/\/juacontecimentos.com.br\/site\/advogado-thadeu-aguiar-e-empossado-presidente-da-oab-subsecaocatalao\/\"]}]},{\"@type\":\"ImageObject\",\"inLanguage\":\"pt-BR\",\"@id\":\"https:\/\/juacontecimentos.com.br\/site\/advogado-thadeu-aguiar-e-empossado-presidente-da-oab-subsecaocatalao\/#primaryimage\",\"url\":\"https:\/\/juacontecimentos.com.br\/site\/wp-content\/uploads\/2018\/12\/IMG_20181219_2003340955.jpg\",\"contentUrl\":\"https:\/\/juacontecimentos.com.br\/site\/wp-content\/uploads\/2018\/12\/IMG_20181219_2003340955.jpg\",\"width\":4033,\"height\":1716},{\"@type\":\"BreadcrumbList\",\"@id\":\"https:\/\/juacontecimentos.com.br\/site\/advogado-thadeu-aguiar-e-empossado-presidente-da-oab-subsecaocatalao\/#breadcrumb\",\"itemListElement\":[{\"@type\":\"ListItem\",\"position\":1,\"name\":\"In\u00edcio\",\"item\":\"https:\/\/juacontecimentos.com.br\/site\/\"},{\"@type\":\"ListItem\",\"position\":2,\"name\":\"Advogado Thadeu Aguiar \u00e9 empossado presidente da OAB subse\u00e7\u00e3o\/Catal\u00e3o\"}]},{\"@type\":\"WebSite\",\"@id\":\"https:\/\/juacontecimentos.com.br\/site\/#website\",\"url\":\"https:\/\/juacontecimentos.com.br\/site\/\",\"name\":\"Jornal Ultimos Acontecimentos\",\"description\":\"Catal\u00e3o e regi\u00e3o\",\"publisher\":{\"@id\":\"https:\/\/juacontecimentos.com.br\/site\/#organization\"},\"potentialAction\":[{\"@type\":\"SearchAction\",\"target\":{\"@type\":\"EntryPoint\",\"urlTemplate\":\"https:\/\/juacontecimentos.com.br\/site\/?s={search_term_string}\"},\"query-input\":{\"@type\":\"PropertyValueSpecification\",\"valueRequired\":true,\"valueName\":\"search_term_string\"}}],\"inLanguage\":\"pt-BR\"},{\"@type\":\"Organization\",\"@id\":\"https:\/\/juacontecimentos.com.br\/site\/#organization\",\"name\":\"Jornal Ultimos Acontecimentos\",\"url\":\"https:\/\/juacontecimentos.com.br\/site\/\",\"logo\":{\"@type\":\"ImageObject\",\"inLanguage\":\"pt-BR\",\"@id\":\"https:\/\/juacontecimentos.com.br\/site\/#\/schema\/logo\/image\/\",\"url\":\"https:\/\/juacontecimentos.com.br\/site\/wp-content\/uploads\/2023\/04\/Logo_Site.png\",\"contentUrl\":\"https:\/\/juacontecimentos.com.br\/site\/wp-content\/uploads\/2023\/04\/Logo_Site.png\",\"width\":2476,\"height\":530,\"caption\":\"Jornal Ultimos Acontecimentos\"},\"image\":{\"@id\":\"https:\/\/juacontecimentos.com.br\/site\/#\/schema\/logo\/image\/\"},\"sameAs\":[\"https:\/\/www.facebook.com\/jultimosacontecimentos\/\"]},{\"@type\":\"Person\",\"@id\":\"https:\/\/juacontecimentos.com.br\/site\/#\/schema\/person\/082a54e6d3fdd7a633291428521c9669\",\"name\":\"Reginaldo Ribeiro\",\"image\":{\"@type\":\"ImageObject\",\"inLanguage\":\"pt-BR\",\"@id\":\"https:\/\/juacontecimentos.com.br\/site\/#\/schema\/person\/image\/\",\"url\":\"https:\/\/secure.gravatar.com\/avatar\/5c16c6837c3490270a74d888c2a845728f06bdde1f8761de1de1d1d1ef82d12f?s=96&d=mm&r=g\",\"contentUrl\":\"https:\/\/secure.gravatar.com\/avatar\/5c16c6837c3490270a74d888c2a845728f06bdde1f8761de1de1d1d1ef82d12f?s=96&d=mm&r=g\",\"caption\":\"Reginaldo Ribeiro\"}}]}<\/script>\n<!-- \/ Yoast SEO plugin. -->","yoast_head_json":{"title":"Advogado Thadeu Aguiar \u00e9 empossado presidente da OAB subse\u00e7\u00e3o\/Catal\u00e3o - Jornal Ultimos Acontecimentos","robots":{"index":"index","follow":"follow","max-snippet":"max-snippet:-1","max-image-preview":"max-image-preview:large","max-video-preview":"max-video-preview:-1"},"canonical":"https:\/\/juacontecimentos.com.br\/site\/advogado-thadeu-aguiar-e-empossado-presidente-da-oab-subsecaocatalao\/","og_locale":"pt_BR","og_type":"article","og_title":"Advogado Thadeu Aguiar \u00e9 empossado presidente da OAB subse\u00e7\u00e3o\/Catal\u00e3o - Jornal Ultimos Acontecimentos","og_description":"\u201cSempre existe um amanhecer, onde Deus renova nossas for\u00e7as para prosseguir\u201d. O atual presidente da Ordem dos Advogados do Brasil (OAB) Subse\u00e7\u00e3o Catal\u00e3o, doutor Jos\u00e9 Roberto Ferreira Campos, empossou na noite do dia 19 de dezembro, no audit\u00f3rio da Ordem, na presen\u00e7a de advogados, autoridades e familiares a nova mesa diretora para o tri\u00eanio 2019-2021,","og_url":"https:\/\/juacontecimentos.com.br\/site\/advogado-thadeu-aguiar-e-empossado-presidente-da-oab-subsecaocatalao\/","og_site_name":"Jornal Ultimos Acontecimentos","article_publisher":"https:\/\/www.facebook.com\/jultimosacontecimentos\/","article_published_time":"2018-12-20T11:23:16+00:00","og_image":[{"width":4033,"height":1716,"url":"https:\/\/juacontecimentos.com.br\/site\/wp-content\/uploads\/2018\/12\/IMG_20181219_2003340955.jpg","type":"image\/jpeg"}],"author":"Reginaldo Ribeiro","twitter_card":"summary_large_image","twitter_misc":{"Escrito por":"Reginaldo Ribeiro","Est. tempo de leitura":"2 minutos"},"schema":{"@context":"https:\/\/schema.org","@graph":[{"@type":"Article","@id":"https:\/\/juacontecimentos.com.br\/site\/advogado-thadeu-aguiar-e-empossado-presidente-da-oab-subsecaocatalao\/#article","isPartOf":{"@id":"https:\/\/juacontecimentos.com.br\/site\/advogado-thadeu-aguiar-e-empossado-presidente-da-oab-subsecaocatalao\/"},"author":{"name":"Reginaldo Ribeiro","@id":"https:\/\/juacontecimentos.com.br\/site\/#\/schema\/person\/082a54e6d3fdd7a633291428521c9669"},"headline":"Advogado Thadeu Aguiar \u00e9 empossado presidente da OAB subse\u00e7\u00e3o\/Catal\u00e3o","datePublished":"2018-12-20T11:23:16+00:00","mainEntityOfPage":{"@id":"https:\/\/juacontecimentos.com.br\/site\/advogado-thadeu-aguiar-e-empossado-presidente-da-oab-subsecaocatalao\/"},"wordCount":322,"commentCount":0,"publisher":{"@id":"https:\/\/juacontecimentos.com.br\/site\/#organization"},"image":{"@id":"https:\/\/juacontecimentos.com.br\/site\/advogado-thadeu-aguiar-e-empossado-presidente-da-oab-subsecaocatalao\/#primaryimage"},"thumbnailUrl":"https:\/\/juacontecimentos.com.br\/site\/wp-content\/uploads\/2018\/12\/IMG_20181219_2003340955.jpg","articleSection":["Brasil","Catal\u00e3o","Destaque","Goi\u00e1s"],"inLanguage":"pt-BR"},{"@type":"WebPage","@id":"https:\/\/juacontecimentos.com.br\/site\/advogado-thadeu-aguiar-e-empossado-presidente-da-oab-subsecaocatalao\/","url":"https:\/\/juacontecimentos.com.br\/site\/advogado-thadeu-aguiar-e-empossado-presidente-da-oab-subsecaocatalao\/","name":"Advogado Thadeu Aguiar \u00e9 empossado presidente da OAB subse\u00e7\u00e3o\/Catal\u00e3o - Jornal Ultimos Acontecimentos","isPartOf":{"@id":"https:\/\/juacontecimentos.com.br\/site\/#website"},"primaryImageOfPage":{"@id":"https:\/\/juacontecimentos.com.br\/site\/advogado-thadeu-aguiar-e-empossado-presidente-da-oab-subsecaocatalao\/#primaryimage"},"image":{"@id":"https:\/\/juacontecimentos.com.br\/site\/advogado-thadeu-aguiar-e-empossado-presidente-da-oab-subsecaocatalao\/#primaryimage"},"thumbnailUrl":"https:\/\/juacontecimentos.com.br\/site\/wp-content\/uploads\/2018\/12\/IMG_20181219_2003340955.jpg","datePublished":"2018-12-20T11:23:16+00:00","breadcrumb":{"@id":"https:\/\/juacontecimentos.com.br\/site\/advogado-thadeu-aguiar-e-empossado-presidente-da-oab-subsecaocatalao\/#breadcrumb"},"inLanguage":"pt-BR","potentialAction":[{"@type":"ReadAction","target":["https:\/\/juacontecimentos.com.br\/site\/advogado-thadeu-aguiar-e-empossado-presidente-da-oab-subsecaocatalao\/"]}]},{"@type":"ImageObject","inLanguage":"pt-BR","@id":"https:\/\/juacontecimentos.com.br\/site\/advogado-thadeu-aguiar-e-empossado-presidente-da-oab-subsecaocatalao\/#primaryimage","url":"https:\/\/juacontecimentos.com.br\/site\/wp-content\/uploads\/2018\/12\/IMG_20181219_2003340955.jpg","contentUrl":"https:\/\/juacontecimentos.com.br\/site\/wp-content\/uploads\/2018\/12\/IMG_20181219_2003340955.jpg","width":4033,"height":1716},{"@type":"BreadcrumbList","@id":"https:\/\/juacontecimentos.com.br\/site\/advogado-thadeu-aguiar-e-empossado-presidente-da-oab-subsecaocatalao\/#breadcrumb","itemListElement":[{"@type":"ListItem","position":1,"name":"In\u00edcio","item":"https:\/\/juacontecimentos.com.br\/site\/"},{"@type":"ListItem","position":2,"name":"Advogado Thadeu Aguiar \u00e9 empossado presidente da OAB subse\u00e7\u00e3o\/Catal\u00e3o"}]},{"@type":"WebSite","@id":"https:\/\/juacontecimentos.com.br\/site\/#website","url":"https:\/\/juacontecimentos.com.br\/site\/","name":"Jornal Ultimos Acontecimentos","description":"Catal\u00e3o e regi\u00e3o","publisher":{"@id":"https:\/\/juacontecimentos.com.br\/site\/#organization"},"potentialAction":[{"@type":"SearchAction","target":{"@type":"EntryPoint","urlTemplate":"https:\/\/juacontecimentos.com.br\/site\/?s={search_term_string}"},"query-input":{"@type":"PropertyValueSpecification","valueRequired":true,"valueName":"search_term_string"}}],"inLanguage":"pt-BR"},{"@type":"Organization","@id":"https:\/\/juacontecimentos.com.br\/site\/#organization","name":"Jornal Ultimos Acontecimentos","url":"https:\/\/juacontecimentos.com.br\/site\/","logo":{"@type":"ImageObject","inLanguage":"pt-BR","@id":"https:\/\/juacontecimentos.com.br\/site\/#\/schema\/logo\/image\/","url":"https:\/\/juacontecimentos.com.br\/site\/wp-content\/uploads\/2023\/04\/Logo_Site.png","contentUrl":"https:\/\/juacontecimentos.com.br\/site\/wp-content\/uploads\/2023\/04\/Logo_Site.png","width":2476,"height":530,"caption":"Jornal Ultimos Acontecimentos"},"image":{"@id":"https:\/\/juacontecimentos.com.br\/site\/#\/schema\/logo\/image\/"},"sameAs":["https:\/\/www.facebook.com\/jultimosacontecimentos\/"]},{"@type":"Person","@id":"https:\/\/juacontecimentos.com.br\/site\/#\/schema\/person\/082a54e6d3fdd7a633291428521c9669","name":"Reginaldo Ribeiro","image":{"@type":"ImageObject","inLanguage":"pt-BR","@id":"https:\/\/juacontecimentos.com.br\/site\/#\/schema\/person\/image\/","url":"https:\/\/secure.gravatar.com\/avatar\/5c16c6837c3490270a74d888c2a845728f06bdde1f8761de1de1d1d1ef82d12f?s=96&d=mm&r=g","contentUrl":"https:\/\/secure.gravatar.com\/avatar\/5c16c6837c3490270a74d888c2a845728f06bdde1f8761de1de1d1d1ef82d12f?s=96&d=mm&r=g","caption":"Reginaldo Ribeiro"}}]}},"_links":{"self":[{"href":"https:\/\/juacontecimentos.com.br\/site\/wp-json\/wp\/v2\/posts\/5047","targetHints":{"allow":["GET"]}}],"collection":[{"href":"https:\/\/juacontecimentos.com.br\/site\/wp-json\/wp\/v2\/posts"}],"about":[{"href":"https:\/\/juacontecimentos.com.br\/site\/wp-json\/wp\/v2\/types\/post"}],"author":[{"embeddable":true,"href":"https:\/\/juacontecimentos.com.br\/site\/wp-json\/wp\/v2\/users\/2"}],"replies":[{"embeddable":true,"href":"https:\/\/juacontecimentos.com.br\/site\/wp-json\/wp\/v2\/comments?post=5047"}],"version-history":[{"count":1,"href":"https:\/\/juacontecimentos.com.br\/site\/wp-json\/wp\/v2\/posts\/5047\/revisions"}],"predecessor-version":[{"id":5052,"href":"https:\/\/juacontecimentos.com.br\/site\/wp-json\/wp\/v2\/posts\/5047\/revisions\/5052"}],"wp:featuredmedia":[{"embeddable":true,"href":"https:\/\/juacontecimentos.com.br\/site\/wp-json\/wp\/v2\/media\/5051"}],"wp:attachment":[{"href":"https:\/\/juacontecimentos.com.br\/site\/wp-json\/wp\/v2\/media?parent=5047"}],"wp:term":[{"taxonomy":"category","embeddable":true,"href":"https:\/\/juacontecimentos.com.br\/site\/wp-json\/wp\/v2\/categories?post=5047"},{"taxonomy":"post_tag","embeddable":true,"href":"https:\/\/juacontecimentos.com.br\/site\/wp-json\/wp\/v2\/tags?post=5047"}],"curies":[{"name":"wp","href":"https:\/\/api.w.org\/{rel}","templated":true}]}}