{"id":51964,"date":"2026-08-31T16:59:59","date_gmt":"2026-08-31T19:59:59","guid":{"rendered":"https:\/\/juacontecimentos.com.br\/site\/?p=51964"},"modified":"2026-08-31T17:44:00","modified_gmt":"2026-08-31T20:44:00","slug":"nelci-candido-se-ve-como-candidato-natural-a-prefeitura-de-ouvidor-em-2028","status":"publish","type":"post","link":"https:\/\/juacontecimentos.com.br\/site\/nelci-candido-se-ve-como-candidato-natural-a-prefeitura-de-ouvidor-em-2028\/","title":{"rendered":"Nelci C\u00e2ndido se v\u00ea como \u201ccandidato natural\u201d \u00e0 Prefeitura de Ouvidor em 2028"},"content":{"rendered":"<p><img loading=\"lazy\" decoding=\"async\" class=\"alignnone wp-image-52013\" src=\"https:\/\/juacontecimentos.com.br\/site\/wp-content\/uploads\/2026\/08\/IMG-20260829-WA0252-1.jpg\" alt=\"\" width=\"1058\" height=\"721\" srcset=\"https:\/\/juacontecimentos.com.br\/site\/wp-content\/uploads\/2026\/08\/IMG-20260829-WA0252-1.jpg 910w, https:\/\/juacontecimentos.com.br\/site\/wp-content\/uploads\/2026\/08\/IMG-20260829-WA0252-1-300x204.jpg 300w, https:\/\/juacontecimentos.com.br\/site\/wp-content\/uploads\/2026\/08\/IMG-20260829-WA0252-1-768x523.jpg 768w\" sizes=\"auto, (max-width: 1058px) 100vw, 1058px\" \/><\/p>\n<p>Nelci C\u00e2ndido j\u00e1 come\u00e7a a despontar como um dos poss\u00edveis nomes para a disputa pela Prefeitura de Ouvidor nas elei\u00e7\u00f5es municipais de 2028. Presen\u00e7a confirmada durante a 11\u00aa edi\u00e7\u00e3o do Ouvidor Rodeio Show, o vice-prefeito, filiado ao Uni\u00e3o Brasil (UNI\u00c3O), afirmou que est\u00e1 \u00e0 disposi\u00e7\u00e3o do grupo pol\u00edtico para uma eventual candidatura ao cargo de prefeito.<\/p>\n<p>Questionado sobre a possibilidade de disputar o comando do munic\u00edpio em 2028, Nelci foi direto: \u201cMeu nome est\u00e1 \u00e0 disposi\u00e7\u00e3o\u201d. A declara\u00e7\u00e3o coloca oficialmente o vice-prefeito no debate sucess\u00f3rio e sinaliza que os primeiros movimentos pol\u00edticos em torno da pr\u00f3xima elei\u00e7\u00e3o municipal j\u00e1 come\u00e7am a ganhar espa\u00e7o nos bastidores de Ouvidor.<\/p>\n<p>O cen\u00e1rio pol\u00edtico do munic\u00edpio tende a ficar mais movimentado ap\u00f3s as elei\u00e7\u00f5es gerais de 2026, quando as articula\u00e7\u00f5es para a sucess\u00e3o municipal dever\u00e3o ganhar novos contornos. At\u00e9 l\u00e1, os grupos pol\u00edticos devem avaliar poss\u00edveis alian\u00e7as, nomes e projetos que poder\u00e3o disputar a prefer\u00eancia do eleitorado ouvidorense.<\/p>\n<p><img loading=\"lazy\" decoding=\"async\" class=\"alignnone wp-image-52012\" src=\"https:\/\/juacontecimentos.com.br\/site\/wp-content\/uploads\/2026\/08\/IMG-20260829-WA0214-1.jpg\" alt=\"\" width=\"1050\" height=\"711\" srcset=\"https:\/\/juacontecimentos.com.br\/site\/wp-content\/uploads\/2026\/08\/IMG-20260829-WA0214-1.jpg 910w, https:\/\/juacontecimentos.com.br\/site\/wp-content\/uploads\/2026\/08\/IMG-20260829-WA0214-1-300x203.jpg 300w, https:\/\/juacontecimentos.com.br\/site\/wp-content\/uploads\/2026\/08\/IMG-20260829-WA0214-1-768x520.jpg 768w\" sizes=\"auto, (max-width: 1050px) 100vw, 1050px\" \/><\/p>\n<p>Nelci C\u00e2ndido possui trajet\u00f3ria consolidada na pol\u00edtica local e est\u00e1 completando dois mandatos como vice-prefeito de Ouvidor. Nas elei\u00e7\u00f5es municipais de 2024, integrou novamente a chapa do atual prefeito Cebinha Nascimento, sendo escolhido para permanecer no cargo de vice-prefeito.<\/p>\n<p>A experi\u00eancia acumulada ao longo dos mandatos e a participa\u00e7\u00e3o no grupo pol\u00edtico que atualmente administra o munic\u00edpio fortalecem a possibilidade de Nelci entrar na corrida eleitoral de 2028. Embora ainda n\u00e3o exista uma candidatura formalizada, a declara\u00e7\u00e3o de que seu nome est\u00e1 \u00e0 disposi\u00e7\u00e3o representa um indicativo de que o vice-prefeito pretende participar das discuss\u00f5es sobre o futuro pol\u00edtico de Ouvidor.<\/p>\n<p>A eventual candidatura tamb\u00e9m poder\u00e1 provocar uma reorganiza\u00e7\u00e3o das for\u00e7as pol\u00edticas locais. A sucess\u00e3o municipal dever\u00e1 envolver diferentes grupos e lideran\u00e7as, e o nome de Nelci, caso avance no projeto, poder\u00e1 ocupar posi\u00e7\u00e3o de destaque nesse processo.<\/p>\n<p>Por enquanto, as elei\u00e7\u00f5es de 2028 ainda est\u00e3o distantes e o cen\u00e1rio poder\u00e1 sofrer mudan\u00e7as ao longo dos pr\u00f3ximos dois anos. No entanto, uma sinaliza\u00e7\u00e3o j\u00e1 foi dada: Nelci C\u00e2ndido colocou seu nome \u00e0 disposi\u00e7\u00e3o e passa a ser considerado um poss\u00edvel candidato \u00e0 Prefeitura de Ouvidor. A tend\u00eancia \u00e9 de que, ap\u00f3s o pleito de 2026, as articula\u00e7\u00f5es pol\u00edticas no munic\u00edpio ganhem intensidade e o projeto eleitoral para 2028 comece a tomar forma mais definida.<\/p>\n<p><img loading=\"lazy\" decoding=\"async\" class=\"alignnone size-full wp-image-51967\" src=\"https:\/\/juacontecimentos.com.br\/site\/wp-content\/uploads\/2026\/08\/WhatsApp-Image-2026-08-31-at-16.58.45.jpeg\" alt=\"\" width=\"1600\" height=\"1066\" srcset=\"https:\/\/juacontecimentos.com.br\/site\/wp-content\/uploads\/2026\/08\/WhatsApp-Image-2026-08-31-at-16.58.45.jpeg 1600w, https:\/\/juacontecimentos.com.br\/site\/wp-content\/uploads\/2026\/08\/WhatsApp-Image-2026-08-31-at-16.58.45-300x200.jpeg 300w, https:\/\/juacontecimentos.com.br\/site\/wp-content\/uploads\/2026\/08\/WhatsApp-Image-2026-08-31-at-16.58.45-1024x682.jpeg 1024w, https:\/\/juacontecimentos.com.br\/site\/wp-content\/uploads\/2026\/08\/WhatsApp-Image-2026-08-31-at-16.58.45-768x512.jpeg 768w, https:\/\/juacontecimentos.com.br\/site\/wp-content\/uploads\/2026\/08\/WhatsApp-Image-2026-08-31-at-16.58.45-1536x1023.jpeg 1536w\" sizes=\"auto, (max-width: 1600px) 100vw, 1600px\" \/><img loading=\"lazy\" decoding=\"async\" class=\"alignnone wp-image-52004 size-full\" src=\"https:\/\/juacontecimentos.com.br\/site\/wp-content\/uploads\/2026\/08\/IMG-20260831-WA0661-e1788208760331.jpg\" alt=\"\" width=\"1066\" height=\"690\" srcset=\"https:\/\/juacontecimentos.com.br\/site\/wp-content\/uploads\/2026\/08\/IMG-20260831-WA0661-e1788208760331.jpg 1066w, https:\/\/juacontecimentos.com.br\/site\/wp-content\/uploads\/2026\/08\/IMG-20260831-WA0661-e1788208760331-300x194.jpg 300w, https:\/\/juacontecimentos.com.br\/site\/wp-content\/uploads\/2026\/08\/IMG-20260831-WA0661-e1788208760331-1024x663.jpg 1024w, https:\/\/juacontecimentos.com.br\/site\/wp-content\/uploads\/2026\/08\/IMG-20260831-WA0661-e1788208760331-768x497.jpg 768w\" sizes=\"auto, (max-width: 1066px) 100vw, 1066px\" \/> <img loading=\"lazy\" decoding=\"async\" class=\"alignnone size-full wp-image-52003\" src=\"https:\/\/juacontecimentos.com.br\/site\/wp-content\/uploads\/2026\/08\/IMG-20260831-WA0653.jpg\" alt=\"\" width=\"1600\" height=\"1066\" srcset=\"https:\/\/juacontecimentos.com.br\/site\/wp-content\/uploads\/2026\/08\/IMG-20260831-WA0653.jpg 1600w, https:\/\/juacontecimentos.com.br\/site\/wp-content\/uploads\/2026\/08\/IMG-20260831-WA0653-300x200.jpg 300w, https:\/\/juacontecimentos.com.br\/site\/wp-content\/uploads\/2026\/08\/IMG-20260831-WA0653-1024x682.jpg 1024w, https:\/\/juacontecimentos.com.br\/site\/wp-content\/uploads\/2026\/08\/IMG-20260831-WA0653-768x512.jpg 768w, https:\/\/juacontecimentos.com.br\/site\/wp-content\/uploads\/2026\/08\/IMG-20260831-WA0653-1536x1023.jpg 1536w\" sizes=\"auto, (max-width: 1600px) 100vw, 1600px\" \/> <img loading=\"lazy\" decoding=\"async\" class=\"alignnone size-full wp-image-52002\" src=\"https:\/\/juacontecimentos.com.br\/site\/wp-content\/uploads\/2026\/08\/IMG-20260831-WA0658.jpg\" alt=\"\" width=\"1600\" height=\"1066\" srcset=\"https:\/\/juacontecimentos.com.br\/site\/wp-content\/uploads\/2026\/08\/IMG-20260831-WA0658.jpg 1600w, https:\/\/juacontecimentos.com.br\/site\/wp-content\/uploads\/2026\/08\/IMG-20260831-WA0658-300x200.jpg 300w, https:\/\/juacontecimentos.com.br\/site\/wp-content\/uploads\/2026\/08\/IMG-20260831-WA0658-1024x682.jpg 1024w, https:\/\/juacontecimentos.com.br\/site\/wp-content\/uploads\/2026\/08\/IMG-20260831-WA0658-768x512.jpg 768w, https:\/\/juacontecimentos.com.br\/site\/wp-content\/uploads\/2026\/08\/IMG-20260831-WA0658-1536x1023.jpg 1536w\" sizes=\"auto, (max-width: 1600px) 100vw, 1600px\" \/> <img loading=\"lazy\" decoding=\"async\" class=\"alignnone size-full wp-image-52001\" src=\"https:\/\/juacontecimentos.com.br\/site\/wp-content\/uploads\/2026\/08\/IMG-20260831-WA0664.jpg\" alt=\"\" width=\"1600\" height=\"1066\" srcset=\"https:\/\/juacontecimentos.com.br\/site\/wp-content\/uploads\/2026\/08\/IMG-20260831-WA0664.jpg 1600w, https:\/\/juacontecimentos.com.br\/site\/wp-content\/uploads\/2026\/08\/IMG-20260831-WA0664-300x200.jpg 300w, https:\/\/juacontecimentos.com.br\/site\/wp-content\/uploads\/2026\/08\/IMG-20260831-WA0664-1024x682.jpg 1024w, https:\/\/juacontecimentos.com.br\/site\/wp-content\/uploads\/2026\/08\/IMG-20260831-WA0664-768x512.jpg 768w, https:\/\/juacontecimentos.com.br\/site\/wp-content\/uploads\/2026\/08\/IMG-20260831-WA0664-1536x1023.jpg 1536w\" sizes=\"auto, (max-width: 1600px) 100vw, 1600px\" \/> <img loading=\"lazy\" decoding=\"async\" class=\"alignnone wp-image-52000 size-full\" src=\"https:\/\/juacontecimentos.com.br\/site\/wp-content\/uploads\/2026\/08\/IMG-20260831-WA0649-e1788208727717.jpg\" alt=\"\" width=\"1066\" height=\"712\" srcset=\"https:\/\/juacontecimentos.com.br\/site\/wp-content\/uploads\/2026\/08\/IMG-20260831-WA0649-e1788208727717.jpg 1066w, https:\/\/juacontecimentos.com.br\/site\/wp-content\/uploads\/2026\/08\/IMG-20260831-WA0649-e1788208727717-300x200.jpg 300w, https:\/\/juacontecimentos.com.br\/site\/wp-content\/uploads\/2026\/08\/IMG-20260831-WA0649-e1788208727717-1024x684.jpg 1024w, https:\/\/juacontecimentos.com.br\/site\/wp-content\/uploads\/2026\/08\/IMG-20260831-WA0649-e1788208727717-768x513.jpg 768w\" sizes=\"auto, (max-width: 1066px) 100vw, 1066px\" \/> <img loading=\"lazy\" decoding=\"async\" class=\"alignnone size-full wp-image-52006\" src=\"https:\/\/juacontecimentos.com.br\/site\/wp-content\/uploads\/2026\/08\/IMG-20260831-WA0663.jpg\" alt=\"\" width=\"1600\" height=\"1066\" srcset=\"https:\/\/juacontecimentos.com.br\/site\/wp-content\/uploads\/2026\/08\/IMG-20260831-WA0663.jpg 1600w, https:\/\/juacontecimentos.com.br\/site\/wp-content\/uploads\/2026\/08\/IMG-20260831-WA0663-300x200.jpg 300w, https:\/\/juacontecimentos.com.br\/site\/wp-content\/uploads\/2026\/08\/IMG-20260831-WA0663-1024x682.jpg 1024w, https:\/\/juacontecimentos.com.br\/site\/wp-content\/uploads\/2026\/08\/IMG-20260831-WA0663-768x512.jpg 768w, https:\/\/juacontecimentos.com.br\/site\/wp-content\/uploads\/2026\/08\/IMG-20260831-WA0663-1536x1023.jpg 1536w\" sizes=\"auto, (max-width: 1600px) 100vw, 1600px\" \/> <img loading=\"lazy\" decoding=\"async\" class=\"alignnone size-full wp-image-52005\" src=\"https:\/\/juacontecimentos.com.br\/site\/wp-content\/uploads\/2026\/08\/IMG-20260831-WA0665.jpg\" alt=\"\" width=\"1600\" height=\"1066\" srcset=\"https:\/\/juacontecimentos.com.br\/site\/wp-content\/uploads\/2026\/08\/IMG-20260831-WA0665.jpg 1600w, https:\/\/juacontecimentos.com.br\/site\/wp-content\/uploads\/2026\/08\/IMG-20260831-WA0665-300x200.jpg 300w, https:\/\/juacontecimentos.com.br\/site\/wp-content\/uploads\/2026\/08\/IMG-20260831-WA0665-1024x682.jpg 1024w, https:\/\/juacontecimentos.com.br\/site\/wp-content\/uploads\/2026\/08\/IMG-20260831-WA0665-768x512.jpg 768w, https:\/\/juacontecimentos.com.br\/site\/wp-content\/uploads\/2026\/08\/IMG-20260831-WA0665-1536x1023.jpg 1536w\" sizes=\"auto, (max-width: 1600px) 100vw, 1600px\" \/><img loading=\"lazy\" decoding=\"async\" class=\"alignnone size-full wp-image-52011\" src=\"https:\/\/juacontecimentos.com.br\/site\/wp-content\/uploads\/2026\/08\/IMG-20260831-WA0671.jpg\" alt=\"\" width=\"1600\" height=\"1066\" srcset=\"https:\/\/juacontecimentos.com.br\/site\/wp-content\/uploads\/2026\/08\/IMG-20260831-WA0671.jpg 1600w, https:\/\/juacontecimentos.com.br\/site\/wp-content\/uploads\/2026\/08\/IMG-20260831-WA0671-300x200.jpg 300w, https:\/\/juacontecimentos.com.br\/site\/wp-content\/uploads\/2026\/08\/IMG-20260831-WA0671-1024x682.jpg 1024w, https:\/\/juacontecimentos.com.br\/site\/wp-content\/uploads\/2026\/08\/IMG-20260831-WA0671-768x512.jpg 768w, https:\/\/juacontecimentos.com.br\/site\/wp-content\/uploads\/2026\/08\/IMG-20260831-WA0671-1536x1023.jpg 1536w\" sizes=\"auto, (max-width: 1600px) 100vw, 1600px\" \/> <img loading=\"lazy\" decoding=\"async\" class=\"alignnone size-full wp-image-52010\" src=\"https:\/\/juacontecimentos.com.br\/site\/wp-content\/uploads\/2026\/08\/IMG-20260831-WA0670.jpg\" alt=\"\" width=\"1600\" height=\"1066\" srcset=\"https:\/\/juacontecimentos.com.br\/site\/wp-content\/uploads\/2026\/08\/IMG-20260831-WA0670.jpg 1600w, https:\/\/juacontecimentos.com.br\/site\/wp-content\/uploads\/2026\/08\/IMG-20260831-WA0670-300x200.jpg 300w, https:\/\/juacontecimentos.com.br\/site\/wp-content\/uploads\/2026\/08\/IMG-20260831-WA0670-1024x682.jpg 1024w, https:\/\/juacontecimentos.com.br\/site\/wp-content\/uploads\/2026\/08\/IMG-20260831-WA0670-768x512.jpg 768w, https:\/\/juacontecimentos.com.br\/site\/wp-content\/uploads\/2026\/08\/IMG-20260831-WA0670-1536x1023.jpg 1536w\" sizes=\"auto, (max-width: 1600px) 100vw, 1600px\" \/> <img loading=\"lazy\" decoding=\"async\" class=\"alignnone size-full wp-image-52009\" src=\"https:\/\/juacontecimentos.com.br\/site\/wp-content\/uploads\/2026\/08\/IMG-20260831-WA0667.jpg\" alt=\"\" width=\"1600\" height=\"1066\" srcset=\"https:\/\/juacontecimentos.com.br\/site\/wp-content\/uploads\/2026\/08\/IMG-20260831-WA0667.jpg 1600w, https:\/\/juacontecimentos.com.br\/site\/wp-content\/uploads\/2026\/08\/IMG-20260831-WA0667-300x200.jpg 300w, https:\/\/juacontecimentos.com.br\/site\/wp-content\/uploads\/2026\/08\/IMG-20260831-WA0667-1024x682.jpg 1024w, https:\/\/juacontecimentos.com.br\/site\/wp-content\/uploads\/2026\/08\/IMG-20260831-WA0667-768x512.jpg 768w, https:\/\/juacontecimentos.com.br\/site\/wp-content\/uploads\/2026\/08\/IMG-20260831-WA0667-1536x1023.jpg 1536w\" sizes=\"auto, (max-width: 1600px) 100vw, 1600px\" \/> <img loading=\"lazy\" decoding=\"async\" class=\"alignnone size-full wp-image-52008\" src=\"https:\/\/juacontecimentos.com.br\/site\/wp-content\/uploads\/2026\/08\/IMG-20260831-WA0650.jpg\" alt=\"\" width=\"1600\" height=\"1066\" srcset=\"https:\/\/juacontecimentos.com.br\/site\/wp-content\/uploads\/2026\/08\/IMG-20260831-WA0650.jpg 1600w, https:\/\/juacontecimentos.com.br\/site\/wp-content\/uploads\/2026\/08\/IMG-20260831-WA0650-300x200.jpg 300w, https:\/\/juacontecimentos.com.br\/site\/wp-content\/uploads\/2026\/08\/IMG-20260831-WA0650-1024x682.jpg 1024w, https:\/\/juacontecimentos.com.br\/site\/wp-content\/uploads\/2026\/08\/IMG-20260831-WA0650-768x512.jpg 768w, https:\/\/juacontecimentos.com.br\/site\/wp-content\/uploads\/2026\/08\/IMG-20260831-WA0650-1536x1023.jpg 1536w\" sizes=\"auto, (max-width: 1600px) 100vw, 1600px\" \/> <img loading=\"lazy\" decoding=\"async\" class=\"alignnone size-full wp-image-52007\" src=\"https:\/\/juacontecimentos.com.br\/site\/wp-content\/uploads\/2026\/08\/IMG-20260831-WA0655.jpg\" alt=\"\" width=\"1600\" height=\"1066\" srcset=\"https:\/\/juacontecimentos.com.br\/site\/wp-content\/uploads\/2026\/08\/IMG-20260831-WA0655.jpg 1600w, https:\/\/juacontecimentos.com.br\/site\/wp-content\/uploads\/2026\/08\/IMG-20260831-WA0655-300x200.jpg 300w, https:\/\/juacontecimentos.com.br\/site\/wp-content\/uploads\/2026\/08\/IMG-20260831-WA0655-1024x682.jpg 1024w, https:\/\/juacontecimentos.com.br\/site\/wp-content\/uploads\/2026\/08\/IMG-20260831-WA0655-768x512.jpg 768w, https:\/\/juacontecimentos.com.br\/site\/wp-content\/uploads\/2026\/08\/IMG-20260831-WA0655-1536x1023.jpg 1536w\" sizes=\"auto, (max-width: 1600px) 100vw, 1600px\" \/><img loading=\"lazy\" decoding=\"async\" class=\"alignnone size-full wp-image-51999\" src=\"https:\/\/juacontecimentos.com.br\/site\/wp-content\/uploads\/2026\/08\/IMG-20260831-WA0645.jpg\" alt=\"\" width=\"1600\" height=\"1066\" srcset=\"https:\/\/juacontecimentos.com.br\/site\/wp-content\/uploads\/2026\/08\/IMG-20260831-WA0645.jpg 1600w, https:\/\/juacontecimentos.com.br\/site\/wp-content\/uploads\/2026\/08\/IMG-20260831-WA0645-300x200.jpg 300w, https:\/\/juacontecimentos.com.br\/site\/wp-content\/uploads\/2026\/08\/IMG-20260831-WA0645-1024x682.jpg 1024w, https:\/\/juacontecimentos.com.br\/site\/wp-content\/uploads\/2026\/08\/IMG-20260831-WA0645-768x512.jpg 768w, https:\/\/juacontecimentos.com.br\/site\/wp-content\/uploads\/2026\/08\/IMG-20260831-WA0645-1536x1023.jpg 1536w\" sizes=\"auto, (max-width: 1600px) 100vw, 1600px\" \/> <img loading=\"lazy\" decoding=\"async\" class=\"alignnone size-full wp-image-51998\" src=\"https:\/\/juacontecimentos.com.br\/site\/wp-content\/uploads\/2026\/08\/IMG-20260831-WA0640.jpg\" alt=\"\" width=\"1600\" height=\"1066\" srcset=\"https:\/\/juacontecimentos.com.br\/site\/wp-content\/uploads\/2026\/08\/IMG-20260831-WA0640.jpg 1600w, https:\/\/juacontecimentos.com.br\/site\/wp-content\/uploads\/2026\/08\/IMG-20260831-WA0640-300x200.jpg 300w, https:\/\/juacontecimentos.com.br\/site\/wp-content\/uploads\/2026\/08\/IMG-20260831-WA0640-1024x682.jpg 1024w, https:\/\/juacontecimentos.com.br\/site\/wp-content\/uploads\/2026\/08\/IMG-20260831-WA0640-768x512.jpg 768w, https:\/\/juacontecimentos.com.br\/site\/wp-content\/uploads\/2026\/08\/IMG-20260831-WA0640-1536x1023.jpg 1536w\" sizes=\"auto, (max-width: 1600px) 100vw, 1600px\" \/> <img loading=\"lazy\" decoding=\"async\" class=\"alignnone wp-image-51997 size-full\" src=\"https:\/\/juacontecimentos.com.br\/site\/wp-content\/uploads\/2026\/08\/IMG-20260831-WA0638-e1788208930678.jpg\" alt=\"\" width=\"1066\" height=\"755\" srcset=\"https:\/\/juacontecimentos.com.br\/site\/wp-content\/uploads\/2026\/08\/IMG-20260831-WA0638-e1788208930678.jpg 1066w, https:\/\/juacontecimentos.com.br\/site\/wp-content\/uploads\/2026\/08\/IMG-20260831-WA0638-e1788208930678-300x212.jpg 300w, https:\/\/juacontecimentos.com.br\/site\/wp-content\/uploads\/2026\/08\/IMG-20260831-WA0638-e1788208930678-1024x725.jpg 1024w, https:\/\/juacontecimentos.com.br\/site\/wp-content\/uploads\/2026\/08\/IMG-20260831-WA0638-e1788208930678-768x544.jpg 768w, https:\/\/juacontecimentos.com.br\/site\/wp-content\/uploads\/2026\/08\/IMG-20260831-WA0638-e1788208930678-184x130.jpg 184w\" sizes=\"auto, (max-width: 1066px) 100vw, 1066px\" \/> <img loading=\"lazy\" decoding=\"async\" class=\"alignnone size-full wp-image-51996\" src=\"https:\/\/juacontecimentos.com.br\/site\/wp-content\/uploads\/2026\/08\/IMG-20260831-WA0646.jpg\" alt=\"\" width=\"1600\" height=\"1066\" srcset=\"https:\/\/juacontecimentos.com.br\/site\/wp-content\/uploads\/2026\/08\/IMG-20260831-WA0646.jpg 1600w, https:\/\/juacontecimentos.com.br\/site\/wp-content\/uploads\/2026\/08\/IMG-20260831-WA0646-300x200.jpg 300w, https:\/\/juacontecimentos.com.br\/site\/wp-content\/uploads\/2026\/08\/IMG-20260831-WA0646-1024x682.jpg 1024w, https:\/\/juacontecimentos.com.br\/site\/wp-content\/uploads\/2026\/08\/IMG-20260831-WA0646-768x512.jpg 768w, https:\/\/juacontecimentos.com.br\/site\/wp-content\/uploads\/2026\/08\/IMG-20260831-WA0646-1536x1023.jpg 1536w\" sizes=\"auto, (max-width: 1600px) 100vw, 1600px\" \/> <img loading=\"lazy\" decoding=\"async\" class=\"alignnone size-full wp-image-51994\" src=\"https:\/\/juacontecimentos.com.br\/site\/wp-content\/uploads\/2026\/08\/IMG-20260831-WA0648.jpg\" alt=\"\" width=\"1600\" height=\"1066\" srcset=\"https:\/\/juacontecimentos.com.br\/site\/wp-content\/uploads\/2026\/08\/IMG-20260831-WA0648.jpg 1600w, https:\/\/juacontecimentos.com.br\/site\/wp-content\/uploads\/2026\/08\/IMG-20260831-WA0648-300x200.jpg 300w, https:\/\/juacontecimentos.com.br\/site\/wp-content\/uploads\/2026\/08\/IMG-20260831-WA0648-1024x682.jpg 1024w, https:\/\/juacontecimentos.com.br\/site\/wp-content\/uploads\/2026\/08\/IMG-20260831-WA0648-768x512.jpg 768w, https:\/\/juacontecimentos.com.br\/site\/wp-content\/uploads\/2026\/08\/IMG-20260831-WA0648-1536x1023.jpg 1536w\" sizes=\"auto, (max-width: 1600px) 100vw, 1600px\" \/> <img loading=\"lazy\" decoding=\"async\" class=\"alignnone wp-image-51993 size-full\" src=\"https:\/\/juacontecimentos.com.br\/site\/wp-content\/uploads\/2026\/08\/IMG-20260831-WA0642-e1788208965746.jpg\" alt=\"\" width=\"1066\" height=\"717\" srcset=\"https:\/\/juacontecimentos.com.br\/site\/wp-content\/uploads\/2026\/08\/IMG-20260831-WA0642-e1788208965746.jpg 1066w, https:\/\/juacontecimentos.com.br\/site\/wp-content\/uploads\/2026\/08\/IMG-20260831-WA0642-e1788208965746-300x202.jpg 300w, https:\/\/juacontecimentos.com.br\/site\/wp-content\/uploads\/2026\/08\/IMG-20260831-WA0642-e1788208965746-1024x689.jpg 1024w, https:\/\/juacontecimentos.com.br\/site\/wp-content\/uploads\/2026\/08\/IMG-20260831-WA0642-e1788208965746-768x517.jpg 768w\" sizes=\"auto, (max-width: 1066px) 100vw, 1066px\" \/><img loading=\"lazy\" decoding=\"async\" class=\"alignnone size-full wp-image-51989\" src=\"https:\/\/juacontecimentos.com.br\/site\/wp-content\/uploads\/2026\/08\/IMG-20260831-WA0625.jpg\" alt=\"\" width=\"1600\" height=\"1066\" srcset=\"https:\/\/juacontecimentos.com.br\/site\/wp-content\/uploads\/2026\/08\/IMG-20260831-WA0625.jpg 1600w, https:\/\/juacontecimentos.com.br\/site\/wp-content\/uploads\/2026\/08\/IMG-20260831-WA0625-300x200.jpg 300w, https:\/\/juacontecimentos.com.br\/site\/wp-content\/uploads\/2026\/08\/IMG-20260831-WA0625-1024x682.jpg 1024w, https:\/\/juacontecimentos.com.br\/site\/wp-content\/uploads\/2026\/08\/IMG-20260831-WA0625-768x512.jpg 768w, https:\/\/juacontecimentos.com.br\/site\/wp-content\/uploads\/2026\/08\/IMG-20260831-WA0625-1536x1023.jpg 1536w\" sizes=\"auto, (max-width: 1600px) 100vw, 1600px\" \/> <img loading=\"lazy\" decoding=\"async\" class=\"alignnone size-full wp-image-51981\" src=\"https:\/\/juacontecimentos.com.br\/site\/wp-content\/uploads\/2026\/08\/IMG-20260831-WA0705.jpg\" alt=\"\" width=\"1600\" height=\"1066\" srcset=\"https:\/\/juacontecimentos.com.br\/site\/wp-content\/uploads\/2026\/08\/IMG-20260831-WA0705.jpg 1600w, https:\/\/juacontecimentos.com.br\/site\/wp-content\/uploads\/2026\/08\/IMG-20260831-WA0705-300x200.jpg 300w, https:\/\/juacontecimentos.com.br\/site\/wp-content\/uploads\/2026\/08\/IMG-20260831-WA0705-1024x682.jpg 1024w, https:\/\/juacontecimentos.com.br\/site\/wp-content\/uploads\/2026\/08\/IMG-20260831-WA0705-768x512.jpg 768w, https:\/\/juacontecimentos.com.br\/site\/wp-content\/uploads\/2026\/08\/IMG-20260831-WA0705-1536x1023.jpg 1536w\" sizes=\"auto, (max-width: 1600px) 100vw, 1600px\" \/> <img loading=\"lazy\" decoding=\"async\" class=\"alignnone size-full wp-image-51979\" src=\"https:\/\/juacontecimentos.com.br\/site\/wp-content\/uploads\/2026\/08\/IMG-20260831-WA0682.jpg\" alt=\"\" width=\"1600\" height=\"1066\" srcset=\"https:\/\/juacontecimentos.com.br\/site\/wp-content\/uploads\/2026\/08\/IMG-20260831-WA0682.jpg 1600w, https:\/\/juacontecimentos.com.br\/site\/wp-content\/uploads\/2026\/08\/IMG-20260831-WA0682-300x200.jpg 300w, https:\/\/juacontecimentos.com.br\/site\/wp-content\/uploads\/2026\/08\/IMG-20260831-WA0682-1024x682.jpg 1024w, https:\/\/juacontecimentos.com.br\/site\/wp-content\/uploads\/2026\/08\/IMG-20260831-WA0682-768x512.jpg 768w, https:\/\/juacontecimentos.com.br\/site\/wp-content\/uploads\/2026\/08\/IMG-20260831-WA0682-1536x1023.jpg 1536w\" sizes=\"auto, (max-width: 1600px) 100vw, 1600px\" \/> <img loading=\"lazy\" decoding=\"async\" class=\"alignnone size-full wp-image-51970\" src=\"https:\/\/juacontecimentos.com.br\/site\/wp-content\/uploads\/2026\/08\/IMG-20260831-WA0721.jpg\" alt=\"\" width=\"1600\" height=\"1066\" srcset=\"https:\/\/juacontecimentos.com.br\/site\/wp-content\/uploads\/2026\/08\/IMG-20260831-WA0721.jpg 1600w, https:\/\/juacontecimentos.com.br\/site\/wp-content\/uploads\/2026\/08\/IMG-20260831-WA0721-300x200.jpg 300w, https:\/\/juacontecimentos.com.br\/site\/wp-content\/uploads\/2026\/08\/IMG-20260831-WA0721-1024x682.jpg 1024w, https:\/\/juacontecimentos.com.br\/site\/wp-content\/uploads\/2026\/08\/IMG-20260831-WA0721-768x512.jpg 768w, https:\/\/juacontecimentos.com.br\/site\/wp-content\/uploads\/2026\/08\/IMG-20260831-WA0721-1536x1023.jpg 1536w\" sizes=\"auto, (max-width: 1600px) 100vw, 1600px\" \/> <img loading=\"lazy\" decoding=\"async\" class=\"alignnone size-full wp-image-51971\" src=\"https:\/\/juacontecimentos.com.br\/site\/wp-content\/uploads\/2026\/08\/IMG-20260831-WA0723.jpg\" alt=\"\" width=\"1600\" height=\"1066\" srcset=\"https:\/\/juacontecimentos.com.br\/site\/wp-content\/uploads\/2026\/08\/IMG-20260831-WA0723.jpg 1600w, https:\/\/juacontecimentos.com.br\/site\/wp-content\/uploads\/2026\/08\/IMG-20260831-WA0723-300x200.jpg 300w, https:\/\/juacontecimentos.com.br\/site\/wp-content\/uploads\/2026\/08\/IMG-20260831-WA0723-1024x682.jpg 1024w, https:\/\/juacontecimentos.com.br\/site\/wp-content\/uploads\/2026\/08\/IMG-20260831-WA0723-768x512.jpg 768w, https:\/\/juacontecimentos.com.br\/site\/wp-content\/uploads\/2026\/08\/IMG-20260831-WA0723-1536x1023.jpg 1536w\" sizes=\"auto, (max-width: 1600px) 100vw, 1600px\" \/><\/p>\n","protected":false},"excerpt":{"rendered":"<p>Nelci C\u00e2ndido j\u00e1 come\u00e7a a despontar como um dos poss\u00edveis nomes para a disputa pela Prefeitura de Ouvidor nas elei\u00e7\u00f5es municipais de 2028. Presen\u00e7a confirmada durante a 11\u00aa edi\u00e7\u00e3o do Ouvidor Rodeio Show, o vice-prefeito, filiado ao Uni\u00e3o Brasil (UNI\u00c3O), afirmou que est\u00e1 \u00e0 disposi\u00e7\u00e3o do grupo pol\u00edtico para uma eventual candidatura ao cargo de<\/p>\n","protected":false},"author":2,"featured_media":52013,"comment_status":"closed","ping_status":"closed","sticky":false,"template":"","format":"standard","meta":{"footnotes":""},"categories":[27,22,26,23],"tags":[],"class_list":["post-51964","post","type-post","status-publish","format-standard","has-post-thumbnail","hentry","category-brasil","category-catalao","category-destaque","category-goias"],"yoast_head":"<!-- This site is optimized with the Yoast SEO plugin v25.8 - https:\/\/yoast.com\/wordpress\/plugins\/seo\/ -->\n<title>Nelci C\u00e2ndido se v\u00ea como \u201ccandidato natural\u201d \u00e0 Prefeitura de Ouvidor em 2028 - Jornal Ultimos Acontecimentos<\/title>\n<meta name=\"robots\" content=\"index, follow, max-snippet:-1, max-image-preview:large, max-video-preview:-1\" \/>\n<link rel=\"canonical\" href=\"https:\/\/juacontecimentos.com.br\/site\/nelci-candido-se-ve-como-candidato-natural-a-prefeitura-de-ouvidor-em-2028\/\" \/>\n<meta property=\"og:locale\" content=\"pt_BR\" \/>\n<meta property=\"og:type\" content=\"article\" \/>\n<meta property=\"og:title\" content=\"Nelci C\u00e2ndido se v\u00ea como \u201ccandidato natural\u201d \u00e0 Prefeitura de Ouvidor em 2028 - Jornal Ultimos Acontecimentos\" \/>\n<meta property=\"og:description\" content=\"Nelci C\u00e2ndido j\u00e1 come\u00e7a a despontar como um dos poss\u00edveis nomes para a disputa pela Prefeitura de Ouvidor nas elei\u00e7\u00f5es municipais de 2028. Presen\u00e7a confirmada durante a 11\u00aa edi\u00e7\u00e3o do Ouvidor Rodeio Show, o vice-prefeito, filiado ao Uni\u00e3o Brasil (UNI\u00c3O), afirmou que est\u00e1 \u00e0 disposi\u00e7\u00e3o do grupo pol\u00edtico para uma eventual candidatura ao cargo de\" \/>\n<meta property=\"og:url\" content=\"https:\/\/juacontecimentos.com.br\/site\/nelci-candido-se-ve-como-candidato-natural-a-prefeitura-de-ouvidor-em-2028\/\" \/>\n<meta property=\"og:site_name\" content=\"Jornal Ultimos Acontecimentos\" \/>\n<meta property=\"article:publisher\" content=\"https:\/\/www.facebook.com\/jultimosacontecimentos\/\" \/>\n<meta property=\"article:published_time\" content=\"2026-08-31T19:59:59+00:00\" \/>\n<meta property=\"article:modified_time\" content=\"2026-08-31T20:44:00+00:00\" \/>\n<meta property=\"og:image\" content=\"https:\/\/juacontecimentos.com.br\/site\/wp-content\/uploads\/2026\/08\/IMG-20260829-WA0252-1.jpg\" \/>\n\t<meta property=\"og:image:width\" content=\"910\" \/>\n\t<meta property=\"og:image:height\" content=\"620\" \/>\n\t<meta property=\"og:image:type\" content=\"image\/jpeg\" \/>\n<meta name=\"author\" content=\"Reginaldo Ribeiro\" \/>\n<meta name=\"twitter:card\" content=\"summary_large_image\" \/>\n<meta name=\"twitter:label1\" content=\"Escrito por\" \/>\n\t<meta name=\"twitter:data1\" content=\"Reginaldo Ribeiro\" \/>\n\t<meta name=\"twitter:label2\" content=\"Est. tempo de leitura\" \/>\n\t<meta name=\"twitter:data2\" content=\"8 minutos\" \/>\n<script type=\"application\/ld+json\" class=\"yoast-schema-graph\">{\"@context\":\"https:\/\/schema.org\",\"@graph\":[{\"@type\":\"Article\",\"@id\":\"https:\/\/juacontecimentos.com.br\/site\/nelci-candido-se-ve-como-candidato-natural-a-prefeitura-de-ouvidor-em-2028\/#article\",\"isPartOf\":{\"@id\":\"https:\/\/juacontecimentos.com.br\/site\/nelci-candido-se-ve-como-candidato-natural-a-prefeitura-de-ouvidor-em-2028\/\"},\"author\":{\"name\":\"Reginaldo Ribeiro\",\"@id\":\"https:\/\/juacontecimentos.com.br\/site\/#\/schema\/person\/082a54e6d3fdd7a633291428521c9669\"},\"headline\":\"Nelci C\u00e2ndido se v\u00ea como \u201ccandidato natural\u201d \u00e0 Prefeitura de Ouvidor em 2028\",\"datePublished\":\"2026-08-31T19:59:59+00:00\",\"dateModified\":\"2026-08-31T20:44:00+00:00\",\"mainEntityOfPage\":{\"@id\":\"https:\/\/juacontecimentos.com.br\/site\/nelci-candido-se-ve-como-candidato-natural-a-prefeitura-de-ouvidor-em-2028\/\"},\"wordCount\":431,\"publisher\":{\"@id\":\"https:\/\/juacontecimentos.com.br\/site\/#organization\"},\"image\":{\"@id\":\"https:\/\/juacontecimentos.com.br\/site\/nelci-candido-se-ve-como-candidato-natural-a-prefeitura-de-ouvidor-em-2028\/#primaryimage\"},\"thumbnailUrl\":\"https:\/\/juacontecimentos.com.br\/site\/wp-content\/uploads\/2026\/08\/IMG-20260829-WA0252-1.jpg\",\"articleSection\":[\"Brasil\",\"Catal\u00e3o\",\"Destaque\",\"Goi\u00e1s\"],\"inLanguage\":\"pt-BR\"},{\"@type\":\"WebPage\",\"@id\":\"https:\/\/juacontecimentos.com.br\/site\/nelci-candido-se-ve-como-candidato-natural-a-prefeitura-de-ouvidor-em-2028\/\",\"url\":\"https:\/\/juacontecimentos.com.br\/site\/nelci-candido-se-ve-como-candidato-natural-a-prefeitura-de-ouvidor-em-2028\/\",\"name\":\"Nelci C\u00e2ndido se v\u00ea como \u201ccandidato natural\u201d \u00e0 Prefeitura de Ouvidor em 2028 - Jornal Ultimos Acontecimentos\",\"isPartOf\":{\"@id\":\"https:\/\/juacontecimentos.com.br\/site\/#website\"},\"primaryImageOfPage\":{\"@id\":\"https:\/\/juacontecimentos.com.br\/site\/nelci-candido-se-ve-como-candidato-natural-a-prefeitura-de-ouvidor-em-2028\/#primaryimage\"},\"image\":{\"@id\":\"https:\/\/juacontecimentos.com.br\/site\/nelci-candido-se-ve-como-candidato-natural-a-prefeitura-de-ouvidor-em-2028\/#primaryimage\"},\"thumbnailUrl\":\"https:\/\/juacontecimentos.com.br\/site\/wp-content\/uploads\/2026\/08\/IMG-20260829-WA0252-1.jpg\",\"datePublished\":\"2026-08-31T19:59:59+00:00\",\"dateModified\":\"2026-08-31T20:44:00+00:00\",\"breadcrumb\":{\"@id\":\"https:\/\/juacontecimentos.com.br\/site\/nelci-candido-se-ve-como-candidato-natural-a-prefeitura-de-ouvidor-em-2028\/#breadcrumb\"},\"inLanguage\":\"pt-BR\",\"potentialAction\":[{\"@type\":\"ReadAction\",\"target\":[\"https:\/\/juacontecimentos.com.br\/site\/nelci-candido-se-ve-como-candidato-natural-a-prefeitura-de-ouvidor-em-2028\/\"]}]},{\"@type\":\"ImageObject\",\"inLanguage\":\"pt-BR\",\"@id\":\"https:\/\/juacontecimentos.com.br\/site\/nelci-candido-se-ve-como-candidato-natural-a-prefeitura-de-ouvidor-em-2028\/#primaryimage\",\"url\":\"https:\/\/juacontecimentos.com.br\/site\/wp-content\/uploads\/2026\/08\/IMG-20260829-WA0252-1.jpg\",\"contentUrl\":\"https:\/\/juacontecimentos.com.br\/site\/wp-content\/uploads\/2026\/08\/IMG-20260829-WA0252-1.jpg\",\"width\":910,\"height\":620},{\"@type\":\"BreadcrumbList\",\"@id\":\"https:\/\/juacontecimentos.com.br\/site\/nelci-candido-se-ve-como-candidato-natural-a-prefeitura-de-ouvidor-em-2028\/#breadcrumb\",\"itemListElement\":[{\"@type\":\"ListItem\",\"position\":1,\"name\":\"In\u00edcio\",\"item\":\"https:\/\/juacontecimentos.com.br\/site\/\"},{\"@type\":\"ListItem\",\"position\":2,\"name\":\"Nelci C\u00e2ndido se v\u00ea como \u201ccandidato natural\u201d \u00e0 Prefeitura de Ouvidor em 2028\"}]},{\"@type\":\"WebSite\",\"@id\":\"https:\/\/juacontecimentos.com.br\/site\/#website\",\"url\":\"https:\/\/juacontecimentos.com.br\/site\/\",\"name\":\"Jornal Ultimos Acontecimentos\",\"description\":\"Catal\u00e3o e regi\u00e3o\",\"publisher\":{\"@id\":\"https:\/\/juacontecimentos.com.br\/site\/#organization\"},\"potentialAction\":[{\"@type\":\"SearchAction\",\"target\":{\"@type\":\"EntryPoint\",\"urlTemplate\":\"https:\/\/juacontecimentos.com.br\/site\/?s={search_term_string}\"},\"query-input\":{\"@type\":\"PropertyValueSpecification\",\"valueRequired\":true,\"valueName\":\"search_term_string\"}}],\"inLanguage\":\"pt-BR\"},{\"@type\":\"Organization\",\"@id\":\"https:\/\/juacontecimentos.com.br\/site\/#organization\",\"name\":\"Jornal Ultimos Acontecimentos\",\"url\":\"https:\/\/juacontecimentos.com.br\/site\/\",\"logo\":{\"@type\":\"ImageObject\",\"inLanguage\":\"pt-BR\",\"@id\":\"https:\/\/juacontecimentos.com.br\/site\/#\/schema\/logo\/image\/\",\"url\":\"https:\/\/juacontecimentos.com.br\/site\/wp-content\/uploads\/2023\/04\/Logo_Site.png\",\"contentUrl\":\"https:\/\/juacontecimentos.com.br\/site\/wp-content\/uploads\/2023\/04\/Logo_Site.png\",\"width\":2476,\"height\":530,\"caption\":\"Jornal Ultimos Acontecimentos\"},\"image\":{\"@id\":\"https:\/\/juacontecimentos.com.br\/site\/#\/schema\/logo\/image\/\"},\"sameAs\":[\"https:\/\/www.facebook.com\/jultimosacontecimentos\/\"]},{\"@type\":\"Person\",\"@id\":\"https:\/\/juacontecimentos.com.br\/site\/#\/schema\/person\/082a54e6d3fdd7a633291428521c9669\",\"name\":\"Reginaldo Ribeiro\",\"image\":{\"@type\":\"ImageObject\",\"inLanguage\":\"pt-BR\",\"@id\":\"https:\/\/juacontecimentos.com.br\/site\/#\/schema\/person\/image\/\",\"url\":\"https:\/\/secure.gravatar.com\/avatar\/5c16c6837c3490270a74d888c2a845728f06bdde1f8761de1de1d1d1ef82d12f?s=96&d=mm&r=g\",\"contentUrl\":\"https:\/\/secure.gravatar.com\/avatar\/5c16c6837c3490270a74d888c2a845728f06bdde1f8761de1de1d1d1ef82d12f?s=96&d=mm&r=g\",\"caption\":\"Reginaldo Ribeiro\"}}]}<\/script>\n<!-- \/ Yoast SEO plugin. -->","yoast_head_json":{"title":"Nelci C\u00e2ndido se v\u00ea como \u201ccandidato natural\u201d \u00e0 Prefeitura de Ouvidor em 2028 - Jornal Ultimos Acontecimentos","robots":{"index":"index","follow":"follow","max-snippet":"max-snippet:-1","max-image-preview":"max-image-preview:large","max-video-preview":"max-video-preview:-1"},"canonical":"https:\/\/juacontecimentos.com.br\/site\/nelci-candido-se-ve-como-candidato-natural-a-prefeitura-de-ouvidor-em-2028\/","og_locale":"pt_BR","og_type":"article","og_title":"Nelci C\u00e2ndido se v\u00ea como \u201ccandidato natural\u201d \u00e0 Prefeitura de Ouvidor em 2028 - Jornal Ultimos Acontecimentos","og_description":"Nelci C\u00e2ndido j\u00e1 come\u00e7a a despontar como um dos poss\u00edveis nomes para a disputa pela Prefeitura de Ouvidor nas elei\u00e7\u00f5es municipais de 2028. Presen\u00e7a confirmada durante a 11\u00aa edi\u00e7\u00e3o do Ouvidor Rodeio Show, o vice-prefeito, filiado ao Uni\u00e3o Brasil (UNI\u00c3O), afirmou que est\u00e1 \u00e0 disposi\u00e7\u00e3o do grupo pol\u00edtico para uma eventual candidatura ao cargo de","og_url":"https:\/\/juacontecimentos.com.br\/site\/nelci-candido-se-ve-como-candidato-natural-a-prefeitura-de-ouvidor-em-2028\/","og_site_name":"Jornal Ultimos Acontecimentos","article_publisher":"https:\/\/www.facebook.com\/jultimosacontecimentos\/","article_published_time":"2026-08-31T19:59:59+00:00","article_modified_time":"2026-08-31T20:44:00+00:00","og_image":[{"width":910,"height":620,"url":"https:\/\/juacontecimentos.com.br\/site\/wp-content\/uploads\/2026\/08\/IMG-20260829-WA0252-1.jpg","type":"image\/jpeg"}],"author":"Reginaldo Ribeiro","twitter_card":"summary_large_image","twitter_misc":{"Escrito por":"Reginaldo Ribeiro","Est. tempo de leitura":"8 minutos"},"schema":{"@context":"https:\/\/schema.org","@graph":[{"@type":"Article","@id":"https:\/\/juacontecimentos.com.br\/site\/nelci-candido-se-ve-como-candidato-natural-a-prefeitura-de-ouvidor-em-2028\/#article","isPartOf":{"@id":"https:\/\/juacontecimentos.com.br\/site\/nelci-candido-se-ve-como-candidato-natural-a-prefeitura-de-ouvidor-em-2028\/"},"author":{"name":"Reginaldo Ribeiro","@id":"https:\/\/juacontecimentos.com.br\/site\/#\/schema\/person\/082a54e6d3fdd7a633291428521c9669"},"headline":"Nelci C\u00e2ndido se v\u00ea como \u201ccandidato natural\u201d \u00e0 Prefeitura de Ouvidor em 2028","datePublished":"2026-08-31T19:59:59+00:00","dateModified":"2026-08-31T20:44:00+00:00","mainEntityOfPage":{"@id":"https:\/\/juacontecimentos.com.br\/site\/nelci-candido-se-ve-como-candidato-natural-a-prefeitura-de-ouvidor-em-2028\/"},"wordCount":431,"publisher":{"@id":"https:\/\/juacontecimentos.com.br\/site\/#organization"},"image":{"@id":"https:\/\/juacontecimentos.com.br\/site\/nelci-candido-se-ve-como-candidato-natural-a-prefeitura-de-ouvidor-em-2028\/#primaryimage"},"thumbnailUrl":"https:\/\/juacontecimentos.com.br\/site\/wp-content\/uploads\/2026\/08\/IMG-20260829-WA0252-1.jpg","articleSection":["Brasil","Catal\u00e3o","Destaque","Goi\u00e1s"],"inLanguage":"pt-BR"},{"@type":"WebPage","@id":"https:\/\/juacontecimentos.com.br\/site\/nelci-candido-se-ve-como-candidato-natural-a-prefeitura-de-ouvidor-em-2028\/","url":"https:\/\/juacontecimentos.com.br\/site\/nelci-candido-se-ve-como-candidato-natural-a-prefeitura-de-ouvidor-em-2028\/","name":"Nelci C\u00e2ndido se v\u00ea como \u201ccandidato natural\u201d \u00e0 Prefeitura de Ouvidor em 2028 - Jornal Ultimos Acontecimentos","isPartOf":{"@id":"https:\/\/juacontecimentos.com.br\/site\/#website"},"primaryImageOfPage":{"@id":"https:\/\/juacontecimentos.com.br\/site\/nelci-candido-se-ve-como-candidato-natural-a-prefeitura-de-ouvidor-em-2028\/#primaryimage"},"image":{"@id":"https:\/\/juacontecimentos.com.br\/site\/nelci-candido-se-ve-como-candidato-natural-a-prefeitura-de-ouvidor-em-2028\/#primaryimage"},"thumbnailUrl":"https:\/\/juacontecimentos.com.br\/site\/wp-content\/uploads\/2026\/08\/IMG-20260829-WA0252-1.jpg","datePublished":"2026-08-31T19:59:59+00:00","dateModified":"2026-08-31T20:44:00+00:00","breadcrumb":{"@id":"https:\/\/juacontecimentos.com.br\/site\/nelci-candido-se-ve-como-candidato-natural-a-prefeitura-de-ouvidor-em-2028\/#breadcrumb"},"inLanguage":"pt-BR","potentialAction":[{"@type":"ReadAction","target":["https:\/\/juacontecimentos.com.br\/site\/nelci-candido-se-ve-como-candidato-natural-a-prefeitura-de-ouvidor-em-2028\/"]}]},{"@type":"ImageObject","inLanguage":"pt-BR","@id":"https:\/\/juacontecimentos.com.br\/site\/nelci-candido-se-ve-como-candidato-natural-a-prefeitura-de-ouvidor-em-2028\/#primaryimage","url":"https:\/\/juacontecimentos.com.br\/site\/wp-content\/uploads\/2026\/08\/IMG-20260829-WA0252-1.jpg","contentUrl":"https:\/\/juacontecimentos.com.br\/site\/wp-content\/uploads\/2026\/08\/IMG-20260829-WA0252-1.jpg","width":910,"height":620},{"@type":"BreadcrumbList","@id":"https:\/\/juacontecimentos.com.br\/site\/nelci-candido-se-ve-como-candidato-natural-a-prefeitura-de-ouvidor-em-2028\/#breadcrumb","itemListElement":[{"@type":"ListItem","position":1,"name":"In\u00edcio","item":"https:\/\/juacontecimentos.com.br\/site\/"},{"@type":"ListItem","position":2,"name":"Nelci C\u00e2ndido se v\u00ea como \u201ccandidato natural\u201d \u00e0 Prefeitura de Ouvidor em 2028"}]},{"@type":"WebSite","@id":"https:\/\/juacontecimentos.com.br\/site\/#website","url":"https:\/\/juacontecimentos.com.br\/site\/","name":"Jornal Ultimos Acontecimentos","description":"Catal\u00e3o e regi\u00e3o","publisher":{"@id":"https:\/\/juacontecimentos.com.br\/site\/#organization"},"potentialAction":[{"@type":"SearchAction","target":{"@type":"EntryPoint","urlTemplate":"https:\/\/juacontecimentos.com.br\/site\/?s={search_term_string}"},"query-input":{"@type":"PropertyValueSpecification","valueRequired":true,"valueName":"search_term_string"}}],"inLanguage":"pt-BR"},{"@type":"Organization","@id":"https:\/\/juacontecimentos.com.br\/site\/#organization","name":"Jornal Ultimos Acontecimentos","url":"https:\/\/juacontecimentos.com.br\/site\/","logo":{"@type":"ImageObject","inLanguage":"pt-BR","@id":"https:\/\/juacontecimentos.com.br\/site\/#\/schema\/logo\/image\/","url":"https:\/\/juacontecimentos.com.br\/site\/wp-content\/uploads\/2023\/04\/Logo_Site.png","contentUrl":"https:\/\/juacontecimentos.com.br\/site\/wp-content\/uploads\/2023\/04\/Logo_Site.png","width":2476,"height":530,"caption":"Jornal Ultimos Acontecimentos"},"image":{"@id":"https:\/\/juacontecimentos.com.br\/site\/#\/schema\/logo\/image\/"},"sameAs":["https:\/\/www.facebook.com\/jultimosacontecimentos\/"]},{"@type":"Person","@id":"https:\/\/juacontecimentos.com.br\/site\/#\/schema\/person\/082a54e6d3fdd7a633291428521c9669","name":"Reginaldo Ribeiro","image":{"@type":"ImageObject","inLanguage":"pt-BR","@id":"https:\/\/juacontecimentos.com.br\/site\/#\/schema\/person\/image\/","url":"https:\/\/secure.gravatar.com\/avatar\/5c16c6837c3490270a74d888c2a845728f06bdde1f8761de1de1d1d1ef82d12f?s=96&d=mm&r=g","contentUrl":"https:\/\/secure.gravatar.com\/avatar\/5c16c6837c3490270a74d888c2a845728f06bdde1f8761de1de1d1d1ef82d12f?s=96&d=mm&r=g","caption":"Reginaldo Ribeiro"}}]}},"_links":{"self":[{"href":"https:\/\/juacontecimentos.com.br\/site\/wp-json\/wp\/v2\/posts\/51964","targetHints":{"allow":["GET"]}}],"collection":[{"href":"https:\/\/juacontecimentos.com.br\/site\/wp-json\/wp\/v2\/posts"}],"about":[{"href":"https:\/\/juacontecimentos.com.br\/site\/wp-json\/wp\/v2\/types\/post"}],"author":[{"embeddable":true,"href":"https:\/\/juacontecimentos.com.br\/site\/wp-json\/wp\/v2\/users\/2"}],"replies":[{"embeddable":true,"href":"https:\/\/juacontecimentos.com.br\/site\/wp-json\/wp\/v2\/comments?post=51964"}],"version-history":[{"count":8,"href":"https:\/\/juacontecimentos.com.br\/site\/wp-json\/wp\/v2\/posts\/51964\/revisions"}],"predecessor-version":[{"id":52018,"href":"https:\/\/juacontecimentos.com.br\/site\/wp-json\/wp\/v2\/posts\/51964\/revisions\/52018"}],"wp:featuredmedia":[{"embeddable":true,"href":"https:\/\/juacontecimentos.com.br\/site\/wp-json\/wp\/v2\/media\/52013"}],"wp:attachment":[{"href":"https:\/\/juacontecimentos.com.br\/site\/wp-json\/wp\/v2\/media?parent=51964"}],"wp:term":[{"taxonomy":"category","embeddable":true,"href":"https:\/\/juacontecimentos.com.br\/site\/wp-json\/wp\/v2\/categories?post=51964"},{"taxonomy":"post_tag","embeddable":true,"href":"https:\/\/juacontecimentos.com.br\/site\/wp-json\/wp\/v2\/tags?post=51964"}],"curies":[{"name":"wp","href":"https:\/\/api.w.org\/{rel}","templated":true}]}}