{"id":52019,"date":"2026-09-01T13:41:36","date_gmt":"2026-09-01T16:41:36","guid":{"rendered":"https:\/\/juacontecimentos.com.br\/site\/?p=52019"},"modified":"2026-09-01T13:47:21","modified_gmt":"2026-09-01T16:47:21","slug":"camara-de-ouvidor-realiza-21a-sessao-ordinaria-com-foco-em-esporte-educacao-fiscalizacao-e-acoes-sociais","status":"publish","type":"post","link":"https:\/\/juacontecimentos.com.br\/site\/camara-de-ouvidor-realiza-21a-sessao-ordinaria-com-foco-em-esporte-educacao-fiscalizacao-e-acoes-sociais\/","title":{"rendered":"C\u00e2mara de Ouvidor realiza 21\u00aa Sess\u00e3o Ordin\u00e1ria com foco em esporte, educa\u00e7\u00e3o, fiscaliza\u00e7\u00e3o e a\u00e7\u00f5es sociais"},"content":{"rendered":"<p><img loading=\"lazy\" decoding=\"async\" class=\"alignnone size-full wp-image-52021\" src=\"https:\/\/juacontecimentos.com.br\/site\/wp-content\/uploads\/2026\/09\/IMG-20260831-WA1646.jpg\" alt=\"\" width=\"1600\" height=\"1066\" srcset=\"https:\/\/juacontecimentos.com.br\/site\/wp-content\/uploads\/2026\/09\/IMG-20260831-WA1646.jpg 1600w, https:\/\/juacontecimentos.com.br\/site\/wp-content\/uploads\/2026\/09\/IMG-20260831-WA1646-300x200.jpg 300w, https:\/\/juacontecimentos.com.br\/site\/wp-content\/uploads\/2026\/09\/IMG-20260831-WA1646-1024x682.jpg 1024w, https:\/\/juacontecimentos.com.br\/site\/wp-content\/uploads\/2026\/09\/IMG-20260831-WA1646-768x512.jpg 768w, https:\/\/juacontecimentos.com.br\/site\/wp-content\/uploads\/2026\/09\/IMG-20260831-WA1646-1536x1023.jpg 1536w\" sizes=\"auto, (max-width: 1600px) 100vw, 1600px\" \/><\/p>\n<p>A C\u00e2mara Municipal de Ouvidor realizou, na segunda-feira, 31 de agosto, a 21\u00aa Sess\u00e3o Ordin\u00e1ria de 2026, marcada por debates, requerimentos e manifesta\u00e7\u00f5es voltadas a diferentes \u00e1reas de interesse da popula\u00e7\u00e3o. Entre os principais assuntos discutidos pelos vereadores estiveram o incentivo ao esporte, melhorias na infraestrutura escolar e esportiva, fiscaliza\u00e7\u00e3o das a\u00e7\u00f5es do Poder Executivo, planejamento or\u00e7ament\u00e1rio e iniciativas de car\u00e1ter social.<\/p>\n<p>Na \u00e1rea esportiva, foi aprovado por unanimidade o Requerimento n\u00ba 15\/2026, de autoria do vereador Vin\u00edcius Manoel, que solicita estudos para a cria\u00e7\u00e3o de um programa municipal de apoio financeiro destinado a atletas de alto rendimento. A proposta tem como objetivo oferecer suporte permanente aos esportistas que representam o munic\u00edpio de Ouvidor em competi\u00e7\u00f5es e eventos, contribuindo para que possam desenvolver suas atividades e levar o nome da cidade a outras localidades.<\/p>\n<p>Ainda relacionada ao esporte, os vereadores cobraram provid\u00eancias para a reabertura do Gin\u00e1sio de Esportes Municipal, destacando a import\u00e2ncia do espa\u00e7o para a pr\u00e1tica esportiva, realiza\u00e7\u00e3o de atividades e integra\u00e7\u00e3o da comunidade. A pauta esportiva tamb\u00e9m esteve ligada \u00e0 educa\u00e7\u00e3o, com a aprova\u00e7\u00e3o do Requerimento n\u00ba 16\/2026, apresentado pela vereadora Susana Gomes, que solicita a constru\u00e7\u00e3o de uma quadra poliesportiva coberta para a Escola Municipal Ediene. A medida busca ampliar e melhorar as condi\u00e7\u00f5es oferecidas aos alunos para a realiza\u00e7\u00e3o de atividades f\u00edsicas e esportivas.<\/p>\n<p>Durante a sess\u00e3o, os vereadores Cleiton Mendes e Jorge Luiz tamb\u00e9m abordaram quest\u00f5es relacionadas \u00e0 fiscaliza\u00e7\u00e3o e ao planejamento das a\u00e7\u00f5es p\u00fablicas. Os parlamentares cobraram maior anteced\u00eancia e organiza\u00e7\u00e3o na convoca\u00e7\u00e3o de audi\u00eancias p\u00fablicas, ressaltando a necessidade de garantir tempo adequado para que a popula\u00e7\u00e3o possa acompanhar, participar e contribuir com os debates de interesse coletivo.<\/p>\n<p>Outro assunto discutido foi o envio da Lei Or\u00e7ament\u00e1ria Anual (LOA) referente ao exerc\u00edcio de 2027. A discuss\u00e3o refor\u00e7ou o papel da C\u00e2mara Municipal no acompanhamento do planejamento financeiro do munic\u00edpio e na fiscaliza\u00e7\u00e3o das a\u00e7\u00f5es previstas pelo Poder Executivo, especialmente no que diz respeito \u00e0 aplica\u00e7\u00e3o dos recursos p\u00fablicos e \u00e0s prioridades estabelecidas para o pr\u00f3ximo ano.<\/p>\n<p>A pauta social tamb\u00e9m ganhou espa\u00e7o durante a 21\u00aa sess\u00e3o. Integrantes do Clube de Desbravadores Planeta participaram do encontro e apresentaram a campanha \u201cQuebrando o Sil\u00eancio\u201d, iniciativa voltada \u00e0 conscientiza\u00e7\u00e3o e ao combate ao abuso contra idosos. A participa\u00e7\u00e3o chamou a aten\u00e7\u00e3o para a import\u00e2ncia da informa\u00e7\u00e3o, da preven\u00e7\u00e3o e da prote\u00e7\u00e3o da popula\u00e7\u00e3o idosa, fortalecendo o debate sobre a garantia de direitos e o respeito \u00e0s pessoas nessa faixa et\u00e1ria.<\/p>\n<p>A presidente da C\u00e2mara Municipal, vereadora Juliana Alves, tamb\u00e9m refor\u00e7ou o apoio \u00e0 campanha em benef\u00edcio do menino Dante e abordou a necessidade de avan\u00e7os no atendimento \u00e0s crian\u00e7as autistas e \u00e0s m\u00e3es at\u00edpicas. A parlamentar destacou a import\u00e2ncia de pol\u00edticas e a\u00e7\u00f5es que garantam acolhimento, assist\u00eancia e melhores condi\u00e7\u00f5es \u00e0s fam\u00edlias que enfrentam diariamente os desafios relacionados ao atendimento especializado.<\/p>\n<p>Ao final da sess\u00e3o, Juliana Alves prestou uma homenagem \u00e0 senhora Vicentina Barbosa de Jesus, considerada um importante nome da hist\u00f3ria e da cultura de Ouvidor. Vicentina faleceu aos 97 anos e teve sua trajet\u00f3ria reconhecida durante a reuni\u00e3o do Legislativo municipal. A homenagem destacou sua contribui\u00e7\u00e3o para a mem\u00f3ria e para a identidade da comunidade ouvidorense.<\/p>\n<p>Com uma pauta diversificada, a 21\u00aa Sess\u00e3o Ordin\u00e1ria de 2026 evidenciou a atua\u00e7\u00e3o dos vereadores em diferentes frentes, desde a apresenta\u00e7\u00e3o e aprova\u00e7\u00e3o de propostas at\u00e9 a cobran\u00e7a por melhorias nos servi\u00e7os p\u00fablicos e o acompanhamento das a\u00e7\u00f5es do Executivo. A C\u00e2mara Municipal de Ouvidor refor\u00e7ou, mais uma vez, seu compromisso com a fiscaliza\u00e7\u00e3o, o debate de temas relevantes e a busca por iniciativas que atendam \u00e0s necessidades da popula\u00e7\u00e3o.<\/p>\n<p><img loading=\"lazy\" decoding=\"async\" class=\"alignnone size-full wp-image-52022\" src=\"https:\/\/juacontecimentos.com.br\/site\/wp-content\/uploads\/2026\/09\/IMG-20260831-WA1647.jpg\" alt=\"\" width=\"1600\" height=\"1066\" srcset=\"https:\/\/juacontecimentos.com.br\/site\/wp-content\/uploads\/2026\/09\/IMG-20260831-WA1647.jpg 1600w, https:\/\/juacontecimentos.com.br\/site\/wp-content\/uploads\/2026\/09\/IMG-20260831-WA1647-300x200.jpg 300w, https:\/\/juacontecimentos.com.br\/site\/wp-content\/uploads\/2026\/09\/IMG-20260831-WA1647-1024x682.jpg 1024w, https:\/\/juacontecimentos.com.br\/site\/wp-content\/uploads\/2026\/09\/IMG-20260831-WA1647-768x512.jpg 768w, https:\/\/juacontecimentos.com.br\/site\/wp-content\/uploads\/2026\/09\/IMG-20260831-WA1647-1536x1023.jpg 1536w\" sizes=\"auto, (max-width: 1600px) 100vw, 1600px\" \/> <img loading=\"lazy\" decoding=\"async\" class=\"alignnone size-full wp-image-52023\" src=\"https:\/\/juacontecimentos.com.br\/site\/wp-content\/uploads\/2026\/09\/IMG-20260831-WA1661.jpg\" alt=\"\" width=\"1600\" height=\"1066\" srcset=\"https:\/\/juacontecimentos.com.br\/site\/wp-content\/uploads\/2026\/09\/IMG-20260831-WA1661.jpg 1600w, https:\/\/juacontecimentos.com.br\/site\/wp-content\/uploads\/2026\/09\/IMG-20260831-WA1661-300x200.jpg 300w, https:\/\/juacontecimentos.com.br\/site\/wp-content\/uploads\/2026\/09\/IMG-20260831-WA1661-1024x682.jpg 1024w, https:\/\/juacontecimentos.com.br\/site\/wp-content\/uploads\/2026\/09\/IMG-20260831-WA1661-768x512.jpg 768w, https:\/\/juacontecimentos.com.br\/site\/wp-content\/uploads\/2026\/09\/IMG-20260831-WA1661-1536x1023.jpg 1536w\" sizes=\"auto, (max-width: 1600px) 100vw, 1600px\" \/> <img loading=\"lazy\" decoding=\"async\" class=\"alignnone size-full wp-image-52024\" src=\"https:\/\/juacontecimentos.com.br\/site\/wp-content\/uploads\/2026\/09\/IMG-20260831-WA1660.jpg\" alt=\"\" width=\"1600\" height=\"1066\" srcset=\"https:\/\/juacontecimentos.com.br\/site\/wp-content\/uploads\/2026\/09\/IMG-20260831-WA1660.jpg 1600w, https:\/\/juacontecimentos.com.br\/site\/wp-content\/uploads\/2026\/09\/IMG-20260831-WA1660-300x200.jpg 300w, https:\/\/juacontecimentos.com.br\/site\/wp-content\/uploads\/2026\/09\/IMG-20260831-WA1660-1024x682.jpg 1024w, https:\/\/juacontecimentos.com.br\/site\/wp-content\/uploads\/2026\/09\/IMG-20260831-WA1660-768x512.jpg 768w, https:\/\/juacontecimentos.com.br\/site\/wp-content\/uploads\/2026\/09\/IMG-20260831-WA1660-1536x1023.jpg 1536w\" sizes=\"auto, (max-width: 1600px) 100vw, 1600px\" \/> <img loading=\"lazy\" decoding=\"async\" class=\"alignnone size-full wp-image-52025\" src=\"https:\/\/juacontecimentos.com.br\/site\/wp-content\/uploads\/2026\/09\/IMG-20260831-WA1648.jpg\" alt=\"\" width=\"1600\" height=\"1066\" srcset=\"https:\/\/juacontecimentos.com.br\/site\/wp-content\/uploads\/2026\/09\/IMG-20260831-WA1648.jpg 1600w, https:\/\/juacontecimentos.com.br\/site\/wp-content\/uploads\/2026\/09\/IMG-20260831-WA1648-300x200.jpg 300w, https:\/\/juacontecimentos.com.br\/site\/wp-content\/uploads\/2026\/09\/IMG-20260831-WA1648-1024x682.jpg 1024w, https:\/\/juacontecimentos.com.br\/site\/wp-content\/uploads\/2026\/09\/IMG-20260831-WA1648-768x512.jpg 768w, https:\/\/juacontecimentos.com.br\/site\/wp-content\/uploads\/2026\/09\/IMG-20260831-WA1648-1536x1023.jpg 1536w\" sizes=\"auto, (max-width: 1600px) 100vw, 1600px\" \/><\/p>\n<p>&nbsp;<\/p>\n","protected":false},"excerpt":{"rendered":"<p>A C\u00e2mara Municipal de Ouvidor realizou, na segunda-feira, 31 de agosto, a 21\u00aa Sess\u00e3o Ordin\u00e1ria de 2026, marcada por debates, requerimentos e manifesta\u00e7\u00f5es voltadas a diferentes \u00e1reas de interesse da popula\u00e7\u00e3o. Entre os principais assuntos discutidos pelos vereadores estiveram o incentivo ao esporte, melhorias na infraestrutura escolar e esportiva, fiscaliza\u00e7\u00e3o das a\u00e7\u00f5es do Poder Executivo,<\/p>\n","protected":false},"author":2,"featured_media":52022,"comment_status":"closed","ping_status":"closed","sticky":false,"template":"","format":"standard","meta":{"footnotes":""},"categories":[27,22,26,23],"tags":[],"class_list":["post-52019","post","type-post","status-publish","format-standard","has-post-thumbnail","hentry","category-brasil","category-catalao","category-destaque","category-goias"],"yoast_head":"<!-- This site is optimized with the Yoast SEO plugin v25.8 - https:\/\/yoast.com\/wordpress\/plugins\/seo\/ -->\n<title>C\u00e2mara de Ouvidor realiza 21\u00aa Sess\u00e3o Ordin\u00e1ria com foco em esporte, educa\u00e7\u00e3o, fiscaliza\u00e7\u00e3o e a\u00e7\u00f5es sociais - Jornal Ultimos Acontecimentos<\/title>\n<meta name=\"robots\" content=\"index, follow, max-snippet:-1, max-image-preview:large, max-video-preview:-1\" \/>\n<link rel=\"canonical\" href=\"https:\/\/juacontecimentos.com.br\/site\/camara-de-ouvidor-realiza-21a-sessao-ordinaria-com-foco-em-esporte-educacao-fiscalizacao-e-acoes-sociais\/\" \/>\n<meta property=\"og:locale\" content=\"pt_BR\" \/>\n<meta property=\"og:type\" content=\"article\" \/>\n<meta property=\"og:title\" content=\"C\u00e2mara de Ouvidor realiza 21\u00aa Sess\u00e3o Ordin\u00e1ria com foco em esporte, educa\u00e7\u00e3o, fiscaliza\u00e7\u00e3o e a\u00e7\u00f5es sociais - Jornal Ultimos Acontecimentos\" \/>\n<meta property=\"og:description\" content=\"A C\u00e2mara Municipal de Ouvidor realizou, na segunda-feira, 31 de agosto, a 21\u00aa Sess\u00e3o Ordin\u00e1ria de 2026, marcada por debates, requerimentos e manifesta\u00e7\u00f5es voltadas a diferentes \u00e1reas de interesse da popula\u00e7\u00e3o. Entre os principais assuntos discutidos pelos vereadores estiveram o incentivo ao esporte, melhorias na infraestrutura escolar e esportiva, fiscaliza\u00e7\u00e3o das a\u00e7\u00f5es do Poder Executivo,\" \/>\n<meta property=\"og:url\" content=\"https:\/\/juacontecimentos.com.br\/site\/camara-de-ouvidor-realiza-21a-sessao-ordinaria-com-foco-em-esporte-educacao-fiscalizacao-e-acoes-sociais\/\" \/>\n<meta property=\"og:site_name\" content=\"Jornal Ultimos Acontecimentos\" \/>\n<meta property=\"article:publisher\" content=\"https:\/\/www.facebook.com\/jultimosacontecimentos\/\" \/>\n<meta property=\"article:published_time\" content=\"2026-09-01T16:41:36+00:00\" \/>\n<meta property=\"article:modified_time\" content=\"2026-09-01T16:47:21+00:00\" \/>\n<meta property=\"og:image\" content=\"https:\/\/juacontecimentos.com.br\/site\/wp-content\/uploads\/2026\/09\/IMG-20260831-WA1647.jpg\" \/>\n\t<meta property=\"og:image:width\" content=\"1600\" \/>\n\t<meta property=\"og:image:height\" content=\"1066\" \/>\n\t<meta property=\"og:image:type\" content=\"image\/jpeg\" \/>\n<meta name=\"author\" content=\"Reginaldo Ribeiro\" \/>\n<meta name=\"twitter:card\" content=\"summary_large_image\" \/>\n<meta name=\"twitter:label1\" content=\"Escrito por\" \/>\n\t<meta name=\"twitter:data1\" content=\"Reginaldo Ribeiro\" \/>\n\t<meta name=\"twitter:label2\" content=\"Est. tempo de leitura\" \/>\n\t<meta name=\"twitter:data2\" content=\"2 minutos\" \/>\n<script type=\"application\/ld+json\" class=\"yoast-schema-graph\">{\"@context\":\"https:\/\/schema.org\",\"@graph\":[{\"@type\":\"Article\",\"@id\":\"https:\/\/juacontecimentos.com.br\/site\/camara-de-ouvidor-realiza-21a-sessao-ordinaria-com-foco-em-esporte-educacao-fiscalizacao-e-acoes-sociais\/#article\",\"isPartOf\":{\"@id\":\"https:\/\/juacontecimentos.com.br\/site\/camara-de-ouvidor-realiza-21a-sessao-ordinaria-com-foco-em-esporte-educacao-fiscalizacao-e-acoes-sociais\/\"},\"author\":{\"name\":\"Reginaldo Ribeiro\",\"@id\":\"https:\/\/juacontecimentos.com.br\/site\/#\/schema\/person\/082a54e6d3fdd7a633291428521c9669\"},\"headline\":\"C\u00e2mara de Ouvidor realiza 21\u00aa Sess\u00e3o Ordin\u00e1ria com foco em esporte, educa\u00e7\u00e3o, fiscaliza\u00e7\u00e3o e a\u00e7\u00f5es sociais\",\"datePublished\":\"2026-09-01T16:41:36+00:00\",\"dateModified\":\"2026-09-01T16:47:21+00:00\",\"mainEntityOfPage\":{\"@id\":\"https:\/\/juacontecimentos.com.br\/site\/camara-de-ouvidor-realiza-21a-sessao-ordinaria-com-foco-em-esporte-educacao-fiscalizacao-e-acoes-sociais\/\"},\"wordCount\":696,\"publisher\":{\"@id\":\"https:\/\/juacontecimentos.com.br\/site\/#organization\"},\"image\":{\"@id\":\"https:\/\/juacontecimentos.com.br\/site\/camara-de-ouvidor-realiza-21a-sessao-ordinaria-com-foco-em-esporte-educacao-fiscalizacao-e-acoes-sociais\/#primaryimage\"},\"thumbnailUrl\":\"https:\/\/juacontecimentos.com.br\/site\/wp-content\/uploads\/2026\/09\/IMG-20260831-WA1647.jpg\",\"articleSection\":[\"Brasil\",\"Catal\u00e3o\",\"Destaque\",\"Goi\u00e1s\"],\"inLanguage\":\"pt-BR\"},{\"@type\":\"WebPage\",\"@id\":\"https:\/\/juacontecimentos.com.br\/site\/camara-de-ouvidor-realiza-21a-sessao-ordinaria-com-foco-em-esporte-educacao-fiscalizacao-e-acoes-sociais\/\",\"url\":\"https:\/\/juacontecimentos.com.br\/site\/camara-de-ouvidor-realiza-21a-sessao-ordinaria-com-foco-em-esporte-educacao-fiscalizacao-e-acoes-sociais\/\",\"name\":\"C\u00e2mara de Ouvidor realiza 21\u00aa Sess\u00e3o Ordin\u00e1ria com foco em esporte, educa\u00e7\u00e3o, fiscaliza\u00e7\u00e3o e a\u00e7\u00f5es sociais - Jornal Ultimos Acontecimentos\",\"isPartOf\":{\"@id\":\"https:\/\/juacontecimentos.com.br\/site\/#website\"},\"primaryImageOfPage\":{\"@id\":\"https:\/\/juacontecimentos.com.br\/site\/camara-de-ouvidor-realiza-21a-sessao-ordinaria-com-foco-em-esporte-educacao-fiscalizacao-e-acoes-sociais\/#primaryimage\"},\"image\":{\"@id\":\"https:\/\/juacontecimentos.com.br\/site\/camara-de-ouvidor-realiza-21a-sessao-ordinaria-com-foco-em-esporte-educacao-fiscalizacao-e-acoes-sociais\/#primaryimage\"},\"thumbnailUrl\":\"https:\/\/juacontecimentos.com.br\/site\/wp-content\/uploads\/2026\/09\/IMG-20260831-WA1647.jpg\",\"datePublished\":\"2026-09-01T16:41:36+00:00\",\"dateModified\":\"2026-09-01T16:47:21+00:00\",\"breadcrumb\":{\"@id\":\"https:\/\/juacontecimentos.com.br\/site\/camara-de-ouvidor-realiza-21a-sessao-ordinaria-com-foco-em-esporte-educacao-fiscalizacao-e-acoes-sociais\/#breadcrumb\"},\"inLanguage\":\"pt-BR\",\"potentialAction\":[{\"@type\":\"ReadAction\",\"target\":[\"https:\/\/juacontecimentos.com.br\/site\/camara-de-ouvidor-realiza-21a-sessao-ordinaria-com-foco-em-esporte-educacao-fiscalizacao-e-acoes-sociais\/\"]}]},{\"@type\":\"ImageObject\",\"inLanguage\":\"pt-BR\",\"@id\":\"https:\/\/juacontecimentos.com.br\/site\/camara-de-ouvidor-realiza-21a-sessao-ordinaria-com-foco-em-esporte-educacao-fiscalizacao-e-acoes-sociais\/#primaryimage\",\"url\":\"https:\/\/juacontecimentos.com.br\/site\/wp-content\/uploads\/2026\/09\/IMG-20260831-WA1647.jpg\",\"contentUrl\":\"https:\/\/juacontecimentos.com.br\/site\/wp-content\/uploads\/2026\/09\/IMG-20260831-WA1647.jpg\",\"width\":1600,\"height\":1066},{\"@type\":\"BreadcrumbList\",\"@id\":\"https:\/\/juacontecimentos.com.br\/site\/camara-de-ouvidor-realiza-21a-sessao-ordinaria-com-foco-em-esporte-educacao-fiscalizacao-e-acoes-sociais\/#breadcrumb\",\"itemListElement\":[{\"@type\":\"ListItem\",\"position\":1,\"name\":\"In\u00edcio\",\"item\":\"https:\/\/juacontecimentos.com.br\/site\/\"},{\"@type\":\"ListItem\",\"position\":2,\"name\":\"C\u00e2mara de Ouvidor realiza 21\u00aa Sess\u00e3o Ordin\u00e1ria com foco em esporte, educa\u00e7\u00e3o, fiscaliza\u00e7\u00e3o e a\u00e7\u00f5es sociais\"}]},{\"@type\":\"WebSite\",\"@id\":\"https:\/\/juacontecimentos.com.br\/site\/#website\",\"url\":\"https:\/\/juacontecimentos.com.br\/site\/\",\"name\":\"Jornal Ultimos Acontecimentos\",\"description\":\"Catal\u00e3o e regi\u00e3o\",\"publisher\":{\"@id\":\"https:\/\/juacontecimentos.com.br\/site\/#organization\"},\"potentialAction\":[{\"@type\":\"SearchAction\",\"target\":{\"@type\":\"EntryPoint\",\"urlTemplate\":\"https:\/\/juacontecimentos.com.br\/site\/?s={search_term_string}\"},\"query-input\":{\"@type\":\"PropertyValueSpecification\",\"valueRequired\":true,\"valueName\":\"search_term_string\"}}],\"inLanguage\":\"pt-BR\"},{\"@type\":\"Organization\",\"@id\":\"https:\/\/juacontecimentos.com.br\/site\/#organization\",\"name\":\"Jornal Ultimos Acontecimentos\",\"url\":\"https:\/\/juacontecimentos.com.br\/site\/\",\"logo\":{\"@type\":\"ImageObject\",\"inLanguage\":\"pt-BR\",\"@id\":\"https:\/\/juacontecimentos.com.br\/site\/#\/schema\/logo\/image\/\",\"url\":\"https:\/\/juacontecimentos.com.br\/site\/wp-content\/uploads\/2023\/04\/Logo_Site.png\",\"contentUrl\":\"https:\/\/juacontecimentos.com.br\/site\/wp-content\/uploads\/2023\/04\/Logo_Site.png\",\"width\":2476,\"height\":530,\"caption\":\"Jornal Ultimos Acontecimentos\"},\"image\":{\"@id\":\"https:\/\/juacontecimentos.com.br\/site\/#\/schema\/logo\/image\/\"},\"sameAs\":[\"https:\/\/www.facebook.com\/jultimosacontecimentos\/\"]},{\"@type\":\"Person\",\"@id\":\"https:\/\/juacontecimentos.com.br\/site\/#\/schema\/person\/082a54e6d3fdd7a633291428521c9669\",\"name\":\"Reginaldo Ribeiro\",\"image\":{\"@type\":\"ImageObject\",\"inLanguage\":\"pt-BR\",\"@id\":\"https:\/\/juacontecimentos.com.br\/site\/#\/schema\/person\/image\/\",\"url\":\"https:\/\/secure.gravatar.com\/avatar\/5c16c6837c3490270a74d888c2a845728f06bdde1f8761de1de1d1d1ef82d12f?s=96&d=mm&r=g\",\"contentUrl\":\"https:\/\/secure.gravatar.com\/avatar\/5c16c6837c3490270a74d888c2a845728f06bdde1f8761de1de1d1d1ef82d12f?s=96&d=mm&r=g\",\"caption\":\"Reginaldo Ribeiro\"}}]}<\/script>\n<!-- \/ Yoast SEO plugin. -->","yoast_head_json":{"title":"C\u00e2mara de Ouvidor realiza 21\u00aa Sess\u00e3o Ordin\u00e1ria com foco em esporte, educa\u00e7\u00e3o, fiscaliza\u00e7\u00e3o e a\u00e7\u00f5es sociais - Jornal Ultimos Acontecimentos","robots":{"index":"index","follow":"follow","max-snippet":"max-snippet:-1","max-image-preview":"max-image-preview:large","max-video-preview":"max-video-preview:-1"},"canonical":"https:\/\/juacontecimentos.com.br\/site\/camara-de-ouvidor-realiza-21a-sessao-ordinaria-com-foco-em-esporte-educacao-fiscalizacao-e-acoes-sociais\/","og_locale":"pt_BR","og_type":"article","og_title":"C\u00e2mara de Ouvidor realiza 21\u00aa Sess\u00e3o Ordin\u00e1ria com foco em esporte, educa\u00e7\u00e3o, fiscaliza\u00e7\u00e3o e a\u00e7\u00f5es sociais - Jornal Ultimos Acontecimentos","og_description":"A C\u00e2mara Municipal de Ouvidor realizou, na segunda-feira, 31 de agosto, a 21\u00aa Sess\u00e3o Ordin\u00e1ria de 2026, marcada por debates, requerimentos e manifesta\u00e7\u00f5es voltadas a diferentes \u00e1reas de interesse da popula\u00e7\u00e3o. Entre os principais assuntos discutidos pelos vereadores estiveram o incentivo ao esporte, melhorias na infraestrutura escolar e esportiva, fiscaliza\u00e7\u00e3o das a\u00e7\u00f5es do Poder Executivo,","og_url":"https:\/\/juacontecimentos.com.br\/site\/camara-de-ouvidor-realiza-21a-sessao-ordinaria-com-foco-em-esporte-educacao-fiscalizacao-e-acoes-sociais\/","og_site_name":"Jornal Ultimos Acontecimentos","article_publisher":"https:\/\/www.facebook.com\/jultimosacontecimentos\/","article_published_time":"2026-09-01T16:41:36+00:00","article_modified_time":"2026-09-01T16:47:21+00:00","og_image":[{"width":1600,"height":1066,"url":"https:\/\/juacontecimentos.com.br\/site\/wp-content\/uploads\/2026\/09\/IMG-20260831-WA1647.jpg","type":"image\/jpeg"}],"author":"Reginaldo Ribeiro","twitter_card":"summary_large_image","twitter_misc":{"Escrito por":"Reginaldo Ribeiro","Est. tempo de leitura":"2 minutos"},"schema":{"@context":"https:\/\/schema.org","@graph":[{"@type":"Article","@id":"https:\/\/juacontecimentos.com.br\/site\/camara-de-ouvidor-realiza-21a-sessao-ordinaria-com-foco-em-esporte-educacao-fiscalizacao-e-acoes-sociais\/#article","isPartOf":{"@id":"https:\/\/juacontecimentos.com.br\/site\/camara-de-ouvidor-realiza-21a-sessao-ordinaria-com-foco-em-esporte-educacao-fiscalizacao-e-acoes-sociais\/"},"author":{"name":"Reginaldo Ribeiro","@id":"https:\/\/juacontecimentos.com.br\/site\/#\/schema\/person\/082a54e6d3fdd7a633291428521c9669"},"headline":"C\u00e2mara de Ouvidor realiza 21\u00aa Sess\u00e3o Ordin\u00e1ria com foco em esporte, educa\u00e7\u00e3o, fiscaliza\u00e7\u00e3o e a\u00e7\u00f5es sociais","datePublished":"2026-09-01T16:41:36+00:00","dateModified":"2026-09-01T16:47:21+00:00","mainEntityOfPage":{"@id":"https:\/\/juacontecimentos.com.br\/site\/camara-de-ouvidor-realiza-21a-sessao-ordinaria-com-foco-em-esporte-educacao-fiscalizacao-e-acoes-sociais\/"},"wordCount":696,"publisher":{"@id":"https:\/\/juacontecimentos.com.br\/site\/#organization"},"image":{"@id":"https:\/\/juacontecimentos.com.br\/site\/camara-de-ouvidor-realiza-21a-sessao-ordinaria-com-foco-em-esporte-educacao-fiscalizacao-e-acoes-sociais\/#primaryimage"},"thumbnailUrl":"https:\/\/juacontecimentos.com.br\/site\/wp-content\/uploads\/2026\/09\/IMG-20260831-WA1647.jpg","articleSection":["Brasil","Catal\u00e3o","Destaque","Goi\u00e1s"],"inLanguage":"pt-BR"},{"@type":"WebPage","@id":"https:\/\/juacontecimentos.com.br\/site\/camara-de-ouvidor-realiza-21a-sessao-ordinaria-com-foco-em-esporte-educacao-fiscalizacao-e-acoes-sociais\/","url":"https:\/\/juacontecimentos.com.br\/site\/camara-de-ouvidor-realiza-21a-sessao-ordinaria-com-foco-em-esporte-educacao-fiscalizacao-e-acoes-sociais\/","name":"C\u00e2mara de Ouvidor realiza 21\u00aa Sess\u00e3o Ordin\u00e1ria com foco em esporte, educa\u00e7\u00e3o, fiscaliza\u00e7\u00e3o e a\u00e7\u00f5es sociais - Jornal Ultimos Acontecimentos","isPartOf":{"@id":"https:\/\/juacontecimentos.com.br\/site\/#website"},"primaryImageOfPage":{"@id":"https:\/\/juacontecimentos.com.br\/site\/camara-de-ouvidor-realiza-21a-sessao-ordinaria-com-foco-em-esporte-educacao-fiscalizacao-e-acoes-sociais\/#primaryimage"},"image":{"@id":"https:\/\/juacontecimentos.com.br\/site\/camara-de-ouvidor-realiza-21a-sessao-ordinaria-com-foco-em-esporte-educacao-fiscalizacao-e-acoes-sociais\/#primaryimage"},"thumbnailUrl":"https:\/\/juacontecimentos.com.br\/site\/wp-content\/uploads\/2026\/09\/IMG-20260831-WA1647.jpg","datePublished":"2026-09-01T16:41:36+00:00","dateModified":"2026-09-01T16:47:21+00:00","breadcrumb":{"@id":"https:\/\/juacontecimentos.com.br\/site\/camara-de-ouvidor-realiza-21a-sessao-ordinaria-com-foco-em-esporte-educacao-fiscalizacao-e-acoes-sociais\/#breadcrumb"},"inLanguage":"pt-BR","potentialAction":[{"@type":"ReadAction","target":["https:\/\/juacontecimentos.com.br\/site\/camara-de-ouvidor-realiza-21a-sessao-ordinaria-com-foco-em-esporte-educacao-fiscalizacao-e-acoes-sociais\/"]}]},{"@type":"ImageObject","inLanguage":"pt-BR","@id":"https:\/\/juacontecimentos.com.br\/site\/camara-de-ouvidor-realiza-21a-sessao-ordinaria-com-foco-em-esporte-educacao-fiscalizacao-e-acoes-sociais\/#primaryimage","url":"https:\/\/juacontecimentos.com.br\/site\/wp-content\/uploads\/2026\/09\/IMG-20260831-WA1647.jpg","contentUrl":"https:\/\/juacontecimentos.com.br\/site\/wp-content\/uploads\/2026\/09\/IMG-20260831-WA1647.jpg","width":1600,"height":1066},{"@type":"BreadcrumbList","@id":"https:\/\/juacontecimentos.com.br\/site\/camara-de-ouvidor-realiza-21a-sessao-ordinaria-com-foco-em-esporte-educacao-fiscalizacao-e-acoes-sociais\/#breadcrumb","itemListElement":[{"@type":"ListItem","position":1,"name":"In\u00edcio","item":"https:\/\/juacontecimentos.com.br\/site\/"},{"@type":"ListItem","position":2,"name":"C\u00e2mara de Ouvidor realiza 21\u00aa Sess\u00e3o Ordin\u00e1ria com foco em esporte, educa\u00e7\u00e3o, fiscaliza\u00e7\u00e3o e a\u00e7\u00f5es sociais"}]},{"@type":"WebSite","@id":"https:\/\/juacontecimentos.com.br\/site\/#website","url":"https:\/\/juacontecimentos.com.br\/site\/","name":"Jornal Ultimos Acontecimentos","description":"Catal\u00e3o e regi\u00e3o","publisher":{"@id":"https:\/\/juacontecimentos.com.br\/site\/#organization"},"potentialAction":[{"@type":"SearchAction","target":{"@type":"EntryPoint","urlTemplate":"https:\/\/juacontecimentos.com.br\/site\/?s={search_term_string}"},"query-input":{"@type":"PropertyValueSpecification","valueRequired":true,"valueName":"search_term_string"}}],"inLanguage":"pt-BR"},{"@type":"Organization","@id":"https:\/\/juacontecimentos.com.br\/site\/#organization","name":"Jornal Ultimos Acontecimentos","url":"https:\/\/juacontecimentos.com.br\/site\/","logo":{"@type":"ImageObject","inLanguage":"pt-BR","@id":"https:\/\/juacontecimentos.com.br\/site\/#\/schema\/logo\/image\/","url":"https:\/\/juacontecimentos.com.br\/site\/wp-content\/uploads\/2023\/04\/Logo_Site.png","contentUrl":"https:\/\/juacontecimentos.com.br\/site\/wp-content\/uploads\/2023\/04\/Logo_Site.png","width":2476,"height":530,"caption":"Jornal Ultimos Acontecimentos"},"image":{"@id":"https:\/\/juacontecimentos.com.br\/site\/#\/schema\/logo\/image\/"},"sameAs":["https:\/\/www.facebook.com\/jultimosacontecimentos\/"]},{"@type":"Person","@id":"https:\/\/juacontecimentos.com.br\/site\/#\/schema\/person\/082a54e6d3fdd7a633291428521c9669","name":"Reginaldo Ribeiro","image":{"@type":"ImageObject","inLanguage":"pt-BR","@id":"https:\/\/juacontecimentos.com.br\/site\/#\/schema\/person\/image\/","url":"https:\/\/secure.gravatar.com\/avatar\/5c16c6837c3490270a74d888c2a845728f06bdde1f8761de1de1d1d1ef82d12f?s=96&d=mm&r=g","contentUrl":"https:\/\/secure.gravatar.com\/avatar\/5c16c6837c3490270a74d888c2a845728f06bdde1f8761de1de1d1d1ef82d12f?s=96&d=mm&r=g","caption":"Reginaldo Ribeiro"}}]}},"_links":{"self":[{"href":"https:\/\/juacontecimentos.com.br\/site\/wp-json\/wp\/v2\/posts\/52019","targetHints":{"allow":["GET"]}}],"collection":[{"href":"https:\/\/juacontecimentos.com.br\/site\/wp-json\/wp\/v2\/posts"}],"about":[{"href":"https:\/\/juacontecimentos.com.br\/site\/wp-json\/wp\/v2\/types\/post"}],"author":[{"embeddable":true,"href":"https:\/\/juacontecimentos.com.br\/site\/wp-json\/wp\/v2\/users\/2"}],"replies":[{"embeddable":true,"href":"https:\/\/juacontecimentos.com.br\/site\/wp-json\/wp\/v2\/comments?post=52019"}],"version-history":[{"count":3,"href":"https:\/\/juacontecimentos.com.br\/site\/wp-json\/wp\/v2\/posts\/52019\/revisions"}],"predecessor-version":[{"id":52027,"href":"https:\/\/juacontecimentos.com.br\/site\/wp-json\/wp\/v2\/posts\/52019\/revisions\/52027"}],"wp:featuredmedia":[{"embeddable":true,"href":"https:\/\/juacontecimentos.com.br\/site\/wp-json\/wp\/v2\/media\/52022"}],"wp:attachment":[{"href":"https:\/\/juacontecimentos.com.br\/site\/wp-json\/wp\/v2\/media?parent=52019"}],"wp:term":[{"taxonomy":"category","embeddable":true,"href":"https:\/\/juacontecimentos.com.br\/site\/wp-json\/wp\/v2\/categories?post=52019"},{"taxonomy":"post_tag","embeddable":true,"href":"https:\/\/juacontecimentos.com.br\/site\/wp-json\/wp\/v2\/tags?post=52019"}],"curies":[{"name":"wp","href":"https:\/\/api.w.org\/{rel}","templated":true}]}}