{"id":52033,"date":"2026-09-03T09:56:37","date_gmt":"2026-09-03T12:56:37","guid":{"rendered":"https:\/\/juacontecimentos.com.br\/site\/?p=52033"},"modified":"2026-09-03T09:57:31","modified_gmt":"2026-09-03T12:57:31","slug":"bruno-peixoto-lanca-candidatura-a-deputado-federal-em-ato-com-mais-de-10-mil-pessoas","status":"publish","type":"post","link":"https:\/\/juacontecimentos.com.br\/site\/bruno-peixoto-lanca-candidatura-a-deputado-federal-em-ato-com-mais-de-10-mil-pessoas\/","title":{"rendered":"Bruno Peixoto lan\u00e7a candidatura a deputado federal em ato com mais de 10 mil pessoas"},"content":{"rendered":"<h1>Evento realizado em Goi\u00e2nia re\u00fane prefeitos, vereadores e lideran\u00e7as pol\u00edticas de diferentes regi\u00f5es de Goi\u00e1s<\/h1>\n<div id=\"attachment_52034\" style=\"width: 2570px\" class=\"wp-caption alignnone\"><img loading=\"lazy\" decoding=\"async\" aria-describedby=\"caption-attachment-52034\" class=\"size-full wp-image-52034\" src=\"https:\/\/juacontecimentos.com.br\/site\/wp-content\/uploads\/2026\/09\/Sem-titulo-1-scaled.jpg\" alt=\"\" width=\"2560\" height=\"1513\" srcset=\"https:\/\/juacontecimentos.com.br\/site\/wp-content\/uploads\/2026\/09\/Sem-titulo-1-scaled.jpg 2560w, https:\/\/juacontecimentos.com.br\/site\/wp-content\/uploads\/2026\/09\/Sem-titulo-1-300x177.jpg 300w, https:\/\/juacontecimentos.com.br\/site\/wp-content\/uploads\/2026\/09\/Sem-titulo-1-1024x605.jpg 1024w, https:\/\/juacontecimentos.com.br\/site\/wp-content\/uploads\/2026\/09\/Sem-titulo-1-768x454.jpg 768w, https:\/\/juacontecimentos.com.br\/site\/wp-content\/uploads\/2026\/09\/Sem-titulo-1-1536x908.jpg 1536w, https:\/\/juacontecimentos.com.br\/site\/wp-content\/uploads\/2026\/09\/Sem-titulo-1-2048x1210.jpg 2048w\" sizes=\"auto, (max-width: 2560px) 100vw, 2560px\" \/><p id=\"caption-attachment-52034\" class=\"wp-caption-text\">Bruno Peixoto lan\u00e7a oficialmente a candidatura \u00e0 C\u00e2mara dos Deputados durante evento na Arena Multiplace, em Goi\u00e2nia (foto divulga\u00e7\u00e3o)<\/p><\/div>\n<p>O presidente da Assembleia Legislativa de Goi\u00e1s (Alego), Bruno Peixoto (UB), lan\u00e7ou oficialmente, na noite desta quarta-feira (2\/8),\u00a0\u00a0candidatura a deputado federal. O evento foi realizado na Arena Multiplace, em Goi\u00e2nia, e contou com a presen\u00e7a do governador e candidato \u00e0 reelei\u00e7\u00e3o Daniel Vilela, da candidata ao Senado Gracinha Caiado e do prefeito da capital, Sandro Mabel.<\/p>\n<p>Segundo a organiza\u00e7\u00e3o, mais de 10 mil pessoas participaram do lan\u00e7amento. O ato tamb\u00e9m reuniu mais de 50 prefeitos, cerca de 120 vice-prefeitos e vereadores, al\u00e9m de representantes pol\u00edticos de mais de 200 munic\u00edpios goianos.<\/p>\n<p class=\"wp-block-paragraph\">Entre os candidatos ao Senado presentes estavam Zacharias Calil, Vanderlan Cardoso, Iure Castro e Gustavo Mendanha.<\/p>\n<p class=\"wp-block-paragraph\">Durante o lan\u00e7amento, Daniel Vilela destacou a rela\u00e7\u00e3o pol\u00edtica constru\u00edda com Bruno Peixoto e afirmou que a experi\u00eancia do presidente da Alego poder\u00e1 ser levada para o Congresso Nacional.<\/p>\n<p class=\"wp-block-paragraph\">\u201cO Bruno sempre esteve ao nosso lado, tem maturidade, experi\u00eancia, capacidade de articula\u00e7\u00e3o e, sem d\u00favidas, vai brilhar em Bras\u00edlia. Vai ser um dos melhores deputados federais do Brasil e um dos mais votados da hist\u00f3ria de Goi\u00e1s\u201d, declarou Daniel.<\/p>\n<p class=\"wp-block-paragraph\">Gracinha Caiado citou a atua\u00e7\u00e3o de Bruno na presid\u00eancia da Assembleia e a participa\u00e7\u00e3o do Legislativo na aprova\u00e7\u00e3o de projetos encaminhados pelo governo estadual, especialmente na \u00e1rea social.<\/p>\n<p class=\"wp-block-paragraph\">\u201cTenho um carinho enorme pelo Bruno Peixoto. Todos os projetos do social que enviamos \u00e0 Assembleia foram votados em tempo recorde. Se Goi\u00e1s \u00e9 hoje o estado n\u00ba 1 do Brasil \u00e9 porque o Bruno Peixoto teve um papel decisivo para isso e, com certeza, far\u00e1 hist\u00f3ria no Congresso Nacional\u201d, afirmou.<\/p>\n<p class=\"wp-block-paragraph\">No discurso, Bruno Peixoto agradeceu aos apoiadores e apresentou a ida para a C\u00e2mara dos Deputados como uma continuidade de sua atua\u00e7\u00e3o pol\u00edtica em Goi\u00e1s.<\/p>\n<p class=\"wp-block-paragraph\">\u201cN\u00e3o tenho palavras para agradecer por essa noite. Voc\u00eas s\u00e3o a minha fam\u00edlia. Fizemos muito por Goi\u00e1s, com resultados concretos e a\u00e7\u00f5es que chegaram aos quatro cantos do Estado. Vou continuar dedicando a minha vida para servir o povo goiano. Esse \u00e9 o meu compromisso\u201d, disse.<\/p>\n<p class=\"wp-block-paragraph\">Bruno Peixoto cumpre atualmente mandato de deputado estadual e preside a Assembleia Legislativa. Na elei\u00e7\u00e3o deste ano, deixou a disputa por uma nova vaga na Alego para concorrer a deputado federal.<\/p>\n<p>Por\u00a0<a href=\"https:\/\/www.maisgoias.com.br\/autor\/jbosco\/\">Jo\u00e3o Bosco Bittencourt<\/a><\/p>\n","protected":false},"excerpt":{"rendered":"<p>Evento realizado em Goi\u00e2nia re\u00fane prefeitos, vereadores e lideran\u00e7as pol\u00edticas de diferentes regi\u00f5es de Goi\u00e1s O presidente da Assembleia Legislativa de Goi\u00e1s (Alego), Bruno Peixoto (UB), lan\u00e7ou oficialmente, na noite desta quarta-feira (2\/8),\u00a0\u00a0candidatura a deputado federal. O evento foi realizado na Arena Multiplace, em Goi\u00e2nia, e contou com a presen\u00e7a do governador e candidato \u00e0<\/p>\n","protected":false},"author":2,"featured_media":52034,"comment_status":"closed","ping_status":"closed","sticky":false,"template":"","format":"standard","meta":{"footnotes":""},"categories":[27,22,26,23],"tags":[],"class_list":["post-52033","post","type-post","status-publish","format-standard","has-post-thumbnail","hentry","category-brasil","category-catalao","category-destaque","category-goias"],"yoast_head":"<!-- This site is optimized with the Yoast SEO plugin v25.8 - https:\/\/yoast.com\/wordpress\/plugins\/seo\/ -->\n<title>Bruno Peixoto lan\u00e7a candidatura a deputado federal em ato com mais de 10 mil pessoas - Jornal Ultimos Acontecimentos<\/title>\n<meta name=\"robots\" content=\"index, follow, max-snippet:-1, max-image-preview:large, max-video-preview:-1\" \/>\n<link rel=\"canonical\" href=\"https:\/\/juacontecimentos.com.br\/site\/bruno-peixoto-lanca-candidatura-a-deputado-federal-em-ato-com-mais-de-10-mil-pessoas\/\" \/>\n<meta property=\"og:locale\" content=\"pt_BR\" \/>\n<meta property=\"og:type\" content=\"article\" \/>\n<meta property=\"og:title\" content=\"Bruno Peixoto lan\u00e7a candidatura a deputado federal em ato com mais de 10 mil pessoas - Jornal Ultimos Acontecimentos\" \/>\n<meta property=\"og:description\" content=\"Evento realizado em Goi\u00e2nia re\u00fane prefeitos, vereadores e lideran\u00e7as pol\u00edticas de diferentes regi\u00f5es de Goi\u00e1s O presidente da Assembleia Legislativa de Goi\u00e1s (Alego), Bruno Peixoto (UB), lan\u00e7ou oficialmente, na noite desta quarta-feira (2\/8),\u00a0\u00a0candidatura a deputado federal. O evento foi realizado na Arena Multiplace, em Goi\u00e2nia, e contou com a presen\u00e7a do governador e candidato \u00e0\" \/>\n<meta property=\"og:url\" content=\"https:\/\/juacontecimentos.com.br\/site\/bruno-peixoto-lanca-candidatura-a-deputado-federal-em-ato-com-mais-de-10-mil-pessoas\/\" \/>\n<meta property=\"og:site_name\" content=\"Jornal Ultimos Acontecimentos\" \/>\n<meta property=\"article:publisher\" content=\"https:\/\/www.facebook.com\/jultimosacontecimentos\/\" \/>\n<meta property=\"article:published_time\" content=\"2026-09-03T12:56:37+00:00\" \/>\n<meta property=\"article:modified_time\" content=\"2026-09-03T12:57:31+00:00\" \/>\n<meta property=\"og:image\" content=\"https:\/\/juacontecimentos.com.br\/site\/wp-content\/uploads\/2026\/09\/Sem-titulo-1-scaled.jpg\" \/>\n\t<meta property=\"og:image:width\" content=\"2560\" \/>\n\t<meta property=\"og:image:height\" content=\"1513\" \/>\n\t<meta property=\"og:image:type\" content=\"image\/jpeg\" \/>\n<meta name=\"author\" content=\"Reginaldo Ribeiro\" \/>\n<meta name=\"twitter:card\" content=\"summary_large_image\" \/>\n<meta name=\"twitter:label1\" content=\"Escrito por\" \/>\n\t<meta name=\"twitter:data1\" content=\"Reginaldo Ribeiro\" \/>\n\t<meta name=\"twitter:label2\" content=\"Est. tempo de leitura\" \/>\n\t<meta name=\"twitter:data2\" content=\"3 minutos\" \/>\n<script type=\"application\/ld+json\" class=\"yoast-schema-graph\">{\"@context\":\"https:\/\/schema.org\",\"@graph\":[{\"@type\":\"Article\",\"@id\":\"https:\/\/juacontecimentos.com.br\/site\/bruno-peixoto-lanca-candidatura-a-deputado-federal-em-ato-com-mais-de-10-mil-pessoas\/#article\",\"isPartOf\":{\"@id\":\"https:\/\/juacontecimentos.com.br\/site\/bruno-peixoto-lanca-candidatura-a-deputado-federal-em-ato-com-mais-de-10-mil-pessoas\/\"},\"author\":{\"name\":\"Reginaldo Ribeiro\",\"@id\":\"https:\/\/juacontecimentos.com.br\/site\/#\/schema\/person\/082a54e6d3fdd7a633291428521c9669\"},\"headline\":\"Bruno Peixoto lan\u00e7a candidatura a deputado federal em ato com mais de 10 mil pessoas\",\"datePublished\":\"2026-09-03T12:56:37+00:00\",\"dateModified\":\"2026-09-03T12:57:31+00:00\",\"mainEntityOfPage\":{\"@id\":\"https:\/\/juacontecimentos.com.br\/site\/bruno-peixoto-lanca-candidatura-a-deputado-federal-em-ato-com-mais-de-10-mil-pessoas\/\"},\"wordCount\":456,\"publisher\":{\"@id\":\"https:\/\/juacontecimentos.com.br\/site\/#organization\"},\"image\":{\"@id\":\"https:\/\/juacontecimentos.com.br\/site\/bruno-peixoto-lanca-candidatura-a-deputado-federal-em-ato-com-mais-de-10-mil-pessoas\/#primaryimage\"},\"thumbnailUrl\":\"https:\/\/juacontecimentos.com.br\/site\/wp-content\/uploads\/2026\/09\/Sem-titulo-1-scaled.jpg\",\"articleSection\":[\"Brasil\",\"Catal\u00e3o\",\"Destaque\",\"Goi\u00e1s\"],\"inLanguage\":\"pt-BR\"},{\"@type\":\"WebPage\",\"@id\":\"https:\/\/juacontecimentos.com.br\/site\/bruno-peixoto-lanca-candidatura-a-deputado-federal-em-ato-com-mais-de-10-mil-pessoas\/\",\"url\":\"https:\/\/juacontecimentos.com.br\/site\/bruno-peixoto-lanca-candidatura-a-deputado-federal-em-ato-com-mais-de-10-mil-pessoas\/\",\"name\":\"Bruno Peixoto lan\u00e7a candidatura a deputado federal em ato com mais de 10 mil pessoas - Jornal Ultimos Acontecimentos\",\"isPartOf\":{\"@id\":\"https:\/\/juacontecimentos.com.br\/site\/#website\"},\"primaryImageOfPage\":{\"@id\":\"https:\/\/juacontecimentos.com.br\/site\/bruno-peixoto-lanca-candidatura-a-deputado-federal-em-ato-com-mais-de-10-mil-pessoas\/#primaryimage\"},\"image\":{\"@id\":\"https:\/\/juacontecimentos.com.br\/site\/bruno-peixoto-lanca-candidatura-a-deputado-federal-em-ato-com-mais-de-10-mil-pessoas\/#primaryimage\"},\"thumbnailUrl\":\"https:\/\/juacontecimentos.com.br\/site\/wp-content\/uploads\/2026\/09\/Sem-titulo-1-scaled.jpg\",\"datePublished\":\"2026-09-03T12:56:37+00:00\",\"dateModified\":\"2026-09-03T12:57:31+00:00\",\"breadcrumb\":{\"@id\":\"https:\/\/juacontecimentos.com.br\/site\/bruno-peixoto-lanca-candidatura-a-deputado-federal-em-ato-com-mais-de-10-mil-pessoas\/#breadcrumb\"},\"inLanguage\":\"pt-BR\",\"potentialAction\":[{\"@type\":\"ReadAction\",\"target\":[\"https:\/\/juacontecimentos.com.br\/site\/bruno-peixoto-lanca-candidatura-a-deputado-federal-em-ato-com-mais-de-10-mil-pessoas\/\"]}]},{\"@type\":\"ImageObject\",\"inLanguage\":\"pt-BR\",\"@id\":\"https:\/\/juacontecimentos.com.br\/site\/bruno-peixoto-lanca-candidatura-a-deputado-federal-em-ato-com-mais-de-10-mil-pessoas\/#primaryimage\",\"url\":\"https:\/\/juacontecimentos.com.br\/site\/wp-content\/uploads\/2026\/09\/Sem-titulo-1-scaled.jpg\",\"contentUrl\":\"https:\/\/juacontecimentos.com.br\/site\/wp-content\/uploads\/2026\/09\/Sem-titulo-1-scaled.jpg\",\"width\":2560,\"height\":1513,\"caption\":\"Bruno Peixoto lan\u00e7a oficialmente a candidatura \u00e0 C\u00e2mara dos Deputados durante evento na Arena Multiplace, em Goi\u00e2nia (foto divulga\u00e7\u00e3o)\"},{\"@type\":\"BreadcrumbList\",\"@id\":\"https:\/\/juacontecimentos.com.br\/site\/bruno-peixoto-lanca-candidatura-a-deputado-federal-em-ato-com-mais-de-10-mil-pessoas\/#breadcrumb\",\"itemListElement\":[{\"@type\":\"ListItem\",\"position\":1,\"name\":\"In\u00edcio\",\"item\":\"https:\/\/juacontecimentos.com.br\/site\/\"},{\"@type\":\"ListItem\",\"position\":2,\"name\":\"Bruno Peixoto lan\u00e7a candidatura a deputado federal em ato com mais de 10 mil pessoas\"}]},{\"@type\":\"WebSite\",\"@id\":\"https:\/\/juacontecimentos.com.br\/site\/#website\",\"url\":\"https:\/\/juacontecimentos.com.br\/site\/\",\"name\":\"Jornal Ultimos Acontecimentos\",\"description\":\"Catal\u00e3o e regi\u00e3o\",\"publisher\":{\"@id\":\"https:\/\/juacontecimentos.com.br\/site\/#organization\"},\"potentialAction\":[{\"@type\":\"SearchAction\",\"target\":{\"@type\":\"EntryPoint\",\"urlTemplate\":\"https:\/\/juacontecimentos.com.br\/site\/?s={search_term_string}\"},\"query-input\":{\"@type\":\"PropertyValueSpecification\",\"valueRequired\":true,\"valueName\":\"search_term_string\"}}],\"inLanguage\":\"pt-BR\"},{\"@type\":\"Organization\",\"@id\":\"https:\/\/juacontecimentos.com.br\/site\/#organization\",\"name\":\"Jornal Ultimos Acontecimentos\",\"url\":\"https:\/\/juacontecimentos.com.br\/site\/\",\"logo\":{\"@type\":\"ImageObject\",\"inLanguage\":\"pt-BR\",\"@id\":\"https:\/\/juacontecimentos.com.br\/site\/#\/schema\/logo\/image\/\",\"url\":\"https:\/\/juacontecimentos.com.br\/site\/wp-content\/uploads\/2023\/04\/Logo_Site.png\",\"contentUrl\":\"https:\/\/juacontecimentos.com.br\/site\/wp-content\/uploads\/2023\/04\/Logo_Site.png\",\"width\":2476,\"height\":530,\"caption\":\"Jornal Ultimos Acontecimentos\"},\"image\":{\"@id\":\"https:\/\/juacontecimentos.com.br\/site\/#\/schema\/logo\/image\/\"},\"sameAs\":[\"https:\/\/www.facebook.com\/jultimosacontecimentos\/\"]},{\"@type\":\"Person\",\"@id\":\"https:\/\/juacontecimentos.com.br\/site\/#\/schema\/person\/082a54e6d3fdd7a633291428521c9669\",\"name\":\"Reginaldo Ribeiro\",\"image\":{\"@type\":\"ImageObject\",\"inLanguage\":\"pt-BR\",\"@id\":\"https:\/\/juacontecimentos.com.br\/site\/#\/schema\/person\/image\/\",\"url\":\"https:\/\/secure.gravatar.com\/avatar\/5c16c6837c3490270a74d888c2a845728f06bdde1f8761de1de1d1d1ef82d12f?s=96&d=mm&r=g\",\"contentUrl\":\"https:\/\/secure.gravatar.com\/avatar\/5c16c6837c3490270a74d888c2a845728f06bdde1f8761de1de1d1d1ef82d12f?s=96&d=mm&r=g\",\"caption\":\"Reginaldo Ribeiro\"}}]}<\/script>\n<!-- \/ Yoast SEO plugin. -->","yoast_head_json":{"title":"Bruno Peixoto lan\u00e7a candidatura a deputado federal em ato com mais de 10 mil pessoas - Jornal Ultimos Acontecimentos","robots":{"index":"index","follow":"follow","max-snippet":"max-snippet:-1","max-image-preview":"max-image-preview:large","max-video-preview":"max-video-preview:-1"},"canonical":"https:\/\/juacontecimentos.com.br\/site\/bruno-peixoto-lanca-candidatura-a-deputado-federal-em-ato-com-mais-de-10-mil-pessoas\/","og_locale":"pt_BR","og_type":"article","og_title":"Bruno Peixoto lan\u00e7a candidatura a deputado federal em ato com mais de 10 mil pessoas - Jornal Ultimos Acontecimentos","og_description":"Evento realizado em Goi\u00e2nia re\u00fane prefeitos, vereadores e lideran\u00e7as pol\u00edticas de diferentes regi\u00f5es de Goi\u00e1s O presidente da Assembleia Legislativa de Goi\u00e1s (Alego), Bruno Peixoto (UB), lan\u00e7ou oficialmente, na noite desta quarta-feira (2\/8),\u00a0\u00a0candidatura a deputado federal. O evento foi realizado na Arena Multiplace, em Goi\u00e2nia, e contou com a presen\u00e7a do governador e candidato \u00e0","og_url":"https:\/\/juacontecimentos.com.br\/site\/bruno-peixoto-lanca-candidatura-a-deputado-federal-em-ato-com-mais-de-10-mil-pessoas\/","og_site_name":"Jornal Ultimos Acontecimentos","article_publisher":"https:\/\/www.facebook.com\/jultimosacontecimentos\/","article_published_time":"2026-09-03T12:56:37+00:00","article_modified_time":"2026-09-03T12:57:31+00:00","og_image":[{"width":2560,"height":1513,"url":"https:\/\/juacontecimentos.com.br\/site\/wp-content\/uploads\/2026\/09\/Sem-titulo-1-scaled.jpg","type":"image\/jpeg"}],"author":"Reginaldo Ribeiro","twitter_card":"summary_large_image","twitter_misc":{"Escrito por":"Reginaldo Ribeiro","Est. tempo de leitura":"3 minutos"},"schema":{"@context":"https:\/\/schema.org","@graph":[{"@type":"Article","@id":"https:\/\/juacontecimentos.com.br\/site\/bruno-peixoto-lanca-candidatura-a-deputado-federal-em-ato-com-mais-de-10-mil-pessoas\/#article","isPartOf":{"@id":"https:\/\/juacontecimentos.com.br\/site\/bruno-peixoto-lanca-candidatura-a-deputado-federal-em-ato-com-mais-de-10-mil-pessoas\/"},"author":{"name":"Reginaldo Ribeiro","@id":"https:\/\/juacontecimentos.com.br\/site\/#\/schema\/person\/082a54e6d3fdd7a633291428521c9669"},"headline":"Bruno Peixoto lan\u00e7a candidatura a deputado federal em ato com mais de 10 mil pessoas","datePublished":"2026-09-03T12:56:37+00:00","dateModified":"2026-09-03T12:57:31+00:00","mainEntityOfPage":{"@id":"https:\/\/juacontecimentos.com.br\/site\/bruno-peixoto-lanca-candidatura-a-deputado-federal-em-ato-com-mais-de-10-mil-pessoas\/"},"wordCount":456,"publisher":{"@id":"https:\/\/juacontecimentos.com.br\/site\/#organization"},"image":{"@id":"https:\/\/juacontecimentos.com.br\/site\/bruno-peixoto-lanca-candidatura-a-deputado-federal-em-ato-com-mais-de-10-mil-pessoas\/#primaryimage"},"thumbnailUrl":"https:\/\/juacontecimentos.com.br\/site\/wp-content\/uploads\/2026\/09\/Sem-titulo-1-scaled.jpg","articleSection":["Brasil","Catal\u00e3o","Destaque","Goi\u00e1s"],"inLanguage":"pt-BR"},{"@type":"WebPage","@id":"https:\/\/juacontecimentos.com.br\/site\/bruno-peixoto-lanca-candidatura-a-deputado-federal-em-ato-com-mais-de-10-mil-pessoas\/","url":"https:\/\/juacontecimentos.com.br\/site\/bruno-peixoto-lanca-candidatura-a-deputado-federal-em-ato-com-mais-de-10-mil-pessoas\/","name":"Bruno Peixoto lan\u00e7a candidatura a deputado federal em ato com mais de 10 mil pessoas - Jornal Ultimos Acontecimentos","isPartOf":{"@id":"https:\/\/juacontecimentos.com.br\/site\/#website"},"primaryImageOfPage":{"@id":"https:\/\/juacontecimentos.com.br\/site\/bruno-peixoto-lanca-candidatura-a-deputado-federal-em-ato-com-mais-de-10-mil-pessoas\/#primaryimage"},"image":{"@id":"https:\/\/juacontecimentos.com.br\/site\/bruno-peixoto-lanca-candidatura-a-deputado-federal-em-ato-com-mais-de-10-mil-pessoas\/#primaryimage"},"thumbnailUrl":"https:\/\/juacontecimentos.com.br\/site\/wp-content\/uploads\/2026\/09\/Sem-titulo-1-scaled.jpg","datePublished":"2026-09-03T12:56:37+00:00","dateModified":"2026-09-03T12:57:31+00:00","breadcrumb":{"@id":"https:\/\/juacontecimentos.com.br\/site\/bruno-peixoto-lanca-candidatura-a-deputado-federal-em-ato-com-mais-de-10-mil-pessoas\/#breadcrumb"},"inLanguage":"pt-BR","potentialAction":[{"@type":"ReadAction","target":["https:\/\/juacontecimentos.com.br\/site\/bruno-peixoto-lanca-candidatura-a-deputado-federal-em-ato-com-mais-de-10-mil-pessoas\/"]}]},{"@type":"ImageObject","inLanguage":"pt-BR","@id":"https:\/\/juacontecimentos.com.br\/site\/bruno-peixoto-lanca-candidatura-a-deputado-federal-em-ato-com-mais-de-10-mil-pessoas\/#primaryimage","url":"https:\/\/juacontecimentos.com.br\/site\/wp-content\/uploads\/2026\/09\/Sem-titulo-1-scaled.jpg","contentUrl":"https:\/\/juacontecimentos.com.br\/site\/wp-content\/uploads\/2026\/09\/Sem-titulo-1-scaled.jpg","width":2560,"height":1513,"caption":"Bruno Peixoto lan\u00e7a oficialmente a candidatura \u00e0 C\u00e2mara dos Deputados durante evento na Arena Multiplace, em Goi\u00e2nia (foto divulga\u00e7\u00e3o)"},{"@type":"BreadcrumbList","@id":"https:\/\/juacontecimentos.com.br\/site\/bruno-peixoto-lanca-candidatura-a-deputado-federal-em-ato-com-mais-de-10-mil-pessoas\/#breadcrumb","itemListElement":[{"@type":"ListItem","position":1,"name":"In\u00edcio","item":"https:\/\/juacontecimentos.com.br\/site\/"},{"@type":"ListItem","position":2,"name":"Bruno Peixoto lan\u00e7a candidatura a deputado federal em ato com mais de 10 mil pessoas"}]},{"@type":"WebSite","@id":"https:\/\/juacontecimentos.com.br\/site\/#website","url":"https:\/\/juacontecimentos.com.br\/site\/","name":"Jornal Ultimos Acontecimentos","description":"Catal\u00e3o e regi\u00e3o","publisher":{"@id":"https:\/\/juacontecimentos.com.br\/site\/#organization"},"potentialAction":[{"@type":"SearchAction","target":{"@type":"EntryPoint","urlTemplate":"https:\/\/juacontecimentos.com.br\/site\/?s={search_term_string}"},"query-input":{"@type":"PropertyValueSpecification","valueRequired":true,"valueName":"search_term_string"}}],"inLanguage":"pt-BR"},{"@type":"Organization","@id":"https:\/\/juacontecimentos.com.br\/site\/#organization","name":"Jornal Ultimos Acontecimentos","url":"https:\/\/juacontecimentos.com.br\/site\/","logo":{"@type":"ImageObject","inLanguage":"pt-BR","@id":"https:\/\/juacontecimentos.com.br\/site\/#\/schema\/logo\/image\/","url":"https:\/\/juacontecimentos.com.br\/site\/wp-content\/uploads\/2023\/04\/Logo_Site.png","contentUrl":"https:\/\/juacontecimentos.com.br\/site\/wp-content\/uploads\/2023\/04\/Logo_Site.png","width":2476,"height":530,"caption":"Jornal Ultimos Acontecimentos"},"image":{"@id":"https:\/\/juacontecimentos.com.br\/site\/#\/schema\/logo\/image\/"},"sameAs":["https:\/\/www.facebook.com\/jultimosacontecimentos\/"]},{"@type":"Person","@id":"https:\/\/juacontecimentos.com.br\/site\/#\/schema\/person\/082a54e6d3fdd7a633291428521c9669","name":"Reginaldo Ribeiro","image":{"@type":"ImageObject","inLanguage":"pt-BR","@id":"https:\/\/juacontecimentos.com.br\/site\/#\/schema\/person\/image\/","url":"https:\/\/secure.gravatar.com\/avatar\/5c16c6837c3490270a74d888c2a845728f06bdde1f8761de1de1d1d1ef82d12f?s=96&d=mm&r=g","contentUrl":"https:\/\/secure.gravatar.com\/avatar\/5c16c6837c3490270a74d888c2a845728f06bdde1f8761de1de1d1d1ef82d12f?s=96&d=mm&r=g","caption":"Reginaldo Ribeiro"}}]}},"_links":{"self":[{"href":"https:\/\/juacontecimentos.com.br\/site\/wp-json\/wp\/v2\/posts\/52033","targetHints":{"allow":["GET"]}}],"collection":[{"href":"https:\/\/juacontecimentos.com.br\/site\/wp-json\/wp\/v2\/posts"}],"about":[{"href":"https:\/\/juacontecimentos.com.br\/site\/wp-json\/wp\/v2\/types\/post"}],"author":[{"embeddable":true,"href":"https:\/\/juacontecimentos.com.br\/site\/wp-json\/wp\/v2\/users\/2"}],"replies":[{"embeddable":true,"href":"https:\/\/juacontecimentos.com.br\/site\/wp-json\/wp\/v2\/comments?post=52033"}],"version-history":[{"count":1,"href":"https:\/\/juacontecimentos.com.br\/site\/wp-json\/wp\/v2\/posts\/52033\/revisions"}],"predecessor-version":[{"id":52035,"href":"https:\/\/juacontecimentos.com.br\/site\/wp-json\/wp\/v2\/posts\/52033\/revisions\/52035"}],"wp:featuredmedia":[{"embeddable":true,"href":"https:\/\/juacontecimentos.com.br\/site\/wp-json\/wp\/v2\/media\/52034"}],"wp:attachment":[{"href":"https:\/\/juacontecimentos.com.br\/site\/wp-json\/wp\/v2\/media?parent=52033"}],"wp:term":[{"taxonomy":"category","embeddable":true,"href":"https:\/\/juacontecimentos.com.br\/site\/wp-json\/wp\/v2\/categories?post=52033"},{"taxonomy":"post_tag","embeddable":true,"href":"https:\/\/juacontecimentos.com.br\/site\/wp-json\/wp\/v2\/tags?post=52033"}],"curies":[{"name":"wp","href":"https:\/\/api.w.org\/{rel}","templated":true}]}}