{"id":52036,"date":"2026-09-03T20:53:02","date_gmt":"2026-09-03T23:53:02","guid":{"rendered":"https:\/\/juacontecimentos.com.br\/site\/?p=52036"},"modified":"2026-09-03T21:13:18","modified_gmt":"2026-09-04T00:13:18","slug":"bruno-peixoto-e-issy-quinan-recebem-apoio-publico-do-prefeito-de-urutai-para-eleicoes-de-2026","status":"publish","type":"post","link":"https:\/\/juacontecimentos.com.br\/site\/bruno-peixoto-e-issy-quinan-recebem-apoio-publico-do-prefeito-de-urutai-para-eleicoes-de-2026\/","title":{"rendered":"Bruno Peixoto e Issy Quinan recebem apoio p\u00fablico do prefeito de Uruta\u00ed para elei\u00e7\u00f5es de 2026"},"content":{"rendered":"<p><img loading=\"lazy\" decoding=\"async\" class=\"alignnone size-full wp-image-52038\" src=\"https:\/\/juacontecimentos.com.br\/site\/wp-content\/uploads\/2026\/09\/IMG_20260903_185350-scaled.jpg\" alt=\"\" width=\"2560\" height=\"1444\" srcset=\"https:\/\/juacontecimentos.com.br\/site\/wp-content\/uploads\/2026\/09\/IMG_20260903_185350-scaled.jpg 2560w, https:\/\/juacontecimentos.com.br\/site\/wp-content\/uploads\/2026\/09\/IMG_20260903_185350-300x169.jpg 300w, https:\/\/juacontecimentos.com.br\/site\/wp-content\/uploads\/2026\/09\/IMG_20260903_185350-1024x578.jpg 1024w, https:\/\/juacontecimentos.com.br\/site\/wp-content\/uploads\/2026\/09\/IMG_20260903_185350-768x433.jpg 768w, https:\/\/juacontecimentos.com.br\/site\/wp-content\/uploads\/2026\/09\/IMG_20260903_185350-1536x866.jpg 1536w, https:\/\/juacontecimentos.com.br\/site\/wp-content\/uploads\/2026\/09\/IMG_20260903_185350-2048x1155.jpg 2048w\" sizes=\"auto, (max-width: 2560px) 100vw, 2560px\" \/><\/p>\n<p>O prefeito de Uruta\u00ed, Alexandre Ara\u00fajo, declarou publicamente apoio \u00e0s pr\u00e9-candidaturas de Bruno Peixoto (Uni\u00e3o Brasil) para deputado federal e Issy Quinan (MDB) para deputado estadual nas elei\u00e7\u00f5es de 2026. A manifesta\u00e7\u00e3o ocorreu nesta quinta-feira (3), durante um encontro realizado na resid\u00eancia do chefe do Executivo Municipal, que reuniu lideran\u00e7as pol\u00edticas, vereadores e apoiadores.<\/p>\n<p>Ao justificar sua decis\u00e3o, Alexandre Ara\u00fajo destacou a rela\u00e7\u00e3o constru\u00edda com os parlamentares e a atua\u00e7\u00e3o deles em favor dos munic\u00edpios. Segundo o prefeito, a escolha foi resultado de di\u00e1logo e avalia\u00e7\u00e3o sobre quem efetivamente tem contribu\u00eddo com Uruta\u00ed. Ele ressaltou especialmente a experi\u00eancia pol\u00edtica e administrativa de Bruno Peixoto, al\u00e9m da disponibilidade demonstrada pelo deputado para atender \u00e0s demandas municipais.<\/p>\n<p>Alexandre afirmou que, antes de definir seu posicionamento, conversou com lideran\u00e7as locais, entre elas o vereador Diego, e apresentou as necessidades do munic\u00edpio. De acordo com o prefeito, Bruno Peixoto teria se colocado \u00e0 disposi\u00e7\u00e3o para auxiliar na busca por recursos e obras. \u201cN\u00f3s temos que trabalhar para quem quer trabalhar com a gente\u201d, afirmou, defendendo que a popula\u00e7\u00e3o avalie o hist\u00f3rico de atua\u00e7\u00e3o dos candidatos antes de definir o voto.<\/p>\n<p>Apesar de declarar apoio a Bruno Peixoto, o prefeito deixou claro que sua composi\u00e7\u00e3o para a C\u00e2mara Federal permanece aberta a outros parlamentares que tamb\u00e9m tenham servi\u00e7os prestados ao munic\u00edpio. Alexandre citou Jos\u00e9 Nelton, que, segundo ele, j\u00e1 contribuiu com maquin\u00e1rio e dever\u00e1 viabilizar um caminh\u00e3o para Uruta\u00ed, al\u00e9m do professor Alcides, que tamb\u00e9m teria mantido atua\u00e7\u00e3o em favor da cidade. A estrat\u00e9gia, segundo o prefeito, \u00e9 manter di\u00e1logo com diferentes representantes capazes de contribuir com a administra\u00e7\u00e3o municipal.<\/p>\n<p>Durante a entrevista, Alexandre tamb\u00e9m afirmou que pretende conduzir a atua\u00e7\u00e3o pol\u00edtica com foco nos interesses da popula\u00e7\u00e3o e criticou o que classificou como presen\u00e7a de \u201caventureiros\u201d durante os per\u00edodos eleitorais. Para ele, o eleitor deve priorizar candidatos que mantenham compromisso com o munic\u00edpio e apresentem resultados concretos.<\/p>\n<p>O prefeito tamb\u00e9m ressaltou a necessidade de manter articula\u00e7\u00e3o com as esferas estadual e federal. Citou o ex-governador Ronaldo Caiado, o governador Daniel Vilela e os senadores Vanderlan Cardoso e Gracinha Caiado como integrantes de um grupo pol\u00edtico com o qual pretende continuar mantendo di\u00e1logo em busca de investimentos para Uruta\u00ed.<\/p>\n<p>Na C\u00e2mara Municipal, o vereador Diego Lageado afirmou que os nove parlamentares mant\u00eam uma rela\u00e7\u00e3o de parceria com a administra\u00e7\u00e3o de Alexandre Ara\u00fajo. Ele declarou apoio a Issy Quinan para deputado estadual e a Jos\u00e9 Nelton para deputado federal. Ao comentar a escolha de Issy, destacou a rela\u00e7\u00e3o constru\u00edda desde a campanha municipal e o fato de o deputado j\u00e1 ter exercido o cargo de prefeito, o que, segundo ele, contribui para que conhe\u00e7a as necessidades dos munic\u00edpios de menor porte.<\/p>\n<p><img loading=\"lazy\" decoding=\"async\" class=\"alignnone size-full wp-image-52041\" src=\"https:\/\/juacontecimentos.com.br\/site\/wp-content\/uploads\/2026\/09\/IMG_20260903_184758-scaled.jpg\" alt=\"\" width=\"2560\" height=\"1444\" srcset=\"https:\/\/juacontecimentos.com.br\/site\/wp-content\/uploads\/2026\/09\/IMG_20260903_184758-scaled.jpg 2560w, https:\/\/juacontecimentos.com.br\/site\/wp-content\/uploads\/2026\/09\/IMG_20260903_184758-300x169.jpg 300w, https:\/\/juacontecimentos.com.br\/site\/wp-content\/uploads\/2026\/09\/IMG_20260903_184758-1024x578.jpg 1024w, https:\/\/juacontecimentos.com.br\/site\/wp-content\/uploads\/2026\/09\/IMG_20260903_184758-768x433.jpg 768w, https:\/\/juacontecimentos.com.br\/site\/wp-content\/uploads\/2026\/09\/IMG_20260903_184758-1536x866.jpg 1536w, https:\/\/juacontecimentos.com.br\/site\/wp-content\/uploads\/2026\/09\/IMG_20260903_184758-2048x1155.jpg 2048w\" sizes=\"auto, (max-width: 2560px) 100vw, 2560px\" \/><\/p>\n<p>Issy Quinan, por sua vez, agradeceu o apoio e destacou a recep\u00e7\u00e3o que vem recebendo em Uruta\u00ed. O deputado afirmou que mant\u00e9m uma rela\u00e7\u00e3o pr\u00f3xima com a administra\u00e7\u00e3o municipal e reafirmou o compromisso de continuar trabalhando pela cidade. Segundo ele, sua atua\u00e7\u00e3o j\u00e1 resultou na busca de recursos e a\u00e7\u00f5es para diferentes \u00e1reas, incluindo ilumina\u00e7\u00e3o p\u00fablica, reforma da rodovi\u00e1ria, \u00f4nibus escolar, manuten\u00e7\u00e3o de estradas por meio de patrulha mecanizada e recapeamento asf\u00e1ltico.<\/p>\n<p>Issy tamb\u00e9m lembrou sua trajet\u00f3ria pol\u00edtica. Ex-prefeito de Vian\u00f3polis por dois mandatos, foi eleito deputado estadual pela primeira vez em 2022, quando recebeu 47.453 votos, ficando na quarta coloca\u00e7\u00e3o entre os candidatos mais votados para a Assembleia Legislativa de Goi\u00e1s. Agricultor e administrador de empresas, ele tem atua\u00e7\u00e3o pol\u00edtica especialmente concentrada na regi\u00e3o da Estrada de Ferro. Conforme as informa\u00e7\u00f5es apresentadas durante o encontro, deixou a Prefeitura de Vian\u00f3polis com aprova\u00e7\u00e3o popular de 97,5%, segundo pesquisa do Instituto Fortiori.<\/p>\n<p>Entre suas principais bandeiras, Issy Quinan destaca pautas relacionadas ao setor agropecu\u00e1rio, acessibilidade social e assist\u00eancia a crian\u00e7as com necessidades especiais, al\u00e9m da amplia\u00e7\u00e3o de servi\u00e7os p\u00fablicos nas \u00e1reas da sa\u00fade, educa\u00e7\u00e3o e mobilidade.<\/p>\n<p>O encontro tamb\u00e9m contou com a participa\u00e7\u00e3o de Welington Peixoto, secret\u00e1rio de Estado de Esporte e Lazer e irm\u00e3o de Bruno Peixoto. Ao defender a candidatura do deputado \u00e0 C\u00e2mara Federal, Welington destacou a trajet\u00f3ria pol\u00edtica de Bruno, que foi vereador por dois mandatos, est\u00e1 no quarto mandato como deputado estadual e exerce a presid\u00eancia da Assembleia Legislativa de Goi\u00e1s, onde, segundo ele, foi reeleito por unanimidade.<\/p>\n<p>Welington ressaltou ainda a atua\u00e7\u00e3o de Bruno na articula\u00e7\u00e3o com munic\u00edpios e na destina\u00e7\u00e3o de recursos. Segundo ele, a experi\u00eancia acumulada no Legislativo e no Executivo contribui para fortalecer a capacidade de interlocu\u00e7\u00e3o com as cidades goianas. O secret\u00e1rio tamb\u00e9m defendeu a forma\u00e7\u00e3o de uma parceria entre Bruno Peixoto, Issy Quinan e o governador Daniel Vilela, afirmando que o grupo poder\u00e1 ampliar a capacidade de Uruta\u00ed de buscar investimentos.<\/p>\n<p>Na \u00e1rea esportiva, Welington destacou que o esporte pode funcionar como instrumento de inclus\u00e3o social e afirmou que sua secretaria estar\u00e1 de portas abertas para apoiar projetos desenvolvidos no munic\u00edpio. Ele tamb\u00e9m refor\u00e7ou o compromisso de buscar novos benef\u00edcios para Uruta\u00ed.<\/p>\n<p>Ao final do encontro, Alexandre Ara\u00fajo reafirmou que a estrat\u00e9gia pol\u00edtica de seu grupo ser\u00e1 baseada na busca por resultados para o munic\u00edpio. O prefeito tamb\u00e9m afirmou que a mobiliza\u00e7\u00e3o para as elei\u00e7\u00f5es j\u00e1 come\u00e7ou e que os apoiadores participaram espontaneamente da adesivagem de ve\u00edculos. Segundo ele, n\u00e3o haver\u00e1 pagamento de combust\u00edvel ou de pessoas para participar da atividade, defendendo uma participa\u00e7\u00e3o volunt\u00e1ria dos eleitores.<\/p>\n<p>A declara\u00e7\u00e3o p\u00fablica de apoio marca o in\u00edcio da mobiliza\u00e7\u00e3o pol\u00edtica de Alexandre Ara\u00fajo para as elei\u00e7\u00f5es de 2026. Embora tenha apresentado Bruno Peixoto e Issy Quinan como nomes de sua prefer\u00eancia para deputado federal e estadual, respectivamente, o prefeito sinalizou que continuar\u00e1 mantendo di\u00e1logo com outros parlamentares que possuem atua\u00e7\u00e3o junto ao munic\u00edpio. A proposta, segundo ele, \u00e9 construir uma articula\u00e7\u00e3o pol\u00edtica voltada \u00e0 obten\u00e7\u00e3o de recursos e investimentos para Uruta\u00ed.<\/p>\n<p><img loading=\"lazy\" decoding=\"async\" class=\"alignnone size-full wp-image-52040\" src=\"https:\/\/juacontecimentos.com.br\/site\/wp-content\/uploads\/2026\/09\/IMG_20260903_185240-scaled.jpg\" alt=\"\" width=\"2560\" height=\"1444\" srcset=\"https:\/\/juacontecimentos.com.br\/site\/wp-content\/uploads\/2026\/09\/IMG_20260903_185240-scaled.jpg 2560w, https:\/\/juacontecimentos.com.br\/site\/wp-content\/uploads\/2026\/09\/IMG_20260903_185240-300x169.jpg 300w, https:\/\/juacontecimentos.com.br\/site\/wp-content\/uploads\/2026\/09\/IMG_20260903_185240-1024x578.jpg 1024w, https:\/\/juacontecimentos.com.br\/site\/wp-content\/uploads\/2026\/09\/IMG_20260903_185240-768x433.jpg 768w, https:\/\/juacontecimentos.com.br\/site\/wp-content\/uploads\/2026\/09\/IMG_20260903_185240-1536x866.jpg 1536w, https:\/\/juacontecimentos.com.br\/site\/wp-content\/uploads\/2026\/09\/IMG_20260903_185240-2048x1155.jpg 2048w\" sizes=\"auto, (max-width: 2560px) 100vw, 2560px\" \/> <img loading=\"lazy\" decoding=\"async\" class=\"alignnone size-full wp-image-52042\" src=\"https:\/\/juacontecimentos.com.br\/site\/wp-content\/uploads\/2026\/09\/IMG_20260903_184755-scaled.jpg\" alt=\"\" width=\"2560\" height=\"1444\" srcset=\"https:\/\/juacontecimentos.com.br\/site\/wp-content\/uploads\/2026\/09\/IMG_20260903_184755-scaled.jpg 2560w, https:\/\/juacontecimentos.com.br\/site\/wp-content\/uploads\/2026\/09\/IMG_20260903_184755-300x169.jpg 300w, https:\/\/juacontecimentos.com.br\/site\/wp-content\/uploads\/2026\/09\/IMG_20260903_184755-1024x578.jpg 1024w, https:\/\/juacontecimentos.com.br\/site\/wp-content\/uploads\/2026\/09\/IMG_20260903_184755-768x433.jpg 768w, https:\/\/juacontecimentos.com.br\/site\/wp-content\/uploads\/2026\/09\/IMG_20260903_184755-1536x866.jpg 1536w, https:\/\/juacontecimentos.com.br\/site\/wp-content\/uploads\/2026\/09\/IMG_20260903_184755-2048x1155.jpg 2048w\" sizes=\"auto, (max-width: 2560px) 100vw, 2560px\" \/> <img loading=\"lazy\" decoding=\"async\" class=\"alignnone size-full wp-image-52043\" src=\"https:\/\/juacontecimentos.com.br\/site\/wp-content\/uploads\/2026\/09\/IMG_20260903_182852-scaled.jpg\" alt=\"\" width=\"2560\" height=\"1444\" srcset=\"https:\/\/juacontecimentos.com.br\/site\/wp-content\/uploads\/2026\/09\/IMG_20260903_182852-scaled.jpg 2560w, https:\/\/juacontecimentos.com.br\/site\/wp-content\/uploads\/2026\/09\/IMG_20260903_182852-300x169.jpg 300w, https:\/\/juacontecimentos.com.br\/site\/wp-content\/uploads\/2026\/09\/IMG_20260903_182852-1024x578.jpg 1024w, https:\/\/juacontecimentos.com.br\/site\/wp-content\/uploads\/2026\/09\/IMG_20260903_182852-768x433.jpg 768w, https:\/\/juacontecimentos.com.br\/site\/wp-content\/uploads\/2026\/09\/IMG_20260903_182852-1536x866.jpg 1536w, https:\/\/juacontecimentos.com.br\/site\/wp-content\/uploads\/2026\/09\/IMG_20260903_182852-2048x1155.jpg 2048w\" sizes=\"auto, (max-width: 2560px) 100vw, 2560px\" \/> <img loading=\"lazy\" decoding=\"async\" class=\"alignnone size-full wp-image-52044\" src=\"https:\/\/juacontecimentos.com.br\/site\/wp-content\/uploads\/2026\/09\/IMG_20260903_182850-scaled.jpg\" alt=\"\" width=\"2560\" height=\"1444\" srcset=\"https:\/\/juacontecimentos.com.br\/site\/wp-content\/uploads\/2026\/09\/IMG_20260903_182850-scaled.jpg 2560w, https:\/\/juacontecimentos.com.br\/site\/wp-content\/uploads\/2026\/09\/IMG_20260903_182850-300x169.jpg 300w, https:\/\/juacontecimentos.com.br\/site\/wp-content\/uploads\/2026\/09\/IMG_20260903_182850-1024x578.jpg 1024w, https:\/\/juacontecimentos.com.br\/site\/wp-content\/uploads\/2026\/09\/IMG_20260903_182850-768x433.jpg 768w, https:\/\/juacontecimentos.com.br\/site\/wp-content\/uploads\/2026\/09\/IMG_20260903_182850-1536x866.jpg 1536w, https:\/\/juacontecimentos.com.br\/site\/wp-content\/uploads\/2026\/09\/IMG_20260903_182850-2048x1155.jpg 2048w\" sizes=\"auto, (max-width: 2560px) 100vw, 2560px\" \/> <img loading=\"lazy\" decoding=\"async\" class=\"alignnone size-full wp-image-52045\" src=\"https:\/\/juacontecimentos.com.br\/site\/wp-content\/uploads\/2026\/09\/IMG_20260903_181104-scaled.jpg\" alt=\"\" width=\"2560\" height=\"1444\" srcset=\"https:\/\/juacontecimentos.com.br\/site\/wp-content\/uploads\/2026\/09\/IMG_20260903_181104-scaled.jpg 2560w, https:\/\/juacontecimentos.com.br\/site\/wp-content\/uploads\/2026\/09\/IMG_20260903_181104-300x169.jpg 300w, https:\/\/juacontecimentos.com.br\/site\/wp-content\/uploads\/2026\/09\/IMG_20260903_181104-1024x578.jpg 1024w, https:\/\/juacontecimentos.com.br\/site\/wp-content\/uploads\/2026\/09\/IMG_20260903_181104-768x433.jpg 768w, https:\/\/juacontecimentos.com.br\/site\/wp-content\/uploads\/2026\/09\/IMG_20260903_181104-1536x866.jpg 1536w, https:\/\/juacontecimentos.com.br\/site\/wp-content\/uploads\/2026\/09\/IMG_20260903_181104-2048x1155.jpg 2048w\" sizes=\"auto, (max-width: 2560px) 100vw, 2560px\" \/> <img loading=\"lazy\" decoding=\"async\" class=\"alignnone size-full wp-image-52046\" src=\"https:\/\/juacontecimentos.com.br\/site\/wp-content\/uploads\/2026\/09\/IMG_20260903_175928-scaled.jpg\" alt=\"\" width=\"2560\" height=\"1444\" srcset=\"https:\/\/juacontecimentos.com.br\/site\/wp-content\/uploads\/2026\/09\/IMG_20260903_175928-scaled.jpg 2560w, https:\/\/juacontecimentos.com.br\/site\/wp-content\/uploads\/2026\/09\/IMG_20260903_175928-300x169.jpg 300w, https:\/\/juacontecimentos.com.br\/site\/wp-content\/uploads\/2026\/09\/IMG_20260903_175928-1024x578.jpg 1024w, https:\/\/juacontecimentos.com.br\/site\/wp-content\/uploads\/2026\/09\/IMG_20260903_175928-768x433.jpg 768w, https:\/\/juacontecimentos.com.br\/site\/wp-content\/uploads\/2026\/09\/IMG_20260903_175928-1536x866.jpg 1536w, https:\/\/juacontecimentos.com.br\/site\/wp-content\/uploads\/2026\/09\/IMG_20260903_175928-2048x1155.jpg 2048w\" sizes=\"auto, (max-width: 2560px) 100vw, 2560px\" \/> <img loading=\"lazy\" decoding=\"async\" class=\"alignnone size-full wp-image-52048\" src=\"https:\/\/juacontecimentos.com.br\/site\/wp-content\/uploads\/2026\/09\/IMG_20260903_175906-scaled.jpg\" alt=\"\" width=\"2560\" height=\"1444\" srcset=\"https:\/\/juacontecimentos.com.br\/site\/wp-content\/uploads\/2026\/09\/IMG_20260903_175906-scaled.jpg 2560w, https:\/\/juacontecimentos.com.br\/site\/wp-content\/uploads\/2026\/09\/IMG_20260903_175906-300x169.jpg 300w, https:\/\/juacontecimentos.com.br\/site\/wp-content\/uploads\/2026\/09\/IMG_20260903_175906-1024x578.jpg 1024w, https:\/\/juacontecimentos.com.br\/site\/wp-content\/uploads\/2026\/09\/IMG_20260903_175906-768x433.jpg 768w, https:\/\/juacontecimentos.com.br\/site\/wp-content\/uploads\/2026\/09\/IMG_20260903_175906-1536x866.jpg 1536w, https:\/\/juacontecimentos.com.br\/site\/wp-content\/uploads\/2026\/09\/IMG_20260903_175906-2048x1155.jpg 2048w\" sizes=\"auto, (max-width: 2560px) 100vw, 2560px\" \/> <img loading=\"lazy\" decoding=\"async\" class=\"alignnone size-full wp-image-52049\" src=\"https:\/\/juacontecimentos.com.br\/site\/wp-content\/uploads\/2026\/09\/IMG_20260903_180240-scaled.jpg\" alt=\"\" width=\"2560\" height=\"1444\" srcset=\"https:\/\/juacontecimentos.com.br\/site\/wp-content\/uploads\/2026\/09\/IMG_20260903_180240-scaled.jpg 2560w, https:\/\/juacontecimentos.com.br\/site\/wp-content\/uploads\/2026\/09\/IMG_20260903_180240-300x169.jpg 300w, https:\/\/juacontecimentos.com.br\/site\/wp-content\/uploads\/2026\/09\/IMG_20260903_180240-1024x578.jpg 1024w, https:\/\/juacontecimentos.com.br\/site\/wp-content\/uploads\/2026\/09\/IMG_20260903_180240-768x433.jpg 768w, https:\/\/juacontecimentos.com.br\/site\/wp-content\/uploads\/2026\/09\/IMG_20260903_180240-1536x866.jpg 1536w, https:\/\/juacontecimentos.com.br\/site\/wp-content\/uploads\/2026\/09\/IMG_20260903_180240-2048x1155.jpg 2048w\" sizes=\"auto, (max-width: 2560px) 100vw, 2560px\" \/><\/p>\n","protected":false},"excerpt":{"rendered":"<p>O prefeito de Uruta\u00ed, Alexandre Ara\u00fajo, declarou publicamente apoio \u00e0s pr\u00e9-candidaturas de Bruno Peixoto (Uni\u00e3o Brasil) para deputado federal e Issy Quinan (MDB) para deputado estadual nas elei\u00e7\u00f5es de 2026. A manifesta\u00e7\u00e3o ocorreu nesta quinta-feira (3), durante um encontro realizado na resid\u00eancia do chefe do Executivo Municipal, que reuniu lideran\u00e7as pol\u00edticas, vereadores e apoiadores. Ao<\/p>\n","protected":false},"author":2,"featured_media":52038,"comment_status":"closed","ping_status":"closed","sticky":false,"template":"","format":"standard","meta":{"footnotes":""},"categories":[27,22,26,23],"tags":[],"class_list":["post-52036","post","type-post","status-publish","format-standard","has-post-thumbnail","hentry","category-brasil","category-catalao","category-destaque","category-goias"],"yoast_head":"<!-- This site is optimized with the Yoast SEO plugin v25.8 - https:\/\/yoast.com\/wordpress\/plugins\/seo\/ -->\n<title>Bruno Peixoto e Issy Quinan recebem apoio p\u00fablico do prefeito de Uruta\u00ed para elei\u00e7\u00f5es de 2026 - Jornal Ultimos Acontecimentos<\/title>\n<meta name=\"robots\" content=\"index, follow, max-snippet:-1, max-image-preview:large, max-video-preview:-1\" \/>\n<link rel=\"canonical\" href=\"https:\/\/juacontecimentos.com.br\/site\/bruno-peixoto-e-issy-quinan-recebem-apoio-publico-do-prefeito-de-urutai-para-eleicoes-de-2026\/\" \/>\n<meta property=\"og:locale\" content=\"pt_BR\" \/>\n<meta property=\"og:type\" content=\"article\" \/>\n<meta property=\"og:title\" content=\"Bruno Peixoto e Issy Quinan recebem apoio p\u00fablico do prefeito de Uruta\u00ed para elei\u00e7\u00f5es de 2026 - Jornal Ultimos Acontecimentos\" \/>\n<meta property=\"og:description\" content=\"O prefeito de Uruta\u00ed, Alexandre Ara\u00fajo, declarou publicamente apoio \u00e0s pr\u00e9-candidaturas de Bruno Peixoto (Uni\u00e3o Brasil) para deputado federal e Issy Quinan (MDB) para deputado estadual nas elei\u00e7\u00f5es de 2026. A manifesta\u00e7\u00e3o ocorreu nesta quinta-feira (3), durante um encontro realizado na resid\u00eancia do chefe do Executivo Municipal, que reuniu lideran\u00e7as pol\u00edticas, vereadores e apoiadores. Ao\" \/>\n<meta property=\"og:url\" content=\"https:\/\/juacontecimentos.com.br\/site\/bruno-peixoto-e-issy-quinan-recebem-apoio-publico-do-prefeito-de-urutai-para-eleicoes-de-2026\/\" \/>\n<meta property=\"og:site_name\" content=\"Jornal Ultimos Acontecimentos\" \/>\n<meta property=\"article:publisher\" content=\"https:\/\/www.facebook.com\/jultimosacontecimentos\/\" \/>\n<meta property=\"article:published_time\" content=\"2026-09-03T23:53:02+00:00\" \/>\n<meta property=\"article:modified_time\" content=\"2026-09-04T00:13:18+00:00\" \/>\n<meta property=\"og:image\" content=\"https:\/\/juacontecimentos.com.br\/site\/wp-content\/uploads\/2026\/09\/IMG_20260903_185350-scaled.jpg\" \/>\n\t<meta property=\"og:image:width\" content=\"2560\" \/>\n\t<meta property=\"og:image:height\" content=\"1444\" \/>\n\t<meta property=\"og:image:type\" content=\"image\/jpeg\" \/>\n<meta name=\"author\" content=\"Reginaldo Ribeiro\" \/>\n<meta name=\"twitter:card\" content=\"summary_large_image\" \/>\n<meta name=\"twitter:label1\" content=\"Escrito por\" \/>\n\t<meta name=\"twitter:data1\" content=\"Reginaldo Ribeiro\" \/>\n\t<meta name=\"twitter:label2\" content=\"Est. tempo de leitura\" \/>\n\t<meta name=\"twitter:data2\" content=\"8 minutos\" \/>\n<script type=\"application\/ld+json\" class=\"yoast-schema-graph\">{\"@context\":\"https:\/\/schema.org\",\"@graph\":[{\"@type\":\"Article\",\"@id\":\"https:\/\/juacontecimentos.com.br\/site\/bruno-peixoto-e-issy-quinan-recebem-apoio-publico-do-prefeito-de-urutai-para-eleicoes-de-2026\/#article\",\"isPartOf\":{\"@id\":\"https:\/\/juacontecimentos.com.br\/site\/bruno-peixoto-e-issy-quinan-recebem-apoio-publico-do-prefeito-de-urutai-para-eleicoes-de-2026\/\"},\"author\":{\"name\":\"Reginaldo Ribeiro\",\"@id\":\"https:\/\/juacontecimentos.com.br\/site\/#\/schema\/person\/082a54e6d3fdd7a633291428521c9669\"},\"headline\":\"Bruno Peixoto e Issy Quinan recebem apoio p\u00fablico do prefeito de Uruta\u00ed para elei\u00e7\u00f5es de 2026\",\"datePublished\":\"2026-09-03T23:53:02+00:00\",\"dateModified\":\"2026-09-04T00:13:18+00:00\",\"mainEntityOfPage\":{\"@id\":\"https:\/\/juacontecimentos.com.br\/site\/bruno-peixoto-e-issy-quinan-recebem-apoio-publico-do-prefeito-de-urutai-para-eleicoes-de-2026\/\"},\"wordCount\":1093,\"publisher\":{\"@id\":\"https:\/\/juacontecimentos.com.br\/site\/#organization\"},\"image\":{\"@id\":\"https:\/\/juacontecimentos.com.br\/site\/bruno-peixoto-e-issy-quinan-recebem-apoio-publico-do-prefeito-de-urutai-para-eleicoes-de-2026\/#primaryimage\"},\"thumbnailUrl\":\"https:\/\/juacontecimentos.com.br\/site\/wp-content\/uploads\/2026\/09\/IMG_20260903_185350-scaled.jpg\",\"articleSection\":[\"Brasil\",\"Catal\u00e3o\",\"Destaque\",\"Goi\u00e1s\"],\"inLanguage\":\"pt-BR\"},{\"@type\":\"WebPage\",\"@id\":\"https:\/\/juacontecimentos.com.br\/site\/bruno-peixoto-e-issy-quinan-recebem-apoio-publico-do-prefeito-de-urutai-para-eleicoes-de-2026\/\",\"url\":\"https:\/\/juacontecimentos.com.br\/site\/bruno-peixoto-e-issy-quinan-recebem-apoio-publico-do-prefeito-de-urutai-para-eleicoes-de-2026\/\",\"name\":\"Bruno Peixoto e Issy Quinan recebem apoio p\u00fablico do prefeito de Uruta\u00ed para elei\u00e7\u00f5es de 2026 - Jornal Ultimos Acontecimentos\",\"isPartOf\":{\"@id\":\"https:\/\/juacontecimentos.com.br\/site\/#website\"},\"primaryImageOfPage\":{\"@id\":\"https:\/\/juacontecimentos.com.br\/site\/bruno-peixoto-e-issy-quinan-recebem-apoio-publico-do-prefeito-de-urutai-para-eleicoes-de-2026\/#primaryimage\"},\"image\":{\"@id\":\"https:\/\/juacontecimentos.com.br\/site\/bruno-peixoto-e-issy-quinan-recebem-apoio-publico-do-prefeito-de-urutai-para-eleicoes-de-2026\/#primaryimage\"},\"thumbnailUrl\":\"https:\/\/juacontecimentos.com.br\/site\/wp-content\/uploads\/2026\/09\/IMG_20260903_185350-scaled.jpg\",\"datePublished\":\"2026-09-03T23:53:02+00:00\",\"dateModified\":\"2026-09-04T00:13:18+00:00\",\"breadcrumb\":{\"@id\":\"https:\/\/juacontecimentos.com.br\/site\/bruno-peixoto-e-issy-quinan-recebem-apoio-publico-do-prefeito-de-urutai-para-eleicoes-de-2026\/#breadcrumb\"},\"inLanguage\":\"pt-BR\",\"potentialAction\":[{\"@type\":\"ReadAction\",\"target\":[\"https:\/\/juacontecimentos.com.br\/site\/bruno-peixoto-e-issy-quinan-recebem-apoio-publico-do-prefeito-de-urutai-para-eleicoes-de-2026\/\"]}]},{\"@type\":\"ImageObject\",\"inLanguage\":\"pt-BR\",\"@id\":\"https:\/\/juacontecimentos.com.br\/site\/bruno-peixoto-e-issy-quinan-recebem-apoio-publico-do-prefeito-de-urutai-para-eleicoes-de-2026\/#primaryimage\",\"url\":\"https:\/\/juacontecimentos.com.br\/site\/wp-content\/uploads\/2026\/09\/IMG_20260903_185350-scaled.jpg\",\"contentUrl\":\"https:\/\/juacontecimentos.com.br\/site\/wp-content\/uploads\/2026\/09\/IMG_20260903_185350-scaled.jpg\",\"width\":2560,\"height\":1444},{\"@type\":\"BreadcrumbList\",\"@id\":\"https:\/\/juacontecimentos.com.br\/site\/bruno-peixoto-e-issy-quinan-recebem-apoio-publico-do-prefeito-de-urutai-para-eleicoes-de-2026\/#breadcrumb\",\"itemListElement\":[{\"@type\":\"ListItem\",\"position\":1,\"name\":\"In\u00edcio\",\"item\":\"https:\/\/juacontecimentos.com.br\/site\/\"},{\"@type\":\"ListItem\",\"position\":2,\"name\":\"Bruno Peixoto e Issy Quinan recebem apoio p\u00fablico do prefeito de Uruta\u00ed para elei\u00e7\u00f5es de 2026\"}]},{\"@type\":\"WebSite\",\"@id\":\"https:\/\/juacontecimentos.com.br\/site\/#website\",\"url\":\"https:\/\/juacontecimentos.com.br\/site\/\",\"name\":\"Jornal Ultimos Acontecimentos\",\"description\":\"Catal\u00e3o e regi\u00e3o\",\"publisher\":{\"@id\":\"https:\/\/juacontecimentos.com.br\/site\/#organization\"},\"potentialAction\":[{\"@type\":\"SearchAction\",\"target\":{\"@type\":\"EntryPoint\",\"urlTemplate\":\"https:\/\/juacontecimentos.com.br\/site\/?s={search_term_string}\"},\"query-input\":{\"@type\":\"PropertyValueSpecification\",\"valueRequired\":true,\"valueName\":\"search_term_string\"}}],\"inLanguage\":\"pt-BR\"},{\"@type\":\"Organization\",\"@id\":\"https:\/\/juacontecimentos.com.br\/site\/#organization\",\"name\":\"Jornal Ultimos Acontecimentos\",\"url\":\"https:\/\/juacontecimentos.com.br\/site\/\",\"logo\":{\"@type\":\"ImageObject\",\"inLanguage\":\"pt-BR\",\"@id\":\"https:\/\/juacontecimentos.com.br\/site\/#\/schema\/logo\/image\/\",\"url\":\"https:\/\/juacontecimentos.com.br\/site\/wp-content\/uploads\/2023\/04\/Logo_Site.png\",\"contentUrl\":\"https:\/\/juacontecimentos.com.br\/site\/wp-content\/uploads\/2023\/04\/Logo_Site.png\",\"width\":2476,\"height\":530,\"caption\":\"Jornal Ultimos Acontecimentos\"},\"image\":{\"@id\":\"https:\/\/juacontecimentos.com.br\/site\/#\/schema\/logo\/image\/\"},\"sameAs\":[\"https:\/\/www.facebook.com\/jultimosacontecimentos\/\"]},{\"@type\":\"Person\",\"@id\":\"https:\/\/juacontecimentos.com.br\/site\/#\/schema\/person\/082a54e6d3fdd7a633291428521c9669\",\"name\":\"Reginaldo Ribeiro\",\"image\":{\"@type\":\"ImageObject\",\"inLanguage\":\"pt-BR\",\"@id\":\"https:\/\/juacontecimentos.com.br\/site\/#\/schema\/person\/image\/\",\"url\":\"https:\/\/secure.gravatar.com\/avatar\/5c16c6837c3490270a74d888c2a845728f06bdde1f8761de1de1d1d1ef82d12f?s=96&d=mm&r=g\",\"contentUrl\":\"https:\/\/secure.gravatar.com\/avatar\/5c16c6837c3490270a74d888c2a845728f06bdde1f8761de1de1d1d1ef82d12f?s=96&d=mm&r=g\",\"caption\":\"Reginaldo Ribeiro\"}}]}<\/script>\n<!-- \/ Yoast SEO plugin. -->","yoast_head_json":{"title":"Bruno Peixoto e Issy Quinan recebem apoio p\u00fablico do prefeito de Uruta\u00ed para elei\u00e7\u00f5es de 2026 - Jornal Ultimos Acontecimentos","robots":{"index":"index","follow":"follow","max-snippet":"max-snippet:-1","max-image-preview":"max-image-preview:large","max-video-preview":"max-video-preview:-1"},"canonical":"https:\/\/juacontecimentos.com.br\/site\/bruno-peixoto-e-issy-quinan-recebem-apoio-publico-do-prefeito-de-urutai-para-eleicoes-de-2026\/","og_locale":"pt_BR","og_type":"article","og_title":"Bruno Peixoto e Issy Quinan recebem apoio p\u00fablico do prefeito de Uruta\u00ed para elei\u00e7\u00f5es de 2026 - Jornal Ultimos Acontecimentos","og_description":"O prefeito de Uruta\u00ed, Alexandre Ara\u00fajo, declarou publicamente apoio \u00e0s pr\u00e9-candidaturas de Bruno Peixoto (Uni\u00e3o Brasil) para deputado federal e Issy Quinan (MDB) para deputado estadual nas elei\u00e7\u00f5es de 2026. A manifesta\u00e7\u00e3o ocorreu nesta quinta-feira (3), durante um encontro realizado na resid\u00eancia do chefe do Executivo Municipal, que reuniu lideran\u00e7as pol\u00edticas, vereadores e apoiadores. Ao","og_url":"https:\/\/juacontecimentos.com.br\/site\/bruno-peixoto-e-issy-quinan-recebem-apoio-publico-do-prefeito-de-urutai-para-eleicoes-de-2026\/","og_site_name":"Jornal Ultimos Acontecimentos","article_publisher":"https:\/\/www.facebook.com\/jultimosacontecimentos\/","article_published_time":"2026-09-03T23:53:02+00:00","article_modified_time":"2026-09-04T00:13:18+00:00","og_image":[{"width":2560,"height":1444,"url":"https:\/\/juacontecimentos.com.br\/site\/wp-content\/uploads\/2026\/09\/IMG_20260903_185350-scaled.jpg","type":"image\/jpeg"}],"author":"Reginaldo Ribeiro","twitter_card":"summary_large_image","twitter_misc":{"Escrito por":"Reginaldo Ribeiro","Est. tempo de leitura":"8 minutos"},"schema":{"@context":"https:\/\/schema.org","@graph":[{"@type":"Article","@id":"https:\/\/juacontecimentos.com.br\/site\/bruno-peixoto-e-issy-quinan-recebem-apoio-publico-do-prefeito-de-urutai-para-eleicoes-de-2026\/#article","isPartOf":{"@id":"https:\/\/juacontecimentos.com.br\/site\/bruno-peixoto-e-issy-quinan-recebem-apoio-publico-do-prefeito-de-urutai-para-eleicoes-de-2026\/"},"author":{"name":"Reginaldo Ribeiro","@id":"https:\/\/juacontecimentos.com.br\/site\/#\/schema\/person\/082a54e6d3fdd7a633291428521c9669"},"headline":"Bruno Peixoto e Issy Quinan recebem apoio p\u00fablico do prefeito de Uruta\u00ed para elei\u00e7\u00f5es de 2026","datePublished":"2026-09-03T23:53:02+00:00","dateModified":"2026-09-04T00:13:18+00:00","mainEntityOfPage":{"@id":"https:\/\/juacontecimentos.com.br\/site\/bruno-peixoto-e-issy-quinan-recebem-apoio-publico-do-prefeito-de-urutai-para-eleicoes-de-2026\/"},"wordCount":1093,"publisher":{"@id":"https:\/\/juacontecimentos.com.br\/site\/#organization"},"image":{"@id":"https:\/\/juacontecimentos.com.br\/site\/bruno-peixoto-e-issy-quinan-recebem-apoio-publico-do-prefeito-de-urutai-para-eleicoes-de-2026\/#primaryimage"},"thumbnailUrl":"https:\/\/juacontecimentos.com.br\/site\/wp-content\/uploads\/2026\/09\/IMG_20260903_185350-scaled.jpg","articleSection":["Brasil","Catal\u00e3o","Destaque","Goi\u00e1s"],"inLanguage":"pt-BR"},{"@type":"WebPage","@id":"https:\/\/juacontecimentos.com.br\/site\/bruno-peixoto-e-issy-quinan-recebem-apoio-publico-do-prefeito-de-urutai-para-eleicoes-de-2026\/","url":"https:\/\/juacontecimentos.com.br\/site\/bruno-peixoto-e-issy-quinan-recebem-apoio-publico-do-prefeito-de-urutai-para-eleicoes-de-2026\/","name":"Bruno Peixoto e Issy Quinan recebem apoio p\u00fablico do prefeito de Uruta\u00ed para elei\u00e7\u00f5es de 2026 - Jornal Ultimos Acontecimentos","isPartOf":{"@id":"https:\/\/juacontecimentos.com.br\/site\/#website"},"primaryImageOfPage":{"@id":"https:\/\/juacontecimentos.com.br\/site\/bruno-peixoto-e-issy-quinan-recebem-apoio-publico-do-prefeito-de-urutai-para-eleicoes-de-2026\/#primaryimage"},"image":{"@id":"https:\/\/juacontecimentos.com.br\/site\/bruno-peixoto-e-issy-quinan-recebem-apoio-publico-do-prefeito-de-urutai-para-eleicoes-de-2026\/#primaryimage"},"thumbnailUrl":"https:\/\/juacontecimentos.com.br\/site\/wp-content\/uploads\/2026\/09\/IMG_20260903_185350-scaled.jpg","datePublished":"2026-09-03T23:53:02+00:00","dateModified":"2026-09-04T00:13:18+00:00","breadcrumb":{"@id":"https:\/\/juacontecimentos.com.br\/site\/bruno-peixoto-e-issy-quinan-recebem-apoio-publico-do-prefeito-de-urutai-para-eleicoes-de-2026\/#breadcrumb"},"inLanguage":"pt-BR","potentialAction":[{"@type":"ReadAction","target":["https:\/\/juacontecimentos.com.br\/site\/bruno-peixoto-e-issy-quinan-recebem-apoio-publico-do-prefeito-de-urutai-para-eleicoes-de-2026\/"]}]},{"@type":"ImageObject","inLanguage":"pt-BR","@id":"https:\/\/juacontecimentos.com.br\/site\/bruno-peixoto-e-issy-quinan-recebem-apoio-publico-do-prefeito-de-urutai-para-eleicoes-de-2026\/#primaryimage","url":"https:\/\/juacontecimentos.com.br\/site\/wp-content\/uploads\/2026\/09\/IMG_20260903_185350-scaled.jpg","contentUrl":"https:\/\/juacontecimentos.com.br\/site\/wp-content\/uploads\/2026\/09\/IMG_20260903_185350-scaled.jpg","width":2560,"height":1444},{"@type":"BreadcrumbList","@id":"https:\/\/juacontecimentos.com.br\/site\/bruno-peixoto-e-issy-quinan-recebem-apoio-publico-do-prefeito-de-urutai-para-eleicoes-de-2026\/#breadcrumb","itemListElement":[{"@type":"ListItem","position":1,"name":"In\u00edcio","item":"https:\/\/juacontecimentos.com.br\/site\/"},{"@type":"ListItem","position":2,"name":"Bruno Peixoto e Issy Quinan recebem apoio p\u00fablico do prefeito de Uruta\u00ed para elei\u00e7\u00f5es de 2026"}]},{"@type":"WebSite","@id":"https:\/\/juacontecimentos.com.br\/site\/#website","url":"https:\/\/juacontecimentos.com.br\/site\/","name":"Jornal Ultimos Acontecimentos","description":"Catal\u00e3o e regi\u00e3o","publisher":{"@id":"https:\/\/juacontecimentos.com.br\/site\/#organization"},"potentialAction":[{"@type":"SearchAction","target":{"@type":"EntryPoint","urlTemplate":"https:\/\/juacontecimentos.com.br\/site\/?s={search_term_string}"},"query-input":{"@type":"PropertyValueSpecification","valueRequired":true,"valueName":"search_term_string"}}],"inLanguage":"pt-BR"},{"@type":"Organization","@id":"https:\/\/juacontecimentos.com.br\/site\/#organization","name":"Jornal Ultimos Acontecimentos","url":"https:\/\/juacontecimentos.com.br\/site\/","logo":{"@type":"ImageObject","inLanguage":"pt-BR","@id":"https:\/\/juacontecimentos.com.br\/site\/#\/schema\/logo\/image\/","url":"https:\/\/juacontecimentos.com.br\/site\/wp-content\/uploads\/2023\/04\/Logo_Site.png","contentUrl":"https:\/\/juacontecimentos.com.br\/site\/wp-content\/uploads\/2023\/04\/Logo_Site.png","width":2476,"height":530,"caption":"Jornal Ultimos Acontecimentos"},"image":{"@id":"https:\/\/juacontecimentos.com.br\/site\/#\/schema\/logo\/image\/"},"sameAs":["https:\/\/www.facebook.com\/jultimosacontecimentos\/"]},{"@type":"Person","@id":"https:\/\/juacontecimentos.com.br\/site\/#\/schema\/person\/082a54e6d3fdd7a633291428521c9669","name":"Reginaldo Ribeiro","image":{"@type":"ImageObject","inLanguage":"pt-BR","@id":"https:\/\/juacontecimentos.com.br\/site\/#\/schema\/person\/image\/","url":"https:\/\/secure.gravatar.com\/avatar\/5c16c6837c3490270a74d888c2a845728f06bdde1f8761de1de1d1d1ef82d12f?s=96&d=mm&r=g","contentUrl":"https:\/\/secure.gravatar.com\/avatar\/5c16c6837c3490270a74d888c2a845728f06bdde1f8761de1de1d1d1ef82d12f?s=96&d=mm&r=g","caption":"Reginaldo Ribeiro"}}]}},"_links":{"self":[{"href":"https:\/\/juacontecimentos.com.br\/site\/wp-json\/wp\/v2\/posts\/52036","targetHints":{"allow":["GET"]}}],"collection":[{"href":"https:\/\/juacontecimentos.com.br\/site\/wp-json\/wp\/v2\/posts"}],"about":[{"href":"https:\/\/juacontecimentos.com.br\/site\/wp-json\/wp\/v2\/types\/post"}],"author":[{"embeddable":true,"href":"https:\/\/juacontecimentos.com.br\/site\/wp-json\/wp\/v2\/users\/2"}],"replies":[{"embeddable":true,"href":"https:\/\/juacontecimentos.com.br\/site\/wp-json\/wp\/v2\/comments?post=52036"}],"version-history":[{"count":5,"href":"https:\/\/juacontecimentos.com.br\/site\/wp-json\/wp\/v2\/posts\/52036\/revisions"}],"predecessor-version":[{"id":52052,"href":"https:\/\/juacontecimentos.com.br\/site\/wp-json\/wp\/v2\/posts\/52036\/revisions\/52052"}],"wp:featuredmedia":[{"embeddable":true,"href":"https:\/\/juacontecimentos.com.br\/site\/wp-json\/wp\/v2\/media\/52038"}],"wp:attachment":[{"href":"https:\/\/juacontecimentos.com.br\/site\/wp-json\/wp\/v2\/media?parent=52036"}],"wp:term":[{"taxonomy":"category","embeddable":true,"href":"https:\/\/juacontecimentos.com.br\/site\/wp-json\/wp\/v2\/categories?post=52036"},{"taxonomy":"post_tag","embeddable":true,"href":"https:\/\/juacontecimentos.com.br\/site\/wp-json\/wp\/v2\/tags?post=52036"}],"curies":[{"name":"wp","href":"https:\/\/api.w.org\/{rel}","templated":true}]}}