{"id":5349,"date":"2019-01-16T09:35:28","date_gmt":"2019-01-16T11:35:28","guid":{"rendered":"http:\/\/juacontecimentos.com.br\/site\/?p=5349"},"modified":"2019-01-16T09:35:28","modified_gmt":"2019-01-16T11:35:28","slug":"interesse-por-armas-cresce-mas-preco-assusta","status":"publish","type":"post","link":"https:\/\/juacontecimentos.com.br\/site\/interesse-por-armas-cresce-mas-preco-assusta\/","title":{"rendered":"Interesse por armas cresce, mas pre\u00e7o assusta"},"content":{"rendered":"<h3>Com\u00e9rcio diz que clientes aguardavam decreto assinado por Bolsonaro.<\/h3>\n<p>Em lojas de armas, propriet\u00e1rios relatam aumento de interesse das pessoas pelo equipamento nas \u00faltimas semanas, mas n\u00e3o de venda: estavam todas esperando o decreto assinado nesta ter\u00e7a-feira, 15, pelo presidente Jair Bolsonaro.<\/p>\n<p>&#8220;O cliente quer comprar j\u00e1 com as novas medidas&#8221;, disse na ter\u00e7a Nilton Oliveira, dono de uma loja no centro de S\u00e3o Paulo, que n\u00e3o vendeu nenhuma arma no \u00faltimo m\u00eas. Segundo ele, seu estabelecimento atende basicamente dois perfis de clientes: esportistas do clube de tiro e interessados em defender a pr\u00f3pria casa. &#8220;O primeiro que perguntam \u00e9 qual \u00e9 a documenta\u00e7\u00e3o necess\u00e1ria. Chegam sabendo que n\u00e3o \u00e9 t\u00e3o f\u00e1cil&#8221;, diz ele, que n\u00e3o tem armas na loja. &#8220;S\u00f3 vendo sob demanda.&#8221;<\/p>\n<p>Dona de uma loja de armas h\u00e1 30 anos, Vera Ratti defende o decreto, mas conta que esperava libera\u00e7\u00e3o do porte &#8211; a possibilidade de andar armado -, e n\u00e3o s\u00f3 a posse. &#8220;Precisamos que protejam nosso direito de ir e vir. \u00c9 um direito que queremos, de tentar nos defender.&#8221;<\/p>\n<p>Ela acredita que, por enquanto, n\u00e3o haver\u00e1 mudan\u00e7as no mercado. Por ser um bem caro, diz, n\u00e3o \u00e9 t\u00e3o simples adquiri-lo. Em sua loja, uma pistola custa em m\u00e9dia R$ 7 mil. &#8220;N\u00e3o \u00e9 como geladeira, que voc\u00ea parcela.&#8221;<\/p>\n<p>Wallacy Jacomine, dono de loja em Campos de Goytacazes (RJ), prev\u00ea alta de 20% nas vendas. &#8220;N\u00e3o ser\u00e1 maior porque n\u00e3o \u00e9 barato. O perfil do interessado tamb\u00e9m n\u00e3o deve mudar. S\u00e3o empres\u00e1rios, comerciantes.&#8221;<\/p>\n<p>Cliente de Oliveira, o PM aposentado Joaquim Celestino, de 74 anos, diz ter percebido aumento de interesse de conhecidos e amigos que n\u00e3o s\u00e3o policiais. &#8220;Tenho um conhecido dono de padaria. Depois de ser assaltado muitas vezes, foi obrigado a comprar arma. Falei para ele instalar c\u00e2mera e chamar a pol\u00edcia em caso de assalto. Por que fazer besteira e matar, se a pol\u00edcia d\u00e1 jeito nisso?&#8221;, perguntou.<br \/>\n<\/p>\n","protected":false},"excerpt":{"rendered":"<p>Com\u00e9rcio diz que clientes aguardavam decreto assinado por Bolsonaro. Em lojas de armas, propriet\u00e1rios relatam aumento de interesse das pessoas pelo equipamento nas \u00faltimas semanas, mas n\u00e3o de venda: estavam todas esperando o decreto assinado nesta ter\u00e7a-feira, 15, pelo presidente Jair Bolsonaro. &#8220;O cliente quer comprar j\u00e1 com as novas medidas&#8221;, disse na ter\u00e7a Nilton<\/p>\n","protected":false},"author":2,"featured_media":5350,"comment_status":"open","ping_status":"open","sticky":false,"template":"","format":"standard","meta":{"footnotes":""},"categories":[27,22,26,23],"tags":[],"class_list":["post-5349","post","type-post","status-publish","format-standard","has-post-thumbnail","hentry","category-brasil","category-catalao","category-destaque","category-goias"],"yoast_head":"<!-- This site is optimized with the Yoast SEO plugin v25.8 - https:\/\/yoast.com\/wordpress\/plugins\/seo\/ -->\n<title>Interesse por armas cresce, mas pre\u00e7o assusta - Jornal Ultimos Acontecimentos<\/title>\n<meta name=\"robots\" content=\"index, follow, max-snippet:-1, max-image-preview:large, max-video-preview:-1\" \/>\n<link rel=\"canonical\" href=\"https:\/\/juacontecimentos.com.br\/site\/interesse-por-armas-cresce-mas-preco-assusta\/\" \/>\n<meta property=\"og:locale\" content=\"pt_BR\" \/>\n<meta property=\"og:type\" content=\"article\" \/>\n<meta property=\"og:title\" content=\"Interesse por armas cresce, mas pre\u00e7o assusta - Jornal Ultimos Acontecimentos\" \/>\n<meta property=\"og:description\" content=\"Com\u00e9rcio diz que clientes aguardavam decreto assinado por Bolsonaro. Em lojas de armas, propriet\u00e1rios relatam aumento de interesse das pessoas pelo equipamento nas \u00faltimas semanas, mas n\u00e3o de venda: estavam todas esperando o decreto assinado nesta ter\u00e7a-feira, 15, pelo presidente Jair Bolsonaro. &#8220;O cliente quer comprar j\u00e1 com as novas medidas&#8221;, disse na ter\u00e7a Nilton\" \/>\n<meta property=\"og:url\" content=\"https:\/\/juacontecimentos.com.br\/site\/interesse-por-armas-cresce-mas-preco-assusta\/\" \/>\n<meta property=\"og:site_name\" content=\"Jornal Ultimos Acontecimentos\" \/>\n<meta property=\"article:publisher\" content=\"https:\/\/www.facebook.com\/jultimosacontecimentos\/\" \/>\n<meta property=\"article:published_time\" content=\"2019-01-16T11:35:28+00:00\" \/>\n<meta property=\"og:image\" content=\"https:\/\/juacontecimentos.com.br\/site\/wp-content\/uploads\/2019\/01\/image-1.jpg\" \/>\n\t<meta property=\"og:image:width\" content=\"800\" \/>\n\t<meta property=\"og:image:height\" content=\"533\" \/>\n\t<meta property=\"og:image:type\" content=\"image\/jpeg\" \/>\n<meta name=\"author\" content=\"Reginaldo Ribeiro\" \/>\n<meta name=\"twitter:card\" content=\"summary_large_image\" \/>\n<meta name=\"twitter:label1\" content=\"Escrito por\" \/>\n\t<meta name=\"twitter:data1\" content=\"Reginaldo Ribeiro\" \/>\n\t<meta name=\"twitter:label2\" content=\"Est. tempo de leitura\" \/>\n\t<meta name=\"twitter:data2\" content=\"2 minutos\" \/>\n<script type=\"application\/ld+json\" class=\"yoast-schema-graph\">{\"@context\":\"https:\/\/schema.org\",\"@graph\":[{\"@type\":\"Article\",\"@id\":\"https:\/\/juacontecimentos.com.br\/site\/interesse-por-armas-cresce-mas-preco-assusta\/#article\",\"isPartOf\":{\"@id\":\"https:\/\/juacontecimentos.com.br\/site\/interesse-por-armas-cresce-mas-preco-assusta\/\"},\"author\":{\"name\":\"Reginaldo Ribeiro\",\"@id\":\"https:\/\/juacontecimentos.com.br\/site\/#\/schema\/person\/082a54e6d3fdd7a633291428521c9669\"},\"headline\":\"Interesse por armas cresce, mas pre\u00e7o assusta\",\"datePublished\":\"2019-01-16T11:35:28+00:00\",\"mainEntityOfPage\":{\"@id\":\"https:\/\/juacontecimentos.com.br\/site\/interesse-por-armas-cresce-mas-preco-assusta\/\"},\"wordCount\":346,\"commentCount\":0,\"publisher\":{\"@id\":\"https:\/\/juacontecimentos.com.br\/site\/#organization\"},\"image\":{\"@id\":\"https:\/\/juacontecimentos.com.br\/site\/interesse-por-armas-cresce-mas-preco-assusta\/#primaryimage\"},\"thumbnailUrl\":\"https:\/\/juacontecimentos.com.br\/site\/wp-content\/uploads\/2019\/01\/image-1.jpg\",\"articleSection\":[\"Brasil\",\"Catal\u00e3o\",\"Destaque\",\"Goi\u00e1s\"],\"inLanguage\":\"pt-BR\"},{\"@type\":\"WebPage\",\"@id\":\"https:\/\/juacontecimentos.com.br\/site\/interesse-por-armas-cresce-mas-preco-assusta\/\",\"url\":\"https:\/\/juacontecimentos.com.br\/site\/interesse-por-armas-cresce-mas-preco-assusta\/\",\"name\":\"Interesse por armas cresce, mas pre\u00e7o assusta - Jornal Ultimos Acontecimentos\",\"isPartOf\":{\"@id\":\"https:\/\/juacontecimentos.com.br\/site\/#website\"},\"primaryImageOfPage\":{\"@id\":\"https:\/\/juacontecimentos.com.br\/site\/interesse-por-armas-cresce-mas-preco-assusta\/#primaryimage\"},\"image\":{\"@id\":\"https:\/\/juacontecimentos.com.br\/site\/interesse-por-armas-cresce-mas-preco-assusta\/#primaryimage\"},\"thumbnailUrl\":\"https:\/\/juacontecimentos.com.br\/site\/wp-content\/uploads\/2019\/01\/image-1.jpg\",\"datePublished\":\"2019-01-16T11:35:28+00:00\",\"breadcrumb\":{\"@id\":\"https:\/\/juacontecimentos.com.br\/site\/interesse-por-armas-cresce-mas-preco-assusta\/#breadcrumb\"},\"inLanguage\":\"pt-BR\",\"potentialAction\":[{\"@type\":\"ReadAction\",\"target\":[\"https:\/\/juacontecimentos.com.br\/site\/interesse-por-armas-cresce-mas-preco-assusta\/\"]}]},{\"@type\":\"ImageObject\",\"inLanguage\":\"pt-BR\",\"@id\":\"https:\/\/juacontecimentos.com.br\/site\/interesse-por-armas-cresce-mas-preco-assusta\/#primaryimage\",\"url\":\"https:\/\/juacontecimentos.com.br\/site\/wp-content\/uploads\/2019\/01\/image-1.jpg\",\"contentUrl\":\"https:\/\/juacontecimentos.com.br\/site\/wp-content\/uploads\/2019\/01\/image-1.jpg\",\"width\":800,\"height\":533},{\"@type\":\"BreadcrumbList\",\"@id\":\"https:\/\/juacontecimentos.com.br\/site\/interesse-por-armas-cresce-mas-preco-assusta\/#breadcrumb\",\"itemListElement\":[{\"@type\":\"ListItem\",\"position\":1,\"name\":\"In\u00edcio\",\"item\":\"https:\/\/juacontecimentos.com.br\/site\/\"},{\"@type\":\"ListItem\",\"position\":2,\"name\":\"Interesse por armas cresce, mas pre\u00e7o assusta\"}]},{\"@type\":\"WebSite\",\"@id\":\"https:\/\/juacontecimentos.com.br\/site\/#website\",\"url\":\"https:\/\/juacontecimentos.com.br\/site\/\",\"name\":\"Jornal Ultimos Acontecimentos\",\"description\":\"Catal\u00e3o e regi\u00e3o\",\"publisher\":{\"@id\":\"https:\/\/juacontecimentos.com.br\/site\/#organization\"},\"potentialAction\":[{\"@type\":\"SearchAction\",\"target\":{\"@type\":\"EntryPoint\",\"urlTemplate\":\"https:\/\/juacontecimentos.com.br\/site\/?s={search_term_string}\"},\"query-input\":{\"@type\":\"PropertyValueSpecification\",\"valueRequired\":true,\"valueName\":\"search_term_string\"}}],\"inLanguage\":\"pt-BR\"},{\"@type\":\"Organization\",\"@id\":\"https:\/\/juacontecimentos.com.br\/site\/#organization\",\"name\":\"Jornal Ultimos Acontecimentos\",\"url\":\"https:\/\/juacontecimentos.com.br\/site\/\",\"logo\":{\"@type\":\"ImageObject\",\"inLanguage\":\"pt-BR\",\"@id\":\"https:\/\/juacontecimentos.com.br\/site\/#\/schema\/logo\/image\/\",\"url\":\"https:\/\/juacontecimentos.com.br\/site\/wp-content\/uploads\/2023\/04\/Logo_Site.png\",\"contentUrl\":\"https:\/\/juacontecimentos.com.br\/site\/wp-content\/uploads\/2023\/04\/Logo_Site.png\",\"width\":2476,\"height\":530,\"caption\":\"Jornal Ultimos Acontecimentos\"},\"image\":{\"@id\":\"https:\/\/juacontecimentos.com.br\/site\/#\/schema\/logo\/image\/\"},\"sameAs\":[\"https:\/\/www.facebook.com\/jultimosacontecimentos\/\"]},{\"@type\":\"Person\",\"@id\":\"https:\/\/juacontecimentos.com.br\/site\/#\/schema\/person\/082a54e6d3fdd7a633291428521c9669\",\"name\":\"Reginaldo Ribeiro\",\"image\":{\"@type\":\"ImageObject\",\"inLanguage\":\"pt-BR\",\"@id\":\"https:\/\/juacontecimentos.com.br\/site\/#\/schema\/person\/image\/\",\"url\":\"https:\/\/secure.gravatar.com\/avatar\/5c16c6837c3490270a74d888c2a845728f06bdde1f8761de1de1d1d1ef82d12f?s=96&d=mm&r=g\",\"contentUrl\":\"https:\/\/secure.gravatar.com\/avatar\/5c16c6837c3490270a74d888c2a845728f06bdde1f8761de1de1d1d1ef82d12f?s=96&d=mm&r=g\",\"caption\":\"Reginaldo Ribeiro\"}}]}<\/script>\n<!-- \/ Yoast SEO plugin. -->","yoast_head_json":{"title":"Interesse por armas cresce, mas pre\u00e7o assusta - Jornal Ultimos Acontecimentos","robots":{"index":"index","follow":"follow","max-snippet":"max-snippet:-1","max-image-preview":"max-image-preview:large","max-video-preview":"max-video-preview:-1"},"canonical":"https:\/\/juacontecimentos.com.br\/site\/interesse-por-armas-cresce-mas-preco-assusta\/","og_locale":"pt_BR","og_type":"article","og_title":"Interesse por armas cresce, mas pre\u00e7o assusta - Jornal Ultimos Acontecimentos","og_description":"Com\u00e9rcio diz que clientes aguardavam decreto assinado por Bolsonaro. Em lojas de armas, propriet\u00e1rios relatam aumento de interesse das pessoas pelo equipamento nas \u00faltimas semanas, mas n\u00e3o de venda: estavam todas esperando o decreto assinado nesta ter\u00e7a-feira, 15, pelo presidente Jair Bolsonaro. &#8220;O cliente quer comprar j\u00e1 com as novas medidas&#8221;, disse na ter\u00e7a Nilton","og_url":"https:\/\/juacontecimentos.com.br\/site\/interesse-por-armas-cresce-mas-preco-assusta\/","og_site_name":"Jornal Ultimos Acontecimentos","article_publisher":"https:\/\/www.facebook.com\/jultimosacontecimentos\/","article_published_time":"2019-01-16T11:35:28+00:00","og_image":[{"width":800,"height":533,"url":"https:\/\/juacontecimentos.com.br\/site\/wp-content\/uploads\/2019\/01\/image-1.jpg","type":"image\/jpeg"}],"author":"Reginaldo Ribeiro","twitter_card":"summary_large_image","twitter_misc":{"Escrito por":"Reginaldo Ribeiro","Est. tempo de leitura":"2 minutos"},"schema":{"@context":"https:\/\/schema.org","@graph":[{"@type":"Article","@id":"https:\/\/juacontecimentos.com.br\/site\/interesse-por-armas-cresce-mas-preco-assusta\/#article","isPartOf":{"@id":"https:\/\/juacontecimentos.com.br\/site\/interesse-por-armas-cresce-mas-preco-assusta\/"},"author":{"name":"Reginaldo Ribeiro","@id":"https:\/\/juacontecimentos.com.br\/site\/#\/schema\/person\/082a54e6d3fdd7a633291428521c9669"},"headline":"Interesse por armas cresce, mas pre\u00e7o assusta","datePublished":"2019-01-16T11:35:28+00:00","mainEntityOfPage":{"@id":"https:\/\/juacontecimentos.com.br\/site\/interesse-por-armas-cresce-mas-preco-assusta\/"},"wordCount":346,"commentCount":0,"publisher":{"@id":"https:\/\/juacontecimentos.com.br\/site\/#organization"},"image":{"@id":"https:\/\/juacontecimentos.com.br\/site\/interesse-por-armas-cresce-mas-preco-assusta\/#primaryimage"},"thumbnailUrl":"https:\/\/juacontecimentos.com.br\/site\/wp-content\/uploads\/2019\/01\/image-1.jpg","articleSection":["Brasil","Catal\u00e3o","Destaque","Goi\u00e1s"],"inLanguage":"pt-BR"},{"@type":"WebPage","@id":"https:\/\/juacontecimentos.com.br\/site\/interesse-por-armas-cresce-mas-preco-assusta\/","url":"https:\/\/juacontecimentos.com.br\/site\/interesse-por-armas-cresce-mas-preco-assusta\/","name":"Interesse por armas cresce, mas pre\u00e7o assusta - Jornal Ultimos Acontecimentos","isPartOf":{"@id":"https:\/\/juacontecimentos.com.br\/site\/#website"},"primaryImageOfPage":{"@id":"https:\/\/juacontecimentos.com.br\/site\/interesse-por-armas-cresce-mas-preco-assusta\/#primaryimage"},"image":{"@id":"https:\/\/juacontecimentos.com.br\/site\/interesse-por-armas-cresce-mas-preco-assusta\/#primaryimage"},"thumbnailUrl":"https:\/\/juacontecimentos.com.br\/site\/wp-content\/uploads\/2019\/01\/image-1.jpg","datePublished":"2019-01-16T11:35:28+00:00","breadcrumb":{"@id":"https:\/\/juacontecimentos.com.br\/site\/interesse-por-armas-cresce-mas-preco-assusta\/#breadcrumb"},"inLanguage":"pt-BR","potentialAction":[{"@type":"ReadAction","target":["https:\/\/juacontecimentos.com.br\/site\/interesse-por-armas-cresce-mas-preco-assusta\/"]}]},{"@type":"ImageObject","inLanguage":"pt-BR","@id":"https:\/\/juacontecimentos.com.br\/site\/interesse-por-armas-cresce-mas-preco-assusta\/#primaryimage","url":"https:\/\/juacontecimentos.com.br\/site\/wp-content\/uploads\/2019\/01\/image-1.jpg","contentUrl":"https:\/\/juacontecimentos.com.br\/site\/wp-content\/uploads\/2019\/01\/image-1.jpg","width":800,"height":533},{"@type":"BreadcrumbList","@id":"https:\/\/juacontecimentos.com.br\/site\/interesse-por-armas-cresce-mas-preco-assusta\/#breadcrumb","itemListElement":[{"@type":"ListItem","position":1,"name":"In\u00edcio","item":"https:\/\/juacontecimentos.com.br\/site\/"},{"@type":"ListItem","position":2,"name":"Interesse por armas cresce, mas pre\u00e7o assusta"}]},{"@type":"WebSite","@id":"https:\/\/juacontecimentos.com.br\/site\/#website","url":"https:\/\/juacontecimentos.com.br\/site\/","name":"Jornal Ultimos Acontecimentos","description":"Catal\u00e3o e regi\u00e3o","publisher":{"@id":"https:\/\/juacontecimentos.com.br\/site\/#organization"},"potentialAction":[{"@type":"SearchAction","target":{"@type":"EntryPoint","urlTemplate":"https:\/\/juacontecimentos.com.br\/site\/?s={search_term_string}"},"query-input":{"@type":"PropertyValueSpecification","valueRequired":true,"valueName":"search_term_string"}}],"inLanguage":"pt-BR"},{"@type":"Organization","@id":"https:\/\/juacontecimentos.com.br\/site\/#organization","name":"Jornal Ultimos Acontecimentos","url":"https:\/\/juacontecimentos.com.br\/site\/","logo":{"@type":"ImageObject","inLanguage":"pt-BR","@id":"https:\/\/juacontecimentos.com.br\/site\/#\/schema\/logo\/image\/","url":"https:\/\/juacontecimentos.com.br\/site\/wp-content\/uploads\/2023\/04\/Logo_Site.png","contentUrl":"https:\/\/juacontecimentos.com.br\/site\/wp-content\/uploads\/2023\/04\/Logo_Site.png","width":2476,"height":530,"caption":"Jornal Ultimos Acontecimentos"},"image":{"@id":"https:\/\/juacontecimentos.com.br\/site\/#\/schema\/logo\/image\/"},"sameAs":["https:\/\/www.facebook.com\/jultimosacontecimentos\/"]},{"@type":"Person","@id":"https:\/\/juacontecimentos.com.br\/site\/#\/schema\/person\/082a54e6d3fdd7a633291428521c9669","name":"Reginaldo Ribeiro","image":{"@type":"ImageObject","inLanguage":"pt-BR","@id":"https:\/\/juacontecimentos.com.br\/site\/#\/schema\/person\/image\/","url":"https:\/\/secure.gravatar.com\/avatar\/5c16c6837c3490270a74d888c2a845728f06bdde1f8761de1de1d1d1ef82d12f?s=96&d=mm&r=g","contentUrl":"https:\/\/secure.gravatar.com\/avatar\/5c16c6837c3490270a74d888c2a845728f06bdde1f8761de1de1d1d1ef82d12f?s=96&d=mm&r=g","caption":"Reginaldo Ribeiro"}}]}},"_links":{"self":[{"href":"https:\/\/juacontecimentos.com.br\/site\/wp-json\/wp\/v2\/posts\/5349","targetHints":{"allow":["GET"]}}],"collection":[{"href":"https:\/\/juacontecimentos.com.br\/site\/wp-json\/wp\/v2\/posts"}],"about":[{"href":"https:\/\/juacontecimentos.com.br\/site\/wp-json\/wp\/v2\/types\/post"}],"author":[{"embeddable":true,"href":"https:\/\/juacontecimentos.com.br\/site\/wp-json\/wp\/v2\/users\/2"}],"replies":[{"embeddable":true,"href":"https:\/\/juacontecimentos.com.br\/site\/wp-json\/wp\/v2\/comments?post=5349"}],"version-history":[{"count":1,"href":"https:\/\/juacontecimentos.com.br\/site\/wp-json\/wp\/v2\/posts\/5349\/revisions"}],"predecessor-version":[{"id":5351,"href":"https:\/\/juacontecimentos.com.br\/site\/wp-json\/wp\/v2\/posts\/5349\/revisions\/5351"}],"wp:featuredmedia":[{"embeddable":true,"href":"https:\/\/juacontecimentos.com.br\/site\/wp-json\/wp\/v2\/media\/5350"}],"wp:attachment":[{"href":"https:\/\/juacontecimentos.com.br\/site\/wp-json\/wp\/v2\/media?parent=5349"}],"wp:term":[{"taxonomy":"category","embeddable":true,"href":"https:\/\/juacontecimentos.com.br\/site\/wp-json\/wp\/v2\/categories?post=5349"},{"taxonomy":"post_tag","embeddable":true,"href":"https:\/\/juacontecimentos.com.br\/site\/wp-json\/wp\/v2\/tags?post=5349"}],"curies":[{"name":"wp","href":"https:\/\/api.w.org\/{rel}","templated":true}]}}