{"id":5368,"date":"2019-01-17T05:50:31","date_gmt":"2019-01-17T07:50:31","guid":{"rendered":"http:\/\/juacontecimentos.com.br\/site\/?p=5368"},"modified":"2019-01-17T05:50:31","modified_gmt":"2019-01-17T07:50:31","slug":"governo-recontrata-comissionados","status":"publish","type":"post","link":"https:\/\/juacontecimentos.com.br\/site\/governo-recontrata-comissionados\/","title":{"rendered":"Governo recontrata comissionados"},"content":{"rendered":"<div class=\"columnist-content show-sm margin-top\">\n<div class=\"flex flex-row v--center\">\n<div class=\"columnist-info v--start\">\n<h3>Larissa Quixabeira<\/h3>\n<\/div>\n<\/div>\n<\/div>\n<div class=\"article-text\">\n<p class=\"TEXTO\">Um dos primeiros atos de governo de Ronaldo Caiado (DEM) no comando do Estado de Goi\u00e1s foi a exonera\u00e7\u00e3o de todos os funcion\u00e1rios comissionados da administra\u00e7\u00e3o direta, aut\u00e1rquica e fundacional do Poder Executivo, logo no dia 2 de janeiro, o que resultou em cerca de 5 mil dispensas. Desde ent\u00e3o, por\u00e9m, 750 destes servidores j\u00e1 retornaram ao posto que ocupavam no governo anterior.<\/p>\n<p class=\"TEXTO\">Foram diversos decretos ao longo dos \u00faltimos dias reconvocando funcion\u00e1rios, especialmente do terceiro e quarto escal\u00f5es, para retomarem as fun\u00e7\u00f5es com o objetivo principal de manter a m\u00e1quina p\u00fablica em funcionamento. Esses servidores tiveram a exonera\u00e7\u00e3o suspensa at\u00e9 o dia 28 de fevereiro.<\/p>\n<p class=\"TEXTO\">O secret\u00e1rio de Gest\u00e3o e Planejamento (Segplan), Pedro Sales, explica que o prazo serve at\u00e9 para que cada secret\u00e1rio possa avaliar o trabalho desses servidores que foram recolocados. \u201cMuitos desses servidores integram unidades estrat\u00e9gicas que n\u00e3o podem ter o funcionamento interrompido at\u00e9 que o governo fa\u00e7a todas as nomea\u00e7\u00f5es necess\u00e1rias. Mas essas nomea\u00e7\u00f5es s\u00e3o com um prazo, at\u00e9 mesmo para que a nova administra\u00e7\u00e3o possa acompanhar o desempenho e o trabalho desses funcion\u00e1rios.\u201d<\/p>\n<p class=\"TEXTO\">A avalia\u00e7\u00e3o \u00e9 de que nem todos os cargos s\u00e3o ocupados por indica\u00e7\u00f5es estritamente pol\u00edticas, o que indica que nem todos devem ser exonerados depois que passar o prazo.<\/p>\n<p class=\"TEXTO\">Entre os cargos reconvocados est\u00e3o assessores, assistentes de gabinete, assessores especiais, supervisores regionais, gerentes e tamb\u00e9m alguns chefes de n\u00facleo. Apenas tr\u00eas integrantes do segundo escal\u00e3o s\u00e3o da gest\u00e3o anterior. Convocaram superintendentes que j\u00e1 estavam no cargo anteriormente as secretarias da Fazenda (Sefaz), da Educa\u00e7\u00e3o, Cultura e Esporte (Seduce) e de Meio Ambiente, Recursos H\u00eddricos, Infraestrutura, Cidades e Assuntos Metropolitanos (Secima).<\/p>\n<p class=\"TEXTO\">Segundo o secret\u00e1rio da Casa Civil, Anderson M\u00e1ximo, as revoga\u00e7\u00f5es de exonera\u00e7\u00e3o s\u00e3o decis\u00f5es de cada secret\u00e1rio. \u201cO objetivo \u00e9 evitar qualquer descontinuidade neste momento. O governador tem refor\u00e7ado junto aos secret\u00e1rios cautela nas nomea\u00e7\u00f5es. Esses servidores que est\u00e3o voltando at\u00e9 o dia 28 de fevereiro \u00e9 porque s\u00e3o considerados, pelos respons\u00e1veis de cada pasta, imprescind\u00edveis para o funcionamento do governo.<\/p>\n<p class=\"TEXTO\">Chamaram funcion\u00e1rios de volta a Procuradoria-Geral do Estado (PGE), a Controladoria-Geral do Estado (CGE), bem como 11 secretarias e 5 \u00f3rg\u00e3os da administra\u00e7\u00e3o indireta.<\/p>\n<p class=\"TEXTO\"><span class=\"TEXTO_MC1\"><span class=\"\"><b class=\"\">Gest\u00e3o e Planejamento<\/b><\/span><\/span><\/p>\n<p class=\"TEXTO\">De longe, a que mais chamou funcion\u00e1rios da administra\u00e7\u00e3o passada foi a Secretaria de Gest\u00e3o e Planejamento (Segplan), com 430. O Departamento Estadual de Tr\u00e2nsito de Goi\u00e1s (Detran), convocou 170 supervisores regionais para atua\u00e7\u00e3o em diversas cidades do Estado. A Secretaria da Fazenda (Sefaz) chamou 32 funcion\u00e1rios de volta; a PGE, 30; a Secima, 20; e a Ag\u00eancia Goiana de Transporte e Obras (Agetop), 18.<\/p>\n<p class=\"TEXTO\">M\u00e1ximo explica que isso se deve \u00e0 abrang\u00eancia da pasta em setores estrat\u00e9gicos do governo. \u201cA Segplan vai passar por mudan\u00e7as profundas em breve, na reforma administrativa. Hoje a secretaria tem um aspecto muito grande, abrange todo o setor de Tecnologia da Informa\u00e7\u00e3o (TI), de gest\u00e3o de pessoas, a parte da folha de or\u00e7amento. Ent\u00e3o, s\u00e3o quest\u00f5es importantes para o funcionamento do Estado e que o secret\u00e1rio entendeu por bem reconvocar servidores at\u00e9 o dia 28 de fevereiro\u201d, concluiu.<\/p>\n<p class=\"TEXTO\"><span class=\"TEXTO_MC1\"><span class=\"\"><b class=\"\">Base aliada<\/b><\/span><\/span><\/p>\n<p class=\"TEXTO\">Nos bastidores, as convoca\u00e7\u00f5es t\u00eam provocado insatisfa\u00e7\u00e3o de alguns aliados do governador Ronaldo Caiado (DEM) que avaliam como negativa a coloca\u00e7\u00e3o de quadros dos governos Jos\u00e9 Eliton (PSDB) e Marconi Perillo (PSDB).<\/p>\n<p class=\"TEXTO\">O deputado federal eleito Jos\u00e9 Nelto (Podemos), por exemplo, diz que n\u00e3o h\u00e1 desconforto desde que os contratos sejam tempor\u00e1rios. \u201cSendo por um prazo de dois meses, acho que \u00e9 correto, at\u00e9 para que o governo tenha um prazo para nomear os companheiros de campanha que t\u00eam capacidade t\u00e9cnica para assumir postos no governo. Temos de entender tamb\u00e9m que muita gente pode ter servido a um outro governo, mas n\u00e3o tem liga\u00e7\u00e3o pol\u00edtica, e sim compet\u00eancia. N\u00e3o tem de partidarizar a administra\u00e7\u00e3o p\u00fablica, mas ver quem tem capacidade t\u00e9cnica\u201d, defendeu o deputado.<\/p>\n<p class=\"TEXTO\">Ele continuou dizendo que as nomea\u00e7\u00f5es s\u00e3o politicamente importantes para o grupo. \u201cO governador est\u00e1 com muita prud\u00eancia, mas sabe que tem de prestigiar a base. Temos elei\u00e7\u00f5es em 2020 e, se n\u00e3o prestigiar, n\u00e3o vamos eleger prefeitos e vereadores. Isso tem de ser trabalhado politicamente, n\u00e3o usando a m\u00e1quina em campanha, o que sou contr\u00e1rio, mas dando prest\u00edgio aos companheiros que estiveram conosco\u201d, concluiu.<\/p>\n<\/div>\n<p><\/p>\n","protected":false},"excerpt":{"rendered":"<p>Larissa Quixabeira Um dos primeiros atos de governo de Ronaldo Caiado (DEM) no comando do Estado de Goi\u00e1s foi a exonera\u00e7\u00e3o de todos os funcion\u00e1rios comissionados da administra\u00e7\u00e3o direta, aut\u00e1rquica e fundacional do Poder Executivo, logo no dia 2 de janeiro, o que resultou em cerca de 5 mil dispensas. Desde ent\u00e3o, por\u00e9m, 750 destes<\/p>\n","protected":false},"author":2,"featured_media":5369,"comment_status":"open","ping_status":"open","sticky":false,"template":"","format":"standard","meta":{"footnotes":""},"categories":[27,22,26,23],"tags":[],"class_list":["post-5368","post","type-post","status-publish","format-standard","has-post-thumbnail","hentry","category-brasil","category-catalao","category-destaque","category-goias"],"yoast_head":"<!-- This site is optimized with the Yoast SEO plugin v25.8 - https:\/\/yoast.com\/wordpress\/plugins\/seo\/ -->\n<title>Governo recontrata comissionados - Jornal Ultimos Acontecimentos<\/title>\n<meta name=\"robots\" content=\"index, follow, max-snippet:-1, max-image-preview:large, max-video-preview:-1\" \/>\n<link rel=\"canonical\" href=\"https:\/\/juacontecimentos.com.br\/site\/governo-recontrata-comissionados\/\" \/>\n<meta property=\"og:locale\" content=\"pt_BR\" \/>\n<meta property=\"og:type\" content=\"article\" \/>\n<meta property=\"og:title\" content=\"Governo recontrata comissionados - Jornal Ultimos Acontecimentos\" \/>\n<meta property=\"og:description\" content=\"Larissa Quixabeira Um dos primeiros atos de governo de Ronaldo Caiado (DEM) no comando do Estado de Goi\u00e1s foi a exonera\u00e7\u00e3o de todos os funcion\u00e1rios comissionados da administra\u00e7\u00e3o direta, aut\u00e1rquica e fundacional do Poder Executivo, logo no dia 2 de janeiro, o que resultou em cerca de 5 mil dispensas. Desde ent\u00e3o, por\u00e9m, 750 destes\" \/>\n<meta property=\"og:url\" content=\"https:\/\/juacontecimentos.com.br\/site\/governo-recontrata-comissionados\/\" \/>\n<meta property=\"og:site_name\" content=\"Jornal Ultimos Acontecimentos\" \/>\n<meta property=\"article:publisher\" content=\"https:\/\/www.facebook.com\/jultimosacontecimentos\/\" \/>\n<meta property=\"article:published_time\" content=\"2019-01-17T07:50:31+00:00\" \/>\n<meta property=\"og:image\" content=\"https:\/\/juacontecimentos.com.br\/site\/wp-content\/uploads\/2019\/01\/image-5.jpg\" \/>\n\t<meta property=\"og:image:width\" content=\"800\" \/>\n\t<meta property=\"og:image:height\" content=\"533\" \/>\n\t<meta property=\"og:image:type\" content=\"image\/jpeg\" \/>\n<meta name=\"author\" content=\"Reginaldo Ribeiro\" \/>\n<meta name=\"twitter:card\" content=\"summary_large_image\" \/>\n<meta name=\"twitter:label1\" content=\"Escrito por\" \/>\n\t<meta name=\"twitter:data1\" content=\"Reginaldo Ribeiro\" \/>\n\t<meta name=\"twitter:label2\" content=\"Est. tempo de leitura\" \/>\n\t<meta name=\"twitter:data2\" content=\"4 minutos\" \/>\n<script type=\"application\/ld+json\" class=\"yoast-schema-graph\">{\"@context\":\"https:\/\/schema.org\",\"@graph\":[{\"@type\":\"Article\",\"@id\":\"https:\/\/juacontecimentos.com.br\/site\/governo-recontrata-comissionados\/#article\",\"isPartOf\":{\"@id\":\"https:\/\/juacontecimentos.com.br\/site\/governo-recontrata-comissionados\/\"},\"author\":{\"name\":\"Reginaldo Ribeiro\",\"@id\":\"https:\/\/juacontecimentos.com.br\/site\/#\/schema\/person\/082a54e6d3fdd7a633291428521c9669\"},\"headline\":\"Governo recontrata comissionados\",\"datePublished\":\"2019-01-17T07:50:31+00:00\",\"mainEntityOfPage\":{\"@id\":\"https:\/\/juacontecimentos.com.br\/site\/governo-recontrata-comissionados\/\"},\"wordCount\":779,\"commentCount\":0,\"publisher\":{\"@id\":\"https:\/\/juacontecimentos.com.br\/site\/#organization\"},\"image\":{\"@id\":\"https:\/\/juacontecimentos.com.br\/site\/governo-recontrata-comissionados\/#primaryimage\"},\"thumbnailUrl\":\"https:\/\/juacontecimentos.com.br\/site\/wp-content\/uploads\/2019\/01\/image-5.jpg\",\"articleSection\":[\"Brasil\",\"Catal\u00e3o\",\"Destaque\",\"Goi\u00e1s\"],\"inLanguage\":\"pt-BR\"},{\"@type\":\"WebPage\",\"@id\":\"https:\/\/juacontecimentos.com.br\/site\/governo-recontrata-comissionados\/\",\"url\":\"https:\/\/juacontecimentos.com.br\/site\/governo-recontrata-comissionados\/\",\"name\":\"Governo recontrata comissionados - Jornal Ultimos Acontecimentos\",\"isPartOf\":{\"@id\":\"https:\/\/juacontecimentos.com.br\/site\/#website\"},\"primaryImageOfPage\":{\"@id\":\"https:\/\/juacontecimentos.com.br\/site\/governo-recontrata-comissionados\/#primaryimage\"},\"image\":{\"@id\":\"https:\/\/juacontecimentos.com.br\/site\/governo-recontrata-comissionados\/#primaryimage\"},\"thumbnailUrl\":\"https:\/\/juacontecimentos.com.br\/site\/wp-content\/uploads\/2019\/01\/image-5.jpg\",\"datePublished\":\"2019-01-17T07:50:31+00:00\",\"breadcrumb\":{\"@id\":\"https:\/\/juacontecimentos.com.br\/site\/governo-recontrata-comissionados\/#breadcrumb\"},\"inLanguage\":\"pt-BR\",\"potentialAction\":[{\"@type\":\"ReadAction\",\"target\":[\"https:\/\/juacontecimentos.com.br\/site\/governo-recontrata-comissionados\/\"]}]},{\"@type\":\"ImageObject\",\"inLanguage\":\"pt-BR\",\"@id\":\"https:\/\/juacontecimentos.com.br\/site\/governo-recontrata-comissionados\/#primaryimage\",\"url\":\"https:\/\/juacontecimentos.com.br\/site\/wp-content\/uploads\/2019\/01\/image-5.jpg\",\"contentUrl\":\"https:\/\/juacontecimentos.com.br\/site\/wp-content\/uploads\/2019\/01\/image-5.jpg\",\"width\":800,\"height\":533},{\"@type\":\"BreadcrumbList\",\"@id\":\"https:\/\/juacontecimentos.com.br\/site\/governo-recontrata-comissionados\/#breadcrumb\",\"itemListElement\":[{\"@type\":\"ListItem\",\"position\":1,\"name\":\"In\u00edcio\",\"item\":\"https:\/\/juacontecimentos.com.br\/site\/\"},{\"@type\":\"ListItem\",\"position\":2,\"name\":\"Governo recontrata comissionados\"}]},{\"@type\":\"WebSite\",\"@id\":\"https:\/\/juacontecimentos.com.br\/site\/#website\",\"url\":\"https:\/\/juacontecimentos.com.br\/site\/\",\"name\":\"Jornal Ultimos Acontecimentos\",\"description\":\"Catal\u00e3o e regi\u00e3o\",\"publisher\":{\"@id\":\"https:\/\/juacontecimentos.com.br\/site\/#organization\"},\"potentialAction\":[{\"@type\":\"SearchAction\",\"target\":{\"@type\":\"EntryPoint\",\"urlTemplate\":\"https:\/\/juacontecimentos.com.br\/site\/?s={search_term_string}\"},\"query-input\":{\"@type\":\"PropertyValueSpecification\",\"valueRequired\":true,\"valueName\":\"search_term_string\"}}],\"inLanguage\":\"pt-BR\"},{\"@type\":\"Organization\",\"@id\":\"https:\/\/juacontecimentos.com.br\/site\/#organization\",\"name\":\"Jornal Ultimos Acontecimentos\",\"url\":\"https:\/\/juacontecimentos.com.br\/site\/\",\"logo\":{\"@type\":\"ImageObject\",\"inLanguage\":\"pt-BR\",\"@id\":\"https:\/\/juacontecimentos.com.br\/site\/#\/schema\/logo\/image\/\",\"url\":\"https:\/\/juacontecimentos.com.br\/site\/wp-content\/uploads\/2023\/04\/Logo_Site.png\",\"contentUrl\":\"https:\/\/juacontecimentos.com.br\/site\/wp-content\/uploads\/2023\/04\/Logo_Site.png\",\"width\":2476,\"height\":530,\"caption\":\"Jornal Ultimos Acontecimentos\"},\"image\":{\"@id\":\"https:\/\/juacontecimentos.com.br\/site\/#\/schema\/logo\/image\/\"},\"sameAs\":[\"https:\/\/www.facebook.com\/jultimosacontecimentos\/\"]},{\"@type\":\"Person\",\"@id\":\"https:\/\/juacontecimentos.com.br\/site\/#\/schema\/person\/082a54e6d3fdd7a633291428521c9669\",\"name\":\"Reginaldo Ribeiro\",\"image\":{\"@type\":\"ImageObject\",\"inLanguage\":\"pt-BR\",\"@id\":\"https:\/\/juacontecimentos.com.br\/site\/#\/schema\/person\/image\/\",\"url\":\"https:\/\/secure.gravatar.com\/avatar\/5c16c6837c3490270a74d888c2a845728f06bdde1f8761de1de1d1d1ef82d12f?s=96&d=mm&r=g\",\"contentUrl\":\"https:\/\/secure.gravatar.com\/avatar\/5c16c6837c3490270a74d888c2a845728f06bdde1f8761de1de1d1d1ef82d12f?s=96&d=mm&r=g\",\"caption\":\"Reginaldo Ribeiro\"}}]}<\/script>\n<!-- \/ Yoast SEO plugin. -->","yoast_head_json":{"title":"Governo recontrata comissionados - Jornal Ultimos Acontecimentos","robots":{"index":"index","follow":"follow","max-snippet":"max-snippet:-1","max-image-preview":"max-image-preview:large","max-video-preview":"max-video-preview:-1"},"canonical":"https:\/\/juacontecimentos.com.br\/site\/governo-recontrata-comissionados\/","og_locale":"pt_BR","og_type":"article","og_title":"Governo recontrata comissionados - Jornal Ultimos Acontecimentos","og_description":"Larissa Quixabeira Um dos primeiros atos de governo de Ronaldo Caiado (DEM) no comando do Estado de Goi\u00e1s foi a exonera\u00e7\u00e3o de todos os funcion\u00e1rios comissionados da administra\u00e7\u00e3o direta, aut\u00e1rquica e fundacional do Poder Executivo, logo no dia 2 de janeiro, o que resultou em cerca de 5 mil dispensas. Desde ent\u00e3o, por\u00e9m, 750 destes","og_url":"https:\/\/juacontecimentos.com.br\/site\/governo-recontrata-comissionados\/","og_site_name":"Jornal Ultimos Acontecimentos","article_publisher":"https:\/\/www.facebook.com\/jultimosacontecimentos\/","article_published_time":"2019-01-17T07:50:31+00:00","og_image":[{"width":800,"height":533,"url":"https:\/\/juacontecimentos.com.br\/site\/wp-content\/uploads\/2019\/01\/image-5.jpg","type":"image\/jpeg"}],"author":"Reginaldo Ribeiro","twitter_card":"summary_large_image","twitter_misc":{"Escrito por":"Reginaldo Ribeiro","Est. tempo de leitura":"4 minutos"},"schema":{"@context":"https:\/\/schema.org","@graph":[{"@type":"Article","@id":"https:\/\/juacontecimentos.com.br\/site\/governo-recontrata-comissionados\/#article","isPartOf":{"@id":"https:\/\/juacontecimentos.com.br\/site\/governo-recontrata-comissionados\/"},"author":{"name":"Reginaldo Ribeiro","@id":"https:\/\/juacontecimentos.com.br\/site\/#\/schema\/person\/082a54e6d3fdd7a633291428521c9669"},"headline":"Governo recontrata comissionados","datePublished":"2019-01-17T07:50:31+00:00","mainEntityOfPage":{"@id":"https:\/\/juacontecimentos.com.br\/site\/governo-recontrata-comissionados\/"},"wordCount":779,"commentCount":0,"publisher":{"@id":"https:\/\/juacontecimentos.com.br\/site\/#organization"},"image":{"@id":"https:\/\/juacontecimentos.com.br\/site\/governo-recontrata-comissionados\/#primaryimage"},"thumbnailUrl":"https:\/\/juacontecimentos.com.br\/site\/wp-content\/uploads\/2019\/01\/image-5.jpg","articleSection":["Brasil","Catal\u00e3o","Destaque","Goi\u00e1s"],"inLanguage":"pt-BR"},{"@type":"WebPage","@id":"https:\/\/juacontecimentos.com.br\/site\/governo-recontrata-comissionados\/","url":"https:\/\/juacontecimentos.com.br\/site\/governo-recontrata-comissionados\/","name":"Governo recontrata comissionados - Jornal Ultimos Acontecimentos","isPartOf":{"@id":"https:\/\/juacontecimentos.com.br\/site\/#website"},"primaryImageOfPage":{"@id":"https:\/\/juacontecimentos.com.br\/site\/governo-recontrata-comissionados\/#primaryimage"},"image":{"@id":"https:\/\/juacontecimentos.com.br\/site\/governo-recontrata-comissionados\/#primaryimage"},"thumbnailUrl":"https:\/\/juacontecimentos.com.br\/site\/wp-content\/uploads\/2019\/01\/image-5.jpg","datePublished":"2019-01-17T07:50:31+00:00","breadcrumb":{"@id":"https:\/\/juacontecimentos.com.br\/site\/governo-recontrata-comissionados\/#breadcrumb"},"inLanguage":"pt-BR","potentialAction":[{"@type":"ReadAction","target":["https:\/\/juacontecimentos.com.br\/site\/governo-recontrata-comissionados\/"]}]},{"@type":"ImageObject","inLanguage":"pt-BR","@id":"https:\/\/juacontecimentos.com.br\/site\/governo-recontrata-comissionados\/#primaryimage","url":"https:\/\/juacontecimentos.com.br\/site\/wp-content\/uploads\/2019\/01\/image-5.jpg","contentUrl":"https:\/\/juacontecimentos.com.br\/site\/wp-content\/uploads\/2019\/01\/image-5.jpg","width":800,"height":533},{"@type":"BreadcrumbList","@id":"https:\/\/juacontecimentos.com.br\/site\/governo-recontrata-comissionados\/#breadcrumb","itemListElement":[{"@type":"ListItem","position":1,"name":"In\u00edcio","item":"https:\/\/juacontecimentos.com.br\/site\/"},{"@type":"ListItem","position":2,"name":"Governo recontrata comissionados"}]},{"@type":"WebSite","@id":"https:\/\/juacontecimentos.com.br\/site\/#website","url":"https:\/\/juacontecimentos.com.br\/site\/","name":"Jornal Ultimos Acontecimentos","description":"Catal\u00e3o e regi\u00e3o","publisher":{"@id":"https:\/\/juacontecimentos.com.br\/site\/#organization"},"potentialAction":[{"@type":"SearchAction","target":{"@type":"EntryPoint","urlTemplate":"https:\/\/juacontecimentos.com.br\/site\/?s={search_term_string}"},"query-input":{"@type":"PropertyValueSpecification","valueRequired":true,"valueName":"search_term_string"}}],"inLanguage":"pt-BR"},{"@type":"Organization","@id":"https:\/\/juacontecimentos.com.br\/site\/#organization","name":"Jornal Ultimos Acontecimentos","url":"https:\/\/juacontecimentos.com.br\/site\/","logo":{"@type":"ImageObject","inLanguage":"pt-BR","@id":"https:\/\/juacontecimentos.com.br\/site\/#\/schema\/logo\/image\/","url":"https:\/\/juacontecimentos.com.br\/site\/wp-content\/uploads\/2023\/04\/Logo_Site.png","contentUrl":"https:\/\/juacontecimentos.com.br\/site\/wp-content\/uploads\/2023\/04\/Logo_Site.png","width":2476,"height":530,"caption":"Jornal Ultimos Acontecimentos"},"image":{"@id":"https:\/\/juacontecimentos.com.br\/site\/#\/schema\/logo\/image\/"},"sameAs":["https:\/\/www.facebook.com\/jultimosacontecimentos\/"]},{"@type":"Person","@id":"https:\/\/juacontecimentos.com.br\/site\/#\/schema\/person\/082a54e6d3fdd7a633291428521c9669","name":"Reginaldo Ribeiro","image":{"@type":"ImageObject","inLanguage":"pt-BR","@id":"https:\/\/juacontecimentos.com.br\/site\/#\/schema\/person\/image\/","url":"https:\/\/secure.gravatar.com\/avatar\/5c16c6837c3490270a74d888c2a845728f06bdde1f8761de1de1d1d1ef82d12f?s=96&d=mm&r=g","contentUrl":"https:\/\/secure.gravatar.com\/avatar\/5c16c6837c3490270a74d888c2a845728f06bdde1f8761de1de1d1d1ef82d12f?s=96&d=mm&r=g","caption":"Reginaldo Ribeiro"}}]}},"_links":{"self":[{"href":"https:\/\/juacontecimentos.com.br\/site\/wp-json\/wp\/v2\/posts\/5368","targetHints":{"allow":["GET"]}}],"collection":[{"href":"https:\/\/juacontecimentos.com.br\/site\/wp-json\/wp\/v2\/posts"}],"about":[{"href":"https:\/\/juacontecimentos.com.br\/site\/wp-json\/wp\/v2\/types\/post"}],"author":[{"embeddable":true,"href":"https:\/\/juacontecimentos.com.br\/site\/wp-json\/wp\/v2\/users\/2"}],"replies":[{"embeddable":true,"href":"https:\/\/juacontecimentos.com.br\/site\/wp-json\/wp\/v2\/comments?post=5368"}],"version-history":[{"count":1,"href":"https:\/\/juacontecimentos.com.br\/site\/wp-json\/wp\/v2\/posts\/5368\/revisions"}],"predecessor-version":[{"id":5370,"href":"https:\/\/juacontecimentos.com.br\/site\/wp-json\/wp\/v2\/posts\/5368\/revisions\/5370"}],"wp:featuredmedia":[{"embeddable":true,"href":"https:\/\/juacontecimentos.com.br\/site\/wp-json\/wp\/v2\/media\/5369"}],"wp:attachment":[{"href":"https:\/\/juacontecimentos.com.br\/site\/wp-json\/wp\/v2\/media?parent=5368"}],"wp:term":[{"taxonomy":"category","embeddable":true,"href":"https:\/\/juacontecimentos.com.br\/site\/wp-json\/wp\/v2\/categories?post=5368"},{"taxonomy":"post_tag","embeddable":true,"href":"https:\/\/juacontecimentos.com.br\/site\/wp-json\/wp\/v2\/tags?post=5368"}],"curies":[{"name":"wp","href":"https:\/\/api.w.org\/{rel}","templated":true}]}}