{"id":5383,"date":"2019-01-20T07:24:17","date_gmt":"2019-01-20T09:24:17","guid":{"rendered":"http:\/\/juacontecimentos.com.br\/site\/?p=5383"},"modified":"2019-01-20T07:24:17","modified_gmt":"2019-01-20T09:24:17","slug":"entenda-como-andam-as-articulacoes-para-eleicao-da-assembleia-legislativa","status":"publish","type":"post","link":"https:\/\/juacontecimentos.com.br\/site\/entenda-como-andam-as-articulacoes-para-eleicao-da-assembleia-legislativa\/","title":{"rendered":"Entenda como andam as articula\u00e7\u00f5es para elei\u00e7\u00e3o da Assembleia Legislativa"},"content":{"rendered":"<p><strong>Dois democratas se mostram como principais e \u00fanicos candidatos; Casa se v\u00ea diante de uma disputa entre dois caiadistas<\/strong><\/p>\n<p>A elei\u00e7\u00e3o da Assembleia Legislativa de Goi\u00e1s, como costumam ser as disputas legislativas, costuma ser definida nas v\u00e9speras, qui\u00e7\u00e1 no dia, do pleito. Ainda bambeando na indefini\u00e7\u00e3o, dois democratas se colocam como os principais candidatos. O impasse correligion\u00e1rio divide os parlamentares e confunde a costumeira corrida entre oposi\u00e7\u00e3o e situa\u00e7\u00e3o.<\/p>\n<p>Favorito do governador Ronaldo Caiado (DEM), o deputado estadual \u00c1lvaro Guimar\u00e3es surge como nome protagonista desde o resultado da elei\u00e7\u00e3o 2018. Na defesa por uma administra\u00e7\u00e3o transparente e sob a promessa de fazer uma gest\u00e3o eficiente, o legislador j\u00e1 conta com mais de 30 apoiadores, entre os 41 que comp\u00f5em a Assembleia.<\/p>\n<p>\u00c1lvaro est\u00e1 em seu s\u00e9timo mandato como deputado, foi duas vezes vereador de Itumbiara e tr\u00eas vezes secret\u00e1rio de Estado. O\u00a0parlamentar afirma que conta com sua experi\u00eancia para conquistar a confian\u00e7a dos colegas da Alego e vencer o pleito marcado para o dia 1\u00ba de fevereiro.<\/p>\n<p>Uma das suas principais propostas \u00e9 reduzir o n\u00famero de comissionados na Casa. \u201cAqui tem mais comissionado que concursado, o deputado tem uma cota de funcion\u00e1rios e iremos respeitar, mas temos que avaliar toda a situa\u00e7\u00e3o e manter apenas os servidores cujo servi\u00e7o seja indispens\u00e1vel, mas sempre respeitando o direito e a autoridade de cada parlamentar\u201d, acrescentou.<\/p>\n<p>Al\u00e9m disso, o candidato se disp\u00f5e a trabalhar em di\u00e1logo com o governador. \u201cEmbora sejam poderes distintos, o Executivo e o Legislativo, vamos batalhar juntos para o crescimento do Estado\u201d, disse. O que era esperado, j\u00e1 que seu nome j\u00e1 est\u00e1 ligado ao de Caiado na disputa.<\/p>\n<p>Em oposi\u00e7\u00e3o a \u00c1lvaro, surge o correligion\u00e1rio Dr. Ant\u00f4nio (DEM), que havia manifestado o interesse em pleitear o cargo de presidente da Alego antes do governador declarar seu apoio ao colega. Ele havia desistido, ent\u00e3o, mas voltou atr\u00e1s recentemente, quando percebeu que poderia conquistar votos, frente \u00e0 especulada unanimidade do outro candidato.<\/p>\n<p>Somando for\u00e7as com Major Ara\u00fajo (PRP) e Humberto Te\u00f3filo (PSL), o m\u00e9dico lan\u00e7ou seu nome no dia 18 de dezembro e, \u00e0 \u00e9poca, dizia que j\u00e1 tinha mais votos que o advers\u00e1rio. \u00c0 reportagem, Dr. Ant\u00f4nio disse que, at\u00e9 a quinta-feira, 17, contava com 16 aliados. Ou seja, a conta n\u00e3o fecha se somada aos poss\u00edveis votos de \u00c1lvaro. A ideia \u00e9 continuar dialogando para conquistar a maioria.<\/p>\n<p>\u201cVamos intensificar as articula\u00e7\u00f5es a partir das convoca\u00e7\u00f5es para sess\u00f5es extraordin\u00e1rias na pr\u00f3xima semana\u201d, disse. Apesar da aparente desvantagem, principalmente por n\u00e3o ser o favorito de Caiado, Ant\u00f4nio parece confiante. \u201cEscolha de mesa diretora do Legislativo s\u00f3 se define pr\u00f3ximo \u00e0 elei\u00e7\u00e3o, acredito no nosso projeto por n\u00e3o termos compromissos com ex-presidentes e membros do governo anterior\u201d, afirmou ao cutucar \u00c1lvaro, que esteve com Marconi Perillo (PSDB) quando era do PR.<\/p>\n<p>As propostas de Ant\u00f4nio combinam com as do advers\u00e1rio quando o assunto \u00e9 transpar\u00eancia e comissionados. Mas em rela\u00e7\u00e3o aos \u00faltimos, a do m\u00e9dico parece ser mais agressiva. \u201cRedu\u00e7\u00e3o de 20% a 30% dos trabalhadores indicados pelo presidente e ex-presidentes, aumento dos efetivos, nomeando concursados que est\u00e3o esperando vaga\u201d, explica.<\/p>\n<p>Al\u00e9m disso, Ant\u00f4nio prop\u00f5e corte ao ressarcimento de despesas com viagens internacionais de deputados e funcion\u00e1rios, e encerramento de contratos com terceirizados para fazer \u201campla reforma administrativa e empenhar na constru\u00e7\u00e3o da sede do Legislativo goiano\u201d, referindo-se \u00e0 nova localiza\u00e7\u00e3o da Alego, que \u00e9 constru\u00edda no Park Lozandes.<\/p>\n<p><strong>Articula\u00e7\u00e3o<\/strong><br \/>\nEnquanto o pleito n\u00e3o ocorre, as trocas de farpas nos bastidores movimentam a elei\u00e7\u00e3o. Apesar de ambos serem aliados de Caiado e n\u00e3o aparentarem diverg\u00eancias pol\u00edticas, os \u00e2nimos entre seus apoiadores ficaram exaltados algumas vezes nesse per\u00edodo. Mas, ainda assim, \u00c1lvaro mant\u00e9m a cordialidade: \u201cN\u00e3o o considero meu advers\u00e1rio, a minha inten\u00e7\u00e3o \u00e9 traz\u00ea-lo para nos ajudar, somos do mesmo partido, sa\u00edmos da base do governo juntos para apoiar o governador\u201d.<\/p>\n<p>A tentativa de fundir as chapas fica evidente no discurso equilibrado do democrata. O pr\u00f3prio Caiado j\u00e1 disse que respeita a candidatura de Ant\u00f4nio, embora tivesse lhe pedido, antes, que recuasse para apoiar \u00c1lvaro. Mas aliados do m\u00e9dico, como Major Ara\u00fajo, n\u00e3o vislumbram essa fus\u00e3o com tanta facilidade.<\/p>\n<p>Disposto a lan\u00e7ar o pr\u00f3prio nome, na inten\u00e7\u00e3o de barrar o favorito do governador, de quem tamb\u00e9m \u00e9 base, o militar considera que n\u00e3o ser\u00e1 poss\u00edvel garantir independ\u00eancia da Casa com esse candidato no comando. O fato de j\u00e1 ter composto com Marconi e ser ligado ao presidente Jos\u00e9 Vitti (PSDB) faz Ara\u00fajo desconfiar de suas posi\u00e7\u00f5es caiadistas, que defende ferrenhamente.<\/p>\n<p>O mesmo ocorre com Humberto Te\u00f3filo, que, sob o lema da nova pol\u00edtica, que dispensas conchavos, avalia Ant\u00f4nio como o melhor nome para alcan\u00e7ar esse objetivo. Com discurso semelhante ao do major, Te\u00f3filo aposta suas moedas no democrata sem apoio do governador e critica a postura de \u00c1lvaro de buscar aliados em deputados reeleitos.<\/p>\n<p>Os ingressantes na Alego, no entanto, parecem j\u00e1 terem articulado com o favorito e comp\u00f5em os 30 aliados que enumera. Rafael Gouveia (DC), Vinicius Cirqueira (Pros) e Alysson Lima (PRB) s\u00e3o alguns dos que j\u00e1 relataram o contato com o primeiro. Al\u00e9m disso, o deputado \u00e9 fortalecido pelo suporte de grandes bancadas, como a do PSDB e do Pros.<\/p>\n<p>O apoio dos tucanos havia sido, inclusive, criticado pela oposi\u00e7\u00e3o, que acusava uma articula\u00e7\u00e3o por baixo dos panos do ex-governador Marconi Perillo. Isso foi negado. Com crescimento destac\u00e1vel na elei\u00e7\u00e3o de 2018 em Goi\u00e1s, o Pros esteve em cima do muro \u2013 ora achava-se que ia com um, ora com outro. Mas, atualmente, confirmam-se aliados do itumbiarense na disputa.<\/p>\n<p>O fim dessa novela s\u00f3 poder\u00e1 ser dito no dia da elei\u00e7\u00e3o, como foi na C\u00e2mara Municipal de Goi\u00e2nia. Mas a chance maior \u00e9 de que o favoritismo de Caiado e a fidelidade de bancadas ajudem \u00c1lvaro a ser o pr\u00f3ximo presidente da Assembleia Legislativa de Goi\u00e1s.<br \/>\n<\/p>\n","protected":false},"excerpt":{"rendered":"<p>Dois democratas se mostram como principais e \u00fanicos candidatos; Casa se v\u00ea diante de uma disputa entre dois caiadistas A elei\u00e7\u00e3o da Assembleia Legislativa de Goi\u00e1s, como costumam ser as disputas legislativas, costuma ser definida nas v\u00e9speras, qui\u00e7\u00e1 no dia, do pleito. Ainda bambeando na indefini\u00e7\u00e3o, dois democratas se colocam como os principais candidatos. O<\/p>\n","protected":false},"author":2,"featured_media":5384,"comment_status":"open","ping_status":"open","sticky":false,"template":"","format":"standard","meta":{"footnotes":""},"categories":[27,22,26,23],"tags":[],"class_list":["post-5383","post","type-post","status-publish","format-standard","has-post-thumbnail","hentry","category-brasil","category-catalao","category-destaque","category-goias"],"yoast_head":"<!-- This site is optimized with the Yoast SEO plugin v25.8 - https:\/\/yoast.com\/wordpress\/plugins\/seo\/ -->\n<title>Entenda como andam as articula\u00e7\u00f5es para elei\u00e7\u00e3o da Assembleia Legislativa - Jornal Ultimos Acontecimentos<\/title>\n<meta name=\"robots\" content=\"index, follow, max-snippet:-1, max-image-preview:large, max-video-preview:-1\" \/>\n<link rel=\"canonical\" href=\"https:\/\/juacontecimentos.com.br\/site\/entenda-como-andam-as-articulacoes-para-eleicao-da-assembleia-legislativa\/\" \/>\n<meta property=\"og:locale\" content=\"pt_BR\" \/>\n<meta property=\"og:type\" content=\"article\" \/>\n<meta property=\"og:title\" content=\"Entenda como andam as articula\u00e7\u00f5es para elei\u00e7\u00e3o da Assembleia Legislativa - Jornal Ultimos Acontecimentos\" \/>\n<meta property=\"og:description\" content=\"Dois democratas se mostram como principais e \u00fanicos candidatos; Casa se v\u00ea diante de uma disputa entre dois caiadistas A elei\u00e7\u00e3o da Assembleia Legislativa de Goi\u00e1s, como costumam ser as disputas legislativas, costuma ser definida nas v\u00e9speras, qui\u00e7\u00e1 no dia, do pleito. Ainda bambeando na indefini\u00e7\u00e3o, dois democratas se colocam como os principais candidatos. O\" \/>\n<meta property=\"og:url\" content=\"https:\/\/juacontecimentos.com.br\/site\/entenda-como-andam-as-articulacoes-para-eleicao-da-assembleia-legislativa\/\" \/>\n<meta property=\"og:site_name\" content=\"Jornal Ultimos Acontecimentos\" \/>\n<meta property=\"article:publisher\" content=\"https:\/\/www.facebook.com\/jultimosacontecimentos\/\" \/>\n<meta property=\"article:published_time\" content=\"2019-01-20T09:24:17+00:00\" \/>\n<meta property=\"og:image\" content=\"https:\/\/juacontecimentos.com.br\/site\/wp-content\/uploads\/2019\/01\/alvaro-e-antonio.jpg\" \/>\n\t<meta property=\"og:image:width\" content=\"620\" \/>\n\t<meta property=\"og:image:height\" content=\"350\" \/>\n\t<meta property=\"og:image:type\" content=\"image\/jpeg\" \/>\n<meta name=\"author\" content=\"Reginaldo Ribeiro\" \/>\n<meta name=\"twitter:card\" content=\"summary_large_image\" \/>\n<meta name=\"twitter:label1\" content=\"Escrito por\" \/>\n\t<meta name=\"twitter:data1\" content=\"Reginaldo Ribeiro\" \/>\n\t<meta name=\"twitter:label2\" content=\"Est. tempo de leitura\" \/>\n\t<meta name=\"twitter:data2\" content=\"5 minutos\" \/>\n<script type=\"application\/ld+json\" class=\"yoast-schema-graph\">{\"@context\":\"https:\/\/schema.org\",\"@graph\":[{\"@type\":\"Article\",\"@id\":\"https:\/\/juacontecimentos.com.br\/site\/entenda-como-andam-as-articulacoes-para-eleicao-da-assembleia-legislativa\/#article\",\"isPartOf\":{\"@id\":\"https:\/\/juacontecimentos.com.br\/site\/entenda-como-andam-as-articulacoes-para-eleicao-da-assembleia-legislativa\/\"},\"author\":{\"name\":\"Reginaldo Ribeiro\",\"@id\":\"https:\/\/juacontecimentos.com.br\/site\/#\/schema\/person\/082a54e6d3fdd7a633291428521c9669\"},\"headline\":\"Entenda como andam as articula\u00e7\u00f5es para elei\u00e7\u00e3o da Assembleia Legislativa\",\"datePublished\":\"2019-01-20T09:24:17+00:00\",\"mainEntityOfPage\":{\"@id\":\"https:\/\/juacontecimentos.com.br\/site\/entenda-como-andam-as-articulacoes-para-eleicao-da-assembleia-legislativa\/\"},\"wordCount\":1057,\"commentCount\":0,\"publisher\":{\"@id\":\"https:\/\/juacontecimentos.com.br\/site\/#organization\"},\"image\":{\"@id\":\"https:\/\/juacontecimentos.com.br\/site\/entenda-como-andam-as-articulacoes-para-eleicao-da-assembleia-legislativa\/#primaryimage\"},\"thumbnailUrl\":\"https:\/\/juacontecimentos.com.br\/site\/wp-content\/uploads\/2019\/01\/alvaro-e-antonio.jpg\",\"articleSection\":[\"Brasil\",\"Catal\u00e3o\",\"Destaque\",\"Goi\u00e1s\"],\"inLanguage\":\"pt-BR\"},{\"@type\":\"WebPage\",\"@id\":\"https:\/\/juacontecimentos.com.br\/site\/entenda-como-andam-as-articulacoes-para-eleicao-da-assembleia-legislativa\/\",\"url\":\"https:\/\/juacontecimentos.com.br\/site\/entenda-como-andam-as-articulacoes-para-eleicao-da-assembleia-legislativa\/\",\"name\":\"Entenda como andam as articula\u00e7\u00f5es para elei\u00e7\u00e3o da Assembleia Legislativa - Jornal Ultimos Acontecimentos\",\"isPartOf\":{\"@id\":\"https:\/\/juacontecimentos.com.br\/site\/#website\"},\"primaryImageOfPage\":{\"@id\":\"https:\/\/juacontecimentos.com.br\/site\/entenda-como-andam-as-articulacoes-para-eleicao-da-assembleia-legislativa\/#primaryimage\"},\"image\":{\"@id\":\"https:\/\/juacontecimentos.com.br\/site\/entenda-como-andam-as-articulacoes-para-eleicao-da-assembleia-legislativa\/#primaryimage\"},\"thumbnailUrl\":\"https:\/\/juacontecimentos.com.br\/site\/wp-content\/uploads\/2019\/01\/alvaro-e-antonio.jpg\",\"datePublished\":\"2019-01-20T09:24:17+00:00\",\"breadcrumb\":{\"@id\":\"https:\/\/juacontecimentos.com.br\/site\/entenda-como-andam-as-articulacoes-para-eleicao-da-assembleia-legislativa\/#breadcrumb\"},\"inLanguage\":\"pt-BR\",\"potentialAction\":[{\"@type\":\"ReadAction\",\"target\":[\"https:\/\/juacontecimentos.com.br\/site\/entenda-como-andam-as-articulacoes-para-eleicao-da-assembleia-legislativa\/\"]}]},{\"@type\":\"ImageObject\",\"inLanguage\":\"pt-BR\",\"@id\":\"https:\/\/juacontecimentos.com.br\/site\/entenda-como-andam-as-articulacoes-para-eleicao-da-assembleia-legislativa\/#primaryimage\",\"url\":\"https:\/\/juacontecimentos.com.br\/site\/wp-content\/uploads\/2019\/01\/alvaro-e-antonio.jpg\",\"contentUrl\":\"https:\/\/juacontecimentos.com.br\/site\/wp-content\/uploads\/2019\/01\/alvaro-e-antonio.jpg\",\"width\":620,\"height\":350},{\"@type\":\"BreadcrumbList\",\"@id\":\"https:\/\/juacontecimentos.com.br\/site\/entenda-como-andam-as-articulacoes-para-eleicao-da-assembleia-legislativa\/#breadcrumb\",\"itemListElement\":[{\"@type\":\"ListItem\",\"position\":1,\"name\":\"In\u00edcio\",\"item\":\"https:\/\/juacontecimentos.com.br\/site\/\"},{\"@type\":\"ListItem\",\"position\":2,\"name\":\"Entenda como andam as articula\u00e7\u00f5es para elei\u00e7\u00e3o da Assembleia Legislativa\"}]},{\"@type\":\"WebSite\",\"@id\":\"https:\/\/juacontecimentos.com.br\/site\/#website\",\"url\":\"https:\/\/juacontecimentos.com.br\/site\/\",\"name\":\"Jornal Ultimos Acontecimentos\",\"description\":\"Catal\u00e3o e regi\u00e3o\",\"publisher\":{\"@id\":\"https:\/\/juacontecimentos.com.br\/site\/#organization\"},\"potentialAction\":[{\"@type\":\"SearchAction\",\"target\":{\"@type\":\"EntryPoint\",\"urlTemplate\":\"https:\/\/juacontecimentos.com.br\/site\/?s={search_term_string}\"},\"query-input\":{\"@type\":\"PropertyValueSpecification\",\"valueRequired\":true,\"valueName\":\"search_term_string\"}}],\"inLanguage\":\"pt-BR\"},{\"@type\":\"Organization\",\"@id\":\"https:\/\/juacontecimentos.com.br\/site\/#organization\",\"name\":\"Jornal Ultimos Acontecimentos\",\"url\":\"https:\/\/juacontecimentos.com.br\/site\/\",\"logo\":{\"@type\":\"ImageObject\",\"inLanguage\":\"pt-BR\",\"@id\":\"https:\/\/juacontecimentos.com.br\/site\/#\/schema\/logo\/image\/\",\"url\":\"https:\/\/juacontecimentos.com.br\/site\/wp-content\/uploads\/2023\/04\/Logo_Site.png\",\"contentUrl\":\"https:\/\/juacontecimentos.com.br\/site\/wp-content\/uploads\/2023\/04\/Logo_Site.png\",\"width\":2476,\"height\":530,\"caption\":\"Jornal Ultimos Acontecimentos\"},\"image\":{\"@id\":\"https:\/\/juacontecimentos.com.br\/site\/#\/schema\/logo\/image\/\"},\"sameAs\":[\"https:\/\/www.facebook.com\/jultimosacontecimentos\/\"]},{\"@type\":\"Person\",\"@id\":\"https:\/\/juacontecimentos.com.br\/site\/#\/schema\/person\/082a54e6d3fdd7a633291428521c9669\",\"name\":\"Reginaldo Ribeiro\",\"image\":{\"@type\":\"ImageObject\",\"inLanguage\":\"pt-BR\",\"@id\":\"https:\/\/juacontecimentos.com.br\/site\/#\/schema\/person\/image\/\",\"url\":\"https:\/\/secure.gravatar.com\/avatar\/5c16c6837c3490270a74d888c2a845728f06bdde1f8761de1de1d1d1ef82d12f?s=96&d=mm&r=g\",\"contentUrl\":\"https:\/\/secure.gravatar.com\/avatar\/5c16c6837c3490270a74d888c2a845728f06bdde1f8761de1de1d1d1ef82d12f?s=96&d=mm&r=g\",\"caption\":\"Reginaldo Ribeiro\"}}]}<\/script>\n<!-- \/ Yoast SEO plugin. -->","yoast_head_json":{"title":"Entenda como andam as articula\u00e7\u00f5es para elei\u00e7\u00e3o da Assembleia Legislativa - Jornal Ultimos Acontecimentos","robots":{"index":"index","follow":"follow","max-snippet":"max-snippet:-1","max-image-preview":"max-image-preview:large","max-video-preview":"max-video-preview:-1"},"canonical":"https:\/\/juacontecimentos.com.br\/site\/entenda-como-andam-as-articulacoes-para-eleicao-da-assembleia-legislativa\/","og_locale":"pt_BR","og_type":"article","og_title":"Entenda como andam as articula\u00e7\u00f5es para elei\u00e7\u00e3o da Assembleia Legislativa - Jornal Ultimos Acontecimentos","og_description":"Dois democratas se mostram como principais e \u00fanicos candidatos; Casa se v\u00ea diante de uma disputa entre dois caiadistas A elei\u00e7\u00e3o da Assembleia Legislativa de Goi\u00e1s, como costumam ser as disputas legislativas, costuma ser definida nas v\u00e9speras, qui\u00e7\u00e1 no dia, do pleito. Ainda bambeando na indefini\u00e7\u00e3o, dois democratas se colocam como os principais candidatos. O","og_url":"https:\/\/juacontecimentos.com.br\/site\/entenda-como-andam-as-articulacoes-para-eleicao-da-assembleia-legislativa\/","og_site_name":"Jornal Ultimos Acontecimentos","article_publisher":"https:\/\/www.facebook.com\/jultimosacontecimentos\/","article_published_time":"2019-01-20T09:24:17+00:00","og_image":[{"width":620,"height":350,"url":"https:\/\/juacontecimentos.com.br\/site\/wp-content\/uploads\/2019\/01\/alvaro-e-antonio.jpg","type":"image\/jpeg"}],"author":"Reginaldo Ribeiro","twitter_card":"summary_large_image","twitter_misc":{"Escrito por":"Reginaldo Ribeiro","Est. tempo de leitura":"5 minutos"},"schema":{"@context":"https:\/\/schema.org","@graph":[{"@type":"Article","@id":"https:\/\/juacontecimentos.com.br\/site\/entenda-como-andam-as-articulacoes-para-eleicao-da-assembleia-legislativa\/#article","isPartOf":{"@id":"https:\/\/juacontecimentos.com.br\/site\/entenda-como-andam-as-articulacoes-para-eleicao-da-assembleia-legislativa\/"},"author":{"name":"Reginaldo Ribeiro","@id":"https:\/\/juacontecimentos.com.br\/site\/#\/schema\/person\/082a54e6d3fdd7a633291428521c9669"},"headline":"Entenda como andam as articula\u00e7\u00f5es para elei\u00e7\u00e3o da Assembleia Legislativa","datePublished":"2019-01-20T09:24:17+00:00","mainEntityOfPage":{"@id":"https:\/\/juacontecimentos.com.br\/site\/entenda-como-andam-as-articulacoes-para-eleicao-da-assembleia-legislativa\/"},"wordCount":1057,"commentCount":0,"publisher":{"@id":"https:\/\/juacontecimentos.com.br\/site\/#organization"},"image":{"@id":"https:\/\/juacontecimentos.com.br\/site\/entenda-como-andam-as-articulacoes-para-eleicao-da-assembleia-legislativa\/#primaryimage"},"thumbnailUrl":"https:\/\/juacontecimentos.com.br\/site\/wp-content\/uploads\/2019\/01\/alvaro-e-antonio.jpg","articleSection":["Brasil","Catal\u00e3o","Destaque","Goi\u00e1s"],"inLanguage":"pt-BR"},{"@type":"WebPage","@id":"https:\/\/juacontecimentos.com.br\/site\/entenda-como-andam-as-articulacoes-para-eleicao-da-assembleia-legislativa\/","url":"https:\/\/juacontecimentos.com.br\/site\/entenda-como-andam-as-articulacoes-para-eleicao-da-assembleia-legislativa\/","name":"Entenda como andam as articula\u00e7\u00f5es para elei\u00e7\u00e3o da Assembleia Legislativa - Jornal Ultimos Acontecimentos","isPartOf":{"@id":"https:\/\/juacontecimentos.com.br\/site\/#website"},"primaryImageOfPage":{"@id":"https:\/\/juacontecimentos.com.br\/site\/entenda-como-andam-as-articulacoes-para-eleicao-da-assembleia-legislativa\/#primaryimage"},"image":{"@id":"https:\/\/juacontecimentos.com.br\/site\/entenda-como-andam-as-articulacoes-para-eleicao-da-assembleia-legislativa\/#primaryimage"},"thumbnailUrl":"https:\/\/juacontecimentos.com.br\/site\/wp-content\/uploads\/2019\/01\/alvaro-e-antonio.jpg","datePublished":"2019-01-20T09:24:17+00:00","breadcrumb":{"@id":"https:\/\/juacontecimentos.com.br\/site\/entenda-como-andam-as-articulacoes-para-eleicao-da-assembleia-legislativa\/#breadcrumb"},"inLanguage":"pt-BR","potentialAction":[{"@type":"ReadAction","target":["https:\/\/juacontecimentos.com.br\/site\/entenda-como-andam-as-articulacoes-para-eleicao-da-assembleia-legislativa\/"]}]},{"@type":"ImageObject","inLanguage":"pt-BR","@id":"https:\/\/juacontecimentos.com.br\/site\/entenda-como-andam-as-articulacoes-para-eleicao-da-assembleia-legislativa\/#primaryimage","url":"https:\/\/juacontecimentos.com.br\/site\/wp-content\/uploads\/2019\/01\/alvaro-e-antonio.jpg","contentUrl":"https:\/\/juacontecimentos.com.br\/site\/wp-content\/uploads\/2019\/01\/alvaro-e-antonio.jpg","width":620,"height":350},{"@type":"BreadcrumbList","@id":"https:\/\/juacontecimentos.com.br\/site\/entenda-como-andam-as-articulacoes-para-eleicao-da-assembleia-legislativa\/#breadcrumb","itemListElement":[{"@type":"ListItem","position":1,"name":"In\u00edcio","item":"https:\/\/juacontecimentos.com.br\/site\/"},{"@type":"ListItem","position":2,"name":"Entenda como andam as articula\u00e7\u00f5es para elei\u00e7\u00e3o da Assembleia Legislativa"}]},{"@type":"WebSite","@id":"https:\/\/juacontecimentos.com.br\/site\/#website","url":"https:\/\/juacontecimentos.com.br\/site\/","name":"Jornal Ultimos Acontecimentos","description":"Catal\u00e3o e regi\u00e3o","publisher":{"@id":"https:\/\/juacontecimentos.com.br\/site\/#organization"},"potentialAction":[{"@type":"SearchAction","target":{"@type":"EntryPoint","urlTemplate":"https:\/\/juacontecimentos.com.br\/site\/?s={search_term_string}"},"query-input":{"@type":"PropertyValueSpecification","valueRequired":true,"valueName":"search_term_string"}}],"inLanguage":"pt-BR"},{"@type":"Organization","@id":"https:\/\/juacontecimentos.com.br\/site\/#organization","name":"Jornal Ultimos Acontecimentos","url":"https:\/\/juacontecimentos.com.br\/site\/","logo":{"@type":"ImageObject","inLanguage":"pt-BR","@id":"https:\/\/juacontecimentos.com.br\/site\/#\/schema\/logo\/image\/","url":"https:\/\/juacontecimentos.com.br\/site\/wp-content\/uploads\/2023\/04\/Logo_Site.png","contentUrl":"https:\/\/juacontecimentos.com.br\/site\/wp-content\/uploads\/2023\/04\/Logo_Site.png","width":2476,"height":530,"caption":"Jornal Ultimos Acontecimentos"},"image":{"@id":"https:\/\/juacontecimentos.com.br\/site\/#\/schema\/logo\/image\/"},"sameAs":["https:\/\/www.facebook.com\/jultimosacontecimentos\/"]},{"@type":"Person","@id":"https:\/\/juacontecimentos.com.br\/site\/#\/schema\/person\/082a54e6d3fdd7a633291428521c9669","name":"Reginaldo Ribeiro","image":{"@type":"ImageObject","inLanguage":"pt-BR","@id":"https:\/\/juacontecimentos.com.br\/site\/#\/schema\/person\/image\/","url":"https:\/\/secure.gravatar.com\/avatar\/5c16c6837c3490270a74d888c2a845728f06bdde1f8761de1de1d1d1ef82d12f?s=96&d=mm&r=g","contentUrl":"https:\/\/secure.gravatar.com\/avatar\/5c16c6837c3490270a74d888c2a845728f06bdde1f8761de1de1d1d1ef82d12f?s=96&d=mm&r=g","caption":"Reginaldo Ribeiro"}}]}},"_links":{"self":[{"href":"https:\/\/juacontecimentos.com.br\/site\/wp-json\/wp\/v2\/posts\/5383","targetHints":{"allow":["GET"]}}],"collection":[{"href":"https:\/\/juacontecimentos.com.br\/site\/wp-json\/wp\/v2\/posts"}],"about":[{"href":"https:\/\/juacontecimentos.com.br\/site\/wp-json\/wp\/v2\/types\/post"}],"author":[{"embeddable":true,"href":"https:\/\/juacontecimentos.com.br\/site\/wp-json\/wp\/v2\/users\/2"}],"replies":[{"embeddable":true,"href":"https:\/\/juacontecimentos.com.br\/site\/wp-json\/wp\/v2\/comments?post=5383"}],"version-history":[{"count":1,"href":"https:\/\/juacontecimentos.com.br\/site\/wp-json\/wp\/v2\/posts\/5383\/revisions"}],"predecessor-version":[{"id":5385,"href":"https:\/\/juacontecimentos.com.br\/site\/wp-json\/wp\/v2\/posts\/5383\/revisions\/5385"}],"wp:featuredmedia":[{"embeddable":true,"href":"https:\/\/juacontecimentos.com.br\/site\/wp-json\/wp\/v2\/media\/5384"}],"wp:attachment":[{"href":"https:\/\/juacontecimentos.com.br\/site\/wp-json\/wp\/v2\/media?parent=5383"}],"wp:term":[{"taxonomy":"category","embeddable":true,"href":"https:\/\/juacontecimentos.com.br\/site\/wp-json\/wp\/v2\/categories?post=5383"},{"taxonomy":"post_tag","embeddable":true,"href":"https:\/\/juacontecimentos.com.br\/site\/wp-json\/wp\/v2\/tags?post=5383"}],"curies":[{"name":"wp","href":"https:\/\/api.w.org\/{rel}","templated":true}]}}