{"id":5602,"date":"2019-02-07T08:36:10","date_gmt":"2019-02-07T10:36:10","guid":{"rendered":"http:\/\/juacontecimentos.com.br\/site\/?p=5602"},"modified":"2019-02-07T08:36:10","modified_gmt":"2019-02-07T10:36:10","slug":"mp-propoe-acao-civil-publica-contra-marconi-perillo-por-improbidade-administrativa","status":"publish","type":"post","link":"https:\/\/juacontecimentos.com.br\/site\/mp-propoe-acao-civil-publica-contra-marconi-perillo-por-improbidade-administrativa\/","title":{"rendered":"MP prop\u00f5e a\u00e7\u00e3o civil p\u00fablica contra Marconi Perillo por improbidade administrativa"},"content":{"rendered":"<h2 class=\"subtitulo\" style=\"text-align: center\"><em>Motivo seriam incentivos fiscais feitos de forma ilegal \u00e0 empresa Novo Mundo em 2017<\/em><\/h2>\n<p>O Minist\u00e9rio P\u00fabico de Goi\u00e1s (MP-GO) prop\u00f4s, na \u00faltima segunda-feira (4), uma a\u00e7\u00e3o A\u00e7\u00e3o Civil P\u00fablica contra o ex-governador Marconi Perillo, a empresa Novo Mundo M\u00f3veis e Utilidades Ltda. e o estado de Goi\u00e1s. O motivo seria a concess\u00e3o de incentivos fiscais feitos de forma ilegal no valor de R$ 23 milh\u00f5es.<\/p>\n<p>A a\u00e7\u00e3o solicita ainda a indisponibilidade de bens dos r\u00e9us num total de R$ 115 milh\u00f5es. Esse valor tem o objetivo de garantir o ressarcimento do preju\u00edzo aos cofres p\u00fablicos. Ele considera tamb\u00e9m o valor de poss\u00edvel multa civil.<\/p>\n<p>O texto solicita ainda o pagamento de indeniza\u00e7\u00e3o por dano moral difuso e coletivo no valor de R$ 46 milh\u00f5es. Al\u00e9m disso, pede a anula\u00e7\u00e3o do Termo de Acordo de Regime Especial (Tare) que garantiu \u00e0 empresa o incentivo.<\/p>\n<h2><strong>Entenda<\/strong><\/h2>\n<p>A a\u00e7\u00e3o afirma que o ent\u00e3o governador encaminhou, em novembro de 2017, um projeto de lei para a Assembleia Legislativa de Goi\u00e1s (Alego) que alterou o Programa de Desenvolvimento Industrial de Goi\u00e1s (Produzir). Na altera\u00e7\u00e3o, a ren\u00fancia fiscal do ICMS pulou de R$ 12 milh\u00f5es para R$ 35 milh\u00f5es. O projeto foi aprovado e sancionado no m\u00eas seguinte.<\/p>\n<p>Com base nessa altera\u00e7\u00e3o, o governo do estado firmou o Tare com a empresa Novo Mundo em agosto de 2018. Esse acordo garantiu \u00e0 empresa Novo Mundo a ren\u00fancia fiscal de R$ 23 milh\u00f5es.<\/p>\n<h2><strong>Isen\u00e7\u00e3o ilegal<\/strong><\/h2>\n<p>O problema, segundo o MP-GO, foi que o projeto n\u00e3o atendeu aos requisitos legais exigidos pela Lei de Responsabilidade Fiscal. A institui\u00e7\u00e3o afirma que n\u00e3o constou no documento o impacto or\u00e7ament\u00e1rio-financeiro dessa altera\u00e7\u00e3o para os anos de 2017, 2018 e 2019.\u00a0 Essa altera\u00e7\u00e3o tamb\u00e9m n\u00e3o estava especificada na Lei de Diretrizes Or\u00e7ament\u00e1rias de 2017.<\/p>\n<p>Outro problema apontado pelo MP foi que a nova legisla\u00e7\u00e3o desrespeitou um conv\u00eanio firmado entre os estados e o distrito federal. Esse conv\u00eanio, assegurado pela Constitui\u00e7\u00e3o Federal, tem o objetivo de evitar a guerra fiscal entre estados, regulamentando as concess\u00f5es de incentivos envolvendo o ICMS.<\/p>\n<p>O promotor Fernando Krebs, respons\u00e1vel pela a\u00e7\u00e3o, afirmou que \u201cnenhum m\u00edsero c\u00e1lculo sobre adequa\u00e7\u00e3o com a lei or\u00e7ament\u00e1ria acompanhou o citado projeto de lei\u201d. Ele disse ainda que conceder cr\u00e9ditos dessa natureza em um momento de crise de financeira \u201c\u00e9 uma afronta a sociedade\u201d.<\/p>\n<p>\u201cNos \u00faltimos 20 anos, o estado de Goi\u00e1s deixou de arrecadar 250 bilh\u00f5es de reais de renuncia fiscal. S\u00e3o benef\u00edcios dados \u00e0s empresas sem crit\u00e9rio t\u00e9cnico, de forma ilegal. Esse \u00e9 um dos maiores problemas enfrentados pelo Brasil hoje\u201d, concluiu o promotor.<\/p>\n<p>A assessoria jur\u00eddica do ex-governador Marconi Perillo afirmou ter tomado conhecimento dessa a\u00e7\u00e3o recentemente. Por causa disso, disse que a resposta sobre a a\u00e7\u00e3o ser\u00e1 dada na manh\u00e3 da pr\u00f3xima quinta-feira (7).<br \/>\n<\/p>\n","protected":false},"excerpt":{"rendered":"<p>Motivo seriam incentivos fiscais feitos de forma ilegal \u00e0 empresa Novo Mundo em 2017 O Minist\u00e9rio P\u00fabico de Goi\u00e1s (MP-GO) prop\u00f4s, na \u00faltima segunda-feira (4), uma a\u00e7\u00e3o A\u00e7\u00e3o Civil P\u00fablica contra o ex-governador Marconi Perillo, a empresa Novo Mundo M\u00f3veis e Utilidades Ltda. e o estado de Goi\u00e1s. O motivo seria a concess\u00e3o de incentivos<\/p>\n","protected":false},"author":2,"featured_media":5603,"comment_status":"open","ping_status":"open","sticky":false,"template":"","format":"standard","meta":{"footnotes":""},"categories":[27,22,26,23],"tags":[],"class_list":["post-5602","post","type-post","status-publish","format-standard","has-post-thumbnail","hentry","category-brasil","category-catalao","category-destaque","category-goias"],"yoast_head":"<!-- This site is optimized with the Yoast SEO plugin v25.8 - https:\/\/yoast.com\/wordpress\/plugins\/seo\/ -->\n<title>MP prop\u00f5e a\u00e7\u00e3o civil p\u00fablica contra Marconi Perillo por improbidade administrativa - Jornal Ultimos Acontecimentos<\/title>\n<meta name=\"robots\" content=\"index, follow, max-snippet:-1, max-image-preview:large, max-video-preview:-1\" \/>\n<link rel=\"canonical\" href=\"https:\/\/juacontecimentos.com.br\/site\/mp-propoe-acao-civil-publica-contra-marconi-perillo-por-improbidade-administrativa\/\" \/>\n<meta property=\"og:locale\" content=\"pt_BR\" \/>\n<meta property=\"og:type\" content=\"article\" \/>\n<meta property=\"og:title\" content=\"MP prop\u00f5e a\u00e7\u00e3o civil p\u00fablica contra Marconi Perillo por improbidade administrativa - Jornal Ultimos Acontecimentos\" \/>\n<meta property=\"og:description\" content=\"Motivo seriam incentivos fiscais feitos de forma ilegal \u00e0 empresa Novo Mundo em 2017 O Minist\u00e9rio P\u00fabico de Goi\u00e1s (MP-GO) prop\u00f4s, na \u00faltima segunda-feira (4), uma a\u00e7\u00e3o A\u00e7\u00e3o Civil P\u00fablica contra o ex-governador Marconi Perillo, a empresa Novo Mundo M\u00f3veis e Utilidades Ltda. e o estado de Goi\u00e1s. O motivo seria a concess\u00e3o de incentivos\" \/>\n<meta property=\"og:url\" content=\"https:\/\/juacontecimentos.com.br\/site\/mp-propoe-acao-civil-publica-contra-marconi-perillo-por-improbidade-administrativa\/\" \/>\n<meta property=\"og:site_name\" content=\"Jornal Ultimos Acontecimentos\" \/>\n<meta property=\"article:publisher\" content=\"https:\/\/www.facebook.com\/jultimosacontecimentos\/\" \/>\n<meta property=\"article:published_time\" content=\"2019-02-07T10:36:10+00:00\" \/>\n<meta property=\"og:image\" content=\"https:\/\/juacontecimentos.com.br\/site\/wp-content\/uploads\/2019\/02\/Marconi-Perillo-foto-ABr-e1538129984979-1024x576.jpg\" \/>\n\t<meta property=\"og:image:width\" content=\"940\" \/>\n\t<meta property=\"og:image:height\" content=\"529\" \/>\n\t<meta property=\"og:image:type\" content=\"image\/jpeg\" \/>\n<meta name=\"author\" content=\"Reginaldo Ribeiro\" \/>\n<meta name=\"twitter:card\" content=\"summary_large_image\" \/>\n<meta name=\"twitter:label1\" content=\"Escrito por\" \/>\n\t<meta name=\"twitter:data1\" content=\"Reginaldo Ribeiro\" \/>\n\t<meta name=\"twitter:label2\" content=\"Est. tempo de leitura\" \/>\n\t<meta name=\"twitter:data2\" content=\"3 minutos\" \/>\n<script type=\"application\/ld+json\" class=\"yoast-schema-graph\">{\"@context\":\"https:\/\/schema.org\",\"@graph\":[{\"@type\":\"Article\",\"@id\":\"https:\/\/juacontecimentos.com.br\/site\/mp-propoe-acao-civil-publica-contra-marconi-perillo-por-improbidade-administrativa\/#article\",\"isPartOf\":{\"@id\":\"https:\/\/juacontecimentos.com.br\/site\/mp-propoe-acao-civil-publica-contra-marconi-perillo-por-improbidade-administrativa\/\"},\"author\":{\"name\":\"Reginaldo Ribeiro\",\"@id\":\"https:\/\/juacontecimentos.com.br\/site\/#\/schema\/person\/082a54e6d3fdd7a633291428521c9669\"},\"headline\":\"MP prop\u00f5e a\u00e7\u00e3o civil p\u00fablica contra Marconi Perillo por improbidade administrativa\",\"datePublished\":\"2019-02-07T10:36:10+00:00\",\"mainEntityOfPage\":{\"@id\":\"https:\/\/juacontecimentos.com.br\/site\/mp-propoe-acao-civil-publica-contra-marconi-perillo-por-improbidade-administrativa\/\"},\"wordCount\":517,\"commentCount\":0,\"publisher\":{\"@id\":\"https:\/\/juacontecimentos.com.br\/site\/#organization\"},\"image\":{\"@id\":\"https:\/\/juacontecimentos.com.br\/site\/mp-propoe-acao-civil-publica-contra-marconi-perillo-por-improbidade-administrativa\/#primaryimage\"},\"thumbnailUrl\":\"https:\/\/juacontecimentos.com.br\/site\/wp-content\/uploads\/2019\/02\/Marconi-Perillo-foto-ABr-e1538129984979-1024x576.jpg\",\"articleSection\":[\"Brasil\",\"Catal\u00e3o\",\"Destaque\",\"Goi\u00e1s\"],\"inLanguage\":\"pt-BR\"},{\"@type\":\"WebPage\",\"@id\":\"https:\/\/juacontecimentos.com.br\/site\/mp-propoe-acao-civil-publica-contra-marconi-perillo-por-improbidade-administrativa\/\",\"url\":\"https:\/\/juacontecimentos.com.br\/site\/mp-propoe-acao-civil-publica-contra-marconi-perillo-por-improbidade-administrativa\/\",\"name\":\"MP prop\u00f5e a\u00e7\u00e3o civil p\u00fablica contra Marconi Perillo por improbidade administrativa - Jornal Ultimos Acontecimentos\",\"isPartOf\":{\"@id\":\"https:\/\/juacontecimentos.com.br\/site\/#website\"},\"primaryImageOfPage\":{\"@id\":\"https:\/\/juacontecimentos.com.br\/site\/mp-propoe-acao-civil-publica-contra-marconi-perillo-por-improbidade-administrativa\/#primaryimage\"},\"image\":{\"@id\":\"https:\/\/juacontecimentos.com.br\/site\/mp-propoe-acao-civil-publica-contra-marconi-perillo-por-improbidade-administrativa\/#primaryimage\"},\"thumbnailUrl\":\"https:\/\/juacontecimentos.com.br\/site\/wp-content\/uploads\/2019\/02\/Marconi-Perillo-foto-ABr-e1538129984979-1024x576.jpg\",\"datePublished\":\"2019-02-07T10:36:10+00:00\",\"breadcrumb\":{\"@id\":\"https:\/\/juacontecimentos.com.br\/site\/mp-propoe-acao-civil-publica-contra-marconi-perillo-por-improbidade-administrativa\/#breadcrumb\"},\"inLanguage\":\"pt-BR\",\"potentialAction\":[{\"@type\":\"ReadAction\",\"target\":[\"https:\/\/juacontecimentos.com.br\/site\/mp-propoe-acao-civil-publica-contra-marconi-perillo-por-improbidade-administrativa\/\"]}]},{\"@type\":\"ImageObject\",\"inLanguage\":\"pt-BR\",\"@id\":\"https:\/\/juacontecimentos.com.br\/site\/mp-propoe-acao-civil-publica-contra-marconi-perillo-por-improbidade-administrativa\/#primaryimage\",\"url\":\"https:\/\/juacontecimentos.com.br\/site\/wp-content\/uploads\/2019\/02\/Marconi-Perillo-foto-ABr-e1538129984979-1024x576.jpg\",\"contentUrl\":\"https:\/\/juacontecimentos.com.br\/site\/wp-content\/uploads\/2019\/02\/Marconi-Perillo-foto-ABr-e1538129984979-1024x576.jpg\",\"width\":940,\"height\":529},{\"@type\":\"BreadcrumbList\",\"@id\":\"https:\/\/juacontecimentos.com.br\/site\/mp-propoe-acao-civil-publica-contra-marconi-perillo-por-improbidade-administrativa\/#breadcrumb\",\"itemListElement\":[{\"@type\":\"ListItem\",\"position\":1,\"name\":\"In\u00edcio\",\"item\":\"https:\/\/juacontecimentos.com.br\/site\/\"},{\"@type\":\"ListItem\",\"position\":2,\"name\":\"MP prop\u00f5e a\u00e7\u00e3o civil p\u00fablica contra Marconi Perillo por improbidade administrativa\"}]},{\"@type\":\"WebSite\",\"@id\":\"https:\/\/juacontecimentos.com.br\/site\/#website\",\"url\":\"https:\/\/juacontecimentos.com.br\/site\/\",\"name\":\"Jornal Ultimos Acontecimentos\",\"description\":\"Catal\u00e3o e regi\u00e3o\",\"publisher\":{\"@id\":\"https:\/\/juacontecimentos.com.br\/site\/#organization\"},\"potentialAction\":[{\"@type\":\"SearchAction\",\"target\":{\"@type\":\"EntryPoint\",\"urlTemplate\":\"https:\/\/juacontecimentos.com.br\/site\/?s={search_term_string}\"},\"query-input\":{\"@type\":\"PropertyValueSpecification\",\"valueRequired\":true,\"valueName\":\"search_term_string\"}}],\"inLanguage\":\"pt-BR\"},{\"@type\":\"Organization\",\"@id\":\"https:\/\/juacontecimentos.com.br\/site\/#organization\",\"name\":\"Jornal Ultimos Acontecimentos\",\"url\":\"https:\/\/juacontecimentos.com.br\/site\/\",\"logo\":{\"@type\":\"ImageObject\",\"inLanguage\":\"pt-BR\",\"@id\":\"https:\/\/juacontecimentos.com.br\/site\/#\/schema\/logo\/image\/\",\"url\":\"https:\/\/juacontecimentos.com.br\/site\/wp-content\/uploads\/2023\/04\/Logo_Site.png\",\"contentUrl\":\"https:\/\/juacontecimentos.com.br\/site\/wp-content\/uploads\/2023\/04\/Logo_Site.png\",\"width\":2476,\"height\":530,\"caption\":\"Jornal Ultimos Acontecimentos\"},\"image\":{\"@id\":\"https:\/\/juacontecimentos.com.br\/site\/#\/schema\/logo\/image\/\"},\"sameAs\":[\"https:\/\/www.facebook.com\/jultimosacontecimentos\/\"]},{\"@type\":\"Person\",\"@id\":\"https:\/\/juacontecimentos.com.br\/site\/#\/schema\/person\/082a54e6d3fdd7a633291428521c9669\",\"name\":\"Reginaldo Ribeiro\",\"image\":{\"@type\":\"ImageObject\",\"inLanguage\":\"pt-BR\",\"@id\":\"https:\/\/juacontecimentos.com.br\/site\/#\/schema\/person\/image\/\",\"url\":\"https:\/\/secure.gravatar.com\/avatar\/5c16c6837c3490270a74d888c2a845728f06bdde1f8761de1de1d1d1ef82d12f?s=96&d=mm&r=g\",\"contentUrl\":\"https:\/\/secure.gravatar.com\/avatar\/5c16c6837c3490270a74d888c2a845728f06bdde1f8761de1de1d1d1ef82d12f?s=96&d=mm&r=g\",\"caption\":\"Reginaldo Ribeiro\"}}]}<\/script>\n<!-- \/ Yoast SEO plugin. -->","yoast_head_json":{"title":"MP prop\u00f5e a\u00e7\u00e3o civil p\u00fablica contra Marconi Perillo por improbidade administrativa - Jornal Ultimos Acontecimentos","robots":{"index":"index","follow":"follow","max-snippet":"max-snippet:-1","max-image-preview":"max-image-preview:large","max-video-preview":"max-video-preview:-1"},"canonical":"https:\/\/juacontecimentos.com.br\/site\/mp-propoe-acao-civil-publica-contra-marconi-perillo-por-improbidade-administrativa\/","og_locale":"pt_BR","og_type":"article","og_title":"MP prop\u00f5e a\u00e7\u00e3o civil p\u00fablica contra Marconi Perillo por improbidade administrativa - Jornal Ultimos Acontecimentos","og_description":"Motivo seriam incentivos fiscais feitos de forma ilegal \u00e0 empresa Novo Mundo em 2017 O Minist\u00e9rio P\u00fabico de Goi\u00e1s (MP-GO) prop\u00f4s, na \u00faltima segunda-feira (4), uma a\u00e7\u00e3o A\u00e7\u00e3o Civil P\u00fablica contra o ex-governador Marconi Perillo, a empresa Novo Mundo M\u00f3veis e Utilidades Ltda. e o estado de Goi\u00e1s. O motivo seria a concess\u00e3o de incentivos","og_url":"https:\/\/juacontecimentos.com.br\/site\/mp-propoe-acao-civil-publica-contra-marconi-perillo-por-improbidade-administrativa\/","og_site_name":"Jornal Ultimos Acontecimentos","article_publisher":"https:\/\/www.facebook.com\/jultimosacontecimentos\/","article_published_time":"2019-02-07T10:36:10+00:00","og_image":[{"width":940,"height":529,"url":"https:\/\/juacontecimentos.com.br\/site\/wp-content\/uploads\/2019\/02\/Marconi-Perillo-foto-ABr-e1538129984979-1024x576.jpg","type":"image\/jpeg"}],"author":"Reginaldo Ribeiro","twitter_card":"summary_large_image","twitter_misc":{"Escrito por":"Reginaldo Ribeiro","Est. tempo de leitura":"3 minutos"},"schema":{"@context":"https:\/\/schema.org","@graph":[{"@type":"Article","@id":"https:\/\/juacontecimentos.com.br\/site\/mp-propoe-acao-civil-publica-contra-marconi-perillo-por-improbidade-administrativa\/#article","isPartOf":{"@id":"https:\/\/juacontecimentos.com.br\/site\/mp-propoe-acao-civil-publica-contra-marconi-perillo-por-improbidade-administrativa\/"},"author":{"name":"Reginaldo Ribeiro","@id":"https:\/\/juacontecimentos.com.br\/site\/#\/schema\/person\/082a54e6d3fdd7a633291428521c9669"},"headline":"MP prop\u00f5e a\u00e7\u00e3o civil p\u00fablica contra Marconi Perillo por improbidade administrativa","datePublished":"2019-02-07T10:36:10+00:00","mainEntityOfPage":{"@id":"https:\/\/juacontecimentos.com.br\/site\/mp-propoe-acao-civil-publica-contra-marconi-perillo-por-improbidade-administrativa\/"},"wordCount":517,"commentCount":0,"publisher":{"@id":"https:\/\/juacontecimentos.com.br\/site\/#organization"},"image":{"@id":"https:\/\/juacontecimentos.com.br\/site\/mp-propoe-acao-civil-publica-contra-marconi-perillo-por-improbidade-administrativa\/#primaryimage"},"thumbnailUrl":"https:\/\/juacontecimentos.com.br\/site\/wp-content\/uploads\/2019\/02\/Marconi-Perillo-foto-ABr-e1538129984979-1024x576.jpg","articleSection":["Brasil","Catal\u00e3o","Destaque","Goi\u00e1s"],"inLanguage":"pt-BR"},{"@type":"WebPage","@id":"https:\/\/juacontecimentos.com.br\/site\/mp-propoe-acao-civil-publica-contra-marconi-perillo-por-improbidade-administrativa\/","url":"https:\/\/juacontecimentos.com.br\/site\/mp-propoe-acao-civil-publica-contra-marconi-perillo-por-improbidade-administrativa\/","name":"MP prop\u00f5e a\u00e7\u00e3o civil p\u00fablica contra Marconi Perillo por improbidade administrativa - Jornal Ultimos Acontecimentos","isPartOf":{"@id":"https:\/\/juacontecimentos.com.br\/site\/#website"},"primaryImageOfPage":{"@id":"https:\/\/juacontecimentos.com.br\/site\/mp-propoe-acao-civil-publica-contra-marconi-perillo-por-improbidade-administrativa\/#primaryimage"},"image":{"@id":"https:\/\/juacontecimentos.com.br\/site\/mp-propoe-acao-civil-publica-contra-marconi-perillo-por-improbidade-administrativa\/#primaryimage"},"thumbnailUrl":"https:\/\/juacontecimentos.com.br\/site\/wp-content\/uploads\/2019\/02\/Marconi-Perillo-foto-ABr-e1538129984979-1024x576.jpg","datePublished":"2019-02-07T10:36:10+00:00","breadcrumb":{"@id":"https:\/\/juacontecimentos.com.br\/site\/mp-propoe-acao-civil-publica-contra-marconi-perillo-por-improbidade-administrativa\/#breadcrumb"},"inLanguage":"pt-BR","potentialAction":[{"@type":"ReadAction","target":["https:\/\/juacontecimentos.com.br\/site\/mp-propoe-acao-civil-publica-contra-marconi-perillo-por-improbidade-administrativa\/"]}]},{"@type":"ImageObject","inLanguage":"pt-BR","@id":"https:\/\/juacontecimentos.com.br\/site\/mp-propoe-acao-civil-publica-contra-marconi-perillo-por-improbidade-administrativa\/#primaryimage","url":"https:\/\/juacontecimentos.com.br\/site\/wp-content\/uploads\/2019\/02\/Marconi-Perillo-foto-ABr-e1538129984979-1024x576.jpg","contentUrl":"https:\/\/juacontecimentos.com.br\/site\/wp-content\/uploads\/2019\/02\/Marconi-Perillo-foto-ABr-e1538129984979-1024x576.jpg","width":940,"height":529},{"@type":"BreadcrumbList","@id":"https:\/\/juacontecimentos.com.br\/site\/mp-propoe-acao-civil-publica-contra-marconi-perillo-por-improbidade-administrativa\/#breadcrumb","itemListElement":[{"@type":"ListItem","position":1,"name":"In\u00edcio","item":"https:\/\/juacontecimentos.com.br\/site\/"},{"@type":"ListItem","position":2,"name":"MP prop\u00f5e a\u00e7\u00e3o civil p\u00fablica contra Marconi Perillo por improbidade administrativa"}]},{"@type":"WebSite","@id":"https:\/\/juacontecimentos.com.br\/site\/#website","url":"https:\/\/juacontecimentos.com.br\/site\/","name":"Jornal Ultimos Acontecimentos","description":"Catal\u00e3o e regi\u00e3o","publisher":{"@id":"https:\/\/juacontecimentos.com.br\/site\/#organization"},"potentialAction":[{"@type":"SearchAction","target":{"@type":"EntryPoint","urlTemplate":"https:\/\/juacontecimentos.com.br\/site\/?s={search_term_string}"},"query-input":{"@type":"PropertyValueSpecification","valueRequired":true,"valueName":"search_term_string"}}],"inLanguage":"pt-BR"},{"@type":"Organization","@id":"https:\/\/juacontecimentos.com.br\/site\/#organization","name":"Jornal Ultimos Acontecimentos","url":"https:\/\/juacontecimentos.com.br\/site\/","logo":{"@type":"ImageObject","inLanguage":"pt-BR","@id":"https:\/\/juacontecimentos.com.br\/site\/#\/schema\/logo\/image\/","url":"https:\/\/juacontecimentos.com.br\/site\/wp-content\/uploads\/2023\/04\/Logo_Site.png","contentUrl":"https:\/\/juacontecimentos.com.br\/site\/wp-content\/uploads\/2023\/04\/Logo_Site.png","width":2476,"height":530,"caption":"Jornal Ultimos Acontecimentos"},"image":{"@id":"https:\/\/juacontecimentos.com.br\/site\/#\/schema\/logo\/image\/"},"sameAs":["https:\/\/www.facebook.com\/jultimosacontecimentos\/"]},{"@type":"Person","@id":"https:\/\/juacontecimentos.com.br\/site\/#\/schema\/person\/082a54e6d3fdd7a633291428521c9669","name":"Reginaldo Ribeiro","image":{"@type":"ImageObject","inLanguage":"pt-BR","@id":"https:\/\/juacontecimentos.com.br\/site\/#\/schema\/person\/image\/","url":"https:\/\/secure.gravatar.com\/avatar\/5c16c6837c3490270a74d888c2a845728f06bdde1f8761de1de1d1d1ef82d12f?s=96&d=mm&r=g","contentUrl":"https:\/\/secure.gravatar.com\/avatar\/5c16c6837c3490270a74d888c2a845728f06bdde1f8761de1de1d1d1ef82d12f?s=96&d=mm&r=g","caption":"Reginaldo Ribeiro"}}]}},"_links":{"self":[{"href":"https:\/\/juacontecimentos.com.br\/site\/wp-json\/wp\/v2\/posts\/5602","targetHints":{"allow":["GET"]}}],"collection":[{"href":"https:\/\/juacontecimentos.com.br\/site\/wp-json\/wp\/v2\/posts"}],"about":[{"href":"https:\/\/juacontecimentos.com.br\/site\/wp-json\/wp\/v2\/types\/post"}],"author":[{"embeddable":true,"href":"https:\/\/juacontecimentos.com.br\/site\/wp-json\/wp\/v2\/users\/2"}],"replies":[{"embeddable":true,"href":"https:\/\/juacontecimentos.com.br\/site\/wp-json\/wp\/v2\/comments?post=5602"}],"version-history":[{"count":1,"href":"https:\/\/juacontecimentos.com.br\/site\/wp-json\/wp\/v2\/posts\/5602\/revisions"}],"predecessor-version":[{"id":5604,"href":"https:\/\/juacontecimentos.com.br\/site\/wp-json\/wp\/v2\/posts\/5602\/revisions\/5604"}],"wp:featuredmedia":[{"embeddable":true,"href":"https:\/\/juacontecimentos.com.br\/site\/wp-json\/wp\/v2\/media\/5603"}],"wp:attachment":[{"href":"https:\/\/juacontecimentos.com.br\/site\/wp-json\/wp\/v2\/media?parent=5602"}],"wp:term":[{"taxonomy":"category","embeddable":true,"href":"https:\/\/juacontecimentos.com.br\/site\/wp-json\/wp\/v2\/categories?post=5602"},{"taxonomy":"post_tag","embeddable":true,"href":"https:\/\/juacontecimentos.com.br\/site\/wp-json\/wp\/v2\/tags?post=5602"}],"curies":[{"name":"wp","href":"https:\/\/api.w.org\/{rel}","templated":true}]}}